{"id":804,"date":"2025-03-27T12:00:00","date_gmt":"2025-03-27T15:00:00","guid":{"rendered":"https:\/\/tce.pb.gov.br\/portalprimeirainfancia\/?p=804"},"modified":"2025-04-23T20:03:44","modified_gmt":"2025-04-23T23:03:44","slug":"tce-revela-os-resultados-da-auditoria-coordenada-em-educacao-infantil-a-primeira-realizada-este-ano","status":"publish","type":"post","link":"https:\/\/tce.pb.gov.br\/portalprimeirainfancia\/tce-revela-os-resultados-da-auditoria-coordenada-em-educacao-infantil-a-primeira-realizada-este-ano\/","title":{"rendered":"TCE revela os resultados da Auditoria Coordenada em Educa\u00e7\u00e3o Infantil, a primeira realizada este ano"},"content":{"rendered":"\n<figure class=\"wp-block-image aligncenter size-full\"><img fetchpriority=\"high\" decoding=\"async\" width=\"1024\" height=\"461\" src=\"https:\/\/tce.pb.gov.br\/portalprimeirainfancia\/wp-content\/uploads\/2025\/04\/Auditoria-Coordenada-1024x461-2.jpg\" alt=\"\" class=\"wp-image-805\" srcset=\"https:\/\/tce.pb.gov.br\/portalprimeirainfancia\/wp-content\/uploads\/2025\/04\/Auditoria-Coordenada-1024x461-2.jpg 1024w, https:\/\/tce.pb.gov.br\/portalprimeirainfancia\/wp-content\/uploads\/2025\/04\/Auditoria-Coordenada-1024x461-2-300x135.jpg 300w, https:\/\/tce.pb.gov.br\/portalprimeirainfancia\/wp-content\/uploads\/2025\/04\/Auditoria-Coordenada-1024x461-2-768x346.jpg 768w\" sizes=\"(max-width: 1024px) 100vw, 1024px\" \/><\/figure>\n\n\n\n<p>Falta de recebimento de fardas e mochilas, falta d\u2019\u00e1gua constante, calor intenso nas salas de aula, parques infantis alag\u00e1veis e mato alto nos arredores de 28 unidades escolares. Estes s\u00e3o alguns dos problemas detectados durante a Auditoria Coordenada n\u00ba 01\/2025 realizada no \u00faltimo dia 20 pelo Tribunal de Contas do Estado e para cuja solu\u00e7\u00e3o h\u00e1 a recomenda\u00e7\u00e3o de medidas urgentes.<\/p>\n\n\n\n<p>Extensiva a 81 munic\u00edpios e 103 creches onde est\u00e3o matriculadas mais de 10,2 mil crian\u00e7as, essa Auditoria decorre do prop\u00f3sito de \u201cum grande Pacto Conjunto pela educa\u00e7\u00e3o infantil\u201d manifesto pelo presidente do TCE, conselheiro F\u00e1bio Nogueira, j\u00e1 em seu discurso de posse, diante de representa\u00e7\u00f5es dos meios administrativos, pol\u00edticos e jur\u00eddicos ent\u00e3o presentes \u00e0 solenidade.<\/p>\n\n\n\n<p>Do total de creches inspecionadas 92,89% est\u00e3o abertas e funcionam normalmente, 3,3% est\u00e3o abertas mas sem atividades, enquanto 8,8% encontram-se fechadas. Nestas \u00faltimas, os auditores do TCE anotaram a reforma de duas, o remanejamento de alunos em quatro delas e um pr\u00e9dio fechado sem qualquer informa\u00e7\u00e3o.<\/p>\n\n\n\n<p>A \u201cEstrutura Escolar\u201d foi avaliada pela equipe do Tribunal a partir das seguintes quest\u00f5es:&nbsp;H\u00e1 ind\u00edcios de realiza\u00e7\u00e3o de reforma, recupera\u00e7\u00e3o e\/ou pintura recentemente na creche\/escola?&nbsp;As respostas foram \u201csim\u201d para 44.7% e \u201cn\u00e3o\u201d para 55.8%.&nbsp; O abastecimento d\u2019\u00e1gua d\u00e1-se, nessas unidades, por carro pipa (em 11,6% dos casos), po\u00e7o artesiano (em 4,2%) e rede p\u00fablica (84,2%). Em 60% dessas unidades, 60% dos banheiros para alunos est\u00e3o separados por g\u00eanero, enquanto isso n\u00e3o ocorre em 40% dos casos.<\/p>\n\n\n\n<p>Outro item:&nbsp;De forma geral, a edifica\u00e7\u00e3o encontra-se em condi\u00e7\u00f5es adequadas de conserva\u00e7\u00e3o (piso, paredes, teto, esquadrias, instala\u00e7\u00f5es el\u00e9tricas)?&nbsp;Resultado: \u201cSim\u201d (83,2%) e \u201cN\u00e3o\u201d (16,8%). H\u00e1 extintores ou outro equipamento de combate a inc\u00eandio em 50,5% delas e isso n\u00e3o existe em 49,5%. Quanto \u00e0s matr\u00edculas, o percentual aproximado de ocupa\u00e7\u00e3o dessas unidades est\u00e1 assim descrito: aquelas com 100 e mais alunos (em n\u00famero de 57) representam 60% do universo pesquisado, S\u00e3o 31 (e 32,6%) aquelas com ocupa\u00e7\u00e3o de 75 a 100: s\u00e3o seis (6,3%) as com alunos em n\u00famero de 50 a 75 e, apenas uma (1,1%) com 25 a 50 matriculados.<\/p>\n\n\n\n<p>H\u00e1 sala de repouso para crian\u00e7a de zero a um ano em 49,5% das creches visitadas, mas n\u00e3o h\u00e1 em 22,1%.&nbsp;Os aparelhos de recrea\u00e7\u00e3o s\u00e3o fixos e em bom estado?&nbsp;\u201cSim\u201d para 55,85% das creches e \u201cn\u00e3o\u201d para 16,85%. Ambas as quest\u00f5es n\u00e3o se aplicaram a 28,4% no primeiro caso e 27,4%, no segundo. Observou-se que os banheiros t\u00eam equipamentos adaptados \u00e0s crian\u00e7as em 81,1% e n\u00e3o t\u00eam em 18,9% das unidades inspecionadas.<\/p>\n\n\n\n<p>Outras quest\u00f5es:&nbsp;Existe sala para atividades organizada de forma estimulante, confort\u00e1vel, aconchegante, segura, adequada \u00e0 proposta pedag\u00f3gica da institui\u00e7\u00e3o e que permita o desenvolvimento da crian\u00e7a, dando-lhe suporte para a realiza\u00e7\u00e3o de explora\u00e7\u00f5es e brincadeiras?&nbsp;Respostas: \u201cSim\u201d (em 57,9%) e \u201cn\u00e3o\u201d (em 42,1%).<\/p>\n\n\n\n<p>Existem espa\u00e7os ao ar livre sendo utilizados?&nbsp;\u201cSim\u201d (3,7%) e \u201cn\u00e3o\u201d (26,3%). H\u00e1, entretanto, c\u00e2meras de seguran\u00e7a com monitoramento em 42,1% das unidades e n\u00e3o existem em 57,9%. Os equipamentos de combate a inc\u00eandio ocorrem 47,4% dessas unidades e, n\u00e3o, em 52,6%.&nbsp; A presen\u00e7a de guarda municipal ou seguran\u00e7a privada ocorre em 18,9% delas e n\u00e3o ocorrem em 81,1%, segundo o resultado das inspe\u00e7\u00f5es.<\/p>\n\n\n\n<p>Uma escola (representando 5,3% do universo pesquisado) oferece uma refei\u00e7\u00e3o di\u00e1ria \u00e0s suas crian\u00e7as; 14 outras (14,7%) oferecem duas; sete (7,4%) oferecem tr\u00eas; 45 (47,4%) oferecem quatro; 24 (25,3%) oferecem cinco.<\/p>\n\n\n\n<p>Os equipamentos de cozinha est\u00e3o em bom estado?&nbsp;Respostas: 94,7% \u201csim\u201d e 5,3% \u201cn\u00e3o\u201d.&nbsp;H\u00e1 refeit\u00f3rio mobiliado adequado (atendendo aos crit\u00e9rios de ergonomia e seguran\u00e7a)?&nbsp;\u201cSim\u201d, para 75,8% das unidades e \u201cn\u00e3o\u201d para 24.2.%.&nbsp;O card\u00e1pio nutricional encontra-se em lugar vis\u00edvel?&nbsp;\u201cSim (89,5%) e \u201cn\u00e3o\u201d (22,1%).&nbsp;H\u00e1 ofertas de \u00e1gua pot\u00e1vel para as crian\u00e7as (bebedouros, filtros)?&nbsp;A observa\u00e7\u00e3o foi de que h\u00e1 em 89,5% das creches\/escolas e n\u00e3o h\u00e1 em 10,5%.<\/p>\n\n\n\n<p>PEDAGOGIA \u2013 A Auditoria tratou dos aspectos pedag\u00f3gicos da educa\u00e7\u00e3o infantil.&nbsp;Foram distribu\u00eddos materiais escolares para as crian\u00e7as em 2025 (mochilas, fardamento, etc,)?&nbsp;Resposta: \u201cSim\u201d (56,8%) e \u201cn\u00e3o (43,2%).&nbsp;H\u00e1 disponibilidade de brinquedos educativos, livros, etc,)?&nbsp;\u201cSim\u201d (81,1%) e \u201cn\u00e3o\u201d (18,9%).<\/p>\n\n\n\n<p>Outra quest\u00e3o:&nbsp;Existem recursos pedag\u00f3gicos para atendimento de crian\u00e7as com defici\u00eancias, Transtorno do Espectro Autista, Transtorno do D\u00e9ficit de Aten\u00e7\u00e3o com Hiperatividade, ou Altas Habilidades\/Superdota\u00e7\u00e3o?&nbsp;Resposta: \u201cSim\u201d (34,7%) e \u201cn\u00e3o\u201d (65,3%).&nbsp;A unidade possui projeto pol\u00edtico-pedag\u00f3gico pr\u00f3prio atualizado (menos de dois anos, revisto ou elaborado)?&nbsp;\u201cSim\u201d (77,9%); \u201cn\u00e3o\u201d (22,1%).&nbsp; Mais:&nbsp;A unidade exige carteira de vacina\u00e7\u00e3o atualizada das crian\u00e7as no momento da matr\u00edcula?&nbsp;92,6% responderam \u201csim\u201d. A resposta foi negativa para 7,4%.<\/p>\n\n\n\n<p>Na solenidade de posse da presid\u00eancia do TCE, ocorrida em janeiro passado, o conselheiro F\u00e1bio Nogueira \u2013 agora no transcurso do seu segundo bi\u00eanio \u00e0 frente da Corte \u2013 falou da prote\u00e7\u00e3o \u00e0 primeira inf\u00e2ncia como um dos fios condutores da gest\u00e3o que ent\u00e3o se iniciava e como \u201cum&nbsp;prop\u00f3sito a ser perseguido com afinco e sem descanso\u201d. Assegurou, na ocasi\u00e3o, que a isto dedicaria grande parte das suas for\u00e7as, por ser este \u201cum tema de interesse extremo da cidadania\u201d. A seu ver, ap\u00f3s tantas gera\u00e7\u00f5es perdidas, seria urgente o amparo \u00e0s mais novas.<\/p>\n\n\n\n<p>RELAT\u00d3RIO:&nbsp;<a href=\"https:\/\/tce.pb.gov.br\/wp-content\/uploads\/2025\/03\/Auditoria-Coordenada-na-educacao-infantil-01_2025.pdf\">https:\/\/tce.pb.gov.br\/wp-content\/uploads\/2025\/03\/Auditoria-Coordenada-na-educacao-infantil-01_2025.pdf<\/a><\/p>\n\n\n\n<p>GALERIA DE FOTOS:&nbsp;<a href=\"https:\/\/www.flickr.com\/photos\/202082134@N07\/albums\/72177720324534732\/\">https:\/\/www.flickr.com\/photos\/202082134@N07\/albums\/72177720324534732\/<\/a><\/p>\n\n\n\n<p><\/p>\n","protected":false},"excerpt":{"rendered":"<p>Falta de recebimento de fardas e mochilas, falta d\u2019\u00e1gua constante, calor intenso nas salas de aula, parques infantis alag\u00e1veis e [&hellip;]<\/p>\n","protected":false},"author":6,"featured_media":805,"comment_status":"closed","ping_status":"","sticky":false,"template":"","format":"standard","meta":{"site-sidebar-layout":"default","site-content-layout":"","ast-site-content-layout":"","site-content-style":"default","site-sidebar-style":"default","ast-global-header-display":"","ast-banner-title-visibility":"","ast-main-header-display":"","ast-hfb-above-header-display":"","ast-hfb-below-header-display":"","ast-hfb-mobile-header-display":"","site-post-title":"","ast-breadcrumbs-content":"","ast-featured-img":"","footer-sml-layout":"","theme-transparent-header-meta":"","adv-header-id-meta":"","stick-header-meta":"","header-above-stick-meta":"","header-main-stick-meta":"","header-below-stick-meta":"","astra-migrate-meta-layouts":"default","ast-page-background-enabled":"default","ast-page-background-meta":{"desktop":{"background-color":"var(--ast-global-color-5)","background-image":"","background-repeat":"repeat","background-position":"center center","background-size":"auto","background-attachment":"scroll","background-type":"","background-media":"","overlay-type":"","overlay-color":"","overlay-opacity":"","overlay-gradient":""},"tablet":{"background-color":"","background-image":"","background-repeat":"repeat","background-position":"center center","background-size":"auto","background-attachment":"scroll","background-type":"","background-media":"","overlay-type":"","overlay-color":"","overlay-opacity":"","overlay-gradient":""},"mobile":{"background-color":"","background-image":"","background-repeat":"repeat","background-position":"center center","background-size":"auto","background-attachment":"scroll","background-type":"","background-media":"","overlay-type":"","overlay-color":"","overlay-opacity":"","overlay-gradient":""}},"ast-content-background-meta":{"desktop":{"background-color":"var(--ast-global-color-4)","background-image":"","background-repeat":"repeat","background-position":"center center","background-size":"auto","background-attachment":"scroll","background-type":"","background-media":"","overlay-type":"","overlay-color":"","overlay-opacity":"","overlay-gradient":""},"tablet":{"background-color":"var(--ast-global-color-4)","background-image":"","background-repeat":"repeat","background-position":"center center","background-size":"auto","background-attachment":"scroll","background-type":"","background-media":"","overlay-type":"","overlay-color":"","overlay-opacity":"","overlay-gradient":""},"mobile":{"background-color":"var(--ast-global-color-4)","background-image":"","background-repeat":"repeat","background-position":"center center","background-size":"auto","background-attachment":"scroll","background-type":"","background-media":"","overlay-type":"","overlay-color":"","overlay-opacity":"","overlay-gradient":""}},"_jetpack_memberships_contains_paid_content":false,"footnotes":""},"categories":[7],"tags":[],"class_list":["post-804","post","type-post","status-publish","format-standard","has-post-thumbnail","hentry","category-noticias"],"yoast_head":"<!-- This site is optimized with the Yoast SEO plugin v27.5 - https:\/\/yoast.com\/product\/yoast-seo-wordpress\/ -->\n<title>TCE revela os resultados da Auditoria Coordenada em Educa\u00e7\u00e3o Infantil, a primeira realizada este ano %<\/title>\n<meta name=\"description\" content=\"TCE revela os resultados da Auditoria Coordenada em Educa\u00e7\u00e3o Infantil, a primeira realizada este ano %\" \/>\n<meta name=\"robots\" content=\"index, follow, max-snippet:-1, max-image-preview:large, max-video-preview:-1\" \/>\n<link rel=\"canonical\" href=\"https:\/\/tce.pb.gov.br\/portalprimeirainfancia\/tce-revela-os-resultados-da-auditoria-coordenada-em-educacao-infantil-a-primeira-realizada-este-ano\/\" \/>\n<meta property=\"og:locale\" content=\"pt_BR\" \/>\n<meta property=\"og:type\" content=\"article\" \/>\n<meta property=\"og:title\" content=\"TCE revela os resultados da Auditoria Coordenada em Educa\u00e7\u00e3o Infantil, a primeira realizada este ano %\" \/>\n<meta property=\"og:description\" content=\"TCE revela os resultados da Auditoria Coordenada em Educa\u00e7\u00e3o Infantil, a primeira realizada este ano %\" \/>\n<meta property=\"og:url\" content=\"https:\/\/tce.pb.gov.br\/portalprimeirainfancia\/tce-revela-os-resultados-da-auditoria-coordenada-em-educacao-infantil-a-primeira-realizada-este-ano\/\" \/>\n<meta property=\"og:site_name\" content=\"Pacto Paraibano pela Primeira Inf\u00e2ncia\" \/>\n<meta property=\"article:published_time\" content=\"2025-03-27T15:00:00+00:00\" \/>\n<meta property=\"article:modified_time\" content=\"2025-04-23T23:03:44+00:00\" \/>\n<meta property=\"og:image\" content=\"https:\/\/tce.pb.gov.br\/portalprimeirainfancia\/wp-content\/uploads\/2025\/04\/Auditoria-Coordenada-1024x461-2.jpg\" \/>\n\t<meta property=\"og:image:width\" content=\"1024\" \/>\n\t<meta property=\"og:image:height\" content=\"461\" \/>\n\t<meta property=\"og:image:type\" content=\"image\/jpeg\" \/>\n<meta name=\"author\" content=\"Rafael Massoni\" \/>\n<meta name=\"twitter:card\" content=\"summary_large_image\" \/>\n<meta name=\"twitter:label1\" content=\"Escrito por\" \/>\n\t<meta name=\"twitter:data1\" content=\"Rafael Massoni\" \/>\n\t<meta name=\"twitter:label2\" content=\"Est. tempo de leitura\" \/>\n\t<meta name=\"twitter:data2\" content=\"5 minutos\" \/>\n<script type=\"application\/ld+json\" class=\"yoast-schema-graph\">{\"@context\":\"https:\\\/\\\/schema.org\",\"@graph\":[{\"@type\":\"NewsArticle\",\"@id\":\"https:\\\/\\\/tce.pb.gov.br\\\/portalprimeirainfancia\\\/tce-revela-os-resultados-da-auditoria-coordenada-em-educacao-infantil-a-primeira-realizada-este-ano\\\/#article\",\"isPartOf\":{\"@id\":\"https:\\\/\\\/tce.pb.gov.br\\\/portalprimeirainfancia\\\/tce-revela-os-resultados-da-auditoria-coordenada-em-educacao-infantil-a-primeira-realizada-este-ano\\\/\"},\"author\":{\"name\":\"Rafael Massoni\",\"@id\":\"https:\\\/\\\/tce.pb.gov.br\\\/portalprimeirainfancia\\\/#\\\/schema\\\/person\\\/6a39eea5836dda604de1c5e5b7d62141\"},\"headline\":\"TCE revela os resultados da Auditoria Coordenada em Educa\u00e7\u00e3o Infantil, a primeira realizada este ano\",\"datePublished\":\"2025-03-27T15:00:00+00:00\",\"dateModified\":\"2025-04-23T23:03:44+00:00\",\"mainEntityOfPage\":{\"@id\":\"https:\\\/\\\/tce.pb.gov.br\\\/portalprimeirainfancia\\\/tce-revela-os-resultados-da-auditoria-coordenada-em-educacao-infantil-a-primeira-realizada-este-ano\\\/\"},\"wordCount\":946,\"publisher\":{\"@id\":\"https:\\\/\\\/tce.pb.gov.br\\\/portalprimeirainfancia\\\/#organization\"},\"image\":{\"@id\":\"https:\\\/\\\/tce.pb.gov.br\\\/portalprimeirainfancia\\\/tce-revela-os-resultados-da-auditoria-coordenada-em-educacao-infantil-a-primeira-realizada-este-ano\\\/#primaryimage\"},\"thumbnailUrl\":\"https:\\\/\\\/tce.pb.gov.br\\\/portalprimeirainfancia\\\/wp-content\\\/uploads\\\/2025\\\/04\\\/Auditoria-Coordenada-1024x461-2.jpg\",\"articleSection\":[\"Not\u00edcias\"],\"inLanguage\":\"pt-BR\"},{\"@type\":\"WebPage\",\"@id\":\"https:\\\/\\\/tce.pb.gov.br\\\/portalprimeirainfancia\\\/tce-revela-os-resultados-da-auditoria-coordenada-em-educacao-infantil-a-primeira-realizada-este-ano\\\/\",\"url\":\"https:\\\/\\\/tce.pb.gov.br\\\/portalprimeirainfancia\\\/tce-revela-os-resultados-da-auditoria-coordenada-em-educacao-infantil-a-primeira-realizada-este-ano\\\/\",\"name\":\"TCE revela os resultados da Auditoria Coordenada em Educa\u00e7\u00e3o Infantil, a primeira realizada este ano %\",\"isPartOf\":{\"@id\":\"https:\\\/\\\/tce.pb.gov.br\\\/portalprimeirainfancia\\\/#website\"},\"primaryImageOfPage\":{\"@id\":\"https:\\\/\\\/tce.pb.gov.br\\\/portalprimeirainfancia\\\/tce-revela-os-resultados-da-auditoria-coordenada-em-educacao-infantil-a-primeira-realizada-este-ano\\\/#primaryimage\"},\"image\":{\"@id\":\"https:\\\/\\\/tce.pb.gov.br\\\/portalprimeirainfancia\\\/tce-revela-os-resultados-da-auditoria-coordenada-em-educacao-infantil-a-primeira-realizada-este-ano\\\/#primaryimage\"},\"thumbnailUrl\":\"https:\\\/\\\/tce.pb.gov.br\\\/portalprimeirainfancia\\\/wp-content\\\/uploads\\\/2025\\\/04\\\/Auditoria-Coordenada-1024x461-2.jpg\",\"datePublished\":\"2025-03-27T15:00:00+00:00\",\"dateModified\":\"2025-04-23T23:03:44+00:00\",\"description\":\"TCE revela os resultados da Auditoria Coordenada em Educa\u00e7\u00e3o Infantil, a primeira realizada este ano %\",\"breadcrumb\":{\"@id\":\"https:\\\/\\\/tce.pb.gov.br\\\/portalprimeirainfancia\\\/tce-revela-os-resultados-da-auditoria-coordenada-em-educacao-infantil-a-primeira-realizada-este-ano\\\/#breadcrumb\"},\"inLanguage\":\"pt-BR\",\"potentialAction\":[{\"@type\":\"ReadAction\",\"target\":[\"https:\\\/\\\/tce.pb.gov.br\\\/portalprimeirainfancia\\\/tce-revela-os-resultados-da-auditoria-coordenada-em-educacao-infantil-a-primeira-realizada-este-ano\\\/\"]}]},{\"@type\":\"ImageObject\",\"inLanguage\":\"pt-BR\",\"@id\":\"https:\\\/\\\/tce.pb.gov.br\\\/portalprimeirainfancia\\\/tce-revela-os-resultados-da-auditoria-coordenada-em-educacao-infantil-a-primeira-realizada-este-ano\\\/#primaryimage\",\"url\":\"https:\\\/\\\/tce.pb.gov.br\\\/portalprimeirainfancia\\\/wp-content\\\/uploads\\\/2025\\\/04\\\/Auditoria-Coordenada-1024x461-2.jpg\",\"contentUrl\":\"https:\\\/\\\/tce.pb.gov.br\\\/portalprimeirainfancia\\\/wp-content\\\/uploads\\\/2025\\\/04\\\/Auditoria-Coordenada-1024x461-2.jpg\",\"width\":1024,\"height\":461},{\"@type\":\"BreadcrumbList\",\"@id\":\"https:\\\/\\\/tce.pb.gov.br\\\/portalprimeirainfancia\\\/tce-revela-os-resultados-da-auditoria-coordenada-em-educacao-infantil-a-primeira-realizada-este-ano\\\/#breadcrumb\",\"itemListElement\":[{\"@type\":\"ListItem\",\"position\":1,\"name\":\"In\u00edcio\",\"item\":\"https:\\\/\\\/tce.pb.gov.br\\\/portalprimeirainfancia\\\/\"},{\"@type\":\"ListItem\",\"position\":2,\"name\":\"TCE revela os resultados da Auditoria Coordenada em Educa\u00e7\u00e3o Infantil, a primeira realizada este ano\"}]},{\"@type\":\"WebSite\",\"@id\":\"https:\\\/\\\/tce.pb.gov.br\\\/portalprimeirainfancia\\\/#website\",\"url\":\"https:\\\/\\\/tce.pb.gov.br\\\/portalprimeirainfancia\\\/\",\"name\":\"Pacto Paraibano pela Primeira Inf\u00e2ncia\",\"description\":\"Portal para divulga\u00e7\u00e3o do Pacto Paraibano pela Primeira Inf\u00e2ncia\",\"publisher\":{\"@id\":\"https:\\\/\\\/tce.pb.gov.br\\\/portalprimeirainfancia\\\/#organization\"},\"potentialAction\":[{\"@type\":\"SearchAction\",\"target\":{\"@type\":\"EntryPoint\",\"urlTemplate\":\"https:\\\/\\\/tce.pb.gov.br\\\/portalprimeirainfancia\\\/?s={search_term_string}\"},\"query-input\":{\"@type\":\"PropertyValueSpecification\",\"valueRequired\":true,\"valueName\":\"search_term_string\"}}],\"inLanguage\":\"pt-BR\"},{\"@type\":\"Organization\",\"@id\":\"https:\\\/\\\/tce.pb.gov.br\\\/portalprimeirainfancia\\\/#organization\",\"name\":\"Pacto Paraibano pela Primeira Inf\u00e2ncia\",\"alternateName\":\"TCE-PB\",\"url\":\"https:\\\/\\\/tce.pb.gov.br\\\/portalprimeirainfancia\\\/\",\"logo\":{\"@type\":\"ImageObject\",\"inLanguage\":\"pt-BR\",\"@id\":\"https:\\\/\\\/tce.pb.gov.br\\\/portalprimeirainfancia\\\/#\\\/schema\\\/logo\\\/image\\\/\",\"url\":\"https:\\\/\\\/tce.pb.gov.br\\\/portalprimeirainfancia\\\/wp-content\\\/uploads\\\/2025\\\/05\\\/Pacto-Whatsapp.png\",\"contentUrl\":\"https:\\\/\\\/tce.pb.gov.br\\\/portalprimeirainfancia\\\/wp-content\\\/uploads\\\/2025\\\/05\\\/Pacto-Whatsapp.png\",\"width\":427,\"height\":427,\"caption\":\"Pacto Paraibano pela Primeira Inf\u00e2ncia\"},\"image\":{\"@id\":\"https:\\\/\\\/tce.pb.gov.br\\\/portalprimeirainfancia\\\/#\\\/schema\\\/logo\\\/image\\\/\"},\"sameAs\":[\"https:\\\/\\\/www.instagram.com\\\/tcepb\\\/\"]},{\"@type\":\"Person\",\"@id\":\"https:\\\/\\\/tce.pb.gov.br\\\/portalprimeirainfancia\\\/#\\\/schema\\\/person\\\/6a39eea5836dda604de1c5e5b7d62141\",\"name\":\"Rafael Massoni\"}]}<\/script>\n<!-- \/ Yoast SEO plugin. -->","yoast_head_json":{"title":"TCE revela os resultados da Auditoria Coordenada em Educa\u00e7\u00e3o Infantil, a primeira realizada este ano %","description":"TCE revela os resultados da Auditoria Coordenada em Educa\u00e7\u00e3o Infantil, a primeira realizada este ano %","robots":{"index":"index","follow":"follow","max-snippet":"max-snippet:-1","max-image-preview":"max-image-preview:large","max-video-preview":"max-video-preview:-1"},"canonical":"https:\/\/tce.pb.gov.br\/portalprimeirainfancia\/tce-revela-os-resultados-da-auditoria-coordenada-em-educacao-infantil-a-primeira-realizada-este-ano\/","og_locale":"pt_BR","og_type":"article","og_title":"TCE revela os resultados da Auditoria Coordenada em Educa\u00e7\u00e3o Infantil, a primeira realizada este ano %","og_description":"TCE revela os resultados da Auditoria Coordenada em Educa\u00e7\u00e3o Infantil, a primeira realizada este ano %","og_url":"https:\/\/tce.pb.gov.br\/portalprimeirainfancia\/tce-revela-os-resultados-da-auditoria-coordenada-em-educacao-infantil-a-primeira-realizada-este-ano\/","og_site_name":"Pacto Paraibano pela Primeira Inf\u00e2ncia","article_published_time":"2025-03-27T15:00:00+00:00","article_modified_time":"2025-04-23T23:03:44+00:00","og_image":[{"width":1024,"height":461,"url":"https:\/\/tce.pb.gov.br\/portalprimeirainfancia\/wp-content\/uploads\/2025\/04\/Auditoria-Coordenada-1024x461-2.jpg","type":"image\/jpeg"}],"author":"Rafael Massoni","twitter_card":"summary_large_image","twitter_misc":{"Escrito por":"Rafael Massoni","Est. tempo de leitura":"5 minutos"},"schema":{"@context":"https:\/\/schema.org","@graph":[{"@type":"NewsArticle","@id":"https:\/\/tce.pb.gov.br\/portalprimeirainfancia\/tce-revela-os-resultados-da-auditoria-coordenada-em-educacao-infantil-a-primeira-realizada-este-ano\/#article","isPartOf":{"@id":"https:\/\/tce.pb.gov.br\/portalprimeirainfancia\/tce-revela-os-resultados-da-auditoria-coordenada-em-educacao-infantil-a-primeira-realizada-este-ano\/"},"author":{"name":"Rafael Massoni","@id":"https:\/\/tce.pb.gov.br\/portalprimeirainfancia\/#\/schema\/person\/6a39eea5836dda604de1c5e5b7d62141"},"headline":"TCE revela os resultados da Auditoria Coordenada em Educa\u00e7\u00e3o Infantil, a primeira realizada este ano","datePublished":"2025-03-27T15:00:00+00:00","dateModified":"2025-04-23T23:03:44+00:00","mainEntityOfPage":{"@id":"https:\/\/tce.pb.gov.br\/portalprimeirainfancia\/tce-revela-os-resultados-da-auditoria-coordenada-em-educacao-infantil-a-primeira-realizada-este-ano\/"},"wordCount":946,"publisher":{"@id":"https:\/\/tce.pb.gov.br\/portalprimeirainfancia\/#organization"},"image":{"@id":"https:\/\/tce.pb.gov.br\/portalprimeirainfancia\/tce-revela-os-resultados-da-auditoria-coordenada-em-educacao-infantil-a-primeira-realizada-este-ano\/#primaryimage"},"thumbnailUrl":"https:\/\/tce.pb.gov.br\/portalprimeirainfancia\/wp-content\/uploads\/2025\/04\/Auditoria-Coordenada-1024x461-2.jpg","articleSection":["Not\u00edcias"],"inLanguage":"pt-BR"},{"@type":"WebPage","@id":"https:\/\/tce.pb.gov.br\/portalprimeirainfancia\/tce-revela-os-resultados-da-auditoria-coordenada-em-educacao-infantil-a-primeira-realizada-este-ano\/","url":"https:\/\/tce.pb.gov.br\/portalprimeirainfancia\/tce-revela-os-resultados-da-auditoria-coordenada-em-educacao-infantil-a-primeira-realizada-este-ano\/","name":"TCE revela os resultados da Auditoria Coordenada em Educa\u00e7\u00e3o Infantil, a primeira realizada este ano %","isPartOf":{"@id":"https:\/\/tce.pb.gov.br\/portalprimeirainfancia\/#website"},"primaryImageOfPage":{"@id":"https:\/\/tce.pb.gov.br\/portalprimeirainfancia\/tce-revela-os-resultados-da-auditoria-coordenada-em-educacao-infantil-a-primeira-realizada-este-ano\/#primaryimage"},"image":{"@id":"https:\/\/tce.pb.gov.br\/portalprimeirainfancia\/tce-revela-os-resultados-da-auditoria-coordenada-em-educacao-infantil-a-primeira-realizada-este-ano\/#primaryimage"},"thumbnailUrl":"https:\/\/tce.pb.gov.br\/portalprimeirainfancia\/wp-content\/uploads\/2025\/04\/Auditoria-Coordenada-1024x461-2.jpg","datePublished":"2025-03-27T15:00:00+00:00","dateModified":"2025-04-23T23:03:44+00:00","description":"TCE revela os resultados da Auditoria Coordenada em Educa\u00e7\u00e3o Infantil, a primeira realizada este ano %","breadcrumb":{"@id":"https:\/\/tce.pb.gov.br\/portalprimeirainfancia\/tce-revela-os-resultados-da-auditoria-coordenada-em-educacao-infantil-a-primeira-realizada-este-ano\/#breadcrumb"},"inLanguage":"pt-BR","potentialAction":[{"@type":"ReadAction","target":["https:\/\/tce.pb.gov.br\/portalprimeirainfancia\/tce-revela-os-resultados-da-auditoria-coordenada-em-educacao-infantil-a-primeira-realizada-este-ano\/"]}]},{"@type":"ImageObject","inLanguage":"pt-BR","@id":"https:\/\/tce.pb.gov.br\/portalprimeirainfancia\/tce-revela-os-resultados-da-auditoria-coordenada-em-educacao-infantil-a-primeira-realizada-este-ano\/#primaryimage","url":"https:\/\/tce.pb.gov.br\/portalprimeirainfancia\/wp-content\/uploads\/2025\/04\/Auditoria-Coordenada-1024x461-2.jpg","contentUrl":"https:\/\/tce.pb.gov.br\/portalprimeirainfancia\/wp-content\/uploads\/2025\/04\/Auditoria-Coordenada-1024x461-2.jpg","width":1024,"height":461},{"@type":"BreadcrumbList","@id":"https:\/\/tce.pb.gov.br\/portalprimeirainfancia\/tce-revela-os-resultados-da-auditoria-coordenada-em-educacao-infantil-a-primeira-realizada-este-ano\/#breadcrumb","itemListElement":[{"@type":"ListItem","position":1,"name":"In\u00edcio","item":"https:\/\/tce.pb.gov.br\/portalprimeirainfancia\/"},{"@type":"ListItem","position":2,"name":"TCE revela os resultados da Auditoria Coordenada em Educa\u00e7\u00e3o Infantil, a primeira realizada este ano"}]},{"@type":"WebSite","@id":"https:\/\/tce.pb.gov.br\/portalprimeirainfancia\/#website","url":"https:\/\/tce.pb.gov.br\/portalprimeirainfancia\/","name":"Pacto Paraibano pela Primeira Inf\u00e2ncia","description":"Portal para divulga\u00e7\u00e3o do Pacto Paraibano pela Primeira Inf\u00e2ncia","publisher":{"@id":"https:\/\/tce.pb.gov.br\/portalprimeirainfancia\/#organization"},"potentialAction":[{"@type":"SearchAction","target":{"@type":"EntryPoint","urlTemplate":"https:\/\/tce.pb.gov.br\/portalprimeirainfancia\/?s={search_term_string}"},"query-input":{"@type":"PropertyValueSpecification","valueRequired":true,"valueName":"search_term_string"}}],"inLanguage":"pt-BR"},{"@type":"Organization","@id":"https:\/\/tce.pb.gov.br\/portalprimeirainfancia\/#organization","name":"Pacto Paraibano pela Primeira Inf\u00e2ncia","alternateName":"TCE-PB","url":"https:\/\/tce.pb.gov.br\/portalprimeirainfancia\/","logo":{"@type":"ImageObject","inLanguage":"pt-BR","@id":"https:\/\/tce.pb.gov.br\/portalprimeirainfancia\/#\/schema\/logo\/image\/","url":"https:\/\/tce.pb.gov.br\/portalprimeirainfancia\/wp-content\/uploads\/2025\/05\/Pacto-Whatsapp.png","contentUrl":"https:\/\/tce.pb.gov.br\/portalprimeirainfancia\/wp-content\/uploads\/2025\/05\/Pacto-Whatsapp.png","width":427,"height":427,"caption":"Pacto Paraibano pela Primeira Inf\u00e2ncia"},"image":{"@id":"https:\/\/tce.pb.gov.br\/portalprimeirainfancia\/#\/schema\/logo\/image\/"},"sameAs":["https:\/\/www.instagram.com\/tcepb\/"]},{"@type":"Person","@id":"https:\/\/tce.pb.gov.br\/portalprimeirainfancia\/#\/schema\/person\/6a39eea5836dda604de1c5e5b7d62141","name":"Rafael Massoni"}]}},"jetpack_featured_media_url":"https:\/\/tce.pb.gov.br\/portalprimeirainfancia\/wp-content\/uploads\/2025\/04\/Auditoria-Coordenada-1024x461-2.jpg","jetpack_sharing_enabled":true,"_links":{"self":[{"href":"https:\/\/tce.pb.gov.br\/portalprimeirainfancia\/wp-json\/wp\/v2\/posts\/804","targetHints":{"allow":["GET"]}}],"collection":[{"href":"https:\/\/tce.pb.gov.br\/portalprimeirainfancia\/wp-json\/wp\/v2\/posts"}],"about":[{"href":"https:\/\/tce.pb.gov.br\/portalprimeirainfancia\/wp-json\/wp\/v2\/types\/post"}],"author":[{"embeddable":true,"href":"https:\/\/tce.pb.gov.br\/portalprimeirainfancia\/wp-json\/wp\/v2\/users\/6"}],"replies":[{"embeddable":true,"href":"https:\/\/tce.pb.gov.br\/portalprimeirainfancia\/wp-json\/wp\/v2\/comments?post=804"}],"version-history":[{"count":1,"href":"https:\/\/tce.pb.gov.br\/portalprimeirainfancia\/wp-json\/wp\/v2\/posts\/804\/revisions"}],"predecessor-version":[{"id":2127,"href":"https:\/\/tce.pb.gov.br\/portalprimeirainfancia\/wp-json\/wp\/v2\/posts\/804\/revisions\/2127"}],"wp:featuredmedia":[{"embeddable":true,"href":"https:\/\/tce.pb.gov.br\/portalprimeirainfancia\/wp-json\/wp\/v2\/media\/805"}],"wp:attachment":[{"href":"https:\/\/tce.pb.gov.br\/portalprimeirainfancia\/wp-json\/wp\/v2\/media?parent=804"}],"wp:term":[{"taxonomy":"category","embeddable":true,"href":"https:\/\/tce.pb.gov.br\/portalprimeirainfancia\/wp-json\/wp\/v2\/categories?post=804"},{"taxonomy":"post_tag","embeddable":true,"href":"https:\/\/tce.pb.gov.br\/portalprimeirainfancia\/wp-json\/wp\/v2\/tags?post=804"}],"curies":[{"name":"wp","href":"https:\/\/api.w.org\/{rel}","templated":true}]}}