{"id":800,"date":"2025-03-28T11:58:00","date_gmt":"2025-03-28T14:58:00","guid":{"rendered":"https:\/\/tce.pb.gov.br\/portalprimeirainfancia\/?p=800"},"modified":"2025-04-23T20:03:27","modified_gmt":"2025-04-23T23:03:27","slug":"tce-pb-capacita-gestores-municipais-para-inclusao-de-politicas-publicas-na-primeira-infancia","status":"publish","type":"post","link":"https:\/\/tce.pb.gov.br\/portalprimeirainfancia\/tce-pb-capacita-gestores-municipais-para-inclusao-de-politicas-publicas-na-primeira-infancia\/","title":{"rendered":"TCE-PB capacita gestores municipais para inclus\u00e3o de pol\u00edticas p\u00fablicas na Primeira Inf\u00e2ncia"},"content":{"rendered":"\n<figure class=\"wp-block-image aligncenter size-full\"><img fetchpriority=\"high\" decoding=\"async\" width=\"1024\" height=\"686\" src=\"https:\/\/tce.pb.gov.br\/portalprimeirainfancia\/wp-content\/uploads\/2025\/04\/C.G-5-1024x686-2.jpg\" alt=\"\" class=\"wp-image-801\" srcset=\"https:\/\/tce.pb.gov.br\/portalprimeirainfancia\/wp-content\/uploads\/2025\/04\/C.G-5-1024x686-2.jpg 1024w, https:\/\/tce.pb.gov.br\/portalprimeirainfancia\/wp-content\/uploads\/2025\/04\/C.G-5-1024x686-2-300x201.jpg 300w, https:\/\/tce.pb.gov.br\/portalprimeirainfancia\/wp-content\/uploads\/2025\/04\/C.G-5-1024x686-2-768x515.jpg 768w\" sizes=\"(max-width: 1024px) 100vw, 1024px\" \/><\/figure>\n\n\n\n<p>O Tribunal de Contas do Estado da Para\u00edba (TCE-PB) promoveu uma capacita\u00e7\u00e3o voltada aos gestores e t\u00e9cnicos municipais sobre a inclus\u00e3o de pol\u00edticas p\u00fablicas para a primeira inf\u00e2ncia na Lei de Diretrizes Or\u00e7ament\u00e1rias (LDO). O curso, ministrado pelo auditor de controle externo Luzemar Martins, teve como objetivo orientar os munic\u00edpios sobre a import\u00e2ncia do planejamento adequado para garantir investimentos na inf\u00e2ncia e assegurar o cumprimento do Marco Legal da Primeira Inf\u00e2ncia.<\/p>\n\n\n\n<p>A capacita\u00e7\u00e3o marcou o in\u00edcio das a\u00e7\u00f5es do Tribunal de Contas da Para\u00edba para o fortalecimento&nbsp;de pol\u00edticas p\u00fablicas voltadas \u00e0 primeira inf\u00e2ncia no Estado, dentro do Programa&nbsp;Pacto Pela Primeira Inf\u00e2ncia na Para\u00edba, que ser\u00e1 prioridade na atual gest\u00e3o.<\/p>\n\n\n\n<p>O presidente do TCE-PB, conselheiro F\u00e1bio Nogueira, destacou a necessidade de os munic\u00edpios incorporarem a\u00e7\u00f5es espec\u00edficas para crian\u00e7as de 0 a 6 anos na LDO, garantindo recursos e priorizando pol\u00edticas p\u00fablicas eficazes. Ele ressaltou que o investimento na primeira inf\u00e2ncia traz impactos positivos duradouros para o desenvolvimento social e econ\u00f4mico das cidades.<\/p>\n\n\n\n<p>Prefeitos, prefeitas, vereadores, secret\u00e1rios &nbsp;e gestores &nbsp;municipais participaram da programa\u00e7\u00e3o do cursos sobre a Primeira Inf\u00e2ncia no contexto da LDO, realizados nas cidades de Patos, Campina Grande e Jo\u00e3o Pessoa, respectivamente, nos dias 25, 26 e 27 de mar\u00e7o do corrente ano.<br><br><strong>Deveres do gestor p\u00fablico \u2013<\/strong>&nbsp;O TCE-PB orienta que os gestores municipais devem adotar uma s\u00e9rie de medidas para assegurar a efetividade das pol\u00edticas voltadas \u00e0 primeira inf\u00e2ncia. Entre os principais deveres, est\u00e3o em, criar uma pol\u00edtica p\u00fablica espec\u00edfica para a Primeira Inf\u00e2ncia; Instituir um grupo (comit\u00ea, comiss\u00e3o etc.) para elaborar o Plano Municipal pela Primeira Inf\u00e2ncia (PMPI); Elaborar o PMPI com participa\u00e7\u00e3o intersetorial e foco nas reais necessidades das crian\u00e7as e divulgar os gastos e os resultados alcan\u00e7ados com as a\u00e7\u00f5es or\u00e7ament\u00e1rias voltadas \u00e0 primeira inf\u00e2ncia, garantindo transpar\u00eancia e controle social.<br><br>O curso oferecido pelo TCE-PB refor\u00e7a o compromisso da Corte de Contas com a orienta\u00e7\u00e3o dos gestores p\u00fablicos, promovendo a capacita\u00e7\u00e3o cont\u00ednua para melhorar a gest\u00e3o dos recursos e fortalecer as pol\u00edticas sociais. Al\u00e9m de aspectos t\u00e9cnicos sobre a elabora\u00e7\u00e3o da LDO, foram abordados temas como a intersetorialidade das pol\u00edticas p\u00fablicas, o papel do controle externo e a import\u00e2ncia da participa\u00e7\u00e3o da sociedade na defini\u00e7\u00e3o das prioridades or\u00e7ament\u00e1rias.<\/p>\n\n\n\n<figure class=\"wp-block-image size-large\"><img decoding=\"async\" width=\"1024\" height=\"683\" src=\"https:\/\/tce.pb.gov.br\/portalprimeirainfancia\/wp-content\/uploads\/2025\/04\/Luzemar-Martins-Frase-1536x1024-1-1024x683.jpg\" alt=\"\" class=\"wp-image-802\" srcset=\"https:\/\/tce.pb.gov.br\/portalprimeirainfancia\/wp-content\/uploads\/2025\/04\/Luzemar-Martins-Frase-1536x1024-1-1024x683.jpg 1024w, https:\/\/tce.pb.gov.br\/portalprimeirainfancia\/wp-content\/uploads\/2025\/04\/Luzemar-Martins-Frase-1536x1024-1-300x200.jpg 300w, https:\/\/tce.pb.gov.br\/portalprimeirainfancia\/wp-content\/uploads\/2025\/04\/Luzemar-Martins-Frase-1536x1024-1-768x512.jpg 768w, https:\/\/tce.pb.gov.br\/portalprimeirainfancia\/wp-content\/uploads\/2025\/04\/Luzemar-Martins-Frase-1536x1024-1.jpg 1536w\" sizes=\"(max-width: 1024px) 100vw, 1024px\" \/><\/figure>\n\n\n\n<p>Para &nbsp;Luzemar Martins, a&nbsp;iniciativa faz parte do programa de capacita\u00e7\u00e3o do TCE-PB, que busca auxiliar os munic\u00edpios na constru\u00e7\u00e3o de or\u00e7amentos mais eficientes e alinhados com as reais necessidades da popula\u00e7\u00e3o. A expectativa \u00e9 que, com o conhecimento adquirido, os gestores municipais possam estruturar planos or\u00e7ament\u00e1rios mais s\u00f3lidos e que beneficiem diretamente as crian\u00e7as paraibanas, garantindo um futuro com mais oportunidades e qualidade de vida.<br><br><strong>Lan\u00e7amento do Pacto pela Primeira Inf\u00e2ncia<\/strong>\u2013 O conselheiro F\u00e1bio Nogueira informou que o lan\u00e7amento do Pacto pela Primeira Inf\u00e2ncia na Para\u00edba, ocorrer\u00e1 no dia 28 de abril, no Teatro Pedra do Reino, em Jo\u00e3o Pessoa. O objetivo do Pacto \u00e9 fortalecer as pol\u00edticas p\u00fablicas voltadas ao desenvolvimento infantil de crian\u00e7as de 0 a 6 anos no estado. Ele destacou que a iniciativa ir\u00e1 delinear eixos de atua\u00e7\u00e3o para aprimorar a aten\u00e7\u00e3o \u00e0 primeira inf\u00e2ncia na Para\u00edba. O vice-presidente do TCE-PB, conselheiro Andr\u00e9 Carlo Torres Pontes, coordena o programa do Pacto da Primeira Inf\u00e2ncia na Para\u00edba.<br><br>\u201cO Pacto pela Primeira Inf\u00e2ncia na Para\u00edba \u00e9 um compromisso que vai reunir v\u00e1rias institui\u00e7\u00f5es, visando fortalecer a governan\u00e7a, aprimorar a gest\u00e3o de recursos e ampliar a qualifica\u00e7\u00e3o dos servi\u00e7os das pol\u00edticas p\u00fablicas voltadas para essa faixa et\u00e1ria\u201d, destacou.<\/p>\n\n\n\n<p>Al\u00e9m do TCE-PB, o pacto contar\u00e1 com a ades\u00e3o do Governo do Estado, munic\u00edpios paraibanos, Tribunal de Justi\u00e7a, Minist\u00e9rio P\u00fablico, Defensoria P\u00fablica, Assembleia Legislativa e diversas Universidades. A Ordem dos Advogados do Brasil (OAB) e institui\u00e7\u00f5es federais e privadas tamb\u00e9m est\u00e3o sendo convidadas a participar e apoiar a iniciativa.<\/p>\n\n\n\n<p><\/p>\n","protected":false},"excerpt":{"rendered":"<p>O Tribunal de Contas do Estado da Para\u00edba (TCE-PB) promoveu uma capacita\u00e7\u00e3o voltada aos gestores e t\u00e9cnicos municipais sobre a [&hellip;]<\/p>\n","protected":false},"author":6,"featured_media":801,"comment_status":"closed","ping_status":"","sticky":false,"template":"","format":"standard","meta":{"site-sidebar-layout":"default","site-content-layout":"","ast-site-content-layout":"","site-content-style":"default","site-sidebar-style":"default","ast-global-header-display":"","ast-banner-title-visibility":"","ast-main-header-display":"","ast-hfb-above-header-display":"","ast-hfb-below-header-display":"","ast-hfb-mobile-header-display":"","site-post-title":"","ast-breadcrumbs-content":"","ast-featured-img":"","footer-sml-layout":"","theme-transparent-header-meta":"","adv-header-id-meta":"","stick-header-meta":"","header-above-stick-meta":"","header-main-stick-meta":"","header-below-stick-meta":"","astra-migrate-meta-layouts":"default","ast-page-background-enabled":"default","ast-page-background-meta":{"desktop":{"background-color":"var(--ast-global-color-5)","background-image":"","background-repeat":"repeat","background-position":"center center","background-size":"auto","background-attachment":"scroll","background-type":"","background-media":"","overlay-type":"","overlay-color":"","overlay-opacity":"","overlay-gradient":""},"tablet":{"background-color":"","background-image":"","background-repeat":"repeat","background-position":"center center","background-size":"auto","background-attachment":"scroll","background-type":"","background-media":"","overlay-type":"","overlay-color":"","overlay-opacity":"","overlay-gradient":""},"mobile":{"background-color":"","background-image":"","background-repeat":"repeat","background-position":"center center","background-size":"auto","background-attachment":"scroll","background-type":"","background-media":"","overlay-type":"","overlay-color":"","overlay-opacity":"","overlay-gradient":""}},"ast-content-background-meta":{"desktop":{"background-color":"var(--ast-global-color-4)","background-image":"","background-repeat":"repeat","background-position":"center center","background-size":"auto","background-attachment":"scroll","background-type":"","background-media":"","overlay-type":"","overlay-color":"","overlay-opacity":"","overlay-gradient":""},"tablet":{"background-color":"var(--ast-global-color-4)","background-image":"","background-repeat":"repeat","background-position":"center center","background-size":"auto","background-attachment":"scroll","background-type":"","background-media":"","overlay-type":"","overlay-color":"","overlay-opacity":"","overlay-gradient":""},"mobile":{"background-color":"var(--ast-global-color-4)","background-image":"","background-repeat":"repeat","background-position":"center center","background-size":"auto","background-attachment":"scroll","background-type":"","background-media":"","overlay-type":"","overlay-color":"","overlay-opacity":"","overlay-gradient":""}},"_jetpack_memberships_contains_paid_content":false,"footnotes":""},"categories":[7],"tags":[],"class_list":["post-800","post","type-post","status-publish","format-standard","has-post-thumbnail","hentry","category-noticias"],"yoast_head":"<!-- This site is optimized with the Yoast SEO plugin v27.5 - https:\/\/yoast.com\/product\/yoast-seo-wordpress\/ -->\n<title>TCE-PB capacita gestores municipais para inclus\u00e3o de pol\u00edticas p\u00fablicas na Primeira Inf\u00e2ncia %<\/title>\n<meta name=\"description\" content=\"TCE-PB capacita gestores municipais para inclus\u00e3o de pol\u00edticas p\u00fablicas na Primeira Inf\u00e2ncia %\" \/>\n<meta name=\"robots\" content=\"index, follow, max-snippet:-1, max-image-preview:large, max-video-preview:-1\" \/>\n<link rel=\"canonical\" href=\"https:\/\/tce.pb.gov.br\/portalprimeirainfancia\/tce-pb-capacita-gestores-municipais-para-inclusao-de-politicas-publicas-na-primeira-infancia\/\" \/>\n<meta property=\"og:locale\" content=\"pt_BR\" \/>\n<meta property=\"og:type\" content=\"article\" \/>\n<meta property=\"og:title\" content=\"TCE-PB capacita gestores municipais para inclus\u00e3o de pol\u00edticas p\u00fablicas na Primeira Inf\u00e2ncia %\" \/>\n<meta property=\"og:description\" content=\"TCE-PB capacita gestores municipais para inclus\u00e3o de pol\u00edticas p\u00fablicas na Primeira Inf\u00e2ncia %\" \/>\n<meta property=\"og:url\" content=\"https:\/\/tce.pb.gov.br\/portalprimeirainfancia\/tce-pb-capacita-gestores-municipais-para-inclusao-de-politicas-publicas-na-primeira-infancia\/\" \/>\n<meta property=\"og:site_name\" content=\"Pacto Paraibano pela Primeira Inf\u00e2ncia\" \/>\n<meta property=\"article:published_time\" content=\"2025-03-28T14:58:00+00:00\" \/>\n<meta property=\"article:modified_time\" content=\"2025-04-23T23:03:27+00:00\" \/>\n<meta property=\"og:image\" content=\"https:\/\/tce.pb.gov.br\/portalprimeirainfancia\/wp-content\/uploads\/2025\/04\/C.G-5-1024x686-2.jpg\" \/>\n\t<meta property=\"og:image:width\" content=\"1024\" \/>\n\t<meta property=\"og:image:height\" content=\"686\" \/>\n\t<meta property=\"og:image:type\" content=\"image\/jpeg\" \/>\n<meta name=\"author\" content=\"Rafael Massoni\" \/>\n<meta name=\"twitter:card\" content=\"summary_large_image\" \/>\n<meta name=\"twitter:label1\" content=\"Escrito por\" \/>\n\t<meta name=\"twitter:data1\" content=\"Rafael Massoni\" \/>\n\t<meta name=\"twitter:label2\" content=\"Est. tempo de leitura\" \/>\n\t<meta name=\"twitter:data2\" content=\"4 minutos\" \/>\n<script type=\"application\/ld+json\" class=\"yoast-schema-graph\">{\"@context\":\"https:\\\/\\\/schema.org\",\"@graph\":[{\"@type\":\"NewsArticle\",\"@id\":\"https:\\\/\\\/tce.pb.gov.br\\\/portalprimeirainfancia\\\/tce-pb-capacita-gestores-municipais-para-inclusao-de-politicas-publicas-na-primeira-infancia\\\/#article\",\"isPartOf\":{\"@id\":\"https:\\\/\\\/tce.pb.gov.br\\\/portalprimeirainfancia\\\/tce-pb-capacita-gestores-municipais-para-inclusao-de-politicas-publicas-na-primeira-infancia\\\/\"},\"author\":{\"name\":\"Rafael Massoni\",\"@id\":\"https:\\\/\\\/tce.pb.gov.br\\\/portalprimeirainfancia\\\/#\\\/schema\\\/person\\\/6a39eea5836dda604de1c5e5b7d62141\"},\"headline\":\"TCE-PB capacita gestores municipais para inclus\u00e3o de pol\u00edticas p\u00fablicas na Primeira Inf\u00e2ncia\",\"datePublished\":\"2025-03-28T14:58:00+00:00\",\"dateModified\":\"2025-04-23T23:03:27+00:00\",\"mainEntityOfPage\":{\"@id\":\"https:\\\/\\\/tce.pb.gov.br\\\/portalprimeirainfancia\\\/tce-pb-capacita-gestores-municipais-para-inclusao-de-politicas-publicas-na-primeira-infancia\\\/\"},\"wordCount\":740,\"publisher\":{\"@id\":\"https:\\\/\\\/tce.pb.gov.br\\\/portalprimeirainfancia\\\/#organization\"},\"image\":{\"@id\":\"https:\\\/\\\/tce.pb.gov.br\\\/portalprimeirainfancia\\\/tce-pb-capacita-gestores-municipais-para-inclusao-de-politicas-publicas-na-primeira-infancia\\\/#primaryimage\"},\"thumbnailUrl\":\"https:\\\/\\\/tce.pb.gov.br\\\/portalprimeirainfancia\\\/wp-content\\\/uploads\\\/2025\\\/04\\\/C.G-5-1024x686-2.jpg\",\"articleSection\":[\"Not\u00edcias\"],\"inLanguage\":\"pt-BR\"},{\"@type\":\"WebPage\",\"@id\":\"https:\\\/\\\/tce.pb.gov.br\\\/portalprimeirainfancia\\\/tce-pb-capacita-gestores-municipais-para-inclusao-de-politicas-publicas-na-primeira-infancia\\\/\",\"url\":\"https:\\\/\\\/tce.pb.gov.br\\\/portalprimeirainfancia\\\/tce-pb-capacita-gestores-municipais-para-inclusao-de-politicas-publicas-na-primeira-infancia\\\/\",\"name\":\"TCE-PB capacita gestores municipais para inclus\u00e3o de pol\u00edticas p\u00fablicas na Primeira Inf\u00e2ncia %\",\"isPartOf\":{\"@id\":\"https:\\\/\\\/tce.pb.gov.br\\\/portalprimeirainfancia\\\/#website\"},\"primaryImageOfPage\":{\"@id\":\"https:\\\/\\\/tce.pb.gov.br\\\/portalprimeirainfancia\\\/tce-pb-capacita-gestores-municipais-para-inclusao-de-politicas-publicas-na-primeira-infancia\\\/#primaryimage\"},\"image\":{\"@id\":\"https:\\\/\\\/tce.pb.gov.br\\\/portalprimeirainfancia\\\/tce-pb-capacita-gestores-municipais-para-inclusao-de-politicas-publicas-na-primeira-infancia\\\/#primaryimage\"},\"thumbnailUrl\":\"https:\\\/\\\/tce.pb.gov.br\\\/portalprimeirainfancia\\\/wp-content\\\/uploads\\\/2025\\\/04\\\/C.G-5-1024x686-2.jpg\",\"datePublished\":\"2025-03-28T14:58:00+00:00\",\"dateModified\":\"2025-04-23T23:03:27+00:00\",\"description\":\"TCE-PB capacita gestores municipais para inclus\u00e3o de pol\u00edticas p\u00fablicas na Primeira Inf\u00e2ncia %\",\"breadcrumb\":{\"@id\":\"https:\\\/\\\/tce.pb.gov.br\\\/portalprimeirainfancia\\\/tce-pb-capacita-gestores-municipais-para-inclusao-de-politicas-publicas-na-primeira-infancia\\\/#breadcrumb\"},\"inLanguage\":\"pt-BR\",\"potentialAction\":[{\"@type\":\"ReadAction\",\"target\":[\"https:\\\/\\\/tce.pb.gov.br\\\/portalprimeirainfancia\\\/tce-pb-capacita-gestores-municipais-para-inclusao-de-politicas-publicas-na-primeira-infancia\\\/\"]}]},{\"@type\":\"ImageObject\",\"inLanguage\":\"pt-BR\",\"@id\":\"https:\\\/\\\/tce.pb.gov.br\\\/portalprimeirainfancia\\\/tce-pb-capacita-gestores-municipais-para-inclusao-de-politicas-publicas-na-primeira-infancia\\\/#primaryimage\",\"url\":\"https:\\\/\\\/tce.pb.gov.br\\\/portalprimeirainfancia\\\/wp-content\\\/uploads\\\/2025\\\/04\\\/C.G-5-1024x686-2.jpg\",\"contentUrl\":\"https:\\\/\\\/tce.pb.gov.br\\\/portalprimeirainfancia\\\/wp-content\\\/uploads\\\/2025\\\/04\\\/C.G-5-1024x686-2.jpg\",\"width\":1024,\"height\":686},{\"@type\":\"BreadcrumbList\",\"@id\":\"https:\\\/\\\/tce.pb.gov.br\\\/portalprimeirainfancia\\\/tce-pb-capacita-gestores-municipais-para-inclusao-de-politicas-publicas-na-primeira-infancia\\\/#breadcrumb\",\"itemListElement\":[{\"@type\":\"ListItem\",\"position\":1,\"name\":\"In\u00edcio\",\"item\":\"https:\\\/\\\/tce.pb.gov.br\\\/portalprimeirainfancia\\\/\"},{\"@type\":\"ListItem\",\"position\":2,\"name\":\"TCE-PB capacita gestores municipais para inclus\u00e3o de pol\u00edticas p\u00fablicas na Primeira Inf\u00e2ncia\"}]},{\"@type\":\"WebSite\",\"@id\":\"https:\\\/\\\/tce.pb.gov.br\\\/portalprimeirainfancia\\\/#website\",\"url\":\"https:\\\/\\\/tce.pb.gov.br\\\/portalprimeirainfancia\\\/\",\"name\":\"Pacto Paraibano pela Primeira Inf\u00e2ncia\",\"description\":\"Portal para divulga\u00e7\u00e3o do Pacto Paraibano pela Primeira Inf\u00e2ncia\",\"publisher\":{\"@id\":\"https:\\\/\\\/tce.pb.gov.br\\\/portalprimeirainfancia\\\/#organization\"},\"potentialAction\":[{\"@type\":\"SearchAction\",\"target\":{\"@type\":\"EntryPoint\",\"urlTemplate\":\"https:\\\/\\\/tce.pb.gov.br\\\/portalprimeirainfancia\\\/?s={search_term_string}\"},\"query-input\":{\"@type\":\"PropertyValueSpecification\",\"valueRequired\":true,\"valueName\":\"search_term_string\"}}],\"inLanguage\":\"pt-BR\"},{\"@type\":\"Organization\",\"@id\":\"https:\\\/\\\/tce.pb.gov.br\\\/portalprimeirainfancia\\\/#organization\",\"name\":\"Pacto Paraibano pela Primeira Inf\u00e2ncia\",\"alternateName\":\"TCE-PB\",\"url\":\"https:\\\/\\\/tce.pb.gov.br\\\/portalprimeirainfancia\\\/\",\"logo\":{\"@type\":\"ImageObject\",\"inLanguage\":\"pt-BR\",\"@id\":\"https:\\\/\\\/tce.pb.gov.br\\\/portalprimeirainfancia\\\/#\\\/schema\\\/logo\\\/image\\\/\",\"url\":\"https:\\\/\\\/tce.pb.gov.br\\\/portalprimeirainfancia\\\/wp-content\\\/uploads\\\/2025\\\/05\\\/Pacto-Whatsapp.png\",\"contentUrl\":\"https:\\\/\\\/tce.pb.gov.br\\\/portalprimeirainfancia\\\/wp-content\\\/uploads\\\/2025\\\/05\\\/Pacto-Whatsapp.png\",\"width\":427,\"height\":427,\"caption\":\"Pacto Paraibano pela Primeira Inf\u00e2ncia\"},\"image\":{\"@id\":\"https:\\\/\\\/tce.pb.gov.br\\\/portalprimeirainfancia\\\/#\\\/schema\\\/logo\\\/image\\\/\"},\"sameAs\":[\"https:\\\/\\\/www.instagram.com\\\/tcepb\\\/\"]},{\"@type\":\"Person\",\"@id\":\"https:\\\/\\\/tce.pb.gov.br\\\/portalprimeirainfancia\\\/#\\\/schema\\\/person\\\/6a39eea5836dda604de1c5e5b7d62141\",\"name\":\"Rafael Massoni\"}]}<\/script>\n<!-- \/ Yoast SEO plugin. -->","yoast_head_json":{"title":"TCE-PB capacita gestores municipais para inclus\u00e3o de pol\u00edticas p\u00fablicas na Primeira Inf\u00e2ncia %","description":"TCE-PB capacita gestores municipais para inclus\u00e3o de pol\u00edticas p\u00fablicas na Primeira Inf\u00e2ncia %","robots":{"index":"index","follow":"follow","max-snippet":"max-snippet:-1","max-image-preview":"max-image-preview:large","max-video-preview":"max-video-preview:-1"},"canonical":"https:\/\/tce.pb.gov.br\/portalprimeirainfancia\/tce-pb-capacita-gestores-municipais-para-inclusao-de-politicas-publicas-na-primeira-infancia\/","og_locale":"pt_BR","og_type":"article","og_title":"TCE-PB capacita gestores municipais para inclus\u00e3o de pol\u00edticas p\u00fablicas na Primeira Inf\u00e2ncia %","og_description":"TCE-PB capacita gestores municipais para inclus\u00e3o de pol\u00edticas p\u00fablicas na Primeira Inf\u00e2ncia %","og_url":"https:\/\/tce.pb.gov.br\/portalprimeirainfancia\/tce-pb-capacita-gestores-municipais-para-inclusao-de-politicas-publicas-na-primeira-infancia\/","og_site_name":"Pacto Paraibano pela Primeira Inf\u00e2ncia","article_published_time":"2025-03-28T14:58:00+00:00","article_modified_time":"2025-04-23T23:03:27+00:00","og_image":[{"width":1024,"height":686,"url":"https:\/\/tce.pb.gov.br\/portalprimeirainfancia\/wp-content\/uploads\/2025\/04\/C.G-5-1024x686-2.jpg","type":"image\/jpeg"}],"author":"Rafael Massoni","twitter_card":"summary_large_image","twitter_misc":{"Escrito por":"Rafael Massoni","Est. tempo de leitura":"4 minutos"},"schema":{"@context":"https:\/\/schema.org","@graph":[{"@type":"NewsArticle","@id":"https:\/\/tce.pb.gov.br\/portalprimeirainfancia\/tce-pb-capacita-gestores-municipais-para-inclusao-de-politicas-publicas-na-primeira-infancia\/#article","isPartOf":{"@id":"https:\/\/tce.pb.gov.br\/portalprimeirainfancia\/tce-pb-capacita-gestores-municipais-para-inclusao-de-politicas-publicas-na-primeira-infancia\/"},"author":{"name":"Rafael Massoni","@id":"https:\/\/tce.pb.gov.br\/portalprimeirainfancia\/#\/schema\/person\/6a39eea5836dda604de1c5e5b7d62141"},"headline":"TCE-PB capacita gestores municipais para inclus\u00e3o de pol\u00edticas p\u00fablicas na Primeira Inf\u00e2ncia","datePublished":"2025-03-28T14:58:00+00:00","dateModified":"2025-04-23T23:03:27+00:00","mainEntityOfPage":{"@id":"https:\/\/tce.pb.gov.br\/portalprimeirainfancia\/tce-pb-capacita-gestores-municipais-para-inclusao-de-politicas-publicas-na-primeira-infancia\/"},"wordCount":740,"publisher":{"@id":"https:\/\/tce.pb.gov.br\/portalprimeirainfancia\/#organization"},"image":{"@id":"https:\/\/tce.pb.gov.br\/portalprimeirainfancia\/tce-pb-capacita-gestores-municipais-para-inclusao-de-politicas-publicas-na-primeira-infancia\/#primaryimage"},"thumbnailUrl":"https:\/\/tce.pb.gov.br\/portalprimeirainfancia\/wp-content\/uploads\/2025\/04\/C.G-5-1024x686-2.jpg","articleSection":["Not\u00edcias"],"inLanguage":"pt-BR"},{"@type":"WebPage","@id":"https:\/\/tce.pb.gov.br\/portalprimeirainfancia\/tce-pb-capacita-gestores-municipais-para-inclusao-de-politicas-publicas-na-primeira-infancia\/","url":"https:\/\/tce.pb.gov.br\/portalprimeirainfancia\/tce-pb-capacita-gestores-municipais-para-inclusao-de-politicas-publicas-na-primeira-infancia\/","name":"TCE-PB capacita gestores municipais para inclus\u00e3o de pol\u00edticas p\u00fablicas na Primeira Inf\u00e2ncia %","isPartOf":{"@id":"https:\/\/tce.pb.gov.br\/portalprimeirainfancia\/#website"},"primaryImageOfPage":{"@id":"https:\/\/tce.pb.gov.br\/portalprimeirainfancia\/tce-pb-capacita-gestores-municipais-para-inclusao-de-politicas-publicas-na-primeira-infancia\/#primaryimage"},"image":{"@id":"https:\/\/tce.pb.gov.br\/portalprimeirainfancia\/tce-pb-capacita-gestores-municipais-para-inclusao-de-politicas-publicas-na-primeira-infancia\/#primaryimage"},"thumbnailUrl":"https:\/\/tce.pb.gov.br\/portalprimeirainfancia\/wp-content\/uploads\/2025\/04\/C.G-5-1024x686-2.jpg","datePublished":"2025-03-28T14:58:00+00:00","dateModified":"2025-04-23T23:03:27+00:00","description":"TCE-PB capacita gestores municipais para inclus\u00e3o de pol\u00edticas p\u00fablicas na Primeira Inf\u00e2ncia %","breadcrumb":{"@id":"https:\/\/tce.pb.gov.br\/portalprimeirainfancia\/tce-pb-capacita-gestores-municipais-para-inclusao-de-politicas-publicas-na-primeira-infancia\/#breadcrumb"},"inLanguage":"pt-BR","potentialAction":[{"@type":"ReadAction","target":["https:\/\/tce.pb.gov.br\/portalprimeirainfancia\/tce-pb-capacita-gestores-municipais-para-inclusao-de-politicas-publicas-na-primeira-infancia\/"]}]},{"@type":"ImageObject","inLanguage":"pt-BR","@id":"https:\/\/tce.pb.gov.br\/portalprimeirainfancia\/tce-pb-capacita-gestores-municipais-para-inclusao-de-politicas-publicas-na-primeira-infancia\/#primaryimage","url":"https:\/\/tce.pb.gov.br\/portalprimeirainfancia\/wp-content\/uploads\/2025\/04\/C.G-5-1024x686-2.jpg","contentUrl":"https:\/\/tce.pb.gov.br\/portalprimeirainfancia\/wp-content\/uploads\/2025\/04\/C.G-5-1024x686-2.jpg","width":1024,"height":686},{"@type":"BreadcrumbList","@id":"https:\/\/tce.pb.gov.br\/portalprimeirainfancia\/tce-pb-capacita-gestores-municipais-para-inclusao-de-politicas-publicas-na-primeira-infancia\/#breadcrumb","itemListElement":[{"@type":"ListItem","position":1,"name":"In\u00edcio","item":"https:\/\/tce.pb.gov.br\/portalprimeirainfancia\/"},{"@type":"ListItem","position":2,"name":"TCE-PB capacita gestores municipais para inclus\u00e3o de pol\u00edticas p\u00fablicas na Primeira Inf\u00e2ncia"}]},{"@type":"WebSite","@id":"https:\/\/tce.pb.gov.br\/portalprimeirainfancia\/#website","url":"https:\/\/tce.pb.gov.br\/portalprimeirainfancia\/","name":"Pacto Paraibano pela Primeira Inf\u00e2ncia","description":"Portal para divulga\u00e7\u00e3o do Pacto Paraibano pela Primeira Inf\u00e2ncia","publisher":{"@id":"https:\/\/tce.pb.gov.br\/portalprimeirainfancia\/#organization"},"potentialAction":[{"@type":"SearchAction","target":{"@type":"EntryPoint","urlTemplate":"https:\/\/tce.pb.gov.br\/portalprimeirainfancia\/?s={search_term_string}"},"query-input":{"@type":"PropertyValueSpecification","valueRequired":true,"valueName":"search_term_string"}}],"inLanguage":"pt-BR"},{"@type":"Organization","@id":"https:\/\/tce.pb.gov.br\/portalprimeirainfancia\/#organization","name":"Pacto Paraibano pela Primeira Inf\u00e2ncia","alternateName":"TCE-PB","url":"https:\/\/tce.pb.gov.br\/portalprimeirainfancia\/","logo":{"@type":"ImageObject","inLanguage":"pt-BR","@id":"https:\/\/tce.pb.gov.br\/portalprimeirainfancia\/#\/schema\/logo\/image\/","url":"https:\/\/tce.pb.gov.br\/portalprimeirainfancia\/wp-content\/uploads\/2025\/05\/Pacto-Whatsapp.png","contentUrl":"https:\/\/tce.pb.gov.br\/portalprimeirainfancia\/wp-content\/uploads\/2025\/05\/Pacto-Whatsapp.png","width":427,"height":427,"caption":"Pacto Paraibano pela Primeira Inf\u00e2ncia"},"image":{"@id":"https:\/\/tce.pb.gov.br\/portalprimeirainfancia\/#\/schema\/logo\/image\/"},"sameAs":["https:\/\/www.instagram.com\/tcepb\/"]},{"@type":"Person","@id":"https:\/\/tce.pb.gov.br\/portalprimeirainfancia\/#\/schema\/person\/6a39eea5836dda604de1c5e5b7d62141","name":"Rafael Massoni"}]}},"jetpack_featured_media_url":"https:\/\/tce.pb.gov.br\/portalprimeirainfancia\/wp-content\/uploads\/2025\/04\/C.G-5-1024x686-2.jpg","jetpack_sharing_enabled":true,"_links":{"self":[{"href":"https:\/\/tce.pb.gov.br\/portalprimeirainfancia\/wp-json\/wp\/v2\/posts\/800","targetHints":{"allow":["GET"]}}],"collection":[{"href":"https:\/\/tce.pb.gov.br\/portalprimeirainfancia\/wp-json\/wp\/v2\/posts"}],"about":[{"href":"https:\/\/tce.pb.gov.br\/portalprimeirainfancia\/wp-json\/wp\/v2\/types\/post"}],"author":[{"embeddable":true,"href":"https:\/\/tce.pb.gov.br\/portalprimeirainfancia\/wp-json\/wp\/v2\/users\/6"}],"replies":[{"embeddable":true,"href":"https:\/\/tce.pb.gov.br\/portalprimeirainfancia\/wp-json\/wp\/v2\/comments?post=800"}],"version-history":[{"count":1,"href":"https:\/\/tce.pb.gov.br\/portalprimeirainfancia\/wp-json\/wp\/v2\/posts\/800\/revisions"}],"predecessor-version":[{"id":2126,"href":"https:\/\/tce.pb.gov.br\/portalprimeirainfancia\/wp-json\/wp\/v2\/posts\/800\/revisions\/2126"}],"wp:featuredmedia":[{"embeddable":true,"href":"https:\/\/tce.pb.gov.br\/portalprimeirainfancia\/wp-json\/wp\/v2\/media\/801"}],"wp:attachment":[{"href":"https:\/\/tce.pb.gov.br\/portalprimeirainfancia\/wp-json\/wp\/v2\/media?parent=800"}],"wp:term":[{"taxonomy":"category","embeddable":true,"href":"https:\/\/tce.pb.gov.br\/portalprimeirainfancia\/wp-json\/wp\/v2\/categories?post=800"},{"taxonomy":"post_tag","embeddable":true,"href":"https:\/\/tce.pb.gov.br\/portalprimeirainfancia\/wp-json\/wp\/v2\/tags?post=800"}],"curies":[{"name":"wp","href":"https:\/\/api.w.org\/{rel}","templated":true}]}}