{"id":785,"date":"2025-04-08T11:54:34","date_gmt":"2025-04-08T14:54:34","guid":{"rendered":"https:\/\/tce.pb.gov.br\/portalprimeirainfancia\/?p=785"},"modified":"2025-04-21T13:19:44","modified_gmt":"2025-04-21T16:19:44","slug":"em-seminario-estrategia-brasil-presidente-do-tce-pb-convoca-gestores-para-lancamento-do-pacto-primeira-infancia","status":"publish","type":"post","link":"https:\/\/tce.pb.gov.br\/portalprimeirainfancia\/em-seminario-estrategia-brasil-presidente-do-tce-pb-convoca-gestores-para-lancamento-do-pacto-primeira-infancia\/","title":{"rendered":"Em semin\u00e1rio Estrat\u00e9gia Brasil, presidente do TCE-PB convoca gestores para lan\u00e7amento do Pacto Primeira Inf\u00e2ncia\u00a0"},"content":{"rendered":"\n<figure class=\"wp-block-image aligncenter size-large\"><img fetchpriority=\"high\" decoding=\"async\" width=\"1024\" height=\"706\" src=\"https:\/\/tce.pb.gov.br\/portalprimeirainfancia\/wp-content\/uploads\/2025\/04\/MG_8087-2048x1412-2-1024x706.jpg\" alt=\"\" class=\"wp-image-792\" srcset=\"https:\/\/tce.pb.gov.br\/portalprimeirainfancia\/wp-content\/uploads\/2025\/04\/MG_8087-2048x1412-2-1024x706.jpg 1024w, https:\/\/tce.pb.gov.br\/portalprimeirainfancia\/wp-content\/uploads\/2025\/04\/MG_8087-2048x1412-2-300x207.jpg 300w, https:\/\/tce.pb.gov.br\/portalprimeirainfancia\/wp-content\/uploads\/2025\/04\/MG_8087-2048x1412-2-768x530.jpg 768w, https:\/\/tce.pb.gov.br\/portalprimeirainfancia\/wp-content\/uploads\/2025\/04\/MG_8087-2048x1412-2-1536x1059.jpg 1536w, https:\/\/tce.pb.gov.br\/portalprimeirainfancia\/wp-content\/uploads\/2025\/04\/MG_8087-2048x1412-2.jpg 2048w\" sizes=\"(max-width: 1024px) 100vw, 1024px\" \/><\/figure>\n\n\n\n<p>O presidente do Tribunal de Contas da Para\u00edba (TCE-PB), conselheiro F\u00e1bio Nogueira, convocou gestores para o lan\u00e7amento do \u201cPacto Paraibano pela Primeira Inf\u00e2ncia\u201d durante sua participa\u00e7\u00e3o no semin\u00e1rio \u201cDi\u00e1logos para a Constru\u00e7\u00e3o da Estrat\u00e9gia Brasil 2025-2050\u201d, realizado nesta quinta-feira (3) no audit\u00f3rio do Shopping Sebrae, em Jo\u00e3o Pessoa. O evento foi promovido pelo Minist\u00e9rio do Planejamento e Or\u00e7amento.<\/p>\n\n\n\n<p>A iniciativa busca promover um debate sobre os caminhos para o desenvolvimento sustent\u00e1vel e a constru\u00e7\u00e3o de um Brasil mais inovador, inclusivo e competitivo nas pr\u00f3ximas d\u00e9cadas.<\/p>\n\n\n\n<p>A secret\u00e1ria nacional de Planejamento do Governo Federal, Virg\u00ednia de \u00c2ngelis, participou do evento e destacou que a Para\u00edba est\u00e1 entre os primeiros estados a receber o semin\u00e1rio, por meio das a\u00e7\u00f5es do Minist\u00e9rio do Planejamento e Or\u00e7amento. \u201cEsses di\u00e1logos t\u00eam como objetivo acolher as demandas de todos os estados e regi\u00f5es do pa\u00eds para que o nosso planejamento leve em considera\u00e7\u00e3o as diversas necessidades. Eles tamb\u00e9m s\u00e3o um instrumento de transpar\u00eancia e monitoramento das a\u00e7\u00f5es\u201d, explicou.<\/p>\n\n\n\n<p>No evento, o presidente F\u00e1bio Nogueira ressaltou a import\u00e2ncia do planejamento para evitar erros recorrentes na administra\u00e7\u00e3o p\u00fablica. \u201cOs grandes problemas que n\u00f3s enfrentamos ou percebemos ao analisar as gest\u00f5es p\u00fablicas, na maioria das vezes, decorrem da falta de planejamento. S\u00e3o in\u00fameros, s\u00e3o m\u00faltiplos\u201d, afirmou. Ele destacou que iniciativas como essa, que envolvem diversos setores da sociedade, s\u00e3o fundamentais para pensar grande e construir um Brasil melhor.<\/p>\n\n\n\n<p>O conselheiro tamb\u00e9m alertou para os desafios que o pa\u00eds enfrentar\u00e1 nos pr\u00f3ximos anos, como as mudan\u00e7as clim\u00e1ticas e o envelhecimento da popula\u00e7\u00e3o. \u201cPercebo que a necessidade de investimentos em sa\u00fade ser\u00e1 t\u00e3o demandada quanto em educa\u00e7\u00e3o\u201d, pontuou, refor\u00e7ando a urg\u00eancia de um planejamento eficaz.<\/p>\n\n\n\n<p>O evento reuniu especialistas, representantes da sociedade civil e do setor produtivo para, de forma colaborativa, elaborar um plano nacional com metas para os pr\u00f3ximos 25 anos.<\/p>\n\n\n\n<p><strong>Lan\u00e7amento do Pacto Paraibano pela Primeira Inf\u00e2ncia<\/strong><\/p>\n\n\n\n<p>F\u00e1bio Nogueira anunciou que o TCE-PB lan\u00e7ar\u00e1, no dia 28 de abril, o Pacto Paraibano pela Primeira Inf\u00e2ncia. \u201cO Tribunal de Contas percebe que h\u00e1 v\u00e1rias iniciativas louv\u00e1veis, mas que atuam de forma isolada, como ilhas. \u00c9 preciso uma articula\u00e7\u00e3o para unir todas essas a\u00e7\u00f5es\u201d, explicou.<\/p>\n\n\n\n<p>O convite para o lan\u00e7amento do pacto foi estendido a todos os presentes, que foram incentivados a colaborar no fortalecimento das pol\u00edticas voltadas para a primeira inf\u00e2ncia. \u201cEstamos propondo um grande desafio e n\u00e3o queremos interferir na autonomia de quem j\u00e1 atua nessa \u00e1rea. Queremos colaborar com nossa expertise\u201d, afirmou o presidente do TCE-PB.<\/p>\n\n\n\n<p>F\u00e1bio Nogueira encerrou sua participa\u00e7\u00e3o ressaltando a necessidade de incluir a educa\u00e7\u00e3o infantil como um eixo central nas discuss\u00f5es sobre planejamento. \u201cUma crian\u00e7a que nasce \u00e0 margem est\u00e1 fadada a ter dificuldades. N\u00e3o podemos assistir de bra\u00e7os cruzados\u201d, disse, enfatizando que o desenvolvimento humano come\u00e7a na inf\u00e2ncia e que a sociedade deve se mobilizar para garantir oportunidades iguais para todos.<\/p>\n\n\n\n<style id=\"bwg-style-0\">    #bwg_container1_0 #bwg_container2_0 .bwg-container-0.bwg-standard-thumbnails {      width: 704px;              justify-content: center;        margin:0 auto !important;              background-color: rgba(255, 255, 255, 0.00);            padding-left: 4px;      padding-top: 4px;      max-width: 100%;            }        #bwg_container1_0 #bwg_container2_0 .bwg-container-0.bwg-standard-thumbnails .bwg-item {    justify-content: flex-end;      max-width: 140px;          }    #bwg_container1_0 #bwg_container2_0 .bwg-container-0.bwg-standard-thumbnails .bwg-item a {       margin-right: 4px;       margin-bottom: 4px;    }    #bwg_container1_0 #bwg_container2_0 .bwg-container-0.bwg-standard-thumbnails .bwg-item0 {      padding: 0px;            background-color:rgba(0,0,0, 0.30);      border: 0px none #CCCCCC;      opacity: 1.00;      border-radius: 0;      box-shadow: ;    }    #bwg_container1_0 #bwg_container2_0 .bwg-container-0.bwg-standard-thumbnails .bwg-item1 img {      max-height: none;      max-width: none;      padding: 0 !important;    }         @media only screen and (min-width: 480px) {\t\t#bwg_container1_0 #bwg_container2_0 .bwg-container-0.bwg-standard-thumbnails .bwg-item1 img {\t\t\t-webkit-transition: all .3s; transition: all .3s;\t\t}\t\t#bwg_container1_0 #bwg_container2_0 .bwg-container-0.bwg-standard-thumbnails .bwg-item1 img:hover {\t\t\t-ms-transform: scale(1.08);\t\t\t-webkit-transform: scale(1.08);\t\t\ttransform: scale(1.08);\t\t}\t\t      }\t    #bwg_container1_0 #bwg_container2_0 .bwg-container-0.bwg-standard-thumbnails .bwg-item1 {      padding-top: 100%;    }        #bwg_container1_0 #bwg_container2_0 .bwg-container-0.bwg-standard-thumbnails .bwg-title2,    #bwg_container1_0 #bwg_container2_0 .bwg-container-0.bwg-standard-thumbnails .bwg-ecommerce2 {      color: #323A45;      font-family: Roboto;      font-size: 16px;      font-weight: bold;      padding: 0px 0px 20px 0px;      text-shadow: ;      max-height: 100%;    }    #bwg_container1_0 #bwg_container2_0 .bwg-container-0.bwg-standard-thumbnails .bwg-thumb-description span {    color: #323A45;    font-family: Ubuntu;    font-size: 12px;    max-height: 100%;    word-wrap: break-word;    }    #bwg_container1_0 #bwg_container2_0 .bwg-container-0.bwg-standard-thumbnails .bwg-play-icon2 {      font-size: 32px;    }    #bwg_container1_0 #bwg_container2_0 .bwg-container-0.bwg-standard-thumbnails .bwg-ecommerce2 {      font-size: 19.2px;      color: #323A45;    }    <\/style>    <div id=\"bwg_container1_0\"         class=\"bwg_container bwg_thumbnail bwg_thumbnails \"         data-right-click-protection=\"0\"         data-bwg=\"0\"         data-scroll=\"0\"         data-gallery-type=\"thumbnails\"         data-gallery-view-type=\"thumbnails\"         data-current-url=\"\/portalprimeirainfancia\/wp-json\/wp\/v2\/posts\/785\"         data-lightbox-url=\"https:\/\/tce.pb.gov.br\/portalprimeirainfancia\/wp-admin\/admin-ajax.php?action=GalleryBox&#038;current_view=0&#038;gallery_id=13&#038;tag=0&#038;theme_id=1&#038;shortcode_id=29&#038;sort_by=order&#038;order_by=asc&#038;current_url=%2Fportalprimeirainfancia%2Fwp-json%2Fwp%2Fv2%2Fposts%2F785\"         data-gallery-id=\"13\"         data-popup-width=\"800\"         data-popup-height=\"500\"         data-is-album=\"gallery\"         data-buttons-position=\"bottom\">      <div id=\"bwg_container2_0\">             <div id=\"ajax_loading_0\" class=\"bwg_loading_div_1\">      <div class=\"bwg_loading_div_2\">        <div class=\"bwg_loading_div_3\">          <div id=\"loading_div_0\" class=\"bwg_spider_ajax_loading\">          <\/div>        <\/div>      <\/div>    <\/div>            <form id=\"gal_front_form_0\"              class=\"bwg-hidden\"              method=\"post\"              action=\"#\"              data-current=\"0\"              data-shortcode-id=\"29\"              data-gallery-type=\"thumbnails\"              data-gallery-id=\"13\"              data-tag=\"0\"              data-album-id=\"0\"              data-theme-id=\"1\"              data-ajax-url=\"https:\/\/tce.pb.gov.br\/portalprimeirainfancia\/wp-admin\/admin-ajax.php?action=bwg_frontend_data\">          <div id=\"bwg_container3_0\" class=\"bwg-background bwg-background-0\">                <div data-max-count=\"5\"         data-thumbnail-width=\"140\"         data-bwg=\"0\"         data-gallery-id=\"13\"         data-lightbox-url=\"https:\/\/tce.pb.gov.br\/portalprimeirainfancia\/wp-admin\/admin-ajax.php?action=GalleryBox&amp;current_view=0&amp;gallery_id=13&amp;tag=0&amp;theme_id=1&amp;shortcode_id=29&amp;sort_by=order&amp;order_by=asc&amp;current_url=%2Fportalprimeirainfancia%2Fwp-json%2Fwp%2Fv2%2Fposts%2F785\"         id=\"bwg_thumbnails_0\"         class=\"bwg-container-0 bwg-thumbnails bwg-standard-thumbnails bwg-container bwg-border-box\">            <div class=\"bwg-item\">        <a class=\"bwg-a  bwg_lightbox\"  data-image-id=\"438\" href=\"https:\/\/tce.pb.gov.br\/portalprimeirainfancia\/wp-content\/uploads\/photo-gallery\/MG_8046.jpg?bwg=1744727212\" data-elementor-open-lightbox=\"no\">                <div class=\"bwg-item0 \">          <div class=\"bwg-item1 \">            <div class=\"bwg-item2\">              <img decoding=\"async\" class=\"skip-lazy bwg_standart_thumb_img_0 \"                   data-id=\"438\"                   data-width=\"250.00\"                   data-height=\"167.00\"                   data-src=\"https:\/\/tce.pb.gov.br\/portalprimeirainfancia\/wp-content\/uploads\/photo-gallery\/thumb\/MG_8046.jpg?bwg=1744727212\"                   src=\"https:\/\/tce.pb.gov.br\/portalprimeirainfancia\/wp-content\/uploads\/photo-gallery\/thumb\/MG_8046.jpg?bwg=1744727212\"                   alt=\"\"                   title=\"\" \/>            <\/div>            <div class=\"\">                                                      <\/div>          <\/div>        <\/div>                        <\/a>              <\/div>            <div class=\"bwg-item\">        <a class=\"bwg-a  bwg_lightbox\"  data-image-id=\"439\" href=\"https:\/\/tce.pb.gov.br\/portalprimeirainfancia\/wp-content\/uploads\/photo-gallery\/MG_8080_(1).jpg?bwg=1744727212\" data-elementor-open-lightbox=\"no\">                <div class=\"bwg-item0 \">          <div class=\"bwg-item1 \">            <div class=\"bwg-item2\">              <img decoding=\"async\" class=\"skip-lazy bwg_standart_thumb_img_0 \"                   data-id=\"439\"                   data-width=\"250.00\"                   data-height=\"167.00\"                   data-src=\"https:\/\/tce.pb.gov.br\/portalprimeirainfancia\/wp-content\/uploads\/photo-gallery\/thumb\/MG_8080_(1).jpg?bwg=1744727212\"                   src=\"https:\/\/tce.pb.gov.br\/portalprimeirainfancia\/wp-content\/uploads\/photo-gallery\/thumb\/MG_8080_(1).jpg?bwg=1744727212\"                   alt=\"\"                   title=\"\" \/>            <\/div>            <div class=\"\">                                                      <\/div>          <\/div>        <\/div>                        <\/a>              <\/div>            <div class=\"bwg-item\">        <a class=\"bwg-a  bwg_lightbox\"  data-image-id=\"440\" href=\"https:\/\/tce.pb.gov.br\/portalprimeirainfancia\/wp-content\/uploads\/photo-gallery\/MG_8049.jpg?bwg=1744727212\" data-elementor-open-lightbox=\"no\">                <div class=\"bwg-item0 \">          <div class=\"bwg-item1 \">            <div class=\"bwg-item2\">              <img decoding=\"async\" class=\"skip-lazy bwg_standart_thumb_img_0 \"                   data-id=\"440\"                   data-width=\"250.00\"                   data-height=\"167.00\"                   data-src=\"https:\/\/tce.pb.gov.br\/portalprimeirainfancia\/wp-content\/uploads\/photo-gallery\/thumb\/MG_8049.jpg?bwg=1744727212\"                   src=\"https:\/\/tce.pb.gov.br\/portalprimeirainfancia\/wp-content\/uploads\/photo-gallery\/thumb\/MG_8049.jpg?bwg=1744727212\"                   alt=\"\"                   title=\"\" \/>            <\/div>            <div class=\"\">                                                      <\/div>          <\/div>        <\/div>                        <\/a>              <\/div>            <div class=\"bwg-item\">        <a class=\"bwg-a  bwg_lightbox\"  data-image-id=\"441\" href=\"https:\/\/tce.pb.gov.br\/portalprimeirainfancia\/wp-content\/uploads\/photo-gallery\/MG_8082_(1).jpg?bwg=1744727212\" data-elementor-open-lightbox=\"no\">                <div class=\"bwg-item0 \">          <div class=\"bwg-item1 \">            <div class=\"bwg-item2\">              <img decoding=\"async\" class=\"skip-lazy bwg_standart_thumb_img_0 \"                   data-id=\"441\"                   data-width=\"250.00\"                   data-height=\"164.00\"                   data-src=\"https:\/\/tce.pb.gov.br\/portalprimeirainfancia\/wp-content\/uploads\/photo-gallery\/thumb\/MG_8082_(1).jpg?bwg=1744727212\"                   src=\"https:\/\/tce.pb.gov.br\/portalprimeirainfancia\/wp-content\/uploads\/photo-gallery\/thumb\/MG_8082_(1).jpg?bwg=1744727212\"                   alt=\"\"                   title=\"\" \/>            <\/div>            <div class=\"\">                                                      <\/div>          <\/div>        <\/div>                        <\/a>              <\/div>            <div class=\"bwg-item\">        <a class=\"bwg-a  bwg_lightbox\"  data-image-id=\"442\" href=\"https:\/\/tce.pb.gov.br\/portalprimeirainfancia\/wp-content\/uploads\/photo-gallery\/MG_8003.jpg?bwg=1744727212\" data-elementor-open-lightbox=\"no\">                <div class=\"bwg-item0 \">          <div class=\"bwg-item1 \">            <div class=\"bwg-item2\">              <img decoding=\"async\" class=\"skip-lazy bwg_standart_thumb_img_0 \"                   data-id=\"442\"                   data-width=\"250.00\"                   data-height=\"167.00\"                   data-src=\"https:\/\/tce.pb.gov.br\/portalprimeirainfancia\/wp-content\/uploads\/photo-gallery\/thumb\/MG_8003.jpg?bwg=1744727212\"                   src=\"https:\/\/tce.pb.gov.br\/portalprimeirainfancia\/wp-content\/uploads\/photo-gallery\/thumb\/MG_8003.jpg?bwg=1744727212\"                   alt=\"\"                   title=\"\" \/>            <\/div>            <div class=\"\">                                                      <\/div>          <\/div>        <\/div>                        <\/a>              <\/div>            <div class=\"bwg-item\">        <a class=\"bwg-a  bwg_lightbox\"  data-image-id=\"443\" href=\"https:\/\/tce.pb.gov.br\/portalprimeirainfancia\/wp-content\/uploads\/photo-gallery\/MG_8010.jpg?bwg=1744727212\" data-elementor-open-lightbox=\"no\">                <div class=\"bwg-item0 \">          <div class=\"bwg-item1 \">            <div class=\"bwg-item2\">              <img decoding=\"async\" class=\"skip-lazy bwg_standart_thumb_img_0 \"                   data-id=\"443\"                   data-width=\"250.00\"                   data-height=\"167.00\"                   data-src=\"https:\/\/tce.pb.gov.br\/portalprimeirainfancia\/wp-content\/uploads\/photo-gallery\/thumb\/MG_8010.jpg?bwg=1744727212\"                   src=\"https:\/\/tce.pb.gov.br\/portalprimeirainfancia\/wp-content\/uploads\/photo-gallery\/thumb\/MG_8010.jpg?bwg=1744727212\"                   alt=\"\"                   title=\"\" \/>            <\/div>            <div class=\"\">                                                      <\/div>          <\/div>        <\/div>                        <\/a>              <\/div>            <div class=\"bwg-item\">        <a class=\"bwg-a  bwg_lightbox\"  data-image-id=\"444\" href=\"https:\/\/tce.pb.gov.br\/portalprimeirainfancia\/wp-content\/uploads\/photo-gallery\/MG_8035.jpg?bwg=1744727212\" data-elementor-open-lightbox=\"no\">                <div class=\"bwg-item0 \">          <div class=\"bwg-item1 \">            <div class=\"bwg-item2\">              <img decoding=\"async\" class=\"skip-lazy bwg_standart_thumb_img_0 \"                   data-id=\"444\"                   data-width=\"250.00\"                   data-height=\"167.00\"                   data-src=\"https:\/\/tce.pb.gov.br\/portalprimeirainfancia\/wp-content\/uploads\/photo-gallery\/thumb\/MG_8035.jpg?bwg=1744727212\"                   src=\"https:\/\/tce.pb.gov.br\/portalprimeirainfancia\/wp-content\/uploads\/photo-gallery\/thumb\/MG_8035.jpg?bwg=1744727212\"                   alt=\"\"                   title=\"\" \/>            <\/div>            <div class=\"\">                                                      <\/div>          <\/div>        <\/div>                        <\/a>              <\/div>            <div class=\"bwg-item\">        <a class=\"bwg-a  bwg_lightbox\"  data-image-id=\"445\" href=\"https:\/\/tce.pb.gov.br\/portalprimeirainfancia\/wp-content\/uploads\/photo-gallery\/MG_8043.jpg?bwg=1744727212\" data-elementor-open-lightbox=\"no\">                <div class=\"bwg-item0 \">          <div class=\"bwg-item1 \">            <div class=\"bwg-item2\">              <img decoding=\"async\" class=\"skip-lazy bwg_standart_thumb_img_0 \"                   data-id=\"445\"                   data-width=\"250.00\"                   data-height=\"167.00\"                   data-src=\"https:\/\/tce.pb.gov.br\/portalprimeirainfancia\/wp-content\/uploads\/photo-gallery\/thumb\/MG_8043.jpg?bwg=1744727212\"                   src=\"https:\/\/tce.pb.gov.br\/portalprimeirainfancia\/wp-content\/uploads\/photo-gallery\/thumb\/MG_8043.jpg?bwg=1744727212\"                   alt=\"\"                   title=\"\" \/>            <\/div>            <div class=\"\">                                                      <\/div>          <\/div>        <\/div>                        <\/a>              <\/div>            <div class=\"bwg-item\">        <a class=\"bwg-a  bwg_lightbox\"  data-image-id=\"446\" href=\"https:\/\/tce.pb.gov.br\/portalprimeirainfancia\/wp-content\/uploads\/photo-gallery\/MG_7954.jpg?bwg=1744727212\" data-elementor-open-lightbox=\"no\">                <div class=\"bwg-item0 \">          <div class=\"bwg-item1 \">            <div class=\"bwg-item2\">              <img decoding=\"async\" class=\"skip-lazy bwg_standart_thumb_img_0 \"                   data-id=\"446\"                   data-width=\"250.00\"                   data-height=\"167.00\"                   data-src=\"https:\/\/tce.pb.gov.br\/portalprimeirainfancia\/wp-content\/uploads\/photo-gallery\/thumb\/MG_7954.jpg?bwg=1744727212\"                   src=\"https:\/\/tce.pb.gov.br\/portalprimeirainfancia\/wp-content\/uploads\/photo-gallery\/thumb\/MG_7954.jpg?bwg=1744727212\"                   alt=\"\"                   title=\"\" \/>            <\/div>            <div class=\"\">                                                      <\/div>          <\/div>        <\/div>                        <\/a>              <\/div>            <div class=\"bwg-item\">        <a class=\"bwg-a  bwg_lightbox\"  data-image-id=\"447\" href=\"https:\/\/tce.pb.gov.br\/portalprimeirainfancia\/wp-content\/uploads\/photo-gallery\/MG_7969.jpg?bwg=1744727212\" data-elementor-open-lightbox=\"no\">                <div class=\"bwg-item0 \">          <div class=\"bwg-item1 \">            <div class=\"bwg-item2\">              <img decoding=\"async\" class=\"skip-lazy bwg_standart_thumb_img_0 \"                   data-id=\"447\"                   data-width=\"250.00\"                   data-height=\"167.00\"                   data-src=\"https:\/\/tce.pb.gov.br\/portalprimeirainfancia\/wp-content\/uploads\/photo-gallery\/thumb\/MG_7969.jpg?bwg=1744727212\"                   src=\"https:\/\/tce.pb.gov.br\/portalprimeirainfancia\/wp-content\/uploads\/photo-gallery\/thumb\/MG_7969.jpg?bwg=1744727212\"                   alt=\"\"                   title=\"\" \/>            <\/div>            <div class=\"\">                                                      <\/div>          <\/div>        <\/div>                        <\/a>              <\/div>            <div class=\"bwg-item\">        <a class=\"bwg-a  bwg_lightbox\"  data-image-id=\"448\" href=\"https:\/\/tce.pb.gov.br\/portalprimeirainfancia\/wp-content\/uploads\/photo-gallery\/MG_7958.jpg?bwg=1744727212\" data-elementor-open-lightbox=\"no\">                <div class=\"bwg-item0 \">          <div class=\"bwg-item1 \">            <div class=\"bwg-item2\">              <img decoding=\"async\" class=\"skip-lazy bwg_standart_thumb_img_0 \"                   data-id=\"448\"                   data-width=\"250.00\"                   data-height=\"167.00\"                   data-src=\"https:\/\/tce.pb.gov.br\/portalprimeirainfancia\/wp-content\/uploads\/photo-gallery\/thumb\/MG_7958.jpg?bwg=1744727212\"                   src=\"https:\/\/tce.pb.gov.br\/portalprimeirainfancia\/wp-content\/uploads\/photo-gallery\/thumb\/MG_7958.jpg?bwg=1744727212\"                   alt=\"\"                   title=\"\" \/>            <\/div>            <div class=\"\">                                                      <\/div>          <\/div>        <\/div>                        <\/a>              <\/div>            <div class=\"bwg-item\">        <a class=\"bwg-a  bwg_lightbox\"  data-image-id=\"449\" href=\"https:\/\/tce.pb.gov.br\/portalprimeirainfancia\/wp-content\/uploads\/photo-gallery\/MG_7986.jpg?bwg=1744727212\" data-elementor-open-lightbox=\"no\">                <div class=\"bwg-item0 \">          <div class=\"bwg-item1 \">            <div class=\"bwg-item2\">              <img decoding=\"async\" class=\"skip-lazy bwg_standart_thumb_img_0 \"                   data-id=\"449\"                   data-width=\"250.00\"                   data-height=\"167.00\"                   data-src=\"https:\/\/tce.pb.gov.br\/portalprimeirainfancia\/wp-content\/uploads\/photo-gallery\/thumb\/MG_7986.jpg?bwg=1744727212\"                   src=\"https:\/\/tce.pb.gov.br\/portalprimeirainfancia\/wp-content\/uploads\/photo-gallery\/thumb\/MG_7986.jpg?bwg=1744727212\"                   alt=\"\"                   title=\"\" \/>            <\/div>            <div class=\"\">                                                      <\/div>          <\/div>        <\/div>                        <\/a>              <\/div>            <div class=\"bwg-item\">        <a class=\"bwg-a  bwg_lightbox\"  data-image-id=\"450\" href=\"https:\/\/tce.pb.gov.br\/portalprimeirainfancia\/wp-content\/uploads\/photo-gallery\/MG_7943.jpg?bwg=1744727212\" data-elementor-open-lightbox=\"no\">                <div class=\"bwg-item0 \">          <div class=\"bwg-item1 \">            <div class=\"bwg-item2\">              <img decoding=\"async\" class=\"skip-lazy bwg_standart_thumb_img_0 \"                   data-id=\"450\"                   data-width=\"250.00\"                   data-height=\"167.00\"                   data-src=\"https:\/\/tce.pb.gov.br\/portalprimeirainfancia\/wp-content\/uploads\/photo-gallery\/thumb\/MG_7943.jpg?bwg=1744727212\"                   src=\"https:\/\/tce.pb.gov.br\/portalprimeirainfancia\/wp-content\/uploads\/photo-gallery\/thumb\/MG_7943.jpg?bwg=1744727212\"                   alt=\"\"                   title=\"\" \/>            <\/div>            <div class=\"\">                                                      <\/div>          <\/div>        <\/div>                        <\/a>              <\/div>            <div class=\"bwg-item\">        <a class=\"bwg-a  bwg_lightbox\"  data-image-id=\"451\" href=\"https:\/\/tce.pb.gov.br\/portalprimeirainfancia\/wp-content\/uploads\/photo-gallery\/MG_7945.jpg?bwg=1744727212\" data-elementor-open-lightbox=\"no\">                <div class=\"bwg-item0 \">          <div class=\"bwg-item1 \">            <div class=\"bwg-item2\">              <img decoding=\"async\" class=\"skip-lazy bwg_standart_thumb_img_0 \"                   data-id=\"451\"                   data-width=\"250.00\"                   data-height=\"167.00\"                   data-src=\"https:\/\/tce.pb.gov.br\/portalprimeirainfancia\/wp-content\/uploads\/photo-gallery\/thumb\/MG_7945.jpg?bwg=1744727212\"                   src=\"https:\/\/tce.pb.gov.br\/portalprimeirainfancia\/wp-content\/uploads\/photo-gallery\/thumb\/MG_7945.jpg?bwg=1744727212\"                   alt=\"\"                   title=\"\" \/>            <\/div>            <div class=\"\">                                                      <\/div>          <\/div>        <\/div>                        <\/a>              <\/div>            <div class=\"bwg-item\">        <a class=\"bwg-a  bwg_lightbox\"  data-image-id=\"452\" href=\"https:\/\/tce.pb.gov.br\/portalprimeirainfancia\/wp-content\/uploads\/photo-gallery\/MG_7940.jpg?bwg=1744727212\" data-elementor-open-lightbox=\"no\">                <div class=\"bwg-item0 \">          <div class=\"bwg-item1 \">            <div class=\"bwg-item2\">              <img decoding=\"async\" class=\"skip-lazy bwg_standart_thumb_img_0 \"                   data-id=\"452\"                   data-width=\"250.00\"                   data-height=\"172.00\"                   data-src=\"https:\/\/tce.pb.gov.br\/portalprimeirainfancia\/wp-content\/uploads\/photo-gallery\/thumb\/MG_7940.jpg?bwg=1744727212\"                   src=\"https:\/\/tce.pb.gov.br\/portalprimeirainfancia\/wp-content\/uploads\/photo-gallery\/thumb\/MG_7940.jpg?bwg=1744727212\"                   alt=\"\"                   title=\"\" \/>            <\/div>            <div class=\"\">                                                      <\/div>          <\/div>        <\/div>                        <\/a>              <\/div>            <div class=\"bwg-item\">        <a class=\"bwg-a  bwg_lightbox\"  data-image-id=\"453\" href=\"https:\/\/tce.pb.gov.br\/portalprimeirainfancia\/wp-content\/uploads\/photo-gallery\/MG_8087_(1).jpg?bwg=1744727212\" data-elementor-open-lightbox=\"no\">                <div class=\"bwg-item0 \">          <div class=\"bwg-item1 \">            <div class=\"bwg-item2\">              <img decoding=\"async\" class=\"skip-lazy bwg_standart_thumb_img_0 \"                   data-id=\"453\"                   data-width=\"250.00\"                   data-height=\"172.00\"                   data-src=\"https:\/\/tce.pb.gov.br\/portalprimeirainfancia\/wp-content\/uploads\/photo-gallery\/thumb\/MG_8087_(1).jpg?bwg=1744727212\"                   src=\"https:\/\/tce.pb.gov.br\/portalprimeirainfancia\/wp-content\/uploads\/photo-gallery\/thumb\/MG_8087_(1).jpg?bwg=1744727212\"                   alt=\"\"                   title=\"\" \/>            <\/div>            <div class=\"\">                                                      <\/div>          <\/div>        <\/div>                        <\/a>              <\/div>            <div class=\"bwg-item\">        <a class=\"bwg-a  bwg_lightbox\"  data-image-id=\"454\" href=\"https:\/\/tce.pb.gov.br\/portalprimeirainfancia\/wp-content\/uploads\/photo-gallery\/MG_7918.jpg?bwg=1744727212\" data-elementor-open-lightbox=\"no\">                <div class=\"bwg-item0 \">          <div class=\"bwg-item1 \">            <div class=\"bwg-item2\">              <img decoding=\"async\" class=\"skip-lazy bwg_standart_thumb_img_0 \"                   data-id=\"454\"                   data-width=\"250.00\"                   data-height=\"167.00\"                   data-src=\"https:\/\/tce.pb.gov.br\/portalprimeirainfancia\/wp-content\/uploads\/photo-gallery\/thumb\/MG_7918.jpg?bwg=1744727212\"                   src=\"https:\/\/tce.pb.gov.br\/portalprimeirainfancia\/wp-content\/uploads\/photo-gallery\/thumb\/MG_7918.jpg?bwg=1744727212\"                   alt=\"\"                   title=\"\" \/>            <\/div>            <div class=\"\">                                                      <\/div>          <\/div>        <\/div>                        <\/a>              <\/div>            <div class=\"bwg-item\">        <a class=\"bwg-a  bwg_lightbox\"  data-image-id=\"455\" href=\"https:\/\/tce.pb.gov.br\/portalprimeirainfancia\/wp-content\/uploads\/photo-gallery\/MG_7908.jpg?bwg=1744727212\" data-elementor-open-lightbox=\"no\">                <div class=\"bwg-item0 \">          <div class=\"bwg-item1 \">            <div class=\"bwg-item2\">              <img decoding=\"async\" class=\"skip-lazy bwg_standart_thumb_img_0 \"                   data-id=\"455\"                   data-width=\"250.00\"                   data-height=\"167.00\"                   data-src=\"https:\/\/tce.pb.gov.br\/portalprimeirainfancia\/wp-content\/uploads\/photo-gallery\/thumb\/MG_7908.jpg?bwg=1744727212\"                   src=\"https:\/\/tce.pb.gov.br\/portalprimeirainfancia\/wp-content\/uploads\/photo-gallery\/thumb\/MG_7908.jpg?bwg=1744727212\"                   alt=\"\"                   title=\"\" \/>            <\/div>            <div class=\"\">                                                      <\/div>          <\/div>        <\/div>                        <\/a>              <\/div>            <div class=\"bwg-item\">        <a class=\"bwg-a  bwg_lightbox\"  data-image-id=\"456\" href=\"https:\/\/tce.pb.gov.br\/portalprimeirainfancia\/wp-content\/uploads\/photo-gallery\/MG_7938.jpg?bwg=1744727212\" data-elementor-open-lightbox=\"no\">                <div class=\"bwg-item0 \">          <div class=\"bwg-item1 \">            <div class=\"bwg-item2\">              <img decoding=\"async\" class=\"skip-lazy bwg_standart_thumb_img_0 \"                   data-id=\"456\"                   data-width=\"250.00\"                   data-height=\"167.00\"                   data-src=\"https:\/\/tce.pb.gov.br\/portalprimeirainfancia\/wp-content\/uploads\/photo-gallery\/thumb\/MG_7938.jpg?bwg=1744727212\"                   src=\"https:\/\/tce.pb.gov.br\/portalprimeirainfancia\/wp-content\/uploads\/photo-gallery\/thumb\/MG_7938.jpg?bwg=1744727212\"                   alt=\"\"                   title=\"\" \/>            <\/div>            <div class=\"\">                                                      <\/div>          <\/div>        <\/div>                        <\/a>              <\/div>          <\/div>    <style>      \/*pagination styles*\/      #bwg_container1_0 #bwg_container2_0 .tablenav-pages_0 {\t\t\t\ttext-align: center;\t\t\t\tfont-size: 12px;\t\t\t\tfont-family: Ubuntu;\t\t\t\tfont-weight: bold;\t\t\t\tcolor: #666666;\t\t\t\tmargin: 6px 0 4px;\t\t\t\tdisplay: block;      }      @media only screen and (max-width : 320px) {      #bwg_container1_0 #bwg_container2_0 .displaying-num_0 {     \t display: none;      }      }      #bwg_container1_0 #bwg_container2_0 .displaying-num_0 {\t\t\t\tfont-size: 12px;\t\t\t\tfont-family: Ubuntu;\t\t\t\tfont-weight: bold;\t\t\t\tcolor: #666666;\t\t\t\tmargin-right: 10px;\t\t\t\tvertical-align: middle;      }      #bwg_container1_0 #bwg_container2_0 .paging-input_0 {\t\t\t\tfont-size: 12px;\t\t\t\tfont-family: Ubuntu;\t\t\t\tfont-weight: bold;\t\t\t\tcolor: #666666;\t\t\t\tvertical-align: middle;      }      #bwg_container1_0 #bwg_container2_0 .tablenav-pages_0 a.disabled,      #bwg_container1_0 #bwg_container2_0 .tablenav-pages_0 a.disabled:hover,      #bwg_container1_0 #bwg_container2_0 .tablenav-pages_0 a.disabled:focus,\t\t\t#bwg_container1_0 #bwg_container2_0 .tablenav-pages_0 input.bwg_current_page {\t\t\t\tcursor: default;\t\t\t\tcolor: rgba(102, 102, 102, 0.5);      }      #bwg_container1_0 #bwg_container2_0 .tablenav-pages_0 a,      #bwg_container1_0 #bwg_container2_0 .tablenav-pages_0 input.bwg_current_page {\t\t\t\tcursor: pointer;\t\t\t\ttext-align: center;\t\t\t\tfont-size: 12px;\t\t\t\tfont-family: Ubuntu;\t\t\t\tfont-weight: bold;\t\t\t\tcolor: #666666;\t\t\t\ttext-decoration: none;\t\t\t\tpadding: 3px 6px;\t\t\t\tmargin: 0;\t\t\t\tborder-radius: 0;\t\t\t\tborder-style: solid;\t\t\t\tborder-width: 1px;\t\t\t\tborder-color: #E3E3E3;\t\t\t\t\t\t\t\tbackground-color: rgba(255, 255, 255, 1.00);\t\t\t\tbox-shadow: 0;\t\t\t\ttransition: all 0.3s ease 0s;-webkit-transition: all 0.3s ease 0s;      }      <\/style>      <span class=\"bwg_nav_cont_0\">              <div class=\"tablenav-pages_0\">                  <\/div>                <input type=\"hidden\" id=\"page_number_0\" name=\"page_number_0\" value=\"1\" \/>      <script type=\"text\/javascript\">        if( jQuery('.bwg_nav_cont_0').length > 1 ) {          jQuery('.bwg_nav_cont_0').first().remove()        }        function spider_page_0(cur, x, y, load_more) {          if (typeof load_more == \"undefined\") {            var load_more = false;          }          if (jQuery(cur).hasClass('disabled')) {            return false;          }          var items_county_0 = 1;          switch (y) {            case 1:              if (x >= items_county_0) {                document.getElementById('page_number_0').value = items_county_0;              }              else {                document.getElementById('page_number_0').value = x + 1;              }              break;            case 2:              document.getElementById('page_number_0').value = items_county_0;              break;            case -1:              if (x == 1) {                document.getElementById('page_number_0').value = 1;              }              else {                document.getElementById('page_number_0').value = x - 1;              }              break;            case -2:              document.getElementById('page_number_0').value = 1;              break;\t\t\t\t\t\tcase 0:              document.getElementById('page_number_0').value = x;              break;            default:              document.getElementById('page_number_0').value = 1;          }          bwg_ajax('gal_front_form_0', '0', 'bwg_thumbnails_0', '0', '', 'gallery', 0, '', '', load_more, '', 1);        }                    jQuery('.first-page-0').on('click', function () {              spider_page_0(this, 1, -2, 'numeric');              return false;            });            jQuery('.prev-page-0').on('click', function () {              spider_page_0(this, 1, -1, 'numeric');              return false;            });            jQuery('.next-page-0').on('click', function () {              spider_page_0(this, 1, 1, 'numeric');              return false;            });            jQuery('.last-page-0').on('click', function () {              spider_page_0(this, 1, 2, 'numeric');              return false;            });        \t\t\t\t\/* Change page on input enter. *\/        function bwg_change_page_0( e, that ) {          if (  e.key == 'Enter' ) {            var to_page = parseInt(jQuery(that).val());            var pages_count = jQuery(that).parents(\".pagination-links\").data(\"pages-count\");            var current_url_param = jQuery(that).attr('data-url-info');            if (to_page > pages_count) {              to_page = 1;            }\t \t\t\t\t\t\t\t\t\t\t\t\tspider_page_0(this, to_page, 0, 'numeric');\t\t\t\t\t\t\treturn false;\t\t\t\t\t\t          }          return true;        }        jQuery('.bwg_load_btn_0').on('click', function () {            spider_page_0(this, 1, 1, true);            return false;        });      <\/script>      <\/span>                <\/div>        <\/form>        <style>          #bwg_container1_0 #bwg_container2_0 #spider_popup_overlay_0 {          background-color: #FFFFFF;          opacity: 0.60;          }          <\/style>        <div id=\"bwg_spider_popup_loading_0\" class=\"bwg_spider_popup_loading\"><\/div>        <div id=\"spider_popup_overlay_0\" class=\"spider_popup_overlay\" onclick=\"spider_destroypopup(1000)\"><\/div>        <input type=\"hidden\" id=\"bwg_random_seed_0\" value=\"850908545\">                <\/div>    <\/div>    <script>      if (document.readyState === 'complete') {        if( typeof bwg_main_ready == 'function' ) {          if ( jQuery(\"#bwg_container1_0\").height() ) {            bwg_main_ready(jQuery(\"#bwg_container1_0\"));          }        }      } else {        document.addEventListener('DOMContentLoaded', function() {          if( typeof bwg_main_ready == 'function' ) {            if ( jQuery(\"#bwg_container1_0\").height() ) {             bwg_main_ready(jQuery(\"#bwg_container1_0\"));            }          }        });      }    <\/script>    \n\n\n\n<p><\/p>\n","protected":false},"excerpt":{"rendered":"<p>O presidente do Tribunal de Contas da Para\u00edba (TCE-PB), conselheiro F\u00e1bio Nogueira, convocou gestores para o lan\u00e7amento do \u201cPacto Paraibano [&hellip;]<\/p>\n","protected":false},"author":6,"featured_media":792,"comment_status":"closed","ping_status":"closed","sticky":false,"template":"","format":"standard","meta":{"site-sidebar-layout":"default","site-content-layout":"","ast-site-content-layout":"","site-content-style":"default","site-sidebar-style":"default","ast-global-header-display":"","ast-banner-title-visibility":"","ast-main-header-display":"","ast-hfb-above-header-display":"","ast-hfb-below-header-display":"","ast-hfb-mobile-header-display":"","site-post-title":"","ast-breadcrumbs-content":"","ast-featured-img":"","footer-sml-layout":"","theme-transparent-header-meta":"","adv-header-id-meta":"","stick-header-meta":"","header-above-stick-meta":"","header-main-stick-meta":"","header-below-stick-meta":"","astra-migrate-meta-layouts":"default","ast-page-background-enabled":"default","ast-page-background-meta":{"desktop":{"background-color":"var(--ast-global-color-5)","background-image":"","background-repeat":"repeat","background-position":"center center","background-size":"auto","background-attachment":"scroll","background-type":"","background-media":"","overlay-type":"","overlay-color":"","overlay-opacity":"","overlay-gradient":""},"tablet":{"background-color":"","background-image":"","background-repeat":"repeat","background-position":"center center","background-size":"auto","background-attachment":"scroll","background-type":"","background-media":"","overlay-type":"","overlay-color":"","overlay-opacity":"","overlay-gradient":""},"mobile":{"background-color":"","background-image":"","background-repeat":"repeat","background-position":"center center","background-size":"auto","background-attachment":"scroll","background-type":"","background-media":"","overlay-type":"","overlay-color":"","overlay-opacity":"","overlay-gradient":""}},"ast-content-background-meta":{"desktop":{"background-color":"var(--ast-global-color-4)","background-image":"","background-repeat":"repeat","background-position":"center center","background-size":"auto","background-attachment":"scroll","background-type":"","background-media":"","overlay-type":"","overlay-color":"","overlay-opacity":"","overlay-gradient":""},"tablet":{"background-color":"var(--ast-global-color-4)","background-image":"","background-repeat":"repeat","background-position":"center center","background-size":"auto","background-attachment":"scroll","background-type":"","background-media":"","overlay-type":"","overlay-color":"","overlay-opacity":"","overlay-gradient":""},"mobile":{"background-color":"var(--ast-global-color-4)","background-image":"","background-repeat":"repeat","background-position":"center center","background-size":"auto","background-attachment":"scroll","background-type":"","background-media":"","overlay-type":"","overlay-color":"","overlay-opacity":"","overlay-gradient":""}},"_jetpack_memberships_contains_paid_content":false,"footnotes":""},"categories":[7],"tags":[],"class_list":["post-785","post","type-post","status-publish","format-standard","has-post-thumbnail","hentry","category-noticias"],"yoast_head":"<!-- This site is optimized with the Yoast SEO plugin v27.5 - https:\/\/yoast.com\/product\/yoast-seo-wordpress\/ -->\n<title>Em semin\u00e1rio Estrat\u00e9gia Brasil, presidente do TCE-PB convoca gestores para lan\u00e7amento do Pacto Primeira Inf\u00e2ncia\u00a0 %<\/title>\n<meta name=\"description\" content=\"Em semin\u00e1rio Estrat\u00e9gia Brasil, presidente do TCE-PB convoca gestores para lan\u00e7amento do Pacto Primeira Inf\u00e2ncia\u00a0 %\" \/>\n<meta name=\"robots\" content=\"index, follow, max-snippet:-1, max-image-preview:large, max-video-preview:-1\" \/>\n<link rel=\"canonical\" href=\"https:\/\/tce.pb.gov.br\/portalprimeirainfancia\/em-seminario-estrategia-brasil-presidente-do-tce-pb-convoca-gestores-para-lancamento-do-pacto-primeira-infancia\/\" \/>\n<meta property=\"og:locale\" content=\"pt_BR\" \/>\n<meta property=\"og:type\" content=\"article\" \/>\n<meta property=\"og:title\" content=\"Em semin\u00e1rio Estrat\u00e9gia Brasil, presidente do TCE-PB convoca gestores para lan\u00e7amento do Pacto Primeira Inf\u00e2ncia\u00a0 %\" \/>\n<meta property=\"og:description\" content=\"Em semin\u00e1rio Estrat\u00e9gia Brasil, presidente do TCE-PB convoca gestores para lan\u00e7amento do Pacto Primeira Inf\u00e2ncia\u00a0 %\" \/>\n<meta property=\"og:url\" content=\"https:\/\/tce.pb.gov.br\/portalprimeirainfancia\/em-seminario-estrategia-brasil-presidente-do-tce-pb-convoca-gestores-para-lancamento-do-pacto-primeira-infancia\/\" \/>\n<meta property=\"og:site_name\" content=\"Pacto Paraibano pela Primeira Inf\u00e2ncia\" \/>\n<meta property=\"article:published_time\" content=\"2025-04-08T14:54:34+00:00\" \/>\n<meta property=\"article:modified_time\" content=\"2025-04-21T16:19:44+00:00\" \/>\n<meta property=\"og:image\" content=\"https:\/\/tce.pb.gov.br\/portalprimeirainfancia\/wp-content\/uploads\/2025\/04\/MG_8087-2048x1412-2.jpg\" \/>\n\t<meta property=\"og:image:width\" content=\"2048\" \/>\n\t<meta property=\"og:image:height\" content=\"1412\" \/>\n\t<meta property=\"og:image:type\" content=\"image\/jpeg\" \/>\n<meta name=\"author\" content=\"Rafael Massoni\" \/>\n<meta name=\"twitter:card\" content=\"summary_large_image\" \/>\n<meta name=\"twitter:label1\" content=\"Escrito por\" \/>\n\t<meta name=\"twitter:data1\" content=\"Rafael Massoni\" \/>\n\t<meta name=\"twitter:label2\" content=\"Est. tempo de leitura\" \/>\n\t<meta name=\"twitter:data2\" content=\"3 minutos\" \/>\n<script type=\"application\/ld+json\" class=\"yoast-schema-graph\">{\"@context\":\"https:\\\/\\\/schema.org\",\"@graph\":[{\"@type\":\"NewsArticle\",\"@id\":\"https:\\\/\\\/tce.pb.gov.br\\\/portalprimeirainfancia\\\/em-seminario-estrategia-brasil-presidente-do-tce-pb-convoca-gestores-para-lancamento-do-pacto-primeira-infancia\\\/#article\",\"isPartOf\":{\"@id\":\"https:\\\/\\\/tce.pb.gov.br\\\/portalprimeirainfancia\\\/em-seminario-estrategia-brasil-presidente-do-tce-pb-convoca-gestores-para-lancamento-do-pacto-primeira-infancia\\\/\"},\"author\":{\"name\":\"Rafael Massoni\",\"@id\":\"https:\\\/\\\/tce.pb.gov.br\\\/portalprimeirainfancia\\\/#\\\/schema\\\/person\\\/6a39eea5836dda604de1c5e5b7d62141\"},\"headline\":\"Em semin\u00e1rio Estrat\u00e9gia Brasil, presidente do TCE-PB convoca gestores para lan\u00e7amento do Pacto Primeira Inf\u00e2ncia\u00a0\",\"datePublished\":\"2025-04-08T14:54:34+00:00\",\"dateModified\":\"2025-04-21T16:19:44+00:00\",\"mainEntityOfPage\":{\"@id\":\"https:\\\/\\\/tce.pb.gov.br\\\/portalprimeirainfancia\\\/em-seminario-estrategia-brasil-presidente-do-tce-pb-convoca-gestores-para-lancamento-do-pacto-primeira-infancia\\\/\"},\"wordCount\":572,\"publisher\":{\"@id\":\"https:\\\/\\\/tce.pb.gov.br\\\/portalprimeirainfancia\\\/#organization\"},\"image\":{\"@id\":\"https:\\\/\\\/tce.pb.gov.br\\\/portalprimeirainfancia\\\/em-seminario-estrategia-brasil-presidente-do-tce-pb-convoca-gestores-para-lancamento-do-pacto-primeira-infancia\\\/#primaryimage\"},\"thumbnailUrl\":\"https:\\\/\\\/tce.pb.gov.br\\\/portalprimeirainfancia\\\/wp-content\\\/uploads\\\/2025\\\/04\\\/MG_8087-2048x1412-2.jpg\",\"articleSection\":[\"Not\u00edcias\"],\"inLanguage\":\"pt-BR\"},{\"@type\":\"WebPage\",\"@id\":\"https:\\\/\\\/tce.pb.gov.br\\\/portalprimeirainfancia\\\/em-seminario-estrategia-brasil-presidente-do-tce-pb-convoca-gestores-para-lancamento-do-pacto-primeira-infancia\\\/\",\"url\":\"https:\\\/\\\/tce.pb.gov.br\\\/portalprimeirainfancia\\\/em-seminario-estrategia-brasil-presidente-do-tce-pb-convoca-gestores-para-lancamento-do-pacto-primeira-infancia\\\/\",\"name\":\"Em semin\u00e1rio Estrat\u00e9gia Brasil, presidente do TCE-PB convoca gestores para lan\u00e7amento do Pacto Primeira Inf\u00e2ncia\u00a0 %\",\"isPartOf\":{\"@id\":\"https:\\\/\\\/tce.pb.gov.br\\\/portalprimeirainfancia\\\/#website\"},\"primaryImageOfPage\":{\"@id\":\"https:\\\/\\\/tce.pb.gov.br\\\/portalprimeirainfancia\\\/em-seminario-estrategia-brasil-presidente-do-tce-pb-convoca-gestores-para-lancamento-do-pacto-primeira-infancia\\\/#primaryimage\"},\"image\":{\"@id\":\"https:\\\/\\\/tce.pb.gov.br\\\/portalprimeirainfancia\\\/em-seminario-estrategia-brasil-presidente-do-tce-pb-convoca-gestores-para-lancamento-do-pacto-primeira-infancia\\\/#primaryimage\"},\"thumbnailUrl\":\"https:\\\/\\\/tce.pb.gov.br\\\/portalprimeirainfancia\\\/wp-content\\\/uploads\\\/2025\\\/04\\\/MG_8087-2048x1412-2.jpg\",\"datePublished\":\"2025-04-08T14:54:34+00:00\",\"dateModified\":\"2025-04-21T16:19:44+00:00\",\"description\":\"Em semin\u00e1rio Estrat\u00e9gia Brasil, presidente do TCE-PB convoca gestores para lan\u00e7amento do Pacto Primeira Inf\u00e2ncia\u00a0 %\",\"breadcrumb\":{\"@id\":\"https:\\\/\\\/tce.pb.gov.br\\\/portalprimeirainfancia\\\/em-seminario-estrategia-brasil-presidente-do-tce-pb-convoca-gestores-para-lancamento-do-pacto-primeira-infancia\\\/#breadcrumb\"},\"inLanguage\":\"pt-BR\",\"potentialAction\":[{\"@type\":\"ReadAction\",\"target\":[\"https:\\\/\\\/tce.pb.gov.br\\\/portalprimeirainfancia\\\/em-seminario-estrategia-brasil-presidente-do-tce-pb-convoca-gestores-para-lancamento-do-pacto-primeira-infancia\\\/\"]}]},{\"@type\":\"ImageObject\",\"inLanguage\":\"pt-BR\",\"@id\":\"https:\\\/\\\/tce.pb.gov.br\\\/portalprimeirainfancia\\\/em-seminario-estrategia-brasil-presidente-do-tce-pb-convoca-gestores-para-lancamento-do-pacto-primeira-infancia\\\/#primaryimage\",\"url\":\"https:\\\/\\\/tce.pb.gov.br\\\/portalprimeirainfancia\\\/wp-content\\\/uploads\\\/2025\\\/04\\\/MG_8087-2048x1412-2.jpg\",\"contentUrl\":\"https:\\\/\\\/tce.pb.gov.br\\\/portalprimeirainfancia\\\/wp-content\\\/uploads\\\/2025\\\/04\\\/MG_8087-2048x1412-2.jpg\",\"width\":2048,\"height\":1412},{\"@type\":\"BreadcrumbList\",\"@id\":\"https:\\\/\\\/tce.pb.gov.br\\\/portalprimeirainfancia\\\/em-seminario-estrategia-brasil-presidente-do-tce-pb-convoca-gestores-para-lancamento-do-pacto-primeira-infancia\\\/#breadcrumb\",\"itemListElement\":[{\"@type\":\"ListItem\",\"position\":1,\"name\":\"In\u00edcio\",\"item\":\"https:\\\/\\\/tce.pb.gov.br\\\/portalprimeirainfancia\\\/\"},{\"@type\":\"ListItem\",\"position\":2,\"name\":\"Em semin\u00e1rio Estrat\u00e9gia Brasil, presidente do TCE-PB convoca gestores para lan\u00e7amento do Pacto Primeira Inf\u00e2ncia\u00a0\"}]},{\"@type\":\"WebSite\",\"@id\":\"https:\\\/\\\/tce.pb.gov.br\\\/portalprimeirainfancia\\\/#website\",\"url\":\"https:\\\/\\\/tce.pb.gov.br\\\/portalprimeirainfancia\\\/\",\"name\":\"Pacto Paraibano pela Primeira Inf\u00e2ncia\",\"description\":\"Portal para divulga\u00e7\u00e3o do Pacto Paraibano pela Primeira Inf\u00e2ncia\",\"publisher\":{\"@id\":\"https:\\\/\\\/tce.pb.gov.br\\\/portalprimeirainfancia\\\/#organization\"},\"potentialAction\":[{\"@type\":\"SearchAction\",\"target\":{\"@type\":\"EntryPoint\",\"urlTemplate\":\"https:\\\/\\\/tce.pb.gov.br\\\/portalprimeirainfancia\\\/?s={search_term_string}\"},\"query-input\":{\"@type\":\"PropertyValueSpecification\",\"valueRequired\":true,\"valueName\":\"search_term_string\"}}],\"inLanguage\":\"pt-BR\"},{\"@type\":\"Organization\",\"@id\":\"https:\\\/\\\/tce.pb.gov.br\\\/portalprimeirainfancia\\\/#organization\",\"name\":\"Pacto Paraibano pela Primeira Inf\u00e2ncia\",\"alternateName\":\"TCE-PB\",\"url\":\"https:\\\/\\\/tce.pb.gov.br\\\/portalprimeirainfancia\\\/\",\"logo\":{\"@type\":\"ImageObject\",\"inLanguage\":\"pt-BR\",\"@id\":\"https:\\\/\\\/tce.pb.gov.br\\\/portalprimeirainfancia\\\/#\\\/schema\\\/logo\\\/image\\\/\",\"url\":\"https:\\\/\\\/tce.pb.gov.br\\\/portalprimeirainfancia\\\/wp-content\\\/uploads\\\/2025\\\/05\\\/Pacto-Whatsapp.png\",\"contentUrl\":\"https:\\\/\\\/tce.pb.gov.br\\\/portalprimeirainfancia\\\/wp-content\\\/uploads\\\/2025\\\/05\\\/Pacto-Whatsapp.png\",\"width\":427,\"height\":427,\"caption\":\"Pacto Paraibano pela Primeira Inf\u00e2ncia\"},\"image\":{\"@id\":\"https:\\\/\\\/tce.pb.gov.br\\\/portalprimeirainfancia\\\/#\\\/schema\\\/logo\\\/image\\\/\"},\"sameAs\":[\"https:\\\/\\\/www.instagram.com\\\/tcepb\\\/\"]},{\"@type\":\"Person\",\"@id\":\"https:\\\/\\\/tce.pb.gov.br\\\/portalprimeirainfancia\\\/#\\\/schema\\\/person\\\/6a39eea5836dda604de1c5e5b7d62141\",\"name\":\"Rafael Massoni\"}]}<\/script>\n<!-- \/ Yoast SEO plugin. -->","yoast_head_json":{"title":"Em semin\u00e1rio Estrat\u00e9gia Brasil, presidente do TCE-PB convoca gestores para lan\u00e7amento do Pacto Primeira Inf\u00e2ncia\u00a0 %","description":"Em semin\u00e1rio Estrat\u00e9gia Brasil, presidente do TCE-PB convoca gestores para lan\u00e7amento do Pacto Primeira Inf\u00e2ncia\u00a0 %","robots":{"index":"index","follow":"follow","max-snippet":"max-snippet:-1","max-image-preview":"max-image-preview:large","max-video-preview":"max-video-preview:-1"},"canonical":"https:\/\/tce.pb.gov.br\/portalprimeirainfancia\/em-seminario-estrategia-brasil-presidente-do-tce-pb-convoca-gestores-para-lancamento-do-pacto-primeira-infancia\/","og_locale":"pt_BR","og_type":"article","og_title":"Em semin\u00e1rio Estrat\u00e9gia Brasil, presidente do TCE-PB convoca gestores para lan\u00e7amento do Pacto Primeira Inf\u00e2ncia\u00a0 %","og_description":"Em semin\u00e1rio Estrat\u00e9gia Brasil, presidente do TCE-PB convoca gestores para lan\u00e7amento do Pacto Primeira Inf\u00e2ncia\u00a0 %","og_url":"https:\/\/tce.pb.gov.br\/portalprimeirainfancia\/em-seminario-estrategia-brasil-presidente-do-tce-pb-convoca-gestores-para-lancamento-do-pacto-primeira-infancia\/","og_site_name":"Pacto Paraibano pela Primeira Inf\u00e2ncia","article_published_time":"2025-04-08T14:54:34+00:00","article_modified_time":"2025-04-21T16:19:44+00:00","og_image":[{"width":2048,"height":1412,"url":"https:\/\/tce.pb.gov.br\/portalprimeirainfancia\/wp-content\/uploads\/2025\/04\/MG_8087-2048x1412-2.jpg","type":"image\/jpeg"}],"author":"Rafael Massoni","twitter_card":"summary_large_image","twitter_misc":{"Escrito por":"Rafael Massoni","Est. tempo de leitura":"3 minutos"},"schema":{"@context":"https:\/\/schema.org","@graph":[{"@type":"NewsArticle","@id":"https:\/\/tce.pb.gov.br\/portalprimeirainfancia\/em-seminario-estrategia-brasil-presidente-do-tce-pb-convoca-gestores-para-lancamento-do-pacto-primeira-infancia\/#article","isPartOf":{"@id":"https:\/\/tce.pb.gov.br\/portalprimeirainfancia\/em-seminario-estrategia-brasil-presidente-do-tce-pb-convoca-gestores-para-lancamento-do-pacto-primeira-infancia\/"},"author":{"name":"Rafael Massoni","@id":"https:\/\/tce.pb.gov.br\/portalprimeirainfancia\/#\/schema\/person\/6a39eea5836dda604de1c5e5b7d62141"},"headline":"Em semin\u00e1rio Estrat\u00e9gia Brasil, presidente do TCE-PB convoca gestores para lan\u00e7amento do Pacto Primeira Inf\u00e2ncia\u00a0","datePublished":"2025-04-08T14:54:34+00:00","dateModified":"2025-04-21T16:19:44+00:00","mainEntityOfPage":{"@id":"https:\/\/tce.pb.gov.br\/portalprimeirainfancia\/em-seminario-estrategia-brasil-presidente-do-tce-pb-convoca-gestores-para-lancamento-do-pacto-primeira-infancia\/"},"wordCount":572,"publisher":{"@id":"https:\/\/tce.pb.gov.br\/portalprimeirainfancia\/#organization"},"image":{"@id":"https:\/\/tce.pb.gov.br\/portalprimeirainfancia\/em-seminario-estrategia-brasil-presidente-do-tce-pb-convoca-gestores-para-lancamento-do-pacto-primeira-infancia\/#primaryimage"},"thumbnailUrl":"https:\/\/tce.pb.gov.br\/portalprimeirainfancia\/wp-content\/uploads\/2025\/04\/MG_8087-2048x1412-2.jpg","articleSection":["Not\u00edcias"],"inLanguage":"pt-BR"},{"@type":"WebPage","@id":"https:\/\/tce.pb.gov.br\/portalprimeirainfancia\/em-seminario-estrategia-brasil-presidente-do-tce-pb-convoca-gestores-para-lancamento-do-pacto-primeira-infancia\/","url":"https:\/\/tce.pb.gov.br\/portalprimeirainfancia\/em-seminario-estrategia-brasil-presidente-do-tce-pb-convoca-gestores-para-lancamento-do-pacto-primeira-infancia\/","name":"Em semin\u00e1rio Estrat\u00e9gia Brasil, presidente do TCE-PB convoca gestores para lan\u00e7amento do Pacto Primeira Inf\u00e2ncia\u00a0 %","isPartOf":{"@id":"https:\/\/tce.pb.gov.br\/portalprimeirainfancia\/#website"},"primaryImageOfPage":{"@id":"https:\/\/tce.pb.gov.br\/portalprimeirainfancia\/em-seminario-estrategia-brasil-presidente-do-tce-pb-convoca-gestores-para-lancamento-do-pacto-primeira-infancia\/#primaryimage"},"image":{"@id":"https:\/\/tce.pb.gov.br\/portalprimeirainfancia\/em-seminario-estrategia-brasil-presidente-do-tce-pb-convoca-gestores-para-lancamento-do-pacto-primeira-infancia\/#primaryimage"},"thumbnailUrl":"https:\/\/tce.pb.gov.br\/portalprimeirainfancia\/wp-content\/uploads\/2025\/04\/MG_8087-2048x1412-2.jpg","datePublished":"2025-04-08T14:54:34+00:00","dateModified":"2025-04-21T16:19:44+00:00","description":"Em semin\u00e1rio Estrat\u00e9gia Brasil, presidente do TCE-PB convoca gestores para lan\u00e7amento do Pacto Primeira Inf\u00e2ncia\u00a0 %","breadcrumb":{"@id":"https:\/\/tce.pb.gov.br\/portalprimeirainfancia\/em-seminario-estrategia-brasil-presidente-do-tce-pb-convoca-gestores-para-lancamento-do-pacto-primeira-infancia\/#breadcrumb"},"inLanguage":"pt-BR","potentialAction":[{"@type":"ReadAction","target":["https:\/\/tce.pb.gov.br\/portalprimeirainfancia\/em-seminario-estrategia-brasil-presidente-do-tce-pb-convoca-gestores-para-lancamento-do-pacto-primeira-infancia\/"]}]},{"@type":"ImageObject","inLanguage":"pt-BR","@id":"https:\/\/tce.pb.gov.br\/portalprimeirainfancia\/em-seminario-estrategia-brasil-presidente-do-tce-pb-convoca-gestores-para-lancamento-do-pacto-primeira-infancia\/#primaryimage","url":"https:\/\/tce.pb.gov.br\/portalprimeirainfancia\/wp-content\/uploads\/2025\/04\/MG_8087-2048x1412-2.jpg","contentUrl":"https:\/\/tce.pb.gov.br\/portalprimeirainfancia\/wp-content\/uploads\/2025\/04\/MG_8087-2048x1412-2.jpg","width":2048,"height":1412},{"@type":"BreadcrumbList","@id":"https:\/\/tce.pb.gov.br\/portalprimeirainfancia\/em-seminario-estrategia-brasil-presidente-do-tce-pb-convoca-gestores-para-lancamento-do-pacto-primeira-infancia\/#breadcrumb","itemListElement":[{"@type":"ListItem","position":1,"name":"In\u00edcio","item":"https:\/\/tce.pb.gov.br\/portalprimeirainfancia\/"},{"@type":"ListItem","position":2,"name":"Em semin\u00e1rio Estrat\u00e9gia Brasil, presidente do TCE-PB convoca gestores para lan\u00e7amento do Pacto Primeira Inf\u00e2ncia\u00a0"}]},{"@type":"WebSite","@id":"https:\/\/tce.pb.gov.br\/portalprimeirainfancia\/#website","url":"https:\/\/tce.pb.gov.br\/portalprimeirainfancia\/","name":"Pacto Paraibano pela Primeira Inf\u00e2ncia","description":"Portal para divulga\u00e7\u00e3o do Pacto Paraibano pela Primeira Inf\u00e2ncia","publisher":{"@id":"https:\/\/tce.pb.gov.br\/portalprimeirainfancia\/#organization"},"potentialAction":[{"@type":"SearchAction","target":{"@type":"EntryPoint","urlTemplate":"https:\/\/tce.pb.gov.br\/portalprimeirainfancia\/?s={search_term_string}"},"query-input":{"@type":"PropertyValueSpecification","valueRequired":true,"valueName":"search_term_string"}}],"inLanguage":"pt-BR"},{"@type":"Organization","@id":"https:\/\/tce.pb.gov.br\/portalprimeirainfancia\/#organization","name":"Pacto Paraibano pela Primeira Inf\u00e2ncia","alternateName":"TCE-PB","url":"https:\/\/tce.pb.gov.br\/portalprimeirainfancia\/","logo":{"@type":"ImageObject","inLanguage":"pt-BR","@id":"https:\/\/tce.pb.gov.br\/portalprimeirainfancia\/#\/schema\/logo\/image\/","url":"https:\/\/tce.pb.gov.br\/portalprimeirainfancia\/wp-content\/uploads\/2025\/05\/Pacto-Whatsapp.png","contentUrl":"https:\/\/tce.pb.gov.br\/portalprimeirainfancia\/wp-content\/uploads\/2025\/05\/Pacto-Whatsapp.png","width":427,"height":427,"caption":"Pacto Paraibano pela Primeira Inf\u00e2ncia"},"image":{"@id":"https:\/\/tce.pb.gov.br\/portalprimeirainfancia\/#\/schema\/logo\/image\/"},"sameAs":["https:\/\/www.instagram.com\/tcepb\/"]},{"@type":"Person","@id":"https:\/\/tce.pb.gov.br\/portalprimeirainfancia\/#\/schema\/person\/6a39eea5836dda604de1c5e5b7d62141","name":"Rafael Massoni"}]}},"jetpack_featured_media_url":"https:\/\/tce.pb.gov.br\/portalprimeirainfancia\/wp-content\/uploads\/2025\/04\/MG_8087-2048x1412-2.jpg","jetpack_sharing_enabled":true,"_links":{"self":[{"href":"https:\/\/tce.pb.gov.br\/portalprimeirainfancia\/wp-json\/wp\/v2\/posts\/785","targetHints":{"allow":["GET"]}}],"collection":[{"href":"https:\/\/tce.pb.gov.br\/portalprimeirainfancia\/wp-json\/wp\/v2\/posts"}],"about":[{"href":"https:\/\/tce.pb.gov.br\/portalprimeirainfancia\/wp-json\/wp\/v2\/types\/post"}],"author":[{"embeddable":true,"href":"https:\/\/tce.pb.gov.br\/portalprimeirainfancia\/wp-json\/wp\/v2\/users\/6"}],"replies":[{"embeddable":true,"href":"https:\/\/tce.pb.gov.br\/portalprimeirainfancia\/wp-json\/wp\/v2\/comments?post=785"}],"version-history":[{"count":0,"href":"https:\/\/tce.pb.gov.br\/portalprimeirainfancia\/wp-json\/wp\/v2\/posts\/785\/revisions"}],"wp:featuredmedia":[{"embeddable":true,"href":"https:\/\/tce.pb.gov.br\/portalprimeirainfancia\/wp-json\/wp\/v2\/media\/792"}],"wp:attachment":[{"href":"https:\/\/tce.pb.gov.br\/portalprimeirainfancia\/wp-json\/wp\/v2\/media?parent=785"}],"wp:term":[{"taxonomy":"category","embeddable":true,"href":"https:\/\/tce.pb.gov.br\/portalprimeirainfancia\/wp-json\/wp\/v2\/categories?post=785"},{"taxonomy":"post_tag","embeddable":true,"href":"https:\/\/tce.pb.gov.br\/portalprimeirainfancia\/wp-json\/wp\/v2\/tags?post=785"}],"curies":[{"name":"wp","href":"https:\/\/api.w.org\/{rel}","templated":true}]}}