{"id":779,"date":"2025-01-10T11:44:00","date_gmt":"2025-01-10T14:44:00","guid":{"rendered":"https:\/\/tce.pb.gov.br\/portalprimeirainfancia\/?p=779"},"modified":"2025-07-11T13:20:24","modified_gmt":"2025-07-11T16:20:24","slug":"novo-presidente-do-tce-pb-convoca-gestores-publicos-e-a-sociedade-para-pactos-pela-cidadania-e-educacao-infantil","status":"publish","type":"post","link":"https:\/\/tce.pb.gov.br\/portalprimeirainfancia\/novo-presidente-do-tce-pb-convoca-gestores-publicos-e-a-sociedade-para-pactos-pela-cidadania-e-educacao-infantil\/","title":{"rendered":"Novo presidente do TCE-PB convoca gestores p\u00fablicos e a sociedade para pactos pela cidadania e educa\u00e7\u00e3o infantil"},"content":{"rendered":"\n<figure class=\"wp-block-image size-full\"><img fetchpriority=\"high\" decoding=\"async\" width=\"1024\" height=\"683\" src=\"https:\/\/tce.pb.gov.br\/portalprimeirainfancia\/wp-content\/uploads\/2025\/04\/DSC_4803-1024x683-2.jpg\" alt=\"\" class=\"wp-image-780\" srcset=\"https:\/\/tce.pb.gov.br\/portalprimeirainfancia\/wp-content\/uploads\/2025\/04\/DSC_4803-1024x683-2.jpg 1024w, https:\/\/tce.pb.gov.br\/portalprimeirainfancia\/wp-content\/uploads\/2025\/04\/DSC_4803-1024x683-2-300x200.jpg 300w, https:\/\/tce.pb.gov.br\/portalprimeirainfancia\/wp-content\/uploads\/2025\/04\/DSC_4803-1024x683-2-768x512.jpg 768w\" sizes=\"(max-width: 1024px) 100vw, 1024px\" \/><\/figure>\n\n\n\n<p>Os gestores p\u00fablicos paraibanos est\u00e3o convocados \u00e0 promo\u00e7\u00e3o de esfor\u00e7os para a melhoria e a amplia\u00e7\u00e3o da educa\u00e7\u00e3o infantil. O chamamento, pelo conselheiro F\u00e1bio Nogueira, foi feito no seu discurso de posse da Presid\u00eancia do Tribunal de Contas do Estado para o bi\u00eanio 2025\/2026.<\/p>\n\n\n\n<p>Em sess\u00e3o solene conduzida, na tarde desta sexta-feira (10), pelo ainda presidente Nominando Diniz (agora levado ao comando da Corregedoria Geral do TCE), tamb\u00e9m assumiram seus novos cargos os conselheiros Andr\u00e9 Carlo Torres Pontes (vice-presidente), Antonio Gomes Vieira Filho (presidente da 1\u00aa C\u00e2mara), Arn\u00f3bio Viana (presidente da 2\u00aa C\u00e2mara), Marcus Vinicius Carvalho (ouvidor) e Fernando Cat\u00e3o (coordenador da Escola de Contas).<\/p>\n\n\n\n<p>Presidente, pela segunda vez, de um organismo indutor das a\u00e7\u00f5es destinadas ao progresso e ao bem-estar coletivos \u2013 papel assumido pelas Cortes de Contas do Pa\u00eds \u2013 o conselheiro F\u00e1bio Nogueira ainda anunciou entre suas prioridades a celeridade processual, a orienta\u00e7\u00e3o e capacita\u00e7\u00e3o dos gestores e a participa\u00e7\u00e3o cidad\u00e3 necess\u00e1ria ao controle dos atos e gastos p\u00fablicos. Tamb\u00e9m, a continuidade da moderniza\u00e7\u00e3o do Tribunal por meio de programas e ferramentas tecnol\u00f3gicas desenvolvidas internamente e em parceria com Universidades, al\u00e9m de cuidados especiais com a preserva\u00e7\u00e3o ambiental e a do patrim\u00f4nio hist\u00f3rico e cultural dos paraibanos.<\/p>\n\n\n\n<p>\u201cA responsabilidade do Controle Externo \u00e9 vasta. O dever constitucional de assegurar a boa governan\u00e7a do dinheiro p\u00fablico, ao mesmo tempo em que desafia, nos impele a atuar com amplitude e vigor. Os princ\u00edpios republicanos reclamam isso: a garantia da universalidade de direitos que assegurem a cada cidad\u00e3o recursos b\u00e1sicos n\u00e3o apenas necess\u00e1rios \u00e0 sobreviv\u00eancia, mas, ainda, \u00e0 boa qualidade de vida\u201d, disse.<\/p>\n\n\n\n<p>Ele incluiu na miss\u00e3o a ser cumprida \u201ca fun\u00e7\u00e3o pedag\u00f3gica que preceitua a aproxima\u00e7\u00e3o do gestor p\u00fablico com os anseios e os direitos da sociedade, jamais seu afastamento\u201d.&nbsp; E acresceu: \u201cA educa\u00e7\u00e3o e a orienta\u00e7\u00e3o, por tal modo, sempre apresentar\u00e3o resultados que favorecem a boa governan\u00e7a. Portanto, nosso papel n\u00e3o \u00e9, necessariamente, o de punir os malversadores com multas e d\u00e9bitos, embora, \u00e0s vezes, n\u00e3o nos reste outro rem\u00e9dio\u201d.<\/p>\n\n\n\n<p>PACTO PELA EDUCA\u00c7\u00c3O \u2013 A preocupa\u00e7\u00e3o com o futuro das novas gera\u00e7\u00f5es ocupou boa parte do seu pronunciamento. Neste ponto, anunciou \u201cum olhar especial para a inf\u00e2ncia e a educa\u00e7\u00e3o\u201d. Disse: \u201cN\u00e3o custa lembrar que essa \u00e9 uma iniciativa que repercute em todos os sentidos: redu\u00e7\u00e3o das desigualdades, est\u00edmulo ao desenvolvimento econ\u00f4mico e social, fomento \u00e0 produtividade e competitividade no mercado de trabalho. N\u00e3o \u00e9 preciso dizer o quanto o cuidado com as novas gera\u00e7\u00f5es \u00e9 provid\u00eancia indispens\u00e1vel \u00e0 forma\u00e7\u00e3o de cidad\u00e3os cr\u00edticos, conscientes e participativos do processo que pode e deve conduzi-las \u00e0 reden\u00e7\u00e3o social e econ\u00f4mica\u201d.<\/p>\n\n\n\n<p>E fez a convoca\u00e7\u00e3o: \u201cA presen\u00e7a, aqui e agora, de tantas e t\u00e3o expressivas representa\u00e7\u00f5es dos meios administrativos, pol\u00edticos e jur\u00eddicos tamb\u00e9m faz desta cerim\u00f4nia de posse o momento do convite a todos para um grande Pacto Conjunto pela Educa\u00e7\u00e3o Infantil. Temos neste objetivo, inarredavelmente, um dos fios condutores da gest\u00e3o que agora se inicia e um prop\u00f3sito a ser perseguido com afinco e sem descanso ao longo do nosso bi\u00eanio. A isto dedicaremos, portanto, grande parte das nossas for\u00e7as. Este, enfim, \u00e9 um tema de interesse extremo da cidadania.. E me permito a recomenda\u00e7\u00e3o: Ap\u00f3s tantas gera\u00e7\u00f5es perdidas, \u00e9 urgente o amparo governamental \u00e0s que nos chegam. \u00c9 preciso livr\u00e1-las dos riscos das ruas e, para tanto, n\u00e3o h\u00e1 provid\u00eancia melhor nem mais r\u00e1pida do que a escola de dupla jornada. Pensemos nisso\u201d.<\/p>\n\n\n\n<p>A quest\u00e3o ambiental e suas urg\u00eancias foram por ele assim enxergadas: \u201cA agress\u00e3o ininterrupta ao meio ambiente exige de todos n\u00f3s o agir imediato. Criar possibilidades e alternativas, neste caso, est\u00e1 intrinsecamente associado ao acreditar. \u00c9 preciso admitir que o aquecimento global atingiu n\u00edveis alarmantes e que, realmente, isso representa um risco s\u00e9rio \u00e0 exist\u00eancia humana e dos ecossistemas. Estamos diante de um problema que s\u00f3 o homem \u00e9 capaz de reverter\u201d.<\/p>\n\n\n\n<p>E mais: \u201cO Controle Externo, enquanto instrumento de salvaguarda dos direitos da cidadania, enquanto a\u00e7\u00e3o que preserva o emprego efetivo do dinheiro p\u00fablico, tamb\u00e9m pode e deve atuar como institui\u00e7\u00e3o preservacionista\u201d.<\/p>\n\n\n\n<p>Ao contemplar a plateia que ent\u00e3o superlotava o Audit\u00f3rio Celso Furtado, do Centro Cultural Ariano Suassuna, ambiente do TCE por ele edificado quando da sua primeira gest\u00e3o, no bi\u00eanio 2013\/2014, ele citou duas figras importantes da Rep\u00fablica. E comentou: \u201cQue momento \u00edmpar da hist\u00f3ria da Para\u00edba.&nbsp; N\u00e3o h\u00e1 como exalt\u00e1-lo sem a cita\u00e7\u00e3o pessoal \u00e0s figuras exponenciais dos dignos e honrados paraibanos Vital do Rego, presidente do Tribunal de Contas da Uni\u00e3o, e Hugo Motta, para quem a vontade das urnas e o respeito incondicional dos seus pares reservam, justa e merecidamente, neste \u00faltimo caso, a Presid\u00eancia da C\u00e2mara dos Deputados, num instante crucial da vida p\u00fablica brasileira\u201d Em seguida, externou a \u201ceterna gratid\u00e3o aos conselheiros advindos de todos os recantos do Pa\u00eds e aqui presentes\u201d.<\/p>\n\n\n\n<p>Suas \u00faltimas palavras, em tom emocionado, foram dirigidas \u00e0 sua fam\u00edlia, \u00e0 esposa Bianca e aos filhos Jo\u00e3o Gabriel, Jo\u00e3o Guilherme e Maria J\u00falia\u201d. Referiu-se, ainda, aos pais, Geraldo Nogueira e Maria Ad\u00edlia, aos irm\u00e3os Denise e Gustavo e aos sobrinhos Ana Fl\u00e1via, Caio, Marcelo e Eduardo. \u201cS\u00e3o minha for\u00e7a cotidiana\u201d, concluiu.<\/p>\n\n\n\n<p>PRONUNCIAMENTOS \u2013 O conselheiro Nominando Diniz, antes de transmitir a presid\u00eancia do TCE ao sucessor F\u00e1bio Nogueira, expressou a gratid\u00e3o a todos os membros, quadros t\u00e9cnicos e administrativos da Corte e, ainda, aos integrantes do Minist\u00e9rio P\u00fablico de Contas \u201cpelo apoio e pela orienta\u00e7\u00e3o constantes\u201d. Ele substituiu o discurso formal pela exposi\u00e7\u00e3o de v\u00eddeo no qual exp\u00f4s realiza\u00e7\u00f5es empreendidas ao longo dos seus dois bi\u00eanios \u00e0 frente do TCE.<\/p>\n\n\n\n<p>\u201cO per\u00edodo que se encerra revigorou a posi\u00e7\u00e3o de destaque nacional do Tribunal de Contas da Para\u00edba. Tivemos, sem d\u00favida, uma gest\u00e3o pedag\u00f3gica e humanista\u201d, disse o novo vice-presidente Andr\u00e9 Carlo Torres Pontes acerca &nbsp;da administra\u00e7\u00e3o do amigo Nominando Diniz.<\/p>\n\n\n\n<p>Em seguida, tra\u00e7ou vigoroso perfil do presidente F\u00e1bio Nogueira, de quem exaltou a for\u00e7a de trabalho, as a\u00e7\u00f5es no comando no TC paraibano e no da Associa\u00e7\u00e3o dos Membros dos Tribunais de Contas do Brasil, a Atricon, neste caso, por dois bi\u00eanios. Ressaltou que ambas as&nbsp; experi\u00eancias&nbsp; s\u00e3o garantias de \u00eaxito da gest\u00e3o agora iniciada. \u201cNingu\u00e9m tem &nbsp;nem ter\u00e1 d\u00favida disso\u201d, afirmou.<\/p>\n\n\n\n<p>O presidente da Atricon Edilson de Sousa Silva disse que o conselheiro F\u00e1bio Nogueira somou grandes feitos em benef\u00edcio do Pa\u00eds e fez com que esse organismo tivesse um olhar novo e especial para a sociedade. \u201cTestemunhei sua luta para fortalecer o Sistema Tribunais de Contas e para aprimorar a administra\u00e7\u00e3o p\u00fablica nacional. Ele levou a Atricon a um novo caminhar\u201d, afirmou.<\/p>\n\n\n\n<p>O governador Jo\u00e3o Azevedo considerou que o apoio financeiro por ele destinado \u00e0 renova\u00e7\u00e3o do parque tecnol\u00f3gico do TCE contribuiu para o aprimoramento do sistema de controle externo, a qualifica\u00e7\u00e3o dos gestores p\u00fablicos e o bem-estar da sociedade. Ele reafirmou a disposi\u00e7\u00e3o para o di\u00e1logo e as parcerias, \u201ca fim de que possamos atender a contento ao nosso patr\u00e3o: o povo\u201d.<\/p>\n\n\n\n<p>MESA DE HONRA \u2013 Express\u00f5es da vida p\u00fablica regional e nacional compusarem a Mesa de Honra da Sess\u00e3o Solene \u2013 uma das mais prestigiadas da hist\u00f3ria dos TCs brasileiros \u2013 na qual foram empossados os novos dirigentes do Tribunal de Contas da Para\u00edba.<\/p>\n\n\n\n<p>A rela\u00e7\u00e3o incluiu o governador do Estado Jo\u00e3o Azevedo, o presidente da Assembleia Legislativa (deputado Adriano Galdino), o presidente do Tribunal de Justi\u00e7a (desembargador Jo\u00e3o Benedito da Silva), o presidente do TCU (ministro Vital do Rego Filho), o senador Efraim Moraes Filho e o deputado federal Hugo Mota.<\/p>\n\n\n\n<p>Ainda, a presidente do Tribunal Regional do Trabalho&nbsp; da 13\u00aa Regi\u00e3o (desembargadora Hermenegilda Leite Machado), o procurador geral de Justi\u00e7a da Para\u00edba (Antonio Hort\u00eancio Rocha Neto), o prefeito de Jo\u00e3o Pessoa (C\u00edcero Lucena), o presidente do BNB e ex-governador de Pernambuco (Paulo C\u00e2mara), o presidente da Seccional Paraibana da OAB (advogado Harrison Targino), o presidente da Atricon (conselheiro Edilson de Sousa Silva), a presidente do TCE\/SE e tamb\u00e9m vice-presidente do Conselho Nacional dos Presidentes dos TCs do Brasil &nbsp;(conselheira Suzana Azevedo), o presidente do Instituto Rui Barbosa (conselheiro Edilberto Carlos Pontes Lima) e o vice-presidente da Associa\u00e7\u00e3o Brasileira dos TCs dos Munic\u00edpios (conselheiro Nelson Pelegrino).<\/p>\n\n\n\n<p>A Mesa de Extens\u00e3o foi composta pelos ministros do TCU (Benjamin Zymler e Augusto Nardes), pelo presidente do Conselho Nacional do Minist\u00e9rio P\u00fablico (o promotor de Justi\u00e7a do Maranh\u00e3o Tarc\u00edsio Jos\u00e9 Sousa Bonfim), o presidente da C\u00e2mara Municipal de Jo\u00e3o Pessoa (vereador Dinho Dawsley), o presidente da C\u00e2mara Municipal de Campina Grande (vereador Saulo Germano), a Defensora P\u00fablica Geral Maria Madalena Abrantes Silva, o presidente eleito da Ampcon (procurador Marcilio Barenco Corr\u00eaa de Melo).<\/p>\n\n\n\n<p>Tamb\u00e9m, pela Associa\u00e7\u00e3o Nacional dos Ministros e Conselheiros Substitutos dos TCs (conselheiro Marcs N\u00f3brega), a presidente eleita da da Associa\u00e7\u00e3o Nacional dos Auditores de Conrtole Externo dos TCs do Brasil (Thaisse Craveiro) e os representantes da Federa\u00e7\u00e3o das Associa\u00e7\u00f5es dos Munic\u00edpios da Para\u00edba (George Pereira Coelho) e da Federa\u00e7\u00e3o das Ind\u00fastrias do Estado da Para\u00edba (Cassiano Pascoal Pereira Neto).<\/p>\n\n\n\n<p>Houve cita\u00e7\u00f5es especiais aos conselheiros do TCE de Pernambuco Valdecir Pascoal (presidente), Carlos Neves (vice-presidente), Ranilson Brand\u00e3o Ramos, Eduardo Porto e Rodrigo Novaes. Ao conselheiro substituto Mascos N\u00f3brega (pela Audicon); do TCE\/RN Carlos Thompson (presidente) e Gilberto Jales; do TCE da Bahia Marcus Pres\u00eddio (presidente) e Inaldo Paix\u00e3o;&nbsp; do TCM-BA Francisco Netto (presidente), Nelson Pellegrino e Pl\u00ednio Carneiro Filho; do TCE-ES Domingos Taufner (presidente) e Sebasti\u00e3o Ranna; do TCE\/CE Rholden Queiroz (presidente) e Edilberto Pontes; do TCE-RS Marco Peixoto (presidente) e C\u00e9sar Miola.<\/p>\n\n\n\n<p>Tamb\u00e9m,&nbsp; do TCE\/ de Rond\u00f4nia Edilson Sousa (presidente); do TC\/DF Manoel de Andrade (presidente); do TCE\/PR Ivan Bonilha; do TCE\/MG Gilberto Diniz; do TCE\/AP Michel Hounat; do TCE\/AM M\u00e1rio Mello; do TCE\/SE &nbsp;Suzana Maria Fontes Azevedo Freitas; do TCE\/GO Joaquim Alves de Castro Neto; do TCE\/SC Adirc\u00e9lio de Morais; do TCM\/RJ Ivan Moreira; do TCM \/SP Jo\u00e3o Antonio Filho e Ricardo Torres. A abertura da Sess\u00e3o Solene deu-se com o c\u00e2ntico do Hino Nacional pelo Coral dos Servidores do TCE, sob reg\u00eancia do maestro Jo\u00e3o Alberto Gurgel.<\/p>\n\n\n\n<p><strong>Galeria de fotos e discurso do conselheiro F\u00e1bio Nogueira<\/strong>:&nbsp;<a href=\"https:\/\/bio.site\/possetcepb\" target=\"_blank\" rel=\"noreferrer noopener\">https:\/\/bio.site\/possetcepb<\/a><\/p>\n\n\n\n<p><strong>V\u00eddeo da transmiss\u00e3o da posse<\/strong>:<a href=\"https:\/\/www.youtube.com\/live\/Ddcgj6IHZ5A?si=oN4qiaEV6C5Mv6qy\">https:\/\/www.youtube.com\/live\/Ddcgj6IHZ5A?si=oN4qiaEV6C5Mv6qy<\/a><\/p>\n","protected":false},"excerpt":{"rendered":"<p>Os gestores p\u00fablicos paraibanos est\u00e3o convocados \u00e0 promo\u00e7\u00e3o de esfor\u00e7os para a melhoria e a amplia\u00e7\u00e3o da educa\u00e7\u00e3o infantil. O [&hellip;]<\/p>\n","protected":false},"author":6,"featured_media":780,"comment_status":"closed","ping_status":"closed","sticky":false,"template":"","format":"standard","meta":{"site-sidebar-layout":"default","site-content-layout":"","ast-site-content-layout":"","site-content-style":"default","site-sidebar-style":"default","ast-global-header-display":"","ast-banner-title-visibility":"","ast-main-header-display":"","ast-hfb-above-header-display":"","ast-hfb-below-header-display":"","ast-hfb-mobile-header-display":"","site-post-title":"","ast-breadcrumbs-content":"","ast-featured-img":"","footer-sml-layout":"","theme-transparent-header-meta":"","adv-header-id-meta":"","stick-header-meta":"","header-above-stick-meta":"","header-main-stick-meta":"","header-below-stick-meta":"","astra-migrate-meta-layouts":"default","ast-page-background-enabled":"default","ast-page-background-meta":{"desktop":{"background-color":"var(--ast-global-color-5)","background-image":"","background-repeat":"repeat","background-position":"center center","background-size":"auto","background-attachment":"scroll","background-type":"","background-media":"","overlay-type":"","overlay-color":"","overlay-opacity":"","overlay-gradient":""},"tablet":{"background-color":"","background-image":"","background-repeat":"repeat","background-position":"center center","background-size":"auto","background-attachment":"scroll","background-type":"","background-media":"","overlay-type":"","overlay-color":"","overlay-opacity":"","overlay-gradient":""},"mobile":{"background-color":"","background-image":"","background-repeat":"repeat","background-position":"center center","background-size":"auto","background-attachment":"scroll","background-type":"","background-media":"","overlay-type":"","overlay-color":"","overlay-opacity":"","overlay-gradient":""}},"ast-content-background-meta":{"desktop":{"background-color":"var(--ast-global-color-4)","background-image":"","background-repeat":"repeat","background-position":"center center","background-size":"auto","background-attachment":"scroll","background-type":"","background-media":"","overlay-type":"","overlay-color":"","overlay-opacity":"","overlay-gradient":""},"tablet":{"background-color":"var(--ast-global-color-4)","background-image":"","background-repeat":"repeat","background-position":"center center","background-size":"auto","background-attachment":"scroll","background-type":"","background-media":"","overlay-type":"","overlay-color":"","overlay-opacity":"","overlay-gradient":""},"mobile":{"background-color":"var(--ast-global-color-4)","background-image":"","background-repeat":"repeat","background-position":"center center","background-size":"auto","background-attachment":"scroll","background-type":"","background-media":"","overlay-type":"","overlay-color":"","overlay-opacity":"","overlay-gradient":""}},"_jetpack_memberships_contains_paid_content":false,"footnotes":""},"categories":[7],"tags":[],"class_list":["post-779","post","type-post","status-publish","format-standard","has-post-thumbnail","hentry","category-noticias"],"yoast_head":"<!-- This site is optimized with the Yoast SEO plugin v27.5 - https:\/\/yoast.com\/product\/yoast-seo-wordpress\/ -->\n<title>Novo presidente do TCE-PB convoca gestores p\u00fablicos e a sociedade para pactos pela cidadania e educa\u00e7\u00e3o infantil %<\/title>\n<meta name=\"description\" content=\"Novo presidente do TCE-PB convoca gestores p\u00fablicos e a sociedade para pactos pela cidadania e educa\u00e7\u00e3o infantil %\" \/>\n<meta name=\"robots\" content=\"index, follow, max-snippet:-1, max-image-preview:large, max-video-preview:-1\" \/>\n<link rel=\"canonical\" href=\"https:\/\/tce.pb.gov.br\/portalprimeirainfancia\/novo-presidente-do-tce-pb-convoca-gestores-publicos-e-a-sociedade-para-pactos-pela-cidadania-e-educacao-infantil\/\" \/>\n<meta property=\"og:locale\" content=\"pt_BR\" \/>\n<meta property=\"og:type\" content=\"article\" \/>\n<meta property=\"og:title\" content=\"Novo presidente do TCE-PB convoca gestores p\u00fablicos e a sociedade para pactos pela cidadania e educa\u00e7\u00e3o infantil %\" \/>\n<meta property=\"og:description\" content=\"Novo presidente do TCE-PB convoca gestores p\u00fablicos e a sociedade para pactos pela cidadania e educa\u00e7\u00e3o infantil %\" \/>\n<meta property=\"og:url\" content=\"https:\/\/tce.pb.gov.br\/portalprimeirainfancia\/novo-presidente-do-tce-pb-convoca-gestores-publicos-e-a-sociedade-para-pactos-pela-cidadania-e-educacao-infantil\/\" \/>\n<meta property=\"og:site_name\" content=\"Pacto Paraibano pela Primeira Inf\u00e2ncia\" \/>\n<meta property=\"article:published_time\" content=\"2025-01-10T14:44:00+00:00\" \/>\n<meta property=\"article:modified_time\" content=\"2025-07-11T16:20:24+00:00\" \/>\n<meta property=\"og:image\" content=\"https:\/\/tce.pb.gov.br\/portalprimeirainfancia\/wp-content\/uploads\/2025\/04\/DSC_4803-1024x683-2.jpg\" \/>\n\t<meta property=\"og:image:width\" content=\"1024\" \/>\n\t<meta property=\"og:image:height\" content=\"683\" \/>\n\t<meta property=\"og:image:type\" content=\"image\/jpeg\" \/>\n<meta name=\"author\" content=\"Rafael Massoni\" \/>\n<meta name=\"twitter:card\" content=\"summary_large_image\" \/>\n<meta name=\"twitter:label1\" content=\"Escrito por\" \/>\n\t<meta name=\"twitter:data1\" content=\"Rafael Massoni\" \/>\n\t<meta name=\"twitter:label2\" content=\"Est. tempo de leitura\" \/>\n\t<meta name=\"twitter:data2\" content=\"10 minutos\" \/>\n<script type=\"application\/ld+json\" class=\"yoast-schema-graph\">{\"@context\":\"https:\\\/\\\/schema.org\",\"@graph\":[{\"@type\":\"NewsArticle\",\"@id\":\"https:\\\/\\\/tce.pb.gov.br\\\/portalprimeirainfancia\\\/novo-presidente-do-tce-pb-convoca-gestores-publicos-e-a-sociedade-para-pactos-pela-cidadania-e-educacao-infantil\\\/#article\",\"isPartOf\":{\"@id\":\"https:\\\/\\\/tce.pb.gov.br\\\/portalprimeirainfancia\\\/novo-presidente-do-tce-pb-convoca-gestores-publicos-e-a-sociedade-para-pactos-pela-cidadania-e-educacao-infantil\\\/\"},\"author\":{\"name\":\"Rafael Massoni\",\"@id\":\"https:\\\/\\\/tce.pb.gov.br\\\/portalprimeirainfancia\\\/#\\\/schema\\\/person\\\/6a39eea5836dda604de1c5e5b7d62141\"},\"headline\":\"Novo presidente do TCE-PB convoca gestores p\u00fablicos e a sociedade para pactos pela cidadania e educa\u00e7\u00e3o infantil\",\"datePublished\":\"2025-01-10T14:44:00+00:00\",\"dateModified\":\"2025-07-11T16:20:24+00:00\",\"mainEntityOfPage\":{\"@id\":\"https:\\\/\\\/tce.pb.gov.br\\\/portalprimeirainfancia\\\/novo-presidente-do-tce-pb-convoca-gestores-publicos-e-a-sociedade-para-pactos-pela-cidadania-e-educacao-infantil\\\/\"},\"wordCount\":1908,\"publisher\":{\"@id\":\"https:\\\/\\\/tce.pb.gov.br\\\/portalprimeirainfancia\\\/#organization\"},\"image\":{\"@id\":\"https:\\\/\\\/tce.pb.gov.br\\\/portalprimeirainfancia\\\/novo-presidente-do-tce-pb-convoca-gestores-publicos-e-a-sociedade-para-pactos-pela-cidadania-e-educacao-infantil\\\/#primaryimage\"},\"thumbnailUrl\":\"https:\\\/\\\/tce.pb.gov.br\\\/portalprimeirainfancia\\\/wp-content\\\/uploads\\\/2025\\\/04\\\/DSC_4803-1024x683-2.jpg\",\"articleSection\":[\"Not\u00edcias\"],\"inLanguage\":\"pt-BR\"},{\"@type\":\"WebPage\",\"@id\":\"https:\\\/\\\/tce.pb.gov.br\\\/portalprimeirainfancia\\\/novo-presidente-do-tce-pb-convoca-gestores-publicos-e-a-sociedade-para-pactos-pela-cidadania-e-educacao-infantil\\\/\",\"url\":\"https:\\\/\\\/tce.pb.gov.br\\\/portalprimeirainfancia\\\/novo-presidente-do-tce-pb-convoca-gestores-publicos-e-a-sociedade-para-pactos-pela-cidadania-e-educacao-infantil\\\/\",\"name\":\"Novo presidente do TCE-PB convoca gestores p\u00fablicos e a sociedade para pactos pela cidadania e educa\u00e7\u00e3o infantil %\",\"isPartOf\":{\"@id\":\"https:\\\/\\\/tce.pb.gov.br\\\/portalprimeirainfancia\\\/#website\"},\"primaryImageOfPage\":{\"@id\":\"https:\\\/\\\/tce.pb.gov.br\\\/portalprimeirainfancia\\\/novo-presidente-do-tce-pb-convoca-gestores-publicos-e-a-sociedade-para-pactos-pela-cidadania-e-educacao-infantil\\\/#primaryimage\"},\"image\":{\"@id\":\"https:\\\/\\\/tce.pb.gov.br\\\/portalprimeirainfancia\\\/novo-presidente-do-tce-pb-convoca-gestores-publicos-e-a-sociedade-para-pactos-pela-cidadania-e-educacao-infantil\\\/#primaryimage\"},\"thumbnailUrl\":\"https:\\\/\\\/tce.pb.gov.br\\\/portalprimeirainfancia\\\/wp-content\\\/uploads\\\/2025\\\/04\\\/DSC_4803-1024x683-2.jpg\",\"datePublished\":\"2025-01-10T14:44:00+00:00\",\"dateModified\":\"2025-07-11T16:20:24+00:00\",\"description\":\"Novo presidente do TCE-PB convoca gestores p\u00fablicos e a sociedade para pactos pela cidadania e educa\u00e7\u00e3o infantil %\",\"breadcrumb\":{\"@id\":\"https:\\\/\\\/tce.pb.gov.br\\\/portalprimeirainfancia\\\/novo-presidente-do-tce-pb-convoca-gestores-publicos-e-a-sociedade-para-pactos-pela-cidadania-e-educacao-infantil\\\/#breadcrumb\"},\"inLanguage\":\"pt-BR\",\"potentialAction\":[{\"@type\":\"ReadAction\",\"target\":[\"https:\\\/\\\/tce.pb.gov.br\\\/portalprimeirainfancia\\\/novo-presidente-do-tce-pb-convoca-gestores-publicos-e-a-sociedade-para-pactos-pela-cidadania-e-educacao-infantil\\\/\"]}]},{\"@type\":\"ImageObject\",\"inLanguage\":\"pt-BR\",\"@id\":\"https:\\\/\\\/tce.pb.gov.br\\\/portalprimeirainfancia\\\/novo-presidente-do-tce-pb-convoca-gestores-publicos-e-a-sociedade-para-pactos-pela-cidadania-e-educacao-infantil\\\/#primaryimage\",\"url\":\"https:\\\/\\\/tce.pb.gov.br\\\/portalprimeirainfancia\\\/wp-content\\\/uploads\\\/2025\\\/04\\\/DSC_4803-1024x683-2.jpg\",\"contentUrl\":\"https:\\\/\\\/tce.pb.gov.br\\\/portalprimeirainfancia\\\/wp-content\\\/uploads\\\/2025\\\/04\\\/DSC_4803-1024x683-2.jpg\",\"width\":1024,\"height\":683},{\"@type\":\"BreadcrumbList\",\"@id\":\"https:\\\/\\\/tce.pb.gov.br\\\/portalprimeirainfancia\\\/novo-presidente-do-tce-pb-convoca-gestores-publicos-e-a-sociedade-para-pactos-pela-cidadania-e-educacao-infantil\\\/#breadcrumb\",\"itemListElement\":[{\"@type\":\"ListItem\",\"position\":1,\"name\":\"In\u00edcio\",\"item\":\"https:\\\/\\\/tce.pb.gov.br\\\/portalprimeirainfancia\\\/\"},{\"@type\":\"ListItem\",\"position\":2,\"name\":\"Novo presidente do TCE-PB convoca gestores p\u00fablicos e a sociedade para pactos pela cidadania e educa\u00e7\u00e3o infantil\"}]},{\"@type\":\"WebSite\",\"@id\":\"https:\\\/\\\/tce.pb.gov.br\\\/portalprimeirainfancia\\\/#website\",\"url\":\"https:\\\/\\\/tce.pb.gov.br\\\/portalprimeirainfancia\\\/\",\"name\":\"Pacto Paraibano pela Primeira Inf\u00e2ncia\",\"description\":\"Portal para divulga\u00e7\u00e3o do Pacto Paraibano pela Primeira Inf\u00e2ncia\",\"publisher\":{\"@id\":\"https:\\\/\\\/tce.pb.gov.br\\\/portalprimeirainfancia\\\/#organization\"},\"potentialAction\":[{\"@type\":\"SearchAction\",\"target\":{\"@type\":\"EntryPoint\",\"urlTemplate\":\"https:\\\/\\\/tce.pb.gov.br\\\/portalprimeirainfancia\\\/?s={search_term_string}\"},\"query-input\":{\"@type\":\"PropertyValueSpecification\",\"valueRequired\":true,\"valueName\":\"search_term_string\"}}],\"inLanguage\":\"pt-BR\"},{\"@type\":\"Organization\",\"@id\":\"https:\\\/\\\/tce.pb.gov.br\\\/portalprimeirainfancia\\\/#organization\",\"name\":\"Pacto Paraibano pela Primeira Inf\u00e2ncia\",\"alternateName\":\"TCE-PB\",\"url\":\"https:\\\/\\\/tce.pb.gov.br\\\/portalprimeirainfancia\\\/\",\"logo\":{\"@type\":\"ImageObject\",\"inLanguage\":\"pt-BR\",\"@id\":\"https:\\\/\\\/tce.pb.gov.br\\\/portalprimeirainfancia\\\/#\\\/schema\\\/logo\\\/image\\\/\",\"url\":\"https:\\\/\\\/tce.pb.gov.br\\\/portalprimeirainfancia\\\/wp-content\\\/uploads\\\/2025\\\/05\\\/Pacto-Whatsapp.png\",\"contentUrl\":\"https:\\\/\\\/tce.pb.gov.br\\\/portalprimeirainfancia\\\/wp-content\\\/uploads\\\/2025\\\/05\\\/Pacto-Whatsapp.png\",\"width\":427,\"height\":427,\"caption\":\"Pacto Paraibano pela Primeira Inf\u00e2ncia\"},\"image\":{\"@id\":\"https:\\\/\\\/tce.pb.gov.br\\\/portalprimeirainfancia\\\/#\\\/schema\\\/logo\\\/image\\\/\"},\"sameAs\":[\"https:\\\/\\\/www.instagram.com\\\/tcepb\\\/\"]},{\"@type\":\"Person\",\"@id\":\"https:\\\/\\\/tce.pb.gov.br\\\/portalprimeirainfancia\\\/#\\\/schema\\\/person\\\/6a39eea5836dda604de1c5e5b7d62141\",\"name\":\"Rafael Massoni\"}]}<\/script>\n<!-- \/ Yoast SEO plugin. -->","yoast_head_json":{"title":"Novo presidente do TCE-PB convoca gestores p\u00fablicos e a sociedade para pactos pela cidadania e educa\u00e7\u00e3o infantil %","description":"Novo presidente do TCE-PB convoca gestores p\u00fablicos e a sociedade para pactos pela cidadania e educa\u00e7\u00e3o infantil %","robots":{"index":"index","follow":"follow","max-snippet":"max-snippet:-1","max-image-preview":"max-image-preview:large","max-video-preview":"max-video-preview:-1"},"canonical":"https:\/\/tce.pb.gov.br\/portalprimeirainfancia\/novo-presidente-do-tce-pb-convoca-gestores-publicos-e-a-sociedade-para-pactos-pela-cidadania-e-educacao-infantil\/","og_locale":"pt_BR","og_type":"article","og_title":"Novo presidente do TCE-PB convoca gestores p\u00fablicos e a sociedade para pactos pela cidadania e educa\u00e7\u00e3o infantil %","og_description":"Novo presidente do TCE-PB convoca gestores p\u00fablicos e a sociedade para pactos pela cidadania e educa\u00e7\u00e3o infantil %","og_url":"https:\/\/tce.pb.gov.br\/portalprimeirainfancia\/novo-presidente-do-tce-pb-convoca-gestores-publicos-e-a-sociedade-para-pactos-pela-cidadania-e-educacao-infantil\/","og_site_name":"Pacto Paraibano pela Primeira Inf\u00e2ncia","article_published_time":"2025-01-10T14:44:00+00:00","article_modified_time":"2025-07-11T16:20:24+00:00","og_image":[{"width":1024,"height":683,"url":"https:\/\/tce.pb.gov.br\/portalprimeirainfancia\/wp-content\/uploads\/2025\/04\/DSC_4803-1024x683-2.jpg","type":"image\/jpeg"}],"author":"Rafael Massoni","twitter_card":"summary_large_image","twitter_misc":{"Escrito por":"Rafael Massoni","Est. tempo de leitura":"10 minutos"},"schema":{"@context":"https:\/\/schema.org","@graph":[{"@type":"NewsArticle","@id":"https:\/\/tce.pb.gov.br\/portalprimeirainfancia\/novo-presidente-do-tce-pb-convoca-gestores-publicos-e-a-sociedade-para-pactos-pela-cidadania-e-educacao-infantil\/#article","isPartOf":{"@id":"https:\/\/tce.pb.gov.br\/portalprimeirainfancia\/novo-presidente-do-tce-pb-convoca-gestores-publicos-e-a-sociedade-para-pactos-pela-cidadania-e-educacao-infantil\/"},"author":{"name":"Rafael Massoni","@id":"https:\/\/tce.pb.gov.br\/portalprimeirainfancia\/#\/schema\/person\/6a39eea5836dda604de1c5e5b7d62141"},"headline":"Novo presidente do TCE-PB convoca gestores p\u00fablicos e a sociedade para pactos pela cidadania e educa\u00e7\u00e3o infantil","datePublished":"2025-01-10T14:44:00+00:00","dateModified":"2025-07-11T16:20:24+00:00","mainEntityOfPage":{"@id":"https:\/\/tce.pb.gov.br\/portalprimeirainfancia\/novo-presidente-do-tce-pb-convoca-gestores-publicos-e-a-sociedade-para-pactos-pela-cidadania-e-educacao-infantil\/"},"wordCount":1908,"publisher":{"@id":"https:\/\/tce.pb.gov.br\/portalprimeirainfancia\/#organization"},"image":{"@id":"https:\/\/tce.pb.gov.br\/portalprimeirainfancia\/novo-presidente-do-tce-pb-convoca-gestores-publicos-e-a-sociedade-para-pactos-pela-cidadania-e-educacao-infantil\/#primaryimage"},"thumbnailUrl":"https:\/\/tce.pb.gov.br\/portalprimeirainfancia\/wp-content\/uploads\/2025\/04\/DSC_4803-1024x683-2.jpg","articleSection":["Not\u00edcias"],"inLanguage":"pt-BR"},{"@type":"WebPage","@id":"https:\/\/tce.pb.gov.br\/portalprimeirainfancia\/novo-presidente-do-tce-pb-convoca-gestores-publicos-e-a-sociedade-para-pactos-pela-cidadania-e-educacao-infantil\/","url":"https:\/\/tce.pb.gov.br\/portalprimeirainfancia\/novo-presidente-do-tce-pb-convoca-gestores-publicos-e-a-sociedade-para-pactos-pela-cidadania-e-educacao-infantil\/","name":"Novo presidente do TCE-PB convoca gestores p\u00fablicos e a sociedade para pactos pela cidadania e educa\u00e7\u00e3o infantil %","isPartOf":{"@id":"https:\/\/tce.pb.gov.br\/portalprimeirainfancia\/#website"},"primaryImageOfPage":{"@id":"https:\/\/tce.pb.gov.br\/portalprimeirainfancia\/novo-presidente-do-tce-pb-convoca-gestores-publicos-e-a-sociedade-para-pactos-pela-cidadania-e-educacao-infantil\/#primaryimage"},"image":{"@id":"https:\/\/tce.pb.gov.br\/portalprimeirainfancia\/novo-presidente-do-tce-pb-convoca-gestores-publicos-e-a-sociedade-para-pactos-pela-cidadania-e-educacao-infantil\/#primaryimage"},"thumbnailUrl":"https:\/\/tce.pb.gov.br\/portalprimeirainfancia\/wp-content\/uploads\/2025\/04\/DSC_4803-1024x683-2.jpg","datePublished":"2025-01-10T14:44:00+00:00","dateModified":"2025-07-11T16:20:24+00:00","description":"Novo presidente do TCE-PB convoca gestores p\u00fablicos e a sociedade para pactos pela cidadania e educa\u00e7\u00e3o infantil %","breadcrumb":{"@id":"https:\/\/tce.pb.gov.br\/portalprimeirainfancia\/novo-presidente-do-tce-pb-convoca-gestores-publicos-e-a-sociedade-para-pactos-pela-cidadania-e-educacao-infantil\/#breadcrumb"},"inLanguage":"pt-BR","potentialAction":[{"@type":"ReadAction","target":["https:\/\/tce.pb.gov.br\/portalprimeirainfancia\/novo-presidente-do-tce-pb-convoca-gestores-publicos-e-a-sociedade-para-pactos-pela-cidadania-e-educacao-infantil\/"]}]},{"@type":"ImageObject","inLanguage":"pt-BR","@id":"https:\/\/tce.pb.gov.br\/portalprimeirainfancia\/novo-presidente-do-tce-pb-convoca-gestores-publicos-e-a-sociedade-para-pactos-pela-cidadania-e-educacao-infantil\/#primaryimage","url":"https:\/\/tce.pb.gov.br\/portalprimeirainfancia\/wp-content\/uploads\/2025\/04\/DSC_4803-1024x683-2.jpg","contentUrl":"https:\/\/tce.pb.gov.br\/portalprimeirainfancia\/wp-content\/uploads\/2025\/04\/DSC_4803-1024x683-2.jpg","width":1024,"height":683},{"@type":"BreadcrumbList","@id":"https:\/\/tce.pb.gov.br\/portalprimeirainfancia\/novo-presidente-do-tce-pb-convoca-gestores-publicos-e-a-sociedade-para-pactos-pela-cidadania-e-educacao-infantil\/#breadcrumb","itemListElement":[{"@type":"ListItem","position":1,"name":"In\u00edcio","item":"https:\/\/tce.pb.gov.br\/portalprimeirainfancia\/"},{"@type":"ListItem","position":2,"name":"Novo presidente do TCE-PB convoca gestores p\u00fablicos e a sociedade para pactos pela cidadania e educa\u00e7\u00e3o infantil"}]},{"@type":"WebSite","@id":"https:\/\/tce.pb.gov.br\/portalprimeirainfancia\/#website","url":"https:\/\/tce.pb.gov.br\/portalprimeirainfancia\/","name":"Pacto Paraibano pela Primeira Inf\u00e2ncia","description":"Portal para divulga\u00e7\u00e3o do Pacto Paraibano pela Primeira Inf\u00e2ncia","publisher":{"@id":"https:\/\/tce.pb.gov.br\/portalprimeirainfancia\/#organization"},"potentialAction":[{"@type":"SearchAction","target":{"@type":"EntryPoint","urlTemplate":"https:\/\/tce.pb.gov.br\/portalprimeirainfancia\/?s={search_term_string}"},"query-input":{"@type":"PropertyValueSpecification","valueRequired":true,"valueName":"search_term_string"}}],"inLanguage":"pt-BR"},{"@type":"Organization","@id":"https:\/\/tce.pb.gov.br\/portalprimeirainfancia\/#organization","name":"Pacto Paraibano pela Primeira Inf\u00e2ncia","alternateName":"TCE-PB","url":"https:\/\/tce.pb.gov.br\/portalprimeirainfancia\/","logo":{"@type":"ImageObject","inLanguage":"pt-BR","@id":"https:\/\/tce.pb.gov.br\/portalprimeirainfancia\/#\/schema\/logo\/image\/","url":"https:\/\/tce.pb.gov.br\/portalprimeirainfancia\/wp-content\/uploads\/2025\/05\/Pacto-Whatsapp.png","contentUrl":"https:\/\/tce.pb.gov.br\/portalprimeirainfancia\/wp-content\/uploads\/2025\/05\/Pacto-Whatsapp.png","width":427,"height":427,"caption":"Pacto Paraibano pela Primeira Inf\u00e2ncia"},"image":{"@id":"https:\/\/tce.pb.gov.br\/portalprimeirainfancia\/#\/schema\/logo\/image\/"},"sameAs":["https:\/\/www.instagram.com\/tcepb\/"]},{"@type":"Person","@id":"https:\/\/tce.pb.gov.br\/portalprimeirainfancia\/#\/schema\/person\/6a39eea5836dda604de1c5e5b7d62141","name":"Rafael Massoni"}]}},"jetpack_featured_media_url":"https:\/\/tce.pb.gov.br\/portalprimeirainfancia\/wp-content\/uploads\/2025\/04\/DSC_4803-1024x683-2.jpg","jetpack_sharing_enabled":true,"_links":{"self":[{"href":"https:\/\/tce.pb.gov.br\/portalprimeirainfancia\/wp-json\/wp\/v2\/posts\/779","targetHints":{"allow":["GET"]}}],"collection":[{"href":"https:\/\/tce.pb.gov.br\/portalprimeirainfancia\/wp-json\/wp\/v2\/posts"}],"about":[{"href":"https:\/\/tce.pb.gov.br\/portalprimeirainfancia\/wp-json\/wp\/v2\/types\/post"}],"author":[{"embeddable":true,"href":"https:\/\/tce.pb.gov.br\/portalprimeirainfancia\/wp-json\/wp\/v2\/users\/6"}],"replies":[{"embeddable":true,"href":"https:\/\/tce.pb.gov.br\/portalprimeirainfancia\/wp-json\/wp\/v2\/comments?post=779"}],"version-history":[{"count":1,"href":"https:\/\/tce.pb.gov.br\/portalprimeirainfancia\/wp-json\/wp\/v2\/posts\/779\/revisions"}],"predecessor-version":[{"id":29511,"href":"https:\/\/tce.pb.gov.br\/portalprimeirainfancia\/wp-json\/wp\/v2\/posts\/779\/revisions\/29511"}],"wp:featuredmedia":[{"embeddable":true,"href":"https:\/\/tce.pb.gov.br\/portalprimeirainfancia\/wp-json\/wp\/v2\/media\/780"}],"wp:attachment":[{"href":"https:\/\/tce.pb.gov.br\/portalprimeirainfancia\/wp-json\/wp\/v2\/media?parent=779"}],"wp:term":[{"taxonomy":"category","embeddable":true,"href":"https:\/\/tce.pb.gov.br\/portalprimeirainfancia\/wp-json\/wp\/v2\/categories?post=779"},{"taxonomy":"post_tag","embeddable":true,"href":"https:\/\/tce.pb.gov.br\/portalprimeirainfancia\/wp-json\/wp\/v2\/tags?post=779"}],"curies":[{"name":"wp","href":"https:\/\/api.w.org\/{rel}","templated":true}]}}