{"id":729,"date":"2025-03-27T09:30:00","date_gmt":"2025-03-27T12:30:00","guid":{"rendered":"https:\/\/tce.pb.gov.br\/portalprimeirainfancia\/?p=729"},"modified":"2025-04-23T20:04:10","modified_gmt":"2025-04-23T23:04:10","slug":"patos-sediou-o-primeiro-ciclo-do-curso-do-tce-pb-sobre-primeira-infancia-no-contexto-da-ldo","status":"publish","type":"post","link":"https:\/\/tce.pb.gov.br\/portalprimeirainfancia\/patos-sediou-o-primeiro-ciclo-do-curso-do-tce-pb-sobre-primeira-infancia-no-contexto-da-ldo\/","title":{"rendered":"Patos sediou o primeiro ciclo do Curso do TCE-PB sobre Primeira Inf\u00e2ncia no Contexto da LDO"},"content":{"rendered":"\n<figure class=\"wp-block-image aligncenter size-full\"><img fetchpriority=\"high\" decoding=\"async\" width=\"1000\" height=\"667\" src=\"https:\/\/tce.pb.gov.br\/portalprimeirainfancia\/wp-content\/uploads\/2025\/04\/Andre-em-Patos-1.webp\" alt=\"\" class=\"wp-image-730\" srcset=\"https:\/\/tce.pb.gov.br\/portalprimeirainfancia\/wp-content\/uploads\/2025\/04\/Andre-em-Patos-1.webp 1000w, https:\/\/tce.pb.gov.br\/portalprimeirainfancia\/wp-content\/uploads\/2025\/04\/Andre-em-Patos-1-300x200.webp 300w, https:\/\/tce.pb.gov.br\/portalprimeirainfancia\/wp-content\/uploads\/2025\/04\/Andre-em-Patos-1-768x512.webp 768w\" sizes=\"(max-width: 1000px) 100vw, 1000px\" \/><\/figure>\n\n\n\n<p>Na ter\u00e7a-feira (25), Patos foi palco do curso \u201cPrimeira Inf\u00e2ncia no Contexto da LDO\u201d, promovido pelo Tribunal de Contas do Estado da Para\u00edba (TCE-PB). O evento reuniu representantes de diversos munic\u00edpios para discutir a import\u00e2ncia da inclus\u00e3o da primeira inf\u00e2ncia no planejamento or\u00e7ament\u00e1rio das cidades, assegurando recursos e a\u00e7\u00f5es voltadas \u00e0s crian\u00e7as desde os primeiros anos de vida.<\/p>\n\n\n\n<p>A abertura oficial da capacita\u00e7\u00e3o foi feita pelo vice-presidente do TCE-PB, Andr\u00e9 Carlo Torres Pontes. Ele destacou que o objetivo do curso \u00e9 sensibilizar os gestores p\u00fablicos sobre a necessidade de estabelecer a primeira inf\u00e2ncia como uma pol\u00edtica p\u00fablica priorit\u00e1ria e garantir sua inclus\u00e3o adequada na Lei de Diretrizes Or\u00e7ament\u00e1rias (LDO).<\/p>\n\n\n\n<p>A capacita\u00e7\u00e3o foi ministrada por Luzemar Martins, auditor de controle externo do TCE-PB, e contou com a presen\u00e7a do prefeito de Patos, Nabor Wanderley; da ju\u00edza de Direito Dr\u00aa Joscileide Lira, coordenadora do Comit\u00ea da Primeira Inf\u00e2ncia do TJPB; do juiz Hugo Zaher, coordenador da Inf\u00e2ncia e Juventude do TJPB; al\u00e9m de prefeitos e secret\u00e1rios de outros munic\u00edpios.<\/p>\n\n\n\n<p>Durante o evento, o prefeito Nabor Wanderley compartilhou que, desde 2021, o munic\u00edpio de Patos tem inclu\u00eddo a primeira inf\u00e2ncia no or\u00e7amento municipal por meio do Programa de Aten\u00e7\u00e3o \u00e0 Primeira Inf\u00e2ncia (PAI). Esse programa re\u00fane iniciativas que garantem a participa\u00e7\u00e3o e os direitos das crian\u00e7as na formula\u00e7\u00e3o das pol\u00edticas p\u00fablicas. Foram apresentadas duas a\u00e7\u00f5es do programa: o \u201cOr\u00e7amentinho\u201d, que permite que as crian\u00e7as expressem suas prioridades para a cidade por meio de desenhos, e a \u201cCartilha da Primeira Inf\u00e2ncia\u201d, que servir\u00e1 como modelo para outros munic\u00edpios ap\u00f3s o lan\u00e7amento oficial.<\/p>\n\n\n\n<figure class=\"wp-block-image size-full\"><img decoding=\"async\" width=\"1024\" height=\"683\" src=\"https:\/\/tce.pb.gov.br\/portalprimeirainfancia\/wp-content\/uploads\/2025\/04\/Juiz-Zaher-em-Curso-do-TCE-PB-1024x683-1.jpg\" alt=\"\" class=\"wp-image-731\" srcset=\"https:\/\/tce.pb.gov.br\/portalprimeirainfancia\/wp-content\/uploads\/2025\/04\/Juiz-Zaher-em-Curso-do-TCE-PB-1024x683-1.jpg 1024w, https:\/\/tce.pb.gov.br\/portalprimeirainfancia\/wp-content\/uploads\/2025\/04\/Juiz-Zaher-em-Curso-do-TCE-PB-1024x683-1-300x200.jpg 300w, https:\/\/tce.pb.gov.br\/portalprimeirainfancia\/wp-content\/uploads\/2025\/04\/Juiz-Zaher-em-Curso-do-TCE-PB-1024x683-1-768x512.jpg 768w\" sizes=\"(max-width: 1024px) 100vw, 1024px\" \/><\/figure>\n\n\n\n<p>O juiz Hugo Gomes Zaher, coordenador da Inf\u00e2ncia e Juventude (Coinju) do Tribunal de Justi\u00e7a da Para\u00edba, tamb\u00e9m participou da abertura do curso. Em sua fala, ele ressaltou a import\u00e2ncia do di\u00e1logo t\u00e9cnico e estrat\u00e9gico entre o controle externo, o Poder Judici\u00e1rio e os gestores municipais. \u201cA efetividade do Marco Legal da Primeira Inf\u00e2ncia depende, necessariamente, da previs\u00e3o or\u00e7ament\u00e1ria adequada e da inclus\u00e3o expl\u00edcita de a\u00e7\u00f5es voltadas \u00e0 primeira inf\u00e2ncia na Lei de Diretrizes Or\u00e7ament\u00e1rias\u201d, destacou.<\/p>\n\n\n\n<p>Zaher ainda enfatizou que o aprimoramento dos gestores p\u00fablicos e agentes pol\u00edticos no cuidado da primeira inf\u00e2ncia transforma a realidade local. \u201cIniciativas como essa fortalecem a governan\u00e7a colaborativa e ajudam a transformar o princ\u00edpio da prioridade absoluta em uma realidade concreta na vida de milhares de crian\u00e7as paraibanas\u201d, afirmou.<\/p>\n\n\n\n<figure class=\"wp-block-image size-full\"><img decoding=\"async\" width=\"1024\" height=\"925\" src=\"https:\/\/tce.pb.gov.br\/portalprimeirainfancia\/wp-content\/uploads\/2025\/04\/Luzemar-em-curso-em-Patos-1024x925-1.jpg\" alt=\"\" class=\"wp-image-732\" srcset=\"https:\/\/tce.pb.gov.br\/portalprimeirainfancia\/wp-content\/uploads\/2025\/04\/Luzemar-em-curso-em-Patos-1024x925-1.jpg 1024w, https:\/\/tce.pb.gov.br\/portalprimeirainfancia\/wp-content\/uploads\/2025\/04\/Luzemar-em-curso-em-Patos-1024x925-1-300x271.jpg 300w, https:\/\/tce.pb.gov.br\/portalprimeirainfancia\/wp-content\/uploads\/2025\/04\/Luzemar-em-curso-em-Patos-1024x925-1-768x694.jpg 768w\" sizes=\"(max-width: 1024px) 100vw, 1024px\" \/><\/figure>\n\n\n\n<p>Luzemar Martins, auditor de controle externo do TCE-PB, destacou que esta foi a primeira vez que o Tribunal de Contas realiza uma a\u00e7\u00e3o exclusivamente voltada \u00e0 primeira inf\u00e2ncia, e Patos foi escolhida como cidade-piloto devido \u00e0 sua experi\u00eancia consolidada na \u00e1rea.<\/p>\n\n\n\n<p><strong>Munic\u00edpios da regi\u00e3o de Patos que participaram da capacita\u00e7\u00e3o<\/strong>: Al\u00e9m de Patos, Alcantil, Algod\u00e3o de Janda\u00edra, Amparo, Arara, Araruna, Assun\u00e7\u00e3o, Bara\u00fana, Barra de Santa Rosa, Barra de Santana, Barra de S\u00e3o Miguel, Boa Vista, Boqueir\u00e3o, Cabaceiras, Cacimba de Dentro, Camala\u00fa, Campina Grande, Cara\u00fabas, Casserengue, Caturit\u00e9, Congo, Coxixola, Cubati, Cuit\u00e9, Dami\u00e3o, Dona In\u00eas, Fagundes, Frei Martinho, Gurj\u00e3o, Juazeirinho, Junco do Serid\u00f3, Lagoa Seca, Livramento, Massaranduba, Monteiro, Nova Floresta, Nova Palmeira, Olivedos, Ouro Velho, Parari, Pedra Lavrada, Picu\u00ed, Pocinhos, Prata, Puxinan\u00e3, Queimadas, Rem\u00edgio, Riach\u00e3o, Riacho de Santo Ant\u00f4nio, Salgadinho, Santa Luzia, Santo Andr\u00e9, S\u00e3o Domingos do Cariri, S\u00e3o Jo\u00e3o do Cariri, S\u00e3o Jo\u00e3o do Tigre, S\u00e3o Jos\u00e9 do Sabugi, S\u00e3o Jos\u00e9 dos Cordeiros, S\u00e3o Mamede, S\u00e3o Sebasti\u00e3o do Umbuzeiro, S\u00e3o Vicente do Serid\u00f3, Serra Branca, Serra Redonda, Sol\u00e2nea, Soledade, Soss\u00eago, Sum\u00e9, Tacima, Tapero\u00e1, Ten\u00f3rio, V\u00e1rzea, Zabel\u00ea.&nbsp;<\/p>\n","protected":false},"excerpt":{"rendered":"<p>Na ter\u00e7a-feira (25), Patos foi palco do curso \u201cPrimeira Inf\u00e2ncia no Contexto da LDO\u201d, promovido pelo Tribunal de Contas do [&hellip;]<\/p>\n","protected":false},"author":6,"featured_media":730,"comment_status":"closed","ping_status":"","sticky":false,"template":"","format":"standard","meta":{"site-sidebar-layout":"default","site-content-layout":"","ast-site-content-layout":"","site-content-style":"default","site-sidebar-style":"default","ast-global-header-display":"","ast-banner-title-visibility":"","ast-main-header-display":"","ast-hfb-above-header-display":"","ast-hfb-below-header-display":"","ast-hfb-mobile-header-display":"","site-post-title":"","ast-breadcrumbs-content":"","ast-featured-img":"","footer-sml-layout":"","theme-transparent-header-meta":"","adv-header-id-meta":"","stick-header-meta":"","header-above-stick-meta":"","header-main-stick-meta":"","header-below-stick-meta":"","astra-migrate-meta-layouts":"default","ast-page-background-enabled":"default","ast-page-background-meta":{"desktop":{"background-color":"var(--ast-global-color-5)","background-image":"","background-repeat":"repeat","background-position":"center center","background-size":"auto","background-attachment":"scroll","background-type":"","background-media":"","overlay-type":"","overlay-color":"","overlay-opacity":"","overlay-gradient":""},"tablet":{"background-color":"","background-image":"","background-repeat":"repeat","background-position":"center center","background-size":"auto","background-attachment":"scroll","background-type":"","background-media":"","overlay-type":"","overlay-color":"","overlay-opacity":"","overlay-gradient":""},"mobile":{"background-color":"","background-image":"","background-repeat":"repeat","background-position":"center center","background-size":"auto","background-attachment":"scroll","background-type":"","background-media":"","overlay-type":"","overlay-color":"","overlay-opacity":"","overlay-gradient":""}},"ast-content-background-meta":{"desktop":{"background-color":"var(--ast-global-color-4)","background-image":"","background-repeat":"repeat","background-position":"center center","background-size":"auto","background-attachment":"scroll","background-type":"","background-media":"","overlay-type":"","overlay-color":"","overlay-opacity":"","overlay-gradient":""},"tablet":{"background-color":"var(--ast-global-color-4)","background-image":"","background-repeat":"repeat","background-position":"center center","background-size":"auto","background-attachment":"scroll","background-type":"","background-media":"","overlay-type":"","overlay-color":"","overlay-opacity":"","overlay-gradient":""},"mobile":{"background-color":"var(--ast-global-color-4)","background-image":"","background-repeat":"repeat","background-position":"center center","background-size":"auto","background-attachment":"scroll","background-type":"","background-media":"","overlay-type":"","overlay-color":"","overlay-opacity":"","overlay-gradient":""}},"_jetpack_memberships_contains_paid_content":false,"footnotes":""},"categories":[7],"tags":[],"class_list":["post-729","post","type-post","status-publish","format-standard","has-post-thumbnail","hentry","category-noticias"],"yoast_head":"<!-- This site is optimized with the Yoast SEO plugin v27.5 - https:\/\/yoast.com\/product\/yoast-seo-wordpress\/ -->\n<title>Patos sediou o primeiro ciclo do Curso do TCE-PB sobre Primeira Inf\u00e2ncia no Contexto da LDO %<\/title>\n<meta name=\"description\" content=\"Patos sediou o primeiro ciclo do Curso do TCE-PB sobre Primeira Inf\u00e2ncia no Contexto da LDO %\" \/>\n<meta name=\"robots\" content=\"index, follow, max-snippet:-1, max-image-preview:large, max-video-preview:-1\" \/>\n<link rel=\"canonical\" href=\"https:\/\/tce.pb.gov.br\/portalprimeirainfancia\/patos-sediou-o-primeiro-ciclo-do-curso-do-tce-pb-sobre-primeira-infancia-no-contexto-da-ldo\/\" \/>\n<meta property=\"og:locale\" content=\"pt_BR\" \/>\n<meta property=\"og:type\" content=\"article\" \/>\n<meta property=\"og:title\" content=\"Patos sediou o primeiro ciclo do Curso do TCE-PB sobre Primeira Inf\u00e2ncia no Contexto da LDO %\" \/>\n<meta property=\"og:description\" content=\"Patos sediou o primeiro ciclo do Curso do TCE-PB sobre Primeira Inf\u00e2ncia no Contexto da LDO %\" \/>\n<meta property=\"og:url\" content=\"https:\/\/tce.pb.gov.br\/portalprimeirainfancia\/patos-sediou-o-primeiro-ciclo-do-curso-do-tce-pb-sobre-primeira-infancia-no-contexto-da-ldo\/\" \/>\n<meta property=\"og:site_name\" content=\"Pacto Paraibano pela Primeira Inf\u00e2ncia\" \/>\n<meta property=\"article:published_time\" content=\"2025-03-27T12:30:00+00:00\" \/>\n<meta property=\"article:modified_time\" content=\"2025-04-23T23:04:10+00:00\" \/>\n<meta property=\"og:image\" content=\"https:\/\/tce.pb.gov.br\/portalprimeirainfancia\/wp-content\/uploads\/2025\/04\/Andre-em-Patos-1.webp\" \/>\n\t<meta property=\"og:image:width\" content=\"1000\" \/>\n\t<meta property=\"og:image:height\" content=\"667\" \/>\n\t<meta property=\"og:image:type\" content=\"image\/webp\" \/>\n<meta name=\"author\" content=\"Rafael Massoni\" \/>\n<meta name=\"twitter:card\" content=\"summary_large_image\" \/>\n<meta name=\"twitter:label1\" content=\"Escrito por\" \/>\n\t<meta name=\"twitter:data1\" content=\"Rafael Massoni\" \/>\n\t<meta name=\"twitter:label2\" content=\"Est. tempo de leitura\" \/>\n\t<meta name=\"twitter:data2\" content=\"3 minutos\" \/>\n<script type=\"application\/ld+json\" class=\"yoast-schema-graph\">{\"@context\":\"https:\\\/\\\/schema.org\",\"@graph\":[{\"@type\":\"NewsArticle\",\"@id\":\"https:\\\/\\\/tce.pb.gov.br\\\/portalprimeirainfancia\\\/patos-sediou-o-primeiro-ciclo-do-curso-do-tce-pb-sobre-primeira-infancia-no-contexto-da-ldo\\\/#article\",\"isPartOf\":{\"@id\":\"https:\\\/\\\/tce.pb.gov.br\\\/portalprimeirainfancia\\\/patos-sediou-o-primeiro-ciclo-do-curso-do-tce-pb-sobre-primeira-infancia-no-contexto-da-ldo\\\/\"},\"author\":{\"name\":\"Rafael Massoni\",\"@id\":\"https:\\\/\\\/tce.pb.gov.br\\\/portalprimeirainfancia\\\/#\\\/schema\\\/person\\\/6a39eea5836dda604de1c5e5b7d62141\"},\"headline\":\"Patos sediou o primeiro ciclo do Curso do TCE-PB sobre Primeira Inf\u00e2ncia no Contexto da LDO\",\"datePublished\":\"2025-03-27T12:30:00+00:00\",\"dateModified\":\"2025-04-23T23:04:10+00:00\",\"mainEntityOfPage\":{\"@id\":\"https:\\\/\\\/tce.pb.gov.br\\\/portalprimeirainfancia\\\/patos-sediou-o-primeiro-ciclo-do-curso-do-tce-pb-sobre-primeira-infancia-no-contexto-da-ldo\\\/\"},\"wordCount\":676,\"publisher\":{\"@id\":\"https:\\\/\\\/tce.pb.gov.br\\\/portalprimeirainfancia\\\/#organization\"},\"image\":{\"@id\":\"https:\\\/\\\/tce.pb.gov.br\\\/portalprimeirainfancia\\\/patos-sediou-o-primeiro-ciclo-do-curso-do-tce-pb-sobre-primeira-infancia-no-contexto-da-ldo\\\/#primaryimage\"},\"thumbnailUrl\":\"https:\\\/\\\/tce.pb.gov.br\\\/portalprimeirainfancia\\\/wp-content\\\/uploads\\\/2025\\\/04\\\/Andre-em-Patos-1.webp\",\"articleSection\":[\"Not\u00edcias\"],\"inLanguage\":\"pt-BR\"},{\"@type\":\"WebPage\",\"@id\":\"https:\\\/\\\/tce.pb.gov.br\\\/portalprimeirainfancia\\\/patos-sediou-o-primeiro-ciclo-do-curso-do-tce-pb-sobre-primeira-infancia-no-contexto-da-ldo\\\/\",\"url\":\"https:\\\/\\\/tce.pb.gov.br\\\/portalprimeirainfancia\\\/patos-sediou-o-primeiro-ciclo-do-curso-do-tce-pb-sobre-primeira-infancia-no-contexto-da-ldo\\\/\",\"name\":\"Patos sediou o primeiro ciclo do Curso do TCE-PB sobre Primeira Inf\u00e2ncia no Contexto da LDO %\",\"isPartOf\":{\"@id\":\"https:\\\/\\\/tce.pb.gov.br\\\/portalprimeirainfancia\\\/#website\"},\"primaryImageOfPage\":{\"@id\":\"https:\\\/\\\/tce.pb.gov.br\\\/portalprimeirainfancia\\\/patos-sediou-o-primeiro-ciclo-do-curso-do-tce-pb-sobre-primeira-infancia-no-contexto-da-ldo\\\/#primaryimage\"},\"image\":{\"@id\":\"https:\\\/\\\/tce.pb.gov.br\\\/portalprimeirainfancia\\\/patos-sediou-o-primeiro-ciclo-do-curso-do-tce-pb-sobre-primeira-infancia-no-contexto-da-ldo\\\/#primaryimage\"},\"thumbnailUrl\":\"https:\\\/\\\/tce.pb.gov.br\\\/portalprimeirainfancia\\\/wp-content\\\/uploads\\\/2025\\\/04\\\/Andre-em-Patos-1.webp\",\"datePublished\":\"2025-03-27T12:30:00+00:00\",\"dateModified\":\"2025-04-23T23:04:10+00:00\",\"description\":\"Patos sediou o primeiro ciclo do Curso do TCE-PB sobre Primeira Inf\u00e2ncia no Contexto da LDO %\",\"breadcrumb\":{\"@id\":\"https:\\\/\\\/tce.pb.gov.br\\\/portalprimeirainfancia\\\/patos-sediou-o-primeiro-ciclo-do-curso-do-tce-pb-sobre-primeira-infancia-no-contexto-da-ldo\\\/#breadcrumb\"},\"inLanguage\":\"pt-BR\",\"potentialAction\":[{\"@type\":\"ReadAction\",\"target\":[\"https:\\\/\\\/tce.pb.gov.br\\\/portalprimeirainfancia\\\/patos-sediou-o-primeiro-ciclo-do-curso-do-tce-pb-sobre-primeira-infancia-no-contexto-da-ldo\\\/\"]}]},{\"@type\":\"ImageObject\",\"inLanguage\":\"pt-BR\",\"@id\":\"https:\\\/\\\/tce.pb.gov.br\\\/portalprimeirainfancia\\\/patos-sediou-o-primeiro-ciclo-do-curso-do-tce-pb-sobre-primeira-infancia-no-contexto-da-ldo\\\/#primaryimage\",\"url\":\"https:\\\/\\\/tce.pb.gov.br\\\/portalprimeirainfancia\\\/wp-content\\\/uploads\\\/2025\\\/04\\\/Andre-em-Patos-1.webp\",\"contentUrl\":\"https:\\\/\\\/tce.pb.gov.br\\\/portalprimeirainfancia\\\/wp-content\\\/uploads\\\/2025\\\/04\\\/Andre-em-Patos-1.webp\",\"width\":1000,\"height\":667},{\"@type\":\"BreadcrumbList\",\"@id\":\"https:\\\/\\\/tce.pb.gov.br\\\/portalprimeirainfancia\\\/patos-sediou-o-primeiro-ciclo-do-curso-do-tce-pb-sobre-primeira-infancia-no-contexto-da-ldo\\\/#breadcrumb\",\"itemListElement\":[{\"@type\":\"ListItem\",\"position\":1,\"name\":\"In\u00edcio\",\"item\":\"https:\\\/\\\/tce.pb.gov.br\\\/portalprimeirainfancia\\\/\"},{\"@type\":\"ListItem\",\"position\":2,\"name\":\"Patos sediou o primeiro ciclo do Curso do TCE-PB sobre Primeira Inf\u00e2ncia no Contexto da LDO\"}]},{\"@type\":\"WebSite\",\"@id\":\"https:\\\/\\\/tce.pb.gov.br\\\/portalprimeirainfancia\\\/#website\",\"url\":\"https:\\\/\\\/tce.pb.gov.br\\\/portalprimeirainfancia\\\/\",\"name\":\"Pacto Paraibano pela Primeira Inf\u00e2ncia\",\"description\":\"Portal para divulga\u00e7\u00e3o do Pacto Paraibano pela Primeira Inf\u00e2ncia\",\"publisher\":{\"@id\":\"https:\\\/\\\/tce.pb.gov.br\\\/portalprimeirainfancia\\\/#organization\"},\"potentialAction\":[{\"@type\":\"SearchAction\",\"target\":{\"@type\":\"EntryPoint\",\"urlTemplate\":\"https:\\\/\\\/tce.pb.gov.br\\\/portalprimeirainfancia\\\/?s={search_term_string}\"},\"query-input\":{\"@type\":\"PropertyValueSpecification\",\"valueRequired\":true,\"valueName\":\"search_term_string\"}}],\"inLanguage\":\"pt-BR\"},{\"@type\":\"Organization\",\"@id\":\"https:\\\/\\\/tce.pb.gov.br\\\/portalprimeirainfancia\\\/#organization\",\"name\":\"Pacto Paraibano pela Primeira Inf\u00e2ncia\",\"alternateName\":\"TCE-PB\",\"url\":\"https:\\\/\\\/tce.pb.gov.br\\\/portalprimeirainfancia\\\/\",\"logo\":{\"@type\":\"ImageObject\",\"inLanguage\":\"pt-BR\",\"@id\":\"https:\\\/\\\/tce.pb.gov.br\\\/portalprimeirainfancia\\\/#\\\/schema\\\/logo\\\/image\\\/\",\"url\":\"https:\\\/\\\/tce.pb.gov.br\\\/portalprimeirainfancia\\\/wp-content\\\/uploads\\\/2025\\\/05\\\/Pacto-Whatsapp.png\",\"contentUrl\":\"https:\\\/\\\/tce.pb.gov.br\\\/portalprimeirainfancia\\\/wp-content\\\/uploads\\\/2025\\\/05\\\/Pacto-Whatsapp.png\",\"width\":427,\"height\":427,\"caption\":\"Pacto Paraibano pela Primeira Inf\u00e2ncia\"},\"image\":{\"@id\":\"https:\\\/\\\/tce.pb.gov.br\\\/portalprimeirainfancia\\\/#\\\/schema\\\/logo\\\/image\\\/\"},\"sameAs\":[\"https:\\\/\\\/www.instagram.com\\\/tcepb\\\/\"]},{\"@type\":\"Person\",\"@id\":\"https:\\\/\\\/tce.pb.gov.br\\\/portalprimeirainfancia\\\/#\\\/schema\\\/person\\\/6a39eea5836dda604de1c5e5b7d62141\",\"name\":\"Rafael Massoni\"}]}<\/script>\n<!-- \/ Yoast SEO plugin. -->","yoast_head_json":{"title":"Patos sediou o primeiro ciclo do Curso do TCE-PB sobre Primeira Inf\u00e2ncia no Contexto da LDO %","description":"Patos sediou o primeiro ciclo do Curso do TCE-PB sobre Primeira Inf\u00e2ncia no Contexto da LDO %","robots":{"index":"index","follow":"follow","max-snippet":"max-snippet:-1","max-image-preview":"max-image-preview:large","max-video-preview":"max-video-preview:-1"},"canonical":"https:\/\/tce.pb.gov.br\/portalprimeirainfancia\/patos-sediou-o-primeiro-ciclo-do-curso-do-tce-pb-sobre-primeira-infancia-no-contexto-da-ldo\/","og_locale":"pt_BR","og_type":"article","og_title":"Patos sediou o primeiro ciclo do Curso do TCE-PB sobre Primeira Inf\u00e2ncia no Contexto da LDO %","og_description":"Patos sediou o primeiro ciclo do Curso do TCE-PB sobre Primeira Inf\u00e2ncia no Contexto da LDO %","og_url":"https:\/\/tce.pb.gov.br\/portalprimeirainfancia\/patos-sediou-o-primeiro-ciclo-do-curso-do-tce-pb-sobre-primeira-infancia-no-contexto-da-ldo\/","og_site_name":"Pacto Paraibano pela Primeira Inf\u00e2ncia","article_published_time":"2025-03-27T12:30:00+00:00","article_modified_time":"2025-04-23T23:04:10+00:00","og_image":[{"width":1000,"height":667,"url":"https:\/\/tce.pb.gov.br\/portalprimeirainfancia\/wp-content\/uploads\/2025\/04\/Andre-em-Patos-1.webp","type":"image\/webp"}],"author":"Rafael Massoni","twitter_card":"summary_large_image","twitter_misc":{"Escrito por":"Rafael Massoni","Est. tempo de leitura":"3 minutos"},"schema":{"@context":"https:\/\/schema.org","@graph":[{"@type":"NewsArticle","@id":"https:\/\/tce.pb.gov.br\/portalprimeirainfancia\/patos-sediou-o-primeiro-ciclo-do-curso-do-tce-pb-sobre-primeira-infancia-no-contexto-da-ldo\/#article","isPartOf":{"@id":"https:\/\/tce.pb.gov.br\/portalprimeirainfancia\/patos-sediou-o-primeiro-ciclo-do-curso-do-tce-pb-sobre-primeira-infancia-no-contexto-da-ldo\/"},"author":{"name":"Rafael Massoni","@id":"https:\/\/tce.pb.gov.br\/portalprimeirainfancia\/#\/schema\/person\/6a39eea5836dda604de1c5e5b7d62141"},"headline":"Patos sediou o primeiro ciclo do Curso do TCE-PB sobre Primeira Inf\u00e2ncia no Contexto da LDO","datePublished":"2025-03-27T12:30:00+00:00","dateModified":"2025-04-23T23:04:10+00:00","mainEntityOfPage":{"@id":"https:\/\/tce.pb.gov.br\/portalprimeirainfancia\/patos-sediou-o-primeiro-ciclo-do-curso-do-tce-pb-sobre-primeira-infancia-no-contexto-da-ldo\/"},"wordCount":676,"publisher":{"@id":"https:\/\/tce.pb.gov.br\/portalprimeirainfancia\/#organization"},"image":{"@id":"https:\/\/tce.pb.gov.br\/portalprimeirainfancia\/patos-sediou-o-primeiro-ciclo-do-curso-do-tce-pb-sobre-primeira-infancia-no-contexto-da-ldo\/#primaryimage"},"thumbnailUrl":"https:\/\/tce.pb.gov.br\/portalprimeirainfancia\/wp-content\/uploads\/2025\/04\/Andre-em-Patos-1.webp","articleSection":["Not\u00edcias"],"inLanguage":"pt-BR"},{"@type":"WebPage","@id":"https:\/\/tce.pb.gov.br\/portalprimeirainfancia\/patos-sediou-o-primeiro-ciclo-do-curso-do-tce-pb-sobre-primeira-infancia-no-contexto-da-ldo\/","url":"https:\/\/tce.pb.gov.br\/portalprimeirainfancia\/patos-sediou-o-primeiro-ciclo-do-curso-do-tce-pb-sobre-primeira-infancia-no-contexto-da-ldo\/","name":"Patos sediou o primeiro ciclo do Curso do TCE-PB sobre Primeira Inf\u00e2ncia no Contexto da LDO %","isPartOf":{"@id":"https:\/\/tce.pb.gov.br\/portalprimeirainfancia\/#website"},"primaryImageOfPage":{"@id":"https:\/\/tce.pb.gov.br\/portalprimeirainfancia\/patos-sediou-o-primeiro-ciclo-do-curso-do-tce-pb-sobre-primeira-infancia-no-contexto-da-ldo\/#primaryimage"},"image":{"@id":"https:\/\/tce.pb.gov.br\/portalprimeirainfancia\/patos-sediou-o-primeiro-ciclo-do-curso-do-tce-pb-sobre-primeira-infancia-no-contexto-da-ldo\/#primaryimage"},"thumbnailUrl":"https:\/\/tce.pb.gov.br\/portalprimeirainfancia\/wp-content\/uploads\/2025\/04\/Andre-em-Patos-1.webp","datePublished":"2025-03-27T12:30:00+00:00","dateModified":"2025-04-23T23:04:10+00:00","description":"Patos sediou o primeiro ciclo do Curso do TCE-PB sobre Primeira Inf\u00e2ncia no Contexto da LDO %","breadcrumb":{"@id":"https:\/\/tce.pb.gov.br\/portalprimeirainfancia\/patos-sediou-o-primeiro-ciclo-do-curso-do-tce-pb-sobre-primeira-infancia-no-contexto-da-ldo\/#breadcrumb"},"inLanguage":"pt-BR","potentialAction":[{"@type":"ReadAction","target":["https:\/\/tce.pb.gov.br\/portalprimeirainfancia\/patos-sediou-o-primeiro-ciclo-do-curso-do-tce-pb-sobre-primeira-infancia-no-contexto-da-ldo\/"]}]},{"@type":"ImageObject","inLanguage":"pt-BR","@id":"https:\/\/tce.pb.gov.br\/portalprimeirainfancia\/patos-sediou-o-primeiro-ciclo-do-curso-do-tce-pb-sobre-primeira-infancia-no-contexto-da-ldo\/#primaryimage","url":"https:\/\/tce.pb.gov.br\/portalprimeirainfancia\/wp-content\/uploads\/2025\/04\/Andre-em-Patos-1.webp","contentUrl":"https:\/\/tce.pb.gov.br\/portalprimeirainfancia\/wp-content\/uploads\/2025\/04\/Andre-em-Patos-1.webp","width":1000,"height":667},{"@type":"BreadcrumbList","@id":"https:\/\/tce.pb.gov.br\/portalprimeirainfancia\/patos-sediou-o-primeiro-ciclo-do-curso-do-tce-pb-sobre-primeira-infancia-no-contexto-da-ldo\/#breadcrumb","itemListElement":[{"@type":"ListItem","position":1,"name":"In\u00edcio","item":"https:\/\/tce.pb.gov.br\/portalprimeirainfancia\/"},{"@type":"ListItem","position":2,"name":"Patos sediou o primeiro ciclo do Curso do TCE-PB sobre Primeira Inf\u00e2ncia no Contexto da LDO"}]},{"@type":"WebSite","@id":"https:\/\/tce.pb.gov.br\/portalprimeirainfancia\/#website","url":"https:\/\/tce.pb.gov.br\/portalprimeirainfancia\/","name":"Pacto Paraibano pela Primeira Inf\u00e2ncia","description":"Portal para divulga\u00e7\u00e3o do Pacto Paraibano pela Primeira Inf\u00e2ncia","publisher":{"@id":"https:\/\/tce.pb.gov.br\/portalprimeirainfancia\/#organization"},"potentialAction":[{"@type":"SearchAction","target":{"@type":"EntryPoint","urlTemplate":"https:\/\/tce.pb.gov.br\/portalprimeirainfancia\/?s={search_term_string}"},"query-input":{"@type":"PropertyValueSpecification","valueRequired":true,"valueName":"search_term_string"}}],"inLanguage":"pt-BR"},{"@type":"Organization","@id":"https:\/\/tce.pb.gov.br\/portalprimeirainfancia\/#organization","name":"Pacto Paraibano pela Primeira Inf\u00e2ncia","alternateName":"TCE-PB","url":"https:\/\/tce.pb.gov.br\/portalprimeirainfancia\/","logo":{"@type":"ImageObject","inLanguage":"pt-BR","@id":"https:\/\/tce.pb.gov.br\/portalprimeirainfancia\/#\/schema\/logo\/image\/","url":"https:\/\/tce.pb.gov.br\/portalprimeirainfancia\/wp-content\/uploads\/2025\/05\/Pacto-Whatsapp.png","contentUrl":"https:\/\/tce.pb.gov.br\/portalprimeirainfancia\/wp-content\/uploads\/2025\/05\/Pacto-Whatsapp.png","width":427,"height":427,"caption":"Pacto Paraibano pela Primeira Inf\u00e2ncia"},"image":{"@id":"https:\/\/tce.pb.gov.br\/portalprimeirainfancia\/#\/schema\/logo\/image\/"},"sameAs":["https:\/\/www.instagram.com\/tcepb\/"]},{"@type":"Person","@id":"https:\/\/tce.pb.gov.br\/portalprimeirainfancia\/#\/schema\/person\/6a39eea5836dda604de1c5e5b7d62141","name":"Rafael Massoni"}]}},"jetpack_featured_media_url":"https:\/\/tce.pb.gov.br\/portalprimeirainfancia\/wp-content\/uploads\/2025\/04\/Andre-em-Patos-1.webp","jetpack_sharing_enabled":true,"_links":{"self":[{"href":"https:\/\/tce.pb.gov.br\/portalprimeirainfancia\/wp-json\/wp\/v2\/posts\/729","targetHints":{"allow":["GET"]}}],"collection":[{"href":"https:\/\/tce.pb.gov.br\/portalprimeirainfancia\/wp-json\/wp\/v2\/posts"}],"about":[{"href":"https:\/\/tce.pb.gov.br\/portalprimeirainfancia\/wp-json\/wp\/v2\/types\/post"}],"author":[{"embeddable":true,"href":"https:\/\/tce.pb.gov.br\/portalprimeirainfancia\/wp-json\/wp\/v2\/users\/6"}],"replies":[{"embeddable":true,"href":"https:\/\/tce.pb.gov.br\/portalprimeirainfancia\/wp-json\/wp\/v2\/comments?post=729"}],"version-history":[{"count":1,"href":"https:\/\/tce.pb.gov.br\/portalprimeirainfancia\/wp-json\/wp\/v2\/posts\/729\/revisions"}],"predecessor-version":[{"id":2128,"href":"https:\/\/tce.pb.gov.br\/portalprimeirainfancia\/wp-json\/wp\/v2\/posts\/729\/revisions\/2128"}],"wp:featuredmedia":[{"embeddable":true,"href":"https:\/\/tce.pb.gov.br\/portalprimeirainfancia\/wp-json\/wp\/v2\/media\/730"}],"wp:attachment":[{"href":"https:\/\/tce.pb.gov.br\/portalprimeirainfancia\/wp-json\/wp\/v2\/media?parent=729"}],"wp:term":[{"taxonomy":"category","embeddable":true,"href":"https:\/\/tce.pb.gov.br\/portalprimeirainfancia\/wp-json\/wp\/v2\/categories?post=729"},{"taxonomy":"post_tag","embeddable":true,"href":"https:\/\/tce.pb.gov.br\/portalprimeirainfancia\/wp-json\/wp\/v2\/tags?post=729"}],"curies":[{"name":"wp","href":"https:\/\/api.w.org\/{rel}","templated":true}]}}