{"id":723,"date":"2025-03-24T09:28:00","date_gmt":"2025-03-24T12:28:00","guid":{"rendered":"https:\/\/tce.pb.gov.br\/portalprimeirainfancia\/?p=723"},"modified":"2025-04-23T20:04:27","modified_gmt":"2025-04-23T23:04:27","slug":"tce-pb-promove-curso-sobre-primeira-infancia-e-ldo-para-gestores-em-joao-pessoa-patos-e-campina-grande","status":"publish","type":"post","link":"https:\/\/tce.pb.gov.br\/portalprimeirainfancia\/tce-pb-promove-curso-sobre-primeira-infancia-e-ldo-para-gestores-em-joao-pessoa-patos-e-campina-grande\/","title":{"rendered":"TCE-PB promove curso sobre Primeira Inf\u00e2ncia e LDO para gestores em Jo\u00e3o Pessoa, Patos e Campina Grande"},"content":{"rendered":"\n<figure class=\"wp-block-image aligncenter size-full\"><img fetchpriority=\"high\" decoding=\"async\" width=\"1024\" height=\"683\" src=\"https:\/\/tce.pb.gov.br\/portalprimeirainfancia\/wp-content\/uploads\/2025\/04\/LDO-Primeira-Infancia-MAT-1024x683-1.jpg\" alt=\"\" class=\"wp-image-724\" srcset=\"https:\/\/tce.pb.gov.br\/portalprimeirainfancia\/wp-content\/uploads\/2025\/04\/LDO-Primeira-Infancia-MAT-1024x683-1.jpg 1024w, https:\/\/tce.pb.gov.br\/portalprimeirainfancia\/wp-content\/uploads\/2025\/04\/LDO-Primeira-Infancia-MAT-1024x683-1-300x200.jpg 300w, https:\/\/tce.pb.gov.br\/portalprimeirainfancia\/wp-content\/uploads\/2025\/04\/LDO-Primeira-Infancia-MAT-1024x683-1-768x512.jpg 768w\" sizes=\"(max-width: 1024px) 100vw, 1024px\" \/><\/figure>\n\n\n\n<p>Prefeitos, vereadores, secret\u00e1rios e demais dirigentes de organismos municipais v\u00e3o poder participar da programa\u00e7\u00e3o de cursos sobre a Primeira Inf\u00e2ncia no contexto da LDO, a realizar-se nos munic\u00edpios de Patos, Campina Grande e Jo\u00e3o Pessoa, respectivamente, nos dias 25, 26 e 27 de mar\u00e7o do corrente ano. Trata-se de mais uma iniciativa a ser promovida pelo Tribunal de Contas do Estado, por meio da Escola de Contas do TCE (Ecosil), objetivando o aperfei\u00e7oamento dos gestores p\u00fablicos.<\/p>\n\n\n\n<p>Of\u00edcio circular neste sentido j\u00e1 est\u00e1 sendo encaminhado pelo presidente do TCE, conselheiro F\u00e1bio Nogueira, aos gestores p\u00fablicos e agentes pol\u00edticos dos munic\u00edpios pertencentes a cada uma das regi\u00f5es que integram os tr\u00eas munic\u00edpios p\u00f3los. O evento come\u00e7a no dia 25, na cidade de Patos, e ser\u00e1 realizado no Audit\u00f3rio Paulo Benevides da Universidade Unifip, das 8h \u00e0s 19hs, com uma carga hor\u00e1ria de 12 horas. O curso ser\u00e1 aberto pelo conselheiro Andr\u00e9 Carlo Torres Pontes e ser\u00e1 ministrado pelo auditor de contas p\u00fablicas Luzemar da Costa Martins.<\/p>\n\n\n\n<p>No expediente aos gestores, o conselheiro F\u00e1bio Nogueira destaca a import\u00e2ncia do curso, que representa mais uma oportunidade de aperfei\u00e7oamento, e refor\u00e7a a miss\u00e3o orientadora e pedag\u00f3gica do Tribunal de Contas, no caso espec\u00edfico, na rela\u00e7\u00e3o com as pol\u00edticas p\u00fablicas destinadas \u00e0 primeira inf\u00e2ncia, que s\u00e3o diversas e absolutamente essenciais. \u201cEm decorr\u00eancia de in\u00fameros fatores, o Brasil est\u00e1 distante de atend\u00ea-las integralmente. Uma transforma\u00e7\u00e3o desse quadro e o alcance de um cen\u00e1rio desej\u00e1vel demandam a\u00e7\u00f5es urgentes, al\u00e9m da ades\u00e3o daqueles que det\u00eam poder pol\u00edtico\u201d.<\/p>\n\n\n\n<p><strong>Cronograma<\/strong>&nbsp;\u2013 A programa\u00e7\u00e3o segue com a etapa de Campina Grande, no dia 26 de mar\u00e7o, a realizar-se no audit\u00f3rio do Teatro da Faculdade Facisa, das 08h \u00e0s 19h, evento que contar\u00e1 com a presen\u00e7a do presidente do TCE, conselheiro F\u00e1bio Nogueira. O ciclo encerra com os munic\u00edpios da regi\u00e3o de Jo\u00e3o Pessoa, no audit\u00f3rio do Centro Cultural Ariano Suassuna, sede do TCE, na quinta-feira (27), e ser\u00e1 ministrado tamb\u00e9m pelo auditor Luzemar Martins, com a participa\u00e7\u00e3o do conselheiro \u2013 vice-presidente, Andr\u00e9 Carlo Torres Pontes.<\/p>\n\n\n\n<p>As inscri\u00e7\u00f5es podem ser feitas pelos respectivos links (vagas limitadas):<\/p>\n\n\n\n<p><strong>Patos:<\/strong><\/p>\n\n\n\n<figure class=\"wp-block-embed\"><div class=\"wp-block-embed__wrapper\">\nhttps:\/\/doity.com.br\/curso-primeira-infancia-e-ldo-patos\n<\/div><\/figure>\n\n\n\n<p><strong>Campina Grande:<\/strong><\/p>\n\n\n\n<figure class=\"wp-block-embed\"><div class=\"wp-block-embed__wrapper\">\nhttps:\/\/doity.com.br\/curso-primeira-infancia-e-ldo-campina-grande\n<\/div><\/figure>\n\n\n\n<p><strong>Jo\u00e3o Pessoa:<\/strong><\/p>\n\n\n\n<figure class=\"wp-block-embed\"><div class=\"wp-block-embed__wrapper\">\nhttps:\/\/doity.com.br\/curso-primeira-infancia-e-ldo-joao-pessoa\n<\/div><\/figure>\n\n\n\n<p>Para outras informa\u00e7\u00f5es segue contatos da Escola de Contas Otac\u00edlio Silva da Silveira \u2013 ECOSIL \u2013 (83) 3208-3449 \/ 3208-3435 \u2013&nbsp;<a href=\"mailto:ecosil@tce.pb.gov.br\" target=\"_blank\" rel=\"noreferrer noopener\">ecosil@tce.pb.gov.br<\/a><\/p>\n","protected":false},"excerpt":{"rendered":"<p>Prefeitos, vereadores, secret\u00e1rios e demais dirigentes de organismos municipais v\u00e3o poder participar da programa\u00e7\u00e3o de cursos sobre a Primeira Inf\u00e2ncia [&hellip;]<\/p>\n","protected":false},"author":6,"featured_media":724,"comment_status":"closed","ping_status":"closed","sticky":false,"template":"elementor_theme","format":"standard","meta":{"site-sidebar-layout":"default","site-content-layout":"","ast-site-content-layout":"","site-content-style":"default","site-sidebar-style":"default","ast-global-header-display":"","ast-banner-title-visibility":"","ast-main-header-display":"","ast-hfb-above-header-display":"","ast-hfb-below-header-display":"","ast-hfb-mobile-header-display":"","site-post-title":"","ast-breadcrumbs-content":"","ast-featured-img":"","footer-sml-layout":"","theme-transparent-header-meta":"","adv-header-id-meta":"","stick-header-meta":"","header-above-stick-meta":"","header-main-stick-meta":"","header-below-stick-meta":"","astra-migrate-meta-layouts":"default","ast-page-background-enabled":"default","ast-page-background-meta":{"desktop":{"background-color":"var(--ast-global-color-5)","background-image":"","background-repeat":"repeat","background-position":"center center","background-size":"auto","background-attachment":"scroll","background-type":"","background-media":"","overlay-type":"","overlay-color":"","overlay-opacity":"","overlay-gradient":""},"tablet":{"background-color":"","background-image":"","background-repeat":"repeat","background-position":"center center","background-size":"auto","background-attachment":"scroll","background-type":"","background-media":"","overlay-type":"","overlay-color":"","overlay-opacity":"","overlay-gradient":""},"mobile":{"background-color":"","background-image":"","background-repeat":"repeat","background-position":"center center","background-size":"auto","background-attachment":"scroll","background-type":"","background-media":"","overlay-type":"","overlay-color":"","overlay-opacity":"","overlay-gradient":""}},"ast-content-background-meta":{"desktop":{"background-color":"var(--ast-global-color-4)","background-image":"","background-repeat":"repeat","background-position":"center center","background-size":"auto","background-attachment":"scroll","background-type":"","background-media":"","overlay-type":"","overlay-color":"","overlay-opacity":"","overlay-gradient":""},"tablet":{"background-color":"var(--ast-global-color-4)","background-image":"","background-repeat":"repeat","background-position":"center center","background-size":"auto","background-attachment":"scroll","background-type":"","background-media":"","overlay-type":"","overlay-color":"","overlay-opacity":"","overlay-gradient":""},"mobile":{"background-color":"var(--ast-global-color-4)","background-image":"","background-repeat":"repeat","background-position":"center center","background-size":"auto","background-attachment":"scroll","background-type":"","background-media":"","overlay-type":"","overlay-color":"","overlay-opacity":"","overlay-gradient":""}},"_jetpack_memberships_contains_paid_content":false,"footnotes":""},"categories":[7],"tags":[],"class_list":["post-723","post","type-post","status-publish","format-standard","has-post-thumbnail","hentry","category-noticias"],"yoast_head":"<!-- This site is optimized with the Yoast SEO plugin v27.5 - https:\/\/yoast.com\/product\/yoast-seo-wordpress\/ -->\n<title>TCE-PB promove curso sobre Primeira Inf\u00e2ncia e LDO para gestores em Jo\u00e3o Pessoa, Patos e Campina Grande %<\/title>\n<meta name=\"description\" content=\"TCE-PB promove curso sobre Primeira Inf\u00e2ncia e LDO para gestores em Jo\u00e3o Pessoa, Patos e Campina Grande %\" \/>\n<meta name=\"robots\" content=\"index, follow, max-snippet:-1, max-image-preview:large, max-video-preview:-1\" \/>\n<link rel=\"canonical\" href=\"https:\/\/tce.pb.gov.br\/portalprimeirainfancia\/tce-pb-promove-curso-sobre-primeira-infancia-e-ldo-para-gestores-em-joao-pessoa-patos-e-campina-grande\/\" \/>\n<meta property=\"og:locale\" content=\"pt_BR\" \/>\n<meta property=\"og:type\" content=\"article\" \/>\n<meta property=\"og:title\" content=\"TCE-PB promove curso sobre Primeira Inf\u00e2ncia e LDO para gestores em Jo\u00e3o Pessoa, Patos e Campina Grande %\" \/>\n<meta property=\"og:description\" content=\"TCE-PB promove curso sobre Primeira Inf\u00e2ncia e LDO para gestores em Jo\u00e3o Pessoa, Patos e Campina Grande %\" \/>\n<meta property=\"og:url\" content=\"https:\/\/tce.pb.gov.br\/portalprimeirainfancia\/tce-pb-promove-curso-sobre-primeira-infancia-e-ldo-para-gestores-em-joao-pessoa-patos-e-campina-grande\/\" \/>\n<meta property=\"og:site_name\" content=\"Pacto Paraibano pela Primeira Inf\u00e2ncia\" \/>\n<meta property=\"article:published_time\" content=\"2025-03-24T12:28:00+00:00\" \/>\n<meta property=\"article:modified_time\" content=\"2025-04-23T23:04:27+00:00\" \/>\n<meta property=\"og:image\" content=\"https:\/\/tce.pb.gov.br\/portalprimeirainfancia\/wp-content\/uploads\/2025\/04\/LDO-Primeira-Infancia-MAT-1024x683-1.jpg\" \/>\n\t<meta property=\"og:image:width\" content=\"1024\" \/>\n\t<meta property=\"og:image:height\" content=\"683\" \/>\n\t<meta property=\"og:image:type\" content=\"image\/jpeg\" \/>\n<meta name=\"author\" content=\"Rafael Massoni\" \/>\n<meta name=\"twitter:card\" content=\"summary_large_image\" \/>\n<meta name=\"twitter:label1\" content=\"Escrito por\" \/>\n\t<meta name=\"twitter:data1\" content=\"Rafael Massoni\" \/>\n\t<meta name=\"twitter:label2\" content=\"Est. tempo de leitura\" \/>\n\t<meta name=\"twitter:data2\" content=\"2 minutos\" \/>\n<script type=\"application\/ld+json\" class=\"yoast-schema-graph\">{\"@context\":\"https:\\\/\\\/schema.org\",\"@graph\":[{\"@type\":\"NewsArticle\",\"@id\":\"https:\\\/\\\/tce.pb.gov.br\\\/portalprimeirainfancia\\\/tce-pb-promove-curso-sobre-primeira-infancia-e-ldo-para-gestores-em-joao-pessoa-patos-e-campina-grande\\\/#article\",\"isPartOf\":{\"@id\":\"https:\\\/\\\/tce.pb.gov.br\\\/portalprimeirainfancia\\\/tce-pb-promove-curso-sobre-primeira-infancia-e-ldo-para-gestores-em-joao-pessoa-patos-e-campina-grande\\\/\"},\"author\":{\"name\":\"Rafael Massoni\",\"@id\":\"https:\\\/\\\/tce.pb.gov.br\\\/portalprimeirainfancia\\\/#\\\/schema\\\/person\\\/6a39eea5836dda604de1c5e5b7d62141\"},\"headline\":\"TCE-PB promove curso sobre Primeira Inf\u00e2ncia e LDO para gestores em Jo\u00e3o Pessoa, Patos e Campina Grande\",\"datePublished\":\"2025-03-24T12:28:00+00:00\",\"dateModified\":\"2025-04-23T23:04:27+00:00\",\"mainEntityOfPage\":{\"@id\":\"https:\\\/\\\/tce.pb.gov.br\\\/portalprimeirainfancia\\\/tce-pb-promove-curso-sobre-primeira-infancia-e-ldo-para-gestores-em-joao-pessoa-patos-e-campina-grande\\\/\"},\"wordCount\":455,\"publisher\":{\"@id\":\"https:\\\/\\\/tce.pb.gov.br\\\/portalprimeirainfancia\\\/#organization\"},\"image\":{\"@id\":\"https:\\\/\\\/tce.pb.gov.br\\\/portalprimeirainfancia\\\/tce-pb-promove-curso-sobre-primeira-infancia-e-ldo-para-gestores-em-joao-pessoa-patos-e-campina-grande\\\/#primaryimage\"},\"thumbnailUrl\":\"https:\\\/\\\/tce.pb.gov.br\\\/portalprimeirainfancia\\\/wp-content\\\/uploads\\\/2025\\\/04\\\/LDO-Primeira-Infancia-MAT-1024x683-1.jpg\",\"articleSection\":[\"Not\u00edcias\"],\"inLanguage\":\"pt-BR\"},{\"@type\":\"WebPage\",\"@id\":\"https:\\\/\\\/tce.pb.gov.br\\\/portalprimeirainfancia\\\/tce-pb-promove-curso-sobre-primeira-infancia-e-ldo-para-gestores-em-joao-pessoa-patos-e-campina-grande\\\/\",\"url\":\"https:\\\/\\\/tce.pb.gov.br\\\/portalprimeirainfancia\\\/tce-pb-promove-curso-sobre-primeira-infancia-e-ldo-para-gestores-em-joao-pessoa-patos-e-campina-grande\\\/\",\"name\":\"TCE-PB promove curso sobre Primeira Inf\u00e2ncia e LDO para gestores em Jo\u00e3o Pessoa, Patos e Campina Grande %\",\"isPartOf\":{\"@id\":\"https:\\\/\\\/tce.pb.gov.br\\\/portalprimeirainfancia\\\/#website\"},\"primaryImageOfPage\":{\"@id\":\"https:\\\/\\\/tce.pb.gov.br\\\/portalprimeirainfancia\\\/tce-pb-promove-curso-sobre-primeira-infancia-e-ldo-para-gestores-em-joao-pessoa-patos-e-campina-grande\\\/#primaryimage\"},\"image\":{\"@id\":\"https:\\\/\\\/tce.pb.gov.br\\\/portalprimeirainfancia\\\/tce-pb-promove-curso-sobre-primeira-infancia-e-ldo-para-gestores-em-joao-pessoa-patos-e-campina-grande\\\/#primaryimage\"},\"thumbnailUrl\":\"https:\\\/\\\/tce.pb.gov.br\\\/portalprimeirainfancia\\\/wp-content\\\/uploads\\\/2025\\\/04\\\/LDO-Primeira-Infancia-MAT-1024x683-1.jpg\",\"datePublished\":\"2025-03-24T12:28:00+00:00\",\"dateModified\":\"2025-04-23T23:04:27+00:00\",\"description\":\"TCE-PB promove curso sobre Primeira Inf\u00e2ncia e LDO para gestores em Jo\u00e3o Pessoa, Patos e Campina Grande %\",\"breadcrumb\":{\"@id\":\"https:\\\/\\\/tce.pb.gov.br\\\/portalprimeirainfancia\\\/tce-pb-promove-curso-sobre-primeira-infancia-e-ldo-para-gestores-em-joao-pessoa-patos-e-campina-grande\\\/#breadcrumb\"},\"inLanguage\":\"pt-BR\",\"potentialAction\":[{\"@type\":\"ReadAction\",\"target\":[\"https:\\\/\\\/tce.pb.gov.br\\\/portalprimeirainfancia\\\/tce-pb-promove-curso-sobre-primeira-infancia-e-ldo-para-gestores-em-joao-pessoa-patos-e-campina-grande\\\/\"]}]},{\"@type\":\"ImageObject\",\"inLanguage\":\"pt-BR\",\"@id\":\"https:\\\/\\\/tce.pb.gov.br\\\/portalprimeirainfancia\\\/tce-pb-promove-curso-sobre-primeira-infancia-e-ldo-para-gestores-em-joao-pessoa-patos-e-campina-grande\\\/#primaryimage\",\"url\":\"https:\\\/\\\/tce.pb.gov.br\\\/portalprimeirainfancia\\\/wp-content\\\/uploads\\\/2025\\\/04\\\/LDO-Primeira-Infancia-MAT-1024x683-1.jpg\",\"contentUrl\":\"https:\\\/\\\/tce.pb.gov.br\\\/portalprimeirainfancia\\\/wp-content\\\/uploads\\\/2025\\\/04\\\/LDO-Primeira-Infancia-MAT-1024x683-1.jpg\",\"width\":1024,\"height\":683},{\"@type\":\"BreadcrumbList\",\"@id\":\"https:\\\/\\\/tce.pb.gov.br\\\/portalprimeirainfancia\\\/tce-pb-promove-curso-sobre-primeira-infancia-e-ldo-para-gestores-em-joao-pessoa-patos-e-campina-grande\\\/#breadcrumb\",\"itemListElement\":[{\"@type\":\"ListItem\",\"position\":1,\"name\":\"In\u00edcio\",\"item\":\"https:\\\/\\\/tce.pb.gov.br\\\/portalprimeirainfancia\\\/\"},{\"@type\":\"ListItem\",\"position\":2,\"name\":\"TCE-PB promove curso sobre Primeira Inf\u00e2ncia e LDO para gestores em Jo\u00e3o Pessoa, Patos e Campina Grande\"}]},{\"@type\":\"WebSite\",\"@id\":\"https:\\\/\\\/tce.pb.gov.br\\\/portalprimeirainfancia\\\/#website\",\"url\":\"https:\\\/\\\/tce.pb.gov.br\\\/portalprimeirainfancia\\\/\",\"name\":\"Pacto Paraibano pela Primeira Inf\u00e2ncia\",\"description\":\"Portal para divulga\u00e7\u00e3o do Pacto Paraibano pela Primeira Inf\u00e2ncia\",\"publisher\":{\"@id\":\"https:\\\/\\\/tce.pb.gov.br\\\/portalprimeirainfancia\\\/#organization\"},\"potentialAction\":[{\"@type\":\"SearchAction\",\"target\":{\"@type\":\"EntryPoint\",\"urlTemplate\":\"https:\\\/\\\/tce.pb.gov.br\\\/portalprimeirainfancia\\\/?s={search_term_string}\"},\"query-input\":{\"@type\":\"PropertyValueSpecification\",\"valueRequired\":true,\"valueName\":\"search_term_string\"}}],\"inLanguage\":\"pt-BR\"},{\"@type\":\"Organization\",\"@id\":\"https:\\\/\\\/tce.pb.gov.br\\\/portalprimeirainfancia\\\/#organization\",\"name\":\"Pacto Paraibano pela Primeira Inf\u00e2ncia\",\"alternateName\":\"TCE-PB\",\"url\":\"https:\\\/\\\/tce.pb.gov.br\\\/portalprimeirainfancia\\\/\",\"logo\":{\"@type\":\"ImageObject\",\"inLanguage\":\"pt-BR\",\"@id\":\"https:\\\/\\\/tce.pb.gov.br\\\/portalprimeirainfancia\\\/#\\\/schema\\\/logo\\\/image\\\/\",\"url\":\"https:\\\/\\\/tce.pb.gov.br\\\/portalprimeirainfancia\\\/wp-content\\\/uploads\\\/2025\\\/05\\\/Pacto-Whatsapp.png\",\"contentUrl\":\"https:\\\/\\\/tce.pb.gov.br\\\/portalprimeirainfancia\\\/wp-content\\\/uploads\\\/2025\\\/05\\\/Pacto-Whatsapp.png\",\"width\":427,\"height\":427,\"caption\":\"Pacto Paraibano pela Primeira Inf\u00e2ncia\"},\"image\":{\"@id\":\"https:\\\/\\\/tce.pb.gov.br\\\/portalprimeirainfancia\\\/#\\\/schema\\\/logo\\\/image\\\/\"},\"sameAs\":[\"https:\\\/\\\/www.instagram.com\\\/tcepb\\\/\"]},{\"@type\":\"Person\",\"@id\":\"https:\\\/\\\/tce.pb.gov.br\\\/portalprimeirainfancia\\\/#\\\/schema\\\/person\\\/6a39eea5836dda604de1c5e5b7d62141\",\"name\":\"Rafael Massoni\"}]}<\/script>\n<!-- \/ Yoast SEO plugin. -->","yoast_head_json":{"title":"TCE-PB promove curso sobre Primeira Inf\u00e2ncia e LDO para gestores em Jo\u00e3o Pessoa, Patos e Campina Grande %","description":"TCE-PB promove curso sobre Primeira Inf\u00e2ncia e LDO para gestores em Jo\u00e3o Pessoa, Patos e Campina Grande %","robots":{"index":"index","follow":"follow","max-snippet":"max-snippet:-1","max-image-preview":"max-image-preview:large","max-video-preview":"max-video-preview:-1"},"canonical":"https:\/\/tce.pb.gov.br\/portalprimeirainfancia\/tce-pb-promove-curso-sobre-primeira-infancia-e-ldo-para-gestores-em-joao-pessoa-patos-e-campina-grande\/","og_locale":"pt_BR","og_type":"article","og_title":"TCE-PB promove curso sobre Primeira Inf\u00e2ncia e LDO para gestores em Jo\u00e3o Pessoa, Patos e Campina Grande %","og_description":"TCE-PB promove curso sobre Primeira Inf\u00e2ncia e LDO para gestores em Jo\u00e3o Pessoa, Patos e Campina Grande %","og_url":"https:\/\/tce.pb.gov.br\/portalprimeirainfancia\/tce-pb-promove-curso-sobre-primeira-infancia-e-ldo-para-gestores-em-joao-pessoa-patos-e-campina-grande\/","og_site_name":"Pacto Paraibano pela Primeira Inf\u00e2ncia","article_published_time":"2025-03-24T12:28:00+00:00","article_modified_time":"2025-04-23T23:04:27+00:00","og_image":[{"width":1024,"height":683,"url":"https:\/\/tce.pb.gov.br\/portalprimeirainfancia\/wp-content\/uploads\/2025\/04\/LDO-Primeira-Infancia-MAT-1024x683-1.jpg","type":"image\/jpeg"}],"author":"Rafael Massoni","twitter_card":"summary_large_image","twitter_misc":{"Escrito por":"Rafael Massoni","Est. tempo de leitura":"2 minutos"},"schema":{"@context":"https:\/\/schema.org","@graph":[{"@type":"NewsArticle","@id":"https:\/\/tce.pb.gov.br\/portalprimeirainfancia\/tce-pb-promove-curso-sobre-primeira-infancia-e-ldo-para-gestores-em-joao-pessoa-patos-e-campina-grande\/#article","isPartOf":{"@id":"https:\/\/tce.pb.gov.br\/portalprimeirainfancia\/tce-pb-promove-curso-sobre-primeira-infancia-e-ldo-para-gestores-em-joao-pessoa-patos-e-campina-grande\/"},"author":{"name":"Rafael Massoni","@id":"https:\/\/tce.pb.gov.br\/portalprimeirainfancia\/#\/schema\/person\/6a39eea5836dda604de1c5e5b7d62141"},"headline":"TCE-PB promove curso sobre Primeira Inf\u00e2ncia e LDO para gestores em Jo\u00e3o Pessoa, Patos e Campina Grande","datePublished":"2025-03-24T12:28:00+00:00","dateModified":"2025-04-23T23:04:27+00:00","mainEntityOfPage":{"@id":"https:\/\/tce.pb.gov.br\/portalprimeirainfancia\/tce-pb-promove-curso-sobre-primeira-infancia-e-ldo-para-gestores-em-joao-pessoa-patos-e-campina-grande\/"},"wordCount":455,"publisher":{"@id":"https:\/\/tce.pb.gov.br\/portalprimeirainfancia\/#organization"},"image":{"@id":"https:\/\/tce.pb.gov.br\/portalprimeirainfancia\/tce-pb-promove-curso-sobre-primeira-infancia-e-ldo-para-gestores-em-joao-pessoa-patos-e-campina-grande\/#primaryimage"},"thumbnailUrl":"https:\/\/tce.pb.gov.br\/portalprimeirainfancia\/wp-content\/uploads\/2025\/04\/LDO-Primeira-Infancia-MAT-1024x683-1.jpg","articleSection":["Not\u00edcias"],"inLanguage":"pt-BR"},{"@type":"WebPage","@id":"https:\/\/tce.pb.gov.br\/portalprimeirainfancia\/tce-pb-promove-curso-sobre-primeira-infancia-e-ldo-para-gestores-em-joao-pessoa-patos-e-campina-grande\/","url":"https:\/\/tce.pb.gov.br\/portalprimeirainfancia\/tce-pb-promove-curso-sobre-primeira-infancia-e-ldo-para-gestores-em-joao-pessoa-patos-e-campina-grande\/","name":"TCE-PB promove curso sobre Primeira Inf\u00e2ncia e LDO para gestores em Jo\u00e3o Pessoa, Patos e Campina Grande %","isPartOf":{"@id":"https:\/\/tce.pb.gov.br\/portalprimeirainfancia\/#website"},"primaryImageOfPage":{"@id":"https:\/\/tce.pb.gov.br\/portalprimeirainfancia\/tce-pb-promove-curso-sobre-primeira-infancia-e-ldo-para-gestores-em-joao-pessoa-patos-e-campina-grande\/#primaryimage"},"image":{"@id":"https:\/\/tce.pb.gov.br\/portalprimeirainfancia\/tce-pb-promove-curso-sobre-primeira-infancia-e-ldo-para-gestores-em-joao-pessoa-patos-e-campina-grande\/#primaryimage"},"thumbnailUrl":"https:\/\/tce.pb.gov.br\/portalprimeirainfancia\/wp-content\/uploads\/2025\/04\/LDO-Primeira-Infancia-MAT-1024x683-1.jpg","datePublished":"2025-03-24T12:28:00+00:00","dateModified":"2025-04-23T23:04:27+00:00","description":"TCE-PB promove curso sobre Primeira Inf\u00e2ncia e LDO para gestores em Jo\u00e3o Pessoa, Patos e Campina Grande %","breadcrumb":{"@id":"https:\/\/tce.pb.gov.br\/portalprimeirainfancia\/tce-pb-promove-curso-sobre-primeira-infancia-e-ldo-para-gestores-em-joao-pessoa-patos-e-campina-grande\/#breadcrumb"},"inLanguage":"pt-BR","potentialAction":[{"@type":"ReadAction","target":["https:\/\/tce.pb.gov.br\/portalprimeirainfancia\/tce-pb-promove-curso-sobre-primeira-infancia-e-ldo-para-gestores-em-joao-pessoa-patos-e-campina-grande\/"]}]},{"@type":"ImageObject","inLanguage":"pt-BR","@id":"https:\/\/tce.pb.gov.br\/portalprimeirainfancia\/tce-pb-promove-curso-sobre-primeira-infancia-e-ldo-para-gestores-em-joao-pessoa-patos-e-campina-grande\/#primaryimage","url":"https:\/\/tce.pb.gov.br\/portalprimeirainfancia\/wp-content\/uploads\/2025\/04\/LDO-Primeira-Infancia-MAT-1024x683-1.jpg","contentUrl":"https:\/\/tce.pb.gov.br\/portalprimeirainfancia\/wp-content\/uploads\/2025\/04\/LDO-Primeira-Infancia-MAT-1024x683-1.jpg","width":1024,"height":683},{"@type":"BreadcrumbList","@id":"https:\/\/tce.pb.gov.br\/portalprimeirainfancia\/tce-pb-promove-curso-sobre-primeira-infancia-e-ldo-para-gestores-em-joao-pessoa-patos-e-campina-grande\/#breadcrumb","itemListElement":[{"@type":"ListItem","position":1,"name":"In\u00edcio","item":"https:\/\/tce.pb.gov.br\/portalprimeirainfancia\/"},{"@type":"ListItem","position":2,"name":"TCE-PB promove curso sobre Primeira Inf\u00e2ncia e LDO para gestores em Jo\u00e3o Pessoa, Patos e Campina Grande"}]},{"@type":"WebSite","@id":"https:\/\/tce.pb.gov.br\/portalprimeirainfancia\/#website","url":"https:\/\/tce.pb.gov.br\/portalprimeirainfancia\/","name":"Pacto Paraibano pela Primeira Inf\u00e2ncia","description":"Portal para divulga\u00e7\u00e3o do Pacto Paraibano pela Primeira Inf\u00e2ncia","publisher":{"@id":"https:\/\/tce.pb.gov.br\/portalprimeirainfancia\/#organization"},"potentialAction":[{"@type":"SearchAction","target":{"@type":"EntryPoint","urlTemplate":"https:\/\/tce.pb.gov.br\/portalprimeirainfancia\/?s={search_term_string}"},"query-input":{"@type":"PropertyValueSpecification","valueRequired":true,"valueName":"search_term_string"}}],"inLanguage":"pt-BR"},{"@type":"Organization","@id":"https:\/\/tce.pb.gov.br\/portalprimeirainfancia\/#organization","name":"Pacto Paraibano pela Primeira Inf\u00e2ncia","alternateName":"TCE-PB","url":"https:\/\/tce.pb.gov.br\/portalprimeirainfancia\/","logo":{"@type":"ImageObject","inLanguage":"pt-BR","@id":"https:\/\/tce.pb.gov.br\/portalprimeirainfancia\/#\/schema\/logo\/image\/","url":"https:\/\/tce.pb.gov.br\/portalprimeirainfancia\/wp-content\/uploads\/2025\/05\/Pacto-Whatsapp.png","contentUrl":"https:\/\/tce.pb.gov.br\/portalprimeirainfancia\/wp-content\/uploads\/2025\/05\/Pacto-Whatsapp.png","width":427,"height":427,"caption":"Pacto Paraibano pela Primeira Inf\u00e2ncia"},"image":{"@id":"https:\/\/tce.pb.gov.br\/portalprimeirainfancia\/#\/schema\/logo\/image\/"},"sameAs":["https:\/\/www.instagram.com\/tcepb\/"]},{"@type":"Person","@id":"https:\/\/tce.pb.gov.br\/portalprimeirainfancia\/#\/schema\/person\/6a39eea5836dda604de1c5e5b7d62141","name":"Rafael Massoni"}]}},"jetpack_featured_media_url":"https:\/\/tce.pb.gov.br\/portalprimeirainfancia\/wp-content\/uploads\/2025\/04\/LDO-Primeira-Infancia-MAT-1024x683-1.jpg","jetpack_sharing_enabled":true,"_links":{"self":[{"href":"https:\/\/tce.pb.gov.br\/portalprimeirainfancia\/wp-json\/wp\/v2\/posts\/723","targetHints":{"allow":["GET"]}}],"collection":[{"href":"https:\/\/tce.pb.gov.br\/portalprimeirainfancia\/wp-json\/wp\/v2\/posts"}],"about":[{"href":"https:\/\/tce.pb.gov.br\/portalprimeirainfancia\/wp-json\/wp\/v2\/types\/post"}],"author":[{"embeddable":true,"href":"https:\/\/tce.pb.gov.br\/portalprimeirainfancia\/wp-json\/wp\/v2\/users\/6"}],"replies":[{"embeddable":true,"href":"https:\/\/tce.pb.gov.br\/portalprimeirainfancia\/wp-json\/wp\/v2\/comments?post=723"}],"version-history":[{"count":1,"href":"https:\/\/tce.pb.gov.br\/portalprimeirainfancia\/wp-json\/wp\/v2\/posts\/723\/revisions"}],"predecessor-version":[{"id":2129,"href":"https:\/\/tce.pb.gov.br\/portalprimeirainfancia\/wp-json\/wp\/v2\/posts\/723\/revisions\/2129"}],"wp:featuredmedia":[{"embeddable":true,"href":"https:\/\/tce.pb.gov.br\/portalprimeirainfancia\/wp-json\/wp\/v2\/media\/724"}],"wp:attachment":[{"href":"https:\/\/tce.pb.gov.br\/portalprimeirainfancia\/wp-json\/wp\/v2\/media?parent=723"}],"wp:term":[{"taxonomy":"category","embeddable":true,"href":"https:\/\/tce.pb.gov.br\/portalprimeirainfancia\/wp-json\/wp\/v2\/categories?post=723"},{"taxonomy":"post_tag","embeddable":true,"href":"https:\/\/tce.pb.gov.br\/portalprimeirainfancia\/wp-json\/wp\/v2\/tags?post=723"}],"curies":[{"name":"wp","href":"https:\/\/api.w.org\/{rel}","templated":true}]}}