{"id":718,"date":"2025-03-20T09:26:00","date_gmt":"2025-03-20T12:26:00","guid":{"rendered":"https:\/\/tce.pb.gov.br\/portalprimeirainfancia\/?p=718"},"modified":"2025-04-23T20:04:44","modified_gmt":"2025-04-23T23:04:44","slug":"tce-pb-realiza-auditoria-coordenada-em-103-creches-para-verificar-politicas-publicas-na-educacao-infantil","status":"publish","type":"post","link":"https:\/\/tce.pb.gov.br\/portalprimeirainfancia\/tce-pb-realiza-auditoria-coordenada-em-103-creches-para-verificar-politicas-publicas-na-educacao-infantil\/","title":{"rendered":"TCE-PB realiza auditoria coordenada em 103 creches para verificar pol\u00edticas p\u00fablicas na educa\u00e7\u00e3o infantil"},"content":{"rendered":"\n<figure class=\"wp-block-image aligncenter size-full\"><img fetchpriority=\"high\" decoding=\"async\" width=\"1024\" height=\"683\" src=\"https:\/\/tce.pb.gov.br\/portalprimeirainfancia\/wp-content\/uploads\/2025\/04\/FabioNogueira-3-1024x683-1.jpg\" alt=\"\" class=\"wp-image-719\" srcset=\"https:\/\/tce.pb.gov.br\/portalprimeirainfancia\/wp-content\/uploads\/2025\/04\/FabioNogueira-3-1024x683-1.jpg 1024w, https:\/\/tce.pb.gov.br\/portalprimeirainfancia\/wp-content\/uploads\/2025\/04\/FabioNogueira-3-1024x683-1-300x200.jpg 300w, https:\/\/tce.pb.gov.br\/portalprimeirainfancia\/wp-content\/uploads\/2025\/04\/FabioNogueira-3-1024x683-1-768x512.jpg 768w\" sizes=\"(max-width: 1024px) 100vw, 1024px\" \/><\/figure>\n\n\n\n<p>O Tribunal de Contas do Estado realizou mais uma opera\u00e7\u00e3o de Auditoria Coordenada, a primeira de 2025, para analisar o funcionamento de 103 creches\/escolas da rede municipal de ensino em 81 munic\u00edpios do Estado, envolvendo 10.267 mil crian\u00e7as de 0 a 3 anos. A ideia \u00e9 verificar a estrutura escolar das unidades, itens como aspectos pedag\u00f3gicos, seguran\u00e7a e alimenta\u00e7\u00e3o, em conformidade com as espec\u00edficas pol\u00edticas p\u00fablicas, segundo avaliou o presidente da Corte, conselheiro F\u00e1bio Nogueira, em entrevista coletiva na manh\u00e3 desta quinta-feira (20), na sede do TCE.<\/p>\n\n\n\n<p>A opera\u00e7\u00e3o simult\u00e2nea e sem aviso pr\u00e9vio come\u00e7ou por volta das&nbsp;8h e utilizou 32 equipes com a participa\u00e7\u00e3o de 64 auditores de controle externo e t\u00e9cnicos, que realizaram inspe\u00e7\u00f5es in loco, registrando as condi\u00e7\u00f5es das creches em fotos e com base em um question\u00e1rio com 55 itens. O presidente enfatizou que a Auditoria do TCE far\u00e1 relat\u00f3rios individualizados, que ser\u00e3o anexados aos processos de acompanhamento da gest\u00e3o e, no caso de inconformidades, ser\u00e3o emitidos alertas para a regulariza\u00e7\u00e3o.<\/p>\n\n\n\n<figure class=\"wp-block-image size-full\"><img decoding=\"async\" width=\"1024\" height=\"683\" src=\"https:\/\/tce.pb.gov.br\/portalprimeirainfancia\/wp-content\/uploads\/2025\/04\/Coletiva-1024x683-1.jpg\" alt=\"\" class=\"wp-image-720\" srcset=\"https:\/\/tce.pb.gov.br\/portalprimeirainfancia\/wp-content\/uploads\/2025\/04\/Coletiva-1024x683-1.jpg 1024w, https:\/\/tce.pb.gov.br\/portalprimeirainfancia\/wp-content\/uploads\/2025\/04\/Coletiva-1024x683-1-300x200.jpg 300w, https:\/\/tce.pb.gov.br\/portalprimeirainfancia\/wp-content\/uploads\/2025\/04\/Coletiva-1024x683-1-768x512.jpg 768w\" sizes=\"(max-width: 1024px) 100vw, 1024px\" \/><\/figure>\n\n\n\n<p>Na entrevista, \u00e0s 10 horas, no Espa\u00e7o Cidadania Digital do TCE, o conselheiro apresentou os primeiros resultados da auditoria em tempo real. Na oportunidade 55% dos munic\u00edpios j\u00e1 haviam sido visitados, com a apresenta\u00e7\u00e3o de 485 registros fotogr\u00e1ficos, que ser\u00e3o anexados aos respectivos processos, conjuntamente com os relat\u00f3rios finais em um prazo de 15 dias. Na pr\u00f3xima sess\u00e3o do Tribunal Pleno na Corte, segundo antecipou o presidente, ser\u00e3o apresentados os primeiros resultados da Auditoria Coordenada.<\/p>\n\n\n\n<figure class=\"wp-block-image size-full\"><img decoding=\"async\" width=\"1024\" height=\"683\" src=\"https:\/\/tce.pb.gov.br\/portalprimeirainfancia\/wp-content\/uploads\/2025\/04\/Eduardo-Albuquerque-Diretor-Auditoria-1024x683-1.jpg\" alt=\"\" class=\"wp-image-721\" srcset=\"https:\/\/tce.pb.gov.br\/portalprimeirainfancia\/wp-content\/uploads\/2025\/04\/Eduardo-Albuquerque-Diretor-Auditoria-1024x683-1.jpg 1024w, https:\/\/tce.pb.gov.br\/portalprimeirainfancia\/wp-content\/uploads\/2025\/04\/Eduardo-Albuquerque-Diretor-Auditoria-1024x683-1-300x200.jpg 300w, https:\/\/tce.pb.gov.br\/portalprimeirainfancia\/wp-content\/uploads\/2025\/04\/Eduardo-Albuquerque-Diretor-Auditoria-1024x683-1-768x512.jpg 768w\" sizes=\"(max-width: 1024px) 100vw, 1024px\" \/><\/figure>\n","protected":false},"excerpt":{"rendered":"<p>O Tribunal de Contas do Estado realizou mais uma opera\u00e7\u00e3o de Auditoria Coordenada, a primeira de 2025, para analisar o [&hellip;]<\/p>\n","protected":false},"author":6,"featured_media":719,"comment_status":"closed","ping_status":"closed","sticky":false,"template":"elementor_theme","format":"standard","meta":{"site-sidebar-layout":"default","site-content-layout":"","ast-site-content-layout":"","site-content-style":"default","site-sidebar-style":"default","ast-global-header-display":"","ast-banner-title-visibility":"","ast-main-header-display":"","ast-hfb-above-header-display":"","ast-hfb-below-header-display":"","ast-hfb-mobile-header-display":"","site-post-title":"","ast-breadcrumbs-content":"","ast-featured-img":"","footer-sml-layout":"","theme-transparent-header-meta":"","adv-header-id-meta":"","stick-header-meta":"","header-above-stick-meta":"","header-main-stick-meta":"","header-below-stick-meta":"","astra-migrate-meta-layouts":"default","ast-page-background-enabled":"default","ast-page-background-meta":{"desktop":{"background-color":"var(--ast-global-color-5)","background-image":"","background-repeat":"repeat","background-position":"center center","background-size":"auto","background-attachment":"scroll","background-type":"","background-media":"","overlay-type":"","overlay-color":"","overlay-opacity":"","overlay-gradient":""},"tablet":{"background-color":"","background-image":"","background-repeat":"repeat","background-position":"center center","background-size":"auto","background-attachment":"scroll","background-type":"","background-media":"","overlay-type":"","overlay-color":"","overlay-opacity":"","overlay-gradient":""},"mobile":{"background-color":"","background-image":"","background-repeat":"repeat","background-position":"center center","background-size":"auto","background-attachment":"scroll","background-type":"","background-media":"","overlay-type":"","overlay-color":"","overlay-opacity":"","overlay-gradient":""}},"ast-content-background-meta":{"desktop":{"background-color":"var(--ast-global-color-4)","background-image":"","background-repeat":"repeat","background-position":"center center","background-size":"auto","background-attachment":"scroll","background-type":"","background-media":"","overlay-type":"","overlay-color":"","overlay-opacity":"","overlay-gradient":""},"tablet":{"background-color":"var(--ast-global-color-4)","background-image":"","background-repeat":"repeat","background-position":"center center","background-size":"auto","background-attachment":"scroll","background-type":"","background-media":"","overlay-type":"","overlay-color":"","overlay-opacity":"","overlay-gradient":""},"mobile":{"background-color":"var(--ast-global-color-4)","background-image":"","background-repeat":"repeat","background-position":"center center","background-size":"auto","background-attachment":"scroll","background-type":"","background-media":"","overlay-type":"","overlay-color":"","overlay-opacity":"","overlay-gradient":""}},"_jetpack_memberships_contains_paid_content":false,"footnotes":""},"categories":[7],"tags":[],"class_list":["post-718","post","type-post","status-publish","format-standard","has-post-thumbnail","hentry","category-noticias"],"yoast_head":"<!-- This site is optimized with the Yoast SEO plugin v27.5 - https:\/\/yoast.com\/product\/yoast-seo-wordpress\/ -->\n<title>TCE-PB realiza auditoria coordenada em 103 creches para verificar pol\u00edticas p\u00fablicas na educa\u00e7\u00e3o infantil %<\/title>\n<meta name=\"description\" content=\"TCE-PB realiza auditoria coordenada em 103 creches para verificar pol\u00edticas p\u00fablicas na educa\u00e7\u00e3o infantil %\" \/>\n<meta name=\"robots\" content=\"index, follow, max-snippet:-1, max-image-preview:large, max-video-preview:-1\" \/>\n<link rel=\"canonical\" href=\"https:\/\/tce.pb.gov.br\/portalprimeirainfancia\/tce-pb-realiza-auditoria-coordenada-em-103-creches-para-verificar-politicas-publicas-na-educacao-infantil\/\" \/>\n<meta property=\"og:locale\" content=\"pt_BR\" \/>\n<meta property=\"og:type\" content=\"article\" \/>\n<meta property=\"og:title\" content=\"TCE-PB realiza auditoria coordenada em 103 creches para verificar pol\u00edticas p\u00fablicas na educa\u00e7\u00e3o infantil %\" \/>\n<meta property=\"og:description\" content=\"TCE-PB realiza auditoria coordenada em 103 creches para verificar pol\u00edticas p\u00fablicas na educa\u00e7\u00e3o infantil %\" \/>\n<meta property=\"og:url\" content=\"https:\/\/tce.pb.gov.br\/portalprimeirainfancia\/tce-pb-realiza-auditoria-coordenada-em-103-creches-para-verificar-politicas-publicas-na-educacao-infantil\/\" \/>\n<meta property=\"og:site_name\" content=\"Pacto Paraibano pela Primeira Inf\u00e2ncia\" \/>\n<meta property=\"article:published_time\" content=\"2025-03-20T12:26:00+00:00\" \/>\n<meta property=\"article:modified_time\" content=\"2025-04-23T23:04:44+00:00\" \/>\n<meta property=\"og:image\" content=\"https:\/\/tce.pb.gov.br\/portalprimeirainfancia\/wp-content\/uploads\/2025\/04\/FabioNogueira-3-1024x683-1.jpg\" \/>\n\t<meta property=\"og:image:width\" content=\"1024\" \/>\n\t<meta property=\"og:image:height\" content=\"683\" \/>\n\t<meta property=\"og:image:type\" content=\"image\/jpeg\" \/>\n<meta name=\"author\" content=\"Rafael Massoni\" \/>\n<meta name=\"twitter:card\" content=\"summary_large_image\" \/>\n<meta name=\"twitter:label1\" content=\"Escrito por\" \/>\n\t<meta name=\"twitter:data1\" content=\"Rafael Massoni\" \/>\n\t<meta name=\"twitter:label2\" content=\"Est. tempo de leitura\" \/>\n\t<meta name=\"twitter:data2\" content=\"1 minuto\" \/>\n<script type=\"application\/ld+json\" class=\"yoast-schema-graph\">{\"@context\":\"https:\\\/\\\/schema.org\",\"@graph\":[{\"@type\":\"NewsArticle\",\"@id\":\"https:\\\/\\\/tce.pb.gov.br\\\/portalprimeirainfancia\\\/tce-pb-realiza-auditoria-coordenada-em-103-creches-para-verificar-politicas-publicas-na-educacao-infantil\\\/#article\",\"isPartOf\":{\"@id\":\"https:\\\/\\\/tce.pb.gov.br\\\/portalprimeirainfancia\\\/tce-pb-realiza-auditoria-coordenada-em-103-creches-para-verificar-politicas-publicas-na-educacao-infantil\\\/\"},\"author\":{\"name\":\"Rafael Massoni\",\"@id\":\"https:\\\/\\\/tce.pb.gov.br\\\/portalprimeirainfancia\\\/#\\\/schema\\\/person\\\/6a39eea5836dda604de1c5e5b7d62141\"},\"headline\":\"TCE-PB realiza auditoria coordenada em 103 creches para verificar pol\u00edticas p\u00fablicas na educa\u00e7\u00e3o infantil\",\"datePublished\":\"2025-03-20T12:26:00+00:00\",\"dateModified\":\"2025-04-23T23:04:44+00:00\",\"mainEntityOfPage\":{\"@id\":\"https:\\\/\\\/tce.pb.gov.br\\\/portalprimeirainfancia\\\/tce-pb-realiza-auditoria-coordenada-em-103-creches-para-verificar-politicas-publicas-na-educacao-infantil\\\/\"},\"wordCount\":277,\"publisher\":{\"@id\":\"https:\\\/\\\/tce.pb.gov.br\\\/portalprimeirainfancia\\\/#organization\"},\"image\":{\"@id\":\"https:\\\/\\\/tce.pb.gov.br\\\/portalprimeirainfancia\\\/tce-pb-realiza-auditoria-coordenada-em-103-creches-para-verificar-politicas-publicas-na-educacao-infantil\\\/#primaryimage\"},\"thumbnailUrl\":\"https:\\\/\\\/tce.pb.gov.br\\\/portalprimeirainfancia\\\/wp-content\\\/uploads\\\/2025\\\/04\\\/FabioNogueira-3-1024x683-1.jpg\",\"articleSection\":[\"Not\u00edcias\"],\"inLanguage\":\"pt-BR\"},{\"@type\":\"WebPage\",\"@id\":\"https:\\\/\\\/tce.pb.gov.br\\\/portalprimeirainfancia\\\/tce-pb-realiza-auditoria-coordenada-em-103-creches-para-verificar-politicas-publicas-na-educacao-infantil\\\/\",\"url\":\"https:\\\/\\\/tce.pb.gov.br\\\/portalprimeirainfancia\\\/tce-pb-realiza-auditoria-coordenada-em-103-creches-para-verificar-politicas-publicas-na-educacao-infantil\\\/\",\"name\":\"TCE-PB realiza auditoria coordenada em 103 creches para verificar pol\u00edticas p\u00fablicas na educa\u00e7\u00e3o infantil %\",\"isPartOf\":{\"@id\":\"https:\\\/\\\/tce.pb.gov.br\\\/portalprimeirainfancia\\\/#website\"},\"primaryImageOfPage\":{\"@id\":\"https:\\\/\\\/tce.pb.gov.br\\\/portalprimeirainfancia\\\/tce-pb-realiza-auditoria-coordenada-em-103-creches-para-verificar-politicas-publicas-na-educacao-infantil\\\/#primaryimage\"},\"image\":{\"@id\":\"https:\\\/\\\/tce.pb.gov.br\\\/portalprimeirainfancia\\\/tce-pb-realiza-auditoria-coordenada-em-103-creches-para-verificar-politicas-publicas-na-educacao-infantil\\\/#primaryimage\"},\"thumbnailUrl\":\"https:\\\/\\\/tce.pb.gov.br\\\/portalprimeirainfancia\\\/wp-content\\\/uploads\\\/2025\\\/04\\\/FabioNogueira-3-1024x683-1.jpg\",\"datePublished\":\"2025-03-20T12:26:00+00:00\",\"dateModified\":\"2025-04-23T23:04:44+00:00\",\"description\":\"TCE-PB realiza auditoria coordenada em 103 creches para verificar pol\u00edticas p\u00fablicas na educa\u00e7\u00e3o infantil %\",\"breadcrumb\":{\"@id\":\"https:\\\/\\\/tce.pb.gov.br\\\/portalprimeirainfancia\\\/tce-pb-realiza-auditoria-coordenada-em-103-creches-para-verificar-politicas-publicas-na-educacao-infantil\\\/#breadcrumb\"},\"inLanguage\":\"pt-BR\",\"potentialAction\":[{\"@type\":\"ReadAction\",\"target\":[\"https:\\\/\\\/tce.pb.gov.br\\\/portalprimeirainfancia\\\/tce-pb-realiza-auditoria-coordenada-em-103-creches-para-verificar-politicas-publicas-na-educacao-infantil\\\/\"]}]},{\"@type\":\"ImageObject\",\"inLanguage\":\"pt-BR\",\"@id\":\"https:\\\/\\\/tce.pb.gov.br\\\/portalprimeirainfancia\\\/tce-pb-realiza-auditoria-coordenada-em-103-creches-para-verificar-politicas-publicas-na-educacao-infantil\\\/#primaryimage\",\"url\":\"https:\\\/\\\/tce.pb.gov.br\\\/portalprimeirainfancia\\\/wp-content\\\/uploads\\\/2025\\\/04\\\/FabioNogueira-3-1024x683-1.jpg\",\"contentUrl\":\"https:\\\/\\\/tce.pb.gov.br\\\/portalprimeirainfancia\\\/wp-content\\\/uploads\\\/2025\\\/04\\\/FabioNogueira-3-1024x683-1.jpg\",\"width\":1024,\"height\":683},{\"@type\":\"BreadcrumbList\",\"@id\":\"https:\\\/\\\/tce.pb.gov.br\\\/portalprimeirainfancia\\\/tce-pb-realiza-auditoria-coordenada-em-103-creches-para-verificar-politicas-publicas-na-educacao-infantil\\\/#breadcrumb\",\"itemListElement\":[{\"@type\":\"ListItem\",\"position\":1,\"name\":\"In\u00edcio\",\"item\":\"https:\\\/\\\/tce.pb.gov.br\\\/portalprimeirainfancia\\\/\"},{\"@type\":\"ListItem\",\"position\":2,\"name\":\"TCE-PB realiza auditoria coordenada em 103 creches para verificar pol\u00edticas p\u00fablicas na educa\u00e7\u00e3o infantil\"}]},{\"@type\":\"WebSite\",\"@id\":\"https:\\\/\\\/tce.pb.gov.br\\\/portalprimeirainfancia\\\/#website\",\"url\":\"https:\\\/\\\/tce.pb.gov.br\\\/portalprimeirainfancia\\\/\",\"name\":\"Pacto Paraibano pela Primeira Inf\u00e2ncia\",\"description\":\"Portal para divulga\u00e7\u00e3o do Pacto Paraibano pela Primeira Inf\u00e2ncia\",\"publisher\":{\"@id\":\"https:\\\/\\\/tce.pb.gov.br\\\/portalprimeirainfancia\\\/#organization\"},\"potentialAction\":[{\"@type\":\"SearchAction\",\"target\":{\"@type\":\"EntryPoint\",\"urlTemplate\":\"https:\\\/\\\/tce.pb.gov.br\\\/portalprimeirainfancia\\\/?s={search_term_string}\"},\"query-input\":{\"@type\":\"PropertyValueSpecification\",\"valueRequired\":true,\"valueName\":\"search_term_string\"}}],\"inLanguage\":\"pt-BR\"},{\"@type\":\"Organization\",\"@id\":\"https:\\\/\\\/tce.pb.gov.br\\\/portalprimeirainfancia\\\/#organization\",\"name\":\"Pacto Paraibano pela Primeira Inf\u00e2ncia\",\"alternateName\":\"TCE-PB\",\"url\":\"https:\\\/\\\/tce.pb.gov.br\\\/portalprimeirainfancia\\\/\",\"logo\":{\"@type\":\"ImageObject\",\"inLanguage\":\"pt-BR\",\"@id\":\"https:\\\/\\\/tce.pb.gov.br\\\/portalprimeirainfancia\\\/#\\\/schema\\\/logo\\\/image\\\/\",\"url\":\"https:\\\/\\\/tce.pb.gov.br\\\/portalprimeirainfancia\\\/wp-content\\\/uploads\\\/2025\\\/05\\\/Pacto-Whatsapp.png\",\"contentUrl\":\"https:\\\/\\\/tce.pb.gov.br\\\/portalprimeirainfancia\\\/wp-content\\\/uploads\\\/2025\\\/05\\\/Pacto-Whatsapp.png\",\"width\":427,\"height\":427,\"caption\":\"Pacto Paraibano pela Primeira Inf\u00e2ncia\"},\"image\":{\"@id\":\"https:\\\/\\\/tce.pb.gov.br\\\/portalprimeirainfancia\\\/#\\\/schema\\\/logo\\\/image\\\/\"},\"sameAs\":[\"https:\\\/\\\/www.instagram.com\\\/tcepb\\\/\"]},{\"@type\":\"Person\",\"@id\":\"https:\\\/\\\/tce.pb.gov.br\\\/portalprimeirainfancia\\\/#\\\/schema\\\/person\\\/6a39eea5836dda604de1c5e5b7d62141\",\"name\":\"Rafael Massoni\"}]}<\/script>\n<!-- \/ Yoast SEO plugin. -->","yoast_head_json":{"title":"TCE-PB realiza auditoria coordenada em 103 creches para verificar pol\u00edticas p\u00fablicas na educa\u00e7\u00e3o infantil %","description":"TCE-PB realiza auditoria coordenada em 103 creches para verificar pol\u00edticas p\u00fablicas na educa\u00e7\u00e3o infantil %","robots":{"index":"index","follow":"follow","max-snippet":"max-snippet:-1","max-image-preview":"max-image-preview:large","max-video-preview":"max-video-preview:-1"},"canonical":"https:\/\/tce.pb.gov.br\/portalprimeirainfancia\/tce-pb-realiza-auditoria-coordenada-em-103-creches-para-verificar-politicas-publicas-na-educacao-infantil\/","og_locale":"pt_BR","og_type":"article","og_title":"TCE-PB realiza auditoria coordenada em 103 creches para verificar pol\u00edticas p\u00fablicas na educa\u00e7\u00e3o infantil %","og_description":"TCE-PB realiza auditoria coordenada em 103 creches para verificar pol\u00edticas p\u00fablicas na educa\u00e7\u00e3o infantil %","og_url":"https:\/\/tce.pb.gov.br\/portalprimeirainfancia\/tce-pb-realiza-auditoria-coordenada-em-103-creches-para-verificar-politicas-publicas-na-educacao-infantil\/","og_site_name":"Pacto Paraibano pela Primeira Inf\u00e2ncia","article_published_time":"2025-03-20T12:26:00+00:00","article_modified_time":"2025-04-23T23:04:44+00:00","og_image":[{"width":1024,"height":683,"url":"https:\/\/tce.pb.gov.br\/portalprimeirainfancia\/wp-content\/uploads\/2025\/04\/FabioNogueira-3-1024x683-1.jpg","type":"image\/jpeg"}],"author":"Rafael Massoni","twitter_card":"summary_large_image","twitter_misc":{"Escrito por":"Rafael Massoni","Est. tempo de leitura":"1 minuto"},"schema":{"@context":"https:\/\/schema.org","@graph":[{"@type":"NewsArticle","@id":"https:\/\/tce.pb.gov.br\/portalprimeirainfancia\/tce-pb-realiza-auditoria-coordenada-em-103-creches-para-verificar-politicas-publicas-na-educacao-infantil\/#article","isPartOf":{"@id":"https:\/\/tce.pb.gov.br\/portalprimeirainfancia\/tce-pb-realiza-auditoria-coordenada-em-103-creches-para-verificar-politicas-publicas-na-educacao-infantil\/"},"author":{"name":"Rafael Massoni","@id":"https:\/\/tce.pb.gov.br\/portalprimeirainfancia\/#\/schema\/person\/6a39eea5836dda604de1c5e5b7d62141"},"headline":"TCE-PB realiza auditoria coordenada em 103 creches para verificar pol\u00edticas p\u00fablicas na educa\u00e7\u00e3o infantil","datePublished":"2025-03-20T12:26:00+00:00","dateModified":"2025-04-23T23:04:44+00:00","mainEntityOfPage":{"@id":"https:\/\/tce.pb.gov.br\/portalprimeirainfancia\/tce-pb-realiza-auditoria-coordenada-em-103-creches-para-verificar-politicas-publicas-na-educacao-infantil\/"},"wordCount":277,"publisher":{"@id":"https:\/\/tce.pb.gov.br\/portalprimeirainfancia\/#organization"},"image":{"@id":"https:\/\/tce.pb.gov.br\/portalprimeirainfancia\/tce-pb-realiza-auditoria-coordenada-em-103-creches-para-verificar-politicas-publicas-na-educacao-infantil\/#primaryimage"},"thumbnailUrl":"https:\/\/tce.pb.gov.br\/portalprimeirainfancia\/wp-content\/uploads\/2025\/04\/FabioNogueira-3-1024x683-1.jpg","articleSection":["Not\u00edcias"],"inLanguage":"pt-BR"},{"@type":"WebPage","@id":"https:\/\/tce.pb.gov.br\/portalprimeirainfancia\/tce-pb-realiza-auditoria-coordenada-em-103-creches-para-verificar-politicas-publicas-na-educacao-infantil\/","url":"https:\/\/tce.pb.gov.br\/portalprimeirainfancia\/tce-pb-realiza-auditoria-coordenada-em-103-creches-para-verificar-politicas-publicas-na-educacao-infantil\/","name":"TCE-PB realiza auditoria coordenada em 103 creches para verificar pol\u00edticas p\u00fablicas na educa\u00e7\u00e3o infantil %","isPartOf":{"@id":"https:\/\/tce.pb.gov.br\/portalprimeirainfancia\/#website"},"primaryImageOfPage":{"@id":"https:\/\/tce.pb.gov.br\/portalprimeirainfancia\/tce-pb-realiza-auditoria-coordenada-em-103-creches-para-verificar-politicas-publicas-na-educacao-infantil\/#primaryimage"},"image":{"@id":"https:\/\/tce.pb.gov.br\/portalprimeirainfancia\/tce-pb-realiza-auditoria-coordenada-em-103-creches-para-verificar-politicas-publicas-na-educacao-infantil\/#primaryimage"},"thumbnailUrl":"https:\/\/tce.pb.gov.br\/portalprimeirainfancia\/wp-content\/uploads\/2025\/04\/FabioNogueira-3-1024x683-1.jpg","datePublished":"2025-03-20T12:26:00+00:00","dateModified":"2025-04-23T23:04:44+00:00","description":"TCE-PB realiza auditoria coordenada em 103 creches para verificar pol\u00edticas p\u00fablicas na educa\u00e7\u00e3o infantil %","breadcrumb":{"@id":"https:\/\/tce.pb.gov.br\/portalprimeirainfancia\/tce-pb-realiza-auditoria-coordenada-em-103-creches-para-verificar-politicas-publicas-na-educacao-infantil\/#breadcrumb"},"inLanguage":"pt-BR","potentialAction":[{"@type":"ReadAction","target":["https:\/\/tce.pb.gov.br\/portalprimeirainfancia\/tce-pb-realiza-auditoria-coordenada-em-103-creches-para-verificar-politicas-publicas-na-educacao-infantil\/"]}]},{"@type":"ImageObject","inLanguage":"pt-BR","@id":"https:\/\/tce.pb.gov.br\/portalprimeirainfancia\/tce-pb-realiza-auditoria-coordenada-em-103-creches-para-verificar-politicas-publicas-na-educacao-infantil\/#primaryimage","url":"https:\/\/tce.pb.gov.br\/portalprimeirainfancia\/wp-content\/uploads\/2025\/04\/FabioNogueira-3-1024x683-1.jpg","contentUrl":"https:\/\/tce.pb.gov.br\/portalprimeirainfancia\/wp-content\/uploads\/2025\/04\/FabioNogueira-3-1024x683-1.jpg","width":1024,"height":683},{"@type":"BreadcrumbList","@id":"https:\/\/tce.pb.gov.br\/portalprimeirainfancia\/tce-pb-realiza-auditoria-coordenada-em-103-creches-para-verificar-politicas-publicas-na-educacao-infantil\/#breadcrumb","itemListElement":[{"@type":"ListItem","position":1,"name":"In\u00edcio","item":"https:\/\/tce.pb.gov.br\/portalprimeirainfancia\/"},{"@type":"ListItem","position":2,"name":"TCE-PB realiza auditoria coordenada em 103 creches para verificar pol\u00edticas p\u00fablicas na educa\u00e7\u00e3o infantil"}]},{"@type":"WebSite","@id":"https:\/\/tce.pb.gov.br\/portalprimeirainfancia\/#website","url":"https:\/\/tce.pb.gov.br\/portalprimeirainfancia\/","name":"Pacto Paraibano pela Primeira Inf\u00e2ncia","description":"Portal para divulga\u00e7\u00e3o do Pacto Paraibano pela Primeira Inf\u00e2ncia","publisher":{"@id":"https:\/\/tce.pb.gov.br\/portalprimeirainfancia\/#organization"},"potentialAction":[{"@type":"SearchAction","target":{"@type":"EntryPoint","urlTemplate":"https:\/\/tce.pb.gov.br\/portalprimeirainfancia\/?s={search_term_string}"},"query-input":{"@type":"PropertyValueSpecification","valueRequired":true,"valueName":"search_term_string"}}],"inLanguage":"pt-BR"},{"@type":"Organization","@id":"https:\/\/tce.pb.gov.br\/portalprimeirainfancia\/#organization","name":"Pacto Paraibano pela Primeira Inf\u00e2ncia","alternateName":"TCE-PB","url":"https:\/\/tce.pb.gov.br\/portalprimeirainfancia\/","logo":{"@type":"ImageObject","inLanguage":"pt-BR","@id":"https:\/\/tce.pb.gov.br\/portalprimeirainfancia\/#\/schema\/logo\/image\/","url":"https:\/\/tce.pb.gov.br\/portalprimeirainfancia\/wp-content\/uploads\/2025\/05\/Pacto-Whatsapp.png","contentUrl":"https:\/\/tce.pb.gov.br\/portalprimeirainfancia\/wp-content\/uploads\/2025\/05\/Pacto-Whatsapp.png","width":427,"height":427,"caption":"Pacto Paraibano pela Primeira Inf\u00e2ncia"},"image":{"@id":"https:\/\/tce.pb.gov.br\/portalprimeirainfancia\/#\/schema\/logo\/image\/"},"sameAs":["https:\/\/www.instagram.com\/tcepb\/"]},{"@type":"Person","@id":"https:\/\/tce.pb.gov.br\/portalprimeirainfancia\/#\/schema\/person\/6a39eea5836dda604de1c5e5b7d62141","name":"Rafael Massoni"}]}},"jetpack_featured_media_url":"https:\/\/tce.pb.gov.br\/portalprimeirainfancia\/wp-content\/uploads\/2025\/04\/FabioNogueira-3-1024x683-1.jpg","jetpack_sharing_enabled":true,"_links":{"self":[{"href":"https:\/\/tce.pb.gov.br\/portalprimeirainfancia\/wp-json\/wp\/v2\/posts\/718","targetHints":{"allow":["GET"]}}],"collection":[{"href":"https:\/\/tce.pb.gov.br\/portalprimeirainfancia\/wp-json\/wp\/v2\/posts"}],"about":[{"href":"https:\/\/tce.pb.gov.br\/portalprimeirainfancia\/wp-json\/wp\/v2\/types\/post"}],"author":[{"embeddable":true,"href":"https:\/\/tce.pb.gov.br\/portalprimeirainfancia\/wp-json\/wp\/v2\/users\/6"}],"replies":[{"embeddable":true,"href":"https:\/\/tce.pb.gov.br\/portalprimeirainfancia\/wp-json\/wp\/v2\/comments?post=718"}],"version-history":[{"count":1,"href":"https:\/\/tce.pb.gov.br\/portalprimeirainfancia\/wp-json\/wp\/v2\/posts\/718\/revisions"}],"predecessor-version":[{"id":2130,"href":"https:\/\/tce.pb.gov.br\/portalprimeirainfancia\/wp-json\/wp\/v2\/posts\/718\/revisions\/2130"}],"wp:featuredmedia":[{"embeddable":true,"href":"https:\/\/tce.pb.gov.br\/portalprimeirainfancia\/wp-json\/wp\/v2\/media\/719"}],"wp:attachment":[{"href":"https:\/\/tce.pb.gov.br\/portalprimeirainfancia\/wp-json\/wp\/v2\/media?parent=718"}],"wp:term":[{"taxonomy":"category","embeddable":true,"href":"https:\/\/tce.pb.gov.br\/portalprimeirainfancia\/wp-json\/wp\/v2\/categories?post=718"},{"taxonomy":"post_tag","embeddable":true,"href":"https:\/\/tce.pb.gov.br\/portalprimeirainfancia\/wp-json\/wp\/v2\/tags?post=718"}],"curies":[{"name":"wp","href":"https:\/\/api.w.org\/{rel}","templated":true}]}}