{"id":709,"date":"2025-03-14T09:17:00","date_gmt":"2025-03-14T12:17:00","guid":{"rendered":"https:\/\/tce.pb.gov.br\/portalprimeirainfancia\/?p=709"},"modified":"2025-07-11T13:23:37","modified_gmt":"2025-07-11T16:23:37","slug":"especialista-destaca-que-pacto-pela-primeira-infancia-proposto-pelo-tce-podera-mudar-o-quadro-na-paraiba","status":"publish","type":"post","link":"https:\/\/tce.pb.gov.br\/portalprimeirainfancia\/especialista-destaca-que-pacto-pela-primeira-infancia-proposto-pelo-tce-podera-mudar-o-quadro-na-paraiba\/","title":{"rendered":"Especialista destaca que pacto pela primeira inf\u00e2ncia proposto pelo TCE poder\u00e1 mudar o quadro na Para\u00edba"},"content":{"rendered":"\n<figure class=\"wp-block-image aligncenter size-full\"><img fetchpriority=\"high\" decoding=\"async\" width=\"1024\" height=\"681\" src=\"https:\/\/tce.pb.gov.br\/portalprimeirainfancia\/wp-content\/uploads\/2025\/04\/Palestrante-1024x681-1.jpg\" alt=\"\" class=\"wp-image-710\" srcset=\"https:\/\/tce.pb.gov.br\/portalprimeirainfancia\/wp-content\/uploads\/2025\/04\/Palestrante-1024x681-1.jpg 1024w, https:\/\/tce.pb.gov.br\/portalprimeirainfancia\/wp-content\/uploads\/2025\/04\/Palestrante-1024x681-1-300x200.jpg 300w, https:\/\/tce.pb.gov.br\/portalprimeirainfancia\/wp-content\/uploads\/2025\/04\/Palestrante-1024x681-1-768x511.jpg 768w\" sizes=\"(max-width: 1024px) 100vw, 1024px\" \/><\/figure>\n\n\n\n<p>&nbsp;\u2013 O Tribunal de Contas pode fazer a diferen\u00e7a na garantia dos direitos das crian\u00e7as de zero a seis anos e contribuir para mudar o mundo \u2013 Com essa frase, o m\u00e9dico Halin Girade, Mestre em Ci\u00eancias Pol\u00edticas e coordenador nacional do Comit\u00ea T\u00e9cnico da Primeira Inf\u00e2ncia do Instituto Rui Barbosa \u2013 \u00f3rg\u00e3o acad\u00eamico do sistema Tribunais de Contas, encerrou sua palestra, nesta sexta-feira (14), no Plen\u00e1rio Jo\u00e3o Agripino Filho, a convite do presidente do TCE-PB, conselheiro F\u00e1bio Nogueira.<\/p>\n\n\n\n<p>O evento marcou o in\u00edcio das a\u00e7\u00f5es do Tribunal de Contas da Para\u00edba para o fortalecimento&nbsp;de pol\u00edticas p\u00fablicas voltadas \u00e0 primeira inf\u00e2ncia no Estado, dentro do Programa&nbsp;<em>Pacto Pela Primeira Inf\u00e2ncia na Para\u00edba,&nbsp;<\/em><em>que ser\u00e1 prioridade na atual gest\u00e3o.&nbsp;<\/em>A palestra, que abordou o tema&nbsp;<strong>\u201c<\/strong><strong>A Import\u00e2ncia da Primeira Inf\u00e2ncia e os Tribunais de Contas\u201d,<\/strong><strong>&nbsp;<\/strong>teve como objetivo sensibilizar e mobilizar o p\u00fablico interno do Tribunal para a relev\u00e2ncia do papel do TCE na garantia dos direitos das crian\u00e7as de zero a seis anos.<\/p>\n\n\n\n<figure class=\"wp-block-image size-full\"><img decoding=\"async\" width=\"1024\" height=\"683\" src=\"https:\/\/tce.pb.gov.br\/portalprimeirainfancia\/wp-content\/uploads\/2025\/04\/Fabio-Palestra-01-1024x683-1.png\" alt=\"\" class=\"wp-image-711\" srcset=\"https:\/\/tce.pb.gov.br\/portalprimeirainfancia\/wp-content\/uploads\/2025\/04\/Fabio-Palestra-01-1024x683-1.png 1024w, https:\/\/tce.pb.gov.br\/portalprimeirainfancia\/wp-content\/uploads\/2025\/04\/Fabio-Palestra-01-1024x683-1-300x200.png 300w, https:\/\/tce.pb.gov.br\/portalprimeirainfancia\/wp-content\/uploads\/2025\/04\/Fabio-Palestra-01-1024x683-1-768x512.png 768w\" sizes=\"(max-width: 1024px) 100vw, 1024px\" \/><\/figure>\n\n\n\n<p>Ao anunciar o palestrante, o conselheiro F\u00e1bio Nogueira justificou a iniciativa e reiterou seu compromisso com o controle externo moderno, que busca maior aproxima\u00e7\u00e3o aos os jurisdicionados, orientando e avaliando, n\u00e3o apenas as presta\u00e7\u00f5es de contas, mas tamb\u00e9m, as pol\u00edticas p\u00fablicas voltadas aos interesses sociais, em especial nas \u00e1reas de educa\u00e7\u00e3o e sa\u00fade. Nesse sentido, o controle externo se aproxima da academia e fomenta condi\u00e7\u00f5es aos gestores p\u00fablicos, disponibilizando mecanismos que visam melhorar a qualidade e os resultados da aplica\u00e7\u00e3o dos recursos p\u00fablicos, no caso espec\u00edfico, a melhoria na primeira inf\u00e2ncia.<\/p>\n\n\n\n<p>\u201c\u00c9 preciso mudar essa realidade, e n\u00f3s temos esse compromisso como prioridade\u201d, frisou o conselheiro, ao acrescentar a import\u00e2ncia do engajamento de todos os quadros do Tribunal, do entusiasmo das pessoas e da participa\u00e7\u00e3o de outros \u00f3rg\u00e3os, a exemplo do Judici\u00e1rio e do Minist\u00e9rio P\u00fablico. \u201cN\u00e3o tenho d\u00favidas de que nosso Tribunal estar\u00e1 na vanguarda nesse processo, como sempre esteve em outras oportunidades\u201d.<\/p>\n\n\n\n<p><strong>&nbsp;Melhores Pr\u00e1ticas \u2013<\/strong>&nbsp;Durante a palestra, o&nbsp;m\u00e9dico Halin Girade enfatizou a sensibilidade do conselheiro F\u00e1bio Nogueira, e seu compromisso com uma das \u00e1reas mais sens\u00edveis para o desenvolvimento da pessoa humana: a primeira inf\u00e2ncia. \u201cO cuidado com as gestantes e com as crian\u00e7as nessa fase \u00e9 de fundamental import\u00e2ncia para a forma\u00e7\u00e3o dos seres humanos. \u201cPode fazer a diferen\u00e7a na vida, quanto \u00e0 forma\u00e7\u00e3o intelectual e humana\u201d, disse o palestrante, ao lamentar a falta de compromisso com pol\u00edticas p\u00fablicas mais qualificadas para a primeira inf\u00e2ncia\u201d.<\/p>\n\n\n\n<p>Halin Girade fez um retrospecto do quadro atual, em rela\u00e7\u00e3o \u00e0 desigualdade na primeira inf\u00e2ncia, que ainda \u00e9 uma caracter\u00edstica no Brasil, em rela\u00e7\u00e3o ao mundo. \u201cnesse aspecto, o Brasil \u00e9 o 14\u00ba mais desigual do mundo\u201d, e em grande parte as conseq\u00fc\u00eancias s\u00e3o resultados de omiss\u00f5es de governos. Ele apontou sugest\u00f5es que podem contribuir na mobiliza\u00e7\u00e3o em defesa da primeira inf\u00e2ncia. Citou a qualifica\u00e7\u00e3o de gestores municipais e incentivo \u00e0 elabora\u00e7\u00e3o de planos estaduais e municipais.&nbsp;<\/p>\n\n\n\n<p><strong>Palestrante&nbsp;<\/strong>\u2013 O m\u00e9dico Halim Girade \u00e9 coordenador nacional do Comit\u00ea T\u00e9cnico da Primeira Inf\u00e2ncia do Instituto Rui Barbosa. Mestre em Ci\u00eancias Pol\u00edticas, tem vasta experi\u00eancia internacional, tendo atuado por 18 anos na Organiza\u00e7\u00e3o das Na\u00e7\u00f5es Unidas (ONU). Ele tamb\u00e9m foi chefe dos escrit\u00f3rios da UNICEF na Amaz\u00f4nia e respons\u00e1vel pelo n\u00facleo de emerg\u00eancia da UNICEF em pa\u00edses como Haiti, Rep\u00fablica Dominicana e Bol\u00edvia.<\/p>\n","protected":false},"excerpt":{"rendered":"<p>&nbsp;\u2013 O Tribunal de Contas pode fazer a diferen\u00e7a na garantia dos direitos das crian\u00e7as de zero a seis anos [&hellip;]<\/p>\n","protected":false},"author":6,"featured_media":710,"comment_status":"closed","ping_status":"closed","sticky":false,"template":"elementor_theme","format":"standard","meta":{"site-sidebar-layout":"default","site-content-layout":"","ast-site-content-layout":"","site-content-style":"default","site-sidebar-style":"default","ast-global-header-display":"","ast-banner-title-visibility":"","ast-main-header-display":"","ast-hfb-above-header-display":"","ast-hfb-below-header-display":"","ast-hfb-mobile-header-display":"","site-post-title":"","ast-breadcrumbs-content":"","ast-featured-img":"","footer-sml-layout":"","theme-transparent-header-meta":"","adv-header-id-meta":"","stick-header-meta":"","header-above-stick-meta":"","header-main-stick-meta":"","header-below-stick-meta":"","astra-migrate-meta-layouts":"default","ast-page-background-enabled":"default","ast-page-background-meta":{"desktop":{"background-color":"var(--ast-global-color-5)","background-image":"","background-repeat":"repeat","background-position":"center center","background-size":"auto","background-attachment":"scroll","background-type":"","background-media":"","overlay-type":"","overlay-color":"","overlay-opacity":"","overlay-gradient":""},"tablet":{"background-color":"","background-image":"","background-repeat":"repeat","background-position":"center center","background-size":"auto","background-attachment":"scroll","background-type":"","background-media":"","overlay-type":"","overlay-color":"","overlay-opacity":"","overlay-gradient":""},"mobile":{"background-color":"","background-image":"","background-repeat":"repeat","background-position":"center center","background-size":"auto","background-attachment":"scroll","background-type":"","background-media":"","overlay-type":"","overlay-color":"","overlay-opacity":"","overlay-gradient":""}},"ast-content-background-meta":{"desktop":{"background-color":"var(--ast-global-color-4)","background-image":"","background-repeat":"repeat","background-position":"center center","background-size":"auto","background-attachment":"scroll","background-type":"","background-media":"","overlay-type":"","overlay-color":"","overlay-opacity":"","overlay-gradient":""},"tablet":{"background-color":"var(--ast-global-color-4)","background-image":"","background-repeat":"repeat","background-position":"center center","background-size":"auto","background-attachment":"scroll","background-type":"","background-media":"","overlay-type":"","overlay-color":"","overlay-opacity":"","overlay-gradient":""},"mobile":{"background-color":"var(--ast-global-color-4)","background-image":"","background-repeat":"repeat","background-position":"center center","background-size":"auto","background-attachment":"scroll","background-type":"","background-media":"","overlay-type":"","overlay-color":"","overlay-opacity":"","overlay-gradient":""}},"_jetpack_memberships_contains_paid_content":false,"footnotes":""},"categories":[7],"tags":[],"class_list":["post-709","post","type-post","status-publish","format-standard","has-post-thumbnail","hentry","category-noticias"],"yoast_head":"<!-- This site is optimized with the Yoast SEO plugin v27.5 - https:\/\/yoast.com\/product\/yoast-seo-wordpress\/ -->\n<title>Especialista destaca que pacto pela primeira inf\u00e2ncia proposto pelo TCE poder\u00e1 mudar o quadro na Para\u00edba %<\/title>\n<meta name=\"description\" content=\"Especialista destaca que pacto pela primeira inf\u00e2ncia proposto pelo TCE poder\u00e1 mudar o quadro na Para\u00edba %\" \/>\n<meta name=\"robots\" content=\"index, follow, max-snippet:-1, max-image-preview:large, max-video-preview:-1\" \/>\n<link rel=\"canonical\" href=\"https:\/\/tce.pb.gov.br\/portalprimeirainfancia\/especialista-destaca-que-pacto-pela-primeira-infancia-proposto-pelo-tce-podera-mudar-o-quadro-na-paraiba\/\" \/>\n<meta property=\"og:locale\" content=\"pt_BR\" \/>\n<meta property=\"og:type\" content=\"article\" \/>\n<meta property=\"og:title\" content=\"Especialista destaca que pacto pela primeira inf\u00e2ncia proposto pelo TCE poder\u00e1 mudar o quadro na Para\u00edba %\" \/>\n<meta property=\"og:description\" content=\"Especialista destaca que pacto pela primeira inf\u00e2ncia proposto pelo TCE poder\u00e1 mudar o quadro na Para\u00edba %\" \/>\n<meta property=\"og:url\" content=\"https:\/\/tce.pb.gov.br\/portalprimeirainfancia\/especialista-destaca-que-pacto-pela-primeira-infancia-proposto-pelo-tce-podera-mudar-o-quadro-na-paraiba\/\" \/>\n<meta property=\"og:site_name\" content=\"Pacto Paraibano pela Primeira Inf\u00e2ncia\" \/>\n<meta property=\"article:published_time\" content=\"2025-03-14T12:17:00+00:00\" \/>\n<meta property=\"article:modified_time\" content=\"2025-07-11T16:23:37+00:00\" \/>\n<meta property=\"og:image\" content=\"https:\/\/tce.pb.gov.br\/portalprimeirainfancia\/wp-content\/uploads\/2025\/04\/Palestrante-1024x681-1.jpg\" \/>\n\t<meta property=\"og:image:width\" content=\"1024\" \/>\n\t<meta property=\"og:image:height\" content=\"681\" \/>\n\t<meta property=\"og:image:type\" content=\"image\/jpeg\" \/>\n<meta name=\"author\" content=\"Rafael Massoni\" \/>\n<meta name=\"twitter:card\" content=\"summary_large_image\" \/>\n<meta name=\"twitter:label1\" content=\"Escrito por\" \/>\n\t<meta name=\"twitter:data1\" content=\"Rafael Massoni\" \/>\n\t<meta name=\"twitter:label2\" content=\"Est. tempo de leitura\" \/>\n\t<meta name=\"twitter:data2\" content=\"4 minutos\" \/>\n<script type=\"application\/ld+json\" class=\"yoast-schema-graph\">{\"@context\":\"https:\\\/\\\/schema.org\",\"@graph\":[{\"@type\":\"NewsArticle\",\"@id\":\"https:\\\/\\\/tce.pb.gov.br\\\/portalprimeirainfancia\\\/especialista-destaca-que-pacto-pela-primeira-infancia-proposto-pelo-tce-podera-mudar-o-quadro-na-paraiba\\\/#article\",\"isPartOf\":{\"@id\":\"https:\\\/\\\/tce.pb.gov.br\\\/portalprimeirainfancia\\\/especialista-destaca-que-pacto-pela-primeira-infancia-proposto-pelo-tce-podera-mudar-o-quadro-na-paraiba\\\/\"},\"author\":{\"name\":\"Rafael Massoni\",\"@id\":\"https:\\\/\\\/tce.pb.gov.br\\\/portalprimeirainfancia\\\/#\\\/schema\\\/person\\\/6a39eea5836dda604de1c5e5b7d62141\"},\"headline\":\"Especialista destaca que pacto pela primeira inf\u00e2ncia proposto pelo TCE poder\u00e1 mudar o quadro na Para\u00edba\",\"datePublished\":\"2025-03-14T12:17:00+00:00\",\"dateModified\":\"2025-07-11T16:23:37+00:00\",\"mainEntityOfPage\":{\"@id\":\"https:\\\/\\\/tce.pb.gov.br\\\/portalprimeirainfancia\\\/especialista-destaca-que-pacto-pela-primeira-infancia-proposto-pelo-tce-podera-mudar-o-quadro-na-paraiba\\\/\"},\"wordCount\":650,\"publisher\":{\"@id\":\"https:\\\/\\\/tce.pb.gov.br\\\/portalprimeirainfancia\\\/#organization\"},\"image\":{\"@id\":\"https:\\\/\\\/tce.pb.gov.br\\\/portalprimeirainfancia\\\/especialista-destaca-que-pacto-pela-primeira-infancia-proposto-pelo-tce-podera-mudar-o-quadro-na-paraiba\\\/#primaryimage\"},\"thumbnailUrl\":\"https:\\\/\\\/tce.pb.gov.br\\\/portalprimeirainfancia\\\/wp-content\\\/uploads\\\/2025\\\/04\\\/Palestrante-1024x681-1.jpg\",\"articleSection\":[\"Not\u00edcias\"],\"inLanguage\":\"pt-BR\"},{\"@type\":\"WebPage\",\"@id\":\"https:\\\/\\\/tce.pb.gov.br\\\/portalprimeirainfancia\\\/especialista-destaca-que-pacto-pela-primeira-infancia-proposto-pelo-tce-podera-mudar-o-quadro-na-paraiba\\\/\",\"url\":\"https:\\\/\\\/tce.pb.gov.br\\\/portalprimeirainfancia\\\/especialista-destaca-que-pacto-pela-primeira-infancia-proposto-pelo-tce-podera-mudar-o-quadro-na-paraiba\\\/\",\"name\":\"Especialista destaca que pacto pela primeira inf\u00e2ncia proposto pelo TCE poder\u00e1 mudar o quadro na Para\u00edba %\",\"isPartOf\":{\"@id\":\"https:\\\/\\\/tce.pb.gov.br\\\/portalprimeirainfancia\\\/#website\"},\"primaryImageOfPage\":{\"@id\":\"https:\\\/\\\/tce.pb.gov.br\\\/portalprimeirainfancia\\\/especialista-destaca-que-pacto-pela-primeira-infancia-proposto-pelo-tce-podera-mudar-o-quadro-na-paraiba\\\/#primaryimage\"},\"image\":{\"@id\":\"https:\\\/\\\/tce.pb.gov.br\\\/portalprimeirainfancia\\\/especialista-destaca-que-pacto-pela-primeira-infancia-proposto-pelo-tce-podera-mudar-o-quadro-na-paraiba\\\/#primaryimage\"},\"thumbnailUrl\":\"https:\\\/\\\/tce.pb.gov.br\\\/portalprimeirainfancia\\\/wp-content\\\/uploads\\\/2025\\\/04\\\/Palestrante-1024x681-1.jpg\",\"datePublished\":\"2025-03-14T12:17:00+00:00\",\"dateModified\":\"2025-07-11T16:23:37+00:00\",\"description\":\"Especialista destaca que pacto pela primeira inf\u00e2ncia proposto pelo TCE poder\u00e1 mudar o quadro na Para\u00edba %\",\"breadcrumb\":{\"@id\":\"https:\\\/\\\/tce.pb.gov.br\\\/portalprimeirainfancia\\\/especialista-destaca-que-pacto-pela-primeira-infancia-proposto-pelo-tce-podera-mudar-o-quadro-na-paraiba\\\/#breadcrumb\"},\"inLanguage\":\"pt-BR\",\"potentialAction\":[{\"@type\":\"ReadAction\",\"target\":[\"https:\\\/\\\/tce.pb.gov.br\\\/portalprimeirainfancia\\\/especialista-destaca-que-pacto-pela-primeira-infancia-proposto-pelo-tce-podera-mudar-o-quadro-na-paraiba\\\/\"]}]},{\"@type\":\"ImageObject\",\"inLanguage\":\"pt-BR\",\"@id\":\"https:\\\/\\\/tce.pb.gov.br\\\/portalprimeirainfancia\\\/especialista-destaca-que-pacto-pela-primeira-infancia-proposto-pelo-tce-podera-mudar-o-quadro-na-paraiba\\\/#primaryimage\",\"url\":\"https:\\\/\\\/tce.pb.gov.br\\\/portalprimeirainfancia\\\/wp-content\\\/uploads\\\/2025\\\/04\\\/Palestrante-1024x681-1.jpg\",\"contentUrl\":\"https:\\\/\\\/tce.pb.gov.br\\\/portalprimeirainfancia\\\/wp-content\\\/uploads\\\/2025\\\/04\\\/Palestrante-1024x681-1.jpg\",\"width\":1024,\"height\":681},{\"@type\":\"BreadcrumbList\",\"@id\":\"https:\\\/\\\/tce.pb.gov.br\\\/portalprimeirainfancia\\\/especialista-destaca-que-pacto-pela-primeira-infancia-proposto-pelo-tce-podera-mudar-o-quadro-na-paraiba\\\/#breadcrumb\",\"itemListElement\":[{\"@type\":\"ListItem\",\"position\":1,\"name\":\"In\u00edcio\",\"item\":\"https:\\\/\\\/tce.pb.gov.br\\\/portalprimeirainfancia\\\/\"},{\"@type\":\"ListItem\",\"position\":2,\"name\":\"Especialista destaca que pacto pela primeira inf\u00e2ncia proposto pelo TCE poder\u00e1 mudar o quadro na Para\u00edba\"}]},{\"@type\":\"WebSite\",\"@id\":\"https:\\\/\\\/tce.pb.gov.br\\\/portalprimeirainfancia\\\/#website\",\"url\":\"https:\\\/\\\/tce.pb.gov.br\\\/portalprimeirainfancia\\\/\",\"name\":\"Pacto Paraibano pela Primeira Inf\u00e2ncia\",\"description\":\"Portal para divulga\u00e7\u00e3o do Pacto Paraibano pela Primeira Inf\u00e2ncia\",\"publisher\":{\"@id\":\"https:\\\/\\\/tce.pb.gov.br\\\/portalprimeirainfancia\\\/#organization\"},\"potentialAction\":[{\"@type\":\"SearchAction\",\"target\":{\"@type\":\"EntryPoint\",\"urlTemplate\":\"https:\\\/\\\/tce.pb.gov.br\\\/portalprimeirainfancia\\\/?s={search_term_string}\"},\"query-input\":{\"@type\":\"PropertyValueSpecification\",\"valueRequired\":true,\"valueName\":\"search_term_string\"}}],\"inLanguage\":\"pt-BR\"},{\"@type\":\"Organization\",\"@id\":\"https:\\\/\\\/tce.pb.gov.br\\\/portalprimeirainfancia\\\/#organization\",\"name\":\"Pacto Paraibano pela Primeira Inf\u00e2ncia\",\"alternateName\":\"TCE-PB\",\"url\":\"https:\\\/\\\/tce.pb.gov.br\\\/portalprimeirainfancia\\\/\",\"logo\":{\"@type\":\"ImageObject\",\"inLanguage\":\"pt-BR\",\"@id\":\"https:\\\/\\\/tce.pb.gov.br\\\/portalprimeirainfancia\\\/#\\\/schema\\\/logo\\\/image\\\/\",\"url\":\"https:\\\/\\\/tce.pb.gov.br\\\/portalprimeirainfancia\\\/wp-content\\\/uploads\\\/2025\\\/05\\\/Pacto-Whatsapp.png\",\"contentUrl\":\"https:\\\/\\\/tce.pb.gov.br\\\/portalprimeirainfancia\\\/wp-content\\\/uploads\\\/2025\\\/05\\\/Pacto-Whatsapp.png\",\"width\":427,\"height\":427,\"caption\":\"Pacto Paraibano pela Primeira Inf\u00e2ncia\"},\"image\":{\"@id\":\"https:\\\/\\\/tce.pb.gov.br\\\/portalprimeirainfancia\\\/#\\\/schema\\\/logo\\\/image\\\/\"},\"sameAs\":[\"https:\\\/\\\/www.instagram.com\\\/tcepb\\\/\"]},{\"@type\":\"Person\",\"@id\":\"https:\\\/\\\/tce.pb.gov.br\\\/portalprimeirainfancia\\\/#\\\/schema\\\/person\\\/6a39eea5836dda604de1c5e5b7d62141\",\"name\":\"Rafael Massoni\"}]}<\/script>\n<!-- \/ Yoast SEO plugin. -->","yoast_head_json":{"title":"Especialista destaca que pacto pela primeira inf\u00e2ncia proposto pelo TCE poder\u00e1 mudar o quadro na Para\u00edba %","description":"Especialista destaca que pacto pela primeira inf\u00e2ncia proposto pelo TCE poder\u00e1 mudar o quadro na Para\u00edba %","robots":{"index":"index","follow":"follow","max-snippet":"max-snippet:-1","max-image-preview":"max-image-preview:large","max-video-preview":"max-video-preview:-1"},"canonical":"https:\/\/tce.pb.gov.br\/portalprimeirainfancia\/especialista-destaca-que-pacto-pela-primeira-infancia-proposto-pelo-tce-podera-mudar-o-quadro-na-paraiba\/","og_locale":"pt_BR","og_type":"article","og_title":"Especialista destaca que pacto pela primeira inf\u00e2ncia proposto pelo TCE poder\u00e1 mudar o quadro na Para\u00edba %","og_description":"Especialista destaca que pacto pela primeira inf\u00e2ncia proposto pelo TCE poder\u00e1 mudar o quadro na Para\u00edba %","og_url":"https:\/\/tce.pb.gov.br\/portalprimeirainfancia\/especialista-destaca-que-pacto-pela-primeira-infancia-proposto-pelo-tce-podera-mudar-o-quadro-na-paraiba\/","og_site_name":"Pacto Paraibano pela Primeira Inf\u00e2ncia","article_published_time":"2025-03-14T12:17:00+00:00","article_modified_time":"2025-07-11T16:23:37+00:00","og_image":[{"width":1024,"height":681,"url":"https:\/\/tce.pb.gov.br\/portalprimeirainfancia\/wp-content\/uploads\/2025\/04\/Palestrante-1024x681-1.jpg","type":"image\/jpeg"}],"author":"Rafael Massoni","twitter_card":"summary_large_image","twitter_misc":{"Escrito por":"Rafael Massoni","Est. tempo de leitura":"4 minutos"},"schema":{"@context":"https:\/\/schema.org","@graph":[{"@type":"NewsArticle","@id":"https:\/\/tce.pb.gov.br\/portalprimeirainfancia\/especialista-destaca-que-pacto-pela-primeira-infancia-proposto-pelo-tce-podera-mudar-o-quadro-na-paraiba\/#article","isPartOf":{"@id":"https:\/\/tce.pb.gov.br\/portalprimeirainfancia\/especialista-destaca-que-pacto-pela-primeira-infancia-proposto-pelo-tce-podera-mudar-o-quadro-na-paraiba\/"},"author":{"name":"Rafael Massoni","@id":"https:\/\/tce.pb.gov.br\/portalprimeirainfancia\/#\/schema\/person\/6a39eea5836dda604de1c5e5b7d62141"},"headline":"Especialista destaca que pacto pela primeira inf\u00e2ncia proposto pelo TCE poder\u00e1 mudar o quadro na Para\u00edba","datePublished":"2025-03-14T12:17:00+00:00","dateModified":"2025-07-11T16:23:37+00:00","mainEntityOfPage":{"@id":"https:\/\/tce.pb.gov.br\/portalprimeirainfancia\/especialista-destaca-que-pacto-pela-primeira-infancia-proposto-pelo-tce-podera-mudar-o-quadro-na-paraiba\/"},"wordCount":650,"publisher":{"@id":"https:\/\/tce.pb.gov.br\/portalprimeirainfancia\/#organization"},"image":{"@id":"https:\/\/tce.pb.gov.br\/portalprimeirainfancia\/especialista-destaca-que-pacto-pela-primeira-infancia-proposto-pelo-tce-podera-mudar-o-quadro-na-paraiba\/#primaryimage"},"thumbnailUrl":"https:\/\/tce.pb.gov.br\/portalprimeirainfancia\/wp-content\/uploads\/2025\/04\/Palestrante-1024x681-1.jpg","articleSection":["Not\u00edcias"],"inLanguage":"pt-BR"},{"@type":"WebPage","@id":"https:\/\/tce.pb.gov.br\/portalprimeirainfancia\/especialista-destaca-que-pacto-pela-primeira-infancia-proposto-pelo-tce-podera-mudar-o-quadro-na-paraiba\/","url":"https:\/\/tce.pb.gov.br\/portalprimeirainfancia\/especialista-destaca-que-pacto-pela-primeira-infancia-proposto-pelo-tce-podera-mudar-o-quadro-na-paraiba\/","name":"Especialista destaca que pacto pela primeira inf\u00e2ncia proposto pelo TCE poder\u00e1 mudar o quadro na Para\u00edba %","isPartOf":{"@id":"https:\/\/tce.pb.gov.br\/portalprimeirainfancia\/#website"},"primaryImageOfPage":{"@id":"https:\/\/tce.pb.gov.br\/portalprimeirainfancia\/especialista-destaca-que-pacto-pela-primeira-infancia-proposto-pelo-tce-podera-mudar-o-quadro-na-paraiba\/#primaryimage"},"image":{"@id":"https:\/\/tce.pb.gov.br\/portalprimeirainfancia\/especialista-destaca-que-pacto-pela-primeira-infancia-proposto-pelo-tce-podera-mudar-o-quadro-na-paraiba\/#primaryimage"},"thumbnailUrl":"https:\/\/tce.pb.gov.br\/portalprimeirainfancia\/wp-content\/uploads\/2025\/04\/Palestrante-1024x681-1.jpg","datePublished":"2025-03-14T12:17:00+00:00","dateModified":"2025-07-11T16:23:37+00:00","description":"Especialista destaca que pacto pela primeira inf\u00e2ncia proposto pelo TCE poder\u00e1 mudar o quadro na Para\u00edba %","breadcrumb":{"@id":"https:\/\/tce.pb.gov.br\/portalprimeirainfancia\/especialista-destaca-que-pacto-pela-primeira-infancia-proposto-pelo-tce-podera-mudar-o-quadro-na-paraiba\/#breadcrumb"},"inLanguage":"pt-BR","potentialAction":[{"@type":"ReadAction","target":["https:\/\/tce.pb.gov.br\/portalprimeirainfancia\/especialista-destaca-que-pacto-pela-primeira-infancia-proposto-pelo-tce-podera-mudar-o-quadro-na-paraiba\/"]}]},{"@type":"ImageObject","inLanguage":"pt-BR","@id":"https:\/\/tce.pb.gov.br\/portalprimeirainfancia\/especialista-destaca-que-pacto-pela-primeira-infancia-proposto-pelo-tce-podera-mudar-o-quadro-na-paraiba\/#primaryimage","url":"https:\/\/tce.pb.gov.br\/portalprimeirainfancia\/wp-content\/uploads\/2025\/04\/Palestrante-1024x681-1.jpg","contentUrl":"https:\/\/tce.pb.gov.br\/portalprimeirainfancia\/wp-content\/uploads\/2025\/04\/Palestrante-1024x681-1.jpg","width":1024,"height":681},{"@type":"BreadcrumbList","@id":"https:\/\/tce.pb.gov.br\/portalprimeirainfancia\/especialista-destaca-que-pacto-pela-primeira-infancia-proposto-pelo-tce-podera-mudar-o-quadro-na-paraiba\/#breadcrumb","itemListElement":[{"@type":"ListItem","position":1,"name":"In\u00edcio","item":"https:\/\/tce.pb.gov.br\/portalprimeirainfancia\/"},{"@type":"ListItem","position":2,"name":"Especialista destaca que pacto pela primeira inf\u00e2ncia proposto pelo TCE poder\u00e1 mudar o quadro na Para\u00edba"}]},{"@type":"WebSite","@id":"https:\/\/tce.pb.gov.br\/portalprimeirainfancia\/#website","url":"https:\/\/tce.pb.gov.br\/portalprimeirainfancia\/","name":"Pacto Paraibano pela Primeira Inf\u00e2ncia","description":"Portal para divulga\u00e7\u00e3o do Pacto Paraibano pela Primeira Inf\u00e2ncia","publisher":{"@id":"https:\/\/tce.pb.gov.br\/portalprimeirainfancia\/#organization"},"potentialAction":[{"@type":"SearchAction","target":{"@type":"EntryPoint","urlTemplate":"https:\/\/tce.pb.gov.br\/portalprimeirainfancia\/?s={search_term_string}"},"query-input":{"@type":"PropertyValueSpecification","valueRequired":true,"valueName":"search_term_string"}}],"inLanguage":"pt-BR"},{"@type":"Organization","@id":"https:\/\/tce.pb.gov.br\/portalprimeirainfancia\/#organization","name":"Pacto Paraibano pela Primeira Inf\u00e2ncia","alternateName":"TCE-PB","url":"https:\/\/tce.pb.gov.br\/portalprimeirainfancia\/","logo":{"@type":"ImageObject","inLanguage":"pt-BR","@id":"https:\/\/tce.pb.gov.br\/portalprimeirainfancia\/#\/schema\/logo\/image\/","url":"https:\/\/tce.pb.gov.br\/portalprimeirainfancia\/wp-content\/uploads\/2025\/05\/Pacto-Whatsapp.png","contentUrl":"https:\/\/tce.pb.gov.br\/portalprimeirainfancia\/wp-content\/uploads\/2025\/05\/Pacto-Whatsapp.png","width":427,"height":427,"caption":"Pacto Paraibano pela Primeira Inf\u00e2ncia"},"image":{"@id":"https:\/\/tce.pb.gov.br\/portalprimeirainfancia\/#\/schema\/logo\/image\/"},"sameAs":["https:\/\/www.instagram.com\/tcepb\/"]},{"@type":"Person","@id":"https:\/\/tce.pb.gov.br\/portalprimeirainfancia\/#\/schema\/person\/6a39eea5836dda604de1c5e5b7d62141","name":"Rafael Massoni"}]}},"jetpack_featured_media_url":"https:\/\/tce.pb.gov.br\/portalprimeirainfancia\/wp-content\/uploads\/2025\/04\/Palestrante-1024x681-1.jpg","jetpack_sharing_enabled":true,"_links":{"self":[{"href":"https:\/\/tce.pb.gov.br\/portalprimeirainfancia\/wp-json\/wp\/v2\/posts\/709","targetHints":{"allow":["GET"]}}],"collection":[{"href":"https:\/\/tce.pb.gov.br\/portalprimeirainfancia\/wp-json\/wp\/v2\/posts"}],"about":[{"href":"https:\/\/tce.pb.gov.br\/portalprimeirainfancia\/wp-json\/wp\/v2\/types\/post"}],"author":[{"embeddable":true,"href":"https:\/\/tce.pb.gov.br\/portalprimeirainfancia\/wp-json\/wp\/v2\/users\/6"}],"replies":[{"embeddable":true,"href":"https:\/\/tce.pb.gov.br\/portalprimeirainfancia\/wp-json\/wp\/v2\/comments?post=709"}],"version-history":[{"count":1,"href":"https:\/\/tce.pb.gov.br\/portalprimeirainfancia\/wp-json\/wp\/v2\/posts\/709\/revisions"}],"predecessor-version":[{"id":29520,"href":"https:\/\/tce.pb.gov.br\/portalprimeirainfancia\/wp-json\/wp\/v2\/posts\/709\/revisions\/29520"}],"wp:featuredmedia":[{"embeddable":true,"href":"https:\/\/tce.pb.gov.br\/portalprimeirainfancia\/wp-json\/wp\/v2\/media\/710"}],"wp:attachment":[{"href":"https:\/\/tce.pb.gov.br\/portalprimeirainfancia\/wp-json\/wp\/v2\/media?parent=709"}],"wp:term":[{"taxonomy":"category","embeddable":true,"href":"https:\/\/tce.pb.gov.br\/portalprimeirainfancia\/wp-json\/wp\/v2\/categories?post=709"},{"taxonomy":"post_tag","embeddable":true,"href":"https:\/\/tce.pb.gov.br\/portalprimeirainfancia\/wp-json\/wp\/v2\/tags?post=709"}],"curies":[{"name":"wp","href":"https:\/\/api.w.org\/{rel}","templated":true}]}}