{"id":706,"date":"2025-03-13T09:15:00","date_gmt":"2025-03-13T12:15:00","guid":{"rendered":"https:\/\/tce.pb.gov.br\/portalprimeirainfancia\/?p=706"},"modified":"2025-07-11T13:23:18","modified_gmt":"2025-07-11T16:23:18","slug":"tce-pb-convoca-membros-e-servidores-para-palestra-sobre-a-importancia-da-primeira-infancia","status":"publish","type":"post","link":"https:\/\/tce.pb.gov.br\/portalprimeirainfancia\/tce-pb-convoca-membros-e-servidores-para-palestra-sobre-a-importancia-da-primeira-infancia\/","title":{"rendered":"TCE-PB convoca membros e servidores para palestra sobre a import\u00e2ncia da primeira inf\u00e2ncia"},"content":{"rendered":"\n<figure class=\"wp-block-image aligncenter size-full\"><img fetchpriority=\"high\" decoding=\"async\" width=\"1024\" height=\"683\" src=\"https:\/\/tce.pb.gov.br\/portalprimeirainfancia\/wp-content\/uploads\/2025\/04\/Palestra-Primeira-Infancia-MAT-1024x683-1.jpg\" alt=\"\" class=\"wp-image-707\" srcset=\"https:\/\/tce.pb.gov.br\/portalprimeirainfancia\/wp-content\/uploads\/2025\/04\/Palestra-Primeira-Infancia-MAT-1024x683-1.jpg 1024w, https:\/\/tce.pb.gov.br\/portalprimeirainfancia\/wp-content\/uploads\/2025\/04\/Palestra-Primeira-Infancia-MAT-1024x683-1-300x200.jpg 300w, https:\/\/tce.pb.gov.br\/portalprimeirainfancia\/wp-content\/uploads\/2025\/04\/Palestra-Primeira-Infancia-MAT-1024x683-1-768x512.jpg 768w\" sizes=\"(max-width: 1024px) 100vw, 1024px\" \/><\/figure>\n\n\n\n<p>O Tribunal de Contas da Para\u00edba (TCE-PB) convida todos os seus membros e servidores e colaboradores para a palestra&nbsp;<strong>\u201cA Import\u00e2ncia da Primeira Inf\u00e2ncia e os Tribunais de Contas\u201d<\/strong>, que ser\u00e1 realizada na sexta-feira (14), \u00e0s 8h30, no Plen\u00e1rio Jo\u00e3o Agripino Filho. O evento marca o in\u00edcio das a\u00e7\u00f5es do TCE-PB no fortalecimento das pol\u00edticas p\u00fablicas voltadas \u00e0 primeira inf\u00e2ncia no estado, dentro do Programa&nbsp;<em>Pacto Pela Primeira Inf\u00e2ncia na Para\u00edba<\/em>, idealizado pelo presidente do TCE-PB, conselheiro F\u00e1bio Nogueira.<\/p>\n\n\n\n<p>A palestra tem como objetivo sensibilizar e mobilizar o p\u00fablico interno do Tribunal para a relev\u00e2ncia do papel da Corte de Contas na garantia dos direitos das crian\u00e7as de zero a seis anos. Durante o evento, ser\u00e3o abordadas as estrat\u00e9gias de atua\u00e7\u00e3o dos Tribunais de Contas no acompanhamento e fiscaliza\u00e7\u00e3o das pol\u00edticas p\u00fablicas que asseguram o direito \u00e0 educa\u00e7\u00e3o, sa\u00fade, e bem-estar das crian\u00e7as nessa faixa et\u00e1ria.<\/p>\n\n\n\n<p><strong>Palestrante de Renome Nacional<\/strong>&nbsp;\u2013 O evento contar\u00e1 com a presen\u00e7a do palestrante Halim Girade, coordenador nacional do Comit\u00ea T\u00e9cnico da Primeira Inf\u00e2ncia do Instituto Rui Barbosa. Girade, mestre em Ci\u00eancias Pol\u00edticas, tem vasta experi\u00eancia internacional, tendo atuado por 18 anos na Organiza\u00e7\u00e3o das Na\u00e7\u00f5es Unidas (ONU). Ele tamb\u00e9m foi chefe dos escrit\u00f3rios da UNICEF na Amaz\u00f4nia e respons\u00e1vel pelo n\u00facleo de emerg\u00eancia da UNICEF em pa\u00edses como Haiti, Rep\u00fablica Dominicana e Bol\u00edvia.<\/p>\n\n\n\n<p>A palestra se alinha aos objetivos do&nbsp;<em>Pacto Pela Primeira Inf\u00e2ncia<\/em>, uma importante iniciativa que busca integrar os esfor\u00e7os do Sistema de Controle Externo, como o TCE-PB, na formula\u00e7\u00e3o e est\u00edmulo de pol\u00edticas p\u00fablicas que garantam os direitos das crian\u00e7as em todo o estado da Para\u00edba.<\/p>\n\n\n\n<p><strong>Convite aos Servidores e Membros do TCE-PB<\/strong><\/p>\n\n\n\n<p>A participa\u00e7\u00e3o de todos \u00e9 fundamental para o sucesso desta iniciativa, que visa fortalecer o compromisso do TCE-PB com a prote\u00e7\u00e3o e o desenvolvimento integral das crian\u00e7as paraibanas. A palestra \u00e9 uma excelente oportunidade para conhecer mais sobre o impacto das a\u00e7\u00f5es da Corte de Contas no cumprimento dos direitos da primeira inf\u00e2ncia e para discutir os desafios e as solu\u00e7\u00f5es na \u00e1rea.<\/p>\n\n\n\n<p>O evento \u00e9 exclusivo para membros, servidores e colaboradores &nbsp;do TCE-PB, e sua presen\u00e7a \u00e9 de extrema import\u00e2ncia para o alinhamento das futuras a\u00e7\u00f5es da Corte no fortalecimento de pol\u00edticas p\u00fablicas em favor da inf\u00e2ncia no estado.<\/p>\n\n\n\n<p><strong>Servi\u00e7o:<\/strong><br><strong>Data:<\/strong>&nbsp;14 de mar\u00e7o<br><strong>Hor\u00e1rio:<\/strong>&nbsp;8h30<br><strong>Local:<\/strong>&nbsp;Plen\u00e1rio Jo\u00e3o Agripino Filho, TCE-PB<br><strong>Tema:<\/strong>&nbsp;A Import\u00e2ncia da Primeira Inf\u00e2ncia e os Tribunais de Contas<\/p>\n\n\n\n<p>Contamos com sua presen\u00e7a para fortalecer o compromisso com as crian\u00e7as da Para\u00edba!<\/p>\n","protected":false},"excerpt":{"rendered":"<p>O Tribunal de Contas da Para\u00edba (TCE-PB) convida todos os seus membros e servidores e colaboradores para a palestra&nbsp;\u201cA Import\u00e2ncia [&hellip;]<\/p>\n","protected":false},"author":6,"featured_media":707,"comment_status":"closed","ping_status":"closed","sticky":false,"template":"elementor_theme","format":"standard","meta":{"site-sidebar-layout":"default","site-content-layout":"","ast-site-content-layout":"","site-content-style":"default","site-sidebar-style":"default","ast-global-header-display":"","ast-banner-title-visibility":"","ast-main-header-display":"","ast-hfb-above-header-display":"","ast-hfb-below-header-display":"","ast-hfb-mobile-header-display":"","site-post-title":"","ast-breadcrumbs-content":"","ast-featured-img":"","footer-sml-layout":"","theme-transparent-header-meta":"","adv-header-id-meta":"","stick-header-meta":"","header-above-stick-meta":"","header-main-stick-meta":"","header-below-stick-meta":"","astra-migrate-meta-layouts":"default","ast-page-background-enabled":"default","ast-page-background-meta":{"desktop":{"background-color":"var(--ast-global-color-5)","background-image":"","background-repeat":"repeat","background-position":"center center","background-size":"auto","background-attachment":"scroll","background-type":"","background-media":"","overlay-type":"","overlay-color":"","overlay-opacity":"","overlay-gradient":""},"tablet":{"background-color":"","background-image":"","background-repeat":"repeat","background-position":"center center","background-size":"auto","background-attachment":"scroll","background-type":"","background-media":"","overlay-type":"","overlay-color":"","overlay-opacity":"","overlay-gradient":""},"mobile":{"background-color":"","background-image":"","background-repeat":"repeat","background-position":"center center","background-size":"auto","background-attachment":"scroll","background-type":"","background-media":"","overlay-type":"","overlay-color":"","overlay-opacity":"","overlay-gradient":""}},"ast-content-background-meta":{"desktop":{"background-color":"var(--ast-global-color-4)","background-image":"","background-repeat":"repeat","background-position":"center center","background-size":"auto","background-attachment":"scroll","background-type":"","background-media":"","overlay-type":"","overlay-color":"","overlay-opacity":"","overlay-gradient":""},"tablet":{"background-color":"var(--ast-global-color-4)","background-image":"","background-repeat":"repeat","background-position":"center center","background-size":"auto","background-attachment":"scroll","background-type":"","background-media":"","overlay-type":"","overlay-color":"","overlay-opacity":"","overlay-gradient":""},"mobile":{"background-color":"var(--ast-global-color-4)","background-image":"","background-repeat":"repeat","background-position":"center center","background-size":"auto","background-attachment":"scroll","background-type":"","background-media":"","overlay-type":"","overlay-color":"","overlay-opacity":"","overlay-gradient":""}},"_jetpack_memberships_contains_paid_content":false,"footnotes":""},"categories":[7],"tags":[],"class_list":["post-706","post","type-post","status-publish","format-standard","has-post-thumbnail","hentry","category-noticias"],"yoast_head":"<!-- This site is optimized with the Yoast SEO plugin v27.5 - https:\/\/yoast.com\/product\/yoast-seo-wordpress\/ -->\n<title>TCE-PB convoca membros e servidores para palestra sobre a import\u00e2ncia da primeira inf\u00e2ncia %<\/title>\n<meta name=\"description\" content=\"TCE-PB convoca membros e servidores para palestra sobre a import\u00e2ncia da primeira inf\u00e2ncia %\" \/>\n<meta name=\"robots\" content=\"index, follow, max-snippet:-1, max-image-preview:large, max-video-preview:-1\" \/>\n<link rel=\"canonical\" href=\"https:\/\/tce.pb.gov.br\/portalprimeirainfancia\/tce-pb-convoca-membros-e-servidores-para-palestra-sobre-a-importancia-da-primeira-infancia\/\" \/>\n<meta property=\"og:locale\" content=\"pt_BR\" \/>\n<meta property=\"og:type\" content=\"article\" \/>\n<meta property=\"og:title\" content=\"TCE-PB convoca membros e servidores para palestra sobre a import\u00e2ncia da primeira inf\u00e2ncia %\" \/>\n<meta property=\"og:description\" content=\"TCE-PB convoca membros e servidores para palestra sobre a import\u00e2ncia da primeira inf\u00e2ncia %\" \/>\n<meta property=\"og:url\" content=\"https:\/\/tce.pb.gov.br\/portalprimeirainfancia\/tce-pb-convoca-membros-e-servidores-para-palestra-sobre-a-importancia-da-primeira-infancia\/\" \/>\n<meta property=\"og:site_name\" content=\"Pacto Paraibano pela Primeira Inf\u00e2ncia\" \/>\n<meta property=\"article:published_time\" content=\"2025-03-13T12:15:00+00:00\" \/>\n<meta property=\"article:modified_time\" content=\"2025-07-11T16:23:18+00:00\" \/>\n<meta property=\"og:image\" content=\"https:\/\/tce.pb.gov.br\/portalprimeirainfancia\/wp-content\/uploads\/2025\/04\/Palestra-Primeira-Infancia-MAT-1024x683-1.jpg\" \/>\n\t<meta property=\"og:image:width\" content=\"1024\" \/>\n\t<meta property=\"og:image:height\" content=\"683\" \/>\n\t<meta property=\"og:image:type\" content=\"image\/jpeg\" \/>\n<meta name=\"author\" content=\"Rafael Massoni\" \/>\n<meta name=\"twitter:card\" content=\"summary_large_image\" \/>\n<meta name=\"twitter:label1\" content=\"Escrito por\" \/>\n\t<meta name=\"twitter:data1\" content=\"Rafael Massoni\" \/>\n\t<meta name=\"twitter:label2\" content=\"Est. tempo de leitura\" \/>\n\t<meta name=\"twitter:data2\" content=\"3 minutos\" \/>\n<script type=\"application\/ld+json\" class=\"yoast-schema-graph\">{\"@context\":\"https:\\\/\\\/schema.org\",\"@graph\":[{\"@type\":\"NewsArticle\",\"@id\":\"https:\\\/\\\/tce.pb.gov.br\\\/portalprimeirainfancia\\\/tce-pb-convoca-membros-e-servidores-para-palestra-sobre-a-importancia-da-primeira-infancia\\\/#article\",\"isPartOf\":{\"@id\":\"https:\\\/\\\/tce.pb.gov.br\\\/portalprimeirainfancia\\\/tce-pb-convoca-membros-e-servidores-para-palestra-sobre-a-importancia-da-primeira-infancia\\\/\"},\"author\":{\"name\":\"Rafael Massoni\",\"@id\":\"https:\\\/\\\/tce.pb.gov.br\\\/portalprimeirainfancia\\\/#\\\/schema\\\/person\\\/6a39eea5836dda604de1c5e5b7d62141\"},\"headline\":\"TCE-PB convoca membros e servidores para palestra sobre a import\u00e2ncia da primeira inf\u00e2ncia\",\"datePublished\":\"2025-03-13T12:15:00+00:00\",\"dateModified\":\"2025-07-11T16:23:18+00:00\",\"mainEntityOfPage\":{\"@id\":\"https:\\\/\\\/tce.pb.gov.br\\\/portalprimeirainfancia\\\/tce-pb-convoca-membros-e-servidores-para-palestra-sobre-a-importancia-da-primeira-infancia\\\/\"},\"wordCount\":496,\"publisher\":{\"@id\":\"https:\\\/\\\/tce.pb.gov.br\\\/portalprimeirainfancia\\\/#organization\"},\"image\":{\"@id\":\"https:\\\/\\\/tce.pb.gov.br\\\/portalprimeirainfancia\\\/tce-pb-convoca-membros-e-servidores-para-palestra-sobre-a-importancia-da-primeira-infancia\\\/#primaryimage\"},\"thumbnailUrl\":\"https:\\\/\\\/tce.pb.gov.br\\\/portalprimeirainfancia\\\/wp-content\\\/uploads\\\/2025\\\/04\\\/Palestra-Primeira-Infancia-MAT-1024x683-1.jpg\",\"articleSection\":[\"Not\u00edcias\"],\"inLanguage\":\"pt-BR\"},{\"@type\":\"WebPage\",\"@id\":\"https:\\\/\\\/tce.pb.gov.br\\\/portalprimeirainfancia\\\/tce-pb-convoca-membros-e-servidores-para-palestra-sobre-a-importancia-da-primeira-infancia\\\/\",\"url\":\"https:\\\/\\\/tce.pb.gov.br\\\/portalprimeirainfancia\\\/tce-pb-convoca-membros-e-servidores-para-palestra-sobre-a-importancia-da-primeira-infancia\\\/\",\"name\":\"TCE-PB convoca membros e servidores para palestra sobre a import\u00e2ncia da primeira inf\u00e2ncia %\",\"isPartOf\":{\"@id\":\"https:\\\/\\\/tce.pb.gov.br\\\/portalprimeirainfancia\\\/#website\"},\"primaryImageOfPage\":{\"@id\":\"https:\\\/\\\/tce.pb.gov.br\\\/portalprimeirainfancia\\\/tce-pb-convoca-membros-e-servidores-para-palestra-sobre-a-importancia-da-primeira-infancia\\\/#primaryimage\"},\"image\":{\"@id\":\"https:\\\/\\\/tce.pb.gov.br\\\/portalprimeirainfancia\\\/tce-pb-convoca-membros-e-servidores-para-palestra-sobre-a-importancia-da-primeira-infancia\\\/#primaryimage\"},\"thumbnailUrl\":\"https:\\\/\\\/tce.pb.gov.br\\\/portalprimeirainfancia\\\/wp-content\\\/uploads\\\/2025\\\/04\\\/Palestra-Primeira-Infancia-MAT-1024x683-1.jpg\",\"datePublished\":\"2025-03-13T12:15:00+00:00\",\"dateModified\":\"2025-07-11T16:23:18+00:00\",\"description\":\"TCE-PB convoca membros e servidores para palestra sobre a import\u00e2ncia da primeira inf\u00e2ncia %\",\"breadcrumb\":{\"@id\":\"https:\\\/\\\/tce.pb.gov.br\\\/portalprimeirainfancia\\\/tce-pb-convoca-membros-e-servidores-para-palestra-sobre-a-importancia-da-primeira-infancia\\\/#breadcrumb\"},\"inLanguage\":\"pt-BR\",\"potentialAction\":[{\"@type\":\"ReadAction\",\"target\":[\"https:\\\/\\\/tce.pb.gov.br\\\/portalprimeirainfancia\\\/tce-pb-convoca-membros-e-servidores-para-palestra-sobre-a-importancia-da-primeira-infancia\\\/\"]}]},{\"@type\":\"ImageObject\",\"inLanguage\":\"pt-BR\",\"@id\":\"https:\\\/\\\/tce.pb.gov.br\\\/portalprimeirainfancia\\\/tce-pb-convoca-membros-e-servidores-para-palestra-sobre-a-importancia-da-primeira-infancia\\\/#primaryimage\",\"url\":\"https:\\\/\\\/tce.pb.gov.br\\\/portalprimeirainfancia\\\/wp-content\\\/uploads\\\/2025\\\/04\\\/Palestra-Primeira-Infancia-MAT-1024x683-1.jpg\",\"contentUrl\":\"https:\\\/\\\/tce.pb.gov.br\\\/portalprimeirainfancia\\\/wp-content\\\/uploads\\\/2025\\\/04\\\/Palestra-Primeira-Infancia-MAT-1024x683-1.jpg\",\"width\":1024,\"height\":683},{\"@type\":\"BreadcrumbList\",\"@id\":\"https:\\\/\\\/tce.pb.gov.br\\\/portalprimeirainfancia\\\/tce-pb-convoca-membros-e-servidores-para-palestra-sobre-a-importancia-da-primeira-infancia\\\/#breadcrumb\",\"itemListElement\":[{\"@type\":\"ListItem\",\"position\":1,\"name\":\"In\u00edcio\",\"item\":\"https:\\\/\\\/tce.pb.gov.br\\\/portalprimeirainfancia\\\/\"},{\"@type\":\"ListItem\",\"position\":2,\"name\":\"TCE-PB convoca membros e servidores para palestra sobre a import\u00e2ncia da primeira inf\u00e2ncia\"}]},{\"@type\":\"WebSite\",\"@id\":\"https:\\\/\\\/tce.pb.gov.br\\\/portalprimeirainfancia\\\/#website\",\"url\":\"https:\\\/\\\/tce.pb.gov.br\\\/portalprimeirainfancia\\\/\",\"name\":\"Pacto Paraibano pela Primeira Inf\u00e2ncia\",\"description\":\"Portal para divulga\u00e7\u00e3o do Pacto Paraibano pela Primeira Inf\u00e2ncia\",\"publisher\":{\"@id\":\"https:\\\/\\\/tce.pb.gov.br\\\/portalprimeirainfancia\\\/#organization\"},\"potentialAction\":[{\"@type\":\"SearchAction\",\"target\":{\"@type\":\"EntryPoint\",\"urlTemplate\":\"https:\\\/\\\/tce.pb.gov.br\\\/portalprimeirainfancia\\\/?s={search_term_string}\"},\"query-input\":{\"@type\":\"PropertyValueSpecification\",\"valueRequired\":true,\"valueName\":\"search_term_string\"}}],\"inLanguage\":\"pt-BR\"},{\"@type\":\"Organization\",\"@id\":\"https:\\\/\\\/tce.pb.gov.br\\\/portalprimeirainfancia\\\/#organization\",\"name\":\"Pacto Paraibano pela Primeira Inf\u00e2ncia\",\"alternateName\":\"TCE-PB\",\"url\":\"https:\\\/\\\/tce.pb.gov.br\\\/portalprimeirainfancia\\\/\",\"logo\":{\"@type\":\"ImageObject\",\"inLanguage\":\"pt-BR\",\"@id\":\"https:\\\/\\\/tce.pb.gov.br\\\/portalprimeirainfancia\\\/#\\\/schema\\\/logo\\\/image\\\/\",\"url\":\"https:\\\/\\\/tce.pb.gov.br\\\/portalprimeirainfancia\\\/wp-content\\\/uploads\\\/2025\\\/05\\\/Pacto-Whatsapp.png\",\"contentUrl\":\"https:\\\/\\\/tce.pb.gov.br\\\/portalprimeirainfancia\\\/wp-content\\\/uploads\\\/2025\\\/05\\\/Pacto-Whatsapp.png\",\"width\":427,\"height\":427,\"caption\":\"Pacto Paraibano pela Primeira Inf\u00e2ncia\"},\"image\":{\"@id\":\"https:\\\/\\\/tce.pb.gov.br\\\/portalprimeirainfancia\\\/#\\\/schema\\\/logo\\\/image\\\/\"},\"sameAs\":[\"https:\\\/\\\/www.instagram.com\\\/tcepb\\\/\"]},{\"@type\":\"Person\",\"@id\":\"https:\\\/\\\/tce.pb.gov.br\\\/portalprimeirainfancia\\\/#\\\/schema\\\/person\\\/6a39eea5836dda604de1c5e5b7d62141\",\"name\":\"Rafael Massoni\"}]}<\/script>\n<!-- \/ Yoast SEO plugin. -->","yoast_head_json":{"title":"TCE-PB convoca membros e servidores para palestra sobre a import\u00e2ncia da primeira inf\u00e2ncia %","description":"TCE-PB convoca membros e servidores para palestra sobre a import\u00e2ncia da primeira inf\u00e2ncia %","robots":{"index":"index","follow":"follow","max-snippet":"max-snippet:-1","max-image-preview":"max-image-preview:large","max-video-preview":"max-video-preview:-1"},"canonical":"https:\/\/tce.pb.gov.br\/portalprimeirainfancia\/tce-pb-convoca-membros-e-servidores-para-palestra-sobre-a-importancia-da-primeira-infancia\/","og_locale":"pt_BR","og_type":"article","og_title":"TCE-PB convoca membros e servidores para palestra sobre a import\u00e2ncia da primeira inf\u00e2ncia %","og_description":"TCE-PB convoca membros e servidores para palestra sobre a import\u00e2ncia da primeira inf\u00e2ncia %","og_url":"https:\/\/tce.pb.gov.br\/portalprimeirainfancia\/tce-pb-convoca-membros-e-servidores-para-palestra-sobre-a-importancia-da-primeira-infancia\/","og_site_name":"Pacto Paraibano pela Primeira Inf\u00e2ncia","article_published_time":"2025-03-13T12:15:00+00:00","article_modified_time":"2025-07-11T16:23:18+00:00","og_image":[{"width":1024,"height":683,"url":"https:\/\/tce.pb.gov.br\/portalprimeirainfancia\/wp-content\/uploads\/2025\/04\/Palestra-Primeira-Infancia-MAT-1024x683-1.jpg","type":"image\/jpeg"}],"author":"Rafael Massoni","twitter_card":"summary_large_image","twitter_misc":{"Escrito por":"Rafael Massoni","Est. tempo de leitura":"3 minutos"},"schema":{"@context":"https:\/\/schema.org","@graph":[{"@type":"NewsArticle","@id":"https:\/\/tce.pb.gov.br\/portalprimeirainfancia\/tce-pb-convoca-membros-e-servidores-para-palestra-sobre-a-importancia-da-primeira-infancia\/#article","isPartOf":{"@id":"https:\/\/tce.pb.gov.br\/portalprimeirainfancia\/tce-pb-convoca-membros-e-servidores-para-palestra-sobre-a-importancia-da-primeira-infancia\/"},"author":{"name":"Rafael Massoni","@id":"https:\/\/tce.pb.gov.br\/portalprimeirainfancia\/#\/schema\/person\/6a39eea5836dda604de1c5e5b7d62141"},"headline":"TCE-PB convoca membros e servidores para palestra sobre a import\u00e2ncia da primeira inf\u00e2ncia","datePublished":"2025-03-13T12:15:00+00:00","dateModified":"2025-07-11T16:23:18+00:00","mainEntityOfPage":{"@id":"https:\/\/tce.pb.gov.br\/portalprimeirainfancia\/tce-pb-convoca-membros-e-servidores-para-palestra-sobre-a-importancia-da-primeira-infancia\/"},"wordCount":496,"publisher":{"@id":"https:\/\/tce.pb.gov.br\/portalprimeirainfancia\/#organization"},"image":{"@id":"https:\/\/tce.pb.gov.br\/portalprimeirainfancia\/tce-pb-convoca-membros-e-servidores-para-palestra-sobre-a-importancia-da-primeira-infancia\/#primaryimage"},"thumbnailUrl":"https:\/\/tce.pb.gov.br\/portalprimeirainfancia\/wp-content\/uploads\/2025\/04\/Palestra-Primeira-Infancia-MAT-1024x683-1.jpg","articleSection":["Not\u00edcias"],"inLanguage":"pt-BR"},{"@type":"WebPage","@id":"https:\/\/tce.pb.gov.br\/portalprimeirainfancia\/tce-pb-convoca-membros-e-servidores-para-palestra-sobre-a-importancia-da-primeira-infancia\/","url":"https:\/\/tce.pb.gov.br\/portalprimeirainfancia\/tce-pb-convoca-membros-e-servidores-para-palestra-sobre-a-importancia-da-primeira-infancia\/","name":"TCE-PB convoca membros e servidores para palestra sobre a import\u00e2ncia da primeira inf\u00e2ncia %","isPartOf":{"@id":"https:\/\/tce.pb.gov.br\/portalprimeirainfancia\/#website"},"primaryImageOfPage":{"@id":"https:\/\/tce.pb.gov.br\/portalprimeirainfancia\/tce-pb-convoca-membros-e-servidores-para-palestra-sobre-a-importancia-da-primeira-infancia\/#primaryimage"},"image":{"@id":"https:\/\/tce.pb.gov.br\/portalprimeirainfancia\/tce-pb-convoca-membros-e-servidores-para-palestra-sobre-a-importancia-da-primeira-infancia\/#primaryimage"},"thumbnailUrl":"https:\/\/tce.pb.gov.br\/portalprimeirainfancia\/wp-content\/uploads\/2025\/04\/Palestra-Primeira-Infancia-MAT-1024x683-1.jpg","datePublished":"2025-03-13T12:15:00+00:00","dateModified":"2025-07-11T16:23:18+00:00","description":"TCE-PB convoca membros e servidores para palestra sobre a import\u00e2ncia da primeira inf\u00e2ncia %","breadcrumb":{"@id":"https:\/\/tce.pb.gov.br\/portalprimeirainfancia\/tce-pb-convoca-membros-e-servidores-para-palestra-sobre-a-importancia-da-primeira-infancia\/#breadcrumb"},"inLanguage":"pt-BR","potentialAction":[{"@type":"ReadAction","target":["https:\/\/tce.pb.gov.br\/portalprimeirainfancia\/tce-pb-convoca-membros-e-servidores-para-palestra-sobre-a-importancia-da-primeira-infancia\/"]}]},{"@type":"ImageObject","inLanguage":"pt-BR","@id":"https:\/\/tce.pb.gov.br\/portalprimeirainfancia\/tce-pb-convoca-membros-e-servidores-para-palestra-sobre-a-importancia-da-primeira-infancia\/#primaryimage","url":"https:\/\/tce.pb.gov.br\/portalprimeirainfancia\/wp-content\/uploads\/2025\/04\/Palestra-Primeira-Infancia-MAT-1024x683-1.jpg","contentUrl":"https:\/\/tce.pb.gov.br\/portalprimeirainfancia\/wp-content\/uploads\/2025\/04\/Palestra-Primeira-Infancia-MAT-1024x683-1.jpg","width":1024,"height":683},{"@type":"BreadcrumbList","@id":"https:\/\/tce.pb.gov.br\/portalprimeirainfancia\/tce-pb-convoca-membros-e-servidores-para-palestra-sobre-a-importancia-da-primeira-infancia\/#breadcrumb","itemListElement":[{"@type":"ListItem","position":1,"name":"In\u00edcio","item":"https:\/\/tce.pb.gov.br\/portalprimeirainfancia\/"},{"@type":"ListItem","position":2,"name":"TCE-PB convoca membros e servidores para palestra sobre a import\u00e2ncia da primeira inf\u00e2ncia"}]},{"@type":"WebSite","@id":"https:\/\/tce.pb.gov.br\/portalprimeirainfancia\/#website","url":"https:\/\/tce.pb.gov.br\/portalprimeirainfancia\/","name":"Pacto Paraibano pela Primeira Inf\u00e2ncia","description":"Portal para divulga\u00e7\u00e3o do Pacto Paraibano pela Primeira Inf\u00e2ncia","publisher":{"@id":"https:\/\/tce.pb.gov.br\/portalprimeirainfancia\/#organization"},"potentialAction":[{"@type":"SearchAction","target":{"@type":"EntryPoint","urlTemplate":"https:\/\/tce.pb.gov.br\/portalprimeirainfancia\/?s={search_term_string}"},"query-input":{"@type":"PropertyValueSpecification","valueRequired":true,"valueName":"search_term_string"}}],"inLanguage":"pt-BR"},{"@type":"Organization","@id":"https:\/\/tce.pb.gov.br\/portalprimeirainfancia\/#organization","name":"Pacto Paraibano pela Primeira Inf\u00e2ncia","alternateName":"TCE-PB","url":"https:\/\/tce.pb.gov.br\/portalprimeirainfancia\/","logo":{"@type":"ImageObject","inLanguage":"pt-BR","@id":"https:\/\/tce.pb.gov.br\/portalprimeirainfancia\/#\/schema\/logo\/image\/","url":"https:\/\/tce.pb.gov.br\/portalprimeirainfancia\/wp-content\/uploads\/2025\/05\/Pacto-Whatsapp.png","contentUrl":"https:\/\/tce.pb.gov.br\/portalprimeirainfancia\/wp-content\/uploads\/2025\/05\/Pacto-Whatsapp.png","width":427,"height":427,"caption":"Pacto Paraibano pela Primeira Inf\u00e2ncia"},"image":{"@id":"https:\/\/tce.pb.gov.br\/portalprimeirainfancia\/#\/schema\/logo\/image\/"},"sameAs":["https:\/\/www.instagram.com\/tcepb\/"]},{"@type":"Person","@id":"https:\/\/tce.pb.gov.br\/portalprimeirainfancia\/#\/schema\/person\/6a39eea5836dda604de1c5e5b7d62141","name":"Rafael Massoni"}]}},"jetpack_featured_media_url":"https:\/\/tce.pb.gov.br\/portalprimeirainfancia\/wp-content\/uploads\/2025\/04\/Palestra-Primeira-Infancia-MAT-1024x683-1.jpg","jetpack_sharing_enabled":true,"_links":{"self":[{"href":"https:\/\/tce.pb.gov.br\/portalprimeirainfancia\/wp-json\/wp\/v2\/posts\/706","targetHints":{"allow":["GET"]}}],"collection":[{"href":"https:\/\/tce.pb.gov.br\/portalprimeirainfancia\/wp-json\/wp\/v2\/posts"}],"about":[{"href":"https:\/\/tce.pb.gov.br\/portalprimeirainfancia\/wp-json\/wp\/v2\/types\/post"}],"author":[{"embeddable":true,"href":"https:\/\/tce.pb.gov.br\/portalprimeirainfancia\/wp-json\/wp\/v2\/users\/6"}],"replies":[{"embeddable":true,"href":"https:\/\/tce.pb.gov.br\/portalprimeirainfancia\/wp-json\/wp\/v2\/comments?post=706"}],"version-history":[{"count":1,"href":"https:\/\/tce.pb.gov.br\/portalprimeirainfancia\/wp-json\/wp\/v2\/posts\/706\/revisions"}],"predecessor-version":[{"id":29519,"href":"https:\/\/tce.pb.gov.br\/portalprimeirainfancia\/wp-json\/wp\/v2\/posts\/706\/revisions\/29519"}],"wp:featuredmedia":[{"embeddable":true,"href":"https:\/\/tce.pb.gov.br\/portalprimeirainfancia\/wp-json\/wp\/v2\/media\/707"}],"wp:attachment":[{"href":"https:\/\/tce.pb.gov.br\/portalprimeirainfancia\/wp-json\/wp\/v2\/media?parent=706"}],"wp:term":[{"taxonomy":"category","embeddable":true,"href":"https:\/\/tce.pb.gov.br\/portalprimeirainfancia\/wp-json\/wp\/v2\/categories?post=706"},{"taxonomy":"post_tag","embeddable":true,"href":"https:\/\/tce.pb.gov.br\/portalprimeirainfancia\/wp-json\/wp\/v2\/tags?post=706"}],"curies":[{"name":"wp","href":"https:\/\/api.w.org\/{rel}","templated":true}]}}