{"id":698,"date":"2025-02-24T09:13:00","date_gmt":"2025-02-24T12:13:00","guid":{"rendered":"https:\/\/tce.pb.gov.br\/portalprimeirainfancia\/?p=698"},"modified":"2025-07-11T13:22:37","modified_gmt":"2025-07-11T16:22:37","slug":"tce-pb-propoe-parcerias-em-pacto-pela-primeira-infancia-em-reuniao-com-universidades","status":"publish","type":"post","link":"https:\/\/tce.pb.gov.br\/portalprimeirainfancia\/tce-pb-propoe-parcerias-em-pacto-pela-primeira-infancia-em-reuniao-com-universidades\/","title":{"rendered":"TCE-PB prop\u00f5e parcerias em Pacto pela Primeira Inf\u00e2ncia, em reuni\u00e3o com universidades"},"content":{"rendered":"\n<figure class=\"wp-block-image aligncenter size-full\"><img fetchpriority=\"high\" decoding=\"async\" width=\"1024\" height=\"768\" src=\"https:\/\/tce.pb.gov.br\/portalprimeirainfancia\/wp-content\/uploads\/2025\/04\/IMG_7163-1024x768-1.jpg\" alt=\"\" class=\"wp-image-699\" srcset=\"https:\/\/tce.pb.gov.br\/portalprimeirainfancia\/wp-content\/uploads\/2025\/04\/IMG_7163-1024x768-1.jpg 1024w, https:\/\/tce.pb.gov.br\/portalprimeirainfancia\/wp-content\/uploads\/2025\/04\/IMG_7163-1024x768-1-300x225.jpg 300w, https:\/\/tce.pb.gov.br\/portalprimeirainfancia\/wp-content\/uploads\/2025\/04\/IMG_7163-1024x768-1-768x576.jpg 768w\" sizes=\"(max-width: 1024px) 100vw, 1024px\" \/><\/figure>\n\n\n\n<p>Pacto pela Primeira Inf\u00e2ncia no Estado da Para\u00edba. Esta foi pauta de uma reuni\u00e3o, nesta segunda-feira (24), de conselheiros e auditores do Tribunal de Contas da Para\u00edba com representantes de quatro universidades. O presidente do TCE-PB, conselheiro F\u00e1bio Nogueira, conduziu o encontro, que formalizou o convite para que a Universidade Federal da Para\u00edba (UFPB), Universidade Federal de Campina Grande (UFCG), Universidade Estadual da Para\u00edba (UEPB) e o Instituto Federal de Educa\u00e7\u00e3o da Para\u00edba (IFPB) participem da parceria no fortalecimento das pol\u00edticas p\u00fablicas infantis.<\/p>\n\n\n\n<p>O encontro marcou o in\u00edcio de uma s\u00e9rie de iniciativas, que pretendem unir for\u00e7as em torno desse importante desafio social, para fortalecer as pol\u00edticas p\u00fablicas voltadas \u00e0s crian\u00e7as de 0 a 6 anos. O presidente F\u00e1bio Nogueira enfatizou a relev\u00e2ncia do Pacto, que vai tra\u00e7ar eixos de atua\u00e7\u00e3o para aprimorar a aten\u00e7\u00e3o \u00e0 primeira inf\u00e2ncia no Estado. Segundo ele, o evento principal est\u00e1 agendado para o dia 28 de abril e j\u00e1 conta com apoio de diversos atores, incluindo a Ordem dos Advogados do Brasil (OAB). \u201cAcreditamos que a parceria com a Academia ser\u00e1 fundamental para potencializar nossas a\u00e7\u00f5es\u201d, afirmou.<\/p>\n\n\n\n<p>O conselheiro Andr\u00e9 Carlo, que coordena o grupo de trabalho no TCE-PB sobre o Pacto, refor\u00e7ou a \u00eanfase na primeira inf\u00e2ncia e apresentou os pontos program\u00e1ticos da iniciativa. Ele anunciou a constitui\u00e7\u00e3o de uma auditoria operacional. Andr\u00e9 Carlo citou uma a\u00e7\u00e3o recente de um question\u00e1rio enviado aos 223 prefeitos para mapear a situa\u00e7\u00e3o das pol\u00edticas p\u00fablicas no Estado. Apenas 11 munic\u00edpios ainda n\u00e3o responderam a pesquisa.<\/p>\n\n\n\n<p>O diretor da auditoria e Fiscaliza\u00e7\u00e3o, Eduardo Albuquerque destacou as auditorias j\u00e1 realizadas pelo TCE-PB, duas delas coordenadas, com foco na educa\u00e7\u00e3o, incluindo auditorias coordenadas em creches e maternidades. \u201cA proposta \u00e9 contribuir com os gestores e implementar t\u00e9cnicas de boa governan\u00e7a, al\u00e9m de desenvolver a\u00e7\u00f5es alinhadas ao planejamento estrat\u00e9gico\u201d, disse.<\/p>\n\n\n\n<p><strong>Institui\u00e7\u00f5es integradas<\/strong><\/p>\n\n\n\n<p>A professora C\u00e9lia Regina, reitora da UEPB destacou a import\u00e2ncia da integra\u00e7\u00e3o das institui\u00e7\u00f5es de ensino superior e m\u00e9dio na Para\u00edba em um programa articulado pelo Tribunal de Contas. Na reuni\u00e3o, ela estava acompanhada do chefe de gabinete, Luciano Albino; e da pr\u00f3-reitora de gradua\u00e7\u00e3o, Vagda Rocha, C\u00e9lia Regina observou que, al\u00e9m das auditorias, o TCE-PB est\u00e1 interessado em quest\u00f5es educativas e outras pol\u00edticas p\u00fablicas. \u201cA UEPB, com mais de 50% de seus cursos voltados para licenciaturas e um grande n\u00famero de estudantes matriculados, est\u00e1 comprometida em contribuir com o projeto, especialmente por meio de suas linhas de pesquisa e forma\u00e7\u00e3o de professores\u201d. Ela concluiu parabenizando o TCE-PB pelo trabalho desenvolvido e expressou otimismo em rela\u00e7\u00e3o aos avan\u00e7os que podem ser feitos na educa\u00e7\u00e3o paraibana.<\/p>\n\n\n\n<p><strong>Mapeamento das informa\u00e7\u00f5es<\/strong><br><br>J\u00e1 o professor Cl\u00e1udio Baptista, representante da UFCG, destacou a import\u00e2ncia da educa\u00e7\u00e3o como um caminho para desenvolvimento e evolu\u00e7\u00e3o da sociedade. Ele tamb\u00e9m parabenizou a iniciativa do Tribunal em buscar colabora\u00e7\u00e3o acad\u00eamica e enfatizou a necessidade de especialistas em diversas \u00e1reas, como pedagogia, economia e sa\u00fade, para enfrentar os desafios educacionais do Estado, que apresentam \u00edndices preocupantes. Baptista tamb\u00e9m mencionou a relev\u00e2ncia de um sistema integrado de pol\u00edticas para a inf\u00e2ncia, apontando que a coleta de informa\u00e7\u00f5es e dados \u00e9 essencial para a elabora\u00e7\u00e3o de projetos eficazes. Ele deixou claro seu apoio \u00e0 causa e a import\u00e2ncia de um sistema estadual que complemente as iniciativas nacionais.<\/p>\n\n\n\n<p><strong>\u00cdndices preocupantes<br><\/strong><br>A professora Iris Braz, representante da UFPB, durante a reuni\u00e3o no Tribunal de Contas do Estado, destacou a import\u00e2ncia da intersetorialidade e da colabora\u00e7\u00e3o entre diferentes \u00e1reas, como sa\u00fade, educa\u00e7\u00e3o e direitos. A professora ressalta que, embora haja avan\u00e7os institucionais, muitas vezes as a\u00e7\u00f5es ficam aqu\u00e9m do esperado, devido \u00e0 falta de integra\u00e7\u00e3o entre as institui\u00e7\u00f5es. Ela lamentou os altos \u00edndices de abandono escolar e enfatizou a necessidade de fomentar a educa\u00e7\u00e3o desde a primeira inf\u00e2ncia, promovendo uma forma\u00e7\u00e3o integral e cidad\u00e3. Iris tamb\u00e9m menciona a responsabilidade compartilhada entre fam\u00edlias e o Estado, para garantir que os direitos da inf\u00e2ncia sejam respeitados e defendidos, propondo um di\u00e1logo cont\u00ednuo com os diversos atores envolvidos para alcan\u00e7ar resultados significativos no futuro.<br><br>Para a professora Iris Braz \u00e9 importante colocar a primeira inf\u00e2ncia como prioridade nas pol\u00edticas p\u00fablicas, enfatizando que investir nos primeiros anos de vida \u00e9 fundamental para a forma\u00e7\u00e3o integral das crian\u00e7as. Ela ressaltou a necessidade de articula\u00e7\u00e3o entre os entes federados e a sociedade civil para que as a\u00e7\u00f5es voltadas \u00e0 educa\u00e7\u00e3o infantil sejam planejadas de forma cont\u00ednua e sustent\u00e1vel. Segundo Iris Braz, \u201co Pacto da Primeira Inf\u00e2ncia representa um compromisso com a efetiva\u00e7\u00e3o dos direitos das crian\u00e7as, alinhado aos preceitos constitucionais, e que, para ser bem-sucedido, deve contar com monitoramento e transpar\u00eancia em todas as etapas de sua implementa\u00e7\u00e3o\u201d.<\/p>\n\n\n\n<p>A professora tamb\u00e9m citou que a UFPB tem desenvolvido pesquisas e projetos que colaboram com a produ\u00e7\u00e3o de conhecimento t\u00e9cnico\u2013cient\u00edfico na \u00e1rea, contribuindo para a avalia\u00e7\u00e3o e aprimoramento das pr\u00e1ticas de cuidado e educa\u00e7\u00e3o. Por fim, Iris Braz enfatizou que a parceria entre institui\u00e7\u00f5es de ensino, \u00f3rg\u00e3os de controle e entidades da sociedade \u00e9 importante para garantir a continuidade e a efetividade das pol\u00edticas voltadas \u00e0 primeira inf\u00e2ncia, transformando em a\u00e7\u00f5es concretas o compromisso com o desenvolvimento integral das crian\u00e7as.<\/p>\n\n\n\n<p><strong>Colabora\u00e7\u00e3o essencial<br><\/strong><br>Lucr\u00e9cia Teresa Gon\u00e7alves Petrucci, pedagoga do Instituto Federal da Para\u00edba (IFPB), tamb\u00e9m participou da reuni\u00e3o e ressaltou a import\u00e2ncia de pol\u00edticas p\u00fablicas integradas que assegurem o desenvolvimento pleno das crian\u00e7as nos primeiros anos de vida. A professora enfatizou a necessidade de colabora\u00e7\u00e3o entre institui\u00e7\u00f5es educacionais, \u00f3rg\u00e3os governamentais e a sociedade civil para implementar a\u00e7\u00f5es efetivas que promovam o bem-estar e o desenvolvimento integral das crian\u00e7as na Para\u00edba.<\/p>\n\n\n\n<p>O professor Ramiro Manoel Pinto Gomes Pereira, assessor especial de Inova\u00e7\u00e3o e Empreendedorismo da IFPB, tamb\u00e9m participou do encontro, que teve a presen\u00e7a da professora &nbsp;Adelaide Alves, presidente Conselho Estadual da Primeira Inf\u00e2ncia. Pelo TCE, participaram os auditores do controle externo, Adriana Rego, Leonardo Rodrigues, Marcus Felipe e Ivo Cilento.<\/p>\n\n\n\n<figure class=\"wp-block-image size-full\"><img decoding=\"async\" width=\"1024\" height=\"768\" src=\"https:\/\/tce.pb.gov.br\/portalprimeirainfancia\/wp-content\/uploads\/2025\/04\/IMG_7178-1024x768-1.jpg\" alt=\"\" class=\"wp-image-700\" srcset=\"https:\/\/tce.pb.gov.br\/portalprimeirainfancia\/wp-content\/uploads\/2025\/04\/IMG_7178-1024x768-1.jpg 1024w, https:\/\/tce.pb.gov.br\/portalprimeirainfancia\/wp-content\/uploads\/2025\/04\/IMG_7178-1024x768-1-300x225.jpg 300w, https:\/\/tce.pb.gov.br\/portalprimeirainfancia\/wp-content\/uploads\/2025\/04\/IMG_7178-1024x768-1-768x576.jpg 768w\" sizes=\"(max-width: 1024px) 100vw, 1024px\" \/><\/figure>\n","protected":false},"excerpt":{"rendered":"<p>Pacto pela Primeira Inf\u00e2ncia no Estado da Para\u00edba. Esta foi pauta de uma reuni\u00e3o, nesta segunda-feira (24), de conselheiros e [&hellip;]<\/p>\n","protected":false},"author":6,"featured_media":699,"comment_status":"closed","ping_status":"closed","sticky":false,"template":"elementor_theme","format":"standard","meta":{"site-sidebar-layout":"default","site-content-layout":"","ast-site-content-layout":"","site-content-style":"default","site-sidebar-style":"default","ast-global-header-display":"","ast-banner-title-visibility":"","ast-main-header-display":"","ast-hfb-above-header-display":"","ast-hfb-below-header-display":"","ast-hfb-mobile-header-display":"","site-post-title":"","ast-breadcrumbs-content":"","ast-featured-img":"","footer-sml-layout":"","theme-transparent-header-meta":"","adv-header-id-meta":"","stick-header-meta":"","header-above-stick-meta":"","header-main-stick-meta":"","header-below-stick-meta":"","astra-migrate-meta-layouts":"default","ast-page-background-enabled":"default","ast-page-background-meta":{"desktop":{"background-color":"var(--ast-global-color-5)","background-image":"","background-repeat":"repeat","background-position":"center center","background-size":"auto","background-attachment":"scroll","background-type":"","background-media":"","overlay-type":"","overlay-color":"","overlay-opacity":"","overlay-gradient":""},"tablet":{"background-color":"","background-image":"","background-repeat":"repeat","background-position":"center center","background-size":"auto","background-attachment":"scroll","background-type":"","background-media":"","overlay-type":"","overlay-color":"","overlay-opacity":"","overlay-gradient":""},"mobile":{"background-color":"","background-image":"","background-repeat":"repeat","background-position":"center center","background-size":"auto","background-attachment":"scroll","background-type":"","background-media":"","overlay-type":"","overlay-color":"","overlay-opacity":"","overlay-gradient":""}},"ast-content-background-meta":{"desktop":{"background-color":"var(--ast-global-color-4)","background-image":"","background-repeat":"repeat","background-position":"center center","background-size":"auto","background-attachment":"scroll","background-type":"","background-media":"","overlay-type":"","overlay-color":"","overlay-opacity":"","overlay-gradient":""},"tablet":{"background-color":"var(--ast-global-color-4)","background-image":"","background-repeat":"repeat","background-position":"center center","background-size":"auto","background-attachment":"scroll","background-type":"","background-media":"","overlay-type":"","overlay-color":"","overlay-opacity":"","overlay-gradient":""},"mobile":{"background-color":"var(--ast-global-color-4)","background-image":"","background-repeat":"repeat","background-position":"center center","background-size":"auto","background-attachment":"scroll","background-type":"","background-media":"","overlay-type":"","overlay-color":"","overlay-opacity":"","overlay-gradient":""}},"_jetpack_memberships_contains_paid_content":false,"footnotes":""},"categories":[7],"tags":[],"class_list":["post-698","post","type-post","status-publish","format-standard","has-post-thumbnail","hentry","category-noticias"],"yoast_head":"<!-- This site is optimized with the Yoast SEO plugin v27.5 - https:\/\/yoast.com\/product\/yoast-seo-wordpress\/ -->\n<title>TCE-PB prop\u00f5e parcerias em Pacto pela Primeira Inf\u00e2ncia, em reuni\u00e3o com universidades %<\/title>\n<meta name=\"description\" content=\"TCE-PB prop\u00f5e parcerias em Pacto pela Primeira Inf\u00e2ncia, em reuni\u00e3o com universidades %\" \/>\n<meta name=\"robots\" content=\"index, follow, max-snippet:-1, max-image-preview:large, max-video-preview:-1\" \/>\n<link rel=\"canonical\" href=\"https:\/\/tce.pb.gov.br\/portalprimeirainfancia\/tce-pb-propoe-parcerias-em-pacto-pela-primeira-infancia-em-reuniao-com-universidades\/\" \/>\n<meta property=\"og:locale\" content=\"pt_BR\" \/>\n<meta property=\"og:type\" content=\"article\" \/>\n<meta property=\"og:title\" content=\"TCE-PB prop\u00f5e parcerias em Pacto pela Primeira Inf\u00e2ncia, em reuni\u00e3o com universidades %\" \/>\n<meta property=\"og:description\" content=\"TCE-PB prop\u00f5e parcerias em Pacto pela Primeira Inf\u00e2ncia, em reuni\u00e3o com universidades %\" \/>\n<meta property=\"og:url\" content=\"https:\/\/tce.pb.gov.br\/portalprimeirainfancia\/tce-pb-propoe-parcerias-em-pacto-pela-primeira-infancia-em-reuniao-com-universidades\/\" \/>\n<meta property=\"og:site_name\" content=\"Pacto Paraibano pela Primeira Inf\u00e2ncia\" \/>\n<meta property=\"article:published_time\" content=\"2025-02-24T12:13:00+00:00\" \/>\n<meta property=\"article:modified_time\" content=\"2025-07-11T16:22:37+00:00\" \/>\n<meta property=\"og:image\" content=\"https:\/\/tce.pb.gov.br\/portalprimeirainfancia\/wp-content\/uploads\/2025\/04\/IMG_7163-1024x768-1.jpg\" \/>\n\t<meta property=\"og:image:width\" content=\"1024\" \/>\n\t<meta property=\"og:image:height\" content=\"768\" \/>\n\t<meta property=\"og:image:type\" content=\"image\/jpeg\" \/>\n<meta name=\"author\" content=\"Rafael Massoni\" \/>\n<meta name=\"twitter:card\" content=\"summary_large_image\" \/>\n<meta name=\"twitter:label1\" content=\"Escrito por\" \/>\n\t<meta name=\"twitter:data1\" content=\"Rafael Massoni\" \/>\n\t<meta name=\"twitter:label2\" content=\"Est. tempo de leitura\" \/>\n\t<meta name=\"twitter:data2\" content=\"6 minutos\" \/>\n<script type=\"application\/ld+json\" class=\"yoast-schema-graph\">{\"@context\":\"https:\\\/\\\/schema.org\",\"@graph\":[{\"@type\":\"NewsArticle\",\"@id\":\"https:\\\/\\\/tce.pb.gov.br\\\/portalprimeirainfancia\\\/tce-pb-propoe-parcerias-em-pacto-pela-primeira-infancia-em-reuniao-com-universidades\\\/#article\",\"isPartOf\":{\"@id\":\"https:\\\/\\\/tce.pb.gov.br\\\/portalprimeirainfancia\\\/tce-pb-propoe-parcerias-em-pacto-pela-primeira-infancia-em-reuniao-com-universidades\\\/\"},\"author\":{\"name\":\"Rafael Massoni\",\"@id\":\"https:\\\/\\\/tce.pb.gov.br\\\/portalprimeirainfancia\\\/#\\\/schema\\\/person\\\/6a39eea5836dda604de1c5e5b7d62141\"},\"headline\":\"TCE-PB prop\u00f5e parcerias em Pacto pela Primeira Inf\u00e2ncia, em reuni\u00e3o com universidades\",\"datePublished\":\"2025-02-24T12:13:00+00:00\",\"dateModified\":\"2025-07-11T16:22:37+00:00\",\"mainEntityOfPage\":{\"@id\":\"https:\\\/\\\/tce.pb.gov.br\\\/portalprimeirainfancia\\\/tce-pb-propoe-parcerias-em-pacto-pela-primeira-infancia-em-reuniao-com-universidades\\\/\"},\"wordCount\":1103,\"publisher\":{\"@id\":\"https:\\\/\\\/tce.pb.gov.br\\\/portalprimeirainfancia\\\/#organization\"},\"image\":{\"@id\":\"https:\\\/\\\/tce.pb.gov.br\\\/portalprimeirainfancia\\\/tce-pb-propoe-parcerias-em-pacto-pela-primeira-infancia-em-reuniao-com-universidades\\\/#primaryimage\"},\"thumbnailUrl\":\"https:\\\/\\\/tce.pb.gov.br\\\/portalprimeirainfancia\\\/wp-content\\\/uploads\\\/2025\\\/04\\\/IMG_7163-1024x768-1.jpg\",\"articleSection\":[\"Not\u00edcias\"],\"inLanguage\":\"pt-BR\"},{\"@type\":\"WebPage\",\"@id\":\"https:\\\/\\\/tce.pb.gov.br\\\/portalprimeirainfancia\\\/tce-pb-propoe-parcerias-em-pacto-pela-primeira-infancia-em-reuniao-com-universidades\\\/\",\"url\":\"https:\\\/\\\/tce.pb.gov.br\\\/portalprimeirainfancia\\\/tce-pb-propoe-parcerias-em-pacto-pela-primeira-infancia-em-reuniao-com-universidades\\\/\",\"name\":\"TCE-PB prop\u00f5e parcerias em Pacto pela Primeira Inf\u00e2ncia, em reuni\u00e3o com universidades %\",\"isPartOf\":{\"@id\":\"https:\\\/\\\/tce.pb.gov.br\\\/portalprimeirainfancia\\\/#website\"},\"primaryImageOfPage\":{\"@id\":\"https:\\\/\\\/tce.pb.gov.br\\\/portalprimeirainfancia\\\/tce-pb-propoe-parcerias-em-pacto-pela-primeira-infancia-em-reuniao-com-universidades\\\/#primaryimage\"},\"image\":{\"@id\":\"https:\\\/\\\/tce.pb.gov.br\\\/portalprimeirainfancia\\\/tce-pb-propoe-parcerias-em-pacto-pela-primeira-infancia-em-reuniao-com-universidades\\\/#primaryimage\"},\"thumbnailUrl\":\"https:\\\/\\\/tce.pb.gov.br\\\/portalprimeirainfancia\\\/wp-content\\\/uploads\\\/2025\\\/04\\\/IMG_7163-1024x768-1.jpg\",\"datePublished\":\"2025-02-24T12:13:00+00:00\",\"dateModified\":\"2025-07-11T16:22:37+00:00\",\"description\":\"TCE-PB prop\u00f5e parcerias em Pacto pela Primeira Inf\u00e2ncia, em reuni\u00e3o com universidades %\",\"breadcrumb\":{\"@id\":\"https:\\\/\\\/tce.pb.gov.br\\\/portalprimeirainfancia\\\/tce-pb-propoe-parcerias-em-pacto-pela-primeira-infancia-em-reuniao-com-universidades\\\/#breadcrumb\"},\"inLanguage\":\"pt-BR\",\"potentialAction\":[{\"@type\":\"ReadAction\",\"target\":[\"https:\\\/\\\/tce.pb.gov.br\\\/portalprimeirainfancia\\\/tce-pb-propoe-parcerias-em-pacto-pela-primeira-infancia-em-reuniao-com-universidades\\\/\"]}]},{\"@type\":\"ImageObject\",\"inLanguage\":\"pt-BR\",\"@id\":\"https:\\\/\\\/tce.pb.gov.br\\\/portalprimeirainfancia\\\/tce-pb-propoe-parcerias-em-pacto-pela-primeira-infancia-em-reuniao-com-universidades\\\/#primaryimage\",\"url\":\"https:\\\/\\\/tce.pb.gov.br\\\/portalprimeirainfancia\\\/wp-content\\\/uploads\\\/2025\\\/04\\\/IMG_7163-1024x768-1.jpg\",\"contentUrl\":\"https:\\\/\\\/tce.pb.gov.br\\\/portalprimeirainfancia\\\/wp-content\\\/uploads\\\/2025\\\/04\\\/IMG_7163-1024x768-1.jpg\",\"width\":1024,\"height\":768},{\"@type\":\"BreadcrumbList\",\"@id\":\"https:\\\/\\\/tce.pb.gov.br\\\/portalprimeirainfancia\\\/tce-pb-propoe-parcerias-em-pacto-pela-primeira-infancia-em-reuniao-com-universidades\\\/#breadcrumb\",\"itemListElement\":[{\"@type\":\"ListItem\",\"position\":1,\"name\":\"In\u00edcio\",\"item\":\"https:\\\/\\\/tce.pb.gov.br\\\/portalprimeirainfancia\\\/\"},{\"@type\":\"ListItem\",\"position\":2,\"name\":\"TCE-PB prop\u00f5e parcerias em Pacto pela Primeira Inf\u00e2ncia, em reuni\u00e3o com universidades\"}]},{\"@type\":\"WebSite\",\"@id\":\"https:\\\/\\\/tce.pb.gov.br\\\/portalprimeirainfancia\\\/#website\",\"url\":\"https:\\\/\\\/tce.pb.gov.br\\\/portalprimeirainfancia\\\/\",\"name\":\"Pacto Paraibano pela Primeira Inf\u00e2ncia\",\"description\":\"Portal para divulga\u00e7\u00e3o do Pacto Paraibano pela Primeira Inf\u00e2ncia\",\"publisher\":{\"@id\":\"https:\\\/\\\/tce.pb.gov.br\\\/portalprimeirainfancia\\\/#organization\"},\"potentialAction\":[{\"@type\":\"SearchAction\",\"target\":{\"@type\":\"EntryPoint\",\"urlTemplate\":\"https:\\\/\\\/tce.pb.gov.br\\\/portalprimeirainfancia\\\/?s={search_term_string}\"},\"query-input\":{\"@type\":\"PropertyValueSpecification\",\"valueRequired\":true,\"valueName\":\"search_term_string\"}}],\"inLanguage\":\"pt-BR\"},{\"@type\":\"Organization\",\"@id\":\"https:\\\/\\\/tce.pb.gov.br\\\/portalprimeirainfancia\\\/#organization\",\"name\":\"Pacto Paraibano pela Primeira Inf\u00e2ncia\",\"alternateName\":\"TCE-PB\",\"url\":\"https:\\\/\\\/tce.pb.gov.br\\\/portalprimeirainfancia\\\/\",\"logo\":{\"@type\":\"ImageObject\",\"inLanguage\":\"pt-BR\",\"@id\":\"https:\\\/\\\/tce.pb.gov.br\\\/portalprimeirainfancia\\\/#\\\/schema\\\/logo\\\/image\\\/\",\"url\":\"https:\\\/\\\/tce.pb.gov.br\\\/portalprimeirainfancia\\\/wp-content\\\/uploads\\\/2025\\\/05\\\/Pacto-Whatsapp.png\",\"contentUrl\":\"https:\\\/\\\/tce.pb.gov.br\\\/portalprimeirainfancia\\\/wp-content\\\/uploads\\\/2025\\\/05\\\/Pacto-Whatsapp.png\",\"width\":427,\"height\":427,\"caption\":\"Pacto Paraibano pela Primeira Inf\u00e2ncia\"},\"image\":{\"@id\":\"https:\\\/\\\/tce.pb.gov.br\\\/portalprimeirainfancia\\\/#\\\/schema\\\/logo\\\/image\\\/\"},\"sameAs\":[\"https:\\\/\\\/www.instagram.com\\\/tcepb\\\/\"]},{\"@type\":\"Person\",\"@id\":\"https:\\\/\\\/tce.pb.gov.br\\\/portalprimeirainfancia\\\/#\\\/schema\\\/person\\\/6a39eea5836dda604de1c5e5b7d62141\",\"name\":\"Rafael Massoni\"}]}<\/script>\n<!-- \/ Yoast SEO plugin. -->","yoast_head_json":{"title":"TCE-PB prop\u00f5e parcerias em Pacto pela Primeira Inf\u00e2ncia, em reuni\u00e3o com universidades %","description":"TCE-PB prop\u00f5e parcerias em Pacto pela Primeira Inf\u00e2ncia, em reuni\u00e3o com universidades %","robots":{"index":"index","follow":"follow","max-snippet":"max-snippet:-1","max-image-preview":"max-image-preview:large","max-video-preview":"max-video-preview:-1"},"canonical":"https:\/\/tce.pb.gov.br\/portalprimeirainfancia\/tce-pb-propoe-parcerias-em-pacto-pela-primeira-infancia-em-reuniao-com-universidades\/","og_locale":"pt_BR","og_type":"article","og_title":"TCE-PB prop\u00f5e parcerias em Pacto pela Primeira Inf\u00e2ncia, em reuni\u00e3o com universidades %","og_description":"TCE-PB prop\u00f5e parcerias em Pacto pela Primeira Inf\u00e2ncia, em reuni\u00e3o com universidades %","og_url":"https:\/\/tce.pb.gov.br\/portalprimeirainfancia\/tce-pb-propoe-parcerias-em-pacto-pela-primeira-infancia-em-reuniao-com-universidades\/","og_site_name":"Pacto Paraibano pela Primeira Inf\u00e2ncia","article_published_time":"2025-02-24T12:13:00+00:00","article_modified_time":"2025-07-11T16:22:37+00:00","og_image":[{"width":1024,"height":768,"url":"https:\/\/tce.pb.gov.br\/portalprimeirainfancia\/wp-content\/uploads\/2025\/04\/IMG_7163-1024x768-1.jpg","type":"image\/jpeg"}],"author":"Rafael Massoni","twitter_card":"summary_large_image","twitter_misc":{"Escrito por":"Rafael Massoni","Est. tempo de leitura":"6 minutos"},"schema":{"@context":"https:\/\/schema.org","@graph":[{"@type":"NewsArticle","@id":"https:\/\/tce.pb.gov.br\/portalprimeirainfancia\/tce-pb-propoe-parcerias-em-pacto-pela-primeira-infancia-em-reuniao-com-universidades\/#article","isPartOf":{"@id":"https:\/\/tce.pb.gov.br\/portalprimeirainfancia\/tce-pb-propoe-parcerias-em-pacto-pela-primeira-infancia-em-reuniao-com-universidades\/"},"author":{"name":"Rafael Massoni","@id":"https:\/\/tce.pb.gov.br\/portalprimeirainfancia\/#\/schema\/person\/6a39eea5836dda604de1c5e5b7d62141"},"headline":"TCE-PB prop\u00f5e parcerias em Pacto pela Primeira Inf\u00e2ncia, em reuni\u00e3o com universidades","datePublished":"2025-02-24T12:13:00+00:00","dateModified":"2025-07-11T16:22:37+00:00","mainEntityOfPage":{"@id":"https:\/\/tce.pb.gov.br\/portalprimeirainfancia\/tce-pb-propoe-parcerias-em-pacto-pela-primeira-infancia-em-reuniao-com-universidades\/"},"wordCount":1103,"publisher":{"@id":"https:\/\/tce.pb.gov.br\/portalprimeirainfancia\/#organization"},"image":{"@id":"https:\/\/tce.pb.gov.br\/portalprimeirainfancia\/tce-pb-propoe-parcerias-em-pacto-pela-primeira-infancia-em-reuniao-com-universidades\/#primaryimage"},"thumbnailUrl":"https:\/\/tce.pb.gov.br\/portalprimeirainfancia\/wp-content\/uploads\/2025\/04\/IMG_7163-1024x768-1.jpg","articleSection":["Not\u00edcias"],"inLanguage":"pt-BR"},{"@type":"WebPage","@id":"https:\/\/tce.pb.gov.br\/portalprimeirainfancia\/tce-pb-propoe-parcerias-em-pacto-pela-primeira-infancia-em-reuniao-com-universidades\/","url":"https:\/\/tce.pb.gov.br\/portalprimeirainfancia\/tce-pb-propoe-parcerias-em-pacto-pela-primeira-infancia-em-reuniao-com-universidades\/","name":"TCE-PB prop\u00f5e parcerias em Pacto pela Primeira Inf\u00e2ncia, em reuni\u00e3o com universidades %","isPartOf":{"@id":"https:\/\/tce.pb.gov.br\/portalprimeirainfancia\/#website"},"primaryImageOfPage":{"@id":"https:\/\/tce.pb.gov.br\/portalprimeirainfancia\/tce-pb-propoe-parcerias-em-pacto-pela-primeira-infancia-em-reuniao-com-universidades\/#primaryimage"},"image":{"@id":"https:\/\/tce.pb.gov.br\/portalprimeirainfancia\/tce-pb-propoe-parcerias-em-pacto-pela-primeira-infancia-em-reuniao-com-universidades\/#primaryimage"},"thumbnailUrl":"https:\/\/tce.pb.gov.br\/portalprimeirainfancia\/wp-content\/uploads\/2025\/04\/IMG_7163-1024x768-1.jpg","datePublished":"2025-02-24T12:13:00+00:00","dateModified":"2025-07-11T16:22:37+00:00","description":"TCE-PB prop\u00f5e parcerias em Pacto pela Primeira Inf\u00e2ncia, em reuni\u00e3o com universidades %","breadcrumb":{"@id":"https:\/\/tce.pb.gov.br\/portalprimeirainfancia\/tce-pb-propoe-parcerias-em-pacto-pela-primeira-infancia-em-reuniao-com-universidades\/#breadcrumb"},"inLanguage":"pt-BR","potentialAction":[{"@type":"ReadAction","target":["https:\/\/tce.pb.gov.br\/portalprimeirainfancia\/tce-pb-propoe-parcerias-em-pacto-pela-primeira-infancia-em-reuniao-com-universidades\/"]}]},{"@type":"ImageObject","inLanguage":"pt-BR","@id":"https:\/\/tce.pb.gov.br\/portalprimeirainfancia\/tce-pb-propoe-parcerias-em-pacto-pela-primeira-infancia-em-reuniao-com-universidades\/#primaryimage","url":"https:\/\/tce.pb.gov.br\/portalprimeirainfancia\/wp-content\/uploads\/2025\/04\/IMG_7163-1024x768-1.jpg","contentUrl":"https:\/\/tce.pb.gov.br\/portalprimeirainfancia\/wp-content\/uploads\/2025\/04\/IMG_7163-1024x768-1.jpg","width":1024,"height":768},{"@type":"BreadcrumbList","@id":"https:\/\/tce.pb.gov.br\/portalprimeirainfancia\/tce-pb-propoe-parcerias-em-pacto-pela-primeira-infancia-em-reuniao-com-universidades\/#breadcrumb","itemListElement":[{"@type":"ListItem","position":1,"name":"In\u00edcio","item":"https:\/\/tce.pb.gov.br\/portalprimeirainfancia\/"},{"@type":"ListItem","position":2,"name":"TCE-PB prop\u00f5e parcerias em Pacto pela Primeira Inf\u00e2ncia, em reuni\u00e3o com universidades"}]},{"@type":"WebSite","@id":"https:\/\/tce.pb.gov.br\/portalprimeirainfancia\/#website","url":"https:\/\/tce.pb.gov.br\/portalprimeirainfancia\/","name":"Pacto Paraibano pela Primeira Inf\u00e2ncia","description":"Portal para divulga\u00e7\u00e3o do Pacto Paraibano pela Primeira Inf\u00e2ncia","publisher":{"@id":"https:\/\/tce.pb.gov.br\/portalprimeirainfancia\/#organization"},"potentialAction":[{"@type":"SearchAction","target":{"@type":"EntryPoint","urlTemplate":"https:\/\/tce.pb.gov.br\/portalprimeirainfancia\/?s={search_term_string}"},"query-input":{"@type":"PropertyValueSpecification","valueRequired":true,"valueName":"search_term_string"}}],"inLanguage":"pt-BR"},{"@type":"Organization","@id":"https:\/\/tce.pb.gov.br\/portalprimeirainfancia\/#organization","name":"Pacto Paraibano pela Primeira Inf\u00e2ncia","alternateName":"TCE-PB","url":"https:\/\/tce.pb.gov.br\/portalprimeirainfancia\/","logo":{"@type":"ImageObject","inLanguage":"pt-BR","@id":"https:\/\/tce.pb.gov.br\/portalprimeirainfancia\/#\/schema\/logo\/image\/","url":"https:\/\/tce.pb.gov.br\/portalprimeirainfancia\/wp-content\/uploads\/2025\/05\/Pacto-Whatsapp.png","contentUrl":"https:\/\/tce.pb.gov.br\/portalprimeirainfancia\/wp-content\/uploads\/2025\/05\/Pacto-Whatsapp.png","width":427,"height":427,"caption":"Pacto Paraibano pela Primeira Inf\u00e2ncia"},"image":{"@id":"https:\/\/tce.pb.gov.br\/portalprimeirainfancia\/#\/schema\/logo\/image\/"},"sameAs":["https:\/\/www.instagram.com\/tcepb\/"]},{"@type":"Person","@id":"https:\/\/tce.pb.gov.br\/portalprimeirainfancia\/#\/schema\/person\/6a39eea5836dda604de1c5e5b7d62141","name":"Rafael Massoni"}]}},"jetpack_featured_media_url":"https:\/\/tce.pb.gov.br\/portalprimeirainfancia\/wp-content\/uploads\/2025\/04\/IMG_7163-1024x768-1.jpg","jetpack_sharing_enabled":true,"_links":{"self":[{"href":"https:\/\/tce.pb.gov.br\/portalprimeirainfancia\/wp-json\/wp\/v2\/posts\/698","targetHints":{"allow":["GET"]}}],"collection":[{"href":"https:\/\/tce.pb.gov.br\/portalprimeirainfancia\/wp-json\/wp\/v2\/posts"}],"about":[{"href":"https:\/\/tce.pb.gov.br\/portalprimeirainfancia\/wp-json\/wp\/v2\/types\/post"}],"author":[{"embeddable":true,"href":"https:\/\/tce.pb.gov.br\/portalprimeirainfancia\/wp-json\/wp\/v2\/users\/6"}],"replies":[{"embeddable":true,"href":"https:\/\/tce.pb.gov.br\/portalprimeirainfancia\/wp-json\/wp\/v2\/comments?post=698"}],"version-history":[{"count":1,"href":"https:\/\/tce.pb.gov.br\/portalprimeirainfancia\/wp-json\/wp\/v2\/posts\/698\/revisions"}],"predecessor-version":[{"id":29517,"href":"https:\/\/tce.pb.gov.br\/portalprimeirainfancia\/wp-json\/wp\/v2\/posts\/698\/revisions\/29517"}],"wp:featuredmedia":[{"embeddable":true,"href":"https:\/\/tce.pb.gov.br\/portalprimeirainfancia\/wp-json\/wp\/v2\/media\/699"}],"wp:attachment":[{"href":"https:\/\/tce.pb.gov.br\/portalprimeirainfancia\/wp-json\/wp\/v2\/media?parent=698"}],"wp:term":[{"taxonomy":"category","embeddable":true,"href":"https:\/\/tce.pb.gov.br\/portalprimeirainfancia\/wp-json\/wp\/v2\/categories?post=698"},{"taxonomy":"post_tag","embeddable":true,"href":"https:\/\/tce.pb.gov.br\/portalprimeirainfancia\/wp-json\/wp\/v2\/tags?post=698"}],"curies":[{"name":"wp","href":"https:\/\/api.w.org\/{rel}","templated":true}]}}