{"id":694,"date":"2025-02-14T09:05:00","date_gmt":"2025-02-14T12:05:00","guid":{"rendered":"https:\/\/tce.pb.gov.br\/portalprimeirainfancia\/?p=694"},"modified":"2025-07-11T13:22:13","modified_gmt":"2025-07-11T16:22:13","slug":"em-sao-paulo-fabio-nogueira-busca-parcerias-do-tce-pb-para-politicas-publicas-voltadas-a-primeira-infancia","status":"publish","type":"post","link":"https:\/\/tce.pb.gov.br\/portalprimeirainfancia\/em-sao-paulo-fabio-nogueira-busca-parcerias-do-tce-pb-para-politicas-publicas-voltadas-a-primeira-infancia\/","title":{"rendered":"Em S\u00e3o Paulo, F\u00e1bio Nogueira busca parcerias do TCE-PB para pol\u00edticas p\u00fablicas voltadas \u00e0 primeira inf\u00e2ncia"},"content":{"rendered":"\n<figure class=\"wp-block-image aligncenter size-full\"><img fetchpriority=\"high\" decoding=\"async\" width=\"1024\" height=\"768\" src=\"https:\/\/tce.pb.gov.br\/portalprimeirainfancia\/wp-content\/uploads\/2025\/04\/Fabio-Nogueira-em-SP-Manha-1024x768-1.jpg\" alt=\"\" class=\"wp-image-695\" srcset=\"https:\/\/tce.pb.gov.br\/portalprimeirainfancia\/wp-content\/uploads\/2025\/04\/Fabio-Nogueira-em-SP-Manha-1024x768-1.jpg 1024w, https:\/\/tce.pb.gov.br\/portalprimeirainfancia\/wp-content\/uploads\/2025\/04\/Fabio-Nogueira-em-SP-Manha-1024x768-1-300x225.jpg 300w, https:\/\/tce.pb.gov.br\/portalprimeirainfancia\/wp-content\/uploads\/2025\/04\/Fabio-Nogueira-em-SP-Manha-1024x768-1-768x576.jpg 768w\" sizes=\"(max-width: 1024px) 100vw, 1024px\" \/><\/figure>\n\n\n\n<p>O presidente do Tribunal de Contas da Para\u00edba (TCE-PB), conselheiro F\u00e1bio Nogueira, est\u00e1 em S\u00e3o Paulo onde cumpre agenda de trabalho para buscar parcerias com o Instituto Articule e a organiza\u00e7\u00e3o Educa\u00e7\u00e3o Para Todos, com foco na Primeira Inf\u00e2ncia. Na manh\u00e3 desta sexta-feira (14), ele se encontrou com a presidente-executiva do Articule, Alessandra Gotti, com quem discutiu a colabora\u00e7\u00e3o entre o TCE-PB e a entidade no Pacto da Primeira Inf\u00e2ncia na Para\u00edba, para fortalecer as pol\u00edticas p\u00fablicas voltas \u00e0s crian\u00e7as de 0 a 6 anos.<\/p>\n\n\n\n<p>Durante a reuni\u00e3o, o presidente F\u00e1bio Nogueira detalhou as a\u00e7\u00f5es que o TCE-PB j\u00e1 vem desenvolvendo neste campo, ressaltando a import\u00e2ncia dessas prioridades como um fator determinante para o desenvolvimento das crian\u00e7as. Ele destacou que o Tribunal busca implementar um planejamento estrat\u00e9gico que incorpore a tem\u00e1tica da primeira inf\u00e2ncia de forma cont\u00ednua, garantindo que as a\u00e7\u00f5es n\u00e3o sejam apenas uma resposta imediata, mas parte de um compromisso a longo prazo.<br><br>\u201cEstamos dando protagonismo \u00e0 primeira inf\u00e2ncia em nossa gest\u00e3o, com uma s\u00e9rie de iniciativas coordenadas para garantir que as pol\u00edticas p\u00fablicas sejam efetivas e abrangentes. Acreditamos que a colabora\u00e7\u00e3o com o Instituto Articule ser\u00e1 fundamental para potencializar nossas a\u00e7\u00f5es\u201d, afirmou Nogueira.<br><br>Alessandra Gotti, por sua vez, expressou entusiasmo com a possibilidade de cria\u00e7\u00e3o de um Gaepe (Grupo de Articula\u00e7\u00e3o para Efetividade da Pol\u00edtica da Educa\u00e7\u00e3o) na Para\u00edba, destacando a import\u00e2ncia de unir for\u00e7as em torno da pauta da inf\u00e2ncia. \u201cRecebi o Presidente do TCE-PB para tratar do Pacto na Primeira Inf\u00e2ncia e da perspectiva de cria\u00e7\u00e3o de um Gaepe no Estado. \u00c9 preciso transformar a \u2018prioridade absoluta\u2019 aos direitos das crian\u00e7as e jovens, assegurada pela Constitui\u00e7\u00e3o Federal, em a\u00e7\u00f5es concretas\u201d, declarou Gotti.<br><br>A presidente-executiva tamb\u00e9m mencionou que a governan\u00e7a do Gaepe, idealizada a partir de um acordo de coopera\u00e7\u00e3o anteriormente firmado entre o Instituto Articule, o IRB e a Atricon, tem se expandido pelo pa\u00eds com resultados positivos, destacando a cria\u00e7\u00e3o de Gaepes em outros estados como Rond\u00f4nia, Goi\u00e1s, Mato Grosso, Piau\u00ed e, em breve, Rio Grande do Norte<\/p>\n\n\n\n<figure class=\"wp-block-image size-full\"><img decoding=\"async\" width=\"1024\" height=\"768\" src=\"https:\/\/tce.pb.gov.br\/portalprimeirainfancia\/wp-content\/uploads\/2025\/04\/Tarde-Fabio-Nogueira-1-1024x768-1.jpg\" alt=\"\" class=\"wp-image-696\" srcset=\"https:\/\/tce.pb.gov.br\/portalprimeirainfancia\/wp-content\/uploads\/2025\/04\/Tarde-Fabio-Nogueira-1-1024x768-1.jpg 1024w, https:\/\/tce.pb.gov.br\/portalprimeirainfancia\/wp-content\/uploads\/2025\/04\/Tarde-Fabio-Nogueira-1-1024x768-1-300x225.jpg 300w, https:\/\/tce.pb.gov.br\/portalprimeirainfancia\/wp-content\/uploads\/2025\/04\/Tarde-Fabio-Nogueira-1-1024x768-1-768x576.jpg 768w\" sizes=\"(max-width: 1024px) 100vw, 1024px\" \/><\/figure>\n\n\n\n<p><strong>TCE-PB e Todos Pela Educa\u00e7\u00e3o \u2013&nbsp;<\/strong>Ainda na tarde desta sexta-feira, o presidente F\u00e1bio Nogueira se reuniu com a presidente-executiva do \u201cTodos pela Educa\u00e7\u00e3o\u201d, Priscila Cruz, para discutir novas iniciativas voltadas \u00e0 primeira inf\u00e2ncia e firmar parcerias para defender uma educa\u00e7\u00e3o p\u00fablica de qualidade e com equidade. A organiza\u00e7\u00e3o atua com o objetivo de melhorar a qualidade da Educa\u00e7\u00e3o B\u00e1sica no Brasil, sendo uma entidade sem fins lucrativos e sem v\u00ednculo com partidos pol\u00edticos.<\/p>\n\n\n\n<p>Durante o encontro, Priscila Cruz enfatizou a relev\u00e2ncia da parceria entre as institui\u00e7\u00f5es. \u201cA educa\u00e7\u00e3o \u00e9 um direito fundamental e precisa ser tratada com a seriedade que merece\u201d, afirmou Cruz.<\/p>\n\n\n\n<p>O TCE-PB j\u00e1 desenvolve v\u00e1rias a\u00e7\u00f5es voltadas \u00e0 primeira inf\u00e2ncia, incluindo auditorias coordenadas em creches e maternidades, al\u00e9m de uma a\u00e7\u00e3o recente, de um question\u00e1rio enviado aos prefeitos para mapear a situa\u00e7\u00e3o das pol\u00edticas p\u00fablicas no estado. A expectativa \u00e9 que as parcerias com o Instituto Articule e o Todos pela Educa\u00e7\u00e3o fortale\u00e7am essas iniciativas, gerando novas oportunidades de colabora\u00e7\u00e3o.<\/p>\n","protected":false},"excerpt":{"rendered":"<p>O presidente do Tribunal de Contas da Para\u00edba (TCE-PB), conselheiro F\u00e1bio Nogueira, est\u00e1 em S\u00e3o Paulo onde cumpre agenda de [&hellip;]<\/p>\n","protected":false},"author":6,"featured_media":695,"comment_status":"closed","ping_status":"closed","sticky":false,"template":"elementor_theme","format":"standard","meta":{"site-sidebar-layout":"default","site-content-layout":"","ast-site-content-layout":"","site-content-style":"default","site-sidebar-style":"default","ast-global-header-display":"","ast-banner-title-visibility":"","ast-main-header-display":"","ast-hfb-above-header-display":"","ast-hfb-below-header-display":"","ast-hfb-mobile-header-display":"","site-post-title":"","ast-breadcrumbs-content":"","ast-featured-img":"","footer-sml-layout":"","theme-transparent-header-meta":"","adv-header-id-meta":"","stick-header-meta":"","header-above-stick-meta":"","header-main-stick-meta":"","header-below-stick-meta":"","astra-migrate-meta-layouts":"default","ast-page-background-enabled":"default","ast-page-background-meta":{"desktop":{"background-color":"var(--ast-global-color-5)","background-image":"","background-repeat":"repeat","background-position":"center center","background-size":"auto","background-attachment":"scroll","background-type":"","background-media":"","overlay-type":"","overlay-color":"","overlay-opacity":"","overlay-gradient":""},"tablet":{"background-color":"","background-image":"","background-repeat":"repeat","background-position":"center center","background-size":"auto","background-attachment":"scroll","background-type":"","background-media":"","overlay-type":"","overlay-color":"","overlay-opacity":"","overlay-gradient":""},"mobile":{"background-color":"","background-image":"","background-repeat":"repeat","background-position":"center center","background-size":"auto","background-attachment":"scroll","background-type":"","background-media":"","overlay-type":"","overlay-color":"","overlay-opacity":"","overlay-gradient":""}},"ast-content-background-meta":{"desktop":{"background-color":"var(--ast-global-color-4)","background-image":"","background-repeat":"repeat","background-position":"center center","background-size":"auto","background-attachment":"scroll","background-type":"","background-media":"","overlay-type":"","overlay-color":"","overlay-opacity":"","overlay-gradient":""},"tablet":{"background-color":"var(--ast-global-color-4)","background-image":"","background-repeat":"repeat","background-position":"center center","background-size":"auto","background-attachment":"scroll","background-type":"","background-media":"","overlay-type":"","overlay-color":"","overlay-opacity":"","overlay-gradient":""},"mobile":{"background-color":"var(--ast-global-color-4)","background-image":"","background-repeat":"repeat","background-position":"center center","background-size":"auto","background-attachment":"scroll","background-type":"","background-media":"","overlay-type":"","overlay-color":"","overlay-opacity":"","overlay-gradient":""}},"_jetpack_memberships_contains_paid_content":false,"footnotes":""},"categories":[7],"tags":[],"class_list":["post-694","post","type-post","status-publish","format-standard","has-post-thumbnail","hentry","category-noticias"],"yoast_head":"<!-- This site is optimized with the Yoast SEO plugin v27.5 - https:\/\/yoast.com\/product\/yoast-seo-wordpress\/ -->\n<title>Em S\u00e3o Paulo, F\u00e1bio Nogueira busca parcerias do TCE-PB para pol\u00edticas p\u00fablicas voltadas \u00e0 primeira inf\u00e2ncia %<\/title>\n<meta name=\"description\" content=\"Em S\u00e3o Paulo, F\u00e1bio Nogueira busca parcerias do TCE-PB para pol\u00edticas p\u00fablicas voltadas \u00e0 primeira inf\u00e2ncia %\" \/>\n<meta name=\"robots\" content=\"index, follow, max-snippet:-1, max-image-preview:large, max-video-preview:-1\" \/>\n<link rel=\"canonical\" href=\"https:\/\/tce.pb.gov.br\/portalprimeirainfancia\/em-sao-paulo-fabio-nogueira-busca-parcerias-do-tce-pb-para-politicas-publicas-voltadas-a-primeira-infancia\/\" \/>\n<meta property=\"og:locale\" content=\"pt_BR\" \/>\n<meta property=\"og:type\" content=\"article\" \/>\n<meta property=\"og:title\" content=\"Em S\u00e3o Paulo, F\u00e1bio Nogueira busca parcerias do TCE-PB para pol\u00edticas p\u00fablicas voltadas \u00e0 primeira inf\u00e2ncia %\" \/>\n<meta property=\"og:description\" content=\"Em S\u00e3o Paulo, F\u00e1bio Nogueira busca parcerias do TCE-PB para pol\u00edticas p\u00fablicas voltadas \u00e0 primeira inf\u00e2ncia %\" \/>\n<meta property=\"og:url\" content=\"https:\/\/tce.pb.gov.br\/portalprimeirainfancia\/em-sao-paulo-fabio-nogueira-busca-parcerias-do-tce-pb-para-politicas-publicas-voltadas-a-primeira-infancia\/\" \/>\n<meta property=\"og:site_name\" content=\"Pacto Paraibano pela Primeira Inf\u00e2ncia\" \/>\n<meta property=\"article:published_time\" content=\"2025-02-14T12:05:00+00:00\" \/>\n<meta property=\"article:modified_time\" content=\"2025-07-11T16:22:13+00:00\" \/>\n<meta property=\"og:image\" content=\"https:\/\/tce.pb.gov.br\/portalprimeirainfancia\/wp-content\/uploads\/2025\/04\/Fabio-Nogueira-em-SP-Manha-1024x768-1.jpg\" \/>\n\t<meta property=\"og:image:width\" content=\"1024\" \/>\n\t<meta property=\"og:image:height\" content=\"768\" \/>\n\t<meta property=\"og:image:type\" content=\"image\/jpeg\" \/>\n<meta name=\"author\" content=\"Rafael Massoni\" \/>\n<meta name=\"twitter:card\" content=\"summary_large_image\" \/>\n<meta name=\"twitter:label1\" content=\"Escrito por\" \/>\n\t<meta name=\"twitter:data1\" content=\"Rafael Massoni\" \/>\n\t<meta name=\"twitter:label2\" content=\"Est. tempo de leitura\" \/>\n\t<meta name=\"twitter:data2\" content=\"4 minutos\" \/>\n<script type=\"application\/ld+json\" class=\"yoast-schema-graph\">{\"@context\":\"https:\\\/\\\/schema.org\",\"@graph\":[{\"@type\":\"NewsArticle\",\"@id\":\"https:\\\/\\\/tce.pb.gov.br\\\/portalprimeirainfancia\\\/em-sao-paulo-fabio-nogueira-busca-parcerias-do-tce-pb-para-politicas-publicas-voltadas-a-primeira-infancia\\\/#article\",\"isPartOf\":{\"@id\":\"https:\\\/\\\/tce.pb.gov.br\\\/portalprimeirainfancia\\\/em-sao-paulo-fabio-nogueira-busca-parcerias-do-tce-pb-para-politicas-publicas-voltadas-a-primeira-infancia\\\/\"},\"author\":{\"name\":\"Rafael Massoni\",\"@id\":\"https:\\\/\\\/tce.pb.gov.br\\\/portalprimeirainfancia\\\/#\\\/schema\\\/person\\\/6a39eea5836dda604de1c5e5b7d62141\"},\"headline\":\"Em S\u00e3o Paulo, F\u00e1bio Nogueira busca parcerias do TCE-PB para pol\u00edticas p\u00fablicas voltadas \u00e0 primeira inf\u00e2ncia\",\"datePublished\":\"2025-02-14T12:05:00+00:00\",\"dateModified\":\"2025-07-11T16:22:13+00:00\",\"mainEntityOfPage\":{\"@id\":\"https:\\\/\\\/tce.pb.gov.br\\\/portalprimeirainfancia\\\/em-sao-paulo-fabio-nogueira-busca-parcerias-do-tce-pb-para-politicas-publicas-voltadas-a-primeira-infancia\\\/\"},\"wordCount\":585,\"publisher\":{\"@id\":\"https:\\\/\\\/tce.pb.gov.br\\\/portalprimeirainfancia\\\/#organization\"},\"image\":{\"@id\":\"https:\\\/\\\/tce.pb.gov.br\\\/portalprimeirainfancia\\\/em-sao-paulo-fabio-nogueira-busca-parcerias-do-tce-pb-para-politicas-publicas-voltadas-a-primeira-infancia\\\/#primaryimage\"},\"thumbnailUrl\":\"https:\\\/\\\/tce.pb.gov.br\\\/portalprimeirainfancia\\\/wp-content\\\/uploads\\\/2025\\\/04\\\/Fabio-Nogueira-em-SP-Manha-1024x768-1.jpg\",\"articleSection\":[\"Not\u00edcias\"],\"inLanguage\":\"pt-BR\"},{\"@type\":\"WebPage\",\"@id\":\"https:\\\/\\\/tce.pb.gov.br\\\/portalprimeirainfancia\\\/em-sao-paulo-fabio-nogueira-busca-parcerias-do-tce-pb-para-politicas-publicas-voltadas-a-primeira-infancia\\\/\",\"url\":\"https:\\\/\\\/tce.pb.gov.br\\\/portalprimeirainfancia\\\/em-sao-paulo-fabio-nogueira-busca-parcerias-do-tce-pb-para-politicas-publicas-voltadas-a-primeira-infancia\\\/\",\"name\":\"Em S\u00e3o Paulo, F\u00e1bio Nogueira busca parcerias do TCE-PB para pol\u00edticas p\u00fablicas voltadas \u00e0 primeira inf\u00e2ncia %\",\"isPartOf\":{\"@id\":\"https:\\\/\\\/tce.pb.gov.br\\\/portalprimeirainfancia\\\/#website\"},\"primaryImageOfPage\":{\"@id\":\"https:\\\/\\\/tce.pb.gov.br\\\/portalprimeirainfancia\\\/em-sao-paulo-fabio-nogueira-busca-parcerias-do-tce-pb-para-politicas-publicas-voltadas-a-primeira-infancia\\\/#primaryimage\"},\"image\":{\"@id\":\"https:\\\/\\\/tce.pb.gov.br\\\/portalprimeirainfancia\\\/em-sao-paulo-fabio-nogueira-busca-parcerias-do-tce-pb-para-politicas-publicas-voltadas-a-primeira-infancia\\\/#primaryimage\"},\"thumbnailUrl\":\"https:\\\/\\\/tce.pb.gov.br\\\/portalprimeirainfancia\\\/wp-content\\\/uploads\\\/2025\\\/04\\\/Fabio-Nogueira-em-SP-Manha-1024x768-1.jpg\",\"datePublished\":\"2025-02-14T12:05:00+00:00\",\"dateModified\":\"2025-07-11T16:22:13+00:00\",\"description\":\"Em S\u00e3o Paulo, F\u00e1bio Nogueira busca parcerias do TCE-PB para pol\u00edticas p\u00fablicas voltadas \u00e0 primeira inf\u00e2ncia %\",\"breadcrumb\":{\"@id\":\"https:\\\/\\\/tce.pb.gov.br\\\/portalprimeirainfancia\\\/em-sao-paulo-fabio-nogueira-busca-parcerias-do-tce-pb-para-politicas-publicas-voltadas-a-primeira-infancia\\\/#breadcrumb\"},\"inLanguage\":\"pt-BR\",\"potentialAction\":[{\"@type\":\"ReadAction\",\"target\":[\"https:\\\/\\\/tce.pb.gov.br\\\/portalprimeirainfancia\\\/em-sao-paulo-fabio-nogueira-busca-parcerias-do-tce-pb-para-politicas-publicas-voltadas-a-primeira-infancia\\\/\"]}]},{\"@type\":\"ImageObject\",\"inLanguage\":\"pt-BR\",\"@id\":\"https:\\\/\\\/tce.pb.gov.br\\\/portalprimeirainfancia\\\/em-sao-paulo-fabio-nogueira-busca-parcerias-do-tce-pb-para-politicas-publicas-voltadas-a-primeira-infancia\\\/#primaryimage\",\"url\":\"https:\\\/\\\/tce.pb.gov.br\\\/portalprimeirainfancia\\\/wp-content\\\/uploads\\\/2025\\\/04\\\/Fabio-Nogueira-em-SP-Manha-1024x768-1.jpg\",\"contentUrl\":\"https:\\\/\\\/tce.pb.gov.br\\\/portalprimeirainfancia\\\/wp-content\\\/uploads\\\/2025\\\/04\\\/Fabio-Nogueira-em-SP-Manha-1024x768-1.jpg\",\"width\":1024,\"height\":768},{\"@type\":\"BreadcrumbList\",\"@id\":\"https:\\\/\\\/tce.pb.gov.br\\\/portalprimeirainfancia\\\/em-sao-paulo-fabio-nogueira-busca-parcerias-do-tce-pb-para-politicas-publicas-voltadas-a-primeira-infancia\\\/#breadcrumb\",\"itemListElement\":[{\"@type\":\"ListItem\",\"position\":1,\"name\":\"In\u00edcio\",\"item\":\"https:\\\/\\\/tce.pb.gov.br\\\/portalprimeirainfancia\\\/\"},{\"@type\":\"ListItem\",\"position\":2,\"name\":\"Em S\u00e3o Paulo, F\u00e1bio Nogueira busca parcerias do TCE-PB para pol\u00edticas p\u00fablicas voltadas \u00e0 primeira inf\u00e2ncia\"}]},{\"@type\":\"WebSite\",\"@id\":\"https:\\\/\\\/tce.pb.gov.br\\\/portalprimeirainfancia\\\/#website\",\"url\":\"https:\\\/\\\/tce.pb.gov.br\\\/portalprimeirainfancia\\\/\",\"name\":\"Pacto Paraibano pela Primeira Inf\u00e2ncia\",\"description\":\"Portal para divulga\u00e7\u00e3o do Pacto Paraibano pela Primeira Inf\u00e2ncia\",\"publisher\":{\"@id\":\"https:\\\/\\\/tce.pb.gov.br\\\/portalprimeirainfancia\\\/#organization\"},\"potentialAction\":[{\"@type\":\"SearchAction\",\"target\":{\"@type\":\"EntryPoint\",\"urlTemplate\":\"https:\\\/\\\/tce.pb.gov.br\\\/portalprimeirainfancia\\\/?s={search_term_string}\"},\"query-input\":{\"@type\":\"PropertyValueSpecification\",\"valueRequired\":true,\"valueName\":\"search_term_string\"}}],\"inLanguage\":\"pt-BR\"},{\"@type\":\"Organization\",\"@id\":\"https:\\\/\\\/tce.pb.gov.br\\\/portalprimeirainfancia\\\/#organization\",\"name\":\"Pacto Paraibano pela Primeira Inf\u00e2ncia\",\"alternateName\":\"TCE-PB\",\"url\":\"https:\\\/\\\/tce.pb.gov.br\\\/portalprimeirainfancia\\\/\",\"logo\":{\"@type\":\"ImageObject\",\"inLanguage\":\"pt-BR\",\"@id\":\"https:\\\/\\\/tce.pb.gov.br\\\/portalprimeirainfancia\\\/#\\\/schema\\\/logo\\\/image\\\/\",\"url\":\"https:\\\/\\\/tce.pb.gov.br\\\/portalprimeirainfancia\\\/wp-content\\\/uploads\\\/2025\\\/05\\\/Pacto-Whatsapp.png\",\"contentUrl\":\"https:\\\/\\\/tce.pb.gov.br\\\/portalprimeirainfancia\\\/wp-content\\\/uploads\\\/2025\\\/05\\\/Pacto-Whatsapp.png\",\"width\":427,\"height\":427,\"caption\":\"Pacto Paraibano pela Primeira Inf\u00e2ncia\"},\"image\":{\"@id\":\"https:\\\/\\\/tce.pb.gov.br\\\/portalprimeirainfancia\\\/#\\\/schema\\\/logo\\\/image\\\/\"},\"sameAs\":[\"https:\\\/\\\/www.instagram.com\\\/tcepb\\\/\"]},{\"@type\":\"Person\",\"@id\":\"https:\\\/\\\/tce.pb.gov.br\\\/portalprimeirainfancia\\\/#\\\/schema\\\/person\\\/6a39eea5836dda604de1c5e5b7d62141\",\"name\":\"Rafael Massoni\"}]}<\/script>\n<!-- \/ Yoast SEO plugin. -->","yoast_head_json":{"title":"Em S\u00e3o Paulo, F\u00e1bio Nogueira busca parcerias do TCE-PB para pol\u00edticas p\u00fablicas voltadas \u00e0 primeira inf\u00e2ncia %","description":"Em S\u00e3o Paulo, F\u00e1bio Nogueira busca parcerias do TCE-PB para pol\u00edticas p\u00fablicas voltadas \u00e0 primeira inf\u00e2ncia %","robots":{"index":"index","follow":"follow","max-snippet":"max-snippet:-1","max-image-preview":"max-image-preview:large","max-video-preview":"max-video-preview:-1"},"canonical":"https:\/\/tce.pb.gov.br\/portalprimeirainfancia\/em-sao-paulo-fabio-nogueira-busca-parcerias-do-tce-pb-para-politicas-publicas-voltadas-a-primeira-infancia\/","og_locale":"pt_BR","og_type":"article","og_title":"Em S\u00e3o Paulo, F\u00e1bio Nogueira busca parcerias do TCE-PB para pol\u00edticas p\u00fablicas voltadas \u00e0 primeira inf\u00e2ncia %","og_description":"Em S\u00e3o Paulo, F\u00e1bio Nogueira busca parcerias do TCE-PB para pol\u00edticas p\u00fablicas voltadas \u00e0 primeira inf\u00e2ncia %","og_url":"https:\/\/tce.pb.gov.br\/portalprimeirainfancia\/em-sao-paulo-fabio-nogueira-busca-parcerias-do-tce-pb-para-politicas-publicas-voltadas-a-primeira-infancia\/","og_site_name":"Pacto Paraibano pela Primeira Inf\u00e2ncia","article_published_time":"2025-02-14T12:05:00+00:00","article_modified_time":"2025-07-11T16:22:13+00:00","og_image":[{"width":1024,"height":768,"url":"https:\/\/tce.pb.gov.br\/portalprimeirainfancia\/wp-content\/uploads\/2025\/04\/Fabio-Nogueira-em-SP-Manha-1024x768-1.jpg","type":"image\/jpeg"}],"author":"Rafael Massoni","twitter_card":"summary_large_image","twitter_misc":{"Escrito por":"Rafael Massoni","Est. tempo de leitura":"4 minutos"},"schema":{"@context":"https:\/\/schema.org","@graph":[{"@type":"NewsArticle","@id":"https:\/\/tce.pb.gov.br\/portalprimeirainfancia\/em-sao-paulo-fabio-nogueira-busca-parcerias-do-tce-pb-para-politicas-publicas-voltadas-a-primeira-infancia\/#article","isPartOf":{"@id":"https:\/\/tce.pb.gov.br\/portalprimeirainfancia\/em-sao-paulo-fabio-nogueira-busca-parcerias-do-tce-pb-para-politicas-publicas-voltadas-a-primeira-infancia\/"},"author":{"name":"Rafael Massoni","@id":"https:\/\/tce.pb.gov.br\/portalprimeirainfancia\/#\/schema\/person\/6a39eea5836dda604de1c5e5b7d62141"},"headline":"Em S\u00e3o Paulo, F\u00e1bio Nogueira busca parcerias do TCE-PB para pol\u00edticas p\u00fablicas voltadas \u00e0 primeira inf\u00e2ncia","datePublished":"2025-02-14T12:05:00+00:00","dateModified":"2025-07-11T16:22:13+00:00","mainEntityOfPage":{"@id":"https:\/\/tce.pb.gov.br\/portalprimeirainfancia\/em-sao-paulo-fabio-nogueira-busca-parcerias-do-tce-pb-para-politicas-publicas-voltadas-a-primeira-infancia\/"},"wordCount":585,"publisher":{"@id":"https:\/\/tce.pb.gov.br\/portalprimeirainfancia\/#organization"},"image":{"@id":"https:\/\/tce.pb.gov.br\/portalprimeirainfancia\/em-sao-paulo-fabio-nogueira-busca-parcerias-do-tce-pb-para-politicas-publicas-voltadas-a-primeira-infancia\/#primaryimage"},"thumbnailUrl":"https:\/\/tce.pb.gov.br\/portalprimeirainfancia\/wp-content\/uploads\/2025\/04\/Fabio-Nogueira-em-SP-Manha-1024x768-1.jpg","articleSection":["Not\u00edcias"],"inLanguage":"pt-BR"},{"@type":"WebPage","@id":"https:\/\/tce.pb.gov.br\/portalprimeirainfancia\/em-sao-paulo-fabio-nogueira-busca-parcerias-do-tce-pb-para-politicas-publicas-voltadas-a-primeira-infancia\/","url":"https:\/\/tce.pb.gov.br\/portalprimeirainfancia\/em-sao-paulo-fabio-nogueira-busca-parcerias-do-tce-pb-para-politicas-publicas-voltadas-a-primeira-infancia\/","name":"Em S\u00e3o Paulo, F\u00e1bio Nogueira busca parcerias do TCE-PB para pol\u00edticas p\u00fablicas voltadas \u00e0 primeira inf\u00e2ncia %","isPartOf":{"@id":"https:\/\/tce.pb.gov.br\/portalprimeirainfancia\/#website"},"primaryImageOfPage":{"@id":"https:\/\/tce.pb.gov.br\/portalprimeirainfancia\/em-sao-paulo-fabio-nogueira-busca-parcerias-do-tce-pb-para-politicas-publicas-voltadas-a-primeira-infancia\/#primaryimage"},"image":{"@id":"https:\/\/tce.pb.gov.br\/portalprimeirainfancia\/em-sao-paulo-fabio-nogueira-busca-parcerias-do-tce-pb-para-politicas-publicas-voltadas-a-primeira-infancia\/#primaryimage"},"thumbnailUrl":"https:\/\/tce.pb.gov.br\/portalprimeirainfancia\/wp-content\/uploads\/2025\/04\/Fabio-Nogueira-em-SP-Manha-1024x768-1.jpg","datePublished":"2025-02-14T12:05:00+00:00","dateModified":"2025-07-11T16:22:13+00:00","description":"Em S\u00e3o Paulo, F\u00e1bio Nogueira busca parcerias do TCE-PB para pol\u00edticas p\u00fablicas voltadas \u00e0 primeira inf\u00e2ncia %","breadcrumb":{"@id":"https:\/\/tce.pb.gov.br\/portalprimeirainfancia\/em-sao-paulo-fabio-nogueira-busca-parcerias-do-tce-pb-para-politicas-publicas-voltadas-a-primeira-infancia\/#breadcrumb"},"inLanguage":"pt-BR","potentialAction":[{"@type":"ReadAction","target":["https:\/\/tce.pb.gov.br\/portalprimeirainfancia\/em-sao-paulo-fabio-nogueira-busca-parcerias-do-tce-pb-para-politicas-publicas-voltadas-a-primeira-infancia\/"]}]},{"@type":"ImageObject","inLanguage":"pt-BR","@id":"https:\/\/tce.pb.gov.br\/portalprimeirainfancia\/em-sao-paulo-fabio-nogueira-busca-parcerias-do-tce-pb-para-politicas-publicas-voltadas-a-primeira-infancia\/#primaryimage","url":"https:\/\/tce.pb.gov.br\/portalprimeirainfancia\/wp-content\/uploads\/2025\/04\/Fabio-Nogueira-em-SP-Manha-1024x768-1.jpg","contentUrl":"https:\/\/tce.pb.gov.br\/portalprimeirainfancia\/wp-content\/uploads\/2025\/04\/Fabio-Nogueira-em-SP-Manha-1024x768-1.jpg","width":1024,"height":768},{"@type":"BreadcrumbList","@id":"https:\/\/tce.pb.gov.br\/portalprimeirainfancia\/em-sao-paulo-fabio-nogueira-busca-parcerias-do-tce-pb-para-politicas-publicas-voltadas-a-primeira-infancia\/#breadcrumb","itemListElement":[{"@type":"ListItem","position":1,"name":"In\u00edcio","item":"https:\/\/tce.pb.gov.br\/portalprimeirainfancia\/"},{"@type":"ListItem","position":2,"name":"Em S\u00e3o Paulo, F\u00e1bio Nogueira busca parcerias do TCE-PB para pol\u00edticas p\u00fablicas voltadas \u00e0 primeira inf\u00e2ncia"}]},{"@type":"WebSite","@id":"https:\/\/tce.pb.gov.br\/portalprimeirainfancia\/#website","url":"https:\/\/tce.pb.gov.br\/portalprimeirainfancia\/","name":"Pacto Paraibano pela Primeira Inf\u00e2ncia","description":"Portal para divulga\u00e7\u00e3o do Pacto Paraibano pela Primeira Inf\u00e2ncia","publisher":{"@id":"https:\/\/tce.pb.gov.br\/portalprimeirainfancia\/#organization"},"potentialAction":[{"@type":"SearchAction","target":{"@type":"EntryPoint","urlTemplate":"https:\/\/tce.pb.gov.br\/portalprimeirainfancia\/?s={search_term_string}"},"query-input":{"@type":"PropertyValueSpecification","valueRequired":true,"valueName":"search_term_string"}}],"inLanguage":"pt-BR"},{"@type":"Organization","@id":"https:\/\/tce.pb.gov.br\/portalprimeirainfancia\/#organization","name":"Pacto Paraibano pela Primeira Inf\u00e2ncia","alternateName":"TCE-PB","url":"https:\/\/tce.pb.gov.br\/portalprimeirainfancia\/","logo":{"@type":"ImageObject","inLanguage":"pt-BR","@id":"https:\/\/tce.pb.gov.br\/portalprimeirainfancia\/#\/schema\/logo\/image\/","url":"https:\/\/tce.pb.gov.br\/portalprimeirainfancia\/wp-content\/uploads\/2025\/05\/Pacto-Whatsapp.png","contentUrl":"https:\/\/tce.pb.gov.br\/portalprimeirainfancia\/wp-content\/uploads\/2025\/05\/Pacto-Whatsapp.png","width":427,"height":427,"caption":"Pacto Paraibano pela Primeira Inf\u00e2ncia"},"image":{"@id":"https:\/\/tce.pb.gov.br\/portalprimeirainfancia\/#\/schema\/logo\/image\/"},"sameAs":["https:\/\/www.instagram.com\/tcepb\/"]},{"@type":"Person","@id":"https:\/\/tce.pb.gov.br\/portalprimeirainfancia\/#\/schema\/person\/6a39eea5836dda604de1c5e5b7d62141","name":"Rafael Massoni"}]}},"jetpack_featured_media_url":"https:\/\/tce.pb.gov.br\/portalprimeirainfancia\/wp-content\/uploads\/2025\/04\/Fabio-Nogueira-em-SP-Manha-1024x768-1.jpg","jetpack_sharing_enabled":true,"_links":{"self":[{"href":"https:\/\/tce.pb.gov.br\/portalprimeirainfancia\/wp-json\/wp\/v2\/posts\/694","targetHints":{"allow":["GET"]}}],"collection":[{"href":"https:\/\/tce.pb.gov.br\/portalprimeirainfancia\/wp-json\/wp\/v2\/posts"}],"about":[{"href":"https:\/\/tce.pb.gov.br\/portalprimeirainfancia\/wp-json\/wp\/v2\/types\/post"}],"author":[{"embeddable":true,"href":"https:\/\/tce.pb.gov.br\/portalprimeirainfancia\/wp-json\/wp\/v2\/users\/6"}],"replies":[{"embeddable":true,"href":"https:\/\/tce.pb.gov.br\/portalprimeirainfancia\/wp-json\/wp\/v2\/comments?post=694"}],"version-history":[{"count":1,"href":"https:\/\/tce.pb.gov.br\/portalprimeirainfancia\/wp-json\/wp\/v2\/posts\/694\/revisions"}],"predecessor-version":[{"id":29516,"href":"https:\/\/tce.pb.gov.br\/portalprimeirainfancia\/wp-json\/wp\/v2\/posts\/694\/revisions\/29516"}],"wp:featuredmedia":[{"embeddable":true,"href":"https:\/\/tce.pb.gov.br\/portalprimeirainfancia\/wp-json\/wp\/v2\/media\/695"}],"wp:attachment":[{"href":"https:\/\/tce.pb.gov.br\/portalprimeirainfancia\/wp-json\/wp\/v2\/media?parent=694"}],"wp:term":[{"taxonomy":"category","embeddable":true,"href":"https:\/\/tce.pb.gov.br\/portalprimeirainfancia\/wp-json\/wp\/v2\/categories?post=694"},{"taxonomy":"post_tag","embeddable":true,"href":"https:\/\/tce.pb.gov.br\/portalprimeirainfancia\/wp-json\/wp\/v2\/tags?post=694"}],"curies":[{"name":"wp","href":"https:\/\/api.w.org\/{rel}","templated":true}]}}