{"id":691,"date":"2025-02-05T09:04:00","date_gmt":"2025-02-05T12:04:00","guid":{"rendered":"https:\/\/tce.pb.gov.br\/portalprimeirainfancia\/?p=691"},"modified":"2025-07-11T13:21:39","modified_gmt":"2025-07-11T16:21:39","slug":"presidente-do-tce-lembra-pacto-pela-infancia-e-conclama-prefeitos-para-resposta-a-questionario","status":"publish","type":"post","link":"https:\/\/tce.pb.gov.br\/portalprimeirainfancia\/presidente-do-tce-lembra-pacto-pela-infancia-e-conclama-prefeitos-para-resposta-a-questionario\/","title":{"rendered":"Presidente do TCE lembra Pacto pela Inf\u00e2ncia e conclama prefeitos para resposta a question\u00e1rio"},"content":{"rendered":"\n<figure class=\"wp-block-image aligncenter size-full\"><img fetchpriority=\"high\" decoding=\"async\" width=\"1024\" height=\"746\" src=\"https:\/\/tce.pb.gov.br\/portalprimeirainfancia\/wp-content\/uploads\/2025\/04\/Fabio-Nogueira-1024x746-1.jpg\" alt=\"\" class=\"wp-image-692\" srcset=\"https:\/\/tce.pb.gov.br\/portalprimeirainfancia\/wp-content\/uploads\/2025\/04\/Fabio-Nogueira-1024x746-1.jpg 1024w, https:\/\/tce.pb.gov.br\/portalprimeirainfancia\/wp-content\/uploads\/2025\/04\/Fabio-Nogueira-1024x746-1-300x219.jpg 300w, https:\/\/tce.pb.gov.br\/portalprimeirainfancia\/wp-content\/uploads\/2025\/04\/Fabio-Nogueira-1024x746-1-768x560.jpg 768w\" sizes=\"(max-width: 1024px) 100vw, 1024px\" \/><\/figure>\n\n\n\n<p>O presidente do Tribunal de Contas do Estado, conselheiro F\u00e1bio Nogueira, aproveitou a audi\u00eancia pela transmiss\u00e3o online (TV TCE-PB, canal no YouTube) da sess\u00e3o ordin\u00e1ria do Pleno, nesta quarta-feira (05), para lembrar aos prefeitos dos munic\u00edpios paraibanos, o prazo para resposta ao question\u00e1rio relacionado aos cuidados com a Primeira Inf\u00e2ncia, que dever\u00e1 ser enviado ao TCE at\u00e9 a pr\u00f3xima sexta-feira (07). O Tribunal encaminhou Of\u00edcio Circular a todos os prefeitos, evidenciando a import\u00e2ncia e necessidade dessa mobiliza\u00e7\u00e3o.<\/p>\n\n\n\n<p>A medida decorre de iniciativa do conselheiro F\u00e1bio Nogueira, que em seu discurso de posse reiterou a prioridades em rela\u00e7\u00e3o ao tema, e conclamou os prefeitos paraibanos para a formaliza\u00e7\u00e3o de um grande&nbsp;Pacto Conjunto pela Educa\u00e7\u00e3o Infantil, que ter\u00e1 como objetivo a redu\u00e7\u00e3o das desigualdades, est\u00edmulo ao desenvolvimento econ\u00f4mico e social, fomento \u00e0 produtividade e competitividade no mercado de trabalho.<\/p>\n\n\n\n<p>O question\u00e1rio visa criar um diagn\u00f3stico abrangente sobre os cuidados destinados \u00e0 Primeira Inf\u00e2ncia em todos os munic\u00edpios paraibanos e conta com a colabora\u00e7\u00e3o dos gestores municipais para obter dados essenciais sobre essa quest\u00e3o priorit\u00e1ria e urgente.&nbsp;F\u00e1bio Nogueira enfatizou a fun\u00e7\u00e3o pedag\u00f3gica do TCE, que preceitua a aproxima\u00e7\u00e3o do gestor p\u00fablico com os anseios e os direitos da sociedade, jamais seu afastamento.<\/p>\n\n\n\n<p>\u201cN\u00e3o \u00e9 preciso dizer o quanto o cuidado com as novas gera\u00e7\u00f5es \u00e9 provid\u00eancia indispens\u00e1vel \u00e0 forma\u00e7\u00e3o de cidad\u00e3os cr\u00edticos, conscientes e participativos do processo que pode e deve conduzi-las \u00e0 reden\u00e7\u00e3o social e econ\u00f4mica\u201d, disse o conselheiro naquela ocasi\u00e3o. Reiterou que \u201c\u00e9 urgente o amparo governamental \u00e0s que nos chegam. \u00c9 preciso livr\u00e1-las dos riscos das ruas e, para tanto, n\u00e3o h\u00e1 provid\u00eancia melhor nem mais r\u00e1pida do que a escola de dupla jornada. Pensemos nisso\u201d.<\/p>\n\n\n\n<p><strong>Composi\u00e7\u00e3o<\/strong>&nbsp;\u2013 O Tribunal de Contas realizou sua 2480\u00aa sess\u00e3o ordin\u00e1ria remota e presencial, sob a presid\u00eancia do conselheiro F\u00e1bio Nogueira. Na composi\u00e7\u00e3o do qu\u00f3rum estiveram presentes os conselheiros Arn\u00f3bio Alves Viana, Nominando Diniz e Andr\u00e9 Carlo Torres Pontes. Tamb\u00e9m os conselheiros substitutos Marcus Vin\u00edcius Carvalho Farias e Renato S\u00e9rgio Santiago Melo. O Minist\u00e9rio P\u00fablico de Contas esteve representado pelo procurador geral Marc\u00edlio Toscano da Franca.<\/p>\n","protected":false},"excerpt":{"rendered":"<p>O presidente do Tribunal de Contas do Estado, conselheiro F\u00e1bio Nogueira, aproveitou a audi\u00eancia pela transmiss\u00e3o online (TV TCE-PB, canal [&hellip;]<\/p>\n","protected":false},"author":6,"featured_media":692,"comment_status":"closed","ping_status":"closed","sticky":false,"template":"elementor_theme","format":"standard","meta":{"site-sidebar-layout":"default","site-content-layout":"","ast-site-content-layout":"","site-content-style":"default","site-sidebar-style":"default","ast-global-header-display":"","ast-banner-title-visibility":"","ast-main-header-display":"","ast-hfb-above-header-display":"","ast-hfb-below-header-display":"","ast-hfb-mobile-header-display":"","site-post-title":"","ast-breadcrumbs-content":"","ast-featured-img":"","footer-sml-layout":"","theme-transparent-header-meta":"","adv-header-id-meta":"","stick-header-meta":"","header-above-stick-meta":"","header-main-stick-meta":"","header-below-stick-meta":"","astra-migrate-meta-layouts":"default","ast-page-background-enabled":"default","ast-page-background-meta":{"desktop":{"background-color":"var(--ast-global-color-5)","background-image":"","background-repeat":"repeat","background-position":"center center","background-size":"auto","background-attachment":"scroll","background-type":"","background-media":"","overlay-type":"","overlay-color":"","overlay-opacity":"","overlay-gradient":""},"tablet":{"background-color":"","background-image":"","background-repeat":"repeat","background-position":"center center","background-size":"auto","background-attachment":"scroll","background-type":"","background-media":"","overlay-type":"","overlay-color":"","overlay-opacity":"","overlay-gradient":""},"mobile":{"background-color":"","background-image":"","background-repeat":"repeat","background-position":"center center","background-size":"auto","background-attachment":"scroll","background-type":"","background-media":"","overlay-type":"","overlay-color":"","overlay-opacity":"","overlay-gradient":""}},"ast-content-background-meta":{"desktop":{"background-color":"var(--ast-global-color-4)","background-image":"","background-repeat":"repeat","background-position":"center center","background-size":"auto","background-attachment":"scroll","background-type":"","background-media":"","overlay-type":"","overlay-color":"","overlay-opacity":"","overlay-gradient":""},"tablet":{"background-color":"var(--ast-global-color-4)","background-image":"","background-repeat":"repeat","background-position":"center center","background-size":"auto","background-attachment":"scroll","background-type":"","background-media":"","overlay-type":"","overlay-color":"","overlay-opacity":"","overlay-gradient":""},"mobile":{"background-color":"var(--ast-global-color-4)","background-image":"","background-repeat":"repeat","background-position":"center center","background-size":"auto","background-attachment":"scroll","background-type":"","background-media":"","overlay-type":"","overlay-color":"","overlay-opacity":"","overlay-gradient":""}},"_jetpack_memberships_contains_paid_content":false,"footnotes":""},"categories":[7],"tags":[],"class_list":["post-691","post","type-post","status-publish","format-standard","has-post-thumbnail","hentry","category-noticias"],"yoast_head":"<!-- This site is optimized with the Yoast SEO plugin v27.5 - https:\/\/yoast.com\/product\/yoast-seo-wordpress\/ -->\n<title>Presidente do TCE lembra Pacto pela Inf\u00e2ncia e conclama prefeitos para resposta a question\u00e1rio %<\/title>\n<meta name=\"description\" content=\"Presidente do TCE lembra Pacto pela Inf\u00e2ncia e conclama prefeitos para resposta a question\u00e1rio %\" \/>\n<meta name=\"robots\" content=\"index, follow, max-snippet:-1, max-image-preview:large, max-video-preview:-1\" \/>\n<link rel=\"canonical\" href=\"https:\/\/tce.pb.gov.br\/portalprimeirainfancia\/presidente-do-tce-lembra-pacto-pela-infancia-e-conclama-prefeitos-para-resposta-a-questionario\/\" \/>\n<meta property=\"og:locale\" content=\"pt_BR\" \/>\n<meta property=\"og:type\" content=\"article\" \/>\n<meta property=\"og:title\" content=\"Presidente do TCE lembra Pacto pela Inf\u00e2ncia e conclama prefeitos para resposta a question\u00e1rio %\" \/>\n<meta property=\"og:description\" content=\"Presidente do TCE lembra Pacto pela Inf\u00e2ncia e conclama prefeitos para resposta a question\u00e1rio %\" \/>\n<meta property=\"og:url\" content=\"https:\/\/tce.pb.gov.br\/portalprimeirainfancia\/presidente-do-tce-lembra-pacto-pela-infancia-e-conclama-prefeitos-para-resposta-a-questionario\/\" \/>\n<meta property=\"og:site_name\" content=\"Pacto Paraibano pela Primeira Inf\u00e2ncia\" \/>\n<meta property=\"article:published_time\" content=\"2025-02-05T12:04:00+00:00\" \/>\n<meta property=\"article:modified_time\" content=\"2025-07-11T16:21:39+00:00\" \/>\n<meta property=\"og:image\" content=\"https:\/\/tce.pb.gov.br\/portalprimeirainfancia\/wp-content\/uploads\/2025\/04\/Fabio-Nogueira-1024x746-1.jpg\" \/>\n\t<meta property=\"og:image:width\" content=\"1024\" \/>\n\t<meta property=\"og:image:height\" content=\"746\" \/>\n\t<meta property=\"og:image:type\" content=\"image\/jpeg\" \/>\n<meta name=\"author\" content=\"Rafael Massoni\" \/>\n<meta name=\"twitter:card\" content=\"summary_large_image\" \/>\n<meta name=\"twitter:label1\" content=\"Escrito por\" \/>\n\t<meta name=\"twitter:data1\" content=\"Rafael Massoni\" \/>\n\t<meta name=\"twitter:label2\" content=\"Est. tempo de leitura\" \/>\n\t<meta name=\"twitter:data2\" content=\"3 minutos\" \/>\n<script type=\"application\/ld+json\" class=\"yoast-schema-graph\">{\"@context\":\"https:\\\/\\\/schema.org\",\"@graph\":[{\"@type\":\"NewsArticle\",\"@id\":\"https:\\\/\\\/tce.pb.gov.br\\\/portalprimeirainfancia\\\/presidente-do-tce-lembra-pacto-pela-infancia-e-conclama-prefeitos-para-resposta-a-questionario\\\/#article\",\"isPartOf\":{\"@id\":\"https:\\\/\\\/tce.pb.gov.br\\\/portalprimeirainfancia\\\/presidente-do-tce-lembra-pacto-pela-infancia-e-conclama-prefeitos-para-resposta-a-questionario\\\/\"},\"author\":{\"name\":\"Rafael Massoni\",\"@id\":\"https:\\\/\\\/tce.pb.gov.br\\\/portalprimeirainfancia\\\/#\\\/schema\\\/person\\\/6a39eea5836dda604de1c5e5b7d62141\"},\"headline\":\"Presidente do TCE lembra Pacto pela Inf\u00e2ncia e conclama prefeitos para resposta a question\u00e1rio\",\"datePublished\":\"2025-02-05T12:04:00+00:00\",\"dateModified\":\"2025-07-11T16:21:39+00:00\",\"mainEntityOfPage\":{\"@id\":\"https:\\\/\\\/tce.pb.gov.br\\\/portalprimeirainfancia\\\/presidente-do-tce-lembra-pacto-pela-infancia-e-conclama-prefeitos-para-resposta-a-questionario\\\/\"},\"wordCount\":410,\"publisher\":{\"@id\":\"https:\\\/\\\/tce.pb.gov.br\\\/portalprimeirainfancia\\\/#organization\"},\"image\":{\"@id\":\"https:\\\/\\\/tce.pb.gov.br\\\/portalprimeirainfancia\\\/presidente-do-tce-lembra-pacto-pela-infancia-e-conclama-prefeitos-para-resposta-a-questionario\\\/#primaryimage\"},\"thumbnailUrl\":\"https:\\\/\\\/tce.pb.gov.br\\\/portalprimeirainfancia\\\/wp-content\\\/uploads\\\/2025\\\/04\\\/Fabio-Nogueira-1024x746-1.jpg\",\"articleSection\":[\"Not\u00edcias\"],\"inLanguage\":\"pt-BR\"},{\"@type\":\"WebPage\",\"@id\":\"https:\\\/\\\/tce.pb.gov.br\\\/portalprimeirainfancia\\\/presidente-do-tce-lembra-pacto-pela-infancia-e-conclama-prefeitos-para-resposta-a-questionario\\\/\",\"url\":\"https:\\\/\\\/tce.pb.gov.br\\\/portalprimeirainfancia\\\/presidente-do-tce-lembra-pacto-pela-infancia-e-conclama-prefeitos-para-resposta-a-questionario\\\/\",\"name\":\"Presidente do TCE lembra Pacto pela Inf\u00e2ncia e conclama prefeitos para resposta a question\u00e1rio %\",\"isPartOf\":{\"@id\":\"https:\\\/\\\/tce.pb.gov.br\\\/portalprimeirainfancia\\\/#website\"},\"primaryImageOfPage\":{\"@id\":\"https:\\\/\\\/tce.pb.gov.br\\\/portalprimeirainfancia\\\/presidente-do-tce-lembra-pacto-pela-infancia-e-conclama-prefeitos-para-resposta-a-questionario\\\/#primaryimage\"},\"image\":{\"@id\":\"https:\\\/\\\/tce.pb.gov.br\\\/portalprimeirainfancia\\\/presidente-do-tce-lembra-pacto-pela-infancia-e-conclama-prefeitos-para-resposta-a-questionario\\\/#primaryimage\"},\"thumbnailUrl\":\"https:\\\/\\\/tce.pb.gov.br\\\/portalprimeirainfancia\\\/wp-content\\\/uploads\\\/2025\\\/04\\\/Fabio-Nogueira-1024x746-1.jpg\",\"datePublished\":\"2025-02-05T12:04:00+00:00\",\"dateModified\":\"2025-07-11T16:21:39+00:00\",\"description\":\"Presidente do TCE lembra Pacto pela Inf\u00e2ncia e conclama prefeitos para resposta a question\u00e1rio %\",\"breadcrumb\":{\"@id\":\"https:\\\/\\\/tce.pb.gov.br\\\/portalprimeirainfancia\\\/presidente-do-tce-lembra-pacto-pela-infancia-e-conclama-prefeitos-para-resposta-a-questionario\\\/#breadcrumb\"},\"inLanguage\":\"pt-BR\",\"potentialAction\":[{\"@type\":\"ReadAction\",\"target\":[\"https:\\\/\\\/tce.pb.gov.br\\\/portalprimeirainfancia\\\/presidente-do-tce-lembra-pacto-pela-infancia-e-conclama-prefeitos-para-resposta-a-questionario\\\/\"]}]},{\"@type\":\"ImageObject\",\"inLanguage\":\"pt-BR\",\"@id\":\"https:\\\/\\\/tce.pb.gov.br\\\/portalprimeirainfancia\\\/presidente-do-tce-lembra-pacto-pela-infancia-e-conclama-prefeitos-para-resposta-a-questionario\\\/#primaryimage\",\"url\":\"https:\\\/\\\/tce.pb.gov.br\\\/portalprimeirainfancia\\\/wp-content\\\/uploads\\\/2025\\\/04\\\/Fabio-Nogueira-1024x746-1.jpg\",\"contentUrl\":\"https:\\\/\\\/tce.pb.gov.br\\\/portalprimeirainfancia\\\/wp-content\\\/uploads\\\/2025\\\/04\\\/Fabio-Nogueira-1024x746-1.jpg\",\"width\":1024,\"height\":746},{\"@type\":\"BreadcrumbList\",\"@id\":\"https:\\\/\\\/tce.pb.gov.br\\\/portalprimeirainfancia\\\/presidente-do-tce-lembra-pacto-pela-infancia-e-conclama-prefeitos-para-resposta-a-questionario\\\/#breadcrumb\",\"itemListElement\":[{\"@type\":\"ListItem\",\"position\":1,\"name\":\"In\u00edcio\",\"item\":\"https:\\\/\\\/tce.pb.gov.br\\\/portalprimeirainfancia\\\/\"},{\"@type\":\"ListItem\",\"position\":2,\"name\":\"Presidente do TCE lembra Pacto pela Inf\u00e2ncia e conclama prefeitos para resposta a question\u00e1rio\"}]},{\"@type\":\"WebSite\",\"@id\":\"https:\\\/\\\/tce.pb.gov.br\\\/portalprimeirainfancia\\\/#website\",\"url\":\"https:\\\/\\\/tce.pb.gov.br\\\/portalprimeirainfancia\\\/\",\"name\":\"Pacto Paraibano pela Primeira Inf\u00e2ncia\",\"description\":\"Portal para divulga\u00e7\u00e3o do Pacto Paraibano pela Primeira Inf\u00e2ncia\",\"publisher\":{\"@id\":\"https:\\\/\\\/tce.pb.gov.br\\\/portalprimeirainfancia\\\/#organization\"},\"potentialAction\":[{\"@type\":\"SearchAction\",\"target\":{\"@type\":\"EntryPoint\",\"urlTemplate\":\"https:\\\/\\\/tce.pb.gov.br\\\/portalprimeirainfancia\\\/?s={search_term_string}\"},\"query-input\":{\"@type\":\"PropertyValueSpecification\",\"valueRequired\":true,\"valueName\":\"search_term_string\"}}],\"inLanguage\":\"pt-BR\"},{\"@type\":\"Organization\",\"@id\":\"https:\\\/\\\/tce.pb.gov.br\\\/portalprimeirainfancia\\\/#organization\",\"name\":\"Pacto Paraibano pela Primeira Inf\u00e2ncia\",\"alternateName\":\"TCE-PB\",\"url\":\"https:\\\/\\\/tce.pb.gov.br\\\/portalprimeirainfancia\\\/\",\"logo\":{\"@type\":\"ImageObject\",\"inLanguage\":\"pt-BR\",\"@id\":\"https:\\\/\\\/tce.pb.gov.br\\\/portalprimeirainfancia\\\/#\\\/schema\\\/logo\\\/image\\\/\",\"url\":\"https:\\\/\\\/tce.pb.gov.br\\\/portalprimeirainfancia\\\/wp-content\\\/uploads\\\/2025\\\/05\\\/Pacto-Whatsapp.png\",\"contentUrl\":\"https:\\\/\\\/tce.pb.gov.br\\\/portalprimeirainfancia\\\/wp-content\\\/uploads\\\/2025\\\/05\\\/Pacto-Whatsapp.png\",\"width\":427,\"height\":427,\"caption\":\"Pacto Paraibano pela Primeira Inf\u00e2ncia\"},\"image\":{\"@id\":\"https:\\\/\\\/tce.pb.gov.br\\\/portalprimeirainfancia\\\/#\\\/schema\\\/logo\\\/image\\\/\"},\"sameAs\":[\"https:\\\/\\\/www.instagram.com\\\/tcepb\\\/\"]},{\"@type\":\"Person\",\"@id\":\"https:\\\/\\\/tce.pb.gov.br\\\/portalprimeirainfancia\\\/#\\\/schema\\\/person\\\/6a39eea5836dda604de1c5e5b7d62141\",\"name\":\"Rafael Massoni\"}]}<\/script>\n<!-- \/ Yoast SEO plugin. -->","yoast_head_json":{"title":"Presidente do TCE lembra Pacto pela Inf\u00e2ncia e conclama prefeitos para resposta a question\u00e1rio %","description":"Presidente do TCE lembra Pacto pela Inf\u00e2ncia e conclama prefeitos para resposta a question\u00e1rio %","robots":{"index":"index","follow":"follow","max-snippet":"max-snippet:-1","max-image-preview":"max-image-preview:large","max-video-preview":"max-video-preview:-1"},"canonical":"https:\/\/tce.pb.gov.br\/portalprimeirainfancia\/presidente-do-tce-lembra-pacto-pela-infancia-e-conclama-prefeitos-para-resposta-a-questionario\/","og_locale":"pt_BR","og_type":"article","og_title":"Presidente do TCE lembra Pacto pela Inf\u00e2ncia e conclama prefeitos para resposta a question\u00e1rio %","og_description":"Presidente do TCE lembra Pacto pela Inf\u00e2ncia e conclama prefeitos para resposta a question\u00e1rio %","og_url":"https:\/\/tce.pb.gov.br\/portalprimeirainfancia\/presidente-do-tce-lembra-pacto-pela-infancia-e-conclama-prefeitos-para-resposta-a-questionario\/","og_site_name":"Pacto Paraibano pela Primeira Inf\u00e2ncia","article_published_time":"2025-02-05T12:04:00+00:00","article_modified_time":"2025-07-11T16:21:39+00:00","og_image":[{"width":1024,"height":746,"url":"https:\/\/tce.pb.gov.br\/portalprimeirainfancia\/wp-content\/uploads\/2025\/04\/Fabio-Nogueira-1024x746-1.jpg","type":"image\/jpeg"}],"author":"Rafael Massoni","twitter_card":"summary_large_image","twitter_misc":{"Escrito por":"Rafael Massoni","Est. tempo de leitura":"3 minutos"},"schema":{"@context":"https:\/\/schema.org","@graph":[{"@type":"NewsArticle","@id":"https:\/\/tce.pb.gov.br\/portalprimeirainfancia\/presidente-do-tce-lembra-pacto-pela-infancia-e-conclama-prefeitos-para-resposta-a-questionario\/#article","isPartOf":{"@id":"https:\/\/tce.pb.gov.br\/portalprimeirainfancia\/presidente-do-tce-lembra-pacto-pela-infancia-e-conclama-prefeitos-para-resposta-a-questionario\/"},"author":{"name":"Rafael Massoni","@id":"https:\/\/tce.pb.gov.br\/portalprimeirainfancia\/#\/schema\/person\/6a39eea5836dda604de1c5e5b7d62141"},"headline":"Presidente do TCE lembra Pacto pela Inf\u00e2ncia e conclama prefeitos para resposta a question\u00e1rio","datePublished":"2025-02-05T12:04:00+00:00","dateModified":"2025-07-11T16:21:39+00:00","mainEntityOfPage":{"@id":"https:\/\/tce.pb.gov.br\/portalprimeirainfancia\/presidente-do-tce-lembra-pacto-pela-infancia-e-conclama-prefeitos-para-resposta-a-questionario\/"},"wordCount":410,"publisher":{"@id":"https:\/\/tce.pb.gov.br\/portalprimeirainfancia\/#organization"},"image":{"@id":"https:\/\/tce.pb.gov.br\/portalprimeirainfancia\/presidente-do-tce-lembra-pacto-pela-infancia-e-conclama-prefeitos-para-resposta-a-questionario\/#primaryimage"},"thumbnailUrl":"https:\/\/tce.pb.gov.br\/portalprimeirainfancia\/wp-content\/uploads\/2025\/04\/Fabio-Nogueira-1024x746-1.jpg","articleSection":["Not\u00edcias"],"inLanguage":"pt-BR"},{"@type":"WebPage","@id":"https:\/\/tce.pb.gov.br\/portalprimeirainfancia\/presidente-do-tce-lembra-pacto-pela-infancia-e-conclama-prefeitos-para-resposta-a-questionario\/","url":"https:\/\/tce.pb.gov.br\/portalprimeirainfancia\/presidente-do-tce-lembra-pacto-pela-infancia-e-conclama-prefeitos-para-resposta-a-questionario\/","name":"Presidente do TCE lembra Pacto pela Inf\u00e2ncia e conclama prefeitos para resposta a question\u00e1rio %","isPartOf":{"@id":"https:\/\/tce.pb.gov.br\/portalprimeirainfancia\/#website"},"primaryImageOfPage":{"@id":"https:\/\/tce.pb.gov.br\/portalprimeirainfancia\/presidente-do-tce-lembra-pacto-pela-infancia-e-conclama-prefeitos-para-resposta-a-questionario\/#primaryimage"},"image":{"@id":"https:\/\/tce.pb.gov.br\/portalprimeirainfancia\/presidente-do-tce-lembra-pacto-pela-infancia-e-conclama-prefeitos-para-resposta-a-questionario\/#primaryimage"},"thumbnailUrl":"https:\/\/tce.pb.gov.br\/portalprimeirainfancia\/wp-content\/uploads\/2025\/04\/Fabio-Nogueira-1024x746-1.jpg","datePublished":"2025-02-05T12:04:00+00:00","dateModified":"2025-07-11T16:21:39+00:00","description":"Presidente do TCE lembra Pacto pela Inf\u00e2ncia e conclama prefeitos para resposta a question\u00e1rio %","breadcrumb":{"@id":"https:\/\/tce.pb.gov.br\/portalprimeirainfancia\/presidente-do-tce-lembra-pacto-pela-infancia-e-conclama-prefeitos-para-resposta-a-questionario\/#breadcrumb"},"inLanguage":"pt-BR","potentialAction":[{"@type":"ReadAction","target":["https:\/\/tce.pb.gov.br\/portalprimeirainfancia\/presidente-do-tce-lembra-pacto-pela-infancia-e-conclama-prefeitos-para-resposta-a-questionario\/"]}]},{"@type":"ImageObject","inLanguage":"pt-BR","@id":"https:\/\/tce.pb.gov.br\/portalprimeirainfancia\/presidente-do-tce-lembra-pacto-pela-infancia-e-conclama-prefeitos-para-resposta-a-questionario\/#primaryimage","url":"https:\/\/tce.pb.gov.br\/portalprimeirainfancia\/wp-content\/uploads\/2025\/04\/Fabio-Nogueira-1024x746-1.jpg","contentUrl":"https:\/\/tce.pb.gov.br\/portalprimeirainfancia\/wp-content\/uploads\/2025\/04\/Fabio-Nogueira-1024x746-1.jpg","width":1024,"height":746},{"@type":"BreadcrumbList","@id":"https:\/\/tce.pb.gov.br\/portalprimeirainfancia\/presidente-do-tce-lembra-pacto-pela-infancia-e-conclama-prefeitos-para-resposta-a-questionario\/#breadcrumb","itemListElement":[{"@type":"ListItem","position":1,"name":"In\u00edcio","item":"https:\/\/tce.pb.gov.br\/portalprimeirainfancia\/"},{"@type":"ListItem","position":2,"name":"Presidente do TCE lembra Pacto pela Inf\u00e2ncia e conclama prefeitos para resposta a question\u00e1rio"}]},{"@type":"WebSite","@id":"https:\/\/tce.pb.gov.br\/portalprimeirainfancia\/#website","url":"https:\/\/tce.pb.gov.br\/portalprimeirainfancia\/","name":"Pacto Paraibano pela Primeira Inf\u00e2ncia","description":"Portal para divulga\u00e7\u00e3o do Pacto Paraibano pela Primeira Inf\u00e2ncia","publisher":{"@id":"https:\/\/tce.pb.gov.br\/portalprimeirainfancia\/#organization"},"potentialAction":[{"@type":"SearchAction","target":{"@type":"EntryPoint","urlTemplate":"https:\/\/tce.pb.gov.br\/portalprimeirainfancia\/?s={search_term_string}"},"query-input":{"@type":"PropertyValueSpecification","valueRequired":true,"valueName":"search_term_string"}}],"inLanguage":"pt-BR"},{"@type":"Organization","@id":"https:\/\/tce.pb.gov.br\/portalprimeirainfancia\/#organization","name":"Pacto Paraibano pela Primeira Inf\u00e2ncia","alternateName":"TCE-PB","url":"https:\/\/tce.pb.gov.br\/portalprimeirainfancia\/","logo":{"@type":"ImageObject","inLanguage":"pt-BR","@id":"https:\/\/tce.pb.gov.br\/portalprimeirainfancia\/#\/schema\/logo\/image\/","url":"https:\/\/tce.pb.gov.br\/portalprimeirainfancia\/wp-content\/uploads\/2025\/05\/Pacto-Whatsapp.png","contentUrl":"https:\/\/tce.pb.gov.br\/portalprimeirainfancia\/wp-content\/uploads\/2025\/05\/Pacto-Whatsapp.png","width":427,"height":427,"caption":"Pacto Paraibano pela Primeira Inf\u00e2ncia"},"image":{"@id":"https:\/\/tce.pb.gov.br\/portalprimeirainfancia\/#\/schema\/logo\/image\/"},"sameAs":["https:\/\/www.instagram.com\/tcepb\/"]},{"@type":"Person","@id":"https:\/\/tce.pb.gov.br\/portalprimeirainfancia\/#\/schema\/person\/6a39eea5836dda604de1c5e5b7d62141","name":"Rafael Massoni"}]}},"jetpack_featured_media_url":"https:\/\/tce.pb.gov.br\/portalprimeirainfancia\/wp-content\/uploads\/2025\/04\/Fabio-Nogueira-1024x746-1.jpg","jetpack_sharing_enabled":true,"_links":{"self":[{"href":"https:\/\/tce.pb.gov.br\/portalprimeirainfancia\/wp-json\/wp\/v2\/posts\/691","targetHints":{"allow":["GET"]}}],"collection":[{"href":"https:\/\/tce.pb.gov.br\/portalprimeirainfancia\/wp-json\/wp\/v2\/posts"}],"about":[{"href":"https:\/\/tce.pb.gov.br\/portalprimeirainfancia\/wp-json\/wp\/v2\/types\/post"}],"author":[{"embeddable":true,"href":"https:\/\/tce.pb.gov.br\/portalprimeirainfancia\/wp-json\/wp\/v2\/users\/6"}],"replies":[{"embeddable":true,"href":"https:\/\/tce.pb.gov.br\/portalprimeirainfancia\/wp-json\/wp\/v2\/comments?post=691"}],"version-history":[{"count":1,"href":"https:\/\/tce.pb.gov.br\/portalprimeirainfancia\/wp-json\/wp\/v2\/posts\/691\/revisions"}],"predecessor-version":[{"id":29515,"href":"https:\/\/tce.pb.gov.br\/portalprimeirainfancia\/wp-json\/wp\/v2\/posts\/691\/revisions\/29515"}],"wp:featuredmedia":[{"embeddable":true,"href":"https:\/\/tce.pb.gov.br\/portalprimeirainfancia\/wp-json\/wp\/v2\/media\/692"}],"wp:attachment":[{"href":"https:\/\/tce.pb.gov.br\/portalprimeirainfancia\/wp-json\/wp\/v2\/media?parent=691"}],"wp:term":[{"taxonomy":"category","embeddable":true,"href":"https:\/\/tce.pb.gov.br\/portalprimeirainfancia\/wp-json\/wp\/v2\/categories?post=691"},{"taxonomy":"post_tag","embeddable":true,"href":"https:\/\/tce.pb.gov.br\/portalprimeirainfancia\/wp-json\/wp\/v2\/tags?post=691"}],"curies":[{"name":"wp","href":"https:\/\/api.w.org\/{rel}","templated":true}]}}