{"id":688,"date":"2025-02-04T09:03:00","date_gmt":"2025-02-04T12:03:00","guid":{"rendered":"https:\/\/tce.pb.gov.br\/portalprimeirainfancia\/?p=688"},"modified":"2025-04-23T20:01:19","modified_gmt":"2025-04-23T23:01:19","slug":"prefeituras-da-paraiba-tem-prazo-ate-sexta-feira-para-responder-questionario-sobre-primeira-infancia","status":"publish","type":"post","link":"https:\/\/tce.pb.gov.br\/portalprimeirainfancia\/prefeituras-da-paraiba-tem-prazo-ate-sexta-feira-para-responder-questionario-sobre-primeira-infancia\/","title":{"rendered":"Prefeituras da Para\u00edba t\u00eam prazo at\u00e9 sexta-feira para responder question\u00e1rio sobre Primeira Inf\u00e2ncia"},"content":{"rendered":"\n<figure class=\"wp-block-image aligncenter size-full\"><img fetchpriority=\"high\" decoding=\"async\" width=\"1000\" height=\"608\" src=\"https:\/\/tce.pb.gov.br\/portalprimeirainfancia\/wp-content\/uploads\/2025\/04\/Primeira-Infancia.jpg\" alt=\"\" class=\"wp-image-689\" srcset=\"https:\/\/tce.pb.gov.br\/portalprimeirainfancia\/wp-content\/uploads\/2025\/04\/Primeira-Infancia.jpg 1000w, https:\/\/tce.pb.gov.br\/portalprimeirainfancia\/wp-content\/uploads\/2025\/04\/Primeira-Infancia-300x182.jpg 300w, https:\/\/tce.pb.gov.br\/portalprimeirainfancia\/wp-content\/uploads\/2025\/04\/Primeira-Infancia-768x467.jpg 768w\" sizes=\"(max-width: 1000px) 100vw, 1000px\" \/><\/figure>\n\n\n\n<p>Todos os prefeitos da Para\u00edba dever\u00e3o responder a um question\u00e1rio enviado pelo Tribunal de Contas da Para\u00edba, relacionado aos cuidados com a Primeira Inf\u00e2ncia, at\u00e9 esta sexta-feira (07).<\/p>\n\n\n\n<p>Em uma circular enviada &nbsp;aos prefeitos, o presidente do Tribunal, conselheiro F\u00e1bio Nogueira, enfatizou a import\u00e2ncia dessa iniciativa, destacando que as a\u00e7\u00f5es devem ser voltadas ao desenvolvimento das crian\u00e7as na faixa et\u00e1ria de 0 a 6 anos. \u201c\u00c9 nesse per\u00edodo crucial que se estruturam quase todas as conex\u00f5es neuronais da crian\u00e7a, al\u00e9m de ocorrerem importantes ganhos cognitivos e o fortalecimento do sistema imunol\u00f3gico\u201d, afirmou Nogueira. Ele alertou que a falta de aten\u00e7\u00e3o e a\u00e7\u00e3o neste est\u00e1gio pode prejudicar o pleno desenvolvimento emocional e f\u00edsico das crian\u00e7as.<\/p>\n\n\n\n<p>A circular tamb\u00e9m menciona que o Tribunal de Contas requer dos munic\u00edpios o desenvolvimento de pol\u00edticas p\u00fablicas voltadas \u00e0 Primeira Inf\u00e2ncia, conforme recomenda\u00e7\u00f5es da UNICEF, da Lei n\u00b0 13.257\/2016 e do pacto nacional estabelecido com o CNJ. O question\u00e1rio visa criar um diagn\u00f3stico abrangente sobre os cuidados destinados \u00e0 Primeira Inf\u00e2ncia em todos os munic\u00edpios paraibanos e conta com a colabora\u00e7\u00e3o dos gestores municipais para obter dados essenciais sobre essa quest\u00e3o priorit\u00e1ria e urgente.<\/p>\n","protected":false},"excerpt":{"rendered":"<p>Todos os prefeitos da Para\u00edba dever\u00e3o responder a um question\u00e1rio enviado pelo Tribunal de Contas da Para\u00edba, relacionado aos cuidados [&hellip;]<\/p>\n","protected":false},"author":6,"featured_media":689,"comment_status":"closed","ping_status":"closed","sticky":false,"template":"elementor_theme","format":"standard","meta":{"site-sidebar-layout":"default","site-content-layout":"","ast-site-content-layout":"","site-content-style":"default","site-sidebar-style":"default","ast-global-header-display":"","ast-banner-title-visibility":"","ast-main-header-display":"","ast-hfb-above-header-display":"","ast-hfb-below-header-display":"","ast-hfb-mobile-header-display":"","site-post-title":"","ast-breadcrumbs-content":"","ast-featured-img":"","footer-sml-layout":"","theme-transparent-header-meta":"","adv-header-id-meta":"","stick-header-meta":"","header-above-stick-meta":"","header-main-stick-meta":"","header-below-stick-meta":"","astra-migrate-meta-layouts":"default","ast-page-background-enabled":"default","ast-page-background-meta":{"desktop":{"background-color":"var(--ast-global-color-5)","background-image":"","background-repeat":"repeat","background-position":"center center","background-size":"auto","background-attachment":"scroll","background-type":"","background-media":"","overlay-type":"","overlay-color":"","overlay-opacity":"","overlay-gradient":""},"tablet":{"background-color":"","background-image":"","background-repeat":"repeat","background-position":"center center","background-size":"auto","background-attachment":"scroll","background-type":"","background-media":"","overlay-type":"","overlay-color":"","overlay-opacity":"","overlay-gradient":""},"mobile":{"background-color":"","background-image":"","background-repeat":"repeat","background-position":"center center","background-size":"auto","background-attachment":"scroll","background-type":"","background-media":"","overlay-type":"","overlay-color":"","overlay-opacity":"","overlay-gradient":""}},"ast-content-background-meta":{"desktop":{"background-color":"var(--ast-global-color-4)","background-image":"","background-repeat":"repeat","background-position":"center center","background-size":"auto","background-attachment":"scroll","background-type":"","background-media":"","overlay-type":"","overlay-color":"","overlay-opacity":"","overlay-gradient":""},"tablet":{"background-color":"var(--ast-global-color-4)","background-image":"","background-repeat":"repeat","background-position":"center center","background-size":"auto","background-attachment":"scroll","background-type":"","background-media":"","overlay-type":"","overlay-color":"","overlay-opacity":"","overlay-gradient":""},"mobile":{"background-color":"var(--ast-global-color-4)","background-image":"","background-repeat":"repeat","background-position":"center center","background-size":"auto","background-attachment":"scroll","background-type":"","background-media":"","overlay-type":"","overlay-color":"","overlay-opacity":"","overlay-gradient":""}},"_jetpack_memberships_contains_paid_content":false,"footnotes":""},"categories":[7],"tags":[],"class_list":["post-688","post","type-post","status-publish","format-standard","has-post-thumbnail","hentry","category-noticias"],"yoast_head":"<!-- This site is optimized with the Yoast SEO plugin v27.5 - https:\/\/yoast.com\/product\/yoast-seo-wordpress\/ -->\n<title>Prefeituras da Para\u00edba t\u00eam prazo at\u00e9 sexta-feira para responder question\u00e1rio sobre Primeira Inf\u00e2ncia %<\/title>\n<meta name=\"description\" content=\"Prefeituras da Para\u00edba t\u00eam prazo at\u00e9 sexta-feira para responder question\u00e1rio sobre Primeira Inf\u00e2ncia %\" \/>\n<meta name=\"robots\" content=\"index, follow, max-snippet:-1, max-image-preview:large, max-video-preview:-1\" \/>\n<link rel=\"canonical\" href=\"https:\/\/tce.pb.gov.br\/portalprimeirainfancia\/prefeituras-da-paraiba-tem-prazo-ate-sexta-feira-para-responder-questionario-sobre-primeira-infancia\/\" \/>\n<meta property=\"og:locale\" content=\"pt_BR\" \/>\n<meta property=\"og:type\" content=\"article\" \/>\n<meta property=\"og:title\" content=\"Prefeituras da Para\u00edba t\u00eam prazo at\u00e9 sexta-feira para responder question\u00e1rio sobre Primeira Inf\u00e2ncia %\" \/>\n<meta property=\"og:description\" content=\"Prefeituras da Para\u00edba t\u00eam prazo at\u00e9 sexta-feira para responder question\u00e1rio sobre Primeira Inf\u00e2ncia %\" \/>\n<meta property=\"og:url\" content=\"https:\/\/tce.pb.gov.br\/portalprimeirainfancia\/prefeituras-da-paraiba-tem-prazo-ate-sexta-feira-para-responder-questionario-sobre-primeira-infancia\/\" \/>\n<meta property=\"og:site_name\" content=\"Pacto Paraibano pela Primeira Inf\u00e2ncia\" \/>\n<meta property=\"article:published_time\" content=\"2025-02-04T12:03:00+00:00\" \/>\n<meta property=\"article:modified_time\" content=\"2025-04-23T23:01:19+00:00\" \/>\n<meta property=\"og:image\" content=\"https:\/\/tce.pb.gov.br\/portalprimeirainfancia\/wp-content\/uploads\/2025\/04\/Primeira-Infancia.jpg\" \/>\n\t<meta property=\"og:image:width\" content=\"1000\" \/>\n\t<meta property=\"og:image:height\" content=\"608\" \/>\n\t<meta property=\"og:image:type\" content=\"image\/jpeg\" \/>\n<meta name=\"author\" content=\"Rafael Massoni\" \/>\n<meta name=\"twitter:card\" content=\"summary_large_image\" \/>\n<meta name=\"twitter:label1\" content=\"Escrito por\" \/>\n\t<meta name=\"twitter:data1\" content=\"Rafael Massoni\" \/>\n\t<meta name=\"twitter:label2\" content=\"Est. tempo de leitura\" \/>\n\t<meta name=\"twitter:data2\" content=\"1 minuto\" \/>\n<script type=\"application\/ld+json\" class=\"yoast-schema-graph\">{\"@context\":\"https:\\\/\\\/schema.org\",\"@graph\":[{\"@type\":\"NewsArticle\",\"@id\":\"https:\\\/\\\/tce.pb.gov.br\\\/portalprimeirainfancia\\\/prefeituras-da-paraiba-tem-prazo-ate-sexta-feira-para-responder-questionario-sobre-primeira-infancia\\\/#article\",\"isPartOf\":{\"@id\":\"https:\\\/\\\/tce.pb.gov.br\\\/portalprimeirainfancia\\\/prefeituras-da-paraiba-tem-prazo-ate-sexta-feira-para-responder-questionario-sobre-primeira-infancia\\\/\"},\"author\":{\"name\":\"Rafael Massoni\",\"@id\":\"https:\\\/\\\/tce.pb.gov.br\\\/portalprimeirainfancia\\\/#\\\/schema\\\/person\\\/6a39eea5836dda604de1c5e5b7d62141\"},\"headline\":\"Prefeituras da Para\u00edba t\u00eam prazo at\u00e9 sexta-feira para responder question\u00e1rio sobre Primeira Inf\u00e2ncia\",\"datePublished\":\"2025-02-04T12:03:00+00:00\",\"dateModified\":\"2025-04-23T23:01:19+00:00\",\"mainEntityOfPage\":{\"@id\":\"https:\\\/\\\/tce.pb.gov.br\\\/portalprimeirainfancia\\\/prefeituras-da-paraiba-tem-prazo-ate-sexta-feira-para-responder-questionario-sobre-primeira-infancia\\\/\"},\"wordCount\":232,\"publisher\":{\"@id\":\"https:\\\/\\\/tce.pb.gov.br\\\/portalprimeirainfancia\\\/#organization\"},\"image\":{\"@id\":\"https:\\\/\\\/tce.pb.gov.br\\\/portalprimeirainfancia\\\/prefeituras-da-paraiba-tem-prazo-ate-sexta-feira-para-responder-questionario-sobre-primeira-infancia\\\/#primaryimage\"},\"thumbnailUrl\":\"https:\\\/\\\/tce.pb.gov.br\\\/portalprimeirainfancia\\\/wp-content\\\/uploads\\\/2025\\\/04\\\/Primeira-Infancia.jpg\",\"articleSection\":[\"Not\u00edcias\"],\"inLanguage\":\"pt-BR\"},{\"@type\":\"WebPage\",\"@id\":\"https:\\\/\\\/tce.pb.gov.br\\\/portalprimeirainfancia\\\/prefeituras-da-paraiba-tem-prazo-ate-sexta-feira-para-responder-questionario-sobre-primeira-infancia\\\/\",\"url\":\"https:\\\/\\\/tce.pb.gov.br\\\/portalprimeirainfancia\\\/prefeituras-da-paraiba-tem-prazo-ate-sexta-feira-para-responder-questionario-sobre-primeira-infancia\\\/\",\"name\":\"Prefeituras da Para\u00edba t\u00eam prazo at\u00e9 sexta-feira para responder question\u00e1rio sobre Primeira Inf\u00e2ncia %\",\"isPartOf\":{\"@id\":\"https:\\\/\\\/tce.pb.gov.br\\\/portalprimeirainfancia\\\/#website\"},\"primaryImageOfPage\":{\"@id\":\"https:\\\/\\\/tce.pb.gov.br\\\/portalprimeirainfancia\\\/prefeituras-da-paraiba-tem-prazo-ate-sexta-feira-para-responder-questionario-sobre-primeira-infancia\\\/#primaryimage\"},\"image\":{\"@id\":\"https:\\\/\\\/tce.pb.gov.br\\\/portalprimeirainfancia\\\/prefeituras-da-paraiba-tem-prazo-ate-sexta-feira-para-responder-questionario-sobre-primeira-infancia\\\/#primaryimage\"},\"thumbnailUrl\":\"https:\\\/\\\/tce.pb.gov.br\\\/portalprimeirainfancia\\\/wp-content\\\/uploads\\\/2025\\\/04\\\/Primeira-Infancia.jpg\",\"datePublished\":\"2025-02-04T12:03:00+00:00\",\"dateModified\":\"2025-04-23T23:01:19+00:00\",\"description\":\"Prefeituras da Para\u00edba t\u00eam prazo at\u00e9 sexta-feira para responder question\u00e1rio sobre Primeira Inf\u00e2ncia %\",\"breadcrumb\":{\"@id\":\"https:\\\/\\\/tce.pb.gov.br\\\/portalprimeirainfancia\\\/prefeituras-da-paraiba-tem-prazo-ate-sexta-feira-para-responder-questionario-sobre-primeira-infancia\\\/#breadcrumb\"},\"inLanguage\":\"pt-BR\",\"potentialAction\":[{\"@type\":\"ReadAction\",\"target\":[\"https:\\\/\\\/tce.pb.gov.br\\\/portalprimeirainfancia\\\/prefeituras-da-paraiba-tem-prazo-ate-sexta-feira-para-responder-questionario-sobre-primeira-infancia\\\/\"]}]},{\"@type\":\"ImageObject\",\"inLanguage\":\"pt-BR\",\"@id\":\"https:\\\/\\\/tce.pb.gov.br\\\/portalprimeirainfancia\\\/prefeituras-da-paraiba-tem-prazo-ate-sexta-feira-para-responder-questionario-sobre-primeira-infancia\\\/#primaryimage\",\"url\":\"https:\\\/\\\/tce.pb.gov.br\\\/portalprimeirainfancia\\\/wp-content\\\/uploads\\\/2025\\\/04\\\/Primeira-Infancia.jpg\",\"contentUrl\":\"https:\\\/\\\/tce.pb.gov.br\\\/portalprimeirainfancia\\\/wp-content\\\/uploads\\\/2025\\\/04\\\/Primeira-Infancia.jpg\",\"width\":1000,\"height\":608},{\"@type\":\"BreadcrumbList\",\"@id\":\"https:\\\/\\\/tce.pb.gov.br\\\/portalprimeirainfancia\\\/prefeituras-da-paraiba-tem-prazo-ate-sexta-feira-para-responder-questionario-sobre-primeira-infancia\\\/#breadcrumb\",\"itemListElement\":[{\"@type\":\"ListItem\",\"position\":1,\"name\":\"In\u00edcio\",\"item\":\"https:\\\/\\\/tce.pb.gov.br\\\/portalprimeirainfancia\\\/\"},{\"@type\":\"ListItem\",\"position\":2,\"name\":\"Prefeituras da Para\u00edba t\u00eam prazo at\u00e9 sexta-feira para responder question\u00e1rio sobre Primeira Inf\u00e2ncia\"}]},{\"@type\":\"WebSite\",\"@id\":\"https:\\\/\\\/tce.pb.gov.br\\\/portalprimeirainfancia\\\/#website\",\"url\":\"https:\\\/\\\/tce.pb.gov.br\\\/portalprimeirainfancia\\\/\",\"name\":\"Pacto Paraibano pela Primeira Inf\u00e2ncia\",\"description\":\"Portal para divulga\u00e7\u00e3o do Pacto Paraibano pela Primeira Inf\u00e2ncia\",\"publisher\":{\"@id\":\"https:\\\/\\\/tce.pb.gov.br\\\/portalprimeirainfancia\\\/#organization\"},\"potentialAction\":[{\"@type\":\"SearchAction\",\"target\":{\"@type\":\"EntryPoint\",\"urlTemplate\":\"https:\\\/\\\/tce.pb.gov.br\\\/portalprimeirainfancia\\\/?s={search_term_string}\"},\"query-input\":{\"@type\":\"PropertyValueSpecification\",\"valueRequired\":true,\"valueName\":\"search_term_string\"}}],\"inLanguage\":\"pt-BR\"},{\"@type\":\"Organization\",\"@id\":\"https:\\\/\\\/tce.pb.gov.br\\\/portalprimeirainfancia\\\/#organization\",\"name\":\"Pacto Paraibano pela Primeira Inf\u00e2ncia\",\"alternateName\":\"TCE-PB\",\"url\":\"https:\\\/\\\/tce.pb.gov.br\\\/portalprimeirainfancia\\\/\",\"logo\":{\"@type\":\"ImageObject\",\"inLanguage\":\"pt-BR\",\"@id\":\"https:\\\/\\\/tce.pb.gov.br\\\/portalprimeirainfancia\\\/#\\\/schema\\\/logo\\\/image\\\/\",\"url\":\"https:\\\/\\\/tce.pb.gov.br\\\/portalprimeirainfancia\\\/wp-content\\\/uploads\\\/2025\\\/05\\\/Pacto-Whatsapp.png\",\"contentUrl\":\"https:\\\/\\\/tce.pb.gov.br\\\/portalprimeirainfancia\\\/wp-content\\\/uploads\\\/2025\\\/05\\\/Pacto-Whatsapp.png\",\"width\":427,\"height\":427,\"caption\":\"Pacto Paraibano pela Primeira Inf\u00e2ncia\"},\"image\":{\"@id\":\"https:\\\/\\\/tce.pb.gov.br\\\/portalprimeirainfancia\\\/#\\\/schema\\\/logo\\\/image\\\/\"},\"sameAs\":[\"https:\\\/\\\/www.instagram.com\\\/tcepb\\\/\"]},{\"@type\":\"Person\",\"@id\":\"https:\\\/\\\/tce.pb.gov.br\\\/portalprimeirainfancia\\\/#\\\/schema\\\/person\\\/6a39eea5836dda604de1c5e5b7d62141\",\"name\":\"Rafael Massoni\"}]}<\/script>\n<!-- \/ Yoast SEO plugin. -->","yoast_head_json":{"title":"Prefeituras da Para\u00edba t\u00eam prazo at\u00e9 sexta-feira para responder question\u00e1rio sobre Primeira Inf\u00e2ncia %","description":"Prefeituras da Para\u00edba t\u00eam prazo at\u00e9 sexta-feira para responder question\u00e1rio sobre Primeira Inf\u00e2ncia %","robots":{"index":"index","follow":"follow","max-snippet":"max-snippet:-1","max-image-preview":"max-image-preview:large","max-video-preview":"max-video-preview:-1"},"canonical":"https:\/\/tce.pb.gov.br\/portalprimeirainfancia\/prefeituras-da-paraiba-tem-prazo-ate-sexta-feira-para-responder-questionario-sobre-primeira-infancia\/","og_locale":"pt_BR","og_type":"article","og_title":"Prefeituras da Para\u00edba t\u00eam prazo at\u00e9 sexta-feira para responder question\u00e1rio sobre Primeira Inf\u00e2ncia %","og_description":"Prefeituras da Para\u00edba t\u00eam prazo at\u00e9 sexta-feira para responder question\u00e1rio sobre Primeira Inf\u00e2ncia %","og_url":"https:\/\/tce.pb.gov.br\/portalprimeirainfancia\/prefeituras-da-paraiba-tem-prazo-ate-sexta-feira-para-responder-questionario-sobre-primeira-infancia\/","og_site_name":"Pacto Paraibano pela Primeira Inf\u00e2ncia","article_published_time":"2025-02-04T12:03:00+00:00","article_modified_time":"2025-04-23T23:01:19+00:00","og_image":[{"width":1000,"height":608,"url":"https:\/\/tce.pb.gov.br\/portalprimeirainfancia\/wp-content\/uploads\/2025\/04\/Primeira-Infancia.jpg","type":"image\/jpeg"}],"author":"Rafael Massoni","twitter_card":"summary_large_image","twitter_misc":{"Escrito por":"Rafael Massoni","Est. tempo de leitura":"1 minuto"},"schema":{"@context":"https:\/\/schema.org","@graph":[{"@type":"NewsArticle","@id":"https:\/\/tce.pb.gov.br\/portalprimeirainfancia\/prefeituras-da-paraiba-tem-prazo-ate-sexta-feira-para-responder-questionario-sobre-primeira-infancia\/#article","isPartOf":{"@id":"https:\/\/tce.pb.gov.br\/portalprimeirainfancia\/prefeituras-da-paraiba-tem-prazo-ate-sexta-feira-para-responder-questionario-sobre-primeira-infancia\/"},"author":{"name":"Rafael Massoni","@id":"https:\/\/tce.pb.gov.br\/portalprimeirainfancia\/#\/schema\/person\/6a39eea5836dda604de1c5e5b7d62141"},"headline":"Prefeituras da Para\u00edba t\u00eam prazo at\u00e9 sexta-feira para responder question\u00e1rio sobre Primeira Inf\u00e2ncia","datePublished":"2025-02-04T12:03:00+00:00","dateModified":"2025-04-23T23:01:19+00:00","mainEntityOfPage":{"@id":"https:\/\/tce.pb.gov.br\/portalprimeirainfancia\/prefeituras-da-paraiba-tem-prazo-ate-sexta-feira-para-responder-questionario-sobre-primeira-infancia\/"},"wordCount":232,"publisher":{"@id":"https:\/\/tce.pb.gov.br\/portalprimeirainfancia\/#organization"},"image":{"@id":"https:\/\/tce.pb.gov.br\/portalprimeirainfancia\/prefeituras-da-paraiba-tem-prazo-ate-sexta-feira-para-responder-questionario-sobre-primeira-infancia\/#primaryimage"},"thumbnailUrl":"https:\/\/tce.pb.gov.br\/portalprimeirainfancia\/wp-content\/uploads\/2025\/04\/Primeira-Infancia.jpg","articleSection":["Not\u00edcias"],"inLanguage":"pt-BR"},{"@type":"WebPage","@id":"https:\/\/tce.pb.gov.br\/portalprimeirainfancia\/prefeituras-da-paraiba-tem-prazo-ate-sexta-feira-para-responder-questionario-sobre-primeira-infancia\/","url":"https:\/\/tce.pb.gov.br\/portalprimeirainfancia\/prefeituras-da-paraiba-tem-prazo-ate-sexta-feira-para-responder-questionario-sobre-primeira-infancia\/","name":"Prefeituras da Para\u00edba t\u00eam prazo at\u00e9 sexta-feira para responder question\u00e1rio sobre Primeira Inf\u00e2ncia %","isPartOf":{"@id":"https:\/\/tce.pb.gov.br\/portalprimeirainfancia\/#website"},"primaryImageOfPage":{"@id":"https:\/\/tce.pb.gov.br\/portalprimeirainfancia\/prefeituras-da-paraiba-tem-prazo-ate-sexta-feira-para-responder-questionario-sobre-primeira-infancia\/#primaryimage"},"image":{"@id":"https:\/\/tce.pb.gov.br\/portalprimeirainfancia\/prefeituras-da-paraiba-tem-prazo-ate-sexta-feira-para-responder-questionario-sobre-primeira-infancia\/#primaryimage"},"thumbnailUrl":"https:\/\/tce.pb.gov.br\/portalprimeirainfancia\/wp-content\/uploads\/2025\/04\/Primeira-Infancia.jpg","datePublished":"2025-02-04T12:03:00+00:00","dateModified":"2025-04-23T23:01:19+00:00","description":"Prefeituras da Para\u00edba t\u00eam prazo at\u00e9 sexta-feira para responder question\u00e1rio sobre Primeira Inf\u00e2ncia %","breadcrumb":{"@id":"https:\/\/tce.pb.gov.br\/portalprimeirainfancia\/prefeituras-da-paraiba-tem-prazo-ate-sexta-feira-para-responder-questionario-sobre-primeira-infancia\/#breadcrumb"},"inLanguage":"pt-BR","potentialAction":[{"@type":"ReadAction","target":["https:\/\/tce.pb.gov.br\/portalprimeirainfancia\/prefeituras-da-paraiba-tem-prazo-ate-sexta-feira-para-responder-questionario-sobre-primeira-infancia\/"]}]},{"@type":"ImageObject","inLanguage":"pt-BR","@id":"https:\/\/tce.pb.gov.br\/portalprimeirainfancia\/prefeituras-da-paraiba-tem-prazo-ate-sexta-feira-para-responder-questionario-sobre-primeira-infancia\/#primaryimage","url":"https:\/\/tce.pb.gov.br\/portalprimeirainfancia\/wp-content\/uploads\/2025\/04\/Primeira-Infancia.jpg","contentUrl":"https:\/\/tce.pb.gov.br\/portalprimeirainfancia\/wp-content\/uploads\/2025\/04\/Primeira-Infancia.jpg","width":1000,"height":608},{"@type":"BreadcrumbList","@id":"https:\/\/tce.pb.gov.br\/portalprimeirainfancia\/prefeituras-da-paraiba-tem-prazo-ate-sexta-feira-para-responder-questionario-sobre-primeira-infancia\/#breadcrumb","itemListElement":[{"@type":"ListItem","position":1,"name":"In\u00edcio","item":"https:\/\/tce.pb.gov.br\/portalprimeirainfancia\/"},{"@type":"ListItem","position":2,"name":"Prefeituras da Para\u00edba t\u00eam prazo at\u00e9 sexta-feira para responder question\u00e1rio sobre Primeira Inf\u00e2ncia"}]},{"@type":"WebSite","@id":"https:\/\/tce.pb.gov.br\/portalprimeirainfancia\/#website","url":"https:\/\/tce.pb.gov.br\/portalprimeirainfancia\/","name":"Pacto Paraibano pela Primeira Inf\u00e2ncia","description":"Portal para divulga\u00e7\u00e3o do Pacto Paraibano pela Primeira Inf\u00e2ncia","publisher":{"@id":"https:\/\/tce.pb.gov.br\/portalprimeirainfancia\/#organization"},"potentialAction":[{"@type":"SearchAction","target":{"@type":"EntryPoint","urlTemplate":"https:\/\/tce.pb.gov.br\/portalprimeirainfancia\/?s={search_term_string}"},"query-input":{"@type":"PropertyValueSpecification","valueRequired":true,"valueName":"search_term_string"}}],"inLanguage":"pt-BR"},{"@type":"Organization","@id":"https:\/\/tce.pb.gov.br\/portalprimeirainfancia\/#organization","name":"Pacto Paraibano pela Primeira Inf\u00e2ncia","alternateName":"TCE-PB","url":"https:\/\/tce.pb.gov.br\/portalprimeirainfancia\/","logo":{"@type":"ImageObject","inLanguage":"pt-BR","@id":"https:\/\/tce.pb.gov.br\/portalprimeirainfancia\/#\/schema\/logo\/image\/","url":"https:\/\/tce.pb.gov.br\/portalprimeirainfancia\/wp-content\/uploads\/2025\/05\/Pacto-Whatsapp.png","contentUrl":"https:\/\/tce.pb.gov.br\/portalprimeirainfancia\/wp-content\/uploads\/2025\/05\/Pacto-Whatsapp.png","width":427,"height":427,"caption":"Pacto Paraibano pela Primeira Inf\u00e2ncia"},"image":{"@id":"https:\/\/tce.pb.gov.br\/portalprimeirainfancia\/#\/schema\/logo\/image\/"},"sameAs":["https:\/\/www.instagram.com\/tcepb\/"]},{"@type":"Person","@id":"https:\/\/tce.pb.gov.br\/portalprimeirainfancia\/#\/schema\/person\/6a39eea5836dda604de1c5e5b7d62141","name":"Rafael Massoni"}]}},"jetpack_featured_media_url":"https:\/\/tce.pb.gov.br\/portalprimeirainfancia\/wp-content\/uploads\/2025\/04\/Primeira-Infancia.jpg","jetpack_sharing_enabled":true,"_links":{"self":[{"href":"https:\/\/tce.pb.gov.br\/portalprimeirainfancia\/wp-json\/wp\/v2\/posts\/688","targetHints":{"allow":["GET"]}}],"collection":[{"href":"https:\/\/tce.pb.gov.br\/portalprimeirainfancia\/wp-json\/wp\/v2\/posts"}],"about":[{"href":"https:\/\/tce.pb.gov.br\/portalprimeirainfancia\/wp-json\/wp\/v2\/types\/post"}],"author":[{"embeddable":true,"href":"https:\/\/tce.pb.gov.br\/portalprimeirainfancia\/wp-json\/wp\/v2\/users\/6"}],"replies":[{"embeddable":true,"href":"https:\/\/tce.pb.gov.br\/portalprimeirainfancia\/wp-json\/wp\/v2\/comments?post=688"}],"version-history":[{"count":2,"href":"https:\/\/tce.pb.gov.br\/portalprimeirainfancia\/wp-json\/wp\/v2\/posts\/688\/revisions"}],"predecessor-version":[{"id":2125,"href":"https:\/\/tce.pb.gov.br\/portalprimeirainfancia\/wp-json\/wp\/v2\/posts\/688\/revisions\/2125"}],"wp:featuredmedia":[{"embeddable":true,"href":"https:\/\/tce.pb.gov.br\/portalprimeirainfancia\/wp-json\/wp\/v2\/media\/689"}],"wp:attachment":[{"href":"https:\/\/tce.pb.gov.br\/portalprimeirainfancia\/wp-json\/wp\/v2\/media?parent=688"}],"wp:term":[{"taxonomy":"category","embeddable":true,"href":"https:\/\/tce.pb.gov.br\/portalprimeirainfancia\/wp-json\/wp\/v2\/categories?post=688"},{"taxonomy":"post_tag","embeddable":true,"href":"https:\/\/tce.pb.gov.br\/portalprimeirainfancia\/wp-json\/wp\/v2\/tags?post=688"}],"curies":[{"name":"wp","href":"https:\/\/api.w.org\/{rel}","templated":true}]}}