{"id":685,"date":"2025-01-27T09:01:00","date_gmt":"2025-01-27T12:01:00","guid":{"rendered":"https:\/\/tce.pb.gov.br\/portalprimeirainfancia\/?p=685"},"modified":"2025-07-11T13:21:07","modified_gmt":"2025-07-11T16:21:07","slug":"tce-pb-pede-resposta-dos-prefeitos-a-questionario-atinente-aos-cuidados-com-a-primeira-infancia","status":"publish","type":"post","link":"https:\/\/tce.pb.gov.br\/portalprimeirainfancia\/tce-pb-pede-resposta-dos-prefeitos-a-questionario-atinente-aos-cuidados-com-a-primeira-infancia\/","title":{"rendered":"TCE-PB pede resposta dos prefeitos a question\u00e1rio atinente aos\u00a0 cuidados com a Primeira Inf\u00e2ncia"},"content":{"rendered":"\n<figure class=\"wp-block-image aligncenter size-full\"><img fetchpriority=\"high\" decoding=\"async\" width=\"1024\" height=\"683\" src=\"https:\/\/tce.pb.gov.br\/portalprimeirainfancia\/wp-content\/uploads\/2025\/04\/Primeira-Infancia-01-1024x683-1-1.jpg\" alt=\"\" class=\"wp-image-686\" srcset=\"https:\/\/tce.pb.gov.br\/portalprimeirainfancia\/wp-content\/uploads\/2025\/04\/Primeira-Infancia-01-1024x683-1-1.jpg 1024w, https:\/\/tce.pb.gov.br\/portalprimeirainfancia\/wp-content\/uploads\/2025\/04\/Primeira-Infancia-01-1024x683-1-1-300x200.jpg 300w, https:\/\/tce.pb.gov.br\/portalprimeirainfancia\/wp-content\/uploads\/2025\/04\/Primeira-Infancia-01-1024x683-1-1-768x512.jpg 768w\" sizes=\"(max-width: 1024px) 100vw, 1024px\" \/><\/figure>\n\n\n\n<p>Todos os prefeitos paraibanos v\u00e3o responder a question\u00e1rio expedido pelo Tribunal de Contas da Para\u00edba e relacionado aos cuidados com a Primeira Inf\u00e2ncia. Em circular a eles encaminhado nesta segunda-feira (27), o presidente da Corte, conselheiro F\u00e1bio Nogueira, requer respostas necess\u00e1rias a a\u00e7\u00f5es conjuntas \u201cem benef\u00edcio da gera\u00e7\u00e3o para a qual o tempo e a vida reservam o exerc\u00edcio soberano da cidadania, ou os futuros postos de mando\u201d.<\/p>\n\n\n\n<p>\u201c\u00c9 na fase de 0 a 6 anos que se estruturam quase todas as conex\u00f5es neuronais da crian\u00e7a. \u00c9 nesse espa\u00e7o de tempo que ocorrem seus maiores ganhos cognitivos e se matura, entre outras evolu\u00e7\u00f5es, seu sistema imunol\u00f3gico. N\u00e3o atentar e n\u00e3o agir, proativamente, neste importante momento, significa, quando menos, incapacitar nossas crian\u00e7as ao desenvolvimento pleno de suas habilidades emocionais e f\u00edsicas\u201d, diz ele em circular aos prefeitos.<\/p>\n\n\n\n<p>E prossegue o documento: \u201cPor tal motivo, a Corte de Contas do Estado, neste ciclo administrativo que ora se inicia, requer dos seus jurisdicionados o fomento de pol\u00edticas p\u00fablicas relacionadas \u00e0 Primeira Inf\u00e2ncia j\u00e1 prescritas pela UNICEF, pela Lei n\u00b0 13.257\/2016 e pelo pacto nacional firmado junto ao CNJ. Assim o fazemos em raz\u00e3o, tamb\u00e9m, de a\u00e7\u00f5es e estudos promovidos, nesta seara, por v\u00e1rios dos nossos cong\u00eaneres\u201d.<\/p>\n\n\n\n<p>O question\u00e1rio em quest\u00e3o \u2013 a ser respondido at\u00e9 o pr\u00f3ximo dia 7 \u2013 servir\u00e1 a \u201cum diagn\u00f3stico amplo dos n\u00edveis de cuidados, em todos os munic\u00edpios paraibanos, com a Primeira Inf\u00e2ncia\u201d. O TCE, segundo seu presidente, \u201cconta com a disposi\u00e7\u00e3o e o compromisso dos gestores municipais dos quais requer dados acerca dessa justa, necess\u00e1ria e urgente quest\u00e3o\u201d.<\/p>\n","protected":false},"excerpt":{"rendered":"<p>Todos os prefeitos paraibanos v\u00e3o responder a question\u00e1rio expedido pelo Tribunal de Contas da Para\u00edba e relacionado aos cuidados com [&hellip;]<\/p>\n","protected":false},"author":6,"featured_media":686,"comment_status":"closed","ping_status":"closed","sticky":false,"template":"elementor_theme","format":"standard","meta":{"site-sidebar-layout":"default","site-content-layout":"","ast-site-content-layout":"","site-content-style":"default","site-sidebar-style":"default","ast-global-header-display":"","ast-banner-title-visibility":"","ast-main-header-display":"","ast-hfb-above-header-display":"","ast-hfb-below-header-display":"","ast-hfb-mobile-header-display":"","site-post-title":"","ast-breadcrumbs-content":"","ast-featured-img":"","footer-sml-layout":"","theme-transparent-header-meta":"","adv-header-id-meta":"","stick-header-meta":"","header-above-stick-meta":"","header-main-stick-meta":"","header-below-stick-meta":"","astra-migrate-meta-layouts":"default","ast-page-background-enabled":"default","ast-page-background-meta":{"desktop":{"background-color":"var(--ast-global-color-5)","background-image":"","background-repeat":"repeat","background-position":"center center","background-size":"auto","background-attachment":"scroll","background-type":"","background-media":"","overlay-type":"","overlay-color":"","overlay-opacity":"","overlay-gradient":""},"tablet":{"background-color":"","background-image":"","background-repeat":"repeat","background-position":"center center","background-size":"auto","background-attachment":"scroll","background-type":"","background-media":"","overlay-type":"","overlay-color":"","overlay-opacity":"","overlay-gradient":""},"mobile":{"background-color":"","background-image":"","background-repeat":"repeat","background-position":"center center","background-size":"auto","background-attachment":"scroll","background-type":"","background-media":"","overlay-type":"","overlay-color":"","overlay-opacity":"","overlay-gradient":""}},"ast-content-background-meta":{"desktop":{"background-color":"var(--ast-global-color-4)","background-image":"","background-repeat":"repeat","background-position":"center center","background-size":"auto","background-attachment":"scroll","background-type":"","background-media":"","overlay-type":"","overlay-color":"","overlay-opacity":"","overlay-gradient":""},"tablet":{"background-color":"var(--ast-global-color-4)","background-image":"","background-repeat":"repeat","background-position":"center center","background-size":"auto","background-attachment":"scroll","background-type":"","background-media":"","overlay-type":"","overlay-color":"","overlay-opacity":"","overlay-gradient":""},"mobile":{"background-color":"var(--ast-global-color-4)","background-image":"","background-repeat":"repeat","background-position":"center center","background-size":"auto","background-attachment":"scroll","background-type":"","background-media":"","overlay-type":"","overlay-color":"","overlay-opacity":"","overlay-gradient":""}},"_jetpack_memberships_contains_paid_content":false,"footnotes":""},"categories":[7],"tags":[],"class_list":["post-685","post","type-post","status-publish","format-standard","has-post-thumbnail","hentry","category-noticias"],"yoast_head":"<!-- This site is optimized with the Yoast SEO plugin v27.5 - https:\/\/yoast.com\/product\/yoast-seo-wordpress\/ -->\n<title>TCE-PB pede resposta dos prefeitos a question\u00e1rio atinente aos\u00a0 cuidados com a Primeira Inf\u00e2ncia %<\/title>\n<meta name=\"description\" content=\"TCE-PB pede resposta dos prefeitos a question\u00e1rio atinente aos\u00a0 cuidados com a Primeira Inf\u00e2ncia %\" \/>\n<meta name=\"robots\" content=\"index, follow, max-snippet:-1, max-image-preview:large, max-video-preview:-1\" \/>\n<link rel=\"canonical\" href=\"https:\/\/tce.pb.gov.br\/portalprimeirainfancia\/tce-pb-pede-resposta-dos-prefeitos-a-questionario-atinente-aos-cuidados-com-a-primeira-infancia\/\" \/>\n<meta property=\"og:locale\" content=\"pt_BR\" \/>\n<meta property=\"og:type\" content=\"article\" \/>\n<meta property=\"og:title\" content=\"TCE-PB pede resposta dos prefeitos a question\u00e1rio atinente aos\u00a0 cuidados com a Primeira Inf\u00e2ncia %\" \/>\n<meta property=\"og:description\" content=\"TCE-PB pede resposta dos prefeitos a question\u00e1rio atinente aos\u00a0 cuidados com a Primeira Inf\u00e2ncia %\" \/>\n<meta property=\"og:url\" content=\"https:\/\/tce.pb.gov.br\/portalprimeirainfancia\/tce-pb-pede-resposta-dos-prefeitos-a-questionario-atinente-aos-cuidados-com-a-primeira-infancia\/\" \/>\n<meta property=\"og:site_name\" content=\"Pacto Paraibano pela Primeira Inf\u00e2ncia\" \/>\n<meta property=\"article:published_time\" content=\"2025-01-27T12:01:00+00:00\" \/>\n<meta property=\"article:modified_time\" content=\"2025-07-11T16:21:07+00:00\" \/>\n<meta property=\"og:image\" content=\"https:\/\/tce.pb.gov.br\/portalprimeirainfancia\/wp-content\/uploads\/2025\/04\/Primeira-Infancia-01-1024x683-1-1.jpg\" \/>\n\t<meta property=\"og:image:width\" content=\"1024\" \/>\n\t<meta property=\"og:image:height\" content=\"683\" \/>\n\t<meta property=\"og:image:type\" content=\"image\/jpeg\" \/>\n<meta name=\"author\" content=\"Rafael Massoni\" \/>\n<meta name=\"twitter:card\" content=\"summary_large_image\" \/>\n<meta name=\"twitter:label1\" content=\"Escrito por\" \/>\n\t<meta name=\"twitter:data1\" content=\"Rafael Massoni\" \/>\n\t<meta name=\"twitter:label2\" content=\"Est. tempo de leitura\" \/>\n\t<meta name=\"twitter:data2\" content=\"2 minutos\" \/>\n<script type=\"application\/ld+json\" class=\"yoast-schema-graph\">{\"@context\":\"https:\\\/\\\/schema.org\",\"@graph\":[{\"@type\":\"NewsArticle\",\"@id\":\"https:\\\/\\\/tce.pb.gov.br\\\/portalprimeirainfancia\\\/tce-pb-pede-resposta-dos-prefeitos-a-questionario-atinente-aos-cuidados-com-a-primeira-infancia\\\/#article\",\"isPartOf\":{\"@id\":\"https:\\\/\\\/tce.pb.gov.br\\\/portalprimeirainfancia\\\/tce-pb-pede-resposta-dos-prefeitos-a-questionario-atinente-aos-cuidados-com-a-primeira-infancia\\\/\"},\"author\":{\"name\":\"Rafael Massoni\",\"@id\":\"https:\\\/\\\/tce.pb.gov.br\\\/portalprimeirainfancia\\\/#\\\/schema\\\/person\\\/6a39eea5836dda604de1c5e5b7d62141\"},\"headline\":\"TCE-PB pede resposta dos prefeitos a question\u00e1rio atinente aos\u00a0 cuidados com a Primeira Inf\u00e2ncia\",\"datePublished\":\"2025-01-27T12:01:00+00:00\",\"dateModified\":\"2025-07-11T16:21:07+00:00\",\"mainEntityOfPage\":{\"@id\":\"https:\\\/\\\/tce.pb.gov.br\\\/portalprimeirainfancia\\\/tce-pb-pede-resposta-dos-prefeitos-a-questionario-atinente-aos-cuidados-com-a-primeira-infancia\\\/\"},\"wordCount\":304,\"publisher\":{\"@id\":\"https:\\\/\\\/tce.pb.gov.br\\\/portalprimeirainfancia\\\/#organization\"},\"image\":{\"@id\":\"https:\\\/\\\/tce.pb.gov.br\\\/portalprimeirainfancia\\\/tce-pb-pede-resposta-dos-prefeitos-a-questionario-atinente-aos-cuidados-com-a-primeira-infancia\\\/#primaryimage\"},\"thumbnailUrl\":\"https:\\\/\\\/tce.pb.gov.br\\\/portalprimeirainfancia\\\/wp-content\\\/uploads\\\/2025\\\/04\\\/Primeira-Infancia-01-1024x683-1-1.jpg\",\"articleSection\":[\"Not\u00edcias\"],\"inLanguage\":\"pt-BR\"},{\"@type\":\"WebPage\",\"@id\":\"https:\\\/\\\/tce.pb.gov.br\\\/portalprimeirainfancia\\\/tce-pb-pede-resposta-dos-prefeitos-a-questionario-atinente-aos-cuidados-com-a-primeira-infancia\\\/\",\"url\":\"https:\\\/\\\/tce.pb.gov.br\\\/portalprimeirainfancia\\\/tce-pb-pede-resposta-dos-prefeitos-a-questionario-atinente-aos-cuidados-com-a-primeira-infancia\\\/\",\"name\":\"TCE-PB pede resposta dos prefeitos a question\u00e1rio atinente aos\u00a0 cuidados com a Primeira Inf\u00e2ncia %\",\"isPartOf\":{\"@id\":\"https:\\\/\\\/tce.pb.gov.br\\\/portalprimeirainfancia\\\/#website\"},\"primaryImageOfPage\":{\"@id\":\"https:\\\/\\\/tce.pb.gov.br\\\/portalprimeirainfancia\\\/tce-pb-pede-resposta-dos-prefeitos-a-questionario-atinente-aos-cuidados-com-a-primeira-infancia\\\/#primaryimage\"},\"image\":{\"@id\":\"https:\\\/\\\/tce.pb.gov.br\\\/portalprimeirainfancia\\\/tce-pb-pede-resposta-dos-prefeitos-a-questionario-atinente-aos-cuidados-com-a-primeira-infancia\\\/#primaryimage\"},\"thumbnailUrl\":\"https:\\\/\\\/tce.pb.gov.br\\\/portalprimeirainfancia\\\/wp-content\\\/uploads\\\/2025\\\/04\\\/Primeira-Infancia-01-1024x683-1-1.jpg\",\"datePublished\":\"2025-01-27T12:01:00+00:00\",\"dateModified\":\"2025-07-11T16:21:07+00:00\",\"description\":\"TCE-PB pede resposta dos prefeitos a question\u00e1rio atinente aos\u00a0 cuidados com a Primeira Inf\u00e2ncia %\",\"breadcrumb\":{\"@id\":\"https:\\\/\\\/tce.pb.gov.br\\\/portalprimeirainfancia\\\/tce-pb-pede-resposta-dos-prefeitos-a-questionario-atinente-aos-cuidados-com-a-primeira-infancia\\\/#breadcrumb\"},\"inLanguage\":\"pt-BR\",\"potentialAction\":[{\"@type\":\"ReadAction\",\"target\":[\"https:\\\/\\\/tce.pb.gov.br\\\/portalprimeirainfancia\\\/tce-pb-pede-resposta-dos-prefeitos-a-questionario-atinente-aos-cuidados-com-a-primeira-infancia\\\/\"]}]},{\"@type\":\"ImageObject\",\"inLanguage\":\"pt-BR\",\"@id\":\"https:\\\/\\\/tce.pb.gov.br\\\/portalprimeirainfancia\\\/tce-pb-pede-resposta-dos-prefeitos-a-questionario-atinente-aos-cuidados-com-a-primeira-infancia\\\/#primaryimage\",\"url\":\"https:\\\/\\\/tce.pb.gov.br\\\/portalprimeirainfancia\\\/wp-content\\\/uploads\\\/2025\\\/04\\\/Primeira-Infancia-01-1024x683-1-1.jpg\",\"contentUrl\":\"https:\\\/\\\/tce.pb.gov.br\\\/portalprimeirainfancia\\\/wp-content\\\/uploads\\\/2025\\\/04\\\/Primeira-Infancia-01-1024x683-1-1.jpg\",\"width\":1024,\"height\":683},{\"@type\":\"BreadcrumbList\",\"@id\":\"https:\\\/\\\/tce.pb.gov.br\\\/portalprimeirainfancia\\\/tce-pb-pede-resposta-dos-prefeitos-a-questionario-atinente-aos-cuidados-com-a-primeira-infancia\\\/#breadcrumb\",\"itemListElement\":[{\"@type\":\"ListItem\",\"position\":1,\"name\":\"In\u00edcio\",\"item\":\"https:\\\/\\\/tce.pb.gov.br\\\/portalprimeirainfancia\\\/\"},{\"@type\":\"ListItem\",\"position\":2,\"name\":\"TCE-PB pede resposta dos prefeitos a question\u00e1rio atinente aos\u00a0 cuidados com a Primeira Inf\u00e2ncia\"}]},{\"@type\":\"WebSite\",\"@id\":\"https:\\\/\\\/tce.pb.gov.br\\\/portalprimeirainfancia\\\/#website\",\"url\":\"https:\\\/\\\/tce.pb.gov.br\\\/portalprimeirainfancia\\\/\",\"name\":\"Pacto Paraibano pela Primeira Inf\u00e2ncia\",\"description\":\"Portal para divulga\u00e7\u00e3o do Pacto Paraibano pela Primeira Inf\u00e2ncia\",\"publisher\":{\"@id\":\"https:\\\/\\\/tce.pb.gov.br\\\/portalprimeirainfancia\\\/#organization\"},\"potentialAction\":[{\"@type\":\"SearchAction\",\"target\":{\"@type\":\"EntryPoint\",\"urlTemplate\":\"https:\\\/\\\/tce.pb.gov.br\\\/portalprimeirainfancia\\\/?s={search_term_string}\"},\"query-input\":{\"@type\":\"PropertyValueSpecification\",\"valueRequired\":true,\"valueName\":\"search_term_string\"}}],\"inLanguage\":\"pt-BR\"},{\"@type\":\"Organization\",\"@id\":\"https:\\\/\\\/tce.pb.gov.br\\\/portalprimeirainfancia\\\/#organization\",\"name\":\"Pacto Paraibano pela Primeira Inf\u00e2ncia\",\"alternateName\":\"TCE-PB\",\"url\":\"https:\\\/\\\/tce.pb.gov.br\\\/portalprimeirainfancia\\\/\",\"logo\":{\"@type\":\"ImageObject\",\"inLanguage\":\"pt-BR\",\"@id\":\"https:\\\/\\\/tce.pb.gov.br\\\/portalprimeirainfancia\\\/#\\\/schema\\\/logo\\\/image\\\/\",\"url\":\"https:\\\/\\\/tce.pb.gov.br\\\/portalprimeirainfancia\\\/wp-content\\\/uploads\\\/2025\\\/05\\\/Pacto-Whatsapp.png\",\"contentUrl\":\"https:\\\/\\\/tce.pb.gov.br\\\/portalprimeirainfancia\\\/wp-content\\\/uploads\\\/2025\\\/05\\\/Pacto-Whatsapp.png\",\"width\":427,\"height\":427,\"caption\":\"Pacto Paraibano pela Primeira Inf\u00e2ncia\"},\"image\":{\"@id\":\"https:\\\/\\\/tce.pb.gov.br\\\/portalprimeirainfancia\\\/#\\\/schema\\\/logo\\\/image\\\/\"},\"sameAs\":[\"https:\\\/\\\/www.instagram.com\\\/tcepb\\\/\"]},{\"@type\":\"Person\",\"@id\":\"https:\\\/\\\/tce.pb.gov.br\\\/portalprimeirainfancia\\\/#\\\/schema\\\/person\\\/6a39eea5836dda604de1c5e5b7d62141\",\"name\":\"Rafael Massoni\"}]}<\/script>\n<!-- \/ Yoast SEO plugin. -->","yoast_head_json":{"title":"TCE-PB pede resposta dos prefeitos a question\u00e1rio atinente aos\u00a0 cuidados com a Primeira Inf\u00e2ncia %","description":"TCE-PB pede resposta dos prefeitos a question\u00e1rio atinente aos\u00a0 cuidados com a Primeira Inf\u00e2ncia %","robots":{"index":"index","follow":"follow","max-snippet":"max-snippet:-1","max-image-preview":"max-image-preview:large","max-video-preview":"max-video-preview:-1"},"canonical":"https:\/\/tce.pb.gov.br\/portalprimeirainfancia\/tce-pb-pede-resposta-dos-prefeitos-a-questionario-atinente-aos-cuidados-com-a-primeira-infancia\/","og_locale":"pt_BR","og_type":"article","og_title":"TCE-PB pede resposta dos prefeitos a question\u00e1rio atinente aos\u00a0 cuidados com a Primeira Inf\u00e2ncia %","og_description":"TCE-PB pede resposta dos prefeitos a question\u00e1rio atinente aos\u00a0 cuidados com a Primeira Inf\u00e2ncia %","og_url":"https:\/\/tce.pb.gov.br\/portalprimeirainfancia\/tce-pb-pede-resposta-dos-prefeitos-a-questionario-atinente-aos-cuidados-com-a-primeira-infancia\/","og_site_name":"Pacto Paraibano pela Primeira Inf\u00e2ncia","article_published_time":"2025-01-27T12:01:00+00:00","article_modified_time":"2025-07-11T16:21:07+00:00","og_image":[{"width":1024,"height":683,"url":"https:\/\/tce.pb.gov.br\/portalprimeirainfancia\/wp-content\/uploads\/2025\/04\/Primeira-Infancia-01-1024x683-1-1.jpg","type":"image\/jpeg"}],"author":"Rafael Massoni","twitter_card":"summary_large_image","twitter_misc":{"Escrito por":"Rafael Massoni","Est. tempo de leitura":"2 minutos"},"schema":{"@context":"https:\/\/schema.org","@graph":[{"@type":"NewsArticle","@id":"https:\/\/tce.pb.gov.br\/portalprimeirainfancia\/tce-pb-pede-resposta-dos-prefeitos-a-questionario-atinente-aos-cuidados-com-a-primeira-infancia\/#article","isPartOf":{"@id":"https:\/\/tce.pb.gov.br\/portalprimeirainfancia\/tce-pb-pede-resposta-dos-prefeitos-a-questionario-atinente-aos-cuidados-com-a-primeira-infancia\/"},"author":{"name":"Rafael Massoni","@id":"https:\/\/tce.pb.gov.br\/portalprimeirainfancia\/#\/schema\/person\/6a39eea5836dda604de1c5e5b7d62141"},"headline":"TCE-PB pede resposta dos prefeitos a question\u00e1rio atinente aos\u00a0 cuidados com a Primeira Inf\u00e2ncia","datePublished":"2025-01-27T12:01:00+00:00","dateModified":"2025-07-11T16:21:07+00:00","mainEntityOfPage":{"@id":"https:\/\/tce.pb.gov.br\/portalprimeirainfancia\/tce-pb-pede-resposta-dos-prefeitos-a-questionario-atinente-aos-cuidados-com-a-primeira-infancia\/"},"wordCount":304,"publisher":{"@id":"https:\/\/tce.pb.gov.br\/portalprimeirainfancia\/#organization"},"image":{"@id":"https:\/\/tce.pb.gov.br\/portalprimeirainfancia\/tce-pb-pede-resposta-dos-prefeitos-a-questionario-atinente-aos-cuidados-com-a-primeira-infancia\/#primaryimage"},"thumbnailUrl":"https:\/\/tce.pb.gov.br\/portalprimeirainfancia\/wp-content\/uploads\/2025\/04\/Primeira-Infancia-01-1024x683-1-1.jpg","articleSection":["Not\u00edcias"],"inLanguage":"pt-BR"},{"@type":"WebPage","@id":"https:\/\/tce.pb.gov.br\/portalprimeirainfancia\/tce-pb-pede-resposta-dos-prefeitos-a-questionario-atinente-aos-cuidados-com-a-primeira-infancia\/","url":"https:\/\/tce.pb.gov.br\/portalprimeirainfancia\/tce-pb-pede-resposta-dos-prefeitos-a-questionario-atinente-aos-cuidados-com-a-primeira-infancia\/","name":"TCE-PB pede resposta dos prefeitos a question\u00e1rio atinente aos\u00a0 cuidados com a Primeira Inf\u00e2ncia %","isPartOf":{"@id":"https:\/\/tce.pb.gov.br\/portalprimeirainfancia\/#website"},"primaryImageOfPage":{"@id":"https:\/\/tce.pb.gov.br\/portalprimeirainfancia\/tce-pb-pede-resposta-dos-prefeitos-a-questionario-atinente-aos-cuidados-com-a-primeira-infancia\/#primaryimage"},"image":{"@id":"https:\/\/tce.pb.gov.br\/portalprimeirainfancia\/tce-pb-pede-resposta-dos-prefeitos-a-questionario-atinente-aos-cuidados-com-a-primeira-infancia\/#primaryimage"},"thumbnailUrl":"https:\/\/tce.pb.gov.br\/portalprimeirainfancia\/wp-content\/uploads\/2025\/04\/Primeira-Infancia-01-1024x683-1-1.jpg","datePublished":"2025-01-27T12:01:00+00:00","dateModified":"2025-07-11T16:21:07+00:00","description":"TCE-PB pede resposta dos prefeitos a question\u00e1rio atinente aos\u00a0 cuidados com a Primeira Inf\u00e2ncia %","breadcrumb":{"@id":"https:\/\/tce.pb.gov.br\/portalprimeirainfancia\/tce-pb-pede-resposta-dos-prefeitos-a-questionario-atinente-aos-cuidados-com-a-primeira-infancia\/#breadcrumb"},"inLanguage":"pt-BR","potentialAction":[{"@type":"ReadAction","target":["https:\/\/tce.pb.gov.br\/portalprimeirainfancia\/tce-pb-pede-resposta-dos-prefeitos-a-questionario-atinente-aos-cuidados-com-a-primeira-infancia\/"]}]},{"@type":"ImageObject","inLanguage":"pt-BR","@id":"https:\/\/tce.pb.gov.br\/portalprimeirainfancia\/tce-pb-pede-resposta-dos-prefeitos-a-questionario-atinente-aos-cuidados-com-a-primeira-infancia\/#primaryimage","url":"https:\/\/tce.pb.gov.br\/portalprimeirainfancia\/wp-content\/uploads\/2025\/04\/Primeira-Infancia-01-1024x683-1-1.jpg","contentUrl":"https:\/\/tce.pb.gov.br\/portalprimeirainfancia\/wp-content\/uploads\/2025\/04\/Primeira-Infancia-01-1024x683-1-1.jpg","width":1024,"height":683},{"@type":"BreadcrumbList","@id":"https:\/\/tce.pb.gov.br\/portalprimeirainfancia\/tce-pb-pede-resposta-dos-prefeitos-a-questionario-atinente-aos-cuidados-com-a-primeira-infancia\/#breadcrumb","itemListElement":[{"@type":"ListItem","position":1,"name":"In\u00edcio","item":"https:\/\/tce.pb.gov.br\/portalprimeirainfancia\/"},{"@type":"ListItem","position":2,"name":"TCE-PB pede resposta dos prefeitos a question\u00e1rio atinente aos\u00a0 cuidados com a Primeira Inf\u00e2ncia"}]},{"@type":"WebSite","@id":"https:\/\/tce.pb.gov.br\/portalprimeirainfancia\/#website","url":"https:\/\/tce.pb.gov.br\/portalprimeirainfancia\/","name":"Pacto Paraibano pela Primeira Inf\u00e2ncia","description":"Portal para divulga\u00e7\u00e3o do Pacto Paraibano pela Primeira Inf\u00e2ncia","publisher":{"@id":"https:\/\/tce.pb.gov.br\/portalprimeirainfancia\/#organization"},"potentialAction":[{"@type":"SearchAction","target":{"@type":"EntryPoint","urlTemplate":"https:\/\/tce.pb.gov.br\/portalprimeirainfancia\/?s={search_term_string}"},"query-input":{"@type":"PropertyValueSpecification","valueRequired":true,"valueName":"search_term_string"}}],"inLanguage":"pt-BR"},{"@type":"Organization","@id":"https:\/\/tce.pb.gov.br\/portalprimeirainfancia\/#organization","name":"Pacto Paraibano pela Primeira Inf\u00e2ncia","alternateName":"TCE-PB","url":"https:\/\/tce.pb.gov.br\/portalprimeirainfancia\/","logo":{"@type":"ImageObject","inLanguage":"pt-BR","@id":"https:\/\/tce.pb.gov.br\/portalprimeirainfancia\/#\/schema\/logo\/image\/","url":"https:\/\/tce.pb.gov.br\/portalprimeirainfancia\/wp-content\/uploads\/2025\/05\/Pacto-Whatsapp.png","contentUrl":"https:\/\/tce.pb.gov.br\/portalprimeirainfancia\/wp-content\/uploads\/2025\/05\/Pacto-Whatsapp.png","width":427,"height":427,"caption":"Pacto Paraibano pela Primeira Inf\u00e2ncia"},"image":{"@id":"https:\/\/tce.pb.gov.br\/portalprimeirainfancia\/#\/schema\/logo\/image\/"},"sameAs":["https:\/\/www.instagram.com\/tcepb\/"]},{"@type":"Person","@id":"https:\/\/tce.pb.gov.br\/portalprimeirainfancia\/#\/schema\/person\/6a39eea5836dda604de1c5e5b7d62141","name":"Rafael Massoni"}]}},"jetpack_featured_media_url":"https:\/\/tce.pb.gov.br\/portalprimeirainfancia\/wp-content\/uploads\/2025\/04\/Primeira-Infancia-01-1024x683-1-1.jpg","jetpack_sharing_enabled":true,"_links":{"self":[{"href":"https:\/\/tce.pb.gov.br\/portalprimeirainfancia\/wp-json\/wp\/v2\/posts\/685","targetHints":{"allow":["GET"]}}],"collection":[{"href":"https:\/\/tce.pb.gov.br\/portalprimeirainfancia\/wp-json\/wp\/v2\/posts"}],"about":[{"href":"https:\/\/tce.pb.gov.br\/portalprimeirainfancia\/wp-json\/wp\/v2\/types\/post"}],"author":[{"embeddable":true,"href":"https:\/\/tce.pb.gov.br\/portalprimeirainfancia\/wp-json\/wp\/v2\/users\/6"}],"replies":[{"embeddable":true,"href":"https:\/\/tce.pb.gov.br\/portalprimeirainfancia\/wp-json\/wp\/v2\/comments?post=685"}],"version-history":[{"count":2,"href":"https:\/\/tce.pb.gov.br\/portalprimeirainfancia\/wp-json\/wp\/v2\/posts\/685\/revisions"}],"predecessor-version":[{"id":29514,"href":"https:\/\/tce.pb.gov.br\/portalprimeirainfancia\/wp-json\/wp\/v2\/posts\/685\/revisions\/29514"}],"wp:featuredmedia":[{"embeddable":true,"href":"https:\/\/tce.pb.gov.br\/portalprimeirainfancia\/wp-json\/wp\/v2\/media\/686"}],"wp:attachment":[{"href":"https:\/\/tce.pb.gov.br\/portalprimeirainfancia\/wp-json\/wp\/v2\/media?parent=685"}],"wp:term":[{"taxonomy":"category","embeddable":true,"href":"https:\/\/tce.pb.gov.br\/portalprimeirainfancia\/wp-json\/wp\/v2\/categories?post=685"},{"taxonomy":"post_tag","embeddable":true,"href":"https:\/\/tce.pb.gov.br\/portalprimeirainfancia\/wp-json\/wp\/v2\/tags?post=685"}],"curies":[{"name":"wp","href":"https:\/\/api.w.org\/{rel}","templated":true}]}}