{"id":678,"date":"2025-01-27T08:55:00","date_gmt":"2025-01-27T11:55:00","guid":{"rendered":"https:\/\/tce.pb.gov.br\/portalprimeirainfancia\/?p=678"},"modified":"2025-07-11T13:20:47","modified_gmt":"2025-07-11T16:20:47","slug":"presidente-do-tce-abre-encontro-tecnico-com-prefeitos-e-reafirma-compromisso-da-corte-com-a-educacao-infantil","status":"publish","type":"post","link":"https:\/\/tce.pb.gov.br\/portalprimeirainfancia\/presidente-do-tce-abre-encontro-tecnico-com-prefeitos-e-reafirma-compromisso-da-corte-com-a-educacao-infantil\/","title":{"rendered":"Presidente do TCE abre encontro t\u00e9cnico com prefeitos e reafirma compromisso da Corte com a educa\u00e7\u00e3o infantil"},"content":{"rendered":"\n<figure class=\"wp-block-image size-full\"><img fetchpriority=\"high\" decoding=\"async\" width=\"1024\" height=\"681\" src=\"https:\/\/tce.pb.gov.br\/portalprimeirainfancia\/wp-content\/uploads\/2025\/04\/DSC_3322-1024x681-1.jpg\" alt=\"\" class=\"wp-image-679\" srcset=\"https:\/\/tce.pb.gov.br\/portalprimeirainfancia\/wp-content\/uploads\/2025\/04\/DSC_3322-1024x681-1.jpg 1024w, https:\/\/tce.pb.gov.br\/portalprimeirainfancia\/wp-content\/uploads\/2025\/04\/DSC_3322-1024x681-1-300x200.jpg 300w, https:\/\/tce.pb.gov.br\/portalprimeirainfancia\/wp-content\/uploads\/2025\/04\/DSC_3322-1024x681-1-768x511.jpg 768w\" sizes=\"(max-width: 1024px) 100vw, 1024px\" \/><\/figure>\n\n\n\n<p>O presidente do Tribunal de Contas do Estado, conselheiro F\u00e1bio Nogueira, reafirmou, na manh\u00e3 desta segunda-feira (27), durante encontro com os prefeitos municipais \u2013 em evento realizado no Centro Cultural Ariano Suassuna, seu compromisso junto aos gestores em formatar um pacto pela educa\u00e7\u00e3o infantil, ressaltando as a\u00e7\u00f5es a serem adotadas com o intuito de reduzir as desigualdades sociais, e que venham a promover&nbsp;est\u00edmulo ao desenvolvimento econ\u00f4mico, \u00e0 produtividade e \u00e0 competitividade no mercado de trabalho.<\/p>\n\n\n\n<p>O presidente abriu o primeiro semin\u00e1rio realizado pela Corte de Contas para orientar os novos prefeitos eleitos, visando um \u201cMandato Eficiente e Transparente\u201d, ao longo dos pr\u00f3ximos quatro anos. F\u00e1bio Nogueira ressaltou a import\u00e2ncia do di\u00e1logo permanente que deve existir entre o controle externo e os jurisdicionados. E nesse sentido, ainda lembrou o pacto pela educa\u00e7\u00e3o assumido no discurso de posse. \u201cN\u00e3o \u00e9 preciso dizer o quanto o cuidado com as novas gera\u00e7\u00f5es \u00e9 provid\u00eancia indispens\u00e1vel \u00e0 forma\u00e7\u00e3o de cidad\u00e3os cr\u00edticos, conscientes e participativos do processo que pode e deve conduzi-las \u00e0 reden\u00e7\u00e3o social e econ\u00f4mica\u201d.<\/p>\n\n\n\n<p>\u201cEsse encontro \u00e9 a ess\u00eancia da Democracia. Est\u00e3o aqui os prefeitos que receberam a confian\u00e7a da popula\u00e7\u00e3o pelo voto, e do outro lado o TCE, \u00f3rg\u00e3o que exerce o controle externo\u201d reiterou ele, ao destacar a disposi\u00e7\u00e3o do Tribunal de ampliar a proximidade junto aos munic\u00edpios. \u201cN\u00e3o guardem dist\u00e2ncia do TCE. Utilizem nossas ferramentas e procurem nosso apoio t\u00e9cnico para dirimir as d\u00favidas em busca de uma gest\u00e3o cada vez mais eficiente\u201d.&nbsp;<\/p>\n\n\n\n<figure class=\"wp-block-image size-full\"><img decoding=\"async\" width=\"1024\" height=\"681\" src=\"https:\/\/tce.pb.gov.br\/portalprimeirainfancia\/wp-content\/uploads\/2025\/04\/DSC_3358-1024x681-1.jpg\" alt=\"\" class=\"wp-image-680\" srcset=\"https:\/\/tce.pb.gov.br\/portalprimeirainfancia\/wp-content\/uploads\/2025\/04\/DSC_3358-1024x681-1.jpg 1024w, https:\/\/tce.pb.gov.br\/portalprimeirainfancia\/wp-content\/uploads\/2025\/04\/DSC_3358-1024x681-1-300x200.jpg 300w, https:\/\/tce.pb.gov.br\/portalprimeirainfancia\/wp-content\/uploads\/2025\/04\/DSC_3358-1024x681-1-768x511.jpg 768w\" sizes=\"(max-width: 1024px) 100vw, 1024px\" \/><\/figure>\n\n\n\n<p>Nesse encontro, que reuniu mais de 550 inscritos, entre prefeitos, assessores, advogados e contadores, os participantes puderam ouvir palestras e debater com os t\u00e9cnicos temas a respeito de \u201c<strong>Cidades Inteligentes e Sustent\u00e1veis\u201d, e \u201cCompras P\u00fablicas Eficientes\u201d,<\/strong>&nbsp; proferidas pelos Auditores de Controle Externo, Andr\u00e9 Agra de Lira e Luzemar da Costa Martins. ODiretor de Tecnologia, Ed Wilson Santana, explicou a respeito dos procedimentos para o \u201cE<strong>nvio de Informa\u00e7\u00f5es ao TCE-PB\u201d<\/strong>. O diretor de Auditoria, Eduardo Albuquerque, fez uma explana\u00e7\u00e3o sobre \u201cGest\u00e3o e Contrata\u00e7\u00e3o de Pessoal\u201d. Ele citou alguns exemplos de a\u00e7\u00f5es sugeridas pelo TCE para a regularidade nas presta\u00e7\u00f5es de contas. &nbsp;<\/p>\n\n\n\n<figure class=\"wp-block-image size-full\"><img decoding=\"async\" width=\"1024\" height=\"681\" src=\"https:\/\/tce.pb.gov.br\/portalprimeirainfancia\/wp-content\/uploads\/2025\/04\/DSC_3447-1024x681-1.jpg\" alt=\"\" class=\"wp-image-681\" srcset=\"https:\/\/tce.pb.gov.br\/portalprimeirainfancia\/wp-content\/uploads\/2025\/04\/DSC_3447-1024x681-1.jpg 1024w, https:\/\/tce.pb.gov.br\/portalprimeirainfancia\/wp-content\/uploads\/2025\/04\/DSC_3447-1024x681-1-300x200.jpg 300w, https:\/\/tce.pb.gov.br\/portalprimeirainfancia\/wp-content\/uploads\/2025\/04\/DSC_3447-1024x681-1-768x511.jpg 768w\" sizes=\"(max-width: 1024px) 100vw, 1024px\" \/><\/figure>\n\n\n\n<figure class=\"wp-block-image size-full\"><img loading=\"lazy\" decoding=\"async\" width=\"1024\" height=\"681\" src=\"https:\/\/tce.pb.gov.br\/portalprimeirainfancia\/wp-content\/uploads\/2025\/04\/DSC_3370-1024x681-1.jpg\" alt=\"\" class=\"wp-image-682\" srcset=\"https:\/\/tce.pb.gov.br\/portalprimeirainfancia\/wp-content\/uploads\/2025\/04\/DSC_3370-1024x681-1.jpg 1024w, https:\/\/tce.pb.gov.br\/portalprimeirainfancia\/wp-content\/uploads\/2025\/04\/DSC_3370-1024x681-1-300x200.jpg 300w, https:\/\/tce.pb.gov.br\/portalprimeirainfancia\/wp-content\/uploads\/2025\/04\/DSC_3370-1024x681-1-768x511.jpg 768w\" sizes=\"(max-width: 1024px) 100vw, 1024px\" \/><\/figure>\n\n\n\n<p>O presidente da Federa\u00e7\u00e3o dos Munic\u00edpios da Para\u00edba \u2013 FAMUP, George Coelho, disse que encontros dessa natureza s\u00e3o eficazes e demonstram o interesse do Tribunal de Contas em promover parcerias para qualificar as gest\u00f5es municipais. \u201cA proximidade com o TCE trouxe mais efici\u00eancia e transpar\u00eancia\u201d. Ele lembrou que no ano passado, com a nova metodologia adotada pela Corte de Contas \u2013 em especial no acompanhamento da gest\u00e3o -, 90% das contas dos gestores foram aprovadas.<\/p>\n\n\n\n<figure class=\"wp-block-image size-full\"><img loading=\"lazy\" decoding=\"async\" width=\"1024\" height=\"681\" src=\"https:\/\/tce.pb.gov.br\/portalprimeirainfancia\/wp-content\/uploads\/2025\/04\/DSC_3441-1024x681-1.jpg\" alt=\"\" class=\"wp-image-683\" srcset=\"https:\/\/tce.pb.gov.br\/portalprimeirainfancia\/wp-content\/uploads\/2025\/04\/DSC_3441-1024x681-1.jpg 1024w, https:\/\/tce.pb.gov.br\/portalprimeirainfancia\/wp-content\/uploads\/2025\/04\/DSC_3441-1024x681-1-300x200.jpg 300w, https:\/\/tce.pb.gov.br\/portalprimeirainfancia\/wp-content\/uploads\/2025\/04\/DSC_3441-1024x681-1-768x511.jpg 768w\" sizes=\"(max-width: 1024px) 100vw, 1024px\" \/><\/figure>\n\n\n\n<p>Coube ao conselheiro Andr\u00e9 Carlo Torres Pontes, vice-presidente, o encerramento do encontro. Ele reiterou o prop\u00f3sito do TCE de entregar servi\u00e7os mais eficientes, sempre observando as experi\u00eancias positivas e que sejam voltadas ao bem estar da popula\u00e7\u00e3o. \u201cO TCE est\u00e1 ao lado da gest\u00e3o p\u00fablica e busca espelhar boas iniciativas\u201d, disse o conselheiro, que dever\u00e1 ser o coordenador do projeto a ser executado pela atual gest\u00e3o e que tem por objetivo priorizar a educa\u00e7\u00e3o voltada para a primeira inf\u00e2ncia.<\/p>\n","protected":false},"excerpt":{"rendered":"<p>O presidente do Tribunal de Contas do Estado, conselheiro F\u00e1bio Nogueira, reafirmou, na manh\u00e3 desta segunda-feira (27), durante encontro com [&hellip;]<\/p>\n","protected":false},"author":6,"featured_media":679,"comment_status":"closed","ping_status":"closed","sticky":false,"template":"elementor_theme","format":"standard","meta":{"site-sidebar-layout":"default","site-content-layout":"","ast-site-content-layout":"","site-content-style":"default","site-sidebar-style":"default","ast-global-header-display":"","ast-banner-title-visibility":"","ast-main-header-display":"","ast-hfb-above-header-display":"","ast-hfb-below-header-display":"","ast-hfb-mobile-header-display":"","site-post-title":"","ast-breadcrumbs-content":"","ast-featured-img":"","footer-sml-layout":"","theme-transparent-header-meta":"","adv-header-id-meta":"","stick-header-meta":"","header-above-stick-meta":"","header-main-stick-meta":"","header-below-stick-meta":"","astra-migrate-meta-layouts":"default","ast-page-background-enabled":"default","ast-page-background-meta":{"desktop":{"background-color":"var(--ast-global-color-5)","background-image":"","background-repeat":"repeat","background-position":"center center","background-size":"auto","background-attachment":"scroll","background-type":"","background-media":"","overlay-type":"","overlay-color":"","overlay-opacity":"","overlay-gradient":""},"tablet":{"background-color":"","background-image":"","background-repeat":"repeat","background-position":"center center","background-size":"auto","background-attachment":"scroll","background-type":"","background-media":"","overlay-type":"","overlay-color":"","overlay-opacity":"","overlay-gradient":""},"mobile":{"background-color":"","background-image":"","background-repeat":"repeat","background-position":"center center","background-size":"auto","background-attachment":"scroll","background-type":"","background-media":"","overlay-type":"","overlay-color":"","overlay-opacity":"","overlay-gradient":""}},"ast-content-background-meta":{"desktop":{"background-color":"var(--ast-global-color-4)","background-image":"","background-repeat":"repeat","background-position":"center center","background-size":"auto","background-attachment":"scroll","background-type":"","background-media":"","overlay-type":"","overlay-color":"","overlay-opacity":"","overlay-gradient":""},"tablet":{"background-color":"var(--ast-global-color-4)","background-image":"","background-repeat":"repeat","background-position":"center center","background-size":"auto","background-attachment":"scroll","background-type":"","background-media":"","overlay-type":"","overlay-color":"","overlay-opacity":"","overlay-gradient":""},"mobile":{"background-color":"var(--ast-global-color-4)","background-image":"","background-repeat":"repeat","background-position":"center center","background-size":"auto","background-attachment":"scroll","background-type":"","background-media":"","overlay-type":"","overlay-color":"","overlay-opacity":"","overlay-gradient":""}},"_jetpack_memberships_contains_paid_content":false,"footnotes":""},"categories":[7],"tags":[],"class_list":["post-678","post","type-post","status-publish","format-standard","has-post-thumbnail","hentry","category-noticias"],"yoast_head":"<!-- This site is optimized with the Yoast SEO plugin v27.5 - https:\/\/yoast.com\/product\/yoast-seo-wordpress\/ -->\n<title>Presidente do TCE abre encontro t\u00e9cnico com prefeitos e reafirma compromisso da Corte com a educa\u00e7\u00e3o infantil %<\/title>\n<meta name=\"description\" content=\"Presidente do TCE abre encontro t\u00e9cnico com prefeitos e reafirma compromisso da Corte com a educa\u00e7\u00e3o infantil %\" \/>\n<meta name=\"robots\" content=\"index, follow, max-snippet:-1, max-image-preview:large, max-video-preview:-1\" \/>\n<link rel=\"canonical\" href=\"https:\/\/tce.pb.gov.br\/portalprimeirainfancia\/presidente-do-tce-abre-encontro-tecnico-com-prefeitos-e-reafirma-compromisso-da-corte-com-a-educacao-infantil\/\" \/>\n<meta property=\"og:locale\" content=\"pt_BR\" \/>\n<meta property=\"og:type\" content=\"article\" \/>\n<meta property=\"og:title\" content=\"Presidente do TCE abre encontro t\u00e9cnico com prefeitos e reafirma compromisso da Corte com a educa\u00e7\u00e3o infantil %\" \/>\n<meta property=\"og:description\" content=\"Presidente do TCE abre encontro t\u00e9cnico com prefeitos e reafirma compromisso da Corte com a educa\u00e7\u00e3o infantil %\" \/>\n<meta property=\"og:url\" content=\"https:\/\/tce.pb.gov.br\/portalprimeirainfancia\/presidente-do-tce-abre-encontro-tecnico-com-prefeitos-e-reafirma-compromisso-da-corte-com-a-educacao-infantil\/\" \/>\n<meta property=\"og:site_name\" content=\"Pacto Paraibano pela Primeira Inf\u00e2ncia\" \/>\n<meta property=\"article:published_time\" content=\"2025-01-27T11:55:00+00:00\" \/>\n<meta property=\"article:modified_time\" content=\"2025-07-11T16:20:47+00:00\" \/>\n<meta property=\"og:image\" content=\"https:\/\/tce.pb.gov.br\/portalprimeirainfancia\/wp-content\/uploads\/2025\/04\/DSC_3322-1024x681-1.jpg\" \/>\n\t<meta property=\"og:image:width\" content=\"1024\" \/>\n\t<meta property=\"og:image:height\" content=\"681\" \/>\n\t<meta property=\"og:image:type\" content=\"image\/jpeg\" \/>\n<meta name=\"author\" content=\"Rafael Massoni\" \/>\n<meta name=\"twitter:card\" content=\"summary_large_image\" \/>\n<meta name=\"twitter:label1\" content=\"Escrito por\" \/>\n\t<meta name=\"twitter:data1\" content=\"Rafael Massoni\" \/>\n\t<meta name=\"twitter:label2\" content=\"Est. tempo de leitura\" \/>\n\t<meta name=\"twitter:data2\" content=\"4 minutos\" \/>\n<script type=\"application\/ld+json\" class=\"yoast-schema-graph\">{\"@context\":\"https:\\\/\\\/schema.org\",\"@graph\":[{\"@type\":\"NewsArticle\",\"@id\":\"https:\\\/\\\/tce.pb.gov.br\\\/portalprimeirainfancia\\\/presidente-do-tce-abre-encontro-tecnico-com-prefeitos-e-reafirma-compromisso-da-corte-com-a-educacao-infantil\\\/#article\",\"isPartOf\":{\"@id\":\"https:\\\/\\\/tce.pb.gov.br\\\/portalprimeirainfancia\\\/presidente-do-tce-abre-encontro-tecnico-com-prefeitos-e-reafirma-compromisso-da-corte-com-a-educacao-infantil\\\/\"},\"author\":{\"name\":\"Rafael Massoni\",\"@id\":\"https:\\\/\\\/tce.pb.gov.br\\\/portalprimeirainfancia\\\/#\\\/schema\\\/person\\\/6a39eea5836dda604de1c5e5b7d62141\"},\"headline\":\"Presidente do TCE abre encontro t\u00e9cnico com prefeitos e reafirma compromisso da Corte com a educa\u00e7\u00e3o infantil\",\"datePublished\":\"2025-01-27T11:55:00+00:00\",\"dateModified\":\"2025-07-11T16:20:47+00:00\",\"mainEntityOfPage\":{\"@id\":\"https:\\\/\\\/tce.pb.gov.br\\\/portalprimeirainfancia\\\/presidente-do-tce-abre-encontro-tecnico-com-prefeitos-e-reafirma-compromisso-da-corte-com-a-educacao-infantil\\\/\"},\"wordCount\":566,\"publisher\":{\"@id\":\"https:\\\/\\\/tce.pb.gov.br\\\/portalprimeirainfancia\\\/#organization\"},\"image\":{\"@id\":\"https:\\\/\\\/tce.pb.gov.br\\\/portalprimeirainfancia\\\/presidente-do-tce-abre-encontro-tecnico-com-prefeitos-e-reafirma-compromisso-da-corte-com-a-educacao-infantil\\\/#primaryimage\"},\"thumbnailUrl\":\"https:\\\/\\\/tce.pb.gov.br\\\/portalprimeirainfancia\\\/wp-content\\\/uploads\\\/2025\\\/04\\\/DSC_3322-1024x681-1.jpg\",\"articleSection\":[\"Not\u00edcias\"],\"inLanguage\":\"pt-BR\"},{\"@type\":\"WebPage\",\"@id\":\"https:\\\/\\\/tce.pb.gov.br\\\/portalprimeirainfancia\\\/presidente-do-tce-abre-encontro-tecnico-com-prefeitos-e-reafirma-compromisso-da-corte-com-a-educacao-infantil\\\/\",\"url\":\"https:\\\/\\\/tce.pb.gov.br\\\/portalprimeirainfancia\\\/presidente-do-tce-abre-encontro-tecnico-com-prefeitos-e-reafirma-compromisso-da-corte-com-a-educacao-infantil\\\/\",\"name\":\"Presidente do TCE abre encontro t\u00e9cnico com prefeitos e reafirma compromisso da Corte com a educa\u00e7\u00e3o infantil %\",\"isPartOf\":{\"@id\":\"https:\\\/\\\/tce.pb.gov.br\\\/portalprimeirainfancia\\\/#website\"},\"primaryImageOfPage\":{\"@id\":\"https:\\\/\\\/tce.pb.gov.br\\\/portalprimeirainfancia\\\/presidente-do-tce-abre-encontro-tecnico-com-prefeitos-e-reafirma-compromisso-da-corte-com-a-educacao-infantil\\\/#primaryimage\"},\"image\":{\"@id\":\"https:\\\/\\\/tce.pb.gov.br\\\/portalprimeirainfancia\\\/presidente-do-tce-abre-encontro-tecnico-com-prefeitos-e-reafirma-compromisso-da-corte-com-a-educacao-infantil\\\/#primaryimage\"},\"thumbnailUrl\":\"https:\\\/\\\/tce.pb.gov.br\\\/portalprimeirainfancia\\\/wp-content\\\/uploads\\\/2025\\\/04\\\/DSC_3322-1024x681-1.jpg\",\"datePublished\":\"2025-01-27T11:55:00+00:00\",\"dateModified\":\"2025-07-11T16:20:47+00:00\",\"description\":\"Presidente do TCE abre encontro t\u00e9cnico com prefeitos e reafirma compromisso da Corte com a educa\u00e7\u00e3o infantil %\",\"breadcrumb\":{\"@id\":\"https:\\\/\\\/tce.pb.gov.br\\\/portalprimeirainfancia\\\/presidente-do-tce-abre-encontro-tecnico-com-prefeitos-e-reafirma-compromisso-da-corte-com-a-educacao-infantil\\\/#breadcrumb\"},\"inLanguage\":\"pt-BR\",\"potentialAction\":[{\"@type\":\"ReadAction\",\"target\":[\"https:\\\/\\\/tce.pb.gov.br\\\/portalprimeirainfancia\\\/presidente-do-tce-abre-encontro-tecnico-com-prefeitos-e-reafirma-compromisso-da-corte-com-a-educacao-infantil\\\/\"]}]},{\"@type\":\"ImageObject\",\"inLanguage\":\"pt-BR\",\"@id\":\"https:\\\/\\\/tce.pb.gov.br\\\/portalprimeirainfancia\\\/presidente-do-tce-abre-encontro-tecnico-com-prefeitos-e-reafirma-compromisso-da-corte-com-a-educacao-infantil\\\/#primaryimage\",\"url\":\"https:\\\/\\\/tce.pb.gov.br\\\/portalprimeirainfancia\\\/wp-content\\\/uploads\\\/2025\\\/04\\\/DSC_3322-1024x681-1.jpg\",\"contentUrl\":\"https:\\\/\\\/tce.pb.gov.br\\\/portalprimeirainfancia\\\/wp-content\\\/uploads\\\/2025\\\/04\\\/DSC_3322-1024x681-1.jpg\",\"width\":1024,\"height\":681},{\"@type\":\"BreadcrumbList\",\"@id\":\"https:\\\/\\\/tce.pb.gov.br\\\/portalprimeirainfancia\\\/presidente-do-tce-abre-encontro-tecnico-com-prefeitos-e-reafirma-compromisso-da-corte-com-a-educacao-infantil\\\/#breadcrumb\",\"itemListElement\":[{\"@type\":\"ListItem\",\"position\":1,\"name\":\"In\u00edcio\",\"item\":\"https:\\\/\\\/tce.pb.gov.br\\\/portalprimeirainfancia\\\/\"},{\"@type\":\"ListItem\",\"position\":2,\"name\":\"Presidente do TCE abre encontro t\u00e9cnico com prefeitos e reafirma compromisso da Corte com a educa\u00e7\u00e3o infantil\"}]},{\"@type\":\"WebSite\",\"@id\":\"https:\\\/\\\/tce.pb.gov.br\\\/portalprimeirainfancia\\\/#website\",\"url\":\"https:\\\/\\\/tce.pb.gov.br\\\/portalprimeirainfancia\\\/\",\"name\":\"Pacto Paraibano pela Primeira Inf\u00e2ncia\",\"description\":\"Portal para divulga\u00e7\u00e3o do Pacto Paraibano pela Primeira Inf\u00e2ncia\",\"publisher\":{\"@id\":\"https:\\\/\\\/tce.pb.gov.br\\\/portalprimeirainfancia\\\/#organization\"},\"potentialAction\":[{\"@type\":\"SearchAction\",\"target\":{\"@type\":\"EntryPoint\",\"urlTemplate\":\"https:\\\/\\\/tce.pb.gov.br\\\/portalprimeirainfancia\\\/?s={search_term_string}\"},\"query-input\":{\"@type\":\"PropertyValueSpecification\",\"valueRequired\":true,\"valueName\":\"search_term_string\"}}],\"inLanguage\":\"pt-BR\"},{\"@type\":\"Organization\",\"@id\":\"https:\\\/\\\/tce.pb.gov.br\\\/portalprimeirainfancia\\\/#organization\",\"name\":\"Pacto Paraibano pela Primeira Inf\u00e2ncia\",\"alternateName\":\"TCE-PB\",\"url\":\"https:\\\/\\\/tce.pb.gov.br\\\/portalprimeirainfancia\\\/\",\"logo\":{\"@type\":\"ImageObject\",\"inLanguage\":\"pt-BR\",\"@id\":\"https:\\\/\\\/tce.pb.gov.br\\\/portalprimeirainfancia\\\/#\\\/schema\\\/logo\\\/image\\\/\",\"url\":\"https:\\\/\\\/tce.pb.gov.br\\\/portalprimeirainfancia\\\/wp-content\\\/uploads\\\/2025\\\/05\\\/Pacto-Whatsapp.png\",\"contentUrl\":\"https:\\\/\\\/tce.pb.gov.br\\\/portalprimeirainfancia\\\/wp-content\\\/uploads\\\/2025\\\/05\\\/Pacto-Whatsapp.png\",\"width\":427,\"height\":427,\"caption\":\"Pacto Paraibano pela Primeira Inf\u00e2ncia\"},\"image\":{\"@id\":\"https:\\\/\\\/tce.pb.gov.br\\\/portalprimeirainfancia\\\/#\\\/schema\\\/logo\\\/image\\\/\"},\"sameAs\":[\"https:\\\/\\\/www.instagram.com\\\/tcepb\\\/\"]},{\"@type\":\"Person\",\"@id\":\"https:\\\/\\\/tce.pb.gov.br\\\/portalprimeirainfancia\\\/#\\\/schema\\\/person\\\/6a39eea5836dda604de1c5e5b7d62141\",\"name\":\"Rafael Massoni\"}]}<\/script>\n<!-- \/ Yoast SEO plugin. -->","yoast_head_json":{"title":"Presidente do TCE abre encontro t\u00e9cnico com prefeitos e reafirma compromisso da Corte com a educa\u00e7\u00e3o infantil %","description":"Presidente do TCE abre encontro t\u00e9cnico com prefeitos e reafirma compromisso da Corte com a educa\u00e7\u00e3o infantil %","robots":{"index":"index","follow":"follow","max-snippet":"max-snippet:-1","max-image-preview":"max-image-preview:large","max-video-preview":"max-video-preview:-1"},"canonical":"https:\/\/tce.pb.gov.br\/portalprimeirainfancia\/presidente-do-tce-abre-encontro-tecnico-com-prefeitos-e-reafirma-compromisso-da-corte-com-a-educacao-infantil\/","og_locale":"pt_BR","og_type":"article","og_title":"Presidente do TCE abre encontro t\u00e9cnico com prefeitos e reafirma compromisso da Corte com a educa\u00e7\u00e3o infantil %","og_description":"Presidente do TCE abre encontro t\u00e9cnico com prefeitos e reafirma compromisso da Corte com a educa\u00e7\u00e3o infantil %","og_url":"https:\/\/tce.pb.gov.br\/portalprimeirainfancia\/presidente-do-tce-abre-encontro-tecnico-com-prefeitos-e-reafirma-compromisso-da-corte-com-a-educacao-infantil\/","og_site_name":"Pacto Paraibano pela Primeira Inf\u00e2ncia","article_published_time":"2025-01-27T11:55:00+00:00","article_modified_time":"2025-07-11T16:20:47+00:00","og_image":[{"width":1024,"height":681,"url":"https:\/\/tce.pb.gov.br\/portalprimeirainfancia\/wp-content\/uploads\/2025\/04\/DSC_3322-1024x681-1.jpg","type":"image\/jpeg"}],"author":"Rafael Massoni","twitter_card":"summary_large_image","twitter_misc":{"Escrito por":"Rafael Massoni","Est. tempo de leitura":"4 minutos"},"schema":{"@context":"https:\/\/schema.org","@graph":[{"@type":"NewsArticle","@id":"https:\/\/tce.pb.gov.br\/portalprimeirainfancia\/presidente-do-tce-abre-encontro-tecnico-com-prefeitos-e-reafirma-compromisso-da-corte-com-a-educacao-infantil\/#article","isPartOf":{"@id":"https:\/\/tce.pb.gov.br\/portalprimeirainfancia\/presidente-do-tce-abre-encontro-tecnico-com-prefeitos-e-reafirma-compromisso-da-corte-com-a-educacao-infantil\/"},"author":{"name":"Rafael Massoni","@id":"https:\/\/tce.pb.gov.br\/portalprimeirainfancia\/#\/schema\/person\/6a39eea5836dda604de1c5e5b7d62141"},"headline":"Presidente do TCE abre encontro t\u00e9cnico com prefeitos e reafirma compromisso da Corte com a educa\u00e7\u00e3o infantil","datePublished":"2025-01-27T11:55:00+00:00","dateModified":"2025-07-11T16:20:47+00:00","mainEntityOfPage":{"@id":"https:\/\/tce.pb.gov.br\/portalprimeirainfancia\/presidente-do-tce-abre-encontro-tecnico-com-prefeitos-e-reafirma-compromisso-da-corte-com-a-educacao-infantil\/"},"wordCount":566,"publisher":{"@id":"https:\/\/tce.pb.gov.br\/portalprimeirainfancia\/#organization"},"image":{"@id":"https:\/\/tce.pb.gov.br\/portalprimeirainfancia\/presidente-do-tce-abre-encontro-tecnico-com-prefeitos-e-reafirma-compromisso-da-corte-com-a-educacao-infantil\/#primaryimage"},"thumbnailUrl":"https:\/\/tce.pb.gov.br\/portalprimeirainfancia\/wp-content\/uploads\/2025\/04\/DSC_3322-1024x681-1.jpg","articleSection":["Not\u00edcias"],"inLanguage":"pt-BR"},{"@type":"WebPage","@id":"https:\/\/tce.pb.gov.br\/portalprimeirainfancia\/presidente-do-tce-abre-encontro-tecnico-com-prefeitos-e-reafirma-compromisso-da-corte-com-a-educacao-infantil\/","url":"https:\/\/tce.pb.gov.br\/portalprimeirainfancia\/presidente-do-tce-abre-encontro-tecnico-com-prefeitos-e-reafirma-compromisso-da-corte-com-a-educacao-infantil\/","name":"Presidente do TCE abre encontro t\u00e9cnico com prefeitos e reafirma compromisso da Corte com a educa\u00e7\u00e3o infantil %","isPartOf":{"@id":"https:\/\/tce.pb.gov.br\/portalprimeirainfancia\/#website"},"primaryImageOfPage":{"@id":"https:\/\/tce.pb.gov.br\/portalprimeirainfancia\/presidente-do-tce-abre-encontro-tecnico-com-prefeitos-e-reafirma-compromisso-da-corte-com-a-educacao-infantil\/#primaryimage"},"image":{"@id":"https:\/\/tce.pb.gov.br\/portalprimeirainfancia\/presidente-do-tce-abre-encontro-tecnico-com-prefeitos-e-reafirma-compromisso-da-corte-com-a-educacao-infantil\/#primaryimage"},"thumbnailUrl":"https:\/\/tce.pb.gov.br\/portalprimeirainfancia\/wp-content\/uploads\/2025\/04\/DSC_3322-1024x681-1.jpg","datePublished":"2025-01-27T11:55:00+00:00","dateModified":"2025-07-11T16:20:47+00:00","description":"Presidente do TCE abre encontro t\u00e9cnico com prefeitos e reafirma compromisso da Corte com a educa\u00e7\u00e3o infantil %","breadcrumb":{"@id":"https:\/\/tce.pb.gov.br\/portalprimeirainfancia\/presidente-do-tce-abre-encontro-tecnico-com-prefeitos-e-reafirma-compromisso-da-corte-com-a-educacao-infantil\/#breadcrumb"},"inLanguage":"pt-BR","potentialAction":[{"@type":"ReadAction","target":["https:\/\/tce.pb.gov.br\/portalprimeirainfancia\/presidente-do-tce-abre-encontro-tecnico-com-prefeitos-e-reafirma-compromisso-da-corte-com-a-educacao-infantil\/"]}]},{"@type":"ImageObject","inLanguage":"pt-BR","@id":"https:\/\/tce.pb.gov.br\/portalprimeirainfancia\/presidente-do-tce-abre-encontro-tecnico-com-prefeitos-e-reafirma-compromisso-da-corte-com-a-educacao-infantil\/#primaryimage","url":"https:\/\/tce.pb.gov.br\/portalprimeirainfancia\/wp-content\/uploads\/2025\/04\/DSC_3322-1024x681-1.jpg","contentUrl":"https:\/\/tce.pb.gov.br\/portalprimeirainfancia\/wp-content\/uploads\/2025\/04\/DSC_3322-1024x681-1.jpg","width":1024,"height":681},{"@type":"BreadcrumbList","@id":"https:\/\/tce.pb.gov.br\/portalprimeirainfancia\/presidente-do-tce-abre-encontro-tecnico-com-prefeitos-e-reafirma-compromisso-da-corte-com-a-educacao-infantil\/#breadcrumb","itemListElement":[{"@type":"ListItem","position":1,"name":"In\u00edcio","item":"https:\/\/tce.pb.gov.br\/portalprimeirainfancia\/"},{"@type":"ListItem","position":2,"name":"Presidente do TCE abre encontro t\u00e9cnico com prefeitos e reafirma compromisso da Corte com a educa\u00e7\u00e3o infantil"}]},{"@type":"WebSite","@id":"https:\/\/tce.pb.gov.br\/portalprimeirainfancia\/#website","url":"https:\/\/tce.pb.gov.br\/portalprimeirainfancia\/","name":"Pacto Paraibano pela Primeira Inf\u00e2ncia","description":"Portal para divulga\u00e7\u00e3o do Pacto Paraibano pela Primeira Inf\u00e2ncia","publisher":{"@id":"https:\/\/tce.pb.gov.br\/portalprimeirainfancia\/#organization"},"potentialAction":[{"@type":"SearchAction","target":{"@type":"EntryPoint","urlTemplate":"https:\/\/tce.pb.gov.br\/portalprimeirainfancia\/?s={search_term_string}"},"query-input":{"@type":"PropertyValueSpecification","valueRequired":true,"valueName":"search_term_string"}}],"inLanguage":"pt-BR"},{"@type":"Organization","@id":"https:\/\/tce.pb.gov.br\/portalprimeirainfancia\/#organization","name":"Pacto Paraibano pela Primeira Inf\u00e2ncia","alternateName":"TCE-PB","url":"https:\/\/tce.pb.gov.br\/portalprimeirainfancia\/","logo":{"@type":"ImageObject","inLanguage":"pt-BR","@id":"https:\/\/tce.pb.gov.br\/portalprimeirainfancia\/#\/schema\/logo\/image\/","url":"https:\/\/tce.pb.gov.br\/portalprimeirainfancia\/wp-content\/uploads\/2025\/05\/Pacto-Whatsapp.png","contentUrl":"https:\/\/tce.pb.gov.br\/portalprimeirainfancia\/wp-content\/uploads\/2025\/05\/Pacto-Whatsapp.png","width":427,"height":427,"caption":"Pacto Paraibano pela Primeira Inf\u00e2ncia"},"image":{"@id":"https:\/\/tce.pb.gov.br\/portalprimeirainfancia\/#\/schema\/logo\/image\/"},"sameAs":["https:\/\/www.instagram.com\/tcepb\/"]},{"@type":"Person","@id":"https:\/\/tce.pb.gov.br\/portalprimeirainfancia\/#\/schema\/person\/6a39eea5836dda604de1c5e5b7d62141","name":"Rafael Massoni"}]}},"jetpack_featured_media_url":"https:\/\/tce.pb.gov.br\/portalprimeirainfancia\/wp-content\/uploads\/2025\/04\/DSC_3322-1024x681-1.jpg","jetpack_sharing_enabled":true,"_links":{"self":[{"href":"https:\/\/tce.pb.gov.br\/portalprimeirainfancia\/wp-json\/wp\/v2\/posts\/678","targetHints":{"allow":["GET"]}}],"collection":[{"href":"https:\/\/tce.pb.gov.br\/portalprimeirainfancia\/wp-json\/wp\/v2\/posts"}],"about":[{"href":"https:\/\/tce.pb.gov.br\/portalprimeirainfancia\/wp-json\/wp\/v2\/types\/post"}],"author":[{"embeddable":true,"href":"https:\/\/tce.pb.gov.br\/portalprimeirainfancia\/wp-json\/wp\/v2\/users\/6"}],"replies":[{"embeddable":true,"href":"https:\/\/tce.pb.gov.br\/portalprimeirainfancia\/wp-json\/wp\/v2\/comments?post=678"}],"version-history":[{"count":1,"href":"https:\/\/tce.pb.gov.br\/portalprimeirainfancia\/wp-json\/wp\/v2\/posts\/678\/revisions"}],"predecessor-version":[{"id":29512,"href":"https:\/\/tce.pb.gov.br\/portalprimeirainfancia\/wp-json\/wp\/v2\/posts\/678\/revisions\/29512"}],"wp:featuredmedia":[{"embeddable":true,"href":"https:\/\/tce.pb.gov.br\/portalprimeirainfancia\/wp-json\/wp\/v2\/media\/679"}],"wp:attachment":[{"href":"https:\/\/tce.pb.gov.br\/portalprimeirainfancia\/wp-json\/wp\/v2\/media?parent=678"}],"wp:term":[{"taxonomy":"category","embeddable":true,"href":"https:\/\/tce.pb.gov.br\/portalprimeirainfancia\/wp-json\/wp\/v2\/categories?post=678"},{"taxonomy":"post_tag","embeddable":true,"href":"https:\/\/tce.pb.gov.br\/portalprimeirainfancia\/wp-json\/wp\/v2\/tags?post=678"}],"curies":[{"name":"wp","href":"https:\/\/api.w.org\/{rel}","templated":true}]}}