{"id":29995,"date":"2026-04-15T12:40:53","date_gmt":"2026-04-15T15:40:53","guid":{"rendered":"https:\/\/tce.pb.gov.br\/portalprimeirainfancia\/?p=29995"},"modified":"2026-04-24T12:44:24","modified_gmt":"2026-04-24T15:44:24","slug":"tce-pb-apresenta-primeiros-resultados-de-auditoria-em-upas-e-aponta-desafios-na-assistencia-e-regulacao-de-pacientes","status":"publish","type":"post","link":"https:\/\/tce.pb.gov.br\/portalprimeirainfancia\/tce-pb-apresenta-primeiros-resultados-de-auditoria-em-upas-e-aponta-desafios-na-assistencia-e-regulacao-de-pacientes\/","title":{"rendered":"TCE-PB apresenta primeiros resultados de auditoria em UPAs e aponta desafios na assist\u00eancia e regula\u00e7\u00e3o de pacientes"},"content":{"rendered":"\n<figure class=\"wp-block-image aligncenter size-large\"><img fetchpriority=\"high\" decoding=\"async\" width=\"1024\" height=\"683\" src=\"https:\/\/tce.pb.gov.br\/portalprimeirainfancia\/wp-content\/uploads\/2026\/04\/image-7-1024x683.png\" alt=\"\" class=\"wp-image-29996\" srcset=\"https:\/\/tce.pb.gov.br\/portalprimeirainfancia\/wp-content\/uploads\/2026\/04\/image-7-1024x683.png 1024w, https:\/\/tce.pb.gov.br\/portalprimeirainfancia\/wp-content\/uploads\/2026\/04\/image-7-300x200.png 300w, https:\/\/tce.pb.gov.br\/portalprimeirainfancia\/wp-content\/uploads\/2026\/04\/image-7-768x512.png 768w, https:\/\/tce.pb.gov.br\/portalprimeirainfancia\/wp-content\/uploads\/2026\/04\/image-7-1536x1024.png 1536w, https:\/\/tce.pb.gov.br\/portalprimeirainfancia\/wp-content\/uploads\/2026\/04\/image-7.png 2048w\" sizes=\"(max-width: 1024px) 100vw, 1024px\" \/><\/figure>\n\n\n\n<p>O Tribunal de Contas do Estado da Para\u00edba (TCE-PB) apresentou, nesta quarta-feira (15), os primeiros resultados da auditoria coordenada realizada em 18 Unidades de Pronto Atendimento (UPAs), distribu\u00eddas em 13 munic\u00edpios paraibanos. A a\u00e7\u00e3o mobilizou cerca de 50 servidores, organizados em 18 equipes, que avaliaram 156 itens relacionados \u00e0 estrutura, ao funcionamento e \u00e0 qualidade dos servi\u00e7os prestados \u00e0 popula\u00e7\u00e3o.<\/p>\n\n\n\n<p>A apresenta\u00e7\u00e3o foi conduzida pelo diretor de Auditoria e Fiscaliza\u00e7\u00e3o, Eduardo Albuquerque, juntamente com os coordenadores da opera\u00e7\u00e3o, durante sess\u00e3o do Plen\u00e1rio. O levantamento tra\u00e7a um panorama inicial da situa\u00e7\u00e3o das unidades, destacando tanto pontos positivos quanto fragilidades que impactam diretamente o atendimento.<\/p>\n\n\n\n<p><strong>Achados da auditoria \u2013<\/strong>&nbsp;Entre os principais achados, a auditoria identificou situa\u00e7\u00f5es de superlota\u00e7\u00e3o e perman\u00eancia prolongada de pacientes em \u00e1reas destinadas a atendimentos de curta dura\u00e7\u00e3o. Dados coletados indicam que 17 pacientes estavam internados h\u00e1 mais de 24 horas na \u201cala vermelha\u201d, voltada a casos graves, enquanto outros 54 permaneciam por mais de um dia na \u201cala amarela\u201d, destinada a casos de m\u00e9dia complexidade.<\/p>\n\n\n\n<p>A elevada ocupa\u00e7\u00e3o tamb\u00e9m foi observada nas \u00e1reas de emerg\u00eancia e de observa\u00e7\u00e3o, o que evidencia press\u00e3o sobre a capacidade das unidades e poss\u00edveis falhas na regula\u00e7\u00e3o e no encaminhamento de pacientes para outros n\u00edveis de aten\u00e7\u00e3o.<\/p>\n\n\n\n<p>Outro ponto cr\u00edtico apontado pela auditoria diz respeito justamente \u00e0 regula\u00e7\u00e3o do sistema de sa\u00fade. Foram identificadas dificuldades na transfer\u00eancia de pacientes das UPAs para unidades hospitalares de maior complexidade, comprometendo a continuidade do atendimento e contribuindo para a superlota\u00e7\u00e3o.<\/p>\n\n\n\n<p>No aspecto estrutural, o levantamento verificou itens como disponibilidade de assentos nas salas de espera, que somaram 605 nos locais visitados, presen\u00e7a de alvar\u00e1s de funcionamento e condi\u00e7\u00f5es de privacidade nas salas de classifica\u00e7\u00e3o de risco. Em algumas unidades, foram constatadas falhas nesses requisitos, o que pode comprometer o acolhimento adequado dos usu\u00e1rios. Tamb\u00e9m foram identificadas UPAs sem espa\u00e7os apropriados para isolamento de pacientes, situa\u00e7\u00e3o que representa risco adicional no ambiente assistencial.<\/p>\n\n\n\n<p>Apesar dos problemas, o relat\u00f3rio preliminar aponta desempenho satisfat\u00f3rio no chamado n\u00facleo assistencial, que inclui a presen\u00e7a de m\u00e9dicos, a disponibilidade de medicamentos e o funcionamento de equipamentos. De modo geral, as unidades apresentaram boa capacidade de resposta nesses aspectos essenciais ao atendimento.<\/p>\n\n\n\n<p><strong>Aten\u00e7\u00e3o \u00e0 primeira inf\u00e2ncia<\/strong>&nbsp;\u2014 A auditoria tamb\u00e9m trouxe um diferencial ao incluir um eixo transversal voltado \u00e0 pol\u00edtica p\u00fablica da primeira inf\u00e2ncia. Nesse aspecto, foram identificadas fragilidades relevantes. Das unidades fiscalizadas, haviam 41 leitos pedi\u00e1tricos; no entanto, no momento das inspe\u00e7\u00f5es, apenas cinco UPAs contavam com m\u00e9dico pediatra em atendimento. A aus\u00eancia de assist\u00eancia especializada e de ambientes adequados para crian\u00e7as impacta negativamente a avalia\u00e7\u00e3o geral das unidades.<\/p>\n\n\n\n<figure class=\"wp-block-image aligncenter size-full\"><img decoding=\"async\" width=\"1024\" height=\"683\" src=\"https:\/\/tce.pb.gov.br\/portalprimeirainfancia\/wp-content\/uploads\/2026\/04\/image-8.png\" alt=\"\" class=\"wp-image-29997\" srcset=\"https:\/\/tce.pb.gov.br\/portalprimeirainfancia\/wp-content\/uploads\/2026\/04\/image-8.png 1024w, https:\/\/tce.pb.gov.br\/portalprimeirainfancia\/wp-content\/uploads\/2026\/04\/image-8-300x200.png 300w, https:\/\/tce.pb.gov.br\/portalprimeirainfancia\/wp-content\/uploads\/2026\/04\/image-8-768x512.png 768w\" sizes=\"(max-width: 1024px) 100vw, 1024px\" \/><\/figure>\n\n\n\n<p>Segundo o vice-presidente do TCE-PB, conselheiro Andr\u00e9 Carlo Torres Pontes, os pr\u00f3ximos passos incluem a elabora\u00e7\u00e3o de um relat\u00f3rio consolidado com todos os achados, al\u00e9m de relat\u00f3rios espec\u00edficos por unidade. O Tribunal tamb\u00e9m poder\u00e1 emitir alertas aos gestores respons\u00e1veis e j\u00e1 sinaliza a realiza\u00e7\u00e3o de uma auditoria tem\u00e1tica voltada \u00e0 regula\u00e7\u00e3o dos servi\u00e7os de sa\u00fade.<\/p>\n\n\n\n<p>As UPAs fiscalizadas est\u00e3o distribu\u00eddas nas tr\u00eas macrorregi\u00f5es de sa\u00fade do Estado. Na Macrorregi\u00e3o 1, a a\u00e7\u00e3o abrange Jo\u00e3o Pessoa, Bayeux, Santa Rita, Guarabira e Ing\u00e1. Na Macrorregi\u00e3o 2, os trabalhos ocorreram em Monteiro e Patos. J\u00e1 na Macrorregi\u00e3o 3, foram contempladas unidades em Patos, Pianc\u00f3, Cajazeiras, Sousa, Princesa Isabel e Pombal.<\/p>\n\n\n\n<p>O relat\u00f3rio apresentado \u00e9 preliminar e integra a primeira etapa da fiscaliza\u00e7\u00e3o. O TCE-PB segue com a consolida\u00e7\u00e3o dos dados, com o objetivo de subsidiar gestores p\u00fablicos e contribuir para o aprimoramento dos servi\u00e7os de sa\u00fade no Estado.<\/p>\n\n\n\n<p>Link do relat\u00f3rio:&nbsp;<a href=\"https:\/\/tce.pb.gov.br\/wp-content\/uploads\/2026\/04\/Auditoria_Coordenada_%E2%80%93_UPA_2026.pdf\">https:\/\/tce.pb.gov.br\/wp-content\/uploads\/2026\/04\/Auditoria_Coordenada_%E2%80%93_UPA_2026.pdf<\/a><\/p>\n","protected":false},"excerpt":{"rendered":"<p>O Tribunal de Contas do Estado da Para\u00edba (TCE-PB) apresentou, nesta quarta-feira (15), os primeiros resultados da auditoria coordenada realizada [&hellip;]<\/p>\n","protected":false},"author":6,"featured_media":29996,"comment_status":"closed","ping_status":"closed","sticky":false,"template":"","format":"standard","meta":{"site-sidebar-layout":"default","site-content-layout":"","ast-site-content-layout":"","site-content-style":"default","site-sidebar-style":"default","ast-global-header-display":"","ast-banner-title-visibility":"","ast-main-header-display":"","ast-hfb-above-header-display":"","ast-hfb-below-header-display":"","ast-hfb-mobile-header-display":"","site-post-title":"","ast-breadcrumbs-content":"","ast-featured-img":"","footer-sml-layout":"","theme-transparent-header-meta":"","adv-header-id-meta":"","stick-header-meta":"","header-above-stick-meta":"","header-main-stick-meta":"","header-below-stick-meta":"","astra-migrate-meta-layouts":"default","ast-page-background-enabled":"default","ast-page-background-meta":{"desktop":{"background-color":"var(--ast-global-color-5)","background-image":"","background-repeat":"repeat","background-position":"center center","background-size":"auto","background-attachment":"scroll","background-type":"","background-media":"","overlay-type":"","overlay-color":"","overlay-opacity":"","overlay-gradient":""},"tablet":{"background-color":"","background-image":"","background-repeat":"repeat","background-position":"center center","background-size":"auto","background-attachment":"scroll","background-type":"","background-media":"","overlay-type":"","overlay-color":"","overlay-opacity":"","overlay-gradient":""},"mobile":{"background-color":"","background-image":"","background-repeat":"repeat","background-position":"center center","background-size":"auto","background-attachment":"scroll","background-type":"","background-media":"","overlay-type":"","overlay-color":"","overlay-opacity":"","overlay-gradient":""}},"ast-content-background-meta":{"desktop":{"background-color":"var(--ast-global-color-4)","background-image":"","background-repeat":"repeat","background-position":"center center","background-size":"auto","background-attachment":"scroll","background-type":"","background-media":"","overlay-type":"","overlay-color":"","overlay-opacity":"","overlay-gradient":""},"tablet":{"background-color":"var(--ast-global-color-4)","background-image":"","background-repeat":"repeat","background-position":"center center","background-size":"auto","background-attachment":"scroll","background-type":"","background-media":"","overlay-type":"","overlay-color":"","overlay-opacity":"","overlay-gradient":""},"mobile":{"background-color":"var(--ast-global-color-4)","background-image":"","background-repeat":"repeat","background-position":"center center","background-size":"auto","background-attachment":"scroll","background-type":"","background-media":"","overlay-type":"","overlay-color":"","overlay-opacity":"","overlay-gradient":""}},"_jetpack_memberships_contains_paid_content":false,"footnotes":""},"categories":[24,7],"tags":[70,69,27,25,31,26,81],"class_list":["post-29995","post","type-post","status-publish","format-standard","has-post-thumbnail","hentry","category-destaques","category-noticias","tag-auditoria","tag-auditoria-coordenada","tag-pacto-pela-primeira-infancia","tag-primeira-infancia","tag-tce","tag-tce-pb","tag-upa"],"yoast_head":"<!-- This site is optimized with the Yoast SEO plugin v27.5 - https:\/\/yoast.com\/product\/yoast-seo-wordpress\/ -->\n<title>TCE-PB apresenta primeiros resultados de auditoria em UPAs e aponta desafios na assist\u00eancia e regula\u00e7\u00e3o de pacientes %<\/title>\n<meta name=\"description\" content=\"TCE-PB apresenta primeiros resultados de auditoria em UPAs e aponta desafios na assist\u00eancia e regula\u00e7\u00e3o de pacientes %\" \/>\n<meta name=\"robots\" content=\"index, follow, max-snippet:-1, max-image-preview:large, max-video-preview:-1\" \/>\n<link rel=\"canonical\" href=\"https:\/\/tce.pb.gov.br\/portalprimeirainfancia\/tce-pb-apresenta-primeiros-resultados-de-auditoria-em-upas-e-aponta-desafios-na-assistencia-e-regulacao-de-pacientes\/\" \/>\n<meta property=\"og:locale\" content=\"pt_BR\" \/>\n<meta property=\"og:type\" content=\"article\" \/>\n<meta property=\"og:title\" content=\"TCE-PB apresenta primeiros resultados de auditoria em UPAs e aponta desafios na assist\u00eancia e regula\u00e7\u00e3o de pacientes %\" \/>\n<meta property=\"og:description\" content=\"TCE-PB apresenta primeiros resultados de auditoria em UPAs e aponta desafios na assist\u00eancia e regula\u00e7\u00e3o de pacientes %\" \/>\n<meta property=\"og:url\" content=\"https:\/\/tce.pb.gov.br\/portalprimeirainfancia\/tce-pb-apresenta-primeiros-resultados-de-auditoria-em-upas-e-aponta-desafios-na-assistencia-e-regulacao-de-pacientes\/\" \/>\n<meta property=\"og:site_name\" content=\"Pacto Paraibano pela Primeira Inf\u00e2ncia\" \/>\n<meta property=\"article:published_time\" content=\"2026-04-15T15:40:53+00:00\" \/>\n<meta property=\"article:modified_time\" content=\"2026-04-24T15:44:24+00:00\" \/>\n<meta property=\"og:image\" content=\"https:\/\/tce.pb.gov.br\/portalprimeirainfancia\/wp-content\/uploads\/2026\/04\/image-7-1024x683.png\" \/>\n\t<meta property=\"og:image:width\" content=\"1024\" \/>\n\t<meta property=\"og:image:height\" content=\"683\" \/>\n\t<meta property=\"og:image:type\" content=\"image\/png\" \/>\n<meta name=\"author\" content=\"Rafael Massoni\" \/>\n<meta name=\"twitter:card\" content=\"summary_large_image\" \/>\n<meta name=\"twitter:label1\" content=\"Escrito por\" \/>\n\t<meta name=\"twitter:data1\" content=\"Rafael Massoni\" \/>\n\t<meta name=\"twitter:label2\" content=\"Est. tempo de leitura\" \/>\n\t<meta name=\"twitter:data2\" content=\"4 minutos\" \/>\n<script type=\"application\/ld+json\" class=\"yoast-schema-graph\">{\"@context\":\"https:\\\/\\\/schema.org\",\"@graph\":[{\"@type\":\"NewsArticle\",\"@id\":\"https:\\\/\\\/tce.pb.gov.br\\\/portalprimeirainfancia\\\/tce-pb-apresenta-primeiros-resultados-de-auditoria-em-upas-e-aponta-desafios-na-assistencia-e-regulacao-de-pacientes\\\/#article\",\"isPartOf\":{\"@id\":\"https:\\\/\\\/tce.pb.gov.br\\\/portalprimeirainfancia\\\/tce-pb-apresenta-primeiros-resultados-de-auditoria-em-upas-e-aponta-desafios-na-assistencia-e-regulacao-de-pacientes\\\/\"},\"author\":{\"name\":\"Rafael Massoni\",\"@id\":\"https:\\\/\\\/tce.pb.gov.br\\\/portalprimeirainfancia\\\/#\\\/schema\\\/person\\\/6a39eea5836dda604de1c5e5b7d62141\"},\"headline\":\"TCE-PB apresenta primeiros resultados de auditoria em UPAs e aponta desafios na assist\u00eancia e regula\u00e7\u00e3o de pacientes\",\"datePublished\":\"2026-04-15T15:40:53+00:00\",\"dateModified\":\"2026-04-24T15:44:24+00:00\",\"mainEntityOfPage\":{\"@id\":\"https:\\\/\\\/tce.pb.gov.br\\\/portalprimeirainfancia\\\/tce-pb-apresenta-primeiros-resultados-de-auditoria-em-upas-e-aponta-desafios-na-assistencia-e-regulacao-de-pacientes\\\/\"},\"wordCount\":675,\"publisher\":{\"@id\":\"https:\\\/\\\/tce.pb.gov.br\\\/portalprimeirainfancia\\\/#organization\"},\"image\":{\"@id\":\"https:\\\/\\\/tce.pb.gov.br\\\/portalprimeirainfancia\\\/tce-pb-apresenta-primeiros-resultados-de-auditoria-em-upas-e-aponta-desafios-na-assistencia-e-regulacao-de-pacientes\\\/#primaryimage\"},\"thumbnailUrl\":\"https:\\\/\\\/tce.pb.gov.br\\\/portalprimeirainfancia\\\/wp-content\\\/uploads\\\/2026\\\/04\\\/image-7.png\",\"keywords\":[\"auditoria\",\"auditoria coordenada\",\"pacto pela primeira infancia\",\"primeira infancia\",\"tce\",\"tce-pb\",\"upa\"],\"articleSection\":[\"Destaques\",\"Not\u00edcias\"],\"inLanguage\":\"pt-BR\"},{\"@type\":\"WebPage\",\"@id\":\"https:\\\/\\\/tce.pb.gov.br\\\/portalprimeirainfancia\\\/tce-pb-apresenta-primeiros-resultados-de-auditoria-em-upas-e-aponta-desafios-na-assistencia-e-regulacao-de-pacientes\\\/\",\"url\":\"https:\\\/\\\/tce.pb.gov.br\\\/portalprimeirainfancia\\\/tce-pb-apresenta-primeiros-resultados-de-auditoria-em-upas-e-aponta-desafios-na-assistencia-e-regulacao-de-pacientes\\\/\",\"name\":\"TCE-PB apresenta primeiros resultados de auditoria em UPAs e aponta desafios na assist\u00eancia e regula\u00e7\u00e3o de pacientes %\",\"isPartOf\":{\"@id\":\"https:\\\/\\\/tce.pb.gov.br\\\/portalprimeirainfancia\\\/#website\"},\"primaryImageOfPage\":{\"@id\":\"https:\\\/\\\/tce.pb.gov.br\\\/portalprimeirainfancia\\\/tce-pb-apresenta-primeiros-resultados-de-auditoria-em-upas-e-aponta-desafios-na-assistencia-e-regulacao-de-pacientes\\\/#primaryimage\"},\"image\":{\"@id\":\"https:\\\/\\\/tce.pb.gov.br\\\/portalprimeirainfancia\\\/tce-pb-apresenta-primeiros-resultados-de-auditoria-em-upas-e-aponta-desafios-na-assistencia-e-regulacao-de-pacientes\\\/#primaryimage\"},\"thumbnailUrl\":\"https:\\\/\\\/tce.pb.gov.br\\\/portalprimeirainfancia\\\/wp-content\\\/uploads\\\/2026\\\/04\\\/image-7.png\",\"datePublished\":\"2026-04-15T15:40:53+00:00\",\"dateModified\":\"2026-04-24T15:44:24+00:00\",\"description\":\"TCE-PB apresenta primeiros resultados de auditoria em UPAs e aponta desafios na assist\u00eancia e regula\u00e7\u00e3o de pacientes %\",\"breadcrumb\":{\"@id\":\"https:\\\/\\\/tce.pb.gov.br\\\/portalprimeirainfancia\\\/tce-pb-apresenta-primeiros-resultados-de-auditoria-em-upas-e-aponta-desafios-na-assistencia-e-regulacao-de-pacientes\\\/#breadcrumb\"},\"inLanguage\":\"pt-BR\",\"potentialAction\":[{\"@type\":\"ReadAction\",\"target\":[\"https:\\\/\\\/tce.pb.gov.br\\\/portalprimeirainfancia\\\/tce-pb-apresenta-primeiros-resultados-de-auditoria-em-upas-e-aponta-desafios-na-assistencia-e-regulacao-de-pacientes\\\/\"]}]},{\"@type\":\"ImageObject\",\"inLanguage\":\"pt-BR\",\"@id\":\"https:\\\/\\\/tce.pb.gov.br\\\/portalprimeirainfancia\\\/tce-pb-apresenta-primeiros-resultados-de-auditoria-em-upas-e-aponta-desafios-na-assistencia-e-regulacao-de-pacientes\\\/#primaryimage\",\"url\":\"https:\\\/\\\/tce.pb.gov.br\\\/portalprimeirainfancia\\\/wp-content\\\/uploads\\\/2026\\\/04\\\/image-7.png\",\"contentUrl\":\"https:\\\/\\\/tce.pb.gov.br\\\/portalprimeirainfancia\\\/wp-content\\\/uploads\\\/2026\\\/04\\\/image-7.png\",\"width\":2048,\"height\":1365},{\"@type\":\"BreadcrumbList\",\"@id\":\"https:\\\/\\\/tce.pb.gov.br\\\/portalprimeirainfancia\\\/tce-pb-apresenta-primeiros-resultados-de-auditoria-em-upas-e-aponta-desafios-na-assistencia-e-regulacao-de-pacientes\\\/#breadcrumb\",\"itemListElement\":[{\"@type\":\"ListItem\",\"position\":1,\"name\":\"In\u00edcio\",\"item\":\"https:\\\/\\\/tce.pb.gov.br\\\/portalprimeirainfancia\\\/\"},{\"@type\":\"ListItem\",\"position\":2,\"name\":\"TCE-PB apresenta primeiros resultados de auditoria em UPAs e aponta desafios na assist\u00eancia e regula\u00e7\u00e3o de pacientes\"}]},{\"@type\":\"WebSite\",\"@id\":\"https:\\\/\\\/tce.pb.gov.br\\\/portalprimeirainfancia\\\/#website\",\"url\":\"https:\\\/\\\/tce.pb.gov.br\\\/portalprimeirainfancia\\\/\",\"name\":\"Pacto Paraibano pela Primeira Inf\u00e2ncia\",\"description\":\"Portal para divulga\u00e7\u00e3o do Pacto Paraibano pela Primeira Inf\u00e2ncia\",\"publisher\":{\"@id\":\"https:\\\/\\\/tce.pb.gov.br\\\/portalprimeirainfancia\\\/#organization\"},\"potentialAction\":[{\"@type\":\"SearchAction\",\"target\":{\"@type\":\"EntryPoint\",\"urlTemplate\":\"https:\\\/\\\/tce.pb.gov.br\\\/portalprimeirainfancia\\\/?s={search_term_string}\"},\"query-input\":{\"@type\":\"PropertyValueSpecification\",\"valueRequired\":true,\"valueName\":\"search_term_string\"}}],\"inLanguage\":\"pt-BR\"},{\"@type\":\"Organization\",\"@id\":\"https:\\\/\\\/tce.pb.gov.br\\\/portalprimeirainfancia\\\/#organization\",\"name\":\"Pacto Paraibano pela Primeira Inf\u00e2ncia\",\"alternateName\":\"TCE-PB\",\"url\":\"https:\\\/\\\/tce.pb.gov.br\\\/portalprimeirainfancia\\\/\",\"logo\":{\"@type\":\"ImageObject\",\"inLanguage\":\"pt-BR\",\"@id\":\"https:\\\/\\\/tce.pb.gov.br\\\/portalprimeirainfancia\\\/#\\\/schema\\\/logo\\\/image\\\/\",\"url\":\"https:\\\/\\\/tce.pb.gov.br\\\/portalprimeirainfancia\\\/wp-content\\\/uploads\\\/2025\\\/05\\\/Pacto-Whatsapp.png\",\"contentUrl\":\"https:\\\/\\\/tce.pb.gov.br\\\/portalprimeirainfancia\\\/wp-content\\\/uploads\\\/2025\\\/05\\\/Pacto-Whatsapp.png\",\"width\":427,\"height\":427,\"caption\":\"Pacto Paraibano pela Primeira Inf\u00e2ncia\"},\"image\":{\"@id\":\"https:\\\/\\\/tce.pb.gov.br\\\/portalprimeirainfancia\\\/#\\\/schema\\\/logo\\\/image\\\/\"},\"sameAs\":[\"https:\\\/\\\/www.instagram.com\\\/tcepb\\\/\"]},{\"@type\":\"Person\",\"@id\":\"https:\\\/\\\/tce.pb.gov.br\\\/portalprimeirainfancia\\\/#\\\/schema\\\/person\\\/6a39eea5836dda604de1c5e5b7d62141\",\"name\":\"Rafael Massoni\"}]}<\/script>\n<!-- \/ Yoast SEO plugin. -->","yoast_head_json":{"title":"TCE-PB apresenta primeiros resultados de auditoria em UPAs e aponta desafios na assist\u00eancia e regula\u00e7\u00e3o de pacientes %","description":"TCE-PB apresenta primeiros resultados de auditoria em UPAs e aponta desafios na assist\u00eancia e regula\u00e7\u00e3o de pacientes %","robots":{"index":"index","follow":"follow","max-snippet":"max-snippet:-1","max-image-preview":"max-image-preview:large","max-video-preview":"max-video-preview:-1"},"canonical":"https:\/\/tce.pb.gov.br\/portalprimeirainfancia\/tce-pb-apresenta-primeiros-resultados-de-auditoria-em-upas-e-aponta-desafios-na-assistencia-e-regulacao-de-pacientes\/","og_locale":"pt_BR","og_type":"article","og_title":"TCE-PB apresenta primeiros resultados de auditoria em UPAs e aponta desafios na assist\u00eancia e regula\u00e7\u00e3o de pacientes %","og_description":"TCE-PB apresenta primeiros resultados de auditoria em UPAs e aponta desafios na assist\u00eancia e regula\u00e7\u00e3o de pacientes %","og_url":"https:\/\/tce.pb.gov.br\/portalprimeirainfancia\/tce-pb-apresenta-primeiros-resultados-de-auditoria-em-upas-e-aponta-desafios-na-assistencia-e-regulacao-de-pacientes\/","og_site_name":"Pacto Paraibano pela Primeira Inf\u00e2ncia","article_published_time":"2026-04-15T15:40:53+00:00","article_modified_time":"2026-04-24T15:44:24+00:00","og_image":[{"width":1024,"height":683,"url":"https:\/\/tce.pb.gov.br\/portalprimeirainfancia\/wp-content\/uploads\/2026\/04\/image-7-1024x683.png","type":"image\/png"}],"author":"Rafael Massoni","twitter_card":"summary_large_image","twitter_misc":{"Escrito por":"Rafael Massoni","Est. tempo de leitura":"4 minutos"},"schema":{"@context":"https:\/\/schema.org","@graph":[{"@type":"NewsArticle","@id":"https:\/\/tce.pb.gov.br\/portalprimeirainfancia\/tce-pb-apresenta-primeiros-resultados-de-auditoria-em-upas-e-aponta-desafios-na-assistencia-e-regulacao-de-pacientes\/#article","isPartOf":{"@id":"https:\/\/tce.pb.gov.br\/portalprimeirainfancia\/tce-pb-apresenta-primeiros-resultados-de-auditoria-em-upas-e-aponta-desafios-na-assistencia-e-regulacao-de-pacientes\/"},"author":{"name":"Rafael Massoni","@id":"https:\/\/tce.pb.gov.br\/portalprimeirainfancia\/#\/schema\/person\/6a39eea5836dda604de1c5e5b7d62141"},"headline":"TCE-PB apresenta primeiros resultados de auditoria em UPAs e aponta desafios na assist\u00eancia e regula\u00e7\u00e3o de pacientes","datePublished":"2026-04-15T15:40:53+00:00","dateModified":"2026-04-24T15:44:24+00:00","mainEntityOfPage":{"@id":"https:\/\/tce.pb.gov.br\/portalprimeirainfancia\/tce-pb-apresenta-primeiros-resultados-de-auditoria-em-upas-e-aponta-desafios-na-assistencia-e-regulacao-de-pacientes\/"},"wordCount":675,"publisher":{"@id":"https:\/\/tce.pb.gov.br\/portalprimeirainfancia\/#organization"},"image":{"@id":"https:\/\/tce.pb.gov.br\/portalprimeirainfancia\/tce-pb-apresenta-primeiros-resultados-de-auditoria-em-upas-e-aponta-desafios-na-assistencia-e-regulacao-de-pacientes\/#primaryimage"},"thumbnailUrl":"https:\/\/tce.pb.gov.br\/portalprimeirainfancia\/wp-content\/uploads\/2026\/04\/image-7.png","keywords":["auditoria","auditoria coordenada","pacto pela primeira infancia","primeira infancia","tce","tce-pb","upa"],"articleSection":["Destaques","Not\u00edcias"],"inLanguage":"pt-BR"},{"@type":"WebPage","@id":"https:\/\/tce.pb.gov.br\/portalprimeirainfancia\/tce-pb-apresenta-primeiros-resultados-de-auditoria-em-upas-e-aponta-desafios-na-assistencia-e-regulacao-de-pacientes\/","url":"https:\/\/tce.pb.gov.br\/portalprimeirainfancia\/tce-pb-apresenta-primeiros-resultados-de-auditoria-em-upas-e-aponta-desafios-na-assistencia-e-regulacao-de-pacientes\/","name":"TCE-PB apresenta primeiros resultados de auditoria em UPAs e aponta desafios na assist\u00eancia e regula\u00e7\u00e3o de pacientes %","isPartOf":{"@id":"https:\/\/tce.pb.gov.br\/portalprimeirainfancia\/#website"},"primaryImageOfPage":{"@id":"https:\/\/tce.pb.gov.br\/portalprimeirainfancia\/tce-pb-apresenta-primeiros-resultados-de-auditoria-em-upas-e-aponta-desafios-na-assistencia-e-regulacao-de-pacientes\/#primaryimage"},"image":{"@id":"https:\/\/tce.pb.gov.br\/portalprimeirainfancia\/tce-pb-apresenta-primeiros-resultados-de-auditoria-em-upas-e-aponta-desafios-na-assistencia-e-regulacao-de-pacientes\/#primaryimage"},"thumbnailUrl":"https:\/\/tce.pb.gov.br\/portalprimeirainfancia\/wp-content\/uploads\/2026\/04\/image-7.png","datePublished":"2026-04-15T15:40:53+00:00","dateModified":"2026-04-24T15:44:24+00:00","description":"TCE-PB apresenta primeiros resultados de auditoria em UPAs e aponta desafios na assist\u00eancia e regula\u00e7\u00e3o de pacientes %","breadcrumb":{"@id":"https:\/\/tce.pb.gov.br\/portalprimeirainfancia\/tce-pb-apresenta-primeiros-resultados-de-auditoria-em-upas-e-aponta-desafios-na-assistencia-e-regulacao-de-pacientes\/#breadcrumb"},"inLanguage":"pt-BR","potentialAction":[{"@type":"ReadAction","target":["https:\/\/tce.pb.gov.br\/portalprimeirainfancia\/tce-pb-apresenta-primeiros-resultados-de-auditoria-em-upas-e-aponta-desafios-na-assistencia-e-regulacao-de-pacientes\/"]}]},{"@type":"ImageObject","inLanguage":"pt-BR","@id":"https:\/\/tce.pb.gov.br\/portalprimeirainfancia\/tce-pb-apresenta-primeiros-resultados-de-auditoria-em-upas-e-aponta-desafios-na-assistencia-e-regulacao-de-pacientes\/#primaryimage","url":"https:\/\/tce.pb.gov.br\/portalprimeirainfancia\/wp-content\/uploads\/2026\/04\/image-7.png","contentUrl":"https:\/\/tce.pb.gov.br\/portalprimeirainfancia\/wp-content\/uploads\/2026\/04\/image-7.png","width":2048,"height":1365},{"@type":"BreadcrumbList","@id":"https:\/\/tce.pb.gov.br\/portalprimeirainfancia\/tce-pb-apresenta-primeiros-resultados-de-auditoria-em-upas-e-aponta-desafios-na-assistencia-e-regulacao-de-pacientes\/#breadcrumb","itemListElement":[{"@type":"ListItem","position":1,"name":"In\u00edcio","item":"https:\/\/tce.pb.gov.br\/portalprimeirainfancia\/"},{"@type":"ListItem","position":2,"name":"TCE-PB apresenta primeiros resultados de auditoria em UPAs e aponta desafios na assist\u00eancia e regula\u00e7\u00e3o de pacientes"}]},{"@type":"WebSite","@id":"https:\/\/tce.pb.gov.br\/portalprimeirainfancia\/#website","url":"https:\/\/tce.pb.gov.br\/portalprimeirainfancia\/","name":"Pacto Paraibano pela Primeira Inf\u00e2ncia","description":"Portal para divulga\u00e7\u00e3o do Pacto Paraibano pela Primeira Inf\u00e2ncia","publisher":{"@id":"https:\/\/tce.pb.gov.br\/portalprimeirainfancia\/#organization"},"potentialAction":[{"@type":"SearchAction","target":{"@type":"EntryPoint","urlTemplate":"https:\/\/tce.pb.gov.br\/portalprimeirainfancia\/?s={search_term_string}"},"query-input":{"@type":"PropertyValueSpecification","valueRequired":true,"valueName":"search_term_string"}}],"inLanguage":"pt-BR"},{"@type":"Organization","@id":"https:\/\/tce.pb.gov.br\/portalprimeirainfancia\/#organization","name":"Pacto Paraibano pela Primeira Inf\u00e2ncia","alternateName":"TCE-PB","url":"https:\/\/tce.pb.gov.br\/portalprimeirainfancia\/","logo":{"@type":"ImageObject","inLanguage":"pt-BR","@id":"https:\/\/tce.pb.gov.br\/portalprimeirainfancia\/#\/schema\/logo\/image\/","url":"https:\/\/tce.pb.gov.br\/portalprimeirainfancia\/wp-content\/uploads\/2025\/05\/Pacto-Whatsapp.png","contentUrl":"https:\/\/tce.pb.gov.br\/portalprimeirainfancia\/wp-content\/uploads\/2025\/05\/Pacto-Whatsapp.png","width":427,"height":427,"caption":"Pacto Paraibano pela Primeira Inf\u00e2ncia"},"image":{"@id":"https:\/\/tce.pb.gov.br\/portalprimeirainfancia\/#\/schema\/logo\/image\/"},"sameAs":["https:\/\/www.instagram.com\/tcepb\/"]},{"@type":"Person","@id":"https:\/\/tce.pb.gov.br\/portalprimeirainfancia\/#\/schema\/person\/6a39eea5836dda604de1c5e5b7d62141","name":"Rafael Massoni"}]}},"jetpack_featured_media_url":"https:\/\/tce.pb.gov.br\/portalprimeirainfancia\/wp-content\/uploads\/2026\/04\/image-7.png","jetpack_sharing_enabled":true,"_links":{"self":[{"href":"https:\/\/tce.pb.gov.br\/portalprimeirainfancia\/wp-json\/wp\/v2\/posts\/29995","targetHints":{"allow":["GET"]}}],"collection":[{"href":"https:\/\/tce.pb.gov.br\/portalprimeirainfancia\/wp-json\/wp\/v2\/posts"}],"about":[{"href":"https:\/\/tce.pb.gov.br\/portalprimeirainfancia\/wp-json\/wp\/v2\/types\/post"}],"author":[{"embeddable":true,"href":"https:\/\/tce.pb.gov.br\/portalprimeirainfancia\/wp-json\/wp\/v2\/users\/6"}],"replies":[{"embeddable":true,"href":"https:\/\/tce.pb.gov.br\/portalprimeirainfancia\/wp-json\/wp\/v2\/comments?post=29995"}],"version-history":[{"count":1,"href":"https:\/\/tce.pb.gov.br\/portalprimeirainfancia\/wp-json\/wp\/v2\/posts\/29995\/revisions"}],"predecessor-version":[{"id":29998,"href":"https:\/\/tce.pb.gov.br\/portalprimeirainfancia\/wp-json\/wp\/v2\/posts\/29995\/revisions\/29998"}],"wp:featuredmedia":[{"embeddable":true,"href":"https:\/\/tce.pb.gov.br\/portalprimeirainfancia\/wp-json\/wp\/v2\/media\/29996"}],"wp:attachment":[{"href":"https:\/\/tce.pb.gov.br\/portalprimeirainfancia\/wp-json\/wp\/v2\/media?parent=29995"}],"wp:term":[{"taxonomy":"category","embeddable":true,"href":"https:\/\/tce.pb.gov.br\/portalprimeirainfancia\/wp-json\/wp\/v2\/categories?post=29995"},{"taxonomy":"post_tag","embeddable":true,"href":"https:\/\/tce.pb.gov.br\/portalprimeirainfancia\/wp-json\/wp\/v2\/tags?post=29995"}],"curies":[{"name":"wp","href":"https:\/\/api.w.org\/{rel}","templated":true}]}}