{"id":29935,"date":"2026-04-23T14:00:00","date_gmt":"2026-04-23T17:00:00","guid":{"rendered":"https:\/\/tce.pb.gov.br\/portalprimeirainfancia\/?p=29935"},"modified":"2026-04-24T10:01:58","modified_gmt":"2026-04-24T13:01:58","slug":"joao-pessoa-sedia-seminario-nacional-e-marca-um-ano-do-pacto-pela-primeira-infancia-com-programacao-integrada-entre-mec-e-tce-pb","status":"publish","type":"post","link":"https:\/\/tce.pb.gov.br\/portalprimeirainfancia\/joao-pessoa-sedia-seminario-nacional-e-marca-um-ano-do-pacto-pela-primeira-infancia-com-programacao-integrada-entre-mec-e-tce-pb\/","title":{"rendered":"Jo\u00e3o Pessoa sedia semin\u00e1rio nacional e marca um ano do Pacto pela Primeira Inf\u00e2ncia com programa\u00e7\u00e3o integrada entre MEC e TCE-PB"},"content":{"rendered":"\n<figure class=\"wp-block-image aligncenter size-large\"><img fetchpriority=\"high\" decoding=\"async\" width=\"1024\" height=\"683\" src=\"https:\/\/tce.pb.gov.br\/portalprimeirainfancia\/wp-content\/uploads\/2026\/04\/image-6-1024x683.png\" alt=\"\" class=\"wp-image-29936\" srcset=\"https:\/\/tce.pb.gov.br\/portalprimeirainfancia\/wp-content\/uploads\/2026\/04\/image-6-1024x683.png 1024w, https:\/\/tce.pb.gov.br\/portalprimeirainfancia\/wp-content\/uploads\/2026\/04\/image-6-300x200.png 300w, https:\/\/tce.pb.gov.br\/portalprimeirainfancia\/wp-content\/uploads\/2026\/04\/image-6-768x512.png 768w, https:\/\/tce.pb.gov.br\/portalprimeirainfancia\/wp-content\/uploads\/2026\/04\/image-6-1536x1025.png 1536w, https:\/\/tce.pb.gov.br\/portalprimeirainfancia\/wp-content\/uploads\/2026\/04\/image-6.png 1920w\" sizes=\"(max-width: 1024px) 100vw, 1024px\" \/><\/figure>\n\n\n\n<p>Jo\u00e3o Pessoa ser\u00e1 palco, nos dias 13 e 14 de maio, de uma ampla mobiliza\u00e7\u00e3o institucional em torno das pol\u00edticas p\u00fablicas voltadas \u00e0 primeira inf\u00e2ncia. A capital paraibana \u00e9 a segunda do Nordeste a receber o semin\u00e1rio nacional \u201cPol\u00edticas P\u00fablicas para a Primeira Inf\u00e2ncia: Diagn\u00f3stico e A\u00e7\u00e3o\u201d, promovido pelo Minist\u00e9rio da Educa\u00e7\u00e3o (MEC), dentro de um circuito de oito encontros programados em todo o pa\u00eds entre mar\u00e7o e junho.<\/p>\n\n\n\n<p>A iniciativa ocorre em parceria com o Tribunal de Contas do Estado da Para\u00edba (TCE-PB), a Associa\u00e7\u00e3o dos Membros dos Tribunais de Contas do Brasil (Atricon), o Instituto Rui Barbosa (IRB) e Governo do Estado da Para\u00edba.<\/p>\n\n\n\n<p>O primeiro dia (13) ser\u00e1 dedicado \u00e0 agenda nacional coordenada pelo MEC, reunindo representantes dos tr\u00eas n\u00edveis de governo, al\u00e9m de institui\u00e7\u00f5es de controle, justi\u00e7a e garantia de direitos. O objetivo \u00e9 fortalecer a implementa\u00e7\u00e3o da Pol\u00edtica Nacional Integrada da Primeira Inf\u00e2ncia, com foco na articula\u00e7\u00e3o interfederativa e na qualifica\u00e7\u00e3o da gest\u00e3o p\u00fablica.<\/p>\n\n\n\n<p>As inscri\u00e7\u00f5es podem ser feitas por meio do link:&nbsp;<a href=\"https:\/\/doity.com.br\/seminrios-polticas-pblicas-para-a-primeira-infncia-diagnstico-e-ao\">https:\/\/doity.com.br\/seminrios-polticas-pblicas-para-a-primeira-infncia-diagnstico-e-ao<\/a><\/p>\n\n\n\n<p>O evento acontecer\u00e1 no Teatro Pedra do Reino, localizado no centro de Conven\u00e7\u00f5es Poeta Ronaldo Cunha Lima. A programa\u00e7\u00e3o ter\u00e1 in\u00edcio \u00e0s 8h, com credenciamento, seguido de abertura oficial com atividade cultural. Em seguida, uma mesa solene reunir\u00e1 representantes de diversas institui\u00e7\u00f5es, incluindo \u00f3rg\u00e3os de controle, Judici\u00e1rio, Minist\u00e9rio P\u00fablico, Defensoria P\u00fablica, al\u00e9m de representantes dos governos estadual e municipal.<\/p>\n\n\n\n<p>Durante a manh\u00e3, o destaque ser\u00e1 a apresenta\u00e7\u00e3o da Pol\u00edtica Nacional Integrada da Primeira Inf\u00e2ncia e de seus marcos normativos, conduzida por representante do MEC. Na sequ\u00eancia, um painel interministerial abordar\u00e1 compromissos e a\u00e7\u00f5es do Governo Federal, com participa\u00e7\u00e3o de \u00e1reas como Educa\u00e7\u00e3o, Sa\u00fade, Desenvolvimento Social, Direitos Humanos e Gest\u00e3o P\u00fablica.<\/p>\n\n\n\n<p>No per\u00edodo da tarde, os debates se voltam ao contexto local, com a apresenta\u00e7\u00e3o de um panorama da primeira inf\u00e2ncia na Para\u00edba, evidenciando desafios e avan\u00e7os na implementa\u00e7\u00e3o de pol\u00edticas p\u00fablicas. O encerramento do dia contar\u00e1 com uma mesa sobre compromisso institucional, reunindo representantes de \u00f3rg\u00e3os de controle e do sistema de justi\u00e7a.<\/p>\n\n\n\n<p><strong>Segundo dia destaca protagonismo do TCE-PB e celebra um ano do Pacto<\/strong><\/p>\n\n\n\n<p>No dia 14 de maio, a programa\u00e7\u00e3o ser\u00e1 conduzida pelo Tribunal de Contas da Para\u00edba e marcar\u00e1 o primeiro ano do Pacto Paraibano pela Primeira Inf\u00e2ncia. O semin\u00e1rio institucional reunir\u00e1 gestores, especialistas e representantes de institui\u00e7\u00f5es de controle para avaliar avan\u00e7os, discutir desafios e projetar novas a\u00e7\u00f5es voltadas \u00e0s crian\u00e7as de 0 a 6 anos.<\/p>\n\n\n\n<p>Pela manh\u00e3, ser\u00e1 apresentado um panorama das a\u00e7\u00f5es sob a \u00f3tica do controle externo, incluindo resultados iniciais de auditorias e planos de a\u00e7\u00e3o desenvolvidos pelos munic\u00edpios. Tamb\u00e9m estar\u00e3o em pauta estrat\u00e9gias de financiamento, com destaque para o Fundo da Inf\u00e2ncia e Adolesc\u00eancia (FIA), al\u00e9m da assinatura de um termo de compromisso com o setor sucroalcooleiro.<\/p>\n\n\n\n<p>No per\u00edodo da tarde, a programa\u00e7\u00e3o dar\u00e1 continuidade \u00e0s discuss\u00f5es com a apresenta\u00e7\u00e3o de experi\u00eancias exitosas e pr\u00e1ticas inovadoras na gest\u00e3o de pol\u00edticas p\u00fablicas voltadas \u00e0 inf\u00e2ncia e adolesc\u00eancia. A partir das 14h, gestores municipais compartilhar\u00e3o iniciativas desenvolvidas com recursos do Fundo Municipal da Inf\u00e2ncia e da Adolesc\u00eancia (FIA), destacando parcerias com a iniciativa privada.<\/p>\n\n\n\n<p>Representantes das prefeituras de Po\u00e7o Dantas e Po\u00e7o de Jos\u00e9 de Moura, ao lado da organiza\u00e7\u00e3o Pisada do Sert\u00e3o, apresentar\u00e3o resultados concretos alcan\u00e7ados por meio da coopera\u00e7\u00e3o institucional. Na sequ\u00eancia, o munic\u00edpio de Picu\u00ed mostrar\u00e1 sua experi\u00eancia na gest\u00e3o e aplica\u00e7\u00e3o dos recursos do FIA, com \u00eanfase na transpar\u00eancia e na efetividade das a\u00e7\u00f5es implementadas.<\/p>\n\n\n\n<p>J\u00e1 a Prefeitura de Patos levar\u00e1 ao debate a inclus\u00e3o das crian\u00e7as no planejamento or\u00e7ament\u00e1rio e urban\u00edstico, refor\u00e7ando a import\u00e2ncia de pol\u00edticas p\u00fablicas que considerem a inf\u00e2ncia como prioridade no desenvolvimento das cidades.<\/p>\n\n\n\n<p>A programa\u00e7\u00e3o segue com a apresenta\u00e7\u00e3o do projeto da revista \u201cTurma D\u2019gente\u201d, desenvolvida pelo IFPB Campus Sousa, iniciativa voltada \u00e0 promo\u00e7\u00e3o da cidadania e ao protagonismo infantil por meio da comunica\u00e7\u00e3o educativa.<\/p>\n\n\n\n<p>Encerrando as atividades, haver\u00e1 a entrega de comendas \u00e0s prefeituras e institui\u00e7\u00f5es que aderiram ao pacto no per\u00edodo de 2025 a 2026, em reconhecimento ao compromisso com a primeira inf\u00e2ncia.<\/p>\n\n\n\n<p><\/p>\n","protected":false},"excerpt":{"rendered":"<p>Jo\u00e3o Pessoa ser\u00e1 palco, nos dias 13 e 14 de maio, de uma ampla mobiliza\u00e7\u00e3o institucional em torno das pol\u00edticas [&hellip;]<\/p>\n","protected":false},"author":6,"featured_media":29936,"comment_status":"closed","ping_status":"closed","sticky":false,"template":"","format":"standard","meta":{"site-sidebar-layout":"default","site-content-layout":"","ast-site-content-layout":"","site-content-style":"default","site-sidebar-style":"default","ast-global-header-display":"","ast-banner-title-visibility":"","ast-main-header-display":"","ast-hfb-above-header-display":"","ast-hfb-below-header-display":"","ast-hfb-mobile-header-display":"","site-post-title":"","ast-breadcrumbs-content":"","ast-featured-img":"","footer-sml-layout":"","theme-transparent-header-meta":"","adv-header-id-meta":"","stick-header-meta":"","header-above-stick-meta":"","header-main-stick-meta":"","header-below-stick-meta":"","astra-migrate-meta-layouts":"default","ast-page-background-enabled":"default","ast-page-background-meta":{"desktop":{"background-color":"var(--ast-global-color-5)","background-image":"","background-repeat":"repeat","background-position":"center center","background-size":"auto","background-attachment":"scroll","background-type":"","background-media":"","overlay-type":"","overlay-color":"","overlay-opacity":"","overlay-gradient":""},"tablet":{"background-color":"","background-image":"","background-repeat":"repeat","background-position":"center center","background-size":"auto","background-attachment":"scroll","background-type":"","background-media":"","overlay-type":"","overlay-color":"","overlay-opacity":"","overlay-gradient":""},"mobile":{"background-color":"","background-image":"","background-repeat":"repeat","background-position":"center center","background-size":"auto","background-attachment":"scroll","background-type":"","background-media":"","overlay-type":"","overlay-color":"","overlay-opacity":"","overlay-gradient":""}},"ast-content-background-meta":{"desktop":{"background-color":"var(--ast-global-color-4)","background-image":"","background-repeat":"repeat","background-position":"center center","background-size":"auto","background-attachment":"scroll","background-type":"","background-media":"","overlay-type":"","overlay-color":"","overlay-opacity":"","overlay-gradient":""},"tablet":{"background-color":"var(--ast-global-color-4)","background-image":"","background-repeat":"repeat","background-position":"center center","background-size":"auto","background-attachment":"scroll","background-type":"","background-media":"","overlay-type":"","overlay-color":"","overlay-opacity":"","overlay-gradient":""},"mobile":{"background-color":"var(--ast-global-color-4)","background-image":"","background-repeat":"repeat","background-position":"center center","background-size":"auto","background-attachment":"scroll","background-type":"","background-media":"","overlay-type":"","overlay-color":"","overlay-opacity":"","overlay-gradient":""}},"_jetpack_memberships_contains_paid_content":false,"footnotes":""},"categories":[24,7],"tags":[27,25,31,26],"class_list":["post-29935","post","type-post","status-publish","format-standard","has-post-thumbnail","hentry","category-destaques","category-noticias","tag-pacto-pela-primeira-infancia","tag-primeira-infancia","tag-tce","tag-tce-pb"],"yoast_head":"<!-- This site is optimized with the Yoast SEO plugin v27.5 - https:\/\/yoast.com\/product\/yoast-seo-wordpress\/ -->\n<title>Jo\u00e3o Pessoa sedia semin\u00e1rio nacional e marca um ano do Pacto pela Primeira Inf\u00e2ncia com programa\u00e7\u00e3o integrada entre MEC e TCE-PB %<\/title>\n<meta name=\"description\" content=\"Jo\u00e3o Pessoa sedia semin\u00e1rio nacional e marca um ano do Pacto pela Primeira Inf\u00e2ncia com programa\u00e7\u00e3o integrada entre MEC e TCE-PB %\" \/>\n<meta name=\"robots\" content=\"index, follow, max-snippet:-1, max-image-preview:large, max-video-preview:-1\" \/>\n<link rel=\"canonical\" href=\"https:\/\/tce.pb.gov.br\/portalprimeirainfancia\/joao-pessoa-sedia-seminario-nacional-e-marca-um-ano-do-pacto-pela-primeira-infancia-com-programacao-integrada-entre-mec-e-tce-pb\/\" \/>\n<meta property=\"og:locale\" content=\"pt_BR\" \/>\n<meta property=\"og:type\" content=\"article\" \/>\n<meta property=\"og:title\" content=\"Jo\u00e3o Pessoa sedia semin\u00e1rio nacional e marca um ano do Pacto pela Primeira Inf\u00e2ncia com programa\u00e7\u00e3o integrada entre MEC e TCE-PB %\" \/>\n<meta property=\"og:description\" content=\"Jo\u00e3o Pessoa sedia semin\u00e1rio nacional e marca um ano do Pacto pela Primeira Inf\u00e2ncia com programa\u00e7\u00e3o integrada entre MEC e TCE-PB %\" \/>\n<meta property=\"og:url\" content=\"https:\/\/tce.pb.gov.br\/portalprimeirainfancia\/joao-pessoa-sedia-seminario-nacional-e-marca-um-ano-do-pacto-pela-primeira-infancia-com-programacao-integrada-entre-mec-e-tce-pb\/\" \/>\n<meta property=\"og:site_name\" content=\"Pacto Paraibano pela Primeira Inf\u00e2ncia\" \/>\n<meta property=\"article:published_time\" content=\"2026-04-23T17:00:00+00:00\" \/>\n<meta property=\"article:modified_time\" content=\"2026-04-24T13:01:58+00:00\" \/>\n<meta property=\"og:image\" content=\"https:\/\/tce.pb.gov.br\/portalprimeirainfancia\/wp-content\/uploads\/2026\/04\/image-6.png\" \/>\n\t<meta property=\"og:image:width\" content=\"1920\" \/>\n\t<meta property=\"og:image:height\" content=\"1281\" \/>\n\t<meta property=\"og:image:type\" content=\"image\/png\" \/>\n<meta name=\"author\" content=\"Rafael Massoni\" \/>\n<meta name=\"twitter:card\" content=\"summary_large_image\" \/>\n<meta name=\"twitter:label1\" content=\"Escrito por\" \/>\n\t<meta name=\"twitter:data1\" content=\"Rafael Massoni\" \/>\n\t<meta name=\"twitter:label2\" content=\"Est. tempo de leitura\" \/>\n\t<meta name=\"twitter:data2\" content=\"5 minutos\" \/>\n<script type=\"application\/ld+json\" class=\"yoast-schema-graph\">{\"@context\":\"https:\\\/\\\/schema.org\",\"@graph\":[{\"@type\":\"NewsArticle\",\"@id\":\"https:\\\/\\\/tce.pb.gov.br\\\/portalprimeirainfancia\\\/joao-pessoa-sedia-seminario-nacional-e-marca-um-ano-do-pacto-pela-primeira-infancia-com-programacao-integrada-entre-mec-e-tce-pb\\\/#article\",\"isPartOf\":{\"@id\":\"https:\\\/\\\/tce.pb.gov.br\\\/portalprimeirainfancia\\\/joao-pessoa-sedia-seminario-nacional-e-marca-um-ano-do-pacto-pela-primeira-infancia-com-programacao-integrada-entre-mec-e-tce-pb\\\/\"},\"author\":{\"name\":\"Rafael Massoni\",\"@id\":\"https:\\\/\\\/tce.pb.gov.br\\\/portalprimeirainfancia\\\/#\\\/schema\\\/person\\\/6a39eea5836dda604de1c5e5b7d62141\"},\"headline\":\"Jo\u00e3o Pessoa sedia semin\u00e1rio nacional e marca um ano do Pacto pela Primeira Inf\u00e2ncia com programa\u00e7\u00e3o integrada entre MEC e TCE-PB\",\"datePublished\":\"2026-04-23T17:00:00+00:00\",\"dateModified\":\"2026-04-24T13:01:58+00:00\",\"mainEntityOfPage\":{\"@id\":\"https:\\\/\\\/tce.pb.gov.br\\\/portalprimeirainfancia\\\/joao-pessoa-sedia-seminario-nacional-e-marca-um-ano-do-pacto-pela-primeira-infancia-com-programacao-integrada-entre-mec-e-tce-pb\\\/\"},\"wordCount\":799,\"publisher\":{\"@id\":\"https:\\\/\\\/tce.pb.gov.br\\\/portalprimeirainfancia\\\/#organization\"},\"image\":{\"@id\":\"https:\\\/\\\/tce.pb.gov.br\\\/portalprimeirainfancia\\\/joao-pessoa-sedia-seminario-nacional-e-marca-um-ano-do-pacto-pela-primeira-infancia-com-programacao-integrada-entre-mec-e-tce-pb\\\/#primaryimage\"},\"thumbnailUrl\":\"https:\\\/\\\/tce.pb.gov.br\\\/portalprimeirainfancia\\\/wp-content\\\/uploads\\\/2026\\\/04\\\/image-6.png\",\"keywords\":[\"pacto pela primeira infancia\",\"primeira infancia\",\"tce\",\"tce-pb\"],\"articleSection\":[\"Destaques\",\"Not\u00edcias\"],\"inLanguage\":\"pt-BR\"},{\"@type\":\"WebPage\",\"@id\":\"https:\\\/\\\/tce.pb.gov.br\\\/portalprimeirainfancia\\\/joao-pessoa-sedia-seminario-nacional-e-marca-um-ano-do-pacto-pela-primeira-infancia-com-programacao-integrada-entre-mec-e-tce-pb\\\/\",\"url\":\"https:\\\/\\\/tce.pb.gov.br\\\/portalprimeirainfancia\\\/joao-pessoa-sedia-seminario-nacional-e-marca-um-ano-do-pacto-pela-primeira-infancia-com-programacao-integrada-entre-mec-e-tce-pb\\\/\",\"name\":\"Jo\u00e3o Pessoa sedia semin\u00e1rio nacional e marca um ano do Pacto pela Primeira Inf\u00e2ncia com programa\u00e7\u00e3o integrada entre MEC e TCE-PB %\",\"isPartOf\":{\"@id\":\"https:\\\/\\\/tce.pb.gov.br\\\/portalprimeirainfancia\\\/#website\"},\"primaryImageOfPage\":{\"@id\":\"https:\\\/\\\/tce.pb.gov.br\\\/portalprimeirainfancia\\\/joao-pessoa-sedia-seminario-nacional-e-marca-um-ano-do-pacto-pela-primeira-infancia-com-programacao-integrada-entre-mec-e-tce-pb\\\/#primaryimage\"},\"image\":{\"@id\":\"https:\\\/\\\/tce.pb.gov.br\\\/portalprimeirainfancia\\\/joao-pessoa-sedia-seminario-nacional-e-marca-um-ano-do-pacto-pela-primeira-infancia-com-programacao-integrada-entre-mec-e-tce-pb\\\/#primaryimage\"},\"thumbnailUrl\":\"https:\\\/\\\/tce.pb.gov.br\\\/portalprimeirainfancia\\\/wp-content\\\/uploads\\\/2026\\\/04\\\/image-6.png\",\"datePublished\":\"2026-04-23T17:00:00+00:00\",\"dateModified\":\"2026-04-24T13:01:58+00:00\",\"description\":\"Jo\u00e3o Pessoa sedia semin\u00e1rio nacional e marca um ano do Pacto pela Primeira Inf\u00e2ncia com programa\u00e7\u00e3o integrada entre MEC e TCE-PB %\",\"breadcrumb\":{\"@id\":\"https:\\\/\\\/tce.pb.gov.br\\\/portalprimeirainfancia\\\/joao-pessoa-sedia-seminario-nacional-e-marca-um-ano-do-pacto-pela-primeira-infancia-com-programacao-integrada-entre-mec-e-tce-pb\\\/#breadcrumb\"},\"inLanguage\":\"pt-BR\",\"potentialAction\":[{\"@type\":\"ReadAction\",\"target\":[\"https:\\\/\\\/tce.pb.gov.br\\\/portalprimeirainfancia\\\/joao-pessoa-sedia-seminario-nacional-e-marca-um-ano-do-pacto-pela-primeira-infancia-com-programacao-integrada-entre-mec-e-tce-pb\\\/\"]}]},{\"@type\":\"ImageObject\",\"inLanguage\":\"pt-BR\",\"@id\":\"https:\\\/\\\/tce.pb.gov.br\\\/portalprimeirainfancia\\\/joao-pessoa-sedia-seminario-nacional-e-marca-um-ano-do-pacto-pela-primeira-infancia-com-programacao-integrada-entre-mec-e-tce-pb\\\/#primaryimage\",\"url\":\"https:\\\/\\\/tce.pb.gov.br\\\/portalprimeirainfancia\\\/wp-content\\\/uploads\\\/2026\\\/04\\\/image-6.png\",\"contentUrl\":\"https:\\\/\\\/tce.pb.gov.br\\\/portalprimeirainfancia\\\/wp-content\\\/uploads\\\/2026\\\/04\\\/image-6.png\",\"width\":1920,\"height\":1281},{\"@type\":\"BreadcrumbList\",\"@id\":\"https:\\\/\\\/tce.pb.gov.br\\\/portalprimeirainfancia\\\/joao-pessoa-sedia-seminario-nacional-e-marca-um-ano-do-pacto-pela-primeira-infancia-com-programacao-integrada-entre-mec-e-tce-pb\\\/#breadcrumb\",\"itemListElement\":[{\"@type\":\"ListItem\",\"position\":1,\"name\":\"In\u00edcio\",\"item\":\"https:\\\/\\\/tce.pb.gov.br\\\/portalprimeirainfancia\\\/\"},{\"@type\":\"ListItem\",\"position\":2,\"name\":\"Jo\u00e3o Pessoa sedia semin\u00e1rio nacional e marca um ano do Pacto pela Primeira Inf\u00e2ncia com programa\u00e7\u00e3o integrada entre MEC e TCE-PB\"}]},{\"@type\":\"WebSite\",\"@id\":\"https:\\\/\\\/tce.pb.gov.br\\\/portalprimeirainfancia\\\/#website\",\"url\":\"https:\\\/\\\/tce.pb.gov.br\\\/portalprimeirainfancia\\\/\",\"name\":\"Pacto Paraibano pela Primeira Inf\u00e2ncia\",\"description\":\"Portal para divulga\u00e7\u00e3o do Pacto Paraibano pela Primeira Inf\u00e2ncia\",\"publisher\":{\"@id\":\"https:\\\/\\\/tce.pb.gov.br\\\/portalprimeirainfancia\\\/#organization\"},\"potentialAction\":[{\"@type\":\"SearchAction\",\"target\":{\"@type\":\"EntryPoint\",\"urlTemplate\":\"https:\\\/\\\/tce.pb.gov.br\\\/portalprimeirainfancia\\\/?s={search_term_string}\"},\"query-input\":{\"@type\":\"PropertyValueSpecification\",\"valueRequired\":true,\"valueName\":\"search_term_string\"}}],\"inLanguage\":\"pt-BR\"},{\"@type\":\"Organization\",\"@id\":\"https:\\\/\\\/tce.pb.gov.br\\\/portalprimeirainfancia\\\/#organization\",\"name\":\"Pacto Paraibano pela Primeira Inf\u00e2ncia\",\"alternateName\":\"TCE-PB\",\"url\":\"https:\\\/\\\/tce.pb.gov.br\\\/portalprimeirainfancia\\\/\",\"logo\":{\"@type\":\"ImageObject\",\"inLanguage\":\"pt-BR\",\"@id\":\"https:\\\/\\\/tce.pb.gov.br\\\/portalprimeirainfancia\\\/#\\\/schema\\\/logo\\\/image\\\/\",\"url\":\"https:\\\/\\\/tce.pb.gov.br\\\/portalprimeirainfancia\\\/wp-content\\\/uploads\\\/2025\\\/05\\\/Pacto-Whatsapp.png\",\"contentUrl\":\"https:\\\/\\\/tce.pb.gov.br\\\/portalprimeirainfancia\\\/wp-content\\\/uploads\\\/2025\\\/05\\\/Pacto-Whatsapp.png\",\"width\":427,\"height\":427,\"caption\":\"Pacto Paraibano pela Primeira Inf\u00e2ncia\"},\"image\":{\"@id\":\"https:\\\/\\\/tce.pb.gov.br\\\/portalprimeirainfancia\\\/#\\\/schema\\\/logo\\\/image\\\/\"},\"sameAs\":[\"https:\\\/\\\/www.instagram.com\\\/tcepb\\\/\"]},{\"@type\":\"Person\",\"@id\":\"https:\\\/\\\/tce.pb.gov.br\\\/portalprimeirainfancia\\\/#\\\/schema\\\/person\\\/6a39eea5836dda604de1c5e5b7d62141\",\"name\":\"Rafael Massoni\"}]}<\/script>\n<!-- \/ Yoast SEO plugin. -->","yoast_head_json":{"title":"Jo\u00e3o Pessoa sedia semin\u00e1rio nacional e marca um ano do Pacto pela Primeira Inf\u00e2ncia com programa\u00e7\u00e3o integrada entre MEC e TCE-PB %","description":"Jo\u00e3o Pessoa sedia semin\u00e1rio nacional e marca um ano do Pacto pela Primeira Inf\u00e2ncia com programa\u00e7\u00e3o integrada entre MEC e TCE-PB %","robots":{"index":"index","follow":"follow","max-snippet":"max-snippet:-1","max-image-preview":"max-image-preview:large","max-video-preview":"max-video-preview:-1"},"canonical":"https:\/\/tce.pb.gov.br\/portalprimeirainfancia\/joao-pessoa-sedia-seminario-nacional-e-marca-um-ano-do-pacto-pela-primeira-infancia-com-programacao-integrada-entre-mec-e-tce-pb\/","og_locale":"pt_BR","og_type":"article","og_title":"Jo\u00e3o Pessoa sedia semin\u00e1rio nacional e marca um ano do Pacto pela Primeira Inf\u00e2ncia com programa\u00e7\u00e3o integrada entre MEC e TCE-PB %","og_description":"Jo\u00e3o Pessoa sedia semin\u00e1rio nacional e marca um ano do Pacto pela Primeira Inf\u00e2ncia com programa\u00e7\u00e3o integrada entre MEC e TCE-PB %","og_url":"https:\/\/tce.pb.gov.br\/portalprimeirainfancia\/joao-pessoa-sedia-seminario-nacional-e-marca-um-ano-do-pacto-pela-primeira-infancia-com-programacao-integrada-entre-mec-e-tce-pb\/","og_site_name":"Pacto Paraibano pela Primeira Inf\u00e2ncia","article_published_time":"2026-04-23T17:00:00+00:00","article_modified_time":"2026-04-24T13:01:58+00:00","og_image":[{"width":1920,"height":1281,"url":"https:\/\/tce.pb.gov.br\/portalprimeirainfancia\/wp-content\/uploads\/2026\/04\/image-6.png","type":"image\/png"}],"author":"Rafael Massoni","twitter_card":"summary_large_image","twitter_misc":{"Escrito por":"Rafael Massoni","Est. tempo de leitura":"5 minutos"},"schema":{"@context":"https:\/\/schema.org","@graph":[{"@type":"NewsArticle","@id":"https:\/\/tce.pb.gov.br\/portalprimeirainfancia\/joao-pessoa-sedia-seminario-nacional-e-marca-um-ano-do-pacto-pela-primeira-infancia-com-programacao-integrada-entre-mec-e-tce-pb\/#article","isPartOf":{"@id":"https:\/\/tce.pb.gov.br\/portalprimeirainfancia\/joao-pessoa-sedia-seminario-nacional-e-marca-um-ano-do-pacto-pela-primeira-infancia-com-programacao-integrada-entre-mec-e-tce-pb\/"},"author":{"name":"Rafael Massoni","@id":"https:\/\/tce.pb.gov.br\/portalprimeirainfancia\/#\/schema\/person\/6a39eea5836dda604de1c5e5b7d62141"},"headline":"Jo\u00e3o Pessoa sedia semin\u00e1rio nacional e marca um ano do Pacto pela Primeira Inf\u00e2ncia com programa\u00e7\u00e3o integrada entre MEC e TCE-PB","datePublished":"2026-04-23T17:00:00+00:00","dateModified":"2026-04-24T13:01:58+00:00","mainEntityOfPage":{"@id":"https:\/\/tce.pb.gov.br\/portalprimeirainfancia\/joao-pessoa-sedia-seminario-nacional-e-marca-um-ano-do-pacto-pela-primeira-infancia-com-programacao-integrada-entre-mec-e-tce-pb\/"},"wordCount":799,"publisher":{"@id":"https:\/\/tce.pb.gov.br\/portalprimeirainfancia\/#organization"},"image":{"@id":"https:\/\/tce.pb.gov.br\/portalprimeirainfancia\/joao-pessoa-sedia-seminario-nacional-e-marca-um-ano-do-pacto-pela-primeira-infancia-com-programacao-integrada-entre-mec-e-tce-pb\/#primaryimage"},"thumbnailUrl":"https:\/\/tce.pb.gov.br\/portalprimeirainfancia\/wp-content\/uploads\/2026\/04\/image-6.png","keywords":["pacto pela primeira infancia","primeira infancia","tce","tce-pb"],"articleSection":["Destaques","Not\u00edcias"],"inLanguage":"pt-BR"},{"@type":"WebPage","@id":"https:\/\/tce.pb.gov.br\/portalprimeirainfancia\/joao-pessoa-sedia-seminario-nacional-e-marca-um-ano-do-pacto-pela-primeira-infancia-com-programacao-integrada-entre-mec-e-tce-pb\/","url":"https:\/\/tce.pb.gov.br\/portalprimeirainfancia\/joao-pessoa-sedia-seminario-nacional-e-marca-um-ano-do-pacto-pela-primeira-infancia-com-programacao-integrada-entre-mec-e-tce-pb\/","name":"Jo\u00e3o Pessoa sedia semin\u00e1rio nacional e marca um ano do Pacto pela Primeira Inf\u00e2ncia com programa\u00e7\u00e3o integrada entre MEC e TCE-PB %","isPartOf":{"@id":"https:\/\/tce.pb.gov.br\/portalprimeirainfancia\/#website"},"primaryImageOfPage":{"@id":"https:\/\/tce.pb.gov.br\/portalprimeirainfancia\/joao-pessoa-sedia-seminario-nacional-e-marca-um-ano-do-pacto-pela-primeira-infancia-com-programacao-integrada-entre-mec-e-tce-pb\/#primaryimage"},"image":{"@id":"https:\/\/tce.pb.gov.br\/portalprimeirainfancia\/joao-pessoa-sedia-seminario-nacional-e-marca-um-ano-do-pacto-pela-primeira-infancia-com-programacao-integrada-entre-mec-e-tce-pb\/#primaryimage"},"thumbnailUrl":"https:\/\/tce.pb.gov.br\/portalprimeirainfancia\/wp-content\/uploads\/2026\/04\/image-6.png","datePublished":"2026-04-23T17:00:00+00:00","dateModified":"2026-04-24T13:01:58+00:00","description":"Jo\u00e3o Pessoa sedia semin\u00e1rio nacional e marca um ano do Pacto pela Primeira Inf\u00e2ncia com programa\u00e7\u00e3o integrada entre MEC e TCE-PB %","breadcrumb":{"@id":"https:\/\/tce.pb.gov.br\/portalprimeirainfancia\/joao-pessoa-sedia-seminario-nacional-e-marca-um-ano-do-pacto-pela-primeira-infancia-com-programacao-integrada-entre-mec-e-tce-pb\/#breadcrumb"},"inLanguage":"pt-BR","potentialAction":[{"@type":"ReadAction","target":["https:\/\/tce.pb.gov.br\/portalprimeirainfancia\/joao-pessoa-sedia-seminario-nacional-e-marca-um-ano-do-pacto-pela-primeira-infancia-com-programacao-integrada-entre-mec-e-tce-pb\/"]}]},{"@type":"ImageObject","inLanguage":"pt-BR","@id":"https:\/\/tce.pb.gov.br\/portalprimeirainfancia\/joao-pessoa-sedia-seminario-nacional-e-marca-um-ano-do-pacto-pela-primeira-infancia-com-programacao-integrada-entre-mec-e-tce-pb\/#primaryimage","url":"https:\/\/tce.pb.gov.br\/portalprimeirainfancia\/wp-content\/uploads\/2026\/04\/image-6.png","contentUrl":"https:\/\/tce.pb.gov.br\/portalprimeirainfancia\/wp-content\/uploads\/2026\/04\/image-6.png","width":1920,"height":1281},{"@type":"BreadcrumbList","@id":"https:\/\/tce.pb.gov.br\/portalprimeirainfancia\/joao-pessoa-sedia-seminario-nacional-e-marca-um-ano-do-pacto-pela-primeira-infancia-com-programacao-integrada-entre-mec-e-tce-pb\/#breadcrumb","itemListElement":[{"@type":"ListItem","position":1,"name":"In\u00edcio","item":"https:\/\/tce.pb.gov.br\/portalprimeirainfancia\/"},{"@type":"ListItem","position":2,"name":"Jo\u00e3o Pessoa sedia semin\u00e1rio nacional e marca um ano do Pacto pela Primeira Inf\u00e2ncia com programa\u00e7\u00e3o integrada entre MEC e TCE-PB"}]},{"@type":"WebSite","@id":"https:\/\/tce.pb.gov.br\/portalprimeirainfancia\/#website","url":"https:\/\/tce.pb.gov.br\/portalprimeirainfancia\/","name":"Pacto Paraibano pela Primeira Inf\u00e2ncia","description":"Portal para divulga\u00e7\u00e3o do Pacto Paraibano pela Primeira Inf\u00e2ncia","publisher":{"@id":"https:\/\/tce.pb.gov.br\/portalprimeirainfancia\/#organization"},"potentialAction":[{"@type":"SearchAction","target":{"@type":"EntryPoint","urlTemplate":"https:\/\/tce.pb.gov.br\/portalprimeirainfancia\/?s={search_term_string}"},"query-input":{"@type":"PropertyValueSpecification","valueRequired":true,"valueName":"search_term_string"}}],"inLanguage":"pt-BR"},{"@type":"Organization","@id":"https:\/\/tce.pb.gov.br\/portalprimeirainfancia\/#organization","name":"Pacto Paraibano pela Primeira Inf\u00e2ncia","alternateName":"TCE-PB","url":"https:\/\/tce.pb.gov.br\/portalprimeirainfancia\/","logo":{"@type":"ImageObject","inLanguage":"pt-BR","@id":"https:\/\/tce.pb.gov.br\/portalprimeirainfancia\/#\/schema\/logo\/image\/","url":"https:\/\/tce.pb.gov.br\/portalprimeirainfancia\/wp-content\/uploads\/2025\/05\/Pacto-Whatsapp.png","contentUrl":"https:\/\/tce.pb.gov.br\/portalprimeirainfancia\/wp-content\/uploads\/2025\/05\/Pacto-Whatsapp.png","width":427,"height":427,"caption":"Pacto Paraibano pela Primeira Inf\u00e2ncia"},"image":{"@id":"https:\/\/tce.pb.gov.br\/portalprimeirainfancia\/#\/schema\/logo\/image\/"},"sameAs":["https:\/\/www.instagram.com\/tcepb\/"]},{"@type":"Person","@id":"https:\/\/tce.pb.gov.br\/portalprimeirainfancia\/#\/schema\/person\/6a39eea5836dda604de1c5e5b7d62141","name":"Rafael Massoni"}]}},"jetpack_featured_media_url":"https:\/\/tce.pb.gov.br\/portalprimeirainfancia\/wp-content\/uploads\/2026\/04\/image-6.png","jetpack_sharing_enabled":true,"_links":{"self":[{"href":"https:\/\/tce.pb.gov.br\/portalprimeirainfancia\/wp-json\/wp\/v2\/posts\/29935","targetHints":{"allow":["GET"]}}],"collection":[{"href":"https:\/\/tce.pb.gov.br\/portalprimeirainfancia\/wp-json\/wp\/v2\/posts"}],"about":[{"href":"https:\/\/tce.pb.gov.br\/portalprimeirainfancia\/wp-json\/wp\/v2\/types\/post"}],"author":[{"embeddable":true,"href":"https:\/\/tce.pb.gov.br\/portalprimeirainfancia\/wp-json\/wp\/v2\/users\/6"}],"replies":[{"embeddable":true,"href":"https:\/\/tce.pb.gov.br\/portalprimeirainfancia\/wp-json\/wp\/v2\/comments?post=29935"}],"version-history":[{"count":1,"href":"https:\/\/tce.pb.gov.br\/portalprimeirainfancia\/wp-json\/wp\/v2\/posts\/29935\/revisions"}],"predecessor-version":[{"id":29937,"href":"https:\/\/tce.pb.gov.br\/portalprimeirainfancia\/wp-json\/wp\/v2\/posts\/29935\/revisions\/29937"}],"wp:featuredmedia":[{"embeddable":true,"href":"https:\/\/tce.pb.gov.br\/portalprimeirainfancia\/wp-json\/wp\/v2\/media\/29936"}],"wp:attachment":[{"href":"https:\/\/tce.pb.gov.br\/portalprimeirainfancia\/wp-json\/wp\/v2\/media?parent=29935"}],"wp:term":[{"taxonomy":"category","embeddable":true,"href":"https:\/\/tce.pb.gov.br\/portalprimeirainfancia\/wp-json\/wp\/v2\/categories?post=29935"},{"taxonomy":"post_tag","embeddable":true,"href":"https:\/\/tce.pb.gov.br\/portalprimeirainfancia\/wp-json\/wp\/v2\/tags?post=29935"}],"curies":[{"name":"wp","href":"https:\/\/api.w.org\/{rel}","templated":true}]}}