{"id":29928,"date":"2026-04-23T10:20:10","date_gmt":"2026-04-23T13:20:10","guid":{"rendered":"https:\/\/tce.pb.gov.br\/portalprimeirainfancia\/?p=29928"},"modified":"2026-04-23T10:20:12","modified_gmt":"2026-04-23T13:20:12","slug":"tce-pb-recebe-novo-secretario-de-educacao-e-reforca-parceria-para-avanco-das-politicas-publicas","status":"publish","type":"post","link":"https:\/\/tce.pb.gov.br\/portalprimeirainfancia\/tce-pb-recebe-novo-secretario-de-educacao-e-reforca-parceria-para-avanco-das-politicas-publicas\/","title":{"rendered":"TCE-PB recebe novo secret\u00e1rio de Educa\u00e7\u00e3o e refor\u00e7a parceria para avan\u00e7o das pol\u00edticas p\u00fablicas"},"content":{"rendered":"\n<figure class=\"wp-block-image aligncenter size-full\"><img fetchpriority=\"high\" decoding=\"async\" width=\"1024\" height=\"694\" src=\"https:\/\/tce.pb.gov.br\/portalprimeirainfancia\/wp-content\/uploads\/2026\/04\/image-3.png\" alt=\"\" class=\"wp-image-29929\" srcset=\"https:\/\/tce.pb.gov.br\/portalprimeirainfancia\/wp-content\/uploads\/2026\/04\/image-3.png 1024w, https:\/\/tce.pb.gov.br\/portalprimeirainfancia\/wp-content\/uploads\/2026\/04\/image-3-300x203.png 300w, https:\/\/tce.pb.gov.br\/portalprimeirainfancia\/wp-content\/uploads\/2026\/04\/image-3-768x521.png 768w\" sizes=\"(max-width: 1024px) 100vw, 1024px\" \/><\/figure>\n\n\n\n<p>O presidente do Tribunal de Contas da Para\u00edba (TCE-PB), conselheiro F\u00e1bio Nogueira, recebeu, na manh\u00e3 desta segunda-feira (13), a visita institucional do novo secret\u00e1rio de Estado da Educa\u00e7\u00e3o, Erivonaldo Alves da Silva. O encontro refor\u00e7ou o di\u00e1logo entre as institui\u00e7\u00f5es e destacou os avan\u00e7os da educa\u00e7\u00e3o no Estado, al\u00e9m da import\u00e2ncia da atua\u00e7\u00e3o conjunta para o fortalecimento das pol\u00edticas p\u00fablicas.<\/p>\n\n\n\n<p>Durante a reuni\u00e3o, o secret\u00e1rio ressaltou que a Para\u00edba tem alcan\u00e7ado resultados expressivos no cen\u00e1rio nacional. Segundo ele, o Estado registra atualmente o quarto maior crescimento educacional do pa\u00eds, superando metas estabelecidas pelo Minist\u00e9rio da Educa\u00e7\u00e3o (MEC) e figurando entre os dez melhores desempenhos do Brasil. Para Erivonaldo Alves, esse avan\u00e7o \u00e9 resultado de planejamento, decis\u00f5es estrat\u00e9gicas e do esfor\u00e7o integrado entre governo e profissionais da educa\u00e7\u00e3o.<\/p>\n\n\n\n<p>O gestor tamb\u00e9m destacou que a Para\u00edba trabalha para antecipar metas previstas para 2030, com foco em pol\u00edticas p\u00fablicas estruturadas e integradas. Nesse contexto, reconheceu o papel do TCE-PB como parceiro na orienta\u00e7\u00e3o dos gestores. \u201cO Tribunal tem contribu\u00eddo de forma importante, orientando prefeitos, secret\u00e1rios e equipes t\u00e9cnicas, o que fortalece a gest\u00e3o p\u00fablica\u201d, afirmou.<\/p>\n\n\n\n<p>O presidente do TCE-PB, F\u00e1bio Nogueira, destacou que o compromisso com a educa\u00e7\u00e3o deve ser permanente e tratado como prioridade estrat\u00e9gica. Ele ressaltou que, quando h\u00e1 clareza na execu\u00e7\u00e3o dos projetos, o entusiasmo dos gestores se traduz em resultados concretos.<\/p>\n\n\n\n<p>F\u00e1bio Nogueira reconheceu os avan\u00e7os da educa\u00e7\u00e3o paraibana, mas ponderou que ainda existem desafios a serem superados. \u201cOs resultados come\u00e7am a aparecer e nos motivam a continuar avan\u00e7ando, mas ainda h\u00e1 muito a fazer\u201d, afirmou.<\/p>\n\n\n\n<p>O presidente tamb\u00e9m refor\u00e7ou a import\u00e2ncia da educa\u00e7\u00e3o, especialmente na primeira inf\u00e2ncia, como base para o desenvolvimento social. Al\u00e9m disso, destacou a evolu\u00e7\u00e3o no papel dos tribunais de contas, que hoje atuam de forma mais pr\u00f3xima e colaborativa com os gestores p\u00fablicos.<\/p>\n\n\n\n<p>\u201cO Tribunal moderno se posiciona ao lado de quem quer acertar, oferecendo orienta\u00e7\u00e3o e apoio para que os projetos avancem com seguran\u00e7a\u201d, explicou. Ao encerrar o encontro, F\u00e1bio Nogueira ressaltou que o TCE-PB vai al\u00e9m da fun\u00e7\u00e3o fiscalizadora, atuando como parceiro na constru\u00e7\u00e3o de pol\u00edticas p\u00fablicas mais eficientes, especialmente na \u00e1rea da educa\u00e7\u00e3o, contribuindo para o desenvolvimento da Para\u00edba.<\/p>\n\n\n\n<p>Tamb\u00e9m participaram da audi\u00eancia a chefe de gabinete, L\u00edgia Fernandes; o coordenador jur\u00eddico, Caio Laroca Domingues; e as advogadas Jamara Camelo e Viviane Leal.<\/p>\n\n\n\n<figure class=\"wp-block-image aligncenter size-full\"><img decoding=\"async\" width=\"1024\" height=\"683\" src=\"https:\/\/tce.pb.gov.br\/portalprimeirainfancia\/wp-content\/uploads\/2026\/04\/image-4.png\" alt=\"\" class=\"wp-image-29930\" srcset=\"https:\/\/tce.pb.gov.br\/portalprimeirainfancia\/wp-content\/uploads\/2026\/04\/image-4.png 1024w, https:\/\/tce.pb.gov.br\/portalprimeirainfancia\/wp-content\/uploads\/2026\/04\/image-4-300x200.png 300w, https:\/\/tce.pb.gov.br\/portalprimeirainfancia\/wp-content\/uploads\/2026\/04\/image-4-768x512.png 768w\" sizes=\"(max-width: 1024px) 100vw, 1024px\" \/><\/figure>\n","protected":false},"excerpt":{"rendered":"<p>O presidente do Tribunal de Contas da Para\u00edba (TCE-PB), conselheiro F\u00e1bio Nogueira, recebeu, na manh\u00e3 desta segunda-feira (13), a visita [&hellip;]<\/p>\n","protected":false},"author":6,"featured_media":29929,"comment_status":"closed","ping_status":"closed","sticky":false,"template":"","format":"standard","meta":{"site-sidebar-layout":"default","site-content-layout":"","ast-site-content-layout":"","site-content-style":"default","site-sidebar-style":"default","ast-global-header-display":"","ast-banner-title-visibility":"","ast-main-header-display":"","ast-hfb-above-header-display":"","ast-hfb-below-header-display":"","ast-hfb-mobile-header-display":"","site-post-title":"","ast-breadcrumbs-content":"","ast-featured-img":"","footer-sml-layout":"","theme-transparent-header-meta":"","adv-header-id-meta":"","stick-header-meta":"","header-above-stick-meta":"","header-main-stick-meta":"","header-below-stick-meta":"","astra-migrate-meta-layouts":"default","ast-page-background-enabled":"default","ast-page-background-meta":{"desktop":{"background-color":"var(--ast-global-color-5)","background-image":"","background-repeat":"repeat","background-position":"center center","background-size":"auto","background-attachment":"scroll","background-type":"","background-media":"","overlay-type":"","overlay-color":"","overlay-opacity":"","overlay-gradient":""},"tablet":{"background-color":"","background-image":"","background-repeat":"repeat","background-position":"center center","background-size":"auto","background-attachment":"scroll","background-type":"","background-media":"","overlay-type":"","overlay-color":"","overlay-opacity":"","overlay-gradient":""},"mobile":{"background-color":"","background-image":"","background-repeat":"repeat","background-position":"center center","background-size":"auto","background-attachment":"scroll","background-type":"","background-media":"","overlay-type":"","overlay-color":"","overlay-opacity":"","overlay-gradient":""}},"ast-content-background-meta":{"desktop":{"background-color":"var(--ast-global-color-4)","background-image":"","background-repeat":"repeat","background-position":"center center","background-size":"auto","background-attachment":"scroll","background-type":"","background-media":"","overlay-type":"","overlay-color":"","overlay-opacity":"","overlay-gradient":""},"tablet":{"background-color":"var(--ast-global-color-4)","background-image":"","background-repeat":"repeat","background-position":"center center","background-size":"auto","background-attachment":"scroll","background-type":"","background-media":"","overlay-type":"","overlay-color":"","overlay-opacity":"","overlay-gradient":""},"mobile":{"background-color":"var(--ast-global-color-4)","background-image":"","background-repeat":"repeat","background-position":"center center","background-size":"auto","background-attachment":"scroll","background-type":"","background-media":"","overlay-type":"","overlay-color":"","overlay-opacity":"","overlay-gradient":""}},"_jetpack_memberships_contains_paid_content":false,"footnotes":""},"categories":[24,7],"tags":[78,27,25,79,31,26],"class_list":["post-29928","post","type-post","status-publish","format-standard","has-post-thumbnail","hentry","category-destaques","category-noticias","tag-educacao","tag-pacto-pela-primeira-infancia","tag-primeira-infancia","tag-secretaria-da-educacao","tag-tce","tag-tce-pb"],"yoast_head":"<!-- This site is optimized with the Yoast SEO plugin v27.5 - https:\/\/yoast.com\/product\/yoast-seo-wordpress\/ -->\n<title>TCE-PB recebe novo secret\u00e1rio de Educa\u00e7\u00e3o e refor\u00e7a parceria para avan\u00e7o das pol\u00edticas p\u00fablicas %<\/title>\n<meta name=\"description\" content=\"TCE-PB recebe novo secret\u00e1rio de Educa\u00e7\u00e3o e refor\u00e7a parceria para avan\u00e7o das pol\u00edticas p\u00fablicas %\" \/>\n<meta name=\"robots\" content=\"index, follow, max-snippet:-1, max-image-preview:large, max-video-preview:-1\" \/>\n<link rel=\"canonical\" href=\"https:\/\/tce.pb.gov.br\/portalprimeirainfancia\/tce-pb-recebe-novo-secretario-de-educacao-e-reforca-parceria-para-avanco-das-politicas-publicas\/\" \/>\n<meta property=\"og:locale\" content=\"pt_BR\" \/>\n<meta property=\"og:type\" content=\"article\" \/>\n<meta property=\"og:title\" content=\"TCE-PB recebe novo secret\u00e1rio de Educa\u00e7\u00e3o e refor\u00e7a parceria para avan\u00e7o das pol\u00edticas p\u00fablicas %\" \/>\n<meta property=\"og:description\" content=\"TCE-PB recebe novo secret\u00e1rio de Educa\u00e7\u00e3o e refor\u00e7a parceria para avan\u00e7o das pol\u00edticas p\u00fablicas %\" \/>\n<meta property=\"og:url\" content=\"https:\/\/tce.pb.gov.br\/portalprimeirainfancia\/tce-pb-recebe-novo-secretario-de-educacao-e-reforca-parceria-para-avanco-das-politicas-publicas\/\" \/>\n<meta property=\"og:site_name\" content=\"Pacto Paraibano pela Primeira Inf\u00e2ncia\" \/>\n<meta property=\"article:published_time\" content=\"2026-04-23T13:20:10+00:00\" \/>\n<meta property=\"article:modified_time\" content=\"2026-04-23T13:20:12+00:00\" \/>\n<meta property=\"og:image\" content=\"https:\/\/tce.pb.gov.br\/portalprimeirainfancia\/wp-content\/uploads\/2026\/04\/image-3.png\" \/>\n\t<meta property=\"og:image:width\" content=\"1024\" \/>\n\t<meta property=\"og:image:height\" content=\"694\" \/>\n\t<meta property=\"og:image:type\" content=\"image\/png\" \/>\n<meta name=\"author\" content=\"Rafael Massoni\" \/>\n<meta name=\"twitter:card\" content=\"summary_large_image\" \/>\n<meta name=\"twitter:label1\" content=\"Escrito por\" \/>\n\t<meta name=\"twitter:data1\" content=\"Rafael Massoni\" \/>\n\t<meta name=\"twitter:label2\" content=\"Est. tempo de leitura\" \/>\n\t<meta name=\"twitter:data2\" content=\"3 minutos\" \/>\n<script type=\"application\/ld+json\" class=\"yoast-schema-graph\">{\"@context\":\"https:\\\/\\\/schema.org\",\"@graph\":[{\"@type\":\"NewsArticle\",\"@id\":\"https:\\\/\\\/tce.pb.gov.br\\\/portalprimeirainfancia\\\/tce-pb-recebe-novo-secretario-de-educacao-e-reforca-parceria-para-avanco-das-politicas-publicas\\\/#article\",\"isPartOf\":{\"@id\":\"https:\\\/\\\/tce.pb.gov.br\\\/portalprimeirainfancia\\\/tce-pb-recebe-novo-secretario-de-educacao-e-reforca-parceria-para-avanco-das-politicas-publicas\\\/\"},\"author\":{\"name\":\"Rafael Massoni\",\"@id\":\"https:\\\/\\\/tce.pb.gov.br\\\/portalprimeirainfancia\\\/#\\\/schema\\\/person\\\/6a39eea5836dda604de1c5e5b7d62141\"},\"headline\":\"TCE-PB recebe novo secret\u00e1rio de Educa\u00e7\u00e3o e refor\u00e7a parceria para avan\u00e7o das pol\u00edticas p\u00fablicas\",\"datePublished\":\"2026-04-23T13:20:10+00:00\",\"dateModified\":\"2026-04-23T13:20:12+00:00\",\"mainEntityOfPage\":{\"@id\":\"https:\\\/\\\/tce.pb.gov.br\\\/portalprimeirainfancia\\\/tce-pb-recebe-novo-secretario-de-educacao-e-reforca-parceria-para-avanco-das-politicas-publicas\\\/\"},\"wordCount\":468,\"publisher\":{\"@id\":\"https:\\\/\\\/tce.pb.gov.br\\\/portalprimeirainfancia\\\/#organization\"},\"image\":{\"@id\":\"https:\\\/\\\/tce.pb.gov.br\\\/portalprimeirainfancia\\\/tce-pb-recebe-novo-secretario-de-educacao-e-reforca-parceria-para-avanco-das-politicas-publicas\\\/#primaryimage\"},\"thumbnailUrl\":\"https:\\\/\\\/tce.pb.gov.br\\\/portalprimeirainfancia\\\/wp-content\\\/uploads\\\/2026\\\/04\\\/image-3.png\",\"keywords\":[\"educacao\",\"pacto pela primeira infancia\",\"primeira infancia\",\"secretaria da educacao\",\"tce\",\"tce-pb\"],\"articleSection\":[\"Destaques\",\"Not\u00edcias\"],\"inLanguage\":\"pt-BR\"},{\"@type\":\"WebPage\",\"@id\":\"https:\\\/\\\/tce.pb.gov.br\\\/portalprimeirainfancia\\\/tce-pb-recebe-novo-secretario-de-educacao-e-reforca-parceria-para-avanco-das-politicas-publicas\\\/\",\"url\":\"https:\\\/\\\/tce.pb.gov.br\\\/portalprimeirainfancia\\\/tce-pb-recebe-novo-secretario-de-educacao-e-reforca-parceria-para-avanco-das-politicas-publicas\\\/\",\"name\":\"TCE-PB recebe novo secret\u00e1rio de Educa\u00e7\u00e3o e refor\u00e7a parceria para avan\u00e7o das pol\u00edticas p\u00fablicas %\",\"isPartOf\":{\"@id\":\"https:\\\/\\\/tce.pb.gov.br\\\/portalprimeirainfancia\\\/#website\"},\"primaryImageOfPage\":{\"@id\":\"https:\\\/\\\/tce.pb.gov.br\\\/portalprimeirainfancia\\\/tce-pb-recebe-novo-secretario-de-educacao-e-reforca-parceria-para-avanco-das-politicas-publicas\\\/#primaryimage\"},\"image\":{\"@id\":\"https:\\\/\\\/tce.pb.gov.br\\\/portalprimeirainfancia\\\/tce-pb-recebe-novo-secretario-de-educacao-e-reforca-parceria-para-avanco-das-politicas-publicas\\\/#primaryimage\"},\"thumbnailUrl\":\"https:\\\/\\\/tce.pb.gov.br\\\/portalprimeirainfancia\\\/wp-content\\\/uploads\\\/2026\\\/04\\\/image-3.png\",\"datePublished\":\"2026-04-23T13:20:10+00:00\",\"dateModified\":\"2026-04-23T13:20:12+00:00\",\"description\":\"TCE-PB recebe novo secret\u00e1rio de Educa\u00e7\u00e3o e refor\u00e7a parceria para avan\u00e7o das pol\u00edticas p\u00fablicas %\",\"breadcrumb\":{\"@id\":\"https:\\\/\\\/tce.pb.gov.br\\\/portalprimeirainfancia\\\/tce-pb-recebe-novo-secretario-de-educacao-e-reforca-parceria-para-avanco-das-politicas-publicas\\\/#breadcrumb\"},\"inLanguage\":\"pt-BR\",\"potentialAction\":[{\"@type\":\"ReadAction\",\"target\":[\"https:\\\/\\\/tce.pb.gov.br\\\/portalprimeirainfancia\\\/tce-pb-recebe-novo-secretario-de-educacao-e-reforca-parceria-para-avanco-das-politicas-publicas\\\/\"]}]},{\"@type\":\"ImageObject\",\"inLanguage\":\"pt-BR\",\"@id\":\"https:\\\/\\\/tce.pb.gov.br\\\/portalprimeirainfancia\\\/tce-pb-recebe-novo-secretario-de-educacao-e-reforca-parceria-para-avanco-das-politicas-publicas\\\/#primaryimage\",\"url\":\"https:\\\/\\\/tce.pb.gov.br\\\/portalprimeirainfancia\\\/wp-content\\\/uploads\\\/2026\\\/04\\\/image-3.png\",\"contentUrl\":\"https:\\\/\\\/tce.pb.gov.br\\\/portalprimeirainfancia\\\/wp-content\\\/uploads\\\/2026\\\/04\\\/image-3.png\",\"width\":1024,\"height\":694},{\"@type\":\"BreadcrumbList\",\"@id\":\"https:\\\/\\\/tce.pb.gov.br\\\/portalprimeirainfancia\\\/tce-pb-recebe-novo-secretario-de-educacao-e-reforca-parceria-para-avanco-das-politicas-publicas\\\/#breadcrumb\",\"itemListElement\":[{\"@type\":\"ListItem\",\"position\":1,\"name\":\"In\u00edcio\",\"item\":\"https:\\\/\\\/tce.pb.gov.br\\\/portalprimeirainfancia\\\/\"},{\"@type\":\"ListItem\",\"position\":2,\"name\":\"TCE-PB recebe novo secret\u00e1rio de Educa\u00e7\u00e3o e refor\u00e7a parceria para avan\u00e7o das pol\u00edticas p\u00fablicas\"}]},{\"@type\":\"WebSite\",\"@id\":\"https:\\\/\\\/tce.pb.gov.br\\\/portalprimeirainfancia\\\/#website\",\"url\":\"https:\\\/\\\/tce.pb.gov.br\\\/portalprimeirainfancia\\\/\",\"name\":\"Pacto Paraibano pela Primeira Inf\u00e2ncia\",\"description\":\"Portal para divulga\u00e7\u00e3o do Pacto Paraibano pela Primeira Inf\u00e2ncia\",\"publisher\":{\"@id\":\"https:\\\/\\\/tce.pb.gov.br\\\/portalprimeirainfancia\\\/#organization\"},\"potentialAction\":[{\"@type\":\"SearchAction\",\"target\":{\"@type\":\"EntryPoint\",\"urlTemplate\":\"https:\\\/\\\/tce.pb.gov.br\\\/portalprimeirainfancia\\\/?s={search_term_string}\"},\"query-input\":{\"@type\":\"PropertyValueSpecification\",\"valueRequired\":true,\"valueName\":\"search_term_string\"}}],\"inLanguage\":\"pt-BR\"},{\"@type\":\"Organization\",\"@id\":\"https:\\\/\\\/tce.pb.gov.br\\\/portalprimeirainfancia\\\/#organization\",\"name\":\"Pacto Paraibano pela Primeira Inf\u00e2ncia\",\"alternateName\":\"TCE-PB\",\"url\":\"https:\\\/\\\/tce.pb.gov.br\\\/portalprimeirainfancia\\\/\",\"logo\":{\"@type\":\"ImageObject\",\"inLanguage\":\"pt-BR\",\"@id\":\"https:\\\/\\\/tce.pb.gov.br\\\/portalprimeirainfancia\\\/#\\\/schema\\\/logo\\\/image\\\/\",\"url\":\"https:\\\/\\\/tce.pb.gov.br\\\/portalprimeirainfancia\\\/wp-content\\\/uploads\\\/2025\\\/05\\\/Pacto-Whatsapp.png\",\"contentUrl\":\"https:\\\/\\\/tce.pb.gov.br\\\/portalprimeirainfancia\\\/wp-content\\\/uploads\\\/2025\\\/05\\\/Pacto-Whatsapp.png\",\"width\":427,\"height\":427,\"caption\":\"Pacto Paraibano pela Primeira Inf\u00e2ncia\"},\"image\":{\"@id\":\"https:\\\/\\\/tce.pb.gov.br\\\/portalprimeirainfancia\\\/#\\\/schema\\\/logo\\\/image\\\/\"},\"sameAs\":[\"https:\\\/\\\/www.instagram.com\\\/tcepb\\\/\"]},{\"@type\":\"Person\",\"@id\":\"https:\\\/\\\/tce.pb.gov.br\\\/portalprimeirainfancia\\\/#\\\/schema\\\/person\\\/6a39eea5836dda604de1c5e5b7d62141\",\"name\":\"Rafael Massoni\"}]}<\/script>\n<!-- \/ Yoast SEO plugin. -->","yoast_head_json":{"title":"TCE-PB recebe novo secret\u00e1rio de Educa\u00e7\u00e3o e refor\u00e7a parceria para avan\u00e7o das pol\u00edticas p\u00fablicas %","description":"TCE-PB recebe novo secret\u00e1rio de Educa\u00e7\u00e3o e refor\u00e7a parceria para avan\u00e7o das pol\u00edticas p\u00fablicas %","robots":{"index":"index","follow":"follow","max-snippet":"max-snippet:-1","max-image-preview":"max-image-preview:large","max-video-preview":"max-video-preview:-1"},"canonical":"https:\/\/tce.pb.gov.br\/portalprimeirainfancia\/tce-pb-recebe-novo-secretario-de-educacao-e-reforca-parceria-para-avanco-das-politicas-publicas\/","og_locale":"pt_BR","og_type":"article","og_title":"TCE-PB recebe novo secret\u00e1rio de Educa\u00e7\u00e3o e refor\u00e7a parceria para avan\u00e7o das pol\u00edticas p\u00fablicas %","og_description":"TCE-PB recebe novo secret\u00e1rio de Educa\u00e7\u00e3o e refor\u00e7a parceria para avan\u00e7o das pol\u00edticas p\u00fablicas %","og_url":"https:\/\/tce.pb.gov.br\/portalprimeirainfancia\/tce-pb-recebe-novo-secretario-de-educacao-e-reforca-parceria-para-avanco-das-politicas-publicas\/","og_site_name":"Pacto Paraibano pela Primeira Inf\u00e2ncia","article_published_time":"2026-04-23T13:20:10+00:00","article_modified_time":"2026-04-23T13:20:12+00:00","og_image":[{"width":1024,"height":694,"url":"https:\/\/tce.pb.gov.br\/portalprimeirainfancia\/wp-content\/uploads\/2026\/04\/image-3.png","type":"image\/png"}],"author":"Rafael Massoni","twitter_card":"summary_large_image","twitter_misc":{"Escrito por":"Rafael Massoni","Est. tempo de leitura":"3 minutos"},"schema":{"@context":"https:\/\/schema.org","@graph":[{"@type":"NewsArticle","@id":"https:\/\/tce.pb.gov.br\/portalprimeirainfancia\/tce-pb-recebe-novo-secretario-de-educacao-e-reforca-parceria-para-avanco-das-politicas-publicas\/#article","isPartOf":{"@id":"https:\/\/tce.pb.gov.br\/portalprimeirainfancia\/tce-pb-recebe-novo-secretario-de-educacao-e-reforca-parceria-para-avanco-das-politicas-publicas\/"},"author":{"name":"Rafael Massoni","@id":"https:\/\/tce.pb.gov.br\/portalprimeirainfancia\/#\/schema\/person\/6a39eea5836dda604de1c5e5b7d62141"},"headline":"TCE-PB recebe novo secret\u00e1rio de Educa\u00e7\u00e3o e refor\u00e7a parceria para avan\u00e7o das pol\u00edticas p\u00fablicas","datePublished":"2026-04-23T13:20:10+00:00","dateModified":"2026-04-23T13:20:12+00:00","mainEntityOfPage":{"@id":"https:\/\/tce.pb.gov.br\/portalprimeirainfancia\/tce-pb-recebe-novo-secretario-de-educacao-e-reforca-parceria-para-avanco-das-politicas-publicas\/"},"wordCount":468,"publisher":{"@id":"https:\/\/tce.pb.gov.br\/portalprimeirainfancia\/#organization"},"image":{"@id":"https:\/\/tce.pb.gov.br\/portalprimeirainfancia\/tce-pb-recebe-novo-secretario-de-educacao-e-reforca-parceria-para-avanco-das-politicas-publicas\/#primaryimage"},"thumbnailUrl":"https:\/\/tce.pb.gov.br\/portalprimeirainfancia\/wp-content\/uploads\/2026\/04\/image-3.png","keywords":["educacao","pacto pela primeira infancia","primeira infancia","secretaria da educacao","tce","tce-pb"],"articleSection":["Destaques","Not\u00edcias"],"inLanguage":"pt-BR"},{"@type":"WebPage","@id":"https:\/\/tce.pb.gov.br\/portalprimeirainfancia\/tce-pb-recebe-novo-secretario-de-educacao-e-reforca-parceria-para-avanco-das-politicas-publicas\/","url":"https:\/\/tce.pb.gov.br\/portalprimeirainfancia\/tce-pb-recebe-novo-secretario-de-educacao-e-reforca-parceria-para-avanco-das-politicas-publicas\/","name":"TCE-PB recebe novo secret\u00e1rio de Educa\u00e7\u00e3o e refor\u00e7a parceria para avan\u00e7o das pol\u00edticas p\u00fablicas %","isPartOf":{"@id":"https:\/\/tce.pb.gov.br\/portalprimeirainfancia\/#website"},"primaryImageOfPage":{"@id":"https:\/\/tce.pb.gov.br\/portalprimeirainfancia\/tce-pb-recebe-novo-secretario-de-educacao-e-reforca-parceria-para-avanco-das-politicas-publicas\/#primaryimage"},"image":{"@id":"https:\/\/tce.pb.gov.br\/portalprimeirainfancia\/tce-pb-recebe-novo-secretario-de-educacao-e-reforca-parceria-para-avanco-das-politicas-publicas\/#primaryimage"},"thumbnailUrl":"https:\/\/tce.pb.gov.br\/portalprimeirainfancia\/wp-content\/uploads\/2026\/04\/image-3.png","datePublished":"2026-04-23T13:20:10+00:00","dateModified":"2026-04-23T13:20:12+00:00","description":"TCE-PB recebe novo secret\u00e1rio de Educa\u00e7\u00e3o e refor\u00e7a parceria para avan\u00e7o das pol\u00edticas p\u00fablicas %","breadcrumb":{"@id":"https:\/\/tce.pb.gov.br\/portalprimeirainfancia\/tce-pb-recebe-novo-secretario-de-educacao-e-reforca-parceria-para-avanco-das-politicas-publicas\/#breadcrumb"},"inLanguage":"pt-BR","potentialAction":[{"@type":"ReadAction","target":["https:\/\/tce.pb.gov.br\/portalprimeirainfancia\/tce-pb-recebe-novo-secretario-de-educacao-e-reforca-parceria-para-avanco-das-politicas-publicas\/"]}]},{"@type":"ImageObject","inLanguage":"pt-BR","@id":"https:\/\/tce.pb.gov.br\/portalprimeirainfancia\/tce-pb-recebe-novo-secretario-de-educacao-e-reforca-parceria-para-avanco-das-politicas-publicas\/#primaryimage","url":"https:\/\/tce.pb.gov.br\/portalprimeirainfancia\/wp-content\/uploads\/2026\/04\/image-3.png","contentUrl":"https:\/\/tce.pb.gov.br\/portalprimeirainfancia\/wp-content\/uploads\/2026\/04\/image-3.png","width":1024,"height":694},{"@type":"BreadcrumbList","@id":"https:\/\/tce.pb.gov.br\/portalprimeirainfancia\/tce-pb-recebe-novo-secretario-de-educacao-e-reforca-parceria-para-avanco-das-politicas-publicas\/#breadcrumb","itemListElement":[{"@type":"ListItem","position":1,"name":"In\u00edcio","item":"https:\/\/tce.pb.gov.br\/portalprimeirainfancia\/"},{"@type":"ListItem","position":2,"name":"TCE-PB recebe novo secret\u00e1rio de Educa\u00e7\u00e3o e refor\u00e7a parceria para avan\u00e7o das pol\u00edticas p\u00fablicas"}]},{"@type":"WebSite","@id":"https:\/\/tce.pb.gov.br\/portalprimeirainfancia\/#website","url":"https:\/\/tce.pb.gov.br\/portalprimeirainfancia\/","name":"Pacto Paraibano pela Primeira Inf\u00e2ncia","description":"Portal para divulga\u00e7\u00e3o do Pacto Paraibano pela Primeira Inf\u00e2ncia","publisher":{"@id":"https:\/\/tce.pb.gov.br\/portalprimeirainfancia\/#organization"},"potentialAction":[{"@type":"SearchAction","target":{"@type":"EntryPoint","urlTemplate":"https:\/\/tce.pb.gov.br\/portalprimeirainfancia\/?s={search_term_string}"},"query-input":{"@type":"PropertyValueSpecification","valueRequired":true,"valueName":"search_term_string"}}],"inLanguage":"pt-BR"},{"@type":"Organization","@id":"https:\/\/tce.pb.gov.br\/portalprimeirainfancia\/#organization","name":"Pacto Paraibano pela Primeira Inf\u00e2ncia","alternateName":"TCE-PB","url":"https:\/\/tce.pb.gov.br\/portalprimeirainfancia\/","logo":{"@type":"ImageObject","inLanguage":"pt-BR","@id":"https:\/\/tce.pb.gov.br\/portalprimeirainfancia\/#\/schema\/logo\/image\/","url":"https:\/\/tce.pb.gov.br\/portalprimeirainfancia\/wp-content\/uploads\/2025\/05\/Pacto-Whatsapp.png","contentUrl":"https:\/\/tce.pb.gov.br\/portalprimeirainfancia\/wp-content\/uploads\/2025\/05\/Pacto-Whatsapp.png","width":427,"height":427,"caption":"Pacto Paraibano pela Primeira Inf\u00e2ncia"},"image":{"@id":"https:\/\/tce.pb.gov.br\/portalprimeirainfancia\/#\/schema\/logo\/image\/"},"sameAs":["https:\/\/www.instagram.com\/tcepb\/"]},{"@type":"Person","@id":"https:\/\/tce.pb.gov.br\/portalprimeirainfancia\/#\/schema\/person\/6a39eea5836dda604de1c5e5b7d62141","name":"Rafael Massoni"}]}},"jetpack_featured_media_url":"https:\/\/tce.pb.gov.br\/portalprimeirainfancia\/wp-content\/uploads\/2026\/04\/image-3.png","jetpack_sharing_enabled":true,"_links":{"self":[{"href":"https:\/\/tce.pb.gov.br\/portalprimeirainfancia\/wp-json\/wp\/v2\/posts\/29928","targetHints":{"allow":["GET"]}}],"collection":[{"href":"https:\/\/tce.pb.gov.br\/portalprimeirainfancia\/wp-json\/wp\/v2\/posts"}],"about":[{"href":"https:\/\/tce.pb.gov.br\/portalprimeirainfancia\/wp-json\/wp\/v2\/types\/post"}],"author":[{"embeddable":true,"href":"https:\/\/tce.pb.gov.br\/portalprimeirainfancia\/wp-json\/wp\/v2\/users\/6"}],"replies":[{"embeddable":true,"href":"https:\/\/tce.pb.gov.br\/portalprimeirainfancia\/wp-json\/wp\/v2\/comments?post=29928"}],"version-history":[{"count":1,"href":"https:\/\/tce.pb.gov.br\/portalprimeirainfancia\/wp-json\/wp\/v2\/posts\/29928\/revisions"}],"predecessor-version":[{"id":29931,"href":"https:\/\/tce.pb.gov.br\/portalprimeirainfancia\/wp-json\/wp\/v2\/posts\/29928\/revisions\/29931"}],"wp:featuredmedia":[{"embeddable":true,"href":"https:\/\/tce.pb.gov.br\/portalprimeirainfancia\/wp-json\/wp\/v2\/media\/29929"}],"wp:attachment":[{"href":"https:\/\/tce.pb.gov.br\/portalprimeirainfancia\/wp-json\/wp\/v2\/media?parent=29928"}],"wp:term":[{"taxonomy":"category","embeddable":true,"href":"https:\/\/tce.pb.gov.br\/portalprimeirainfancia\/wp-json\/wp\/v2\/categories?post=29928"},{"taxonomy":"post_tag","embeddable":true,"href":"https:\/\/tce.pb.gov.br\/portalprimeirainfancia\/wp-json\/wp\/v2\/tags?post=29928"}],"curies":[{"name":"wp","href":"https:\/\/api.w.org\/{rel}","templated":true}]}}