{"id":29912,"date":"2026-04-10T14:11:31","date_gmt":"2026-04-10T17:11:31","guid":{"rendered":"https:\/\/tce.pb.gov.br\/portalprimeirainfancia\/?p=29912"},"modified":"2026-04-10T14:11:34","modified_gmt":"2026-04-10T17:11:34","slug":"tce-pb-encerra-i-oficina-de-boas-praticas-com-foco-em-integracao-e-resultados-para-a-primeira-infancia","status":"publish","type":"post","link":"https:\/\/tce.pb.gov.br\/portalprimeirainfancia\/tce-pb-encerra-i-oficina-de-boas-praticas-com-foco-em-integracao-e-resultados-para-a-primeira-infancia\/","title":{"rendered":"TCE-PB encerra I Oficina de Boas Pr\u00e1ticas com foco em integra\u00e7\u00e3o e resultados para a primeira inf\u00e2ncia"},"content":{"rendered":"\n<figure class=\"wp-block-image aligncenter size-large\"><img fetchpriority=\"high\" decoding=\"async\" width=\"1024\" height=\"646\" src=\"https:\/\/tce.pb.gov.br\/portalprimeirainfancia\/wp-content\/uploads\/2026\/04\/DSC_1643-1024x646.jpg\" alt=\"\" class=\"wp-image-29913\" srcset=\"https:\/\/tce.pb.gov.br\/portalprimeirainfancia\/wp-content\/uploads\/2026\/04\/DSC_1643-1024x646.jpg 1024w, https:\/\/tce.pb.gov.br\/portalprimeirainfancia\/wp-content\/uploads\/2026\/04\/DSC_1643-300x189.jpg 300w, https:\/\/tce.pb.gov.br\/portalprimeirainfancia\/wp-content\/uploads\/2026\/04\/DSC_1643-768x484.jpg 768w, https:\/\/tce.pb.gov.br\/portalprimeirainfancia\/wp-content\/uploads\/2026\/04\/DSC_1643-1536x968.jpg 1536w, https:\/\/tce.pb.gov.br\/portalprimeirainfancia\/wp-content\/uploads\/2026\/04\/DSC_1643.jpg 2048w\" sizes=\"(max-width: 1024px) 100vw, 1024px\" \/><\/figure>\n\n\n\n<p>O segundo e \u00faltimo dia da I Oficina de Boas Pr\u00e1ticas em Primeira Inf\u00e2ncia dos Tribunais de Contas, realizado nesta sexta-feira (10), no Tribunal de Contas da Para\u00edba (TCE-PB), foi marcado pela troca de experi\u00eancias exitosas entre as Cortes de todo o pa\u00eds. O encontro refor\u00e7ou o papel do controle externo na indu\u00e7\u00e3o de pol\u00edticas p\u00fablicas mais eficientes voltadas \u00e0s crian\u00e7as de 0 a 6 anos.<\/p>\n\n\n\n<p>Coordenado pelo presidente do TCE-PB, conselheiro F\u00e1bio Nogueira, e pelo vice-presidente, conselheiro Andr\u00e9 Carlo Torres Pontes, o evento reuniu representantes de 25 Tribunais de Contas.<\/p>\n\n\n\n<p>A Oficina de Boas Pr\u00e1ticas em Primeira Inf\u00e2ncia, que iniciou na quinta-feira (09), contou com a participa\u00e7\u00e3o de importantes representantes do sistema de controle externo no pa\u00eds. Estiveram presentes o presidente do Comit\u00ea T\u00e9cnico da Primeira Inf\u00e2ncia do IRB e coordenador da \u00e1rea na Atricon, conselheiro Edson Ferrari (TCE-GO); a conselheira do Tribunal de Contas da Bahia, Carolina Matos; o conselheiro do Tribunal de Contas do Par\u00e1, Luis Cunha; o conselheiro substituto do Tribunal de Contas do Mato Grosso do Sul, C\u00e9lio Lima de Oliveira; e a conselheira substituta do Tribunal de Contas dos Munic\u00edpios do Par\u00e1, M\u00e1rcia Tereza Assis Costa, al\u00e9m de auditores e t\u00e9cnicos de diversos Tribunais de Contas do pa\u00eds.<\/p>\n\n\n\n<p><strong>Programa\u00e7\u00e3o<\/strong>&nbsp;\u2013 Nesta sexta-feira (10), a programa\u00e7\u00e3o teve in\u00edcio com a palestra do conselheiro do Tribunal de Contas do Mato Grosso do Sul, C\u00e9lio Lima de Oliveira, que apresentou uma abordagem sist\u00eamica da primeira inf\u00e2ncia, destacando a import\u00e2ncia da atua\u00e7\u00e3o integrada entre \u00e1reas como sa\u00fade, educa\u00e7\u00e3o e assist\u00eancia social para garantir o desenvolvimento integral das crian\u00e7as.<\/p>\n\n\n\n<p>Na sequ\u00eancia, \u00e0s 9h45, foi apresentada a Nota Recomendat\u00f3ria resultante de Auditoria Operacional em Primeira Inf\u00e2ncia, com foco em visitas domiciliares. O trabalho foi detalhado por Bruno Piana (TCE-RO), Roberta Veras (TCE-SP) e Ana Paula A. Rocha (TCE-GO), evidenciando a relev\u00e2ncia desse instrumento para orientar gestores e aprimorar pol\u00edticas p\u00fablicas na ponta.<\/p>\n\n\n\n<p>\u00c0s 10h30, a representante do TCE-PB, professora Adelaide Alves Dias, destacou a experi\u00eancia da Para\u00edba na \u00e1rea, com \u00eanfase na coopera\u00e7\u00e3o institucional entre o Tribunal, a Secretaria de Estado da Ci\u00eancia, Tecnologia, Inova\u00e7\u00e3o e Ensino Superior (SECTIES) e a Funda\u00e7\u00e3o de Apoio \u00e0 Pesquisa do Estado da Para\u00edba (FAPESQ). A iniciativa demonstra como a articula\u00e7\u00e3o entre \u00f3rg\u00e3os pode fortalecer a\u00e7\u00f5es estrat\u00e9gicas voltadas \u00e0 primeira inf\u00e2ncia.<\/p>\n\n\n\n<p>Representando o Governo do Piau\u00ed, Gilson Ara\u00fajo apresentou, o programa Piau\u00ed Primeira Inf\u00e2ncia, destacando a interface com o controle externo e a import\u00e2ncia da atua\u00e7\u00e3o conjunta para garantir maior efetividade \u00e0s pol\u00edticas p\u00fablicas.<\/p>\n\n\n\n<p>No per\u00edodo da tarde, os debates foram retomados com a apresenta\u00e7\u00e3o de representantes do Tribunal de Contas do Distrito Federal, Elivelton Cavalcante e Danilo Silva. Eles abordaram os resultados de auditorias operacionais na \u00e1rea, com foco na integra\u00e7\u00e3o das a\u00e7\u00f5es governamentais e na capacita\u00e7\u00e3o de agentes p\u00fablicos.<\/p>\n\n\n\n<p>J\u00e1 o auditor Luis Felipe Costa, do Tribunal de Contas do Par\u00e1, compartilhou iniciativas que v\u00eam gerando resultados concretos no estado, evidenciando o papel do controle externo como indutor de melhorias na gest\u00e3o p\u00fablica.<\/p>\n\n\n\n<p>O representante do Tribunal de Contas de Roraima, Laurindo Gabriel Souza Neto, trouxe reflex\u00f5es sobre as especificidades das inf\u00e2ncias multiculturais no estado, destacando a necessidade de pol\u00edticas p\u00fablicas sens\u00edveis \u00e0s diversidades regionais e culturais.<\/p>\n\n\n\n<p>O encontro foi encerrado com uma avalia\u00e7\u00e3o coletiva das atividades desenvolvidas ao longo dos dois dias, seguida do encerramento oficial \u00e0s 17h. Para organiza\u00e7\u00e3o do evento, a oficina consolidou-se como um espa\u00e7o de constru\u00e7\u00e3o conjunta, reafirmando o compromisso dos Tribunais de Contas brasileiros com o fortalecimento de pol\u00edticas p\u00fablicas voltadas \u00e0 primeira inf\u00e2ncia, por meio da orienta\u00e7\u00e3o, fiscaliza\u00e7\u00e3o e promo\u00e7\u00e3o de boas pr\u00e1ticas na gest\u00e3o p\u00fablica.<\/p>\n\n\n\n<p>Durante o evento, o conselheiro do Tribunal de Contas do Estado de Goi\u00e1s (TCE-GO) Edson Ferrari, que&nbsp;preside o Comit\u00ea T\u00e9cnico da Primeira Inf\u00e2ncia do Instituto Rui Barbosa (CTPI-IRB), anunciou a realiza\u00e7\u00e3o do 3\u00ba Encontro Nacional da Primeira Inf\u00e2ncia (III Enapi), que acontecer\u00e1 em Goi\u00e2nia no pr\u00f3ximo m\u00eas de agosto, dever\u00e1 ter como foco principal um documento que leve os candidatos \u00e0 Presid\u00eancia do Brasil a assumirem compromisso com a efetiva aten\u00e7\u00e3o \u00e0s crian\u00e7as.<\/p>\n\n\n\n<p><strong>GALERIA DE FOTOS<\/strong>:&nbsp;<a href=\"https:\/\/drive.google.com\/drive\/folders\/1-YwSciq5ZDWzZ3nYII8998xK9tZETnb-?usp=sharing\">https:\/\/drive.google.com\/drive\/folders\/1-YwSciq5ZDWzZ3nYII8998xK9tZETnb-?usp=sharing<\/a><\/p>\n\n\n\n<p><strong>TRANSMISS\u00c3O DO EVENTO<\/strong>:&nbsp;<a href=\"https:\/\/www.youtube.com\/live\/V4qVDtlpWLE?si=_nX6kdQRq7WY7YgS\">https:\/\/www.youtube.com\/live\/V4qVDtlpWLE?si=_nX6kdQRq7WY7YgS<\/a><\/p>\n","protected":false},"excerpt":{"rendered":"<p>O segundo e \u00faltimo dia da I Oficina de Boas Pr\u00e1ticas em Primeira Inf\u00e2ncia dos Tribunais de Contas, realizado nesta [&hellip;]<\/p>\n","protected":false},"author":6,"featured_media":29913,"comment_status":"closed","ping_status":"closed","sticky":false,"template":"","format":"standard","meta":{"site-sidebar-layout":"default","site-content-layout":"","ast-site-content-layout":"","site-content-style":"default","site-sidebar-style":"default","ast-global-header-display":"","ast-banner-title-visibility":"","ast-main-header-display":"","ast-hfb-above-header-display":"","ast-hfb-below-header-display":"","ast-hfb-mobile-header-display":"","site-post-title":"","ast-breadcrumbs-content":"","ast-featured-img":"","footer-sml-layout":"","theme-transparent-header-meta":"","adv-header-id-meta":"","stick-header-meta":"","header-above-stick-meta":"","header-main-stick-meta":"","header-below-stick-meta":"","astra-migrate-meta-layouts":"default","ast-page-background-enabled":"default","ast-page-background-meta":{"desktop":{"background-color":"var(--ast-global-color-5)","background-image":"","background-repeat":"repeat","background-position":"center center","background-size":"auto","background-attachment":"scroll","background-type":"","background-media":"","overlay-type":"","overlay-color":"","overlay-opacity":"","overlay-gradient":""},"tablet":{"background-color":"","background-image":"","background-repeat":"repeat","background-position":"center center","background-size":"auto","background-attachment":"scroll","background-type":"","background-media":"","overlay-type":"","overlay-color":"","overlay-opacity":"","overlay-gradient":""},"mobile":{"background-color":"","background-image":"","background-repeat":"repeat","background-position":"center center","background-size":"auto","background-attachment":"scroll","background-type":"","background-media":"","overlay-type":"","overlay-color":"","overlay-opacity":"","overlay-gradient":""}},"ast-content-background-meta":{"desktop":{"background-color":"var(--ast-global-color-4)","background-image":"","background-repeat":"repeat","background-position":"center center","background-size":"auto","background-attachment":"scroll","background-type":"","background-media":"","overlay-type":"","overlay-color":"","overlay-opacity":"","overlay-gradient":""},"tablet":{"background-color":"var(--ast-global-color-4)","background-image":"","background-repeat":"repeat","background-position":"center center","background-size":"auto","background-attachment":"scroll","background-type":"","background-media":"","overlay-type":"","overlay-color":"","overlay-opacity":"","overlay-gradient":""},"mobile":{"background-color":"var(--ast-global-color-4)","background-image":"","background-repeat":"repeat","background-position":"center center","background-size":"auto","background-attachment":"scroll","background-type":"","background-media":"","overlay-type":"","overlay-color":"","overlay-opacity":"","overlay-gradient":""}},"_jetpack_memberships_contains_paid_content":false,"footnotes":""},"categories":[24,7],"tags":[27,25,31,26],"class_list":["post-29912","post","type-post","status-publish","format-standard","has-post-thumbnail","hentry","category-destaques","category-noticias","tag-pacto-pela-primeira-infancia","tag-primeira-infancia","tag-tce","tag-tce-pb"],"yoast_head":"<!-- This site is optimized with the Yoast SEO plugin v27.5 - https:\/\/yoast.com\/product\/yoast-seo-wordpress\/ -->\n<title>TCE-PB encerra I Oficina de Boas Pr\u00e1ticas com foco em integra\u00e7\u00e3o e resultados para a primeira inf\u00e2ncia %<\/title>\n<meta name=\"description\" content=\"TCE-PB encerra I Oficina de Boas Pr\u00e1ticas com foco em integra\u00e7\u00e3o e resultados para a primeira inf\u00e2ncia %\" \/>\n<meta name=\"robots\" content=\"index, follow, max-snippet:-1, max-image-preview:large, max-video-preview:-1\" \/>\n<link rel=\"canonical\" href=\"https:\/\/tce.pb.gov.br\/portalprimeirainfancia\/tce-pb-encerra-i-oficina-de-boas-praticas-com-foco-em-integracao-e-resultados-para-a-primeira-infancia\/\" \/>\n<meta property=\"og:locale\" content=\"pt_BR\" \/>\n<meta property=\"og:type\" content=\"article\" \/>\n<meta property=\"og:title\" content=\"TCE-PB encerra I Oficina de Boas Pr\u00e1ticas com foco em integra\u00e7\u00e3o e resultados para a primeira inf\u00e2ncia %\" \/>\n<meta property=\"og:description\" content=\"TCE-PB encerra I Oficina de Boas Pr\u00e1ticas com foco em integra\u00e7\u00e3o e resultados para a primeira inf\u00e2ncia %\" \/>\n<meta property=\"og:url\" content=\"https:\/\/tce.pb.gov.br\/portalprimeirainfancia\/tce-pb-encerra-i-oficina-de-boas-praticas-com-foco-em-integracao-e-resultados-para-a-primeira-infancia\/\" \/>\n<meta property=\"og:site_name\" content=\"Pacto Paraibano pela Primeira Inf\u00e2ncia\" \/>\n<meta property=\"article:published_time\" content=\"2026-04-10T17:11:31+00:00\" \/>\n<meta property=\"article:modified_time\" content=\"2026-04-10T17:11:34+00:00\" \/>\n<meta property=\"og:image\" content=\"https:\/\/tce.pb.gov.br\/portalprimeirainfancia\/wp-content\/uploads\/2026\/04\/DSC_1643.jpg\" \/>\n\t<meta property=\"og:image:width\" content=\"2048\" \/>\n\t<meta property=\"og:image:height\" content=\"1291\" \/>\n\t<meta property=\"og:image:type\" content=\"image\/jpeg\" \/>\n<meta name=\"author\" content=\"Rafael Massoni\" \/>\n<meta name=\"twitter:card\" content=\"summary_large_image\" \/>\n<meta name=\"twitter:label1\" content=\"Escrito por\" \/>\n\t<meta name=\"twitter:data1\" content=\"Rafael Massoni\" \/>\n\t<meta name=\"twitter:label2\" content=\"Est. tempo de leitura\" \/>\n\t<meta name=\"twitter:data2\" content=\"5 minutos\" \/>\n<script type=\"application\/ld+json\" class=\"yoast-schema-graph\">{\"@context\":\"https:\\\/\\\/schema.org\",\"@graph\":[{\"@type\":\"NewsArticle\",\"@id\":\"https:\\\/\\\/tce.pb.gov.br\\\/portalprimeirainfancia\\\/tce-pb-encerra-i-oficina-de-boas-praticas-com-foco-em-integracao-e-resultados-para-a-primeira-infancia\\\/#article\",\"isPartOf\":{\"@id\":\"https:\\\/\\\/tce.pb.gov.br\\\/portalprimeirainfancia\\\/tce-pb-encerra-i-oficina-de-boas-praticas-com-foco-em-integracao-e-resultados-para-a-primeira-infancia\\\/\"},\"author\":{\"name\":\"Rafael Massoni\",\"@id\":\"https:\\\/\\\/tce.pb.gov.br\\\/portalprimeirainfancia\\\/#\\\/schema\\\/person\\\/6a39eea5836dda604de1c5e5b7d62141\"},\"headline\":\"TCE-PB encerra I Oficina de Boas Pr\u00e1ticas com foco em integra\u00e7\u00e3o e resultados para a primeira inf\u00e2ncia\",\"datePublished\":\"2026-04-10T17:11:31+00:00\",\"dateModified\":\"2026-04-10T17:11:34+00:00\",\"mainEntityOfPage\":{\"@id\":\"https:\\\/\\\/tce.pb.gov.br\\\/portalprimeirainfancia\\\/tce-pb-encerra-i-oficina-de-boas-praticas-com-foco-em-integracao-e-resultados-para-a-primeira-infancia\\\/\"},\"wordCount\":806,\"publisher\":{\"@id\":\"https:\\\/\\\/tce.pb.gov.br\\\/portalprimeirainfancia\\\/#organization\"},\"image\":{\"@id\":\"https:\\\/\\\/tce.pb.gov.br\\\/portalprimeirainfancia\\\/tce-pb-encerra-i-oficina-de-boas-praticas-com-foco-em-integracao-e-resultados-para-a-primeira-infancia\\\/#primaryimage\"},\"thumbnailUrl\":\"https:\\\/\\\/tce.pb.gov.br\\\/portalprimeirainfancia\\\/wp-content\\\/uploads\\\/2026\\\/04\\\/DSC_1643.jpg\",\"keywords\":[\"pacto pela primeira infancia\",\"primeira infancia\",\"tce\",\"tce-pb\"],\"articleSection\":[\"Destaques\",\"Not\u00edcias\"],\"inLanguage\":\"pt-BR\"},{\"@type\":\"WebPage\",\"@id\":\"https:\\\/\\\/tce.pb.gov.br\\\/portalprimeirainfancia\\\/tce-pb-encerra-i-oficina-de-boas-praticas-com-foco-em-integracao-e-resultados-para-a-primeira-infancia\\\/\",\"url\":\"https:\\\/\\\/tce.pb.gov.br\\\/portalprimeirainfancia\\\/tce-pb-encerra-i-oficina-de-boas-praticas-com-foco-em-integracao-e-resultados-para-a-primeira-infancia\\\/\",\"name\":\"TCE-PB encerra I Oficina de Boas Pr\u00e1ticas com foco em integra\u00e7\u00e3o e resultados para a primeira inf\u00e2ncia %\",\"isPartOf\":{\"@id\":\"https:\\\/\\\/tce.pb.gov.br\\\/portalprimeirainfancia\\\/#website\"},\"primaryImageOfPage\":{\"@id\":\"https:\\\/\\\/tce.pb.gov.br\\\/portalprimeirainfancia\\\/tce-pb-encerra-i-oficina-de-boas-praticas-com-foco-em-integracao-e-resultados-para-a-primeira-infancia\\\/#primaryimage\"},\"image\":{\"@id\":\"https:\\\/\\\/tce.pb.gov.br\\\/portalprimeirainfancia\\\/tce-pb-encerra-i-oficina-de-boas-praticas-com-foco-em-integracao-e-resultados-para-a-primeira-infancia\\\/#primaryimage\"},\"thumbnailUrl\":\"https:\\\/\\\/tce.pb.gov.br\\\/portalprimeirainfancia\\\/wp-content\\\/uploads\\\/2026\\\/04\\\/DSC_1643.jpg\",\"datePublished\":\"2026-04-10T17:11:31+00:00\",\"dateModified\":\"2026-04-10T17:11:34+00:00\",\"description\":\"TCE-PB encerra I Oficina de Boas Pr\u00e1ticas com foco em integra\u00e7\u00e3o e resultados para a primeira inf\u00e2ncia %\",\"breadcrumb\":{\"@id\":\"https:\\\/\\\/tce.pb.gov.br\\\/portalprimeirainfancia\\\/tce-pb-encerra-i-oficina-de-boas-praticas-com-foco-em-integracao-e-resultados-para-a-primeira-infancia\\\/#breadcrumb\"},\"inLanguage\":\"pt-BR\",\"potentialAction\":[{\"@type\":\"ReadAction\",\"target\":[\"https:\\\/\\\/tce.pb.gov.br\\\/portalprimeirainfancia\\\/tce-pb-encerra-i-oficina-de-boas-praticas-com-foco-em-integracao-e-resultados-para-a-primeira-infancia\\\/\"]}]},{\"@type\":\"ImageObject\",\"inLanguage\":\"pt-BR\",\"@id\":\"https:\\\/\\\/tce.pb.gov.br\\\/portalprimeirainfancia\\\/tce-pb-encerra-i-oficina-de-boas-praticas-com-foco-em-integracao-e-resultados-para-a-primeira-infancia\\\/#primaryimage\",\"url\":\"https:\\\/\\\/tce.pb.gov.br\\\/portalprimeirainfancia\\\/wp-content\\\/uploads\\\/2026\\\/04\\\/DSC_1643.jpg\",\"contentUrl\":\"https:\\\/\\\/tce.pb.gov.br\\\/portalprimeirainfancia\\\/wp-content\\\/uploads\\\/2026\\\/04\\\/DSC_1643.jpg\",\"width\":2048,\"height\":1291},{\"@type\":\"BreadcrumbList\",\"@id\":\"https:\\\/\\\/tce.pb.gov.br\\\/portalprimeirainfancia\\\/tce-pb-encerra-i-oficina-de-boas-praticas-com-foco-em-integracao-e-resultados-para-a-primeira-infancia\\\/#breadcrumb\",\"itemListElement\":[{\"@type\":\"ListItem\",\"position\":1,\"name\":\"In\u00edcio\",\"item\":\"https:\\\/\\\/tce.pb.gov.br\\\/portalprimeirainfancia\\\/\"},{\"@type\":\"ListItem\",\"position\":2,\"name\":\"TCE-PB encerra I Oficina de Boas Pr\u00e1ticas com foco em integra\u00e7\u00e3o e resultados para a primeira inf\u00e2ncia\"}]},{\"@type\":\"WebSite\",\"@id\":\"https:\\\/\\\/tce.pb.gov.br\\\/portalprimeirainfancia\\\/#website\",\"url\":\"https:\\\/\\\/tce.pb.gov.br\\\/portalprimeirainfancia\\\/\",\"name\":\"Pacto Paraibano pela Primeira Inf\u00e2ncia\",\"description\":\"Portal para divulga\u00e7\u00e3o do Pacto Paraibano pela Primeira Inf\u00e2ncia\",\"publisher\":{\"@id\":\"https:\\\/\\\/tce.pb.gov.br\\\/portalprimeirainfancia\\\/#organization\"},\"potentialAction\":[{\"@type\":\"SearchAction\",\"target\":{\"@type\":\"EntryPoint\",\"urlTemplate\":\"https:\\\/\\\/tce.pb.gov.br\\\/portalprimeirainfancia\\\/?s={search_term_string}\"},\"query-input\":{\"@type\":\"PropertyValueSpecification\",\"valueRequired\":true,\"valueName\":\"search_term_string\"}}],\"inLanguage\":\"pt-BR\"},{\"@type\":\"Organization\",\"@id\":\"https:\\\/\\\/tce.pb.gov.br\\\/portalprimeirainfancia\\\/#organization\",\"name\":\"Pacto Paraibano pela Primeira Inf\u00e2ncia\",\"alternateName\":\"TCE-PB\",\"url\":\"https:\\\/\\\/tce.pb.gov.br\\\/portalprimeirainfancia\\\/\",\"logo\":{\"@type\":\"ImageObject\",\"inLanguage\":\"pt-BR\",\"@id\":\"https:\\\/\\\/tce.pb.gov.br\\\/portalprimeirainfancia\\\/#\\\/schema\\\/logo\\\/image\\\/\",\"url\":\"https:\\\/\\\/tce.pb.gov.br\\\/portalprimeirainfancia\\\/wp-content\\\/uploads\\\/2025\\\/05\\\/Pacto-Whatsapp.png\",\"contentUrl\":\"https:\\\/\\\/tce.pb.gov.br\\\/portalprimeirainfancia\\\/wp-content\\\/uploads\\\/2025\\\/05\\\/Pacto-Whatsapp.png\",\"width\":427,\"height\":427,\"caption\":\"Pacto Paraibano pela Primeira Inf\u00e2ncia\"},\"image\":{\"@id\":\"https:\\\/\\\/tce.pb.gov.br\\\/portalprimeirainfancia\\\/#\\\/schema\\\/logo\\\/image\\\/\"},\"sameAs\":[\"https:\\\/\\\/www.instagram.com\\\/tcepb\\\/\"]},{\"@type\":\"Person\",\"@id\":\"https:\\\/\\\/tce.pb.gov.br\\\/portalprimeirainfancia\\\/#\\\/schema\\\/person\\\/6a39eea5836dda604de1c5e5b7d62141\",\"name\":\"Rafael Massoni\"}]}<\/script>\n<!-- \/ Yoast SEO plugin. -->","yoast_head_json":{"title":"TCE-PB encerra I Oficina de Boas Pr\u00e1ticas com foco em integra\u00e7\u00e3o e resultados para a primeira inf\u00e2ncia %","description":"TCE-PB encerra I Oficina de Boas Pr\u00e1ticas com foco em integra\u00e7\u00e3o e resultados para a primeira inf\u00e2ncia %","robots":{"index":"index","follow":"follow","max-snippet":"max-snippet:-1","max-image-preview":"max-image-preview:large","max-video-preview":"max-video-preview:-1"},"canonical":"https:\/\/tce.pb.gov.br\/portalprimeirainfancia\/tce-pb-encerra-i-oficina-de-boas-praticas-com-foco-em-integracao-e-resultados-para-a-primeira-infancia\/","og_locale":"pt_BR","og_type":"article","og_title":"TCE-PB encerra I Oficina de Boas Pr\u00e1ticas com foco em integra\u00e7\u00e3o e resultados para a primeira inf\u00e2ncia %","og_description":"TCE-PB encerra I Oficina de Boas Pr\u00e1ticas com foco em integra\u00e7\u00e3o e resultados para a primeira inf\u00e2ncia %","og_url":"https:\/\/tce.pb.gov.br\/portalprimeirainfancia\/tce-pb-encerra-i-oficina-de-boas-praticas-com-foco-em-integracao-e-resultados-para-a-primeira-infancia\/","og_site_name":"Pacto Paraibano pela Primeira Inf\u00e2ncia","article_published_time":"2026-04-10T17:11:31+00:00","article_modified_time":"2026-04-10T17:11:34+00:00","og_image":[{"width":2048,"height":1291,"url":"https:\/\/tce.pb.gov.br\/portalprimeirainfancia\/wp-content\/uploads\/2026\/04\/DSC_1643.jpg","type":"image\/jpeg"}],"author":"Rafael Massoni","twitter_card":"summary_large_image","twitter_misc":{"Escrito por":"Rafael Massoni","Est. tempo de leitura":"5 minutos"},"schema":{"@context":"https:\/\/schema.org","@graph":[{"@type":"NewsArticle","@id":"https:\/\/tce.pb.gov.br\/portalprimeirainfancia\/tce-pb-encerra-i-oficina-de-boas-praticas-com-foco-em-integracao-e-resultados-para-a-primeira-infancia\/#article","isPartOf":{"@id":"https:\/\/tce.pb.gov.br\/portalprimeirainfancia\/tce-pb-encerra-i-oficina-de-boas-praticas-com-foco-em-integracao-e-resultados-para-a-primeira-infancia\/"},"author":{"name":"Rafael Massoni","@id":"https:\/\/tce.pb.gov.br\/portalprimeirainfancia\/#\/schema\/person\/6a39eea5836dda604de1c5e5b7d62141"},"headline":"TCE-PB encerra I Oficina de Boas Pr\u00e1ticas com foco em integra\u00e7\u00e3o e resultados para a primeira inf\u00e2ncia","datePublished":"2026-04-10T17:11:31+00:00","dateModified":"2026-04-10T17:11:34+00:00","mainEntityOfPage":{"@id":"https:\/\/tce.pb.gov.br\/portalprimeirainfancia\/tce-pb-encerra-i-oficina-de-boas-praticas-com-foco-em-integracao-e-resultados-para-a-primeira-infancia\/"},"wordCount":806,"publisher":{"@id":"https:\/\/tce.pb.gov.br\/portalprimeirainfancia\/#organization"},"image":{"@id":"https:\/\/tce.pb.gov.br\/portalprimeirainfancia\/tce-pb-encerra-i-oficina-de-boas-praticas-com-foco-em-integracao-e-resultados-para-a-primeira-infancia\/#primaryimage"},"thumbnailUrl":"https:\/\/tce.pb.gov.br\/portalprimeirainfancia\/wp-content\/uploads\/2026\/04\/DSC_1643.jpg","keywords":["pacto pela primeira infancia","primeira infancia","tce","tce-pb"],"articleSection":["Destaques","Not\u00edcias"],"inLanguage":"pt-BR"},{"@type":"WebPage","@id":"https:\/\/tce.pb.gov.br\/portalprimeirainfancia\/tce-pb-encerra-i-oficina-de-boas-praticas-com-foco-em-integracao-e-resultados-para-a-primeira-infancia\/","url":"https:\/\/tce.pb.gov.br\/portalprimeirainfancia\/tce-pb-encerra-i-oficina-de-boas-praticas-com-foco-em-integracao-e-resultados-para-a-primeira-infancia\/","name":"TCE-PB encerra I Oficina de Boas Pr\u00e1ticas com foco em integra\u00e7\u00e3o e resultados para a primeira inf\u00e2ncia %","isPartOf":{"@id":"https:\/\/tce.pb.gov.br\/portalprimeirainfancia\/#website"},"primaryImageOfPage":{"@id":"https:\/\/tce.pb.gov.br\/portalprimeirainfancia\/tce-pb-encerra-i-oficina-de-boas-praticas-com-foco-em-integracao-e-resultados-para-a-primeira-infancia\/#primaryimage"},"image":{"@id":"https:\/\/tce.pb.gov.br\/portalprimeirainfancia\/tce-pb-encerra-i-oficina-de-boas-praticas-com-foco-em-integracao-e-resultados-para-a-primeira-infancia\/#primaryimage"},"thumbnailUrl":"https:\/\/tce.pb.gov.br\/portalprimeirainfancia\/wp-content\/uploads\/2026\/04\/DSC_1643.jpg","datePublished":"2026-04-10T17:11:31+00:00","dateModified":"2026-04-10T17:11:34+00:00","description":"TCE-PB encerra I Oficina de Boas Pr\u00e1ticas com foco em integra\u00e7\u00e3o e resultados para a primeira inf\u00e2ncia %","breadcrumb":{"@id":"https:\/\/tce.pb.gov.br\/portalprimeirainfancia\/tce-pb-encerra-i-oficina-de-boas-praticas-com-foco-em-integracao-e-resultados-para-a-primeira-infancia\/#breadcrumb"},"inLanguage":"pt-BR","potentialAction":[{"@type":"ReadAction","target":["https:\/\/tce.pb.gov.br\/portalprimeirainfancia\/tce-pb-encerra-i-oficina-de-boas-praticas-com-foco-em-integracao-e-resultados-para-a-primeira-infancia\/"]}]},{"@type":"ImageObject","inLanguage":"pt-BR","@id":"https:\/\/tce.pb.gov.br\/portalprimeirainfancia\/tce-pb-encerra-i-oficina-de-boas-praticas-com-foco-em-integracao-e-resultados-para-a-primeira-infancia\/#primaryimage","url":"https:\/\/tce.pb.gov.br\/portalprimeirainfancia\/wp-content\/uploads\/2026\/04\/DSC_1643.jpg","contentUrl":"https:\/\/tce.pb.gov.br\/portalprimeirainfancia\/wp-content\/uploads\/2026\/04\/DSC_1643.jpg","width":2048,"height":1291},{"@type":"BreadcrumbList","@id":"https:\/\/tce.pb.gov.br\/portalprimeirainfancia\/tce-pb-encerra-i-oficina-de-boas-praticas-com-foco-em-integracao-e-resultados-para-a-primeira-infancia\/#breadcrumb","itemListElement":[{"@type":"ListItem","position":1,"name":"In\u00edcio","item":"https:\/\/tce.pb.gov.br\/portalprimeirainfancia\/"},{"@type":"ListItem","position":2,"name":"TCE-PB encerra I Oficina de Boas Pr\u00e1ticas com foco em integra\u00e7\u00e3o e resultados para a primeira inf\u00e2ncia"}]},{"@type":"WebSite","@id":"https:\/\/tce.pb.gov.br\/portalprimeirainfancia\/#website","url":"https:\/\/tce.pb.gov.br\/portalprimeirainfancia\/","name":"Pacto Paraibano pela Primeira Inf\u00e2ncia","description":"Portal para divulga\u00e7\u00e3o do Pacto Paraibano pela Primeira Inf\u00e2ncia","publisher":{"@id":"https:\/\/tce.pb.gov.br\/portalprimeirainfancia\/#organization"},"potentialAction":[{"@type":"SearchAction","target":{"@type":"EntryPoint","urlTemplate":"https:\/\/tce.pb.gov.br\/portalprimeirainfancia\/?s={search_term_string}"},"query-input":{"@type":"PropertyValueSpecification","valueRequired":true,"valueName":"search_term_string"}}],"inLanguage":"pt-BR"},{"@type":"Organization","@id":"https:\/\/tce.pb.gov.br\/portalprimeirainfancia\/#organization","name":"Pacto Paraibano pela Primeira Inf\u00e2ncia","alternateName":"TCE-PB","url":"https:\/\/tce.pb.gov.br\/portalprimeirainfancia\/","logo":{"@type":"ImageObject","inLanguage":"pt-BR","@id":"https:\/\/tce.pb.gov.br\/portalprimeirainfancia\/#\/schema\/logo\/image\/","url":"https:\/\/tce.pb.gov.br\/portalprimeirainfancia\/wp-content\/uploads\/2025\/05\/Pacto-Whatsapp.png","contentUrl":"https:\/\/tce.pb.gov.br\/portalprimeirainfancia\/wp-content\/uploads\/2025\/05\/Pacto-Whatsapp.png","width":427,"height":427,"caption":"Pacto Paraibano pela Primeira Inf\u00e2ncia"},"image":{"@id":"https:\/\/tce.pb.gov.br\/portalprimeirainfancia\/#\/schema\/logo\/image\/"},"sameAs":["https:\/\/www.instagram.com\/tcepb\/"]},{"@type":"Person","@id":"https:\/\/tce.pb.gov.br\/portalprimeirainfancia\/#\/schema\/person\/6a39eea5836dda604de1c5e5b7d62141","name":"Rafael Massoni"}]}},"jetpack_featured_media_url":"https:\/\/tce.pb.gov.br\/portalprimeirainfancia\/wp-content\/uploads\/2026\/04\/DSC_1643.jpg","jetpack_sharing_enabled":true,"_links":{"self":[{"href":"https:\/\/tce.pb.gov.br\/portalprimeirainfancia\/wp-json\/wp\/v2\/posts\/29912","targetHints":{"allow":["GET"]}}],"collection":[{"href":"https:\/\/tce.pb.gov.br\/portalprimeirainfancia\/wp-json\/wp\/v2\/posts"}],"about":[{"href":"https:\/\/tce.pb.gov.br\/portalprimeirainfancia\/wp-json\/wp\/v2\/types\/post"}],"author":[{"embeddable":true,"href":"https:\/\/tce.pb.gov.br\/portalprimeirainfancia\/wp-json\/wp\/v2\/users\/6"}],"replies":[{"embeddable":true,"href":"https:\/\/tce.pb.gov.br\/portalprimeirainfancia\/wp-json\/wp\/v2\/comments?post=29912"}],"version-history":[{"count":1,"href":"https:\/\/tce.pb.gov.br\/portalprimeirainfancia\/wp-json\/wp\/v2\/posts\/29912\/revisions"}],"predecessor-version":[{"id":29914,"href":"https:\/\/tce.pb.gov.br\/portalprimeirainfancia\/wp-json\/wp\/v2\/posts\/29912\/revisions\/29914"}],"wp:featuredmedia":[{"embeddable":true,"href":"https:\/\/tce.pb.gov.br\/portalprimeirainfancia\/wp-json\/wp\/v2\/media\/29913"}],"wp:attachment":[{"href":"https:\/\/tce.pb.gov.br\/portalprimeirainfancia\/wp-json\/wp\/v2\/media?parent=29912"}],"wp:term":[{"taxonomy":"category","embeddable":true,"href":"https:\/\/tce.pb.gov.br\/portalprimeirainfancia\/wp-json\/wp\/v2\/categories?post=29912"},{"taxonomy":"post_tag","embeddable":true,"href":"https:\/\/tce.pb.gov.br\/portalprimeirainfancia\/wp-json\/wp\/v2\/tags?post=29912"}],"curies":[{"name":"wp","href":"https:\/\/api.w.org\/{rel}","templated":true}]}}