{"id":29904,"date":"2026-04-10T11:40:38","date_gmt":"2026-04-10T14:40:38","guid":{"rendered":"https:\/\/tce.pb.gov.br\/portalprimeirainfancia\/?p=29904"},"modified":"2026-04-10T11:40:40","modified_gmt":"2026-04-10T14:40:40","slug":"tce-pb-reune-25-tribunais-de-contas-e-promove-1a-oficina-nacional-de-boas-praticas-em-primeira-infancia","status":"publish","type":"post","link":"https:\/\/tce.pb.gov.br\/portalprimeirainfancia\/tce-pb-reune-25-tribunais-de-contas-e-promove-1a-oficina-nacional-de-boas-praticas-em-primeira-infancia\/","title":{"rendered":"TCE-PB re\u00fane 25 Tribunais de Contas e promove 1\u00aa Oficina Nacional de Boas Pr\u00e1ticas em Primeira Inf\u00e2ncia"},"content":{"rendered":"\n<figure class=\"wp-block-image aligncenter size-large\"><img fetchpriority=\"high\" decoding=\"async\" width=\"1024\" height=\"683\" src=\"https:\/\/tce.pb.gov.br\/portalprimeirainfancia\/wp-content\/uploads\/2026\/04\/MG_8372-1024x683.jpg\" alt=\"\" class=\"wp-image-29905\" srcset=\"https:\/\/tce.pb.gov.br\/portalprimeirainfancia\/wp-content\/uploads\/2026\/04\/MG_8372-1024x683.jpg 1024w, https:\/\/tce.pb.gov.br\/portalprimeirainfancia\/wp-content\/uploads\/2026\/04\/MG_8372-300x200.jpg 300w, https:\/\/tce.pb.gov.br\/portalprimeirainfancia\/wp-content\/uploads\/2026\/04\/MG_8372-768x512.jpg 768w, https:\/\/tce.pb.gov.br\/portalprimeirainfancia\/wp-content\/uploads\/2026\/04\/MG_8372-1536x1024.jpg 1536w, https:\/\/tce.pb.gov.br\/portalprimeirainfancia\/wp-content\/uploads\/2026\/04\/MG_8372.jpg 2048w\" sizes=\"(max-width: 1024px) 100vw, 1024px\" \/><\/figure>\n\n\n\n<p>Com a participa\u00e7\u00e3o de representantes de 25 Tribunais de Contas de todo o pa\u00eds, o Tribunal de Contas do Estado da Para\u00edba (TCE-PB) iniciou, nesta quinta-feira (9), a 1\u00aa Oficina de Boas Pr\u00e1ticas em Primeira Inf\u00e2ncia. O evento, que segue at\u00e9 sexta-feira (10), acontece na sede da Corte, em Jo\u00e3o Pessoa, e re\u00fane ainda integrantes do Instituto Rui Barbosa (IRB) e do Comit\u00ea T\u00e9cnico da Primeira Inf\u00e2ncia.<\/p>\n\n\n\n<p>A iniciativa tem como objetivo fortalecer a formula\u00e7\u00e3o, o monitoramento e a avalia\u00e7\u00e3o de pol\u00edticas p\u00fablicas voltadas \u00e0s crian\u00e7as de 0 a 6 anos, promovendo a troca de experi\u00eancias exitosas entre os \u00f3rg\u00e3os de controle externo.<\/p>\n\n\n\n<figure class=\"wp-block-image aligncenter size-large\"><img decoding=\"async\" width=\"1024\" height=\"683\" src=\"https:\/\/tce.pb.gov.br\/portalprimeirainfancia\/wp-content\/uploads\/2026\/04\/MG_8325-1024x683.jpg\" alt=\"\" class=\"wp-image-29906\" srcset=\"https:\/\/tce.pb.gov.br\/portalprimeirainfancia\/wp-content\/uploads\/2026\/04\/MG_8325-1024x683.jpg 1024w, https:\/\/tce.pb.gov.br\/portalprimeirainfancia\/wp-content\/uploads\/2026\/04\/MG_8325-300x200.jpg 300w, https:\/\/tce.pb.gov.br\/portalprimeirainfancia\/wp-content\/uploads\/2026\/04\/MG_8325-768x512.jpg 768w, https:\/\/tce.pb.gov.br\/portalprimeirainfancia\/wp-content\/uploads\/2026\/04\/MG_8325-1536x1024.jpg 1536w, https:\/\/tce.pb.gov.br\/portalprimeirainfancia\/wp-content\/uploads\/2026\/04\/MG_8325.jpg 2048w\" sizes=\"(max-width: 1024px) 100vw, 1024px\" \/><\/figure>\n\n\n\n<p>Durante a solenidade de abertura, o presidente do TCE-PB, conselheiro F\u00e1bio Nogueira, destacou o papel estrat\u00e9gico dos Tribunais de Contas na indu\u00e7\u00e3o de pol\u00edticas p\u00fablicas eficazes, especialmente aquelas voltadas \u00e0 popula\u00e7\u00e3o mais vulner\u00e1vel.<\/p>\n\n\n\n<p>\u201cMais do que analisar n\u00fameros, precisamos avaliar resultados. \u00c9 essencial verificar se os recursos p\u00fablicos est\u00e3o, de fato, chegando a quem mais precisa e promovendo transforma\u00e7\u00f5es concretas na sociedade\u201d, afirmou.<\/p>\n\n\n\n<p>O presidente tamb\u00e9m ressaltou a import\u00e2ncia da atua\u00e7\u00e3o integrada entre diferentes \u00e1reas da gest\u00e3o p\u00fablica. Segundo ele, as pol\u00edticas voltadas \u00e0 primeira inf\u00e2ncia exigem articula\u00e7\u00e3o entre setores como educa\u00e7\u00e3o, sa\u00fade e assist\u00eancia social, al\u00e9m do engajamento de institui\u00e7\u00f5es p\u00fablicas e privadas.<\/p>\n\n\n\n<p>F\u00e1bio Nogueira enfatizou ainda a evolu\u00e7\u00e3o do papel dos Tribunais de Contas no Brasil, que t\u00eam avan\u00e7ado para al\u00e9m da an\u00e1lise formal da legalidade das contas p\u00fablicas. \u201cHoje, os Tribunais atuam como verdadeiros avalistas das pol\u00edticas p\u00fablicas, acompanhando sua efetividade em \u00e1reas essenciais como sa\u00fade, educa\u00e7\u00e3o, seguran\u00e7a e meio ambiente\u201d, pontuou.<\/p>\n\n\n\n<p>O presidente tamb\u00e9m mencionou o reconhecimento institucional do sistema de controle externo, citando a recente aprova\u00e7\u00e3o, na C\u00e2mara dos Deputados, da proposta que trata da essencialidade dos tribunais de contas. Segundo ele, a medida refor\u00e7a a relev\u00e2ncia dessas institui\u00e7\u00f5es para o funcionamento do Estado brasileiro.<\/p>\n\n\n\n<p>Ao declarar oficialmente aberta a oficina, o presidente destacou o protagonismo do TCE-PB no cen\u00e1rio nacional. \u201cEsperamos que as experi\u00eancias desenvolvidas na Para\u00edba possam contribuir com outras iniciativas em todo o pa\u00eds. Essa \u00e9 a voca\u00e7\u00e3o do nosso Tribunal: inovar e estar na vanguarda\u201d, concluiu.<\/p>\n\n\n\n<p>A mesa de abertura contou com a presen\u00e7a do presidente do Comit\u00ea T\u00e9cnico da Primeira Inf\u00e2ncia do IRB e coordenador da \u00e1rea na Atricon, conselheiro Edson Ferrari (TCE-GO); da conselheira do Tribunal de Contas da Bahia, Carolina Matos; do conselheiro do Tribunal de Contas do Par\u00e1, Luis Cunha; do conselheiro substituto do Tribunal de Contas do Mato Grosso do Sul, C\u00e9lio Lima de Oliveira; e da conselheira substituta do Tribunal de Contas dos Munic\u00edpios do Par\u00e1, M\u00e1rcia Tereza Assis Costa.<\/p>\n\n\n\n<figure class=\"wp-block-image aligncenter size-large\"><img decoding=\"async\" width=\"1024\" height=\"713\" src=\"https:\/\/tce.pb.gov.br\/portalprimeirainfancia\/wp-content\/uploads\/2026\/04\/MG_8341-1024x713.jpg\" alt=\"\" class=\"wp-image-29907\" srcset=\"https:\/\/tce.pb.gov.br\/portalprimeirainfancia\/wp-content\/uploads\/2026\/04\/MG_8341-1024x713.jpg 1024w, https:\/\/tce.pb.gov.br\/portalprimeirainfancia\/wp-content\/uploads\/2026\/04\/MG_8341-300x209.jpg 300w, https:\/\/tce.pb.gov.br\/portalprimeirainfancia\/wp-content\/uploads\/2026\/04\/MG_8341-768x534.jpg 768w, https:\/\/tce.pb.gov.br\/portalprimeirainfancia\/wp-content\/uploads\/2026\/04\/MG_8341-1536x1069.jpg 1536w, https:\/\/tce.pb.gov.br\/portalprimeirainfancia\/wp-content\/uploads\/2026\/04\/MG_8341.jpg 2048w\" sizes=\"(max-width: 1024px) 100vw, 1024px\" \/><\/figure>\n\n\n\n<p><strong>Avan\u00e7o nos investimentos \u2013&nbsp;<\/strong>Durante a abertura, o vice-presidente do TCE-PB, conselheiro Andr\u00e9 Carlo Torres Pontes, coordenador da Comiss\u00e3o da Primeira Inf\u00e2ncia, destacou o crescimento expressivo dos investimentos destinados \u00e0 primeira inf\u00e2ncia na Para\u00edba, resultado do trabalho de orienta\u00e7\u00e3o t\u00e9cnica realizado pelo Tribunal junto aos munic\u00edpios.<\/p>\n\n\n\n<p>\u201cAprendemos com boas pr\u00e1ticas que o lugar da crian\u00e7a \u00e9 no or\u00e7amento. Orientamos os 223 munic\u00edpios e o Governo do Estado a inclu\u00edrem a primeira inf\u00e2ncia em instrumentos como a LDO, a LOA e o PPA\u201d, explicou.<\/p>\n\n\n\n<p>De acordo com ele, os recursos previstos para a \u00e1rea saltaram de R$ 30 milh\u00f5es em 2025 para R$ 366,9 milh\u00f5es em 2026. Al\u00e9m do incremento financeiro, o conselheiro ressaltou a atua\u00e7\u00e3o pedag\u00f3gica e fiscalizat\u00f3ria do TCE-PB, incluindo a realiza\u00e7\u00e3o de auditoria operacional que resultou em 55 recomenda\u00e7\u00f5es aos gestores p\u00fablicos. \u201cJ\u00e1 recebemos mais de 100 planos de a\u00e7\u00e3o e avan\u00e7aremos na avalia\u00e7\u00e3o da execu\u00e7\u00e3o desses recursos, garantindo que saiam do planejamento e se traduzam em benef\u00edcios reais para as crian\u00e7as\u201d, acrescentou.<\/p>\n\n\n\n<figure class=\"wp-block-image aligncenter size-large\"><img loading=\"lazy\" decoding=\"async\" width=\"1024\" height=\"683\" src=\"https:\/\/tce.pb.gov.br\/portalprimeirainfancia\/wp-content\/uploads\/2026\/04\/MG_8382-1024x683.jpg\" alt=\"\" class=\"wp-image-29908\" srcset=\"https:\/\/tce.pb.gov.br\/portalprimeirainfancia\/wp-content\/uploads\/2026\/04\/MG_8382-1024x683.jpg 1024w, https:\/\/tce.pb.gov.br\/portalprimeirainfancia\/wp-content\/uploads\/2026\/04\/MG_8382-300x200.jpg 300w, https:\/\/tce.pb.gov.br\/portalprimeirainfancia\/wp-content\/uploads\/2026\/04\/MG_8382-768x512.jpg 768w, https:\/\/tce.pb.gov.br\/portalprimeirainfancia\/wp-content\/uploads\/2026\/04\/MG_8382-1536x1024.jpg 1536w, https:\/\/tce.pb.gov.br\/portalprimeirainfancia\/wp-content\/uploads\/2026\/04\/MG_8382.jpg 2048w\" sizes=\"(max-width: 1024px) 100vw, 1024px\" \/><\/figure>\n\n\n\n<p><strong>Integra\u00e7\u00e3o e boas pr\u00e1ticas \u2013&nbsp;<\/strong>O presidente do Comit\u00ea T\u00e9cnico da Primeira Inf\u00e2ncia do IRB, conselheiro Edson Ferrari, destacou a import\u00e2ncia da atua\u00e7\u00e3o conjunta entre os Tribunais de Contas e seus corpos t\u00e9cnicos para o fortalecimento das pol\u00edticas p\u00fablicas.<\/p>\n\n\n\n<p>\u201cOs resultados alcan\u00e7ados s\u00e3o fruto de um esfor\u00e7o coletivo. O papel dos t\u00e9cnicos e da auditoria \u00e9 essencial para transformar ideias em a\u00e7\u00f5es concretas\u201d, afirmou. Ele tamb\u00e9m ressaltou a relev\u00e2ncia das auditorias operacionais na constru\u00e7\u00e3o de diagn\u00f3sticos e na identifica\u00e7\u00e3o de solu\u00e7\u00f5es, como a necessidade de fortalecimento de visitas domiciliares e da integra\u00e7\u00e3o entre pol\u00edticas de sa\u00fade e assist\u00eancia social.<\/p>\n\n\n\n<p><strong>Programa\u00e7\u00e3o t\u00e9cnica-&nbsp;<\/strong>A programa\u00e7\u00e3o da oficina inclui palestras, pain\u00e9is e apresenta\u00e7\u00f5es de experi\u00eancias exitosas, com foco em financiamento, monitoramento e auditorias operacionais. Entre os temas abordados est\u00e3o o uso de indicadores para avalia\u00e7\u00e3o de pol\u00edticas p\u00fablicas, a exemplo do Indicador Prisma, e estrat\u00e9gias para promo\u00e7\u00e3o da equidade no acesso \u00e0 educa\u00e7\u00e3o infantil.<\/p>\n\n\n\n<figure class=\"wp-block-image aligncenter size-large\"><img loading=\"lazy\" decoding=\"async\" width=\"1024\" height=\"683\" src=\"https:\/\/tce.pb.gov.br\/portalprimeirainfancia\/wp-content\/uploads\/2026\/04\/MG_8498-1024x683.jpg\" alt=\"\" class=\"wp-image-29909\" srcset=\"https:\/\/tce.pb.gov.br\/portalprimeirainfancia\/wp-content\/uploads\/2026\/04\/MG_8498-1024x683.jpg 1024w, https:\/\/tce.pb.gov.br\/portalprimeirainfancia\/wp-content\/uploads\/2026\/04\/MG_8498-300x200.jpg 300w, https:\/\/tce.pb.gov.br\/portalprimeirainfancia\/wp-content\/uploads\/2026\/04\/MG_8498-768x512.jpg 768w, https:\/\/tce.pb.gov.br\/portalprimeirainfancia\/wp-content\/uploads\/2026\/04\/MG_8498-1536x1024.jpg 1536w, https:\/\/tce.pb.gov.br\/portalprimeirainfancia\/wp-content\/uploads\/2026\/04\/MG_8498.jpg 2048w\" sizes=\"(max-width: 1024px) 100vw, 1024px\" \/><\/figure>\n\n\n\n<p>A primeira palestra tratou da \u201cSitua\u00e7\u00e3o da Primeira Inf\u00e2ncia no Brasil, atividades dos Tribunais de Contas e programa\u00e7\u00e3o da oficina\u201d, ministrada por Halim Ant\u00f4nio Girade.<\/p>\n\n\n\n<p>Na sexta-feira (10), os debates ter\u00e3o continuidade com a participa\u00e7\u00e3o de representantes de Tribunais de Contas de diferentes regi\u00f5es do pa\u00eds e de \u00f3rg\u00e3os governamentais. Entre os destaques est\u00e3o discuss\u00f5es sobre a vis\u00e3o sist\u00eamica da primeira inf\u00e2ncia no controle externo, a elabora\u00e7\u00e3o de notas recomendat\u00f3rias e experi\u00eancias exitosas que t\u00eam gerado resultados concretos.<\/p>\n\n\n\n<p>Ao final de cada dia, ser\u00e3o realizadas avalia\u00e7\u00f5es das a\u00e7\u00f5es apresentadas, com o objetivo de consolidar aprendizados, identificar desafios e aprimorar as estrat\u00e9gias de atua\u00e7\u00e3o dos Tribunais de Contas na fiscaliza\u00e7\u00e3o e indu\u00e7\u00e3o de pol\u00edticas p\u00fablicas mais eficazes para a primeira inf\u00e2ncia.<strong><\/strong><\/p>\n\n\n\n<p>A abertura do evento foi marcada por uma apresenta\u00e7\u00e3o de bal\u00e9 das alunas da Escola Municipal de Artes Geraldo Felipe Porto, do munic\u00edpio de Pocinhos, que encantou o p\u00fablico e conferiu um tom de sensibilidade e beleza \u00e0 cerim\u00f4nia.<\/p>\n\n\n\n<p>GALERIA DE FOTOS:&nbsp;<a href=\"https:\/\/drive.google.com\/drive\/folders\/1-YwSciq5ZDWzZ3nYII8998xK9tZETnb-?usp=sharing\">https:\/\/drive.google.com\/drive\/folders\/1-YwSciq5ZDWzZ3nYII8998xK9tZETnb-?usp=sharing<\/a><\/p>\n\n\n\n<p>Transmiss\u00e3o do evento:&nbsp;<a href=\"https:\/\/www.youtube.com\/live\/BVzaquTq2v4?si=jIheHpoUtgK8g81r\">https:\/\/www.youtube.com\/live\/BVzaquTq2v4?si=jIheHpoUtgK8g81r<\/a><\/p>\n\n\n\n<p class=\"has-text-align-center\"><strong>Programa\u00e7\u00e3o:<\/strong><\/p>\n\n\n\n<figure class=\"wp-block-image aligncenter size-full\"><img loading=\"lazy\" decoding=\"async\" width=\"1024\" height=\"624\" src=\"https:\/\/tce.pb.gov.br\/portalprimeirainfancia\/wp-content\/uploads\/2026\/04\/image-1.png\" alt=\"\" class=\"wp-image-29897\" srcset=\"https:\/\/tce.pb.gov.br\/portalprimeirainfancia\/wp-content\/uploads\/2026\/04\/image-1.png 1024w, https:\/\/tce.pb.gov.br\/portalprimeirainfancia\/wp-content\/uploads\/2026\/04\/image-1-300x183.png 300w, https:\/\/tce.pb.gov.br\/portalprimeirainfancia\/wp-content\/uploads\/2026\/04\/image-1-768x468.png 768w\" sizes=\"(max-width: 1024px) 100vw, 1024px\" \/><\/figure>\n\n\n\n<p class=\"has-text-align-right\">Ascom \/ TCE-PB<\/p>\n\n\n\n<p class=\"has-text-align-right\">F\u00e1bia Carolino<\/p>\n","protected":false},"excerpt":{"rendered":"<p>Com a participa\u00e7\u00e3o de representantes de 25 Tribunais de Contas de todo o pa\u00eds, o Tribunal de Contas do Estado [&hellip;]<\/p>\n","protected":false},"author":6,"featured_media":29905,"comment_status":"closed","ping_status":"closed","sticky":false,"template":"","format":"standard","meta":{"site-sidebar-layout":"default","site-content-layout":"","ast-site-content-layout":"","site-content-style":"default","site-sidebar-style":"default","ast-global-header-display":"","ast-banner-title-visibility":"","ast-main-header-display":"","ast-hfb-above-header-display":"","ast-hfb-below-header-display":"","ast-hfb-mobile-header-display":"","site-post-title":"","ast-breadcrumbs-content":"","ast-featured-img":"","footer-sml-layout":"","theme-transparent-header-meta":"","adv-header-id-meta":"","stick-header-meta":"","header-above-stick-meta":"","header-main-stick-meta":"","header-below-stick-meta":"","astra-migrate-meta-layouts":"default","ast-page-background-enabled":"default","ast-page-background-meta":{"desktop":{"background-color":"var(--ast-global-color-5)","background-image":"","background-repeat":"repeat","background-position":"center center","background-size":"auto","background-attachment":"scroll","background-type":"","background-media":"","overlay-type":"","overlay-color":"","overlay-opacity":"","overlay-gradient":""},"tablet":{"background-color":"","background-image":"","background-repeat":"repeat","background-position":"center center","background-size":"auto","background-attachment":"scroll","background-type":"","background-media":"","overlay-type":"","overlay-color":"","overlay-opacity":"","overlay-gradient":""},"mobile":{"background-color":"","background-image":"","background-repeat":"repeat","background-position":"center center","background-size":"auto","background-attachment":"scroll","background-type":"","background-media":"","overlay-type":"","overlay-color":"","overlay-opacity":"","overlay-gradient":""}},"ast-content-background-meta":{"desktop":{"background-color":"var(--ast-global-color-4)","background-image":"","background-repeat":"repeat","background-position":"center center","background-size":"auto","background-attachment":"scroll","background-type":"","background-media":"","overlay-type":"","overlay-color":"","overlay-opacity":"","overlay-gradient":""},"tablet":{"background-color":"var(--ast-global-color-4)","background-image":"","background-repeat":"repeat","background-position":"center center","background-size":"auto","background-attachment":"scroll","background-type":"","background-media":"","overlay-type":"","overlay-color":"","overlay-opacity":"","overlay-gradient":""},"mobile":{"background-color":"var(--ast-global-color-4)","background-image":"","background-repeat":"repeat","background-position":"center center","background-size":"auto","background-attachment":"scroll","background-type":"","background-media":"","overlay-type":"","overlay-color":"","overlay-opacity":"","overlay-gradient":""}},"_jetpack_memberships_contains_paid_content":false,"footnotes":""},"categories":[24,7],"tags":[27,25,31,26],"class_list":["post-29904","post","type-post","status-publish","format-standard","has-post-thumbnail","hentry","category-destaques","category-noticias","tag-pacto-pela-primeira-infancia","tag-primeira-infancia","tag-tce","tag-tce-pb"],"yoast_head":"<!-- This site is optimized with the Yoast SEO plugin v27.5 - https:\/\/yoast.com\/product\/yoast-seo-wordpress\/ -->\n<title>TCE-PB re\u00fane 25 Tribunais de Contas e promove 1\u00aa Oficina Nacional de Boas Pr\u00e1ticas em Primeira Inf\u00e2ncia %<\/title>\n<meta name=\"description\" content=\"TCE-PB re\u00fane 25 Tribunais de Contas e promove 1\u00aa Oficina Nacional de Boas Pr\u00e1ticas em Primeira Inf\u00e2ncia %\" \/>\n<meta name=\"robots\" content=\"index, follow, max-snippet:-1, max-image-preview:large, max-video-preview:-1\" \/>\n<link rel=\"canonical\" href=\"https:\/\/tce.pb.gov.br\/portalprimeirainfancia\/tce-pb-reune-25-tribunais-de-contas-e-promove-1a-oficina-nacional-de-boas-praticas-em-primeira-infancia\/\" \/>\n<meta property=\"og:locale\" content=\"pt_BR\" \/>\n<meta property=\"og:type\" content=\"article\" \/>\n<meta property=\"og:title\" content=\"TCE-PB re\u00fane 25 Tribunais de Contas e promove 1\u00aa Oficina Nacional de Boas Pr\u00e1ticas em Primeira Inf\u00e2ncia %\" \/>\n<meta property=\"og:description\" content=\"TCE-PB re\u00fane 25 Tribunais de Contas e promove 1\u00aa Oficina Nacional de Boas Pr\u00e1ticas em Primeira Inf\u00e2ncia %\" \/>\n<meta property=\"og:url\" content=\"https:\/\/tce.pb.gov.br\/portalprimeirainfancia\/tce-pb-reune-25-tribunais-de-contas-e-promove-1a-oficina-nacional-de-boas-praticas-em-primeira-infancia\/\" \/>\n<meta property=\"og:site_name\" content=\"Pacto Paraibano pela Primeira Inf\u00e2ncia\" \/>\n<meta property=\"article:published_time\" content=\"2026-04-10T14:40:38+00:00\" \/>\n<meta property=\"article:modified_time\" content=\"2026-04-10T14:40:40+00:00\" \/>\n<meta property=\"og:image\" content=\"https:\/\/tce.pb.gov.br\/portalprimeirainfancia\/wp-content\/uploads\/2026\/04\/MG_8372.jpg\" \/>\n\t<meta property=\"og:image:width\" content=\"2048\" \/>\n\t<meta property=\"og:image:height\" content=\"1365\" \/>\n\t<meta property=\"og:image:type\" content=\"image\/jpeg\" \/>\n<meta name=\"author\" content=\"Rafael Massoni\" \/>\n<meta name=\"twitter:card\" content=\"summary_large_image\" \/>\n<meta name=\"twitter:label1\" content=\"Escrito por\" \/>\n\t<meta name=\"twitter:data1\" content=\"Rafael Massoni\" \/>\n\t<meta name=\"twitter:label2\" content=\"Est. tempo de leitura\" \/>\n\t<meta name=\"twitter:data2\" content=\"7 minutos\" \/>\n<script type=\"application\/ld+json\" class=\"yoast-schema-graph\">{\"@context\":\"https:\\\/\\\/schema.org\",\"@graph\":[{\"@type\":\"NewsArticle\",\"@id\":\"https:\\\/\\\/tce.pb.gov.br\\\/portalprimeirainfancia\\\/tce-pb-reune-25-tribunais-de-contas-e-promove-1a-oficina-nacional-de-boas-praticas-em-primeira-infancia\\\/#article\",\"isPartOf\":{\"@id\":\"https:\\\/\\\/tce.pb.gov.br\\\/portalprimeirainfancia\\\/tce-pb-reune-25-tribunais-de-contas-e-promove-1a-oficina-nacional-de-boas-praticas-em-primeira-infancia\\\/\"},\"author\":{\"name\":\"Rafael Massoni\",\"@id\":\"https:\\\/\\\/tce.pb.gov.br\\\/portalprimeirainfancia\\\/#\\\/schema\\\/person\\\/6a39eea5836dda604de1c5e5b7d62141\"},\"headline\":\"TCE-PB re\u00fane 25 Tribunais de Contas e promove 1\u00aa Oficina Nacional de Boas Pr\u00e1ticas em Primeira Inf\u00e2ncia\",\"datePublished\":\"2026-04-10T14:40:38+00:00\",\"dateModified\":\"2026-04-10T14:40:40+00:00\",\"mainEntityOfPage\":{\"@id\":\"https:\\\/\\\/tce.pb.gov.br\\\/portalprimeirainfancia\\\/tce-pb-reune-25-tribunais-de-contas-e-promove-1a-oficina-nacional-de-boas-praticas-em-primeira-infancia\\\/\"},\"wordCount\":1107,\"publisher\":{\"@id\":\"https:\\\/\\\/tce.pb.gov.br\\\/portalprimeirainfancia\\\/#organization\"},\"image\":{\"@id\":\"https:\\\/\\\/tce.pb.gov.br\\\/portalprimeirainfancia\\\/tce-pb-reune-25-tribunais-de-contas-e-promove-1a-oficina-nacional-de-boas-praticas-em-primeira-infancia\\\/#primaryimage\"},\"thumbnailUrl\":\"https:\\\/\\\/tce.pb.gov.br\\\/portalprimeirainfancia\\\/wp-content\\\/uploads\\\/2026\\\/04\\\/MG_8372.jpg\",\"keywords\":[\"pacto pela primeira infancia\",\"primeira infancia\",\"tce\",\"tce-pb\"],\"articleSection\":[\"Destaques\",\"Not\u00edcias\"],\"inLanguage\":\"pt-BR\"},{\"@type\":\"WebPage\",\"@id\":\"https:\\\/\\\/tce.pb.gov.br\\\/portalprimeirainfancia\\\/tce-pb-reune-25-tribunais-de-contas-e-promove-1a-oficina-nacional-de-boas-praticas-em-primeira-infancia\\\/\",\"url\":\"https:\\\/\\\/tce.pb.gov.br\\\/portalprimeirainfancia\\\/tce-pb-reune-25-tribunais-de-contas-e-promove-1a-oficina-nacional-de-boas-praticas-em-primeira-infancia\\\/\",\"name\":\"TCE-PB re\u00fane 25 Tribunais de Contas e promove 1\u00aa Oficina Nacional de Boas Pr\u00e1ticas em Primeira Inf\u00e2ncia %\",\"isPartOf\":{\"@id\":\"https:\\\/\\\/tce.pb.gov.br\\\/portalprimeirainfancia\\\/#website\"},\"primaryImageOfPage\":{\"@id\":\"https:\\\/\\\/tce.pb.gov.br\\\/portalprimeirainfancia\\\/tce-pb-reune-25-tribunais-de-contas-e-promove-1a-oficina-nacional-de-boas-praticas-em-primeira-infancia\\\/#primaryimage\"},\"image\":{\"@id\":\"https:\\\/\\\/tce.pb.gov.br\\\/portalprimeirainfancia\\\/tce-pb-reune-25-tribunais-de-contas-e-promove-1a-oficina-nacional-de-boas-praticas-em-primeira-infancia\\\/#primaryimage\"},\"thumbnailUrl\":\"https:\\\/\\\/tce.pb.gov.br\\\/portalprimeirainfancia\\\/wp-content\\\/uploads\\\/2026\\\/04\\\/MG_8372.jpg\",\"datePublished\":\"2026-04-10T14:40:38+00:00\",\"dateModified\":\"2026-04-10T14:40:40+00:00\",\"description\":\"TCE-PB re\u00fane 25 Tribunais de Contas e promove 1\u00aa Oficina Nacional de Boas Pr\u00e1ticas em Primeira Inf\u00e2ncia %\",\"breadcrumb\":{\"@id\":\"https:\\\/\\\/tce.pb.gov.br\\\/portalprimeirainfancia\\\/tce-pb-reune-25-tribunais-de-contas-e-promove-1a-oficina-nacional-de-boas-praticas-em-primeira-infancia\\\/#breadcrumb\"},\"inLanguage\":\"pt-BR\",\"potentialAction\":[{\"@type\":\"ReadAction\",\"target\":[\"https:\\\/\\\/tce.pb.gov.br\\\/portalprimeirainfancia\\\/tce-pb-reune-25-tribunais-de-contas-e-promove-1a-oficina-nacional-de-boas-praticas-em-primeira-infancia\\\/\"]}]},{\"@type\":\"ImageObject\",\"inLanguage\":\"pt-BR\",\"@id\":\"https:\\\/\\\/tce.pb.gov.br\\\/portalprimeirainfancia\\\/tce-pb-reune-25-tribunais-de-contas-e-promove-1a-oficina-nacional-de-boas-praticas-em-primeira-infancia\\\/#primaryimage\",\"url\":\"https:\\\/\\\/tce.pb.gov.br\\\/portalprimeirainfancia\\\/wp-content\\\/uploads\\\/2026\\\/04\\\/MG_8372.jpg\",\"contentUrl\":\"https:\\\/\\\/tce.pb.gov.br\\\/portalprimeirainfancia\\\/wp-content\\\/uploads\\\/2026\\\/04\\\/MG_8372.jpg\",\"width\":2048,\"height\":1365},{\"@type\":\"BreadcrumbList\",\"@id\":\"https:\\\/\\\/tce.pb.gov.br\\\/portalprimeirainfancia\\\/tce-pb-reune-25-tribunais-de-contas-e-promove-1a-oficina-nacional-de-boas-praticas-em-primeira-infancia\\\/#breadcrumb\",\"itemListElement\":[{\"@type\":\"ListItem\",\"position\":1,\"name\":\"In\u00edcio\",\"item\":\"https:\\\/\\\/tce.pb.gov.br\\\/portalprimeirainfancia\\\/\"},{\"@type\":\"ListItem\",\"position\":2,\"name\":\"TCE-PB re\u00fane 25 Tribunais de Contas e promove 1\u00aa Oficina Nacional de Boas Pr\u00e1ticas em Primeira Inf\u00e2ncia\"}]},{\"@type\":\"WebSite\",\"@id\":\"https:\\\/\\\/tce.pb.gov.br\\\/portalprimeirainfancia\\\/#website\",\"url\":\"https:\\\/\\\/tce.pb.gov.br\\\/portalprimeirainfancia\\\/\",\"name\":\"Pacto Paraibano pela Primeira Inf\u00e2ncia\",\"description\":\"Portal para divulga\u00e7\u00e3o do Pacto Paraibano pela Primeira Inf\u00e2ncia\",\"publisher\":{\"@id\":\"https:\\\/\\\/tce.pb.gov.br\\\/portalprimeirainfancia\\\/#organization\"},\"potentialAction\":[{\"@type\":\"SearchAction\",\"target\":{\"@type\":\"EntryPoint\",\"urlTemplate\":\"https:\\\/\\\/tce.pb.gov.br\\\/portalprimeirainfancia\\\/?s={search_term_string}\"},\"query-input\":{\"@type\":\"PropertyValueSpecification\",\"valueRequired\":true,\"valueName\":\"search_term_string\"}}],\"inLanguage\":\"pt-BR\"},{\"@type\":\"Organization\",\"@id\":\"https:\\\/\\\/tce.pb.gov.br\\\/portalprimeirainfancia\\\/#organization\",\"name\":\"Pacto Paraibano pela Primeira Inf\u00e2ncia\",\"alternateName\":\"TCE-PB\",\"url\":\"https:\\\/\\\/tce.pb.gov.br\\\/portalprimeirainfancia\\\/\",\"logo\":{\"@type\":\"ImageObject\",\"inLanguage\":\"pt-BR\",\"@id\":\"https:\\\/\\\/tce.pb.gov.br\\\/portalprimeirainfancia\\\/#\\\/schema\\\/logo\\\/image\\\/\",\"url\":\"https:\\\/\\\/tce.pb.gov.br\\\/portalprimeirainfancia\\\/wp-content\\\/uploads\\\/2025\\\/05\\\/Pacto-Whatsapp.png\",\"contentUrl\":\"https:\\\/\\\/tce.pb.gov.br\\\/portalprimeirainfancia\\\/wp-content\\\/uploads\\\/2025\\\/05\\\/Pacto-Whatsapp.png\",\"width\":427,\"height\":427,\"caption\":\"Pacto Paraibano pela Primeira Inf\u00e2ncia\"},\"image\":{\"@id\":\"https:\\\/\\\/tce.pb.gov.br\\\/portalprimeirainfancia\\\/#\\\/schema\\\/logo\\\/image\\\/\"},\"sameAs\":[\"https:\\\/\\\/www.instagram.com\\\/tcepb\\\/\"]},{\"@type\":\"Person\",\"@id\":\"https:\\\/\\\/tce.pb.gov.br\\\/portalprimeirainfancia\\\/#\\\/schema\\\/person\\\/6a39eea5836dda604de1c5e5b7d62141\",\"name\":\"Rafael Massoni\"}]}<\/script>\n<!-- \/ Yoast SEO plugin. -->","yoast_head_json":{"title":"TCE-PB re\u00fane 25 Tribunais de Contas e promove 1\u00aa Oficina Nacional de Boas Pr\u00e1ticas em Primeira Inf\u00e2ncia %","description":"TCE-PB re\u00fane 25 Tribunais de Contas e promove 1\u00aa Oficina Nacional de Boas Pr\u00e1ticas em Primeira Inf\u00e2ncia %","robots":{"index":"index","follow":"follow","max-snippet":"max-snippet:-1","max-image-preview":"max-image-preview:large","max-video-preview":"max-video-preview:-1"},"canonical":"https:\/\/tce.pb.gov.br\/portalprimeirainfancia\/tce-pb-reune-25-tribunais-de-contas-e-promove-1a-oficina-nacional-de-boas-praticas-em-primeira-infancia\/","og_locale":"pt_BR","og_type":"article","og_title":"TCE-PB re\u00fane 25 Tribunais de Contas e promove 1\u00aa Oficina Nacional de Boas Pr\u00e1ticas em Primeira Inf\u00e2ncia %","og_description":"TCE-PB re\u00fane 25 Tribunais de Contas e promove 1\u00aa Oficina Nacional de Boas Pr\u00e1ticas em Primeira Inf\u00e2ncia %","og_url":"https:\/\/tce.pb.gov.br\/portalprimeirainfancia\/tce-pb-reune-25-tribunais-de-contas-e-promove-1a-oficina-nacional-de-boas-praticas-em-primeira-infancia\/","og_site_name":"Pacto Paraibano pela Primeira Inf\u00e2ncia","article_published_time":"2026-04-10T14:40:38+00:00","article_modified_time":"2026-04-10T14:40:40+00:00","og_image":[{"width":2048,"height":1365,"url":"https:\/\/tce.pb.gov.br\/portalprimeirainfancia\/wp-content\/uploads\/2026\/04\/MG_8372.jpg","type":"image\/jpeg"}],"author":"Rafael Massoni","twitter_card":"summary_large_image","twitter_misc":{"Escrito por":"Rafael Massoni","Est. tempo de leitura":"7 minutos"},"schema":{"@context":"https:\/\/schema.org","@graph":[{"@type":"NewsArticle","@id":"https:\/\/tce.pb.gov.br\/portalprimeirainfancia\/tce-pb-reune-25-tribunais-de-contas-e-promove-1a-oficina-nacional-de-boas-praticas-em-primeira-infancia\/#article","isPartOf":{"@id":"https:\/\/tce.pb.gov.br\/portalprimeirainfancia\/tce-pb-reune-25-tribunais-de-contas-e-promove-1a-oficina-nacional-de-boas-praticas-em-primeira-infancia\/"},"author":{"name":"Rafael Massoni","@id":"https:\/\/tce.pb.gov.br\/portalprimeirainfancia\/#\/schema\/person\/6a39eea5836dda604de1c5e5b7d62141"},"headline":"TCE-PB re\u00fane 25 Tribunais de Contas e promove 1\u00aa Oficina Nacional de Boas Pr\u00e1ticas em Primeira Inf\u00e2ncia","datePublished":"2026-04-10T14:40:38+00:00","dateModified":"2026-04-10T14:40:40+00:00","mainEntityOfPage":{"@id":"https:\/\/tce.pb.gov.br\/portalprimeirainfancia\/tce-pb-reune-25-tribunais-de-contas-e-promove-1a-oficina-nacional-de-boas-praticas-em-primeira-infancia\/"},"wordCount":1107,"publisher":{"@id":"https:\/\/tce.pb.gov.br\/portalprimeirainfancia\/#organization"},"image":{"@id":"https:\/\/tce.pb.gov.br\/portalprimeirainfancia\/tce-pb-reune-25-tribunais-de-contas-e-promove-1a-oficina-nacional-de-boas-praticas-em-primeira-infancia\/#primaryimage"},"thumbnailUrl":"https:\/\/tce.pb.gov.br\/portalprimeirainfancia\/wp-content\/uploads\/2026\/04\/MG_8372.jpg","keywords":["pacto pela primeira infancia","primeira infancia","tce","tce-pb"],"articleSection":["Destaques","Not\u00edcias"],"inLanguage":"pt-BR"},{"@type":"WebPage","@id":"https:\/\/tce.pb.gov.br\/portalprimeirainfancia\/tce-pb-reune-25-tribunais-de-contas-e-promove-1a-oficina-nacional-de-boas-praticas-em-primeira-infancia\/","url":"https:\/\/tce.pb.gov.br\/portalprimeirainfancia\/tce-pb-reune-25-tribunais-de-contas-e-promove-1a-oficina-nacional-de-boas-praticas-em-primeira-infancia\/","name":"TCE-PB re\u00fane 25 Tribunais de Contas e promove 1\u00aa Oficina Nacional de Boas Pr\u00e1ticas em Primeira Inf\u00e2ncia %","isPartOf":{"@id":"https:\/\/tce.pb.gov.br\/portalprimeirainfancia\/#website"},"primaryImageOfPage":{"@id":"https:\/\/tce.pb.gov.br\/portalprimeirainfancia\/tce-pb-reune-25-tribunais-de-contas-e-promove-1a-oficina-nacional-de-boas-praticas-em-primeira-infancia\/#primaryimage"},"image":{"@id":"https:\/\/tce.pb.gov.br\/portalprimeirainfancia\/tce-pb-reune-25-tribunais-de-contas-e-promove-1a-oficina-nacional-de-boas-praticas-em-primeira-infancia\/#primaryimage"},"thumbnailUrl":"https:\/\/tce.pb.gov.br\/portalprimeirainfancia\/wp-content\/uploads\/2026\/04\/MG_8372.jpg","datePublished":"2026-04-10T14:40:38+00:00","dateModified":"2026-04-10T14:40:40+00:00","description":"TCE-PB re\u00fane 25 Tribunais de Contas e promove 1\u00aa Oficina Nacional de Boas Pr\u00e1ticas em Primeira Inf\u00e2ncia %","breadcrumb":{"@id":"https:\/\/tce.pb.gov.br\/portalprimeirainfancia\/tce-pb-reune-25-tribunais-de-contas-e-promove-1a-oficina-nacional-de-boas-praticas-em-primeira-infancia\/#breadcrumb"},"inLanguage":"pt-BR","potentialAction":[{"@type":"ReadAction","target":["https:\/\/tce.pb.gov.br\/portalprimeirainfancia\/tce-pb-reune-25-tribunais-de-contas-e-promove-1a-oficina-nacional-de-boas-praticas-em-primeira-infancia\/"]}]},{"@type":"ImageObject","inLanguage":"pt-BR","@id":"https:\/\/tce.pb.gov.br\/portalprimeirainfancia\/tce-pb-reune-25-tribunais-de-contas-e-promove-1a-oficina-nacional-de-boas-praticas-em-primeira-infancia\/#primaryimage","url":"https:\/\/tce.pb.gov.br\/portalprimeirainfancia\/wp-content\/uploads\/2026\/04\/MG_8372.jpg","contentUrl":"https:\/\/tce.pb.gov.br\/portalprimeirainfancia\/wp-content\/uploads\/2026\/04\/MG_8372.jpg","width":2048,"height":1365},{"@type":"BreadcrumbList","@id":"https:\/\/tce.pb.gov.br\/portalprimeirainfancia\/tce-pb-reune-25-tribunais-de-contas-e-promove-1a-oficina-nacional-de-boas-praticas-em-primeira-infancia\/#breadcrumb","itemListElement":[{"@type":"ListItem","position":1,"name":"In\u00edcio","item":"https:\/\/tce.pb.gov.br\/portalprimeirainfancia\/"},{"@type":"ListItem","position":2,"name":"TCE-PB re\u00fane 25 Tribunais de Contas e promove 1\u00aa Oficina Nacional de Boas Pr\u00e1ticas em Primeira Inf\u00e2ncia"}]},{"@type":"WebSite","@id":"https:\/\/tce.pb.gov.br\/portalprimeirainfancia\/#website","url":"https:\/\/tce.pb.gov.br\/portalprimeirainfancia\/","name":"Pacto Paraibano pela Primeira Inf\u00e2ncia","description":"Portal para divulga\u00e7\u00e3o do Pacto Paraibano pela Primeira Inf\u00e2ncia","publisher":{"@id":"https:\/\/tce.pb.gov.br\/portalprimeirainfancia\/#organization"},"potentialAction":[{"@type":"SearchAction","target":{"@type":"EntryPoint","urlTemplate":"https:\/\/tce.pb.gov.br\/portalprimeirainfancia\/?s={search_term_string}"},"query-input":{"@type":"PropertyValueSpecification","valueRequired":true,"valueName":"search_term_string"}}],"inLanguage":"pt-BR"},{"@type":"Organization","@id":"https:\/\/tce.pb.gov.br\/portalprimeirainfancia\/#organization","name":"Pacto Paraibano pela Primeira Inf\u00e2ncia","alternateName":"TCE-PB","url":"https:\/\/tce.pb.gov.br\/portalprimeirainfancia\/","logo":{"@type":"ImageObject","inLanguage":"pt-BR","@id":"https:\/\/tce.pb.gov.br\/portalprimeirainfancia\/#\/schema\/logo\/image\/","url":"https:\/\/tce.pb.gov.br\/portalprimeirainfancia\/wp-content\/uploads\/2025\/05\/Pacto-Whatsapp.png","contentUrl":"https:\/\/tce.pb.gov.br\/portalprimeirainfancia\/wp-content\/uploads\/2025\/05\/Pacto-Whatsapp.png","width":427,"height":427,"caption":"Pacto Paraibano pela Primeira Inf\u00e2ncia"},"image":{"@id":"https:\/\/tce.pb.gov.br\/portalprimeirainfancia\/#\/schema\/logo\/image\/"},"sameAs":["https:\/\/www.instagram.com\/tcepb\/"]},{"@type":"Person","@id":"https:\/\/tce.pb.gov.br\/portalprimeirainfancia\/#\/schema\/person\/6a39eea5836dda604de1c5e5b7d62141","name":"Rafael Massoni"}]}},"jetpack_featured_media_url":"https:\/\/tce.pb.gov.br\/portalprimeirainfancia\/wp-content\/uploads\/2026\/04\/MG_8372.jpg","jetpack_sharing_enabled":true,"_links":{"self":[{"href":"https:\/\/tce.pb.gov.br\/portalprimeirainfancia\/wp-json\/wp\/v2\/posts\/29904","targetHints":{"allow":["GET"]}}],"collection":[{"href":"https:\/\/tce.pb.gov.br\/portalprimeirainfancia\/wp-json\/wp\/v2\/posts"}],"about":[{"href":"https:\/\/tce.pb.gov.br\/portalprimeirainfancia\/wp-json\/wp\/v2\/types\/post"}],"author":[{"embeddable":true,"href":"https:\/\/tce.pb.gov.br\/portalprimeirainfancia\/wp-json\/wp\/v2\/users\/6"}],"replies":[{"embeddable":true,"href":"https:\/\/tce.pb.gov.br\/portalprimeirainfancia\/wp-json\/wp\/v2\/comments?post=29904"}],"version-history":[{"count":1,"href":"https:\/\/tce.pb.gov.br\/portalprimeirainfancia\/wp-json\/wp\/v2\/posts\/29904\/revisions"}],"predecessor-version":[{"id":29910,"href":"https:\/\/tce.pb.gov.br\/portalprimeirainfancia\/wp-json\/wp\/v2\/posts\/29904\/revisions\/29910"}],"wp:featuredmedia":[{"embeddable":true,"href":"https:\/\/tce.pb.gov.br\/portalprimeirainfancia\/wp-json\/wp\/v2\/media\/29905"}],"wp:attachment":[{"href":"https:\/\/tce.pb.gov.br\/portalprimeirainfancia\/wp-json\/wp\/v2\/media?parent=29904"}],"wp:term":[{"taxonomy":"category","embeddable":true,"href":"https:\/\/tce.pb.gov.br\/portalprimeirainfancia\/wp-json\/wp\/v2\/categories?post=29904"},{"taxonomy":"post_tag","embeddable":true,"href":"https:\/\/tce.pb.gov.br\/portalprimeirainfancia\/wp-json\/wp\/v2\/tags?post=29904"}],"curies":[{"name":"wp","href":"https:\/\/api.w.org\/{rel}","templated":true}]}}