{"id":29899,"date":"2026-04-06T12:46:46","date_gmt":"2026-04-06T15:46:46","guid":{"rendered":"https:\/\/tce.pb.gov.br\/portalprimeirainfancia\/?p=29899"},"modified":"2026-04-07T12:49:09","modified_gmt":"2026-04-07T15:49:09","slug":"tce-pb-promove-cursos-sobre-ldo-e-orcamento-com-foco-na-primeira-infancia-em-cinco-regioes-do-estado","status":"publish","type":"post","link":"https:\/\/tce.pb.gov.br\/portalprimeirainfancia\/tce-pb-promove-cursos-sobre-ldo-e-orcamento-com-foco-na-primeira-infancia-em-cinco-regioes-do-estado\/","title":{"rendered":"TCE-PB promove cursos sobre LDO e Or\u00e7amento com foco na Primeira Inf\u00e2ncia em cinco regi\u00f5es do Estado"},"content":{"rendered":"\n<figure class=\"wp-block-image aligncenter size-large\"><img fetchpriority=\"high\" decoding=\"async\" width=\"1024\" height=\"683\" src=\"https:\/\/tce.pb.gov.br\/portalprimeirainfancia\/wp-content\/uploads\/2026\/04\/image-2-1024x683.png\" alt=\"\" class=\"wp-image-29900\" srcset=\"https:\/\/tce.pb.gov.br\/portalprimeirainfancia\/wp-content\/uploads\/2026\/04\/image-2-1024x683.png 1024w, https:\/\/tce.pb.gov.br\/portalprimeirainfancia\/wp-content\/uploads\/2026\/04\/image-2-300x200.png 300w, https:\/\/tce.pb.gov.br\/portalprimeirainfancia\/wp-content\/uploads\/2026\/04\/image-2-768x512.png 768w, https:\/\/tce.pb.gov.br\/portalprimeirainfancia\/wp-content\/uploads\/2026\/04\/image-2-1536x1024.png 1536w, https:\/\/tce.pb.gov.br\/portalprimeirainfancia\/wp-content\/uploads\/2026\/04\/image-2.png 1920w\" sizes=\"(max-width: 1024px) 100vw, 1024px\" \/><\/figure>\n\n\n\n<p>O Tribunal de Contas da Para\u00edba (TCE-PB), por meio da Escola de Contas Conselheiro Otac\u00edlio Silveira (Ecosil), sob a coordena\u00e7\u00e3o da conselheira Alanna Camilla Santos Galdino Vieira, realizar\u00e1, no m\u00eas de abril, uma s\u00e9rie de cursos presenciais com o tema \u201cLDO e Or\u00e7amento: foco em prioridades e a\u00e7\u00f5es para a Primeira Inf\u00e2ncia\u201d, contemplando gestores p\u00fablicos de diversas regi\u00f5es do Estado. As capacita\u00e7\u00f5es ocorrer\u00e3o nos munic\u00edpios de Jo\u00e3o Pessoa, Campina Grande, Cajazeiras, &nbsp;Patos e Serra Branca.<\/p>\n\n\n\n<p>Com carga hor\u00e1ria de 9 horas, os cursos ser\u00e3o ministrados pelo auditor de controle externo Luzemar da Costa Martins e t\u00eam como objetivo orientar gestores, contadores e servidores respons\u00e1veis pelo planejamento or\u00e7ament\u00e1rio quanto \u00e0 import\u00e2ncia da prioriza\u00e7\u00e3o de pol\u00edticas p\u00fablicas voltadas \u00e0 primeira inf\u00e2ncia nos instrumentos de planejamento, especialmente na Lei de Diretrizes Or\u00e7ament\u00e1rias (LDO) e no or\u00e7amento p\u00fablico.<\/p>\n\n\n\n<p><strong>Jo\u00e3o Pessoa abre programa\u00e7\u00e3o<\/strong>&nbsp;\u2013 A primeira etapa acontece no dia 8 de abril, no audit\u00f3rio do Centro Cultural Ariano Suassuna (CCAS), em Jo\u00e3o Pessoa, das 8h \u00e0s 12h e das 14h \u00e0s 18h. Ser\u00e3o ofertadas 400 vagas para gestores de munic\u00edpios da regi\u00e3o metropolitana e do litoral paraibano, incluindo cidades como Bayeux, Cabedelo, Santa Rita, Mamanguape, Sap\u00e9 e outras.<\/p>\n\n\n\n<p><strong>Campina Grande recebe segunda etapa<\/strong>&nbsp;\u2013 No dia 9 de abril, ser\u00e1 a vez de Campina Grande sediar o curso, no Sesc A\u00e7ude Velho, tamb\u00e9m em formato presencial e com carga hor\u00e1ria de 9 horas. A etapa contar\u00e1 com 100 vagas destinadas a gestores de munic\u00edpios do Agreste e Brejo paraibano, como Guarabira, Esperan\u00e7a, Areia, Sol\u00e2nea, Rem\u00edgio e regi\u00e3o.<\/p>\n\n\n\n<p><strong>Capacita\u00e7\u00e3o chega ao Sert\u00e3o<\/strong>&nbsp;\u2013 A terceira etapa ser\u00e1 realizada no dia 13 de abril, no audit\u00f3rio do Instituto Z\u00e9 do Norte, em Cajazeiras, com 70 vagas dispon\u00edveis. O curso atender\u00e1 gestores de diversos munic\u00edpios do Sert\u00e3o, incluindo Sousa, Itaporanga, Princesa Isabel, S\u00e3o Jos\u00e9 de Piranhas e outros.<\/p>\n\n\n\n<p><strong>Capacita\u00e7\u00e3o em Patos<\/strong>&nbsp;\u2013 A quarta etapa acontece na cidade de Patos, com a oferta de 100 vagas dispon\u00edveis, que acontecer\u00e1 no audit\u00f3rio da UNIFIP (Centro Universit\u00e1rio de Patos).<\/p>\n\n\n\n<p><strong>Encerramento em Serra Branca<\/strong>&nbsp;\u2013 A programa\u00e7\u00e3o ser\u00e1 conclu\u00edda no dia 15 de abril, no munic\u00edpio de Serra Branca, no audit\u00f3rio do Centro de Conviv\u00eancia Maria Helena Antonino de Almeida. A capacita\u00e7\u00e3o reunir\u00e1 representantes de munic\u00edpios do Cariri e Serid\u00f3 paraibano, como Monteiro, Sum\u00e9, Tapero\u00e1, Cabaceiras, Picu\u00ed e regi\u00e3o.<\/p>\n\n\n\n<p><strong>Fortalecimento da gest\u00e3o p\u00fablica \u2013&nbsp;<\/strong>&nbsp;A iniciativa integra as a\u00e7\u00f5es do TCE-PB voltadas ao fortalecimento da gest\u00e3o p\u00fablica e \u00e0 promo\u00e7\u00e3o de pol\u00edticas efetivas para a primeira inf\u00e2ncia, alinhadas \u00e0s diretrizes do Pacto Paraibano pela Primeira Inf\u00e2ncia. A proposta \u00e9 qualificar os gestores para a correta aplica\u00e7\u00e3o dos recursos p\u00fablicos, assegurando que crian\u00e7as de 0 a 6 anos sejam contempladas de forma priorit\u00e1ria nos planejamentos governamentais. Inscri\u00e7\u00f5es<\/p>\n\n\n\n<p>As inscri\u00e7\u00f5es j\u00e1 est\u00e3o abertas e podem ser realizadas por meio dos links espec\u00edficos de cada etapa:<\/p>\n\n\n\n<p><strong>\u2022 Jo\u00e3o Pessoa<\/strong>:&nbsp;<a href=\"https:\/\/doity.com.br\/ldo-e-orcamento-foco-em-prioridades-e-acoes-para-a-primeira-infancia-em-joao-pessoa\" target=\"_blank\" rel=\"noreferrer noopener\">https:\/\/doity.com.br\/ldo-e-orcamento-foco-em-prioridades-e-acoes-para-a-primeira-infancia-em-joao-pessoa<\/a>&nbsp;<\/p>\n\n\n\n<p><strong>\u2022 Campina Grande:<\/strong>&nbsp;<a href=\"https:\/\/doity.com.br\/ldo-e-orcamento-foco-em-prioridades-e-acoes-para-a-primeira-infancia-em-campina-grande\" target=\"_blank\" rel=\"noreferrer noopener\">https:\/\/doity.com.br\/ldo-e-orcamento-foco-em-prioridades-e-acoes-para-a-primeira-infancia-em-campina-grande<\/a>&nbsp;\u2022<\/p>\n\n\n\n<p><strong>Cajazeiras:<\/strong>&nbsp;<a href=\"https:\/\/doity.com.br\/ldo-e-orcamento-foco-em-prioridades-e-acoes-para-a-primeira-infancia-em-cajazeiras\" target=\"_blank\" rel=\"noreferrer noopener\">https:\/\/doity.com.br\/ldo-e-orcamento-foco-em-prioridades-e-acoes-para-a-primeira-infancia-em-cajazeiras<\/a>&nbsp;<\/p>\n\n\n\n<p><strong>Patos:&nbsp;<\/strong><a href=\"https:\/\/doity.com.br\/ldo-e-orcamento-foco-em-prioridades-e-acoes-para-a-primeira-infancia-em-patos\" target=\"_blank\" rel=\"noreferrer noopener\">https:\/\/doity.com.br\/ldo-e-orcamento-foco-em-prioridades-e-acoes-para-a-primeira-infancia-em-patos<\/a><\/p>\n\n\n\n<p><strong>\u2022Serra Branca:<\/strong>&nbsp;<a href=\"https:\/\/doity.com.br\/ldo-e-orcamento-foco-em-prioridades-e-acoes-para-a-primeira-infancia-em-serra-branca\" target=\"_blank\" rel=\"noreferrer noopener\">https:\/\/doity.com.br\/ldo-e-orcamento-foco-em-prioridades-e-acoes-para-a-primeira-infancia-em-serra-branca<\/a>&nbsp;<\/p>\n\n\n\n<p>Os cursos s\u00e3o gratuitos e voltados a agentes p\u00fablicos diretamente envolvidos com o planejamento e a execu\u00e7\u00e3o or\u00e7ament\u00e1ria nos munic\u00edpios paraibanos.<\/p>\n\n\n\n<p class=\"has-text-align-right\">Ascom \/ TCE-PB<\/p>\n\n\n\n<p class=\"has-text-align-right\">F\u00e1bia Carolino<\/p>\n","protected":false},"excerpt":{"rendered":"<p>O Tribunal de Contas da Para\u00edba (TCE-PB), por meio da Escola de Contas Conselheiro Otac\u00edlio Silveira (Ecosil), sob a coordena\u00e7\u00e3o [&hellip;]<\/p>\n","protected":false},"author":6,"featured_media":29900,"comment_status":"closed","ping_status":"closed","sticky":false,"template":"","format":"standard","meta":{"site-sidebar-layout":"default","site-content-layout":"","ast-site-content-layout":"","site-content-style":"default","site-sidebar-style":"default","ast-global-header-display":"","ast-banner-title-visibility":"","ast-main-header-display":"","ast-hfb-above-header-display":"","ast-hfb-below-header-display":"","ast-hfb-mobile-header-display":"","site-post-title":"","ast-breadcrumbs-content":"","ast-featured-img":"","footer-sml-layout":"","theme-transparent-header-meta":"","adv-header-id-meta":"","stick-header-meta":"","header-above-stick-meta":"","header-main-stick-meta":"","header-below-stick-meta":"","astra-migrate-meta-layouts":"default","ast-page-background-enabled":"default","ast-page-background-meta":{"desktop":{"background-color":"var(--ast-global-color-5)","background-image":"","background-repeat":"repeat","background-position":"center center","background-size":"auto","background-attachment":"scroll","background-type":"","background-media":"","overlay-type":"","overlay-color":"","overlay-opacity":"","overlay-gradient":""},"tablet":{"background-color":"","background-image":"","background-repeat":"repeat","background-position":"center center","background-size":"auto","background-attachment":"scroll","background-type":"","background-media":"","overlay-type":"","overlay-color":"","overlay-opacity":"","overlay-gradient":""},"mobile":{"background-color":"","background-image":"","background-repeat":"repeat","background-position":"center center","background-size":"auto","background-attachment":"scroll","background-type":"","background-media":"","overlay-type":"","overlay-color":"","overlay-opacity":"","overlay-gradient":""}},"ast-content-background-meta":{"desktop":{"background-color":"var(--ast-global-color-4)","background-image":"","background-repeat":"repeat","background-position":"center center","background-size":"auto","background-attachment":"scroll","background-type":"","background-media":"","overlay-type":"","overlay-color":"","overlay-opacity":"","overlay-gradient":""},"tablet":{"background-color":"var(--ast-global-color-4)","background-image":"","background-repeat":"repeat","background-position":"center center","background-size":"auto","background-attachment":"scroll","background-type":"","background-media":"","overlay-type":"","overlay-color":"","overlay-opacity":"","overlay-gradient":""},"mobile":{"background-color":"var(--ast-global-color-4)","background-image":"","background-repeat":"repeat","background-position":"center center","background-size":"auto","background-attachment":"scroll","background-type":"","background-media":"","overlay-type":"","overlay-color":"","overlay-opacity":"","overlay-gradient":""}},"_jetpack_memberships_contains_paid_content":false,"footnotes":""},"categories":[24,7],"tags":[40,27,39,25,31,26,77],"class_list":["post-29899","post","type-post","status-publish","format-standard","has-post-thumbnail","hentry","category-destaques","category-noticias","tag-camaras-municipais","tag-pacto-pela-primeira-infancia","tag-prefeituras","tag-primeira-infancia","tag-tce","tag-tce-pb","tag-treinamento-ldo"],"yoast_head":"<!-- This site is optimized with the Yoast SEO plugin v27.5 - https:\/\/yoast.com\/product\/yoast-seo-wordpress\/ -->\n<title>TCE-PB promove cursos sobre LDO e Or\u00e7amento com foco na Primeira Inf\u00e2ncia em cinco regi\u00f5es do Estado %<\/title>\n<meta name=\"description\" content=\"TCE-PB promove cursos sobre LDO e Or\u00e7amento com foco na Primeira Inf\u00e2ncia em cinco regi\u00f5es do Estado %\" \/>\n<meta name=\"robots\" content=\"index, follow, max-snippet:-1, max-image-preview:large, max-video-preview:-1\" \/>\n<link rel=\"canonical\" href=\"https:\/\/tce.pb.gov.br\/portalprimeirainfancia\/tce-pb-promove-cursos-sobre-ldo-e-orcamento-com-foco-na-primeira-infancia-em-cinco-regioes-do-estado\/\" \/>\n<meta property=\"og:locale\" content=\"pt_BR\" \/>\n<meta property=\"og:type\" content=\"article\" \/>\n<meta property=\"og:title\" content=\"TCE-PB promove cursos sobre LDO e Or\u00e7amento com foco na Primeira Inf\u00e2ncia em cinco regi\u00f5es do Estado %\" \/>\n<meta property=\"og:description\" content=\"TCE-PB promove cursos sobre LDO e Or\u00e7amento com foco na Primeira Inf\u00e2ncia em cinco regi\u00f5es do Estado %\" \/>\n<meta property=\"og:url\" content=\"https:\/\/tce.pb.gov.br\/portalprimeirainfancia\/tce-pb-promove-cursos-sobre-ldo-e-orcamento-com-foco-na-primeira-infancia-em-cinco-regioes-do-estado\/\" \/>\n<meta property=\"og:site_name\" content=\"Pacto Paraibano pela Primeira Inf\u00e2ncia\" \/>\n<meta property=\"article:published_time\" content=\"2026-04-06T15:46:46+00:00\" \/>\n<meta property=\"article:modified_time\" content=\"2026-04-07T15:49:09+00:00\" \/>\n<meta property=\"og:image\" content=\"https:\/\/tce.pb.gov.br\/portalprimeirainfancia\/wp-content\/uploads\/2026\/04\/image-2.png\" \/>\n\t<meta property=\"og:image:width\" content=\"1920\" \/>\n\t<meta property=\"og:image:height\" content=\"1280\" \/>\n\t<meta property=\"og:image:type\" content=\"image\/png\" \/>\n<meta name=\"author\" content=\"Rafael Massoni\" \/>\n<meta name=\"twitter:card\" content=\"summary_large_image\" \/>\n<meta name=\"twitter:label1\" content=\"Escrito por\" \/>\n\t<meta name=\"twitter:data1\" content=\"Rafael Massoni\" \/>\n\t<meta name=\"twitter:label2\" content=\"Est. tempo de leitura\" \/>\n\t<meta name=\"twitter:data2\" content=\"4 minutos\" \/>\n<script type=\"application\/ld+json\" class=\"yoast-schema-graph\">{\"@context\":\"https:\\\/\\\/schema.org\",\"@graph\":[{\"@type\":\"NewsArticle\",\"@id\":\"https:\\\/\\\/tce.pb.gov.br\\\/portalprimeirainfancia\\\/tce-pb-promove-cursos-sobre-ldo-e-orcamento-com-foco-na-primeira-infancia-em-cinco-regioes-do-estado\\\/#article\",\"isPartOf\":{\"@id\":\"https:\\\/\\\/tce.pb.gov.br\\\/portalprimeirainfancia\\\/tce-pb-promove-cursos-sobre-ldo-e-orcamento-com-foco-na-primeira-infancia-em-cinco-regioes-do-estado\\\/\"},\"author\":{\"name\":\"Rafael Massoni\",\"@id\":\"https:\\\/\\\/tce.pb.gov.br\\\/portalprimeirainfancia\\\/#\\\/schema\\\/person\\\/6a39eea5836dda604de1c5e5b7d62141\"},\"headline\":\"TCE-PB promove cursos sobre LDO e Or\u00e7amento com foco na Primeira Inf\u00e2ncia em cinco regi\u00f5es do Estado\",\"datePublished\":\"2026-04-06T15:46:46+00:00\",\"dateModified\":\"2026-04-07T15:49:09+00:00\",\"mainEntityOfPage\":{\"@id\":\"https:\\\/\\\/tce.pb.gov.br\\\/portalprimeirainfancia\\\/tce-pb-promove-cursos-sobre-ldo-e-orcamento-com-foco-na-primeira-infancia-em-cinco-regioes-do-estado\\\/\"},\"wordCount\":624,\"publisher\":{\"@id\":\"https:\\\/\\\/tce.pb.gov.br\\\/portalprimeirainfancia\\\/#organization\"},\"image\":{\"@id\":\"https:\\\/\\\/tce.pb.gov.br\\\/portalprimeirainfancia\\\/tce-pb-promove-cursos-sobre-ldo-e-orcamento-com-foco-na-primeira-infancia-em-cinco-regioes-do-estado\\\/#primaryimage\"},\"thumbnailUrl\":\"https:\\\/\\\/tce.pb.gov.br\\\/portalprimeirainfancia\\\/wp-content\\\/uploads\\\/2026\\\/04\\\/image-2.png\",\"keywords\":[\"c\u00e2maras municipais\",\"pacto pela primeira infancia\",\"prefeituras\",\"primeira infancia\",\"tce\",\"tce-pb\",\"treinamento ldo\"],\"articleSection\":[\"Destaques\",\"Not\u00edcias\"],\"inLanguage\":\"pt-BR\"},{\"@type\":\"WebPage\",\"@id\":\"https:\\\/\\\/tce.pb.gov.br\\\/portalprimeirainfancia\\\/tce-pb-promove-cursos-sobre-ldo-e-orcamento-com-foco-na-primeira-infancia-em-cinco-regioes-do-estado\\\/\",\"url\":\"https:\\\/\\\/tce.pb.gov.br\\\/portalprimeirainfancia\\\/tce-pb-promove-cursos-sobre-ldo-e-orcamento-com-foco-na-primeira-infancia-em-cinco-regioes-do-estado\\\/\",\"name\":\"TCE-PB promove cursos sobre LDO e Or\u00e7amento com foco na Primeira Inf\u00e2ncia em cinco regi\u00f5es do Estado %\",\"isPartOf\":{\"@id\":\"https:\\\/\\\/tce.pb.gov.br\\\/portalprimeirainfancia\\\/#website\"},\"primaryImageOfPage\":{\"@id\":\"https:\\\/\\\/tce.pb.gov.br\\\/portalprimeirainfancia\\\/tce-pb-promove-cursos-sobre-ldo-e-orcamento-com-foco-na-primeira-infancia-em-cinco-regioes-do-estado\\\/#primaryimage\"},\"image\":{\"@id\":\"https:\\\/\\\/tce.pb.gov.br\\\/portalprimeirainfancia\\\/tce-pb-promove-cursos-sobre-ldo-e-orcamento-com-foco-na-primeira-infancia-em-cinco-regioes-do-estado\\\/#primaryimage\"},\"thumbnailUrl\":\"https:\\\/\\\/tce.pb.gov.br\\\/portalprimeirainfancia\\\/wp-content\\\/uploads\\\/2026\\\/04\\\/image-2.png\",\"datePublished\":\"2026-04-06T15:46:46+00:00\",\"dateModified\":\"2026-04-07T15:49:09+00:00\",\"description\":\"TCE-PB promove cursos sobre LDO e Or\u00e7amento com foco na Primeira Inf\u00e2ncia em cinco regi\u00f5es do Estado %\",\"breadcrumb\":{\"@id\":\"https:\\\/\\\/tce.pb.gov.br\\\/portalprimeirainfancia\\\/tce-pb-promove-cursos-sobre-ldo-e-orcamento-com-foco-na-primeira-infancia-em-cinco-regioes-do-estado\\\/#breadcrumb\"},\"inLanguage\":\"pt-BR\",\"potentialAction\":[{\"@type\":\"ReadAction\",\"target\":[\"https:\\\/\\\/tce.pb.gov.br\\\/portalprimeirainfancia\\\/tce-pb-promove-cursos-sobre-ldo-e-orcamento-com-foco-na-primeira-infancia-em-cinco-regioes-do-estado\\\/\"]}]},{\"@type\":\"ImageObject\",\"inLanguage\":\"pt-BR\",\"@id\":\"https:\\\/\\\/tce.pb.gov.br\\\/portalprimeirainfancia\\\/tce-pb-promove-cursos-sobre-ldo-e-orcamento-com-foco-na-primeira-infancia-em-cinco-regioes-do-estado\\\/#primaryimage\",\"url\":\"https:\\\/\\\/tce.pb.gov.br\\\/portalprimeirainfancia\\\/wp-content\\\/uploads\\\/2026\\\/04\\\/image-2.png\",\"contentUrl\":\"https:\\\/\\\/tce.pb.gov.br\\\/portalprimeirainfancia\\\/wp-content\\\/uploads\\\/2026\\\/04\\\/image-2.png\",\"width\":1920,\"height\":1280},{\"@type\":\"BreadcrumbList\",\"@id\":\"https:\\\/\\\/tce.pb.gov.br\\\/portalprimeirainfancia\\\/tce-pb-promove-cursos-sobre-ldo-e-orcamento-com-foco-na-primeira-infancia-em-cinco-regioes-do-estado\\\/#breadcrumb\",\"itemListElement\":[{\"@type\":\"ListItem\",\"position\":1,\"name\":\"In\u00edcio\",\"item\":\"https:\\\/\\\/tce.pb.gov.br\\\/portalprimeirainfancia\\\/\"},{\"@type\":\"ListItem\",\"position\":2,\"name\":\"TCE-PB promove cursos sobre LDO e Or\u00e7amento com foco na Primeira Inf\u00e2ncia em cinco regi\u00f5es do Estado\"}]},{\"@type\":\"WebSite\",\"@id\":\"https:\\\/\\\/tce.pb.gov.br\\\/portalprimeirainfancia\\\/#website\",\"url\":\"https:\\\/\\\/tce.pb.gov.br\\\/portalprimeirainfancia\\\/\",\"name\":\"Pacto Paraibano pela Primeira Inf\u00e2ncia\",\"description\":\"Portal para divulga\u00e7\u00e3o do Pacto Paraibano pela Primeira Inf\u00e2ncia\",\"publisher\":{\"@id\":\"https:\\\/\\\/tce.pb.gov.br\\\/portalprimeirainfancia\\\/#organization\"},\"potentialAction\":[{\"@type\":\"SearchAction\",\"target\":{\"@type\":\"EntryPoint\",\"urlTemplate\":\"https:\\\/\\\/tce.pb.gov.br\\\/portalprimeirainfancia\\\/?s={search_term_string}\"},\"query-input\":{\"@type\":\"PropertyValueSpecification\",\"valueRequired\":true,\"valueName\":\"search_term_string\"}}],\"inLanguage\":\"pt-BR\"},{\"@type\":\"Organization\",\"@id\":\"https:\\\/\\\/tce.pb.gov.br\\\/portalprimeirainfancia\\\/#organization\",\"name\":\"Pacto Paraibano pela Primeira Inf\u00e2ncia\",\"alternateName\":\"TCE-PB\",\"url\":\"https:\\\/\\\/tce.pb.gov.br\\\/portalprimeirainfancia\\\/\",\"logo\":{\"@type\":\"ImageObject\",\"inLanguage\":\"pt-BR\",\"@id\":\"https:\\\/\\\/tce.pb.gov.br\\\/portalprimeirainfancia\\\/#\\\/schema\\\/logo\\\/image\\\/\",\"url\":\"https:\\\/\\\/tce.pb.gov.br\\\/portalprimeirainfancia\\\/wp-content\\\/uploads\\\/2025\\\/05\\\/Pacto-Whatsapp.png\",\"contentUrl\":\"https:\\\/\\\/tce.pb.gov.br\\\/portalprimeirainfancia\\\/wp-content\\\/uploads\\\/2025\\\/05\\\/Pacto-Whatsapp.png\",\"width\":427,\"height\":427,\"caption\":\"Pacto Paraibano pela Primeira Inf\u00e2ncia\"},\"image\":{\"@id\":\"https:\\\/\\\/tce.pb.gov.br\\\/portalprimeirainfancia\\\/#\\\/schema\\\/logo\\\/image\\\/\"},\"sameAs\":[\"https:\\\/\\\/www.instagram.com\\\/tcepb\\\/\"]},{\"@type\":\"Person\",\"@id\":\"https:\\\/\\\/tce.pb.gov.br\\\/portalprimeirainfancia\\\/#\\\/schema\\\/person\\\/6a39eea5836dda604de1c5e5b7d62141\",\"name\":\"Rafael Massoni\"}]}<\/script>\n<!-- \/ Yoast SEO plugin. -->","yoast_head_json":{"title":"TCE-PB promove cursos sobre LDO e Or\u00e7amento com foco na Primeira Inf\u00e2ncia em cinco regi\u00f5es do Estado %","description":"TCE-PB promove cursos sobre LDO e Or\u00e7amento com foco na Primeira Inf\u00e2ncia em cinco regi\u00f5es do Estado %","robots":{"index":"index","follow":"follow","max-snippet":"max-snippet:-1","max-image-preview":"max-image-preview:large","max-video-preview":"max-video-preview:-1"},"canonical":"https:\/\/tce.pb.gov.br\/portalprimeirainfancia\/tce-pb-promove-cursos-sobre-ldo-e-orcamento-com-foco-na-primeira-infancia-em-cinco-regioes-do-estado\/","og_locale":"pt_BR","og_type":"article","og_title":"TCE-PB promove cursos sobre LDO e Or\u00e7amento com foco na Primeira Inf\u00e2ncia em cinco regi\u00f5es do Estado %","og_description":"TCE-PB promove cursos sobre LDO e Or\u00e7amento com foco na Primeira Inf\u00e2ncia em cinco regi\u00f5es do Estado %","og_url":"https:\/\/tce.pb.gov.br\/portalprimeirainfancia\/tce-pb-promove-cursos-sobre-ldo-e-orcamento-com-foco-na-primeira-infancia-em-cinco-regioes-do-estado\/","og_site_name":"Pacto Paraibano pela Primeira Inf\u00e2ncia","article_published_time":"2026-04-06T15:46:46+00:00","article_modified_time":"2026-04-07T15:49:09+00:00","og_image":[{"width":1920,"height":1280,"url":"https:\/\/tce.pb.gov.br\/portalprimeirainfancia\/wp-content\/uploads\/2026\/04\/image-2.png","type":"image\/png"}],"author":"Rafael Massoni","twitter_card":"summary_large_image","twitter_misc":{"Escrito por":"Rafael Massoni","Est. tempo de leitura":"4 minutos"},"schema":{"@context":"https:\/\/schema.org","@graph":[{"@type":"NewsArticle","@id":"https:\/\/tce.pb.gov.br\/portalprimeirainfancia\/tce-pb-promove-cursos-sobre-ldo-e-orcamento-com-foco-na-primeira-infancia-em-cinco-regioes-do-estado\/#article","isPartOf":{"@id":"https:\/\/tce.pb.gov.br\/portalprimeirainfancia\/tce-pb-promove-cursos-sobre-ldo-e-orcamento-com-foco-na-primeira-infancia-em-cinco-regioes-do-estado\/"},"author":{"name":"Rafael Massoni","@id":"https:\/\/tce.pb.gov.br\/portalprimeirainfancia\/#\/schema\/person\/6a39eea5836dda604de1c5e5b7d62141"},"headline":"TCE-PB promove cursos sobre LDO e Or\u00e7amento com foco na Primeira Inf\u00e2ncia em cinco regi\u00f5es do Estado","datePublished":"2026-04-06T15:46:46+00:00","dateModified":"2026-04-07T15:49:09+00:00","mainEntityOfPage":{"@id":"https:\/\/tce.pb.gov.br\/portalprimeirainfancia\/tce-pb-promove-cursos-sobre-ldo-e-orcamento-com-foco-na-primeira-infancia-em-cinco-regioes-do-estado\/"},"wordCount":624,"publisher":{"@id":"https:\/\/tce.pb.gov.br\/portalprimeirainfancia\/#organization"},"image":{"@id":"https:\/\/tce.pb.gov.br\/portalprimeirainfancia\/tce-pb-promove-cursos-sobre-ldo-e-orcamento-com-foco-na-primeira-infancia-em-cinco-regioes-do-estado\/#primaryimage"},"thumbnailUrl":"https:\/\/tce.pb.gov.br\/portalprimeirainfancia\/wp-content\/uploads\/2026\/04\/image-2.png","keywords":["c\u00e2maras municipais","pacto pela primeira infancia","prefeituras","primeira infancia","tce","tce-pb","treinamento ldo"],"articleSection":["Destaques","Not\u00edcias"],"inLanguage":"pt-BR"},{"@type":"WebPage","@id":"https:\/\/tce.pb.gov.br\/portalprimeirainfancia\/tce-pb-promove-cursos-sobre-ldo-e-orcamento-com-foco-na-primeira-infancia-em-cinco-regioes-do-estado\/","url":"https:\/\/tce.pb.gov.br\/portalprimeirainfancia\/tce-pb-promove-cursos-sobre-ldo-e-orcamento-com-foco-na-primeira-infancia-em-cinco-regioes-do-estado\/","name":"TCE-PB promove cursos sobre LDO e Or\u00e7amento com foco na Primeira Inf\u00e2ncia em cinco regi\u00f5es do Estado %","isPartOf":{"@id":"https:\/\/tce.pb.gov.br\/portalprimeirainfancia\/#website"},"primaryImageOfPage":{"@id":"https:\/\/tce.pb.gov.br\/portalprimeirainfancia\/tce-pb-promove-cursos-sobre-ldo-e-orcamento-com-foco-na-primeira-infancia-em-cinco-regioes-do-estado\/#primaryimage"},"image":{"@id":"https:\/\/tce.pb.gov.br\/portalprimeirainfancia\/tce-pb-promove-cursos-sobre-ldo-e-orcamento-com-foco-na-primeira-infancia-em-cinco-regioes-do-estado\/#primaryimage"},"thumbnailUrl":"https:\/\/tce.pb.gov.br\/portalprimeirainfancia\/wp-content\/uploads\/2026\/04\/image-2.png","datePublished":"2026-04-06T15:46:46+00:00","dateModified":"2026-04-07T15:49:09+00:00","description":"TCE-PB promove cursos sobre LDO e Or\u00e7amento com foco na Primeira Inf\u00e2ncia em cinco regi\u00f5es do Estado %","breadcrumb":{"@id":"https:\/\/tce.pb.gov.br\/portalprimeirainfancia\/tce-pb-promove-cursos-sobre-ldo-e-orcamento-com-foco-na-primeira-infancia-em-cinco-regioes-do-estado\/#breadcrumb"},"inLanguage":"pt-BR","potentialAction":[{"@type":"ReadAction","target":["https:\/\/tce.pb.gov.br\/portalprimeirainfancia\/tce-pb-promove-cursos-sobre-ldo-e-orcamento-com-foco-na-primeira-infancia-em-cinco-regioes-do-estado\/"]}]},{"@type":"ImageObject","inLanguage":"pt-BR","@id":"https:\/\/tce.pb.gov.br\/portalprimeirainfancia\/tce-pb-promove-cursos-sobre-ldo-e-orcamento-com-foco-na-primeira-infancia-em-cinco-regioes-do-estado\/#primaryimage","url":"https:\/\/tce.pb.gov.br\/portalprimeirainfancia\/wp-content\/uploads\/2026\/04\/image-2.png","contentUrl":"https:\/\/tce.pb.gov.br\/portalprimeirainfancia\/wp-content\/uploads\/2026\/04\/image-2.png","width":1920,"height":1280},{"@type":"BreadcrumbList","@id":"https:\/\/tce.pb.gov.br\/portalprimeirainfancia\/tce-pb-promove-cursos-sobre-ldo-e-orcamento-com-foco-na-primeira-infancia-em-cinco-regioes-do-estado\/#breadcrumb","itemListElement":[{"@type":"ListItem","position":1,"name":"In\u00edcio","item":"https:\/\/tce.pb.gov.br\/portalprimeirainfancia\/"},{"@type":"ListItem","position":2,"name":"TCE-PB promove cursos sobre LDO e Or\u00e7amento com foco na Primeira Inf\u00e2ncia em cinco regi\u00f5es do Estado"}]},{"@type":"WebSite","@id":"https:\/\/tce.pb.gov.br\/portalprimeirainfancia\/#website","url":"https:\/\/tce.pb.gov.br\/portalprimeirainfancia\/","name":"Pacto Paraibano pela Primeira Inf\u00e2ncia","description":"Portal para divulga\u00e7\u00e3o do Pacto Paraibano pela Primeira Inf\u00e2ncia","publisher":{"@id":"https:\/\/tce.pb.gov.br\/portalprimeirainfancia\/#organization"},"potentialAction":[{"@type":"SearchAction","target":{"@type":"EntryPoint","urlTemplate":"https:\/\/tce.pb.gov.br\/portalprimeirainfancia\/?s={search_term_string}"},"query-input":{"@type":"PropertyValueSpecification","valueRequired":true,"valueName":"search_term_string"}}],"inLanguage":"pt-BR"},{"@type":"Organization","@id":"https:\/\/tce.pb.gov.br\/portalprimeirainfancia\/#organization","name":"Pacto Paraibano pela Primeira Inf\u00e2ncia","alternateName":"TCE-PB","url":"https:\/\/tce.pb.gov.br\/portalprimeirainfancia\/","logo":{"@type":"ImageObject","inLanguage":"pt-BR","@id":"https:\/\/tce.pb.gov.br\/portalprimeirainfancia\/#\/schema\/logo\/image\/","url":"https:\/\/tce.pb.gov.br\/portalprimeirainfancia\/wp-content\/uploads\/2025\/05\/Pacto-Whatsapp.png","contentUrl":"https:\/\/tce.pb.gov.br\/portalprimeirainfancia\/wp-content\/uploads\/2025\/05\/Pacto-Whatsapp.png","width":427,"height":427,"caption":"Pacto Paraibano pela Primeira Inf\u00e2ncia"},"image":{"@id":"https:\/\/tce.pb.gov.br\/portalprimeirainfancia\/#\/schema\/logo\/image\/"},"sameAs":["https:\/\/www.instagram.com\/tcepb\/"]},{"@type":"Person","@id":"https:\/\/tce.pb.gov.br\/portalprimeirainfancia\/#\/schema\/person\/6a39eea5836dda604de1c5e5b7d62141","name":"Rafael Massoni"}]}},"jetpack_featured_media_url":"https:\/\/tce.pb.gov.br\/portalprimeirainfancia\/wp-content\/uploads\/2026\/04\/image-2.png","jetpack_sharing_enabled":true,"_links":{"self":[{"href":"https:\/\/tce.pb.gov.br\/portalprimeirainfancia\/wp-json\/wp\/v2\/posts\/29899","targetHints":{"allow":["GET"]}}],"collection":[{"href":"https:\/\/tce.pb.gov.br\/portalprimeirainfancia\/wp-json\/wp\/v2\/posts"}],"about":[{"href":"https:\/\/tce.pb.gov.br\/portalprimeirainfancia\/wp-json\/wp\/v2\/types\/post"}],"author":[{"embeddable":true,"href":"https:\/\/tce.pb.gov.br\/portalprimeirainfancia\/wp-json\/wp\/v2\/users\/6"}],"replies":[{"embeddable":true,"href":"https:\/\/tce.pb.gov.br\/portalprimeirainfancia\/wp-json\/wp\/v2\/comments?post=29899"}],"version-history":[{"count":1,"href":"https:\/\/tce.pb.gov.br\/portalprimeirainfancia\/wp-json\/wp\/v2\/posts\/29899\/revisions"}],"predecessor-version":[{"id":29901,"href":"https:\/\/tce.pb.gov.br\/portalprimeirainfancia\/wp-json\/wp\/v2\/posts\/29899\/revisions\/29901"}],"wp:featuredmedia":[{"embeddable":true,"href":"https:\/\/tce.pb.gov.br\/portalprimeirainfancia\/wp-json\/wp\/v2\/media\/29900"}],"wp:attachment":[{"href":"https:\/\/tce.pb.gov.br\/portalprimeirainfancia\/wp-json\/wp\/v2\/media?parent=29899"}],"wp:term":[{"taxonomy":"category","embeddable":true,"href":"https:\/\/tce.pb.gov.br\/portalprimeirainfancia\/wp-json\/wp\/v2\/categories?post=29899"},{"taxonomy":"post_tag","embeddable":true,"href":"https:\/\/tce.pb.gov.br\/portalprimeirainfancia\/wp-json\/wp\/v2\/tags?post=29899"}],"curies":[{"name":"wp","href":"https:\/\/api.w.org\/{rel}","templated":true}]}}