{"id":29895,"date":"2026-04-01T12:40:32","date_gmt":"2026-04-01T15:40:32","guid":{"rendered":"https:\/\/tce.pb.gov.br\/portalprimeirainfancia\/?p=29895"},"modified":"2026-04-07T12:46:19","modified_gmt":"2026-04-07T15:46:19","slug":"tce-pb-sediara-i-oficina-de-boas-praticas-em-primeira-infancia-nos-dias-9-e-10-de-abril","status":"publish","type":"post","link":"https:\/\/tce.pb.gov.br\/portalprimeirainfancia\/tce-pb-sediara-i-oficina-de-boas-praticas-em-primeira-infancia-nos-dias-9-e-10-de-abril\/","title":{"rendered":"TCE-PB sediar\u00e1 I Oficina de Boas Pr\u00e1ticas em Primeira Inf\u00e2ncia nos dias 9 e 10 de abril"},"content":{"rendered":"\n<figure class=\"wp-block-image aligncenter size-large\"><img fetchpriority=\"high\" decoding=\"async\" width=\"1024\" height=\"683\" src=\"https:\/\/tce.pb.gov.br\/portalprimeirainfancia\/wp-content\/uploads\/2026\/04\/image-1024x683.png\" alt=\"\" class=\"wp-image-29896\" srcset=\"https:\/\/tce.pb.gov.br\/portalprimeirainfancia\/wp-content\/uploads\/2026\/04\/image-1024x683.png 1024w, https:\/\/tce.pb.gov.br\/portalprimeirainfancia\/wp-content\/uploads\/2026\/04\/image-300x200.png 300w, https:\/\/tce.pb.gov.br\/portalprimeirainfancia\/wp-content\/uploads\/2026\/04\/image-768x512.png 768w, https:\/\/tce.pb.gov.br\/portalprimeirainfancia\/wp-content\/uploads\/2026\/04\/image-1536x1024.png 1536w, https:\/\/tce.pb.gov.br\/portalprimeirainfancia\/wp-content\/uploads\/2026\/04\/image.png 1921w\" sizes=\"(max-width: 1024px) 100vw, 1024px\" \/><\/figure>\n\n\n\n<p>O Tribunal de Contas da Para\u00edba (TCE-PB) promover\u00e1, nos pr\u00f3ximos dias 9 e 10 de abril, em Jo\u00e3o Pessoa, a I Oficina de Boas Pr\u00e1ticas em Primeira Inf\u00e2ncia dos Tribunais de Contas, reunindo representantes de diversas Cortes de Contas do pa\u00eds para o interc\u00e2mbio de experi\u00eancias e o fortalecimento do controle externo voltado \u00e0s pol\u00edticas p\u00fablicas destinadas \u00e0s crian\u00e7as de 0 a 6 anos.<\/p>\n\n\n\n<p>A programa\u00e7\u00e3o contempla uma s\u00e9rie de palestras e pain\u00e9is t\u00e9cnicos com foco em financiamento, monitoramento e auditorias operacionais, abordando iniciativas exitosas e estrat\u00e9gias de atua\u00e7\u00e3o dos Tribunais de Contas na \u00e1rea da primeira inf\u00e2ncia.<\/p>\n\n\n\n<p>A abertura do evento, na manh\u00e3 do dia 9, contar\u00e1 com a participa\u00e7\u00e3o do presidente do TCE-PB, conselheiro F\u00e1bio Nogueira, al\u00e9m de representantes do Instituto Rui Barbosa (IRB) e do Comit\u00ea T\u00e9cnico da Primeira Inf\u00e2ncia. Na sequ\u00eancia, ser\u00e3o discutidos temas como a situa\u00e7\u00e3o da primeira inf\u00e2ncia no Brasil, mecanismos de financiamento de pol\u00edticas p\u00fablicas \u2014 com destaque para os Fundos da Inf\u00e2ncia e Adolesc\u00eancia (FIA) \u2014 e experi\u00eancias estaduais, como o pacto cearense pela primeira inf\u00e2ncia.<\/p>\n\n\n\n<p><strong>Programa\u00e7\u00e3o \u2013<\/strong>&nbsp;Ainda no primeiro dia, a programa\u00e7\u00e3o inclui apresenta\u00e7\u00f5es sobre monitoramento e avalia\u00e7\u00e3o de pol\u00edticas p\u00fablicas, a exemplo do Indicador Prisma, al\u00e9m de iniciativas voltadas \u00e0 equidade no acesso \u00e0 educa\u00e7\u00e3o infantil e auditorias operacionais realizadas no territ\u00f3rio paraibano, com foco em achados, recomenda\u00e7\u00f5es e estrat\u00e9gias de acompanhamento.<\/p>\n\n\n\n<p>No dia 10, os debates ter\u00e3o continuidade com a participa\u00e7\u00e3o de Tribunais de Contas de estados como Mato Grosso do Sul, Distrito Federal, Par\u00e1 e Roraima, al\u00e9m de representantes de \u00f3rg\u00e3os governamentais. Entre os temas abordados est\u00e3o a vis\u00e3o sist\u00eamica da primeira inf\u00e2ncia no controle externo, a elabora\u00e7\u00e3o de notas recomendat\u00f3rias a partir de auditorias, a integra\u00e7\u00e3o de a\u00e7\u00f5es governamentais e experi\u00eancias exitosas que geram resultados concretos na \u00e1rea.<\/p>\n\n\n\n<p>A programa\u00e7\u00e3o tamb\u00e9m destacar\u00e1 a coopera\u00e7\u00e3o institucional entre o TCE-PB e \u00f3rg\u00e3os estaduais de ci\u00eancia, tecnologia e inova\u00e7\u00e3o, bem como a interface entre pol\u00edticas de primeira inf\u00e2ncia e o controle externo.<\/p>\n\n\n\n<p>Ao final de cada dia, ser\u00e3o realizadas avalia\u00e7\u00f5es das a\u00e7\u00f5es apresentadas, com o objetivo de consolidar aprendizados, identificar desafios e aprimorar as estrat\u00e9gias de atua\u00e7\u00e3o dos Tribunais de Contas na fiscaliza\u00e7\u00e3o e indu\u00e7\u00e3o de pol\u00edticas p\u00fablicas mais eficazes para a primeira inf\u00e2ncia.<\/p>\n\n\n\n<p>Para a organiza\u00e7\u00e3o do evento, a iniciativa refor\u00e7a o compromisso do TCE-PB com o fortalecimento do controle externo e com a promo\u00e7\u00e3o de pol\u00edticas p\u00fablicas que garantam o desenvolvimento integral das crian\u00e7as na fase mais decisiva da vida.<\/p>\n\n\n\n<p><strong>Link para inscri\u00e7\u00f5es<\/strong>:&nbsp;<a href=\"https:\/\/doity.com.br\/i-oficina-de-boas-praticas-dos-tribunais-de-contas-em-primeira-infancia\" target=\"_blank\" rel=\"noreferrer noopener\">https:\/\/doity.com.br\/i-oficina-de-boas-praticas-dos-tribunais-de-contas-em-primeira-infancia<\/a><\/p>\n\n\n\n<p class=\"has-text-align-center\">PROGRAMA\u00c7\u00c3O<\/p>\n\n\n\n<figure class=\"wp-block-image aligncenter size-full\"><img decoding=\"async\" width=\"1024\" height=\"624\" src=\"https:\/\/tce.pb.gov.br\/portalprimeirainfancia\/wp-content\/uploads\/2026\/04\/image-1.png\" alt=\"\" class=\"wp-image-29897\" srcset=\"https:\/\/tce.pb.gov.br\/portalprimeirainfancia\/wp-content\/uploads\/2026\/04\/image-1.png 1024w, https:\/\/tce.pb.gov.br\/portalprimeirainfancia\/wp-content\/uploads\/2026\/04\/image-1-300x183.png 300w, https:\/\/tce.pb.gov.br\/portalprimeirainfancia\/wp-content\/uploads\/2026\/04\/image-1-768x468.png 768w\" sizes=\"(max-width: 1024px) 100vw, 1024px\" \/><\/figure>\n\n\n\n<p class=\"has-text-align-right\">Ascom \/ TCE-PB<\/p>\n\n\n\n<p class=\"has-text-align-right\">F\u00e1bia Carolino<\/p>\n","protected":false},"excerpt":{"rendered":"<p>O Tribunal de Contas da Para\u00edba (TCE-PB) promover\u00e1, nos pr\u00f3ximos dias 9 e 10 de abril, em Jo\u00e3o Pessoa, a [&hellip;]<\/p>\n","protected":false},"author":6,"featured_media":29896,"comment_status":"closed","ping_status":"closed","sticky":false,"template":"","format":"standard","meta":{"site-sidebar-layout":"default","site-content-layout":"","ast-site-content-layout":"","site-content-style":"default","site-sidebar-style":"default","ast-global-header-display":"","ast-banner-title-visibility":"","ast-main-header-display":"","ast-hfb-above-header-display":"","ast-hfb-below-header-display":"","ast-hfb-mobile-header-display":"","site-post-title":"","ast-breadcrumbs-content":"","ast-featured-img":"","footer-sml-layout":"","theme-transparent-header-meta":"","adv-header-id-meta":"","stick-header-meta":"","header-above-stick-meta":"","header-main-stick-meta":"","header-below-stick-meta":"","astra-migrate-meta-layouts":"default","ast-page-background-enabled":"default","ast-page-background-meta":{"desktop":{"background-color":"var(--ast-global-color-5)","background-image":"","background-repeat":"repeat","background-position":"center center","background-size":"auto","background-attachment":"scroll","background-type":"","background-media":"","overlay-type":"","overlay-color":"","overlay-opacity":"","overlay-gradient":""},"tablet":{"background-color":"","background-image":"","background-repeat":"repeat","background-position":"center center","background-size":"auto","background-attachment":"scroll","background-type":"","background-media":"","overlay-type":"","overlay-color":"","overlay-opacity":"","overlay-gradient":""},"mobile":{"background-color":"","background-image":"","background-repeat":"repeat","background-position":"center center","background-size":"auto","background-attachment":"scroll","background-type":"","background-media":"","overlay-type":"","overlay-color":"","overlay-opacity":"","overlay-gradient":""}},"ast-content-background-meta":{"desktop":{"background-color":"var(--ast-global-color-4)","background-image":"","background-repeat":"repeat","background-position":"center center","background-size":"auto","background-attachment":"scroll","background-type":"","background-media":"","overlay-type":"","overlay-color":"","overlay-opacity":"","overlay-gradient":""},"tablet":{"background-color":"var(--ast-global-color-4)","background-image":"","background-repeat":"repeat","background-position":"center center","background-size":"auto","background-attachment":"scroll","background-type":"","background-media":"","overlay-type":"","overlay-color":"","overlay-opacity":"","overlay-gradient":""},"mobile":{"background-color":"var(--ast-global-color-4)","background-image":"","background-repeat":"repeat","background-position":"center center","background-size":"auto","background-attachment":"scroll","background-type":"","background-media":"","overlay-type":"","overlay-color":"","overlay-opacity":"","overlay-gradient":""}},"_jetpack_memberships_contains_paid_content":false,"footnotes":""},"categories":[24,7],"tags":[27,25,31,26],"class_list":["post-29895","post","type-post","status-publish","format-standard","has-post-thumbnail","hentry","category-destaques","category-noticias","tag-pacto-pela-primeira-infancia","tag-primeira-infancia","tag-tce","tag-tce-pb"],"yoast_head":"<!-- This site is optimized with the Yoast SEO plugin v27.5 - https:\/\/yoast.com\/product\/yoast-seo-wordpress\/ -->\n<title>TCE-PB sediar\u00e1 I Oficina de Boas Pr\u00e1ticas em Primeira Inf\u00e2ncia nos dias 9 e 10 de abril %<\/title>\n<meta name=\"description\" content=\"TCE-PB sediar\u00e1 I Oficina de Boas Pr\u00e1ticas em Primeira Inf\u00e2ncia nos dias 9 e 10 de abril %\" \/>\n<meta name=\"robots\" content=\"index, follow, max-snippet:-1, max-image-preview:large, max-video-preview:-1\" \/>\n<link rel=\"canonical\" href=\"https:\/\/tce.pb.gov.br\/portalprimeirainfancia\/tce-pb-sediara-i-oficina-de-boas-praticas-em-primeira-infancia-nos-dias-9-e-10-de-abril\/\" \/>\n<meta property=\"og:locale\" content=\"pt_BR\" \/>\n<meta property=\"og:type\" content=\"article\" \/>\n<meta property=\"og:title\" content=\"TCE-PB sediar\u00e1 I Oficina de Boas Pr\u00e1ticas em Primeira Inf\u00e2ncia nos dias 9 e 10 de abril %\" \/>\n<meta property=\"og:description\" content=\"TCE-PB sediar\u00e1 I Oficina de Boas Pr\u00e1ticas em Primeira Inf\u00e2ncia nos dias 9 e 10 de abril %\" \/>\n<meta property=\"og:url\" content=\"https:\/\/tce.pb.gov.br\/portalprimeirainfancia\/tce-pb-sediara-i-oficina-de-boas-praticas-em-primeira-infancia-nos-dias-9-e-10-de-abril\/\" \/>\n<meta property=\"og:site_name\" content=\"Pacto Paraibano pela Primeira Inf\u00e2ncia\" \/>\n<meta property=\"article:published_time\" content=\"2026-04-01T15:40:32+00:00\" \/>\n<meta property=\"article:modified_time\" content=\"2026-04-07T15:46:19+00:00\" \/>\n<meta property=\"og:image\" content=\"https:\/\/tce.pb.gov.br\/portalprimeirainfancia\/wp-content\/uploads\/2026\/04\/image.png\" \/>\n\t<meta property=\"og:image:width\" content=\"1921\" \/>\n\t<meta property=\"og:image:height\" content=\"1281\" \/>\n\t<meta property=\"og:image:type\" content=\"image\/png\" \/>\n<meta name=\"author\" content=\"Rafael Massoni\" \/>\n<meta name=\"twitter:card\" content=\"summary_large_image\" \/>\n<meta name=\"twitter:label1\" content=\"Escrito por\" \/>\n\t<meta name=\"twitter:data1\" content=\"Rafael Massoni\" \/>\n\t<meta name=\"twitter:label2\" content=\"Est. tempo de leitura\" \/>\n\t<meta name=\"twitter:data2\" content=\"3 minutos\" \/>\n<script type=\"application\/ld+json\" class=\"yoast-schema-graph\">{\"@context\":\"https:\\\/\\\/schema.org\",\"@graph\":[{\"@type\":\"NewsArticle\",\"@id\":\"https:\\\/\\\/tce.pb.gov.br\\\/portalprimeirainfancia\\\/tce-pb-sediara-i-oficina-de-boas-praticas-em-primeira-infancia-nos-dias-9-e-10-de-abril\\\/#article\",\"isPartOf\":{\"@id\":\"https:\\\/\\\/tce.pb.gov.br\\\/portalprimeirainfancia\\\/tce-pb-sediara-i-oficina-de-boas-praticas-em-primeira-infancia-nos-dias-9-e-10-de-abril\\\/\"},\"author\":{\"name\":\"Rafael Massoni\",\"@id\":\"https:\\\/\\\/tce.pb.gov.br\\\/portalprimeirainfancia\\\/#\\\/schema\\\/person\\\/6a39eea5836dda604de1c5e5b7d62141\"},\"headline\":\"TCE-PB sediar\u00e1 I Oficina de Boas Pr\u00e1ticas em Primeira Inf\u00e2ncia nos dias 9 e 10 de abril\",\"datePublished\":\"2026-04-01T15:40:32+00:00\",\"dateModified\":\"2026-04-07T15:46:19+00:00\",\"mainEntityOfPage\":{\"@id\":\"https:\\\/\\\/tce.pb.gov.br\\\/portalprimeirainfancia\\\/tce-pb-sediara-i-oficina-de-boas-praticas-em-primeira-infancia-nos-dias-9-e-10-de-abril\\\/\"},\"wordCount\":508,\"publisher\":{\"@id\":\"https:\\\/\\\/tce.pb.gov.br\\\/portalprimeirainfancia\\\/#organization\"},\"image\":{\"@id\":\"https:\\\/\\\/tce.pb.gov.br\\\/portalprimeirainfancia\\\/tce-pb-sediara-i-oficina-de-boas-praticas-em-primeira-infancia-nos-dias-9-e-10-de-abril\\\/#primaryimage\"},\"thumbnailUrl\":\"https:\\\/\\\/tce.pb.gov.br\\\/portalprimeirainfancia\\\/wp-content\\\/uploads\\\/2026\\\/04\\\/image.png\",\"keywords\":[\"pacto pela primeira infancia\",\"primeira infancia\",\"tce\",\"tce-pb\"],\"articleSection\":[\"Destaques\",\"Not\u00edcias\"],\"inLanguage\":\"pt-BR\"},{\"@type\":\"WebPage\",\"@id\":\"https:\\\/\\\/tce.pb.gov.br\\\/portalprimeirainfancia\\\/tce-pb-sediara-i-oficina-de-boas-praticas-em-primeira-infancia-nos-dias-9-e-10-de-abril\\\/\",\"url\":\"https:\\\/\\\/tce.pb.gov.br\\\/portalprimeirainfancia\\\/tce-pb-sediara-i-oficina-de-boas-praticas-em-primeira-infancia-nos-dias-9-e-10-de-abril\\\/\",\"name\":\"TCE-PB sediar\u00e1 I Oficina de Boas Pr\u00e1ticas em Primeira Inf\u00e2ncia nos dias 9 e 10 de abril %\",\"isPartOf\":{\"@id\":\"https:\\\/\\\/tce.pb.gov.br\\\/portalprimeirainfancia\\\/#website\"},\"primaryImageOfPage\":{\"@id\":\"https:\\\/\\\/tce.pb.gov.br\\\/portalprimeirainfancia\\\/tce-pb-sediara-i-oficina-de-boas-praticas-em-primeira-infancia-nos-dias-9-e-10-de-abril\\\/#primaryimage\"},\"image\":{\"@id\":\"https:\\\/\\\/tce.pb.gov.br\\\/portalprimeirainfancia\\\/tce-pb-sediara-i-oficina-de-boas-praticas-em-primeira-infancia-nos-dias-9-e-10-de-abril\\\/#primaryimage\"},\"thumbnailUrl\":\"https:\\\/\\\/tce.pb.gov.br\\\/portalprimeirainfancia\\\/wp-content\\\/uploads\\\/2026\\\/04\\\/image.png\",\"datePublished\":\"2026-04-01T15:40:32+00:00\",\"dateModified\":\"2026-04-07T15:46:19+00:00\",\"description\":\"TCE-PB sediar\u00e1 I Oficina de Boas Pr\u00e1ticas em Primeira Inf\u00e2ncia nos dias 9 e 10 de abril %\",\"breadcrumb\":{\"@id\":\"https:\\\/\\\/tce.pb.gov.br\\\/portalprimeirainfancia\\\/tce-pb-sediara-i-oficina-de-boas-praticas-em-primeira-infancia-nos-dias-9-e-10-de-abril\\\/#breadcrumb\"},\"inLanguage\":\"pt-BR\",\"potentialAction\":[{\"@type\":\"ReadAction\",\"target\":[\"https:\\\/\\\/tce.pb.gov.br\\\/portalprimeirainfancia\\\/tce-pb-sediara-i-oficina-de-boas-praticas-em-primeira-infancia-nos-dias-9-e-10-de-abril\\\/\"]}]},{\"@type\":\"ImageObject\",\"inLanguage\":\"pt-BR\",\"@id\":\"https:\\\/\\\/tce.pb.gov.br\\\/portalprimeirainfancia\\\/tce-pb-sediara-i-oficina-de-boas-praticas-em-primeira-infancia-nos-dias-9-e-10-de-abril\\\/#primaryimage\",\"url\":\"https:\\\/\\\/tce.pb.gov.br\\\/portalprimeirainfancia\\\/wp-content\\\/uploads\\\/2026\\\/04\\\/image.png\",\"contentUrl\":\"https:\\\/\\\/tce.pb.gov.br\\\/portalprimeirainfancia\\\/wp-content\\\/uploads\\\/2026\\\/04\\\/image.png\",\"width\":1921,\"height\":1281},{\"@type\":\"BreadcrumbList\",\"@id\":\"https:\\\/\\\/tce.pb.gov.br\\\/portalprimeirainfancia\\\/tce-pb-sediara-i-oficina-de-boas-praticas-em-primeira-infancia-nos-dias-9-e-10-de-abril\\\/#breadcrumb\",\"itemListElement\":[{\"@type\":\"ListItem\",\"position\":1,\"name\":\"In\u00edcio\",\"item\":\"https:\\\/\\\/tce.pb.gov.br\\\/portalprimeirainfancia\\\/\"},{\"@type\":\"ListItem\",\"position\":2,\"name\":\"TCE-PB sediar\u00e1 I Oficina de Boas Pr\u00e1ticas em Primeira Inf\u00e2ncia nos dias 9 e 10 de abril\"}]},{\"@type\":\"WebSite\",\"@id\":\"https:\\\/\\\/tce.pb.gov.br\\\/portalprimeirainfancia\\\/#website\",\"url\":\"https:\\\/\\\/tce.pb.gov.br\\\/portalprimeirainfancia\\\/\",\"name\":\"Pacto Paraibano pela Primeira Inf\u00e2ncia\",\"description\":\"Portal para divulga\u00e7\u00e3o do Pacto Paraibano pela Primeira Inf\u00e2ncia\",\"publisher\":{\"@id\":\"https:\\\/\\\/tce.pb.gov.br\\\/portalprimeirainfancia\\\/#organization\"},\"potentialAction\":[{\"@type\":\"SearchAction\",\"target\":{\"@type\":\"EntryPoint\",\"urlTemplate\":\"https:\\\/\\\/tce.pb.gov.br\\\/portalprimeirainfancia\\\/?s={search_term_string}\"},\"query-input\":{\"@type\":\"PropertyValueSpecification\",\"valueRequired\":true,\"valueName\":\"search_term_string\"}}],\"inLanguage\":\"pt-BR\"},{\"@type\":\"Organization\",\"@id\":\"https:\\\/\\\/tce.pb.gov.br\\\/portalprimeirainfancia\\\/#organization\",\"name\":\"Pacto Paraibano pela Primeira Inf\u00e2ncia\",\"alternateName\":\"TCE-PB\",\"url\":\"https:\\\/\\\/tce.pb.gov.br\\\/portalprimeirainfancia\\\/\",\"logo\":{\"@type\":\"ImageObject\",\"inLanguage\":\"pt-BR\",\"@id\":\"https:\\\/\\\/tce.pb.gov.br\\\/portalprimeirainfancia\\\/#\\\/schema\\\/logo\\\/image\\\/\",\"url\":\"https:\\\/\\\/tce.pb.gov.br\\\/portalprimeirainfancia\\\/wp-content\\\/uploads\\\/2025\\\/05\\\/Pacto-Whatsapp.png\",\"contentUrl\":\"https:\\\/\\\/tce.pb.gov.br\\\/portalprimeirainfancia\\\/wp-content\\\/uploads\\\/2025\\\/05\\\/Pacto-Whatsapp.png\",\"width\":427,\"height\":427,\"caption\":\"Pacto Paraibano pela Primeira Inf\u00e2ncia\"},\"image\":{\"@id\":\"https:\\\/\\\/tce.pb.gov.br\\\/portalprimeirainfancia\\\/#\\\/schema\\\/logo\\\/image\\\/\"},\"sameAs\":[\"https:\\\/\\\/www.instagram.com\\\/tcepb\\\/\"]},{\"@type\":\"Person\",\"@id\":\"https:\\\/\\\/tce.pb.gov.br\\\/portalprimeirainfancia\\\/#\\\/schema\\\/person\\\/6a39eea5836dda604de1c5e5b7d62141\",\"name\":\"Rafael Massoni\"}]}<\/script>\n<!-- \/ Yoast SEO plugin. -->","yoast_head_json":{"title":"TCE-PB sediar\u00e1 I Oficina de Boas Pr\u00e1ticas em Primeira Inf\u00e2ncia nos dias 9 e 10 de abril %","description":"TCE-PB sediar\u00e1 I Oficina de Boas Pr\u00e1ticas em Primeira Inf\u00e2ncia nos dias 9 e 10 de abril %","robots":{"index":"index","follow":"follow","max-snippet":"max-snippet:-1","max-image-preview":"max-image-preview:large","max-video-preview":"max-video-preview:-1"},"canonical":"https:\/\/tce.pb.gov.br\/portalprimeirainfancia\/tce-pb-sediara-i-oficina-de-boas-praticas-em-primeira-infancia-nos-dias-9-e-10-de-abril\/","og_locale":"pt_BR","og_type":"article","og_title":"TCE-PB sediar\u00e1 I Oficina de Boas Pr\u00e1ticas em Primeira Inf\u00e2ncia nos dias 9 e 10 de abril %","og_description":"TCE-PB sediar\u00e1 I Oficina de Boas Pr\u00e1ticas em Primeira Inf\u00e2ncia nos dias 9 e 10 de abril %","og_url":"https:\/\/tce.pb.gov.br\/portalprimeirainfancia\/tce-pb-sediara-i-oficina-de-boas-praticas-em-primeira-infancia-nos-dias-9-e-10-de-abril\/","og_site_name":"Pacto Paraibano pela Primeira Inf\u00e2ncia","article_published_time":"2026-04-01T15:40:32+00:00","article_modified_time":"2026-04-07T15:46:19+00:00","og_image":[{"width":1921,"height":1281,"url":"https:\/\/tce.pb.gov.br\/portalprimeirainfancia\/wp-content\/uploads\/2026\/04\/image.png","type":"image\/png"}],"author":"Rafael Massoni","twitter_card":"summary_large_image","twitter_misc":{"Escrito por":"Rafael Massoni","Est. tempo de leitura":"3 minutos"},"schema":{"@context":"https:\/\/schema.org","@graph":[{"@type":"NewsArticle","@id":"https:\/\/tce.pb.gov.br\/portalprimeirainfancia\/tce-pb-sediara-i-oficina-de-boas-praticas-em-primeira-infancia-nos-dias-9-e-10-de-abril\/#article","isPartOf":{"@id":"https:\/\/tce.pb.gov.br\/portalprimeirainfancia\/tce-pb-sediara-i-oficina-de-boas-praticas-em-primeira-infancia-nos-dias-9-e-10-de-abril\/"},"author":{"name":"Rafael Massoni","@id":"https:\/\/tce.pb.gov.br\/portalprimeirainfancia\/#\/schema\/person\/6a39eea5836dda604de1c5e5b7d62141"},"headline":"TCE-PB sediar\u00e1 I Oficina de Boas Pr\u00e1ticas em Primeira Inf\u00e2ncia nos dias 9 e 10 de abril","datePublished":"2026-04-01T15:40:32+00:00","dateModified":"2026-04-07T15:46:19+00:00","mainEntityOfPage":{"@id":"https:\/\/tce.pb.gov.br\/portalprimeirainfancia\/tce-pb-sediara-i-oficina-de-boas-praticas-em-primeira-infancia-nos-dias-9-e-10-de-abril\/"},"wordCount":508,"publisher":{"@id":"https:\/\/tce.pb.gov.br\/portalprimeirainfancia\/#organization"},"image":{"@id":"https:\/\/tce.pb.gov.br\/portalprimeirainfancia\/tce-pb-sediara-i-oficina-de-boas-praticas-em-primeira-infancia-nos-dias-9-e-10-de-abril\/#primaryimage"},"thumbnailUrl":"https:\/\/tce.pb.gov.br\/portalprimeirainfancia\/wp-content\/uploads\/2026\/04\/image.png","keywords":["pacto pela primeira infancia","primeira infancia","tce","tce-pb"],"articleSection":["Destaques","Not\u00edcias"],"inLanguage":"pt-BR"},{"@type":"WebPage","@id":"https:\/\/tce.pb.gov.br\/portalprimeirainfancia\/tce-pb-sediara-i-oficina-de-boas-praticas-em-primeira-infancia-nos-dias-9-e-10-de-abril\/","url":"https:\/\/tce.pb.gov.br\/portalprimeirainfancia\/tce-pb-sediara-i-oficina-de-boas-praticas-em-primeira-infancia-nos-dias-9-e-10-de-abril\/","name":"TCE-PB sediar\u00e1 I Oficina de Boas Pr\u00e1ticas em Primeira Inf\u00e2ncia nos dias 9 e 10 de abril %","isPartOf":{"@id":"https:\/\/tce.pb.gov.br\/portalprimeirainfancia\/#website"},"primaryImageOfPage":{"@id":"https:\/\/tce.pb.gov.br\/portalprimeirainfancia\/tce-pb-sediara-i-oficina-de-boas-praticas-em-primeira-infancia-nos-dias-9-e-10-de-abril\/#primaryimage"},"image":{"@id":"https:\/\/tce.pb.gov.br\/portalprimeirainfancia\/tce-pb-sediara-i-oficina-de-boas-praticas-em-primeira-infancia-nos-dias-9-e-10-de-abril\/#primaryimage"},"thumbnailUrl":"https:\/\/tce.pb.gov.br\/portalprimeirainfancia\/wp-content\/uploads\/2026\/04\/image.png","datePublished":"2026-04-01T15:40:32+00:00","dateModified":"2026-04-07T15:46:19+00:00","description":"TCE-PB sediar\u00e1 I Oficina de Boas Pr\u00e1ticas em Primeira Inf\u00e2ncia nos dias 9 e 10 de abril %","breadcrumb":{"@id":"https:\/\/tce.pb.gov.br\/portalprimeirainfancia\/tce-pb-sediara-i-oficina-de-boas-praticas-em-primeira-infancia-nos-dias-9-e-10-de-abril\/#breadcrumb"},"inLanguage":"pt-BR","potentialAction":[{"@type":"ReadAction","target":["https:\/\/tce.pb.gov.br\/portalprimeirainfancia\/tce-pb-sediara-i-oficina-de-boas-praticas-em-primeira-infancia-nos-dias-9-e-10-de-abril\/"]}]},{"@type":"ImageObject","inLanguage":"pt-BR","@id":"https:\/\/tce.pb.gov.br\/portalprimeirainfancia\/tce-pb-sediara-i-oficina-de-boas-praticas-em-primeira-infancia-nos-dias-9-e-10-de-abril\/#primaryimage","url":"https:\/\/tce.pb.gov.br\/portalprimeirainfancia\/wp-content\/uploads\/2026\/04\/image.png","contentUrl":"https:\/\/tce.pb.gov.br\/portalprimeirainfancia\/wp-content\/uploads\/2026\/04\/image.png","width":1921,"height":1281},{"@type":"BreadcrumbList","@id":"https:\/\/tce.pb.gov.br\/portalprimeirainfancia\/tce-pb-sediara-i-oficina-de-boas-praticas-em-primeira-infancia-nos-dias-9-e-10-de-abril\/#breadcrumb","itemListElement":[{"@type":"ListItem","position":1,"name":"In\u00edcio","item":"https:\/\/tce.pb.gov.br\/portalprimeirainfancia\/"},{"@type":"ListItem","position":2,"name":"TCE-PB sediar\u00e1 I Oficina de Boas Pr\u00e1ticas em Primeira Inf\u00e2ncia nos dias 9 e 10 de abril"}]},{"@type":"WebSite","@id":"https:\/\/tce.pb.gov.br\/portalprimeirainfancia\/#website","url":"https:\/\/tce.pb.gov.br\/portalprimeirainfancia\/","name":"Pacto Paraibano pela Primeira Inf\u00e2ncia","description":"Portal para divulga\u00e7\u00e3o do Pacto Paraibano pela Primeira Inf\u00e2ncia","publisher":{"@id":"https:\/\/tce.pb.gov.br\/portalprimeirainfancia\/#organization"},"potentialAction":[{"@type":"SearchAction","target":{"@type":"EntryPoint","urlTemplate":"https:\/\/tce.pb.gov.br\/portalprimeirainfancia\/?s={search_term_string}"},"query-input":{"@type":"PropertyValueSpecification","valueRequired":true,"valueName":"search_term_string"}}],"inLanguage":"pt-BR"},{"@type":"Organization","@id":"https:\/\/tce.pb.gov.br\/portalprimeirainfancia\/#organization","name":"Pacto Paraibano pela Primeira Inf\u00e2ncia","alternateName":"TCE-PB","url":"https:\/\/tce.pb.gov.br\/portalprimeirainfancia\/","logo":{"@type":"ImageObject","inLanguage":"pt-BR","@id":"https:\/\/tce.pb.gov.br\/portalprimeirainfancia\/#\/schema\/logo\/image\/","url":"https:\/\/tce.pb.gov.br\/portalprimeirainfancia\/wp-content\/uploads\/2025\/05\/Pacto-Whatsapp.png","contentUrl":"https:\/\/tce.pb.gov.br\/portalprimeirainfancia\/wp-content\/uploads\/2025\/05\/Pacto-Whatsapp.png","width":427,"height":427,"caption":"Pacto Paraibano pela Primeira Inf\u00e2ncia"},"image":{"@id":"https:\/\/tce.pb.gov.br\/portalprimeirainfancia\/#\/schema\/logo\/image\/"},"sameAs":["https:\/\/www.instagram.com\/tcepb\/"]},{"@type":"Person","@id":"https:\/\/tce.pb.gov.br\/portalprimeirainfancia\/#\/schema\/person\/6a39eea5836dda604de1c5e5b7d62141","name":"Rafael Massoni"}]}},"jetpack_featured_media_url":"https:\/\/tce.pb.gov.br\/portalprimeirainfancia\/wp-content\/uploads\/2026\/04\/image.png","jetpack_sharing_enabled":true,"_links":{"self":[{"href":"https:\/\/tce.pb.gov.br\/portalprimeirainfancia\/wp-json\/wp\/v2\/posts\/29895","targetHints":{"allow":["GET"]}}],"collection":[{"href":"https:\/\/tce.pb.gov.br\/portalprimeirainfancia\/wp-json\/wp\/v2\/posts"}],"about":[{"href":"https:\/\/tce.pb.gov.br\/portalprimeirainfancia\/wp-json\/wp\/v2\/types\/post"}],"author":[{"embeddable":true,"href":"https:\/\/tce.pb.gov.br\/portalprimeirainfancia\/wp-json\/wp\/v2\/users\/6"}],"replies":[{"embeddable":true,"href":"https:\/\/tce.pb.gov.br\/portalprimeirainfancia\/wp-json\/wp\/v2\/comments?post=29895"}],"version-history":[{"count":1,"href":"https:\/\/tce.pb.gov.br\/portalprimeirainfancia\/wp-json\/wp\/v2\/posts\/29895\/revisions"}],"predecessor-version":[{"id":29898,"href":"https:\/\/tce.pb.gov.br\/portalprimeirainfancia\/wp-json\/wp\/v2\/posts\/29895\/revisions\/29898"}],"wp:featuredmedia":[{"embeddable":true,"href":"https:\/\/tce.pb.gov.br\/portalprimeirainfancia\/wp-json\/wp\/v2\/media\/29896"}],"wp:attachment":[{"href":"https:\/\/tce.pb.gov.br\/portalprimeirainfancia\/wp-json\/wp\/v2\/media?parent=29895"}],"wp:term":[{"taxonomy":"category","embeddable":true,"href":"https:\/\/tce.pb.gov.br\/portalprimeirainfancia\/wp-json\/wp\/v2\/categories?post=29895"},{"taxonomy":"post_tag","embeddable":true,"href":"https:\/\/tce.pb.gov.br\/portalprimeirainfancia\/wp-json\/wp\/v2\/tags?post=29895"}],"curies":[{"name":"wp","href":"https:\/\/api.w.org\/{rel}","templated":true}]}}