{"id":29843,"date":"2026-02-25T08:02:26","date_gmt":"2026-02-25T11:02:26","guid":{"rendered":"https:\/\/tce.pb.gov.br\/portalprimeirainfancia\/?p=29843"},"modified":"2026-02-25T08:02:29","modified_gmt":"2026-02-25T11:02:29","slug":"tce-pb-reforca-prazo-para-envio-dos-planos-de-acao-da-primeira-infancia-ate-31-de-marco","status":"publish","type":"post","link":"https:\/\/tce.pb.gov.br\/portalprimeirainfancia\/tce-pb-reforca-prazo-para-envio-dos-planos-de-acao-da-primeira-infancia-ate-31-de-marco\/","title":{"rendered":"TCE-PB refor\u00e7a prazo para envio dos Planos de A\u00e7\u00e3o da Primeira Inf\u00e2ncia at\u00e9 31 de mar\u00e7o"},"content":{"rendered":"\n<figure class=\"wp-block-image aligncenter size-full\"><img fetchpriority=\"high\" decoding=\"async\" width=\"1024\" height=\"683\" src=\"https:\/\/tce.pb.gov.br\/portalprimeirainfancia\/wp-content\/uploads\/2026\/02\/image-4.png\" alt=\"\" class=\"wp-image-29844\" srcset=\"https:\/\/tce.pb.gov.br\/portalprimeirainfancia\/wp-content\/uploads\/2026\/02\/image-4.png 1024w, https:\/\/tce.pb.gov.br\/portalprimeirainfancia\/wp-content\/uploads\/2026\/02\/image-4-300x200.png 300w, https:\/\/tce.pb.gov.br\/portalprimeirainfancia\/wp-content\/uploads\/2026\/02\/image-4-768x512.png 768w\" sizes=\"(max-width: 1024px) 100vw, 1024px\" \/><\/figure>\n\n\n\n<p>O Tribunal de Contas da Para\u00edba (TCE-PB) reiterou aos munic\u00edpios jurisdicionados a obrigatoriedade de envio dos Planos de A\u00e7\u00e3o referentes \u00e0s pol\u00edticas p\u00fablicas voltadas \u00e0 Primeira Inf\u00e2ncia, conforme determina o Ac\u00f3rd\u00e3o APL\u2013TCE\/PB n\u00ba 510\/2025. O prazo final para encaminhamento da documenta\u00e7\u00e3o \u00e9 31 de mar\u00e7o de 2026, considerando apenas os dias \u00fateis.<\/p>\n\n\n\n<p>A orienta\u00e7\u00e3o consta de Of\u00edcio Circular expedido pela Presid\u00eancia do Tribunal e dirige-se especialmente aos gestores municipais respons\u00e1veis pelas pol\u00edticas p\u00fablicas da Primeira Inf\u00e2ncia. O documento destaca que a exig\u00eancia decorre das atribui\u00e7\u00f5es constitucionais do controle externo, no \u00e2mbito do acompanhamento e da avalia\u00e7\u00e3o das a\u00e7\u00f5es governamentais.<\/p>\n\n\n\n<p>O Ac\u00f3rd\u00e3o APL\u2013TC 510\/25 foi proferido no Processo TC n\u00ba 07533\/24, que trata de Auditoria Operacional destinada a avaliar a execu\u00e7\u00e3o e a implementa\u00e7\u00e3o dos resultados das pol\u00edticas p\u00fablicas voltadas \u00e0 Primeira Inf\u00e2ncia em todo o territ\u00f3rio paraibano. Segundo o TCE-PB, o prazo j\u00e1 havia sido amplamente divulgado em webin\u00e1rios t\u00e9cnicos realizados com as gest\u00f5es locais.<\/p>\n\n\n\n<p>O Tribunal esclarece ainda que o Plano de A\u00e7\u00e3o exigido n\u00e3o se confunde com o Plano Municipal pela Primeira Inf\u00e2ncia (PMPI). Embora ambos sejam obrigat\u00f3rios, o PMPI possui prazo distinto e deve ser encaminhado por meio do \u201cBanco de Legisla\u00e7\u00e3o\u201d do TCE-PB, em conformidade com o Marco Legal da Primeira Inf\u00e2ncia (Lei n\u00ba 13.257\/2016).<\/p>\n\n\n\n<p>De acordo com o of\u00edcio, a n\u00e3o remessa do Plano de A\u00e7\u00e3o at\u00e9 a data estabelecida poder\u00e1 ensejar a aplica\u00e7\u00e3o das san\u00e7\u00f5es jur\u00eddicas cab\u00edveis aos respons\u00e1veis.<\/p>\n\n\n\n<p>O presidente do TCE-PB, F\u00e1bio Nogueira, reafirma que o Tribunal permanece \u00e0 disposi\u00e7\u00e3o para esclarecer eventuais d\u00favidas t\u00e9cnicas e refor\u00e7a o compromisso institucional com a prioridade absoluta dos direitos da crian\u00e7a, conforme previsto na Constitui\u00e7\u00e3o Federal.<\/p>\n\n\n\n<p class=\"has-text-align-right\">Ascom\/TCE-PB<\/p>\n\n\n\n<p class=\"has-text-align-right\">F\u00e1bia Carolino<\/p>\n\n\n\n<p><\/p>\n","protected":false},"excerpt":{"rendered":"<p>O Tribunal de Contas da Para\u00edba (TCE-PB) reiterou aos munic\u00edpios jurisdicionados a obrigatoriedade de envio dos Planos de A\u00e7\u00e3o referentes [&hellip;]<\/p>\n","protected":false},"author":6,"featured_media":29844,"comment_status":"closed","ping_status":"closed","sticky":false,"template":"","format":"standard","meta":{"site-sidebar-layout":"default","site-content-layout":"","ast-site-content-layout":"","site-content-style":"default","site-sidebar-style":"default","ast-global-header-display":"","ast-banner-title-visibility":"","ast-main-header-display":"","ast-hfb-above-header-display":"","ast-hfb-below-header-display":"","ast-hfb-mobile-header-display":"","site-post-title":"","ast-breadcrumbs-content":"","ast-featured-img":"","footer-sml-layout":"","theme-transparent-header-meta":"","adv-header-id-meta":"","stick-header-meta":"","header-above-stick-meta":"","header-main-stick-meta":"","header-below-stick-meta":"","astra-migrate-meta-layouts":"default","ast-page-background-enabled":"default","ast-page-background-meta":{"desktop":{"background-color":"var(--ast-global-color-5)","background-image":"","background-repeat":"repeat","background-position":"center center","background-size":"auto","background-attachment":"scroll","background-type":"","background-media":"","overlay-type":"","overlay-color":"","overlay-opacity":"","overlay-gradient":""},"tablet":{"background-color":"","background-image":"","background-repeat":"repeat","background-position":"center center","background-size":"auto","background-attachment":"scroll","background-type":"","background-media":"","overlay-type":"","overlay-color":"","overlay-opacity":"","overlay-gradient":""},"mobile":{"background-color":"","background-image":"","background-repeat":"repeat","background-position":"center center","background-size":"auto","background-attachment":"scroll","background-type":"","background-media":"","overlay-type":"","overlay-color":"","overlay-opacity":"","overlay-gradient":""}},"ast-content-background-meta":{"desktop":{"background-color":"var(--ast-global-color-4)","background-image":"","background-repeat":"repeat","background-position":"center center","background-size":"auto","background-attachment":"scroll","background-type":"","background-media":"","overlay-type":"","overlay-color":"","overlay-opacity":"","overlay-gradient":""},"tablet":{"background-color":"var(--ast-global-color-4)","background-image":"","background-repeat":"repeat","background-position":"center center","background-size":"auto","background-attachment":"scroll","background-type":"","background-media":"","overlay-type":"","overlay-color":"","overlay-opacity":"","overlay-gradient":""},"mobile":{"background-color":"var(--ast-global-color-4)","background-image":"","background-repeat":"repeat","background-position":"center center","background-size":"auto","background-attachment":"scroll","background-type":"","background-media":"","overlay-type":"","overlay-color":"","overlay-opacity":"","overlay-gradient":""}},"_jetpack_memberships_contains_paid_content":false,"footnotes":""},"categories":[24,7],"tags":[27,39,25,31,26],"class_list":["post-29843","post","type-post","status-publish","format-standard","has-post-thumbnail","hentry","category-destaques","category-noticias","tag-pacto-pela-primeira-infancia","tag-prefeituras","tag-primeira-infancia","tag-tce","tag-tce-pb"],"yoast_head":"<!-- This site is optimized with the Yoast SEO plugin v27.5 - https:\/\/yoast.com\/product\/yoast-seo-wordpress\/ -->\n<title>TCE-PB refor\u00e7a prazo para envio dos Planos de A\u00e7\u00e3o da Primeira Inf\u00e2ncia at\u00e9 31 de mar\u00e7o %<\/title>\n<meta name=\"description\" content=\"TCE-PB refor\u00e7a prazo para envio dos Planos de A\u00e7\u00e3o da Primeira Inf\u00e2ncia at\u00e9 31 de mar\u00e7o %\" \/>\n<meta name=\"robots\" content=\"index, follow, max-snippet:-1, max-image-preview:large, max-video-preview:-1\" \/>\n<link rel=\"canonical\" href=\"https:\/\/tce.pb.gov.br\/portalprimeirainfancia\/tce-pb-reforca-prazo-para-envio-dos-planos-de-acao-da-primeira-infancia-ate-31-de-marco\/\" \/>\n<meta property=\"og:locale\" content=\"pt_BR\" \/>\n<meta property=\"og:type\" content=\"article\" \/>\n<meta property=\"og:title\" content=\"TCE-PB refor\u00e7a prazo para envio dos Planos de A\u00e7\u00e3o da Primeira Inf\u00e2ncia at\u00e9 31 de mar\u00e7o %\" \/>\n<meta property=\"og:description\" content=\"TCE-PB refor\u00e7a prazo para envio dos Planos de A\u00e7\u00e3o da Primeira Inf\u00e2ncia at\u00e9 31 de mar\u00e7o %\" \/>\n<meta property=\"og:url\" content=\"https:\/\/tce.pb.gov.br\/portalprimeirainfancia\/tce-pb-reforca-prazo-para-envio-dos-planos-de-acao-da-primeira-infancia-ate-31-de-marco\/\" \/>\n<meta property=\"og:site_name\" content=\"Pacto Paraibano pela Primeira Inf\u00e2ncia\" \/>\n<meta property=\"article:published_time\" content=\"2026-02-25T11:02:26+00:00\" \/>\n<meta property=\"article:modified_time\" content=\"2026-02-25T11:02:29+00:00\" \/>\n<meta property=\"og:image\" content=\"https:\/\/tce.pb.gov.br\/portalprimeirainfancia\/wp-content\/uploads\/2026\/02\/image-4.png\" \/>\n\t<meta property=\"og:image:width\" content=\"1024\" \/>\n\t<meta property=\"og:image:height\" content=\"683\" \/>\n\t<meta property=\"og:image:type\" content=\"image\/png\" \/>\n<meta name=\"author\" content=\"Rafael Massoni\" \/>\n<meta name=\"twitter:card\" content=\"summary_large_image\" \/>\n<meta name=\"twitter:label1\" content=\"Escrito por\" \/>\n\t<meta name=\"twitter:data1\" content=\"Rafael Massoni\" \/>\n\t<meta name=\"twitter:label2\" content=\"Est. tempo de leitura\" \/>\n\t<meta name=\"twitter:data2\" content=\"2 minutos\" \/>\n<script type=\"application\/ld+json\" class=\"yoast-schema-graph\">{\"@context\":\"https:\\\/\\\/schema.org\",\"@graph\":[{\"@type\":\"NewsArticle\",\"@id\":\"https:\\\/\\\/tce.pb.gov.br\\\/portalprimeirainfancia\\\/tce-pb-reforca-prazo-para-envio-dos-planos-de-acao-da-primeira-infancia-ate-31-de-marco\\\/#article\",\"isPartOf\":{\"@id\":\"https:\\\/\\\/tce.pb.gov.br\\\/portalprimeirainfancia\\\/tce-pb-reforca-prazo-para-envio-dos-planos-de-acao-da-primeira-infancia-ate-31-de-marco\\\/\"},\"author\":{\"name\":\"Rafael Massoni\",\"@id\":\"https:\\\/\\\/tce.pb.gov.br\\\/portalprimeirainfancia\\\/#\\\/schema\\\/person\\\/6a39eea5836dda604de1c5e5b7d62141\"},\"headline\":\"TCE-PB refor\u00e7a prazo para envio dos Planos de A\u00e7\u00e3o da Primeira Inf\u00e2ncia at\u00e9 31 de mar\u00e7o\",\"datePublished\":\"2026-02-25T11:02:26+00:00\",\"dateModified\":\"2026-02-25T11:02:29+00:00\",\"mainEntityOfPage\":{\"@id\":\"https:\\\/\\\/tce.pb.gov.br\\\/portalprimeirainfancia\\\/tce-pb-reforca-prazo-para-envio-dos-planos-de-acao-da-primeira-infancia-ate-31-de-marco\\\/\"},\"wordCount\":341,\"publisher\":{\"@id\":\"https:\\\/\\\/tce.pb.gov.br\\\/portalprimeirainfancia\\\/#organization\"},\"image\":{\"@id\":\"https:\\\/\\\/tce.pb.gov.br\\\/portalprimeirainfancia\\\/tce-pb-reforca-prazo-para-envio-dos-planos-de-acao-da-primeira-infancia-ate-31-de-marco\\\/#primaryimage\"},\"thumbnailUrl\":\"https:\\\/\\\/tce.pb.gov.br\\\/portalprimeirainfancia\\\/wp-content\\\/uploads\\\/2026\\\/02\\\/image-4.png\",\"keywords\":[\"pacto pela primeira infancia\",\"prefeituras\",\"primeira infancia\",\"tce\",\"tce-pb\"],\"articleSection\":[\"Destaques\",\"Not\u00edcias\"],\"inLanguage\":\"pt-BR\"},{\"@type\":\"WebPage\",\"@id\":\"https:\\\/\\\/tce.pb.gov.br\\\/portalprimeirainfancia\\\/tce-pb-reforca-prazo-para-envio-dos-planos-de-acao-da-primeira-infancia-ate-31-de-marco\\\/\",\"url\":\"https:\\\/\\\/tce.pb.gov.br\\\/portalprimeirainfancia\\\/tce-pb-reforca-prazo-para-envio-dos-planos-de-acao-da-primeira-infancia-ate-31-de-marco\\\/\",\"name\":\"TCE-PB refor\u00e7a prazo para envio dos Planos de A\u00e7\u00e3o da Primeira Inf\u00e2ncia at\u00e9 31 de mar\u00e7o %\",\"isPartOf\":{\"@id\":\"https:\\\/\\\/tce.pb.gov.br\\\/portalprimeirainfancia\\\/#website\"},\"primaryImageOfPage\":{\"@id\":\"https:\\\/\\\/tce.pb.gov.br\\\/portalprimeirainfancia\\\/tce-pb-reforca-prazo-para-envio-dos-planos-de-acao-da-primeira-infancia-ate-31-de-marco\\\/#primaryimage\"},\"image\":{\"@id\":\"https:\\\/\\\/tce.pb.gov.br\\\/portalprimeirainfancia\\\/tce-pb-reforca-prazo-para-envio-dos-planos-de-acao-da-primeira-infancia-ate-31-de-marco\\\/#primaryimage\"},\"thumbnailUrl\":\"https:\\\/\\\/tce.pb.gov.br\\\/portalprimeirainfancia\\\/wp-content\\\/uploads\\\/2026\\\/02\\\/image-4.png\",\"datePublished\":\"2026-02-25T11:02:26+00:00\",\"dateModified\":\"2026-02-25T11:02:29+00:00\",\"description\":\"TCE-PB refor\u00e7a prazo para envio dos Planos de A\u00e7\u00e3o da Primeira Inf\u00e2ncia at\u00e9 31 de mar\u00e7o %\",\"breadcrumb\":{\"@id\":\"https:\\\/\\\/tce.pb.gov.br\\\/portalprimeirainfancia\\\/tce-pb-reforca-prazo-para-envio-dos-planos-de-acao-da-primeira-infancia-ate-31-de-marco\\\/#breadcrumb\"},\"inLanguage\":\"pt-BR\",\"potentialAction\":[{\"@type\":\"ReadAction\",\"target\":[\"https:\\\/\\\/tce.pb.gov.br\\\/portalprimeirainfancia\\\/tce-pb-reforca-prazo-para-envio-dos-planos-de-acao-da-primeira-infancia-ate-31-de-marco\\\/\"]}]},{\"@type\":\"ImageObject\",\"inLanguage\":\"pt-BR\",\"@id\":\"https:\\\/\\\/tce.pb.gov.br\\\/portalprimeirainfancia\\\/tce-pb-reforca-prazo-para-envio-dos-planos-de-acao-da-primeira-infancia-ate-31-de-marco\\\/#primaryimage\",\"url\":\"https:\\\/\\\/tce.pb.gov.br\\\/portalprimeirainfancia\\\/wp-content\\\/uploads\\\/2026\\\/02\\\/image-4.png\",\"contentUrl\":\"https:\\\/\\\/tce.pb.gov.br\\\/portalprimeirainfancia\\\/wp-content\\\/uploads\\\/2026\\\/02\\\/image-4.png\",\"width\":1024,\"height\":683},{\"@type\":\"BreadcrumbList\",\"@id\":\"https:\\\/\\\/tce.pb.gov.br\\\/portalprimeirainfancia\\\/tce-pb-reforca-prazo-para-envio-dos-planos-de-acao-da-primeira-infancia-ate-31-de-marco\\\/#breadcrumb\",\"itemListElement\":[{\"@type\":\"ListItem\",\"position\":1,\"name\":\"In\u00edcio\",\"item\":\"https:\\\/\\\/tce.pb.gov.br\\\/portalprimeirainfancia\\\/\"},{\"@type\":\"ListItem\",\"position\":2,\"name\":\"TCE-PB refor\u00e7a prazo para envio dos Planos de A\u00e7\u00e3o da Primeira Inf\u00e2ncia at\u00e9 31 de mar\u00e7o\"}]},{\"@type\":\"WebSite\",\"@id\":\"https:\\\/\\\/tce.pb.gov.br\\\/portalprimeirainfancia\\\/#website\",\"url\":\"https:\\\/\\\/tce.pb.gov.br\\\/portalprimeirainfancia\\\/\",\"name\":\"Pacto Paraibano pela Primeira Inf\u00e2ncia\",\"description\":\"Portal para divulga\u00e7\u00e3o do Pacto Paraibano pela Primeira Inf\u00e2ncia\",\"publisher\":{\"@id\":\"https:\\\/\\\/tce.pb.gov.br\\\/portalprimeirainfancia\\\/#organization\"},\"potentialAction\":[{\"@type\":\"SearchAction\",\"target\":{\"@type\":\"EntryPoint\",\"urlTemplate\":\"https:\\\/\\\/tce.pb.gov.br\\\/portalprimeirainfancia\\\/?s={search_term_string}\"},\"query-input\":{\"@type\":\"PropertyValueSpecification\",\"valueRequired\":true,\"valueName\":\"search_term_string\"}}],\"inLanguage\":\"pt-BR\"},{\"@type\":\"Organization\",\"@id\":\"https:\\\/\\\/tce.pb.gov.br\\\/portalprimeirainfancia\\\/#organization\",\"name\":\"Pacto Paraibano pela Primeira Inf\u00e2ncia\",\"alternateName\":\"TCE-PB\",\"url\":\"https:\\\/\\\/tce.pb.gov.br\\\/portalprimeirainfancia\\\/\",\"logo\":{\"@type\":\"ImageObject\",\"inLanguage\":\"pt-BR\",\"@id\":\"https:\\\/\\\/tce.pb.gov.br\\\/portalprimeirainfancia\\\/#\\\/schema\\\/logo\\\/image\\\/\",\"url\":\"https:\\\/\\\/tce.pb.gov.br\\\/portalprimeirainfancia\\\/wp-content\\\/uploads\\\/2025\\\/05\\\/Pacto-Whatsapp.png\",\"contentUrl\":\"https:\\\/\\\/tce.pb.gov.br\\\/portalprimeirainfancia\\\/wp-content\\\/uploads\\\/2025\\\/05\\\/Pacto-Whatsapp.png\",\"width\":427,\"height\":427,\"caption\":\"Pacto Paraibano pela Primeira Inf\u00e2ncia\"},\"image\":{\"@id\":\"https:\\\/\\\/tce.pb.gov.br\\\/portalprimeirainfancia\\\/#\\\/schema\\\/logo\\\/image\\\/\"},\"sameAs\":[\"https:\\\/\\\/www.instagram.com\\\/tcepb\\\/\"]},{\"@type\":\"Person\",\"@id\":\"https:\\\/\\\/tce.pb.gov.br\\\/portalprimeirainfancia\\\/#\\\/schema\\\/person\\\/6a39eea5836dda604de1c5e5b7d62141\",\"name\":\"Rafael Massoni\"}]}<\/script>\n<!-- \/ Yoast SEO plugin. -->","yoast_head_json":{"title":"TCE-PB refor\u00e7a prazo para envio dos Planos de A\u00e7\u00e3o da Primeira Inf\u00e2ncia at\u00e9 31 de mar\u00e7o %","description":"TCE-PB refor\u00e7a prazo para envio dos Planos de A\u00e7\u00e3o da Primeira Inf\u00e2ncia at\u00e9 31 de mar\u00e7o %","robots":{"index":"index","follow":"follow","max-snippet":"max-snippet:-1","max-image-preview":"max-image-preview:large","max-video-preview":"max-video-preview:-1"},"canonical":"https:\/\/tce.pb.gov.br\/portalprimeirainfancia\/tce-pb-reforca-prazo-para-envio-dos-planos-de-acao-da-primeira-infancia-ate-31-de-marco\/","og_locale":"pt_BR","og_type":"article","og_title":"TCE-PB refor\u00e7a prazo para envio dos Planos de A\u00e7\u00e3o da Primeira Inf\u00e2ncia at\u00e9 31 de mar\u00e7o %","og_description":"TCE-PB refor\u00e7a prazo para envio dos Planos de A\u00e7\u00e3o da Primeira Inf\u00e2ncia at\u00e9 31 de mar\u00e7o %","og_url":"https:\/\/tce.pb.gov.br\/portalprimeirainfancia\/tce-pb-reforca-prazo-para-envio-dos-planos-de-acao-da-primeira-infancia-ate-31-de-marco\/","og_site_name":"Pacto Paraibano pela Primeira Inf\u00e2ncia","article_published_time":"2026-02-25T11:02:26+00:00","article_modified_time":"2026-02-25T11:02:29+00:00","og_image":[{"width":1024,"height":683,"url":"https:\/\/tce.pb.gov.br\/portalprimeirainfancia\/wp-content\/uploads\/2026\/02\/image-4.png","type":"image\/png"}],"author":"Rafael Massoni","twitter_card":"summary_large_image","twitter_misc":{"Escrito por":"Rafael Massoni","Est. tempo de leitura":"2 minutos"},"schema":{"@context":"https:\/\/schema.org","@graph":[{"@type":"NewsArticle","@id":"https:\/\/tce.pb.gov.br\/portalprimeirainfancia\/tce-pb-reforca-prazo-para-envio-dos-planos-de-acao-da-primeira-infancia-ate-31-de-marco\/#article","isPartOf":{"@id":"https:\/\/tce.pb.gov.br\/portalprimeirainfancia\/tce-pb-reforca-prazo-para-envio-dos-planos-de-acao-da-primeira-infancia-ate-31-de-marco\/"},"author":{"name":"Rafael Massoni","@id":"https:\/\/tce.pb.gov.br\/portalprimeirainfancia\/#\/schema\/person\/6a39eea5836dda604de1c5e5b7d62141"},"headline":"TCE-PB refor\u00e7a prazo para envio dos Planos de A\u00e7\u00e3o da Primeira Inf\u00e2ncia at\u00e9 31 de mar\u00e7o","datePublished":"2026-02-25T11:02:26+00:00","dateModified":"2026-02-25T11:02:29+00:00","mainEntityOfPage":{"@id":"https:\/\/tce.pb.gov.br\/portalprimeirainfancia\/tce-pb-reforca-prazo-para-envio-dos-planos-de-acao-da-primeira-infancia-ate-31-de-marco\/"},"wordCount":341,"publisher":{"@id":"https:\/\/tce.pb.gov.br\/portalprimeirainfancia\/#organization"},"image":{"@id":"https:\/\/tce.pb.gov.br\/portalprimeirainfancia\/tce-pb-reforca-prazo-para-envio-dos-planos-de-acao-da-primeira-infancia-ate-31-de-marco\/#primaryimage"},"thumbnailUrl":"https:\/\/tce.pb.gov.br\/portalprimeirainfancia\/wp-content\/uploads\/2026\/02\/image-4.png","keywords":["pacto pela primeira infancia","prefeituras","primeira infancia","tce","tce-pb"],"articleSection":["Destaques","Not\u00edcias"],"inLanguage":"pt-BR"},{"@type":"WebPage","@id":"https:\/\/tce.pb.gov.br\/portalprimeirainfancia\/tce-pb-reforca-prazo-para-envio-dos-planos-de-acao-da-primeira-infancia-ate-31-de-marco\/","url":"https:\/\/tce.pb.gov.br\/portalprimeirainfancia\/tce-pb-reforca-prazo-para-envio-dos-planos-de-acao-da-primeira-infancia-ate-31-de-marco\/","name":"TCE-PB refor\u00e7a prazo para envio dos Planos de A\u00e7\u00e3o da Primeira Inf\u00e2ncia at\u00e9 31 de mar\u00e7o %","isPartOf":{"@id":"https:\/\/tce.pb.gov.br\/portalprimeirainfancia\/#website"},"primaryImageOfPage":{"@id":"https:\/\/tce.pb.gov.br\/portalprimeirainfancia\/tce-pb-reforca-prazo-para-envio-dos-planos-de-acao-da-primeira-infancia-ate-31-de-marco\/#primaryimage"},"image":{"@id":"https:\/\/tce.pb.gov.br\/portalprimeirainfancia\/tce-pb-reforca-prazo-para-envio-dos-planos-de-acao-da-primeira-infancia-ate-31-de-marco\/#primaryimage"},"thumbnailUrl":"https:\/\/tce.pb.gov.br\/portalprimeirainfancia\/wp-content\/uploads\/2026\/02\/image-4.png","datePublished":"2026-02-25T11:02:26+00:00","dateModified":"2026-02-25T11:02:29+00:00","description":"TCE-PB refor\u00e7a prazo para envio dos Planos de A\u00e7\u00e3o da Primeira Inf\u00e2ncia at\u00e9 31 de mar\u00e7o %","breadcrumb":{"@id":"https:\/\/tce.pb.gov.br\/portalprimeirainfancia\/tce-pb-reforca-prazo-para-envio-dos-planos-de-acao-da-primeira-infancia-ate-31-de-marco\/#breadcrumb"},"inLanguage":"pt-BR","potentialAction":[{"@type":"ReadAction","target":["https:\/\/tce.pb.gov.br\/portalprimeirainfancia\/tce-pb-reforca-prazo-para-envio-dos-planos-de-acao-da-primeira-infancia-ate-31-de-marco\/"]}]},{"@type":"ImageObject","inLanguage":"pt-BR","@id":"https:\/\/tce.pb.gov.br\/portalprimeirainfancia\/tce-pb-reforca-prazo-para-envio-dos-planos-de-acao-da-primeira-infancia-ate-31-de-marco\/#primaryimage","url":"https:\/\/tce.pb.gov.br\/portalprimeirainfancia\/wp-content\/uploads\/2026\/02\/image-4.png","contentUrl":"https:\/\/tce.pb.gov.br\/portalprimeirainfancia\/wp-content\/uploads\/2026\/02\/image-4.png","width":1024,"height":683},{"@type":"BreadcrumbList","@id":"https:\/\/tce.pb.gov.br\/portalprimeirainfancia\/tce-pb-reforca-prazo-para-envio-dos-planos-de-acao-da-primeira-infancia-ate-31-de-marco\/#breadcrumb","itemListElement":[{"@type":"ListItem","position":1,"name":"In\u00edcio","item":"https:\/\/tce.pb.gov.br\/portalprimeirainfancia\/"},{"@type":"ListItem","position":2,"name":"TCE-PB refor\u00e7a prazo para envio dos Planos de A\u00e7\u00e3o da Primeira Inf\u00e2ncia at\u00e9 31 de mar\u00e7o"}]},{"@type":"WebSite","@id":"https:\/\/tce.pb.gov.br\/portalprimeirainfancia\/#website","url":"https:\/\/tce.pb.gov.br\/portalprimeirainfancia\/","name":"Pacto Paraibano pela Primeira Inf\u00e2ncia","description":"Portal para divulga\u00e7\u00e3o do Pacto Paraibano pela Primeira Inf\u00e2ncia","publisher":{"@id":"https:\/\/tce.pb.gov.br\/portalprimeirainfancia\/#organization"},"potentialAction":[{"@type":"SearchAction","target":{"@type":"EntryPoint","urlTemplate":"https:\/\/tce.pb.gov.br\/portalprimeirainfancia\/?s={search_term_string}"},"query-input":{"@type":"PropertyValueSpecification","valueRequired":true,"valueName":"search_term_string"}}],"inLanguage":"pt-BR"},{"@type":"Organization","@id":"https:\/\/tce.pb.gov.br\/portalprimeirainfancia\/#organization","name":"Pacto Paraibano pela Primeira Inf\u00e2ncia","alternateName":"TCE-PB","url":"https:\/\/tce.pb.gov.br\/portalprimeirainfancia\/","logo":{"@type":"ImageObject","inLanguage":"pt-BR","@id":"https:\/\/tce.pb.gov.br\/portalprimeirainfancia\/#\/schema\/logo\/image\/","url":"https:\/\/tce.pb.gov.br\/portalprimeirainfancia\/wp-content\/uploads\/2025\/05\/Pacto-Whatsapp.png","contentUrl":"https:\/\/tce.pb.gov.br\/portalprimeirainfancia\/wp-content\/uploads\/2025\/05\/Pacto-Whatsapp.png","width":427,"height":427,"caption":"Pacto Paraibano pela Primeira Inf\u00e2ncia"},"image":{"@id":"https:\/\/tce.pb.gov.br\/portalprimeirainfancia\/#\/schema\/logo\/image\/"},"sameAs":["https:\/\/www.instagram.com\/tcepb\/"]},{"@type":"Person","@id":"https:\/\/tce.pb.gov.br\/portalprimeirainfancia\/#\/schema\/person\/6a39eea5836dda604de1c5e5b7d62141","name":"Rafael Massoni"}]}},"jetpack_featured_media_url":"https:\/\/tce.pb.gov.br\/portalprimeirainfancia\/wp-content\/uploads\/2026\/02\/image-4.png","jetpack_sharing_enabled":true,"_links":{"self":[{"href":"https:\/\/tce.pb.gov.br\/portalprimeirainfancia\/wp-json\/wp\/v2\/posts\/29843","targetHints":{"allow":["GET"]}}],"collection":[{"href":"https:\/\/tce.pb.gov.br\/portalprimeirainfancia\/wp-json\/wp\/v2\/posts"}],"about":[{"href":"https:\/\/tce.pb.gov.br\/portalprimeirainfancia\/wp-json\/wp\/v2\/types\/post"}],"author":[{"embeddable":true,"href":"https:\/\/tce.pb.gov.br\/portalprimeirainfancia\/wp-json\/wp\/v2\/users\/6"}],"replies":[{"embeddable":true,"href":"https:\/\/tce.pb.gov.br\/portalprimeirainfancia\/wp-json\/wp\/v2\/comments?post=29843"}],"version-history":[{"count":1,"href":"https:\/\/tce.pb.gov.br\/portalprimeirainfancia\/wp-json\/wp\/v2\/posts\/29843\/revisions"}],"predecessor-version":[{"id":29845,"href":"https:\/\/tce.pb.gov.br\/portalprimeirainfancia\/wp-json\/wp\/v2\/posts\/29843\/revisions\/29845"}],"wp:featuredmedia":[{"embeddable":true,"href":"https:\/\/tce.pb.gov.br\/portalprimeirainfancia\/wp-json\/wp\/v2\/media\/29844"}],"wp:attachment":[{"href":"https:\/\/tce.pb.gov.br\/portalprimeirainfancia\/wp-json\/wp\/v2\/media?parent=29843"}],"wp:term":[{"taxonomy":"category","embeddable":true,"href":"https:\/\/tce.pb.gov.br\/portalprimeirainfancia\/wp-json\/wp\/v2\/categories?post=29843"},{"taxonomy":"post_tag","embeddable":true,"href":"https:\/\/tce.pb.gov.br\/portalprimeirainfancia\/wp-json\/wp\/v2\/tags?post=29843"}],"curies":[{"name":"wp","href":"https:\/\/api.w.org\/{rel}","templated":true}]}}