{"id":29832,"date":"2026-02-06T08:51:52","date_gmt":"2026-02-06T11:51:52","guid":{"rendered":"https:\/\/tce.pb.gov.br\/portalprimeirainfancia\/?p=29832"},"modified":"2026-02-06T09:10:09","modified_gmt":"2026-02-06T12:10:09","slug":"tce-pb-destaca-integracao-com-universidades-para-fortalecimento-das-politicas-voltadas-a-primeira-infancia","status":"publish","type":"post","link":"https:\/\/tce.pb.gov.br\/portalprimeirainfancia\/tce-pb-destaca-integracao-com-universidades-para-fortalecimento-das-politicas-voltadas-a-primeira-infancia\/","title":{"rendered":"TCE-PB destaca integra\u00e7\u00e3o com universidades para fortalecimento das pol\u00edticas voltadas \u00e0 primeira inf\u00e2ncia"},"content":{"rendered":"\n<figure class=\"wp-block-image aligncenter size-large\"><img fetchpriority=\"high\" decoding=\"async\" width=\"1024\" height=\"683\" src=\"https:\/\/tce.pb.gov.br\/portalprimeirainfancia\/wp-content\/uploads\/2026\/02\/image-1024x683.png\" alt=\"\" class=\"wp-image-29833\" srcset=\"https:\/\/tce.pb.gov.br\/portalprimeirainfancia\/wp-content\/uploads\/2026\/02\/image-1024x683.png 1024w, https:\/\/tce.pb.gov.br\/portalprimeirainfancia\/wp-content\/uploads\/2026\/02\/image-300x200.png 300w, https:\/\/tce.pb.gov.br\/portalprimeirainfancia\/wp-content\/uploads\/2026\/02\/image-768x512.png 768w, https:\/\/tce.pb.gov.br\/portalprimeirainfancia\/wp-content\/uploads\/2026\/02\/image-1536x1024.png 1536w, https:\/\/tce.pb.gov.br\/portalprimeirainfancia\/wp-content\/uploads\/2026\/02\/image.png 2048w\" sizes=\"(max-width: 1024px) 100vw, 1024px\" \/><\/figure>\n\n\n\n<p>O presidente do Tribunal de Contas da Para\u00edba (TCE-PB), conselheiro F\u00e1bio Nogueira, destacou, na manh\u00e3 desta quinta-feira (05), a import\u00e2ncia da atua\u00e7\u00e3o integrada entre institui\u00e7\u00f5es de ensino superior, \u00f3rg\u00e3os de fomento \u00e0 pesquisa e o poder p\u00fablico na constru\u00e7\u00e3o de pol\u00edticas p\u00fablicas eficazes voltadas \u00e0 primeira inf\u00e2ncia. A declara\u00e7\u00e3o foi feita durante a abertura de reuni\u00e3o t\u00e9cnica com representantes das universidades paraibanas.<\/p>\n\n\n\n<p>Na ocasi\u00e3o, o presidente ressaltou a relev\u00e2ncia da parceria com as academias e com entidades como a Funda\u00e7\u00e3o de Amparo \u00e0 Pesquisa (Fapesp) e a Secretaria Estadual de Ci\u00eancia e Tecnologia. Ele enfatizou iniciativas em andamento, a exemplo da cria\u00e7\u00e3o e implementa\u00e7\u00e3o do Observat\u00f3rio Digital da Primeira Inf\u00e2ncia, do Livro Infantil e Juvenil, al\u00e9m da formata\u00e7\u00e3o de cursos de extens\u00e3o em letramento digital e de especializa\u00e7\u00e3o voltados \u00e0 forma\u00e7\u00e3o de profissionais da educa\u00e7\u00e3o infantil.<\/p>\n\n\n\n<p>Segundo F\u00e1bio Nogueira, o encontro teve car\u00e1ter eminentemente t\u00e9cnico e buscou fortalecer a coordena\u00e7\u00e3o entre os diversos atores envolvidos, com foco em resultados concretos. \u201cTrata-se de um esfor\u00e7o coletivo, um verdadeiro casamento institucional, porque a inf\u00e2ncia \u00e9 uma das \u00e1reas em que podemos oferecer uma contribui\u00e7\u00e3o efetiva, com repercuss\u00f5es diretas para toda a sociedade\u201d, afirmou.<\/p>\n\n\n\n<p>O presidente tamb\u00e9m chamou aten\u00e7\u00e3o para a realidade enfrentada por muitas crian\u00e7as, expostas \u00e0 vulnerabilidade social, \u00e0 viol\u00eancia e \u00e0 sobrecarga de informa\u00e7\u00f5es, refor\u00e7ando que a responsabilidade pela prote\u00e7\u00e3o da inf\u00e2ncia n\u00e3o \u00e9 exclusiva do governo. \u201cN\u00f3s que somos privilegiados, que detemos conhecimento e instrumentos, precisamos colaborar. Esse \u00e9 um esfor\u00e7o de diversos atores para que possamos avan\u00e7ar\u201d, pontuou.<\/p>\n\n\n\n<p>Ao final de sua fala, F\u00e1bio Nogueira agradeceu o apoio das universidades e refor\u00e7ou a disposi\u00e7\u00e3o do TCE-PB em seguir colaborando com o projeto. \u201cFalamos hoje com mais confian\u00e7a, certos de que, com o apoio das institui\u00e7\u00f5es aqui representadas, ser\u00e1 poss\u00edvel avan\u00e7ar e aprimorar essa iniciativa. O Tribunal de Contas estar\u00e1 sempre \u00e0 disposi\u00e7\u00e3o\u201d, concluiu.<\/p>\n\n\n\n<figure class=\"wp-block-image aligncenter size-full\"><img decoding=\"async\" width=\"1024\" height=\"683\" src=\"https:\/\/tce.pb.gov.br\/portalprimeirainfancia\/wp-content\/uploads\/2026\/02\/image-1.png\" alt=\"\" class=\"wp-image-29834\" srcset=\"https:\/\/tce.pb.gov.br\/portalprimeirainfancia\/wp-content\/uploads\/2026\/02\/image-1.png 1024w, https:\/\/tce.pb.gov.br\/portalprimeirainfancia\/wp-content\/uploads\/2026\/02\/image-1-300x200.png 300w, https:\/\/tce.pb.gov.br\/portalprimeirainfancia\/wp-content\/uploads\/2026\/02\/image-1-768x512.png 768w\" sizes=\"(max-width: 1024px) 100vw, 1024px\" \/><\/figure>\n\n\n\n<p>Durante a reuni\u00e3o, o vice-presidente do TCE-PB, conselheiro Andr\u00e9 Carlo Torres Pontes, anunciou que a Para\u00edba sediar\u00e1 um dos poucos eventos nacionais voltados \u00e0 primeira inf\u00e2ncia, sendo um dos dois previstos no Nordeste, ao lado do Cear\u00e1. A iniciativa refor\u00e7a o protagonismo do Estado no tema.<\/p>\n\n\n\n<p>O evento est\u00e1 previsto para os dias 13 e 14 de maio, com local ainda a definir entre Jo\u00e3o Pessoa e Campina Grande, conforme o formato adotado. A proposta \u00e9 realizar um encontro amplo, com grande participa\u00e7\u00e3o, para divulgar avan\u00e7os, fortalecer o Pacto Paraibano pela Primeira Inf\u00e2ncia e refor\u00e7ar as estruturas e a\u00e7\u00f5es das pol\u00edticas p\u00fablicas.<\/p>\n\n\n\n<p>Segundo Andr\u00e9 Carlo, a escolha da Para\u00edba integra uma iniciativa do Minist\u00e9rio da Educa\u00e7\u00e3o, motivada pela estrutura do Tribunal e pelos crit\u00e9rios t\u00e9cnicos e resultados consistentes do trabalho desenvolvido no Estado, que vem sendo replicado nacionalmente pelos Tribunais de Contas.<\/p>\n\n\n\n<p>Na condi\u00e7\u00e3o de presidente da Comiss\u00e3o da Primeira Inf\u00e2ncia do TCE-PB, o conselheiro fez um balan\u00e7o das a\u00e7\u00f5es de 2025 e anunciou, para 2026, uma nova auditoria coordenada, com foco no cumprimento de recomenda\u00e7\u00f5es, como a exist\u00eancia de planos plurianuais, leis or\u00e7ament\u00e1rias, planos municipais da primeira inf\u00e2ncia e a estrutura dispon\u00edvel nos munic\u00edpios.<\/p>\n\n\n\n<p>Desde 2022, o TCE-PB realiza auditorias coordenadas em creches, identificando que, das 220 unidades previstas, 56 ainda n\u00e3o foram conclu\u00eddas. Os dados indicam que creches acompanhadas mais de perto pelo Tribunal t\u00eam at\u00e9 300% mais chances de conclus\u00e3o, evidenciando a import\u00e2ncia da fiscaliza\u00e7\u00e3o continuada.<\/p>\n\n\n\n<p>Ao final, o vice-presidente convidou representantes das universidades a compartilharem experi\u00eancias e projetos, com o objetivo de fortalecer o Pacto Paraibano pela Primeira Inf\u00e2ncia e ampliar a efetividade das a\u00e7\u00f5es no Estado.<\/p>\n\n\n\n<h3 class=\"wp-block-heading has-text-align-center\">Parcerias e forma\u00e7\u00e3o continuada<\/h3>\n\n\n\n<figure class=\"wp-block-image aligncenter size-full\"><img decoding=\"async\" width=\"1024\" height=\"683\" src=\"https:\/\/tce.pb.gov.br\/portalprimeirainfancia\/wp-content\/uploads\/2026\/02\/image-2.png\" alt=\"\" class=\"wp-image-29835\" srcset=\"https:\/\/tce.pb.gov.br\/portalprimeirainfancia\/wp-content\/uploads\/2026\/02\/image-2.png 1024w, https:\/\/tce.pb.gov.br\/portalprimeirainfancia\/wp-content\/uploads\/2026\/02\/image-2-300x200.png 300w, https:\/\/tce.pb.gov.br\/portalprimeirainfancia\/wp-content\/uploads\/2026\/02\/image-2-768x512.png 768w\" sizes=\"(max-width: 1024px) 100vw, 1024px\" \/><\/figure>\n\n\n\n<p>A professora Adelaide Alves, integrante da Comiss\u00e3o do Programa da Primeira Inf\u00e2ncia no TCE-PB, apresentou as a\u00e7\u00f5es que ser\u00e3o desenvolvidas conjuntamente com as universidades. O plano de trabalho contempla a cria\u00e7\u00e3o do Observat\u00f3rio Digital da Primeira Inf\u00e2ncia, a oferta de cursos de letramento digital para agentes comunit\u00e1rios, secret\u00e1rios escolares e conselhos tutelares, beneficiando os 223 munic\u00edpios da Para\u00edba, al\u00e9m de um curso de especializa\u00e7\u00e3o na modalidade EAD voltado para servidores municipais.<\/p>\n\n\n\n<p>Durante a reuni\u00e3o t\u00e9cnica, a professora Adriana Val\u00e9ria dos Santos Diniz, diretora do Centro de Educa\u00e7\u00e3o da UFPB, destacou a relev\u00e2ncia do trabalho desenvolvido na Para\u00edba em parceria com munic\u00edpios, institui\u00e7\u00f5es de controle, universidades e a sociedade civil.<\/p>\n\n\n\n<p>Em sua avalia\u00e7\u00e3o, as a\u00e7\u00f5es v\u00e3o al\u00e9m do cumprimento formal de normas e buscam gerar impacto real na vida da popula\u00e7\u00e3o, com foco na equidade, inclus\u00e3o e garantia de direitos. A professora tamb\u00e9m elogiou o trabalho integrado entre o TCE-PB e as universidades, ressaltando o avan\u00e7o do Estado nessa agenda.<\/p>\n\n\n\n<p>Adriana Val\u00e9ria enfatizou ainda a import\u00e2ncia da forma\u00e7\u00e3o continuada como estrat\u00e9gia para a sustentabilidade das pol\u00edticas p\u00fablicas, defendendo o investimento na qualifica\u00e7\u00e3o das pessoas como forma de garantir a continuidade das a\u00e7\u00f5es ao longo do tempo.<\/p>\n\n\n\n<p>Ao final, a diretora do Centro de Educa\u00e7\u00e3o da UFPB saudou a relev\u00e2ncia da reuni\u00e3o t\u00e9cnica, destacou a presen\u00e7a das universidades e das institui\u00e7\u00f5es p\u00fablicas e agradeceu de forma especial ao presidente do TCE-PB pela condu\u00e7\u00e3o do di\u00e1logo e pelo fortalecimento das parcerias institucionais.<\/p>\n\n\n\n<h3 class=\"wp-block-heading has-text-align-center\">Presen\u00e7as<\/h3>\n\n\n\n<figure class=\"wp-block-image aligncenter size-full\"><img loading=\"lazy\" decoding=\"async\" width=\"1024\" height=\"683\" src=\"https:\/\/tce.pb.gov.br\/portalprimeirainfancia\/wp-content\/uploads\/2026\/02\/image-3.png\" alt=\"\" class=\"wp-image-29836\" srcset=\"https:\/\/tce.pb.gov.br\/portalprimeirainfancia\/wp-content\/uploads\/2026\/02\/image-3.png 1024w, https:\/\/tce.pb.gov.br\/portalprimeirainfancia\/wp-content\/uploads\/2026\/02\/image-3-300x200.png 300w, https:\/\/tce.pb.gov.br\/portalprimeirainfancia\/wp-content\/uploads\/2026\/02\/image-3-768x512.png 768w\" sizes=\"(max-width: 1024px) 100vw, 1024px\" \/><\/figure>\n\n\n\n<p>Pela Universidade Federal da Para\u00edba (UFPB), participaram Iris Braz da Silva, Josean Fechine, Adriana Val\u00e9ria dos Santos e M\u00e1rcia Cardoso de Souza. Pelo Instituto Federal da Para\u00edba (IFPB), estiveram presentes Maria Jos\u00e9 Batista, Rackynelly Alves Sarmento, Ramiro Manoel Pinto e Valdecir Te\u00f3filo Moreno. Da Universidade Estadual da Para\u00edba (UEPB), participaram as professoras Nadja Maria da Silva, Soraya Maria Brand\u00e3o e Vagda Gutemberg Gon\u00e7alves. Pela Universidade Federal de Campina Grande (UFCG), estiveram os professores Francisco Vilar Brasileiro e K\u00e1tia Patr\u00edcia Benevides Campos.<\/p>\n\n\n\n<p>Tamb\u00e9m participaram da reuni\u00e3o auditores e servidores do Tribunal de Contas do Estado da Para\u00edba.<\/p>\n\n\n\n<p><strong>Galeria de fotos<\/strong>:\u00a0<a href=\"https:\/\/tce.pb.gov.br\/portalprimeirainfancia\/fotos\/?type_0=gallery&amp;album_gallery_id_0=31\">https:\/\/tce.pb.gov.br\/portalprimeirainfancia\/fotos\/?type_0=gallery&amp;album_gallery_id_0=31<\/a><\/p>\n\n\n\n<p><\/p>\n","protected":false},"excerpt":{"rendered":"<p>O presidente do Tribunal de Contas da Para\u00edba (TCE-PB), conselheiro F\u00e1bio Nogueira, destacou, na manh\u00e3 desta quinta-feira (05), a import\u00e2ncia [&hellip;]<\/p>\n","protected":false},"author":6,"featured_media":29833,"comment_status":"closed","ping_status":"closed","sticky":false,"template":"","format":"standard","meta":{"site-sidebar-layout":"default","site-content-layout":"","ast-site-content-layout":"","site-content-style":"default","site-sidebar-style":"default","ast-global-header-display":"","ast-banner-title-visibility":"","ast-main-header-display":"","ast-hfb-above-header-display":"","ast-hfb-below-header-display":"","ast-hfb-mobile-header-display":"","site-post-title":"","ast-breadcrumbs-content":"","ast-featured-img":"","footer-sml-layout":"","theme-transparent-header-meta":"","adv-header-id-meta":"","stick-header-meta":"","header-above-stick-meta":"","header-main-stick-meta":"","header-below-stick-meta":"","astra-migrate-meta-layouts":"default","ast-page-background-enabled":"default","ast-page-background-meta":{"desktop":{"background-color":"var(--ast-global-color-5)","background-image":"","background-repeat":"repeat","background-position":"center center","background-size":"auto","background-attachment":"scroll","background-type":"","background-media":"","overlay-type":"","overlay-color":"","overlay-opacity":"","overlay-gradient":""},"tablet":{"background-color":"","background-image":"","background-repeat":"repeat","background-position":"center center","background-size":"auto","background-attachment":"scroll","background-type":"","background-media":"","overlay-type":"","overlay-color":"","overlay-opacity":"","overlay-gradient":""},"mobile":{"background-color":"","background-image":"","background-repeat":"repeat","background-position":"center center","background-size":"auto","background-attachment":"scroll","background-type":"","background-media":"","overlay-type":"","overlay-color":"","overlay-opacity":"","overlay-gradient":""}},"ast-content-background-meta":{"desktop":{"background-color":"var(--ast-global-color-4)","background-image":"","background-repeat":"repeat","background-position":"center center","background-size":"auto","background-attachment":"scroll","background-type":"","background-media":"","overlay-type":"","overlay-color":"","overlay-opacity":"","overlay-gradient":""},"tablet":{"background-color":"var(--ast-global-color-4)","background-image":"","background-repeat":"repeat","background-position":"center center","background-size":"auto","background-attachment":"scroll","background-type":"","background-media":"","overlay-type":"","overlay-color":"","overlay-opacity":"","overlay-gradient":""},"mobile":{"background-color":"var(--ast-global-color-4)","background-image":"","background-repeat":"repeat","background-position":"center center","background-size":"auto","background-attachment":"scroll","background-type":"","background-media":"","overlay-type":"","overlay-color":"","overlay-opacity":"","overlay-gradient":""}},"_jetpack_memberships_contains_paid_content":false,"footnotes":""},"categories":[24,7],"tags":[74,27,25,31,26,76,75],"class_list":["post-29832","post","type-post","status-publish","format-standard","has-post-thumbnail","hentry","category-destaques","category-noticias","tag-ifpb","tag-pacto-pela-primeira-infancia","tag-primeira-infancia","tag-tce","tag-tce-pb","tag-ufcg","tag-ufpb"],"yoast_head":"<!-- This site is optimized with the Yoast SEO plugin v27.5 - https:\/\/yoast.com\/product\/yoast-seo-wordpress\/ -->\n<title>TCE-PB destaca integra\u00e7\u00e3o com universidades para fortalecimento das pol\u00edticas voltadas \u00e0 primeira inf\u00e2ncia %<\/title>\n<meta name=\"description\" content=\"TCE-PB destaca integra\u00e7\u00e3o com universidades para fortalecimento das pol\u00edticas voltadas \u00e0 primeira inf\u00e2ncia %\" \/>\n<meta name=\"robots\" content=\"index, follow, max-snippet:-1, max-image-preview:large, max-video-preview:-1\" \/>\n<link rel=\"canonical\" href=\"https:\/\/tce.pb.gov.br\/portalprimeirainfancia\/tce-pb-destaca-integracao-com-universidades-para-fortalecimento-das-politicas-voltadas-a-primeira-infancia\/\" \/>\n<meta property=\"og:locale\" content=\"pt_BR\" \/>\n<meta property=\"og:type\" content=\"article\" \/>\n<meta property=\"og:title\" content=\"TCE-PB destaca integra\u00e7\u00e3o com universidades para fortalecimento das pol\u00edticas voltadas \u00e0 primeira inf\u00e2ncia %\" \/>\n<meta property=\"og:description\" content=\"TCE-PB destaca integra\u00e7\u00e3o com universidades para fortalecimento das pol\u00edticas voltadas \u00e0 primeira inf\u00e2ncia %\" \/>\n<meta property=\"og:url\" content=\"https:\/\/tce.pb.gov.br\/portalprimeirainfancia\/tce-pb-destaca-integracao-com-universidades-para-fortalecimento-das-politicas-voltadas-a-primeira-infancia\/\" \/>\n<meta property=\"og:site_name\" content=\"Pacto Paraibano pela Primeira Inf\u00e2ncia\" \/>\n<meta property=\"article:published_time\" content=\"2026-02-06T11:51:52+00:00\" \/>\n<meta property=\"article:modified_time\" content=\"2026-02-06T12:10:09+00:00\" \/>\n<meta property=\"og:image\" content=\"https:\/\/tce.pb.gov.br\/portalprimeirainfancia\/wp-content\/uploads\/2026\/02\/image-1024x683.png\" \/>\n\t<meta property=\"og:image:width\" content=\"1024\" \/>\n\t<meta property=\"og:image:height\" content=\"683\" \/>\n\t<meta property=\"og:image:type\" content=\"image\/png\" \/>\n<meta name=\"author\" content=\"Rafael Massoni\" \/>\n<meta name=\"twitter:card\" content=\"summary_large_image\" \/>\n<meta name=\"twitter:label1\" content=\"Escrito por\" \/>\n\t<meta name=\"twitter:data1\" content=\"Rafael Massoni\" \/>\n\t<meta name=\"twitter:label2\" content=\"Est. tempo de leitura\" \/>\n\t<meta name=\"twitter:data2\" content=\"7 minutos\" \/>\n<script type=\"application\/ld+json\" class=\"yoast-schema-graph\">{\"@context\":\"https:\\\/\\\/schema.org\",\"@graph\":[{\"@type\":\"NewsArticle\",\"@id\":\"https:\\\/\\\/tce.pb.gov.br\\\/portalprimeirainfancia\\\/tce-pb-destaca-integracao-com-universidades-para-fortalecimento-das-politicas-voltadas-a-primeira-infancia\\\/#article\",\"isPartOf\":{\"@id\":\"https:\\\/\\\/tce.pb.gov.br\\\/portalprimeirainfancia\\\/tce-pb-destaca-integracao-com-universidades-para-fortalecimento-das-politicas-voltadas-a-primeira-infancia\\\/\"},\"author\":{\"name\":\"Rafael Massoni\",\"@id\":\"https:\\\/\\\/tce.pb.gov.br\\\/portalprimeirainfancia\\\/#\\\/schema\\\/person\\\/6a39eea5836dda604de1c5e5b7d62141\"},\"headline\":\"TCE-PB destaca integra\u00e7\u00e3o com universidades para fortalecimento das pol\u00edticas voltadas \u00e0 primeira inf\u00e2ncia\",\"datePublished\":\"2026-02-06T11:51:52+00:00\",\"dateModified\":\"2026-02-06T12:10:09+00:00\",\"mainEntityOfPage\":{\"@id\":\"https:\\\/\\\/tce.pb.gov.br\\\/portalprimeirainfancia\\\/tce-pb-destaca-integracao-com-universidades-para-fortalecimento-das-politicas-voltadas-a-primeira-infancia\\\/\"},\"wordCount\":1079,\"publisher\":{\"@id\":\"https:\\\/\\\/tce.pb.gov.br\\\/portalprimeirainfancia\\\/#organization\"},\"image\":{\"@id\":\"https:\\\/\\\/tce.pb.gov.br\\\/portalprimeirainfancia\\\/tce-pb-destaca-integracao-com-universidades-para-fortalecimento-das-politicas-voltadas-a-primeira-infancia\\\/#primaryimage\"},\"thumbnailUrl\":\"https:\\\/\\\/tce.pb.gov.br\\\/portalprimeirainfancia\\\/wp-content\\\/uploads\\\/2026\\\/02\\\/image.png\",\"keywords\":[\"ifpb\",\"pacto pela primeira infancia\",\"primeira infancia\",\"tce\",\"tce-pb\",\"ufcg\",\"ufpb\"],\"articleSection\":[\"Destaques\",\"Not\u00edcias\"],\"inLanguage\":\"pt-BR\"},{\"@type\":\"WebPage\",\"@id\":\"https:\\\/\\\/tce.pb.gov.br\\\/portalprimeirainfancia\\\/tce-pb-destaca-integracao-com-universidades-para-fortalecimento-das-politicas-voltadas-a-primeira-infancia\\\/\",\"url\":\"https:\\\/\\\/tce.pb.gov.br\\\/portalprimeirainfancia\\\/tce-pb-destaca-integracao-com-universidades-para-fortalecimento-das-politicas-voltadas-a-primeira-infancia\\\/\",\"name\":\"TCE-PB destaca integra\u00e7\u00e3o com universidades para fortalecimento das pol\u00edticas voltadas \u00e0 primeira inf\u00e2ncia %\",\"isPartOf\":{\"@id\":\"https:\\\/\\\/tce.pb.gov.br\\\/portalprimeirainfancia\\\/#website\"},\"primaryImageOfPage\":{\"@id\":\"https:\\\/\\\/tce.pb.gov.br\\\/portalprimeirainfancia\\\/tce-pb-destaca-integracao-com-universidades-para-fortalecimento-das-politicas-voltadas-a-primeira-infancia\\\/#primaryimage\"},\"image\":{\"@id\":\"https:\\\/\\\/tce.pb.gov.br\\\/portalprimeirainfancia\\\/tce-pb-destaca-integracao-com-universidades-para-fortalecimento-das-politicas-voltadas-a-primeira-infancia\\\/#primaryimage\"},\"thumbnailUrl\":\"https:\\\/\\\/tce.pb.gov.br\\\/portalprimeirainfancia\\\/wp-content\\\/uploads\\\/2026\\\/02\\\/image.png\",\"datePublished\":\"2026-02-06T11:51:52+00:00\",\"dateModified\":\"2026-02-06T12:10:09+00:00\",\"description\":\"TCE-PB destaca integra\u00e7\u00e3o com universidades para fortalecimento das pol\u00edticas voltadas \u00e0 primeira inf\u00e2ncia %\",\"breadcrumb\":{\"@id\":\"https:\\\/\\\/tce.pb.gov.br\\\/portalprimeirainfancia\\\/tce-pb-destaca-integracao-com-universidades-para-fortalecimento-das-politicas-voltadas-a-primeira-infancia\\\/#breadcrumb\"},\"inLanguage\":\"pt-BR\",\"potentialAction\":[{\"@type\":\"ReadAction\",\"target\":[\"https:\\\/\\\/tce.pb.gov.br\\\/portalprimeirainfancia\\\/tce-pb-destaca-integracao-com-universidades-para-fortalecimento-das-politicas-voltadas-a-primeira-infancia\\\/\"]}]},{\"@type\":\"ImageObject\",\"inLanguage\":\"pt-BR\",\"@id\":\"https:\\\/\\\/tce.pb.gov.br\\\/portalprimeirainfancia\\\/tce-pb-destaca-integracao-com-universidades-para-fortalecimento-das-politicas-voltadas-a-primeira-infancia\\\/#primaryimage\",\"url\":\"https:\\\/\\\/tce.pb.gov.br\\\/portalprimeirainfancia\\\/wp-content\\\/uploads\\\/2026\\\/02\\\/image.png\",\"contentUrl\":\"https:\\\/\\\/tce.pb.gov.br\\\/portalprimeirainfancia\\\/wp-content\\\/uploads\\\/2026\\\/02\\\/image.png\",\"width\":2048,\"height\":1365},{\"@type\":\"BreadcrumbList\",\"@id\":\"https:\\\/\\\/tce.pb.gov.br\\\/portalprimeirainfancia\\\/tce-pb-destaca-integracao-com-universidades-para-fortalecimento-das-politicas-voltadas-a-primeira-infancia\\\/#breadcrumb\",\"itemListElement\":[{\"@type\":\"ListItem\",\"position\":1,\"name\":\"In\u00edcio\",\"item\":\"https:\\\/\\\/tce.pb.gov.br\\\/portalprimeirainfancia\\\/\"},{\"@type\":\"ListItem\",\"position\":2,\"name\":\"TCE-PB destaca integra\u00e7\u00e3o com universidades para fortalecimento das pol\u00edticas voltadas \u00e0 primeira inf\u00e2ncia\"}]},{\"@type\":\"WebSite\",\"@id\":\"https:\\\/\\\/tce.pb.gov.br\\\/portalprimeirainfancia\\\/#website\",\"url\":\"https:\\\/\\\/tce.pb.gov.br\\\/portalprimeirainfancia\\\/\",\"name\":\"Pacto Paraibano pela Primeira Inf\u00e2ncia\",\"description\":\"Portal para divulga\u00e7\u00e3o do Pacto Paraibano pela Primeira Inf\u00e2ncia\",\"publisher\":{\"@id\":\"https:\\\/\\\/tce.pb.gov.br\\\/portalprimeirainfancia\\\/#organization\"},\"potentialAction\":[{\"@type\":\"SearchAction\",\"target\":{\"@type\":\"EntryPoint\",\"urlTemplate\":\"https:\\\/\\\/tce.pb.gov.br\\\/portalprimeirainfancia\\\/?s={search_term_string}\"},\"query-input\":{\"@type\":\"PropertyValueSpecification\",\"valueRequired\":true,\"valueName\":\"search_term_string\"}}],\"inLanguage\":\"pt-BR\"},{\"@type\":\"Organization\",\"@id\":\"https:\\\/\\\/tce.pb.gov.br\\\/portalprimeirainfancia\\\/#organization\",\"name\":\"Pacto Paraibano pela Primeira Inf\u00e2ncia\",\"alternateName\":\"TCE-PB\",\"url\":\"https:\\\/\\\/tce.pb.gov.br\\\/portalprimeirainfancia\\\/\",\"logo\":{\"@type\":\"ImageObject\",\"inLanguage\":\"pt-BR\",\"@id\":\"https:\\\/\\\/tce.pb.gov.br\\\/portalprimeirainfancia\\\/#\\\/schema\\\/logo\\\/image\\\/\",\"url\":\"https:\\\/\\\/tce.pb.gov.br\\\/portalprimeirainfancia\\\/wp-content\\\/uploads\\\/2025\\\/05\\\/Pacto-Whatsapp.png\",\"contentUrl\":\"https:\\\/\\\/tce.pb.gov.br\\\/portalprimeirainfancia\\\/wp-content\\\/uploads\\\/2025\\\/05\\\/Pacto-Whatsapp.png\",\"width\":427,\"height\":427,\"caption\":\"Pacto Paraibano pela Primeira Inf\u00e2ncia\"},\"image\":{\"@id\":\"https:\\\/\\\/tce.pb.gov.br\\\/portalprimeirainfancia\\\/#\\\/schema\\\/logo\\\/image\\\/\"},\"sameAs\":[\"https:\\\/\\\/www.instagram.com\\\/tcepb\\\/\"]},{\"@type\":\"Person\",\"@id\":\"https:\\\/\\\/tce.pb.gov.br\\\/portalprimeirainfancia\\\/#\\\/schema\\\/person\\\/6a39eea5836dda604de1c5e5b7d62141\",\"name\":\"Rafael Massoni\"}]}<\/script>\n<!-- \/ Yoast SEO plugin. -->","yoast_head_json":{"title":"TCE-PB destaca integra\u00e7\u00e3o com universidades para fortalecimento das pol\u00edticas voltadas \u00e0 primeira inf\u00e2ncia %","description":"TCE-PB destaca integra\u00e7\u00e3o com universidades para fortalecimento das pol\u00edticas voltadas \u00e0 primeira inf\u00e2ncia %","robots":{"index":"index","follow":"follow","max-snippet":"max-snippet:-1","max-image-preview":"max-image-preview:large","max-video-preview":"max-video-preview:-1"},"canonical":"https:\/\/tce.pb.gov.br\/portalprimeirainfancia\/tce-pb-destaca-integracao-com-universidades-para-fortalecimento-das-politicas-voltadas-a-primeira-infancia\/","og_locale":"pt_BR","og_type":"article","og_title":"TCE-PB destaca integra\u00e7\u00e3o com universidades para fortalecimento das pol\u00edticas voltadas \u00e0 primeira inf\u00e2ncia %","og_description":"TCE-PB destaca integra\u00e7\u00e3o com universidades para fortalecimento das pol\u00edticas voltadas \u00e0 primeira inf\u00e2ncia %","og_url":"https:\/\/tce.pb.gov.br\/portalprimeirainfancia\/tce-pb-destaca-integracao-com-universidades-para-fortalecimento-das-politicas-voltadas-a-primeira-infancia\/","og_site_name":"Pacto Paraibano pela Primeira Inf\u00e2ncia","article_published_time":"2026-02-06T11:51:52+00:00","article_modified_time":"2026-02-06T12:10:09+00:00","og_image":[{"width":1024,"height":683,"url":"https:\/\/tce.pb.gov.br\/portalprimeirainfancia\/wp-content\/uploads\/2026\/02\/image-1024x683.png","type":"image\/png"}],"author":"Rafael Massoni","twitter_card":"summary_large_image","twitter_misc":{"Escrito por":"Rafael Massoni","Est. tempo de leitura":"7 minutos"},"schema":{"@context":"https:\/\/schema.org","@graph":[{"@type":"NewsArticle","@id":"https:\/\/tce.pb.gov.br\/portalprimeirainfancia\/tce-pb-destaca-integracao-com-universidades-para-fortalecimento-das-politicas-voltadas-a-primeira-infancia\/#article","isPartOf":{"@id":"https:\/\/tce.pb.gov.br\/portalprimeirainfancia\/tce-pb-destaca-integracao-com-universidades-para-fortalecimento-das-politicas-voltadas-a-primeira-infancia\/"},"author":{"name":"Rafael Massoni","@id":"https:\/\/tce.pb.gov.br\/portalprimeirainfancia\/#\/schema\/person\/6a39eea5836dda604de1c5e5b7d62141"},"headline":"TCE-PB destaca integra\u00e7\u00e3o com universidades para fortalecimento das pol\u00edticas voltadas \u00e0 primeira inf\u00e2ncia","datePublished":"2026-02-06T11:51:52+00:00","dateModified":"2026-02-06T12:10:09+00:00","mainEntityOfPage":{"@id":"https:\/\/tce.pb.gov.br\/portalprimeirainfancia\/tce-pb-destaca-integracao-com-universidades-para-fortalecimento-das-politicas-voltadas-a-primeira-infancia\/"},"wordCount":1079,"publisher":{"@id":"https:\/\/tce.pb.gov.br\/portalprimeirainfancia\/#organization"},"image":{"@id":"https:\/\/tce.pb.gov.br\/portalprimeirainfancia\/tce-pb-destaca-integracao-com-universidades-para-fortalecimento-das-politicas-voltadas-a-primeira-infancia\/#primaryimage"},"thumbnailUrl":"https:\/\/tce.pb.gov.br\/portalprimeirainfancia\/wp-content\/uploads\/2026\/02\/image.png","keywords":["ifpb","pacto pela primeira infancia","primeira infancia","tce","tce-pb","ufcg","ufpb"],"articleSection":["Destaques","Not\u00edcias"],"inLanguage":"pt-BR"},{"@type":"WebPage","@id":"https:\/\/tce.pb.gov.br\/portalprimeirainfancia\/tce-pb-destaca-integracao-com-universidades-para-fortalecimento-das-politicas-voltadas-a-primeira-infancia\/","url":"https:\/\/tce.pb.gov.br\/portalprimeirainfancia\/tce-pb-destaca-integracao-com-universidades-para-fortalecimento-das-politicas-voltadas-a-primeira-infancia\/","name":"TCE-PB destaca integra\u00e7\u00e3o com universidades para fortalecimento das pol\u00edticas voltadas \u00e0 primeira inf\u00e2ncia %","isPartOf":{"@id":"https:\/\/tce.pb.gov.br\/portalprimeirainfancia\/#website"},"primaryImageOfPage":{"@id":"https:\/\/tce.pb.gov.br\/portalprimeirainfancia\/tce-pb-destaca-integracao-com-universidades-para-fortalecimento-das-politicas-voltadas-a-primeira-infancia\/#primaryimage"},"image":{"@id":"https:\/\/tce.pb.gov.br\/portalprimeirainfancia\/tce-pb-destaca-integracao-com-universidades-para-fortalecimento-das-politicas-voltadas-a-primeira-infancia\/#primaryimage"},"thumbnailUrl":"https:\/\/tce.pb.gov.br\/portalprimeirainfancia\/wp-content\/uploads\/2026\/02\/image.png","datePublished":"2026-02-06T11:51:52+00:00","dateModified":"2026-02-06T12:10:09+00:00","description":"TCE-PB destaca integra\u00e7\u00e3o com universidades para fortalecimento das pol\u00edticas voltadas \u00e0 primeira inf\u00e2ncia %","breadcrumb":{"@id":"https:\/\/tce.pb.gov.br\/portalprimeirainfancia\/tce-pb-destaca-integracao-com-universidades-para-fortalecimento-das-politicas-voltadas-a-primeira-infancia\/#breadcrumb"},"inLanguage":"pt-BR","potentialAction":[{"@type":"ReadAction","target":["https:\/\/tce.pb.gov.br\/portalprimeirainfancia\/tce-pb-destaca-integracao-com-universidades-para-fortalecimento-das-politicas-voltadas-a-primeira-infancia\/"]}]},{"@type":"ImageObject","inLanguage":"pt-BR","@id":"https:\/\/tce.pb.gov.br\/portalprimeirainfancia\/tce-pb-destaca-integracao-com-universidades-para-fortalecimento-das-politicas-voltadas-a-primeira-infancia\/#primaryimage","url":"https:\/\/tce.pb.gov.br\/portalprimeirainfancia\/wp-content\/uploads\/2026\/02\/image.png","contentUrl":"https:\/\/tce.pb.gov.br\/portalprimeirainfancia\/wp-content\/uploads\/2026\/02\/image.png","width":2048,"height":1365},{"@type":"BreadcrumbList","@id":"https:\/\/tce.pb.gov.br\/portalprimeirainfancia\/tce-pb-destaca-integracao-com-universidades-para-fortalecimento-das-politicas-voltadas-a-primeira-infancia\/#breadcrumb","itemListElement":[{"@type":"ListItem","position":1,"name":"In\u00edcio","item":"https:\/\/tce.pb.gov.br\/portalprimeirainfancia\/"},{"@type":"ListItem","position":2,"name":"TCE-PB destaca integra\u00e7\u00e3o com universidades para fortalecimento das pol\u00edticas voltadas \u00e0 primeira inf\u00e2ncia"}]},{"@type":"WebSite","@id":"https:\/\/tce.pb.gov.br\/portalprimeirainfancia\/#website","url":"https:\/\/tce.pb.gov.br\/portalprimeirainfancia\/","name":"Pacto Paraibano pela Primeira Inf\u00e2ncia","description":"Portal para divulga\u00e7\u00e3o do Pacto Paraibano pela Primeira Inf\u00e2ncia","publisher":{"@id":"https:\/\/tce.pb.gov.br\/portalprimeirainfancia\/#organization"},"potentialAction":[{"@type":"SearchAction","target":{"@type":"EntryPoint","urlTemplate":"https:\/\/tce.pb.gov.br\/portalprimeirainfancia\/?s={search_term_string}"},"query-input":{"@type":"PropertyValueSpecification","valueRequired":true,"valueName":"search_term_string"}}],"inLanguage":"pt-BR"},{"@type":"Organization","@id":"https:\/\/tce.pb.gov.br\/portalprimeirainfancia\/#organization","name":"Pacto Paraibano pela Primeira Inf\u00e2ncia","alternateName":"TCE-PB","url":"https:\/\/tce.pb.gov.br\/portalprimeirainfancia\/","logo":{"@type":"ImageObject","inLanguage":"pt-BR","@id":"https:\/\/tce.pb.gov.br\/portalprimeirainfancia\/#\/schema\/logo\/image\/","url":"https:\/\/tce.pb.gov.br\/portalprimeirainfancia\/wp-content\/uploads\/2025\/05\/Pacto-Whatsapp.png","contentUrl":"https:\/\/tce.pb.gov.br\/portalprimeirainfancia\/wp-content\/uploads\/2025\/05\/Pacto-Whatsapp.png","width":427,"height":427,"caption":"Pacto Paraibano pela Primeira Inf\u00e2ncia"},"image":{"@id":"https:\/\/tce.pb.gov.br\/portalprimeirainfancia\/#\/schema\/logo\/image\/"},"sameAs":["https:\/\/www.instagram.com\/tcepb\/"]},{"@type":"Person","@id":"https:\/\/tce.pb.gov.br\/portalprimeirainfancia\/#\/schema\/person\/6a39eea5836dda604de1c5e5b7d62141","name":"Rafael Massoni"}]}},"jetpack_featured_media_url":"https:\/\/tce.pb.gov.br\/portalprimeirainfancia\/wp-content\/uploads\/2026\/02\/image.png","jetpack_sharing_enabled":true,"_links":{"self":[{"href":"https:\/\/tce.pb.gov.br\/portalprimeirainfancia\/wp-json\/wp\/v2\/posts\/29832","targetHints":{"allow":["GET"]}}],"collection":[{"href":"https:\/\/tce.pb.gov.br\/portalprimeirainfancia\/wp-json\/wp\/v2\/posts"}],"about":[{"href":"https:\/\/tce.pb.gov.br\/portalprimeirainfancia\/wp-json\/wp\/v2\/types\/post"}],"author":[{"embeddable":true,"href":"https:\/\/tce.pb.gov.br\/portalprimeirainfancia\/wp-json\/wp\/v2\/users\/6"}],"replies":[{"embeddable":true,"href":"https:\/\/tce.pb.gov.br\/portalprimeirainfancia\/wp-json\/wp\/v2\/comments?post=29832"}],"version-history":[{"count":4,"href":"https:\/\/tce.pb.gov.br\/portalprimeirainfancia\/wp-json\/wp\/v2\/posts\/29832\/revisions"}],"predecessor-version":[{"id":29841,"href":"https:\/\/tce.pb.gov.br\/portalprimeirainfancia\/wp-json\/wp\/v2\/posts\/29832\/revisions\/29841"}],"wp:featuredmedia":[{"embeddable":true,"href":"https:\/\/tce.pb.gov.br\/portalprimeirainfancia\/wp-json\/wp\/v2\/media\/29833"}],"wp:attachment":[{"href":"https:\/\/tce.pb.gov.br\/portalprimeirainfancia\/wp-json\/wp\/v2\/media?parent=29832"}],"wp:term":[{"taxonomy":"category","embeddable":true,"href":"https:\/\/tce.pb.gov.br\/portalprimeirainfancia\/wp-json\/wp\/v2\/categories?post=29832"},{"taxonomy":"post_tag","embeddable":true,"href":"https:\/\/tce.pb.gov.br\/portalprimeirainfancia\/wp-json\/wp\/v2\/tags?post=29832"}],"curies":[{"name":"wp","href":"https:\/\/api.w.org\/{rel}","templated":true}]}}