{"id":29790,"date":"2026-02-03T11:22:13","date_gmt":"2026-02-03T14:22:13","guid":{"rendered":"https:\/\/tce.pb.gov.br\/portalprimeirainfancia\/?p=29790"},"modified":"2026-02-03T12:19:09","modified_gmt":"2026-02-03T15:19:09","slug":"tce-pb-participa-de-reuniao-do-mp-sobre-estrategias-de-prevencao-a-violencia-sexual-contra-criancas","status":"publish","type":"post","link":"https:\/\/tce.pb.gov.br\/portalprimeirainfancia\/tce-pb-participa-de-reuniao-do-mp-sobre-estrategias-de-prevencao-a-violencia-sexual-contra-criancas\/","title":{"rendered":"TCE-PB participa de reuni\u00e3o do MP sobre estrat\u00e9gias de preven\u00e7\u00e3o \u00e0 viol\u00eancia sexual contra crian\u00e7as"},"content":{"rendered":"\n<figure class=\"wp-block-gallery has-nested-images columns-default is-cropped wp-block-gallery-1 is-layout-flex wp-block-gallery-is-layout-flex\">\n<figure class=\"wp-block-image aligncenter size-large\"><img fetchpriority=\"high\" decoding=\"async\" width=\"1024\" height=\"768\" data-id=\"29791\" src=\"https:\/\/tce.pb.gov.br\/portalprimeirainfancia\/wp-content\/uploads\/2026\/02\/Reuniao-Andre-no-MP-1024x768-1.jpg\" alt=\"\" class=\"wp-image-29791\" srcset=\"https:\/\/tce.pb.gov.br\/portalprimeirainfancia\/wp-content\/uploads\/2026\/02\/Reuniao-Andre-no-MP-1024x768-1.jpg 1024w, https:\/\/tce.pb.gov.br\/portalprimeirainfancia\/wp-content\/uploads\/2026\/02\/Reuniao-Andre-no-MP-1024x768-1-300x225.jpg 300w, https:\/\/tce.pb.gov.br\/portalprimeirainfancia\/wp-content\/uploads\/2026\/02\/Reuniao-Andre-no-MP-1024x768-1-768x576.jpg 768w\" sizes=\"(max-width: 1024px) 100vw, 1024px\" \/><\/figure>\n\n\n\n<figure class=\"wp-block-image size-large\"><img decoding=\"async\" width=\"1024\" height=\"768\" data-id=\"29792\" src=\"https:\/\/tce.pb.gov.br\/portalprimeirainfancia\/wp-content\/uploads\/2026\/02\/Reuniao-Andre-no-MPB-JPG-1024x768.jpg\" alt=\"\" class=\"wp-image-29792\" srcset=\"https:\/\/tce.pb.gov.br\/portalprimeirainfancia\/wp-content\/uploads\/2026\/02\/Reuniao-Andre-no-MPB-JPG-1024x768.jpg 1024w, https:\/\/tce.pb.gov.br\/portalprimeirainfancia\/wp-content\/uploads\/2026\/02\/Reuniao-Andre-no-MPB-JPG-300x225.jpg 300w, https:\/\/tce.pb.gov.br\/portalprimeirainfancia\/wp-content\/uploads\/2026\/02\/Reuniao-Andre-no-MPB-JPG-768x576.jpg 768w, https:\/\/tce.pb.gov.br\/portalprimeirainfancia\/wp-content\/uploads\/2026\/02\/Reuniao-Andre-no-MPB-JPG-1536x1152.jpg 1536w, https:\/\/tce.pb.gov.br\/portalprimeirainfancia\/wp-content\/uploads\/2026\/02\/Reuniao-Andre-no-MPB-JPG.jpg 1600w\" sizes=\"(max-width: 1024px) 100vw, 1024px\" \/><\/figure>\n<\/figure>\n\n\n\n<p>O Tribunal de Contas da Para\u00edba (TCE-PB) participou nesta segunda-feira (2), de reuni\u00e3o promovida pelo Minist\u00e9rio P\u00fablico Estadual para discutir o Projeto Estrat\u00e9gico \u201cTodos por N\u00f3s\u201d, iniciativa concebida pelo Centro de Apoio Operacional \u00e0s Promotorias de Justi\u00e7a da Crian\u00e7a e do Adolescente da Procuradoria-Geral de Justi\u00e7a do Estado da Para\u00edba. Na ocasi\u00e3o, o conselheiro Andr\u00e9 Carlo Torres Pontes representou o presidente do TCE-PB, conselheiro F\u00e1bio Nogueira.<\/p>\n\n\n\n<p>Durante o encontro, a Promotora de Justi\u00e7a Fernanda Pettersen de Lucena, coordenadora do Centro de Apoio, solicitou o apoio do TCE-PB na constru\u00e7\u00e3o de estrat\u00e9gias e na formula\u00e7\u00e3o de propostas voltadas \u00e0 preven\u00e7\u00e3o da viol\u00eancia sexual contra crian\u00e7as e adolescentes. As a\u00e7\u00f5es discutidas est\u00e3o alinhadas \u00e0 estrutura de prote\u00e7\u00e3o \u00e0 crian\u00e7a v\u00edtima ou testemunha de crimes, com especial aten\u00e7\u00e3o \u00e0 Lei da Escuta Protegida (Lei n\u00ba 13.431\/2017) e \u00e0 Lei Henry Borel (Lei n\u00ba 14.344\/2022), al\u00e9m de estarem em conson\u00e2ncia com a Pol\u00edtica Nacional de Preven\u00e7\u00e3o e Combate ao Abuso e \u00e0 Explora\u00e7\u00e3o Sexual de Crian\u00e7as e Adolescentes e com os objetivos do Pacto Estadual \u201cTodos por N\u00f3s\u201d.<\/p>\n\n\n\n<p>Presidente da Comiss\u00e3o da Primeira Inf\u00e2ncia no \u00e2mbito do TCE-PB, o Conselheiro Andr\u00e9 Carlo apresentou a experi\u00eancia da Corte de Contas na tem\u00e1tica da primeira inf\u00e2ncia, destacando o papel pedag\u00f3gico e orientador do Tribunal no acompanhamento e na indu\u00e7\u00e3o de pol\u00edticas p\u00fablicas voltadas \u00e0 prote\u00e7\u00e3o integral de crian\u00e7as e adolescentes. Na oportunidade, foram entregues c\u00f3pias das decis\u00f5es proferidas nos Processos TC n\u00ba 5893\/24 e TC n\u00ba 7533\/24, j\u00e1 apreciados pelo Pleno, que tratam de a\u00e7\u00f5es de fiscaliza\u00e7\u00e3o e de recomenda\u00e7\u00f5es aos gestores p\u00fablicos para o fortalecimento da rede de prote\u00e7\u00e3o \u00e0 primeira inf\u00e2ncia, com \u00eanfase na articula\u00e7\u00e3o interinstitucional, na melhoria dos fluxos de atendimento e no cumprimento da legisla\u00e7\u00e3o protetiva.<\/p>\n\n\n\n<p>O encontro tamb\u00e9m contou com a apresenta\u00e7\u00e3o do n\u00famero 5 da Revista D\u2019Agente, edi\u00e7\u00e3o dedicada \u00e0 preven\u00e7\u00e3o do abuso sexual de crian\u00e7as e adolescentes. A exposi\u00e7\u00e3o foi realizada pela professora-doutora Rackynelly Alves Sarmento Soares, do Instituto Federal da Para\u00edba (IFPB), campus Sousa, respons\u00e1vel pela publica\u00e7\u00e3o, que \u00e9 especializada em Educa\u00e7\u00e3o na \u00e1rea de Sa\u00fade Coletiva e re\u00fane artigos voltados \u00e0 conscientiza\u00e7\u00e3o, preven\u00e7\u00e3o e enfrentamento da viol\u00eancia sexual infantojuvenil.<\/p>\n\n\n\n<p>Al\u00e9m do Conselheiro Andr\u00e9 Carlo, da Promotora Fernanda Pettersen e da professora Rackynelly, participaram da reuni\u00e3o Cristiane Cabral, assistente social e coordenadora do Conselho Municipal dos Direitos da Crian\u00e7a e do Adolescente da Prefeitura de Jo\u00e3o Pessoa; Adriane Oliveira, diretora da Secretaria de Direitos Humanos e Cidadania (SEDHUC); Ra\u00edssa Bezerra, assessora de Alta Complexidade da SEDHUC; Patr\u00edcia Teot\u00f4nio, pedagoga da Prefeitura de Jo\u00e3o Pessoa; as enfermeiras Jane Moraes e Alessandra Oliveira, da Secretaria Municipal de Sa\u00fade; Aur\u00e9lio Miguel, assessor jur\u00eddico da Secretaria de Sa\u00fade; e Alex Mendon\u00e7a, gerente de Aten\u00e7\u00e3o Prim\u00e1ria da mesma pasta.<\/p>\n\n\n\n<p><strong>Revista Turma d\u00b4Agente ( Volume 5)<\/strong>\u00a0\u00a0\u2013 Preven\u00e7\u00e3o do Abuso Sexual de Crian\u00e7as e Adolescentes \u00a0<strong>Link:<\/strong>\u00a0\u00a0<a href=\"https:\/\/tce.pb.gov.br\/portalprimeirainfancia\/publicacoes\/\">https:\/\/tce.pb.gov.br\/portalprimeirainfancia\/publicacoes\/<\/a><\/p>\n\n\n\n<p><\/p>\n","protected":false},"excerpt":{"rendered":"<p>O Tribunal de Contas da Para\u00edba (TCE-PB) participou nesta segunda-feira (2), de reuni\u00e3o promovida pelo Minist\u00e9rio P\u00fablico Estadual para discutir [&hellip;]<\/p>\n","protected":false},"author":6,"featured_media":29792,"comment_status":"closed","ping_status":"closed","sticky":false,"template":"","format":"standard","meta":{"site-sidebar-layout":"default","site-content-layout":"","ast-site-content-layout":"","site-content-style":"default","site-sidebar-style":"default","ast-global-header-display":"","ast-banner-title-visibility":"","ast-main-header-display":"","ast-hfb-above-header-display":"","ast-hfb-below-header-display":"","ast-hfb-mobile-header-display":"","site-post-title":"","ast-breadcrumbs-content":"","ast-featured-img":"","footer-sml-layout":"","theme-transparent-header-meta":"","adv-header-id-meta":"","stick-header-meta":"","header-above-stick-meta":"","header-main-stick-meta":"","header-below-stick-meta":"","astra-migrate-meta-layouts":"default","ast-page-background-enabled":"default","ast-page-background-meta":{"desktop":{"background-color":"var(--ast-global-color-5)","background-image":"","background-repeat":"repeat","background-position":"center center","background-size":"auto","background-attachment":"scroll","background-type":"","background-media":"","overlay-type":"","overlay-color":"","overlay-opacity":"","overlay-gradient":""},"tablet":{"background-color":"","background-image":"","background-repeat":"repeat","background-position":"center center","background-size":"auto","background-attachment":"scroll","background-type":"","background-media":"","overlay-type":"","overlay-color":"","overlay-opacity":"","overlay-gradient":""},"mobile":{"background-color":"","background-image":"","background-repeat":"repeat","background-position":"center center","background-size":"auto","background-attachment":"scroll","background-type":"","background-media":"","overlay-type":"","overlay-color":"","overlay-opacity":"","overlay-gradient":""}},"ast-content-background-meta":{"desktop":{"background-color":"var(--ast-global-color-4)","background-image":"","background-repeat":"repeat","background-position":"center center","background-size":"auto","background-attachment":"scroll","background-type":"","background-media":"","overlay-type":"","overlay-color":"","overlay-opacity":"","overlay-gradient":""},"tablet":{"background-color":"var(--ast-global-color-4)","background-image":"","background-repeat":"repeat","background-position":"center center","background-size":"auto","background-attachment":"scroll","background-type":"","background-media":"","overlay-type":"","overlay-color":"","overlay-opacity":"","overlay-gradient":""},"mobile":{"background-color":"var(--ast-global-color-4)","background-image":"","background-repeat":"repeat","background-position":"center center","background-size":"auto","background-attachment":"scroll","background-type":"","background-media":"","overlay-type":"","overlay-color":"","overlay-opacity":"","overlay-gradient":""}},"_jetpack_memberships_contains_paid_content":false,"footnotes":""},"categories":[24,7],"tags":[73,27,39,25,31,26],"class_list":["post-29790","post","type-post","status-publish","format-standard","has-post-thumbnail","hentry","category-destaques","category-noticias","tag-andre-carlo","tag-pacto-pela-primeira-infancia","tag-prefeituras","tag-primeira-infancia","tag-tce","tag-tce-pb"],"yoast_head":"<!-- This site is optimized with the Yoast SEO plugin v27.5 - https:\/\/yoast.com\/product\/yoast-seo-wordpress\/ -->\n<title>TCE-PB participa de reuni\u00e3o do MP sobre estrat\u00e9gias de preven\u00e7\u00e3o \u00e0 viol\u00eancia sexual contra crian\u00e7as %<\/title>\n<meta name=\"description\" content=\"TCE-PB participa de reuni\u00e3o do MP sobre estrat\u00e9gias de preven\u00e7\u00e3o \u00e0 viol\u00eancia sexual contra crian\u00e7as %\" \/>\n<meta name=\"robots\" content=\"index, follow, max-snippet:-1, max-image-preview:large, max-video-preview:-1\" \/>\n<link rel=\"canonical\" href=\"https:\/\/tce.pb.gov.br\/portalprimeirainfancia\/tce-pb-participa-de-reuniao-do-mp-sobre-estrategias-de-prevencao-a-violencia-sexual-contra-criancas\/\" \/>\n<meta property=\"og:locale\" content=\"pt_BR\" \/>\n<meta property=\"og:type\" content=\"article\" \/>\n<meta property=\"og:title\" content=\"TCE-PB participa de reuni\u00e3o do MP sobre estrat\u00e9gias de preven\u00e7\u00e3o \u00e0 viol\u00eancia sexual contra crian\u00e7as %\" \/>\n<meta property=\"og:description\" content=\"TCE-PB participa de reuni\u00e3o do MP sobre estrat\u00e9gias de preven\u00e7\u00e3o \u00e0 viol\u00eancia sexual contra crian\u00e7as %\" \/>\n<meta property=\"og:url\" content=\"https:\/\/tce.pb.gov.br\/portalprimeirainfancia\/tce-pb-participa-de-reuniao-do-mp-sobre-estrategias-de-prevencao-a-violencia-sexual-contra-criancas\/\" \/>\n<meta property=\"og:site_name\" content=\"Pacto Paraibano pela Primeira Inf\u00e2ncia\" \/>\n<meta property=\"article:published_time\" content=\"2026-02-03T14:22:13+00:00\" \/>\n<meta property=\"article:modified_time\" content=\"2026-02-03T15:19:09+00:00\" \/>\n<meta property=\"og:image\" content=\"https:\/\/tce.pb.gov.br\/portalprimeirainfancia\/wp-content\/uploads\/2026\/02\/Reuniao-Andre-no-MPB-JPG.jpg\" \/>\n\t<meta property=\"og:image:width\" content=\"1600\" \/>\n\t<meta property=\"og:image:height\" content=\"1200\" \/>\n\t<meta property=\"og:image:type\" content=\"image\/jpeg\" \/>\n<meta name=\"author\" content=\"Rafael Massoni\" \/>\n<meta name=\"twitter:card\" content=\"summary_large_image\" \/>\n<meta name=\"twitter:label1\" content=\"Escrito por\" \/>\n\t<meta name=\"twitter:data1\" content=\"Rafael Massoni\" \/>\n\t<meta name=\"twitter:label2\" content=\"Est. tempo de leitura\" \/>\n\t<meta name=\"twitter:data2\" content=\"4 minutos\" \/>\n<script type=\"application\/ld+json\" class=\"yoast-schema-graph\">{\"@context\":\"https:\\\/\\\/schema.org\",\"@graph\":[{\"@type\":\"NewsArticle\",\"@id\":\"https:\\\/\\\/tce.pb.gov.br\\\/portalprimeirainfancia\\\/tce-pb-participa-de-reuniao-do-mp-sobre-estrategias-de-prevencao-a-violencia-sexual-contra-criancas\\\/#article\",\"isPartOf\":{\"@id\":\"https:\\\/\\\/tce.pb.gov.br\\\/portalprimeirainfancia\\\/tce-pb-participa-de-reuniao-do-mp-sobre-estrategias-de-prevencao-a-violencia-sexual-contra-criancas\\\/\"},\"author\":{\"name\":\"Rafael Massoni\",\"@id\":\"https:\\\/\\\/tce.pb.gov.br\\\/portalprimeirainfancia\\\/#\\\/schema\\\/person\\\/6a39eea5836dda604de1c5e5b7d62141\"},\"headline\":\"TCE-PB participa de reuni\u00e3o do MP sobre estrat\u00e9gias de preven\u00e7\u00e3o \u00e0 viol\u00eancia sexual contra crian\u00e7as\",\"datePublished\":\"2026-02-03T14:22:13+00:00\",\"dateModified\":\"2026-02-03T15:19:09+00:00\",\"mainEntityOfPage\":{\"@id\":\"https:\\\/\\\/tce.pb.gov.br\\\/portalprimeirainfancia\\\/tce-pb-participa-de-reuniao-do-mp-sobre-estrategias-de-prevencao-a-violencia-sexual-contra-criancas\\\/\"},\"wordCount\":556,\"publisher\":{\"@id\":\"https:\\\/\\\/tce.pb.gov.br\\\/portalprimeirainfancia\\\/#organization\"},\"image\":{\"@id\":\"https:\\\/\\\/tce.pb.gov.br\\\/portalprimeirainfancia\\\/tce-pb-participa-de-reuniao-do-mp-sobre-estrategias-de-prevencao-a-violencia-sexual-contra-criancas\\\/#primaryimage\"},\"thumbnailUrl\":\"https:\\\/\\\/tce.pb.gov.br\\\/portalprimeirainfancia\\\/wp-content\\\/uploads\\\/2026\\\/02\\\/Reuniao-Andre-no-MPB-JPG.jpg\",\"keywords\":[\"andre carlo\",\"pacto pela primeira infancia\",\"prefeituras\",\"primeira infancia\",\"tce\",\"tce-pb\"],\"articleSection\":[\"Destaques\",\"Not\u00edcias\"],\"inLanguage\":\"pt-BR\"},{\"@type\":\"WebPage\",\"@id\":\"https:\\\/\\\/tce.pb.gov.br\\\/portalprimeirainfancia\\\/tce-pb-participa-de-reuniao-do-mp-sobre-estrategias-de-prevencao-a-violencia-sexual-contra-criancas\\\/\",\"url\":\"https:\\\/\\\/tce.pb.gov.br\\\/portalprimeirainfancia\\\/tce-pb-participa-de-reuniao-do-mp-sobre-estrategias-de-prevencao-a-violencia-sexual-contra-criancas\\\/\",\"name\":\"TCE-PB participa de reuni\u00e3o do MP sobre estrat\u00e9gias de preven\u00e7\u00e3o \u00e0 viol\u00eancia sexual contra crian\u00e7as %\",\"isPartOf\":{\"@id\":\"https:\\\/\\\/tce.pb.gov.br\\\/portalprimeirainfancia\\\/#website\"},\"primaryImageOfPage\":{\"@id\":\"https:\\\/\\\/tce.pb.gov.br\\\/portalprimeirainfancia\\\/tce-pb-participa-de-reuniao-do-mp-sobre-estrategias-de-prevencao-a-violencia-sexual-contra-criancas\\\/#primaryimage\"},\"image\":{\"@id\":\"https:\\\/\\\/tce.pb.gov.br\\\/portalprimeirainfancia\\\/tce-pb-participa-de-reuniao-do-mp-sobre-estrategias-de-prevencao-a-violencia-sexual-contra-criancas\\\/#primaryimage\"},\"thumbnailUrl\":\"https:\\\/\\\/tce.pb.gov.br\\\/portalprimeirainfancia\\\/wp-content\\\/uploads\\\/2026\\\/02\\\/Reuniao-Andre-no-MPB-JPG.jpg\",\"datePublished\":\"2026-02-03T14:22:13+00:00\",\"dateModified\":\"2026-02-03T15:19:09+00:00\",\"description\":\"TCE-PB participa de reuni\u00e3o do MP sobre estrat\u00e9gias de preven\u00e7\u00e3o \u00e0 viol\u00eancia sexual contra crian\u00e7as %\",\"breadcrumb\":{\"@id\":\"https:\\\/\\\/tce.pb.gov.br\\\/portalprimeirainfancia\\\/tce-pb-participa-de-reuniao-do-mp-sobre-estrategias-de-prevencao-a-violencia-sexual-contra-criancas\\\/#breadcrumb\"},\"inLanguage\":\"pt-BR\",\"potentialAction\":[{\"@type\":\"ReadAction\",\"target\":[\"https:\\\/\\\/tce.pb.gov.br\\\/portalprimeirainfancia\\\/tce-pb-participa-de-reuniao-do-mp-sobre-estrategias-de-prevencao-a-violencia-sexual-contra-criancas\\\/\"]}]},{\"@type\":\"ImageObject\",\"inLanguage\":\"pt-BR\",\"@id\":\"https:\\\/\\\/tce.pb.gov.br\\\/portalprimeirainfancia\\\/tce-pb-participa-de-reuniao-do-mp-sobre-estrategias-de-prevencao-a-violencia-sexual-contra-criancas\\\/#primaryimage\",\"url\":\"https:\\\/\\\/tce.pb.gov.br\\\/portalprimeirainfancia\\\/wp-content\\\/uploads\\\/2026\\\/02\\\/Reuniao-Andre-no-MPB-JPG.jpg\",\"contentUrl\":\"https:\\\/\\\/tce.pb.gov.br\\\/portalprimeirainfancia\\\/wp-content\\\/uploads\\\/2026\\\/02\\\/Reuniao-Andre-no-MPB-JPG.jpg\",\"width\":1600,\"height\":1200},{\"@type\":\"BreadcrumbList\",\"@id\":\"https:\\\/\\\/tce.pb.gov.br\\\/portalprimeirainfancia\\\/tce-pb-participa-de-reuniao-do-mp-sobre-estrategias-de-prevencao-a-violencia-sexual-contra-criancas\\\/#breadcrumb\",\"itemListElement\":[{\"@type\":\"ListItem\",\"position\":1,\"name\":\"In\u00edcio\",\"item\":\"https:\\\/\\\/tce.pb.gov.br\\\/portalprimeirainfancia\\\/\"},{\"@type\":\"ListItem\",\"position\":2,\"name\":\"TCE-PB participa de reuni\u00e3o do MP sobre estrat\u00e9gias de preven\u00e7\u00e3o \u00e0 viol\u00eancia sexual contra crian\u00e7as\"}]},{\"@type\":\"WebSite\",\"@id\":\"https:\\\/\\\/tce.pb.gov.br\\\/portalprimeirainfancia\\\/#website\",\"url\":\"https:\\\/\\\/tce.pb.gov.br\\\/portalprimeirainfancia\\\/\",\"name\":\"Pacto Paraibano pela Primeira Inf\u00e2ncia\",\"description\":\"Portal para divulga\u00e7\u00e3o do Pacto Paraibano pela Primeira Inf\u00e2ncia\",\"publisher\":{\"@id\":\"https:\\\/\\\/tce.pb.gov.br\\\/portalprimeirainfancia\\\/#organization\"},\"potentialAction\":[{\"@type\":\"SearchAction\",\"target\":{\"@type\":\"EntryPoint\",\"urlTemplate\":\"https:\\\/\\\/tce.pb.gov.br\\\/portalprimeirainfancia\\\/?s={search_term_string}\"},\"query-input\":{\"@type\":\"PropertyValueSpecification\",\"valueRequired\":true,\"valueName\":\"search_term_string\"}}],\"inLanguage\":\"pt-BR\"},{\"@type\":\"Organization\",\"@id\":\"https:\\\/\\\/tce.pb.gov.br\\\/portalprimeirainfancia\\\/#organization\",\"name\":\"Pacto Paraibano pela Primeira Inf\u00e2ncia\",\"alternateName\":\"TCE-PB\",\"url\":\"https:\\\/\\\/tce.pb.gov.br\\\/portalprimeirainfancia\\\/\",\"logo\":{\"@type\":\"ImageObject\",\"inLanguage\":\"pt-BR\",\"@id\":\"https:\\\/\\\/tce.pb.gov.br\\\/portalprimeirainfancia\\\/#\\\/schema\\\/logo\\\/image\\\/\",\"url\":\"https:\\\/\\\/tce.pb.gov.br\\\/portalprimeirainfancia\\\/wp-content\\\/uploads\\\/2025\\\/05\\\/Pacto-Whatsapp.png\",\"contentUrl\":\"https:\\\/\\\/tce.pb.gov.br\\\/portalprimeirainfancia\\\/wp-content\\\/uploads\\\/2025\\\/05\\\/Pacto-Whatsapp.png\",\"width\":427,\"height\":427,\"caption\":\"Pacto Paraibano pela Primeira Inf\u00e2ncia\"},\"image\":{\"@id\":\"https:\\\/\\\/tce.pb.gov.br\\\/portalprimeirainfancia\\\/#\\\/schema\\\/logo\\\/image\\\/\"},\"sameAs\":[\"https:\\\/\\\/www.instagram.com\\\/tcepb\\\/\"]},{\"@type\":\"Person\",\"@id\":\"https:\\\/\\\/tce.pb.gov.br\\\/portalprimeirainfancia\\\/#\\\/schema\\\/person\\\/6a39eea5836dda604de1c5e5b7d62141\",\"name\":\"Rafael Massoni\"}]}<\/script>\n<!-- \/ Yoast SEO plugin. -->","yoast_head_json":{"title":"TCE-PB participa de reuni\u00e3o do MP sobre estrat\u00e9gias de preven\u00e7\u00e3o \u00e0 viol\u00eancia sexual contra crian\u00e7as %","description":"TCE-PB participa de reuni\u00e3o do MP sobre estrat\u00e9gias de preven\u00e7\u00e3o \u00e0 viol\u00eancia sexual contra crian\u00e7as %","robots":{"index":"index","follow":"follow","max-snippet":"max-snippet:-1","max-image-preview":"max-image-preview:large","max-video-preview":"max-video-preview:-1"},"canonical":"https:\/\/tce.pb.gov.br\/portalprimeirainfancia\/tce-pb-participa-de-reuniao-do-mp-sobre-estrategias-de-prevencao-a-violencia-sexual-contra-criancas\/","og_locale":"pt_BR","og_type":"article","og_title":"TCE-PB participa de reuni\u00e3o do MP sobre estrat\u00e9gias de preven\u00e7\u00e3o \u00e0 viol\u00eancia sexual contra crian\u00e7as %","og_description":"TCE-PB participa de reuni\u00e3o do MP sobre estrat\u00e9gias de preven\u00e7\u00e3o \u00e0 viol\u00eancia sexual contra crian\u00e7as %","og_url":"https:\/\/tce.pb.gov.br\/portalprimeirainfancia\/tce-pb-participa-de-reuniao-do-mp-sobre-estrategias-de-prevencao-a-violencia-sexual-contra-criancas\/","og_site_name":"Pacto Paraibano pela Primeira Inf\u00e2ncia","article_published_time":"2026-02-03T14:22:13+00:00","article_modified_time":"2026-02-03T15:19:09+00:00","og_image":[{"width":1600,"height":1200,"url":"https:\/\/tce.pb.gov.br\/portalprimeirainfancia\/wp-content\/uploads\/2026\/02\/Reuniao-Andre-no-MPB-JPG.jpg","type":"image\/jpeg"}],"author":"Rafael Massoni","twitter_card":"summary_large_image","twitter_misc":{"Escrito por":"Rafael Massoni","Est. tempo de leitura":"4 minutos"},"schema":{"@context":"https:\/\/schema.org","@graph":[{"@type":"NewsArticle","@id":"https:\/\/tce.pb.gov.br\/portalprimeirainfancia\/tce-pb-participa-de-reuniao-do-mp-sobre-estrategias-de-prevencao-a-violencia-sexual-contra-criancas\/#article","isPartOf":{"@id":"https:\/\/tce.pb.gov.br\/portalprimeirainfancia\/tce-pb-participa-de-reuniao-do-mp-sobre-estrategias-de-prevencao-a-violencia-sexual-contra-criancas\/"},"author":{"name":"Rafael Massoni","@id":"https:\/\/tce.pb.gov.br\/portalprimeirainfancia\/#\/schema\/person\/6a39eea5836dda604de1c5e5b7d62141"},"headline":"TCE-PB participa de reuni\u00e3o do MP sobre estrat\u00e9gias de preven\u00e7\u00e3o \u00e0 viol\u00eancia sexual contra crian\u00e7as","datePublished":"2026-02-03T14:22:13+00:00","dateModified":"2026-02-03T15:19:09+00:00","mainEntityOfPage":{"@id":"https:\/\/tce.pb.gov.br\/portalprimeirainfancia\/tce-pb-participa-de-reuniao-do-mp-sobre-estrategias-de-prevencao-a-violencia-sexual-contra-criancas\/"},"wordCount":556,"publisher":{"@id":"https:\/\/tce.pb.gov.br\/portalprimeirainfancia\/#organization"},"image":{"@id":"https:\/\/tce.pb.gov.br\/portalprimeirainfancia\/tce-pb-participa-de-reuniao-do-mp-sobre-estrategias-de-prevencao-a-violencia-sexual-contra-criancas\/#primaryimage"},"thumbnailUrl":"https:\/\/tce.pb.gov.br\/portalprimeirainfancia\/wp-content\/uploads\/2026\/02\/Reuniao-Andre-no-MPB-JPG.jpg","keywords":["andre carlo","pacto pela primeira infancia","prefeituras","primeira infancia","tce","tce-pb"],"articleSection":["Destaques","Not\u00edcias"],"inLanguage":"pt-BR"},{"@type":"WebPage","@id":"https:\/\/tce.pb.gov.br\/portalprimeirainfancia\/tce-pb-participa-de-reuniao-do-mp-sobre-estrategias-de-prevencao-a-violencia-sexual-contra-criancas\/","url":"https:\/\/tce.pb.gov.br\/portalprimeirainfancia\/tce-pb-participa-de-reuniao-do-mp-sobre-estrategias-de-prevencao-a-violencia-sexual-contra-criancas\/","name":"TCE-PB participa de reuni\u00e3o do MP sobre estrat\u00e9gias de preven\u00e7\u00e3o \u00e0 viol\u00eancia sexual contra crian\u00e7as %","isPartOf":{"@id":"https:\/\/tce.pb.gov.br\/portalprimeirainfancia\/#website"},"primaryImageOfPage":{"@id":"https:\/\/tce.pb.gov.br\/portalprimeirainfancia\/tce-pb-participa-de-reuniao-do-mp-sobre-estrategias-de-prevencao-a-violencia-sexual-contra-criancas\/#primaryimage"},"image":{"@id":"https:\/\/tce.pb.gov.br\/portalprimeirainfancia\/tce-pb-participa-de-reuniao-do-mp-sobre-estrategias-de-prevencao-a-violencia-sexual-contra-criancas\/#primaryimage"},"thumbnailUrl":"https:\/\/tce.pb.gov.br\/portalprimeirainfancia\/wp-content\/uploads\/2026\/02\/Reuniao-Andre-no-MPB-JPG.jpg","datePublished":"2026-02-03T14:22:13+00:00","dateModified":"2026-02-03T15:19:09+00:00","description":"TCE-PB participa de reuni\u00e3o do MP sobre estrat\u00e9gias de preven\u00e7\u00e3o \u00e0 viol\u00eancia sexual contra crian\u00e7as %","breadcrumb":{"@id":"https:\/\/tce.pb.gov.br\/portalprimeirainfancia\/tce-pb-participa-de-reuniao-do-mp-sobre-estrategias-de-prevencao-a-violencia-sexual-contra-criancas\/#breadcrumb"},"inLanguage":"pt-BR","potentialAction":[{"@type":"ReadAction","target":["https:\/\/tce.pb.gov.br\/portalprimeirainfancia\/tce-pb-participa-de-reuniao-do-mp-sobre-estrategias-de-prevencao-a-violencia-sexual-contra-criancas\/"]}]},{"@type":"ImageObject","inLanguage":"pt-BR","@id":"https:\/\/tce.pb.gov.br\/portalprimeirainfancia\/tce-pb-participa-de-reuniao-do-mp-sobre-estrategias-de-prevencao-a-violencia-sexual-contra-criancas\/#primaryimage","url":"https:\/\/tce.pb.gov.br\/portalprimeirainfancia\/wp-content\/uploads\/2026\/02\/Reuniao-Andre-no-MPB-JPG.jpg","contentUrl":"https:\/\/tce.pb.gov.br\/portalprimeirainfancia\/wp-content\/uploads\/2026\/02\/Reuniao-Andre-no-MPB-JPG.jpg","width":1600,"height":1200},{"@type":"BreadcrumbList","@id":"https:\/\/tce.pb.gov.br\/portalprimeirainfancia\/tce-pb-participa-de-reuniao-do-mp-sobre-estrategias-de-prevencao-a-violencia-sexual-contra-criancas\/#breadcrumb","itemListElement":[{"@type":"ListItem","position":1,"name":"In\u00edcio","item":"https:\/\/tce.pb.gov.br\/portalprimeirainfancia\/"},{"@type":"ListItem","position":2,"name":"TCE-PB participa de reuni\u00e3o do MP sobre estrat\u00e9gias de preven\u00e7\u00e3o \u00e0 viol\u00eancia sexual contra crian\u00e7as"}]},{"@type":"WebSite","@id":"https:\/\/tce.pb.gov.br\/portalprimeirainfancia\/#website","url":"https:\/\/tce.pb.gov.br\/portalprimeirainfancia\/","name":"Pacto Paraibano pela Primeira Inf\u00e2ncia","description":"Portal para divulga\u00e7\u00e3o do Pacto Paraibano pela Primeira Inf\u00e2ncia","publisher":{"@id":"https:\/\/tce.pb.gov.br\/portalprimeirainfancia\/#organization"},"potentialAction":[{"@type":"SearchAction","target":{"@type":"EntryPoint","urlTemplate":"https:\/\/tce.pb.gov.br\/portalprimeirainfancia\/?s={search_term_string}"},"query-input":{"@type":"PropertyValueSpecification","valueRequired":true,"valueName":"search_term_string"}}],"inLanguage":"pt-BR"},{"@type":"Organization","@id":"https:\/\/tce.pb.gov.br\/portalprimeirainfancia\/#organization","name":"Pacto Paraibano pela Primeira Inf\u00e2ncia","alternateName":"TCE-PB","url":"https:\/\/tce.pb.gov.br\/portalprimeirainfancia\/","logo":{"@type":"ImageObject","inLanguage":"pt-BR","@id":"https:\/\/tce.pb.gov.br\/portalprimeirainfancia\/#\/schema\/logo\/image\/","url":"https:\/\/tce.pb.gov.br\/portalprimeirainfancia\/wp-content\/uploads\/2025\/05\/Pacto-Whatsapp.png","contentUrl":"https:\/\/tce.pb.gov.br\/portalprimeirainfancia\/wp-content\/uploads\/2025\/05\/Pacto-Whatsapp.png","width":427,"height":427,"caption":"Pacto Paraibano pela Primeira Inf\u00e2ncia"},"image":{"@id":"https:\/\/tce.pb.gov.br\/portalprimeirainfancia\/#\/schema\/logo\/image\/"},"sameAs":["https:\/\/www.instagram.com\/tcepb\/"]},{"@type":"Person","@id":"https:\/\/tce.pb.gov.br\/portalprimeirainfancia\/#\/schema\/person\/6a39eea5836dda604de1c5e5b7d62141","name":"Rafael Massoni"}]}},"jetpack_featured_media_url":"https:\/\/tce.pb.gov.br\/portalprimeirainfancia\/wp-content\/uploads\/2026\/02\/Reuniao-Andre-no-MPB-JPG.jpg","jetpack_sharing_enabled":true,"_links":{"self":[{"href":"https:\/\/tce.pb.gov.br\/portalprimeirainfancia\/wp-json\/wp\/v2\/posts\/29790","targetHints":{"allow":["GET"]}}],"collection":[{"href":"https:\/\/tce.pb.gov.br\/portalprimeirainfancia\/wp-json\/wp\/v2\/posts"}],"about":[{"href":"https:\/\/tce.pb.gov.br\/portalprimeirainfancia\/wp-json\/wp\/v2\/types\/post"}],"author":[{"embeddable":true,"href":"https:\/\/tce.pb.gov.br\/portalprimeirainfancia\/wp-json\/wp\/v2\/users\/6"}],"replies":[{"embeddable":true,"href":"https:\/\/tce.pb.gov.br\/portalprimeirainfancia\/wp-json\/wp\/v2\/comments?post=29790"}],"version-history":[{"count":3,"href":"https:\/\/tce.pb.gov.br\/portalprimeirainfancia\/wp-json\/wp\/v2\/posts\/29790\/revisions"}],"predecessor-version":[{"id":29825,"href":"https:\/\/tce.pb.gov.br\/portalprimeirainfancia\/wp-json\/wp\/v2\/posts\/29790\/revisions\/29825"}],"wp:featuredmedia":[{"embeddable":true,"href":"https:\/\/tce.pb.gov.br\/portalprimeirainfancia\/wp-json\/wp\/v2\/media\/29792"}],"wp:attachment":[{"href":"https:\/\/tce.pb.gov.br\/portalprimeirainfancia\/wp-json\/wp\/v2\/media?parent=29790"}],"wp:term":[{"taxonomy":"category","embeddable":true,"href":"https:\/\/tce.pb.gov.br\/portalprimeirainfancia\/wp-json\/wp\/v2\/categories?post=29790"},{"taxonomy":"post_tag","embeddable":true,"href":"https:\/\/tce.pb.gov.br\/portalprimeirainfancia\/wp-json\/wp\/v2\/tags?post=29790"}],"curies":[{"name":"wp","href":"https:\/\/api.w.org\/{rel}","templated":true}]}}