{"id":29786,"date":"2026-01-23T12:07:03","date_gmt":"2026-01-23T15:07:03","guid":{"rendered":"https:\/\/tce.pb.gov.br\/portalprimeirainfancia\/?p=29786"},"modified":"2026-01-23T12:07:05","modified_gmt":"2026-01-23T15:07:05","slug":"tce-pb-promove-webinarios-sobre-planos-de-acao-em-politicas-publicas-para-a-primeira-infancia","status":"publish","type":"post","link":"https:\/\/tce.pb.gov.br\/portalprimeirainfancia\/tce-pb-promove-webinarios-sobre-planos-de-acao-em-politicas-publicas-para-a-primeira-infancia\/","title":{"rendered":"TCE-PB promove webin\u00e1rios sobre planos de a\u00e7\u00e3o em pol\u00edticas p\u00fablicas para a Primeira Inf\u00e2ncia"},"content":{"rendered":"\n<figure class=\"wp-block-image aligncenter size-full\"><img fetchpriority=\"high\" decoding=\"async\" width=\"1024\" height=\"683\" src=\"https:\/\/tce.pb.gov.br\/portalprimeirainfancia\/wp-content\/uploads\/2026\/01\/image-3.png\" alt=\"\" class=\"wp-image-29787\" srcset=\"https:\/\/tce.pb.gov.br\/portalprimeirainfancia\/wp-content\/uploads\/2026\/01\/image-3.png 1024w, https:\/\/tce.pb.gov.br\/portalprimeirainfancia\/wp-content\/uploads\/2026\/01\/image-3-300x200.png 300w, https:\/\/tce.pb.gov.br\/portalprimeirainfancia\/wp-content\/uploads\/2026\/01\/image-3-768x512.png 768w\" sizes=\"(max-width: 1024px) 100vw, 1024px\" \/><\/figure>\n\n\n\n<p>O Tribunal de Contas do Estado da Para\u00edba (TCE-PB) realizar\u00e1, entre os dias 26 de janeiro e 3 de fevereiro de 2026, uma s\u00e9rie de webin\u00e1rios voltados \u00e0 orienta\u00e7\u00e3o de gestores estaduais e municipais sobre a elabora\u00e7\u00e3o dos Planos de A\u00e7\u00e3o em Auditoria Operacional das Pol\u00edticas P\u00fablicas para a Primeira Inf\u00e2ncia.<\/p>\n\n\n\n<p>A iniciativa decorre do Ac\u00f3rd\u00e3o APL\u2013TC n\u00ba 00510\/25, proferido no \u00e2mbito do Processo TC n\u00ba 07533\/24, que aprovou auditoria operacional realizada pelo Tribunal com o objetivo de avaliar a governan\u00e7a, a implementa\u00e7\u00e3o e os resultados das pol\u00edticas p\u00fablicas destinadas \u00e0 Primeira Inf\u00e2ncia no Estado da Para\u00edba, no per\u00edodo de 2022 ao primeiro quadrimestre de 2025.<\/p>\n\n\n\n<p>Ao refor\u00e7ar a realiza\u00e7\u00e3o dos webin\u00e1rios, por meio de oficio circular, o presidente do TCE-PB, conselheiro F\u00e1bio Nogueira, destacou que o fortalecimento das pol\u00edticas p\u00fablicas voltadas \u00e0 Primeira Inf\u00e2ncia representa um imperativo \u00e9tico, jur\u00eddico e social, sendo fundamental para garantir o desenvolvimento integral das crian\u00e7as paraibanas e transformar as delibera\u00e7\u00f5es do Tribunal em benef\u00edcios concretos para a sociedade.<\/p>\n\n\n\n<p>De acordo com o TCE-PB, os webin\u00e1rios t\u00eam car\u00e1ter orientativo e buscam apoiar os entes jurisdicionados no cumprimento da determina\u00e7\u00e3o do Tribunal, que estabeleceu o prazo de 60 dias para que o Governo do Estado e os munic\u00edpios paraibanos apresentem seus respectivos planos de a\u00e7\u00e3o, contendo as medidas adotadas ou a serem implementadas para atender \u00e0s recomenda\u00e7\u00f5es da auditoria.<\/p>\n\n\n\n<p><strong>Participa\u00e7\u00e3o e p\u00fablico-alvo<\/strong><strong>\u2013&nbsp;<\/strong>Cada munic\u00edpio ou secretaria estadual dever\u00e1 indicar no m\u00ednimo dois representantes, preferencialmente t\u00e9cnicos das \u00e1reas de assist\u00eancia social, sa\u00fade, educa\u00e7\u00e3o ou centro de governo, como planejamento e administra\u00e7\u00e3o.<\/p>\n\n\n\n<p>Os encontros ocorrer\u00e3o sempre das 9h \u00e0s 10h30, por meio da plataforma Google Meet.<\/p>\n\n\n\n<p><strong>Calend\u00e1rio<\/strong>&nbsp;\u2013 Os webin\u00e1rios ser\u00e3o realizados de forma escalonada, conforme cronograma definido pelo Tribunal, abrangendo todos os munic\u00edpios paraibanos entre os dias 26 e 30 de janeiro, al\u00e9m de um encontro espec\u00edfico, em 3 de fevereiro, destinado aos \u00f3rg\u00e3os do n\u00edvel estadual, incluindo secretarias e o Comit\u00ea Estadual Intersetorial da Primeira Inf\u00e2ncia.<\/p>\n\n\n\n<p><strong>Auditoria Operacional<\/strong>\u2013 A Auditoria Operacional em Pol\u00edticas P\u00fablicas para a Primeira Inf\u00e2ncia foi estruturada em tr\u00eas eixos principais: institucionaliza\u00e7\u00e3o e implementa\u00e7\u00e3o da pol\u00edtica da Primeira Inf\u00e2ncia; Pol\u00edticas setoriais essenciais ao desenvolvimento infantil, como sa\u00fade, educa\u00e7\u00e3o e assist\u00eancia social; e Programas de visita\u00e7\u00e3o domiciliar, a exemplo da Estrat\u00e9gia Sa\u00fade da Fam\u00edlia (SUS\/ESF) e do Programa Crian\u00e7a Feliz (SUAS\/PCF).<\/p>\n\n\n\n<p>O trabalho identificou desafios relevantes, como insufici\u00eancia de vagas na educa\u00e7\u00e3o infantil, fragilidades na coordena\u00e7\u00e3o intersetorial, falhas no planejamento e car\u00eancias na oferta de servi\u00e7os essenciais \u00e0s crian\u00e7as de 0 a 6 anos, al\u00e9m de apresentar recomenda\u00e7\u00f5es para o aperfei\u00e7oamento da gest\u00e3o p\u00fablica e a efetiva\u00e7\u00e3o dos direitos da Primeira Inf\u00e2ncia.<\/p>\n\n\n\n<h3 class=\"wp-block-heading has-text-align-center\"><strong>Calend\u00e1rio dos webin\u00e1rios \u2013 Munic\u00edpios<\/strong><\/h3>\n\n\n\n<figure class=\"wp-block-table\"><table class=\"has-fixed-layout\"><thead><tr><td><strong>Data<\/strong><\/td><td><strong>Munic\u00edpios<\/strong><\/td><\/tr><\/thead><tbody><tr><td><strong>26\/01\/2026<\/strong><\/td><td>Aparecida, Areia de Bara\u00fanas, Bel\u00e9m do Brejo do Cruz, Bom Sucesso, Brejo do Cruz, Brejo dos Santos, Cacimba de Areia, Cajazeirinhas, Catol\u00e9 do Rocha, Condado, Jeric\u00f3, Lagoa, Lastro, Malta, Mariz\u00f3polis, Mato Grosso, M\u00e3e d\u2019\u00c1gua, Nazarezinho, Passagem, Patos, Paulista, Pombal, Quixaba, Riacho dos Cavalos, Santa Cruz, Santa Terezinha, S\u00e3o Bentinho, S\u00e3o Bento, S\u00e3o Domingos, S\u00e3o Francisco, S\u00e3o Jos\u00e9 da Lagoa Tapada, S\u00e3o Jos\u00e9 de Espinharas, S\u00e3o Jos\u00e9 do Bonfim, S\u00e3o Jos\u00e9 do Brejo do Cruz, Sousa, Vieir\u00f3polis e Vista Serrana<\/td><\/tr><tr><td><strong>27\/01\/2026<\/strong><\/td><td>\u00c1gua Branca, Bernardino Batista, Boa Ventura, Bom Jesus, Bonito de Santa F\u00e9, Cachoeira dos \u00cdndios, Cacimbas, Cajazeiras, Carrapateira, Concei\u00e7\u00e3o, Curral Velho, Desterro, Diamante, Ibiara, Imaculada, Itaporanga, Joca Claudino, Juru, Mana\u00edra, Matureia, Monte Horebe, Pedra Branca, Po\u00e7o Dantas, Po\u00e7o de Jos\u00e9 de Moura, Princesa Isabel, Santa Helena, Santa In\u00eas, Santana de Mangueira, S\u00e3o Jo\u00e3o do Rio do Peixe, S\u00e3o Jos\u00e9 de Caiana, S\u00e3o Jos\u00e9 de Piranhas, S\u00e3o Jos\u00e9 de Princesa, Serra Grande, Tavares, Teixeira, Triunfo e Uira\u00fana<\/td><\/tr><tr><td><strong>28\/01\/2026<\/strong><\/td><td>Aguiar, Alcantil, Amparo, Assun\u00e7\u00e3o, Barra de Santana, Barra de S\u00e3o Miguel, Boqueir\u00e3o, Cabaceiras, Camala\u00fa, Cara\u00fabas, Catingueira, Caturit\u00e9, Congo, Coremas, Coxixola, Emas, Gurj\u00e3o, Igaracy, Livramento, Monteiro, Nova Olinda, Olho d\u2019\u00c1gua, Ouro Velho, Parari, Pianc\u00f3, Prata, Riacho de Santo Ant\u00f4nio, Santana dos Garrotes, Santo Andr\u00e9, S\u00e3o Domingos do Cariri, S\u00e3o Jo\u00e3o do Cariri, S\u00e3o Jo\u00e3o do Tigre, S\u00e3o Jos\u00e9 dos Cordeiros, S\u00e3o Sebasti\u00e3o do Umbuzeiro, Serra Branca, Sum\u00e9, Tapero\u00e1 e Zabel\u00ea<\/td><\/tr><tr><td><strong>29\/01\/2026<\/strong><\/td><td>Alagoinha, Ara\u00e7agi, Bara\u00fana, Bel\u00e9m, Cai\u00e7ara, Caldas Brand\u00e3o, Cubati, Cuitegi, Duas Estradas, Frei Martinho, Guarabira, Gurinh\u00e9m, Ing\u00e1, Itabaiana, Itatuba, Juarez T\u00e1vora, Juazeirinho, Junco do Serid\u00f3, Lagoa de Dentro, Logradouro, Mogeiro, Mulungu, Nova Palmeira, Pedra Lavrada, Picu\u00ed, Pil\u00f5ezinhos, Pirpirituba, Riach\u00e3o do Bacamarte, Salgadinho, Salgado de S\u00e3o F\u00e9lix, Santa Luzia, S\u00e3o Jos\u00e9 do Sabugi, S\u00e3o Mamede, S\u00e3o Vicente do Serid\u00f3, Serra da Raiz, Sert\u00e3ozinho, Ten\u00f3rio e V\u00e1rzea<\/td><\/tr><tr><td><strong>30\/01\/2026<\/strong><\/td><td>Algod\u00e3o de Janda\u00edra, Arara, Araruna, Areial, Aroeiras, Barra de Santa Rosa, Boa Vista, Cacimba de Dentro, Campina Grande, Casserengue, Cuit\u00e9, Dami\u00e3o, Dona In\u00eas, Esperan\u00e7a, Fagundes, Gado Bravo, Lagoa Seca, Massaranduba, Montadas, Natuba, Nova Floresta, Olivedos, Pocinhos, Puxinan\u00e3, Queimadas, Rem\u00edgio, Riach\u00e3o, Santa Cec\u00edlia, S\u00e3o Sebasti\u00e3o de Lagoa de Ro\u00e7a, Serra Redonda, Sol\u00e2nea, Soledade, Soss\u00eago, Tacima e Umbuzeiro<\/td><\/tr><\/tbody><\/table><\/figure>\n\n\n\n<h3 class=\"wp-block-heading has-text-align-center\"><strong>N\u00edvel Estadual<\/strong><\/h3>\n\n\n\n<figure class=\"wp-block-table\"><table class=\"has-fixed-layout\"><thead><tr><td><strong>Data<\/strong><\/td><td><strong>\u00d3rg\u00e3os<\/strong><\/td><\/tr><\/thead><tbody><tr><td><strong>03\/02\/2026<\/strong><\/td><td>Secretaria de Estado da Sa\u00fade; Comit\u00ea Estadual Intersetorial da Primeira Inf\u00e2ncia; Secretaria de Estado da Educa\u00e7\u00e3o; Secretaria de Estado do Desenvolvimento Humano; Secretaria de Estado do Planejamento, Or\u00e7amento e Gest\u00e3o<\/td><\/tr><\/tbody><\/table><\/figure>\n","protected":false},"excerpt":{"rendered":"<p>O Tribunal de Contas do Estado da Para\u00edba (TCE-PB) realizar\u00e1, entre os dias 26 de janeiro e 3 de fevereiro [&hellip;]<\/p>\n","protected":false},"author":6,"featured_media":29787,"comment_status":"closed","ping_status":"closed","sticky":false,"template":"","format":"standard","meta":{"site-sidebar-layout":"default","site-content-layout":"","ast-site-content-layout":"","site-content-style":"default","site-sidebar-style":"default","ast-global-header-display":"","ast-banner-title-visibility":"","ast-main-header-display":"","ast-hfb-above-header-display":"","ast-hfb-below-header-display":"","ast-hfb-mobile-header-display":"","site-post-title":"","ast-breadcrumbs-content":"","ast-featured-img":"","footer-sml-layout":"","theme-transparent-header-meta":"","adv-header-id-meta":"","stick-header-meta":"","header-above-stick-meta":"","header-main-stick-meta":"","header-below-stick-meta":"","astra-migrate-meta-layouts":"default","ast-page-background-enabled":"default","ast-page-background-meta":{"desktop":{"background-color":"var(--ast-global-color-5)","background-image":"","background-repeat":"repeat","background-position":"center center","background-size":"auto","background-attachment":"scroll","background-type":"","background-media":"","overlay-type":"","overlay-color":"","overlay-opacity":"","overlay-gradient":""},"tablet":{"background-color":"","background-image":"","background-repeat":"repeat","background-position":"center center","background-size":"auto","background-attachment":"scroll","background-type":"","background-media":"","overlay-type":"","overlay-color":"","overlay-opacity":"","overlay-gradient":""},"mobile":{"background-color":"","background-image":"","background-repeat":"repeat","background-position":"center center","background-size":"auto","background-attachment":"scroll","background-type":"","background-media":"","overlay-type":"","overlay-color":"","overlay-opacity":"","overlay-gradient":""}},"ast-content-background-meta":{"desktop":{"background-color":"var(--ast-global-color-4)","background-image":"","background-repeat":"repeat","background-position":"center center","background-size":"auto","background-attachment":"scroll","background-type":"","background-media":"","overlay-type":"","overlay-color":"","overlay-opacity":"","overlay-gradient":""},"tablet":{"background-color":"var(--ast-global-color-4)","background-image":"","background-repeat":"repeat","background-position":"center center","background-size":"auto","background-attachment":"scroll","background-type":"","background-media":"","overlay-type":"","overlay-color":"","overlay-opacity":"","overlay-gradient":""},"mobile":{"background-color":"var(--ast-global-color-4)","background-image":"","background-repeat":"repeat","background-position":"center center","background-size":"auto","background-attachment":"scroll","background-type":"","background-media":"","overlay-type":"","overlay-color":"","overlay-opacity":"","overlay-gradient":""}},"_jetpack_memberships_contains_paid_content":false,"footnotes":""},"categories":[24,7],"tags":[27,71,39,25,31,26,72],"class_list":["post-29786","post","type-post","status-publish","format-standard","has-post-thumbnail","hentry","category-destaques","category-noticias","tag-pacto-pela-primeira-infancia","tag-paraiba-2","tag-prefeituras","tag-primeira-infancia","tag-tce","tag-tce-pb","tag-webinario"],"yoast_head":"<!-- This site is optimized with the Yoast SEO plugin v27.5 - https:\/\/yoast.com\/product\/yoast-seo-wordpress\/ -->\n<title>TCE-PB promove webin\u00e1rios sobre planos de a\u00e7\u00e3o em pol\u00edticas p\u00fablicas para a Primeira Inf\u00e2ncia %<\/title>\n<meta name=\"description\" content=\"TCE-PB promove webin\u00e1rios sobre planos de a\u00e7\u00e3o em pol\u00edticas p\u00fablicas para a Primeira Inf\u00e2ncia %\" \/>\n<meta name=\"robots\" content=\"index, follow, max-snippet:-1, max-image-preview:large, max-video-preview:-1\" \/>\n<link rel=\"canonical\" href=\"https:\/\/tce.pb.gov.br\/portalprimeirainfancia\/tce-pb-promove-webinarios-sobre-planos-de-acao-em-politicas-publicas-para-a-primeira-infancia\/\" \/>\n<meta property=\"og:locale\" content=\"pt_BR\" \/>\n<meta property=\"og:type\" content=\"article\" \/>\n<meta property=\"og:title\" content=\"TCE-PB promove webin\u00e1rios sobre planos de a\u00e7\u00e3o em pol\u00edticas p\u00fablicas para a Primeira Inf\u00e2ncia %\" \/>\n<meta property=\"og:description\" content=\"TCE-PB promove webin\u00e1rios sobre planos de a\u00e7\u00e3o em pol\u00edticas p\u00fablicas para a Primeira Inf\u00e2ncia %\" \/>\n<meta property=\"og:url\" content=\"https:\/\/tce.pb.gov.br\/portalprimeirainfancia\/tce-pb-promove-webinarios-sobre-planos-de-acao-em-politicas-publicas-para-a-primeira-infancia\/\" \/>\n<meta property=\"og:site_name\" content=\"Pacto Paraibano pela Primeira Inf\u00e2ncia\" \/>\n<meta property=\"article:published_time\" content=\"2026-01-23T15:07:03+00:00\" \/>\n<meta property=\"article:modified_time\" content=\"2026-01-23T15:07:05+00:00\" \/>\n<meta property=\"og:image\" content=\"https:\/\/tce.pb.gov.br\/portalprimeirainfancia\/wp-content\/uploads\/2026\/01\/image-3.png\" \/>\n\t<meta property=\"og:image:width\" content=\"1024\" \/>\n\t<meta property=\"og:image:height\" content=\"683\" \/>\n\t<meta property=\"og:image:type\" content=\"image\/png\" \/>\n<meta name=\"author\" content=\"Rafael Massoni\" \/>\n<meta name=\"twitter:card\" content=\"summary_large_image\" \/>\n<meta name=\"twitter:label1\" content=\"Escrito por\" \/>\n\t<meta name=\"twitter:data1\" content=\"Rafael Massoni\" \/>\n\t<meta name=\"twitter:label2\" content=\"Est. tempo de leitura\" \/>\n\t<meta name=\"twitter:data2\" content=\"5 minutos\" \/>\n<script type=\"application\/ld+json\" class=\"yoast-schema-graph\">{\"@context\":\"https:\\\/\\\/schema.org\",\"@graph\":[{\"@type\":\"NewsArticle\",\"@id\":\"https:\\\/\\\/tce.pb.gov.br\\\/portalprimeirainfancia\\\/tce-pb-promove-webinarios-sobre-planos-de-acao-em-politicas-publicas-para-a-primeira-infancia\\\/#article\",\"isPartOf\":{\"@id\":\"https:\\\/\\\/tce.pb.gov.br\\\/portalprimeirainfancia\\\/tce-pb-promove-webinarios-sobre-planos-de-acao-em-politicas-publicas-para-a-primeira-infancia\\\/\"},\"author\":{\"name\":\"Rafael Massoni\",\"@id\":\"https:\\\/\\\/tce.pb.gov.br\\\/portalprimeirainfancia\\\/#\\\/schema\\\/person\\\/6a39eea5836dda604de1c5e5b7d62141\"},\"headline\":\"TCE-PB promove webin\u00e1rios sobre planos de a\u00e7\u00e3o em pol\u00edticas p\u00fablicas para a Primeira Inf\u00e2ncia\",\"datePublished\":\"2026-01-23T15:07:03+00:00\",\"dateModified\":\"2026-01-23T15:07:05+00:00\",\"mainEntityOfPage\":{\"@id\":\"https:\\\/\\\/tce.pb.gov.br\\\/portalprimeirainfancia\\\/tce-pb-promove-webinarios-sobre-planos-de-acao-em-politicas-publicas-para-a-primeira-infancia\\\/\"},\"wordCount\":985,\"publisher\":{\"@id\":\"https:\\\/\\\/tce.pb.gov.br\\\/portalprimeirainfancia\\\/#organization\"},\"image\":{\"@id\":\"https:\\\/\\\/tce.pb.gov.br\\\/portalprimeirainfancia\\\/tce-pb-promove-webinarios-sobre-planos-de-acao-em-politicas-publicas-para-a-primeira-infancia\\\/#primaryimage\"},\"thumbnailUrl\":\"https:\\\/\\\/tce.pb.gov.br\\\/portalprimeirainfancia\\\/wp-content\\\/uploads\\\/2026\\\/01\\\/image-3.png\",\"keywords\":[\"pacto pela primeira infancia\",\"para\u00edba\",\"prefeituras\",\"primeira infancia\",\"tce\",\"tce-pb\",\"webinario\"],\"articleSection\":[\"Destaques\",\"Not\u00edcias\"],\"inLanguage\":\"pt-BR\"},{\"@type\":\"WebPage\",\"@id\":\"https:\\\/\\\/tce.pb.gov.br\\\/portalprimeirainfancia\\\/tce-pb-promove-webinarios-sobre-planos-de-acao-em-politicas-publicas-para-a-primeira-infancia\\\/\",\"url\":\"https:\\\/\\\/tce.pb.gov.br\\\/portalprimeirainfancia\\\/tce-pb-promove-webinarios-sobre-planos-de-acao-em-politicas-publicas-para-a-primeira-infancia\\\/\",\"name\":\"TCE-PB promove webin\u00e1rios sobre planos de a\u00e7\u00e3o em pol\u00edticas p\u00fablicas para a Primeira Inf\u00e2ncia %\",\"isPartOf\":{\"@id\":\"https:\\\/\\\/tce.pb.gov.br\\\/portalprimeirainfancia\\\/#website\"},\"primaryImageOfPage\":{\"@id\":\"https:\\\/\\\/tce.pb.gov.br\\\/portalprimeirainfancia\\\/tce-pb-promove-webinarios-sobre-planos-de-acao-em-politicas-publicas-para-a-primeira-infancia\\\/#primaryimage\"},\"image\":{\"@id\":\"https:\\\/\\\/tce.pb.gov.br\\\/portalprimeirainfancia\\\/tce-pb-promove-webinarios-sobre-planos-de-acao-em-politicas-publicas-para-a-primeira-infancia\\\/#primaryimage\"},\"thumbnailUrl\":\"https:\\\/\\\/tce.pb.gov.br\\\/portalprimeirainfancia\\\/wp-content\\\/uploads\\\/2026\\\/01\\\/image-3.png\",\"datePublished\":\"2026-01-23T15:07:03+00:00\",\"dateModified\":\"2026-01-23T15:07:05+00:00\",\"description\":\"TCE-PB promove webin\u00e1rios sobre planos de a\u00e7\u00e3o em pol\u00edticas p\u00fablicas para a Primeira Inf\u00e2ncia %\",\"breadcrumb\":{\"@id\":\"https:\\\/\\\/tce.pb.gov.br\\\/portalprimeirainfancia\\\/tce-pb-promove-webinarios-sobre-planos-de-acao-em-politicas-publicas-para-a-primeira-infancia\\\/#breadcrumb\"},\"inLanguage\":\"pt-BR\",\"potentialAction\":[{\"@type\":\"ReadAction\",\"target\":[\"https:\\\/\\\/tce.pb.gov.br\\\/portalprimeirainfancia\\\/tce-pb-promove-webinarios-sobre-planos-de-acao-em-politicas-publicas-para-a-primeira-infancia\\\/\"]}]},{\"@type\":\"ImageObject\",\"inLanguage\":\"pt-BR\",\"@id\":\"https:\\\/\\\/tce.pb.gov.br\\\/portalprimeirainfancia\\\/tce-pb-promove-webinarios-sobre-planos-de-acao-em-politicas-publicas-para-a-primeira-infancia\\\/#primaryimage\",\"url\":\"https:\\\/\\\/tce.pb.gov.br\\\/portalprimeirainfancia\\\/wp-content\\\/uploads\\\/2026\\\/01\\\/image-3.png\",\"contentUrl\":\"https:\\\/\\\/tce.pb.gov.br\\\/portalprimeirainfancia\\\/wp-content\\\/uploads\\\/2026\\\/01\\\/image-3.png\",\"width\":1024,\"height\":683},{\"@type\":\"BreadcrumbList\",\"@id\":\"https:\\\/\\\/tce.pb.gov.br\\\/portalprimeirainfancia\\\/tce-pb-promove-webinarios-sobre-planos-de-acao-em-politicas-publicas-para-a-primeira-infancia\\\/#breadcrumb\",\"itemListElement\":[{\"@type\":\"ListItem\",\"position\":1,\"name\":\"In\u00edcio\",\"item\":\"https:\\\/\\\/tce.pb.gov.br\\\/portalprimeirainfancia\\\/\"},{\"@type\":\"ListItem\",\"position\":2,\"name\":\"TCE-PB promove webin\u00e1rios sobre planos de a\u00e7\u00e3o em pol\u00edticas p\u00fablicas para a Primeira Inf\u00e2ncia\"}]},{\"@type\":\"WebSite\",\"@id\":\"https:\\\/\\\/tce.pb.gov.br\\\/portalprimeirainfancia\\\/#website\",\"url\":\"https:\\\/\\\/tce.pb.gov.br\\\/portalprimeirainfancia\\\/\",\"name\":\"Pacto Paraibano pela Primeira Inf\u00e2ncia\",\"description\":\"Portal para divulga\u00e7\u00e3o do Pacto Paraibano pela Primeira Inf\u00e2ncia\",\"publisher\":{\"@id\":\"https:\\\/\\\/tce.pb.gov.br\\\/portalprimeirainfancia\\\/#organization\"},\"potentialAction\":[{\"@type\":\"SearchAction\",\"target\":{\"@type\":\"EntryPoint\",\"urlTemplate\":\"https:\\\/\\\/tce.pb.gov.br\\\/portalprimeirainfancia\\\/?s={search_term_string}\"},\"query-input\":{\"@type\":\"PropertyValueSpecification\",\"valueRequired\":true,\"valueName\":\"search_term_string\"}}],\"inLanguage\":\"pt-BR\"},{\"@type\":\"Organization\",\"@id\":\"https:\\\/\\\/tce.pb.gov.br\\\/portalprimeirainfancia\\\/#organization\",\"name\":\"Pacto Paraibano pela Primeira Inf\u00e2ncia\",\"alternateName\":\"TCE-PB\",\"url\":\"https:\\\/\\\/tce.pb.gov.br\\\/portalprimeirainfancia\\\/\",\"logo\":{\"@type\":\"ImageObject\",\"inLanguage\":\"pt-BR\",\"@id\":\"https:\\\/\\\/tce.pb.gov.br\\\/portalprimeirainfancia\\\/#\\\/schema\\\/logo\\\/image\\\/\",\"url\":\"https:\\\/\\\/tce.pb.gov.br\\\/portalprimeirainfancia\\\/wp-content\\\/uploads\\\/2025\\\/05\\\/Pacto-Whatsapp.png\",\"contentUrl\":\"https:\\\/\\\/tce.pb.gov.br\\\/portalprimeirainfancia\\\/wp-content\\\/uploads\\\/2025\\\/05\\\/Pacto-Whatsapp.png\",\"width\":427,\"height\":427,\"caption\":\"Pacto Paraibano pela Primeira Inf\u00e2ncia\"},\"image\":{\"@id\":\"https:\\\/\\\/tce.pb.gov.br\\\/portalprimeirainfancia\\\/#\\\/schema\\\/logo\\\/image\\\/\"},\"sameAs\":[\"https:\\\/\\\/www.instagram.com\\\/tcepb\\\/\"]},{\"@type\":\"Person\",\"@id\":\"https:\\\/\\\/tce.pb.gov.br\\\/portalprimeirainfancia\\\/#\\\/schema\\\/person\\\/6a39eea5836dda604de1c5e5b7d62141\",\"name\":\"Rafael Massoni\"}]}<\/script>\n<!-- \/ Yoast SEO plugin. -->","yoast_head_json":{"title":"TCE-PB promove webin\u00e1rios sobre planos de a\u00e7\u00e3o em pol\u00edticas p\u00fablicas para a Primeira Inf\u00e2ncia %","description":"TCE-PB promove webin\u00e1rios sobre planos de a\u00e7\u00e3o em pol\u00edticas p\u00fablicas para a Primeira Inf\u00e2ncia %","robots":{"index":"index","follow":"follow","max-snippet":"max-snippet:-1","max-image-preview":"max-image-preview:large","max-video-preview":"max-video-preview:-1"},"canonical":"https:\/\/tce.pb.gov.br\/portalprimeirainfancia\/tce-pb-promove-webinarios-sobre-planos-de-acao-em-politicas-publicas-para-a-primeira-infancia\/","og_locale":"pt_BR","og_type":"article","og_title":"TCE-PB promove webin\u00e1rios sobre planos de a\u00e7\u00e3o em pol\u00edticas p\u00fablicas para a Primeira Inf\u00e2ncia %","og_description":"TCE-PB promove webin\u00e1rios sobre planos de a\u00e7\u00e3o em pol\u00edticas p\u00fablicas para a Primeira Inf\u00e2ncia %","og_url":"https:\/\/tce.pb.gov.br\/portalprimeirainfancia\/tce-pb-promove-webinarios-sobre-planos-de-acao-em-politicas-publicas-para-a-primeira-infancia\/","og_site_name":"Pacto Paraibano pela Primeira Inf\u00e2ncia","article_published_time":"2026-01-23T15:07:03+00:00","article_modified_time":"2026-01-23T15:07:05+00:00","og_image":[{"width":1024,"height":683,"url":"https:\/\/tce.pb.gov.br\/portalprimeirainfancia\/wp-content\/uploads\/2026\/01\/image-3.png","type":"image\/png"}],"author":"Rafael Massoni","twitter_card":"summary_large_image","twitter_misc":{"Escrito por":"Rafael Massoni","Est. tempo de leitura":"5 minutos"},"schema":{"@context":"https:\/\/schema.org","@graph":[{"@type":"NewsArticle","@id":"https:\/\/tce.pb.gov.br\/portalprimeirainfancia\/tce-pb-promove-webinarios-sobre-planos-de-acao-em-politicas-publicas-para-a-primeira-infancia\/#article","isPartOf":{"@id":"https:\/\/tce.pb.gov.br\/portalprimeirainfancia\/tce-pb-promove-webinarios-sobre-planos-de-acao-em-politicas-publicas-para-a-primeira-infancia\/"},"author":{"name":"Rafael Massoni","@id":"https:\/\/tce.pb.gov.br\/portalprimeirainfancia\/#\/schema\/person\/6a39eea5836dda604de1c5e5b7d62141"},"headline":"TCE-PB promove webin\u00e1rios sobre planos de a\u00e7\u00e3o em pol\u00edticas p\u00fablicas para a Primeira Inf\u00e2ncia","datePublished":"2026-01-23T15:07:03+00:00","dateModified":"2026-01-23T15:07:05+00:00","mainEntityOfPage":{"@id":"https:\/\/tce.pb.gov.br\/portalprimeirainfancia\/tce-pb-promove-webinarios-sobre-planos-de-acao-em-politicas-publicas-para-a-primeira-infancia\/"},"wordCount":985,"publisher":{"@id":"https:\/\/tce.pb.gov.br\/portalprimeirainfancia\/#organization"},"image":{"@id":"https:\/\/tce.pb.gov.br\/portalprimeirainfancia\/tce-pb-promove-webinarios-sobre-planos-de-acao-em-politicas-publicas-para-a-primeira-infancia\/#primaryimage"},"thumbnailUrl":"https:\/\/tce.pb.gov.br\/portalprimeirainfancia\/wp-content\/uploads\/2026\/01\/image-3.png","keywords":["pacto pela primeira infancia","para\u00edba","prefeituras","primeira infancia","tce","tce-pb","webinario"],"articleSection":["Destaques","Not\u00edcias"],"inLanguage":"pt-BR"},{"@type":"WebPage","@id":"https:\/\/tce.pb.gov.br\/portalprimeirainfancia\/tce-pb-promove-webinarios-sobre-planos-de-acao-em-politicas-publicas-para-a-primeira-infancia\/","url":"https:\/\/tce.pb.gov.br\/portalprimeirainfancia\/tce-pb-promove-webinarios-sobre-planos-de-acao-em-politicas-publicas-para-a-primeira-infancia\/","name":"TCE-PB promove webin\u00e1rios sobre planos de a\u00e7\u00e3o em pol\u00edticas p\u00fablicas para a Primeira Inf\u00e2ncia %","isPartOf":{"@id":"https:\/\/tce.pb.gov.br\/portalprimeirainfancia\/#website"},"primaryImageOfPage":{"@id":"https:\/\/tce.pb.gov.br\/portalprimeirainfancia\/tce-pb-promove-webinarios-sobre-planos-de-acao-em-politicas-publicas-para-a-primeira-infancia\/#primaryimage"},"image":{"@id":"https:\/\/tce.pb.gov.br\/portalprimeirainfancia\/tce-pb-promove-webinarios-sobre-planos-de-acao-em-politicas-publicas-para-a-primeira-infancia\/#primaryimage"},"thumbnailUrl":"https:\/\/tce.pb.gov.br\/portalprimeirainfancia\/wp-content\/uploads\/2026\/01\/image-3.png","datePublished":"2026-01-23T15:07:03+00:00","dateModified":"2026-01-23T15:07:05+00:00","description":"TCE-PB promove webin\u00e1rios sobre planos de a\u00e7\u00e3o em pol\u00edticas p\u00fablicas para a Primeira Inf\u00e2ncia %","breadcrumb":{"@id":"https:\/\/tce.pb.gov.br\/portalprimeirainfancia\/tce-pb-promove-webinarios-sobre-planos-de-acao-em-politicas-publicas-para-a-primeira-infancia\/#breadcrumb"},"inLanguage":"pt-BR","potentialAction":[{"@type":"ReadAction","target":["https:\/\/tce.pb.gov.br\/portalprimeirainfancia\/tce-pb-promove-webinarios-sobre-planos-de-acao-em-politicas-publicas-para-a-primeira-infancia\/"]}]},{"@type":"ImageObject","inLanguage":"pt-BR","@id":"https:\/\/tce.pb.gov.br\/portalprimeirainfancia\/tce-pb-promove-webinarios-sobre-planos-de-acao-em-politicas-publicas-para-a-primeira-infancia\/#primaryimage","url":"https:\/\/tce.pb.gov.br\/portalprimeirainfancia\/wp-content\/uploads\/2026\/01\/image-3.png","contentUrl":"https:\/\/tce.pb.gov.br\/portalprimeirainfancia\/wp-content\/uploads\/2026\/01\/image-3.png","width":1024,"height":683},{"@type":"BreadcrumbList","@id":"https:\/\/tce.pb.gov.br\/portalprimeirainfancia\/tce-pb-promove-webinarios-sobre-planos-de-acao-em-politicas-publicas-para-a-primeira-infancia\/#breadcrumb","itemListElement":[{"@type":"ListItem","position":1,"name":"In\u00edcio","item":"https:\/\/tce.pb.gov.br\/portalprimeirainfancia\/"},{"@type":"ListItem","position":2,"name":"TCE-PB promove webin\u00e1rios sobre planos de a\u00e7\u00e3o em pol\u00edticas p\u00fablicas para a Primeira Inf\u00e2ncia"}]},{"@type":"WebSite","@id":"https:\/\/tce.pb.gov.br\/portalprimeirainfancia\/#website","url":"https:\/\/tce.pb.gov.br\/portalprimeirainfancia\/","name":"Pacto Paraibano pela Primeira Inf\u00e2ncia","description":"Portal para divulga\u00e7\u00e3o do Pacto Paraibano pela Primeira Inf\u00e2ncia","publisher":{"@id":"https:\/\/tce.pb.gov.br\/portalprimeirainfancia\/#organization"},"potentialAction":[{"@type":"SearchAction","target":{"@type":"EntryPoint","urlTemplate":"https:\/\/tce.pb.gov.br\/portalprimeirainfancia\/?s={search_term_string}"},"query-input":{"@type":"PropertyValueSpecification","valueRequired":true,"valueName":"search_term_string"}}],"inLanguage":"pt-BR"},{"@type":"Organization","@id":"https:\/\/tce.pb.gov.br\/portalprimeirainfancia\/#organization","name":"Pacto Paraibano pela Primeira Inf\u00e2ncia","alternateName":"TCE-PB","url":"https:\/\/tce.pb.gov.br\/portalprimeirainfancia\/","logo":{"@type":"ImageObject","inLanguage":"pt-BR","@id":"https:\/\/tce.pb.gov.br\/portalprimeirainfancia\/#\/schema\/logo\/image\/","url":"https:\/\/tce.pb.gov.br\/portalprimeirainfancia\/wp-content\/uploads\/2025\/05\/Pacto-Whatsapp.png","contentUrl":"https:\/\/tce.pb.gov.br\/portalprimeirainfancia\/wp-content\/uploads\/2025\/05\/Pacto-Whatsapp.png","width":427,"height":427,"caption":"Pacto Paraibano pela Primeira Inf\u00e2ncia"},"image":{"@id":"https:\/\/tce.pb.gov.br\/portalprimeirainfancia\/#\/schema\/logo\/image\/"},"sameAs":["https:\/\/www.instagram.com\/tcepb\/"]},{"@type":"Person","@id":"https:\/\/tce.pb.gov.br\/portalprimeirainfancia\/#\/schema\/person\/6a39eea5836dda604de1c5e5b7d62141","name":"Rafael Massoni"}]}},"jetpack_featured_media_url":"https:\/\/tce.pb.gov.br\/portalprimeirainfancia\/wp-content\/uploads\/2026\/01\/image-3.png","jetpack_sharing_enabled":true,"_links":{"self":[{"href":"https:\/\/tce.pb.gov.br\/portalprimeirainfancia\/wp-json\/wp\/v2\/posts\/29786","targetHints":{"allow":["GET"]}}],"collection":[{"href":"https:\/\/tce.pb.gov.br\/portalprimeirainfancia\/wp-json\/wp\/v2\/posts"}],"about":[{"href":"https:\/\/tce.pb.gov.br\/portalprimeirainfancia\/wp-json\/wp\/v2\/types\/post"}],"author":[{"embeddable":true,"href":"https:\/\/tce.pb.gov.br\/portalprimeirainfancia\/wp-json\/wp\/v2\/users\/6"}],"replies":[{"embeddable":true,"href":"https:\/\/tce.pb.gov.br\/portalprimeirainfancia\/wp-json\/wp\/v2\/comments?post=29786"}],"version-history":[{"count":1,"href":"https:\/\/tce.pb.gov.br\/portalprimeirainfancia\/wp-json\/wp\/v2\/posts\/29786\/revisions"}],"predecessor-version":[{"id":29788,"href":"https:\/\/tce.pb.gov.br\/portalprimeirainfancia\/wp-json\/wp\/v2\/posts\/29786\/revisions\/29788"}],"wp:featuredmedia":[{"embeddable":true,"href":"https:\/\/tce.pb.gov.br\/portalprimeirainfancia\/wp-json\/wp\/v2\/media\/29787"}],"wp:attachment":[{"href":"https:\/\/tce.pb.gov.br\/portalprimeirainfancia\/wp-json\/wp\/v2\/media?parent=29786"}],"wp:term":[{"taxonomy":"category","embeddable":true,"href":"https:\/\/tce.pb.gov.br\/portalprimeirainfancia\/wp-json\/wp\/v2\/categories?post=29786"},{"taxonomy":"post_tag","embeddable":true,"href":"https:\/\/tce.pb.gov.br\/portalprimeirainfancia\/wp-json\/wp\/v2\/tags?post=29786"}],"curies":[{"name":"wp","href":"https:\/\/api.w.org\/{rel}","templated":true}]}}