{"id":29778,"date":"2026-01-22T13:00:00","date_gmt":"2026-01-22T16:00:00","guid":{"rendered":"https:\/\/tce.pb.gov.br\/portalprimeirainfancia\/?p=29778"},"modified":"2026-01-23T09:19:18","modified_gmt":"2026-01-23T12:19:18","slug":"tce-pb-apresenta-ao-setor-produtivo-campanha-de-destinacao-do-imposto-de-renda-aos-fundos-da-infancia","status":"publish","type":"post","link":"https:\/\/tce.pb.gov.br\/portalprimeirainfancia\/tce-pb-apresenta-ao-setor-produtivo-campanha-de-destinacao-do-imposto-de-renda-aos-fundos-da-infancia\/","title":{"rendered":"TCE-PB apresenta ao setor produtivo campanha de destina\u00e7\u00e3o do Imposto de Renda aos fundos da inf\u00e2ncia"},"content":{"rendered":"\n<figure class=\"wp-block-image aligncenter size-full\"><img fetchpriority=\"high\" decoding=\"async\" width=\"1024\" height=\"768\" src=\"https:\/\/tce.pb.gov.br\/portalprimeirainfancia\/wp-content\/uploads\/2026\/01\/image.png\" alt=\"\" class=\"wp-image-29779\" srcset=\"https:\/\/tce.pb.gov.br\/portalprimeirainfancia\/wp-content\/uploads\/2026\/01\/image.png 1024w, https:\/\/tce.pb.gov.br\/portalprimeirainfancia\/wp-content\/uploads\/2026\/01\/image-300x225.png 300w, https:\/\/tce.pb.gov.br\/portalprimeirainfancia\/wp-content\/uploads\/2026\/01\/image-768x576.png 768w\" sizes=\"(max-width: 1024px) 100vw, 1024px\" \/><\/figure>\n\n\n\n<p>O Tribunal de Contas da Para\u00edba (TCE-PB) recebeu, na manh\u00e3 desta quinta-feira (22), representantes de empresas associadas ao Sindicato da Ind\u00fastria de Fabrica\u00e7\u00e3o do \u00c1lcool no Estado da Para\u00edba (Sindalcool-PB), no Espa\u00e7o Cidadania Digital do Tribunal. O encontro teve como foco uma campanha, liderada pelo TCE-PB, para incentivar a destina\u00e7\u00e3o de at\u00e9 6% do Imposto de Renda devido por pessoas f\u00edsicas e jur\u00eddicas ao Fundo dos Direitos da Crian\u00e7a e do Adolescente (FDCA\/FIA).<\/p>\n\n\n\n<figure class=\"wp-block-gallery has-nested-images columns-default is-cropped wp-block-gallery-1 is-layout-flex wp-block-gallery-is-layout-flex\">\n<figure class=\"wp-block-image size-large\"><img decoding=\"async\" width=\"1024\" height=\"683\" data-id=\"29780\" src=\"https:\/\/tce.pb.gov.br\/portalprimeirainfancia\/wp-content\/uploads\/2026\/01\/IMG_3641-1024x683-1.jpg\" alt=\"\" class=\"wp-image-29780\" srcset=\"https:\/\/tce.pb.gov.br\/portalprimeirainfancia\/wp-content\/uploads\/2026\/01\/IMG_3641-1024x683-1.jpg 1024w, https:\/\/tce.pb.gov.br\/portalprimeirainfancia\/wp-content\/uploads\/2026\/01\/IMG_3641-1024x683-1-300x200.jpg 300w, https:\/\/tce.pb.gov.br\/portalprimeirainfancia\/wp-content\/uploads\/2026\/01\/IMG_3641-1024x683-1-768x512.jpg 768w\" sizes=\"(max-width: 1024px) 100vw, 1024px\" \/><\/figure>\n\n\n\n<figure class=\"wp-block-image size-large\"><img decoding=\"async\" width=\"1024\" height=\"683\" data-id=\"29781\" src=\"https:\/\/tce.pb.gov.br\/portalprimeirainfancia\/wp-content\/uploads\/2026\/01\/IMG_3654-1024x683-1.jpg\" alt=\"\" class=\"wp-image-29781\" srcset=\"https:\/\/tce.pb.gov.br\/portalprimeirainfancia\/wp-content\/uploads\/2026\/01\/IMG_3654-1024x683-1.jpg 1024w, https:\/\/tce.pb.gov.br\/portalprimeirainfancia\/wp-content\/uploads\/2026\/01\/IMG_3654-1024x683-1-300x200.jpg 300w, https:\/\/tce.pb.gov.br\/portalprimeirainfancia\/wp-content\/uploads\/2026\/01\/IMG_3654-1024x683-1-768x512.jpg 768w\" sizes=\"(max-width: 1024px) 100vw, 1024px\" \/><\/figure>\n<\/figure>\n\n\n\n<p>Ao abrir a reuni\u00e3o, o presidente do TCE-PB, conselheiro F\u00e1bio Nogueira, destacou o papel estrat\u00e9gico do controle externo na avalia\u00e7\u00e3o das pol\u00edticas p\u00fablicas e defendeu a amplia\u00e7\u00e3o do di\u00e1logo entre o Tribunal, os gestores p\u00fablicos e a iniciativa privada.<\/p>\n\n\n\n<p>Segundo ele, a atua\u00e7\u00e3o dos tribunais de contas vai al\u00e9m da verifica\u00e7\u00e3o do cumprimento dos percentuais constitucionais em \u00e1reas como sa\u00fade e educa\u00e7\u00e3o, passando a priorizar a avalia\u00e7\u00e3o de resultados. \u201cN\u00e3o basta aplicar os recursos; \u00e9 preciso saber se eles est\u00e3o gerando impacto positivo na vida da popula\u00e7\u00e3o\u201d, afirmou.<\/p>\n\n\n\n<p>O presidente ressaltou ainda que os compromissos assumidos pelos gestores durante o processo eleitoral integram o escopo da fiscaliza\u00e7\u00e3o, refor\u00e7ando o car\u00e1ter propositivo e colaborativo do Tribunal, sem preju\u00edzo do rigor t\u00e9cnico.<\/p>\n\n\n\n<p>Como exemplo, citou o Pacto Paraibano pela Primeira Inf\u00e2ncia, iniciativa intersetorial que re\u00fane poder p\u00fablico, universidades e institui\u00e7\u00f5es privadas para fortalecer pol\u00edticas voltadas \u00e0s crian\u00e7as de zero a seis anos. Tamb\u00e9m lembrou as auditorias operacionais j\u00e1 realizadas pelo TCE-PB em \u00e1reas sens\u00edveis, como creches e unidades b\u00e1sicas de sa\u00fade, e defendeu a amplia\u00e7\u00e3o da participa\u00e7\u00e3o do setor produtivo nessa agenda.<\/p>\n\n\n\n<p>Durante a reuni\u00e3o, foi destacada a import\u00e2ncia do apoio aos fundos da primeira inf\u00e2ncia, como forma de transformar recursos financeiros em projetos estruturados, com impacto social mensur\u00e1vel.<\/p>\n\n\n\n<figure class=\"wp-block-image aligncenter size-full\"><img loading=\"lazy\" decoding=\"async\" width=\"1024\" height=\"683\" src=\"https:\/\/tce.pb.gov.br\/portalprimeirainfancia\/wp-content\/uploads\/2026\/01\/image-1.png\" alt=\"\" class=\"wp-image-29782\" srcset=\"https:\/\/tce.pb.gov.br\/portalprimeirainfancia\/wp-content\/uploads\/2026\/01\/image-1.png 1024w, https:\/\/tce.pb.gov.br\/portalprimeirainfancia\/wp-content\/uploads\/2026\/01\/image-1-300x200.png 300w, https:\/\/tce.pb.gov.br\/portalprimeirainfancia\/wp-content\/uploads\/2026\/01\/image-1-768x512.png 768w\" sizes=\"(max-width: 1024px) 100vw, 1024px\" \/><\/figure>\n\n\n\n<p>A reuni\u00e3o foi conduzida pelo vice-presidente do TCE-PB, conselheiro Andr\u00e9 Carlo Torres Pontes, e contou com apresenta\u00e7\u00e3o do auditor de controle externo Leonardo Silveira, que trouxe orienta\u00e7\u00f5es sobre a destina\u00e7\u00e3o de parte do Imposto de Renda aos Fundos dos Direitos da Crian\u00e7a e do Adolescente (FDCA\/FIA). A iniciativa representa uma oportunidade concreta de fortalecimento das pol\u00edticas p\u00fablicas voltadas \u00e0 inf\u00e2ncia e adolesc\u00eancia, sem qualquer custo adicional para o contribuinte, al\u00e9m de contribuir para a circula\u00e7\u00e3o de recursos na economia local.<\/p>\n\n\n\n<p>Previstos no Estatuto da Crian\u00e7a e do Adolescente (ECA), os Fundos da Crian\u00e7a e do Adolescente constituem diretriz da pol\u00edtica de atendimento em todas as esferas governamentais, conforme o artigo 88, inciso IV. A finalidade \u00e9 financiar projetos que promovam, protejam e defendam os direitos de crian\u00e7as e adolescentes, assegurando a\u00e7\u00f5es efetivas em \u00e1reas como educa\u00e7\u00e3o, sa\u00fade, assist\u00eancia social e prote\u00e7\u00e3o integral.<\/p>\n\n\n\n<p><strong>Situa\u00e7\u00e3o dos fundos na Para\u00edba \u2013&nbsp;<\/strong>Dados de auditoria coordenada indicam que, na Para\u00edba, 174 munic\u00edpios e o Estado j\u00e1 institu\u00edram seus respectivos FDCA\/FIA. No entanto, apenas 47 munic\u00edpios utilizam efetivamente os recursos dispon\u00edveis, o que evidencia a necessidade de ampliar a cultura de doa\u00e7\u00e3o e incentivar a correta aplica\u00e7\u00e3o desses valores em projetos sociais.<\/p>\n\n\n\n<p>Levantamentos nacionais mostram que a destina\u00e7\u00e3o ao FDCA\/FIA ainda \u00e9 baixa no Brasil, apesar do elevado potencial de arrecada\u00e7\u00e3o e do impacto social gerado, refor\u00e7ando a import\u00e2ncia da conscientiza\u00e7\u00e3o de pessoas f\u00edsicas e jur\u00eddicas sobre o papel social do Imposto de Renda.<\/p>\n\n\n\n<p><strong>Como destinar o Imposto de Renda-&nbsp;<\/strong>Pessoas f\u00edsicas podem destinar at\u00e9 6% do Imposto de Renda devido ao longo do ano-calend\u00e1rio, por meio de doa\u00e7\u00e3o direta ao fundo municipal ou estadual, utilizando o modelo completo da declara\u00e7\u00e3o. Tamb\u00e9m \u00e9 poss\u00edvel realizar a destina\u00e7\u00e3o no ato da declara\u00e7\u00e3o anual, limitada a at\u00e9 3% do imposto devido, v\u00e1lida para contribuintes com imposto a pagar.<\/p>\n\n\n\n<p>J\u00e1 as pessoas jur\u00eddicas tributadas pelo regime do lucro real podem destinar at\u00e9 1% do Imposto de Renda Pessoa Jur\u00eddica (IRPJ) aos fundos, mediante doa\u00e7\u00e3o realizada durante o ano-calend\u00e1rio, com dep\u00f3sito identificado diretamente na conta do FIA escolhido, permitindo a dedu\u00e7\u00e3o no per\u00edodo de apura\u00e7\u00e3o do imposto.<\/p>\n\n\n\n<p>Para o conselheiro Andr\u00e9 Carlo Torres, ao destinar parte do Imposto de Renda, o contribuinte exerce o direito de escolher como seu tributo ser\u00e1 aplicado, fortalecendo pol\u00edticas p\u00fablicas complementares e contribuindo para o desenvolvimento social do munic\u00edpio ou do Estado. \u201cOs recursos retornam \u00e0 sociedade na forma de projetos e a\u00e7\u00f5es que impactam diretamente a vida de crian\u00e7as e adolescentes, al\u00e9m de estimular a economia local\u201d, afirmou.<\/p>\n\n\n\n<figure class=\"wp-block-image aligncenter size-full\"><img loading=\"lazy\" decoding=\"async\" width=\"1024\" height=\"768\" src=\"https:\/\/tce.pb.gov.br\/portalprimeirainfancia\/wp-content\/uploads\/2026\/01\/image-2.png\" alt=\"\" class=\"wp-image-29783\" srcset=\"https:\/\/tce.pb.gov.br\/portalprimeirainfancia\/wp-content\/uploads\/2026\/01\/image-2.png 1024w, https:\/\/tce.pb.gov.br\/portalprimeirainfancia\/wp-content\/uploads\/2026\/01\/image-2-300x225.png 300w, https:\/\/tce.pb.gov.br\/portalprimeirainfancia\/wp-content\/uploads\/2026\/01\/image-2-768x576.png 768w\" sizes=\"(max-width: 1024px) 100vw, 1024px\" \/><\/figure>\n\n\n\n<p><strong>Participantes \u2013\u00a0<\/strong>O Sindalcool-PB foi representado pelo presidente executivo, Edmundo Coelho Barbosa. Tamb\u00e9m participaram da reuni\u00e3o Marquiza Melo (Usina Tabu); L\u00e2nia Christiane, representando Bruno Tavares de Melo (Usina Giasa); Danilo Maciel (Usina Miriri); Andr\u00e9 Leite (Usina Monte Alegre); Jos\u00e9 Figueiredo (Usina Japungu); e Andr\u00e9 Est\u00e1bile (Usina Japungu).<\/p>\n\n\n\n<p class=\"has-text-align-right\">Ascom\/TCE-PB<\/p>\n\n\n\n<p class=\"has-text-align-right\">F\u00e1bia Carolino<\/p>\n","protected":false},"excerpt":{"rendered":"<p>O Tribunal de Contas da Para\u00edba (TCE-PB) recebeu, na manh\u00e3 desta quinta-feira (22), representantes de empresas associadas ao Sindicato da [&hellip;]<\/p>\n","protected":false},"author":6,"featured_media":29783,"comment_status":"closed","ping_status":"closed","sticky":false,"template":"","format":"standard","meta":{"site-sidebar-layout":"default","site-content-layout":"","ast-site-content-layout":"","site-content-style":"default","site-sidebar-style":"default","ast-global-header-display":"","ast-banner-title-visibility":"","ast-main-header-display":"","ast-hfb-above-header-display":"","ast-hfb-below-header-display":"","ast-hfb-mobile-header-display":"","site-post-title":"","ast-breadcrumbs-content":"","ast-featured-img":"","footer-sml-layout":"","theme-transparent-header-meta":"","adv-header-id-meta":"","stick-header-meta":"","header-above-stick-meta":"","header-main-stick-meta":"","header-below-stick-meta":"","astra-migrate-meta-layouts":"default","ast-page-background-enabled":"default","ast-page-background-meta":{"desktop":{"background-color":"var(--ast-global-color-5)","background-image":"","background-repeat":"repeat","background-position":"center center","background-size":"auto","background-attachment":"scroll","background-type":"","background-media":"","overlay-type":"","overlay-color":"","overlay-opacity":"","overlay-gradient":""},"tablet":{"background-color":"","background-image":"","background-repeat":"repeat","background-position":"center center","background-size":"auto","background-attachment":"scroll","background-type":"","background-media":"","overlay-type":"","overlay-color":"","overlay-opacity":"","overlay-gradient":""},"mobile":{"background-color":"","background-image":"","background-repeat":"repeat","background-position":"center center","background-size":"auto","background-attachment":"scroll","background-type":"","background-media":"","overlay-type":"","overlay-color":"","overlay-opacity":"","overlay-gradient":""}},"ast-content-background-meta":{"desktop":{"background-color":"var(--ast-global-color-4)","background-image":"","background-repeat":"repeat","background-position":"center center","background-size":"auto","background-attachment":"scroll","background-type":"","background-media":"","overlay-type":"","overlay-color":"","overlay-opacity":"","overlay-gradient":""},"tablet":{"background-color":"var(--ast-global-color-4)","background-image":"","background-repeat":"repeat","background-position":"center center","background-size":"auto","background-attachment":"scroll","background-type":"","background-media":"","overlay-type":"","overlay-color":"","overlay-opacity":"","overlay-gradient":""},"mobile":{"background-color":"var(--ast-global-color-4)","background-image":"","background-repeat":"repeat","background-position":"center center","background-size":"auto","background-attachment":"scroll","background-type":"","background-media":"","overlay-type":"","overlay-color":"","overlay-opacity":"","overlay-gradient":""}},"_jetpack_memberships_contains_paid_content":false,"footnotes":""},"categories":[24,7],"tags":[27,25,31,26],"class_list":["post-29778","post","type-post","status-publish","format-standard","has-post-thumbnail","hentry","category-destaques","category-noticias","tag-pacto-pela-primeira-infancia","tag-primeira-infancia","tag-tce","tag-tce-pb"],"yoast_head":"<!-- This site is optimized with the Yoast SEO plugin v27.5 - https:\/\/yoast.com\/product\/yoast-seo-wordpress\/ -->\n<title>TCE-PB apresenta ao setor produtivo campanha de destina\u00e7\u00e3o do Imposto de Renda aos fundos da inf\u00e2ncia %<\/title>\n<meta name=\"description\" content=\"TCE-PB apresenta ao setor produtivo campanha de destina\u00e7\u00e3o do Imposto de Renda aos fundos da inf\u00e2ncia %\" \/>\n<meta name=\"robots\" content=\"index, follow, max-snippet:-1, max-image-preview:large, max-video-preview:-1\" \/>\n<link rel=\"canonical\" href=\"https:\/\/tce.pb.gov.br\/portalprimeirainfancia\/tce-pb-apresenta-ao-setor-produtivo-campanha-de-destinacao-do-imposto-de-renda-aos-fundos-da-infancia\/\" \/>\n<meta property=\"og:locale\" content=\"pt_BR\" \/>\n<meta property=\"og:type\" content=\"article\" \/>\n<meta property=\"og:title\" content=\"TCE-PB apresenta ao setor produtivo campanha de destina\u00e7\u00e3o do Imposto de Renda aos fundos da inf\u00e2ncia %\" \/>\n<meta property=\"og:description\" content=\"TCE-PB apresenta ao setor produtivo campanha de destina\u00e7\u00e3o do Imposto de Renda aos fundos da inf\u00e2ncia %\" \/>\n<meta property=\"og:url\" content=\"https:\/\/tce.pb.gov.br\/portalprimeirainfancia\/tce-pb-apresenta-ao-setor-produtivo-campanha-de-destinacao-do-imposto-de-renda-aos-fundos-da-infancia\/\" \/>\n<meta property=\"og:site_name\" content=\"Pacto Paraibano pela Primeira Inf\u00e2ncia\" \/>\n<meta property=\"article:published_time\" content=\"2026-01-22T16:00:00+00:00\" \/>\n<meta property=\"article:modified_time\" content=\"2026-01-23T12:19:18+00:00\" \/>\n<meta property=\"og:image\" content=\"https:\/\/tce.pb.gov.br\/portalprimeirainfancia\/wp-content\/uploads\/2026\/01\/image-2.png\" \/>\n\t<meta property=\"og:image:width\" content=\"1024\" \/>\n\t<meta property=\"og:image:height\" content=\"768\" \/>\n\t<meta property=\"og:image:type\" content=\"image\/png\" \/>\n<meta name=\"author\" content=\"Rafael Massoni\" \/>\n<meta name=\"twitter:card\" content=\"summary_large_image\" \/>\n<meta name=\"twitter:label1\" content=\"Escrito por\" \/>\n\t<meta name=\"twitter:data1\" content=\"Rafael Massoni\" \/>\n\t<meta name=\"twitter:label2\" content=\"Est. tempo de leitura\" \/>\n\t<meta name=\"twitter:data2\" content=\"6 minutos\" \/>\n<script type=\"application\/ld+json\" class=\"yoast-schema-graph\">{\"@context\":\"https:\\\/\\\/schema.org\",\"@graph\":[{\"@type\":\"NewsArticle\",\"@id\":\"https:\\\/\\\/tce.pb.gov.br\\\/portalprimeirainfancia\\\/tce-pb-apresenta-ao-setor-produtivo-campanha-de-destinacao-do-imposto-de-renda-aos-fundos-da-infancia\\\/#article\",\"isPartOf\":{\"@id\":\"https:\\\/\\\/tce.pb.gov.br\\\/portalprimeirainfancia\\\/tce-pb-apresenta-ao-setor-produtivo-campanha-de-destinacao-do-imposto-de-renda-aos-fundos-da-infancia\\\/\"},\"author\":{\"name\":\"Rafael Massoni\",\"@id\":\"https:\\\/\\\/tce.pb.gov.br\\\/portalprimeirainfancia\\\/#\\\/schema\\\/person\\\/6a39eea5836dda604de1c5e5b7d62141\"},\"headline\":\"TCE-PB apresenta ao setor produtivo campanha de destina\u00e7\u00e3o do Imposto de Renda aos fundos da inf\u00e2ncia\",\"datePublished\":\"2026-01-22T16:00:00+00:00\",\"dateModified\":\"2026-01-23T12:19:18+00:00\",\"mainEntityOfPage\":{\"@id\":\"https:\\\/\\\/tce.pb.gov.br\\\/portalprimeirainfancia\\\/tce-pb-apresenta-ao-setor-produtivo-campanha-de-destinacao-do-imposto-de-renda-aos-fundos-da-infancia\\\/\"},\"wordCount\":866,\"publisher\":{\"@id\":\"https:\\\/\\\/tce.pb.gov.br\\\/portalprimeirainfancia\\\/#organization\"},\"image\":{\"@id\":\"https:\\\/\\\/tce.pb.gov.br\\\/portalprimeirainfancia\\\/tce-pb-apresenta-ao-setor-produtivo-campanha-de-destinacao-do-imposto-de-renda-aos-fundos-da-infancia\\\/#primaryimage\"},\"thumbnailUrl\":\"https:\\\/\\\/tce.pb.gov.br\\\/portalprimeirainfancia\\\/wp-content\\\/uploads\\\/2026\\\/01\\\/image-2.png\",\"keywords\":[\"pacto pela primeira infancia\",\"primeira infancia\",\"tce\",\"tce-pb\"],\"articleSection\":[\"Destaques\",\"Not\u00edcias\"],\"inLanguage\":\"pt-BR\"},{\"@type\":\"WebPage\",\"@id\":\"https:\\\/\\\/tce.pb.gov.br\\\/portalprimeirainfancia\\\/tce-pb-apresenta-ao-setor-produtivo-campanha-de-destinacao-do-imposto-de-renda-aos-fundos-da-infancia\\\/\",\"url\":\"https:\\\/\\\/tce.pb.gov.br\\\/portalprimeirainfancia\\\/tce-pb-apresenta-ao-setor-produtivo-campanha-de-destinacao-do-imposto-de-renda-aos-fundos-da-infancia\\\/\",\"name\":\"TCE-PB apresenta ao setor produtivo campanha de destina\u00e7\u00e3o do Imposto de Renda aos fundos da inf\u00e2ncia %\",\"isPartOf\":{\"@id\":\"https:\\\/\\\/tce.pb.gov.br\\\/portalprimeirainfancia\\\/#website\"},\"primaryImageOfPage\":{\"@id\":\"https:\\\/\\\/tce.pb.gov.br\\\/portalprimeirainfancia\\\/tce-pb-apresenta-ao-setor-produtivo-campanha-de-destinacao-do-imposto-de-renda-aos-fundos-da-infancia\\\/#primaryimage\"},\"image\":{\"@id\":\"https:\\\/\\\/tce.pb.gov.br\\\/portalprimeirainfancia\\\/tce-pb-apresenta-ao-setor-produtivo-campanha-de-destinacao-do-imposto-de-renda-aos-fundos-da-infancia\\\/#primaryimage\"},\"thumbnailUrl\":\"https:\\\/\\\/tce.pb.gov.br\\\/portalprimeirainfancia\\\/wp-content\\\/uploads\\\/2026\\\/01\\\/image-2.png\",\"datePublished\":\"2026-01-22T16:00:00+00:00\",\"dateModified\":\"2026-01-23T12:19:18+00:00\",\"description\":\"TCE-PB apresenta ao setor produtivo campanha de destina\u00e7\u00e3o do Imposto de Renda aos fundos da inf\u00e2ncia %\",\"breadcrumb\":{\"@id\":\"https:\\\/\\\/tce.pb.gov.br\\\/portalprimeirainfancia\\\/tce-pb-apresenta-ao-setor-produtivo-campanha-de-destinacao-do-imposto-de-renda-aos-fundos-da-infancia\\\/#breadcrumb\"},\"inLanguage\":\"pt-BR\",\"potentialAction\":[{\"@type\":\"ReadAction\",\"target\":[\"https:\\\/\\\/tce.pb.gov.br\\\/portalprimeirainfancia\\\/tce-pb-apresenta-ao-setor-produtivo-campanha-de-destinacao-do-imposto-de-renda-aos-fundos-da-infancia\\\/\"]}]},{\"@type\":\"ImageObject\",\"inLanguage\":\"pt-BR\",\"@id\":\"https:\\\/\\\/tce.pb.gov.br\\\/portalprimeirainfancia\\\/tce-pb-apresenta-ao-setor-produtivo-campanha-de-destinacao-do-imposto-de-renda-aos-fundos-da-infancia\\\/#primaryimage\",\"url\":\"https:\\\/\\\/tce.pb.gov.br\\\/portalprimeirainfancia\\\/wp-content\\\/uploads\\\/2026\\\/01\\\/image-2.png\",\"contentUrl\":\"https:\\\/\\\/tce.pb.gov.br\\\/portalprimeirainfancia\\\/wp-content\\\/uploads\\\/2026\\\/01\\\/image-2.png\",\"width\":1024,\"height\":768},{\"@type\":\"BreadcrumbList\",\"@id\":\"https:\\\/\\\/tce.pb.gov.br\\\/portalprimeirainfancia\\\/tce-pb-apresenta-ao-setor-produtivo-campanha-de-destinacao-do-imposto-de-renda-aos-fundos-da-infancia\\\/#breadcrumb\",\"itemListElement\":[{\"@type\":\"ListItem\",\"position\":1,\"name\":\"In\u00edcio\",\"item\":\"https:\\\/\\\/tce.pb.gov.br\\\/portalprimeirainfancia\\\/\"},{\"@type\":\"ListItem\",\"position\":2,\"name\":\"TCE-PB apresenta ao setor produtivo campanha de destina\u00e7\u00e3o do Imposto de Renda aos fundos da inf\u00e2ncia\"}]},{\"@type\":\"WebSite\",\"@id\":\"https:\\\/\\\/tce.pb.gov.br\\\/portalprimeirainfancia\\\/#website\",\"url\":\"https:\\\/\\\/tce.pb.gov.br\\\/portalprimeirainfancia\\\/\",\"name\":\"Pacto Paraibano pela Primeira Inf\u00e2ncia\",\"description\":\"Portal para divulga\u00e7\u00e3o do Pacto Paraibano pela Primeira Inf\u00e2ncia\",\"publisher\":{\"@id\":\"https:\\\/\\\/tce.pb.gov.br\\\/portalprimeirainfancia\\\/#organization\"},\"potentialAction\":[{\"@type\":\"SearchAction\",\"target\":{\"@type\":\"EntryPoint\",\"urlTemplate\":\"https:\\\/\\\/tce.pb.gov.br\\\/portalprimeirainfancia\\\/?s={search_term_string}\"},\"query-input\":{\"@type\":\"PropertyValueSpecification\",\"valueRequired\":true,\"valueName\":\"search_term_string\"}}],\"inLanguage\":\"pt-BR\"},{\"@type\":\"Organization\",\"@id\":\"https:\\\/\\\/tce.pb.gov.br\\\/portalprimeirainfancia\\\/#organization\",\"name\":\"Pacto Paraibano pela Primeira Inf\u00e2ncia\",\"alternateName\":\"TCE-PB\",\"url\":\"https:\\\/\\\/tce.pb.gov.br\\\/portalprimeirainfancia\\\/\",\"logo\":{\"@type\":\"ImageObject\",\"inLanguage\":\"pt-BR\",\"@id\":\"https:\\\/\\\/tce.pb.gov.br\\\/portalprimeirainfancia\\\/#\\\/schema\\\/logo\\\/image\\\/\",\"url\":\"https:\\\/\\\/tce.pb.gov.br\\\/portalprimeirainfancia\\\/wp-content\\\/uploads\\\/2025\\\/05\\\/Pacto-Whatsapp.png\",\"contentUrl\":\"https:\\\/\\\/tce.pb.gov.br\\\/portalprimeirainfancia\\\/wp-content\\\/uploads\\\/2025\\\/05\\\/Pacto-Whatsapp.png\",\"width\":427,\"height\":427,\"caption\":\"Pacto Paraibano pela Primeira Inf\u00e2ncia\"},\"image\":{\"@id\":\"https:\\\/\\\/tce.pb.gov.br\\\/portalprimeirainfancia\\\/#\\\/schema\\\/logo\\\/image\\\/\"},\"sameAs\":[\"https:\\\/\\\/www.instagram.com\\\/tcepb\\\/\"]},{\"@type\":\"Person\",\"@id\":\"https:\\\/\\\/tce.pb.gov.br\\\/portalprimeirainfancia\\\/#\\\/schema\\\/person\\\/6a39eea5836dda604de1c5e5b7d62141\",\"name\":\"Rafael Massoni\"}]}<\/script>\n<!-- \/ Yoast SEO plugin. -->","yoast_head_json":{"title":"TCE-PB apresenta ao setor produtivo campanha de destina\u00e7\u00e3o do Imposto de Renda aos fundos da inf\u00e2ncia %","description":"TCE-PB apresenta ao setor produtivo campanha de destina\u00e7\u00e3o do Imposto de Renda aos fundos da inf\u00e2ncia %","robots":{"index":"index","follow":"follow","max-snippet":"max-snippet:-1","max-image-preview":"max-image-preview:large","max-video-preview":"max-video-preview:-1"},"canonical":"https:\/\/tce.pb.gov.br\/portalprimeirainfancia\/tce-pb-apresenta-ao-setor-produtivo-campanha-de-destinacao-do-imposto-de-renda-aos-fundos-da-infancia\/","og_locale":"pt_BR","og_type":"article","og_title":"TCE-PB apresenta ao setor produtivo campanha de destina\u00e7\u00e3o do Imposto de Renda aos fundos da inf\u00e2ncia %","og_description":"TCE-PB apresenta ao setor produtivo campanha de destina\u00e7\u00e3o do Imposto de Renda aos fundos da inf\u00e2ncia %","og_url":"https:\/\/tce.pb.gov.br\/portalprimeirainfancia\/tce-pb-apresenta-ao-setor-produtivo-campanha-de-destinacao-do-imposto-de-renda-aos-fundos-da-infancia\/","og_site_name":"Pacto Paraibano pela Primeira Inf\u00e2ncia","article_published_time":"2026-01-22T16:00:00+00:00","article_modified_time":"2026-01-23T12:19:18+00:00","og_image":[{"width":1024,"height":768,"url":"https:\/\/tce.pb.gov.br\/portalprimeirainfancia\/wp-content\/uploads\/2026\/01\/image-2.png","type":"image\/png"}],"author":"Rafael Massoni","twitter_card":"summary_large_image","twitter_misc":{"Escrito por":"Rafael Massoni","Est. tempo de leitura":"6 minutos"},"schema":{"@context":"https:\/\/schema.org","@graph":[{"@type":"NewsArticle","@id":"https:\/\/tce.pb.gov.br\/portalprimeirainfancia\/tce-pb-apresenta-ao-setor-produtivo-campanha-de-destinacao-do-imposto-de-renda-aos-fundos-da-infancia\/#article","isPartOf":{"@id":"https:\/\/tce.pb.gov.br\/portalprimeirainfancia\/tce-pb-apresenta-ao-setor-produtivo-campanha-de-destinacao-do-imposto-de-renda-aos-fundos-da-infancia\/"},"author":{"name":"Rafael Massoni","@id":"https:\/\/tce.pb.gov.br\/portalprimeirainfancia\/#\/schema\/person\/6a39eea5836dda604de1c5e5b7d62141"},"headline":"TCE-PB apresenta ao setor produtivo campanha de destina\u00e7\u00e3o do Imposto de Renda aos fundos da inf\u00e2ncia","datePublished":"2026-01-22T16:00:00+00:00","dateModified":"2026-01-23T12:19:18+00:00","mainEntityOfPage":{"@id":"https:\/\/tce.pb.gov.br\/portalprimeirainfancia\/tce-pb-apresenta-ao-setor-produtivo-campanha-de-destinacao-do-imposto-de-renda-aos-fundos-da-infancia\/"},"wordCount":866,"publisher":{"@id":"https:\/\/tce.pb.gov.br\/portalprimeirainfancia\/#organization"},"image":{"@id":"https:\/\/tce.pb.gov.br\/portalprimeirainfancia\/tce-pb-apresenta-ao-setor-produtivo-campanha-de-destinacao-do-imposto-de-renda-aos-fundos-da-infancia\/#primaryimage"},"thumbnailUrl":"https:\/\/tce.pb.gov.br\/portalprimeirainfancia\/wp-content\/uploads\/2026\/01\/image-2.png","keywords":["pacto pela primeira infancia","primeira infancia","tce","tce-pb"],"articleSection":["Destaques","Not\u00edcias"],"inLanguage":"pt-BR"},{"@type":"WebPage","@id":"https:\/\/tce.pb.gov.br\/portalprimeirainfancia\/tce-pb-apresenta-ao-setor-produtivo-campanha-de-destinacao-do-imposto-de-renda-aos-fundos-da-infancia\/","url":"https:\/\/tce.pb.gov.br\/portalprimeirainfancia\/tce-pb-apresenta-ao-setor-produtivo-campanha-de-destinacao-do-imposto-de-renda-aos-fundos-da-infancia\/","name":"TCE-PB apresenta ao setor produtivo campanha de destina\u00e7\u00e3o do Imposto de Renda aos fundos da inf\u00e2ncia %","isPartOf":{"@id":"https:\/\/tce.pb.gov.br\/portalprimeirainfancia\/#website"},"primaryImageOfPage":{"@id":"https:\/\/tce.pb.gov.br\/portalprimeirainfancia\/tce-pb-apresenta-ao-setor-produtivo-campanha-de-destinacao-do-imposto-de-renda-aos-fundos-da-infancia\/#primaryimage"},"image":{"@id":"https:\/\/tce.pb.gov.br\/portalprimeirainfancia\/tce-pb-apresenta-ao-setor-produtivo-campanha-de-destinacao-do-imposto-de-renda-aos-fundos-da-infancia\/#primaryimage"},"thumbnailUrl":"https:\/\/tce.pb.gov.br\/portalprimeirainfancia\/wp-content\/uploads\/2026\/01\/image-2.png","datePublished":"2026-01-22T16:00:00+00:00","dateModified":"2026-01-23T12:19:18+00:00","description":"TCE-PB apresenta ao setor produtivo campanha de destina\u00e7\u00e3o do Imposto de Renda aos fundos da inf\u00e2ncia %","breadcrumb":{"@id":"https:\/\/tce.pb.gov.br\/portalprimeirainfancia\/tce-pb-apresenta-ao-setor-produtivo-campanha-de-destinacao-do-imposto-de-renda-aos-fundos-da-infancia\/#breadcrumb"},"inLanguage":"pt-BR","potentialAction":[{"@type":"ReadAction","target":["https:\/\/tce.pb.gov.br\/portalprimeirainfancia\/tce-pb-apresenta-ao-setor-produtivo-campanha-de-destinacao-do-imposto-de-renda-aos-fundos-da-infancia\/"]}]},{"@type":"ImageObject","inLanguage":"pt-BR","@id":"https:\/\/tce.pb.gov.br\/portalprimeirainfancia\/tce-pb-apresenta-ao-setor-produtivo-campanha-de-destinacao-do-imposto-de-renda-aos-fundos-da-infancia\/#primaryimage","url":"https:\/\/tce.pb.gov.br\/portalprimeirainfancia\/wp-content\/uploads\/2026\/01\/image-2.png","contentUrl":"https:\/\/tce.pb.gov.br\/portalprimeirainfancia\/wp-content\/uploads\/2026\/01\/image-2.png","width":1024,"height":768},{"@type":"BreadcrumbList","@id":"https:\/\/tce.pb.gov.br\/portalprimeirainfancia\/tce-pb-apresenta-ao-setor-produtivo-campanha-de-destinacao-do-imposto-de-renda-aos-fundos-da-infancia\/#breadcrumb","itemListElement":[{"@type":"ListItem","position":1,"name":"In\u00edcio","item":"https:\/\/tce.pb.gov.br\/portalprimeirainfancia\/"},{"@type":"ListItem","position":2,"name":"TCE-PB apresenta ao setor produtivo campanha de destina\u00e7\u00e3o do Imposto de Renda aos fundos da inf\u00e2ncia"}]},{"@type":"WebSite","@id":"https:\/\/tce.pb.gov.br\/portalprimeirainfancia\/#website","url":"https:\/\/tce.pb.gov.br\/portalprimeirainfancia\/","name":"Pacto Paraibano pela Primeira Inf\u00e2ncia","description":"Portal para divulga\u00e7\u00e3o do Pacto Paraibano pela Primeira Inf\u00e2ncia","publisher":{"@id":"https:\/\/tce.pb.gov.br\/portalprimeirainfancia\/#organization"},"potentialAction":[{"@type":"SearchAction","target":{"@type":"EntryPoint","urlTemplate":"https:\/\/tce.pb.gov.br\/portalprimeirainfancia\/?s={search_term_string}"},"query-input":{"@type":"PropertyValueSpecification","valueRequired":true,"valueName":"search_term_string"}}],"inLanguage":"pt-BR"},{"@type":"Organization","@id":"https:\/\/tce.pb.gov.br\/portalprimeirainfancia\/#organization","name":"Pacto Paraibano pela Primeira Inf\u00e2ncia","alternateName":"TCE-PB","url":"https:\/\/tce.pb.gov.br\/portalprimeirainfancia\/","logo":{"@type":"ImageObject","inLanguage":"pt-BR","@id":"https:\/\/tce.pb.gov.br\/portalprimeirainfancia\/#\/schema\/logo\/image\/","url":"https:\/\/tce.pb.gov.br\/portalprimeirainfancia\/wp-content\/uploads\/2025\/05\/Pacto-Whatsapp.png","contentUrl":"https:\/\/tce.pb.gov.br\/portalprimeirainfancia\/wp-content\/uploads\/2025\/05\/Pacto-Whatsapp.png","width":427,"height":427,"caption":"Pacto Paraibano pela Primeira Inf\u00e2ncia"},"image":{"@id":"https:\/\/tce.pb.gov.br\/portalprimeirainfancia\/#\/schema\/logo\/image\/"},"sameAs":["https:\/\/www.instagram.com\/tcepb\/"]},{"@type":"Person","@id":"https:\/\/tce.pb.gov.br\/portalprimeirainfancia\/#\/schema\/person\/6a39eea5836dda604de1c5e5b7d62141","name":"Rafael Massoni"}]}},"jetpack_featured_media_url":"https:\/\/tce.pb.gov.br\/portalprimeirainfancia\/wp-content\/uploads\/2026\/01\/image-2.png","jetpack_sharing_enabled":true,"_links":{"self":[{"href":"https:\/\/tce.pb.gov.br\/portalprimeirainfancia\/wp-json\/wp\/v2\/posts\/29778","targetHints":{"allow":["GET"]}}],"collection":[{"href":"https:\/\/tce.pb.gov.br\/portalprimeirainfancia\/wp-json\/wp\/v2\/posts"}],"about":[{"href":"https:\/\/tce.pb.gov.br\/portalprimeirainfancia\/wp-json\/wp\/v2\/types\/post"}],"author":[{"embeddable":true,"href":"https:\/\/tce.pb.gov.br\/portalprimeirainfancia\/wp-json\/wp\/v2\/users\/6"}],"replies":[{"embeddable":true,"href":"https:\/\/tce.pb.gov.br\/portalprimeirainfancia\/wp-json\/wp\/v2\/comments?post=29778"}],"version-history":[{"count":1,"href":"https:\/\/tce.pb.gov.br\/portalprimeirainfancia\/wp-json\/wp\/v2\/posts\/29778\/revisions"}],"predecessor-version":[{"id":29784,"href":"https:\/\/tce.pb.gov.br\/portalprimeirainfancia\/wp-json\/wp\/v2\/posts\/29778\/revisions\/29784"}],"wp:featuredmedia":[{"embeddable":true,"href":"https:\/\/tce.pb.gov.br\/portalprimeirainfancia\/wp-json\/wp\/v2\/media\/29783"}],"wp:attachment":[{"href":"https:\/\/tce.pb.gov.br\/portalprimeirainfancia\/wp-json\/wp\/v2\/media?parent=29778"}],"wp:term":[{"taxonomy":"category","embeddable":true,"href":"https:\/\/tce.pb.gov.br\/portalprimeirainfancia\/wp-json\/wp\/v2\/categories?post=29778"},{"taxonomy":"post_tag","embeddable":true,"href":"https:\/\/tce.pb.gov.br\/portalprimeirainfancia\/wp-json\/wp\/v2\/tags?post=29778"}],"curies":[{"name":"wp","href":"https:\/\/api.w.org\/{rel}","templated":true}]}}