{"id":29716,"date":"2025-09-10T11:46:55","date_gmt":"2025-09-10T14:46:55","guid":{"rendered":"https:\/\/tce.pb.gov.br\/portalprimeirainfancia\/?p=29716"},"modified":"2025-09-10T11:46:57","modified_gmt":"2025-09-10T14:46:57","slug":"tce-pb-ja-contabiliza-153-adesoes-de-municipios-ao-pacto-paraibano-pela-primeira-infancia","status":"publish","type":"post","link":"https:\/\/tce.pb.gov.br\/portalprimeirainfancia\/tce-pb-ja-contabiliza-153-adesoes-de-municipios-ao-pacto-paraibano-pela-primeira-infancia\/","title":{"rendered":"TCE-PB j\u00e1 contabiliza 153 ades\u00f5es de munic\u00edpios ao Pacto Paraibano pela Primeira Inf\u00e2ncia"},"content":{"rendered":"\n<figure class=\"wp-block-image aligncenter size-large\"><img fetchpriority=\"high\" decoding=\"async\" width=\"1024\" height=\"697\" src=\"https:\/\/tce.pb.gov.br\/portalprimeirainfancia\/wp-content\/uploads\/2025\/09\/image-2-1024x697.png\" alt=\"\" class=\"wp-image-29717\" srcset=\"https:\/\/tce.pb.gov.br\/portalprimeirainfancia\/wp-content\/uploads\/2025\/09\/image-2-1024x697.png 1024w, https:\/\/tce.pb.gov.br\/portalprimeirainfancia\/wp-content\/uploads\/2025\/09\/image-2-300x204.png 300w, https:\/\/tce.pb.gov.br\/portalprimeirainfancia\/wp-content\/uploads\/2025\/09\/image-2-768x522.png 768w, https:\/\/tce.pb.gov.br\/portalprimeirainfancia\/wp-content\/uploads\/2025\/09\/image-2-1536x1045.png 1536w, https:\/\/tce.pb.gov.br\/portalprimeirainfancia\/wp-content\/uploads\/2025\/09\/image-2.png 1920w\" sizes=\"(max-width: 1024px) 100vw, 1024px\" \/><\/figure>\n\n\n\n<p>O Tribunal de Contas do Estado da Para\u00edba (TCE-PB) j\u00e1 soma 153 prefeitos e prefeitas que formalizaram ades\u00e3o ao Pacto Paraibano pela Primeira Inf\u00e2ncia, at\u00e9 esta quarta-feira (10). A iniciativa, criada na atual gest\u00e3o do presidente da Corte, conselheiro F\u00e1bio Nogueira, tem como objetivo fortalecer pol\u00edticas p\u00fablicas voltadas para crian\u00e7as de 0 a 6 anos.<\/p>\n\n\n\n<p>No Portal da Primeira Inf\u00e2ncia, dispon\u00edvel no site do TCE-PB, gestores e a sociedade podem acessa<a href=\"https:\/\/tce.pb.gov.br\/portalprimeirainfancia\/fotos\/\">r&nbsp;<strong>Galeria de Fotos<\/strong><\/a><strong>.<\/strong><\/p>\n\n\n\n<p>Desde o lan\u00e7amento do pacto, o Tribunal vem promovendo uma s\u00e9rie de a\u00e7\u00f5es de apoio aos munic\u00edpios e de sensibiliza\u00e7\u00e3o da sociedade sobre a import\u00e2ncia da pauta. Entre as atividades realizadas, destacam-se cursos e capacita\u00e7\u00f5es t\u00e9cnicas voltados a prefeitos, secret\u00e1rios, vereadores, conselheiros tutelares e equipes intersetoriais. Foram oferecidos treinamentos sobre a inclus\u00e3o da Primeira Inf\u00e2ncia na Lei de Diretrizes Or\u00e7ament\u00e1rias (LDO), al\u00e9m de uma rodada de forma\u00e7\u00f5es presenciais voltadas \u00e0 elabora\u00e7\u00e3o do PPA e da LOA com foco nessa faixa et\u00e1ria.<\/p>\n\n\n\n<p>Outro destaque foi o Encontro Paraibano pela Primeira Inf\u00e2ncia, realizado em 18 de agosto, em Campina Grande. O evento reuniu especialistas, gestores e representantes da sociedade civil para discutir desafios e solu\u00e7\u00f5es voltados \u00e0 garantia dos direitos da crian\u00e7a. Na ocasi\u00e3o, o TCE-PB apresentou, de forma in\u00e9dita, a Matriz de Achados da Auditoria Operacional em Pol\u00edticas P\u00fablicas para a Primeira Inf\u00e2ncia, por meio de um Painel de Refer\u00eancia para valida\u00e7\u00e3o.<\/p>\n\n\n\n<p>Para o presidente F\u00e1bio Nogueira, o pacto representa um compromisso coletivo para que os munic\u00edpios paraibanos incorporem, em seus planejamentos, metas e estrat\u00e9gias capazes de assegurar o desenvolvimento integral e saud\u00e1vel das crian\u00e7as. Ele destacou que as ades\u00f5es continuam abertas e que a expectativa \u00e9 alcan\u00e7ar a totalidade dos 223 munic\u00edpios paraibanos.<\/p>\n\n\n\n<p>\u201cO compromisso de todos os que apoiam o pacto, coordenado pelo TCE-PB, \u00e9 fortalecer a governan\u00e7a, aprimorar a gest\u00e3o de recursos e ampliar a qualidade dos servi\u00e7os p\u00fablicos. Al\u00e9m disso, buscamos fomentar o di\u00e1logo entre diferentes \u00e1reas da gest\u00e3o municipal, estimulando uma atua\u00e7\u00e3o mais integrada e eficiente em benef\u00edcio do desenvolvimento infantil\u201d, afirmou.<\/p>\n","protected":false},"excerpt":{"rendered":"<p>O Tribunal de Contas do Estado da Para\u00edba (TCE-PB) j\u00e1 soma 153 prefeitos e prefeitas que formalizaram ades\u00e3o ao Pacto [&hellip;]<\/p>\n","protected":false},"author":6,"featured_media":29717,"comment_status":"closed","ping_status":"closed","sticky":false,"template":"","format":"standard","meta":{"site-sidebar-layout":"default","site-content-layout":"","ast-site-content-layout":"","site-content-style":"default","site-sidebar-style":"default","ast-global-header-display":"","ast-banner-title-visibility":"","ast-main-header-display":"","ast-hfb-above-header-display":"","ast-hfb-below-header-display":"","ast-hfb-mobile-header-display":"","site-post-title":"","ast-breadcrumbs-content":"","ast-featured-img":"","footer-sml-layout":"","theme-transparent-header-meta":"","adv-header-id-meta":"","stick-header-meta":"","header-above-stick-meta":"","header-main-stick-meta":"","header-below-stick-meta":"","astra-migrate-meta-layouts":"default","ast-page-background-enabled":"default","ast-page-background-meta":{"desktop":{"background-color":"var(--ast-global-color-5)","background-image":"","background-repeat":"repeat","background-position":"center center","background-size":"auto","background-attachment":"scroll","background-type":"","background-media":"","overlay-type":"","overlay-color":"","overlay-opacity":"","overlay-gradient":""},"tablet":{"background-color":"","background-image":"","background-repeat":"repeat","background-position":"center center","background-size":"auto","background-attachment":"scroll","background-type":"","background-media":"","overlay-type":"","overlay-color":"","overlay-opacity":"","overlay-gradient":""},"mobile":{"background-color":"","background-image":"","background-repeat":"repeat","background-position":"center center","background-size":"auto","background-attachment":"scroll","background-type":"","background-media":"","overlay-type":"","overlay-color":"","overlay-opacity":"","overlay-gradient":""}},"ast-content-background-meta":{"desktop":{"background-color":"var(--ast-global-color-4)","background-image":"","background-repeat":"repeat","background-position":"center center","background-size":"auto","background-attachment":"scroll","background-type":"","background-media":"","overlay-type":"","overlay-color":"","overlay-opacity":"","overlay-gradient":""},"tablet":{"background-color":"var(--ast-global-color-4)","background-image":"","background-repeat":"repeat","background-position":"center center","background-size":"auto","background-attachment":"scroll","background-type":"","background-media":"","overlay-type":"","overlay-color":"","overlay-opacity":"","overlay-gradient":""},"mobile":{"background-color":"var(--ast-global-color-4)","background-image":"","background-repeat":"repeat","background-position":"center center","background-size":"auto","background-attachment":"scroll","background-type":"","background-media":"","overlay-type":"","overlay-color":"","overlay-opacity":"","overlay-gradient":""}},"_jetpack_memberships_contains_paid_content":false,"footnotes":""},"categories":[7],"tags":[],"class_list":["post-29716","post","type-post","status-publish","format-standard","has-post-thumbnail","hentry","category-noticias"],"yoast_head":"<!-- This site is optimized with the Yoast SEO plugin v27.5 - https:\/\/yoast.com\/product\/yoast-seo-wordpress\/ -->\n<title>TCE-PB j\u00e1 contabiliza 153 ades\u00f5es de munic\u00edpios ao Pacto Paraibano pela Primeira Inf\u00e2ncia %<\/title>\n<meta name=\"description\" content=\"TCE-PB j\u00e1 contabiliza 153 ades\u00f5es de munic\u00edpios ao Pacto Paraibano pela Primeira Inf\u00e2ncia %\" \/>\n<meta name=\"robots\" content=\"index, follow, max-snippet:-1, max-image-preview:large, max-video-preview:-1\" \/>\n<link rel=\"canonical\" href=\"https:\/\/tce.pb.gov.br\/portalprimeirainfancia\/tce-pb-ja-contabiliza-153-adesoes-de-municipios-ao-pacto-paraibano-pela-primeira-infancia\/\" \/>\n<meta property=\"og:locale\" content=\"pt_BR\" \/>\n<meta property=\"og:type\" content=\"article\" \/>\n<meta property=\"og:title\" content=\"TCE-PB j\u00e1 contabiliza 153 ades\u00f5es de munic\u00edpios ao Pacto Paraibano pela Primeira Inf\u00e2ncia %\" \/>\n<meta property=\"og:description\" content=\"TCE-PB j\u00e1 contabiliza 153 ades\u00f5es de munic\u00edpios ao Pacto Paraibano pela Primeira Inf\u00e2ncia %\" \/>\n<meta property=\"og:url\" content=\"https:\/\/tce.pb.gov.br\/portalprimeirainfancia\/tce-pb-ja-contabiliza-153-adesoes-de-municipios-ao-pacto-paraibano-pela-primeira-infancia\/\" \/>\n<meta property=\"og:site_name\" content=\"Pacto Paraibano pela Primeira Inf\u00e2ncia\" \/>\n<meta property=\"article:published_time\" content=\"2025-09-10T14:46:55+00:00\" \/>\n<meta property=\"article:modified_time\" content=\"2025-09-10T14:46:57+00:00\" \/>\n<meta property=\"og:image\" content=\"https:\/\/tce.pb.gov.br\/portalprimeirainfancia\/wp-content\/uploads\/2025\/09\/image-2-1024x697.png\" \/>\n\t<meta property=\"og:image:width\" content=\"1024\" \/>\n\t<meta property=\"og:image:height\" content=\"697\" \/>\n\t<meta property=\"og:image:type\" content=\"image\/png\" \/>\n<meta name=\"author\" content=\"Rafael Massoni\" \/>\n<meta name=\"twitter:card\" content=\"summary_large_image\" \/>\n<meta name=\"twitter:label1\" content=\"Escrito por\" \/>\n\t<meta name=\"twitter:data1\" content=\"Rafael Massoni\" \/>\n\t<meta name=\"twitter:label2\" content=\"Est. tempo de leitura\" \/>\n\t<meta name=\"twitter:data2\" content=\"3 minutos\" \/>\n<script type=\"application\/ld+json\" class=\"yoast-schema-graph\">{\"@context\":\"https:\\\/\\\/schema.org\",\"@graph\":[{\"@type\":\"NewsArticle\",\"@id\":\"https:\\\/\\\/tce.pb.gov.br\\\/portalprimeirainfancia\\\/tce-pb-ja-contabiliza-153-adesoes-de-municipios-ao-pacto-paraibano-pela-primeira-infancia\\\/#article\",\"isPartOf\":{\"@id\":\"https:\\\/\\\/tce.pb.gov.br\\\/portalprimeirainfancia\\\/tce-pb-ja-contabiliza-153-adesoes-de-municipios-ao-pacto-paraibano-pela-primeira-infancia\\\/\"},\"author\":{\"name\":\"Rafael Massoni\",\"@id\":\"https:\\\/\\\/tce.pb.gov.br\\\/portalprimeirainfancia\\\/#\\\/schema\\\/person\\\/6a39eea5836dda604de1c5e5b7d62141\"},\"headline\":\"TCE-PB j\u00e1 contabiliza 153 ades\u00f5es de munic\u00edpios ao Pacto Paraibano pela Primeira Inf\u00e2ncia\",\"datePublished\":\"2025-09-10T14:46:55+00:00\",\"dateModified\":\"2025-09-10T14:46:57+00:00\",\"mainEntityOfPage\":{\"@id\":\"https:\\\/\\\/tce.pb.gov.br\\\/portalprimeirainfancia\\\/tce-pb-ja-contabiliza-153-adesoes-de-municipios-ao-pacto-paraibano-pela-primeira-infancia\\\/\"},\"wordCount\":390,\"publisher\":{\"@id\":\"https:\\\/\\\/tce.pb.gov.br\\\/portalprimeirainfancia\\\/#organization\"},\"image\":{\"@id\":\"https:\\\/\\\/tce.pb.gov.br\\\/portalprimeirainfancia\\\/tce-pb-ja-contabiliza-153-adesoes-de-municipios-ao-pacto-paraibano-pela-primeira-infancia\\\/#primaryimage\"},\"thumbnailUrl\":\"https:\\\/\\\/tce.pb.gov.br\\\/portalprimeirainfancia\\\/wp-content\\\/uploads\\\/2025\\\/09\\\/image-2.png\",\"articleSection\":[\"Not\u00edcias\"],\"inLanguage\":\"pt-BR\"},{\"@type\":\"WebPage\",\"@id\":\"https:\\\/\\\/tce.pb.gov.br\\\/portalprimeirainfancia\\\/tce-pb-ja-contabiliza-153-adesoes-de-municipios-ao-pacto-paraibano-pela-primeira-infancia\\\/\",\"url\":\"https:\\\/\\\/tce.pb.gov.br\\\/portalprimeirainfancia\\\/tce-pb-ja-contabiliza-153-adesoes-de-municipios-ao-pacto-paraibano-pela-primeira-infancia\\\/\",\"name\":\"TCE-PB j\u00e1 contabiliza 153 ades\u00f5es de munic\u00edpios ao Pacto Paraibano pela Primeira Inf\u00e2ncia %\",\"isPartOf\":{\"@id\":\"https:\\\/\\\/tce.pb.gov.br\\\/portalprimeirainfancia\\\/#website\"},\"primaryImageOfPage\":{\"@id\":\"https:\\\/\\\/tce.pb.gov.br\\\/portalprimeirainfancia\\\/tce-pb-ja-contabiliza-153-adesoes-de-municipios-ao-pacto-paraibano-pela-primeira-infancia\\\/#primaryimage\"},\"image\":{\"@id\":\"https:\\\/\\\/tce.pb.gov.br\\\/portalprimeirainfancia\\\/tce-pb-ja-contabiliza-153-adesoes-de-municipios-ao-pacto-paraibano-pela-primeira-infancia\\\/#primaryimage\"},\"thumbnailUrl\":\"https:\\\/\\\/tce.pb.gov.br\\\/portalprimeirainfancia\\\/wp-content\\\/uploads\\\/2025\\\/09\\\/image-2.png\",\"datePublished\":\"2025-09-10T14:46:55+00:00\",\"dateModified\":\"2025-09-10T14:46:57+00:00\",\"description\":\"TCE-PB j\u00e1 contabiliza 153 ades\u00f5es de munic\u00edpios ao Pacto Paraibano pela Primeira Inf\u00e2ncia %\",\"breadcrumb\":{\"@id\":\"https:\\\/\\\/tce.pb.gov.br\\\/portalprimeirainfancia\\\/tce-pb-ja-contabiliza-153-adesoes-de-municipios-ao-pacto-paraibano-pela-primeira-infancia\\\/#breadcrumb\"},\"inLanguage\":\"pt-BR\",\"potentialAction\":[{\"@type\":\"ReadAction\",\"target\":[\"https:\\\/\\\/tce.pb.gov.br\\\/portalprimeirainfancia\\\/tce-pb-ja-contabiliza-153-adesoes-de-municipios-ao-pacto-paraibano-pela-primeira-infancia\\\/\"]}]},{\"@type\":\"ImageObject\",\"inLanguage\":\"pt-BR\",\"@id\":\"https:\\\/\\\/tce.pb.gov.br\\\/portalprimeirainfancia\\\/tce-pb-ja-contabiliza-153-adesoes-de-municipios-ao-pacto-paraibano-pela-primeira-infancia\\\/#primaryimage\",\"url\":\"https:\\\/\\\/tce.pb.gov.br\\\/portalprimeirainfancia\\\/wp-content\\\/uploads\\\/2025\\\/09\\\/image-2.png\",\"contentUrl\":\"https:\\\/\\\/tce.pb.gov.br\\\/portalprimeirainfancia\\\/wp-content\\\/uploads\\\/2025\\\/09\\\/image-2.png\",\"width\":1920,\"height\":1306},{\"@type\":\"BreadcrumbList\",\"@id\":\"https:\\\/\\\/tce.pb.gov.br\\\/portalprimeirainfancia\\\/tce-pb-ja-contabiliza-153-adesoes-de-municipios-ao-pacto-paraibano-pela-primeira-infancia\\\/#breadcrumb\",\"itemListElement\":[{\"@type\":\"ListItem\",\"position\":1,\"name\":\"In\u00edcio\",\"item\":\"https:\\\/\\\/tce.pb.gov.br\\\/portalprimeirainfancia\\\/\"},{\"@type\":\"ListItem\",\"position\":2,\"name\":\"TCE-PB j\u00e1 contabiliza 153 ades\u00f5es de munic\u00edpios ao Pacto Paraibano pela Primeira Inf\u00e2ncia\"}]},{\"@type\":\"WebSite\",\"@id\":\"https:\\\/\\\/tce.pb.gov.br\\\/portalprimeirainfancia\\\/#website\",\"url\":\"https:\\\/\\\/tce.pb.gov.br\\\/portalprimeirainfancia\\\/\",\"name\":\"Pacto Paraibano pela Primeira Inf\u00e2ncia\",\"description\":\"Portal para divulga\u00e7\u00e3o do Pacto Paraibano pela Primeira Inf\u00e2ncia\",\"publisher\":{\"@id\":\"https:\\\/\\\/tce.pb.gov.br\\\/portalprimeirainfancia\\\/#organization\"},\"potentialAction\":[{\"@type\":\"SearchAction\",\"target\":{\"@type\":\"EntryPoint\",\"urlTemplate\":\"https:\\\/\\\/tce.pb.gov.br\\\/portalprimeirainfancia\\\/?s={search_term_string}\"},\"query-input\":{\"@type\":\"PropertyValueSpecification\",\"valueRequired\":true,\"valueName\":\"search_term_string\"}}],\"inLanguage\":\"pt-BR\"},{\"@type\":\"Organization\",\"@id\":\"https:\\\/\\\/tce.pb.gov.br\\\/portalprimeirainfancia\\\/#organization\",\"name\":\"Pacto Paraibano pela Primeira Inf\u00e2ncia\",\"alternateName\":\"TCE-PB\",\"url\":\"https:\\\/\\\/tce.pb.gov.br\\\/portalprimeirainfancia\\\/\",\"logo\":{\"@type\":\"ImageObject\",\"inLanguage\":\"pt-BR\",\"@id\":\"https:\\\/\\\/tce.pb.gov.br\\\/portalprimeirainfancia\\\/#\\\/schema\\\/logo\\\/image\\\/\",\"url\":\"https:\\\/\\\/tce.pb.gov.br\\\/portalprimeirainfancia\\\/wp-content\\\/uploads\\\/2025\\\/05\\\/Pacto-Whatsapp.png\",\"contentUrl\":\"https:\\\/\\\/tce.pb.gov.br\\\/portalprimeirainfancia\\\/wp-content\\\/uploads\\\/2025\\\/05\\\/Pacto-Whatsapp.png\",\"width\":427,\"height\":427,\"caption\":\"Pacto Paraibano pela Primeira Inf\u00e2ncia\"},\"image\":{\"@id\":\"https:\\\/\\\/tce.pb.gov.br\\\/portalprimeirainfancia\\\/#\\\/schema\\\/logo\\\/image\\\/\"},\"sameAs\":[\"https:\\\/\\\/www.instagram.com\\\/tcepb\\\/\"]},{\"@type\":\"Person\",\"@id\":\"https:\\\/\\\/tce.pb.gov.br\\\/portalprimeirainfancia\\\/#\\\/schema\\\/person\\\/6a39eea5836dda604de1c5e5b7d62141\",\"name\":\"Rafael Massoni\"}]}<\/script>\n<!-- \/ Yoast SEO plugin. -->","yoast_head_json":{"title":"TCE-PB j\u00e1 contabiliza 153 ades\u00f5es de munic\u00edpios ao Pacto Paraibano pela Primeira Inf\u00e2ncia %","description":"TCE-PB j\u00e1 contabiliza 153 ades\u00f5es de munic\u00edpios ao Pacto Paraibano pela Primeira Inf\u00e2ncia %","robots":{"index":"index","follow":"follow","max-snippet":"max-snippet:-1","max-image-preview":"max-image-preview:large","max-video-preview":"max-video-preview:-1"},"canonical":"https:\/\/tce.pb.gov.br\/portalprimeirainfancia\/tce-pb-ja-contabiliza-153-adesoes-de-municipios-ao-pacto-paraibano-pela-primeira-infancia\/","og_locale":"pt_BR","og_type":"article","og_title":"TCE-PB j\u00e1 contabiliza 153 ades\u00f5es de munic\u00edpios ao Pacto Paraibano pela Primeira Inf\u00e2ncia %","og_description":"TCE-PB j\u00e1 contabiliza 153 ades\u00f5es de munic\u00edpios ao Pacto Paraibano pela Primeira Inf\u00e2ncia %","og_url":"https:\/\/tce.pb.gov.br\/portalprimeirainfancia\/tce-pb-ja-contabiliza-153-adesoes-de-municipios-ao-pacto-paraibano-pela-primeira-infancia\/","og_site_name":"Pacto Paraibano pela Primeira Inf\u00e2ncia","article_published_time":"2025-09-10T14:46:55+00:00","article_modified_time":"2025-09-10T14:46:57+00:00","og_image":[{"width":1024,"height":697,"url":"https:\/\/tce.pb.gov.br\/portalprimeirainfancia\/wp-content\/uploads\/2025\/09\/image-2-1024x697.png","type":"image\/png"}],"author":"Rafael Massoni","twitter_card":"summary_large_image","twitter_misc":{"Escrito por":"Rafael Massoni","Est. tempo de leitura":"3 minutos"},"schema":{"@context":"https:\/\/schema.org","@graph":[{"@type":"NewsArticle","@id":"https:\/\/tce.pb.gov.br\/portalprimeirainfancia\/tce-pb-ja-contabiliza-153-adesoes-de-municipios-ao-pacto-paraibano-pela-primeira-infancia\/#article","isPartOf":{"@id":"https:\/\/tce.pb.gov.br\/portalprimeirainfancia\/tce-pb-ja-contabiliza-153-adesoes-de-municipios-ao-pacto-paraibano-pela-primeira-infancia\/"},"author":{"name":"Rafael Massoni","@id":"https:\/\/tce.pb.gov.br\/portalprimeirainfancia\/#\/schema\/person\/6a39eea5836dda604de1c5e5b7d62141"},"headline":"TCE-PB j\u00e1 contabiliza 153 ades\u00f5es de munic\u00edpios ao Pacto Paraibano pela Primeira Inf\u00e2ncia","datePublished":"2025-09-10T14:46:55+00:00","dateModified":"2025-09-10T14:46:57+00:00","mainEntityOfPage":{"@id":"https:\/\/tce.pb.gov.br\/portalprimeirainfancia\/tce-pb-ja-contabiliza-153-adesoes-de-municipios-ao-pacto-paraibano-pela-primeira-infancia\/"},"wordCount":390,"publisher":{"@id":"https:\/\/tce.pb.gov.br\/portalprimeirainfancia\/#organization"},"image":{"@id":"https:\/\/tce.pb.gov.br\/portalprimeirainfancia\/tce-pb-ja-contabiliza-153-adesoes-de-municipios-ao-pacto-paraibano-pela-primeira-infancia\/#primaryimage"},"thumbnailUrl":"https:\/\/tce.pb.gov.br\/portalprimeirainfancia\/wp-content\/uploads\/2025\/09\/image-2.png","articleSection":["Not\u00edcias"],"inLanguage":"pt-BR"},{"@type":"WebPage","@id":"https:\/\/tce.pb.gov.br\/portalprimeirainfancia\/tce-pb-ja-contabiliza-153-adesoes-de-municipios-ao-pacto-paraibano-pela-primeira-infancia\/","url":"https:\/\/tce.pb.gov.br\/portalprimeirainfancia\/tce-pb-ja-contabiliza-153-adesoes-de-municipios-ao-pacto-paraibano-pela-primeira-infancia\/","name":"TCE-PB j\u00e1 contabiliza 153 ades\u00f5es de munic\u00edpios ao Pacto Paraibano pela Primeira Inf\u00e2ncia %","isPartOf":{"@id":"https:\/\/tce.pb.gov.br\/portalprimeirainfancia\/#website"},"primaryImageOfPage":{"@id":"https:\/\/tce.pb.gov.br\/portalprimeirainfancia\/tce-pb-ja-contabiliza-153-adesoes-de-municipios-ao-pacto-paraibano-pela-primeira-infancia\/#primaryimage"},"image":{"@id":"https:\/\/tce.pb.gov.br\/portalprimeirainfancia\/tce-pb-ja-contabiliza-153-adesoes-de-municipios-ao-pacto-paraibano-pela-primeira-infancia\/#primaryimage"},"thumbnailUrl":"https:\/\/tce.pb.gov.br\/portalprimeirainfancia\/wp-content\/uploads\/2025\/09\/image-2.png","datePublished":"2025-09-10T14:46:55+00:00","dateModified":"2025-09-10T14:46:57+00:00","description":"TCE-PB j\u00e1 contabiliza 153 ades\u00f5es de munic\u00edpios ao Pacto Paraibano pela Primeira Inf\u00e2ncia %","breadcrumb":{"@id":"https:\/\/tce.pb.gov.br\/portalprimeirainfancia\/tce-pb-ja-contabiliza-153-adesoes-de-municipios-ao-pacto-paraibano-pela-primeira-infancia\/#breadcrumb"},"inLanguage":"pt-BR","potentialAction":[{"@type":"ReadAction","target":["https:\/\/tce.pb.gov.br\/portalprimeirainfancia\/tce-pb-ja-contabiliza-153-adesoes-de-municipios-ao-pacto-paraibano-pela-primeira-infancia\/"]}]},{"@type":"ImageObject","inLanguage":"pt-BR","@id":"https:\/\/tce.pb.gov.br\/portalprimeirainfancia\/tce-pb-ja-contabiliza-153-adesoes-de-municipios-ao-pacto-paraibano-pela-primeira-infancia\/#primaryimage","url":"https:\/\/tce.pb.gov.br\/portalprimeirainfancia\/wp-content\/uploads\/2025\/09\/image-2.png","contentUrl":"https:\/\/tce.pb.gov.br\/portalprimeirainfancia\/wp-content\/uploads\/2025\/09\/image-2.png","width":1920,"height":1306},{"@type":"BreadcrumbList","@id":"https:\/\/tce.pb.gov.br\/portalprimeirainfancia\/tce-pb-ja-contabiliza-153-adesoes-de-municipios-ao-pacto-paraibano-pela-primeira-infancia\/#breadcrumb","itemListElement":[{"@type":"ListItem","position":1,"name":"In\u00edcio","item":"https:\/\/tce.pb.gov.br\/portalprimeirainfancia\/"},{"@type":"ListItem","position":2,"name":"TCE-PB j\u00e1 contabiliza 153 ades\u00f5es de munic\u00edpios ao Pacto Paraibano pela Primeira Inf\u00e2ncia"}]},{"@type":"WebSite","@id":"https:\/\/tce.pb.gov.br\/portalprimeirainfancia\/#website","url":"https:\/\/tce.pb.gov.br\/portalprimeirainfancia\/","name":"Pacto Paraibano pela Primeira Inf\u00e2ncia","description":"Portal para divulga\u00e7\u00e3o do Pacto Paraibano pela Primeira Inf\u00e2ncia","publisher":{"@id":"https:\/\/tce.pb.gov.br\/portalprimeirainfancia\/#organization"},"potentialAction":[{"@type":"SearchAction","target":{"@type":"EntryPoint","urlTemplate":"https:\/\/tce.pb.gov.br\/portalprimeirainfancia\/?s={search_term_string}"},"query-input":{"@type":"PropertyValueSpecification","valueRequired":true,"valueName":"search_term_string"}}],"inLanguage":"pt-BR"},{"@type":"Organization","@id":"https:\/\/tce.pb.gov.br\/portalprimeirainfancia\/#organization","name":"Pacto Paraibano pela Primeira Inf\u00e2ncia","alternateName":"TCE-PB","url":"https:\/\/tce.pb.gov.br\/portalprimeirainfancia\/","logo":{"@type":"ImageObject","inLanguage":"pt-BR","@id":"https:\/\/tce.pb.gov.br\/portalprimeirainfancia\/#\/schema\/logo\/image\/","url":"https:\/\/tce.pb.gov.br\/portalprimeirainfancia\/wp-content\/uploads\/2025\/05\/Pacto-Whatsapp.png","contentUrl":"https:\/\/tce.pb.gov.br\/portalprimeirainfancia\/wp-content\/uploads\/2025\/05\/Pacto-Whatsapp.png","width":427,"height":427,"caption":"Pacto Paraibano pela Primeira Inf\u00e2ncia"},"image":{"@id":"https:\/\/tce.pb.gov.br\/portalprimeirainfancia\/#\/schema\/logo\/image\/"},"sameAs":["https:\/\/www.instagram.com\/tcepb\/"]},{"@type":"Person","@id":"https:\/\/tce.pb.gov.br\/portalprimeirainfancia\/#\/schema\/person\/6a39eea5836dda604de1c5e5b7d62141","name":"Rafael Massoni"}]}},"jetpack_featured_media_url":"https:\/\/tce.pb.gov.br\/portalprimeirainfancia\/wp-content\/uploads\/2025\/09\/image-2.png","jetpack_sharing_enabled":true,"_links":{"self":[{"href":"https:\/\/tce.pb.gov.br\/portalprimeirainfancia\/wp-json\/wp\/v2\/posts\/29716","targetHints":{"allow":["GET"]}}],"collection":[{"href":"https:\/\/tce.pb.gov.br\/portalprimeirainfancia\/wp-json\/wp\/v2\/posts"}],"about":[{"href":"https:\/\/tce.pb.gov.br\/portalprimeirainfancia\/wp-json\/wp\/v2\/types\/post"}],"author":[{"embeddable":true,"href":"https:\/\/tce.pb.gov.br\/portalprimeirainfancia\/wp-json\/wp\/v2\/users\/6"}],"replies":[{"embeddable":true,"href":"https:\/\/tce.pb.gov.br\/portalprimeirainfancia\/wp-json\/wp\/v2\/comments?post=29716"}],"version-history":[{"count":1,"href":"https:\/\/tce.pb.gov.br\/portalprimeirainfancia\/wp-json\/wp\/v2\/posts\/29716\/revisions"}],"predecessor-version":[{"id":29718,"href":"https:\/\/tce.pb.gov.br\/portalprimeirainfancia\/wp-json\/wp\/v2\/posts\/29716\/revisions\/29718"}],"wp:featuredmedia":[{"embeddable":true,"href":"https:\/\/tce.pb.gov.br\/portalprimeirainfancia\/wp-json\/wp\/v2\/media\/29717"}],"wp:attachment":[{"href":"https:\/\/tce.pb.gov.br\/portalprimeirainfancia\/wp-json\/wp\/v2\/media?parent=29716"}],"wp:term":[{"taxonomy":"category","embeddable":true,"href":"https:\/\/tce.pb.gov.br\/portalprimeirainfancia\/wp-json\/wp\/v2\/categories?post=29716"},{"taxonomy":"post_tag","embeddable":true,"href":"https:\/\/tce.pb.gov.br\/portalprimeirainfancia\/wp-json\/wp\/v2\/tags?post=29716"}],"curies":[{"name":"wp","href":"https:\/\/api.w.org\/{rel}","templated":true}]}}