{"id":29712,"date":"2025-09-09T17:00:00","date_gmt":"2025-09-09T20:00:00","guid":{"rendered":"https:\/\/tce.pb.gov.br\/portalprimeirainfancia\/?p=29712"},"modified":"2025-09-10T10:20:28","modified_gmt":"2025-09-10T13:20:28","slug":"tce-pb-discute-parcerias-com-parque-tecnologico-da-uepb-para-fortalecer-acoes-voltadas-a-primeira-infancia","status":"publish","type":"post","link":"https:\/\/tce.pb.gov.br\/portalprimeirainfancia\/tce-pb-discute-parcerias-com-parque-tecnologico-da-uepb-para-fortalecer-acoes-voltadas-a-primeira-infancia\/","title":{"rendered":"TCE-PB discute parcerias com Parque Tecnol\u00f3gico da UEPB para fortalecer a\u00e7\u00f5es voltadas \u00e0 Primeira Inf\u00e2ncia"},"content":{"rendered":"\n<figure class=\"wp-block-image aligncenter size-full\"><img fetchpriority=\"high\" decoding=\"async\" width=\"1024\" height=\"768\" src=\"https:\/\/tce.pb.gov.br\/portalprimeirainfancia\/wp-content\/uploads\/2025\/09\/image-1.png\" alt=\"\" class=\"wp-image-29713\" srcset=\"https:\/\/tce.pb.gov.br\/portalprimeirainfancia\/wp-content\/uploads\/2025\/09\/image-1.png 1024w, https:\/\/tce.pb.gov.br\/portalprimeirainfancia\/wp-content\/uploads\/2025\/09\/image-1-300x225.png 300w, https:\/\/tce.pb.gov.br\/portalprimeirainfancia\/wp-content\/uploads\/2025\/09\/image-1-768x576.png 768w\" sizes=\"(max-width: 1024px) 100vw, 1024px\" \/><\/figure>\n\n\n\n<p>Os auditores de controle externo do Tribunal de Contas do Estado da Para\u00edba (TCE-PB), Andr\u00e9 Agra e Leonardo Silveira, juntamente com a professora Adelaide Alves Dias, participaram na manh\u00e3 desta ter\u00e7a-feira (09), em Campina Grande, de uma reuni\u00e3o no pr\u00e9dio do Labmulti, na pr\u00f3-reitoria de p\u00f3s gradua\u00e7\u00e3o e pesquisa da da Universidade Estadual da Para\u00edba (UEPB). O encontro foi realizado por designa\u00e7\u00e3o do presidente do TCE-PB, conselheiro F\u00e1bio Nogueira, e contou com a presen\u00e7a da Pr\u00f3-Reitora de P\u00f3s-Gradua\u00e7\u00e3o e Pesquisa da UEPB, professora N\u00e1dja Maria da Silva Oliveira.<\/p>\n\n\n\n<p>A reuni\u00e3o teve como pauta a integra\u00e7\u00e3o do Parque Tecnol\u00f3gico da UEPB \u00e0s a\u00e7\u00f5es do&nbsp;Pacto Paraibano pela Primeira Inf\u00e2ncia, iniciativa criada na atual gest\u00e3o do TCE-PB. Entre os temas discutidos estiveram a cria\u00e7\u00e3o de um&nbsp;Laborat\u00f3rio de Pol\u00edticas P\u00fablicas, em parceria com o PaqtcPB e a Secretaria de Estado da Ci\u00eancia, Tecnologia, Inova\u00e7\u00e3o e Ensino Superior (Secties), com foco na forma\u00e7\u00e3o de um observat\u00f3rio voltado \u00e0 inf\u00e2ncia.<\/p>\n\n\n\n<p>Outro ponto abordado foi o&nbsp;letramento digital&nbsp;para operadores de servi\u00e7os essenciais ligados \u00e0 prote\u00e7\u00e3o da primeira inf\u00e2ncia, como conselheiros tutelares, agentes comunit\u00e1rios de sa\u00fade e profissionais que atuam na rede de cidadania. A proposta visa oferecer capacita\u00e7\u00e3o tecnol\u00f3gica para ampliar o acesso e a qualidade dos servi\u00e7os destinados \u00e0s crian\u00e7as e suas fam\u00edlias.<\/p>\n\n\n\n<p>Tamb\u00e9m entrou em debate a possibilidade de implanta\u00e7\u00e3o de uma&nbsp;Resid\u00eancia Multiprofissional em Primeira Inf\u00e2ncia&nbsp;pela UEPB, fortalecendo a forma\u00e7\u00e3o de especialistas e ampliando a integra\u00e7\u00e3o entre academia, gest\u00e3o p\u00fablica e pol\u00edticas sociais.<\/p>\n\n\n\n<p>Para o presidente F\u00e1bio Nogueira, com a reuni\u00e3o, o TCE-PB refor\u00e7a o compromisso de ampliar parcerias institucionais para potencializar as a\u00e7\u00f5es do Pacto Paraibano pela Primeira Inf\u00e2ncia, unindo esfor\u00e7os em favor da promo\u00e7\u00e3o dos direitos e do desenvolvimento integral das crian\u00e7as paraibanas.<\/p>\n","protected":false},"excerpt":{"rendered":"<p>Os auditores de controle externo do Tribunal de Contas do Estado da Para\u00edba (TCE-PB), Andr\u00e9 Agra e Leonardo Silveira, juntamente [&hellip;]<\/p>\n","protected":false},"author":6,"featured_media":29713,"comment_status":"closed","ping_status":"closed","sticky":false,"template":"","format":"standard","meta":{"site-sidebar-layout":"default","site-content-layout":"","ast-site-content-layout":"","site-content-style":"default","site-sidebar-style":"default","ast-global-header-display":"","ast-banner-title-visibility":"","ast-main-header-display":"","ast-hfb-above-header-display":"","ast-hfb-below-header-display":"","ast-hfb-mobile-header-display":"","site-post-title":"","ast-breadcrumbs-content":"","ast-featured-img":"","footer-sml-layout":"","theme-transparent-header-meta":"","adv-header-id-meta":"","stick-header-meta":"","header-above-stick-meta":"","header-main-stick-meta":"","header-below-stick-meta":"","astra-migrate-meta-layouts":"default","ast-page-background-enabled":"default","ast-page-background-meta":{"desktop":{"background-color":"var(--ast-global-color-5)","background-image":"","background-repeat":"repeat","background-position":"center center","background-size":"auto","background-attachment":"scroll","background-type":"","background-media":"","overlay-type":"","overlay-color":"","overlay-opacity":"","overlay-gradient":""},"tablet":{"background-color":"","background-image":"","background-repeat":"repeat","background-position":"center center","background-size":"auto","background-attachment":"scroll","background-type":"","background-media":"","overlay-type":"","overlay-color":"","overlay-opacity":"","overlay-gradient":""},"mobile":{"background-color":"","background-image":"","background-repeat":"repeat","background-position":"center center","background-size":"auto","background-attachment":"scroll","background-type":"","background-media":"","overlay-type":"","overlay-color":"","overlay-opacity":"","overlay-gradient":""}},"ast-content-background-meta":{"desktop":{"background-color":"var(--ast-global-color-4)","background-image":"","background-repeat":"repeat","background-position":"center center","background-size":"auto","background-attachment":"scroll","background-type":"","background-media":"","overlay-type":"","overlay-color":"","overlay-opacity":"","overlay-gradient":""},"tablet":{"background-color":"var(--ast-global-color-4)","background-image":"","background-repeat":"repeat","background-position":"center center","background-size":"auto","background-attachment":"scroll","background-type":"","background-media":"","overlay-type":"","overlay-color":"","overlay-opacity":"","overlay-gradient":""},"mobile":{"background-color":"var(--ast-global-color-4)","background-image":"","background-repeat":"repeat","background-position":"center center","background-size":"auto","background-attachment":"scroll","background-type":"","background-media":"","overlay-type":"","overlay-color":"","overlay-opacity":"","overlay-gradient":""}},"_jetpack_memberships_contains_paid_content":false,"footnotes":""},"categories":[7],"tags":[27,25,31,26,42],"class_list":["post-29712","post","type-post","status-publish","format-standard","has-post-thumbnail","hentry","category-noticias","tag-pacto-pela-primeira-infancia","tag-primeira-infancia","tag-tce","tag-tce-pb","tag-uepb"],"yoast_head":"<!-- This site is optimized with the Yoast SEO plugin v27.5 - https:\/\/yoast.com\/product\/yoast-seo-wordpress\/ -->\n<title>TCE-PB discute parcerias com Parque Tecnol\u00f3gico da UEPB para fortalecer a\u00e7\u00f5es voltadas \u00e0 Primeira Inf\u00e2ncia %<\/title>\n<meta name=\"description\" content=\"TCE-PB discute parcerias com Parque Tecnol\u00f3gico da UEPB para fortalecer a\u00e7\u00f5es voltadas \u00e0 Primeira Inf\u00e2ncia %\" \/>\n<meta name=\"robots\" content=\"index, follow, max-snippet:-1, max-image-preview:large, max-video-preview:-1\" \/>\n<link rel=\"canonical\" href=\"https:\/\/tce.pb.gov.br\/portalprimeirainfancia\/tce-pb-discute-parcerias-com-parque-tecnologico-da-uepb-para-fortalecer-acoes-voltadas-a-primeira-infancia\/\" \/>\n<meta property=\"og:locale\" content=\"pt_BR\" \/>\n<meta property=\"og:type\" content=\"article\" \/>\n<meta property=\"og:title\" content=\"TCE-PB discute parcerias com Parque Tecnol\u00f3gico da UEPB para fortalecer a\u00e7\u00f5es voltadas \u00e0 Primeira Inf\u00e2ncia %\" \/>\n<meta property=\"og:description\" content=\"TCE-PB discute parcerias com Parque Tecnol\u00f3gico da UEPB para fortalecer a\u00e7\u00f5es voltadas \u00e0 Primeira Inf\u00e2ncia %\" \/>\n<meta property=\"og:url\" content=\"https:\/\/tce.pb.gov.br\/portalprimeirainfancia\/tce-pb-discute-parcerias-com-parque-tecnologico-da-uepb-para-fortalecer-acoes-voltadas-a-primeira-infancia\/\" \/>\n<meta property=\"og:site_name\" content=\"Pacto Paraibano pela Primeira Inf\u00e2ncia\" \/>\n<meta property=\"article:published_time\" content=\"2025-09-09T20:00:00+00:00\" \/>\n<meta property=\"article:modified_time\" content=\"2025-09-10T13:20:28+00:00\" \/>\n<meta property=\"og:image\" content=\"https:\/\/tce.pb.gov.br\/portalprimeirainfancia\/wp-content\/uploads\/2025\/09\/image-1.png\" \/>\n\t<meta property=\"og:image:width\" content=\"1024\" \/>\n\t<meta property=\"og:image:height\" content=\"768\" \/>\n\t<meta property=\"og:image:type\" content=\"image\/png\" \/>\n<meta name=\"author\" content=\"Rafael Massoni\" \/>\n<meta name=\"twitter:card\" content=\"summary_large_image\" \/>\n<meta name=\"twitter:label1\" content=\"Escrito por\" \/>\n\t<meta name=\"twitter:data1\" content=\"Rafael Massoni\" \/>\n\t<meta name=\"twitter:label2\" content=\"Est. tempo de leitura\" \/>\n\t<meta name=\"twitter:data2\" content=\"2 minutos\" \/>\n<script type=\"application\/ld+json\" class=\"yoast-schema-graph\">{\"@context\":\"https:\\\/\\\/schema.org\",\"@graph\":[{\"@type\":\"NewsArticle\",\"@id\":\"https:\\\/\\\/tce.pb.gov.br\\\/portalprimeirainfancia\\\/tce-pb-discute-parcerias-com-parque-tecnologico-da-uepb-para-fortalecer-acoes-voltadas-a-primeira-infancia\\\/#article\",\"isPartOf\":{\"@id\":\"https:\\\/\\\/tce.pb.gov.br\\\/portalprimeirainfancia\\\/tce-pb-discute-parcerias-com-parque-tecnologico-da-uepb-para-fortalecer-acoes-voltadas-a-primeira-infancia\\\/\"},\"author\":{\"name\":\"Rafael Massoni\",\"@id\":\"https:\\\/\\\/tce.pb.gov.br\\\/portalprimeirainfancia\\\/#\\\/schema\\\/person\\\/6a39eea5836dda604de1c5e5b7d62141\"},\"headline\":\"TCE-PB discute parcerias com Parque Tecnol\u00f3gico da UEPB para fortalecer a\u00e7\u00f5es voltadas \u00e0 Primeira Inf\u00e2ncia\",\"datePublished\":\"2025-09-09T20:00:00+00:00\",\"dateModified\":\"2025-09-10T13:20:28+00:00\",\"mainEntityOfPage\":{\"@id\":\"https:\\\/\\\/tce.pb.gov.br\\\/portalprimeirainfancia\\\/tce-pb-discute-parcerias-com-parque-tecnologico-da-uepb-para-fortalecer-acoes-voltadas-a-primeira-infancia\\\/\"},\"wordCount\":362,\"publisher\":{\"@id\":\"https:\\\/\\\/tce.pb.gov.br\\\/portalprimeirainfancia\\\/#organization\"},\"image\":{\"@id\":\"https:\\\/\\\/tce.pb.gov.br\\\/portalprimeirainfancia\\\/tce-pb-discute-parcerias-com-parque-tecnologico-da-uepb-para-fortalecer-acoes-voltadas-a-primeira-infancia\\\/#primaryimage\"},\"thumbnailUrl\":\"https:\\\/\\\/tce.pb.gov.br\\\/portalprimeirainfancia\\\/wp-content\\\/uploads\\\/2025\\\/09\\\/image-1.png\",\"keywords\":[\"pacto pela primeira infancia\",\"primeira infancia\",\"tce\",\"tce-pb\",\"uepb\"],\"articleSection\":[\"Not\u00edcias\"],\"inLanguage\":\"pt-BR\"},{\"@type\":\"WebPage\",\"@id\":\"https:\\\/\\\/tce.pb.gov.br\\\/portalprimeirainfancia\\\/tce-pb-discute-parcerias-com-parque-tecnologico-da-uepb-para-fortalecer-acoes-voltadas-a-primeira-infancia\\\/\",\"url\":\"https:\\\/\\\/tce.pb.gov.br\\\/portalprimeirainfancia\\\/tce-pb-discute-parcerias-com-parque-tecnologico-da-uepb-para-fortalecer-acoes-voltadas-a-primeira-infancia\\\/\",\"name\":\"TCE-PB discute parcerias com Parque Tecnol\u00f3gico da UEPB para fortalecer a\u00e7\u00f5es voltadas \u00e0 Primeira Inf\u00e2ncia %\",\"isPartOf\":{\"@id\":\"https:\\\/\\\/tce.pb.gov.br\\\/portalprimeirainfancia\\\/#website\"},\"primaryImageOfPage\":{\"@id\":\"https:\\\/\\\/tce.pb.gov.br\\\/portalprimeirainfancia\\\/tce-pb-discute-parcerias-com-parque-tecnologico-da-uepb-para-fortalecer-acoes-voltadas-a-primeira-infancia\\\/#primaryimage\"},\"image\":{\"@id\":\"https:\\\/\\\/tce.pb.gov.br\\\/portalprimeirainfancia\\\/tce-pb-discute-parcerias-com-parque-tecnologico-da-uepb-para-fortalecer-acoes-voltadas-a-primeira-infancia\\\/#primaryimage\"},\"thumbnailUrl\":\"https:\\\/\\\/tce.pb.gov.br\\\/portalprimeirainfancia\\\/wp-content\\\/uploads\\\/2025\\\/09\\\/image-1.png\",\"datePublished\":\"2025-09-09T20:00:00+00:00\",\"dateModified\":\"2025-09-10T13:20:28+00:00\",\"description\":\"TCE-PB discute parcerias com Parque Tecnol\u00f3gico da UEPB para fortalecer a\u00e7\u00f5es voltadas \u00e0 Primeira Inf\u00e2ncia %\",\"breadcrumb\":{\"@id\":\"https:\\\/\\\/tce.pb.gov.br\\\/portalprimeirainfancia\\\/tce-pb-discute-parcerias-com-parque-tecnologico-da-uepb-para-fortalecer-acoes-voltadas-a-primeira-infancia\\\/#breadcrumb\"},\"inLanguage\":\"pt-BR\",\"potentialAction\":[{\"@type\":\"ReadAction\",\"target\":[\"https:\\\/\\\/tce.pb.gov.br\\\/portalprimeirainfancia\\\/tce-pb-discute-parcerias-com-parque-tecnologico-da-uepb-para-fortalecer-acoes-voltadas-a-primeira-infancia\\\/\"]}]},{\"@type\":\"ImageObject\",\"inLanguage\":\"pt-BR\",\"@id\":\"https:\\\/\\\/tce.pb.gov.br\\\/portalprimeirainfancia\\\/tce-pb-discute-parcerias-com-parque-tecnologico-da-uepb-para-fortalecer-acoes-voltadas-a-primeira-infancia\\\/#primaryimage\",\"url\":\"https:\\\/\\\/tce.pb.gov.br\\\/portalprimeirainfancia\\\/wp-content\\\/uploads\\\/2025\\\/09\\\/image-1.png\",\"contentUrl\":\"https:\\\/\\\/tce.pb.gov.br\\\/portalprimeirainfancia\\\/wp-content\\\/uploads\\\/2025\\\/09\\\/image-1.png\",\"width\":1024,\"height\":768},{\"@type\":\"BreadcrumbList\",\"@id\":\"https:\\\/\\\/tce.pb.gov.br\\\/portalprimeirainfancia\\\/tce-pb-discute-parcerias-com-parque-tecnologico-da-uepb-para-fortalecer-acoes-voltadas-a-primeira-infancia\\\/#breadcrumb\",\"itemListElement\":[{\"@type\":\"ListItem\",\"position\":1,\"name\":\"In\u00edcio\",\"item\":\"https:\\\/\\\/tce.pb.gov.br\\\/portalprimeirainfancia\\\/\"},{\"@type\":\"ListItem\",\"position\":2,\"name\":\"TCE-PB discute parcerias com Parque Tecnol\u00f3gico da UEPB para fortalecer a\u00e7\u00f5es voltadas \u00e0 Primeira Inf\u00e2ncia\"}]},{\"@type\":\"WebSite\",\"@id\":\"https:\\\/\\\/tce.pb.gov.br\\\/portalprimeirainfancia\\\/#website\",\"url\":\"https:\\\/\\\/tce.pb.gov.br\\\/portalprimeirainfancia\\\/\",\"name\":\"Pacto Paraibano pela Primeira Inf\u00e2ncia\",\"description\":\"Portal para divulga\u00e7\u00e3o do Pacto Paraibano pela Primeira Inf\u00e2ncia\",\"publisher\":{\"@id\":\"https:\\\/\\\/tce.pb.gov.br\\\/portalprimeirainfancia\\\/#organization\"},\"potentialAction\":[{\"@type\":\"SearchAction\",\"target\":{\"@type\":\"EntryPoint\",\"urlTemplate\":\"https:\\\/\\\/tce.pb.gov.br\\\/portalprimeirainfancia\\\/?s={search_term_string}\"},\"query-input\":{\"@type\":\"PropertyValueSpecification\",\"valueRequired\":true,\"valueName\":\"search_term_string\"}}],\"inLanguage\":\"pt-BR\"},{\"@type\":\"Organization\",\"@id\":\"https:\\\/\\\/tce.pb.gov.br\\\/portalprimeirainfancia\\\/#organization\",\"name\":\"Pacto Paraibano pela Primeira Inf\u00e2ncia\",\"alternateName\":\"TCE-PB\",\"url\":\"https:\\\/\\\/tce.pb.gov.br\\\/portalprimeirainfancia\\\/\",\"logo\":{\"@type\":\"ImageObject\",\"inLanguage\":\"pt-BR\",\"@id\":\"https:\\\/\\\/tce.pb.gov.br\\\/portalprimeirainfancia\\\/#\\\/schema\\\/logo\\\/image\\\/\",\"url\":\"https:\\\/\\\/tce.pb.gov.br\\\/portalprimeirainfancia\\\/wp-content\\\/uploads\\\/2025\\\/05\\\/Pacto-Whatsapp.png\",\"contentUrl\":\"https:\\\/\\\/tce.pb.gov.br\\\/portalprimeirainfancia\\\/wp-content\\\/uploads\\\/2025\\\/05\\\/Pacto-Whatsapp.png\",\"width\":427,\"height\":427,\"caption\":\"Pacto Paraibano pela Primeira Inf\u00e2ncia\"},\"image\":{\"@id\":\"https:\\\/\\\/tce.pb.gov.br\\\/portalprimeirainfancia\\\/#\\\/schema\\\/logo\\\/image\\\/\"},\"sameAs\":[\"https:\\\/\\\/www.instagram.com\\\/tcepb\\\/\"]},{\"@type\":\"Person\",\"@id\":\"https:\\\/\\\/tce.pb.gov.br\\\/portalprimeirainfancia\\\/#\\\/schema\\\/person\\\/6a39eea5836dda604de1c5e5b7d62141\",\"name\":\"Rafael Massoni\"}]}<\/script>\n<!-- \/ Yoast SEO plugin. -->","yoast_head_json":{"title":"TCE-PB discute parcerias com Parque Tecnol\u00f3gico da UEPB para fortalecer a\u00e7\u00f5es voltadas \u00e0 Primeira Inf\u00e2ncia %","description":"TCE-PB discute parcerias com Parque Tecnol\u00f3gico da UEPB para fortalecer a\u00e7\u00f5es voltadas \u00e0 Primeira Inf\u00e2ncia %","robots":{"index":"index","follow":"follow","max-snippet":"max-snippet:-1","max-image-preview":"max-image-preview:large","max-video-preview":"max-video-preview:-1"},"canonical":"https:\/\/tce.pb.gov.br\/portalprimeirainfancia\/tce-pb-discute-parcerias-com-parque-tecnologico-da-uepb-para-fortalecer-acoes-voltadas-a-primeira-infancia\/","og_locale":"pt_BR","og_type":"article","og_title":"TCE-PB discute parcerias com Parque Tecnol\u00f3gico da UEPB para fortalecer a\u00e7\u00f5es voltadas \u00e0 Primeira Inf\u00e2ncia %","og_description":"TCE-PB discute parcerias com Parque Tecnol\u00f3gico da UEPB para fortalecer a\u00e7\u00f5es voltadas \u00e0 Primeira Inf\u00e2ncia %","og_url":"https:\/\/tce.pb.gov.br\/portalprimeirainfancia\/tce-pb-discute-parcerias-com-parque-tecnologico-da-uepb-para-fortalecer-acoes-voltadas-a-primeira-infancia\/","og_site_name":"Pacto Paraibano pela Primeira Inf\u00e2ncia","article_published_time":"2025-09-09T20:00:00+00:00","article_modified_time":"2025-09-10T13:20:28+00:00","og_image":[{"width":1024,"height":768,"url":"https:\/\/tce.pb.gov.br\/portalprimeirainfancia\/wp-content\/uploads\/2025\/09\/image-1.png","type":"image\/png"}],"author":"Rafael Massoni","twitter_card":"summary_large_image","twitter_misc":{"Escrito por":"Rafael Massoni","Est. tempo de leitura":"2 minutos"},"schema":{"@context":"https:\/\/schema.org","@graph":[{"@type":"NewsArticle","@id":"https:\/\/tce.pb.gov.br\/portalprimeirainfancia\/tce-pb-discute-parcerias-com-parque-tecnologico-da-uepb-para-fortalecer-acoes-voltadas-a-primeira-infancia\/#article","isPartOf":{"@id":"https:\/\/tce.pb.gov.br\/portalprimeirainfancia\/tce-pb-discute-parcerias-com-parque-tecnologico-da-uepb-para-fortalecer-acoes-voltadas-a-primeira-infancia\/"},"author":{"name":"Rafael Massoni","@id":"https:\/\/tce.pb.gov.br\/portalprimeirainfancia\/#\/schema\/person\/6a39eea5836dda604de1c5e5b7d62141"},"headline":"TCE-PB discute parcerias com Parque Tecnol\u00f3gico da UEPB para fortalecer a\u00e7\u00f5es voltadas \u00e0 Primeira Inf\u00e2ncia","datePublished":"2025-09-09T20:00:00+00:00","dateModified":"2025-09-10T13:20:28+00:00","mainEntityOfPage":{"@id":"https:\/\/tce.pb.gov.br\/portalprimeirainfancia\/tce-pb-discute-parcerias-com-parque-tecnologico-da-uepb-para-fortalecer-acoes-voltadas-a-primeira-infancia\/"},"wordCount":362,"publisher":{"@id":"https:\/\/tce.pb.gov.br\/portalprimeirainfancia\/#organization"},"image":{"@id":"https:\/\/tce.pb.gov.br\/portalprimeirainfancia\/tce-pb-discute-parcerias-com-parque-tecnologico-da-uepb-para-fortalecer-acoes-voltadas-a-primeira-infancia\/#primaryimage"},"thumbnailUrl":"https:\/\/tce.pb.gov.br\/portalprimeirainfancia\/wp-content\/uploads\/2025\/09\/image-1.png","keywords":["pacto pela primeira infancia","primeira infancia","tce","tce-pb","uepb"],"articleSection":["Not\u00edcias"],"inLanguage":"pt-BR"},{"@type":"WebPage","@id":"https:\/\/tce.pb.gov.br\/portalprimeirainfancia\/tce-pb-discute-parcerias-com-parque-tecnologico-da-uepb-para-fortalecer-acoes-voltadas-a-primeira-infancia\/","url":"https:\/\/tce.pb.gov.br\/portalprimeirainfancia\/tce-pb-discute-parcerias-com-parque-tecnologico-da-uepb-para-fortalecer-acoes-voltadas-a-primeira-infancia\/","name":"TCE-PB discute parcerias com Parque Tecnol\u00f3gico da UEPB para fortalecer a\u00e7\u00f5es voltadas \u00e0 Primeira Inf\u00e2ncia %","isPartOf":{"@id":"https:\/\/tce.pb.gov.br\/portalprimeirainfancia\/#website"},"primaryImageOfPage":{"@id":"https:\/\/tce.pb.gov.br\/portalprimeirainfancia\/tce-pb-discute-parcerias-com-parque-tecnologico-da-uepb-para-fortalecer-acoes-voltadas-a-primeira-infancia\/#primaryimage"},"image":{"@id":"https:\/\/tce.pb.gov.br\/portalprimeirainfancia\/tce-pb-discute-parcerias-com-parque-tecnologico-da-uepb-para-fortalecer-acoes-voltadas-a-primeira-infancia\/#primaryimage"},"thumbnailUrl":"https:\/\/tce.pb.gov.br\/portalprimeirainfancia\/wp-content\/uploads\/2025\/09\/image-1.png","datePublished":"2025-09-09T20:00:00+00:00","dateModified":"2025-09-10T13:20:28+00:00","description":"TCE-PB discute parcerias com Parque Tecnol\u00f3gico da UEPB para fortalecer a\u00e7\u00f5es voltadas \u00e0 Primeira Inf\u00e2ncia %","breadcrumb":{"@id":"https:\/\/tce.pb.gov.br\/portalprimeirainfancia\/tce-pb-discute-parcerias-com-parque-tecnologico-da-uepb-para-fortalecer-acoes-voltadas-a-primeira-infancia\/#breadcrumb"},"inLanguage":"pt-BR","potentialAction":[{"@type":"ReadAction","target":["https:\/\/tce.pb.gov.br\/portalprimeirainfancia\/tce-pb-discute-parcerias-com-parque-tecnologico-da-uepb-para-fortalecer-acoes-voltadas-a-primeira-infancia\/"]}]},{"@type":"ImageObject","inLanguage":"pt-BR","@id":"https:\/\/tce.pb.gov.br\/portalprimeirainfancia\/tce-pb-discute-parcerias-com-parque-tecnologico-da-uepb-para-fortalecer-acoes-voltadas-a-primeira-infancia\/#primaryimage","url":"https:\/\/tce.pb.gov.br\/portalprimeirainfancia\/wp-content\/uploads\/2025\/09\/image-1.png","contentUrl":"https:\/\/tce.pb.gov.br\/portalprimeirainfancia\/wp-content\/uploads\/2025\/09\/image-1.png","width":1024,"height":768},{"@type":"BreadcrumbList","@id":"https:\/\/tce.pb.gov.br\/portalprimeirainfancia\/tce-pb-discute-parcerias-com-parque-tecnologico-da-uepb-para-fortalecer-acoes-voltadas-a-primeira-infancia\/#breadcrumb","itemListElement":[{"@type":"ListItem","position":1,"name":"In\u00edcio","item":"https:\/\/tce.pb.gov.br\/portalprimeirainfancia\/"},{"@type":"ListItem","position":2,"name":"TCE-PB discute parcerias com Parque Tecnol\u00f3gico da UEPB para fortalecer a\u00e7\u00f5es voltadas \u00e0 Primeira Inf\u00e2ncia"}]},{"@type":"WebSite","@id":"https:\/\/tce.pb.gov.br\/portalprimeirainfancia\/#website","url":"https:\/\/tce.pb.gov.br\/portalprimeirainfancia\/","name":"Pacto Paraibano pela Primeira Inf\u00e2ncia","description":"Portal para divulga\u00e7\u00e3o do Pacto Paraibano pela Primeira Inf\u00e2ncia","publisher":{"@id":"https:\/\/tce.pb.gov.br\/portalprimeirainfancia\/#organization"},"potentialAction":[{"@type":"SearchAction","target":{"@type":"EntryPoint","urlTemplate":"https:\/\/tce.pb.gov.br\/portalprimeirainfancia\/?s={search_term_string}"},"query-input":{"@type":"PropertyValueSpecification","valueRequired":true,"valueName":"search_term_string"}}],"inLanguage":"pt-BR"},{"@type":"Organization","@id":"https:\/\/tce.pb.gov.br\/portalprimeirainfancia\/#organization","name":"Pacto Paraibano pela Primeira Inf\u00e2ncia","alternateName":"TCE-PB","url":"https:\/\/tce.pb.gov.br\/portalprimeirainfancia\/","logo":{"@type":"ImageObject","inLanguage":"pt-BR","@id":"https:\/\/tce.pb.gov.br\/portalprimeirainfancia\/#\/schema\/logo\/image\/","url":"https:\/\/tce.pb.gov.br\/portalprimeirainfancia\/wp-content\/uploads\/2025\/05\/Pacto-Whatsapp.png","contentUrl":"https:\/\/tce.pb.gov.br\/portalprimeirainfancia\/wp-content\/uploads\/2025\/05\/Pacto-Whatsapp.png","width":427,"height":427,"caption":"Pacto Paraibano pela Primeira Inf\u00e2ncia"},"image":{"@id":"https:\/\/tce.pb.gov.br\/portalprimeirainfancia\/#\/schema\/logo\/image\/"},"sameAs":["https:\/\/www.instagram.com\/tcepb\/"]},{"@type":"Person","@id":"https:\/\/tce.pb.gov.br\/portalprimeirainfancia\/#\/schema\/person\/6a39eea5836dda604de1c5e5b7d62141","name":"Rafael Massoni"}]}},"jetpack_featured_media_url":"https:\/\/tce.pb.gov.br\/portalprimeirainfancia\/wp-content\/uploads\/2025\/09\/image-1.png","jetpack_sharing_enabled":true,"_links":{"self":[{"href":"https:\/\/tce.pb.gov.br\/portalprimeirainfancia\/wp-json\/wp\/v2\/posts\/29712","targetHints":{"allow":["GET"]}}],"collection":[{"href":"https:\/\/tce.pb.gov.br\/portalprimeirainfancia\/wp-json\/wp\/v2\/posts"}],"about":[{"href":"https:\/\/tce.pb.gov.br\/portalprimeirainfancia\/wp-json\/wp\/v2\/types\/post"}],"author":[{"embeddable":true,"href":"https:\/\/tce.pb.gov.br\/portalprimeirainfancia\/wp-json\/wp\/v2\/users\/6"}],"replies":[{"embeddable":true,"href":"https:\/\/tce.pb.gov.br\/portalprimeirainfancia\/wp-json\/wp\/v2\/comments?post=29712"}],"version-history":[{"count":2,"href":"https:\/\/tce.pb.gov.br\/portalprimeirainfancia\/wp-json\/wp\/v2\/posts\/29712\/revisions"}],"predecessor-version":[{"id":29715,"href":"https:\/\/tce.pb.gov.br\/portalprimeirainfancia\/wp-json\/wp\/v2\/posts\/29712\/revisions\/29715"}],"wp:featuredmedia":[{"embeddable":true,"href":"https:\/\/tce.pb.gov.br\/portalprimeirainfancia\/wp-json\/wp\/v2\/media\/29713"}],"wp:attachment":[{"href":"https:\/\/tce.pb.gov.br\/portalprimeirainfancia\/wp-json\/wp\/v2\/media?parent=29712"}],"wp:term":[{"taxonomy":"category","embeddable":true,"href":"https:\/\/tce.pb.gov.br\/portalprimeirainfancia\/wp-json\/wp\/v2\/categories?post=29712"},{"taxonomy":"post_tag","embeddable":true,"href":"https:\/\/tce.pb.gov.br\/portalprimeirainfancia\/wp-json\/wp\/v2\/tags?post=29712"}],"curies":[{"name":"wp","href":"https:\/\/api.w.org\/{rel}","templated":true}]}}