{"id":29699,"date":"2025-08-29T13:15:22","date_gmt":"2025-08-29T16:15:22","guid":{"rendered":"https:\/\/tce.pb.gov.br\/portalprimeirainfancia\/?p=29699"},"modified":"2025-08-29T13:15:24","modified_gmt":"2025-08-29T16:15:24","slug":"conselheira-do-tce-pb-apresenta-resultados-do-pacto-paraibano-pela-primeira-infancia-em-debate-nacional","status":"publish","type":"post","link":"https:\/\/tce.pb.gov.br\/portalprimeirainfancia\/conselheira-do-tce-pb-apresenta-resultados-do-pacto-paraibano-pela-primeira-infancia-em-debate-nacional\/","title":{"rendered":"Conselheira do TCE-PB apresenta resultados do Pacto Paraibano pela Primeira Inf\u00e2ncia em debate nacional"},"content":{"rendered":"\n<figure class=\"wp-block-image aligncenter size-full\"><img fetchpriority=\"high\" decoding=\"async\" width=\"768\" height=\"512\" src=\"https:\/\/tce.pb.gov.br\/portalprimeirainfancia\/wp-content\/uploads\/2025\/08\/image-7.png\" alt=\"\" class=\"wp-image-29700\" srcset=\"https:\/\/tce.pb.gov.br\/portalprimeirainfancia\/wp-content\/uploads\/2025\/08\/image-7.png 768w, https:\/\/tce.pb.gov.br\/portalprimeirainfancia\/wp-content\/uploads\/2025\/08\/image-7-300x200.png 300w\" sizes=\"(max-width: 768px) 100vw, 768px\" \/><\/figure>\n\n\n\n<p>O Tribunal de Contas da Para\u00edba (TCE-PB) marcou presen\u00e7a no 2\u00ba Encontro Nacional da Primeira Inf\u00e2ncia (ENAPI), realizado em Belo Horizonte (MG), entre os dias 27 e 29 de agosto de 2025. O evento, que reuniu cerca de mil participantes por dia, consolidou-se como o maior espa\u00e7o de articula\u00e7\u00e3o entre gestores p\u00fablicos, especialistas e \u00f3rg\u00e3os de controle na defesa dos direitos das crian\u00e7as de zero a seis anos.<\/p>\n\n\n\n<p>Representando o presidente do TCE-PB, conselheiro F\u00e1bio Nogueira, a conselheira Alanna Camilla Santos Galdino Vieira participou da mesa tem\u00e1tica \u201cComo os Tribunais de Contas t\u00eam apoiado os munic\u00edpios na garantia dos direitos da Primeira Inf\u00e2ncia\u201d. Na ocasi\u00e3o, destacou as iniciativas desenvolvidas pela Corte de Contas paraibana, ressaltando o compromisso da institui\u00e7\u00e3o com a agenda da inf\u00e2ncia.<\/p>\n\n\n\n<figure class=\"wp-block-image aligncenter size-full\"><img decoding=\"async\" width=\"799\" height=\"533\" src=\"https:\/\/tce.pb.gov.br\/portalprimeirainfancia\/wp-content\/uploads\/2025\/08\/image-8.png\" alt=\"\" class=\"wp-image-29701\" srcset=\"https:\/\/tce.pb.gov.br\/portalprimeirainfancia\/wp-content\/uploads\/2025\/08\/image-8.png 799w, https:\/\/tce.pb.gov.br\/portalprimeirainfancia\/wp-content\/uploads\/2025\/08\/image-8-300x200.png 300w, https:\/\/tce.pb.gov.br\/portalprimeirainfancia\/wp-content\/uploads\/2025\/08\/image-8-768x512.png 768w\" sizes=\"(max-width: 799px) 100vw, 799px\" \/><\/figure>\n\n\n\n<p>Durante sua fala, Alanna Galdino evidenciou o trabalho da Comiss\u00e3o da Primeira Inf\u00e2ncia, presidida pelo conselheiro Andr\u00e9 Carlo Torres Pontes, e apresentou um balan\u00e7o dos seis primeiros meses do Pacto Paraibano pela Primeira Inf\u00e2ncia, lan\u00e7ado em abril deste ano. Entre as a\u00e7\u00f5es, mencionou os treinamentos e capacita\u00e7\u00f5es realizados em todas as regi\u00f5es do estado, com foco na inclus\u00e3o da primeira inf\u00e2ncia na Lei de Diretrizes Or\u00e7ament\u00e1rias (LDO), no Plano Plurianual (PPA) e na Lei Or\u00e7ament\u00e1ria Anual (LOA), envolvendo gestores municipais de todas as regi\u00f5es do estado.<\/p>\n\n\n\n<p>\u201cInvestir na Primeira Inf\u00e2ncia \u00e9 investir no futuro do pa\u00eds\u201d, afirmou a conselheira, ao enfatizar ainda a import\u00e2ncia das quatro auditorias realizadas pelo Tribunal sobre o tema: Auditoria Tem\u00e1tica da Primeira Inf\u00e2ncia, Auditoria Coordenada em Maternidades P\u00fablicas, Auditoria Coordenada na Educa\u00e7\u00e3o Infantil e Auditoria Operacional em Pol\u00edticas P\u00fablicas da Primeira Inf\u00e2ncia.<\/p>\n\n\n\n<p>Segundo ela, o TCE-PB tem atuado de forma interinstitucional, aproximando-se dos munic\u00edpios para oferecer suporte t\u00e9cnico, capacita\u00e7\u00e3o e acompanhamento na implementa\u00e7\u00e3o de pol\u00edticas p\u00fablicas voltadas \u00e0s crian\u00e7as.<\/p>\n\n\n\n<p>Al\u00e9m da conselheira Alanna, participaram da mesa o conselheiro substituto C\u00e9lio Lima (TCE-MS), a conselheira Cilene Salom\u00e3o (TCE-RR) e, na media\u00e7\u00e3o, a conselheira On\u00e9lia Santana (TCE-CE).<\/p>\n\n\n\n<figure class=\"wp-block-image aligncenter size-full\"><img decoding=\"async\" width=\"799\" height=\"533\" src=\"https:\/\/tce.pb.gov.br\/portalprimeirainfancia\/wp-content\/uploads\/2025\/08\/image-9.png\" alt=\"\" class=\"wp-image-29702\" srcset=\"https:\/\/tce.pb.gov.br\/portalprimeirainfancia\/wp-content\/uploads\/2025\/08\/image-9.png 799w, https:\/\/tce.pb.gov.br\/portalprimeirainfancia\/wp-content\/uploads\/2025\/08\/image-9-300x200.png 300w, https:\/\/tce.pb.gov.br\/portalprimeirainfancia\/wp-content\/uploads\/2025\/08\/image-9-768x512.png 768w\" sizes=\"(max-width: 799px) 100vw, 799px\" \/><\/figure>\n\n\n\n<p>O ENAPI 2025 \u00e9 uma realiza\u00e7\u00e3o do Tribunal de Contas de Minas Gerais (TCEMG) e do Instituto Rui Barbosa (IRB), com apoio das cortes de contas de todo o pa\u00eds e parceria da Associa\u00e7\u00e3o dos Membros dos Tribunais de Contas do Brasil (Atricon).<\/p>\n","protected":false},"excerpt":{"rendered":"<p>O Tribunal de Contas da Para\u00edba (TCE-PB) marcou presen\u00e7a no 2\u00ba Encontro Nacional da Primeira Inf\u00e2ncia (ENAPI), realizado em Belo [&hellip;]<\/p>\n","protected":false},"author":6,"featured_media":29700,"comment_status":"closed","ping_status":"closed","sticky":false,"template":"","format":"standard","meta":{"site-sidebar-layout":"default","site-content-layout":"","ast-site-content-layout":"","site-content-style":"default","site-sidebar-style":"default","ast-global-header-display":"","ast-banner-title-visibility":"","ast-main-header-display":"","ast-hfb-above-header-display":"","ast-hfb-below-header-display":"","ast-hfb-mobile-header-display":"","site-post-title":"","ast-breadcrumbs-content":"","ast-featured-img":"","footer-sml-layout":"","theme-transparent-header-meta":"","adv-header-id-meta":"","stick-header-meta":"","header-above-stick-meta":"","header-main-stick-meta":"","header-below-stick-meta":"","astra-migrate-meta-layouts":"default","ast-page-background-enabled":"default","ast-page-background-meta":{"desktop":{"background-color":"var(--ast-global-color-5)","background-image":"","background-repeat":"repeat","background-position":"center center","background-size":"auto","background-attachment":"scroll","background-type":"","background-media":"","overlay-type":"","overlay-color":"","overlay-opacity":"","overlay-gradient":""},"tablet":{"background-color":"","background-image":"","background-repeat":"repeat","background-position":"center center","background-size":"auto","background-attachment":"scroll","background-type":"","background-media":"","overlay-type":"","overlay-color":"","overlay-opacity":"","overlay-gradient":""},"mobile":{"background-color":"","background-image":"","background-repeat":"repeat","background-position":"center center","background-size":"auto","background-attachment":"scroll","background-type":"","background-media":"","overlay-type":"","overlay-color":"","overlay-opacity":"","overlay-gradient":""}},"ast-content-background-meta":{"desktop":{"background-color":"var(--ast-global-color-4)","background-image":"","background-repeat":"repeat","background-position":"center center","background-size":"auto","background-attachment":"scroll","background-type":"","background-media":"","overlay-type":"","overlay-color":"","overlay-opacity":"","overlay-gradient":""},"tablet":{"background-color":"var(--ast-global-color-4)","background-image":"","background-repeat":"repeat","background-position":"center center","background-size":"auto","background-attachment":"scroll","background-type":"","background-media":"","overlay-type":"","overlay-color":"","overlay-opacity":"","overlay-gradient":""},"mobile":{"background-color":"var(--ast-global-color-4)","background-image":"","background-repeat":"repeat","background-position":"center center","background-size":"auto","background-attachment":"scroll","background-type":"","background-media":"","overlay-type":"","overlay-color":"","overlay-opacity":"","overlay-gradient":""}},"_jetpack_memberships_contains_paid_content":false,"footnotes":""},"categories":[7],"tags":[],"class_list":["post-29699","post","type-post","status-publish","format-standard","has-post-thumbnail","hentry","category-noticias"],"yoast_head":"<!-- This site is optimized with the Yoast SEO plugin v27.5 - https:\/\/yoast.com\/product\/yoast-seo-wordpress\/ -->\n<title>Conselheira do TCE-PB apresenta resultados do Pacto Paraibano pela Primeira Inf\u00e2ncia em debate nacional %<\/title>\n<meta name=\"description\" content=\"Conselheira do TCE-PB apresenta resultados do Pacto Paraibano pela Primeira Inf\u00e2ncia em debate nacional %\" \/>\n<meta name=\"robots\" content=\"index, follow, max-snippet:-1, max-image-preview:large, max-video-preview:-1\" \/>\n<link rel=\"canonical\" href=\"https:\/\/tce.pb.gov.br\/portalprimeirainfancia\/conselheira-do-tce-pb-apresenta-resultados-do-pacto-paraibano-pela-primeira-infancia-em-debate-nacional\/\" \/>\n<meta property=\"og:locale\" content=\"pt_BR\" \/>\n<meta property=\"og:type\" content=\"article\" \/>\n<meta property=\"og:title\" content=\"Conselheira do TCE-PB apresenta resultados do Pacto Paraibano pela Primeira Inf\u00e2ncia em debate nacional %\" \/>\n<meta property=\"og:description\" content=\"Conselheira do TCE-PB apresenta resultados do Pacto Paraibano pela Primeira Inf\u00e2ncia em debate nacional %\" \/>\n<meta property=\"og:url\" content=\"https:\/\/tce.pb.gov.br\/portalprimeirainfancia\/conselheira-do-tce-pb-apresenta-resultados-do-pacto-paraibano-pela-primeira-infancia-em-debate-nacional\/\" \/>\n<meta property=\"og:site_name\" content=\"Pacto Paraibano pela Primeira Inf\u00e2ncia\" \/>\n<meta property=\"article:published_time\" content=\"2025-08-29T16:15:22+00:00\" \/>\n<meta property=\"article:modified_time\" content=\"2025-08-29T16:15:24+00:00\" \/>\n<meta property=\"og:image\" content=\"https:\/\/tce.pb.gov.br\/portalprimeirainfancia\/wp-content\/uploads\/2025\/08\/image-7.png\" \/>\n\t<meta property=\"og:image:width\" content=\"768\" \/>\n\t<meta property=\"og:image:height\" content=\"512\" \/>\n\t<meta property=\"og:image:type\" content=\"image\/png\" \/>\n<meta name=\"author\" content=\"Rafael Massoni\" \/>\n<meta name=\"twitter:card\" content=\"summary_large_image\" \/>\n<meta name=\"twitter:label1\" content=\"Escrito por\" \/>\n\t<meta name=\"twitter:data1\" content=\"Rafael Massoni\" \/>\n\t<meta name=\"twitter:label2\" content=\"Est. tempo de leitura\" \/>\n\t<meta name=\"twitter:data2\" content=\"3 minutos\" \/>\n<script type=\"application\/ld+json\" class=\"yoast-schema-graph\">{\"@context\":\"https:\\\/\\\/schema.org\",\"@graph\":[{\"@type\":\"NewsArticle\",\"@id\":\"https:\\\/\\\/tce.pb.gov.br\\\/portalprimeirainfancia\\\/conselheira-do-tce-pb-apresenta-resultados-do-pacto-paraibano-pela-primeira-infancia-em-debate-nacional\\\/#article\",\"isPartOf\":{\"@id\":\"https:\\\/\\\/tce.pb.gov.br\\\/portalprimeirainfancia\\\/conselheira-do-tce-pb-apresenta-resultados-do-pacto-paraibano-pela-primeira-infancia-em-debate-nacional\\\/\"},\"author\":{\"name\":\"Rafael Massoni\",\"@id\":\"https:\\\/\\\/tce.pb.gov.br\\\/portalprimeirainfancia\\\/#\\\/schema\\\/person\\\/6a39eea5836dda604de1c5e5b7d62141\"},\"headline\":\"Conselheira do TCE-PB apresenta resultados do Pacto Paraibano pela Primeira Inf\u00e2ncia em debate nacional\",\"datePublished\":\"2025-08-29T16:15:22+00:00\",\"dateModified\":\"2025-08-29T16:15:24+00:00\",\"mainEntityOfPage\":{\"@id\":\"https:\\\/\\\/tce.pb.gov.br\\\/portalprimeirainfancia\\\/conselheira-do-tce-pb-apresenta-resultados-do-pacto-paraibano-pela-primeira-infancia-em-debate-nacional\\\/\"},\"wordCount\":421,\"publisher\":{\"@id\":\"https:\\\/\\\/tce.pb.gov.br\\\/portalprimeirainfancia\\\/#organization\"},\"image\":{\"@id\":\"https:\\\/\\\/tce.pb.gov.br\\\/portalprimeirainfancia\\\/conselheira-do-tce-pb-apresenta-resultados-do-pacto-paraibano-pela-primeira-infancia-em-debate-nacional\\\/#primaryimage\"},\"thumbnailUrl\":\"https:\\\/\\\/tce.pb.gov.br\\\/portalprimeirainfancia\\\/wp-content\\\/uploads\\\/2025\\\/08\\\/image-7.png\",\"articleSection\":[\"Not\u00edcias\"],\"inLanguage\":\"pt-BR\"},{\"@type\":\"WebPage\",\"@id\":\"https:\\\/\\\/tce.pb.gov.br\\\/portalprimeirainfancia\\\/conselheira-do-tce-pb-apresenta-resultados-do-pacto-paraibano-pela-primeira-infancia-em-debate-nacional\\\/\",\"url\":\"https:\\\/\\\/tce.pb.gov.br\\\/portalprimeirainfancia\\\/conselheira-do-tce-pb-apresenta-resultados-do-pacto-paraibano-pela-primeira-infancia-em-debate-nacional\\\/\",\"name\":\"Conselheira do TCE-PB apresenta resultados do Pacto Paraibano pela Primeira Inf\u00e2ncia em debate nacional %\",\"isPartOf\":{\"@id\":\"https:\\\/\\\/tce.pb.gov.br\\\/portalprimeirainfancia\\\/#website\"},\"primaryImageOfPage\":{\"@id\":\"https:\\\/\\\/tce.pb.gov.br\\\/portalprimeirainfancia\\\/conselheira-do-tce-pb-apresenta-resultados-do-pacto-paraibano-pela-primeira-infancia-em-debate-nacional\\\/#primaryimage\"},\"image\":{\"@id\":\"https:\\\/\\\/tce.pb.gov.br\\\/portalprimeirainfancia\\\/conselheira-do-tce-pb-apresenta-resultados-do-pacto-paraibano-pela-primeira-infancia-em-debate-nacional\\\/#primaryimage\"},\"thumbnailUrl\":\"https:\\\/\\\/tce.pb.gov.br\\\/portalprimeirainfancia\\\/wp-content\\\/uploads\\\/2025\\\/08\\\/image-7.png\",\"datePublished\":\"2025-08-29T16:15:22+00:00\",\"dateModified\":\"2025-08-29T16:15:24+00:00\",\"description\":\"Conselheira do TCE-PB apresenta resultados do Pacto Paraibano pela Primeira Inf\u00e2ncia em debate nacional %\",\"breadcrumb\":{\"@id\":\"https:\\\/\\\/tce.pb.gov.br\\\/portalprimeirainfancia\\\/conselheira-do-tce-pb-apresenta-resultados-do-pacto-paraibano-pela-primeira-infancia-em-debate-nacional\\\/#breadcrumb\"},\"inLanguage\":\"pt-BR\",\"potentialAction\":[{\"@type\":\"ReadAction\",\"target\":[\"https:\\\/\\\/tce.pb.gov.br\\\/portalprimeirainfancia\\\/conselheira-do-tce-pb-apresenta-resultados-do-pacto-paraibano-pela-primeira-infancia-em-debate-nacional\\\/\"]}]},{\"@type\":\"ImageObject\",\"inLanguage\":\"pt-BR\",\"@id\":\"https:\\\/\\\/tce.pb.gov.br\\\/portalprimeirainfancia\\\/conselheira-do-tce-pb-apresenta-resultados-do-pacto-paraibano-pela-primeira-infancia-em-debate-nacional\\\/#primaryimage\",\"url\":\"https:\\\/\\\/tce.pb.gov.br\\\/portalprimeirainfancia\\\/wp-content\\\/uploads\\\/2025\\\/08\\\/image-7.png\",\"contentUrl\":\"https:\\\/\\\/tce.pb.gov.br\\\/portalprimeirainfancia\\\/wp-content\\\/uploads\\\/2025\\\/08\\\/image-7.png\",\"width\":768,\"height\":512},{\"@type\":\"BreadcrumbList\",\"@id\":\"https:\\\/\\\/tce.pb.gov.br\\\/portalprimeirainfancia\\\/conselheira-do-tce-pb-apresenta-resultados-do-pacto-paraibano-pela-primeira-infancia-em-debate-nacional\\\/#breadcrumb\",\"itemListElement\":[{\"@type\":\"ListItem\",\"position\":1,\"name\":\"In\u00edcio\",\"item\":\"https:\\\/\\\/tce.pb.gov.br\\\/portalprimeirainfancia\\\/\"},{\"@type\":\"ListItem\",\"position\":2,\"name\":\"Conselheira do TCE-PB apresenta resultados do Pacto Paraibano pela Primeira Inf\u00e2ncia em debate nacional\"}]},{\"@type\":\"WebSite\",\"@id\":\"https:\\\/\\\/tce.pb.gov.br\\\/portalprimeirainfancia\\\/#website\",\"url\":\"https:\\\/\\\/tce.pb.gov.br\\\/portalprimeirainfancia\\\/\",\"name\":\"Pacto Paraibano pela Primeira Inf\u00e2ncia\",\"description\":\"Portal para divulga\u00e7\u00e3o do Pacto Paraibano pela Primeira Inf\u00e2ncia\",\"publisher\":{\"@id\":\"https:\\\/\\\/tce.pb.gov.br\\\/portalprimeirainfancia\\\/#organization\"},\"potentialAction\":[{\"@type\":\"SearchAction\",\"target\":{\"@type\":\"EntryPoint\",\"urlTemplate\":\"https:\\\/\\\/tce.pb.gov.br\\\/portalprimeirainfancia\\\/?s={search_term_string}\"},\"query-input\":{\"@type\":\"PropertyValueSpecification\",\"valueRequired\":true,\"valueName\":\"search_term_string\"}}],\"inLanguage\":\"pt-BR\"},{\"@type\":\"Organization\",\"@id\":\"https:\\\/\\\/tce.pb.gov.br\\\/portalprimeirainfancia\\\/#organization\",\"name\":\"Pacto Paraibano pela Primeira Inf\u00e2ncia\",\"alternateName\":\"TCE-PB\",\"url\":\"https:\\\/\\\/tce.pb.gov.br\\\/portalprimeirainfancia\\\/\",\"logo\":{\"@type\":\"ImageObject\",\"inLanguage\":\"pt-BR\",\"@id\":\"https:\\\/\\\/tce.pb.gov.br\\\/portalprimeirainfancia\\\/#\\\/schema\\\/logo\\\/image\\\/\",\"url\":\"https:\\\/\\\/tce.pb.gov.br\\\/portalprimeirainfancia\\\/wp-content\\\/uploads\\\/2025\\\/05\\\/Pacto-Whatsapp.png\",\"contentUrl\":\"https:\\\/\\\/tce.pb.gov.br\\\/portalprimeirainfancia\\\/wp-content\\\/uploads\\\/2025\\\/05\\\/Pacto-Whatsapp.png\",\"width\":427,\"height\":427,\"caption\":\"Pacto Paraibano pela Primeira Inf\u00e2ncia\"},\"image\":{\"@id\":\"https:\\\/\\\/tce.pb.gov.br\\\/portalprimeirainfancia\\\/#\\\/schema\\\/logo\\\/image\\\/\"},\"sameAs\":[\"https:\\\/\\\/www.instagram.com\\\/tcepb\\\/\"]},{\"@type\":\"Person\",\"@id\":\"https:\\\/\\\/tce.pb.gov.br\\\/portalprimeirainfancia\\\/#\\\/schema\\\/person\\\/6a39eea5836dda604de1c5e5b7d62141\",\"name\":\"Rafael Massoni\"}]}<\/script>\n<!-- \/ Yoast SEO plugin. -->","yoast_head_json":{"title":"Conselheira do TCE-PB apresenta resultados do Pacto Paraibano pela Primeira Inf\u00e2ncia em debate nacional %","description":"Conselheira do TCE-PB apresenta resultados do Pacto Paraibano pela Primeira Inf\u00e2ncia em debate nacional %","robots":{"index":"index","follow":"follow","max-snippet":"max-snippet:-1","max-image-preview":"max-image-preview:large","max-video-preview":"max-video-preview:-1"},"canonical":"https:\/\/tce.pb.gov.br\/portalprimeirainfancia\/conselheira-do-tce-pb-apresenta-resultados-do-pacto-paraibano-pela-primeira-infancia-em-debate-nacional\/","og_locale":"pt_BR","og_type":"article","og_title":"Conselheira do TCE-PB apresenta resultados do Pacto Paraibano pela Primeira Inf\u00e2ncia em debate nacional %","og_description":"Conselheira do TCE-PB apresenta resultados do Pacto Paraibano pela Primeira Inf\u00e2ncia em debate nacional %","og_url":"https:\/\/tce.pb.gov.br\/portalprimeirainfancia\/conselheira-do-tce-pb-apresenta-resultados-do-pacto-paraibano-pela-primeira-infancia-em-debate-nacional\/","og_site_name":"Pacto Paraibano pela Primeira Inf\u00e2ncia","article_published_time":"2025-08-29T16:15:22+00:00","article_modified_time":"2025-08-29T16:15:24+00:00","og_image":[{"width":768,"height":512,"url":"https:\/\/tce.pb.gov.br\/portalprimeirainfancia\/wp-content\/uploads\/2025\/08\/image-7.png","type":"image\/png"}],"author":"Rafael Massoni","twitter_card":"summary_large_image","twitter_misc":{"Escrito por":"Rafael Massoni","Est. tempo de leitura":"3 minutos"},"schema":{"@context":"https:\/\/schema.org","@graph":[{"@type":"NewsArticle","@id":"https:\/\/tce.pb.gov.br\/portalprimeirainfancia\/conselheira-do-tce-pb-apresenta-resultados-do-pacto-paraibano-pela-primeira-infancia-em-debate-nacional\/#article","isPartOf":{"@id":"https:\/\/tce.pb.gov.br\/portalprimeirainfancia\/conselheira-do-tce-pb-apresenta-resultados-do-pacto-paraibano-pela-primeira-infancia-em-debate-nacional\/"},"author":{"name":"Rafael Massoni","@id":"https:\/\/tce.pb.gov.br\/portalprimeirainfancia\/#\/schema\/person\/6a39eea5836dda604de1c5e5b7d62141"},"headline":"Conselheira do TCE-PB apresenta resultados do Pacto Paraibano pela Primeira Inf\u00e2ncia em debate nacional","datePublished":"2025-08-29T16:15:22+00:00","dateModified":"2025-08-29T16:15:24+00:00","mainEntityOfPage":{"@id":"https:\/\/tce.pb.gov.br\/portalprimeirainfancia\/conselheira-do-tce-pb-apresenta-resultados-do-pacto-paraibano-pela-primeira-infancia-em-debate-nacional\/"},"wordCount":421,"publisher":{"@id":"https:\/\/tce.pb.gov.br\/portalprimeirainfancia\/#organization"},"image":{"@id":"https:\/\/tce.pb.gov.br\/portalprimeirainfancia\/conselheira-do-tce-pb-apresenta-resultados-do-pacto-paraibano-pela-primeira-infancia-em-debate-nacional\/#primaryimage"},"thumbnailUrl":"https:\/\/tce.pb.gov.br\/portalprimeirainfancia\/wp-content\/uploads\/2025\/08\/image-7.png","articleSection":["Not\u00edcias"],"inLanguage":"pt-BR"},{"@type":"WebPage","@id":"https:\/\/tce.pb.gov.br\/portalprimeirainfancia\/conselheira-do-tce-pb-apresenta-resultados-do-pacto-paraibano-pela-primeira-infancia-em-debate-nacional\/","url":"https:\/\/tce.pb.gov.br\/portalprimeirainfancia\/conselheira-do-tce-pb-apresenta-resultados-do-pacto-paraibano-pela-primeira-infancia-em-debate-nacional\/","name":"Conselheira do TCE-PB apresenta resultados do Pacto Paraibano pela Primeira Inf\u00e2ncia em debate nacional %","isPartOf":{"@id":"https:\/\/tce.pb.gov.br\/portalprimeirainfancia\/#website"},"primaryImageOfPage":{"@id":"https:\/\/tce.pb.gov.br\/portalprimeirainfancia\/conselheira-do-tce-pb-apresenta-resultados-do-pacto-paraibano-pela-primeira-infancia-em-debate-nacional\/#primaryimage"},"image":{"@id":"https:\/\/tce.pb.gov.br\/portalprimeirainfancia\/conselheira-do-tce-pb-apresenta-resultados-do-pacto-paraibano-pela-primeira-infancia-em-debate-nacional\/#primaryimage"},"thumbnailUrl":"https:\/\/tce.pb.gov.br\/portalprimeirainfancia\/wp-content\/uploads\/2025\/08\/image-7.png","datePublished":"2025-08-29T16:15:22+00:00","dateModified":"2025-08-29T16:15:24+00:00","description":"Conselheira do TCE-PB apresenta resultados do Pacto Paraibano pela Primeira Inf\u00e2ncia em debate nacional %","breadcrumb":{"@id":"https:\/\/tce.pb.gov.br\/portalprimeirainfancia\/conselheira-do-tce-pb-apresenta-resultados-do-pacto-paraibano-pela-primeira-infancia-em-debate-nacional\/#breadcrumb"},"inLanguage":"pt-BR","potentialAction":[{"@type":"ReadAction","target":["https:\/\/tce.pb.gov.br\/portalprimeirainfancia\/conselheira-do-tce-pb-apresenta-resultados-do-pacto-paraibano-pela-primeira-infancia-em-debate-nacional\/"]}]},{"@type":"ImageObject","inLanguage":"pt-BR","@id":"https:\/\/tce.pb.gov.br\/portalprimeirainfancia\/conselheira-do-tce-pb-apresenta-resultados-do-pacto-paraibano-pela-primeira-infancia-em-debate-nacional\/#primaryimage","url":"https:\/\/tce.pb.gov.br\/portalprimeirainfancia\/wp-content\/uploads\/2025\/08\/image-7.png","contentUrl":"https:\/\/tce.pb.gov.br\/portalprimeirainfancia\/wp-content\/uploads\/2025\/08\/image-7.png","width":768,"height":512},{"@type":"BreadcrumbList","@id":"https:\/\/tce.pb.gov.br\/portalprimeirainfancia\/conselheira-do-tce-pb-apresenta-resultados-do-pacto-paraibano-pela-primeira-infancia-em-debate-nacional\/#breadcrumb","itemListElement":[{"@type":"ListItem","position":1,"name":"In\u00edcio","item":"https:\/\/tce.pb.gov.br\/portalprimeirainfancia\/"},{"@type":"ListItem","position":2,"name":"Conselheira do TCE-PB apresenta resultados do Pacto Paraibano pela Primeira Inf\u00e2ncia em debate nacional"}]},{"@type":"WebSite","@id":"https:\/\/tce.pb.gov.br\/portalprimeirainfancia\/#website","url":"https:\/\/tce.pb.gov.br\/portalprimeirainfancia\/","name":"Pacto Paraibano pela Primeira Inf\u00e2ncia","description":"Portal para divulga\u00e7\u00e3o do Pacto Paraibano pela Primeira Inf\u00e2ncia","publisher":{"@id":"https:\/\/tce.pb.gov.br\/portalprimeirainfancia\/#organization"},"potentialAction":[{"@type":"SearchAction","target":{"@type":"EntryPoint","urlTemplate":"https:\/\/tce.pb.gov.br\/portalprimeirainfancia\/?s={search_term_string}"},"query-input":{"@type":"PropertyValueSpecification","valueRequired":true,"valueName":"search_term_string"}}],"inLanguage":"pt-BR"},{"@type":"Organization","@id":"https:\/\/tce.pb.gov.br\/portalprimeirainfancia\/#organization","name":"Pacto Paraibano pela Primeira Inf\u00e2ncia","alternateName":"TCE-PB","url":"https:\/\/tce.pb.gov.br\/portalprimeirainfancia\/","logo":{"@type":"ImageObject","inLanguage":"pt-BR","@id":"https:\/\/tce.pb.gov.br\/portalprimeirainfancia\/#\/schema\/logo\/image\/","url":"https:\/\/tce.pb.gov.br\/portalprimeirainfancia\/wp-content\/uploads\/2025\/05\/Pacto-Whatsapp.png","contentUrl":"https:\/\/tce.pb.gov.br\/portalprimeirainfancia\/wp-content\/uploads\/2025\/05\/Pacto-Whatsapp.png","width":427,"height":427,"caption":"Pacto Paraibano pela Primeira Inf\u00e2ncia"},"image":{"@id":"https:\/\/tce.pb.gov.br\/portalprimeirainfancia\/#\/schema\/logo\/image\/"},"sameAs":["https:\/\/www.instagram.com\/tcepb\/"]},{"@type":"Person","@id":"https:\/\/tce.pb.gov.br\/portalprimeirainfancia\/#\/schema\/person\/6a39eea5836dda604de1c5e5b7d62141","name":"Rafael Massoni"}]}},"jetpack_featured_media_url":"https:\/\/tce.pb.gov.br\/portalprimeirainfancia\/wp-content\/uploads\/2025\/08\/image-7.png","jetpack_sharing_enabled":true,"_links":{"self":[{"href":"https:\/\/tce.pb.gov.br\/portalprimeirainfancia\/wp-json\/wp\/v2\/posts\/29699","targetHints":{"allow":["GET"]}}],"collection":[{"href":"https:\/\/tce.pb.gov.br\/portalprimeirainfancia\/wp-json\/wp\/v2\/posts"}],"about":[{"href":"https:\/\/tce.pb.gov.br\/portalprimeirainfancia\/wp-json\/wp\/v2\/types\/post"}],"author":[{"embeddable":true,"href":"https:\/\/tce.pb.gov.br\/portalprimeirainfancia\/wp-json\/wp\/v2\/users\/6"}],"replies":[{"embeddable":true,"href":"https:\/\/tce.pb.gov.br\/portalprimeirainfancia\/wp-json\/wp\/v2\/comments?post=29699"}],"version-history":[{"count":1,"href":"https:\/\/tce.pb.gov.br\/portalprimeirainfancia\/wp-json\/wp\/v2\/posts\/29699\/revisions"}],"predecessor-version":[{"id":29703,"href":"https:\/\/tce.pb.gov.br\/portalprimeirainfancia\/wp-json\/wp\/v2\/posts\/29699\/revisions\/29703"}],"wp:featuredmedia":[{"embeddable":true,"href":"https:\/\/tce.pb.gov.br\/portalprimeirainfancia\/wp-json\/wp\/v2\/media\/29700"}],"wp:attachment":[{"href":"https:\/\/tce.pb.gov.br\/portalprimeirainfancia\/wp-json\/wp\/v2\/media?parent=29699"}],"wp:term":[{"taxonomy":"category","embeddable":true,"href":"https:\/\/tce.pb.gov.br\/portalprimeirainfancia\/wp-json\/wp\/v2\/categories?post=29699"},{"taxonomy":"post_tag","embeddable":true,"href":"https:\/\/tce.pb.gov.br\/portalprimeirainfancia\/wp-json\/wp\/v2\/tags?post=29699"}],"curies":[{"name":"wp","href":"https:\/\/api.w.org\/{rel}","templated":true}]}}