{"id":29688,"date":"2025-08-29T13:13:10","date_gmt":"2025-08-29T16:13:10","guid":{"rendered":"https:\/\/tce.pb.gov.br\/portalprimeirainfancia\/?p=29688"},"modified":"2025-08-29T13:17:16","modified_gmt":"2025-08-29T16:17:16","slug":"conselheira-alanna-galdino-representa-o-tce-pb-no-2o-encontro-nacional-da-primeira-infancia-em-belo-horizonte","status":"publish","type":"post","link":"https:\/\/tce.pb.gov.br\/portalprimeirainfancia\/conselheira-alanna-galdino-representa-o-tce-pb-no-2o-encontro-nacional-da-primeira-infancia-em-belo-horizonte\/","title":{"rendered":"Conselheira Alanna Galdino representa o TCE-PB no 2\u00ba Encontro Nacional da Primeira Inf\u00e2ncia em Belo Horizonte"},"content":{"rendered":"\n<figure class=\"wp-block-image aligncenter size-full\"><img fetchpriority=\"high\" decoding=\"async\" width=\"1024\" height=\"682\" src=\"https:\/\/tce.pb.gov.br\/portalprimeirainfancia\/wp-content\/uploads\/2025\/08\/image-3.png\" alt=\"\" class=\"wp-image-29689\" srcset=\"https:\/\/tce.pb.gov.br\/portalprimeirainfancia\/wp-content\/uploads\/2025\/08\/image-3.png 1024w, https:\/\/tce.pb.gov.br\/portalprimeirainfancia\/wp-content\/uploads\/2025\/08\/image-3-300x200.png 300w, https:\/\/tce.pb.gov.br\/portalprimeirainfancia\/wp-content\/uploads\/2025\/08\/image-3-768x512.png 768w\" sizes=\"(max-width: 1024px) 100vw, 1024px\" \/><\/figure>\n\n\n\n<p>Com cerca de 18,1 milh\u00f5es de crian\u00e7as de at\u00e9 seis anos de idade, segundo dados do Censo 2022 do Instituto Brasileiro de Geografia e Estat\u00edstica (IBGE), o Brasil enfrenta o desafio de consolidar pol\u00edticas p\u00fablicas eficazes para a primeira inf\u00e2ncia. Na Para\u00edba, o n\u00famero chega a 373.222 crian\u00e7as, conforme informa\u00e7\u00f5es dispon\u00edveis no&nbsp;<a href=\"https:\/\/tce.pb.gov.br\/portalprimeirainfancia\/\"><strong>Portal da Primeira Inf\u00e2ncia do Tribunal de Contas do Estado<\/strong><\/a>&nbsp;(TCE-PB).<\/p>\n\n\n\n<p>Com o objetivo de discutir solu\u00e7\u00f5es e fortalecer iniciativas voltadas a essa faixa et\u00e1ria, Belo Horizonte sedia, at\u00e9 sexta-feira (29), o 2\u00ba Encontro Nacional da Primeira Inf\u00e2ncia (Enapi), realizado no Minascentro. O Tribunal de Contas da Para\u00edba \u00e9 representado no evento pela conselheira Alanna Camilla Santos Galdino Vieira.<\/p>\n\n\n\n<figure class=\"wp-block-image aligncenter size-full\"><img decoding=\"async\" width=\"1024\" height=\"689\" src=\"https:\/\/tce.pb.gov.br\/portalprimeirainfancia\/wp-content\/uploads\/2025\/08\/image-4.png\" alt=\"\" class=\"wp-image-29690\" srcset=\"https:\/\/tce.pb.gov.br\/portalprimeirainfancia\/wp-content\/uploads\/2025\/08\/image-4.png 1024w, https:\/\/tce.pb.gov.br\/portalprimeirainfancia\/wp-content\/uploads\/2025\/08\/image-4-300x202.png 300w, https:\/\/tce.pb.gov.br\/portalprimeirainfancia\/wp-content\/uploads\/2025\/08\/image-4-768x517.png 768w\" sizes=\"(max-width: 1024px) 100vw, 1024px\" \/><\/figure>\n\n\n\n<p>Promovido pelo Tribunal de Contas de Minas Gerais (TCE-MG) e pelo Instituto Rui Barbosa (IRB), com apoio do Tribunal de Justi\u00e7a de Minas Gerais (TJMG) e de Tribunais de Contas de todo o pa\u00eds, o Enapi re\u00fane cerca de mil participantes por dia. A primeira edi\u00e7\u00e3o ocorreu em Manaus (AM).<\/p>\n\n\n\n<p>Ao longo de tr\u00eas dias, gestores p\u00fablicos, especialistas e representantes da sociedade civil debatem estrat\u00e9gias para o desenvolvimento integral de crian\u00e7as de 0 a 6 anos. Entre os convidados est\u00e3o o ministro da Educa\u00e7\u00e3o, Camilo Santana, e o te\u00f3logo Leonardo Boff.<\/p>\n\n\n\n<figure class=\"wp-block-image aligncenter size-full\"><img decoding=\"async\" width=\"1024\" height=\"674\" src=\"https:\/\/tce.pb.gov.br\/portalprimeirainfancia\/wp-content\/uploads\/2025\/08\/image-5.png\" alt=\"\" class=\"wp-image-29691\" srcset=\"https:\/\/tce.pb.gov.br\/portalprimeirainfancia\/wp-content\/uploads\/2025\/08\/image-5.png 1024w, https:\/\/tce.pb.gov.br\/portalprimeirainfancia\/wp-content\/uploads\/2025\/08\/image-5-300x197.png 300w, https:\/\/tce.pb.gov.br\/portalprimeirainfancia\/wp-content\/uploads\/2025\/08\/image-5-768x506.png 768w\" sizes=\"(max-width: 1024px) 100vw, 1024px\" \/><\/figure>\n\n\n\n<p>Al\u00e9m dos pain\u00e9is tem\u00e1ticos, o encontro marca a divulga\u00e7\u00e3o de auditorias coordenadas nacionalmente sobre pol\u00edticas p\u00fablicas voltadas \u00e0 primeira inf\u00e2ncia, realizadas entre abril e junho de 2025, que buscam avaliar a efetividade das a\u00e7\u00f5es governamentais nesse campo.<\/p>\n\n\n\n<p>Na Para\u00edba, o TCE-PB j\u00e1 desenvolveu quatro auditorias sobre o tema: Auditoria Tem\u00e1tica da Primeira Inf\u00e2ncia, Auditoria Coordenada em Maternidades P\u00fablicas, Auditoria Coordenada na Educa\u00e7\u00e3o Infantil e Auditoria Operacional em Pol\u00edticas P\u00fablicas na Primeira Inf\u00e2ncia.<\/p>\n\n\n\n<p>Tamb\u00e9m participam do Encontro os auditores de controle externo Adriana Rego, Marcus Felipe e Leonardo Silveira, al\u00e9m da professora Adelaide Alves, assistente especial da Presid\u00eancia, e da servidora Camilla Lacerda Alves.<\/p>\n\n\n\n<figure class=\"wp-block-image aligncenter size-full\"><img loading=\"lazy\" decoding=\"async\" width=\"994\" height=\"1024\" src=\"https:\/\/tce.pb.gov.br\/portalprimeirainfancia\/wp-content\/uploads\/2025\/08\/image-6.png\" alt=\"\" class=\"wp-image-29692\" srcset=\"https:\/\/tce.pb.gov.br\/portalprimeirainfancia\/wp-content\/uploads\/2025\/08\/image-6.png 994w, https:\/\/tce.pb.gov.br\/portalprimeirainfancia\/wp-content\/uploads\/2025\/08\/image-6-291x300.png 291w, https:\/\/tce.pb.gov.br\/portalprimeirainfancia\/wp-content\/uploads\/2025\/08\/image-6-768x791.png 768w\" sizes=\"(max-width: 994px) 100vw, 994px\" \/><\/figure>\n\n\n\n<p>O 2\u00ba Enapi refor\u00e7a a import\u00e2ncia de integrar esfor\u00e7os entre diferentes esferas do poder p\u00fablico e da sociedade civil, para assegurar que os investimentos e as pol\u00edticas voltadas \u00e0 primeira inf\u00e2ncia ocupem lugar priorit\u00e1rio nos planejamentos municipais, estaduais e federais.<\/p>\n\n\n\n<figure class=\"wp-block-gallery has-nested-images columns-default is-cropped wp-block-gallery-1 is-layout-flex wp-block-gallery-is-layout-flex\">\n<figure class=\"wp-block-image size-large\"><img loading=\"lazy\" decoding=\"async\" width=\"1024\" height=\"669\" data-id=\"29697\" src=\"https:\/\/tce.pb.gov.br\/portalprimeirainfancia\/wp-content\/uploads\/2025\/08\/II-Enapi-1-1024x669-1.jpg\" alt=\"\" class=\"wp-image-29697\" srcset=\"https:\/\/tce.pb.gov.br\/portalprimeirainfancia\/wp-content\/uploads\/2025\/08\/II-Enapi-1-1024x669-1.jpg 1024w, https:\/\/tce.pb.gov.br\/portalprimeirainfancia\/wp-content\/uploads\/2025\/08\/II-Enapi-1-1024x669-1-300x196.jpg 300w, https:\/\/tce.pb.gov.br\/portalprimeirainfancia\/wp-content\/uploads\/2025\/08\/II-Enapi-1-1024x669-1-768x502.jpg 768w\" sizes=\"(max-width: 1024px) 100vw, 1024px\" \/><figcaption class=\"wp-element-caption\">Screenshot<\/figcaption><\/figure>\n\n\n\n<figure class=\"wp-block-image size-large\"><img loading=\"lazy\" decoding=\"async\" width=\"1024\" height=\"682\" data-id=\"29696\" src=\"https:\/\/tce.pb.gov.br\/portalprimeirainfancia\/wp-content\/uploads\/2025\/08\/II-Enapi-2-1024x682-1.jpg\" alt=\"\" class=\"wp-image-29696\" srcset=\"https:\/\/tce.pb.gov.br\/portalprimeirainfancia\/wp-content\/uploads\/2025\/08\/II-Enapi-2-1024x682-1.jpg 1024w, https:\/\/tce.pb.gov.br\/portalprimeirainfancia\/wp-content\/uploads\/2025\/08\/II-Enapi-2-1024x682-1-300x200.jpg 300w, https:\/\/tce.pb.gov.br\/portalprimeirainfancia\/wp-content\/uploads\/2025\/08\/II-Enapi-2-1024x682-1-768x512.jpg 768w\" sizes=\"(max-width: 1024px) 100vw, 1024px\" \/><\/figure>\n\n\n\n<figure class=\"wp-block-image size-large\"><img loading=\"lazy\" decoding=\"async\" width=\"1024\" height=\"682\" data-id=\"29695\" src=\"https:\/\/tce.pb.gov.br\/portalprimeirainfancia\/wp-content\/uploads\/2025\/08\/II-Enapi-4-1024x682-1.jpg\" alt=\"\" class=\"wp-image-29695\" srcset=\"https:\/\/tce.pb.gov.br\/portalprimeirainfancia\/wp-content\/uploads\/2025\/08\/II-Enapi-4-1024x682-1.jpg 1024w, https:\/\/tce.pb.gov.br\/portalprimeirainfancia\/wp-content\/uploads\/2025\/08\/II-Enapi-4-1024x682-1-300x200.jpg 300w, https:\/\/tce.pb.gov.br\/portalprimeirainfancia\/wp-content\/uploads\/2025\/08\/II-Enapi-4-1024x682-1-768x512.jpg 768w\" sizes=\"(max-width: 1024px) 100vw, 1024px\" \/><\/figure>\n<\/figure>\n","protected":false},"excerpt":{"rendered":"<p>Com cerca de 18,1 milh\u00f5es de crian\u00e7as de at\u00e9 seis anos de idade, segundo dados do Censo 2022 do Instituto [&hellip;]<\/p>\n","protected":false},"author":6,"featured_media":29689,"comment_status":"closed","ping_status":"closed","sticky":false,"template":"","format":"standard","meta":{"site-sidebar-layout":"default","site-content-layout":"","ast-site-content-layout":"","site-content-style":"default","site-sidebar-style":"default","ast-global-header-display":"","ast-banner-title-visibility":"","ast-main-header-display":"","ast-hfb-above-header-display":"","ast-hfb-below-header-display":"","ast-hfb-mobile-header-display":"","site-post-title":"","ast-breadcrumbs-content":"","ast-featured-img":"","footer-sml-layout":"","theme-transparent-header-meta":"","adv-header-id-meta":"","stick-header-meta":"","header-above-stick-meta":"","header-main-stick-meta":"","header-below-stick-meta":"","astra-migrate-meta-layouts":"default","ast-page-background-enabled":"default","ast-page-background-meta":{"desktop":{"background-color":"var(--ast-global-color-5)","background-image":"","background-repeat":"repeat","background-position":"center center","background-size":"auto","background-attachment":"scroll","background-type":"","background-media":"","overlay-type":"","overlay-color":"","overlay-opacity":"","overlay-gradient":""},"tablet":{"background-color":"","background-image":"","background-repeat":"repeat","background-position":"center center","background-size":"auto","background-attachment":"scroll","background-type":"","background-media":"","overlay-type":"","overlay-color":"","overlay-opacity":"","overlay-gradient":""},"mobile":{"background-color":"","background-image":"","background-repeat":"repeat","background-position":"center center","background-size":"auto","background-attachment":"scroll","background-type":"","background-media":"","overlay-type":"","overlay-color":"","overlay-opacity":"","overlay-gradient":""}},"ast-content-background-meta":{"desktop":{"background-color":"var(--ast-global-color-4)","background-image":"","background-repeat":"repeat","background-position":"center center","background-size":"auto","background-attachment":"scroll","background-type":"","background-media":"","overlay-type":"","overlay-color":"","overlay-opacity":"","overlay-gradient":""},"tablet":{"background-color":"var(--ast-global-color-4)","background-image":"","background-repeat":"repeat","background-position":"center center","background-size":"auto","background-attachment":"scroll","background-type":"","background-media":"","overlay-type":"","overlay-color":"","overlay-opacity":"","overlay-gradient":""},"mobile":{"background-color":"var(--ast-global-color-4)","background-image":"","background-repeat":"repeat","background-position":"center center","background-size":"auto","background-attachment":"scroll","background-type":"","background-media":"","overlay-type":"","overlay-color":"","overlay-opacity":"","overlay-gradient":""}},"_jetpack_memberships_contains_paid_content":false,"footnotes":""},"categories":[7],"tags":[],"class_list":["post-29688","post","type-post","status-publish","format-standard","has-post-thumbnail","hentry","category-noticias"],"yoast_head":"<!-- This site is optimized with the Yoast SEO plugin v27.5 - https:\/\/yoast.com\/product\/yoast-seo-wordpress\/ -->\n<title>Conselheira Alanna Galdino representa o TCE-PB no 2\u00ba Encontro Nacional da Primeira Inf\u00e2ncia em Belo Horizonte %<\/title>\n<meta name=\"description\" content=\"Conselheira Alanna Galdino representa o TCE-PB no 2\u00ba Encontro Nacional da Primeira Inf\u00e2ncia em Belo Horizonte %\" \/>\n<meta name=\"robots\" content=\"index, follow, max-snippet:-1, max-image-preview:large, max-video-preview:-1\" \/>\n<link rel=\"canonical\" href=\"https:\/\/tce.pb.gov.br\/portalprimeirainfancia\/conselheira-alanna-galdino-representa-o-tce-pb-no-2o-encontro-nacional-da-primeira-infancia-em-belo-horizonte\/\" \/>\n<meta property=\"og:locale\" content=\"pt_BR\" \/>\n<meta property=\"og:type\" content=\"article\" \/>\n<meta property=\"og:title\" content=\"Conselheira Alanna Galdino representa o TCE-PB no 2\u00ba Encontro Nacional da Primeira Inf\u00e2ncia em Belo Horizonte %\" \/>\n<meta property=\"og:description\" content=\"Conselheira Alanna Galdino representa o TCE-PB no 2\u00ba Encontro Nacional da Primeira Inf\u00e2ncia em Belo Horizonte %\" \/>\n<meta property=\"og:url\" content=\"https:\/\/tce.pb.gov.br\/portalprimeirainfancia\/conselheira-alanna-galdino-representa-o-tce-pb-no-2o-encontro-nacional-da-primeira-infancia-em-belo-horizonte\/\" \/>\n<meta property=\"og:site_name\" content=\"Pacto Paraibano pela Primeira Inf\u00e2ncia\" \/>\n<meta property=\"article:published_time\" content=\"2025-08-29T16:13:10+00:00\" \/>\n<meta property=\"article:modified_time\" content=\"2025-08-29T16:17:16+00:00\" \/>\n<meta property=\"og:image\" content=\"https:\/\/tce.pb.gov.br\/portalprimeirainfancia\/wp-content\/uploads\/2025\/08\/image-3.png\" \/>\n\t<meta property=\"og:image:width\" content=\"1024\" \/>\n\t<meta property=\"og:image:height\" content=\"682\" \/>\n\t<meta property=\"og:image:type\" content=\"image\/png\" \/>\n<meta name=\"author\" content=\"Rafael Massoni\" \/>\n<meta name=\"twitter:card\" content=\"summary_large_image\" \/>\n<meta name=\"twitter:label1\" content=\"Escrito por\" \/>\n\t<meta name=\"twitter:data1\" content=\"Rafael Massoni\" \/>\n\t<meta name=\"twitter:label2\" content=\"Est. tempo de leitura\" \/>\n\t<meta name=\"twitter:data2\" content=\"4 minutos\" \/>\n<script type=\"application\/ld+json\" class=\"yoast-schema-graph\">{\"@context\":\"https:\\\/\\\/schema.org\",\"@graph\":[{\"@type\":\"NewsArticle\",\"@id\":\"https:\\\/\\\/tce.pb.gov.br\\\/portalprimeirainfancia\\\/conselheira-alanna-galdino-representa-o-tce-pb-no-2o-encontro-nacional-da-primeira-infancia-em-belo-horizonte\\\/#article\",\"isPartOf\":{\"@id\":\"https:\\\/\\\/tce.pb.gov.br\\\/portalprimeirainfancia\\\/conselheira-alanna-galdino-representa-o-tce-pb-no-2o-encontro-nacional-da-primeira-infancia-em-belo-horizonte\\\/\"},\"author\":{\"name\":\"Rafael Massoni\",\"@id\":\"https:\\\/\\\/tce.pb.gov.br\\\/portalprimeirainfancia\\\/#\\\/schema\\\/person\\\/6a39eea5836dda604de1c5e5b7d62141\"},\"headline\":\"Conselheira Alanna Galdino representa o TCE-PB no 2\u00ba Encontro Nacional da Primeira Inf\u00e2ncia em Belo Horizonte\",\"datePublished\":\"2025-08-29T16:13:10+00:00\",\"dateModified\":\"2025-08-29T16:17:16+00:00\",\"mainEntityOfPage\":{\"@id\":\"https:\\\/\\\/tce.pb.gov.br\\\/portalprimeirainfancia\\\/conselheira-alanna-galdino-representa-o-tce-pb-no-2o-encontro-nacional-da-primeira-infancia-em-belo-horizonte\\\/\"},\"wordCount\":405,\"publisher\":{\"@id\":\"https:\\\/\\\/tce.pb.gov.br\\\/portalprimeirainfancia\\\/#organization\"},\"image\":{\"@id\":\"https:\\\/\\\/tce.pb.gov.br\\\/portalprimeirainfancia\\\/conselheira-alanna-galdino-representa-o-tce-pb-no-2o-encontro-nacional-da-primeira-infancia-em-belo-horizonte\\\/#primaryimage\"},\"thumbnailUrl\":\"https:\\\/\\\/tce.pb.gov.br\\\/portalprimeirainfancia\\\/wp-content\\\/uploads\\\/2025\\\/08\\\/image-3.png\",\"articleSection\":[\"Not\u00edcias\"],\"inLanguage\":\"pt-BR\"},{\"@type\":\"WebPage\",\"@id\":\"https:\\\/\\\/tce.pb.gov.br\\\/portalprimeirainfancia\\\/conselheira-alanna-galdino-representa-o-tce-pb-no-2o-encontro-nacional-da-primeira-infancia-em-belo-horizonte\\\/\",\"url\":\"https:\\\/\\\/tce.pb.gov.br\\\/portalprimeirainfancia\\\/conselheira-alanna-galdino-representa-o-tce-pb-no-2o-encontro-nacional-da-primeira-infancia-em-belo-horizonte\\\/\",\"name\":\"Conselheira Alanna Galdino representa o TCE-PB no 2\u00ba Encontro Nacional da Primeira Inf\u00e2ncia em Belo Horizonte %\",\"isPartOf\":{\"@id\":\"https:\\\/\\\/tce.pb.gov.br\\\/portalprimeirainfancia\\\/#website\"},\"primaryImageOfPage\":{\"@id\":\"https:\\\/\\\/tce.pb.gov.br\\\/portalprimeirainfancia\\\/conselheira-alanna-galdino-representa-o-tce-pb-no-2o-encontro-nacional-da-primeira-infancia-em-belo-horizonte\\\/#primaryimage\"},\"image\":{\"@id\":\"https:\\\/\\\/tce.pb.gov.br\\\/portalprimeirainfancia\\\/conselheira-alanna-galdino-representa-o-tce-pb-no-2o-encontro-nacional-da-primeira-infancia-em-belo-horizonte\\\/#primaryimage\"},\"thumbnailUrl\":\"https:\\\/\\\/tce.pb.gov.br\\\/portalprimeirainfancia\\\/wp-content\\\/uploads\\\/2025\\\/08\\\/image-3.png\",\"datePublished\":\"2025-08-29T16:13:10+00:00\",\"dateModified\":\"2025-08-29T16:17:16+00:00\",\"description\":\"Conselheira Alanna Galdino representa o TCE-PB no 2\u00ba Encontro Nacional da Primeira Inf\u00e2ncia em Belo Horizonte %\",\"breadcrumb\":{\"@id\":\"https:\\\/\\\/tce.pb.gov.br\\\/portalprimeirainfancia\\\/conselheira-alanna-galdino-representa-o-tce-pb-no-2o-encontro-nacional-da-primeira-infancia-em-belo-horizonte\\\/#breadcrumb\"},\"inLanguage\":\"pt-BR\",\"potentialAction\":[{\"@type\":\"ReadAction\",\"target\":[\"https:\\\/\\\/tce.pb.gov.br\\\/portalprimeirainfancia\\\/conselheira-alanna-galdino-representa-o-tce-pb-no-2o-encontro-nacional-da-primeira-infancia-em-belo-horizonte\\\/\"]}]},{\"@type\":\"ImageObject\",\"inLanguage\":\"pt-BR\",\"@id\":\"https:\\\/\\\/tce.pb.gov.br\\\/portalprimeirainfancia\\\/conselheira-alanna-galdino-representa-o-tce-pb-no-2o-encontro-nacional-da-primeira-infancia-em-belo-horizonte\\\/#primaryimage\",\"url\":\"https:\\\/\\\/tce.pb.gov.br\\\/portalprimeirainfancia\\\/wp-content\\\/uploads\\\/2025\\\/08\\\/image-3.png\",\"contentUrl\":\"https:\\\/\\\/tce.pb.gov.br\\\/portalprimeirainfancia\\\/wp-content\\\/uploads\\\/2025\\\/08\\\/image-3.png\",\"width\":1024,\"height\":682},{\"@type\":\"BreadcrumbList\",\"@id\":\"https:\\\/\\\/tce.pb.gov.br\\\/portalprimeirainfancia\\\/conselheira-alanna-galdino-representa-o-tce-pb-no-2o-encontro-nacional-da-primeira-infancia-em-belo-horizonte\\\/#breadcrumb\",\"itemListElement\":[{\"@type\":\"ListItem\",\"position\":1,\"name\":\"In\u00edcio\",\"item\":\"https:\\\/\\\/tce.pb.gov.br\\\/portalprimeirainfancia\\\/\"},{\"@type\":\"ListItem\",\"position\":2,\"name\":\"Conselheira Alanna Galdino representa o TCE-PB no 2\u00ba Encontro Nacional da Primeira Inf\u00e2ncia em Belo Horizonte\"}]},{\"@type\":\"WebSite\",\"@id\":\"https:\\\/\\\/tce.pb.gov.br\\\/portalprimeirainfancia\\\/#website\",\"url\":\"https:\\\/\\\/tce.pb.gov.br\\\/portalprimeirainfancia\\\/\",\"name\":\"Pacto Paraibano pela Primeira Inf\u00e2ncia\",\"description\":\"Portal para divulga\u00e7\u00e3o do Pacto Paraibano pela Primeira Inf\u00e2ncia\",\"publisher\":{\"@id\":\"https:\\\/\\\/tce.pb.gov.br\\\/portalprimeirainfancia\\\/#organization\"},\"potentialAction\":[{\"@type\":\"SearchAction\",\"target\":{\"@type\":\"EntryPoint\",\"urlTemplate\":\"https:\\\/\\\/tce.pb.gov.br\\\/portalprimeirainfancia\\\/?s={search_term_string}\"},\"query-input\":{\"@type\":\"PropertyValueSpecification\",\"valueRequired\":true,\"valueName\":\"search_term_string\"}}],\"inLanguage\":\"pt-BR\"},{\"@type\":\"Organization\",\"@id\":\"https:\\\/\\\/tce.pb.gov.br\\\/portalprimeirainfancia\\\/#organization\",\"name\":\"Pacto Paraibano pela Primeira Inf\u00e2ncia\",\"alternateName\":\"TCE-PB\",\"url\":\"https:\\\/\\\/tce.pb.gov.br\\\/portalprimeirainfancia\\\/\",\"logo\":{\"@type\":\"ImageObject\",\"inLanguage\":\"pt-BR\",\"@id\":\"https:\\\/\\\/tce.pb.gov.br\\\/portalprimeirainfancia\\\/#\\\/schema\\\/logo\\\/image\\\/\",\"url\":\"https:\\\/\\\/tce.pb.gov.br\\\/portalprimeirainfancia\\\/wp-content\\\/uploads\\\/2025\\\/05\\\/Pacto-Whatsapp.png\",\"contentUrl\":\"https:\\\/\\\/tce.pb.gov.br\\\/portalprimeirainfancia\\\/wp-content\\\/uploads\\\/2025\\\/05\\\/Pacto-Whatsapp.png\",\"width\":427,\"height\":427,\"caption\":\"Pacto Paraibano pela Primeira Inf\u00e2ncia\"},\"image\":{\"@id\":\"https:\\\/\\\/tce.pb.gov.br\\\/portalprimeirainfancia\\\/#\\\/schema\\\/logo\\\/image\\\/\"},\"sameAs\":[\"https:\\\/\\\/www.instagram.com\\\/tcepb\\\/\"]},{\"@type\":\"Person\",\"@id\":\"https:\\\/\\\/tce.pb.gov.br\\\/portalprimeirainfancia\\\/#\\\/schema\\\/person\\\/6a39eea5836dda604de1c5e5b7d62141\",\"name\":\"Rafael Massoni\"}]}<\/script>\n<!-- \/ Yoast SEO plugin. -->","yoast_head_json":{"title":"Conselheira Alanna Galdino representa o TCE-PB no 2\u00ba Encontro Nacional da Primeira Inf\u00e2ncia em Belo Horizonte %","description":"Conselheira Alanna Galdino representa o TCE-PB no 2\u00ba Encontro Nacional da Primeira Inf\u00e2ncia em Belo Horizonte %","robots":{"index":"index","follow":"follow","max-snippet":"max-snippet:-1","max-image-preview":"max-image-preview:large","max-video-preview":"max-video-preview:-1"},"canonical":"https:\/\/tce.pb.gov.br\/portalprimeirainfancia\/conselheira-alanna-galdino-representa-o-tce-pb-no-2o-encontro-nacional-da-primeira-infancia-em-belo-horizonte\/","og_locale":"pt_BR","og_type":"article","og_title":"Conselheira Alanna Galdino representa o TCE-PB no 2\u00ba Encontro Nacional da Primeira Inf\u00e2ncia em Belo Horizonte %","og_description":"Conselheira Alanna Galdino representa o TCE-PB no 2\u00ba Encontro Nacional da Primeira Inf\u00e2ncia em Belo Horizonte %","og_url":"https:\/\/tce.pb.gov.br\/portalprimeirainfancia\/conselheira-alanna-galdino-representa-o-tce-pb-no-2o-encontro-nacional-da-primeira-infancia-em-belo-horizonte\/","og_site_name":"Pacto Paraibano pela Primeira Inf\u00e2ncia","article_published_time":"2025-08-29T16:13:10+00:00","article_modified_time":"2025-08-29T16:17:16+00:00","og_image":[{"width":1024,"height":682,"url":"https:\/\/tce.pb.gov.br\/portalprimeirainfancia\/wp-content\/uploads\/2025\/08\/image-3.png","type":"image\/png"}],"author":"Rafael Massoni","twitter_card":"summary_large_image","twitter_misc":{"Escrito por":"Rafael Massoni","Est. tempo de leitura":"4 minutos"},"schema":{"@context":"https:\/\/schema.org","@graph":[{"@type":"NewsArticle","@id":"https:\/\/tce.pb.gov.br\/portalprimeirainfancia\/conselheira-alanna-galdino-representa-o-tce-pb-no-2o-encontro-nacional-da-primeira-infancia-em-belo-horizonte\/#article","isPartOf":{"@id":"https:\/\/tce.pb.gov.br\/portalprimeirainfancia\/conselheira-alanna-galdino-representa-o-tce-pb-no-2o-encontro-nacional-da-primeira-infancia-em-belo-horizonte\/"},"author":{"name":"Rafael Massoni","@id":"https:\/\/tce.pb.gov.br\/portalprimeirainfancia\/#\/schema\/person\/6a39eea5836dda604de1c5e5b7d62141"},"headline":"Conselheira Alanna Galdino representa o TCE-PB no 2\u00ba Encontro Nacional da Primeira Inf\u00e2ncia em Belo Horizonte","datePublished":"2025-08-29T16:13:10+00:00","dateModified":"2025-08-29T16:17:16+00:00","mainEntityOfPage":{"@id":"https:\/\/tce.pb.gov.br\/portalprimeirainfancia\/conselheira-alanna-galdino-representa-o-tce-pb-no-2o-encontro-nacional-da-primeira-infancia-em-belo-horizonte\/"},"wordCount":405,"publisher":{"@id":"https:\/\/tce.pb.gov.br\/portalprimeirainfancia\/#organization"},"image":{"@id":"https:\/\/tce.pb.gov.br\/portalprimeirainfancia\/conselheira-alanna-galdino-representa-o-tce-pb-no-2o-encontro-nacional-da-primeira-infancia-em-belo-horizonte\/#primaryimage"},"thumbnailUrl":"https:\/\/tce.pb.gov.br\/portalprimeirainfancia\/wp-content\/uploads\/2025\/08\/image-3.png","articleSection":["Not\u00edcias"],"inLanguage":"pt-BR"},{"@type":"WebPage","@id":"https:\/\/tce.pb.gov.br\/portalprimeirainfancia\/conselheira-alanna-galdino-representa-o-tce-pb-no-2o-encontro-nacional-da-primeira-infancia-em-belo-horizonte\/","url":"https:\/\/tce.pb.gov.br\/portalprimeirainfancia\/conselheira-alanna-galdino-representa-o-tce-pb-no-2o-encontro-nacional-da-primeira-infancia-em-belo-horizonte\/","name":"Conselheira Alanna Galdino representa o TCE-PB no 2\u00ba Encontro Nacional da Primeira Inf\u00e2ncia em Belo Horizonte %","isPartOf":{"@id":"https:\/\/tce.pb.gov.br\/portalprimeirainfancia\/#website"},"primaryImageOfPage":{"@id":"https:\/\/tce.pb.gov.br\/portalprimeirainfancia\/conselheira-alanna-galdino-representa-o-tce-pb-no-2o-encontro-nacional-da-primeira-infancia-em-belo-horizonte\/#primaryimage"},"image":{"@id":"https:\/\/tce.pb.gov.br\/portalprimeirainfancia\/conselheira-alanna-galdino-representa-o-tce-pb-no-2o-encontro-nacional-da-primeira-infancia-em-belo-horizonte\/#primaryimage"},"thumbnailUrl":"https:\/\/tce.pb.gov.br\/portalprimeirainfancia\/wp-content\/uploads\/2025\/08\/image-3.png","datePublished":"2025-08-29T16:13:10+00:00","dateModified":"2025-08-29T16:17:16+00:00","description":"Conselheira Alanna Galdino representa o TCE-PB no 2\u00ba Encontro Nacional da Primeira Inf\u00e2ncia em Belo Horizonte %","breadcrumb":{"@id":"https:\/\/tce.pb.gov.br\/portalprimeirainfancia\/conselheira-alanna-galdino-representa-o-tce-pb-no-2o-encontro-nacional-da-primeira-infancia-em-belo-horizonte\/#breadcrumb"},"inLanguage":"pt-BR","potentialAction":[{"@type":"ReadAction","target":["https:\/\/tce.pb.gov.br\/portalprimeirainfancia\/conselheira-alanna-galdino-representa-o-tce-pb-no-2o-encontro-nacional-da-primeira-infancia-em-belo-horizonte\/"]}]},{"@type":"ImageObject","inLanguage":"pt-BR","@id":"https:\/\/tce.pb.gov.br\/portalprimeirainfancia\/conselheira-alanna-galdino-representa-o-tce-pb-no-2o-encontro-nacional-da-primeira-infancia-em-belo-horizonte\/#primaryimage","url":"https:\/\/tce.pb.gov.br\/portalprimeirainfancia\/wp-content\/uploads\/2025\/08\/image-3.png","contentUrl":"https:\/\/tce.pb.gov.br\/portalprimeirainfancia\/wp-content\/uploads\/2025\/08\/image-3.png","width":1024,"height":682},{"@type":"BreadcrumbList","@id":"https:\/\/tce.pb.gov.br\/portalprimeirainfancia\/conselheira-alanna-galdino-representa-o-tce-pb-no-2o-encontro-nacional-da-primeira-infancia-em-belo-horizonte\/#breadcrumb","itemListElement":[{"@type":"ListItem","position":1,"name":"In\u00edcio","item":"https:\/\/tce.pb.gov.br\/portalprimeirainfancia\/"},{"@type":"ListItem","position":2,"name":"Conselheira Alanna Galdino representa o TCE-PB no 2\u00ba Encontro Nacional da Primeira Inf\u00e2ncia em Belo Horizonte"}]},{"@type":"WebSite","@id":"https:\/\/tce.pb.gov.br\/portalprimeirainfancia\/#website","url":"https:\/\/tce.pb.gov.br\/portalprimeirainfancia\/","name":"Pacto Paraibano pela Primeira Inf\u00e2ncia","description":"Portal para divulga\u00e7\u00e3o do Pacto Paraibano pela Primeira Inf\u00e2ncia","publisher":{"@id":"https:\/\/tce.pb.gov.br\/portalprimeirainfancia\/#organization"},"potentialAction":[{"@type":"SearchAction","target":{"@type":"EntryPoint","urlTemplate":"https:\/\/tce.pb.gov.br\/portalprimeirainfancia\/?s={search_term_string}"},"query-input":{"@type":"PropertyValueSpecification","valueRequired":true,"valueName":"search_term_string"}}],"inLanguage":"pt-BR"},{"@type":"Organization","@id":"https:\/\/tce.pb.gov.br\/portalprimeirainfancia\/#organization","name":"Pacto Paraibano pela Primeira Inf\u00e2ncia","alternateName":"TCE-PB","url":"https:\/\/tce.pb.gov.br\/portalprimeirainfancia\/","logo":{"@type":"ImageObject","inLanguage":"pt-BR","@id":"https:\/\/tce.pb.gov.br\/portalprimeirainfancia\/#\/schema\/logo\/image\/","url":"https:\/\/tce.pb.gov.br\/portalprimeirainfancia\/wp-content\/uploads\/2025\/05\/Pacto-Whatsapp.png","contentUrl":"https:\/\/tce.pb.gov.br\/portalprimeirainfancia\/wp-content\/uploads\/2025\/05\/Pacto-Whatsapp.png","width":427,"height":427,"caption":"Pacto Paraibano pela Primeira Inf\u00e2ncia"},"image":{"@id":"https:\/\/tce.pb.gov.br\/portalprimeirainfancia\/#\/schema\/logo\/image\/"},"sameAs":["https:\/\/www.instagram.com\/tcepb\/"]},{"@type":"Person","@id":"https:\/\/tce.pb.gov.br\/portalprimeirainfancia\/#\/schema\/person\/6a39eea5836dda604de1c5e5b7d62141","name":"Rafael Massoni"}]}},"jetpack_featured_media_url":"https:\/\/tce.pb.gov.br\/portalprimeirainfancia\/wp-content\/uploads\/2025\/08\/image-3.png","jetpack_sharing_enabled":true,"_links":{"self":[{"href":"https:\/\/tce.pb.gov.br\/portalprimeirainfancia\/wp-json\/wp\/v2\/posts\/29688","targetHints":{"allow":["GET"]}}],"collection":[{"href":"https:\/\/tce.pb.gov.br\/portalprimeirainfancia\/wp-json\/wp\/v2\/posts"}],"about":[{"href":"https:\/\/tce.pb.gov.br\/portalprimeirainfancia\/wp-json\/wp\/v2\/types\/post"}],"author":[{"embeddable":true,"href":"https:\/\/tce.pb.gov.br\/portalprimeirainfancia\/wp-json\/wp\/v2\/users\/6"}],"replies":[{"embeddable":true,"href":"https:\/\/tce.pb.gov.br\/portalprimeirainfancia\/wp-json\/wp\/v2\/comments?post=29688"}],"version-history":[{"count":1,"href":"https:\/\/tce.pb.gov.br\/portalprimeirainfancia\/wp-json\/wp\/v2\/posts\/29688\/revisions"}],"predecessor-version":[{"id":29698,"href":"https:\/\/tce.pb.gov.br\/portalprimeirainfancia\/wp-json\/wp\/v2\/posts\/29688\/revisions\/29698"}],"wp:featuredmedia":[{"embeddable":true,"href":"https:\/\/tce.pb.gov.br\/portalprimeirainfancia\/wp-json\/wp\/v2\/media\/29689"}],"wp:attachment":[{"href":"https:\/\/tce.pb.gov.br\/portalprimeirainfancia\/wp-json\/wp\/v2\/media?parent=29688"}],"wp:term":[{"taxonomy":"category","embeddable":true,"href":"https:\/\/tce.pb.gov.br\/portalprimeirainfancia\/wp-json\/wp\/v2\/categories?post=29688"},{"taxonomy":"post_tag","embeddable":true,"href":"https:\/\/tce.pb.gov.br\/portalprimeirainfancia\/wp-json\/wp\/v2\/tags?post=29688"}],"curies":[{"name":"wp","href":"https:\/\/api.w.org\/{rel}","templated":true}]}}