{"id":29635,"date":"2025-08-18T19:00:00","date_gmt":"2025-08-18T22:00:00","guid":{"rendered":"https:\/\/tce.pb.gov.br\/portalprimeirainfancia\/?p=29635"},"modified":"2025-08-19T08:16:16","modified_gmt":"2025-08-19T11:16:16","slug":"tce-pb-apresenta-matriz-de-achados-sobre-politicas-publicas-voltadas-a-primeira-infancia-em-encontro-estadual","status":"publish","type":"post","link":"https:\/\/tce.pb.gov.br\/portalprimeirainfancia\/tce-pb-apresenta-matriz-de-achados-sobre-politicas-publicas-voltadas-a-primeira-infancia-em-encontro-estadual\/","title":{"rendered":"TCE-PB apresenta Matriz de Achados sobre pol\u00edticas p\u00fablicas voltadas \u00e0 Primeira Inf\u00e2ncia em Encontro Estadual"},"content":{"rendered":"\n<figure class=\"wp-block-image aligncenter\"><img decoding=\"async\" src=\"https:\/\/tce.pb.gov.br\/wp-content\/uploads\/2025\/08\/MG_1401-1024x683.jpg\" alt=\"\" class=\"wp-image-31286\"\/><\/figure>\n\n\n\n<p>O Tribunal de Contas da Para\u00edba (TCE-PB) apresentou durante o Encontro Estadual pela Primeira Inf\u00e2ncia, realizado nesta segunda-feira (18 ), no Teatro Facisa, em Campina Grande, o Painel de Refer\u00eancia para valida\u00e7\u00e3o da Matriz de Achados da Auditoria Operacional em Pol\u00edticas P\u00fablicas para a Primeira Inf\u00e2ncia.<\/p>\n\n\n\n<p>O trabalho avaliou a institucionaliza\u00e7\u00e3o, implementa\u00e7\u00e3o e a efetividade de a\u00e7\u00f5es voltadas \u00e0s crian\u00e7as de 0 a 6 anos, gestantes e fam\u00edlias, em todo o territ\u00f3rio paraibano.<\/p>\n\n\n\n<figure class=\"wp-block-image aligncenter\"><img decoding=\"async\" src=\"https:\/\/tce.pb.gov.br\/wp-content\/uploads\/2025\/08\/MG_9316-1024x819.jpg\" alt=\"\" class=\"wp-image-31287\"\/><\/figure>\n\n\n\n<p>A auditoria, conduzida pela equipe t\u00e9cnica composta pelos auditores de controle externo do TCE-PB, Adriana Falc\u00e3o do R\u00eago, Cristiana Melo Fran\u00e7a, Marcus Felipe, George Lisboa e Ivo Cilento e relatada pelo conselheiro Andr\u00e9 Carlo Torres Pontes, examinou desde a governan\u00e7a e o planejamento intersetorial at\u00e9 a execu\u00e7\u00e3o de pol\u00edticas essenciais como educa\u00e7\u00e3o infantil, sa\u00fade, saneamento b\u00e1sico, seguran\u00e7a alimentar, espa\u00e7os de lazer e programas de visita domiciliar.<\/p>\n\n\n\n<p><strong>Principais achados<\/strong>&nbsp;\u2013 Entre os 14 achados identificados, destacam-se, aus\u00eancia de formaliza\u00e7\u00e3o da Pol\u00edtica Estadual da Primeira Inf\u00e2ncia e fragilidades no planejamento municipal; &nbsp;baixa cobertura e car\u00eancias estruturais na educa\u00e7\u00e3o infantil; defici\u00eancias no atendimento pr\u00e9-natal e na oferta de consultas pedi\u00e1tricas; &nbsp;falhas no saneamento b\u00e1sico, com risco de doen\u00e7as e impactos no desenvolvimento infantil; inseguran\u00e7a alimentar de gestantes e crian\u00e7as de 0 a 6 anos; escassez de espa\u00e7os p\u00fablicos e \u00e1reas livres adequadas ao brincar e ao desenvolvimento infantil; &nbsp;fragilidades nos programas de visita domiciliar da Estrat\u00e9gia Sa\u00fade da Fam\u00edlia (ESF) e do Programa Crian\u00e7a Feliz (PCF), incluindo falta de planejamento, monitoramento e integra\u00e7\u00e3o com outras pol\u00edticas.<\/p>\n\n\n\n<p><strong>Recomenda\u00e7\u00f5es&nbsp;<\/strong>\u2013 O relat\u00f3rio aponta um conjunto de recomenda\u00e7\u00f5es voltadas ao Estado e aos munic\u00edpios, entre elas, instituir e regulamentar a Pol\u00edtica Estadual da Primeira Inf\u00e2ncia, criar e fortalecer comit\u00eas intersetoriais e planos municipais de longo prazo, ampliar e qualificar vagas na educa\u00e7\u00e3o infantil, garantir atendimento pr\u00e9-natal adequado e ampliar consultas pedi\u00e1tricas, elaborar ou atualizar planos de saneamento b\u00e1sico, promover pol\u00edticas de seguran\u00e7a alimentar e espa\u00e7os p\u00fablicos de qualidade, estruturar e qualificar programas de visita domiciliar com base em diagn\u00f3sticos territoriais.<\/p>\n\n\n\n<p><strong>Impactos esperados \u2013<\/strong>&nbsp;A implementa\u00e7\u00e3o das recomenda\u00e7\u00f5es deve resultar em melhor planejamento e integra\u00e7\u00e3o das pol\u00edticas p\u00fablicas, uso mais eficiente dos recursos, maior transpar\u00eancia na aplica\u00e7\u00e3o dos investimentos e impactos positivos no desenvolvimento infantil, incluindo redu\u00e7\u00e3o da mortalidade materna e infantil, melhora na qualidade educacional e promo\u00e7\u00e3o de ambientes saud\u00e1veis e seguros para as crian\u00e7as.<\/p>\n\n\n\n<p>O Painel de Refer\u00eancia para valida\u00e7\u00e3o da Matriz de Achados da Auditoria Operacional em Pol\u00edticas P\u00fablicas para a Primeira Inf\u00e2ncia ficar\u00e1 dispon\u00edvel para consulta p\u00fablica, e o TCE-PB receber\u00e1 contribui\u00e7\u00f5es de gestores, especialistas e cidad\u00e3os pelo e-mail auditoriaoperacional@tce.pb.gov.br.<\/p>\n","protected":false},"excerpt":{"rendered":"<p>O Tribunal de Contas da Para\u00edba (TCE-PB) apresentou durante o Encontro Estadual pela Primeira Inf\u00e2ncia, realizado nesta segunda-feira (18 ), [&hellip;]<\/p>\n","protected":false},"author":6,"featured_media":29636,"comment_status":"closed","ping_status":"closed","sticky":false,"template":"","format":"standard","meta":{"site-sidebar-layout":"default","site-content-layout":"","ast-site-content-layout":"","site-content-style":"default","site-sidebar-style":"default","ast-global-header-display":"","ast-banner-title-visibility":"","ast-main-header-display":"","ast-hfb-above-header-display":"","ast-hfb-below-header-display":"","ast-hfb-mobile-header-display":"","site-post-title":"","ast-breadcrumbs-content":"","ast-featured-img":"","footer-sml-layout":"","theme-transparent-header-meta":"","adv-header-id-meta":"","stick-header-meta":"","header-above-stick-meta":"","header-main-stick-meta":"","header-below-stick-meta":"","astra-migrate-meta-layouts":"default","ast-page-background-enabled":"default","ast-page-background-meta":{"desktop":{"background-color":"var(--ast-global-color-5)","background-image":"","background-repeat":"repeat","background-position":"center center","background-size":"auto","background-attachment":"scroll","background-type":"","background-media":"","overlay-type":"","overlay-color":"","overlay-opacity":"","overlay-gradient":""},"tablet":{"background-color":"","background-image":"","background-repeat":"repeat","background-position":"center center","background-size":"auto","background-attachment":"scroll","background-type":"","background-media":"","overlay-type":"","overlay-color":"","overlay-opacity":"","overlay-gradient":""},"mobile":{"background-color":"","background-image":"","background-repeat":"repeat","background-position":"center center","background-size":"auto","background-attachment":"scroll","background-type":"","background-media":"","overlay-type":"","overlay-color":"","overlay-opacity":"","overlay-gradient":""}},"ast-content-background-meta":{"desktop":{"background-color":"var(--ast-global-color-4)","background-image":"","background-repeat":"repeat","background-position":"center center","background-size":"auto","background-attachment":"scroll","background-type":"","background-media":"","overlay-type":"","overlay-color":"","overlay-opacity":"","overlay-gradient":""},"tablet":{"background-color":"var(--ast-global-color-4)","background-image":"","background-repeat":"repeat","background-position":"center center","background-size":"auto","background-attachment":"scroll","background-type":"","background-media":"","overlay-type":"","overlay-color":"","overlay-opacity":"","overlay-gradient":""},"mobile":{"background-color":"var(--ast-global-color-4)","background-image":"","background-repeat":"repeat","background-position":"center center","background-size":"auto","background-attachment":"scroll","background-type":"","background-media":"","overlay-type":"","overlay-color":"","overlay-opacity":"","overlay-gradient":""}},"_jetpack_memberships_contains_paid_content":false,"footnotes":""},"categories":[7],"tags":[54,40,41,44,27,39,25,31,26],"class_list":["post-29635","post","type-post","status-publish","format-standard","has-post-thumbnail","hentry","category-noticias","tag-auditoria-operacional","tag-camaras-municipais","tag-campina-grande","tag-joao-pessoa","tag-pacto-pela-primeira-infancia","tag-prefeituras","tag-primeira-infancia","tag-tce","tag-tce-pb"],"yoast_head":"<!-- This site is optimized with the Yoast SEO plugin v27.5 - https:\/\/yoast.com\/product\/yoast-seo-wordpress\/ -->\n<title>TCE-PB apresenta Matriz de Achados sobre pol\u00edticas p\u00fablicas voltadas \u00e0 Primeira Inf\u00e2ncia em Encontro Estadual %<\/title>\n<meta name=\"description\" content=\"TCE-PB apresenta Matriz de Achados sobre pol\u00edticas p\u00fablicas voltadas \u00e0 Primeira Inf\u00e2ncia em Encontro Estadual %\" \/>\n<meta name=\"robots\" content=\"index, follow, max-snippet:-1, max-image-preview:large, max-video-preview:-1\" \/>\n<link rel=\"canonical\" href=\"https:\/\/tce.pb.gov.br\/portalprimeirainfancia\/tce-pb-apresenta-matriz-de-achados-sobre-politicas-publicas-voltadas-a-primeira-infancia-em-encontro-estadual\/\" \/>\n<meta property=\"og:locale\" content=\"pt_BR\" \/>\n<meta property=\"og:type\" content=\"article\" \/>\n<meta property=\"og:title\" content=\"TCE-PB apresenta Matriz de Achados sobre pol\u00edticas p\u00fablicas voltadas \u00e0 Primeira Inf\u00e2ncia em Encontro Estadual %\" \/>\n<meta property=\"og:description\" content=\"TCE-PB apresenta Matriz de Achados sobre pol\u00edticas p\u00fablicas voltadas \u00e0 Primeira Inf\u00e2ncia em Encontro Estadual %\" \/>\n<meta property=\"og:url\" content=\"https:\/\/tce.pb.gov.br\/portalprimeirainfancia\/tce-pb-apresenta-matriz-de-achados-sobre-politicas-publicas-voltadas-a-primeira-infancia-em-encontro-estadual\/\" \/>\n<meta property=\"og:site_name\" content=\"Pacto Paraibano pela Primeira Inf\u00e2ncia\" \/>\n<meta property=\"article:published_time\" content=\"2025-08-18T22:00:00+00:00\" \/>\n<meta property=\"article:modified_time\" content=\"2025-08-19T11:16:16+00:00\" \/>\n<meta property=\"og:image\" content=\"https:\/\/tce.pb.gov.br\/portalprimeirainfancia\/wp-content\/uploads\/2025\/08\/MG_1401-1024x683-1.jpg\" \/>\n\t<meta property=\"og:image:width\" content=\"1024\" \/>\n\t<meta property=\"og:image:height\" content=\"683\" \/>\n\t<meta property=\"og:image:type\" content=\"image\/jpeg\" \/>\n<meta name=\"author\" content=\"Rafael Massoni\" \/>\n<meta name=\"twitter:card\" content=\"summary_large_image\" \/>\n<meta name=\"twitter:label1\" content=\"Escrito por\" \/>\n\t<meta name=\"twitter:data1\" content=\"Rafael Massoni\" \/>\n\t<meta name=\"twitter:label2\" content=\"Est. tempo de leitura\" \/>\n\t<meta name=\"twitter:data2\" content=\"3 minutos\" \/>\n<script type=\"application\/ld+json\" class=\"yoast-schema-graph\">{\"@context\":\"https:\\\/\\\/schema.org\",\"@graph\":[{\"@type\":\"NewsArticle\",\"@id\":\"https:\\\/\\\/tce.pb.gov.br\\\/portalprimeirainfancia\\\/tce-pb-apresenta-matriz-de-achados-sobre-politicas-publicas-voltadas-a-primeira-infancia-em-encontro-estadual\\\/#article\",\"isPartOf\":{\"@id\":\"https:\\\/\\\/tce.pb.gov.br\\\/portalprimeirainfancia\\\/tce-pb-apresenta-matriz-de-achados-sobre-politicas-publicas-voltadas-a-primeira-infancia-em-encontro-estadual\\\/\"},\"author\":{\"name\":\"Rafael Massoni\",\"@id\":\"https:\\\/\\\/tce.pb.gov.br\\\/portalprimeirainfancia\\\/#\\\/schema\\\/person\\\/6a39eea5836dda604de1c5e5b7d62141\"},\"headline\":\"TCE-PB apresenta Matriz de Achados sobre pol\u00edticas p\u00fablicas voltadas \u00e0 Primeira Inf\u00e2ncia em Encontro Estadual\",\"datePublished\":\"2025-08-18T22:00:00+00:00\",\"dateModified\":\"2025-08-19T11:16:16+00:00\",\"mainEntityOfPage\":{\"@id\":\"https:\\\/\\\/tce.pb.gov.br\\\/portalprimeirainfancia\\\/tce-pb-apresenta-matriz-de-achados-sobre-politicas-publicas-voltadas-a-primeira-infancia-em-encontro-estadual\\\/\"},\"wordCount\":519,\"publisher\":{\"@id\":\"https:\\\/\\\/tce.pb.gov.br\\\/portalprimeirainfancia\\\/#organization\"},\"image\":{\"@id\":\"https:\\\/\\\/tce.pb.gov.br\\\/portalprimeirainfancia\\\/tce-pb-apresenta-matriz-de-achados-sobre-politicas-publicas-voltadas-a-primeira-infancia-em-encontro-estadual\\\/#primaryimage\"},\"thumbnailUrl\":\"https:\\\/\\\/tce.pb.gov.br\\\/portalprimeirainfancia\\\/wp-content\\\/uploads\\\/2025\\\/08\\\/MG_1401-1024x683-1.jpg\",\"keywords\":[\"auditoria operacional\",\"c\u00e2maras municipais\",\"campina grande\",\"joao pessoa\",\"pacto pela primeira infancia\",\"prefeituras\",\"primeira infancia\",\"tce\",\"tce-pb\"],\"articleSection\":[\"Not\u00edcias\"],\"inLanguage\":\"pt-BR\"},{\"@type\":\"WebPage\",\"@id\":\"https:\\\/\\\/tce.pb.gov.br\\\/portalprimeirainfancia\\\/tce-pb-apresenta-matriz-de-achados-sobre-politicas-publicas-voltadas-a-primeira-infancia-em-encontro-estadual\\\/\",\"url\":\"https:\\\/\\\/tce.pb.gov.br\\\/portalprimeirainfancia\\\/tce-pb-apresenta-matriz-de-achados-sobre-politicas-publicas-voltadas-a-primeira-infancia-em-encontro-estadual\\\/\",\"name\":\"TCE-PB apresenta Matriz de Achados sobre pol\u00edticas p\u00fablicas voltadas \u00e0 Primeira Inf\u00e2ncia em Encontro Estadual %\",\"isPartOf\":{\"@id\":\"https:\\\/\\\/tce.pb.gov.br\\\/portalprimeirainfancia\\\/#website\"},\"primaryImageOfPage\":{\"@id\":\"https:\\\/\\\/tce.pb.gov.br\\\/portalprimeirainfancia\\\/tce-pb-apresenta-matriz-de-achados-sobre-politicas-publicas-voltadas-a-primeira-infancia-em-encontro-estadual\\\/#primaryimage\"},\"image\":{\"@id\":\"https:\\\/\\\/tce.pb.gov.br\\\/portalprimeirainfancia\\\/tce-pb-apresenta-matriz-de-achados-sobre-politicas-publicas-voltadas-a-primeira-infancia-em-encontro-estadual\\\/#primaryimage\"},\"thumbnailUrl\":\"https:\\\/\\\/tce.pb.gov.br\\\/portalprimeirainfancia\\\/wp-content\\\/uploads\\\/2025\\\/08\\\/MG_1401-1024x683-1.jpg\",\"datePublished\":\"2025-08-18T22:00:00+00:00\",\"dateModified\":\"2025-08-19T11:16:16+00:00\",\"description\":\"TCE-PB apresenta Matriz de Achados sobre pol\u00edticas p\u00fablicas voltadas \u00e0 Primeira Inf\u00e2ncia em Encontro Estadual %\",\"breadcrumb\":{\"@id\":\"https:\\\/\\\/tce.pb.gov.br\\\/portalprimeirainfancia\\\/tce-pb-apresenta-matriz-de-achados-sobre-politicas-publicas-voltadas-a-primeira-infancia-em-encontro-estadual\\\/#breadcrumb\"},\"inLanguage\":\"pt-BR\",\"potentialAction\":[{\"@type\":\"ReadAction\",\"target\":[\"https:\\\/\\\/tce.pb.gov.br\\\/portalprimeirainfancia\\\/tce-pb-apresenta-matriz-de-achados-sobre-politicas-publicas-voltadas-a-primeira-infancia-em-encontro-estadual\\\/\"]}]},{\"@type\":\"ImageObject\",\"inLanguage\":\"pt-BR\",\"@id\":\"https:\\\/\\\/tce.pb.gov.br\\\/portalprimeirainfancia\\\/tce-pb-apresenta-matriz-de-achados-sobre-politicas-publicas-voltadas-a-primeira-infancia-em-encontro-estadual\\\/#primaryimage\",\"url\":\"https:\\\/\\\/tce.pb.gov.br\\\/portalprimeirainfancia\\\/wp-content\\\/uploads\\\/2025\\\/08\\\/MG_1401-1024x683-1.jpg\",\"contentUrl\":\"https:\\\/\\\/tce.pb.gov.br\\\/portalprimeirainfancia\\\/wp-content\\\/uploads\\\/2025\\\/08\\\/MG_1401-1024x683-1.jpg\",\"width\":1024,\"height\":683},{\"@type\":\"BreadcrumbList\",\"@id\":\"https:\\\/\\\/tce.pb.gov.br\\\/portalprimeirainfancia\\\/tce-pb-apresenta-matriz-de-achados-sobre-politicas-publicas-voltadas-a-primeira-infancia-em-encontro-estadual\\\/#breadcrumb\",\"itemListElement\":[{\"@type\":\"ListItem\",\"position\":1,\"name\":\"In\u00edcio\",\"item\":\"https:\\\/\\\/tce.pb.gov.br\\\/portalprimeirainfancia\\\/\"},{\"@type\":\"ListItem\",\"position\":2,\"name\":\"TCE-PB apresenta Matriz de Achados sobre pol\u00edticas p\u00fablicas voltadas \u00e0 Primeira Inf\u00e2ncia em Encontro Estadual\"}]},{\"@type\":\"WebSite\",\"@id\":\"https:\\\/\\\/tce.pb.gov.br\\\/portalprimeirainfancia\\\/#website\",\"url\":\"https:\\\/\\\/tce.pb.gov.br\\\/portalprimeirainfancia\\\/\",\"name\":\"Pacto Paraibano pela Primeira Inf\u00e2ncia\",\"description\":\"Portal para divulga\u00e7\u00e3o do Pacto Paraibano pela Primeira Inf\u00e2ncia\",\"publisher\":{\"@id\":\"https:\\\/\\\/tce.pb.gov.br\\\/portalprimeirainfancia\\\/#organization\"},\"potentialAction\":[{\"@type\":\"SearchAction\",\"target\":{\"@type\":\"EntryPoint\",\"urlTemplate\":\"https:\\\/\\\/tce.pb.gov.br\\\/portalprimeirainfancia\\\/?s={search_term_string}\"},\"query-input\":{\"@type\":\"PropertyValueSpecification\",\"valueRequired\":true,\"valueName\":\"search_term_string\"}}],\"inLanguage\":\"pt-BR\"},{\"@type\":\"Organization\",\"@id\":\"https:\\\/\\\/tce.pb.gov.br\\\/portalprimeirainfancia\\\/#organization\",\"name\":\"Pacto Paraibano pela Primeira Inf\u00e2ncia\",\"alternateName\":\"TCE-PB\",\"url\":\"https:\\\/\\\/tce.pb.gov.br\\\/portalprimeirainfancia\\\/\",\"logo\":{\"@type\":\"ImageObject\",\"inLanguage\":\"pt-BR\",\"@id\":\"https:\\\/\\\/tce.pb.gov.br\\\/portalprimeirainfancia\\\/#\\\/schema\\\/logo\\\/image\\\/\",\"url\":\"https:\\\/\\\/tce.pb.gov.br\\\/portalprimeirainfancia\\\/wp-content\\\/uploads\\\/2025\\\/05\\\/Pacto-Whatsapp.png\",\"contentUrl\":\"https:\\\/\\\/tce.pb.gov.br\\\/portalprimeirainfancia\\\/wp-content\\\/uploads\\\/2025\\\/05\\\/Pacto-Whatsapp.png\",\"width\":427,\"height\":427,\"caption\":\"Pacto Paraibano pela Primeira Inf\u00e2ncia\"},\"image\":{\"@id\":\"https:\\\/\\\/tce.pb.gov.br\\\/portalprimeirainfancia\\\/#\\\/schema\\\/logo\\\/image\\\/\"},\"sameAs\":[\"https:\\\/\\\/www.instagram.com\\\/tcepb\\\/\"]},{\"@type\":\"Person\",\"@id\":\"https:\\\/\\\/tce.pb.gov.br\\\/portalprimeirainfancia\\\/#\\\/schema\\\/person\\\/6a39eea5836dda604de1c5e5b7d62141\",\"name\":\"Rafael Massoni\"}]}<\/script>\n<!-- \/ Yoast SEO plugin. -->","yoast_head_json":{"title":"TCE-PB apresenta Matriz de Achados sobre pol\u00edticas p\u00fablicas voltadas \u00e0 Primeira Inf\u00e2ncia em Encontro Estadual %","description":"TCE-PB apresenta Matriz de Achados sobre pol\u00edticas p\u00fablicas voltadas \u00e0 Primeira Inf\u00e2ncia em Encontro Estadual %","robots":{"index":"index","follow":"follow","max-snippet":"max-snippet:-1","max-image-preview":"max-image-preview:large","max-video-preview":"max-video-preview:-1"},"canonical":"https:\/\/tce.pb.gov.br\/portalprimeirainfancia\/tce-pb-apresenta-matriz-de-achados-sobre-politicas-publicas-voltadas-a-primeira-infancia-em-encontro-estadual\/","og_locale":"pt_BR","og_type":"article","og_title":"TCE-PB apresenta Matriz de Achados sobre pol\u00edticas p\u00fablicas voltadas \u00e0 Primeira Inf\u00e2ncia em Encontro Estadual %","og_description":"TCE-PB apresenta Matriz de Achados sobre pol\u00edticas p\u00fablicas voltadas \u00e0 Primeira Inf\u00e2ncia em Encontro Estadual %","og_url":"https:\/\/tce.pb.gov.br\/portalprimeirainfancia\/tce-pb-apresenta-matriz-de-achados-sobre-politicas-publicas-voltadas-a-primeira-infancia-em-encontro-estadual\/","og_site_name":"Pacto Paraibano pela Primeira Inf\u00e2ncia","article_published_time":"2025-08-18T22:00:00+00:00","article_modified_time":"2025-08-19T11:16:16+00:00","og_image":[{"width":1024,"height":683,"url":"https:\/\/tce.pb.gov.br\/portalprimeirainfancia\/wp-content\/uploads\/2025\/08\/MG_1401-1024x683-1.jpg","type":"image\/jpeg"}],"author":"Rafael Massoni","twitter_card":"summary_large_image","twitter_misc":{"Escrito por":"Rafael Massoni","Est. tempo de leitura":"3 minutos"},"schema":{"@context":"https:\/\/schema.org","@graph":[{"@type":"NewsArticle","@id":"https:\/\/tce.pb.gov.br\/portalprimeirainfancia\/tce-pb-apresenta-matriz-de-achados-sobre-politicas-publicas-voltadas-a-primeira-infancia-em-encontro-estadual\/#article","isPartOf":{"@id":"https:\/\/tce.pb.gov.br\/portalprimeirainfancia\/tce-pb-apresenta-matriz-de-achados-sobre-politicas-publicas-voltadas-a-primeira-infancia-em-encontro-estadual\/"},"author":{"name":"Rafael Massoni","@id":"https:\/\/tce.pb.gov.br\/portalprimeirainfancia\/#\/schema\/person\/6a39eea5836dda604de1c5e5b7d62141"},"headline":"TCE-PB apresenta Matriz de Achados sobre pol\u00edticas p\u00fablicas voltadas \u00e0 Primeira Inf\u00e2ncia em Encontro Estadual","datePublished":"2025-08-18T22:00:00+00:00","dateModified":"2025-08-19T11:16:16+00:00","mainEntityOfPage":{"@id":"https:\/\/tce.pb.gov.br\/portalprimeirainfancia\/tce-pb-apresenta-matriz-de-achados-sobre-politicas-publicas-voltadas-a-primeira-infancia-em-encontro-estadual\/"},"wordCount":519,"publisher":{"@id":"https:\/\/tce.pb.gov.br\/portalprimeirainfancia\/#organization"},"image":{"@id":"https:\/\/tce.pb.gov.br\/portalprimeirainfancia\/tce-pb-apresenta-matriz-de-achados-sobre-politicas-publicas-voltadas-a-primeira-infancia-em-encontro-estadual\/#primaryimage"},"thumbnailUrl":"https:\/\/tce.pb.gov.br\/portalprimeirainfancia\/wp-content\/uploads\/2025\/08\/MG_1401-1024x683-1.jpg","keywords":["auditoria operacional","c\u00e2maras municipais","campina grande","joao pessoa","pacto pela primeira infancia","prefeituras","primeira infancia","tce","tce-pb"],"articleSection":["Not\u00edcias"],"inLanguage":"pt-BR"},{"@type":"WebPage","@id":"https:\/\/tce.pb.gov.br\/portalprimeirainfancia\/tce-pb-apresenta-matriz-de-achados-sobre-politicas-publicas-voltadas-a-primeira-infancia-em-encontro-estadual\/","url":"https:\/\/tce.pb.gov.br\/portalprimeirainfancia\/tce-pb-apresenta-matriz-de-achados-sobre-politicas-publicas-voltadas-a-primeira-infancia-em-encontro-estadual\/","name":"TCE-PB apresenta Matriz de Achados sobre pol\u00edticas p\u00fablicas voltadas \u00e0 Primeira Inf\u00e2ncia em Encontro Estadual %","isPartOf":{"@id":"https:\/\/tce.pb.gov.br\/portalprimeirainfancia\/#website"},"primaryImageOfPage":{"@id":"https:\/\/tce.pb.gov.br\/portalprimeirainfancia\/tce-pb-apresenta-matriz-de-achados-sobre-politicas-publicas-voltadas-a-primeira-infancia-em-encontro-estadual\/#primaryimage"},"image":{"@id":"https:\/\/tce.pb.gov.br\/portalprimeirainfancia\/tce-pb-apresenta-matriz-de-achados-sobre-politicas-publicas-voltadas-a-primeira-infancia-em-encontro-estadual\/#primaryimage"},"thumbnailUrl":"https:\/\/tce.pb.gov.br\/portalprimeirainfancia\/wp-content\/uploads\/2025\/08\/MG_1401-1024x683-1.jpg","datePublished":"2025-08-18T22:00:00+00:00","dateModified":"2025-08-19T11:16:16+00:00","description":"TCE-PB apresenta Matriz de Achados sobre pol\u00edticas p\u00fablicas voltadas \u00e0 Primeira Inf\u00e2ncia em Encontro Estadual %","breadcrumb":{"@id":"https:\/\/tce.pb.gov.br\/portalprimeirainfancia\/tce-pb-apresenta-matriz-de-achados-sobre-politicas-publicas-voltadas-a-primeira-infancia-em-encontro-estadual\/#breadcrumb"},"inLanguage":"pt-BR","potentialAction":[{"@type":"ReadAction","target":["https:\/\/tce.pb.gov.br\/portalprimeirainfancia\/tce-pb-apresenta-matriz-de-achados-sobre-politicas-publicas-voltadas-a-primeira-infancia-em-encontro-estadual\/"]}]},{"@type":"ImageObject","inLanguage":"pt-BR","@id":"https:\/\/tce.pb.gov.br\/portalprimeirainfancia\/tce-pb-apresenta-matriz-de-achados-sobre-politicas-publicas-voltadas-a-primeira-infancia-em-encontro-estadual\/#primaryimage","url":"https:\/\/tce.pb.gov.br\/portalprimeirainfancia\/wp-content\/uploads\/2025\/08\/MG_1401-1024x683-1.jpg","contentUrl":"https:\/\/tce.pb.gov.br\/portalprimeirainfancia\/wp-content\/uploads\/2025\/08\/MG_1401-1024x683-1.jpg","width":1024,"height":683},{"@type":"BreadcrumbList","@id":"https:\/\/tce.pb.gov.br\/portalprimeirainfancia\/tce-pb-apresenta-matriz-de-achados-sobre-politicas-publicas-voltadas-a-primeira-infancia-em-encontro-estadual\/#breadcrumb","itemListElement":[{"@type":"ListItem","position":1,"name":"In\u00edcio","item":"https:\/\/tce.pb.gov.br\/portalprimeirainfancia\/"},{"@type":"ListItem","position":2,"name":"TCE-PB apresenta Matriz de Achados sobre pol\u00edticas p\u00fablicas voltadas \u00e0 Primeira Inf\u00e2ncia em Encontro Estadual"}]},{"@type":"WebSite","@id":"https:\/\/tce.pb.gov.br\/portalprimeirainfancia\/#website","url":"https:\/\/tce.pb.gov.br\/portalprimeirainfancia\/","name":"Pacto Paraibano pela Primeira Inf\u00e2ncia","description":"Portal para divulga\u00e7\u00e3o do Pacto Paraibano pela Primeira Inf\u00e2ncia","publisher":{"@id":"https:\/\/tce.pb.gov.br\/portalprimeirainfancia\/#organization"},"potentialAction":[{"@type":"SearchAction","target":{"@type":"EntryPoint","urlTemplate":"https:\/\/tce.pb.gov.br\/portalprimeirainfancia\/?s={search_term_string}"},"query-input":{"@type":"PropertyValueSpecification","valueRequired":true,"valueName":"search_term_string"}}],"inLanguage":"pt-BR"},{"@type":"Organization","@id":"https:\/\/tce.pb.gov.br\/portalprimeirainfancia\/#organization","name":"Pacto Paraibano pela Primeira Inf\u00e2ncia","alternateName":"TCE-PB","url":"https:\/\/tce.pb.gov.br\/portalprimeirainfancia\/","logo":{"@type":"ImageObject","inLanguage":"pt-BR","@id":"https:\/\/tce.pb.gov.br\/portalprimeirainfancia\/#\/schema\/logo\/image\/","url":"https:\/\/tce.pb.gov.br\/portalprimeirainfancia\/wp-content\/uploads\/2025\/05\/Pacto-Whatsapp.png","contentUrl":"https:\/\/tce.pb.gov.br\/portalprimeirainfancia\/wp-content\/uploads\/2025\/05\/Pacto-Whatsapp.png","width":427,"height":427,"caption":"Pacto Paraibano pela Primeira Inf\u00e2ncia"},"image":{"@id":"https:\/\/tce.pb.gov.br\/portalprimeirainfancia\/#\/schema\/logo\/image\/"},"sameAs":["https:\/\/www.instagram.com\/tcepb\/"]},{"@type":"Person","@id":"https:\/\/tce.pb.gov.br\/portalprimeirainfancia\/#\/schema\/person\/6a39eea5836dda604de1c5e5b7d62141","name":"Rafael Massoni"}]}},"jetpack_featured_media_url":"https:\/\/tce.pb.gov.br\/portalprimeirainfancia\/wp-content\/uploads\/2025\/08\/MG_1401-1024x683-1.jpg","jetpack_sharing_enabled":true,"_links":{"self":[{"href":"https:\/\/tce.pb.gov.br\/portalprimeirainfancia\/wp-json\/wp\/v2\/posts\/29635","targetHints":{"allow":["GET"]}}],"collection":[{"href":"https:\/\/tce.pb.gov.br\/portalprimeirainfancia\/wp-json\/wp\/v2\/posts"}],"about":[{"href":"https:\/\/tce.pb.gov.br\/portalprimeirainfancia\/wp-json\/wp\/v2\/types\/post"}],"author":[{"embeddable":true,"href":"https:\/\/tce.pb.gov.br\/portalprimeirainfancia\/wp-json\/wp\/v2\/users\/6"}],"replies":[{"embeddable":true,"href":"https:\/\/tce.pb.gov.br\/portalprimeirainfancia\/wp-json\/wp\/v2\/comments?post=29635"}],"version-history":[{"count":1,"href":"https:\/\/tce.pb.gov.br\/portalprimeirainfancia\/wp-json\/wp\/v2\/posts\/29635\/revisions"}],"predecessor-version":[{"id":29637,"href":"https:\/\/tce.pb.gov.br\/portalprimeirainfancia\/wp-json\/wp\/v2\/posts\/29635\/revisions\/29637"}],"wp:featuredmedia":[{"embeddable":true,"href":"https:\/\/tce.pb.gov.br\/portalprimeirainfancia\/wp-json\/wp\/v2\/media\/29636"}],"wp:attachment":[{"href":"https:\/\/tce.pb.gov.br\/portalprimeirainfancia\/wp-json\/wp\/v2\/media?parent=29635"}],"wp:term":[{"taxonomy":"category","embeddable":true,"href":"https:\/\/tce.pb.gov.br\/portalprimeirainfancia\/wp-json\/wp\/v2\/categories?post=29635"},{"taxonomy":"post_tag","embeddable":true,"href":"https:\/\/tce.pb.gov.br\/portalprimeirainfancia\/wp-json\/wp\/v2\/tags?post=29635"}],"curies":[{"name":"wp","href":"https:\/\/api.w.org\/{rel}","templated":true}]}}