{"id":29624,"date":"2025-08-15T10:58:01","date_gmt":"2025-08-15T13:58:01","guid":{"rendered":"https:\/\/tce.pb.gov.br\/portalprimeirainfancia\/?p=29624"},"modified":"2025-08-15T13:08:01","modified_gmt":"2025-08-15T16:08:01","slug":"tce-pb-promove-em-campina-grande-encontro-estadual-e-reforca-compromisso-com-a-primeira-infancia-no-agosto-verde","status":"publish","type":"post","link":"https:\/\/tce.pb.gov.br\/portalprimeirainfancia\/tce-pb-promove-em-campina-grande-encontro-estadual-e-reforca-compromisso-com-a-primeira-infancia-no-agosto-verde\/","title":{"rendered":"TCE-PB promove em Campina Grande Encontro Estadual e refor\u00e7a compromisso com a Primeira Inf\u00e2ncia no Agosto Verde"},"content":{"rendered":"\n<figure class=\"wp-block-image aligncenter size-full\"><img fetchpriority=\"high\" decoding=\"async\" width=\"1024\" height=\"683\" src=\"https:\/\/tce.pb.gov.br\/portalprimeirainfancia\/wp-content\/uploads\/2025\/08\/image-2.png\" alt=\"\" class=\"wp-image-29625\" srcset=\"https:\/\/tce.pb.gov.br\/portalprimeirainfancia\/wp-content\/uploads\/2025\/08\/image-2.png 1024w, https:\/\/tce.pb.gov.br\/portalprimeirainfancia\/wp-content\/uploads\/2025\/08\/image-2-300x200.png 300w, https:\/\/tce.pb.gov.br\/portalprimeirainfancia\/wp-content\/uploads\/2025\/08\/image-2-768x512.png 768w\" sizes=\"(max-width: 1024px) 100vw, 1024px\" \/><\/figure>\n\n\n\n<p>Agosto \u00e9 um m\u00eas especial para o cuidado e a valoriza\u00e7\u00e3o da inf\u00e2ncia. Institu\u00eddo pela Lei n\u00ba 14.617\/2023, o M\u00eas da Primeira Inf\u00e2ncia, tamb\u00e9m conhecido como Agosto Verde, \u00e9 dedicado \u00e0 conscientiza\u00e7\u00e3o sobre a import\u00e2ncia da aten\u00e7\u00e3o integral a gestantes, beb\u00eas, crian\u00e7as de at\u00e9 seis anos e suas fam\u00edlias, em todo o territ\u00f3rio nacional.<\/p>\n\n\n\n<p>Em sintonia com essa causa, o Tribunal de Contas da Para\u00edba (TCE-PB) reafirma seu compromisso por meio do Pacto Paraibano pela Primeira Inf\u00e2ncia e realizar\u00e1, na pr\u00f3xima segunda-feira (18), o Encontro Estadual da Primeira Inf\u00e2ncia<strong>,<\/strong>&nbsp;a partir das 8h, no Teatro Facisa, na Unifacisa, em Campina Grande (PB). O evento reunir\u00e1 prefeitos, secret\u00e1rios, gestores p\u00fablicos e representantes de institui\u00e7\u00f5es parceiras para debater e fortalecer pol\u00edticas p\u00fablicas voltadas \u00e0s crian\u00e7as de 0 a 6 anos.<\/p>\n\n\n\n<p>A solenidade de abertura ser\u00e1 conduzida pelo presidente do TCE-PB, conselheiro F\u00e1bio Nogueira<strong>.<\/strong>\u00a0As inscri\u00e7\u00f5es est\u00e3o abertas e podem ser feitas pelo link:\u00a0<a href=\"https:\/\/doity.com.br\/encontro-estadual-da-primeira-infancia-em-campina-grande-novo-lote\">https:\/\/doity.com.br\/encontro-estadual-da-primeira-infancia-em-campina-grande-novo-lote<\/a><\/p>\n\n\n\n<p>Sob a coordena\u00e7\u00e3o do presidente da Comiss\u00e3o da Primeira Inf\u00e2ncia do TCE-PB, conselheiro Andr\u00e9 Carlo Torres Pontes<strong>,&nbsp;<\/strong>um dos pontos altos da programa\u00e7\u00e3o ser\u00e1 a apresenta\u00e7\u00e3o in\u00e9dita da Matriz de Achados da Auditoria Operacional em Pol\u00edticas P\u00fablicas para Primeira Inf\u00e2ncia, por meio de um Painel de Refer\u00eancia para valida\u00e7\u00e3o<strong>.<\/strong><\/p>\n\n\n\n<p>O encontro tamb\u00e9m marcar\u00e1 a divulga\u00e7\u00e3o do balan\u00e7o das a\u00e7\u00f5es estrat\u00e9gicas do TCE-PB realizadas entre janeiro e julho de 2025,<strong>&nbsp;<\/strong>evidenciando o protagonismo da Corte de Contas na defesa dos direitos da crian\u00e7a e seu compromisso com o futuro das novas gera\u00e7\u00f5es.<\/p>\n\n\n\n<p class=\"has-text-align-right\">Ascom\/TCE-PB &#8211; F\u00e1bia Carolino<\/p>\n\n\n\n<p><\/p>\n","protected":false},"excerpt":{"rendered":"<p>Agosto \u00e9 um m\u00eas especial para o cuidado e a valoriza\u00e7\u00e3o da inf\u00e2ncia. Institu\u00eddo pela Lei n\u00ba 14.617\/2023, o M\u00eas [&hellip;]<\/p>\n","protected":false},"author":6,"featured_media":29625,"comment_status":"closed","ping_status":"closed","sticky":false,"template":"","format":"standard","meta":{"site-sidebar-layout":"default","site-content-layout":"","ast-site-content-layout":"","site-content-style":"default","site-sidebar-style":"default","ast-global-header-display":"","ast-banner-title-visibility":"","ast-main-header-display":"","ast-hfb-above-header-display":"","ast-hfb-below-header-display":"","ast-hfb-mobile-header-display":"","site-post-title":"","ast-breadcrumbs-content":"","ast-featured-img":"","footer-sml-layout":"","theme-transparent-header-meta":"","adv-header-id-meta":"","stick-header-meta":"","header-above-stick-meta":"","header-main-stick-meta":"","header-below-stick-meta":"","astra-migrate-meta-layouts":"default","ast-page-background-enabled":"default","ast-page-background-meta":{"desktop":{"background-color":"var(--ast-global-color-5)","background-image":"","background-repeat":"repeat","background-position":"center center","background-size":"auto","background-attachment":"scroll","background-type":"","background-media":"","overlay-type":"","overlay-color":"","overlay-opacity":"","overlay-gradient":""},"tablet":{"background-color":"","background-image":"","background-repeat":"repeat","background-position":"center center","background-size":"auto","background-attachment":"scroll","background-type":"","background-media":"","overlay-type":"","overlay-color":"","overlay-opacity":"","overlay-gradient":""},"mobile":{"background-color":"","background-image":"","background-repeat":"repeat","background-position":"center center","background-size":"auto","background-attachment":"scroll","background-type":"","background-media":"","overlay-type":"","overlay-color":"","overlay-opacity":"","overlay-gradient":""}},"ast-content-background-meta":{"desktop":{"background-color":"var(--ast-global-color-4)","background-image":"","background-repeat":"repeat","background-position":"center center","background-size":"auto","background-attachment":"scroll","background-type":"","background-media":"","overlay-type":"","overlay-color":"","overlay-opacity":"","overlay-gradient":""},"tablet":{"background-color":"var(--ast-global-color-4)","background-image":"","background-repeat":"repeat","background-position":"center center","background-size":"auto","background-attachment":"scroll","background-type":"","background-media":"","overlay-type":"","overlay-color":"","overlay-opacity":"","overlay-gradient":""},"mobile":{"background-color":"var(--ast-global-color-4)","background-image":"","background-repeat":"repeat","background-position":"center center","background-size":"auto","background-attachment":"scroll","background-type":"","background-media":"","overlay-type":"","overlay-color":"","overlay-opacity":"","overlay-gradient":""}},"_jetpack_memberships_contains_paid_content":false,"footnotes":""},"categories":[7],"tags":[60,40,41,59,58,44,27,39,25,31,26],"class_list":["post-29624","post","type-post","status-publish","format-standard","has-post-thumbnail","hentry","category-noticias","tag-agosto-verde","tag-camaras-municipais","tag-campina-grande","tag-encontro-estadual-pela-primeira-infancia","tag-facisa","tag-joao-pessoa","tag-pacto-pela-primeira-infancia","tag-prefeituras","tag-primeira-infancia","tag-tce","tag-tce-pb"],"yoast_head":"<!-- This site is optimized with the Yoast SEO plugin v27.5 - https:\/\/yoast.com\/product\/yoast-seo-wordpress\/ -->\n<title>TCE-PB promove em Campina Grande Encontro Estadual e refor\u00e7a compromisso com a Primeira Inf\u00e2ncia no Agosto Verde %<\/title>\n<meta name=\"description\" content=\"TCE-PB promove em Campina Grande Encontro Estadual e refor\u00e7a compromisso com a Primeira Inf\u00e2ncia no Agosto Verde %\" \/>\n<meta name=\"robots\" content=\"index, follow, max-snippet:-1, max-image-preview:large, max-video-preview:-1\" \/>\n<link rel=\"canonical\" href=\"https:\/\/tce.pb.gov.br\/portalprimeirainfancia\/tce-pb-promove-em-campina-grande-encontro-estadual-e-reforca-compromisso-com-a-primeira-infancia-no-agosto-verde\/\" \/>\n<meta property=\"og:locale\" content=\"pt_BR\" \/>\n<meta property=\"og:type\" content=\"article\" \/>\n<meta property=\"og:title\" content=\"TCE-PB promove em Campina Grande Encontro Estadual e refor\u00e7a compromisso com a Primeira Inf\u00e2ncia no Agosto Verde %\" \/>\n<meta property=\"og:description\" content=\"TCE-PB promove em Campina Grande Encontro Estadual e refor\u00e7a compromisso com a Primeira Inf\u00e2ncia no Agosto Verde %\" \/>\n<meta property=\"og:url\" content=\"https:\/\/tce.pb.gov.br\/portalprimeirainfancia\/tce-pb-promove-em-campina-grande-encontro-estadual-e-reforca-compromisso-com-a-primeira-infancia-no-agosto-verde\/\" \/>\n<meta property=\"og:site_name\" content=\"Pacto Paraibano pela Primeira Inf\u00e2ncia\" \/>\n<meta property=\"article:published_time\" content=\"2025-08-15T13:58:01+00:00\" \/>\n<meta property=\"article:modified_time\" content=\"2025-08-15T16:08:01+00:00\" \/>\n<meta property=\"og:image\" content=\"https:\/\/tce.pb.gov.br\/portalprimeirainfancia\/wp-content\/uploads\/2025\/08\/image-2.png\" \/>\n\t<meta property=\"og:image:width\" content=\"1024\" \/>\n\t<meta property=\"og:image:height\" content=\"683\" \/>\n\t<meta property=\"og:image:type\" content=\"image\/png\" \/>\n<meta name=\"author\" content=\"Rafael Massoni\" \/>\n<meta name=\"twitter:card\" content=\"summary_large_image\" \/>\n<meta name=\"twitter:label1\" content=\"Escrito por\" \/>\n\t<meta name=\"twitter:data1\" content=\"Rafael Massoni\" \/>\n\t<meta name=\"twitter:label2\" content=\"Est. tempo de leitura\" \/>\n\t<meta name=\"twitter:data2\" content=\"2 minutos\" \/>\n<script type=\"application\/ld+json\" class=\"yoast-schema-graph\">{\"@context\":\"https:\\\/\\\/schema.org\",\"@graph\":[{\"@type\":\"NewsArticle\",\"@id\":\"https:\\\/\\\/tce.pb.gov.br\\\/portalprimeirainfancia\\\/tce-pb-promove-em-campina-grande-encontro-estadual-e-reforca-compromisso-com-a-primeira-infancia-no-agosto-verde\\\/#article\",\"isPartOf\":{\"@id\":\"https:\\\/\\\/tce.pb.gov.br\\\/portalprimeirainfancia\\\/tce-pb-promove-em-campina-grande-encontro-estadual-e-reforca-compromisso-com-a-primeira-infancia-no-agosto-verde\\\/\"},\"author\":{\"name\":\"Rafael Massoni\",\"@id\":\"https:\\\/\\\/tce.pb.gov.br\\\/portalprimeirainfancia\\\/#\\\/schema\\\/person\\\/6a39eea5836dda604de1c5e5b7d62141\"},\"headline\":\"TCE-PB promove em Campina Grande Encontro Estadual e refor\u00e7a compromisso com a Primeira Inf\u00e2ncia no Agosto Verde\",\"datePublished\":\"2025-08-15T13:58:01+00:00\",\"dateModified\":\"2025-08-15T16:08:01+00:00\",\"mainEntityOfPage\":{\"@id\":\"https:\\\/\\\/tce.pb.gov.br\\\/portalprimeirainfancia\\\/tce-pb-promove-em-campina-grande-encontro-estadual-e-reforca-compromisso-com-a-primeira-infancia-no-agosto-verde\\\/\"},\"wordCount\":312,\"publisher\":{\"@id\":\"https:\\\/\\\/tce.pb.gov.br\\\/portalprimeirainfancia\\\/#organization\"},\"image\":{\"@id\":\"https:\\\/\\\/tce.pb.gov.br\\\/portalprimeirainfancia\\\/tce-pb-promove-em-campina-grande-encontro-estadual-e-reforca-compromisso-com-a-primeira-infancia-no-agosto-verde\\\/#primaryimage\"},\"thumbnailUrl\":\"https:\\\/\\\/tce.pb.gov.br\\\/portalprimeirainfancia\\\/wp-content\\\/uploads\\\/2025\\\/08\\\/image-2.png\",\"keywords\":[\"agosto verde\",\"c\u00e2maras municipais\",\"campina grande\",\"encontro estadual pela primeira inf\u00e2ncia\",\"facisa\",\"joao pessoa\",\"pacto pela primeira infancia\",\"prefeituras\",\"primeira infancia\",\"tce\",\"tce-pb\"],\"articleSection\":[\"Not\u00edcias\"],\"inLanguage\":\"pt-BR\"},{\"@type\":\"WebPage\",\"@id\":\"https:\\\/\\\/tce.pb.gov.br\\\/portalprimeirainfancia\\\/tce-pb-promove-em-campina-grande-encontro-estadual-e-reforca-compromisso-com-a-primeira-infancia-no-agosto-verde\\\/\",\"url\":\"https:\\\/\\\/tce.pb.gov.br\\\/portalprimeirainfancia\\\/tce-pb-promove-em-campina-grande-encontro-estadual-e-reforca-compromisso-com-a-primeira-infancia-no-agosto-verde\\\/\",\"name\":\"TCE-PB promove em Campina Grande Encontro Estadual e refor\u00e7a compromisso com a Primeira Inf\u00e2ncia no Agosto Verde %\",\"isPartOf\":{\"@id\":\"https:\\\/\\\/tce.pb.gov.br\\\/portalprimeirainfancia\\\/#website\"},\"primaryImageOfPage\":{\"@id\":\"https:\\\/\\\/tce.pb.gov.br\\\/portalprimeirainfancia\\\/tce-pb-promove-em-campina-grande-encontro-estadual-e-reforca-compromisso-com-a-primeira-infancia-no-agosto-verde\\\/#primaryimage\"},\"image\":{\"@id\":\"https:\\\/\\\/tce.pb.gov.br\\\/portalprimeirainfancia\\\/tce-pb-promove-em-campina-grande-encontro-estadual-e-reforca-compromisso-com-a-primeira-infancia-no-agosto-verde\\\/#primaryimage\"},\"thumbnailUrl\":\"https:\\\/\\\/tce.pb.gov.br\\\/portalprimeirainfancia\\\/wp-content\\\/uploads\\\/2025\\\/08\\\/image-2.png\",\"datePublished\":\"2025-08-15T13:58:01+00:00\",\"dateModified\":\"2025-08-15T16:08:01+00:00\",\"description\":\"TCE-PB promove em Campina Grande Encontro Estadual e refor\u00e7a compromisso com a Primeira Inf\u00e2ncia no Agosto Verde %\",\"breadcrumb\":{\"@id\":\"https:\\\/\\\/tce.pb.gov.br\\\/portalprimeirainfancia\\\/tce-pb-promove-em-campina-grande-encontro-estadual-e-reforca-compromisso-com-a-primeira-infancia-no-agosto-verde\\\/#breadcrumb\"},\"inLanguage\":\"pt-BR\",\"potentialAction\":[{\"@type\":\"ReadAction\",\"target\":[\"https:\\\/\\\/tce.pb.gov.br\\\/portalprimeirainfancia\\\/tce-pb-promove-em-campina-grande-encontro-estadual-e-reforca-compromisso-com-a-primeira-infancia-no-agosto-verde\\\/\"]}]},{\"@type\":\"ImageObject\",\"inLanguage\":\"pt-BR\",\"@id\":\"https:\\\/\\\/tce.pb.gov.br\\\/portalprimeirainfancia\\\/tce-pb-promove-em-campina-grande-encontro-estadual-e-reforca-compromisso-com-a-primeira-infancia-no-agosto-verde\\\/#primaryimage\",\"url\":\"https:\\\/\\\/tce.pb.gov.br\\\/portalprimeirainfancia\\\/wp-content\\\/uploads\\\/2025\\\/08\\\/image-2.png\",\"contentUrl\":\"https:\\\/\\\/tce.pb.gov.br\\\/portalprimeirainfancia\\\/wp-content\\\/uploads\\\/2025\\\/08\\\/image-2.png\",\"width\":1024,\"height\":683},{\"@type\":\"BreadcrumbList\",\"@id\":\"https:\\\/\\\/tce.pb.gov.br\\\/portalprimeirainfancia\\\/tce-pb-promove-em-campina-grande-encontro-estadual-e-reforca-compromisso-com-a-primeira-infancia-no-agosto-verde\\\/#breadcrumb\",\"itemListElement\":[{\"@type\":\"ListItem\",\"position\":1,\"name\":\"In\u00edcio\",\"item\":\"https:\\\/\\\/tce.pb.gov.br\\\/portalprimeirainfancia\\\/\"},{\"@type\":\"ListItem\",\"position\":2,\"name\":\"TCE-PB promove em Campina Grande Encontro Estadual e refor\u00e7a compromisso com a Primeira Inf\u00e2ncia no Agosto Verde\"}]},{\"@type\":\"WebSite\",\"@id\":\"https:\\\/\\\/tce.pb.gov.br\\\/portalprimeirainfancia\\\/#website\",\"url\":\"https:\\\/\\\/tce.pb.gov.br\\\/portalprimeirainfancia\\\/\",\"name\":\"Pacto Paraibano pela Primeira Inf\u00e2ncia\",\"description\":\"Portal para divulga\u00e7\u00e3o do Pacto Paraibano pela Primeira Inf\u00e2ncia\",\"publisher\":{\"@id\":\"https:\\\/\\\/tce.pb.gov.br\\\/portalprimeirainfancia\\\/#organization\"},\"potentialAction\":[{\"@type\":\"SearchAction\",\"target\":{\"@type\":\"EntryPoint\",\"urlTemplate\":\"https:\\\/\\\/tce.pb.gov.br\\\/portalprimeirainfancia\\\/?s={search_term_string}\"},\"query-input\":{\"@type\":\"PropertyValueSpecification\",\"valueRequired\":true,\"valueName\":\"search_term_string\"}}],\"inLanguage\":\"pt-BR\"},{\"@type\":\"Organization\",\"@id\":\"https:\\\/\\\/tce.pb.gov.br\\\/portalprimeirainfancia\\\/#organization\",\"name\":\"Pacto Paraibano pela Primeira Inf\u00e2ncia\",\"alternateName\":\"TCE-PB\",\"url\":\"https:\\\/\\\/tce.pb.gov.br\\\/portalprimeirainfancia\\\/\",\"logo\":{\"@type\":\"ImageObject\",\"inLanguage\":\"pt-BR\",\"@id\":\"https:\\\/\\\/tce.pb.gov.br\\\/portalprimeirainfancia\\\/#\\\/schema\\\/logo\\\/image\\\/\",\"url\":\"https:\\\/\\\/tce.pb.gov.br\\\/portalprimeirainfancia\\\/wp-content\\\/uploads\\\/2025\\\/05\\\/Pacto-Whatsapp.png\",\"contentUrl\":\"https:\\\/\\\/tce.pb.gov.br\\\/portalprimeirainfancia\\\/wp-content\\\/uploads\\\/2025\\\/05\\\/Pacto-Whatsapp.png\",\"width\":427,\"height\":427,\"caption\":\"Pacto Paraibano pela Primeira Inf\u00e2ncia\"},\"image\":{\"@id\":\"https:\\\/\\\/tce.pb.gov.br\\\/portalprimeirainfancia\\\/#\\\/schema\\\/logo\\\/image\\\/\"},\"sameAs\":[\"https:\\\/\\\/www.instagram.com\\\/tcepb\\\/\"]},{\"@type\":\"Person\",\"@id\":\"https:\\\/\\\/tce.pb.gov.br\\\/portalprimeirainfancia\\\/#\\\/schema\\\/person\\\/6a39eea5836dda604de1c5e5b7d62141\",\"name\":\"Rafael Massoni\"}]}<\/script>\n<!-- \/ Yoast SEO plugin. -->","yoast_head_json":{"title":"TCE-PB promove em Campina Grande Encontro Estadual e refor\u00e7a compromisso com a Primeira Inf\u00e2ncia no Agosto Verde %","description":"TCE-PB promove em Campina Grande Encontro Estadual e refor\u00e7a compromisso com a Primeira Inf\u00e2ncia no Agosto Verde %","robots":{"index":"index","follow":"follow","max-snippet":"max-snippet:-1","max-image-preview":"max-image-preview:large","max-video-preview":"max-video-preview:-1"},"canonical":"https:\/\/tce.pb.gov.br\/portalprimeirainfancia\/tce-pb-promove-em-campina-grande-encontro-estadual-e-reforca-compromisso-com-a-primeira-infancia-no-agosto-verde\/","og_locale":"pt_BR","og_type":"article","og_title":"TCE-PB promove em Campina Grande Encontro Estadual e refor\u00e7a compromisso com a Primeira Inf\u00e2ncia no Agosto Verde %","og_description":"TCE-PB promove em Campina Grande Encontro Estadual e refor\u00e7a compromisso com a Primeira Inf\u00e2ncia no Agosto Verde %","og_url":"https:\/\/tce.pb.gov.br\/portalprimeirainfancia\/tce-pb-promove-em-campina-grande-encontro-estadual-e-reforca-compromisso-com-a-primeira-infancia-no-agosto-verde\/","og_site_name":"Pacto Paraibano pela Primeira Inf\u00e2ncia","article_published_time":"2025-08-15T13:58:01+00:00","article_modified_time":"2025-08-15T16:08:01+00:00","og_image":[{"width":1024,"height":683,"url":"https:\/\/tce.pb.gov.br\/portalprimeirainfancia\/wp-content\/uploads\/2025\/08\/image-2.png","type":"image\/png"}],"author":"Rafael Massoni","twitter_card":"summary_large_image","twitter_misc":{"Escrito por":"Rafael Massoni","Est. tempo de leitura":"2 minutos"},"schema":{"@context":"https:\/\/schema.org","@graph":[{"@type":"NewsArticle","@id":"https:\/\/tce.pb.gov.br\/portalprimeirainfancia\/tce-pb-promove-em-campina-grande-encontro-estadual-e-reforca-compromisso-com-a-primeira-infancia-no-agosto-verde\/#article","isPartOf":{"@id":"https:\/\/tce.pb.gov.br\/portalprimeirainfancia\/tce-pb-promove-em-campina-grande-encontro-estadual-e-reforca-compromisso-com-a-primeira-infancia-no-agosto-verde\/"},"author":{"name":"Rafael Massoni","@id":"https:\/\/tce.pb.gov.br\/portalprimeirainfancia\/#\/schema\/person\/6a39eea5836dda604de1c5e5b7d62141"},"headline":"TCE-PB promove em Campina Grande Encontro Estadual e refor\u00e7a compromisso com a Primeira Inf\u00e2ncia no Agosto Verde","datePublished":"2025-08-15T13:58:01+00:00","dateModified":"2025-08-15T16:08:01+00:00","mainEntityOfPage":{"@id":"https:\/\/tce.pb.gov.br\/portalprimeirainfancia\/tce-pb-promove-em-campina-grande-encontro-estadual-e-reforca-compromisso-com-a-primeira-infancia-no-agosto-verde\/"},"wordCount":312,"publisher":{"@id":"https:\/\/tce.pb.gov.br\/portalprimeirainfancia\/#organization"},"image":{"@id":"https:\/\/tce.pb.gov.br\/portalprimeirainfancia\/tce-pb-promove-em-campina-grande-encontro-estadual-e-reforca-compromisso-com-a-primeira-infancia-no-agosto-verde\/#primaryimage"},"thumbnailUrl":"https:\/\/tce.pb.gov.br\/portalprimeirainfancia\/wp-content\/uploads\/2025\/08\/image-2.png","keywords":["agosto verde","c\u00e2maras municipais","campina grande","encontro estadual pela primeira inf\u00e2ncia","facisa","joao pessoa","pacto pela primeira infancia","prefeituras","primeira infancia","tce","tce-pb"],"articleSection":["Not\u00edcias"],"inLanguage":"pt-BR"},{"@type":"WebPage","@id":"https:\/\/tce.pb.gov.br\/portalprimeirainfancia\/tce-pb-promove-em-campina-grande-encontro-estadual-e-reforca-compromisso-com-a-primeira-infancia-no-agosto-verde\/","url":"https:\/\/tce.pb.gov.br\/portalprimeirainfancia\/tce-pb-promove-em-campina-grande-encontro-estadual-e-reforca-compromisso-com-a-primeira-infancia-no-agosto-verde\/","name":"TCE-PB promove em Campina Grande Encontro Estadual e refor\u00e7a compromisso com a Primeira Inf\u00e2ncia no Agosto Verde %","isPartOf":{"@id":"https:\/\/tce.pb.gov.br\/portalprimeirainfancia\/#website"},"primaryImageOfPage":{"@id":"https:\/\/tce.pb.gov.br\/portalprimeirainfancia\/tce-pb-promove-em-campina-grande-encontro-estadual-e-reforca-compromisso-com-a-primeira-infancia-no-agosto-verde\/#primaryimage"},"image":{"@id":"https:\/\/tce.pb.gov.br\/portalprimeirainfancia\/tce-pb-promove-em-campina-grande-encontro-estadual-e-reforca-compromisso-com-a-primeira-infancia-no-agosto-verde\/#primaryimage"},"thumbnailUrl":"https:\/\/tce.pb.gov.br\/portalprimeirainfancia\/wp-content\/uploads\/2025\/08\/image-2.png","datePublished":"2025-08-15T13:58:01+00:00","dateModified":"2025-08-15T16:08:01+00:00","description":"TCE-PB promove em Campina Grande Encontro Estadual e refor\u00e7a compromisso com a Primeira Inf\u00e2ncia no Agosto Verde %","breadcrumb":{"@id":"https:\/\/tce.pb.gov.br\/portalprimeirainfancia\/tce-pb-promove-em-campina-grande-encontro-estadual-e-reforca-compromisso-com-a-primeira-infancia-no-agosto-verde\/#breadcrumb"},"inLanguage":"pt-BR","potentialAction":[{"@type":"ReadAction","target":["https:\/\/tce.pb.gov.br\/portalprimeirainfancia\/tce-pb-promove-em-campina-grande-encontro-estadual-e-reforca-compromisso-com-a-primeira-infancia-no-agosto-verde\/"]}]},{"@type":"ImageObject","inLanguage":"pt-BR","@id":"https:\/\/tce.pb.gov.br\/portalprimeirainfancia\/tce-pb-promove-em-campina-grande-encontro-estadual-e-reforca-compromisso-com-a-primeira-infancia-no-agosto-verde\/#primaryimage","url":"https:\/\/tce.pb.gov.br\/portalprimeirainfancia\/wp-content\/uploads\/2025\/08\/image-2.png","contentUrl":"https:\/\/tce.pb.gov.br\/portalprimeirainfancia\/wp-content\/uploads\/2025\/08\/image-2.png","width":1024,"height":683},{"@type":"BreadcrumbList","@id":"https:\/\/tce.pb.gov.br\/portalprimeirainfancia\/tce-pb-promove-em-campina-grande-encontro-estadual-e-reforca-compromisso-com-a-primeira-infancia-no-agosto-verde\/#breadcrumb","itemListElement":[{"@type":"ListItem","position":1,"name":"In\u00edcio","item":"https:\/\/tce.pb.gov.br\/portalprimeirainfancia\/"},{"@type":"ListItem","position":2,"name":"TCE-PB promove em Campina Grande Encontro Estadual e refor\u00e7a compromisso com a Primeira Inf\u00e2ncia no Agosto Verde"}]},{"@type":"WebSite","@id":"https:\/\/tce.pb.gov.br\/portalprimeirainfancia\/#website","url":"https:\/\/tce.pb.gov.br\/portalprimeirainfancia\/","name":"Pacto Paraibano pela Primeira Inf\u00e2ncia","description":"Portal para divulga\u00e7\u00e3o do Pacto Paraibano pela Primeira Inf\u00e2ncia","publisher":{"@id":"https:\/\/tce.pb.gov.br\/portalprimeirainfancia\/#organization"},"potentialAction":[{"@type":"SearchAction","target":{"@type":"EntryPoint","urlTemplate":"https:\/\/tce.pb.gov.br\/portalprimeirainfancia\/?s={search_term_string}"},"query-input":{"@type":"PropertyValueSpecification","valueRequired":true,"valueName":"search_term_string"}}],"inLanguage":"pt-BR"},{"@type":"Organization","@id":"https:\/\/tce.pb.gov.br\/portalprimeirainfancia\/#organization","name":"Pacto Paraibano pela Primeira Inf\u00e2ncia","alternateName":"TCE-PB","url":"https:\/\/tce.pb.gov.br\/portalprimeirainfancia\/","logo":{"@type":"ImageObject","inLanguage":"pt-BR","@id":"https:\/\/tce.pb.gov.br\/portalprimeirainfancia\/#\/schema\/logo\/image\/","url":"https:\/\/tce.pb.gov.br\/portalprimeirainfancia\/wp-content\/uploads\/2025\/05\/Pacto-Whatsapp.png","contentUrl":"https:\/\/tce.pb.gov.br\/portalprimeirainfancia\/wp-content\/uploads\/2025\/05\/Pacto-Whatsapp.png","width":427,"height":427,"caption":"Pacto Paraibano pela Primeira Inf\u00e2ncia"},"image":{"@id":"https:\/\/tce.pb.gov.br\/portalprimeirainfancia\/#\/schema\/logo\/image\/"},"sameAs":["https:\/\/www.instagram.com\/tcepb\/"]},{"@type":"Person","@id":"https:\/\/tce.pb.gov.br\/portalprimeirainfancia\/#\/schema\/person\/6a39eea5836dda604de1c5e5b7d62141","name":"Rafael Massoni"}]}},"jetpack_featured_media_url":"https:\/\/tce.pb.gov.br\/portalprimeirainfancia\/wp-content\/uploads\/2025\/08\/image-2.png","jetpack_sharing_enabled":true,"_links":{"self":[{"href":"https:\/\/tce.pb.gov.br\/portalprimeirainfancia\/wp-json\/wp\/v2\/posts\/29624","targetHints":{"allow":["GET"]}}],"collection":[{"href":"https:\/\/tce.pb.gov.br\/portalprimeirainfancia\/wp-json\/wp\/v2\/posts"}],"about":[{"href":"https:\/\/tce.pb.gov.br\/portalprimeirainfancia\/wp-json\/wp\/v2\/types\/post"}],"author":[{"embeddable":true,"href":"https:\/\/tce.pb.gov.br\/portalprimeirainfancia\/wp-json\/wp\/v2\/users\/6"}],"replies":[{"embeddable":true,"href":"https:\/\/tce.pb.gov.br\/portalprimeirainfancia\/wp-json\/wp\/v2\/comments?post=29624"}],"version-history":[{"count":3,"href":"https:\/\/tce.pb.gov.br\/portalprimeirainfancia\/wp-json\/wp\/v2\/posts\/29624\/revisions"}],"predecessor-version":[{"id":29630,"href":"https:\/\/tce.pb.gov.br\/portalprimeirainfancia\/wp-json\/wp\/v2\/posts\/29624\/revisions\/29630"}],"wp:featuredmedia":[{"embeddable":true,"href":"https:\/\/tce.pb.gov.br\/portalprimeirainfancia\/wp-json\/wp\/v2\/media\/29625"}],"wp:attachment":[{"href":"https:\/\/tce.pb.gov.br\/portalprimeirainfancia\/wp-json\/wp\/v2\/media?parent=29624"}],"wp:term":[{"taxonomy":"category","embeddable":true,"href":"https:\/\/tce.pb.gov.br\/portalprimeirainfancia\/wp-json\/wp\/v2\/categories?post=29624"},{"taxonomy":"post_tag","embeddable":true,"href":"https:\/\/tce.pb.gov.br\/portalprimeirainfancia\/wp-json\/wp\/v2\/tags?post=29624"}],"curies":[{"name":"wp","href":"https:\/\/api.w.org\/{rel}","templated":true}]}}