{"id":29549,"date":"2025-08-08T08:58:00","date_gmt":"2025-08-08T11:58:00","guid":{"rendered":"https:\/\/tce.pb.gov.br\/portalprimeirainfancia\/?p=29549"},"modified":"2025-08-15T13:01:40","modified_gmt":"2025-08-15T16:01:40","slug":"tce-pb-convida-prefeitos-e-gestores-para-o-encontro-estadual-da-primeira-infancia-em-campina-grande","status":"publish","type":"post","link":"https:\/\/tce.pb.gov.br\/portalprimeirainfancia\/tce-pb-convida-prefeitos-e-gestores-para-o-encontro-estadual-da-primeira-infancia-em-campina-grande\/","title":{"rendered":"TCE-PB convida prefeitos e gestores para o Encontro Estadual da Primeira Inf\u00e2ncia em Campina Grande"},"content":{"rendered":"\n<figure class=\"wp-block-image aligncenter size-large\"><img fetchpriority=\"high\" decoding=\"async\" width=\"1024\" height=\"683\" src=\"https:\/\/tce.pb.gov.br\/portalprimeirainfancia\/wp-content\/uploads\/2025\/08\/image-1-1024x683.png\" alt=\"\" class=\"wp-image-29620\" srcset=\"https:\/\/tce.pb.gov.br\/portalprimeirainfancia\/wp-content\/uploads\/2025\/08\/image-1-1024x683.png 1024w, https:\/\/tce.pb.gov.br\/portalprimeirainfancia\/wp-content\/uploads\/2025\/08\/image-1-300x200.png 300w, https:\/\/tce.pb.gov.br\/portalprimeirainfancia\/wp-content\/uploads\/2025\/08\/image-1-768x512.png 768w, https:\/\/tce.pb.gov.br\/portalprimeirainfancia\/wp-content\/uploads\/2025\/08\/image-1-1536x1024.png 1536w, https:\/\/tce.pb.gov.br\/portalprimeirainfancia\/wp-content\/uploads\/2025\/08\/image-1.png 1920w\" sizes=\"(max-width: 1024px) 100vw, 1024px\" \/><\/figure>\n\n\n\n<p>Em celebra\u00e7\u00e3o ao M\u00eas da Primeira Inf\u00e2ncia, institu\u00eddo pela Lei n\u00ba 14.617\/2023, o Tribunal de Contas da Para\u00edba (TCE-PB) convida prefeitos, gestores p\u00fablicos e representantes de institui\u00e7\u00f5es parceiras a participarem do Encontro Estadual da Primeira Inf\u00e2ncia, que ser\u00e1 realizado no pr\u00f3ximo dia 18 de agosto, no Teatro Facisa, localizado na Unifacisa, em Campina Grande (PB), a partir das 8h. O Encontro ser\u00e1 aberto pelo presidente do TCE-PB, conselheiro F\u00e1bio Nogueira.\u00a0<br>Link da inscri\u00e7\u00e3o:\u00a0<a href=\"https:\/\/doity.com.br\/encontro-estadual-da-primeira-infancia-em-campina-grande-novo-lote\"><a href=\"https:\/\/doity.com.br\/encontro-estadual-da-primeira-infancia-em-campina-grande-novo-lote\">https:\/\/doity.com.br\/encontro-estadual-da-primeira-infancia-em-campina-grande-novo-lote<\/a><\/a><\/p>\n\n\n\n<p>O evento ser\u00e1 coordenado pelo presidente da Comiss\u00e3o da Primeira Inf\u00e2ncia do TCE-PB, conselheiro Andr\u00e9 Carlo Torres Pontes, e reunir\u00e1 especialistas, autoridades e gestores para discutir estrat\u00e9gias de fortalecimento das pol\u00edticas p\u00fablicas voltadas \u00e0s crian\u00e7as de 0<strong>&nbsp;<\/strong>a 6 anos.<\/p>\n\n\n\n<p>Durante o encontro, ser\u00e1 apresentada, em primeira m\u00e3o, a Matriz de Achados da Auditoria Operacional em Pol\u00edticas P\u00fablicas para Primeira Inf\u00e2ncia, por meio de um Painel de Refer\u00eancia para valida\u00e7\u00e3o.<\/p>\n\n\n\n<p>A programa\u00e7\u00e3o tamb\u00e9m incluir\u00e1 o balan\u00e7o das a\u00e7\u00f5es estrat\u00e9gicas realizadas pela Corte de Contas entre janeiro e julho de 2025, reafirmando o protagonismo do TCE-PB na pauta da inf\u00e2ncia e seu compromisso com a prote\u00e7\u00e3o e o futuro das novas gera\u00e7\u00f5es.<\/p>\n\n\n\n<p class=\"has-text-align-right\">Ascom\/TCE-PB &#8211; F\u00e1bia Carolino<\/p>\n\n\n\n<p><\/p>\n","protected":false},"excerpt":{"rendered":"<p>Em celebra\u00e7\u00e3o ao M\u00eas da Primeira Inf\u00e2ncia, institu\u00eddo pela Lei n\u00ba 14.617\/2023, o Tribunal de Contas da Para\u00edba (TCE-PB) convida [&hellip;]<\/p>\n","protected":false},"author":6,"featured_media":29550,"comment_status":"closed","ping_status":"closed","sticky":false,"template":"","format":"standard","meta":{"site-sidebar-layout":"default","site-content-layout":"","ast-site-content-layout":"","site-content-style":"default","site-sidebar-style":"default","ast-global-header-display":"","ast-banner-title-visibility":"","ast-main-header-display":"","ast-hfb-above-header-display":"","ast-hfb-below-header-display":"","ast-hfb-mobile-header-display":"","site-post-title":"","ast-breadcrumbs-content":"","ast-featured-img":"","footer-sml-layout":"","theme-transparent-header-meta":"","adv-header-id-meta":"","stick-header-meta":"","header-above-stick-meta":"","header-main-stick-meta":"","header-below-stick-meta":"","astra-migrate-meta-layouts":"default","ast-page-background-enabled":"default","ast-page-background-meta":{"desktop":{"background-color":"var(--ast-global-color-5)","background-image":"","background-repeat":"repeat","background-position":"center center","background-size":"auto","background-attachment":"scroll","background-type":"","background-media":"","overlay-type":"","overlay-color":"","overlay-opacity":"","overlay-gradient":""},"tablet":{"background-color":"","background-image":"","background-repeat":"repeat","background-position":"center center","background-size":"auto","background-attachment":"scroll","background-type":"","background-media":"","overlay-type":"","overlay-color":"","overlay-opacity":"","overlay-gradient":""},"mobile":{"background-color":"","background-image":"","background-repeat":"repeat","background-position":"center center","background-size":"auto","background-attachment":"scroll","background-type":"","background-media":"","overlay-type":"","overlay-color":"","overlay-opacity":"","overlay-gradient":""}},"ast-content-background-meta":{"desktop":{"background-color":"var(--ast-global-color-4)","background-image":"","background-repeat":"repeat","background-position":"center center","background-size":"auto","background-attachment":"scroll","background-type":"","background-media":"","overlay-type":"","overlay-color":"","overlay-opacity":"","overlay-gradient":""},"tablet":{"background-color":"var(--ast-global-color-4)","background-image":"","background-repeat":"repeat","background-position":"center center","background-size":"auto","background-attachment":"scroll","background-type":"","background-media":"","overlay-type":"","overlay-color":"","overlay-opacity":"","overlay-gradient":""},"mobile":{"background-color":"var(--ast-global-color-4)","background-image":"","background-repeat":"repeat","background-position":"center center","background-size":"auto","background-attachment":"scroll","background-type":"","background-media":"","overlay-type":"","overlay-color":"","overlay-opacity":"","overlay-gradient":""}},"_jetpack_memberships_contains_paid_content":false,"footnotes":""},"categories":[7],"tags":[41,27,39,25,31,26],"class_list":["post-29549","post","type-post","status-publish","format-standard","has-post-thumbnail","hentry","category-noticias","tag-campina-grande","tag-pacto-pela-primeira-infancia","tag-prefeituras","tag-primeira-infancia","tag-tce","tag-tce-pb"],"yoast_head":"<!-- This site is optimized with the Yoast SEO plugin v27.5 - https:\/\/yoast.com\/product\/yoast-seo-wordpress\/ -->\n<title>TCE-PB convida prefeitos e gestores para o Encontro Estadual da Primeira Inf\u00e2ncia em Campina Grande %<\/title>\n<meta name=\"description\" content=\"TCE-PB convida prefeitos e gestores para o Encontro Estadual da Primeira Inf\u00e2ncia em Campina Grande %\" \/>\n<meta name=\"robots\" content=\"index, follow, max-snippet:-1, max-image-preview:large, max-video-preview:-1\" \/>\n<link rel=\"canonical\" href=\"https:\/\/tce.pb.gov.br\/portalprimeirainfancia\/tce-pb-convida-prefeitos-e-gestores-para-o-encontro-estadual-da-primeira-infancia-em-campina-grande\/\" \/>\n<meta property=\"og:locale\" content=\"pt_BR\" \/>\n<meta property=\"og:type\" content=\"article\" \/>\n<meta property=\"og:title\" content=\"TCE-PB convida prefeitos e gestores para o Encontro Estadual da Primeira Inf\u00e2ncia em Campina Grande %\" \/>\n<meta property=\"og:description\" content=\"TCE-PB convida prefeitos e gestores para o Encontro Estadual da Primeira Inf\u00e2ncia em Campina Grande %\" \/>\n<meta property=\"og:url\" content=\"https:\/\/tce.pb.gov.br\/portalprimeirainfancia\/tce-pb-convida-prefeitos-e-gestores-para-o-encontro-estadual-da-primeira-infancia-em-campina-grande\/\" \/>\n<meta property=\"og:site_name\" content=\"Pacto Paraibano pela Primeira Inf\u00e2ncia\" \/>\n<meta property=\"article:published_time\" content=\"2025-08-08T11:58:00+00:00\" \/>\n<meta property=\"article:modified_time\" content=\"2025-08-15T16:01:40+00:00\" \/>\n<meta property=\"og:image\" content=\"https:\/\/tce.pb.gov.br\/portalprimeirainfancia\/wp-content\/uploads\/2025\/08\/image.png\" \/>\n\t<meta property=\"og:image:width\" content=\"1024\" \/>\n\t<meta property=\"og:image:height\" content=\"683\" \/>\n\t<meta property=\"og:image:type\" content=\"image\/png\" \/>\n<meta name=\"author\" content=\"Rafael Massoni\" \/>\n<meta name=\"twitter:card\" content=\"summary_large_image\" \/>\n<meta name=\"twitter:label1\" content=\"Escrito por\" \/>\n\t<meta name=\"twitter:data1\" content=\"Rafael Massoni\" \/>\n\t<meta name=\"twitter:label2\" content=\"Est. tempo de leitura\" \/>\n\t<meta name=\"twitter:data2\" content=\"2 minutos\" \/>\n<script type=\"application\/ld+json\" class=\"yoast-schema-graph\">{\"@context\":\"https:\\\/\\\/schema.org\",\"@graph\":[{\"@type\":\"NewsArticle\",\"@id\":\"https:\\\/\\\/tce.pb.gov.br\\\/portalprimeirainfancia\\\/tce-pb-convida-prefeitos-e-gestores-para-o-encontro-estadual-da-primeira-infancia-em-campina-grande\\\/#article\",\"isPartOf\":{\"@id\":\"https:\\\/\\\/tce.pb.gov.br\\\/portalprimeirainfancia\\\/tce-pb-convida-prefeitos-e-gestores-para-o-encontro-estadual-da-primeira-infancia-em-campina-grande\\\/\"},\"author\":{\"name\":\"Rafael Massoni\",\"@id\":\"https:\\\/\\\/tce.pb.gov.br\\\/portalprimeirainfancia\\\/#\\\/schema\\\/person\\\/6a39eea5836dda604de1c5e5b7d62141\"},\"headline\":\"TCE-PB convida prefeitos e gestores para o Encontro Estadual da Primeira Inf\u00e2ncia em Campina Grande\",\"datePublished\":\"2025-08-08T11:58:00+00:00\",\"dateModified\":\"2025-08-15T16:01:40+00:00\",\"mainEntityOfPage\":{\"@id\":\"https:\\\/\\\/tce.pb.gov.br\\\/portalprimeirainfancia\\\/tce-pb-convida-prefeitos-e-gestores-para-o-encontro-estadual-da-primeira-infancia-em-campina-grande\\\/\"},\"wordCount\":238,\"publisher\":{\"@id\":\"https:\\\/\\\/tce.pb.gov.br\\\/portalprimeirainfancia\\\/#organization\"},\"image\":{\"@id\":\"https:\\\/\\\/tce.pb.gov.br\\\/portalprimeirainfancia\\\/tce-pb-convida-prefeitos-e-gestores-para-o-encontro-estadual-da-primeira-infancia-em-campina-grande\\\/#primaryimage\"},\"thumbnailUrl\":\"https:\\\/\\\/tce.pb.gov.br\\\/portalprimeirainfancia\\\/wp-content\\\/uploads\\\/2025\\\/08\\\/image.png\",\"keywords\":[\"campina grande\",\"pacto pela primeira infancia\",\"prefeituras\",\"primeira infancia\",\"tce\",\"tce-pb\"],\"articleSection\":[\"Not\u00edcias\"],\"inLanguage\":\"pt-BR\"},{\"@type\":\"WebPage\",\"@id\":\"https:\\\/\\\/tce.pb.gov.br\\\/portalprimeirainfancia\\\/tce-pb-convida-prefeitos-e-gestores-para-o-encontro-estadual-da-primeira-infancia-em-campina-grande\\\/\",\"url\":\"https:\\\/\\\/tce.pb.gov.br\\\/portalprimeirainfancia\\\/tce-pb-convida-prefeitos-e-gestores-para-o-encontro-estadual-da-primeira-infancia-em-campina-grande\\\/\",\"name\":\"TCE-PB convida prefeitos e gestores para o Encontro Estadual da Primeira Inf\u00e2ncia em Campina Grande %\",\"isPartOf\":{\"@id\":\"https:\\\/\\\/tce.pb.gov.br\\\/portalprimeirainfancia\\\/#website\"},\"primaryImageOfPage\":{\"@id\":\"https:\\\/\\\/tce.pb.gov.br\\\/portalprimeirainfancia\\\/tce-pb-convida-prefeitos-e-gestores-para-o-encontro-estadual-da-primeira-infancia-em-campina-grande\\\/#primaryimage\"},\"image\":{\"@id\":\"https:\\\/\\\/tce.pb.gov.br\\\/portalprimeirainfancia\\\/tce-pb-convida-prefeitos-e-gestores-para-o-encontro-estadual-da-primeira-infancia-em-campina-grande\\\/#primaryimage\"},\"thumbnailUrl\":\"https:\\\/\\\/tce.pb.gov.br\\\/portalprimeirainfancia\\\/wp-content\\\/uploads\\\/2025\\\/08\\\/image.png\",\"datePublished\":\"2025-08-08T11:58:00+00:00\",\"dateModified\":\"2025-08-15T16:01:40+00:00\",\"description\":\"TCE-PB convida prefeitos e gestores para o Encontro Estadual da Primeira Inf\u00e2ncia em Campina Grande %\",\"breadcrumb\":{\"@id\":\"https:\\\/\\\/tce.pb.gov.br\\\/portalprimeirainfancia\\\/tce-pb-convida-prefeitos-e-gestores-para-o-encontro-estadual-da-primeira-infancia-em-campina-grande\\\/#breadcrumb\"},\"inLanguage\":\"pt-BR\",\"potentialAction\":[{\"@type\":\"ReadAction\",\"target\":[\"https:\\\/\\\/tce.pb.gov.br\\\/portalprimeirainfancia\\\/tce-pb-convida-prefeitos-e-gestores-para-o-encontro-estadual-da-primeira-infancia-em-campina-grande\\\/\"]}]},{\"@type\":\"ImageObject\",\"inLanguage\":\"pt-BR\",\"@id\":\"https:\\\/\\\/tce.pb.gov.br\\\/portalprimeirainfancia\\\/tce-pb-convida-prefeitos-e-gestores-para-o-encontro-estadual-da-primeira-infancia-em-campina-grande\\\/#primaryimage\",\"url\":\"https:\\\/\\\/tce.pb.gov.br\\\/portalprimeirainfancia\\\/wp-content\\\/uploads\\\/2025\\\/08\\\/image.png\",\"contentUrl\":\"https:\\\/\\\/tce.pb.gov.br\\\/portalprimeirainfancia\\\/wp-content\\\/uploads\\\/2025\\\/08\\\/image.png\",\"width\":1024,\"height\":683},{\"@type\":\"BreadcrumbList\",\"@id\":\"https:\\\/\\\/tce.pb.gov.br\\\/portalprimeirainfancia\\\/tce-pb-convida-prefeitos-e-gestores-para-o-encontro-estadual-da-primeira-infancia-em-campina-grande\\\/#breadcrumb\",\"itemListElement\":[{\"@type\":\"ListItem\",\"position\":1,\"name\":\"In\u00edcio\",\"item\":\"https:\\\/\\\/tce.pb.gov.br\\\/portalprimeirainfancia\\\/\"},{\"@type\":\"ListItem\",\"position\":2,\"name\":\"TCE-PB convida prefeitos e gestores para o Encontro Estadual da Primeira Inf\u00e2ncia em Campina Grande\"}]},{\"@type\":\"WebSite\",\"@id\":\"https:\\\/\\\/tce.pb.gov.br\\\/portalprimeirainfancia\\\/#website\",\"url\":\"https:\\\/\\\/tce.pb.gov.br\\\/portalprimeirainfancia\\\/\",\"name\":\"Pacto Paraibano pela Primeira Inf\u00e2ncia\",\"description\":\"Portal para divulga\u00e7\u00e3o do Pacto Paraibano pela Primeira Inf\u00e2ncia\",\"publisher\":{\"@id\":\"https:\\\/\\\/tce.pb.gov.br\\\/portalprimeirainfancia\\\/#organization\"},\"potentialAction\":[{\"@type\":\"SearchAction\",\"target\":{\"@type\":\"EntryPoint\",\"urlTemplate\":\"https:\\\/\\\/tce.pb.gov.br\\\/portalprimeirainfancia\\\/?s={search_term_string}\"},\"query-input\":{\"@type\":\"PropertyValueSpecification\",\"valueRequired\":true,\"valueName\":\"search_term_string\"}}],\"inLanguage\":\"pt-BR\"},{\"@type\":\"Organization\",\"@id\":\"https:\\\/\\\/tce.pb.gov.br\\\/portalprimeirainfancia\\\/#organization\",\"name\":\"Pacto Paraibano pela Primeira Inf\u00e2ncia\",\"alternateName\":\"TCE-PB\",\"url\":\"https:\\\/\\\/tce.pb.gov.br\\\/portalprimeirainfancia\\\/\",\"logo\":{\"@type\":\"ImageObject\",\"inLanguage\":\"pt-BR\",\"@id\":\"https:\\\/\\\/tce.pb.gov.br\\\/portalprimeirainfancia\\\/#\\\/schema\\\/logo\\\/image\\\/\",\"url\":\"https:\\\/\\\/tce.pb.gov.br\\\/portalprimeirainfancia\\\/wp-content\\\/uploads\\\/2025\\\/05\\\/Pacto-Whatsapp.png\",\"contentUrl\":\"https:\\\/\\\/tce.pb.gov.br\\\/portalprimeirainfancia\\\/wp-content\\\/uploads\\\/2025\\\/05\\\/Pacto-Whatsapp.png\",\"width\":427,\"height\":427,\"caption\":\"Pacto Paraibano pela Primeira Inf\u00e2ncia\"},\"image\":{\"@id\":\"https:\\\/\\\/tce.pb.gov.br\\\/portalprimeirainfancia\\\/#\\\/schema\\\/logo\\\/image\\\/\"},\"sameAs\":[\"https:\\\/\\\/www.instagram.com\\\/tcepb\\\/\"]},{\"@type\":\"Person\",\"@id\":\"https:\\\/\\\/tce.pb.gov.br\\\/portalprimeirainfancia\\\/#\\\/schema\\\/person\\\/6a39eea5836dda604de1c5e5b7d62141\",\"name\":\"Rafael Massoni\"}]}<\/script>\n<!-- \/ Yoast SEO plugin. -->","yoast_head_json":{"title":"TCE-PB convida prefeitos e gestores para o Encontro Estadual da Primeira Inf\u00e2ncia em Campina Grande %","description":"TCE-PB convida prefeitos e gestores para o Encontro Estadual da Primeira Inf\u00e2ncia em Campina Grande %","robots":{"index":"index","follow":"follow","max-snippet":"max-snippet:-1","max-image-preview":"max-image-preview:large","max-video-preview":"max-video-preview:-1"},"canonical":"https:\/\/tce.pb.gov.br\/portalprimeirainfancia\/tce-pb-convida-prefeitos-e-gestores-para-o-encontro-estadual-da-primeira-infancia-em-campina-grande\/","og_locale":"pt_BR","og_type":"article","og_title":"TCE-PB convida prefeitos e gestores para o Encontro Estadual da Primeira Inf\u00e2ncia em Campina Grande %","og_description":"TCE-PB convida prefeitos e gestores para o Encontro Estadual da Primeira Inf\u00e2ncia em Campina Grande %","og_url":"https:\/\/tce.pb.gov.br\/portalprimeirainfancia\/tce-pb-convida-prefeitos-e-gestores-para-o-encontro-estadual-da-primeira-infancia-em-campina-grande\/","og_site_name":"Pacto Paraibano pela Primeira Inf\u00e2ncia","article_published_time":"2025-08-08T11:58:00+00:00","article_modified_time":"2025-08-15T16:01:40+00:00","og_image":[{"width":1024,"height":683,"url":"https:\/\/tce.pb.gov.br\/portalprimeirainfancia\/wp-content\/uploads\/2025\/08\/image.png","type":"image\/png"}],"author":"Rafael Massoni","twitter_card":"summary_large_image","twitter_misc":{"Escrito por":"Rafael Massoni","Est. tempo de leitura":"2 minutos"},"schema":{"@context":"https:\/\/schema.org","@graph":[{"@type":"NewsArticle","@id":"https:\/\/tce.pb.gov.br\/portalprimeirainfancia\/tce-pb-convida-prefeitos-e-gestores-para-o-encontro-estadual-da-primeira-infancia-em-campina-grande\/#article","isPartOf":{"@id":"https:\/\/tce.pb.gov.br\/portalprimeirainfancia\/tce-pb-convida-prefeitos-e-gestores-para-o-encontro-estadual-da-primeira-infancia-em-campina-grande\/"},"author":{"name":"Rafael Massoni","@id":"https:\/\/tce.pb.gov.br\/portalprimeirainfancia\/#\/schema\/person\/6a39eea5836dda604de1c5e5b7d62141"},"headline":"TCE-PB convida prefeitos e gestores para o Encontro Estadual da Primeira Inf\u00e2ncia em Campina Grande","datePublished":"2025-08-08T11:58:00+00:00","dateModified":"2025-08-15T16:01:40+00:00","mainEntityOfPage":{"@id":"https:\/\/tce.pb.gov.br\/portalprimeirainfancia\/tce-pb-convida-prefeitos-e-gestores-para-o-encontro-estadual-da-primeira-infancia-em-campina-grande\/"},"wordCount":238,"publisher":{"@id":"https:\/\/tce.pb.gov.br\/portalprimeirainfancia\/#organization"},"image":{"@id":"https:\/\/tce.pb.gov.br\/portalprimeirainfancia\/tce-pb-convida-prefeitos-e-gestores-para-o-encontro-estadual-da-primeira-infancia-em-campina-grande\/#primaryimage"},"thumbnailUrl":"https:\/\/tce.pb.gov.br\/portalprimeirainfancia\/wp-content\/uploads\/2025\/08\/image.png","keywords":["campina grande","pacto pela primeira infancia","prefeituras","primeira infancia","tce","tce-pb"],"articleSection":["Not\u00edcias"],"inLanguage":"pt-BR"},{"@type":"WebPage","@id":"https:\/\/tce.pb.gov.br\/portalprimeirainfancia\/tce-pb-convida-prefeitos-e-gestores-para-o-encontro-estadual-da-primeira-infancia-em-campina-grande\/","url":"https:\/\/tce.pb.gov.br\/portalprimeirainfancia\/tce-pb-convida-prefeitos-e-gestores-para-o-encontro-estadual-da-primeira-infancia-em-campina-grande\/","name":"TCE-PB convida prefeitos e gestores para o Encontro Estadual da Primeira Inf\u00e2ncia em Campina Grande %","isPartOf":{"@id":"https:\/\/tce.pb.gov.br\/portalprimeirainfancia\/#website"},"primaryImageOfPage":{"@id":"https:\/\/tce.pb.gov.br\/portalprimeirainfancia\/tce-pb-convida-prefeitos-e-gestores-para-o-encontro-estadual-da-primeira-infancia-em-campina-grande\/#primaryimage"},"image":{"@id":"https:\/\/tce.pb.gov.br\/portalprimeirainfancia\/tce-pb-convida-prefeitos-e-gestores-para-o-encontro-estadual-da-primeira-infancia-em-campina-grande\/#primaryimage"},"thumbnailUrl":"https:\/\/tce.pb.gov.br\/portalprimeirainfancia\/wp-content\/uploads\/2025\/08\/image.png","datePublished":"2025-08-08T11:58:00+00:00","dateModified":"2025-08-15T16:01:40+00:00","description":"TCE-PB convida prefeitos e gestores para o Encontro Estadual da Primeira Inf\u00e2ncia em Campina Grande %","breadcrumb":{"@id":"https:\/\/tce.pb.gov.br\/portalprimeirainfancia\/tce-pb-convida-prefeitos-e-gestores-para-o-encontro-estadual-da-primeira-infancia-em-campina-grande\/#breadcrumb"},"inLanguage":"pt-BR","potentialAction":[{"@type":"ReadAction","target":["https:\/\/tce.pb.gov.br\/portalprimeirainfancia\/tce-pb-convida-prefeitos-e-gestores-para-o-encontro-estadual-da-primeira-infancia-em-campina-grande\/"]}]},{"@type":"ImageObject","inLanguage":"pt-BR","@id":"https:\/\/tce.pb.gov.br\/portalprimeirainfancia\/tce-pb-convida-prefeitos-e-gestores-para-o-encontro-estadual-da-primeira-infancia-em-campina-grande\/#primaryimage","url":"https:\/\/tce.pb.gov.br\/portalprimeirainfancia\/wp-content\/uploads\/2025\/08\/image.png","contentUrl":"https:\/\/tce.pb.gov.br\/portalprimeirainfancia\/wp-content\/uploads\/2025\/08\/image.png","width":1024,"height":683},{"@type":"BreadcrumbList","@id":"https:\/\/tce.pb.gov.br\/portalprimeirainfancia\/tce-pb-convida-prefeitos-e-gestores-para-o-encontro-estadual-da-primeira-infancia-em-campina-grande\/#breadcrumb","itemListElement":[{"@type":"ListItem","position":1,"name":"In\u00edcio","item":"https:\/\/tce.pb.gov.br\/portalprimeirainfancia\/"},{"@type":"ListItem","position":2,"name":"TCE-PB convida prefeitos e gestores para o Encontro Estadual da Primeira Inf\u00e2ncia em Campina Grande"}]},{"@type":"WebSite","@id":"https:\/\/tce.pb.gov.br\/portalprimeirainfancia\/#website","url":"https:\/\/tce.pb.gov.br\/portalprimeirainfancia\/","name":"Pacto Paraibano pela Primeira Inf\u00e2ncia","description":"Portal para divulga\u00e7\u00e3o do Pacto Paraibano pela Primeira Inf\u00e2ncia","publisher":{"@id":"https:\/\/tce.pb.gov.br\/portalprimeirainfancia\/#organization"},"potentialAction":[{"@type":"SearchAction","target":{"@type":"EntryPoint","urlTemplate":"https:\/\/tce.pb.gov.br\/portalprimeirainfancia\/?s={search_term_string}"},"query-input":{"@type":"PropertyValueSpecification","valueRequired":true,"valueName":"search_term_string"}}],"inLanguage":"pt-BR"},{"@type":"Organization","@id":"https:\/\/tce.pb.gov.br\/portalprimeirainfancia\/#organization","name":"Pacto Paraibano pela Primeira Inf\u00e2ncia","alternateName":"TCE-PB","url":"https:\/\/tce.pb.gov.br\/portalprimeirainfancia\/","logo":{"@type":"ImageObject","inLanguage":"pt-BR","@id":"https:\/\/tce.pb.gov.br\/portalprimeirainfancia\/#\/schema\/logo\/image\/","url":"https:\/\/tce.pb.gov.br\/portalprimeirainfancia\/wp-content\/uploads\/2025\/05\/Pacto-Whatsapp.png","contentUrl":"https:\/\/tce.pb.gov.br\/portalprimeirainfancia\/wp-content\/uploads\/2025\/05\/Pacto-Whatsapp.png","width":427,"height":427,"caption":"Pacto Paraibano pela Primeira Inf\u00e2ncia"},"image":{"@id":"https:\/\/tce.pb.gov.br\/portalprimeirainfancia\/#\/schema\/logo\/image\/"},"sameAs":["https:\/\/www.instagram.com\/tcepb\/"]},{"@type":"Person","@id":"https:\/\/tce.pb.gov.br\/portalprimeirainfancia\/#\/schema\/person\/6a39eea5836dda604de1c5e5b7d62141","name":"Rafael Massoni"}]}},"jetpack_featured_media_url":"https:\/\/tce.pb.gov.br\/portalprimeirainfancia\/wp-content\/uploads\/2025\/08\/image.png","jetpack_sharing_enabled":true,"_links":{"self":[{"href":"https:\/\/tce.pb.gov.br\/portalprimeirainfancia\/wp-json\/wp\/v2\/posts\/29549","targetHints":{"allow":["GET"]}}],"collection":[{"href":"https:\/\/tce.pb.gov.br\/portalprimeirainfancia\/wp-json\/wp\/v2\/posts"}],"about":[{"href":"https:\/\/tce.pb.gov.br\/portalprimeirainfancia\/wp-json\/wp\/v2\/types\/post"}],"author":[{"embeddable":true,"href":"https:\/\/tce.pb.gov.br\/portalprimeirainfancia\/wp-json\/wp\/v2\/users\/6"}],"replies":[{"embeddable":true,"href":"https:\/\/tce.pb.gov.br\/portalprimeirainfancia\/wp-json\/wp\/v2\/comments?post=29549"}],"version-history":[{"count":5,"href":"https:\/\/tce.pb.gov.br\/portalprimeirainfancia\/wp-json\/wp\/v2\/posts\/29549\/revisions"}],"predecessor-version":[{"id":29628,"href":"https:\/\/tce.pb.gov.br\/portalprimeirainfancia\/wp-json\/wp\/v2\/posts\/29549\/revisions\/29628"}],"wp:featuredmedia":[{"embeddable":true,"href":"https:\/\/tce.pb.gov.br\/portalprimeirainfancia\/wp-json\/wp\/v2\/media\/29550"}],"wp:attachment":[{"href":"https:\/\/tce.pb.gov.br\/portalprimeirainfancia\/wp-json\/wp\/v2\/media?parent=29549"}],"wp:term":[{"taxonomy":"category","embeddable":true,"href":"https:\/\/tce.pb.gov.br\/portalprimeirainfancia\/wp-json\/wp\/v2\/categories?post=29549"},{"taxonomy":"post_tag","embeddable":true,"href":"https:\/\/tce.pb.gov.br\/portalprimeirainfancia\/wp-json\/wp\/v2\/tags?post=29549"}],"curies":[{"name":"wp","href":"https:\/\/api.w.org\/{rel}","templated":true}]}}