{"id":29540,"date":"2025-07-31T09:42:00","date_gmt":"2025-07-31T12:42:00","guid":{"rendered":"https:\/\/tce.pb.gov.br\/portalprimeirainfancia\/?p=29540"},"modified":"2025-08-01T09:49:32","modified_gmt":"2025-08-01T12:49:32","slug":"tce-pb-vai-promover-encontro-estadual-da-primeira-infancia-e-destaca-acoes-pelo-desenvolvimento-infantil","status":"publish","type":"post","link":"https:\/\/tce.pb.gov.br\/portalprimeirainfancia\/tce-pb-vai-promover-encontro-estadual-da-primeira-infancia-e-destaca-acoes-pelo-desenvolvimento-infantil\/","title":{"rendered":"TCE-PB vai promover Encontro Estadual da Primeira Inf\u00e2ncia e destaca a\u00e7\u00f5es pelo desenvolvimento infantil"},"content":{"rendered":"\n<figure class=\"wp-block-image aligncenter size-large\"><img fetchpriority=\"high\" decoding=\"async\" width=\"1024\" height=\"683\" src=\"https:\/\/tce.pb.gov.br\/portalprimeirainfancia\/wp-content\/uploads\/2025\/08\/ANDREctp-1024x683.jpg\" alt=\"\" class=\"wp-image-29541\" srcset=\"https:\/\/tce.pb.gov.br\/portalprimeirainfancia\/wp-content\/uploads\/2025\/08\/ANDREctp-1024x683.jpg 1024w, https:\/\/tce.pb.gov.br\/portalprimeirainfancia\/wp-content\/uploads\/2025\/08\/ANDREctp-300x200.jpg 300w, https:\/\/tce.pb.gov.br\/portalprimeirainfancia\/wp-content\/uploads\/2025\/08\/ANDREctp-768x512.jpg 768w, https:\/\/tce.pb.gov.br\/portalprimeirainfancia\/wp-content\/uploads\/2025\/08\/ANDREctp-1536x1024.jpg 1536w, https:\/\/tce.pb.gov.br\/portalprimeirainfancia\/wp-content\/uploads\/2025\/08\/ANDREctp.jpg 2048w\" sizes=\"(max-width: 1024px) 100vw, 1024px\" \/><\/figure>\n\n\n\n<p>Em celebra\u00e7\u00e3o ao M\u00eas da Primeira Inf\u00e2ncia, institu\u00eddo pela Lei n\u00ba 14.617\/2023, o Tribunal de Contas da Para\u00edba (TCE-PB) promove, no pr\u00f3ximo dia 18 de agosto, o Encontro Estadual da Primeira Inf\u00e2ncia, que ser\u00e1 realizado no audit\u00f3rio da Federa\u00e7\u00e3o das Ind\u00fastrias do Estado da Para\u00edba (FIEPB), em Campina Grande, a partir das 8h.<\/p>\n\n\n\n<p>O an\u00fancio do evento foi feito nesta quarta-feira (30), pelo presidente da Comiss\u00e3o da &nbsp;Primeira Inf\u00e2ncia, conselheiro Andr\u00e9 Carlo Torres Pontes, durante sess\u00e3o do Pleno presidida pelo conselheiro F\u00e1bio Nogueira.<\/p>\n\n\n\n<p>O encontro reunir\u00e1 prefeitos, gestores p\u00fablicos, representantes de institui\u00e7\u00f5es parceiras e especialistas da \u00e1rea para debater estrat\u00e9gias de fortalecimento das pol\u00edticas p\u00fablicas voltadas \u00e0s crian\u00e7as de 0 a 6 anos. Na ocasi\u00e3o, ser\u00e1 apresentada, em primeira m\u00e3o, o Painel de Refer\u00eancia para Valida\u00e7\u00e3o da Matriz de Achados da Auditoria Operacional em Pol\u00edticas P\u00fablicas para Primeira Inf\u00e2ncia.<\/p>\n\n\n\n<p>Durante a sess\u00e3o, o conselheiro Andr\u00e9 Carlo destacou o balan\u00e7o das a\u00e7\u00f5es estrat\u00e9gicas realizadas pela Corte de Contas, entre janeiro e julho de 2025<strong>,&nbsp;<\/strong>reafirmando o protagonismo do TCE-PB na pauta da inf\u00e2ncia e seu compromisso com a prote\u00e7\u00e3o e o futuro das novas gera\u00e7\u00f5es.<\/p>\n\n\n\n<p><strong>Balan\u00e7o das a\u00e7\u00f5es \u2013&nbsp;<\/strong>Desde o in\u00edcio do ano, o presidente do TCE-PB, conselheiro F\u00e1bio Nogueira, tem pautado a Primeira Inf\u00e2ncia como prioridade da sua gest\u00e3o. Em seu discurso de posse, em janeiro, ele conclamou os gestores p\u00fablicos paraibanos a unirem esfor\u00e7os em prol da amplia\u00e7\u00e3o e melhorias das pol\u00edticas voltadas ao p\u00fablico infantil, considerado essencial para o futuro da sociedade.<\/p>\n\n\n\n<p><strong>Diagn\u00f3stico estadual e parcerias estrat\u00e9gicas<\/strong>&nbsp;\u2013 Em fevereiro, o TCE-PB deu in\u00edcio a um diagn\u00f3stico abrangente sobre os n\u00edveis de cuidado com a Primeira Inf\u00e2ncia nos munic\u00edpios paraibanos. Por meio de um question\u00e1rio enviado aos prefeitos, a Corte de Contas coletou informa\u00e7\u00f5es com base em recomenda\u00e7\u00f5es do UNICEF, da Lei n\u00ba 13.257\/2016 e do pacto nacional do Conselho Nacional de Justi\u00e7a (CNJ).<\/p>\n\n\n\n<p>O m\u00eas tamb\u00e9m foi marcado pela busca de parcerias institucionais, com destaque para a aproxima\u00e7\u00e3o com a Funda\u00e7\u00e3o Maria Cec\u00edlia Souto Vidigal, o Instituto Articule e a organiza\u00e7\u00e3o Educa\u00e7\u00e3o Para Todos, em S\u00e3o Paulo, al\u00e9m da articula\u00e7\u00e3o com universidades paraibanas \u2014 UFPB, UFCG, UEPB e IFPB \u2014 com o objetivo de fortalecer o&nbsp;<em>Pacto Paraibano pela Primeira Inf\u00e2ncia<\/em>.<\/p>\n\n\n\n<p><strong>Comiss\u00e3o da Primeira Inf\u00e2ncia<\/strong>&nbsp;\u2013 No dia 5 de fevereiro, o presidente do TCE-PB assinou a Portaria TC N\u00ba 048\/2025<strong>,<\/strong>&nbsp;instituindo formalmente a Comiss\u00e3o da Primeira Inf\u00e2ncia. A comiss\u00e3o, presidida pelo conselheiro Andr\u00e9 Carlo Torres Pontes, conta com coordenadores, interlocutores e equipe t\u00e9cnica, com o objetivo de propor e acompanhar a\u00e7\u00f5es estrat\u00e9gicas voltadas \u00e0 prioriza\u00e7\u00e3o das pol\u00edticas p\u00fablicas da Primeira Inf\u00e2ncia nos munic\u00edpios jurisdicionados.<\/p>\n\n\n\n<figure class=\"wp-block-gallery has-nested-images columns-default is-cropped wp-block-gallery-1 is-layout-flex wp-block-gallery-is-layout-flex\">\n<figure class=\"wp-block-image size-large\"><img decoding=\"async\" width=\"1024\" height=\"681\" data-id=\"29543\" src=\"https:\/\/tce.pb.gov.br\/portalprimeirainfancia\/wp-content\/uploads\/2025\/08\/DSC_9966-1024x681-1.jpg\" alt=\"\" class=\"wp-image-29543\" srcset=\"https:\/\/tce.pb.gov.br\/portalprimeirainfancia\/wp-content\/uploads\/2025\/08\/DSC_9966-1024x681-1.jpg 1024w, https:\/\/tce.pb.gov.br\/portalprimeirainfancia\/wp-content\/uploads\/2025\/08\/DSC_9966-1024x681-1-300x200.jpg 300w, https:\/\/tce.pb.gov.br\/portalprimeirainfancia\/wp-content\/uploads\/2025\/08\/DSC_9966-1024x681-1-768x511.jpg 768w\" sizes=\"(max-width: 1024px) 100vw, 1024px\" \/><\/figure>\n\n\n\n<figure class=\"wp-block-image size-large\"><img decoding=\"async\" width=\"1024\" height=\"683\" data-id=\"29542\" src=\"https:\/\/tce.pb.gov.br\/portalprimeirainfancia\/wp-content\/uploads\/2025\/08\/MG_5916-1024x683-1.jpg\" alt=\"\" class=\"wp-image-29542\" srcset=\"https:\/\/tce.pb.gov.br\/portalprimeirainfancia\/wp-content\/uploads\/2025\/08\/MG_5916-1024x683-1.jpg 1024w, https:\/\/tce.pb.gov.br\/portalprimeirainfancia\/wp-content\/uploads\/2025\/08\/MG_5916-1024x683-1-300x200.jpg 300w, https:\/\/tce.pb.gov.br\/portalprimeirainfancia\/wp-content\/uploads\/2025\/08\/MG_5916-1024x683-1-768x512.jpg 768w\" sizes=\"(max-width: 1024px) 100vw, 1024px\" \/><\/figure>\n<\/figure>\n\n\n\n<p><strong>Auditorias, Capacita\u00e7\u00f5es e A\u00e7\u00e3o de Sensibiliza\u00e7\u00e3o<\/strong>&nbsp;\u2013 Em mar\u00e7o, o Tribunal promoveu uma palestra com o m\u00e9dico Halim&nbsp;Antonio&nbsp;Girade especialista do Instituto Rui Barbosa, com o tema \u201cA Import\u00e2ncia da Primeira Inf\u00e2ncia e os Tribunais de Contas\u201d, voltada ao p\u00fablico interno da institui\u00e7\u00e3o.<\/p>\n\n\n\n<p>No mesmo m\u00eas, teve in\u00edcio a primeira Auditoria Coordenada de 2025 com foco na educa\u00e7\u00e3o infantil, que avaliou as condi\u00e7\u00f5es de 103 creches e escolas municipais em 81 munic\u00edpios, atendendo a mais de 10 mil crian\u00e7as de 0 a 3 anos.<\/p>\n\n\n\n<p>Dando continuidade \u00e0s capacita\u00e7\u00f5es, o TCE-PB realizou, ainda em mar\u00e7o, tr\u00eas cursos sobre a inclus\u00e3o da Primeira Inf\u00e2ncia na Lei de Diretrizes Or\u00e7ament\u00e1rias (LDO). As forma\u00e7\u00f5es ocorreram em Patos, Campina Grande e Jo\u00e3o Pessoa, reunindo gestores de dezenas de munic\u00edpios.<\/p>\n\n\n\n<figure class=\"wp-block-gallery has-nested-images columns-default is-cropped wp-block-gallery-2 is-layout-flex wp-block-gallery-is-layout-flex\">\n<figure class=\"wp-block-image size-large\"><img loading=\"lazy\" decoding=\"async\" width=\"1024\" height=\"683\" data-id=\"29545\" src=\"https:\/\/tce.pb.gov.br\/portalprimeirainfancia\/wp-content\/uploads\/2025\/08\/DSC_7693-1024x683-1.jpg\" alt=\"\" class=\"wp-image-29545\" srcset=\"https:\/\/tce.pb.gov.br\/portalprimeirainfancia\/wp-content\/uploads\/2025\/08\/DSC_7693-1024x683-1.jpg 1024w, https:\/\/tce.pb.gov.br\/portalprimeirainfancia\/wp-content\/uploads\/2025\/08\/DSC_7693-1024x683-1-300x200.jpg 300w, https:\/\/tce.pb.gov.br\/portalprimeirainfancia\/wp-content\/uploads\/2025\/08\/DSC_7693-1024x683-1-768x512.jpg 768w\" sizes=\"(max-width: 1024px) 100vw, 1024px\" \/><\/figure>\n\n\n\n<figure class=\"wp-block-image size-large\"><img loading=\"lazy\" decoding=\"async\" width=\"1024\" height=\"683\" data-id=\"29544\" src=\"https:\/\/tce.pb.gov.br\/portalprimeirainfancia\/wp-content\/uploads\/2025\/08\/DSC_7743-1024x683-1.jpg\" alt=\"\" class=\"wp-image-29544\" srcset=\"https:\/\/tce.pb.gov.br\/portalprimeirainfancia\/wp-content\/uploads\/2025\/08\/DSC_7743-1024x683-1.jpg 1024w, https:\/\/tce.pb.gov.br\/portalprimeirainfancia\/wp-content\/uploads\/2025\/08\/DSC_7743-1024x683-1-300x200.jpg 300w, https:\/\/tce.pb.gov.br\/portalprimeirainfancia\/wp-content\/uploads\/2025\/08\/DSC_7743-1024x683-1-768x512.jpg 768w\" sizes=\"(max-width: 1024px) 100vw, 1024px\" \/><\/figure>\n\n\n\n<figure class=\"wp-block-image size-large\"><img loading=\"lazy\" decoding=\"async\" width=\"683\" height=\"1024\" data-id=\"29546\" src=\"https:\/\/tce.pb.gov.br\/portalprimeirainfancia\/wp-content\/uploads\/2025\/08\/DSC_7781-683x1024-1.jpg\" alt=\"\" class=\"wp-image-29546\" srcset=\"https:\/\/tce.pb.gov.br\/portalprimeirainfancia\/wp-content\/uploads\/2025\/08\/DSC_7781-683x1024-1.jpg 683w, https:\/\/tce.pb.gov.br\/portalprimeirainfancia\/wp-content\/uploads\/2025\/08\/DSC_7781-683x1024-1-200x300.jpg 200w\" sizes=\"(max-width: 683px) 100vw, 683px\" \/><\/figure>\n<\/figure>\n\n\n\n<p><strong>Lan\u00e7amento do Pacto e Amplia\u00e7\u00e3o de Treinamentos<\/strong>&nbsp;\u2013 Em abril, o TCE-PB promoveu um grande ato solene no Teatro Pedra do Reino, em Jo\u00e3o Pessoa, onde oficializou o&nbsp;<em>Pacto Paraibano pela Primeira Inf\u00e2ncia<\/em>&nbsp;com prefeitos e parceiros institucionais. \u201cCuidar das crian\u00e7as \u00e9 cuidar do cora\u00e7\u00e3o da humanidade\u201d, afirmou o conselheiro F\u00e1bio Nogueira, refor\u00e7ando o compromisso do Tribunal com o futuro das novas gera\u00e7\u00f5es. No dia 25 de abril, o TCE-PB lan\u00e7ou um portal dedicado \u00e0 Primeira Inf\u00e2ncia, que re\u00fane informa\u00e7\u00f5es, boas pr\u00e1ticas e indicadores relacionados ao tema<\/p>\n\n\n\n<p>Em maio, teve in\u00edcio uma nova rodada de treinamentos presenciais sobre a elabora\u00e7\u00e3o de PPA e LOA com foco na Primeira Inf\u00e2ncia, nos munic\u00edpios de Patos, Cajazeiras, Monteiro, Campina Grande e Jo\u00e3o Pessoa. Tamb\u00e9m nesse m\u00eas, foi realizada a primeira reuni\u00e3o de alinhamento entre os signat\u00e1rios do pacto e apresentado o plano da Auditoria Operacional em Pol\u00edticas P\u00fablicas para a Primeira Inf\u00e2ncia, que avaliar\u00e1 a efetividade dessas a\u00e7\u00f5es no per\u00edodo de 2022 a 2025.<\/p>\n\n\n\n<p>Al\u00e9m disso, o TCE-PB e o Minist\u00e9rio P\u00fablico da Para\u00edba firmaram uma parceria para intensificar a fiscaliza\u00e7\u00e3o do transporte escolar, com foco especial na seguran\u00e7a das crian\u00e7as da Primeira Inf\u00e2ncia. da Primeira Inf\u00e2ncia, garantindo mais seguran\u00e7a e transpar\u00eancia na gest\u00e3o p\u00fablica.<\/p>\n\n\n\n<p><strong>Parceria com o UNICEF e Novas Etapas de Auditoria<\/strong>&nbsp;\u2013 Em junho, a Corte de Contas anunciou uma s\u00e9rie de cursos para apoiar os munic\u00edpios na elabora\u00e7\u00e3o de seus Planos Municipais pela Primeira Inf\u00e2ncia. As capacita\u00e7\u00f5es foram direcionadas \u00e0s regi\u00f5es de Sum\u00e9, Bananeiras, Campina Grande, Sousa, Jo\u00e3o Pessoa e Itaporanga.<\/p>\n\n\n\n<p>No mesmo m\u00eas, o conselheiro F\u00e1bio Nogueira recebeu a chefe do escrit\u00f3rio do UNICEF para o Nordeste, Immaculada Prieto, para discutir parcerias estrat\u00e9gicas voltadas ao fortalecimento das pol\u00edticas p\u00fablicas para a inf\u00e2ncia. Foram abordados temas como a busca ativa escolar, a inclus\u00e3o de programas intersetoriais no PPA e o uso de auditorias para avaliar a efic\u00e1cia das a\u00e7\u00f5es governamentais voltadas \u00e0s crian\u00e7as.<\/p>\n\n\n\n<p><strong>Nova etapa da Auditoria Operacional&nbsp;<\/strong>\u2013 Em julho, o Tribunal deu in\u00edcio \u00e0 nova etapa da Auditoria Operacional em Pol\u00edticas P\u00fablicas para a Primeira Inf\u00e2ncia (Processo TC n\u00ba 07533\/24), por meio do envio de question\u00e1rio eletr\u00f4nico aos&nbsp;<strong>2<\/strong>23 munic\u00edpios paraibanos. O prazo para resposta foi encerrado no dia 25.<\/p>\n\n\n\n<p>Ainda no dia 24, foi realizada uma reuni\u00e3o institucional entre o TCE-PB e o governador Jo\u00e3o Azev\u00eado<strong>,<\/strong>&nbsp;com pautas relacionadas ao Plano Estadual da Primeira Inf\u00e2ncia, \u00e0 LDO e \u00e0 LOA de 2026.<\/p>\n","protected":false},"excerpt":{"rendered":"<p>Em celebra\u00e7\u00e3o ao M\u00eas da Primeira Inf\u00e2ncia, institu\u00eddo pela Lei n\u00ba 14.617\/2023, o Tribunal de Contas da Para\u00edba (TCE-PB) promove, [&hellip;]<\/p>\n","protected":false},"author":6,"featured_media":29541,"comment_status":"closed","ping_status":"closed","sticky":false,"template":"","format":"standard","meta":{"site-sidebar-layout":"default","site-content-layout":"","ast-site-content-layout":"","site-content-style":"default","site-sidebar-style":"default","ast-global-header-display":"","ast-banner-title-visibility":"","ast-main-header-display":"","ast-hfb-above-header-display":"","ast-hfb-below-header-display":"","ast-hfb-mobile-header-display":"","site-post-title":"","ast-breadcrumbs-content":"","ast-featured-img":"","footer-sml-layout":"","theme-transparent-header-meta":"","adv-header-id-meta":"","stick-header-meta":"","header-above-stick-meta":"","header-main-stick-meta":"","header-below-stick-meta":"","astra-migrate-meta-layouts":"default","ast-page-background-enabled":"default","ast-page-background-meta":{"desktop":{"background-color":"var(--ast-global-color-5)","background-image":"","background-repeat":"repeat","background-position":"center center","background-size":"auto","background-attachment":"scroll","background-type":"","background-media":"","overlay-type":"","overlay-color":"","overlay-opacity":"","overlay-gradient":""},"tablet":{"background-color":"","background-image":"","background-repeat":"repeat","background-position":"center center","background-size":"auto","background-attachment":"scroll","background-type":"","background-media":"","overlay-type":"","overlay-color":"","overlay-opacity":"","overlay-gradient":""},"mobile":{"background-color":"","background-image":"","background-repeat":"repeat","background-position":"center center","background-size":"auto","background-attachment":"scroll","background-type":"","background-media":"","overlay-type":"","overlay-color":"","overlay-opacity":"","overlay-gradient":""}},"ast-content-background-meta":{"desktop":{"background-color":"var(--ast-global-color-4)","background-image":"","background-repeat":"repeat","background-position":"center center","background-size":"auto","background-attachment":"scroll","background-type":"","background-media":"","overlay-type":"","overlay-color":"","overlay-opacity":"","overlay-gradient":""},"tablet":{"background-color":"var(--ast-global-color-4)","background-image":"","background-repeat":"repeat","background-position":"center center","background-size":"auto","background-attachment":"scroll","background-type":"","background-media":"","overlay-type":"","overlay-color":"","overlay-opacity":"","overlay-gradient":""},"mobile":{"background-color":"var(--ast-global-color-4)","background-image":"","background-repeat":"repeat","background-position":"center center","background-size":"auto","background-attachment":"scroll","background-type":"","background-media":"","overlay-type":"","overlay-color":"","overlay-opacity":"","overlay-gradient":""}},"_jetpack_memberships_contains_paid_content":false,"footnotes":""},"categories":[7],"tags":[40,57,27,39,25,31,26],"class_list":["post-29540","post","type-post","status-publish","format-standard","has-post-thumbnail","hentry","category-noticias","tag-camaras-municipais","tag-encontro-estadual-da-primeira-infancia","tag-pacto-pela-primeira-infancia","tag-prefeituras","tag-primeira-infancia","tag-tce","tag-tce-pb"],"yoast_head":"<!-- This site is optimized with the Yoast SEO plugin v27.5 - https:\/\/yoast.com\/product\/yoast-seo-wordpress\/ -->\n<title>TCE-PB vai promover Encontro Estadual da Primeira Inf\u00e2ncia e destaca a\u00e7\u00f5es pelo desenvolvimento infantil %<\/title>\n<meta name=\"description\" content=\"TCE-PB vai promover Encontro Estadual da Primeira Inf\u00e2ncia e destaca a\u00e7\u00f5es pelo desenvolvimento infantil %\" \/>\n<meta name=\"robots\" content=\"index, follow, max-snippet:-1, max-image-preview:large, max-video-preview:-1\" \/>\n<link rel=\"canonical\" href=\"https:\/\/tce.pb.gov.br\/portalprimeirainfancia\/tce-pb-vai-promover-encontro-estadual-da-primeira-infancia-e-destaca-acoes-pelo-desenvolvimento-infantil\/\" \/>\n<meta property=\"og:locale\" content=\"pt_BR\" \/>\n<meta property=\"og:type\" content=\"article\" \/>\n<meta property=\"og:title\" content=\"TCE-PB vai promover Encontro Estadual da Primeira Inf\u00e2ncia e destaca a\u00e7\u00f5es pelo desenvolvimento infantil %\" \/>\n<meta property=\"og:description\" content=\"TCE-PB vai promover Encontro Estadual da Primeira Inf\u00e2ncia e destaca a\u00e7\u00f5es pelo desenvolvimento infantil %\" \/>\n<meta property=\"og:url\" content=\"https:\/\/tce.pb.gov.br\/portalprimeirainfancia\/tce-pb-vai-promover-encontro-estadual-da-primeira-infancia-e-destaca-acoes-pelo-desenvolvimento-infantil\/\" \/>\n<meta property=\"og:site_name\" content=\"Pacto Paraibano pela Primeira Inf\u00e2ncia\" \/>\n<meta property=\"article:published_time\" content=\"2025-07-31T12:42:00+00:00\" \/>\n<meta property=\"article:modified_time\" content=\"2025-08-01T12:49:32+00:00\" \/>\n<meta property=\"og:image\" content=\"https:\/\/tce.pb.gov.br\/portalprimeirainfancia\/wp-content\/uploads\/2025\/08\/ANDREctp.jpg\" \/>\n\t<meta property=\"og:image:width\" content=\"2048\" \/>\n\t<meta property=\"og:image:height\" content=\"1365\" \/>\n\t<meta property=\"og:image:type\" content=\"image\/jpeg\" \/>\n<meta name=\"author\" content=\"Rafael Massoni\" \/>\n<meta name=\"twitter:card\" content=\"summary_large_image\" \/>\n<meta name=\"twitter:label1\" content=\"Escrito por\" \/>\n\t<meta name=\"twitter:data1\" content=\"Rafael Massoni\" \/>\n\t<meta name=\"twitter:label2\" content=\"Est. tempo de leitura\" \/>\n\t<meta name=\"twitter:data2\" content=\"7 minutos\" \/>\n<script type=\"application\/ld+json\" class=\"yoast-schema-graph\">{\"@context\":\"https:\\\/\\\/schema.org\",\"@graph\":[{\"@type\":\"NewsArticle\",\"@id\":\"https:\\\/\\\/tce.pb.gov.br\\\/portalprimeirainfancia\\\/tce-pb-vai-promover-encontro-estadual-da-primeira-infancia-e-destaca-acoes-pelo-desenvolvimento-infantil\\\/#article\",\"isPartOf\":{\"@id\":\"https:\\\/\\\/tce.pb.gov.br\\\/portalprimeirainfancia\\\/tce-pb-vai-promover-encontro-estadual-da-primeira-infancia-e-destaca-acoes-pelo-desenvolvimento-infantil\\\/\"},\"author\":{\"name\":\"Rafael Massoni\",\"@id\":\"https:\\\/\\\/tce.pb.gov.br\\\/portalprimeirainfancia\\\/#\\\/schema\\\/person\\\/6a39eea5836dda604de1c5e5b7d62141\"},\"headline\":\"TCE-PB vai promover Encontro Estadual da Primeira Inf\u00e2ncia e destaca a\u00e7\u00f5es pelo desenvolvimento infantil\",\"datePublished\":\"2025-07-31T12:42:00+00:00\",\"dateModified\":\"2025-08-01T12:49:32+00:00\",\"mainEntityOfPage\":{\"@id\":\"https:\\\/\\\/tce.pb.gov.br\\\/portalprimeirainfancia\\\/tce-pb-vai-promover-encontro-estadual-da-primeira-infancia-e-destaca-acoes-pelo-desenvolvimento-infantil\\\/\"},\"wordCount\":1122,\"publisher\":{\"@id\":\"https:\\\/\\\/tce.pb.gov.br\\\/portalprimeirainfancia\\\/#organization\"},\"image\":{\"@id\":\"https:\\\/\\\/tce.pb.gov.br\\\/portalprimeirainfancia\\\/tce-pb-vai-promover-encontro-estadual-da-primeira-infancia-e-destaca-acoes-pelo-desenvolvimento-infantil\\\/#primaryimage\"},\"thumbnailUrl\":\"https:\\\/\\\/tce.pb.gov.br\\\/portalprimeirainfancia\\\/wp-content\\\/uploads\\\/2025\\\/08\\\/ANDREctp.jpg\",\"keywords\":[\"c\u00e2maras municipais\",\"Encontro Estadual da Primeira Inf\u00e2ncia\",\"pacto pela primeira infancia\",\"prefeituras\",\"primeira infancia\",\"tce\",\"tce-pb\"],\"articleSection\":[\"Not\u00edcias\"],\"inLanguage\":\"pt-BR\"},{\"@type\":\"WebPage\",\"@id\":\"https:\\\/\\\/tce.pb.gov.br\\\/portalprimeirainfancia\\\/tce-pb-vai-promover-encontro-estadual-da-primeira-infancia-e-destaca-acoes-pelo-desenvolvimento-infantil\\\/\",\"url\":\"https:\\\/\\\/tce.pb.gov.br\\\/portalprimeirainfancia\\\/tce-pb-vai-promover-encontro-estadual-da-primeira-infancia-e-destaca-acoes-pelo-desenvolvimento-infantil\\\/\",\"name\":\"TCE-PB vai promover Encontro Estadual da Primeira Inf\u00e2ncia e destaca a\u00e7\u00f5es pelo desenvolvimento infantil %\",\"isPartOf\":{\"@id\":\"https:\\\/\\\/tce.pb.gov.br\\\/portalprimeirainfancia\\\/#website\"},\"primaryImageOfPage\":{\"@id\":\"https:\\\/\\\/tce.pb.gov.br\\\/portalprimeirainfancia\\\/tce-pb-vai-promover-encontro-estadual-da-primeira-infancia-e-destaca-acoes-pelo-desenvolvimento-infantil\\\/#primaryimage\"},\"image\":{\"@id\":\"https:\\\/\\\/tce.pb.gov.br\\\/portalprimeirainfancia\\\/tce-pb-vai-promover-encontro-estadual-da-primeira-infancia-e-destaca-acoes-pelo-desenvolvimento-infantil\\\/#primaryimage\"},\"thumbnailUrl\":\"https:\\\/\\\/tce.pb.gov.br\\\/portalprimeirainfancia\\\/wp-content\\\/uploads\\\/2025\\\/08\\\/ANDREctp.jpg\",\"datePublished\":\"2025-07-31T12:42:00+00:00\",\"dateModified\":\"2025-08-01T12:49:32+00:00\",\"description\":\"TCE-PB vai promover Encontro Estadual da Primeira Inf\u00e2ncia e destaca a\u00e7\u00f5es pelo desenvolvimento infantil %\",\"breadcrumb\":{\"@id\":\"https:\\\/\\\/tce.pb.gov.br\\\/portalprimeirainfancia\\\/tce-pb-vai-promover-encontro-estadual-da-primeira-infancia-e-destaca-acoes-pelo-desenvolvimento-infantil\\\/#breadcrumb\"},\"inLanguage\":\"pt-BR\",\"potentialAction\":[{\"@type\":\"ReadAction\",\"target\":[\"https:\\\/\\\/tce.pb.gov.br\\\/portalprimeirainfancia\\\/tce-pb-vai-promover-encontro-estadual-da-primeira-infancia-e-destaca-acoes-pelo-desenvolvimento-infantil\\\/\"]}]},{\"@type\":\"ImageObject\",\"inLanguage\":\"pt-BR\",\"@id\":\"https:\\\/\\\/tce.pb.gov.br\\\/portalprimeirainfancia\\\/tce-pb-vai-promover-encontro-estadual-da-primeira-infancia-e-destaca-acoes-pelo-desenvolvimento-infantil\\\/#primaryimage\",\"url\":\"https:\\\/\\\/tce.pb.gov.br\\\/portalprimeirainfancia\\\/wp-content\\\/uploads\\\/2025\\\/08\\\/ANDREctp.jpg\",\"contentUrl\":\"https:\\\/\\\/tce.pb.gov.br\\\/portalprimeirainfancia\\\/wp-content\\\/uploads\\\/2025\\\/08\\\/ANDREctp.jpg\",\"width\":2048,\"height\":1365},{\"@type\":\"BreadcrumbList\",\"@id\":\"https:\\\/\\\/tce.pb.gov.br\\\/portalprimeirainfancia\\\/tce-pb-vai-promover-encontro-estadual-da-primeira-infancia-e-destaca-acoes-pelo-desenvolvimento-infantil\\\/#breadcrumb\",\"itemListElement\":[{\"@type\":\"ListItem\",\"position\":1,\"name\":\"In\u00edcio\",\"item\":\"https:\\\/\\\/tce.pb.gov.br\\\/portalprimeirainfancia\\\/\"},{\"@type\":\"ListItem\",\"position\":2,\"name\":\"TCE-PB vai promover Encontro Estadual da Primeira Inf\u00e2ncia e destaca a\u00e7\u00f5es pelo desenvolvimento infantil\"}]},{\"@type\":\"WebSite\",\"@id\":\"https:\\\/\\\/tce.pb.gov.br\\\/portalprimeirainfancia\\\/#website\",\"url\":\"https:\\\/\\\/tce.pb.gov.br\\\/portalprimeirainfancia\\\/\",\"name\":\"Pacto Paraibano pela Primeira Inf\u00e2ncia\",\"description\":\"Portal para divulga\u00e7\u00e3o do Pacto Paraibano pela Primeira Inf\u00e2ncia\",\"publisher\":{\"@id\":\"https:\\\/\\\/tce.pb.gov.br\\\/portalprimeirainfancia\\\/#organization\"},\"potentialAction\":[{\"@type\":\"SearchAction\",\"target\":{\"@type\":\"EntryPoint\",\"urlTemplate\":\"https:\\\/\\\/tce.pb.gov.br\\\/portalprimeirainfancia\\\/?s={search_term_string}\"},\"query-input\":{\"@type\":\"PropertyValueSpecification\",\"valueRequired\":true,\"valueName\":\"search_term_string\"}}],\"inLanguage\":\"pt-BR\"},{\"@type\":\"Organization\",\"@id\":\"https:\\\/\\\/tce.pb.gov.br\\\/portalprimeirainfancia\\\/#organization\",\"name\":\"Pacto Paraibano pela Primeira Inf\u00e2ncia\",\"alternateName\":\"TCE-PB\",\"url\":\"https:\\\/\\\/tce.pb.gov.br\\\/portalprimeirainfancia\\\/\",\"logo\":{\"@type\":\"ImageObject\",\"inLanguage\":\"pt-BR\",\"@id\":\"https:\\\/\\\/tce.pb.gov.br\\\/portalprimeirainfancia\\\/#\\\/schema\\\/logo\\\/image\\\/\",\"url\":\"https:\\\/\\\/tce.pb.gov.br\\\/portalprimeirainfancia\\\/wp-content\\\/uploads\\\/2025\\\/05\\\/Pacto-Whatsapp.png\",\"contentUrl\":\"https:\\\/\\\/tce.pb.gov.br\\\/portalprimeirainfancia\\\/wp-content\\\/uploads\\\/2025\\\/05\\\/Pacto-Whatsapp.png\",\"width\":427,\"height\":427,\"caption\":\"Pacto Paraibano pela Primeira Inf\u00e2ncia\"},\"image\":{\"@id\":\"https:\\\/\\\/tce.pb.gov.br\\\/portalprimeirainfancia\\\/#\\\/schema\\\/logo\\\/image\\\/\"},\"sameAs\":[\"https:\\\/\\\/www.instagram.com\\\/tcepb\\\/\"]},{\"@type\":\"Person\",\"@id\":\"https:\\\/\\\/tce.pb.gov.br\\\/portalprimeirainfancia\\\/#\\\/schema\\\/person\\\/6a39eea5836dda604de1c5e5b7d62141\",\"name\":\"Rafael Massoni\"}]}<\/script>\n<!-- \/ Yoast SEO plugin. -->","yoast_head_json":{"title":"TCE-PB vai promover Encontro Estadual da Primeira Inf\u00e2ncia e destaca a\u00e7\u00f5es pelo desenvolvimento infantil %","description":"TCE-PB vai promover Encontro Estadual da Primeira Inf\u00e2ncia e destaca a\u00e7\u00f5es pelo desenvolvimento infantil %","robots":{"index":"index","follow":"follow","max-snippet":"max-snippet:-1","max-image-preview":"max-image-preview:large","max-video-preview":"max-video-preview:-1"},"canonical":"https:\/\/tce.pb.gov.br\/portalprimeirainfancia\/tce-pb-vai-promover-encontro-estadual-da-primeira-infancia-e-destaca-acoes-pelo-desenvolvimento-infantil\/","og_locale":"pt_BR","og_type":"article","og_title":"TCE-PB vai promover Encontro Estadual da Primeira Inf\u00e2ncia e destaca a\u00e7\u00f5es pelo desenvolvimento infantil %","og_description":"TCE-PB vai promover Encontro Estadual da Primeira Inf\u00e2ncia e destaca a\u00e7\u00f5es pelo desenvolvimento infantil %","og_url":"https:\/\/tce.pb.gov.br\/portalprimeirainfancia\/tce-pb-vai-promover-encontro-estadual-da-primeira-infancia-e-destaca-acoes-pelo-desenvolvimento-infantil\/","og_site_name":"Pacto Paraibano pela Primeira Inf\u00e2ncia","article_published_time":"2025-07-31T12:42:00+00:00","article_modified_time":"2025-08-01T12:49:32+00:00","og_image":[{"width":2048,"height":1365,"url":"https:\/\/tce.pb.gov.br\/portalprimeirainfancia\/wp-content\/uploads\/2025\/08\/ANDREctp.jpg","type":"image\/jpeg"}],"author":"Rafael Massoni","twitter_card":"summary_large_image","twitter_misc":{"Escrito por":"Rafael Massoni","Est. tempo de leitura":"7 minutos"},"schema":{"@context":"https:\/\/schema.org","@graph":[{"@type":"NewsArticle","@id":"https:\/\/tce.pb.gov.br\/portalprimeirainfancia\/tce-pb-vai-promover-encontro-estadual-da-primeira-infancia-e-destaca-acoes-pelo-desenvolvimento-infantil\/#article","isPartOf":{"@id":"https:\/\/tce.pb.gov.br\/portalprimeirainfancia\/tce-pb-vai-promover-encontro-estadual-da-primeira-infancia-e-destaca-acoes-pelo-desenvolvimento-infantil\/"},"author":{"name":"Rafael Massoni","@id":"https:\/\/tce.pb.gov.br\/portalprimeirainfancia\/#\/schema\/person\/6a39eea5836dda604de1c5e5b7d62141"},"headline":"TCE-PB vai promover Encontro Estadual da Primeira Inf\u00e2ncia e destaca a\u00e7\u00f5es pelo desenvolvimento infantil","datePublished":"2025-07-31T12:42:00+00:00","dateModified":"2025-08-01T12:49:32+00:00","mainEntityOfPage":{"@id":"https:\/\/tce.pb.gov.br\/portalprimeirainfancia\/tce-pb-vai-promover-encontro-estadual-da-primeira-infancia-e-destaca-acoes-pelo-desenvolvimento-infantil\/"},"wordCount":1122,"publisher":{"@id":"https:\/\/tce.pb.gov.br\/portalprimeirainfancia\/#organization"},"image":{"@id":"https:\/\/tce.pb.gov.br\/portalprimeirainfancia\/tce-pb-vai-promover-encontro-estadual-da-primeira-infancia-e-destaca-acoes-pelo-desenvolvimento-infantil\/#primaryimage"},"thumbnailUrl":"https:\/\/tce.pb.gov.br\/portalprimeirainfancia\/wp-content\/uploads\/2025\/08\/ANDREctp.jpg","keywords":["c\u00e2maras municipais","Encontro Estadual da Primeira Inf\u00e2ncia","pacto pela primeira infancia","prefeituras","primeira infancia","tce","tce-pb"],"articleSection":["Not\u00edcias"],"inLanguage":"pt-BR"},{"@type":"WebPage","@id":"https:\/\/tce.pb.gov.br\/portalprimeirainfancia\/tce-pb-vai-promover-encontro-estadual-da-primeira-infancia-e-destaca-acoes-pelo-desenvolvimento-infantil\/","url":"https:\/\/tce.pb.gov.br\/portalprimeirainfancia\/tce-pb-vai-promover-encontro-estadual-da-primeira-infancia-e-destaca-acoes-pelo-desenvolvimento-infantil\/","name":"TCE-PB vai promover Encontro Estadual da Primeira Inf\u00e2ncia e destaca a\u00e7\u00f5es pelo desenvolvimento infantil %","isPartOf":{"@id":"https:\/\/tce.pb.gov.br\/portalprimeirainfancia\/#website"},"primaryImageOfPage":{"@id":"https:\/\/tce.pb.gov.br\/portalprimeirainfancia\/tce-pb-vai-promover-encontro-estadual-da-primeira-infancia-e-destaca-acoes-pelo-desenvolvimento-infantil\/#primaryimage"},"image":{"@id":"https:\/\/tce.pb.gov.br\/portalprimeirainfancia\/tce-pb-vai-promover-encontro-estadual-da-primeira-infancia-e-destaca-acoes-pelo-desenvolvimento-infantil\/#primaryimage"},"thumbnailUrl":"https:\/\/tce.pb.gov.br\/portalprimeirainfancia\/wp-content\/uploads\/2025\/08\/ANDREctp.jpg","datePublished":"2025-07-31T12:42:00+00:00","dateModified":"2025-08-01T12:49:32+00:00","description":"TCE-PB vai promover Encontro Estadual da Primeira Inf\u00e2ncia e destaca a\u00e7\u00f5es pelo desenvolvimento infantil %","breadcrumb":{"@id":"https:\/\/tce.pb.gov.br\/portalprimeirainfancia\/tce-pb-vai-promover-encontro-estadual-da-primeira-infancia-e-destaca-acoes-pelo-desenvolvimento-infantil\/#breadcrumb"},"inLanguage":"pt-BR","potentialAction":[{"@type":"ReadAction","target":["https:\/\/tce.pb.gov.br\/portalprimeirainfancia\/tce-pb-vai-promover-encontro-estadual-da-primeira-infancia-e-destaca-acoes-pelo-desenvolvimento-infantil\/"]}]},{"@type":"ImageObject","inLanguage":"pt-BR","@id":"https:\/\/tce.pb.gov.br\/portalprimeirainfancia\/tce-pb-vai-promover-encontro-estadual-da-primeira-infancia-e-destaca-acoes-pelo-desenvolvimento-infantil\/#primaryimage","url":"https:\/\/tce.pb.gov.br\/portalprimeirainfancia\/wp-content\/uploads\/2025\/08\/ANDREctp.jpg","contentUrl":"https:\/\/tce.pb.gov.br\/portalprimeirainfancia\/wp-content\/uploads\/2025\/08\/ANDREctp.jpg","width":2048,"height":1365},{"@type":"BreadcrumbList","@id":"https:\/\/tce.pb.gov.br\/portalprimeirainfancia\/tce-pb-vai-promover-encontro-estadual-da-primeira-infancia-e-destaca-acoes-pelo-desenvolvimento-infantil\/#breadcrumb","itemListElement":[{"@type":"ListItem","position":1,"name":"In\u00edcio","item":"https:\/\/tce.pb.gov.br\/portalprimeirainfancia\/"},{"@type":"ListItem","position":2,"name":"TCE-PB vai promover Encontro Estadual da Primeira Inf\u00e2ncia e destaca a\u00e7\u00f5es pelo desenvolvimento infantil"}]},{"@type":"WebSite","@id":"https:\/\/tce.pb.gov.br\/portalprimeirainfancia\/#website","url":"https:\/\/tce.pb.gov.br\/portalprimeirainfancia\/","name":"Pacto Paraibano pela Primeira Inf\u00e2ncia","description":"Portal para divulga\u00e7\u00e3o do Pacto Paraibano pela Primeira Inf\u00e2ncia","publisher":{"@id":"https:\/\/tce.pb.gov.br\/portalprimeirainfancia\/#organization"},"potentialAction":[{"@type":"SearchAction","target":{"@type":"EntryPoint","urlTemplate":"https:\/\/tce.pb.gov.br\/portalprimeirainfancia\/?s={search_term_string}"},"query-input":{"@type":"PropertyValueSpecification","valueRequired":true,"valueName":"search_term_string"}}],"inLanguage":"pt-BR"},{"@type":"Organization","@id":"https:\/\/tce.pb.gov.br\/portalprimeirainfancia\/#organization","name":"Pacto Paraibano pela Primeira Inf\u00e2ncia","alternateName":"TCE-PB","url":"https:\/\/tce.pb.gov.br\/portalprimeirainfancia\/","logo":{"@type":"ImageObject","inLanguage":"pt-BR","@id":"https:\/\/tce.pb.gov.br\/portalprimeirainfancia\/#\/schema\/logo\/image\/","url":"https:\/\/tce.pb.gov.br\/portalprimeirainfancia\/wp-content\/uploads\/2025\/05\/Pacto-Whatsapp.png","contentUrl":"https:\/\/tce.pb.gov.br\/portalprimeirainfancia\/wp-content\/uploads\/2025\/05\/Pacto-Whatsapp.png","width":427,"height":427,"caption":"Pacto Paraibano pela Primeira Inf\u00e2ncia"},"image":{"@id":"https:\/\/tce.pb.gov.br\/portalprimeirainfancia\/#\/schema\/logo\/image\/"},"sameAs":["https:\/\/www.instagram.com\/tcepb\/"]},{"@type":"Person","@id":"https:\/\/tce.pb.gov.br\/portalprimeirainfancia\/#\/schema\/person\/6a39eea5836dda604de1c5e5b7d62141","name":"Rafael Massoni"}]}},"jetpack_featured_media_url":"https:\/\/tce.pb.gov.br\/portalprimeirainfancia\/wp-content\/uploads\/2025\/08\/ANDREctp.jpg","jetpack_sharing_enabled":true,"_links":{"self":[{"href":"https:\/\/tce.pb.gov.br\/portalprimeirainfancia\/wp-json\/wp\/v2\/posts\/29540","targetHints":{"allow":["GET"]}}],"collection":[{"href":"https:\/\/tce.pb.gov.br\/portalprimeirainfancia\/wp-json\/wp\/v2\/posts"}],"about":[{"href":"https:\/\/tce.pb.gov.br\/portalprimeirainfancia\/wp-json\/wp\/v2\/types\/post"}],"author":[{"embeddable":true,"href":"https:\/\/tce.pb.gov.br\/portalprimeirainfancia\/wp-json\/wp\/v2\/users\/6"}],"replies":[{"embeddable":true,"href":"https:\/\/tce.pb.gov.br\/portalprimeirainfancia\/wp-json\/wp\/v2\/comments?post=29540"}],"version-history":[{"count":1,"href":"https:\/\/tce.pb.gov.br\/portalprimeirainfancia\/wp-json\/wp\/v2\/posts\/29540\/revisions"}],"predecessor-version":[{"id":29547,"href":"https:\/\/tce.pb.gov.br\/portalprimeirainfancia\/wp-json\/wp\/v2\/posts\/29540\/revisions\/29547"}],"wp:featuredmedia":[{"embeddable":true,"href":"https:\/\/tce.pb.gov.br\/portalprimeirainfancia\/wp-json\/wp\/v2\/media\/29541"}],"wp:attachment":[{"href":"https:\/\/tce.pb.gov.br\/portalprimeirainfancia\/wp-json\/wp\/v2\/media?parent=29540"}],"wp:term":[{"taxonomy":"category","embeddable":true,"href":"https:\/\/tce.pb.gov.br\/portalprimeirainfancia\/wp-json\/wp\/v2\/categories?post=29540"},{"taxonomy":"post_tag","embeddable":true,"href":"https:\/\/tce.pb.gov.br\/portalprimeirainfancia\/wp-json\/wp\/v2\/tags?post=29540"}],"curies":[{"name":"wp","href":"https:\/\/api.w.org\/{rel}","templated":true}]}}