{"id":29535,"date":"2025-07-21T10:26:40","date_gmt":"2025-07-21T13:26:40","guid":{"rendered":"https:\/\/tce.pb.gov.br\/portalprimeirainfancia\/?p=29535"},"modified":"2025-07-21T10:26:41","modified_gmt":"2025-07-21T13:26:41","slug":"tce-pb-intensifica-capacitacoes-para-elaboracao-de-planos-municipais-pela-primeira-infancia","status":"publish","type":"post","link":"https:\/\/tce.pb.gov.br\/portalprimeirainfancia\/tce-pb-intensifica-capacitacoes-para-elaboracao-de-planos-municipais-pela-primeira-infancia\/","title":{"rendered":"TCE-PB intensifica capacita\u00e7\u00f5es para elabora\u00e7\u00e3o de Planos Municipais pela Primeira Inf\u00e2ncia"},"content":{"rendered":"\n<figure class=\"wp-block-image aligncenter size-full\"><img fetchpriority=\"high\" decoding=\"async\" width=\"1024\" height=\"683\" src=\"https:\/\/tce.pb.gov.br\/portalprimeirainfancia\/wp-content\/uploads\/2025\/07\/image-4.png\" alt=\"\" class=\"wp-image-29536\" srcset=\"https:\/\/tce.pb.gov.br\/portalprimeirainfancia\/wp-content\/uploads\/2025\/07\/image-4.png 1024w, https:\/\/tce.pb.gov.br\/portalprimeirainfancia\/wp-content\/uploads\/2025\/07\/image-4-300x200.png 300w, https:\/\/tce.pb.gov.br\/portalprimeirainfancia\/wp-content\/uploads\/2025\/07\/image-4-768x512.png 768w\" sizes=\"(max-width: 1024px) 100vw, 1024px\" \/><\/figure>\n\n\n\n<p>O Tribunal de Contas do Estado da Para\u00edba (TCE-PB) segue promovendo capacita\u00e7\u00f5es com foco no apoio t\u00e9cnico aos munic\u00edpios na elabora\u00e7\u00e3o e aperfei\u00e7oamento dos Planos Municipais pela Primeira Inf\u00e2ncia (PMPI). O pr\u00f3ximo encontro ser\u00e1 em Campina Grande, nos dias 22 e 23 de julho (quarta e quinta-feira), com a participa\u00e7\u00e3o de representantes de cidades vizinhas.<\/p>\n\n\n\n<p>A iniciativa integra o&nbsp;<em>Pacto Paraibano pela Primeira Inf\u00e2ncia<\/em>, programa coordenado pelo TCE-PB que articula esfor\u00e7os entre \u00f3rg\u00e3os estaduais, prefeituras e a sociedade civil para garantir o desenvolvimento integral de crian\u00e7as de 0 a 6 anos.<\/p>\n\n\n\n<p>A abertura do evento ser\u00e1 conduzida pelo vice-presidente do TCE-PB, conselheiro Andr\u00e9 Carlo Torres Pontes. A capacita\u00e7\u00e3o ser\u00e1 realizada no audit\u00f3rio do Centro Universit\u00e1rio Facisa e contar\u00e1 com a condu\u00e7\u00e3o da professora Adelaide Alves, refer\u00eancia nacional em pol\u00edticas p\u00fablicas para a inf\u00e2ncia, com apoio t\u00e9cnico do auditor Leonardo Silveira.<\/p>\n\n\n\n<p><strong>Forma\u00e7\u00e3o intersetorial<\/strong>&nbsp;-Os cursos s\u00e3o voltados principalmente para t\u00e9cnicos das secretarias municipais de Sa\u00fade, Educa\u00e7\u00e3o, Assist\u00eancia Social e Planejamento, mas tamb\u00e9m acolhem profissionais de outras \u00e1reas. O objetivo \u00e9 oferecer subs\u00eddios t\u00e9cnicos para que os munic\u00edpios elaborem ou aprimorem seus PMPI, adaptando-os \u00e0s demandas locais.<\/p>\n\n\n\n<p>\u201c\u00c9 quase imposs\u00edvel melhorar indicadores e alcan\u00e7ar metas sem um planejamento estruturado. Por isso, a capacita\u00e7\u00e3o \u00e9 essencial\u201d, destaca o auditor Leonardo Silveira.<\/p>\n\n\n\n<p>Al\u00e9m do conte\u00fado sobre os PMPI, a forma\u00e7\u00e3o tamb\u00e9m abordar\u00e1 a cria\u00e7\u00e3o e o funcionamento dos Comit\u00eas Municipais Intersetoriais pela Primeira Inf\u00e2ncia, bem como os marcos legais e as estrat\u00e9gias de implementa\u00e7\u00e3o de pol\u00edticas p\u00fablicas eficazes.<\/p>\n\n\n\n<p><strong>Pr\u00f3ximas datas e inscri\u00e7\u00f5es<\/strong><\/p>\n\n\n\n<p>\u2022 22 e 23 de julho: Campina Grande-&nbsp;<a href=\"https:\/\/doity.com.br\/elaboracao-ou-aprimoramento-de-planos-municipais-para-a-primeira-infancia-campina-grande\">Inscreva-se aqui<\/a><br>\u2022 29 e 30 de julho: Sousa \u2013&nbsp;<a href=\"https:\/\/doity.com.br\/elaboracao-ou-aprimoramento-de-planos-municipais-para-a-primeira-infancia-sousa\">Inscreva-se aqui<\/a><br>\u2022 7 e 8 de agosto: Jo\u00e3o Pessoa \u2013&nbsp;<a href=\"https:\/\/doity.com.br\/elaboracao-ou-aprimoramento-de-planos-municipais-para-a-primeira-infancia-joaopessoa\">Inscreva-se aqui<\/a><br>\u2022 18 e 19 de agosto: Itaporanga \u2013&nbsp;<a href=\"https:\/\/doity.com.br\/elaboracao-ou-aprimoramento-de-planos-municipais-para-a-primeira-infancia-itaporanga\">Inscreva-se aqui<\/a><br><br>As capacita\u00e7\u00f5es s\u00e3o abertas a representantes n\u00e3o apenas dos munic\u00edpios-sede, mas tamb\u00e9m de cidades vizinhas. As inscri\u00e7\u00f5es podem ser feitas pelo site do TCE-PB:&nbsp;<a href=\"http:\/\/www.tce.pb.gov.br\/\">www.tce.pb.gov.br<\/a><\/p>\n\n\n\n<p><strong>Munic\u00edpios convidados:<\/strong>&nbsp;Mais de 70 munic\u00edpios da regi\u00e3o do Agreste e do Cariri, incluindo Alagoa Grande, Alagoa Nova, Alcantil, Alagoinha, Algod\u00e3o de Janda\u00edra, Ara\u00e7agi, Arara, Areia, Areial, Aroeiras, Assun\u00e7\u00e3o, Bananeiras, Barra de Santana, Barra de Santa Rosa, Barra de S\u00e3o Miguel, Boa Vista, Boqueir\u00e3o, Borborema, Cabaceiras, Cai\u00e7ara, Campina Grande, Cara\u00fabas, Caturit\u00e9, Cubati, Cuit\u00e9, Cuitegi, Dami\u00e3o, Dona In\u00eas, Duas Estradas, Esperan\u00e7a, Fagundes, Gado Bravo, Gurj\u00e3o, Ing\u00e1, Itatuba, Juarez T\u00e1vora, Juazeirinho, Junco do Serid\u00f3, Lagoa de Dentro, Lagoa Seca, Logradouro, Massaranduba, Matinhas, Mogeiro, Montadas, Mulungu, Natuba, Nova Floresta, Olivedos, Pil\u00f5es, Pil\u00f5ezinhos, Pirpirituba, Pocinhos, Puxinan\u00e3, Queimadas, Rem\u00edgio, Riach\u00e3o, Riach\u00e3o de Bacamarte, Riacho de Santo Ant\u00f4nio, Salgado de S\u00e3o F\u00e9lix, Santa Cec\u00edlia, Santo Andr\u00e9, S\u00e3o Domingos do Cariri, S\u00e3o Jo\u00e3o do Cariri, S\u00e3o Sebasti\u00e3o de Lagoa de Ro\u00e7a, S\u00e3o Vicente do Serid\u00f3, Serra da Raiz, Serra Redonda, Serraria, Sert\u00e3ozinho, Sol\u00e2nea, Soledade, Sossego, Tacima, Tapero\u00e1, Ten\u00f3rio e Umbuzeiro.<\/p>\n","protected":false},"excerpt":{"rendered":"<p>O Tribunal de Contas do Estado da Para\u00edba (TCE-PB) segue promovendo capacita\u00e7\u00f5es com foco no apoio t\u00e9cnico aos munic\u00edpios na [&hellip;]<\/p>\n","protected":false},"author":6,"featured_media":29536,"comment_status":"closed","ping_status":"closed","sticky":false,"template":"","format":"standard","meta":{"site-sidebar-layout":"default","site-content-layout":"","ast-site-content-layout":"","site-content-style":"default","site-sidebar-style":"default","ast-global-header-display":"","ast-banner-title-visibility":"","ast-main-header-display":"","ast-hfb-above-header-display":"","ast-hfb-below-header-display":"","ast-hfb-mobile-header-display":"","site-post-title":"","ast-breadcrumbs-content":"","ast-featured-img":"","footer-sml-layout":"","theme-transparent-header-meta":"","adv-header-id-meta":"","stick-header-meta":"","header-above-stick-meta":"","header-main-stick-meta":"","header-below-stick-meta":"","astra-migrate-meta-layouts":"default","ast-page-background-enabled":"default","ast-page-background-meta":{"desktop":{"background-color":"var(--ast-global-color-5)","background-image":"","background-repeat":"repeat","background-position":"center center","background-size":"auto","background-attachment":"scroll","background-type":"","background-media":"","overlay-type":"","overlay-color":"","overlay-opacity":"","overlay-gradient":""},"tablet":{"background-color":"","background-image":"","background-repeat":"repeat","background-position":"center center","background-size":"auto","background-attachment":"scroll","background-type":"","background-media":"","overlay-type":"","overlay-color":"","overlay-opacity":"","overlay-gradient":""},"mobile":{"background-color":"","background-image":"","background-repeat":"repeat","background-position":"center center","background-size":"auto","background-attachment":"scroll","background-type":"","background-media":"","overlay-type":"","overlay-color":"","overlay-opacity":"","overlay-gradient":""}},"ast-content-background-meta":{"desktop":{"background-color":"var(--ast-global-color-4)","background-image":"","background-repeat":"repeat","background-position":"center center","background-size":"auto","background-attachment":"scroll","background-type":"","background-media":"","overlay-type":"","overlay-color":"","overlay-opacity":"","overlay-gradient":""},"tablet":{"background-color":"var(--ast-global-color-4)","background-image":"","background-repeat":"repeat","background-position":"center center","background-size":"auto","background-attachment":"scroll","background-type":"","background-media":"","overlay-type":"","overlay-color":"","overlay-opacity":"","overlay-gradient":""},"mobile":{"background-color":"var(--ast-global-color-4)","background-image":"","background-repeat":"repeat","background-position":"center center","background-size":"auto","background-attachment":"scroll","background-type":"","background-media":"","overlay-type":"","overlay-color":"","overlay-opacity":"","overlay-gradient":""}},"_jetpack_memberships_contains_paid_content":false,"footnotes":""},"categories":[7],"tags":[40,56,27,39,25,31],"class_list":["post-29535","post","type-post","status-publish","format-standard","has-post-thumbnail","hentry","category-noticias","tag-camaras-municipais","tag-gestores","tag-pacto-pela-primeira-infancia","tag-prefeituras","tag-primeira-infancia","tag-tce"],"yoast_head":"<!-- This site is optimized with the Yoast SEO plugin v27.5 - https:\/\/yoast.com\/product\/yoast-seo-wordpress\/ -->\n<title>TCE-PB intensifica capacita\u00e7\u00f5es para elabora\u00e7\u00e3o de Planos Municipais pela Primeira Inf\u00e2ncia %<\/title>\n<meta name=\"description\" content=\"TCE-PB intensifica capacita\u00e7\u00f5es para elabora\u00e7\u00e3o de Planos Municipais pela Primeira Inf\u00e2ncia %\" \/>\n<meta name=\"robots\" content=\"index, follow, max-snippet:-1, max-image-preview:large, max-video-preview:-1\" \/>\n<link rel=\"canonical\" href=\"https:\/\/tce.pb.gov.br\/portalprimeirainfancia\/tce-pb-intensifica-capacitacoes-para-elaboracao-de-planos-municipais-pela-primeira-infancia\/\" \/>\n<meta property=\"og:locale\" content=\"pt_BR\" \/>\n<meta property=\"og:type\" content=\"article\" \/>\n<meta property=\"og:title\" content=\"TCE-PB intensifica capacita\u00e7\u00f5es para elabora\u00e7\u00e3o de Planos Municipais pela Primeira Inf\u00e2ncia %\" \/>\n<meta property=\"og:description\" content=\"TCE-PB intensifica capacita\u00e7\u00f5es para elabora\u00e7\u00e3o de Planos Municipais pela Primeira Inf\u00e2ncia %\" \/>\n<meta property=\"og:url\" content=\"https:\/\/tce.pb.gov.br\/portalprimeirainfancia\/tce-pb-intensifica-capacitacoes-para-elaboracao-de-planos-municipais-pela-primeira-infancia\/\" \/>\n<meta property=\"og:site_name\" content=\"Pacto Paraibano pela Primeira Inf\u00e2ncia\" \/>\n<meta property=\"article:published_time\" content=\"2025-07-21T13:26:40+00:00\" \/>\n<meta property=\"article:modified_time\" content=\"2025-07-21T13:26:41+00:00\" \/>\n<meta property=\"og:image\" content=\"https:\/\/tce.pb.gov.br\/portalprimeirainfancia\/wp-content\/uploads\/2025\/07\/image-4.png\" \/>\n\t<meta property=\"og:image:width\" content=\"1024\" \/>\n\t<meta property=\"og:image:height\" content=\"683\" \/>\n\t<meta property=\"og:image:type\" content=\"image\/png\" \/>\n<meta name=\"author\" content=\"Rafael Massoni\" \/>\n<meta name=\"twitter:card\" content=\"summary_large_image\" \/>\n<meta name=\"twitter:label1\" content=\"Escrito por\" \/>\n\t<meta name=\"twitter:data1\" content=\"Rafael Massoni\" \/>\n\t<meta name=\"twitter:label2\" content=\"Est. tempo de leitura\" \/>\n\t<meta name=\"twitter:data2\" content=\"3 minutos\" \/>\n<script type=\"application\/ld+json\" class=\"yoast-schema-graph\">{\"@context\":\"https:\\\/\\\/schema.org\",\"@graph\":[{\"@type\":\"NewsArticle\",\"@id\":\"https:\\\/\\\/tce.pb.gov.br\\\/portalprimeirainfancia\\\/tce-pb-intensifica-capacitacoes-para-elaboracao-de-planos-municipais-pela-primeira-infancia\\\/#article\",\"isPartOf\":{\"@id\":\"https:\\\/\\\/tce.pb.gov.br\\\/portalprimeirainfancia\\\/tce-pb-intensifica-capacitacoes-para-elaboracao-de-planos-municipais-pela-primeira-infancia\\\/\"},\"author\":{\"name\":\"Rafael Massoni\",\"@id\":\"https:\\\/\\\/tce.pb.gov.br\\\/portalprimeirainfancia\\\/#\\\/schema\\\/person\\\/6a39eea5836dda604de1c5e5b7d62141\"},\"headline\":\"TCE-PB intensifica capacita\u00e7\u00f5es para elabora\u00e7\u00e3o de Planos Municipais pela Primeira Inf\u00e2ncia\",\"datePublished\":\"2025-07-21T13:26:40+00:00\",\"dateModified\":\"2025-07-21T13:26:41+00:00\",\"mainEntityOfPage\":{\"@id\":\"https:\\\/\\\/tce.pb.gov.br\\\/portalprimeirainfancia\\\/tce-pb-intensifica-capacitacoes-para-elaboracao-de-planos-municipais-pela-primeira-infancia\\\/\"},\"wordCount\":550,\"publisher\":{\"@id\":\"https:\\\/\\\/tce.pb.gov.br\\\/portalprimeirainfancia\\\/#organization\"},\"image\":{\"@id\":\"https:\\\/\\\/tce.pb.gov.br\\\/portalprimeirainfancia\\\/tce-pb-intensifica-capacitacoes-para-elaboracao-de-planos-municipais-pela-primeira-infancia\\\/#primaryimage\"},\"thumbnailUrl\":\"https:\\\/\\\/tce.pb.gov.br\\\/portalprimeirainfancia\\\/wp-content\\\/uploads\\\/2025\\\/07\\\/image-4.png\",\"keywords\":[\"c\u00e2maras municipais\",\"gestores\",\"pacto pela primeira infancia\",\"prefeituras\",\"primeira infancia\",\"tce\"],\"articleSection\":[\"Not\u00edcias\"],\"inLanguage\":\"pt-BR\"},{\"@type\":\"WebPage\",\"@id\":\"https:\\\/\\\/tce.pb.gov.br\\\/portalprimeirainfancia\\\/tce-pb-intensifica-capacitacoes-para-elaboracao-de-planos-municipais-pela-primeira-infancia\\\/\",\"url\":\"https:\\\/\\\/tce.pb.gov.br\\\/portalprimeirainfancia\\\/tce-pb-intensifica-capacitacoes-para-elaboracao-de-planos-municipais-pela-primeira-infancia\\\/\",\"name\":\"TCE-PB intensifica capacita\u00e7\u00f5es para elabora\u00e7\u00e3o de Planos Municipais pela Primeira Inf\u00e2ncia %\",\"isPartOf\":{\"@id\":\"https:\\\/\\\/tce.pb.gov.br\\\/portalprimeirainfancia\\\/#website\"},\"primaryImageOfPage\":{\"@id\":\"https:\\\/\\\/tce.pb.gov.br\\\/portalprimeirainfancia\\\/tce-pb-intensifica-capacitacoes-para-elaboracao-de-planos-municipais-pela-primeira-infancia\\\/#primaryimage\"},\"image\":{\"@id\":\"https:\\\/\\\/tce.pb.gov.br\\\/portalprimeirainfancia\\\/tce-pb-intensifica-capacitacoes-para-elaboracao-de-planos-municipais-pela-primeira-infancia\\\/#primaryimage\"},\"thumbnailUrl\":\"https:\\\/\\\/tce.pb.gov.br\\\/portalprimeirainfancia\\\/wp-content\\\/uploads\\\/2025\\\/07\\\/image-4.png\",\"datePublished\":\"2025-07-21T13:26:40+00:00\",\"dateModified\":\"2025-07-21T13:26:41+00:00\",\"description\":\"TCE-PB intensifica capacita\u00e7\u00f5es para elabora\u00e7\u00e3o de Planos Municipais pela Primeira Inf\u00e2ncia %\",\"breadcrumb\":{\"@id\":\"https:\\\/\\\/tce.pb.gov.br\\\/portalprimeirainfancia\\\/tce-pb-intensifica-capacitacoes-para-elaboracao-de-planos-municipais-pela-primeira-infancia\\\/#breadcrumb\"},\"inLanguage\":\"pt-BR\",\"potentialAction\":[{\"@type\":\"ReadAction\",\"target\":[\"https:\\\/\\\/tce.pb.gov.br\\\/portalprimeirainfancia\\\/tce-pb-intensifica-capacitacoes-para-elaboracao-de-planos-municipais-pela-primeira-infancia\\\/\"]}]},{\"@type\":\"ImageObject\",\"inLanguage\":\"pt-BR\",\"@id\":\"https:\\\/\\\/tce.pb.gov.br\\\/portalprimeirainfancia\\\/tce-pb-intensifica-capacitacoes-para-elaboracao-de-planos-municipais-pela-primeira-infancia\\\/#primaryimage\",\"url\":\"https:\\\/\\\/tce.pb.gov.br\\\/portalprimeirainfancia\\\/wp-content\\\/uploads\\\/2025\\\/07\\\/image-4.png\",\"contentUrl\":\"https:\\\/\\\/tce.pb.gov.br\\\/portalprimeirainfancia\\\/wp-content\\\/uploads\\\/2025\\\/07\\\/image-4.png\",\"width\":1024,\"height\":683},{\"@type\":\"BreadcrumbList\",\"@id\":\"https:\\\/\\\/tce.pb.gov.br\\\/portalprimeirainfancia\\\/tce-pb-intensifica-capacitacoes-para-elaboracao-de-planos-municipais-pela-primeira-infancia\\\/#breadcrumb\",\"itemListElement\":[{\"@type\":\"ListItem\",\"position\":1,\"name\":\"In\u00edcio\",\"item\":\"https:\\\/\\\/tce.pb.gov.br\\\/portalprimeirainfancia\\\/\"},{\"@type\":\"ListItem\",\"position\":2,\"name\":\"TCE-PB intensifica capacita\u00e7\u00f5es para elabora\u00e7\u00e3o de Planos Municipais pela Primeira Inf\u00e2ncia\"}]},{\"@type\":\"WebSite\",\"@id\":\"https:\\\/\\\/tce.pb.gov.br\\\/portalprimeirainfancia\\\/#website\",\"url\":\"https:\\\/\\\/tce.pb.gov.br\\\/portalprimeirainfancia\\\/\",\"name\":\"Pacto Paraibano pela Primeira Inf\u00e2ncia\",\"description\":\"Portal para divulga\u00e7\u00e3o do Pacto Paraibano pela Primeira Inf\u00e2ncia\",\"publisher\":{\"@id\":\"https:\\\/\\\/tce.pb.gov.br\\\/portalprimeirainfancia\\\/#organization\"},\"potentialAction\":[{\"@type\":\"SearchAction\",\"target\":{\"@type\":\"EntryPoint\",\"urlTemplate\":\"https:\\\/\\\/tce.pb.gov.br\\\/portalprimeirainfancia\\\/?s={search_term_string}\"},\"query-input\":{\"@type\":\"PropertyValueSpecification\",\"valueRequired\":true,\"valueName\":\"search_term_string\"}}],\"inLanguage\":\"pt-BR\"},{\"@type\":\"Organization\",\"@id\":\"https:\\\/\\\/tce.pb.gov.br\\\/portalprimeirainfancia\\\/#organization\",\"name\":\"Pacto Paraibano pela Primeira Inf\u00e2ncia\",\"alternateName\":\"TCE-PB\",\"url\":\"https:\\\/\\\/tce.pb.gov.br\\\/portalprimeirainfancia\\\/\",\"logo\":{\"@type\":\"ImageObject\",\"inLanguage\":\"pt-BR\",\"@id\":\"https:\\\/\\\/tce.pb.gov.br\\\/portalprimeirainfancia\\\/#\\\/schema\\\/logo\\\/image\\\/\",\"url\":\"https:\\\/\\\/tce.pb.gov.br\\\/portalprimeirainfancia\\\/wp-content\\\/uploads\\\/2025\\\/05\\\/Pacto-Whatsapp.png\",\"contentUrl\":\"https:\\\/\\\/tce.pb.gov.br\\\/portalprimeirainfancia\\\/wp-content\\\/uploads\\\/2025\\\/05\\\/Pacto-Whatsapp.png\",\"width\":427,\"height\":427,\"caption\":\"Pacto Paraibano pela Primeira Inf\u00e2ncia\"},\"image\":{\"@id\":\"https:\\\/\\\/tce.pb.gov.br\\\/portalprimeirainfancia\\\/#\\\/schema\\\/logo\\\/image\\\/\"},\"sameAs\":[\"https:\\\/\\\/www.instagram.com\\\/tcepb\\\/\"]},{\"@type\":\"Person\",\"@id\":\"https:\\\/\\\/tce.pb.gov.br\\\/portalprimeirainfancia\\\/#\\\/schema\\\/person\\\/6a39eea5836dda604de1c5e5b7d62141\",\"name\":\"Rafael Massoni\"}]}<\/script>\n<!-- \/ Yoast SEO plugin. -->","yoast_head_json":{"title":"TCE-PB intensifica capacita\u00e7\u00f5es para elabora\u00e7\u00e3o de Planos Municipais pela Primeira Inf\u00e2ncia %","description":"TCE-PB intensifica capacita\u00e7\u00f5es para elabora\u00e7\u00e3o de Planos Municipais pela Primeira Inf\u00e2ncia %","robots":{"index":"index","follow":"follow","max-snippet":"max-snippet:-1","max-image-preview":"max-image-preview:large","max-video-preview":"max-video-preview:-1"},"canonical":"https:\/\/tce.pb.gov.br\/portalprimeirainfancia\/tce-pb-intensifica-capacitacoes-para-elaboracao-de-planos-municipais-pela-primeira-infancia\/","og_locale":"pt_BR","og_type":"article","og_title":"TCE-PB intensifica capacita\u00e7\u00f5es para elabora\u00e7\u00e3o de Planos Municipais pela Primeira Inf\u00e2ncia %","og_description":"TCE-PB intensifica capacita\u00e7\u00f5es para elabora\u00e7\u00e3o de Planos Municipais pela Primeira Inf\u00e2ncia %","og_url":"https:\/\/tce.pb.gov.br\/portalprimeirainfancia\/tce-pb-intensifica-capacitacoes-para-elaboracao-de-planos-municipais-pela-primeira-infancia\/","og_site_name":"Pacto Paraibano pela Primeira Inf\u00e2ncia","article_published_time":"2025-07-21T13:26:40+00:00","article_modified_time":"2025-07-21T13:26:41+00:00","og_image":[{"width":1024,"height":683,"url":"https:\/\/tce.pb.gov.br\/portalprimeirainfancia\/wp-content\/uploads\/2025\/07\/image-4.png","type":"image\/png"}],"author":"Rafael Massoni","twitter_card":"summary_large_image","twitter_misc":{"Escrito por":"Rafael Massoni","Est. tempo de leitura":"3 minutos"},"schema":{"@context":"https:\/\/schema.org","@graph":[{"@type":"NewsArticle","@id":"https:\/\/tce.pb.gov.br\/portalprimeirainfancia\/tce-pb-intensifica-capacitacoes-para-elaboracao-de-planos-municipais-pela-primeira-infancia\/#article","isPartOf":{"@id":"https:\/\/tce.pb.gov.br\/portalprimeirainfancia\/tce-pb-intensifica-capacitacoes-para-elaboracao-de-planos-municipais-pela-primeira-infancia\/"},"author":{"name":"Rafael Massoni","@id":"https:\/\/tce.pb.gov.br\/portalprimeirainfancia\/#\/schema\/person\/6a39eea5836dda604de1c5e5b7d62141"},"headline":"TCE-PB intensifica capacita\u00e7\u00f5es para elabora\u00e7\u00e3o de Planos Municipais pela Primeira Inf\u00e2ncia","datePublished":"2025-07-21T13:26:40+00:00","dateModified":"2025-07-21T13:26:41+00:00","mainEntityOfPage":{"@id":"https:\/\/tce.pb.gov.br\/portalprimeirainfancia\/tce-pb-intensifica-capacitacoes-para-elaboracao-de-planos-municipais-pela-primeira-infancia\/"},"wordCount":550,"publisher":{"@id":"https:\/\/tce.pb.gov.br\/portalprimeirainfancia\/#organization"},"image":{"@id":"https:\/\/tce.pb.gov.br\/portalprimeirainfancia\/tce-pb-intensifica-capacitacoes-para-elaboracao-de-planos-municipais-pela-primeira-infancia\/#primaryimage"},"thumbnailUrl":"https:\/\/tce.pb.gov.br\/portalprimeirainfancia\/wp-content\/uploads\/2025\/07\/image-4.png","keywords":["c\u00e2maras municipais","gestores","pacto pela primeira infancia","prefeituras","primeira infancia","tce"],"articleSection":["Not\u00edcias"],"inLanguage":"pt-BR"},{"@type":"WebPage","@id":"https:\/\/tce.pb.gov.br\/portalprimeirainfancia\/tce-pb-intensifica-capacitacoes-para-elaboracao-de-planos-municipais-pela-primeira-infancia\/","url":"https:\/\/tce.pb.gov.br\/portalprimeirainfancia\/tce-pb-intensifica-capacitacoes-para-elaboracao-de-planos-municipais-pela-primeira-infancia\/","name":"TCE-PB intensifica capacita\u00e7\u00f5es para elabora\u00e7\u00e3o de Planos Municipais pela Primeira Inf\u00e2ncia %","isPartOf":{"@id":"https:\/\/tce.pb.gov.br\/portalprimeirainfancia\/#website"},"primaryImageOfPage":{"@id":"https:\/\/tce.pb.gov.br\/portalprimeirainfancia\/tce-pb-intensifica-capacitacoes-para-elaboracao-de-planos-municipais-pela-primeira-infancia\/#primaryimage"},"image":{"@id":"https:\/\/tce.pb.gov.br\/portalprimeirainfancia\/tce-pb-intensifica-capacitacoes-para-elaboracao-de-planos-municipais-pela-primeira-infancia\/#primaryimage"},"thumbnailUrl":"https:\/\/tce.pb.gov.br\/portalprimeirainfancia\/wp-content\/uploads\/2025\/07\/image-4.png","datePublished":"2025-07-21T13:26:40+00:00","dateModified":"2025-07-21T13:26:41+00:00","description":"TCE-PB intensifica capacita\u00e7\u00f5es para elabora\u00e7\u00e3o de Planos Municipais pela Primeira Inf\u00e2ncia %","breadcrumb":{"@id":"https:\/\/tce.pb.gov.br\/portalprimeirainfancia\/tce-pb-intensifica-capacitacoes-para-elaboracao-de-planos-municipais-pela-primeira-infancia\/#breadcrumb"},"inLanguage":"pt-BR","potentialAction":[{"@type":"ReadAction","target":["https:\/\/tce.pb.gov.br\/portalprimeirainfancia\/tce-pb-intensifica-capacitacoes-para-elaboracao-de-planos-municipais-pela-primeira-infancia\/"]}]},{"@type":"ImageObject","inLanguage":"pt-BR","@id":"https:\/\/tce.pb.gov.br\/portalprimeirainfancia\/tce-pb-intensifica-capacitacoes-para-elaboracao-de-planos-municipais-pela-primeira-infancia\/#primaryimage","url":"https:\/\/tce.pb.gov.br\/portalprimeirainfancia\/wp-content\/uploads\/2025\/07\/image-4.png","contentUrl":"https:\/\/tce.pb.gov.br\/portalprimeirainfancia\/wp-content\/uploads\/2025\/07\/image-4.png","width":1024,"height":683},{"@type":"BreadcrumbList","@id":"https:\/\/tce.pb.gov.br\/portalprimeirainfancia\/tce-pb-intensifica-capacitacoes-para-elaboracao-de-planos-municipais-pela-primeira-infancia\/#breadcrumb","itemListElement":[{"@type":"ListItem","position":1,"name":"In\u00edcio","item":"https:\/\/tce.pb.gov.br\/portalprimeirainfancia\/"},{"@type":"ListItem","position":2,"name":"TCE-PB intensifica capacita\u00e7\u00f5es para elabora\u00e7\u00e3o de Planos Municipais pela Primeira Inf\u00e2ncia"}]},{"@type":"WebSite","@id":"https:\/\/tce.pb.gov.br\/portalprimeirainfancia\/#website","url":"https:\/\/tce.pb.gov.br\/portalprimeirainfancia\/","name":"Pacto Paraibano pela Primeira Inf\u00e2ncia","description":"Portal para divulga\u00e7\u00e3o do Pacto Paraibano pela Primeira Inf\u00e2ncia","publisher":{"@id":"https:\/\/tce.pb.gov.br\/portalprimeirainfancia\/#organization"},"potentialAction":[{"@type":"SearchAction","target":{"@type":"EntryPoint","urlTemplate":"https:\/\/tce.pb.gov.br\/portalprimeirainfancia\/?s={search_term_string}"},"query-input":{"@type":"PropertyValueSpecification","valueRequired":true,"valueName":"search_term_string"}}],"inLanguage":"pt-BR"},{"@type":"Organization","@id":"https:\/\/tce.pb.gov.br\/portalprimeirainfancia\/#organization","name":"Pacto Paraibano pela Primeira Inf\u00e2ncia","alternateName":"TCE-PB","url":"https:\/\/tce.pb.gov.br\/portalprimeirainfancia\/","logo":{"@type":"ImageObject","inLanguage":"pt-BR","@id":"https:\/\/tce.pb.gov.br\/portalprimeirainfancia\/#\/schema\/logo\/image\/","url":"https:\/\/tce.pb.gov.br\/portalprimeirainfancia\/wp-content\/uploads\/2025\/05\/Pacto-Whatsapp.png","contentUrl":"https:\/\/tce.pb.gov.br\/portalprimeirainfancia\/wp-content\/uploads\/2025\/05\/Pacto-Whatsapp.png","width":427,"height":427,"caption":"Pacto Paraibano pela Primeira Inf\u00e2ncia"},"image":{"@id":"https:\/\/tce.pb.gov.br\/portalprimeirainfancia\/#\/schema\/logo\/image\/"},"sameAs":["https:\/\/www.instagram.com\/tcepb\/"]},{"@type":"Person","@id":"https:\/\/tce.pb.gov.br\/portalprimeirainfancia\/#\/schema\/person\/6a39eea5836dda604de1c5e5b7d62141","name":"Rafael Massoni"}]}},"jetpack_featured_media_url":"https:\/\/tce.pb.gov.br\/portalprimeirainfancia\/wp-content\/uploads\/2025\/07\/image-4.png","jetpack_sharing_enabled":true,"_links":{"self":[{"href":"https:\/\/tce.pb.gov.br\/portalprimeirainfancia\/wp-json\/wp\/v2\/posts\/29535","targetHints":{"allow":["GET"]}}],"collection":[{"href":"https:\/\/tce.pb.gov.br\/portalprimeirainfancia\/wp-json\/wp\/v2\/posts"}],"about":[{"href":"https:\/\/tce.pb.gov.br\/portalprimeirainfancia\/wp-json\/wp\/v2\/types\/post"}],"author":[{"embeddable":true,"href":"https:\/\/tce.pb.gov.br\/portalprimeirainfancia\/wp-json\/wp\/v2\/users\/6"}],"replies":[{"embeddable":true,"href":"https:\/\/tce.pb.gov.br\/portalprimeirainfancia\/wp-json\/wp\/v2\/comments?post=29535"}],"version-history":[{"count":1,"href":"https:\/\/tce.pb.gov.br\/portalprimeirainfancia\/wp-json\/wp\/v2\/posts\/29535\/revisions"}],"predecessor-version":[{"id":29537,"href":"https:\/\/tce.pb.gov.br\/portalprimeirainfancia\/wp-json\/wp\/v2\/posts\/29535\/revisions\/29537"}],"wp:featuredmedia":[{"embeddable":true,"href":"https:\/\/tce.pb.gov.br\/portalprimeirainfancia\/wp-json\/wp\/v2\/media\/29536"}],"wp:attachment":[{"href":"https:\/\/tce.pb.gov.br\/portalprimeirainfancia\/wp-json\/wp\/v2\/media?parent=29535"}],"wp:term":[{"taxonomy":"category","embeddable":true,"href":"https:\/\/tce.pb.gov.br\/portalprimeirainfancia\/wp-json\/wp\/v2\/categories?post=29535"},{"taxonomy":"post_tag","embeddable":true,"href":"https:\/\/tce.pb.gov.br\/portalprimeirainfancia\/wp-json\/wp\/v2\/tags?post=29535"}],"curies":[{"name":"wp","href":"https:\/\/api.w.org\/{rel}","templated":true}]}}