{"id":29490,"date":"2025-07-09T12:50:36","date_gmt":"2025-07-09T15:50:36","guid":{"rendered":"https:\/\/tce.pb.gov.br\/portalprimeirainfancia\/?p=29490"},"modified":"2025-07-10T12:54:41","modified_gmt":"2025-07-10T15:54:41","slug":"tce-inicia-nova-etapa-de-auditoria-sobre-politicas-voltadas-a-primeira-infancia-nos-municipios-e-envia-questionario-a-gestores","status":"publish","type":"post","link":"https:\/\/tce.pb.gov.br\/portalprimeirainfancia\/tce-inicia-nova-etapa-de-auditoria-sobre-politicas-voltadas-a-primeira-infancia-nos-municipios-e-envia-questionario-a-gestores\/","title":{"rendered":"TCE inicia nova etapa de auditoria sobre pol\u00edticas voltadas \u00e0 Primeira Inf\u00e2ncia nos munic\u00edpios e envia question\u00e1rio a gestores"},"content":{"rendered":"\n<figure class=\"wp-block-image aligncenter size-large\"><img fetchpriority=\"high\" decoding=\"async\" width=\"1024\" height=\"683\" src=\"https:\/\/tce.pb.gov.br\/portalprimeirainfancia\/wp-content\/uploads\/2025\/07\/Questionario-Primeira-Infancia-1024x683.jpg\" alt=\"\" class=\"wp-image-29491\" srcset=\"https:\/\/tce.pb.gov.br\/portalprimeirainfancia\/wp-content\/uploads\/2025\/07\/Questionario-Primeira-Infancia-1024x683.jpg 1024w, https:\/\/tce.pb.gov.br\/portalprimeirainfancia\/wp-content\/uploads\/2025\/07\/Questionario-Primeira-Infancia-300x200.jpg 300w, https:\/\/tce.pb.gov.br\/portalprimeirainfancia\/wp-content\/uploads\/2025\/07\/Questionario-Primeira-Infancia-768x512.jpg 768w, https:\/\/tce.pb.gov.br\/portalprimeirainfancia\/wp-content\/uploads\/2025\/07\/Questionario-Primeira-Infancia-1536x1024.jpg 1536w, https:\/\/tce.pb.gov.br\/portalprimeirainfancia\/wp-content\/uploads\/2025\/07\/Questionario-Primeira-Infancia.jpg 1920w\" sizes=\"(max-width: 1024px) 100vw, 1024px\" \/><\/figure>\n\n\n\n<p>O Tribunal de Contas da Para\u00edba (TCE-PB) deu in\u00edcio a uma nova fase da Auditoria Operacional em Pol\u00edticas P\u00fablicas voltadas \u00e0 Primeira Inf\u00e2ncia (Processo TC n\u00ba 07533\/24), que visa avaliar a implementa\u00e7\u00e3o dessas pol\u00edticas em todo o territ\u00f3rio paraibano. Como parte da a\u00e7\u00e3o, todos os 223 munic\u00edpios receberam, por e-mail, um link para o preenchimento de um formul\u00e1rio eletr\u00f4nico, enviado pelo Gabinete da Presid\u00eancia (GAPRE). O prazo para envio das respostas vai at\u00e9 o dia 18 de julho.<\/p>\n\n\n\n<p>O question\u00e1rio tem como objetivo levantar informa\u00e7\u00f5es detalhadas sobre a estrutura\u00e7\u00e3o e a efetividade das pol\u00edticas p\u00fablicas voltadas \u00e0s crian\u00e7as de 0 a 6 anos. As perguntas est\u00e3o organizadas em tr\u00eas eixos principais<strong>: f<\/strong>ormaliza\u00e7\u00e3o e implementa\u00e7\u00e3o da Pol\u00edtica da Primeira Inf\u00e2ncia; A\u00e7\u00f5es setoriais desenvolvidas pelas gest\u00f5es municipais direcionadas ao p\u00fablico-alvo; Realiza\u00e7\u00e3o de visitas domiciliares por equipes da Estrat\u00e9gia Sa\u00fade da Fam\u00edlia (ESF-SUS) e do Programa Crian\u00e7a Feliz<strong>,<\/strong>&nbsp;ligado ao Sistema \u00danico de Assist\u00eancia Social (SUAS).<\/p>\n\n\n\n<p>O presidente do TCE-PB, conselheiro F\u00e1bio Nogueira, destacou a import\u00e2ncia da participa\u00e7\u00e3o dos gestores municipais. \u201cA colabora\u00e7\u00e3o das prefeituras \u00e9 essencial para que o Tribunal trace um diagn\u00f3stico preciso e qualificado sobre o cen\u00e1rio atual das pol\u00edticas p\u00fablicas voltadas \u00e0 Primeira Inf\u00e2ncia. \u00c9 fundamental que o preenchimento do formul\u00e1rio seja feito de forma integrada, com a contribui\u00e7\u00e3o das \u00e1reas envolvidas, assegurando informa\u00e7\u00f5es completas e confi\u00e1veis\u201d, afirmou.<\/p>\n\n\n\n<p>Os dados fornecidos ser\u00e3o confrontados com bases de dados secund\u00e1rias e, se necess\u00e1rio, verificados por visitas t\u00e9cnicas aos munic\u00edpios. As auditorias operacionais realizadas pelo TCE-PB t\u00eam car\u00e1ter avaliativo, voltadas \u00e0 an\u00e1lise do desempenho de pol\u00edticas e programas p\u00fablicos, com o objetivo de oferecer recomenda\u00e7\u00f5es para seu aprimoramento.<\/p>\n\n\n\n<p>Em caso de d\u00favidas sobre o preenchimento do formul\u00e1rio, os gestores podem entrar em contato com a equipe respons\u00e1vel pelo e-mail:&nbsp;<strong><a href=\"mailto:auditoriaoperacional@tce.pb.gov.br\">auditoriaoperacional@tce.pb.gov.br<\/a><\/strong><\/p>\n","protected":false},"excerpt":{"rendered":"<p>O Tribunal de Contas da Para\u00edba (TCE-PB) deu in\u00edcio a uma nova fase da Auditoria Operacional em Pol\u00edticas P\u00fablicas voltadas [&hellip;]<\/p>\n","protected":false},"author":6,"featured_media":29491,"comment_status":"closed","ping_status":"closed","sticky":false,"template":"","format":"standard","meta":{"site-sidebar-layout":"default","site-content-layout":"","ast-site-content-layout":"","site-content-style":"default","site-sidebar-style":"default","ast-global-header-display":"","ast-banner-title-visibility":"","ast-main-header-display":"","ast-hfb-above-header-display":"","ast-hfb-below-header-display":"","ast-hfb-mobile-header-display":"","site-post-title":"","ast-breadcrumbs-content":"","ast-featured-img":"","footer-sml-layout":"","theme-transparent-header-meta":"","adv-header-id-meta":"","stick-header-meta":"","header-above-stick-meta":"","header-main-stick-meta":"","header-below-stick-meta":"","astra-migrate-meta-layouts":"default","ast-page-background-enabled":"default","ast-page-background-meta":{"desktop":{"background-color":"var(--ast-global-color-5)","background-image":"","background-repeat":"repeat","background-position":"center center","background-size":"auto","background-attachment":"scroll","background-type":"","background-media":"","overlay-type":"","overlay-color":"","overlay-opacity":"","overlay-gradient":""},"tablet":{"background-color":"","background-image":"","background-repeat":"repeat","background-position":"center center","background-size":"auto","background-attachment":"scroll","background-type":"","background-media":"","overlay-type":"","overlay-color":"","overlay-opacity":"","overlay-gradient":""},"mobile":{"background-color":"","background-image":"","background-repeat":"repeat","background-position":"center center","background-size":"auto","background-attachment":"scroll","background-type":"","background-media":"","overlay-type":"","overlay-color":"","overlay-opacity":"","overlay-gradient":""}},"ast-content-background-meta":{"desktop":{"background-color":"var(--ast-global-color-4)","background-image":"","background-repeat":"repeat","background-position":"center center","background-size":"auto","background-attachment":"scroll","background-type":"","background-media":"","overlay-type":"","overlay-color":"","overlay-opacity":"","overlay-gradient":""},"tablet":{"background-color":"var(--ast-global-color-4)","background-image":"","background-repeat":"repeat","background-position":"center center","background-size":"auto","background-attachment":"scroll","background-type":"","background-media":"","overlay-type":"","overlay-color":"","overlay-opacity":"","overlay-gradient":""},"mobile":{"background-color":"var(--ast-global-color-4)","background-image":"","background-repeat":"repeat","background-position":"center center","background-size":"auto","background-attachment":"scroll","background-type":"","background-media":"","overlay-type":"","overlay-color":"","overlay-opacity":"","overlay-gradient":""}},"_jetpack_memberships_contains_paid_content":false,"footnotes":""},"categories":[7],"tags":[27,39,25,53,31,26],"class_list":["post-29490","post","type-post","status-publish","format-standard","has-post-thumbnail","hentry","category-noticias","tag-pacto-pela-primeira-infancia","tag-prefeituras","tag-primeira-infancia","tag-questionario","tag-tce","tag-tce-pb"],"yoast_head":"<!-- This site is optimized with the Yoast SEO plugin v27.5 - https:\/\/yoast.com\/product\/yoast-seo-wordpress\/ -->\n<title>TCE inicia nova etapa de auditoria sobre pol\u00edticas voltadas \u00e0 Primeira Inf\u00e2ncia nos munic\u00edpios e envia question\u00e1rio a gestores %<\/title>\n<meta name=\"description\" content=\"TCE inicia nova etapa de auditoria sobre pol\u00edticas voltadas \u00e0 Primeira Inf\u00e2ncia nos munic\u00edpios e envia question\u00e1rio a gestores %\" \/>\n<meta name=\"robots\" content=\"index, follow, max-snippet:-1, max-image-preview:large, max-video-preview:-1\" \/>\n<link rel=\"canonical\" href=\"https:\/\/tce.pb.gov.br\/portalprimeirainfancia\/tce-inicia-nova-etapa-de-auditoria-sobre-politicas-voltadas-a-primeira-infancia-nos-municipios-e-envia-questionario-a-gestores\/\" \/>\n<meta property=\"og:locale\" content=\"pt_BR\" \/>\n<meta property=\"og:type\" content=\"article\" \/>\n<meta property=\"og:title\" content=\"TCE inicia nova etapa de auditoria sobre pol\u00edticas voltadas \u00e0 Primeira Inf\u00e2ncia nos munic\u00edpios e envia question\u00e1rio a gestores %\" \/>\n<meta property=\"og:description\" content=\"TCE inicia nova etapa de auditoria sobre pol\u00edticas voltadas \u00e0 Primeira Inf\u00e2ncia nos munic\u00edpios e envia question\u00e1rio a gestores %\" \/>\n<meta property=\"og:url\" content=\"https:\/\/tce.pb.gov.br\/portalprimeirainfancia\/tce-inicia-nova-etapa-de-auditoria-sobre-politicas-voltadas-a-primeira-infancia-nos-municipios-e-envia-questionario-a-gestores\/\" \/>\n<meta property=\"og:site_name\" content=\"Pacto Paraibano pela Primeira Inf\u00e2ncia\" \/>\n<meta property=\"article:published_time\" content=\"2025-07-09T15:50:36+00:00\" \/>\n<meta property=\"article:modified_time\" content=\"2025-07-10T15:54:41+00:00\" \/>\n<meta property=\"og:image\" content=\"https:\/\/tce.pb.gov.br\/portalprimeirainfancia\/wp-content\/uploads\/2025\/07\/Questionario-Primeira-Infancia.jpg\" \/>\n\t<meta property=\"og:image:width\" content=\"1920\" \/>\n\t<meta property=\"og:image:height\" content=\"1280\" \/>\n\t<meta property=\"og:image:type\" content=\"image\/jpeg\" \/>\n<meta name=\"author\" content=\"Rafael Massoni\" \/>\n<meta name=\"twitter:card\" content=\"summary_large_image\" \/>\n<meta name=\"twitter:label1\" content=\"Escrito por\" \/>\n\t<meta name=\"twitter:data1\" content=\"Rafael Massoni\" \/>\n\t<meta name=\"twitter:label2\" content=\"Est. tempo de leitura\" \/>\n\t<meta name=\"twitter:data2\" content=\"2 minutos\" \/>\n<script type=\"application\/ld+json\" class=\"yoast-schema-graph\">{\"@context\":\"https:\\\/\\\/schema.org\",\"@graph\":[{\"@type\":\"NewsArticle\",\"@id\":\"https:\\\/\\\/tce.pb.gov.br\\\/portalprimeirainfancia\\\/tce-inicia-nova-etapa-de-auditoria-sobre-politicas-voltadas-a-primeira-infancia-nos-municipios-e-envia-questionario-a-gestores\\\/#article\",\"isPartOf\":{\"@id\":\"https:\\\/\\\/tce.pb.gov.br\\\/portalprimeirainfancia\\\/tce-inicia-nova-etapa-de-auditoria-sobre-politicas-voltadas-a-primeira-infancia-nos-municipios-e-envia-questionario-a-gestores\\\/\"},\"author\":{\"name\":\"Rafael Massoni\",\"@id\":\"https:\\\/\\\/tce.pb.gov.br\\\/portalprimeirainfancia\\\/#\\\/schema\\\/person\\\/6a39eea5836dda604de1c5e5b7d62141\"},\"headline\":\"TCE inicia nova etapa de auditoria sobre pol\u00edticas voltadas \u00e0 Primeira Inf\u00e2ncia nos munic\u00edpios e envia question\u00e1rio a gestores\",\"datePublished\":\"2025-07-09T15:50:36+00:00\",\"dateModified\":\"2025-07-10T15:54:41+00:00\",\"mainEntityOfPage\":{\"@id\":\"https:\\\/\\\/tce.pb.gov.br\\\/portalprimeirainfancia\\\/tce-inicia-nova-etapa-de-auditoria-sobre-politicas-voltadas-a-primeira-infancia-nos-municipios-e-envia-questionario-a-gestores\\\/\"},\"wordCount\":367,\"publisher\":{\"@id\":\"https:\\\/\\\/tce.pb.gov.br\\\/portalprimeirainfancia\\\/#organization\"},\"image\":{\"@id\":\"https:\\\/\\\/tce.pb.gov.br\\\/portalprimeirainfancia\\\/tce-inicia-nova-etapa-de-auditoria-sobre-politicas-voltadas-a-primeira-infancia-nos-municipios-e-envia-questionario-a-gestores\\\/#primaryimage\"},\"thumbnailUrl\":\"https:\\\/\\\/tce.pb.gov.br\\\/portalprimeirainfancia\\\/wp-content\\\/uploads\\\/2025\\\/07\\\/Questionario-Primeira-Infancia.jpg\",\"keywords\":[\"pacto pela primeira infancia\",\"prefeituras\",\"primeira infancia\",\"question\u00e1rio\",\"tce\",\"tce-pb\"],\"articleSection\":[\"Not\u00edcias\"],\"inLanguage\":\"pt-BR\"},{\"@type\":\"WebPage\",\"@id\":\"https:\\\/\\\/tce.pb.gov.br\\\/portalprimeirainfancia\\\/tce-inicia-nova-etapa-de-auditoria-sobre-politicas-voltadas-a-primeira-infancia-nos-municipios-e-envia-questionario-a-gestores\\\/\",\"url\":\"https:\\\/\\\/tce.pb.gov.br\\\/portalprimeirainfancia\\\/tce-inicia-nova-etapa-de-auditoria-sobre-politicas-voltadas-a-primeira-infancia-nos-municipios-e-envia-questionario-a-gestores\\\/\",\"name\":\"TCE inicia nova etapa de auditoria sobre pol\u00edticas voltadas \u00e0 Primeira Inf\u00e2ncia nos munic\u00edpios e envia question\u00e1rio a gestores %\",\"isPartOf\":{\"@id\":\"https:\\\/\\\/tce.pb.gov.br\\\/portalprimeirainfancia\\\/#website\"},\"primaryImageOfPage\":{\"@id\":\"https:\\\/\\\/tce.pb.gov.br\\\/portalprimeirainfancia\\\/tce-inicia-nova-etapa-de-auditoria-sobre-politicas-voltadas-a-primeira-infancia-nos-municipios-e-envia-questionario-a-gestores\\\/#primaryimage\"},\"image\":{\"@id\":\"https:\\\/\\\/tce.pb.gov.br\\\/portalprimeirainfancia\\\/tce-inicia-nova-etapa-de-auditoria-sobre-politicas-voltadas-a-primeira-infancia-nos-municipios-e-envia-questionario-a-gestores\\\/#primaryimage\"},\"thumbnailUrl\":\"https:\\\/\\\/tce.pb.gov.br\\\/portalprimeirainfancia\\\/wp-content\\\/uploads\\\/2025\\\/07\\\/Questionario-Primeira-Infancia.jpg\",\"datePublished\":\"2025-07-09T15:50:36+00:00\",\"dateModified\":\"2025-07-10T15:54:41+00:00\",\"description\":\"TCE inicia nova etapa de auditoria sobre pol\u00edticas voltadas \u00e0 Primeira Inf\u00e2ncia nos munic\u00edpios e envia question\u00e1rio a gestores %\",\"breadcrumb\":{\"@id\":\"https:\\\/\\\/tce.pb.gov.br\\\/portalprimeirainfancia\\\/tce-inicia-nova-etapa-de-auditoria-sobre-politicas-voltadas-a-primeira-infancia-nos-municipios-e-envia-questionario-a-gestores\\\/#breadcrumb\"},\"inLanguage\":\"pt-BR\",\"potentialAction\":[{\"@type\":\"ReadAction\",\"target\":[\"https:\\\/\\\/tce.pb.gov.br\\\/portalprimeirainfancia\\\/tce-inicia-nova-etapa-de-auditoria-sobre-politicas-voltadas-a-primeira-infancia-nos-municipios-e-envia-questionario-a-gestores\\\/\"]}]},{\"@type\":\"ImageObject\",\"inLanguage\":\"pt-BR\",\"@id\":\"https:\\\/\\\/tce.pb.gov.br\\\/portalprimeirainfancia\\\/tce-inicia-nova-etapa-de-auditoria-sobre-politicas-voltadas-a-primeira-infancia-nos-municipios-e-envia-questionario-a-gestores\\\/#primaryimage\",\"url\":\"https:\\\/\\\/tce.pb.gov.br\\\/portalprimeirainfancia\\\/wp-content\\\/uploads\\\/2025\\\/07\\\/Questionario-Primeira-Infancia.jpg\",\"contentUrl\":\"https:\\\/\\\/tce.pb.gov.br\\\/portalprimeirainfancia\\\/wp-content\\\/uploads\\\/2025\\\/07\\\/Questionario-Primeira-Infancia.jpg\",\"width\":1920,\"height\":1280},{\"@type\":\"BreadcrumbList\",\"@id\":\"https:\\\/\\\/tce.pb.gov.br\\\/portalprimeirainfancia\\\/tce-inicia-nova-etapa-de-auditoria-sobre-politicas-voltadas-a-primeira-infancia-nos-municipios-e-envia-questionario-a-gestores\\\/#breadcrumb\",\"itemListElement\":[{\"@type\":\"ListItem\",\"position\":1,\"name\":\"In\u00edcio\",\"item\":\"https:\\\/\\\/tce.pb.gov.br\\\/portalprimeirainfancia\\\/\"},{\"@type\":\"ListItem\",\"position\":2,\"name\":\"TCE inicia nova etapa de auditoria sobre pol\u00edticas voltadas \u00e0 Primeira Inf\u00e2ncia nos munic\u00edpios e envia question\u00e1rio a gestores\"}]},{\"@type\":\"WebSite\",\"@id\":\"https:\\\/\\\/tce.pb.gov.br\\\/portalprimeirainfancia\\\/#website\",\"url\":\"https:\\\/\\\/tce.pb.gov.br\\\/portalprimeirainfancia\\\/\",\"name\":\"Pacto Paraibano pela Primeira Inf\u00e2ncia\",\"description\":\"Portal para divulga\u00e7\u00e3o do Pacto Paraibano pela Primeira Inf\u00e2ncia\",\"publisher\":{\"@id\":\"https:\\\/\\\/tce.pb.gov.br\\\/portalprimeirainfancia\\\/#organization\"},\"potentialAction\":[{\"@type\":\"SearchAction\",\"target\":{\"@type\":\"EntryPoint\",\"urlTemplate\":\"https:\\\/\\\/tce.pb.gov.br\\\/portalprimeirainfancia\\\/?s={search_term_string}\"},\"query-input\":{\"@type\":\"PropertyValueSpecification\",\"valueRequired\":true,\"valueName\":\"search_term_string\"}}],\"inLanguage\":\"pt-BR\"},{\"@type\":\"Organization\",\"@id\":\"https:\\\/\\\/tce.pb.gov.br\\\/portalprimeirainfancia\\\/#organization\",\"name\":\"Pacto Paraibano pela Primeira Inf\u00e2ncia\",\"alternateName\":\"TCE-PB\",\"url\":\"https:\\\/\\\/tce.pb.gov.br\\\/portalprimeirainfancia\\\/\",\"logo\":{\"@type\":\"ImageObject\",\"inLanguage\":\"pt-BR\",\"@id\":\"https:\\\/\\\/tce.pb.gov.br\\\/portalprimeirainfancia\\\/#\\\/schema\\\/logo\\\/image\\\/\",\"url\":\"https:\\\/\\\/tce.pb.gov.br\\\/portalprimeirainfancia\\\/wp-content\\\/uploads\\\/2025\\\/05\\\/Pacto-Whatsapp.png\",\"contentUrl\":\"https:\\\/\\\/tce.pb.gov.br\\\/portalprimeirainfancia\\\/wp-content\\\/uploads\\\/2025\\\/05\\\/Pacto-Whatsapp.png\",\"width\":427,\"height\":427,\"caption\":\"Pacto Paraibano pela Primeira Inf\u00e2ncia\"},\"image\":{\"@id\":\"https:\\\/\\\/tce.pb.gov.br\\\/portalprimeirainfancia\\\/#\\\/schema\\\/logo\\\/image\\\/\"},\"sameAs\":[\"https:\\\/\\\/www.instagram.com\\\/tcepb\\\/\"]},{\"@type\":\"Person\",\"@id\":\"https:\\\/\\\/tce.pb.gov.br\\\/portalprimeirainfancia\\\/#\\\/schema\\\/person\\\/6a39eea5836dda604de1c5e5b7d62141\",\"name\":\"Rafael Massoni\"}]}<\/script>\n<!-- \/ Yoast SEO plugin. -->","yoast_head_json":{"title":"TCE inicia nova etapa de auditoria sobre pol\u00edticas voltadas \u00e0 Primeira Inf\u00e2ncia nos munic\u00edpios e envia question\u00e1rio a gestores %","description":"TCE inicia nova etapa de auditoria sobre pol\u00edticas voltadas \u00e0 Primeira Inf\u00e2ncia nos munic\u00edpios e envia question\u00e1rio a gestores %","robots":{"index":"index","follow":"follow","max-snippet":"max-snippet:-1","max-image-preview":"max-image-preview:large","max-video-preview":"max-video-preview:-1"},"canonical":"https:\/\/tce.pb.gov.br\/portalprimeirainfancia\/tce-inicia-nova-etapa-de-auditoria-sobre-politicas-voltadas-a-primeira-infancia-nos-municipios-e-envia-questionario-a-gestores\/","og_locale":"pt_BR","og_type":"article","og_title":"TCE inicia nova etapa de auditoria sobre pol\u00edticas voltadas \u00e0 Primeira Inf\u00e2ncia nos munic\u00edpios e envia question\u00e1rio a gestores %","og_description":"TCE inicia nova etapa de auditoria sobre pol\u00edticas voltadas \u00e0 Primeira Inf\u00e2ncia nos munic\u00edpios e envia question\u00e1rio a gestores %","og_url":"https:\/\/tce.pb.gov.br\/portalprimeirainfancia\/tce-inicia-nova-etapa-de-auditoria-sobre-politicas-voltadas-a-primeira-infancia-nos-municipios-e-envia-questionario-a-gestores\/","og_site_name":"Pacto Paraibano pela Primeira Inf\u00e2ncia","article_published_time":"2025-07-09T15:50:36+00:00","article_modified_time":"2025-07-10T15:54:41+00:00","og_image":[{"width":1920,"height":1280,"url":"https:\/\/tce.pb.gov.br\/portalprimeirainfancia\/wp-content\/uploads\/2025\/07\/Questionario-Primeira-Infancia.jpg","type":"image\/jpeg"}],"author":"Rafael Massoni","twitter_card":"summary_large_image","twitter_misc":{"Escrito por":"Rafael Massoni","Est. tempo de leitura":"2 minutos"},"schema":{"@context":"https:\/\/schema.org","@graph":[{"@type":"NewsArticle","@id":"https:\/\/tce.pb.gov.br\/portalprimeirainfancia\/tce-inicia-nova-etapa-de-auditoria-sobre-politicas-voltadas-a-primeira-infancia-nos-municipios-e-envia-questionario-a-gestores\/#article","isPartOf":{"@id":"https:\/\/tce.pb.gov.br\/portalprimeirainfancia\/tce-inicia-nova-etapa-de-auditoria-sobre-politicas-voltadas-a-primeira-infancia-nos-municipios-e-envia-questionario-a-gestores\/"},"author":{"name":"Rafael Massoni","@id":"https:\/\/tce.pb.gov.br\/portalprimeirainfancia\/#\/schema\/person\/6a39eea5836dda604de1c5e5b7d62141"},"headline":"TCE inicia nova etapa de auditoria sobre pol\u00edticas voltadas \u00e0 Primeira Inf\u00e2ncia nos munic\u00edpios e envia question\u00e1rio a gestores","datePublished":"2025-07-09T15:50:36+00:00","dateModified":"2025-07-10T15:54:41+00:00","mainEntityOfPage":{"@id":"https:\/\/tce.pb.gov.br\/portalprimeirainfancia\/tce-inicia-nova-etapa-de-auditoria-sobre-politicas-voltadas-a-primeira-infancia-nos-municipios-e-envia-questionario-a-gestores\/"},"wordCount":367,"publisher":{"@id":"https:\/\/tce.pb.gov.br\/portalprimeirainfancia\/#organization"},"image":{"@id":"https:\/\/tce.pb.gov.br\/portalprimeirainfancia\/tce-inicia-nova-etapa-de-auditoria-sobre-politicas-voltadas-a-primeira-infancia-nos-municipios-e-envia-questionario-a-gestores\/#primaryimage"},"thumbnailUrl":"https:\/\/tce.pb.gov.br\/portalprimeirainfancia\/wp-content\/uploads\/2025\/07\/Questionario-Primeira-Infancia.jpg","keywords":["pacto pela primeira infancia","prefeituras","primeira infancia","question\u00e1rio","tce","tce-pb"],"articleSection":["Not\u00edcias"],"inLanguage":"pt-BR"},{"@type":"WebPage","@id":"https:\/\/tce.pb.gov.br\/portalprimeirainfancia\/tce-inicia-nova-etapa-de-auditoria-sobre-politicas-voltadas-a-primeira-infancia-nos-municipios-e-envia-questionario-a-gestores\/","url":"https:\/\/tce.pb.gov.br\/portalprimeirainfancia\/tce-inicia-nova-etapa-de-auditoria-sobre-politicas-voltadas-a-primeira-infancia-nos-municipios-e-envia-questionario-a-gestores\/","name":"TCE inicia nova etapa de auditoria sobre pol\u00edticas voltadas \u00e0 Primeira Inf\u00e2ncia nos munic\u00edpios e envia question\u00e1rio a gestores %","isPartOf":{"@id":"https:\/\/tce.pb.gov.br\/portalprimeirainfancia\/#website"},"primaryImageOfPage":{"@id":"https:\/\/tce.pb.gov.br\/portalprimeirainfancia\/tce-inicia-nova-etapa-de-auditoria-sobre-politicas-voltadas-a-primeira-infancia-nos-municipios-e-envia-questionario-a-gestores\/#primaryimage"},"image":{"@id":"https:\/\/tce.pb.gov.br\/portalprimeirainfancia\/tce-inicia-nova-etapa-de-auditoria-sobre-politicas-voltadas-a-primeira-infancia-nos-municipios-e-envia-questionario-a-gestores\/#primaryimage"},"thumbnailUrl":"https:\/\/tce.pb.gov.br\/portalprimeirainfancia\/wp-content\/uploads\/2025\/07\/Questionario-Primeira-Infancia.jpg","datePublished":"2025-07-09T15:50:36+00:00","dateModified":"2025-07-10T15:54:41+00:00","description":"TCE inicia nova etapa de auditoria sobre pol\u00edticas voltadas \u00e0 Primeira Inf\u00e2ncia nos munic\u00edpios e envia question\u00e1rio a gestores %","breadcrumb":{"@id":"https:\/\/tce.pb.gov.br\/portalprimeirainfancia\/tce-inicia-nova-etapa-de-auditoria-sobre-politicas-voltadas-a-primeira-infancia-nos-municipios-e-envia-questionario-a-gestores\/#breadcrumb"},"inLanguage":"pt-BR","potentialAction":[{"@type":"ReadAction","target":["https:\/\/tce.pb.gov.br\/portalprimeirainfancia\/tce-inicia-nova-etapa-de-auditoria-sobre-politicas-voltadas-a-primeira-infancia-nos-municipios-e-envia-questionario-a-gestores\/"]}]},{"@type":"ImageObject","inLanguage":"pt-BR","@id":"https:\/\/tce.pb.gov.br\/portalprimeirainfancia\/tce-inicia-nova-etapa-de-auditoria-sobre-politicas-voltadas-a-primeira-infancia-nos-municipios-e-envia-questionario-a-gestores\/#primaryimage","url":"https:\/\/tce.pb.gov.br\/portalprimeirainfancia\/wp-content\/uploads\/2025\/07\/Questionario-Primeira-Infancia.jpg","contentUrl":"https:\/\/tce.pb.gov.br\/portalprimeirainfancia\/wp-content\/uploads\/2025\/07\/Questionario-Primeira-Infancia.jpg","width":1920,"height":1280},{"@type":"BreadcrumbList","@id":"https:\/\/tce.pb.gov.br\/portalprimeirainfancia\/tce-inicia-nova-etapa-de-auditoria-sobre-politicas-voltadas-a-primeira-infancia-nos-municipios-e-envia-questionario-a-gestores\/#breadcrumb","itemListElement":[{"@type":"ListItem","position":1,"name":"In\u00edcio","item":"https:\/\/tce.pb.gov.br\/portalprimeirainfancia\/"},{"@type":"ListItem","position":2,"name":"TCE inicia nova etapa de auditoria sobre pol\u00edticas voltadas \u00e0 Primeira Inf\u00e2ncia nos munic\u00edpios e envia question\u00e1rio a gestores"}]},{"@type":"WebSite","@id":"https:\/\/tce.pb.gov.br\/portalprimeirainfancia\/#website","url":"https:\/\/tce.pb.gov.br\/portalprimeirainfancia\/","name":"Pacto Paraibano pela Primeira Inf\u00e2ncia","description":"Portal para divulga\u00e7\u00e3o do Pacto Paraibano pela Primeira Inf\u00e2ncia","publisher":{"@id":"https:\/\/tce.pb.gov.br\/portalprimeirainfancia\/#organization"},"potentialAction":[{"@type":"SearchAction","target":{"@type":"EntryPoint","urlTemplate":"https:\/\/tce.pb.gov.br\/portalprimeirainfancia\/?s={search_term_string}"},"query-input":{"@type":"PropertyValueSpecification","valueRequired":true,"valueName":"search_term_string"}}],"inLanguage":"pt-BR"},{"@type":"Organization","@id":"https:\/\/tce.pb.gov.br\/portalprimeirainfancia\/#organization","name":"Pacto Paraibano pela Primeira Inf\u00e2ncia","alternateName":"TCE-PB","url":"https:\/\/tce.pb.gov.br\/portalprimeirainfancia\/","logo":{"@type":"ImageObject","inLanguage":"pt-BR","@id":"https:\/\/tce.pb.gov.br\/portalprimeirainfancia\/#\/schema\/logo\/image\/","url":"https:\/\/tce.pb.gov.br\/portalprimeirainfancia\/wp-content\/uploads\/2025\/05\/Pacto-Whatsapp.png","contentUrl":"https:\/\/tce.pb.gov.br\/portalprimeirainfancia\/wp-content\/uploads\/2025\/05\/Pacto-Whatsapp.png","width":427,"height":427,"caption":"Pacto Paraibano pela Primeira Inf\u00e2ncia"},"image":{"@id":"https:\/\/tce.pb.gov.br\/portalprimeirainfancia\/#\/schema\/logo\/image\/"},"sameAs":["https:\/\/www.instagram.com\/tcepb\/"]},{"@type":"Person","@id":"https:\/\/tce.pb.gov.br\/portalprimeirainfancia\/#\/schema\/person\/6a39eea5836dda604de1c5e5b7d62141","name":"Rafael Massoni"}]}},"jetpack_featured_media_url":"https:\/\/tce.pb.gov.br\/portalprimeirainfancia\/wp-content\/uploads\/2025\/07\/Questionario-Primeira-Infancia.jpg","jetpack_sharing_enabled":true,"_links":{"self":[{"href":"https:\/\/tce.pb.gov.br\/portalprimeirainfancia\/wp-json\/wp\/v2\/posts\/29490","targetHints":{"allow":["GET"]}}],"collection":[{"href":"https:\/\/tce.pb.gov.br\/portalprimeirainfancia\/wp-json\/wp\/v2\/posts"}],"about":[{"href":"https:\/\/tce.pb.gov.br\/portalprimeirainfancia\/wp-json\/wp\/v2\/types\/post"}],"author":[{"embeddable":true,"href":"https:\/\/tce.pb.gov.br\/portalprimeirainfancia\/wp-json\/wp\/v2\/users\/6"}],"replies":[{"embeddable":true,"href":"https:\/\/tce.pb.gov.br\/portalprimeirainfancia\/wp-json\/wp\/v2\/comments?post=29490"}],"version-history":[{"count":1,"href":"https:\/\/tce.pb.gov.br\/portalprimeirainfancia\/wp-json\/wp\/v2\/posts\/29490\/revisions"}],"predecessor-version":[{"id":29492,"href":"https:\/\/tce.pb.gov.br\/portalprimeirainfancia\/wp-json\/wp\/v2\/posts\/29490\/revisions\/29492"}],"wp:featuredmedia":[{"embeddable":true,"href":"https:\/\/tce.pb.gov.br\/portalprimeirainfancia\/wp-json\/wp\/v2\/media\/29491"}],"wp:attachment":[{"href":"https:\/\/tce.pb.gov.br\/portalprimeirainfancia\/wp-json\/wp\/v2\/media?parent=29490"}],"wp:term":[{"taxonomy":"category","embeddable":true,"href":"https:\/\/tce.pb.gov.br\/portalprimeirainfancia\/wp-json\/wp\/v2\/categories?post=29490"},{"taxonomy":"post_tag","embeddable":true,"href":"https:\/\/tce.pb.gov.br\/portalprimeirainfancia\/wp-json\/wp\/v2\/tags?post=29490"}],"curies":[{"name":"wp","href":"https:\/\/api.w.org\/{rel}","templated":true}]}}