{"id":29477,"date":"2025-07-08T12:28:29","date_gmt":"2025-07-08T15:28:29","guid":{"rendered":"https:\/\/tce.pb.gov.br\/portalprimeirainfancia\/?p=29477"},"modified":"2025-07-08T12:28:30","modified_gmt":"2025-07-08T15:28:30","slug":"tce-pb-promove-capacitacao-regionalizada-para-elaboracao-de-planos-municipais-pela-primeira-infancia","status":"publish","type":"post","link":"https:\/\/tce.pb.gov.br\/portalprimeirainfancia\/tce-pb-promove-capacitacao-regionalizada-para-elaboracao-de-planos-municipais-pela-primeira-infancia\/","title":{"rendered":"TCE-PB promove capacita\u00e7\u00e3o regionalizada para elabora\u00e7\u00e3o de Planos Municipais pela Primeira Inf\u00e2ncia"},"content":{"rendered":"\n<figure class=\"wp-block-image aligncenter size-full\"><img fetchpriority=\"high\" decoding=\"async\" width=\"1024\" height=\"682\" src=\"https:\/\/tce.pb.gov.br\/portalprimeirainfancia\/wp-content\/uploads\/2025\/07\/Destacada-1.jpeg\" alt=\"\" class=\"wp-image-29478\" srcset=\"https:\/\/tce.pb.gov.br\/portalprimeirainfancia\/wp-content\/uploads\/2025\/07\/Destacada-1.jpeg 1024w, https:\/\/tce.pb.gov.br\/portalprimeirainfancia\/wp-content\/uploads\/2025\/07\/Destacada-1-300x200.jpeg 300w, https:\/\/tce.pb.gov.br\/portalprimeirainfancia\/wp-content\/uploads\/2025\/07\/Destacada-1-768x512.jpeg 768w\" sizes=\"(max-width: 1024px) 100vw, 1024px\" \/><\/figure>\n\n\n\n<p>O Tribunal de Contas da Para\u00edba (TCE-PB) est\u00e1 promovendo, em seis regi\u00f5es do estado, o curso&nbsp;<strong>\u201cElabora\u00e7\u00e3o ou Aprimoramento de Planos Municipais para a Primeira Inf\u00e2ncia\u201d<\/strong>, voltado a agentes p\u00fablicos respons\u00e1veis pelo planejamento, formula\u00e7\u00e3o e execu\u00e7\u00e3o de pol\u00edticas p\u00fablicas voltadas \u00e0 inf\u00e2ncia. A iniciativa integra a agenda de capacita\u00e7\u00f5es institucionais do Tribunal, com foco na valoriza\u00e7\u00e3o da primeira inf\u00e2ncia e no fortalecimento da gest\u00e3o p\u00fablica municipal.<\/p>\n\n\n\n<p>Com carga hor\u00e1ria de 16 horas\/aula, o curso ser\u00e1 ministrado pela professora Adelaide Alves Dias e pelo auditor de controle externo Leonardo Silveira, realizado entre julho e agosto de 2025, com etapas presenciais em munic\u00edpios-polo estrat\u00e9gicos: Sum\u00e9, Bananeiras, Campina Grande, Sousa, Jo\u00e3o Pessoa e Itaporanga. Cada edi\u00e7\u00e3o contar\u00e1 com vagas limitadas e p\u00fablico-alvo previamente convidado, reunindo gestores e t\u00e9cnicos de dezenas de munic\u00edpios paraibanos.<\/p>\n\n\n\n<p>A a\u00e7\u00e3o integra os compromissos do TCE-PB com o&nbsp;<em>Pacto pela Primeira Inf\u00e2ncia<\/em>, reafirmando o papel dos tribunais de contas na indu\u00e7\u00e3o de pol\u00edticas p\u00fablicas efetivas e sustent\u00e1veis, especialmente voltadas ao p\u00fablico infantil.<\/p>\n\n\n\n<p>As inscri\u00e7\u00f5es s\u00e3o gratuitas e as vagas limitadas por munic\u00edpio. Gestores interessados devem garantir sua participa\u00e7\u00e3o o quanto antes, por meio dos links informados para cada etapa.<\/p>\n\n\n\n<p><strong>Confira o cronograma completo:<\/strong><\/p>\n\n\n\n<h3 class=\"wp-block-heading\"><strong>Etapa Sum\u00e9<\/strong><\/h3>\n\n\n\n<p><strong>Data:<\/strong>&nbsp;15 e 16 de julho (ter\u00e7a e quarta-feira)<\/p>\n\n\n\n<p><strong>Hor\u00e1rio:<\/strong>&nbsp;08h \u00e0s 12h e 14h \u00e0s 18h<\/p>\n\n\n\n<p><strong>Local:<\/strong>&nbsp;Centro de Forma\u00e7\u00e3o de Professores Omesima Ara\u00fajo<\/p>\n\n\n\n<p><strong>Endere\u00e7o:<\/strong>&nbsp;Rua Manoel Sabi\u00e1, n\u00ba 158 \u2013 Sum\u00e9<\/p>\n\n\n\n<p><strong>Vagas:<\/strong>&nbsp;150<\/p>\n\n\n\n<p><strong>Munic\u00edpios convidados:<\/strong>&nbsp;Sum\u00e9, Amparo, Camala\u00fa, Cara\u00fabas, Congo, Coxixola, Gurj\u00e3o, Ouro Velho, Parari, Prata, Santo Andr\u00e9, S\u00e3o Jo\u00e3o do Cariri, S\u00e3o Jo\u00e3o do Tigre, S\u00e3o Jos\u00e9 dos Cordeiros, S\u00e3o Sebasti\u00e3o do Umbuzeiro, Serra Branca, Monteiro e Zabel\u00ea.<\/p>\n\n\n\n<p><a href=\"https:\/\/doity.com.br\/elaboracao-ou-aprimoramento-de-planos-municipais-para-a-primeira-infancia-sume\">Inscreva-se aqui<\/a><\/p>\n\n\n\n<h3 class=\"wp-block-heading\"><strong>Etapa Bananeiras<\/strong><\/h3>\n\n\n\n<p><strong>Data:<\/strong>&nbsp;17 e 18 de julho (quinta e sexta-feira)<\/p>\n\n\n\n<p><strong>Local:<\/strong>&nbsp;C\u00e2mara Municipal de Bananeiras<\/p>\n\n\n\n<p><strong>Endere\u00e7o:<\/strong>&nbsp;Pra\u00e7a Ant\u00f4nio Gracino, s\/n \u2013 Centro \u2013 Bananeiras<\/p>\n\n\n\n<p><strong>Vagas:<\/strong>&nbsp;90<\/p>\n\n\n\n<p><strong>Munic\u00edpios convidados:<\/strong>&nbsp;Bananeiras, Areia, Areial, Duas Estradas, Tacima, Bel\u00e9m, Sol\u00e2nea, Guarabira, Alagoinha, Mulungu, Cuit\u00e9, Ara\u00e7agi, Arara, Pirpirituba, Araruna e Cacimba de Dentro.<\/p>\n\n\n\n<p><a href=\"https:\/\/doity.com.br\/elaboracao-ou-aprimoramento-de-planos-municipais-para-a-primeira-infancia-bananeiras\">Inscreva-se aqui<\/a><\/p>\n\n\n\n<h3 class=\"wp-block-heading\"><strong>Etapa Campina Grande<\/strong><\/h3>\n\n\n\n<p><strong>Data:<\/strong>&nbsp;22 e 23 de julho<\/p>\n\n\n\n<p><strong>Local:<\/strong>&nbsp;UNIFACISA<\/p>\n\n\n\n<p><strong>Endere\u00e7o:<\/strong>&nbsp;Av. Sen. Argemiro de Figueiredo, 1901 \u2013 Itarar\u00e9 \u2013 Campina Grande<\/p>\n\n\n\n<p><strong>Instrutora:<\/strong>&nbsp;Adelaide Alves Dias<\/p>\n\n\n\n<p><strong>Hor\u00e1rios:<\/strong><\/p>\n\n\n\n<p>22\/07 \u2013 14h \u00e0s 18h<\/p>\n\n\n\n<p>23\/07 \u2013 08h \u00e0s 12h e 14h \u00e0s 18h<\/p>\n\n\n\n<p><strong>Vagas:<\/strong>&nbsp;100<\/p>\n\n\n\n<p><strong>Munic\u00edpios convidados:<\/strong>&nbsp;Mais de 70 munic\u00edpios da regi\u00e3o do Agreste e do Cariri, incluindo Alagoa Grande, Alagoa Nova, Alcantil, Alagoinha, Algod\u00e3o de Janda\u00edra, Ara\u00e7agi, Arara, Areia, Areial, Aroeiras, Assun\u00e7\u00e3o, Bananeiras, Barra de Santana, Barra de Santa Rosa, Barra de S\u00e3o Miguel, Boa Vista, Boqueir\u00e3o, Borborema, Cabaceiras, Cai\u00e7ara, Campina Grande, Cara\u00fabas, Caturit\u00e9, Cubati, Cuit\u00e9, Cuitegi, Dami\u00e3o, Dona In\u00eas, Duas Estradas, Esperan\u00e7a, Fagundes, Gado Bravo, Gurj\u00e3o, Ing\u00e1, Itatuba, Juarez T\u00e1vora, Juazeirinho, Junco do Serid\u00f3, Lagoa de Dentro, Lagoa Seca, Logradouro, Massaranduba, Matinhas, Mogeiro, Montadas, Mulungu, Natuba, Nova Floresta, Olivedos, Pil\u00f5es, Pil\u00f5ezinhos, Pirpirituba, Pocinhos, Puxinan\u00e3, Queimadas, Rem\u00edgio, Riach\u00e3o, Riach\u00e3o de Bacamarte, Riacho de Santo Ant\u00f4nio, Salgado de S\u00e3o F\u00e9lix, Santa Cec\u00edlia, Santo Andr\u00e9, S\u00e3o Domingos do Cariri, S\u00e3o Jo\u00e3o do Cariri, S\u00e3o Sebasti\u00e3o de Lagoa de Ro\u00e7a, S\u00e3o Vicente do Serid\u00f3, Serra da Raiz, Serra Redonda, Serraria, Sert\u00e3ozinho, Sol\u00e2nea, Soledade, Sossego, Tacima, Tapero\u00e1, Ten\u00f3rio e Umbuzeiro<\/p>\n\n\n\n<p><a href=\"https:\/\/doity.com.br\/elaboracao-ou-aprimoramento-de-planos-municipais-para-a-primeira-infancia-campina-grande\">Inscreva-se aqui<\/a><\/p>\n\n\n\n<h3 class=\"wp-block-heading\"><strong>Etapa Sousa<\/strong><\/h3>\n\n\n\n<p><strong>Data:<\/strong>&nbsp;29 e 30 de julho (ter\u00e7a e quarta-feira)<\/p>\n\n\n\n<p><strong>Local:<\/strong>&nbsp;IFPB Campus Sousa<\/p>\n\n\n\n<p><strong>Endere\u00e7o:<\/strong>&nbsp;Rua Pres. Tancredo Neves, s\/n \u2013 Jardim Sorril\u00e2ndia<\/p>\n\n\n\n<p><strong>Vagas:<\/strong>&nbsp;100<\/p>\n\n\n\n<p><strong>Munic\u00edpios convidados:<\/strong>&nbsp;Sousa, Cajazeiras, S\u00e3o Jo\u00e3o do Rio do Peixe, Nazarezinho, S\u00e3o Jos\u00e9 de Piranhas, Cachoeira dos \u00cdndios, Bom Jesus, Santa Helena, Bonito de Santa F\u00e9, Carrapateira, Monte Horebe, Po\u00e7o de Jos\u00e9 de Moura, Serra Grande e Joca Claudino,<\/p>\n\n\n\n<p>Uira\u00fana e Triunfo.<\/p>\n\n\n\n<p><a href=\"https:\/\/doity.com.br\/elaboracao-ou-aprimoramento-de-planos-municipais-para-a-primeira-infancia-sousa\">Inscreva-se aqui<\/a><\/p>\n\n\n\n<h3 class=\"wp-block-heading\"><strong>Etapa Jo\u00e3o Pessoa<\/strong><\/h3>\n\n\n\n<p><strong>Data:<\/strong>&nbsp;07 e 08 de agosto (quinta e sexta-feira)<\/p>\n\n\n\n<p><strong>Local:<\/strong>&nbsp;Plen\u00e1rio Jo\u00e3o Agripino \u2013 TCE-PB<\/p>\n\n\n\n<p><strong>Endere\u00e7o:<\/strong>&nbsp;Rua Geraldo Von Sohsten, 147 \u2013 Jaguaribe \u2013 Jo\u00e3o Pessoa<\/p>\n\n\n\n<p><strong>Vagas:<\/strong>&nbsp;170<\/p>\n\n\n\n<p><strong>Munic\u00edpios convidados:&nbsp;<\/strong>Jo\u00e3o Pessoa, Alhandra, Bayeux, Caapor\u00e3, Cabedelo, Caldas Brand\u00e3o, Conde, Cruz do Esp\u00edrito Santo, Cuit\u00e9 de Mamanguape, Gurinh\u00e9m, Juarez T\u00e1vora, Juripiranga, Lucena, Sap\u00e9, Mari, Pedras de Fogo, Pilar, Pitimbu, Riach\u00e3o do Po\u00e7o, Santa Rita, S\u00e3o Miguel de Taipu e Sobrado.<\/p>\n\n\n\n<p><a href=\"https:\/\/doity.com.br\/elaboracao-ou-aprimoramento-de-planos-municipais-para-a-primeira-infancia-joaopessoa\">Inscreva-se aqui<\/a><\/p>\n\n\n\n<h3 class=\"wp-block-heading\"><strong>Etapa Itaporanga<\/strong><\/h3>\n\n\n\n<p><strong>Data:<\/strong>&nbsp;18 e 19 de agosto (segunda e ter\u00e7a-feira)<\/p>\n\n\n\n<p><strong>Local:<\/strong>&nbsp;7\u00aa Ger\u00eancia Regional de Educa\u00e7\u00e3o<\/p>\n\n\n\n<p><strong>Endere\u00e7o:<\/strong>&nbsp;Rua Manoel Moreira Dantas, n\u00ba 26 \u2013 Bairro Jo\u00e3o Silvino da Fonseca<\/p>\n\n\n\n<p><strong>Vagas:<\/strong>&nbsp;100<\/p>\n\n\n\n<p><strong>Munic\u00edpios convidados:<\/strong>&nbsp;Itaporanga, Patos, S\u00e3o Jos\u00e9 de Espinharas, S\u00e3o Mamede,<\/p>\n\n\n\n<p>Quixaba, S\u00e3o Jos\u00e9 do Bonfim, Cacimba de Areia, Malta, Santa Terezinha, Areia de<\/p>\n\n\n\n<p>Bara\u00fanas, Cacimbas, Catingueira, Condado, Desterro, Emas, Junco do Serid\u00f3, M\u00e3e<\/p>\n\n\n\n<p>D\u2019\u00c1gua, Matur\u00e9ia, Passagem, Salgadinho, Santa Luzia, S\u00e3o Jos\u00e9 do Sabugi, Teixeira, V\u00e1rzea e Vista Serrana.<\/p>\n\n\n\n<p><a href=\"https:\/\/doity.com.br\/elaboracao-ou-aprimoramento-de-planos-municipais-para-a-primeira-infancia-itaporanga\">Inscreva-se aqui<\/a><\/p>\n","protected":false},"excerpt":{"rendered":"<p>O Tribunal de Contas da Para\u00edba (TCE-PB) est\u00e1 promovendo, em seis regi\u00f5es do estado, o curso&nbsp;\u201cElabora\u00e7\u00e3o ou Aprimoramento de Planos [&hellip;]<\/p>\n","protected":false},"author":6,"featured_media":29478,"comment_status":"closed","ping_status":"closed","sticky":false,"template":"","format":"standard","meta":{"site-sidebar-layout":"default","site-content-layout":"","ast-site-content-layout":"","site-content-style":"default","site-sidebar-style":"default","ast-global-header-display":"","ast-banner-title-visibility":"","ast-main-header-display":"","ast-hfb-above-header-display":"","ast-hfb-below-header-display":"","ast-hfb-mobile-header-display":"","site-post-title":"","ast-breadcrumbs-content":"","ast-featured-img":"","footer-sml-layout":"","theme-transparent-header-meta":"","adv-header-id-meta":"","stick-header-meta":"","header-above-stick-meta":"","header-main-stick-meta":"","header-below-stick-meta":"","astra-migrate-meta-layouts":"default","ast-page-background-enabled":"default","ast-page-background-meta":{"desktop":{"background-color":"var(--ast-global-color-5)","background-image":"","background-repeat":"repeat","background-position":"center center","background-size":"auto","background-attachment":"scroll","background-type":"","background-media":"","overlay-type":"","overlay-color":"","overlay-opacity":"","overlay-gradient":""},"tablet":{"background-color":"","background-image":"","background-repeat":"repeat","background-position":"center center","background-size":"auto","background-attachment":"scroll","background-type":"","background-media":"","overlay-type":"","overlay-color":"","overlay-opacity":"","overlay-gradient":""},"mobile":{"background-color":"","background-image":"","background-repeat":"repeat","background-position":"center center","background-size":"auto","background-attachment":"scroll","background-type":"","background-media":"","overlay-type":"","overlay-color":"","overlay-opacity":"","overlay-gradient":""}},"ast-content-background-meta":{"desktop":{"background-color":"var(--ast-global-color-4)","background-image":"","background-repeat":"repeat","background-position":"center center","background-size":"auto","background-attachment":"scroll","background-type":"","background-media":"","overlay-type":"","overlay-color":"","overlay-opacity":"","overlay-gradient":""},"tablet":{"background-color":"var(--ast-global-color-4)","background-image":"","background-repeat":"repeat","background-position":"center center","background-size":"auto","background-attachment":"scroll","background-type":"","background-media":"","overlay-type":"","overlay-color":"","overlay-opacity":"","overlay-gradient":""},"mobile":{"background-color":"var(--ast-global-color-4)","background-image":"","background-repeat":"repeat","background-position":"center center","background-size":"auto","background-attachment":"scroll","background-type":"","background-media":"","overlay-type":"","overlay-color":"","overlay-opacity":"","overlay-gradient":""}},"_jetpack_memberships_contains_paid_content":false,"footnotes":""},"categories":[7],"tags":[],"class_list":["post-29477","post","type-post","status-publish","format-standard","has-post-thumbnail","hentry","category-noticias"],"yoast_head":"<!-- This site is optimized with the Yoast SEO plugin v27.5 - https:\/\/yoast.com\/product\/yoast-seo-wordpress\/ -->\n<title>TCE-PB promove capacita\u00e7\u00e3o regionalizada para elabora\u00e7\u00e3o de Planos Municipais pela Primeira Inf\u00e2ncia %<\/title>\n<meta name=\"description\" content=\"TCE-PB promove capacita\u00e7\u00e3o regionalizada para elabora\u00e7\u00e3o de Planos Municipais pela Primeira Inf\u00e2ncia %\" \/>\n<meta name=\"robots\" content=\"index, follow, max-snippet:-1, max-image-preview:large, max-video-preview:-1\" \/>\n<link rel=\"canonical\" href=\"https:\/\/tce.pb.gov.br\/portalprimeirainfancia\/tce-pb-promove-capacitacao-regionalizada-para-elaboracao-de-planos-municipais-pela-primeira-infancia\/\" \/>\n<meta property=\"og:locale\" content=\"pt_BR\" \/>\n<meta property=\"og:type\" content=\"article\" \/>\n<meta property=\"og:title\" content=\"TCE-PB promove capacita\u00e7\u00e3o regionalizada para elabora\u00e7\u00e3o de Planos Municipais pela Primeira Inf\u00e2ncia %\" \/>\n<meta property=\"og:description\" content=\"TCE-PB promove capacita\u00e7\u00e3o regionalizada para elabora\u00e7\u00e3o de Planos Municipais pela Primeira Inf\u00e2ncia %\" \/>\n<meta property=\"og:url\" content=\"https:\/\/tce.pb.gov.br\/portalprimeirainfancia\/tce-pb-promove-capacitacao-regionalizada-para-elaboracao-de-planos-municipais-pela-primeira-infancia\/\" \/>\n<meta property=\"og:site_name\" content=\"Pacto Paraibano pela Primeira Inf\u00e2ncia\" \/>\n<meta property=\"article:published_time\" content=\"2025-07-08T15:28:29+00:00\" \/>\n<meta property=\"article:modified_time\" content=\"2025-07-08T15:28:30+00:00\" \/>\n<meta property=\"og:image\" content=\"https:\/\/tce.pb.gov.br\/portalprimeirainfancia\/wp-content\/uploads\/2025\/07\/Destacada-1.jpeg\" \/>\n\t<meta property=\"og:image:width\" content=\"1024\" \/>\n\t<meta property=\"og:image:height\" content=\"682\" \/>\n\t<meta property=\"og:image:type\" content=\"image\/jpeg\" \/>\n<meta name=\"author\" content=\"Rafael Massoni\" \/>\n<meta name=\"twitter:card\" content=\"summary_large_image\" \/>\n<meta name=\"twitter:label1\" content=\"Escrito por\" \/>\n\t<meta name=\"twitter:data1\" content=\"Rafael Massoni\" \/>\n\t<meta name=\"twitter:label2\" content=\"Est. tempo de leitura\" \/>\n\t<meta name=\"twitter:data2\" content=\"5 minutos\" \/>\n<script type=\"application\/ld+json\" class=\"yoast-schema-graph\">{\"@context\":\"https:\\\/\\\/schema.org\",\"@graph\":[{\"@type\":\"NewsArticle\",\"@id\":\"https:\\\/\\\/tce.pb.gov.br\\\/portalprimeirainfancia\\\/tce-pb-promove-capacitacao-regionalizada-para-elaboracao-de-planos-municipais-pela-primeira-infancia\\\/#article\",\"isPartOf\":{\"@id\":\"https:\\\/\\\/tce.pb.gov.br\\\/portalprimeirainfancia\\\/tce-pb-promove-capacitacao-regionalizada-para-elaboracao-de-planos-municipais-pela-primeira-infancia\\\/\"},\"author\":{\"name\":\"Rafael Massoni\",\"@id\":\"https:\\\/\\\/tce.pb.gov.br\\\/portalprimeirainfancia\\\/#\\\/schema\\\/person\\\/6a39eea5836dda604de1c5e5b7d62141\"},\"headline\":\"TCE-PB promove capacita\u00e7\u00e3o regionalizada para elabora\u00e7\u00e3o de Planos Municipais pela Primeira Inf\u00e2ncia\",\"datePublished\":\"2025-07-08T15:28:29+00:00\",\"dateModified\":\"2025-07-08T15:28:30+00:00\",\"mainEntityOfPage\":{\"@id\":\"https:\\\/\\\/tce.pb.gov.br\\\/portalprimeirainfancia\\\/tce-pb-promove-capacitacao-regionalizada-para-elaboracao-de-planos-municipais-pela-primeira-infancia\\\/\"},\"wordCount\":879,\"publisher\":{\"@id\":\"https:\\\/\\\/tce.pb.gov.br\\\/portalprimeirainfancia\\\/#organization\"},\"image\":{\"@id\":\"https:\\\/\\\/tce.pb.gov.br\\\/portalprimeirainfancia\\\/tce-pb-promove-capacitacao-regionalizada-para-elaboracao-de-planos-municipais-pela-primeira-infancia\\\/#primaryimage\"},\"thumbnailUrl\":\"https:\\\/\\\/tce.pb.gov.br\\\/portalprimeirainfancia\\\/wp-content\\\/uploads\\\/2025\\\/07\\\/Destacada-1.jpeg\",\"articleSection\":[\"Not\u00edcias\"],\"inLanguage\":\"pt-BR\"},{\"@type\":\"WebPage\",\"@id\":\"https:\\\/\\\/tce.pb.gov.br\\\/portalprimeirainfancia\\\/tce-pb-promove-capacitacao-regionalizada-para-elaboracao-de-planos-municipais-pela-primeira-infancia\\\/\",\"url\":\"https:\\\/\\\/tce.pb.gov.br\\\/portalprimeirainfancia\\\/tce-pb-promove-capacitacao-regionalizada-para-elaboracao-de-planos-municipais-pela-primeira-infancia\\\/\",\"name\":\"TCE-PB promove capacita\u00e7\u00e3o regionalizada para elabora\u00e7\u00e3o de Planos Municipais pela Primeira Inf\u00e2ncia %\",\"isPartOf\":{\"@id\":\"https:\\\/\\\/tce.pb.gov.br\\\/portalprimeirainfancia\\\/#website\"},\"primaryImageOfPage\":{\"@id\":\"https:\\\/\\\/tce.pb.gov.br\\\/portalprimeirainfancia\\\/tce-pb-promove-capacitacao-regionalizada-para-elaboracao-de-planos-municipais-pela-primeira-infancia\\\/#primaryimage\"},\"image\":{\"@id\":\"https:\\\/\\\/tce.pb.gov.br\\\/portalprimeirainfancia\\\/tce-pb-promove-capacitacao-regionalizada-para-elaboracao-de-planos-municipais-pela-primeira-infancia\\\/#primaryimage\"},\"thumbnailUrl\":\"https:\\\/\\\/tce.pb.gov.br\\\/portalprimeirainfancia\\\/wp-content\\\/uploads\\\/2025\\\/07\\\/Destacada-1.jpeg\",\"datePublished\":\"2025-07-08T15:28:29+00:00\",\"dateModified\":\"2025-07-08T15:28:30+00:00\",\"description\":\"TCE-PB promove capacita\u00e7\u00e3o regionalizada para elabora\u00e7\u00e3o de Planos Municipais pela Primeira Inf\u00e2ncia %\",\"breadcrumb\":{\"@id\":\"https:\\\/\\\/tce.pb.gov.br\\\/portalprimeirainfancia\\\/tce-pb-promove-capacitacao-regionalizada-para-elaboracao-de-planos-municipais-pela-primeira-infancia\\\/#breadcrumb\"},\"inLanguage\":\"pt-BR\",\"potentialAction\":[{\"@type\":\"ReadAction\",\"target\":[\"https:\\\/\\\/tce.pb.gov.br\\\/portalprimeirainfancia\\\/tce-pb-promove-capacitacao-regionalizada-para-elaboracao-de-planos-municipais-pela-primeira-infancia\\\/\"]}]},{\"@type\":\"ImageObject\",\"inLanguage\":\"pt-BR\",\"@id\":\"https:\\\/\\\/tce.pb.gov.br\\\/portalprimeirainfancia\\\/tce-pb-promove-capacitacao-regionalizada-para-elaboracao-de-planos-municipais-pela-primeira-infancia\\\/#primaryimage\",\"url\":\"https:\\\/\\\/tce.pb.gov.br\\\/portalprimeirainfancia\\\/wp-content\\\/uploads\\\/2025\\\/07\\\/Destacada-1.jpeg\",\"contentUrl\":\"https:\\\/\\\/tce.pb.gov.br\\\/portalprimeirainfancia\\\/wp-content\\\/uploads\\\/2025\\\/07\\\/Destacada-1.jpeg\",\"width\":1024,\"height\":682},{\"@type\":\"BreadcrumbList\",\"@id\":\"https:\\\/\\\/tce.pb.gov.br\\\/portalprimeirainfancia\\\/tce-pb-promove-capacitacao-regionalizada-para-elaboracao-de-planos-municipais-pela-primeira-infancia\\\/#breadcrumb\",\"itemListElement\":[{\"@type\":\"ListItem\",\"position\":1,\"name\":\"In\u00edcio\",\"item\":\"https:\\\/\\\/tce.pb.gov.br\\\/portalprimeirainfancia\\\/\"},{\"@type\":\"ListItem\",\"position\":2,\"name\":\"TCE-PB promove capacita\u00e7\u00e3o regionalizada para elabora\u00e7\u00e3o de Planos Municipais pela Primeira Inf\u00e2ncia\"}]},{\"@type\":\"WebSite\",\"@id\":\"https:\\\/\\\/tce.pb.gov.br\\\/portalprimeirainfancia\\\/#website\",\"url\":\"https:\\\/\\\/tce.pb.gov.br\\\/portalprimeirainfancia\\\/\",\"name\":\"Pacto Paraibano pela Primeira Inf\u00e2ncia\",\"description\":\"Portal para divulga\u00e7\u00e3o do Pacto Paraibano pela Primeira Inf\u00e2ncia\",\"publisher\":{\"@id\":\"https:\\\/\\\/tce.pb.gov.br\\\/portalprimeirainfancia\\\/#organization\"},\"potentialAction\":[{\"@type\":\"SearchAction\",\"target\":{\"@type\":\"EntryPoint\",\"urlTemplate\":\"https:\\\/\\\/tce.pb.gov.br\\\/portalprimeirainfancia\\\/?s={search_term_string}\"},\"query-input\":{\"@type\":\"PropertyValueSpecification\",\"valueRequired\":true,\"valueName\":\"search_term_string\"}}],\"inLanguage\":\"pt-BR\"},{\"@type\":\"Organization\",\"@id\":\"https:\\\/\\\/tce.pb.gov.br\\\/portalprimeirainfancia\\\/#organization\",\"name\":\"Pacto Paraibano pela Primeira Inf\u00e2ncia\",\"alternateName\":\"TCE-PB\",\"url\":\"https:\\\/\\\/tce.pb.gov.br\\\/portalprimeirainfancia\\\/\",\"logo\":{\"@type\":\"ImageObject\",\"inLanguage\":\"pt-BR\",\"@id\":\"https:\\\/\\\/tce.pb.gov.br\\\/portalprimeirainfancia\\\/#\\\/schema\\\/logo\\\/image\\\/\",\"url\":\"https:\\\/\\\/tce.pb.gov.br\\\/portalprimeirainfancia\\\/wp-content\\\/uploads\\\/2025\\\/05\\\/Pacto-Whatsapp.png\",\"contentUrl\":\"https:\\\/\\\/tce.pb.gov.br\\\/portalprimeirainfancia\\\/wp-content\\\/uploads\\\/2025\\\/05\\\/Pacto-Whatsapp.png\",\"width\":427,\"height\":427,\"caption\":\"Pacto Paraibano pela Primeira Inf\u00e2ncia\"},\"image\":{\"@id\":\"https:\\\/\\\/tce.pb.gov.br\\\/portalprimeirainfancia\\\/#\\\/schema\\\/logo\\\/image\\\/\"},\"sameAs\":[\"https:\\\/\\\/www.instagram.com\\\/tcepb\\\/\"]},{\"@type\":\"Person\",\"@id\":\"https:\\\/\\\/tce.pb.gov.br\\\/portalprimeirainfancia\\\/#\\\/schema\\\/person\\\/6a39eea5836dda604de1c5e5b7d62141\",\"name\":\"Rafael Massoni\"}]}<\/script>\n<!-- \/ Yoast SEO plugin. -->","yoast_head_json":{"title":"TCE-PB promove capacita\u00e7\u00e3o regionalizada para elabora\u00e7\u00e3o de Planos Municipais pela Primeira Inf\u00e2ncia %","description":"TCE-PB promove capacita\u00e7\u00e3o regionalizada para elabora\u00e7\u00e3o de Planos Municipais pela Primeira Inf\u00e2ncia %","robots":{"index":"index","follow":"follow","max-snippet":"max-snippet:-1","max-image-preview":"max-image-preview:large","max-video-preview":"max-video-preview:-1"},"canonical":"https:\/\/tce.pb.gov.br\/portalprimeirainfancia\/tce-pb-promove-capacitacao-regionalizada-para-elaboracao-de-planos-municipais-pela-primeira-infancia\/","og_locale":"pt_BR","og_type":"article","og_title":"TCE-PB promove capacita\u00e7\u00e3o regionalizada para elabora\u00e7\u00e3o de Planos Municipais pela Primeira Inf\u00e2ncia %","og_description":"TCE-PB promove capacita\u00e7\u00e3o regionalizada para elabora\u00e7\u00e3o de Planos Municipais pela Primeira Inf\u00e2ncia %","og_url":"https:\/\/tce.pb.gov.br\/portalprimeirainfancia\/tce-pb-promove-capacitacao-regionalizada-para-elaboracao-de-planos-municipais-pela-primeira-infancia\/","og_site_name":"Pacto Paraibano pela Primeira Inf\u00e2ncia","article_published_time":"2025-07-08T15:28:29+00:00","article_modified_time":"2025-07-08T15:28:30+00:00","og_image":[{"width":1024,"height":682,"url":"https:\/\/tce.pb.gov.br\/portalprimeirainfancia\/wp-content\/uploads\/2025\/07\/Destacada-1.jpeg","type":"image\/jpeg"}],"author":"Rafael Massoni","twitter_card":"summary_large_image","twitter_misc":{"Escrito por":"Rafael Massoni","Est. tempo de leitura":"5 minutos"},"schema":{"@context":"https:\/\/schema.org","@graph":[{"@type":"NewsArticle","@id":"https:\/\/tce.pb.gov.br\/portalprimeirainfancia\/tce-pb-promove-capacitacao-regionalizada-para-elaboracao-de-planos-municipais-pela-primeira-infancia\/#article","isPartOf":{"@id":"https:\/\/tce.pb.gov.br\/portalprimeirainfancia\/tce-pb-promove-capacitacao-regionalizada-para-elaboracao-de-planos-municipais-pela-primeira-infancia\/"},"author":{"name":"Rafael Massoni","@id":"https:\/\/tce.pb.gov.br\/portalprimeirainfancia\/#\/schema\/person\/6a39eea5836dda604de1c5e5b7d62141"},"headline":"TCE-PB promove capacita\u00e7\u00e3o regionalizada para elabora\u00e7\u00e3o de Planos Municipais pela Primeira Inf\u00e2ncia","datePublished":"2025-07-08T15:28:29+00:00","dateModified":"2025-07-08T15:28:30+00:00","mainEntityOfPage":{"@id":"https:\/\/tce.pb.gov.br\/portalprimeirainfancia\/tce-pb-promove-capacitacao-regionalizada-para-elaboracao-de-planos-municipais-pela-primeira-infancia\/"},"wordCount":879,"publisher":{"@id":"https:\/\/tce.pb.gov.br\/portalprimeirainfancia\/#organization"},"image":{"@id":"https:\/\/tce.pb.gov.br\/portalprimeirainfancia\/tce-pb-promove-capacitacao-regionalizada-para-elaboracao-de-planos-municipais-pela-primeira-infancia\/#primaryimage"},"thumbnailUrl":"https:\/\/tce.pb.gov.br\/portalprimeirainfancia\/wp-content\/uploads\/2025\/07\/Destacada-1.jpeg","articleSection":["Not\u00edcias"],"inLanguage":"pt-BR"},{"@type":"WebPage","@id":"https:\/\/tce.pb.gov.br\/portalprimeirainfancia\/tce-pb-promove-capacitacao-regionalizada-para-elaboracao-de-planos-municipais-pela-primeira-infancia\/","url":"https:\/\/tce.pb.gov.br\/portalprimeirainfancia\/tce-pb-promove-capacitacao-regionalizada-para-elaboracao-de-planos-municipais-pela-primeira-infancia\/","name":"TCE-PB promove capacita\u00e7\u00e3o regionalizada para elabora\u00e7\u00e3o de Planos Municipais pela Primeira Inf\u00e2ncia %","isPartOf":{"@id":"https:\/\/tce.pb.gov.br\/portalprimeirainfancia\/#website"},"primaryImageOfPage":{"@id":"https:\/\/tce.pb.gov.br\/portalprimeirainfancia\/tce-pb-promove-capacitacao-regionalizada-para-elaboracao-de-planos-municipais-pela-primeira-infancia\/#primaryimage"},"image":{"@id":"https:\/\/tce.pb.gov.br\/portalprimeirainfancia\/tce-pb-promove-capacitacao-regionalizada-para-elaboracao-de-planos-municipais-pela-primeira-infancia\/#primaryimage"},"thumbnailUrl":"https:\/\/tce.pb.gov.br\/portalprimeirainfancia\/wp-content\/uploads\/2025\/07\/Destacada-1.jpeg","datePublished":"2025-07-08T15:28:29+00:00","dateModified":"2025-07-08T15:28:30+00:00","description":"TCE-PB promove capacita\u00e7\u00e3o regionalizada para elabora\u00e7\u00e3o de Planos Municipais pela Primeira Inf\u00e2ncia %","breadcrumb":{"@id":"https:\/\/tce.pb.gov.br\/portalprimeirainfancia\/tce-pb-promove-capacitacao-regionalizada-para-elaboracao-de-planos-municipais-pela-primeira-infancia\/#breadcrumb"},"inLanguage":"pt-BR","potentialAction":[{"@type":"ReadAction","target":["https:\/\/tce.pb.gov.br\/portalprimeirainfancia\/tce-pb-promove-capacitacao-regionalizada-para-elaboracao-de-planos-municipais-pela-primeira-infancia\/"]}]},{"@type":"ImageObject","inLanguage":"pt-BR","@id":"https:\/\/tce.pb.gov.br\/portalprimeirainfancia\/tce-pb-promove-capacitacao-regionalizada-para-elaboracao-de-planos-municipais-pela-primeira-infancia\/#primaryimage","url":"https:\/\/tce.pb.gov.br\/portalprimeirainfancia\/wp-content\/uploads\/2025\/07\/Destacada-1.jpeg","contentUrl":"https:\/\/tce.pb.gov.br\/portalprimeirainfancia\/wp-content\/uploads\/2025\/07\/Destacada-1.jpeg","width":1024,"height":682},{"@type":"BreadcrumbList","@id":"https:\/\/tce.pb.gov.br\/portalprimeirainfancia\/tce-pb-promove-capacitacao-regionalizada-para-elaboracao-de-planos-municipais-pela-primeira-infancia\/#breadcrumb","itemListElement":[{"@type":"ListItem","position":1,"name":"In\u00edcio","item":"https:\/\/tce.pb.gov.br\/portalprimeirainfancia\/"},{"@type":"ListItem","position":2,"name":"TCE-PB promove capacita\u00e7\u00e3o regionalizada para elabora\u00e7\u00e3o de Planos Municipais pela Primeira Inf\u00e2ncia"}]},{"@type":"WebSite","@id":"https:\/\/tce.pb.gov.br\/portalprimeirainfancia\/#website","url":"https:\/\/tce.pb.gov.br\/portalprimeirainfancia\/","name":"Pacto Paraibano pela Primeira Inf\u00e2ncia","description":"Portal para divulga\u00e7\u00e3o do Pacto Paraibano pela Primeira Inf\u00e2ncia","publisher":{"@id":"https:\/\/tce.pb.gov.br\/portalprimeirainfancia\/#organization"},"potentialAction":[{"@type":"SearchAction","target":{"@type":"EntryPoint","urlTemplate":"https:\/\/tce.pb.gov.br\/portalprimeirainfancia\/?s={search_term_string}"},"query-input":{"@type":"PropertyValueSpecification","valueRequired":true,"valueName":"search_term_string"}}],"inLanguage":"pt-BR"},{"@type":"Organization","@id":"https:\/\/tce.pb.gov.br\/portalprimeirainfancia\/#organization","name":"Pacto Paraibano pela Primeira Inf\u00e2ncia","alternateName":"TCE-PB","url":"https:\/\/tce.pb.gov.br\/portalprimeirainfancia\/","logo":{"@type":"ImageObject","inLanguage":"pt-BR","@id":"https:\/\/tce.pb.gov.br\/portalprimeirainfancia\/#\/schema\/logo\/image\/","url":"https:\/\/tce.pb.gov.br\/portalprimeirainfancia\/wp-content\/uploads\/2025\/05\/Pacto-Whatsapp.png","contentUrl":"https:\/\/tce.pb.gov.br\/portalprimeirainfancia\/wp-content\/uploads\/2025\/05\/Pacto-Whatsapp.png","width":427,"height":427,"caption":"Pacto Paraibano pela Primeira Inf\u00e2ncia"},"image":{"@id":"https:\/\/tce.pb.gov.br\/portalprimeirainfancia\/#\/schema\/logo\/image\/"},"sameAs":["https:\/\/www.instagram.com\/tcepb\/"]},{"@type":"Person","@id":"https:\/\/tce.pb.gov.br\/portalprimeirainfancia\/#\/schema\/person\/6a39eea5836dda604de1c5e5b7d62141","name":"Rafael Massoni"}]}},"jetpack_featured_media_url":"https:\/\/tce.pb.gov.br\/portalprimeirainfancia\/wp-content\/uploads\/2025\/07\/Destacada-1.jpeg","jetpack_sharing_enabled":true,"_links":{"self":[{"href":"https:\/\/tce.pb.gov.br\/portalprimeirainfancia\/wp-json\/wp\/v2\/posts\/29477","targetHints":{"allow":["GET"]}}],"collection":[{"href":"https:\/\/tce.pb.gov.br\/portalprimeirainfancia\/wp-json\/wp\/v2\/posts"}],"about":[{"href":"https:\/\/tce.pb.gov.br\/portalprimeirainfancia\/wp-json\/wp\/v2\/types\/post"}],"author":[{"embeddable":true,"href":"https:\/\/tce.pb.gov.br\/portalprimeirainfancia\/wp-json\/wp\/v2\/users\/6"}],"replies":[{"embeddable":true,"href":"https:\/\/tce.pb.gov.br\/portalprimeirainfancia\/wp-json\/wp\/v2\/comments?post=29477"}],"version-history":[{"count":1,"href":"https:\/\/tce.pb.gov.br\/portalprimeirainfancia\/wp-json\/wp\/v2\/posts\/29477\/revisions"}],"predecessor-version":[{"id":29479,"href":"https:\/\/tce.pb.gov.br\/portalprimeirainfancia\/wp-json\/wp\/v2\/posts\/29477\/revisions\/29479"}],"wp:featuredmedia":[{"embeddable":true,"href":"https:\/\/tce.pb.gov.br\/portalprimeirainfancia\/wp-json\/wp\/v2\/media\/29478"}],"wp:attachment":[{"href":"https:\/\/tce.pb.gov.br\/portalprimeirainfancia\/wp-json\/wp\/v2\/media?parent=29477"}],"wp:term":[{"taxonomy":"category","embeddable":true,"href":"https:\/\/tce.pb.gov.br\/portalprimeirainfancia\/wp-json\/wp\/v2\/categories?post=29477"},{"taxonomy":"post_tag","embeddable":true,"href":"https:\/\/tce.pb.gov.br\/portalprimeirainfancia\/wp-json\/wp\/v2\/tags?post=29477"}],"curies":[{"name":"wp","href":"https:\/\/api.w.org\/{rel}","templated":true}]}}