{"id":29421,"date":"2025-07-03T18:00:00","date_gmt":"2025-07-03T21:00:00","guid":{"rendered":"https:\/\/tce.pb.gov.br\/portalprimeirainfancia\/?p=29421"},"modified":"2025-07-04T08:42:58","modified_gmt":"2025-07-04T11:42:58","slug":"capacitacao-do-tce-pb-para-planos-da-primeira-infancia-comeca-por-sume-inscricoes-seguem-abertas","status":"publish","type":"post","link":"https:\/\/tce.pb.gov.br\/portalprimeirainfancia\/capacitacao-do-tce-pb-para-planos-da-primeira-infancia-comeca-por-sume-inscricoes-seguem-abertas\/","title":{"rendered":"Capacita\u00e7\u00e3o do TCE-PB para planos da primeira inf\u00e2ncia come\u00e7a por Sum\u00e9; inscri\u00e7\u00f5es seguem abertas"},"content":{"rendered":"\n<figure class=\"wp-block-image aligncenter size-full\"><img fetchpriority=\"high\" decoding=\"async\" width=\"1024\" height=\"682\" src=\"https:\/\/tce.pb.gov.br\/portalprimeirainfancia\/wp-content\/uploads\/2025\/07\/image-2.png\" alt=\"\" class=\"wp-image-29422\" srcset=\"https:\/\/tce.pb.gov.br\/portalprimeirainfancia\/wp-content\/uploads\/2025\/07\/image-2.png 1024w, https:\/\/tce.pb.gov.br\/portalprimeirainfancia\/wp-content\/uploads\/2025\/07\/image-2-300x200.png 300w, https:\/\/tce.pb.gov.br\/portalprimeirainfancia\/wp-content\/uploads\/2025\/07\/image-2-768x512.png 768w\" sizes=\"(max-width: 1024px) 100vw, 1024px\" \/><\/figure>\n\n\n\n<p>O Tribunal de Contas da Para\u00edba (TCE-PB), por meio da Escola de Contas Otac\u00edlio Silveira (Ecosil), inicia este m\u00eas, pelo munic\u00edpio de Sum\u00e9, &nbsp;nos dias 15 e 16 de julho, uma s\u00e9rie de capacita\u00e7\u00f5es presenciais que visa auxiliar os gestores paraibanos na elabora\u00e7\u00e3o ou aprimoramento dos Planos Municipais para a Primeira Inf\u00e2ncia (PMPI). As forma\u00e7\u00f5es seguem at\u00e9 agosto e as inscri\u00e7\u00f5es permanecem abertas.<\/p>\n\n\n\n<p>O curso, intitulado \u201cElabora\u00e7\u00e3o ou Aprimoramento de Planos Municipais para a Primeira Inf\u00e2ncia\u201d, tem como objetivo apoiar os munic\u00edpios na constru\u00e7\u00e3o de pol\u00edticas p\u00fablicas voltadas \u00e0 inf\u00e2ncia. Ele ser\u00e1 ministrado pela professora Adelaide Alves Dias e pelo auditor de controle externo Leonardo Silveira, contemplando seis cidades-polo: Sum\u00e9, Bananeiras, Campina Grande, Sousa, Jo\u00e3o Pessoa e Itaporanga, abrangendo todas as regi\u00f5es do estado.<\/p>\n\n\n\n<p>Em Sum\u00e9, primeira cidade a receber o curso, o encontro acontece no Centro de Forma\u00e7\u00e3o de Professores Omesima Ara\u00fajo, localizado na Rua Manoel Sabia, 158. S\u00e3o disponibilizadas 150 vagas para representantes de 19 munic\u00edpios convidados, entre eles, Sum\u00e9, Amparo, Camala\u00fa, Cara\u00fabas, Congo, Coxixola, Gurj\u00e3o, Ouro Velho, Parari, Prata, Santo Andr\u00e9, S\u00e3o Jo\u00e3o do Cariri, S\u00e3o Jo\u00e3o do Tigre, S\u00e3o Jos\u00e9 dos Cordeiros, S\u00e3o Sebasti\u00e3o do Umbuzeiro, Serra Branca, Monteiro, Zabel\u00ea.<\/p>\n\n\n\n<p>As capacita\u00e7\u00f5es s\u00e3o voltadas para gestores municipais, equipes t\u00e9cnicas, conselheiros tutelares, membros de conselhos de direitos, parlamentares e outros agentes p\u00fablicos interessados na tem\u00e1tica da primeira inf\u00e2ncia.<\/p>\n\n\n\n<p><strong>Inscri\u00e7\u00f5es continuam abertas<\/strong><\/p>\n\n\n\n<p>Os interessados em participar podem se inscrever gratuitamente por meio do link:<\/p>\n\n\n\n<p>\ud83d\udc49&nbsp;<a href=\"https:\/\/doity.com.br\/elaboracao-ou-aprimoramento-de-planos-municipais-para-a-primeira-infancia-sume\">https:\/\/doity.com.br\/elaboracao-ou-aprimoramento-de-planos-municipais-para-a-primeira-infancia-sume<\/a><\/p>\n\n\n\n<p>Al\u00e9m de Sum\u00e9, o cronograma seguir\u00e1 para Bananeiras, Campina Grande, Sousa, Jo\u00e3o Pessoa e Itaporanga, fortalecendo o compromisso do TCE-PB com a promo\u00e7\u00e3o do bem-estar e dos direitos das crian\u00e7as em todas as regi\u00f5es do estado.<\/p>\n\n\n\n<p><\/p>\n","protected":false},"excerpt":{"rendered":"<p>O Tribunal de Contas da Para\u00edba (TCE-PB), por meio da Escola de Contas Otac\u00edlio Silveira (Ecosil), inicia este m\u00eas, pelo [&hellip;]<\/p>\n","protected":false},"author":6,"featured_media":29422,"comment_status":"closed","ping_status":"closed","sticky":false,"template":"","format":"standard","meta":{"site-sidebar-layout":"default","site-content-layout":"","ast-site-content-layout":"","site-content-style":"default","site-sidebar-style":"default","ast-global-header-display":"","ast-banner-title-visibility":"","ast-main-header-display":"","ast-hfb-above-header-display":"","ast-hfb-below-header-display":"","ast-hfb-mobile-header-display":"","site-post-title":"","ast-breadcrumbs-content":"","ast-featured-img":"","footer-sml-layout":"","theme-transparent-header-meta":"","adv-header-id-meta":"","stick-header-meta":"","header-above-stick-meta":"","header-main-stick-meta":"","header-below-stick-meta":"","astra-migrate-meta-layouts":"default","ast-page-background-enabled":"default","ast-page-background-meta":{"desktop":{"background-color":"var(--ast-global-color-5)","background-image":"","background-repeat":"repeat","background-position":"center center","background-size":"auto","background-attachment":"scroll","background-type":"","background-media":"","overlay-type":"","overlay-color":"","overlay-opacity":"","overlay-gradient":""},"tablet":{"background-color":"","background-image":"","background-repeat":"repeat","background-position":"center center","background-size":"auto","background-attachment":"scroll","background-type":"","background-media":"","overlay-type":"","overlay-color":"","overlay-opacity":"","overlay-gradient":""},"mobile":{"background-color":"","background-image":"","background-repeat":"repeat","background-position":"center center","background-size":"auto","background-attachment":"scroll","background-type":"","background-media":"","overlay-type":"","overlay-color":"","overlay-opacity":"","overlay-gradient":""}},"ast-content-background-meta":{"desktop":{"background-color":"var(--ast-global-color-4)","background-image":"","background-repeat":"repeat","background-position":"center center","background-size":"auto","background-attachment":"scroll","background-type":"","background-media":"","overlay-type":"","overlay-color":"","overlay-opacity":"","overlay-gradient":""},"tablet":{"background-color":"var(--ast-global-color-4)","background-image":"","background-repeat":"repeat","background-position":"center center","background-size":"auto","background-attachment":"scroll","background-type":"","background-media":"","overlay-type":"","overlay-color":"","overlay-opacity":"","overlay-gradient":""},"mobile":{"background-color":"var(--ast-global-color-4)","background-image":"","background-repeat":"repeat","background-position":"center center","background-size":"auto","background-attachment":"scroll","background-type":"","background-media":"","overlay-type":"","overlay-color":"","overlay-opacity":"","overlay-gradient":""}},"_jetpack_memberships_contains_paid_content":false,"footnotes":""},"categories":[7],"tags":[40,27,39,25,47,31,26,52],"class_list":["post-29421","post","type-post","status-publish","format-standard","has-post-thumbnail","hentry","category-noticias","tag-camaras-municipais","tag-pacto-pela-primeira-infancia","tag-prefeituras","tag-primeira-infancia","tag-sume","tag-tce","tag-tce-pb","tag-treinamento"],"yoast_head":"<!-- This site is optimized with the Yoast SEO plugin v27.5 - https:\/\/yoast.com\/product\/yoast-seo-wordpress\/ -->\n<title>Capacita\u00e7\u00e3o do TCE-PB para planos da primeira inf\u00e2ncia come\u00e7a por Sum\u00e9; inscri\u00e7\u00f5es seguem abertas %<\/title>\n<meta name=\"description\" content=\"Capacita\u00e7\u00e3o do TCE-PB para planos da primeira inf\u00e2ncia come\u00e7a por Sum\u00e9; inscri\u00e7\u00f5es seguem abertas %\" \/>\n<meta name=\"robots\" content=\"index, follow, max-snippet:-1, max-image-preview:large, max-video-preview:-1\" \/>\n<link rel=\"canonical\" href=\"https:\/\/tce.pb.gov.br\/portalprimeirainfancia\/capacitacao-do-tce-pb-para-planos-da-primeira-infancia-comeca-por-sume-inscricoes-seguem-abertas\/\" \/>\n<meta property=\"og:locale\" content=\"pt_BR\" \/>\n<meta property=\"og:type\" content=\"article\" \/>\n<meta property=\"og:title\" content=\"Capacita\u00e7\u00e3o do TCE-PB para planos da primeira inf\u00e2ncia come\u00e7a por Sum\u00e9; inscri\u00e7\u00f5es seguem abertas %\" \/>\n<meta property=\"og:description\" content=\"Capacita\u00e7\u00e3o do TCE-PB para planos da primeira inf\u00e2ncia come\u00e7a por Sum\u00e9; inscri\u00e7\u00f5es seguem abertas %\" \/>\n<meta property=\"og:url\" content=\"https:\/\/tce.pb.gov.br\/portalprimeirainfancia\/capacitacao-do-tce-pb-para-planos-da-primeira-infancia-comeca-por-sume-inscricoes-seguem-abertas\/\" \/>\n<meta property=\"og:site_name\" content=\"Pacto Paraibano pela Primeira Inf\u00e2ncia\" \/>\n<meta property=\"article:published_time\" content=\"2025-07-03T21:00:00+00:00\" \/>\n<meta property=\"article:modified_time\" content=\"2025-07-04T11:42:58+00:00\" \/>\n<meta property=\"og:image\" content=\"https:\/\/tce.pb.gov.br\/portalprimeirainfancia\/wp-content\/uploads\/2025\/07\/image-2.png\" \/>\n\t<meta property=\"og:image:width\" content=\"1024\" \/>\n\t<meta property=\"og:image:height\" content=\"682\" \/>\n\t<meta property=\"og:image:type\" content=\"image\/png\" \/>\n<meta name=\"author\" content=\"Rafael Massoni\" \/>\n<meta name=\"twitter:card\" content=\"summary_large_image\" \/>\n<meta name=\"twitter:label1\" content=\"Escrito por\" \/>\n\t<meta name=\"twitter:data1\" content=\"Rafael Massoni\" \/>\n\t<meta name=\"twitter:label2\" content=\"Est. tempo de leitura\" \/>\n\t<meta name=\"twitter:data2\" content=\"2 minutos\" \/>\n<script type=\"application\/ld+json\" class=\"yoast-schema-graph\">{\"@context\":\"https:\\\/\\\/schema.org\",\"@graph\":[{\"@type\":\"NewsArticle\",\"@id\":\"https:\\\/\\\/tce.pb.gov.br\\\/portalprimeirainfancia\\\/capacitacao-do-tce-pb-para-planos-da-primeira-infancia-comeca-por-sume-inscricoes-seguem-abertas\\\/#article\",\"isPartOf\":{\"@id\":\"https:\\\/\\\/tce.pb.gov.br\\\/portalprimeirainfancia\\\/capacitacao-do-tce-pb-para-planos-da-primeira-infancia-comeca-por-sume-inscricoes-seguem-abertas\\\/\"},\"author\":{\"name\":\"Rafael Massoni\",\"@id\":\"https:\\\/\\\/tce.pb.gov.br\\\/portalprimeirainfancia\\\/#\\\/schema\\\/person\\\/6a39eea5836dda604de1c5e5b7d62141\"},\"headline\":\"Capacita\u00e7\u00e3o do TCE-PB para planos da primeira inf\u00e2ncia come\u00e7a por Sum\u00e9; inscri\u00e7\u00f5es seguem abertas\",\"datePublished\":\"2025-07-03T21:00:00+00:00\",\"dateModified\":\"2025-07-04T11:42:58+00:00\",\"mainEntityOfPage\":{\"@id\":\"https:\\\/\\\/tce.pb.gov.br\\\/portalprimeirainfancia\\\/capacitacao-do-tce-pb-para-planos-da-primeira-infancia-comeca-por-sume-inscricoes-seguem-abertas\\\/\"},\"wordCount\":335,\"publisher\":{\"@id\":\"https:\\\/\\\/tce.pb.gov.br\\\/portalprimeirainfancia\\\/#organization\"},\"image\":{\"@id\":\"https:\\\/\\\/tce.pb.gov.br\\\/portalprimeirainfancia\\\/capacitacao-do-tce-pb-para-planos-da-primeira-infancia-comeca-por-sume-inscricoes-seguem-abertas\\\/#primaryimage\"},\"thumbnailUrl\":\"https:\\\/\\\/tce.pb.gov.br\\\/portalprimeirainfancia\\\/wp-content\\\/uploads\\\/2025\\\/07\\\/image-2.png\",\"keywords\":[\"c\u00e2maras municipais\",\"pacto pela primeira infancia\",\"prefeituras\",\"primeira infancia\",\"sum\u00e9\",\"tce\",\"tce-pb\",\"treinamento\"],\"articleSection\":[\"Not\u00edcias\"],\"inLanguage\":\"pt-BR\"},{\"@type\":\"WebPage\",\"@id\":\"https:\\\/\\\/tce.pb.gov.br\\\/portalprimeirainfancia\\\/capacitacao-do-tce-pb-para-planos-da-primeira-infancia-comeca-por-sume-inscricoes-seguem-abertas\\\/\",\"url\":\"https:\\\/\\\/tce.pb.gov.br\\\/portalprimeirainfancia\\\/capacitacao-do-tce-pb-para-planos-da-primeira-infancia-comeca-por-sume-inscricoes-seguem-abertas\\\/\",\"name\":\"Capacita\u00e7\u00e3o do TCE-PB para planos da primeira inf\u00e2ncia come\u00e7a por Sum\u00e9; inscri\u00e7\u00f5es seguem abertas %\",\"isPartOf\":{\"@id\":\"https:\\\/\\\/tce.pb.gov.br\\\/portalprimeirainfancia\\\/#website\"},\"primaryImageOfPage\":{\"@id\":\"https:\\\/\\\/tce.pb.gov.br\\\/portalprimeirainfancia\\\/capacitacao-do-tce-pb-para-planos-da-primeira-infancia-comeca-por-sume-inscricoes-seguem-abertas\\\/#primaryimage\"},\"image\":{\"@id\":\"https:\\\/\\\/tce.pb.gov.br\\\/portalprimeirainfancia\\\/capacitacao-do-tce-pb-para-planos-da-primeira-infancia-comeca-por-sume-inscricoes-seguem-abertas\\\/#primaryimage\"},\"thumbnailUrl\":\"https:\\\/\\\/tce.pb.gov.br\\\/portalprimeirainfancia\\\/wp-content\\\/uploads\\\/2025\\\/07\\\/image-2.png\",\"datePublished\":\"2025-07-03T21:00:00+00:00\",\"dateModified\":\"2025-07-04T11:42:58+00:00\",\"description\":\"Capacita\u00e7\u00e3o do TCE-PB para planos da primeira inf\u00e2ncia come\u00e7a por Sum\u00e9; inscri\u00e7\u00f5es seguem abertas %\",\"breadcrumb\":{\"@id\":\"https:\\\/\\\/tce.pb.gov.br\\\/portalprimeirainfancia\\\/capacitacao-do-tce-pb-para-planos-da-primeira-infancia-comeca-por-sume-inscricoes-seguem-abertas\\\/#breadcrumb\"},\"inLanguage\":\"pt-BR\",\"potentialAction\":[{\"@type\":\"ReadAction\",\"target\":[\"https:\\\/\\\/tce.pb.gov.br\\\/portalprimeirainfancia\\\/capacitacao-do-tce-pb-para-planos-da-primeira-infancia-comeca-por-sume-inscricoes-seguem-abertas\\\/\"]}]},{\"@type\":\"ImageObject\",\"inLanguage\":\"pt-BR\",\"@id\":\"https:\\\/\\\/tce.pb.gov.br\\\/portalprimeirainfancia\\\/capacitacao-do-tce-pb-para-planos-da-primeira-infancia-comeca-por-sume-inscricoes-seguem-abertas\\\/#primaryimage\",\"url\":\"https:\\\/\\\/tce.pb.gov.br\\\/portalprimeirainfancia\\\/wp-content\\\/uploads\\\/2025\\\/07\\\/image-2.png\",\"contentUrl\":\"https:\\\/\\\/tce.pb.gov.br\\\/portalprimeirainfancia\\\/wp-content\\\/uploads\\\/2025\\\/07\\\/image-2.png\",\"width\":1024,\"height\":682},{\"@type\":\"BreadcrumbList\",\"@id\":\"https:\\\/\\\/tce.pb.gov.br\\\/portalprimeirainfancia\\\/capacitacao-do-tce-pb-para-planos-da-primeira-infancia-comeca-por-sume-inscricoes-seguem-abertas\\\/#breadcrumb\",\"itemListElement\":[{\"@type\":\"ListItem\",\"position\":1,\"name\":\"In\u00edcio\",\"item\":\"https:\\\/\\\/tce.pb.gov.br\\\/portalprimeirainfancia\\\/\"},{\"@type\":\"ListItem\",\"position\":2,\"name\":\"Capacita\u00e7\u00e3o do TCE-PB para planos da primeira inf\u00e2ncia come\u00e7a por Sum\u00e9; inscri\u00e7\u00f5es seguem abertas\"}]},{\"@type\":\"WebSite\",\"@id\":\"https:\\\/\\\/tce.pb.gov.br\\\/portalprimeirainfancia\\\/#website\",\"url\":\"https:\\\/\\\/tce.pb.gov.br\\\/portalprimeirainfancia\\\/\",\"name\":\"Pacto Paraibano pela Primeira Inf\u00e2ncia\",\"description\":\"Portal para divulga\u00e7\u00e3o do Pacto Paraibano pela Primeira Inf\u00e2ncia\",\"publisher\":{\"@id\":\"https:\\\/\\\/tce.pb.gov.br\\\/portalprimeirainfancia\\\/#organization\"},\"potentialAction\":[{\"@type\":\"SearchAction\",\"target\":{\"@type\":\"EntryPoint\",\"urlTemplate\":\"https:\\\/\\\/tce.pb.gov.br\\\/portalprimeirainfancia\\\/?s={search_term_string}\"},\"query-input\":{\"@type\":\"PropertyValueSpecification\",\"valueRequired\":true,\"valueName\":\"search_term_string\"}}],\"inLanguage\":\"pt-BR\"},{\"@type\":\"Organization\",\"@id\":\"https:\\\/\\\/tce.pb.gov.br\\\/portalprimeirainfancia\\\/#organization\",\"name\":\"Pacto Paraibano pela Primeira Inf\u00e2ncia\",\"alternateName\":\"TCE-PB\",\"url\":\"https:\\\/\\\/tce.pb.gov.br\\\/portalprimeirainfancia\\\/\",\"logo\":{\"@type\":\"ImageObject\",\"inLanguage\":\"pt-BR\",\"@id\":\"https:\\\/\\\/tce.pb.gov.br\\\/portalprimeirainfancia\\\/#\\\/schema\\\/logo\\\/image\\\/\",\"url\":\"https:\\\/\\\/tce.pb.gov.br\\\/portalprimeirainfancia\\\/wp-content\\\/uploads\\\/2025\\\/05\\\/Pacto-Whatsapp.png\",\"contentUrl\":\"https:\\\/\\\/tce.pb.gov.br\\\/portalprimeirainfancia\\\/wp-content\\\/uploads\\\/2025\\\/05\\\/Pacto-Whatsapp.png\",\"width\":427,\"height\":427,\"caption\":\"Pacto Paraibano pela Primeira Inf\u00e2ncia\"},\"image\":{\"@id\":\"https:\\\/\\\/tce.pb.gov.br\\\/portalprimeirainfancia\\\/#\\\/schema\\\/logo\\\/image\\\/\"},\"sameAs\":[\"https:\\\/\\\/www.instagram.com\\\/tcepb\\\/\"]},{\"@type\":\"Person\",\"@id\":\"https:\\\/\\\/tce.pb.gov.br\\\/portalprimeirainfancia\\\/#\\\/schema\\\/person\\\/6a39eea5836dda604de1c5e5b7d62141\",\"name\":\"Rafael Massoni\"}]}<\/script>\n<!-- \/ Yoast SEO plugin. -->","yoast_head_json":{"title":"Capacita\u00e7\u00e3o do TCE-PB para planos da primeira inf\u00e2ncia come\u00e7a por Sum\u00e9; inscri\u00e7\u00f5es seguem abertas %","description":"Capacita\u00e7\u00e3o do TCE-PB para planos da primeira inf\u00e2ncia come\u00e7a por Sum\u00e9; inscri\u00e7\u00f5es seguem abertas %","robots":{"index":"index","follow":"follow","max-snippet":"max-snippet:-1","max-image-preview":"max-image-preview:large","max-video-preview":"max-video-preview:-1"},"canonical":"https:\/\/tce.pb.gov.br\/portalprimeirainfancia\/capacitacao-do-tce-pb-para-planos-da-primeira-infancia-comeca-por-sume-inscricoes-seguem-abertas\/","og_locale":"pt_BR","og_type":"article","og_title":"Capacita\u00e7\u00e3o do TCE-PB para planos da primeira inf\u00e2ncia come\u00e7a por Sum\u00e9; inscri\u00e7\u00f5es seguem abertas %","og_description":"Capacita\u00e7\u00e3o do TCE-PB para planos da primeira inf\u00e2ncia come\u00e7a por Sum\u00e9; inscri\u00e7\u00f5es seguem abertas %","og_url":"https:\/\/tce.pb.gov.br\/portalprimeirainfancia\/capacitacao-do-tce-pb-para-planos-da-primeira-infancia-comeca-por-sume-inscricoes-seguem-abertas\/","og_site_name":"Pacto Paraibano pela Primeira Inf\u00e2ncia","article_published_time":"2025-07-03T21:00:00+00:00","article_modified_time":"2025-07-04T11:42:58+00:00","og_image":[{"width":1024,"height":682,"url":"https:\/\/tce.pb.gov.br\/portalprimeirainfancia\/wp-content\/uploads\/2025\/07\/image-2.png","type":"image\/png"}],"author":"Rafael Massoni","twitter_card":"summary_large_image","twitter_misc":{"Escrito por":"Rafael Massoni","Est. tempo de leitura":"2 minutos"},"schema":{"@context":"https:\/\/schema.org","@graph":[{"@type":"NewsArticle","@id":"https:\/\/tce.pb.gov.br\/portalprimeirainfancia\/capacitacao-do-tce-pb-para-planos-da-primeira-infancia-comeca-por-sume-inscricoes-seguem-abertas\/#article","isPartOf":{"@id":"https:\/\/tce.pb.gov.br\/portalprimeirainfancia\/capacitacao-do-tce-pb-para-planos-da-primeira-infancia-comeca-por-sume-inscricoes-seguem-abertas\/"},"author":{"name":"Rafael Massoni","@id":"https:\/\/tce.pb.gov.br\/portalprimeirainfancia\/#\/schema\/person\/6a39eea5836dda604de1c5e5b7d62141"},"headline":"Capacita\u00e7\u00e3o do TCE-PB para planos da primeira inf\u00e2ncia come\u00e7a por Sum\u00e9; inscri\u00e7\u00f5es seguem abertas","datePublished":"2025-07-03T21:00:00+00:00","dateModified":"2025-07-04T11:42:58+00:00","mainEntityOfPage":{"@id":"https:\/\/tce.pb.gov.br\/portalprimeirainfancia\/capacitacao-do-tce-pb-para-planos-da-primeira-infancia-comeca-por-sume-inscricoes-seguem-abertas\/"},"wordCount":335,"publisher":{"@id":"https:\/\/tce.pb.gov.br\/portalprimeirainfancia\/#organization"},"image":{"@id":"https:\/\/tce.pb.gov.br\/portalprimeirainfancia\/capacitacao-do-tce-pb-para-planos-da-primeira-infancia-comeca-por-sume-inscricoes-seguem-abertas\/#primaryimage"},"thumbnailUrl":"https:\/\/tce.pb.gov.br\/portalprimeirainfancia\/wp-content\/uploads\/2025\/07\/image-2.png","keywords":["c\u00e2maras municipais","pacto pela primeira infancia","prefeituras","primeira infancia","sum\u00e9","tce","tce-pb","treinamento"],"articleSection":["Not\u00edcias"],"inLanguage":"pt-BR"},{"@type":"WebPage","@id":"https:\/\/tce.pb.gov.br\/portalprimeirainfancia\/capacitacao-do-tce-pb-para-planos-da-primeira-infancia-comeca-por-sume-inscricoes-seguem-abertas\/","url":"https:\/\/tce.pb.gov.br\/portalprimeirainfancia\/capacitacao-do-tce-pb-para-planos-da-primeira-infancia-comeca-por-sume-inscricoes-seguem-abertas\/","name":"Capacita\u00e7\u00e3o do TCE-PB para planos da primeira inf\u00e2ncia come\u00e7a por Sum\u00e9; inscri\u00e7\u00f5es seguem abertas %","isPartOf":{"@id":"https:\/\/tce.pb.gov.br\/portalprimeirainfancia\/#website"},"primaryImageOfPage":{"@id":"https:\/\/tce.pb.gov.br\/portalprimeirainfancia\/capacitacao-do-tce-pb-para-planos-da-primeira-infancia-comeca-por-sume-inscricoes-seguem-abertas\/#primaryimage"},"image":{"@id":"https:\/\/tce.pb.gov.br\/portalprimeirainfancia\/capacitacao-do-tce-pb-para-planos-da-primeira-infancia-comeca-por-sume-inscricoes-seguem-abertas\/#primaryimage"},"thumbnailUrl":"https:\/\/tce.pb.gov.br\/portalprimeirainfancia\/wp-content\/uploads\/2025\/07\/image-2.png","datePublished":"2025-07-03T21:00:00+00:00","dateModified":"2025-07-04T11:42:58+00:00","description":"Capacita\u00e7\u00e3o do TCE-PB para planos da primeira inf\u00e2ncia come\u00e7a por Sum\u00e9; inscri\u00e7\u00f5es seguem abertas %","breadcrumb":{"@id":"https:\/\/tce.pb.gov.br\/portalprimeirainfancia\/capacitacao-do-tce-pb-para-planos-da-primeira-infancia-comeca-por-sume-inscricoes-seguem-abertas\/#breadcrumb"},"inLanguage":"pt-BR","potentialAction":[{"@type":"ReadAction","target":["https:\/\/tce.pb.gov.br\/portalprimeirainfancia\/capacitacao-do-tce-pb-para-planos-da-primeira-infancia-comeca-por-sume-inscricoes-seguem-abertas\/"]}]},{"@type":"ImageObject","inLanguage":"pt-BR","@id":"https:\/\/tce.pb.gov.br\/portalprimeirainfancia\/capacitacao-do-tce-pb-para-planos-da-primeira-infancia-comeca-por-sume-inscricoes-seguem-abertas\/#primaryimage","url":"https:\/\/tce.pb.gov.br\/portalprimeirainfancia\/wp-content\/uploads\/2025\/07\/image-2.png","contentUrl":"https:\/\/tce.pb.gov.br\/portalprimeirainfancia\/wp-content\/uploads\/2025\/07\/image-2.png","width":1024,"height":682},{"@type":"BreadcrumbList","@id":"https:\/\/tce.pb.gov.br\/portalprimeirainfancia\/capacitacao-do-tce-pb-para-planos-da-primeira-infancia-comeca-por-sume-inscricoes-seguem-abertas\/#breadcrumb","itemListElement":[{"@type":"ListItem","position":1,"name":"In\u00edcio","item":"https:\/\/tce.pb.gov.br\/portalprimeirainfancia\/"},{"@type":"ListItem","position":2,"name":"Capacita\u00e7\u00e3o do TCE-PB para planos da primeira inf\u00e2ncia come\u00e7a por Sum\u00e9; inscri\u00e7\u00f5es seguem abertas"}]},{"@type":"WebSite","@id":"https:\/\/tce.pb.gov.br\/portalprimeirainfancia\/#website","url":"https:\/\/tce.pb.gov.br\/portalprimeirainfancia\/","name":"Pacto Paraibano pela Primeira Inf\u00e2ncia","description":"Portal para divulga\u00e7\u00e3o do Pacto Paraibano pela Primeira Inf\u00e2ncia","publisher":{"@id":"https:\/\/tce.pb.gov.br\/portalprimeirainfancia\/#organization"},"potentialAction":[{"@type":"SearchAction","target":{"@type":"EntryPoint","urlTemplate":"https:\/\/tce.pb.gov.br\/portalprimeirainfancia\/?s={search_term_string}"},"query-input":{"@type":"PropertyValueSpecification","valueRequired":true,"valueName":"search_term_string"}}],"inLanguage":"pt-BR"},{"@type":"Organization","@id":"https:\/\/tce.pb.gov.br\/portalprimeirainfancia\/#organization","name":"Pacto Paraibano pela Primeira Inf\u00e2ncia","alternateName":"TCE-PB","url":"https:\/\/tce.pb.gov.br\/portalprimeirainfancia\/","logo":{"@type":"ImageObject","inLanguage":"pt-BR","@id":"https:\/\/tce.pb.gov.br\/portalprimeirainfancia\/#\/schema\/logo\/image\/","url":"https:\/\/tce.pb.gov.br\/portalprimeirainfancia\/wp-content\/uploads\/2025\/05\/Pacto-Whatsapp.png","contentUrl":"https:\/\/tce.pb.gov.br\/portalprimeirainfancia\/wp-content\/uploads\/2025\/05\/Pacto-Whatsapp.png","width":427,"height":427,"caption":"Pacto Paraibano pela Primeira Inf\u00e2ncia"},"image":{"@id":"https:\/\/tce.pb.gov.br\/portalprimeirainfancia\/#\/schema\/logo\/image\/"},"sameAs":["https:\/\/www.instagram.com\/tcepb\/"]},{"@type":"Person","@id":"https:\/\/tce.pb.gov.br\/portalprimeirainfancia\/#\/schema\/person\/6a39eea5836dda604de1c5e5b7d62141","name":"Rafael Massoni"}]}},"jetpack_featured_media_url":"https:\/\/tce.pb.gov.br\/portalprimeirainfancia\/wp-content\/uploads\/2025\/07\/image-2.png","jetpack_sharing_enabled":true,"_links":{"self":[{"href":"https:\/\/tce.pb.gov.br\/portalprimeirainfancia\/wp-json\/wp\/v2\/posts\/29421","targetHints":{"allow":["GET"]}}],"collection":[{"href":"https:\/\/tce.pb.gov.br\/portalprimeirainfancia\/wp-json\/wp\/v2\/posts"}],"about":[{"href":"https:\/\/tce.pb.gov.br\/portalprimeirainfancia\/wp-json\/wp\/v2\/types\/post"}],"author":[{"embeddable":true,"href":"https:\/\/tce.pb.gov.br\/portalprimeirainfancia\/wp-json\/wp\/v2\/users\/6"}],"replies":[{"embeddable":true,"href":"https:\/\/tce.pb.gov.br\/portalprimeirainfancia\/wp-json\/wp\/v2\/comments?post=29421"}],"version-history":[{"count":1,"href":"https:\/\/tce.pb.gov.br\/portalprimeirainfancia\/wp-json\/wp\/v2\/posts\/29421\/revisions"}],"predecessor-version":[{"id":29423,"href":"https:\/\/tce.pb.gov.br\/portalprimeirainfancia\/wp-json\/wp\/v2\/posts\/29421\/revisions\/29423"}],"wp:featuredmedia":[{"embeddable":true,"href":"https:\/\/tce.pb.gov.br\/portalprimeirainfancia\/wp-json\/wp\/v2\/media\/29422"}],"wp:attachment":[{"href":"https:\/\/tce.pb.gov.br\/portalprimeirainfancia\/wp-json\/wp\/v2\/media?parent=29421"}],"wp:term":[{"taxonomy":"category","embeddable":true,"href":"https:\/\/tce.pb.gov.br\/portalprimeirainfancia\/wp-json\/wp\/v2\/categories?post=29421"},{"taxonomy":"post_tag","embeddable":true,"href":"https:\/\/tce.pb.gov.br\/portalprimeirainfancia\/wp-json\/wp\/v2\/tags?post=29421"}],"curies":[{"name":"wp","href":"https:\/\/api.w.org\/{rel}","templated":true}]}}