{"id":29414,"date":"2025-07-02T09:34:28","date_gmt":"2025-07-02T12:34:28","guid":{"rendered":"https:\/\/tce.pb.gov.br\/portalprimeirainfancia\/?p=29414"},"modified":"2025-07-03T09:37:18","modified_gmt":"2025-07-03T12:37:18","slug":"tce-pb-e-unicef-alinham-parcerias-para-fortalecer-politicas-publicas-voltadas-a-primeira-infancia","status":"publish","type":"post","link":"https:\/\/tce.pb.gov.br\/portalprimeirainfancia\/tce-pb-e-unicef-alinham-parcerias-para-fortalecer-politicas-publicas-voltadas-a-primeira-infancia\/","title":{"rendered":"TCE-PB e UNICEF alinham parcerias para fortalecer pol\u00edticas p\u00fablicas voltadas \u00e0 primeira inf\u00e2ncia"},"content":{"rendered":"\n<figure class=\"wp-block-image aligncenter size-large\"><img fetchpriority=\"high\" decoding=\"async\" width=\"1024\" height=\"683\" src=\"https:\/\/tce.pb.gov.br\/portalprimeirainfancia\/wp-content\/uploads\/2025\/07\/UNICEF-01-38-1024x683.jpg\" alt=\"\" class=\"wp-image-29415\" srcset=\"https:\/\/tce.pb.gov.br\/portalprimeirainfancia\/wp-content\/uploads\/2025\/07\/UNICEF-01-38-1024x683.jpg 1024w, https:\/\/tce.pb.gov.br\/portalprimeirainfancia\/wp-content\/uploads\/2025\/07\/UNICEF-01-38-300x200.jpg 300w, https:\/\/tce.pb.gov.br\/portalprimeirainfancia\/wp-content\/uploads\/2025\/07\/UNICEF-01-38-768x512.jpg 768w, https:\/\/tce.pb.gov.br\/portalprimeirainfancia\/wp-content\/uploads\/2025\/07\/UNICEF-01-38-1536x1024.jpg 1536w, https:\/\/tce.pb.gov.br\/portalprimeirainfancia\/wp-content\/uploads\/2025\/07\/UNICEF-01-38-2048x1365.jpg 2048w\" sizes=\"(max-width: 1024px) 100vw, 1024px\" \/><\/figure>\n\n\n\n<p>O presidente do Tribunal de Contas da Para\u00edba (TCE-PB), conselheiro F\u00e1bio Nogueira, recebeu, na manh\u00e3 desta ter\u00e7a-feira (2), a chefe do escrit\u00f3rio do Fundo das Na\u00e7\u00f5es Unidas para a Inf\u00e2ncia (UNICEF) para o Nordeste, Immaculada Prieto, para discutir parcerias estrat\u00e9gicas no \u00e2mbito do Pacto Paraibano pela Primeira Inf\u00e2ncia e da nova edi\u00e7\u00e3o do Selo UNICEF (2025\u20132028).<\/p>\n\n\n\n<p>A audi\u00eancia, realizada na sede da Presid\u00eancia do TCE-PB, teve como foco o fortalecimento de pol\u00edticas p\u00fablicas voltadas \u00e0 inf\u00e2ncia nos munic\u00edpios paraibanos. Participaram do encontro o conselheiro Andr\u00e9 Carlo Torres, presidente da Comiss\u00e3o da Primeira Inf\u00e2ncia do TCE-PB, a professora Adelaide Gon\u00e7alves e o auditor de controle externo Leonardo Silveira.<\/p>\n\n\n\n<p>Durante a reuni\u00e3o, a representante do UNICEF apresentou avan\u00e7os e desafios da implementa\u00e7\u00e3o do Selo UNICEF no estado. Atualmente, 195 munic\u00edpios paraibanos aderiram \u00e0 iniciativa, que reconhece os esfor\u00e7os locais na promo\u00e7\u00e3o dos direitos de crian\u00e7as e adolescentes. A meta \u00e9 alcan\u00e7ar os 223 munic\u00edpios paraibanos nos pr\u00f3ximos meses.<\/p>\n\n\n\n<p>Entre os principais temas abordados estiveram, o fortalecimento da gest\u00e3o or\u00e7ament\u00e1ria voltada \u00e0 inf\u00e2ncia e adolesc\u00eancia, com incentivo \u00e0 inclus\u00e3o de programas intersetoriais nos Planos Plurianuais (PPA) e \u00e0 transpar\u00eancia nos gastos p\u00fablicos, especialmente os direcionados \u00e0 primeira inf\u00e2ncia. A busca ativa escolar, como estrat\u00e9gia para enfrentar a exclus\u00e3o educacional, assegurando o acesso e a perman\u00eancia das crian\u00e7as na escola, com integra\u00e7\u00e3o entre as \u00e1reas de sa\u00fade, assist\u00eancia social, e prote\u00e7\u00e3o contra viol\u00eancias e foi abordado tamb\u00e9m sobre as Auditorias coordenadas pelo TCE-PB, voltadas \u00e0 avalia\u00e7\u00e3o das pol\u00edticas p\u00fablicas da primeira inf\u00e2ncia.<\/p>\n\n\n\n<p>O presidente F\u00e1bio Nogueira reafirmou o compromisso da Corte de Contas com a causa, destacando a import\u00e2ncia de um acompanhamento permanente. \u201cQueremos colaborar para que o pacto n\u00e3o apenas se mantenha, mas avance, evitando retrocessos. \u00c9 uma prioridade que precisa estar no centro das discuss\u00f5es de gest\u00e3o e controle social.\u201d<\/p>\n\n\n\n<p>Como encaminhamento do encontro, ficou definida a realiza\u00e7\u00e3o de uma reuni\u00e3o t\u00e9cnica entre as equipes do TCE-PB e do UNICEF, com o objetivo de alinhar agendas, definir planos de a\u00e7\u00e3o conjuntos e promover cursos e encontros de sensibiliza\u00e7\u00e3o para gestores municipais, com foco na elabora\u00e7\u00e3o e execu\u00e7\u00e3o de or\u00e7amentos p\u00fablicos voltados \u00e0 primeira inf\u00e2ncia.<\/p>\n\n\n\n<figure class=\"wp-block-image aligncenter size-large\"><img decoding=\"async\" width=\"1024\" height=\"681\" src=\"https:\/\/tce.pb.gov.br\/portalprimeirainfancia\/wp-content\/uploads\/2025\/07\/UNICEF-01-140-1024x681.jpg\" alt=\"\" class=\"wp-image-29416\" srcset=\"https:\/\/tce.pb.gov.br\/portalprimeirainfancia\/wp-content\/uploads\/2025\/07\/UNICEF-01-140-1024x681.jpg 1024w, https:\/\/tce.pb.gov.br\/portalprimeirainfancia\/wp-content\/uploads\/2025\/07\/UNICEF-01-140-300x199.jpg 300w, https:\/\/tce.pb.gov.br\/portalprimeirainfancia\/wp-content\/uploads\/2025\/07\/UNICEF-01-140-768x511.jpg 768w, https:\/\/tce.pb.gov.br\/portalprimeirainfancia\/wp-content\/uploads\/2025\/07\/UNICEF-01-140-1536x1021.jpg 1536w, https:\/\/tce.pb.gov.br\/portalprimeirainfancia\/wp-content\/uploads\/2025\/07\/UNICEF-01-140-2048x1362.jpg 2048w\" sizes=\"(max-width: 1024px) 100vw, 1024px\" \/><\/figure>\n\n\n\n<p>Para Imaculada Prieto, chefe do UNICEF para os estados de Pernambuco, Para\u00edba e Alagoas, a atua\u00e7\u00e3o do TCE-PB \u00e9 fundamental para dar solidez \u00e0s pol\u00edticas p\u00fablicas voltadas \u00e0 inf\u00e2ncia, ao trazer um olhar qualificado sobre planejamento, execu\u00e7\u00e3o e transpar\u00eancia dos recursos. \u201cTrabalhando juntos, conseguimos fomentar uma gest\u00e3o mais comprometida e participativa nos munic\u00edpios, destacou\u201d<\/p>\n\n\n\n<p>Ela tamb\u00e9m celebrou a ampla ades\u00e3o dos munic\u00edpios paraibanos \u00e0 nova edi\u00e7\u00e3o do Selo UNICEF. \u201cViemos agradecer a parceria, celebrar a ades\u00e3o de 195 munic\u00edpios e mobilizar gestoras e gestores para essa nova jornada. Vamos fortalecer, nos pr\u00f3ximos quatro anos, as pol\u00edticas p\u00fablicas voltadas \u00e0 inf\u00e2ncia e adolesc\u00eancia, com aten\u00e7\u00e3o especial \u00e0 primeira inf\u00e2ncia.\u201d<\/p>\n\n\n\n<p>O encontro integra um esfor\u00e7o mais amplo para consolidar o Pacto Paraibano pela Primeira Inf\u00e2ncia, iniciativa liderada pelo TCE-PB e que re\u00fane o governo estadual, prefeituras, Poder Judici\u00e1rio, Minist\u00e9rio P\u00fablico, Defensoria P\u00fablica, conselhos de direitos e diversas entidades da sociedade civil. O pacto tem como miss\u00e3o garantir que a primeira inf\u00e2ncia seja tratada como prioridade absoluta na formula\u00e7\u00e3o e execu\u00e7\u00e3o das pol\u00edticas p\u00fablicas, assegurando impactos positivos ao longo de toda a vida.<\/p>\n\n\n\n<p><\/p>\n","protected":false},"excerpt":{"rendered":"<p>O presidente do Tribunal de Contas da Para\u00edba (TCE-PB), conselheiro F\u00e1bio Nogueira, recebeu, na manh\u00e3 desta ter\u00e7a-feira (2), a chefe [&hellip;]<\/p>\n","protected":false},"author":6,"featured_media":29415,"comment_status":"closed","ping_status":"closed","sticky":false,"template":"","format":"standard","meta":{"site-sidebar-layout":"default","site-content-layout":"","ast-site-content-layout":"","site-content-style":"default","site-sidebar-style":"default","ast-global-header-display":"","ast-banner-title-visibility":"","ast-main-header-display":"","ast-hfb-above-header-display":"","ast-hfb-below-header-display":"","ast-hfb-mobile-header-display":"","site-post-title":"","ast-breadcrumbs-content":"","ast-featured-img":"","footer-sml-layout":"","theme-transparent-header-meta":"","adv-header-id-meta":"","stick-header-meta":"","header-above-stick-meta":"","header-main-stick-meta":"","header-below-stick-meta":"","astra-migrate-meta-layouts":"default","ast-page-background-enabled":"default","ast-page-background-meta":{"desktop":{"background-color":"var(--ast-global-color-5)","background-image":"","background-repeat":"repeat","background-position":"center center","background-size":"auto","background-attachment":"scroll","background-type":"","background-media":"","overlay-type":"","overlay-color":"","overlay-opacity":"","overlay-gradient":""},"tablet":{"background-color":"","background-image":"","background-repeat":"repeat","background-position":"center center","background-size":"auto","background-attachment":"scroll","background-type":"","background-media":"","overlay-type":"","overlay-color":"","overlay-opacity":"","overlay-gradient":""},"mobile":{"background-color":"","background-image":"","background-repeat":"repeat","background-position":"center center","background-size":"auto","background-attachment":"scroll","background-type":"","background-media":"","overlay-type":"","overlay-color":"","overlay-opacity":"","overlay-gradient":""}},"ast-content-background-meta":{"desktop":{"background-color":"var(--ast-global-color-4)","background-image":"","background-repeat":"repeat","background-position":"center center","background-size":"auto","background-attachment":"scroll","background-type":"","background-media":"","overlay-type":"","overlay-color":"","overlay-opacity":"","overlay-gradient":""},"tablet":{"background-color":"var(--ast-global-color-4)","background-image":"","background-repeat":"repeat","background-position":"center center","background-size":"auto","background-attachment":"scroll","background-type":"","background-media":"","overlay-type":"","overlay-color":"","overlay-opacity":"","overlay-gradient":""},"mobile":{"background-color":"var(--ast-global-color-4)","background-image":"","background-repeat":"repeat","background-position":"center center","background-size":"auto","background-attachment":"scroll","background-type":"","background-media":"","overlay-type":"","overlay-color":"","overlay-opacity":"","overlay-gradient":""}},"_jetpack_memberships_contains_paid_content":false,"footnotes":""},"categories":[7],"tags":[44,27,39,25,31,26,51],"class_list":["post-29414","post","type-post","status-publish","format-standard","has-post-thumbnail","hentry","category-noticias","tag-joao-pessoa","tag-pacto-pela-primeira-infancia","tag-prefeituras","tag-primeira-infancia","tag-tce","tag-tce-pb","tag-unicef"],"yoast_head":"<!-- This site is optimized with the Yoast SEO plugin v27.5 - https:\/\/yoast.com\/product\/yoast-seo-wordpress\/ -->\n<title>TCE-PB e UNICEF alinham parcerias para fortalecer pol\u00edticas p\u00fablicas voltadas \u00e0 primeira inf\u00e2ncia %<\/title>\n<meta name=\"description\" content=\"TCE-PB e UNICEF alinham parcerias para fortalecer pol\u00edticas p\u00fablicas voltadas \u00e0 primeira inf\u00e2ncia %\" \/>\n<meta name=\"robots\" content=\"index, follow, max-snippet:-1, max-image-preview:large, max-video-preview:-1\" \/>\n<link rel=\"canonical\" href=\"https:\/\/tce.pb.gov.br\/portalprimeirainfancia\/tce-pb-e-unicef-alinham-parcerias-para-fortalecer-politicas-publicas-voltadas-a-primeira-infancia\/\" \/>\n<meta property=\"og:locale\" content=\"pt_BR\" \/>\n<meta property=\"og:type\" content=\"article\" \/>\n<meta property=\"og:title\" content=\"TCE-PB e UNICEF alinham parcerias para fortalecer pol\u00edticas p\u00fablicas voltadas \u00e0 primeira inf\u00e2ncia %\" \/>\n<meta property=\"og:description\" content=\"TCE-PB e UNICEF alinham parcerias para fortalecer pol\u00edticas p\u00fablicas voltadas \u00e0 primeira inf\u00e2ncia %\" \/>\n<meta property=\"og:url\" content=\"https:\/\/tce.pb.gov.br\/portalprimeirainfancia\/tce-pb-e-unicef-alinham-parcerias-para-fortalecer-politicas-publicas-voltadas-a-primeira-infancia\/\" \/>\n<meta property=\"og:site_name\" content=\"Pacto Paraibano pela Primeira Inf\u00e2ncia\" \/>\n<meta property=\"article:published_time\" content=\"2025-07-02T12:34:28+00:00\" \/>\n<meta property=\"article:modified_time\" content=\"2025-07-03T12:37:18+00:00\" \/>\n<meta property=\"og:image\" content=\"https:\/\/tce.pb.gov.br\/portalprimeirainfancia\/wp-content\/uploads\/2025\/07\/UNICEF-01-38-scaled.jpg\" \/>\n\t<meta property=\"og:image:width\" content=\"2560\" \/>\n\t<meta property=\"og:image:height\" content=\"1707\" \/>\n\t<meta property=\"og:image:type\" content=\"image\/jpeg\" \/>\n<meta name=\"author\" content=\"Rafael Massoni\" \/>\n<meta name=\"twitter:card\" content=\"summary_large_image\" \/>\n<meta name=\"twitter:label1\" content=\"Escrito por\" \/>\n\t<meta name=\"twitter:data1\" content=\"Rafael Massoni\" \/>\n\t<meta name=\"twitter:label2\" content=\"Est. tempo de leitura\" \/>\n\t<meta name=\"twitter:data2\" content=\"4 minutos\" \/>\n<script type=\"application\/ld+json\" class=\"yoast-schema-graph\">{\"@context\":\"https:\\\/\\\/schema.org\",\"@graph\":[{\"@type\":\"NewsArticle\",\"@id\":\"https:\\\/\\\/tce.pb.gov.br\\\/portalprimeirainfancia\\\/tce-pb-e-unicef-alinham-parcerias-para-fortalecer-politicas-publicas-voltadas-a-primeira-infancia\\\/#article\",\"isPartOf\":{\"@id\":\"https:\\\/\\\/tce.pb.gov.br\\\/portalprimeirainfancia\\\/tce-pb-e-unicef-alinham-parcerias-para-fortalecer-politicas-publicas-voltadas-a-primeira-infancia\\\/\"},\"author\":{\"name\":\"Rafael Massoni\",\"@id\":\"https:\\\/\\\/tce.pb.gov.br\\\/portalprimeirainfancia\\\/#\\\/schema\\\/person\\\/6a39eea5836dda604de1c5e5b7d62141\"},\"headline\":\"TCE-PB e UNICEF alinham parcerias para fortalecer pol\u00edticas p\u00fablicas voltadas \u00e0 primeira inf\u00e2ncia\",\"datePublished\":\"2025-07-02T12:34:28+00:00\",\"dateModified\":\"2025-07-03T12:37:18+00:00\",\"mainEntityOfPage\":{\"@id\":\"https:\\\/\\\/tce.pb.gov.br\\\/portalprimeirainfancia\\\/tce-pb-e-unicef-alinham-parcerias-para-fortalecer-politicas-publicas-voltadas-a-primeira-infancia\\\/\"},\"wordCount\":628,\"publisher\":{\"@id\":\"https:\\\/\\\/tce.pb.gov.br\\\/portalprimeirainfancia\\\/#organization\"},\"image\":{\"@id\":\"https:\\\/\\\/tce.pb.gov.br\\\/portalprimeirainfancia\\\/tce-pb-e-unicef-alinham-parcerias-para-fortalecer-politicas-publicas-voltadas-a-primeira-infancia\\\/#primaryimage\"},\"thumbnailUrl\":\"https:\\\/\\\/tce.pb.gov.br\\\/portalprimeirainfancia\\\/wp-content\\\/uploads\\\/2025\\\/07\\\/UNICEF-01-38-scaled.jpg\",\"keywords\":[\"joao pessoa\",\"pacto pela primeira infancia\",\"prefeituras\",\"primeira infancia\",\"tce\",\"tce-pb\",\"unicef\"],\"articleSection\":[\"Not\u00edcias\"],\"inLanguage\":\"pt-BR\"},{\"@type\":\"WebPage\",\"@id\":\"https:\\\/\\\/tce.pb.gov.br\\\/portalprimeirainfancia\\\/tce-pb-e-unicef-alinham-parcerias-para-fortalecer-politicas-publicas-voltadas-a-primeira-infancia\\\/\",\"url\":\"https:\\\/\\\/tce.pb.gov.br\\\/portalprimeirainfancia\\\/tce-pb-e-unicef-alinham-parcerias-para-fortalecer-politicas-publicas-voltadas-a-primeira-infancia\\\/\",\"name\":\"TCE-PB e UNICEF alinham parcerias para fortalecer pol\u00edticas p\u00fablicas voltadas \u00e0 primeira inf\u00e2ncia %\",\"isPartOf\":{\"@id\":\"https:\\\/\\\/tce.pb.gov.br\\\/portalprimeirainfancia\\\/#website\"},\"primaryImageOfPage\":{\"@id\":\"https:\\\/\\\/tce.pb.gov.br\\\/portalprimeirainfancia\\\/tce-pb-e-unicef-alinham-parcerias-para-fortalecer-politicas-publicas-voltadas-a-primeira-infancia\\\/#primaryimage\"},\"image\":{\"@id\":\"https:\\\/\\\/tce.pb.gov.br\\\/portalprimeirainfancia\\\/tce-pb-e-unicef-alinham-parcerias-para-fortalecer-politicas-publicas-voltadas-a-primeira-infancia\\\/#primaryimage\"},\"thumbnailUrl\":\"https:\\\/\\\/tce.pb.gov.br\\\/portalprimeirainfancia\\\/wp-content\\\/uploads\\\/2025\\\/07\\\/UNICEF-01-38-scaled.jpg\",\"datePublished\":\"2025-07-02T12:34:28+00:00\",\"dateModified\":\"2025-07-03T12:37:18+00:00\",\"description\":\"TCE-PB e UNICEF alinham parcerias para fortalecer pol\u00edticas p\u00fablicas voltadas \u00e0 primeira inf\u00e2ncia %\",\"breadcrumb\":{\"@id\":\"https:\\\/\\\/tce.pb.gov.br\\\/portalprimeirainfancia\\\/tce-pb-e-unicef-alinham-parcerias-para-fortalecer-politicas-publicas-voltadas-a-primeira-infancia\\\/#breadcrumb\"},\"inLanguage\":\"pt-BR\",\"potentialAction\":[{\"@type\":\"ReadAction\",\"target\":[\"https:\\\/\\\/tce.pb.gov.br\\\/portalprimeirainfancia\\\/tce-pb-e-unicef-alinham-parcerias-para-fortalecer-politicas-publicas-voltadas-a-primeira-infancia\\\/\"]}]},{\"@type\":\"ImageObject\",\"inLanguage\":\"pt-BR\",\"@id\":\"https:\\\/\\\/tce.pb.gov.br\\\/portalprimeirainfancia\\\/tce-pb-e-unicef-alinham-parcerias-para-fortalecer-politicas-publicas-voltadas-a-primeira-infancia\\\/#primaryimage\",\"url\":\"https:\\\/\\\/tce.pb.gov.br\\\/portalprimeirainfancia\\\/wp-content\\\/uploads\\\/2025\\\/07\\\/UNICEF-01-38-scaled.jpg\",\"contentUrl\":\"https:\\\/\\\/tce.pb.gov.br\\\/portalprimeirainfancia\\\/wp-content\\\/uploads\\\/2025\\\/07\\\/UNICEF-01-38-scaled.jpg\",\"width\":2560,\"height\":1707},{\"@type\":\"BreadcrumbList\",\"@id\":\"https:\\\/\\\/tce.pb.gov.br\\\/portalprimeirainfancia\\\/tce-pb-e-unicef-alinham-parcerias-para-fortalecer-politicas-publicas-voltadas-a-primeira-infancia\\\/#breadcrumb\",\"itemListElement\":[{\"@type\":\"ListItem\",\"position\":1,\"name\":\"In\u00edcio\",\"item\":\"https:\\\/\\\/tce.pb.gov.br\\\/portalprimeirainfancia\\\/\"},{\"@type\":\"ListItem\",\"position\":2,\"name\":\"TCE-PB e UNICEF alinham parcerias para fortalecer pol\u00edticas p\u00fablicas voltadas \u00e0 primeira inf\u00e2ncia\"}]},{\"@type\":\"WebSite\",\"@id\":\"https:\\\/\\\/tce.pb.gov.br\\\/portalprimeirainfancia\\\/#website\",\"url\":\"https:\\\/\\\/tce.pb.gov.br\\\/portalprimeirainfancia\\\/\",\"name\":\"Pacto Paraibano pela Primeira Inf\u00e2ncia\",\"description\":\"Portal para divulga\u00e7\u00e3o do Pacto Paraibano pela Primeira Inf\u00e2ncia\",\"publisher\":{\"@id\":\"https:\\\/\\\/tce.pb.gov.br\\\/portalprimeirainfancia\\\/#organization\"},\"potentialAction\":[{\"@type\":\"SearchAction\",\"target\":{\"@type\":\"EntryPoint\",\"urlTemplate\":\"https:\\\/\\\/tce.pb.gov.br\\\/portalprimeirainfancia\\\/?s={search_term_string}\"},\"query-input\":{\"@type\":\"PropertyValueSpecification\",\"valueRequired\":true,\"valueName\":\"search_term_string\"}}],\"inLanguage\":\"pt-BR\"},{\"@type\":\"Organization\",\"@id\":\"https:\\\/\\\/tce.pb.gov.br\\\/portalprimeirainfancia\\\/#organization\",\"name\":\"Pacto Paraibano pela Primeira Inf\u00e2ncia\",\"alternateName\":\"TCE-PB\",\"url\":\"https:\\\/\\\/tce.pb.gov.br\\\/portalprimeirainfancia\\\/\",\"logo\":{\"@type\":\"ImageObject\",\"inLanguage\":\"pt-BR\",\"@id\":\"https:\\\/\\\/tce.pb.gov.br\\\/portalprimeirainfancia\\\/#\\\/schema\\\/logo\\\/image\\\/\",\"url\":\"https:\\\/\\\/tce.pb.gov.br\\\/portalprimeirainfancia\\\/wp-content\\\/uploads\\\/2025\\\/05\\\/Pacto-Whatsapp.png\",\"contentUrl\":\"https:\\\/\\\/tce.pb.gov.br\\\/portalprimeirainfancia\\\/wp-content\\\/uploads\\\/2025\\\/05\\\/Pacto-Whatsapp.png\",\"width\":427,\"height\":427,\"caption\":\"Pacto Paraibano pela Primeira Inf\u00e2ncia\"},\"image\":{\"@id\":\"https:\\\/\\\/tce.pb.gov.br\\\/portalprimeirainfancia\\\/#\\\/schema\\\/logo\\\/image\\\/\"},\"sameAs\":[\"https:\\\/\\\/www.instagram.com\\\/tcepb\\\/\"]},{\"@type\":\"Person\",\"@id\":\"https:\\\/\\\/tce.pb.gov.br\\\/portalprimeirainfancia\\\/#\\\/schema\\\/person\\\/6a39eea5836dda604de1c5e5b7d62141\",\"name\":\"Rafael Massoni\"}]}<\/script>\n<!-- \/ Yoast SEO plugin. -->","yoast_head_json":{"title":"TCE-PB e UNICEF alinham parcerias para fortalecer pol\u00edticas p\u00fablicas voltadas \u00e0 primeira inf\u00e2ncia %","description":"TCE-PB e UNICEF alinham parcerias para fortalecer pol\u00edticas p\u00fablicas voltadas \u00e0 primeira inf\u00e2ncia %","robots":{"index":"index","follow":"follow","max-snippet":"max-snippet:-1","max-image-preview":"max-image-preview:large","max-video-preview":"max-video-preview:-1"},"canonical":"https:\/\/tce.pb.gov.br\/portalprimeirainfancia\/tce-pb-e-unicef-alinham-parcerias-para-fortalecer-politicas-publicas-voltadas-a-primeira-infancia\/","og_locale":"pt_BR","og_type":"article","og_title":"TCE-PB e UNICEF alinham parcerias para fortalecer pol\u00edticas p\u00fablicas voltadas \u00e0 primeira inf\u00e2ncia %","og_description":"TCE-PB e UNICEF alinham parcerias para fortalecer pol\u00edticas p\u00fablicas voltadas \u00e0 primeira inf\u00e2ncia %","og_url":"https:\/\/tce.pb.gov.br\/portalprimeirainfancia\/tce-pb-e-unicef-alinham-parcerias-para-fortalecer-politicas-publicas-voltadas-a-primeira-infancia\/","og_site_name":"Pacto Paraibano pela Primeira Inf\u00e2ncia","article_published_time":"2025-07-02T12:34:28+00:00","article_modified_time":"2025-07-03T12:37:18+00:00","og_image":[{"width":2560,"height":1707,"url":"https:\/\/tce.pb.gov.br\/portalprimeirainfancia\/wp-content\/uploads\/2025\/07\/UNICEF-01-38-scaled.jpg","type":"image\/jpeg"}],"author":"Rafael Massoni","twitter_card":"summary_large_image","twitter_misc":{"Escrito por":"Rafael Massoni","Est. tempo de leitura":"4 minutos"},"schema":{"@context":"https:\/\/schema.org","@graph":[{"@type":"NewsArticle","@id":"https:\/\/tce.pb.gov.br\/portalprimeirainfancia\/tce-pb-e-unicef-alinham-parcerias-para-fortalecer-politicas-publicas-voltadas-a-primeira-infancia\/#article","isPartOf":{"@id":"https:\/\/tce.pb.gov.br\/portalprimeirainfancia\/tce-pb-e-unicef-alinham-parcerias-para-fortalecer-politicas-publicas-voltadas-a-primeira-infancia\/"},"author":{"name":"Rafael Massoni","@id":"https:\/\/tce.pb.gov.br\/portalprimeirainfancia\/#\/schema\/person\/6a39eea5836dda604de1c5e5b7d62141"},"headline":"TCE-PB e UNICEF alinham parcerias para fortalecer pol\u00edticas p\u00fablicas voltadas \u00e0 primeira inf\u00e2ncia","datePublished":"2025-07-02T12:34:28+00:00","dateModified":"2025-07-03T12:37:18+00:00","mainEntityOfPage":{"@id":"https:\/\/tce.pb.gov.br\/portalprimeirainfancia\/tce-pb-e-unicef-alinham-parcerias-para-fortalecer-politicas-publicas-voltadas-a-primeira-infancia\/"},"wordCount":628,"publisher":{"@id":"https:\/\/tce.pb.gov.br\/portalprimeirainfancia\/#organization"},"image":{"@id":"https:\/\/tce.pb.gov.br\/portalprimeirainfancia\/tce-pb-e-unicef-alinham-parcerias-para-fortalecer-politicas-publicas-voltadas-a-primeira-infancia\/#primaryimage"},"thumbnailUrl":"https:\/\/tce.pb.gov.br\/portalprimeirainfancia\/wp-content\/uploads\/2025\/07\/UNICEF-01-38-scaled.jpg","keywords":["joao pessoa","pacto pela primeira infancia","prefeituras","primeira infancia","tce","tce-pb","unicef"],"articleSection":["Not\u00edcias"],"inLanguage":"pt-BR"},{"@type":"WebPage","@id":"https:\/\/tce.pb.gov.br\/portalprimeirainfancia\/tce-pb-e-unicef-alinham-parcerias-para-fortalecer-politicas-publicas-voltadas-a-primeira-infancia\/","url":"https:\/\/tce.pb.gov.br\/portalprimeirainfancia\/tce-pb-e-unicef-alinham-parcerias-para-fortalecer-politicas-publicas-voltadas-a-primeira-infancia\/","name":"TCE-PB e UNICEF alinham parcerias para fortalecer pol\u00edticas p\u00fablicas voltadas \u00e0 primeira inf\u00e2ncia %","isPartOf":{"@id":"https:\/\/tce.pb.gov.br\/portalprimeirainfancia\/#website"},"primaryImageOfPage":{"@id":"https:\/\/tce.pb.gov.br\/portalprimeirainfancia\/tce-pb-e-unicef-alinham-parcerias-para-fortalecer-politicas-publicas-voltadas-a-primeira-infancia\/#primaryimage"},"image":{"@id":"https:\/\/tce.pb.gov.br\/portalprimeirainfancia\/tce-pb-e-unicef-alinham-parcerias-para-fortalecer-politicas-publicas-voltadas-a-primeira-infancia\/#primaryimage"},"thumbnailUrl":"https:\/\/tce.pb.gov.br\/portalprimeirainfancia\/wp-content\/uploads\/2025\/07\/UNICEF-01-38-scaled.jpg","datePublished":"2025-07-02T12:34:28+00:00","dateModified":"2025-07-03T12:37:18+00:00","description":"TCE-PB e UNICEF alinham parcerias para fortalecer pol\u00edticas p\u00fablicas voltadas \u00e0 primeira inf\u00e2ncia %","breadcrumb":{"@id":"https:\/\/tce.pb.gov.br\/portalprimeirainfancia\/tce-pb-e-unicef-alinham-parcerias-para-fortalecer-politicas-publicas-voltadas-a-primeira-infancia\/#breadcrumb"},"inLanguage":"pt-BR","potentialAction":[{"@type":"ReadAction","target":["https:\/\/tce.pb.gov.br\/portalprimeirainfancia\/tce-pb-e-unicef-alinham-parcerias-para-fortalecer-politicas-publicas-voltadas-a-primeira-infancia\/"]}]},{"@type":"ImageObject","inLanguage":"pt-BR","@id":"https:\/\/tce.pb.gov.br\/portalprimeirainfancia\/tce-pb-e-unicef-alinham-parcerias-para-fortalecer-politicas-publicas-voltadas-a-primeira-infancia\/#primaryimage","url":"https:\/\/tce.pb.gov.br\/portalprimeirainfancia\/wp-content\/uploads\/2025\/07\/UNICEF-01-38-scaled.jpg","contentUrl":"https:\/\/tce.pb.gov.br\/portalprimeirainfancia\/wp-content\/uploads\/2025\/07\/UNICEF-01-38-scaled.jpg","width":2560,"height":1707},{"@type":"BreadcrumbList","@id":"https:\/\/tce.pb.gov.br\/portalprimeirainfancia\/tce-pb-e-unicef-alinham-parcerias-para-fortalecer-politicas-publicas-voltadas-a-primeira-infancia\/#breadcrumb","itemListElement":[{"@type":"ListItem","position":1,"name":"In\u00edcio","item":"https:\/\/tce.pb.gov.br\/portalprimeirainfancia\/"},{"@type":"ListItem","position":2,"name":"TCE-PB e UNICEF alinham parcerias para fortalecer pol\u00edticas p\u00fablicas voltadas \u00e0 primeira inf\u00e2ncia"}]},{"@type":"WebSite","@id":"https:\/\/tce.pb.gov.br\/portalprimeirainfancia\/#website","url":"https:\/\/tce.pb.gov.br\/portalprimeirainfancia\/","name":"Pacto Paraibano pela Primeira Inf\u00e2ncia","description":"Portal para divulga\u00e7\u00e3o do Pacto Paraibano pela Primeira Inf\u00e2ncia","publisher":{"@id":"https:\/\/tce.pb.gov.br\/portalprimeirainfancia\/#organization"},"potentialAction":[{"@type":"SearchAction","target":{"@type":"EntryPoint","urlTemplate":"https:\/\/tce.pb.gov.br\/portalprimeirainfancia\/?s={search_term_string}"},"query-input":{"@type":"PropertyValueSpecification","valueRequired":true,"valueName":"search_term_string"}}],"inLanguage":"pt-BR"},{"@type":"Organization","@id":"https:\/\/tce.pb.gov.br\/portalprimeirainfancia\/#organization","name":"Pacto Paraibano pela Primeira Inf\u00e2ncia","alternateName":"TCE-PB","url":"https:\/\/tce.pb.gov.br\/portalprimeirainfancia\/","logo":{"@type":"ImageObject","inLanguage":"pt-BR","@id":"https:\/\/tce.pb.gov.br\/portalprimeirainfancia\/#\/schema\/logo\/image\/","url":"https:\/\/tce.pb.gov.br\/portalprimeirainfancia\/wp-content\/uploads\/2025\/05\/Pacto-Whatsapp.png","contentUrl":"https:\/\/tce.pb.gov.br\/portalprimeirainfancia\/wp-content\/uploads\/2025\/05\/Pacto-Whatsapp.png","width":427,"height":427,"caption":"Pacto Paraibano pela Primeira Inf\u00e2ncia"},"image":{"@id":"https:\/\/tce.pb.gov.br\/portalprimeirainfancia\/#\/schema\/logo\/image\/"},"sameAs":["https:\/\/www.instagram.com\/tcepb\/"]},{"@type":"Person","@id":"https:\/\/tce.pb.gov.br\/portalprimeirainfancia\/#\/schema\/person\/6a39eea5836dda604de1c5e5b7d62141","name":"Rafael Massoni"}]}},"jetpack_featured_media_url":"https:\/\/tce.pb.gov.br\/portalprimeirainfancia\/wp-content\/uploads\/2025\/07\/UNICEF-01-38-scaled.jpg","jetpack_sharing_enabled":true,"_links":{"self":[{"href":"https:\/\/tce.pb.gov.br\/portalprimeirainfancia\/wp-json\/wp\/v2\/posts\/29414","targetHints":{"allow":["GET"]}}],"collection":[{"href":"https:\/\/tce.pb.gov.br\/portalprimeirainfancia\/wp-json\/wp\/v2\/posts"}],"about":[{"href":"https:\/\/tce.pb.gov.br\/portalprimeirainfancia\/wp-json\/wp\/v2\/types\/post"}],"author":[{"embeddable":true,"href":"https:\/\/tce.pb.gov.br\/portalprimeirainfancia\/wp-json\/wp\/v2\/users\/6"}],"replies":[{"embeddable":true,"href":"https:\/\/tce.pb.gov.br\/portalprimeirainfancia\/wp-json\/wp\/v2\/comments?post=29414"}],"version-history":[{"count":1,"href":"https:\/\/tce.pb.gov.br\/portalprimeirainfancia\/wp-json\/wp\/v2\/posts\/29414\/revisions"}],"predecessor-version":[{"id":29417,"href":"https:\/\/tce.pb.gov.br\/portalprimeirainfancia\/wp-json\/wp\/v2\/posts\/29414\/revisions\/29417"}],"wp:featuredmedia":[{"embeddable":true,"href":"https:\/\/tce.pb.gov.br\/portalprimeirainfancia\/wp-json\/wp\/v2\/media\/29415"}],"wp:attachment":[{"href":"https:\/\/tce.pb.gov.br\/portalprimeirainfancia\/wp-json\/wp\/v2\/media?parent=29414"}],"wp:term":[{"taxonomy":"category","embeddable":true,"href":"https:\/\/tce.pb.gov.br\/portalprimeirainfancia\/wp-json\/wp\/v2\/categories?post=29414"},{"taxonomy":"post_tag","embeddable":true,"href":"https:\/\/tce.pb.gov.br\/portalprimeirainfancia\/wp-json\/wp\/v2\/tags?post=29414"}],"curies":[{"name":"wp","href":"https:\/\/api.w.org\/{rel}","templated":true}]}}