{"id":29411,"date":"2025-06-27T09:30:46","date_gmt":"2025-06-27T12:30:46","guid":{"rendered":"https:\/\/tce.pb.gov.br\/portalprimeirainfancia\/?p=29411"},"modified":"2025-07-03T09:34:24","modified_gmt":"2025-07-03T12:34:24","slug":"tce-pb-promove-curso-sobre-elaboracao-de-planos-municipais-para-a-primeira-infancia-em-seis-regioes-da-paraiba","status":"publish","type":"post","link":"https:\/\/tce.pb.gov.br\/portalprimeirainfancia\/tce-pb-promove-curso-sobre-elaboracao-de-planos-municipais-para-a-primeira-infancia-em-seis-regioes-da-paraiba\/","title":{"rendered":"TCE-PB promove curso sobre elabora\u00e7\u00e3o de Planos Municipais para a Primeira Inf\u00e2ncia em seis regi\u00f5es da Para\u00edba"},"content":{"rendered":"\n<figure class=\"wp-block-image aligncenter size-full\"><img fetchpriority=\"high\" decoding=\"async\" width=\"1024\" height=\"682\" src=\"https:\/\/tce.pb.gov.br\/portalprimeirainfancia\/wp-content\/uploads\/2025\/07\/Destacada.jpeg\" alt=\"\" class=\"wp-image-29412\" srcset=\"https:\/\/tce.pb.gov.br\/portalprimeirainfancia\/wp-content\/uploads\/2025\/07\/Destacada.jpeg 1024w, https:\/\/tce.pb.gov.br\/portalprimeirainfancia\/wp-content\/uploads\/2025\/07\/Destacada-300x200.jpeg 300w, https:\/\/tce.pb.gov.br\/portalprimeirainfancia\/wp-content\/uploads\/2025\/07\/Destacada-768x512.jpeg 768w\" sizes=\"(max-width: 1024px) 100vw, 1024px\" \/><\/figure>\n\n\n\n<p>O Tribunal de Contas da Para\u00edba (TCE-PB), por meio da Escola de Contas Otac\u00edlio Silveira (Ecosil), realizar\u00e1, entre os meses de julho e agosto, o curso&nbsp;<strong>\u201cElabora\u00e7\u00e3o ou Aprimoramento de Planos Municipais para a Primeira Inf\u00e2ncia (PMPI)\u201d<\/strong>, com o objetivo de apoiar os munic\u00edpios paraibanos na constru\u00e7\u00e3o de pol\u00edticas p\u00fablicas voltadas \u00e0 inf\u00e2ncia.<\/p>\n\n\n\n<p>As capacita\u00e7\u00f5es presenciais ser\u00e3o ministradas pela professora Adelaide Alves Dias e pelo auditor de controle externo, Leonardo Silveira e contemplar\u00e3o os munic\u00edpios de Sum\u00e9, Bananeiras, Campina Grande, Sousa, Jo\u00e3o Pessoa e Itaporanga<strong>,<\/strong>&nbsp;abrangendo todas as regi\u00f5es do estado. A a\u00e7\u00e3o \u00e9 voltada a gestores municipais, equipes t\u00e9cnicas, conselheiros tutelares, representantes de conselhos de direitos, parlamentares, entre outros agentes p\u00fablicos interessados na tem\u00e1tica.<\/p>\n\n\n\n<h3 class=\"wp-block-heading\">Confira o cronograma das etapas:<\/h3>\n\n\n\n<p><strong>SUM\u00c9<\/strong><br>Dias: 15 e 16\/07<br>Local: Centro de Forma\u00e7\u00e3o de Professores Omesima Ara\u00fajo<br>Endere\u00e7o: Rua Manoel Sabia, 158 \u2013 Sum\u00e9<br>Vagas: 150<br>Munic\u00edpios convidados: Sum\u00e9, Amparo, Camala\u00fa, Cara\u00fabas, Congo, Coxixola, Gurj\u00e3o, Ouro Velho, Parari, Prata, Santo Andr\u00e9, S\u00e3o Jo\u00e3o do Cariri, S\u00e3o Jo\u00e3o do Tigre, S\u00e3o Jos\u00e9 dos Cordeiros, S\u00e3o Sebasti\u00e3o do Umbuzeiro, Serra Branca, Monteiro, Zabel\u00ea.<br><strong>Inscri\u00e7\u00f5es<\/strong>:&nbsp;<a href=\"https:\/\/doity.com.br\/elaboracao-ou-aprimoramento-de-planos-municipais-para-a-primeira-infancia-sume\">https:\/\/doity.com.br\/elaboracao-ou-aprimoramento-de-planos-municipais-para-a-primeira-infancia-sume<\/a><\/p>\n\n\n\n<p><strong>BANANEIRAS<\/strong><br>Dias: 17 e 18\/07<br>Local: C\u00e2mara Municipal de Bananeiras<br>Endere\u00e7o: Pra\u00e7a Ant\u00f4nio Gracino, s\/n \u2013 Centro<br>Vagas: 90<br>Munic\u00edpios convidados: Bananeiras,&nbsp;Areia, Areial, Duas Estradas, Tacima, Bel\u00e9m, Sol\u00e2nea, Guarabira, Alagoinha, Mulungu, Cuit\u00e9, Ara\u00e7agi, Arara, Pirpirituba, Araruna, Cacimba de Dentro.<br><strong>Inscri\u00e7\u00f5es:<\/strong>&nbsp;<a href=\"https:\/\/doity.com.br\/elaboracao-ou-aprimoramento-de-planos-municipais-para-a-primeira-infancia-bananeiras\">https:\/\/doity.com.br\/elaboracao-ou-aprimoramento-de-planos-municipais-para-a-primeira-infancia-bananeiras<\/a><\/p>\n\n\n\n<p><strong>CAMPINA GRANDE<\/strong><br>Dias: 22 e 23\/07<br>Local: UNIFACISA \u2013 Itarar\u00e9<br>Endere\u00e7o: Av. Sen. Argemiro de Figueiredo, 1901<br>Vagas: 200<br>Munic\u00edpios convidados: Campina Grande, Alagoa Grande, Alagoa Nova, Alcantil, Algod\u00e3o de Janda\u00edra, Aroeiras, Assun\u00e7\u00e3o, Barra de Santana, Barra de S\u00e3o Miguel, Boa Vista, Boqueir\u00e3o, Cabaceiras, Cara\u00fabas, Caturit\u00e9, Cubati, Esperan\u00e7a, Fagundes, Gado Bravo, Gurj\u00e3o, Ing\u00e1, Itatuba, Juazeirinho, Junco do Serid\u00f3, Lagoa Seca, Massaranduba, Matinhas, Montadas, Olivedos, Pocinhos, Puxinan\u00e3, Queimadas, Rem\u00edgio, Riach\u00e3o do Bacamarte, Riacho de Santo Ant\u00f4nio, Santa Cec\u00edlia, Santo Andr\u00e9, S\u00e3o Domingos do Cariri, S\u00e3o Jo\u00e3o do Cariri, S\u00e3o Sebasti\u00e3o de Lagoa de Ro\u00e7a, S\u00e3o Vicente do Serid\u00f3, Serra Redonda, Soledade, Tapero\u00e1, Ten\u00f3rio, Umbuzeiro.<\/p>\n\n\n\n<p><strong>SOUSA<\/strong><br>Dias: 29 e 30\/07<br>Local: IFPB \u2013 Campus Sousa<br>Endere\u00e7o: Rua Pres. Tancredo Neves, s\/n \u2013 Jardim Sorrilandia<br>Vagas: 100<br>Munic\u00edpios convidados: Sousa, Cajazeiras, S\u00e3o Jo\u00e3o do Rio do Peixe, Nazarezinho, S\u00e3o Jos\u00e9 de Piranhas, Cachoeira dos \u00cdndios, Bom Jesus, Santa Helena, Bonito de Santa F\u00e9, Carrapateira, Monte Horebe, Po\u00e7o de Jos\u00e9 de Moura, Serra Grande, Joca Claudino, Uira\u00fana e Triunfo.<\/p>\n\n\n\n<p><strong>JO\u00c3O PESSOA<\/strong><br>Dias: 07 e 08\/08<br>Local: Plen\u00e1rio Jo\u00e3o Agripino \u2013 TCE-PB<br>Endere\u00e7o: Rua Geraldo Von Sohsten, 147 \u2013 Jaguaribe<br>Vagas: 170<br>Munic\u00edpios convidados: Jo\u00e3o Pessoa, Alhandra, Bayeux, Caapor\u00e3, Cabedelo, Caldas Brand\u00e3o, Conde, Cruz do Esp\u00edrito Santo, Cuit\u00e9 de Mamanguape, Gurinh\u00e9m, Juarez T\u00e1vora, Juripiranga, Lucena, Sap\u00e9, Mari, Pedras de Fogo, Pilar, Pitimbu, Riach\u00e3o do Po\u00e7o, Santa Rita, S\u00e3o Miguel de Taipu, Sobrado.<\/p>\n\n\n\n<p><strong>ITAPORANGA<\/strong><br>Dias: 18 e 19\/08<br>Local: 7\u00aa Ger\u00eancia Regional de Educa\u00e7\u00e3o<br>Endere\u00e7o: Rua Manoel Moreira Dantas, 26 \u2013 Jo\u00e3o Silvino da Fonseca<br>Vagas: 100<br>Munic\u00edpios convidados: Itaporanga, Patos, S\u00e3o Jos\u00e9 de Espinharas, S\u00e3o Mamede, Quixaba, S\u00e3o Jos\u00e9 do Bonfim, Cacimba de Areia, Malta, Santa Terezinha, Areia de Bara\u00fanas, Cacimbas, Catingueira, Condado, Desterro, Emas, Junco do Serid\u00f3, M\u00e3e D\u2019\u00c1gua, Matur\u00e9ia, Passagem, Salgadinho, Santa Luzia, S\u00e3o Jos\u00e9 do Sabugi, Teixeira, V\u00e1rzea, Vista Serrana.<\/p>\n\n\n\n<p>As inscri\u00e7\u00f5es devem ser feitas exclusivamente pelos links disponibilizados para cada etapa. Os convites formais est\u00e3o sendo enviados \u00e0s Prefeituras e C\u00e2maras Municipais por meio do Portal do Gestor do TCE-PB.<\/p>\n\n\n\n<p><strong>Mais informa\u00e7\u00f5es:<\/strong><br>ECOSIL \u2013 Escola de Contas Otac\u00edlio Silveira<br>ecosil@tce.pb.gov.br<br>(83) 3208-3449 \/ 3208-3435<\/p>\n\n\n\n<p><\/p>\n","protected":false},"excerpt":{"rendered":"<p>O Tribunal de Contas da Para\u00edba (TCE-PB), por meio da Escola de Contas Otac\u00edlio Silveira (Ecosil), realizar\u00e1, entre os meses [&hellip;]<\/p>\n","protected":false},"author":6,"featured_media":29412,"comment_status":"closed","ping_status":"closed","sticky":false,"template":"","format":"standard","meta":{"site-sidebar-layout":"default","site-content-layout":"","ast-site-content-layout":"","site-content-style":"default","site-sidebar-style":"default","ast-global-header-display":"","ast-banner-title-visibility":"","ast-main-header-display":"","ast-hfb-above-header-display":"","ast-hfb-below-header-display":"","ast-hfb-mobile-header-display":"","site-post-title":"","ast-breadcrumbs-content":"","ast-featured-img":"","footer-sml-layout":"","theme-transparent-header-meta":"","adv-header-id-meta":"","stick-header-meta":"","header-above-stick-meta":"","header-main-stick-meta":"","header-below-stick-meta":"","astra-migrate-meta-layouts":"default","ast-page-background-enabled":"default","ast-page-background-meta":{"desktop":{"background-color":"var(--ast-global-color-5)","background-image":"","background-repeat":"repeat","background-position":"center center","background-size":"auto","background-attachment":"scroll","background-type":"","background-media":"","overlay-type":"","overlay-color":"","overlay-opacity":"","overlay-gradient":""},"tablet":{"background-color":"","background-image":"","background-repeat":"repeat","background-position":"center center","background-size":"auto","background-attachment":"scroll","background-type":"","background-media":"","overlay-type":"","overlay-color":"","overlay-opacity":"","overlay-gradient":""},"mobile":{"background-color":"","background-image":"","background-repeat":"repeat","background-position":"center center","background-size":"auto","background-attachment":"scroll","background-type":"","background-media":"","overlay-type":"","overlay-color":"","overlay-opacity":"","overlay-gradient":""}},"ast-content-background-meta":{"desktop":{"background-color":"var(--ast-global-color-4)","background-image":"","background-repeat":"repeat","background-position":"center center","background-size":"auto","background-attachment":"scroll","background-type":"","background-media":"","overlay-type":"","overlay-color":"","overlay-opacity":"","overlay-gradient":""},"tablet":{"background-color":"var(--ast-global-color-4)","background-image":"","background-repeat":"repeat","background-position":"center center","background-size":"auto","background-attachment":"scroll","background-type":"","background-media":"","overlay-type":"","overlay-color":"","overlay-opacity":"","overlay-gradient":""},"mobile":{"background-color":"var(--ast-global-color-4)","background-image":"","background-repeat":"repeat","background-position":"center center","background-size":"auto","background-attachment":"scroll","background-type":"","background-media":"","overlay-type":"","overlay-color":"","overlay-opacity":"","overlay-gradient":""}},"_jetpack_memberships_contains_paid_content":false,"footnotes":""},"categories":[7],"tags":[50,40,48,44,27,39,25,49,47,31,26],"class_list":["post-29411","post","type-post","status-publish","format-standard","has-post-thumbnail","hentry","category-noticias","tag-bananeiras","tag-camaras-municipais","tag-itaporanga","tag-joao-pessoa","tag-pacto-pela-primeira-infancia","tag-prefeituras","tag-primeira-infancia","tag-sousa","tag-sume","tag-tce","tag-tce-pb"],"yoast_head":"<!-- This site is optimized with the Yoast SEO plugin v27.5 - https:\/\/yoast.com\/product\/yoast-seo-wordpress\/ -->\n<title>TCE-PB promove curso sobre elabora\u00e7\u00e3o de Planos Municipais para a Primeira Inf\u00e2ncia em seis regi\u00f5es da Para\u00edba %<\/title>\n<meta name=\"description\" content=\"TCE-PB promove curso sobre elabora\u00e7\u00e3o de Planos Municipais para a Primeira Inf\u00e2ncia em seis regi\u00f5es da Para\u00edba %\" \/>\n<meta name=\"robots\" content=\"index, follow, max-snippet:-1, max-image-preview:large, max-video-preview:-1\" \/>\n<link rel=\"canonical\" href=\"https:\/\/tce.pb.gov.br\/portalprimeirainfancia\/tce-pb-promove-curso-sobre-elaboracao-de-planos-municipais-para-a-primeira-infancia-em-seis-regioes-da-paraiba\/\" \/>\n<meta property=\"og:locale\" content=\"pt_BR\" \/>\n<meta property=\"og:type\" content=\"article\" \/>\n<meta property=\"og:title\" content=\"TCE-PB promove curso sobre elabora\u00e7\u00e3o de Planos Municipais para a Primeira Inf\u00e2ncia em seis regi\u00f5es da Para\u00edba %\" \/>\n<meta property=\"og:description\" content=\"TCE-PB promove curso sobre elabora\u00e7\u00e3o de Planos Municipais para a Primeira Inf\u00e2ncia em seis regi\u00f5es da Para\u00edba %\" \/>\n<meta property=\"og:url\" content=\"https:\/\/tce.pb.gov.br\/portalprimeirainfancia\/tce-pb-promove-curso-sobre-elaboracao-de-planos-municipais-para-a-primeira-infancia-em-seis-regioes-da-paraiba\/\" \/>\n<meta property=\"og:site_name\" content=\"Pacto Paraibano pela Primeira Inf\u00e2ncia\" \/>\n<meta property=\"article:published_time\" content=\"2025-06-27T12:30:46+00:00\" \/>\n<meta property=\"article:modified_time\" content=\"2025-07-03T12:34:24+00:00\" \/>\n<meta property=\"og:image\" content=\"https:\/\/tce.pb.gov.br\/portalprimeirainfancia\/wp-content\/uploads\/2025\/07\/Destacada.jpeg\" \/>\n\t<meta property=\"og:image:width\" content=\"1024\" \/>\n\t<meta property=\"og:image:height\" content=\"682\" \/>\n\t<meta property=\"og:image:type\" content=\"image\/jpeg\" \/>\n<meta name=\"author\" content=\"Rafael Massoni\" \/>\n<meta name=\"twitter:card\" content=\"summary_large_image\" \/>\n<meta name=\"twitter:label1\" content=\"Escrito por\" \/>\n\t<meta name=\"twitter:data1\" content=\"Rafael Massoni\" \/>\n\t<meta name=\"twitter:label2\" content=\"Est. tempo de leitura\" \/>\n\t<meta name=\"twitter:data2\" content=\"4 minutos\" \/>\n<script type=\"application\/ld+json\" class=\"yoast-schema-graph\">{\"@context\":\"https:\\\/\\\/schema.org\",\"@graph\":[{\"@type\":\"NewsArticle\",\"@id\":\"https:\\\/\\\/tce.pb.gov.br\\\/portalprimeirainfancia\\\/tce-pb-promove-curso-sobre-elaboracao-de-planos-municipais-para-a-primeira-infancia-em-seis-regioes-da-paraiba\\\/#article\",\"isPartOf\":{\"@id\":\"https:\\\/\\\/tce.pb.gov.br\\\/portalprimeirainfancia\\\/tce-pb-promove-curso-sobre-elaboracao-de-planos-municipais-para-a-primeira-infancia-em-seis-regioes-da-paraiba\\\/\"},\"author\":{\"name\":\"Rafael Massoni\",\"@id\":\"https:\\\/\\\/tce.pb.gov.br\\\/portalprimeirainfancia\\\/#\\\/schema\\\/person\\\/6a39eea5836dda604de1c5e5b7d62141\"},\"headline\":\"TCE-PB promove curso sobre elabora\u00e7\u00e3o de Planos Municipais para a Primeira Inf\u00e2ncia em seis regi\u00f5es da Para\u00edba\",\"datePublished\":\"2025-06-27T12:30:46+00:00\",\"dateModified\":\"2025-07-03T12:34:24+00:00\",\"mainEntityOfPage\":{\"@id\":\"https:\\\/\\\/tce.pb.gov.br\\\/portalprimeirainfancia\\\/tce-pb-promove-curso-sobre-elaboracao-de-planos-municipais-para-a-primeira-infancia-em-seis-regioes-da-paraiba\\\/\"},\"wordCount\":661,\"publisher\":{\"@id\":\"https:\\\/\\\/tce.pb.gov.br\\\/portalprimeirainfancia\\\/#organization\"},\"image\":{\"@id\":\"https:\\\/\\\/tce.pb.gov.br\\\/portalprimeirainfancia\\\/tce-pb-promove-curso-sobre-elaboracao-de-planos-municipais-para-a-primeira-infancia-em-seis-regioes-da-paraiba\\\/#primaryimage\"},\"thumbnailUrl\":\"https:\\\/\\\/tce.pb.gov.br\\\/portalprimeirainfancia\\\/wp-content\\\/uploads\\\/2025\\\/07\\\/Destacada.jpeg\",\"keywords\":[\"bananeiras\",\"c\u00e2maras municipais\",\"itaporanga\",\"joao pessoa\",\"pacto pela primeira infancia\",\"prefeituras\",\"primeira infancia\",\"sousa\",\"sum\u00e9\",\"tce\",\"tce-pb\"],\"articleSection\":[\"Not\u00edcias\"],\"inLanguage\":\"pt-BR\"},{\"@type\":\"WebPage\",\"@id\":\"https:\\\/\\\/tce.pb.gov.br\\\/portalprimeirainfancia\\\/tce-pb-promove-curso-sobre-elaboracao-de-planos-municipais-para-a-primeira-infancia-em-seis-regioes-da-paraiba\\\/\",\"url\":\"https:\\\/\\\/tce.pb.gov.br\\\/portalprimeirainfancia\\\/tce-pb-promove-curso-sobre-elaboracao-de-planos-municipais-para-a-primeira-infancia-em-seis-regioes-da-paraiba\\\/\",\"name\":\"TCE-PB promove curso sobre elabora\u00e7\u00e3o de Planos Municipais para a Primeira Inf\u00e2ncia em seis regi\u00f5es da Para\u00edba %\",\"isPartOf\":{\"@id\":\"https:\\\/\\\/tce.pb.gov.br\\\/portalprimeirainfancia\\\/#website\"},\"primaryImageOfPage\":{\"@id\":\"https:\\\/\\\/tce.pb.gov.br\\\/portalprimeirainfancia\\\/tce-pb-promove-curso-sobre-elaboracao-de-planos-municipais-para-a-primeira-infancia-em-seis-regioes-da-paraiba\\\/#primaryimage\"},\"image\":{\"@id\":\"https:\\\/\\\/tce.pb.gov.br\\\/portalprimeirainfancia\\\/tce-pb-promove-curso-sobre-elaboracao-de-planos-municipais-para-a-primeira-infancia-em-seis-regioes-da-paraiba\\\/#primaryimage\"},\"thumbnailUrl\":\"https:\\\/\\\/tce.pb.gov.br\\\/portalprimeirainfancia\\\/wp-content\\\/uploads\\\/2025\\\/07\\\/Destacada.jpeg\",\"datePublished\":\"2025-06-27T12:30:46+00:00\",\"dateModified\":\"2025-07-03T12:34:24+00:00\",\"description\":\"TCE-PB promove curso sobre elabora\u00e7\u00e3o de Planos Municipais para a Primeira Inf\u00e2ncia em seis regi\u00f5es da Para\u00edba %\",\"breadcrumb\":{\"@id\":\"https:\\\/\\\/tce.pb.gov.br\\\/portalprimeirainfancia\\\/tce-pb-promove-curso-sobre-elaboracao-de-planos-municipais-para-a-primeira-infancia-em-seis-regioes-da-paraiba\\\/#breadcrumb\"},\"inLanguage\":\"pt-BR\",\"potentialAction\":[{\"@type\":\"ReadAction\",\"target\":[\"https:\\\/\\\/tce.pb.gov.br\\\/portalprimeirainfancia\\\/tce-pb-promove-curso-sobre-elaboracao-de-planos-municipais-para-a-primeira-infancia-em-seis-regioes-da-paraiba\\\/\"]}]},{\"@type\":\"ImageObject\",\"inLanguage\":\"pt-BR\",\"@id\":\"https:\\\/\\\/tce.pb.gov.br\\\/portalprimeirainfancia\\\/tce-pb-promove-curso-sobre-elaboracao-de-planos-municipais-para-a-primeira-infancia-em-seis-regioes-da-paraiba\\\/#primaryimage\",\"url\":\"https:\\\/\\\/tce.pb.gov.br\\\/portalprimeirainfancia\\\/wp-content\\\/uploads\\\/2025\\\/07\\\/Destacada.jpeg\",\"contentUrl\":\"https:\\\/\\\/tce.pb.gov.br\\\/portalprimeirainfancia\\\/wp-content\\\/uploads\\\/2025\\\/07\\\/Destacada.jpeg\",\"width\":1024,\"height\":682},{\"@type\":\"BreadcrumbList\",\"@id\":\"https:\\\/\\\/tce.pb.gov.br\\\/portalprimeirainfancia\\\/tce-pb-promove-curso-sobre-elaboracao-de-planos-municipais-para-a-primeira-infancia-em-seis-regioes-da-paraiba\\\/#breadcrumb\",\"itemListElement\":[{\"@type\":\"ListItem\",\"position\":1,\"name\":\"In\u00edcio\",\"item\":\"https:\\\/\\\/tce.pb.gov.br\\\/portalprimeirainfancia\\\/\"},{\"@type\":\"ListItem\",\"position\":2,\"name\":\"TCE-PB promove curso sobre elabora\u00e7\u00e3o de Planos Municipais para a Primeira Inf\u00e2ncia em seis regi\u00f5es da Para\u00edba\"}]},{\"@type\":\"WebSite\",\"@id\":\"https:\\\/\\\/tce.pb.gov.br\\\/portalprimeirainfancia\\\/#website\",\"url\":\"https:\\\/\\\/tce.pb.gov.br\\\/portalprimeirainfancia\\\/\",\"name\":\"Pacto Paraibano pela Primeira Inf\u00e2ncia\",\"description\":\"Portal para divulga\u00e7\u00e3o do Pacto Paraibano pela Primeira Inf\u00e2ncia\",\"publisher\":{\"@id\":\"https:\\\/\\\/tce.pb.gov.br\\\/portalprimeirainfancia\\\/#organization\"},\"potentialAction\":[{\"@type\":\"SearchAction\",\"target\":{\"@type\":\"EntryPoint\",\"urlTemplate\":\"https:\\\/\\\/tce.pb.gov.br\\\/portalprimeirainfancia\\\/?s={search_term_string}\"},\"query-input\":{\"@type\":\"PropertyValueSpecification\",\"valueRequired\":true,\"valueName\":\"search_term_string\"}}],\"inLanguage\":\"pt-BR\"},{\"@type\":\"Organization\",\"@id\":\"https:\\\/\\\/tce.pb.gov.br\\\/portalprimeirainfancia\\\/#organization\",\"name\":\"Pacto Paraibano pela Primeira Inf\u00e2ncia\",\"alternateName\":\"TCE-PB\",\"url\":\"https:\\\/\\\/tce.pb.gov.br\\\/portalprimeirainfancia\\\/\",\"logo\":{\"@type\":\"ImageObject\",\"inLanguage\":\"pt-BR\",\"@id\":\"https:\\\/\\\/tce.pb.gov.br\\\/portalprimeirainfancia\\\/#\\\/schema\\\/logo\\\/image\\\/\",\"url\":\"https:\\\/\\\/tce.pb.gov.br\\\/portalprimeirainfancia\\\/wp-content\\\/uploads\\\/2025\\\/05\\\/Pacto-Whatsapp.png\",\"contentUrl\":\"https:\\\/\\\/tce.pb.gov.br\\\/portalprimeirainfancia\\\/wp-content\\\/uploads\\\/2025\\\/05\\\/Pacto-Whatsapp.png\",\"width\":427,\"height\":427,\"caption\":\"Pacto Paraibano pela Primeira Inf\u00e2ncia\"},\"image\":{\"@id\":\"https:\\\/\\\/tce.pb.gov.br\\\/portalprimeirainfancia\\\/#\\\/schema\\\/logo\\\/image\\\/\"},\"sameAs\":[\"https:\\\/\\\/www.instagram.com\\\/tcepb\\\/\"]},{\"@type\":\"Person\",\"@id\":\"https:\\\/\\\/tce.pb.gov.br\\\/portalprimeirainfancia\\\/#\\\/schema\\\/person\\\/6a39eea5836dda604de1c5e5b7d62141\",\"name\":\"Rafael Massoni\"}]}<\/script>\n<!-- \/ Yoast SEO plugin. -->","yoast_head_json":{"title":"TCE-PB promove curso sobre elabora\u00e7\u00e3o de Planos Municipais para a Primeira Inf\u00e2ncia em seis regi\u00f5es da Para\u00edba %","description":"TCE-PB promove curso sobre elabora\u00e7\u00e3o de Planos Municipais para a Primeira Inf\u00e2ncia em seis regi\u00f5es da Para\u00edba %","robots":{"index":"index","follow":"follow","max-snippet":"max-snippet:-1","max-image-preview":"max-image-preview:large","max-video-preview":"max-video-preview:-1"},"canonical":"https:\/\/tce.pb.gov.br\/portalprimeirainfancia\/tce-pb-promove-curso-sobre-elaboracao-de-planos-municipais-para-a-primeira-infancia-em-seis-regioes-da-paraiba\/","og_locale":"pt_BR","og_type":"article","og_title":"TCE-PB promove curso sobre elabora\u00e7\u00e3o de Planos Municipais para a Primeira Inf\u00e2ncia em seis regi\u00f5es da Para\u00edba %","og_description":"TCE-PB promove curso sobre elabora\u00e7\u00e3o de Planos Municipais para a Primeira Inf\u00e2ncia em seis regi\u00f5es da Para\u00edba %","og_url":"https:\/\/tce.pb.gov.br\/portalprimeirainfancia\/tce-pb-promove-curso-sobre-elaboracao-de-planos-municipais-para-a-primeira-infancia-em-seis-regioes-da-paraiba\/","og_site_name":"Pacto Paraibano pela Primeira Inf\u00e2ncia","article_published_time":"2025-06-27T12:30:46+00:00","article_modified_time":"2025-07-03T12:34:24+00:00","og_image":[{"width":1024,"height":682,"url":"https:\/\/tce.pb.gov.br\/portalprimeirainfancia\/wp-content\/uploads\/2025\/07\/Destacada.jpeg","type":"image\/jpeg"}],"author":"Rafael Massoni","twitter_card":"summary_large_image","twitter_misc":{"Escrito por":"Rafael Massoni","Est. tempo de leitura":"4 minutos"},"schema":{"@context":"https:\/\/schema.org","@graph":[{"@type":"NewsArticle","@id":"https:\/\/tce.pb.gov.br\/portalprimeirainfancia\/tce-pb-promove-curso-sobre-elaboracao-de-planos-municipais-para-a-primeira-infancia-em-seis-regioes-da-paraiba\/#article","isPartOf":{"@id":"https:\/\/tce.pb.gov.br\/portalprimeirainfancia\/tce-pb-promove-curso-sobre-elaboracao-de-planos-municipais-para-a-primeira-infancia-em-seis-regioes-da-paraiba\/"},"author":{"name":"Rafael Massoni","@id":"https:\/\/tce.pb.gov.br\/portalprimeirainfancia\/#\/schema\/person\/6a39eea5836dda604de1c5e5b7d62141"},"headline":"TCE-PB promove curso sobre elabora\u00e7\u00e3o de Planos Municipais para a Primeira Inf\u00e2ncia em seis regi\u00f5es da Para\u00edba","datePublished":"2025-06-27T12:30:46+00:00","dateModified":"2025-07-03T12:34:24+00:00","mainEntityOfPage":{"@id":"https:\/\/tce.pb.gov.br\/portalprimeirainfancia\/tce-pb-promove-curso-sobre-elaboracao-de-planos-municipais-para-a-primeira-infancia-em-seis-regioes-da-paraiba\/"},"wordCount":661,"publisher":{"@id":"https:\/\/tce.pb.gov.br\/portalprimeirainfancia\/#organization"},"image":{"@id":"https:\/\/tce.pb.gov.br\/portalprimeirainfancia\/tce-pb-promove-curso-sobre-elaboracao-de-planos-municipais-para-a-primeira-infancia-em-seis-regioes-da-paraiba\/#primaryimage"},"thumbnailUrl":"https:\/\/tce.pb.gov.br\/portalprimeirainfancia\/wp-content\/uploads\/2025\/07\/Destacada.jpeg","keywords":["bananeiras","c\u00e2maras municipais","itaporanga","joao pessoa","pacto pela primeira infancia","prefeituras","primeira infancia","sousa","sum\u00e9","tce","tce-pb"],"articleSection":["Not\u00edcias"],"inLanguage":"pt-BR"},{"@type":"WebPage","@id":"https:\/\/tce.pb.gov.br\/portalprimeirainfancia\/tce-pb-promove-curso-sobre-elaboracao-de-planos-municipais-para-a-primeira-infancia-em-seis-regioes-da-paraiba\/","url":"https:\/\/tce.pb.gov.br\/portalprimeirainfancia\/tce-pb-promove-curso-sobre-elaboracao-de-planos-municipais-para-a-primeira-infancia-em-seis-regioes-da-paraiba\/","name":"TCE-PB promove curso sobre elabora\u00e7\u00e3o de Planos Municipais para a Primeira Inf\u00e2ncia em seis regi\u00f5es da Para\u00edba %","isPartOf":{"@id":"https:\/\/tce.pb.gov.br\/portalprimeirainfancia\/#website"},"primaryImageOfPage":{"@id":"https:\/\/tce.pb.gov.br\/portalprimeirainfancia\/tce-pb-promove-curso-sobre-elaboracao-de-planos-municipais-para-a-primeira-infancia-em-seis-regioes-da-paraiba\/#primaryimage"},"image":{"@id":"https:\/\/tce.pb.gov.br\/portalprimeirainfancia\/tce-pb-promove-curso-sobre-elaboracao-de-planos-municipais-para-a-primeira-infancia-em-seis-regioes-da-paraiba\/#primaryimage"},"thumbnailUrl":"https:\/\/tce.pb.gov.br\/portalprimeirainfancia\/wp-content\/uploads\/2025\/07\/Destacada.jpeg","datePublished":"2025-06-27T12:30:46+00:00","dateModified":"2025-07-03T12:34:24+00:00","description":"TCE-PB promove curso sobre elabora\u00e7\u00e3o de Planos Municipais para a Primeira Inf\u00e2ncia em seis regi\u00f5es da Para\u00edba %","breadcrumb":{"@id":"https:\/\/tce.pb.gov.br\/portalprimeirainfancia\/tce-pb-promove-curso-sobre-elaboracao-de-planos-municipais-para-a-primeira-infancia-em-seis-regioes-da-paraiba\/#breadcrumb"},"inLanguage":"pt-BR","potentialAction":[{"@type":"ReadAction","target":["https:\/\/tce.pb.gov.br\/portalprimeirainfancia\/tce-pb-promove-curso-sobre-elaboracao-de-planos-municipais-para-a-primeira-infancia-em-seis-regioes-da-paraiba\/"]}]},{"@type":"ImageObject","inLanguage":"pt-BR","@id":"https:\/\/tce.pb.gov.br\/portalprimeirainfancia\/tce-pb-promove-curso-sobre-elaboracao-de-planos-municipais-para-a-primeira-infancia-em-seis-regioes-da-paraiba\/#primaryimage","url":"https:\/\/tce.pb.gov.br\/portalprimeirainfancia\/wp-content\/uploads\/2025\/07\/Destacada.jpeg","contentUrl":"https:\/\/tce.pb.gov.br\/portalprimeirainfancia\/wp-content\/uploads\/2025\/07\/Destacada.jpeg","width":1024,"height":682},{"@type":"BreadcrumbList","@id":"https:\/\/tce.pb.gov.br\/portalprimeirainfancia\/tce-pb-promove-curso-sobre-elaboracao-de-planos-municipais-para-a-primeira-infancia-em-seis-regioes-da-paraiba\/#breadcrumb","itemListElement":[{"@type":"ListItem","position":1,"name":"In\u00edcio","item":"https:\/\/tce.pb.gov.br\/portalprimeirainfancia\/"},{"@type":"ListItem","position":2,"name":"TCE-PB promove curso sobre elabora\u00e7\u00e3o de Planos Municipais para a Primeira Inf\u00e2ncia em seis regi\u00f5es da Para\u00edba"}]},{"@type":"WebSite","@id":"https:\/\/tce.pb.gov.br\/portalprimeirainfancia\/#website","url":"https:\/\/tce.pb.gov.br\/portalprimeirainfancia\/","name":"Pacto Paraibano pela Primeira Inf\u00e2ncia","description":"Portal para divulga\u00e7\u00e3o do Pacto Paraibano pela Primeira Inf\u00e2ncia","publisher":{"@id":"https:\/\/tce.pb.gov.br\/portalprimeirainfancia\/#organization"},"potentialAction":[{"@type":"SearchAction","target":{"@type":"EntryPoint","urlTemplate":"https:\/\/tce.pb.gov.br\/portalprimeirainfancia\/?s={search_term_string}"},"query-input":{"@type":"PropertyValueSpecification","valueRequired":true,"valueName":"search_term_string"}}],"inLanguage":"pt-BR"},{"@type":"Organization","@id":"https:\/\/tce.pb.gov.br\/portalprimeirainfancia\/#organization","name":"Pacto Paraibano pela Primeira Inf\u00e2ncia","alternateName":"TCE-PB","url":"https:\/\/tce.pb.gov.br\/portalprimeirainfancia\/","logo":{"@type":"ImageObject","inLanguage":"pt-BR","@id":"https:\/\/tce.pb.gov.br\/portalprimeirainfancia\/#\/schema\/logo\/image\/","url":"https:\/\/tce.pb.gov.br\/portalprimeirainfancia\/wp-content\/uploads\/2025\/05\/Pacto-Whatsapp.png","contentUrl":"https:\/\/tce.pb.gov.br\/portalprimeirainfancia\/wp-content\/uploads\/2025\/05\/Pacto-Whatsapp.png","width":427,"height":427,"caption":"Pacto Paraibano pela Primeira Inf\u00e2ncia"},"image":{"@id":"https:\/\/tce.pb.gov.br\/portalprimeirainfancia\/#\/schema\/logo\/image\/"},"sameAs":["https:\/\/www.instagram.com\/tcepb\/"]},{"@type":"Person","@id":"https:\/\/tce.pb.gov.br\/portalprimeirainfancia\/#\/schema\/person\/6a39eea5836dda604de1c5e5b7d62141","name":"Rafael Massoni"}]}},"jetpack_featured_media_url":"https:\/\/tce.pb.gov.br\/portalprimeirainfancia\/wp-content\/uploads\/2025\/07\/Destacada.jpeg","jetpack_sharing_enabled":true,"_links":{"self":[{"href":"https:\/\/tce.pb.gov.br\/portalprimeirainfancia\/wp-json\/wp\/v2\/posts\/29411","targetHints":{"allow":["GET"]}}],"collection":[{"href":"https:\/\/tce.pb.gov.br\/portalprimeirainfancia\/wp-json\/wp\/v2\/posts"}],"about":[{"href":"https:\/\/tce.pb.gov.br\/portalprimeirainfancia\/wp-json\/wp\/v2\/types\/post"}],"author":[{"embeddable":true,"href":"https:\/\/tce.pb.gov.br\/portalprimeirainfancia\/wp-json\/wp\/v2\/users\/6"}],"replies":[{"embeddable":true,"href":"https:\/\/tce.pb.gov.br\/portalprimeirainfancia\/wp-json\/wp\/v2\/comments?post=29411"}],"version-history":[{"count":1,"href":"https:\/\/tce.pb.gov.br\/portalprimeirainfancia\/wp-json\/wp\/v2\/posts\/29411\/revisions"}],"predecessor-version":[{"id":29413,"href":"https:\/\/tce.pb.gov.br\/portalprimeirainfancia\/wp-json\/wp\/v2\/posts\/29411\/revisions\/29413"}],"wp:featuredmedia":[{"embeddable":true,"href":"https:\/\/tce.pb.gov.br\/portalprimeirainfancia\/wp-json\/wp\/v2\/media\/29412"}],"wp:attachment":[{"href":"https:\/\/tce.pb.gov.br\/portalprimeirainfancia\/wp-json\/wp\/v2\/media?parent=29411"}],"wp:term":[{"taxonomy":"category","embeddable":true,"href":"https:\/\/tce.pb.gov.br\/portalprimeirainfancia\/wp-json\/wp\/v2\/categories?post=29411"},{"taxonomy":"post_tag","embeddable":true,"href":"https:\/\/tce.pb.gov.br\/portalprimeirainfancia\/wp-json\/wp\/v2\/tags?post=29411"}],"curies":[{"name":"wp","href":"https:\/\/api.w.org\/{rel}","templated":true}]}}