{"id":29408,"date":"2025-06-12T12:00:00","date_gmt":"2025-06-12T15:00:00","guid":{"rendered":"https:\/\/tce.pb.gov.br\/portalprimeirainfancia\/?p=29408"},"modified":"2025-07-03T09:30:43","modified_gmt":"2025-07-03T12:30:43","slug":"tce-pb-reforca-compromisso-com-a-primeira-infancia-por-meio-de-capacitacao-estadual-sobre-orcamento-publico","status":"publish","type":"post","link":"https:\/\/tce.pb.gov.br\/portalprimeirainfancia\/tce-pb-reforca-compromisso-com-a-primeira-infancia-por-meio-de-capacitacao-estadual-sobre-orcamento-publico\/","title":{"rendered":"TCE-PB refor\u00e7a compromisso com a Primeira Inf\u00e2ncia por meio de capacita\u00e7\u00e3o estadual sobre or\u00e7amento p\u00fablico"},"content":{"rendered":"\n<figure class=\"wp-block-image aligncenter size-full\"><img fetchpriority=\"high\" decoding=\"async\" width=\"1024\" height=\"681\" src=\"https:\/\/tce.pb.gov.br\/portalprimeirainfancia\/wp-content\/uploads\/2025\/07\/image.png\" alt=\"\" class=\"wp-image-29409\" srcset=\"https:\/\/tce.pb.gov.br\/portalprimeirainfancia\/wp-content\/uploads\/2025\/07\/image.png 1024w, https:\/\/tce.pb.gov.br\/portalprimeirainfancia\/wp-content\/uploads\/2025\/07\/image-300x200.png 300w, https:\/\/tce.pb.gov.br\/portalprimeirainfancia\/wp-content\/uploads\/2025\/07\/image-768x511.png 768w\" sizes=\"(max-width: 1024px) 100vw, 1024px\" \/><\/figure>\n\n\n\n<p>O Tribunal de Contas da Para\u00edba (TCE-PB) reafirmou nesta quinta-feira (12), em Jo\u00e3o Pessoa, seu compromisso com o fortalecimento das pol\u00edticas p\u00fablicas voltadas \u00e0 Primeira Inf\u00e2ncia, ao abrir a etapa final do ciclo estadual de capacita\u00e7\u00f5es presenciais sobre o Plano Plurianual (PPA) e a Lei Or\u00e7ament\u00e1ria Anual (LOA). A iniciativa, conduzida pela Comiss\u00e3o da Primeira Inf\u00e2ncia do Tribunal, tem como objetivo orientar gestores municipais na constru\u00e7\u00e3o de pe\u00e7as or\u00e7ament\u00e1rias sens\u00edveis \u00e0s necessidades de crian\u00e7as de zero a seis anos.<\/p>\n\n\n\n<p>Durante a abertura do evento, o vice-presidente do TCE-PB, conselheiro Andr\u00e9 Carlo Torres Pontes, destacou a relev\u00e2ncia da iniciativa como ferramenta estrat\u00e9gica para garantir o cumprimento dos direitos previstos no Marco Legal da Primeira Inf\u00e2ncia (Lei Federal n\u00ba 13.257\/2016). \u201c\u00c9 fundamental que os munic\u00edpios compreendam a primeira inf\u00e2ncia como prioridade absoluta. Pol\u00edticas p\u00fablicas voltadas a essa fase exigem planejamento, cuidado e acompanhamento cont\u00ednuo. O TCE-PB est\u00e1 comprometido em apoiar tecnicamente os gestores nesse desafio. O Tribunal de Contas est\u00e1 sempre \u00e0 disposi\u00e7\u00e3o para orientar e acompanhar essas a\u00e7\u00f5es\u201d, afirmou.<\/p>\n\n\n\n<figure class=\"wp-block-gallery has-nested-images columns-default is-cropped wp-block-gallery-1 is-layout-flex wp-block-gallery-is-layout-flex\">\n<figure class=\"wp-block-image\"><img decoding=\"async\" data-id=\"30237\" src=\"https:\/\/tce.pb.gov.br\/wp-content\/uploads\/2025\/06\/DSC_8409-1024x681.jpg\" alt=\"\" class=\"wp-image-30237\"\/><\/figure>\n\n\n\n<figure class=\"wp-block-image\"><img decoding=\"async\" data-id=\"30240\" src=\"https:\/\/tce.pb.gov.br\/wp-content\/uploads\/2025\/06\/69db88cb-2c6a-4327-87d4-bc4a3a912dd8-1024x682.jpg\" alt=\"\" class=\"wp-image-30240\"\/><\/figure>\n<\/figure>\n\n\n\n<p>O curso, com carga hor\u00e1ria de 12 horas-aula, est\u00e1 sendo ministrado pelo auditor de controle externo Luzemar Martins, com uma abordagem pr\u00e1tica sobre a gest\u00e3o or\u00e7ament\u00e1ria com foco social. Os participantes t\u00eam acesso \u00e0 Matriz de Planejamento da Auditoria Operacional sobre a Primeira Inf\u00e2ncia \u2014 ferramenta que auxilia na constru\u00e7\u00e3o de a\u00e7\u00f5es mais eficientes e alinhadas com as diretrizes legais.<\/p>\n\n\n\n<p>At\u00e9 o momento, mais de 500 gestores, t\u00e9cnicos e representantes municipais participaram das capacita\u00e7\u00f5es realizadas nas cidades de Patos, Cajazeiras, Monteiro, Campina Grande e, agora, Jo\u00e3o Pessoa. A forma\u00e7\u00e3o re\u00fane prefeitos, secret\u00e1rios e t\u00e9cnicos das \u00e1reas de planejamento, finan\u00e7as e desenvolvimento infantil, demonstrando o esfor\u00e7o conjunto para consolidar pol\u00edticas p\u00fablicas mais eficazes para a primeira inf\u00e2ncia.<\/p>\n\n\n\n<p>O engajamento dos munic\u00edpios tamb\u00e9m pode ser observado por meio do sistema Tramita do TCE-PB: at\u00e9 quarta-feira (11), onze prefeituras j\u00e1 haviam enviado suas Leis de Diretrizes Or\u00e7ament\u00e1rias (LDO) para 2026, incluindo de forma expl\u00edcita a\u00e7\u00f5es voltadas \u00e0 inf\u00e2ncia, em conson\u00e2ncia com o Marco Legal.<\/p>\n\n\n\n<p>A capacita\u00e7\u00e3o encerra um circuito essencial para ampliar a qualifica\u00e7\u00e3o t\u00e9cnica dos munic\u00edpios e promover um novo padr\u00e3o de gest\u00e3o p\u00fablica, que valorize o desenvolvimento integral das crian\u00e7as.<\/p>\n\n\n\n<p>At\u00e9 o momento 34 prefeituras paraibanas j\u00e1 aderiram ao Pacto pela Primeira Inf\u00e2ncia, consolidando uma rede de compromisso com o futuro das novas gera\u00e7\u00f5es.<\/p>\n","protected":false},"excerpt":{"rendered":"<p>O Tribunal de Contas da Para\u00edba (TCE-PB) reafirmou nesta quinta-feira (12), em Jo\u00e3o Pessoa, seu compromisso com o fortalecimento das [&hellip;]<\/p>\n","protected":false},"author":6,"featured_media":29409,"comment_status":"closed","ping_status":"closed","sticky":false,"template":"","format":"standard","meta":{"site-sidebar-layout":"default","site-content-layout":"","ast-site-content-layout":"","site-content-style":"default","site-sidebar-style":"default","ast-global-header-display":"","ast-banner-title-visibility":"","ast-main-header-display":"","ast-hfb-above-header-display":"","ast-hfb-below-header-display":"","ast-hfb-mobile-header-display":"","site-post-title":"","ast-breadcrumbs-content":"","ast-featured-img":"","footer-sml-layout":"","theme-transparent-header-meta":"","adv-header-id-meta":"","stick-header-meta":"","header-above-stick-meta":"","header-main-stick-meta":"","header-below-stick-meta":"","astra-migrate-meta-layouts":"default","ast-page-background-enabled":"default","ast-page-background-meta":{"desktop":{"background-color":"var(--ast-global-color-5)","background-image":"","background-repeat":"repeat","background-position":"center center","background-size":"auto","background-attachment":"scroll","background-type":"","background-media":"","overlay-type":"","overlay-color":"","overlay-opacity":"","overlay-gradient":""},"tablet":{"background-color":"","background-image":"","background-repeat":"repeat","background-position":"center center","background-size":"auto","background-attachment":"scroll","background-type":"","background-media":"","overlay-type":"","overlay-color":"","overlay-opacity":"","overlay-gradient":""},"mobile":{"background-color":"","background-image":"","background-repeat":"repeat","background-position":"center center","background-size":"auto","background-attachment":"scroll","background-type":"","background-media":"","overlay-type":"","overlay-color":"","overlay-opacity":"","overlay-gradient":""}},"ast-content-background-meta":{"desktop":{"background-color":"var(--ast-global-color-4)","background-image":"","background-repeat":"repeat","background-position":"center center","background-size":"auto","background-attachment":"scroll","background-type":"","background-media":"","overlay-type":"","overlay-color":"","overlay-opacity":"","overlay-gradient":""},"tablet":{"background-color":"var(--ast-global-color-4)","background-image":"","background-repeat":"repeat","background-position":"center center","background-size":"auto","background-attachment":"scroll","background-type":"","background-media":"","overlay-type":"","overlay-color":"","overlay-opacity":"","overlay-gradient":""},"mobile":{"background-color":"var(--ast-global-color-4)","background-image":"","background-repeat":"repeat","background-position":"center center","background-size":"auto","background-attachment":"scroll","background-type":"","background-media":"","overlay-type":"","overlay-color":"","overlay-opacity":"","overlay-gradient":""}},"_jetpack_memberships_contains_paid_content":false,"footnotes":""},"categories":[7],"tags":[40,44,46,27,39,25,31,26],"class_list":["post-29408","post","type-post","status-publish","format-standard","has-post-thumbnail","hentry","category-noticias","tag-camaras-municipais","tag-joao-pessoa","tag-orcamento-publico","tag-pacto-pela-primeira-infancia","tag-prefeituras","tag-primeira-infancia","tag-tce","tag-tce-pb"],"yoast_head":"<!-- This site is optimized with the Yoast SEO plugin v27.5 - https:\/\/yoast.com\/product\/yoast-seo-wordpress\/ -->\n<title>TCE-PB refor\u00e7a compromisso com a Primeira Inf\u00e2ncia por meio de capacita\u00e7\u00e3o estadual sobre or\u00e7amento p\u00fablico %<\/title>\n<meta name=\"description\" content=\"TCE-PB refor\u00e7a compromisso com a Primeira Inf\u00e2ncia por meio de capacita\u00e7\u00e3o estadual sobre or\u00e7amento p\u00fablico %\" \/>\n<meta name=\"robots\" content=\"index, follow, max-snippet:-1, max-image-preview:large, max-video-preview:-1\" \/>\n<link rel=\"canonical\" href=\"https:\/\/tce.pb.gov.br\/portalprimeirainfancia\/tce-pb-reforca-compromisso-com-a-primeira-infancia-por-meio-de-capacitacao-estadual-sobre-orcamento-publico\/\" \/>\n<meta property=\"og:locale\" content=\"pt_BR\" \/>\n<meta property=\"og:type\" content=\"article\" \/>\n<meta property=\"og:title\" content=\"TCE-PB refor\u00e7a compromisso com a Primeira Inf\u00e2ncia por meio de capacita\u00e7\u00e3o estadual sobre or\u00e7amento p\u00fablico %\" \/>\n<meta property=\"og:description\" content=\"TCE-PB refor\u00e7a compromisso com a Primeira Inf\u00e2ncia por meio de capacita\u00e7\u00e3o estadual sobre or\u00e7amento p\u00fablico %\" \/>\n<meta property=\"og:url\" content=\"https:\/\/tce.pb.gov.br\/portalprimeirainfancia\/tce-pb-reforca-compromisso-com-a-primeira-infancia-por-meio-de-capacitacao-estadual-sobre-orcamento-publico\/\" \/>\n<meta property=\"og:site_name\" content=\"Pacto Paraibano pela Primeira Inf\u00e2ncia\" \/>\n<meta property=\"article:published_time\" content=\"2025-06-12T15:00:00+00:00\" \/>\n<meta property=\"article:modified_time\" content=\"2025-07-03T12:30:43+00:00\" \/>\n<meta property=\"og:image\" content=\"https:\/\/tce.pb.gov.br\/portalprimeirainfancia\/wp-content\/uploads\/2025\/07\/image.png\" \/>\n\t<meta property=\"og:image:width\" content=\"1024\" \/>\n\t<meta property=\"og:image:height\" content=\"681\" \/>\n\t<meta property=\"og:image:type\" content=\"image\/png\" \/>\n<meta name=\"author\" content=\"Rafael Massoni\" \/>\n<meta name=\"twitter:card\" content=\"summary_large_image\" \/>\n<meta name=\"twitter:label1\" content=\"Escrito por\" \/>\n\t<meta name=\"twitter:data1\" content=\"Rafael Massoni\" \/>\n\t<meta name=\"twitter:label2\" content=\"Est. tempo de leitura\" \/>\n\t<meta name=\"twitter:data2\" content=\"3 minutos\" \/>\n<script type=\"application\/ld+json\" class=\"yoast-schema-graph\">{\"@context\":\"https:\\\/\\\/schema.org\",\"@graph\":[{\"@type\":\"NewsArticle\",\"@id\":\"https:\\\/\\\/tce.pb.gov.br\\\/portalprimeirainfancia\\\/tce-pb-reforca-compromisso-com-a-primeira-infancia-por-meio-de-capacitacao-estadual-sobre-orcamento-publico\\\/#article\",\"isPartOf\":{\"@id\":\"https:\\\/\\\/tce.pb.gov.br\\\/portalprimeirainfancia\\\/tce-pb-reforca-compromisso-com-a-primeira-infancia-por-meio-de-capacitacao-estadual-sobre-orcamento-publico\\\/\"},\"author\":{\"name\":\"Rafael Massoni\",\"@id\":\"https:\\\/\\\/tce.pb.gov.br\\\/portalprimeirainfancia\\\/#\\\/schema\\\/person\\\/6a39eea5836dda604de1c5e5b7d62141\"},\"headline\":\"TCE-PB refor\u00e7a compromisso com a Primeira Inf\u00e2ncia por meio de capacita\u00e7\u00e3o estadual sobre or\u00e7amento p\u00fablico\",\"datePublished\":\"2025-06-12T15:00:00+00:00\",\"dateModified\":\"2025-07-03T12:30:43+00:00\",\"mainEntityOfPage\":{\"@id\":\"https:\\\/\\\/tce.pb.gov.br\\\/portalprimeirainfancia\\\/tce-pb-reforca-compromisso-com-a-primeira-infancia-por-meio-de-capacitacao-estadual-sobre-orcamento-publico\\\/\"},\"wordCount\":453,\"publisher\":{\"@id\":\"https:\\\/\\\/tce.pb.gov.br\\\/portalprimeirainfancia\\\/#organization\"},\"image\":{\"@id\":\"https:\\\/\\\/tce.pb.gov.br\\\/portalprimeirainfancia\\\/tce-pb-reforca-compromisso-com-a-primeira-infancia-por-meio-de-capacitacao-estadual-sobre-orcamento-publico\\\/#primaryimage\"},\"thumbnailUrl\":\"https:\\\/\\\/tce.pb.gov.br\\\/portalprimeirainfancia\\\/wp-content\\\/uploads\\\/2025\\\/07\\\/image.png\",\"keywords\":[\"c\u00e2maras municipais\",\"joao pessoa\",\"or\u00e7amento p\u00fablico\",\"pacto pela primeira infancia\",\"prefeituras\",\"primeira infancia\",\"tce\",\"tce-pb\"],\"articleSection\":[\"Not\u00edcias\"],\"inLanguage\":\"pt-BR\"},{\"@type\":\"WebPage\",\"@id\":\"https:\\\/\\\/tce.pb.gov.br\\\/portalprimeirainfancia\\\/tce-pb-reforca-compromisso-com-a-primeira-infancia-por-meio-de-capacitacao-estadual-sobre-orcamento-publico\\\/\",\"url\":\"https:\\\/\\\/tce.pb.gov.br\\\/portalprimeirainfancia\\\/tce-pb-reforca-compromisso-com-a-primeira-infancia-por-meio-de-capacitacao-estadual-sobre-orcamento-publico\\\/\",\"name\":\"TCE-PB refor\u00e7a compromisso com a Primeira Inf\u00e2ncia por meio de capacita\u00e7\u00e3o estadual sobre or\u00e7amento p\u00fablico %\",\"isPartOf\":{\"@id\":\"https:\\\/\\\/tce.pb.gov.br\\\/portalprimeirainfancia\\\/#website\"},\"primaryImageOfPage\":{\"@id\":\"https:\\\/\\\/tce.pb.gov.br\\\/portalprimeirainfancia\\\/tce-pb-reforca-compromisso-com-a-primeira-infancia-por-meio-de-capacitacao-estadual-sobre-orcamento-publico\\\/#primaryimage\"},\"image\":{\"@id\":\"https:\\\/\\\/tce.pb.gov.br\\\/portalprimeirainfancia\\\/tce-pb-reforca-compromisso-com-a-primeira-infancia-por-meio-de-capacitacao-estadual-sobre-orcamento-publico\\\/#primaryimage\"},\"thumbnailUrl\":\"https:\\\/\\\/tce.pb.gov.br\\\/portalprimeirainfancia\\\/wp-content\\\/uploads\\\/2025\\\/07\\\/image.png\",\"datePublished\":\"2025-06-12T15:00:00+00:00\",\"dateModified\":\"2025-07-03T12:30:43+00:00\",\"description\":\"TCE-PB refor\u00e7a compromisso com a Primeira Inf\u00e2ncia por meio de capacita\u00e7\u00e3o estadual sobre or\u00e7amento p\u00fablico %\",\"breadcrumb\":{\"@id\":\"https:\\\/\\\/tce.pb.gov.br\\\/portalprimeirainfancia\\\/tce-pb-reforca-compromisso-com-a-primeira-infancia-por-meio-de-capacitacao-estadual-sobre-orcamento-publico\\\/#breadcrumb\"},\"inLanguage\":\"pt-BR\",\"potentialAction\":[{\"@type\":\"ReadAction\",\"target\":[\"https:\\\/\\\/tce.pb.gov.br\\\/portalprimeirainfancia\\\/tce-pb-reforca-compromisso-com-a-primeira-infancia-por-meio-de-capacitacao-estadual-sobre-orcamento-publico\\\/\"]}]},{\"@type\":\"ImageObject\",\"inLanguage\":\"pt-BR\",\"@id\":\"https:\\\/\\\/tce.pb.gov.br\\\/portalprimeirainfancia\\\/tce-pb-reforca-compromisso-com-a-primeira-infancia-por-meio-de-capacitacao-estadual-sobre-orcamento-publico\\\/#primaryimage\",\"url\":\"https:\\\/\\\/tce.pb.gov.br\\\/portalprimeirainfancia\\\/wp-content\\\/uploads\\\/2025\\\/07\\\/image.png\",\"contentUrl\":\"https:\\\/\\\/tce.pb.gov.br\\\/portalprimeirainfancia\\\/wp-content\\\/uploads\\\/2025\\\/07\\\/image.png\",\"width\":1024,\"height\":681},{\"@type\":\"BreadcrumbList\",\"@id\":\"https:\\\/\\\/tce.pb.gov.br\\\/portalprimeirainfancia\\\/tce-pb-reforca-compromisso-com-a-primeira-infancia-por-meio-de-capacitacao-estadual-sobre-orcamento-publico\\\/#breadcrumb\",\"itemListElement\":[{\"@type\":\"ListItem\",\"position\":1,\"name\":\"In\u00edcio\",\"item\":\"https:\\\/\\\/tce.pb.gov.br\\\/portalprimeirainfancia\\\/\"},{\"@type\":\"ListItem\",\"position\":2,\"name\":\"TCE-PB refor\u00e7a compromisso com a Primeira Inf\u00e2ncia por meio de capacita\u00e7\u00e3o estadual sobre or\u00e7amento p\u00fablico\"}]},{\"@type\":\"WebSite\",\"@id\":\"https:\\\/\\\/tce.pb.gov.br\\\/portalprimeirainfancia\\\/#website\",\"url\":\"https:\\\/\\\/tce.pb.gov.br\\\/portalprimeirainfancia\\\/\",\"name\":\"Pacto Paraibano pela Primeira Inf\u00e2ncia\",\"description\":\"Portal para divulga\u00e7\u00e3o do Pacto Paraibano pela Primeira Inf\u00e2ncia\",\"publisher\":{\"@id\":\"https:\\\/\\\/tce.pb.gov.br\\\/portalprimeirainfancia\\\/#organization\"},\"potentialAction\":[{\"@type\":\"SearchAction\",\"target\":{\"@type\":\"EntryPoint\",\"urlTemplate\":\"https:\\\/\\\/tce.pb.gov.br\\\/portalprimeirainfancia\\\/?s={search_term_string}\"},\"query-input\":{\"@type\":\"PropertyValueSpecification\",\"valueRequired\":true,\"valueName\":\"search_term_string\"}}],\"inLanguage\":\"pt-BR\"},{\"@type\":\"Organization\",\"@id\":\"https:\\\/\\\/tce.pb.gov.br\\\/portalprimeirainfancia\\\/#organization\",\"name\":\"Pacto Paraibano pela Primeira Inf\u00e2ncia\",\"alternateName\":\"TCE-PB\",\"url\":\"https:\\\/\\\/tce.pb.gov.br\\\/portalprimeirainfancia\\\/\",\"logo\":{\"@type\":\"ImageObject\",\"inLanguage\":\"pt-BR\",\"@id\":\"https:\\\/\\\/tce.pb.gov.br\\\/portalprimeirainfancia\\\/#\\\/schema\\\/logo\\\/image\\\/\",\"url\":\"https:\\\/\\\/tce.pb.gov.br\\\/portalprimeirainfancia\\\/wp-content\\\/uploads\\\/2025\\\/05\\\/Pacto-Whatsapp.png\",\"contentUrl\":\"https:\\\/\\\/tce.pb.gov.br\\\/portalprimeirainfancia\\\/wp-content\\\/uploads\\\/2025\\\/05\\\/Pacto-Whatsapp.png\",\"width\":427,\"height\":427,\"caption\":\"Pacto Paraibano pela Primeira Inf\u00e2ncia\"},\"image\":{\"@id\":\"https:\\\/\\\/tce.pb.gov.br\\\/portalprimeirainfancia\\\/#\\\/schema\\\/logo\\\/image\\\/\"},\"sameAs\":[\"https:\\\/\\\/www.instagram.com\\\/tcepb\\\/\"]},{\"@type\":\"Person\",\"@id\":\"https:\\\/\\\/tce.pb.gov.br\\\/portalprimeirainfancia\\\/#\\\/schema\\\/person\\\/6a39eea5836dda604de1c5e5b7d62141\",\"name\":\"Rafael Massoni\"}]}<\/script>\n<!-- \/ Yoast SEO plugin. -->","yoast_head_json":{"title":"TCE-PB refor\u00e7a compromisso com a Primeira Inf\u00e2ncia por meio de capacita\u00e7\u00e3o estadual sobre or\u00e7amento p\u00fablico %","description":"TCE-PB refor\u00e7a compromisso com a Primeira Inf\u00e2ncia por meio de capacita\u00e7\u00e3o estadual sobre or\u00e7amento p\u00fablico %","robots":{"index":"index","follow":"follow","max-snippet":"max-snippet:-1","max-image-preview":"max-image-preview:large","max-video-preview":"max-video-preview:-1"},"canonical":"https:\/\/tce.pb.gov.br\/portalprimeirainfancia\/tce-pb-reforca-compromisso-com-a-primeira-infancia-por-meio-de-capacitacao-estadual-sobre-orcamento-publico\/","og_locale":"pt_BR","og_type":"article","og_title":"TCE-PB refor\u00e7a compromisso com a Primeira Inf\u00e2ncia por meio de capacita\u00e7\u00e3o estadual sobre or\u00e7amento p\u00fablico %","og_description":"TCE-PB refor\u00e7a compromisso com a Primeira Inf\u00e2ncia por meio de capacita\u00e7\u00e3o estadual sobre or\u00e7amento p\u00fablico %","og_url":"https:\/\/tce.pb.gov.br\/portalprimeirainfancia\/tce-pb-reforca-compromisso-com-a-primeira-infancia-por-meio-de-capacitacao-estadual-sobre-orcamento-publico\/","og_site_name":"Pacto Paraibano pela Primeira Inf\u00e2ncia","article_published_time":"2025-06-12T15:00:00+00:00","article_modified_time":"2025-07-03T12:30:43+00:00","og_image":[{"width":1024,"height":681,"url":"https:\/\/tce.pb.gov.br\/portalprimeirainfancia\/wp-content\/uploads\/2025\/07\/image.png","type":"image\/png"}],"author":"Rafael Massoni","twitter_card":"summary_large_image","twitter_misc":{"Escrito por":"Rafael Massoni","Est. tempo de leitura":"3 minutos"},"schema":{"@context":"https:\/\/schema.org","@graph":[{"@type":"NewsArticle","@id":"https:\/\/tce.pb.gov.br\/portalprimeirainfancia\/tce-pb-reforca-compromisso-com-a-primeira-infancia-por-meio-de-capacitacao-estadual-sobre-orcamento-publico\/#article","isPartOf":{"@id":"https:\/\/tce.pb.gov.br\/portalprimeirainfancia\/tce-pb-reforca-compromisso-com-a-primeira-infancia-por-meio-de-capacitacao-estadual-sobre-orcamento-publico\/"},"author":{"name":"Rafael Massoni","@id":"https:\/\/tce.pb.gov.br\/portalprimeirainfancia\/#\/schema\/person\/6a39eea5836dda604de1c5e5b7d62141"},"headline":"TCE-PB refor\u00e7a compromisso com a Primeira Inf\u00e2ncia por meio de capacita\u00e7\u00e3o estadual sobre or\u00e7amento p\u00fablico","datePublished":"2025-06-12T15:00:00+00:00","dateModified":"2025-07-03T12:30:43+00:00","mainEntityOfPage":{"@id":"https:\/\/tce.pb.gov.br\/portalprimeirainfancia\/tce-pb-reforca-compromisso-com-a-primeira-infancia-por-meio-de-capacitacao-estadual-sobre-orcamento-publico\/"},"wordCount":453,"publisher":{"@id":"https:\/\/tce.pb.gov.br\/portalprimeirainfancia\/#organization"},"image":{"@id":"https:\/\/tce.pb.gov.br\/portalprimeirainfancia\/tce-pb-reforca-compromisso-com-a-primeira-infancia-por-meio-de-capacitacao-estadual-sobre-orcamento-publico\/#primaryimage"},"thumbnailUrl":"https:\/\/tce.pb.gov.br\/portalprimeirainfancia\/wp-content\/uploads\/2025\/07\/image.png","keywords":["c\u00e2maras municipais","joao pessoa","or\u00e7amento p\u00fablico","pacto pela primeira infancia","prefeituras","primeira infancia","tce","tce-pb"],"articleSection":["Not\u00edcias"],"inLanguage":"pt-BR"},{"@type":"WebPage","@id":"https:\/\/tce.pb.gov.br\/portalprimeirainfancia\/tce-pb-reforca-compromisso-com-a-primeira-infancia-por-meio-de-capacitacao-estadual-sobre-orcamento-publico\/","url":"https:\/\/tce.pb.gov.br\/portalprimeirainfancia\/tce-pb-reforca-compromisso-com-a-primeira-infancia-por-meio-de-capacitacao-estadual-sobre-orcamento-publico\/","name":"TCE-PB refor\u00e7a compromisso com a Primeira Inf\u00e2ncia por meio de capacita\u00e7\u00e3o estadual sobre or\u00e7amento p\u00fablico %","isPartOf":{"@id":"https:\/\/tce.pb.gov.br\/portalprimeirainfancia\/#website"},"primaryImageOfPage":{"@id":"https:\/\/tce.pb.gov.br\/portalprimeirainfancia\/tce-pb-reforca-compromisso-com-a-primeira-infancia-por-meio-de-capacitacao-estadual-sobre-orcamento-publico\/#primaryimage"},"image":{"@id":"https:\/\/tce.pb.gov.br\/portalprimeirainfancia\/tce-pb-reforca-compromisso-com-a-primeira-infancia-por-meio-de-capacitacao-estadual-sobre-orcamento-publico\/#primaryimage"},"thumbnailUrl":"https:\/\/tce.pb.gov.br\/portalprimeirainfancia\/wp-content\/uploads\/2025\/07\/image.png","datePublished":"2025-06-12T15:00:00+00:00","dateModified":"2025-07-03T12:30:43+00:00","description":"TCE-PB refor\u00e7a compromisso com a Primeira Inf\u00e2ncia por meio de capacita\u00e7\u00e3o estadual sobre or\u00e7amento p\u00fablico %","breadcrumb":{"@id":"https:\/\/tce.pb.gov.br\/portalprimeirainfancia\/tce-pb-reforca-compromisso-com-a-primeira-infancia-por-meio-de-capacitacao-estadual-sobre-orcamento-publico\/#breadcrumb"},"inLanguage":"pt-BR","potentialAction":[{"@type":"ReadAction","target":["https:\/\/tce.pb.gov.br\/portalprimeirainfancia\/tce-pb-reforca-compromisso-com-a-primeira-infancia-por-meio-de-capacitacao-estadual-sobre-orcamento-publico\/"]}]},{"@type":"ImageObject","inLanguage":"pt-BR","@id":"https:\/\/tce.pb.gov.br\/portalprimeirainfancia\/tce-pb-reforca-compromisso-com-a-primeira-infancia-por-meio-de-capacitacao-estadual-sobre-orcamento-publico\/#primaryimage","url":"https:\/\/tce.pb.gov.br\/portalprimeirainfancia\/wp-content\/uploads\/2025\/07\/image.png","contentUrl":"https:\/\/tce.pb.gov.br\/portalprimeirainfancia\/wp-content\/uploads\/2025\/07\/image.png","width":1024,"height":681},{"@type":"BreadcrumbList","@id":"https:\/\/tce.pb.gov.br\/portalprimeirainfancia\/tce-pb-reforca-compromisso-com-a-primeira-infancia-por-meio-de-capacitacao-estadual-sobre-orcamento-publico\/#breadcrumb","itemListElement":[{"@type":"ListItem","position":1,"name":"In\u00edcio","item":"https:\/\/tce.pb.gov.br\/portalprimeirainfancia\/"},{"@type":"ListItem","position":2,"name":"TCE-PB refor\u00e7a compromisso com a Primeira Inf\u00e2ncia por meio de capacita\u00e7\u00e3o estadual sobre or\u00e7amento p\u00fablico"}]},{"@type":"WebSite","@id":"https:\/\/tce.pb.gov.br\/portalprimeirainfancia\/#website","url":"https:\/\/tce.pb.gov.br\/portalprimeirainfancia\/","name":"Pacto Paraibano pela Primeira Inf\u00e2ncia","description":"Portal para divulga\u00e7\u00e3o do Pacto Paraibano pela Primeira Inf\u00e2ncia","publisher":{"@id":"https:\/\/tce.pb.gov.br\/portalprimeirainfancia\/#organization"},"potentialAction":[{"@type":"SearchAction","target":{"@type":"EntryPoint","urlTemplate":"https:\/\/tce.pb.gov.br\/portalprimeirainfancia\/?s={search_term_string}"},"query-input":{"@type":"PropertyValueSpecification","valueRequired":true,"valueName":"search_term_string"}}],"inLanguage":"pt-BR"},{"@type":"Organization","@id":"https:\/\/tce.pb.gov.br\/portalprimeirainfancia\/#organization","name":"Pacto Paraibano pela Primeira Inf\u00e2ncia","alternateName":"TCE-PB","url":"https:\/\/tce.pb.gov.br\/portalprimeirainfancia\/","logo":{"@type":"ImageObject","inLanguage":"pt-BR","@id":"https:\/\/tce.pb.gov.br\/portalprimeirainfancia\/#\/schema\/logo\/image\/","url":"https:\/\/tce.pb.gov.br\/portalprimeirainfancia\/wp-content\/uploads\/2025\/05\/Pacto-Whatsapp.png","contentUrl":"https:\/\/tce.pb.gov.br\/portalprimeirainfancia\/wp-content\/uploads\/2025\/05\/Pacto-Whatsapp.png","width":427,"height":427,"caption":"Pacto Paraibano pela Primeira Inf\u00e2ncia"},"image":{"@id":"https:\/\/tce.pb.gov.br\/portalprimeirainfancia\/#\/schema\/logo\/image\/"},"sameAs":["https:\/\/www.instagram.com\/tcepb\/"]},{"@type":"Person","@id":"https:\/\/tce.pb.gov.br\/portalprimeirainfancia\/#\/schema\/person\/6a39eea5836dda604de1c5e5b7d62141","name":"Rafael Massoni"}]}},"jetpack_featured_media_url":"https:\/\/tce.pb.gov.br\/portalprimeirainfancia\/wp-content\/uploads\/2025\/07\/image.png","jetpack_sharing_enabled":true,"_links":{"self":[{"href":"https:\/\/tce.pb.gov.br\/portalprimeirainfancia\/wp-json\/wp\/v2\/posts\/29408","targetHints":{"allow":["GET"]}}],"collection":[{"href":"https:\/\/tce.pb.gov.br\/portalprimeirainfancia\/wp-json\/wp\/v2\/posts"}],"about":[{"href":"https:\/\/tce.pb.gov.br\/portalprimeirainfancia\/wp-json\/wp\/v2\/types\/post"}],"author":[{"embeddable":true,"href":"https:\/\/tce.pb.gov.br\/portalprimeirainfancia\/wp-json\/wp\/v2\/users\/6"}],"replies":[{"embeddable":true,"href":"https:\/\/tce.pb.gov.br\/portalprimeirainfancia\/wp-json\/wp\/v2\/comments?post=29408"}],"version-history":[{"count":1,"href":"https:\/\/tce.pb.gov.br\/portalprimeirainfancia\/wp-json\/wp\/v2\/posts\/29408\/revisions"}],"predecessor-version":[{"id":29410,"href":"https:\/\/tce.pb.gov.br\/portalprimeirainfancia\/wp-json\/wp\/v2\/posts\/29408\/revisions\/29410"}],"wp:featuredmedia":[{"embeddable":true,"href":"https:\/\/tce.pb.gov.br\/portalprimeirainfancia\/wp-json\/wp\/v2\/media\/29409"}],"wp:attachment":[{"href":"https:\/\/tce.pb.gov.br\/portalprimeirainfancia\/wp-json\/wp\/v2\/media?parent=29408"}],"wp:term":[{"taxonomy":"category","embeddable":true,"href":"https:\/\/tce.pb.gov.br\/portalprimeirainfancia\/wp-json\/wp\/v2\/categories?post=29408"},{"taxonomy":"post_tag","embeddable":true,"href":"https:\/\/tce.pb.gov.br\/portalprimeirainfancia\/wp-json\/wp\/v2\/tags?post=29408"}],"curies":[{"name":"wp","href":"https:\/\/api.w.org\/{rel}","templated":true}]}}