{"id":29400,"date":"2025-06-11T10:26:41","date_gmt":"2025-06-11T13:26:41","guid":{"rendered":"https:\/\/tce.pb.gov.br\/portalprimeirainfancia\/?p=29400"},"modified":"2025-06-11T10:30:57","modified_gmt":"2025-06-11T13:30:57","slug":"capacitacao-do-tce-pb-sobre-ppa-e-loa-com-foco-na-primeira-infancia-comeca-nesta-quinta-12-em-joao-pessoa","status":"publish","type":"post","link":"https:\/\/tce.pb.gov.br\/portalprimeirainfancia\/capacitacao-do-tce-pb-sobre-ppa-e-loa-com-foco-na-primeira-infancia-comeca-nesta-quinta-12-em-joao-pessoa\/","title":{"rendered":"Capacita\u00e7\u00e3o do TCE-PB sobre PPA e LOA com foco na Primeira Inf\u00e2ncia come\u00e7a nesta quinta (12), em Jo\u00e3o Pessoa"},"content":{"rendered":"\n<figure class=\"wp-block-image aligncenter size-large\"><img fetchpriority=\"high\" decoding=\"async\" width=\"1024\" height=\"683\" src=\"https:\/\/tce.pb.gov.br\/portalprimeirainfancia\/wp-content\/uploads\/2025\/06\/Curso-PPA-e-LOA-JP-MAT-1-1024x683.jpg\" alt=\"\" class=\"wp-image-29405\" srcset=\"https:\/\/tce.pb.gov.br\/portalprimeirainfancia\/wp-content\/uploads\/2025\/06\/Curso-PPA-e-LOA-JP-MAT-1-1024x683.jpg 1024w, https:\/\/tce.pb.gov.br\/portalprimeirainfancia\/wp-content\/uploads\/2025\/06\/Curso-PPA-e-LOA-JP-MAT-1-300x200.jpg 300w, https:\/\/tce.pb.gov.br\/portalprimeirainfancia\/wp-content\/uploads\/2025\/06\/Curso-PPA-e-LOA-JP-MAT-1-768x512.jpg 768w, https:\/\/tce.pb.gov.br\/portalprimeirainfancia\/wp-content\/uploads\/2025\/06\/Curso-PPA-e-LOA-JP-MAT-1-1536x1024.jpg 1536w, https:\/\/tce.pb.gov.br\/portalprimeirainfancia\/wp-content\/uploads\/2025\/06\/Curso-PPA-e-LOA-JP-MAT-1.jpg 1920w\" sizes=\"(max-width: 1024px) 100vw, 1024px\" \/><\/figure>\n\n\n\n<p>O Tribunal de Contas do Estado da Para\u00edba (TCE-PB) d\u00e1 in\u00edcio nesta quinta-feira (12), em Jo\u00e3o Pessoa, \u00e0 \u00faltima etapa do ciclo estadual de capacita\u00e7\u00f5es presenciais sobre o Plano Plurianual (PPA) e a Lei Or\u00e7ament\u00e1ria Anual (LOA), com foco na formula\u00e7\u00e3o de pol\u00edticas p\u00fablicas voltadas \u00e0 primeira inf\u00e2ncia. A abertura do evento ser\u00e1 conduzida pelo vice-presidente do TCE-PB, conselheiro Andr\u00e9 Carlo Torres Pontes.<\/p>\n\n\n\n<p>A capacita\u00e7\u00e3o segue at\u00e9 sexta-feira (13), no Centro Cultural Ariano Suassuna, localizado na sede do Tribunal, reunindo prefeitos, secret\u00e1rios e t\u00e9cnicos das \u00e1reas de planejamento, finan\u00e7as e desenvolvimento infantil. As inscri\u00e7\u00f5es seguem abertas e podem ser feitas pelo link:&nbsp;<a href=\"http:\/\/tiny.cc\/ppaeloa\">http:\/\/tiny.cc\/ppaeloa<\/a>.<\/p>\n\n\n\n<p>A iniciativa encerra um circuito de forma\u00e7\u00f5es que j\u00e1 passou por Patos, Cajazeiras, Monteiro e Campina Grande, capacitando mais de 400 gestores, t\u00e9cnicos e representantes municipais. Promovida pela Comiss\u00e3o da Primeira Inf\u00e2ncia do TCE-PB, a a\u00e7\u00e3o reafirma o compromisso da Corte de Contas com o fortalecimento de pol\u00edticas p\u00fablicas voltadas \u00e0s crian\u00e7as de 0 a 6 anos.<\/p>\n\n\n\n<p>Com carga hor\u00e1ria de 12 horas-aula, o curso ser\u00e1 ministrado pelo auditor de controle externo Luzemar Martins e abordar\u00e1 aspectos pr\u00e1ticos da gest\u00e3o or\u00e7ament\u00e1ria com foco social. Os participantes tamb\u00e9m ter\u00e3o acesso \u00e0 Matriz de Planejamento da Auditoria Operacional sobre a Primeira Inf\u00e2ncia \u2014 ferramenta estrat\u00e9gica para planejamento, monitoramento e aprimoramento de a\u00e7\u00f5es voltadas \u00e0 inf\u00e2ncia.<\/p>\n\n\n\n<p>O TCE-PB convoca os gestores da Grande Jo\u00e3o Pessoa e do litoral norte paraibano a participarem ativamente do evento. A etapa deve mobilizar representantes de mais de 30 munic\u00edpios, entre eles: Alhandra, Ba\u00eda da Trai\u00e7\u00e3o, Bayeux, Caapor\u00e3, Cabedelo, Capim, Conde, Cruz do Esp\u00edrito Santo, Cuit\u00e9 de Mamanguape, Curral de Cima, Itapororoca, Jacara\u00fa, Juripiranga, Lucena, Mamanguape, Marca\u00e7\u00e3o, Mari, Mataraca, Pedras de Fogo, Pedro R\u00e9gis, Pilar, Pitimbu, Riach\u00e3o do Po\u00e7o, Rio Tinto, Santa Rita, S\u00e3o Jos\u00e9 dos Ramos, S\u00e3o Miguel de Taipu, Sap\u00e9 e Sobrado.<\/p>\n\n\n\n<p>O TCE-PB celebra a ades\u00e3o de mais de 30 prefeituras e c\u00e2maras municipais ao compromisso de priorizar a inf\u00e2ncia nas pol\u00edticas p\u00fablicas locais. Mais informa\u00e7\u00f5es e detalhes sobre o Pacto Paraibano pela Primeira Inf\u00e2ncia est\u00e3o dispon\u00edveis no Portal da Primeira Inf\u00e2ncia:&nbsp;<a href=\"https:\/\/tce.pb.gov.br\/portalprimeirainfancia\/\">https:\/\/tce.pb.gov.br\/portalprimeirainfancia<\/a>.<\/p>\n\n\n\n<p><\/p>\n","protected":false},"excerpt":{"rendered":"<p>O Tribunal de Contas do Estado da Para\u00edba (TCE-PB) d\u00e1 in\u00edcio nesta quinta-feira (12), em Jo\u00e3o Pessoa, \u00e0 \u00faltima etapa [&hellip;]<\/p>\n","protected":false},"author":6,"featured_media":29405,"comment_status":"closed","ping_status":"closed","sticky":false,"template":"","format":"standard","meta":{"site-sidebar-layout":"default","site-content-layout":"","ast-site-content-layout":"","site-content-style":"default","site-sidebar-style":"default","ast-global-header-display":"","ast-banner-title-visibility":"","ast-main-header-display":"","ast-hfb-above-header-display":"","ast-hfb-below-header-display":"","ast-hfb-mobile-header-display":"","site-post-title":"","ast-breadcrumbs-content":"","ast-featured-img":"","footer-sml-layout":"","theme-transparent-header-meta":"","adv-header-id-meta":"","stick-header-meta":"","header-above-stick-meta":"","header-main-stick-meta":"","header-below-stick-meta":"","astra-migrate-meta-layouts":"default","ast-page-background-enabled":"default","ast-page-background-meta":{"desktop":{"background-color":"var(--ast-global-color-5)","background-image":"","background-repeat":"repeat","background-position":"center center","background-size":"auto","background-attachment":"scroll","background-type":"","background-media":"","overlay-type":"","overlay-color":"","overlay-opacity":"","overlay-gradient":""},"tablet":{"background-color":"","background-image":"","background-repeat":"repeat","background-position":"center center","background-size":"auto","background-attachment":"scroll","background-type":"","background-media":"","overlay-type":"","overlay-color":"","overlay-opacity":"","overlay-gradient":""},"mobile":{"background-color":"","background-image":"","background-repeat":"repeat","background-position":"center center","background-size":"auto","background-attachment":"scroll","background-type":"","background-media":"","overlay-type":"","overlay-color":"","overlay-opacity":"","overlay-gradient":""}},"ast-content-background-meta":{"desktop":{"background-color":"var(--ast-global-color-4)","background-image":"","background-repeat":"repeat","background-position":"center center","background-size":"auto","background-attachment":"scroll","background-type":"","background-media":"","overlay-type":"","overlay-color":"","overlay-opacity":"","overlay-gradient":""},"tablet":{"background-color":"var(--ast-global-color-4)","background-image":"","background-repeat":"repeat","background-position":"center center","background-size":"auto","background-attachment":"scroll","background-type":"","background-media":"","overlay-type":"","overlay-color":"","overlay-opacity":"","overlay-gradient":""},"mobile":{"background-color":"var(--ast-global-color-4)","background-image":"","background-repeat":"repeat","background-position":"center center","background-size":"auto","background-attachment":"scroll","background-type":"","background-media":"","overlay-type":"","overlay-color":"","overlay-opacity":"","overlay-gradient":""}},"_jetpack_memberships_contains_paid_content":false,"footnotes":""},"categories":[7],"tags":[40,45,27,39,25,31,26,29,28],"class_list":["post-29400","post","type-post","status-publish","format-standard","has-post-thumbnail","hentry","category-noticias","tag-camaras-municipais","tag-joao-pessoa-2","tag-pacto-pela-primeira-infancia","tag-prefeituras","tag-primeira-infancia","tag-tce","tag-tce-pb","tag-treinamento-loa","tag-treinamento-ppa"],"yoast_head":"<!-- This site is optimized with the Yoast SEO plugin v27.5 - https:\/\/yoast.com\/product\/yoast-seo-wordpress\/ -->\n<title>Capacita\u00e7\u00e3o do TCE-PB sobre PPA e LOA com foco na Primeira Inf\u00e2ncia come\u00e7a nesta quinta (12), em Jo\u00e3o Pessoa %<\/title>\n<meta name=\"description\" content=\"Capacita\u00e7\u00e3o do TCE-PB sobre PPA e LOA com foco na Primeira Inf\u00e2ncia come\u00e7a nesta quinta (12), em Jo\u00e3o Pessoa %\" \/>\n<meta name=\"robots\" content=\"index, follow, max-snippet:-1, max-image-preview:large, max-video-preview:-1\" \/>\n<link rel=\"canonical\" href=\"https:\/\/tce.pb.gov.br\/portalprimeirainfancia\/capacitacao-do-tce-pb-sobre-ppa-e-loa-com-foco-na-primeira-infancia-comeca-nesta-quinta-12-em-joao-pessoa\/\" \/>\n<meta property=\"og:locale\" content=\"pt_BR\" \/>\n<meta property=\"og:type\" content=\"article\" \/>\n<meta property=\"og:title\" content=\"Capacita\u00e7\u00e3o do TCE-PB sobre PPA e LOA com foco na Primeira Inf\u00e2ncia come\u00e7a nesta quinta (12), em Jo\u00e3o Pessoa %\" \/>\n<meta property=\"og:description\" content=\"Capacita\u00e7\u00e3o do TCE-PB sobre PPA e LOA com foco na Primeira Inf\u00e2ncia come\u00e7a nesta quinta (12), em Jo\u00e3o Pessoa %\" \/>\n<meta property=\"og:url\" content=\"https:\/\/tce.pb.gov.br\/portalprimeirainfancia\/capacitacao-do-tce-pb-sobre-ppa-e-loa-com-foco-na-primeira-infancia-comeca-nesta-quinta-12-em-joao-pessoa\/\" \/>\n<meta property=\"og:site_name\" content=\"Pacto Paraibano pela Primeira Inf\u00e2ncia\" \/>\n<meta property=\"article:published_time\" content=\"2025-06-11T13:26:41+00:00\" \/>\n<meta property=\"article:modified_time\" content=\"2025-06-11T13:30:57+00:00\" \/>\n<meta property=\"og:image\" content=\"https:\/\/tce.pb.gov.br\/portalprimeirainfancia\/wp-content\/uploads\/2025\/06\/Curso-PPA-e-LOA-JP-MAT-1.jpg\" \/>\n\t<meta property=\"og:image:width\" content=\"1920\" \/>\n\t<meta property=\"og:image:height\" content=\"1280\" \/>\n\t<meta property=\"og:image:type\" content=\"image\/jpeg\" \/>\n<meta name=\"author\" content=\"Rafael Massoni\" \/>\n<meta name=\"twitter:card\" content=\"summary_large_image\" \/>\n<meta name=\"twitter:label1\" content=\"Escrito por\" \/>\n\t<meta name=\"twitter:data1\" content=\"Rafael Massoni\" \/>\n\t<meta name=\"twitter:label2\" content=\"Est. tempo de leitura\" \/>\n\t<meta name=\"twitter:data2\" content=\"3 minutos\" \/>\n<script type=\"application\/ld+json\" class=\"yoast-schema-graph\">{\"@context\":\"https:\\\/\\\/schema.org\",\"@graph\":[{\"@type\":\"NewsArticle\",\"@id\":\"https:\\\/\\\/tce.pb.gov.br\\\/portalprimeirainfancia\\\/capacitacao-do-tce-pb-sobre-ppa-e-loa-com-foco-na-primeira-infancia-comeca-nesta-quinta-12-em-joao-pessoa\\\/#article\",\"isPartOf\":{\"@id\":\"https:\\\/\\\/tce.pb.gov.br\\\/portalprimeirainfancia\\\/capacitacao-do-tce-pb-sobre-ppa-e-loa-com-foco-na-primeira-infancia-comeca-nesta-quinta-12-em-joao-pessoa\\\/\"},\"author\":{\"name\":\"Rafael Massoni\",\"@id\":\"https:\\\/\\\/tce.pb.gov.br\\\/portalprimeirainfancia\\\/#\\\/schema\\\/person\\\/6a39eea5836dda604de1c5e5b7d62141\"},\"headline\":\"Capacita\u00e7\u00e3o do TCE-PB sobre PPA e LOA com foco na Primeira Inf\u00e2ncia come\u00e7a nesta quinta (12), em Jo\u00e3o Pessoa\",\"datePublished\":\"2025-06-11T13:26:41+00:00\",\"dateModified\":\"2025-06-11T13:30:57+00:00\",\"mainEntityOfPage\":{\"@id\":\"https:\\\/\\\/tce.pb.gov.br\\\/portalprimeirainfancia\\\/capacitacao-do-tce-pb-sobre-ppa-e-loa-com-foco-na-primeira-infancia-comeca-nesta-quinta-12-em-joao-pessoa\\\/\"},\"wordCount\":415,\"publisher\":{\"@id\":\"https:\\\/\\\/tce.pb.gov.br\\\/portalprimeirainfancia\\\/#organization\"},\"image\":{\"@id\":\"https:\\\/\\\/tce.pb.gov.br\\\/portalprimeirainfancia\\\/capacitacao-do-tce-pb-sobre-ppa-e-loa-com-foco-na-primeira-infancia-comeca-nesta-quinta-12-em-joao-pessoa\\\/#primaryimage\"},\"thumbnailUrl\":\"https:\\\/\\\/tce.pb.gov.br\\\/portalprimeirainfancia\\\/wp-content\\\/uploads\\\/2025\\\/06\\\/Curso-PPA-e-LOA-JP-MAT-1.jpg\",\"keywords\":[\"c\u00e2maras municipais\",\"jo\u00e3o pessoa\",\"pacto pela primeira infancia\",\"prefeituras\",\"primeira infancia\",\"tce\",\"tce-pb\",\"treinamento loa\",\"treinamento ppa\"],\"articleSection\":[\"Not\u00edcias\"],\"inLanguage\":\"pt-BR\"},{\"@type\":\"WebPage\",\"@id\":\"https:\\\/\\\/tce.pb.gov.br\\\/portalprimeirainfancia\\\/capacitacao-do-tce-pb-sobre-ppa-e-loa-com-foco-na-primeira-infancia-comeca-nesta-quinta-12-em-joao-pessoa\\\/\",\"url\":\"https:\\\/\\\/tce.pb.gov.br\\\/portalprimeirainfancia\\\/capacitacao-do-tce-pb-sobre-ppa-e-loa-com-foco-na-primeira-infancia-comeca-nesta-quinta-12-em-joao-pessoa\\\/\",\"name\":\"Capacita\u00e7\u00e3o do TCE-PB sobre PPA e LOA com foco na Primeira Inf\u00e2ncia come\u00e7a nesta quinta (12), em Jo\u00e3o Pessoa %\",\"isPartOf\":{\"@id\":\"https:\\\/\\\/tce.pb.gov.br\\\/portalprimeirainfancia\\\/#website\"},\"primaryImageOfPage\":{\"@id\":\"https:\\\/\\\/tce.pb.gov.br\\\/portalprimeirainfancia\\\/capacitacao-do-tce-pb-sobre-ppa-e-loa-com-foco-na-primeira-infancia-comeca-nesta-quinta-12-em-joao-pessoa\\\/#primaryimage\"},\"image\":{\"@id\":\"https:\\\/\\\/tce.pb.gov.br\\\/portalprimeirainfancia\\\/capacitacao-do-tce-pb-sobre-ppa-e-loa-com-foco-na-primeira-infancia-comeca-nesta-quinta-12-em-joao-pessoa\\\/#primaryimage\"},\"thumbnailUrl\":\"https:\\\/\\\/tce.pb.gov.br\\\/portalprimeirainfancia\\\/wp-content\\\/uploads\\\/2025\\\/06\\\/Curso-PPA-e-LOA-JP-MAT-1.jpg\",\"datePublished\":\"2025-06-11T13:26:41+00:00\",\"dateModified\":\"2025-06-11T13:30:57+00:00\",\"description\":\"Capacita\u00e7\u00e3o do TCE-PB sobre PPA e LOA com foco na Primeira Inf\u00e2ncia come\u00e7a nesta quinta (12), em Jo\u00e3o Pessoa %\",\"breadcrumb\":{\"@id\":\"https:\\\/\\\/tce.pb.gov.br\\\/portalprimeirainfancia\\\/capacitacao-do-tce-pb-sobre-ppa-e-loa-com-foco-na-primeira-infancia-comeca-nesta-quinta-12-em-joao-pessoa\\\/#breadcrumb\"},\"inLanguage\":\"pt-BR\",\"potentialAction\":[{\"@type\":\"ReadAction\",\"target\":[\"https:\\\/\\\/tce.pb.gov.br\\\/portalprimeirainfancia\\\/capacitacao-do-tce-pb-sobre-ppa-e-loa-com-foco-na-primeira-infancia-comeca-nesta-quinta-12-em-joao-pessoa\\\/\"]}]},{\"@type\":\"ImageObject\",\"inLanguage\":\"pt-BR\",\"@id\":\"https:\\\/\\\/tce.pb.gov.br\\\/portalprimeirainfancia\\\/capacitacao-do-tce-pb-sobre-ppa-e-loa-com-foco-na-primeira-infancia-comeca-nesta-quinta-12-em-joao-pessoa\\\/#primaryimage\",\"url\":\"https:\\\/\\\/tce.pb.gov.br\\\/portalprimeirainfancia\\\/wp-content\\\/uploads\\\/2025\\\/06\\\/Curso-PPA-e-LOA-JP-MAT-1.jpg\",\"contentUrl\":\"https:\\\/\\\/tce.pb.gov.br\\\/portalprimeirainfancia\\\/wp-content\\\/uploads\\\/2025\\\/06\\\/Curso-PPA-e-LOA-JP-MAT-1.jpg\",\"width\":1920,\"height\":1280},{\"@type\":\"BreadcrumbList\",\"@id\":\"https:\\\/\\\/tce.pb.gov.br\\\/portalprimeirainfancia\\\/capacitacao-do-tce-pb-sobre-ppa-e-loa-com-foco-na-primeira-infancia-comeca-nesta-quinta-12-em-joao-pessoa\\\/#breadcrumb\",\"itemListElement\":[{\"@type\":\"ListItem\",\"position\":1,\"name\":\"In\u00edcio\",\"item\":\"https:\\\/\\\/tce.pb.gov.br\\\/portalprimeirainfancia\\\/\"},{\"@type\":\"ListItem\",\"position\":2,\"name\":\"Capacita\u00e7\u00e3o do TCE-PB sobre PPA e LOA com foco na Primeira Inf\u00e2ncia come\u00e7a nesta quinta (12), em Jo\u00e3o Pessoa\"}]},{\"@type\":\"WebSite\",\"@id\":\"https:\\\/\\\/tce.pb.gov.br\\\/portalprimeirainfancia\\\/#website\",\"url\":\"https:\\\/\\\/tce.pb.gov.br\\\/portalprimeirainfancia\\\/\",\"name\":\"Pacto Paraibano pela Primeira Inf\u00e2ncia\",\"description\":\"Portal para divulga\u00e7\u00e3o do Pacto Paraibano pela Primeira Inf\u00e2ncia\",\"publisher\":{\"@id\":\"https:\\\/\\\/tce.pb.gov.br\\\/portalprimeirainfancia\\\/#organization\"},\"potentialAction\":[{\"@type\":\"SearchAction\",\"target\":{\"@type\":\"EntryPoint\",\"urlTemplate\":\"https:\\\/\\\/tce.pb.gov.br\\\/portalprimeirainfancia\\\/?s={search_term_string}\"},\"query-input\":{\"@type\":\"PropertyValueSpecification\",\"valueRequired\":true,\"valueName\":\"search_term_string\"}}],\"inLanguage\":\"pt-BR\"},{\"@type\":\"Organization\",\"@id\":\"https:\\\/\\\/tce.pb.gov.br\\\/portalprimeirainfancia\\\/#organization\",\"name\":\"Pacto Paraibano pela Primeira Inf\u00e2ncia\",\"alternateName\":\"TCE-PB\",\"url\":\"https:\\\/\\\/tce.pb.gov.br\\\/portalprimeirainfancia\\\/\",\"logo\":{\"@type\":\"ImageObject\",\"inLanguage\":\"pt-BR\",\"@id\":\"https:\\\/\\\/tce.pb.gov.br\\\/portalprimeirainfancia\\\/#\\\/schema\\\/logo\\\/image\\\/\",\"url\":\"https:\\\/\\\/tce.pb.gov.br\\\/portalprimeirainfancia\\\/wp-content\\\/uploads\\\/2025\\\/05\\\/Pacto-Whatsapp.png\",\"contentUrl\":\"https:\\\/\\\/tce.pb.gov.br\\\/portalprimeirainfancia\\\/wp-content\\\/uploads\\\/2025\\\/05\\\/Pacto-Whatsapp.png\",\"width\":427,\"height\":427,\"caption\":\"Pacto Paraibano pela Primeira Inf\u00e2ncia\"},\"image\":{\"@id\":\"https:\\\/\\\/tce.pb.gov.br\\\/portalprimeirainfancia\\\/#\\\/schema\\\/logo\\\/image\\\/\"},\"sameAs\":[\"https:\\\/\\\/www.instagram.com\\\/tcepb\\\/\"]},{\"@type\":\"Person\",\"@id\":\"https:\\\/\\\/tce.pb.gov.br\\\/portalprimeirainfancia\\\/#\\\/schema\\\/person\\\/6a39eea5836dda604de1c5e5b7d62141\",\"name\":\"Rafael Massoni\"}]}<\/script>\n<!-- \/ Yoast SEO plugin. -->","yoast_head_json":{"title":"Capacita\u00e7\u00e3o do TCE-PB sobre PPA e LOA com foco na Primeira Inf\u00e2ncia come\u00e7a nesta quinta (12), em Jo\u00e3o Pessoa %","description":"Capacita\u00e7\u00e3o do TCE-PB sobre PPA e LOA com foco na Primeira Inf\u00e2ncia come\u00e7a nesta quinta (12), em Jo\u00e3o Pessoa %","robots":{"index":"index","follow":"follow","max-snippet":"max-snippet:-1","max-image-preview":"max-image-preview:large","max-video-preview":"max-video-preview:-1"},"canonical":"https:\/\/tce.pb.gov.br\/portalprimeirainfancia\/capacitacao-do-tce-pb-sobre-ppa-e-loa-com-foco-na-primeira-infancia-comeca-nesta-quinta-12-em-joao-pessoa\/","og_locale":"pt_BR","og_type":"article","og_title":"Capacita\u00e7\u00e3o do TCE-PB sobre PPA e LOA com foco na Primeira Inf\u00e2ncia come\u00e7a nesta quinta (12), em Jo\u00e3o Pessoa %","og_description":"Capacita\u00e7\u00e3o do TCE-PB sobre PPA e LOA com foco na Primeira Inf\u00e2ncia come\u00e7a nesta quinta (12), em Jo\u00e3o Pessoa %","og_url":"https:\/\/tce.pb.gov.br\/portalprimeirainfancia\/capacitacao-do-tce-pb-sobre-ppa-e-loa-com-foco-na-primeira-infancia-comeca-nesta-quinta-12-em-joao-pessoa\/","og_site_name":"Pacto Paraibano pela Primeira Inf\u00e2ncia","article_published_time":"2025-06-11T13:26:41+00:00","article_modified_time":"2025-06-11T13:30:57+00:00","og_image":[{"width":1920,"height":1280,"url":"https:\/\/tce.pb.gov.br\/portalprimeirainfancia\/wp-content\/uploads\/2025\/06\/Curso-PPA-e-LOA-JP-MAT-1.jpg","type":"image\/jpeg"}],"author":"Rafael Massoni","twitter_card":"summary_large_image","twitter_misc":{"Escrito por":"Rafael Massoni","Est. tempo de leitura":"3 minutos"},"schema":{"@context":"https:\/\/schema.org","@graph":[{"@type":"NewsArticle","@id":"https:\/\/tce.pb.gov.br\/portalprimeirainfancia\/capacitacao-do-tce-pb-sobre-ppa-e-loa-com-foco-na-primeira-infancia-comeca-nesta-quinta-12-em-joao-pessoa\/#article","isPartOf":{"@id":"https:\/\/tce.pb.gov.br\/portalprimeirainfancia\/capacitacao-do-tce-pb-sobre-ppa-e-loa-com-foco-na-primeira-infancia-comeca-nesta-quinta-12-em-joao-pessoa\/"},"author":{"name":"Rafael Massoni","@id":"https:\/\/tce.pb.gov.br\/portalprimeirainfancia\/#\/schema\/person\/6a39eea5836dda604de1c5e5b7d62141"},"headline":"Capacita\u00e7\u00e3o do TCE-PB sobre PPA e LOA com foco na Primeira Inf\u00e2ncia come\u00e7a nesta quinta (12), em Jo\u00e3o Pessoa","datePublished":"2025-06-11T13:26:41+00:00","dateModified":"2025-06-11T13:30:57+00:00","mainEntityOfPage":{"@id":"https:\/\/tce.pb.gov.br\/portalprimeirainfancia\/capacitacao-do-tce-pb-sobre-ppa-e-loa-com-foco-na-primeira-infancia-comeca-nesta-quinta-12-em-joao-pessoa\/"},"wordCount":415,"publisher":{"@id":"https:\/\/tce.pb.gov.br\/portalprimeirainfancia\/#organization"},"image":{"@id":"https:\/\/tce.pb.gov.br\/portalprimeirainfancia\/capacitacao-do-tce-pb-sobre-ppa-e-loa-com-foco-na-primeira-infancia-comeca-nesta-quinta-12-em-joao-pessoa\/#primaryimage"},"thumbnailUrl":"https:\/\/tce.pb.gov.br\/portalprimeirainfancia\/wp-content\/uploads\/2025\/06\/Curso-PPA-e-LOA-JP-MAT-1.jpg","keywords":["c\u00e2maras municipais","jo\u00e3o pessoa","pacto pela primeira infancia","prefeituras","primeira infancia","tce","tce-pb","treinamento loa","treinamento ppa"],"articleSection":["Not\u00edcias"],"inLanguage":"pt-BR"},{"@type":"WebPage","@id":"https:\/\/tce.pb.gov.br\/portalprimeirainfancia\/capacitacao-do-tce-pb-sobre-ppa-e-loa-com-foco-na-primeira-infancia-comeca-nesta-quinta-12-em-joao-pessoa\/","url":"https:\/\/tce.pb.gov.br\/portalprimeirainfancia\/capacitacao-do-tce-pb-sobre-ppa-e-loa-com-foco-na-primeira-infancia-comeca-nesta-quinta-12-em-joao-pessoa\/","name":"Capacita\u00e7\u00e3o do TCE-PB sobre PPA e LOA com foco na Primeira Inf\u00e2ncia come\u00e7a nesta quinta (12), em Jo\u00e3o Pessoa %","isPartOf":{"@id":"https:\/\/tce.pb.gov.br\/portalprimeirainfancia\/#website"},"primaryImageOfPage":{"@id":"https:\/\/tce.pb.gov.br\/portalprimeirainfancia\/capacitacao-do-tce-pb-sobre-ppa-e-loa-com-foco-na-primeira-infancia-comeca-nesta-quinta-12-em-joao-pessoa\/#primaryimage"},"image":{"@id":"https:\/\/tce.pb.gov.br\/portalprimeirainfancia\/capacitacao-do-tce-pb-sobre-ppa-e-loa-com-foco-na-primeira-infancia-comeca-nesta-quinta-12-em-joao-pessoa\/#primaryimage"},"thumbnailUrl":"https:\/\/tce.pb.gov.br\/portalprimeirainfancia\/wp-content\/uploads\/2025\/06\/Curso-PPA-e-LOA-JP-MAT-1.jpg","datePublished":"2025-06-11T13:26:41+00:00","dateModified":"2025-06-11T13:30:57+00:00","description":"Capacita\u00e7\u00e3o do TCE-PB sobre PPA e LOA com foco na Primeira Inf\u00e2ncia come\u00e7a nesta quinta (12), em Jo\u00e3o Pessoa %","breadcrumb":{"@id":"https:\/\/tce.pb.gov.br\/portalprimeirainfancia\/capacitacao-do-tce-pb-sobre-ppa-e-loa-com-foco-na-primeira-infancia-comeca-nesta-quinta-12-em-joao-pessoa\/#breadcrumb"},"inLanguage":"pt-BR","potentialAction":[{"@type":"ReadAction","target":["https:\/\/tce.pb.gov.br\/portalprimeirainfancia\/capacitacao-do-tce-pb-sobre-ppa-e-loa-com-foco-na-primeira-infancia-comeca-nesta-quinta-12-em-joao-pessoa\/"]}]},{"@type":"ImageObject","inLanguage":"pt-BR","@id":"https:\/\/tce.pb.gov.br\/portalprimeirainfancia\/capacitacao-do-tce-pb-sobre-ppa-e-loa-com-foco-na-primeira-infancia-comeca-nesta-quinta-12-em-joao-pessoa\/#primaryimage","url":"https:\/\/tce.pb.gov.br\/portalprimeirainfancia\/wp-content\/uploads\/2025\/06\/Curso-PPA-e-LOA-JP-MAT-1.jpg","contentUrl":"https:\/\/tce.pb.gov.br\/portalprimeirainfancia\/wp-content\/uploads\/2025\/06\/Curso-PPA-e-LOA-JP-MAT-1.jpg","width":1920,"height":1280},{"@type":"BreadcrumbList","@id":"https:\/\/tce.pb.gov.br\/portalprimeirainfancia\/capacitacao-do-tce-pb-sobre-ppa-e-loa-com-foco-na-primeira-infancia-comeca-nesta-quinta-12-em-joao-pessoa\/#breadcrumb","itemListElement":[{"@type":"ListItem","position":1,"name":"In\u00edcio","item":"https:\/\/tce.pb.gov.br\/portalprimeirainfancia\/"},{"@type":"ListItem","position":2,"name":"Capacita\u00e7\u00e3o do TCE-PB sobre PPA e LOA com foco na Primeira Inf\u00e2ncia come\u00e7a nesta quinta (12), em Jo\u00e3o Pessoa"}]},{"@type":"WebSite","@id":"https:\/\/tce.pb.gov.br\/portalprimeirainfancia\/#website","url":"https:\/\/tce.pb.gov.br\/portalprimeirainfancia\/","name":"Pacto Paraibano pela Primeira Inf\u00e2ncia","description":"Portal para divulga\u00e7\u00e3o do Pacto Paraibano pela Primeira Inf\u00e2ncia","publisher":{"@id":"https:\/\/tce.pb.gov.br\/portalprimeirainfancia\/#organization"},"potentialAction":[{"@type":"SearchAction","target":{"@type":"EntryPoint","urlTemplate":"https:\/\/tce.pb.gov.br\/portalprimeirainfancia\/?s={search_term_string}"},"query-input":{"@type":"PropertyValueSpecification","valueRequired":true,"valueName":"search_term_string"}}],"inLanguage":"pt-BR"},{"@type":"Organization","@id":"https:\/\/tce.pb.gov.br\/portalprimeirainfancia\/#organization","name":"Pacto Paraibano pela Primeira Inf\u00e2ncia","alternateName":"TCE-PB","url":"https:\/\/tce.pb.gov.br\/portalprimeirainfancia\/","logo":{"@type":"ImageObject","inLanguage":"pt-BR","@id":"https:\/\/tce.pb.gov.br\/portalprimeirainfancia\/#\/schema\/logo\/image\/","url":"https:\/\/tce.pb.gov.br\/portalprimeirainfancia\/wp-content\/uploads\/2025\/05\/Pacto-Whatsapp.png","contentUrl":"https:\/\/tce.pb.gov.br\/portalprimeirainfancia\/wp-content\/uploads\/2025\/05\/Pacto-Whatsapp.png","width":427,"height":427,"caption":"Pacto Paraibano pela Primeira Inf\u00e2ncia"},"image":{"@id":"https:\/\/tce.pb.gov.br\/portalprimeirainfancia\/#\/schema\/logo\/image\/"},"sameAs":["https:\/\/www.instagram.com\/tcepb\/"]},{"@type":"Person","@id":"https:\/\/tce.pb.gov.br\/portalprimeirainfancia\/#\/schema\/person\/6a39eea5836dda604de1c5e5b7d62141","name":"Rafael Massoni"}]}},"jetpack_featured_media_url":"https:\/\/tce.pb.gov.br\/portalprimeirainfancia\/wp-content\/uploads\/2025\/06\/Curso-PPA-e-LOA-JP-MAT-1.jpg","jetpack_sharing_enabled":true,"_links":{"self":[{"href":"https:\/\/tce.pb.gov.br\/portalprimeirainfancia\/wp-json\/wp\/v2\/posts\/29400","targetHints":{"allow":["GET"]}}],"collection":[{"href":"https:\/\/tce.pb.gov.br\/portalprimeirainfancia\/wp-json\/wp\/v2\/posts"}],"about":[{"href":"https:\/\/tce.pb.gov.br\/portalprimeirainfancia\/wp-json\/wp\/v2\/types\/post"}],"author":[{"embeddable":true,"href":"https:\/\/tce.pb.gov.br\/portalprimeirainfancia\/wp-json\/wp\/v2\/users\/6"}],"replies":[{"embeddable":true,"href":"https:\/\/tce.pb.gov.br\/portalprimeirainfancia\/wp-json\/wp\/v2\/comments?post=29400"}],"version-history":[{"count":2,"href":"https:\/\/tce.pb.gov.br\/portalprimeirainfancia\/wp-json\/wp\/v2\/posts\/29400\/revisions"}],"predecessor-version":[{"id":29406,"href":"https:\/\/tce.pb.gov.br\/portalprimeirainfancia\/wp-json\/wp\/v2\/posts\/29400\/revisions\/29406"}],"wp:featuredmedia":[{"embeddable":true,"href":"https:\/\/tce.pb.gov.br\/portalprimeirainfancia\/wp-json\/wp\/v2\/media\/29405"}],"wp:attachment":[{"href":"https:\/\/tce.pb.gov.br\/portalprimeirainfancia\/wp-json\/wp\/v2\/media?parent=29400"}],"wp:term":[{"taxonomy":"category","embeddable":true,"href":"https:\/\/tce.pb.gov.br\/portalprimeirainfancia\/wp-json\/wp\/v2\/categories?post=29400"},{"taxonomy":"post_tag","embeddable":true,"href":"https:\/\/tce.pb.gov.br\/portalprimeirainfancia\/wp-json\/wp\/v2\/tags?post=29400"}],"curies":[{"name":"wp","href":"https:\/\/api.w.org\/{rel}","templated":true}]}}