{"id":29396,"date":"2025-06-04T12:10:59","date_gmt":"2025-06-04T15:10:59","guid":{"rendered":"https:\/\/tce.pb.gov.br\/portalprimeirainfancia\/?p=29396"},"modified":"2025-06-04T12:11:00","modified_gmt":"2025-06-04T15:11:00","slug":"tce-pb-promove-etapa-final-de-capacitacao-sobre-ppa-e-loa-com-foco-na-primeira-infancia-nos-dias-12-e-13-de-junho","status":"publish","type":"post","link":"https:\/\/tce.pb.gov.br\/portalprimeirainfancia\/tce-pb-promove-etapa-final-de-capacitacao-sobre-ppa-e-loa-com-foco-na-primeira-infancia-nos-dias-12-e-13-de-junho\/","title":{"rendered":"TCE-PB promove etapa final de capacita\u00e7\u00e3o sobre PPA e LOA com foco na primeira inf\u00e2ncia nos dias 12 e 13 de junho"},"content":{"rendered":"\n<figure class=\"wp-block-image aligncenter size-large\"><img fetchpriority=\"high\" decoding=\"async\" width=\"1024\" height=\"683\" src=\"https:\/\/tce.pb.gov.br\/portalprimeirainfancia\/wp-content\/uploads\/2025\/06\/image-1024x683.png\" alt=\"\" class=\"wp-image-29397\" srcset=\"https:\/\/tce.pb.gov.br\/portalprimeirainfancia\/wp-content\/uploads\/2025\/06\/image-1024x683.png 1024w, https:\/\/tce.pb.gov.br\/portalprimeirainfancia\/wp-content\/uploads\/2025\/06\/image-300x200.png 300w, https:\/\/tce.pb.gov.br\/portalprimeirainfancia\/wp-content\/uploads\/2025\/06\/image-768x512.png 768w, https:\/\/tce.pb.gov.br\/portalprimeirainfancia\/wp-content\/uploads\/2025\/06\/image-1536x1024.png 1536w, https:\/\/tce.pb.gov.br\/portalprimeirainfancia\/wp-content\/uploads\/2025\/06\/image.png 1920w\" sizes=\"(max-width: 1024px) 100vw, 1024px\" \/><\/figure>\n\n\n\n<p>O Tribunal de Contas do Estado da Para\u00edba (TCE-PB) realiza, nos dias 12 e 13 de junho, em Jo\u00e3o Pessoa, a \u00faltima etapa do ciclo de capacita\u00e7\u00f5es presenciais sobre o Plano Plurianual (PPA) e a Lei Or\u00e7ament\u00e1ria Anual (LOA), com \u00eanfase na constru\u00e7\u00e3o de pol\u00edticas p\u00fablicas voltadas \u00e0 primeira inf\u00e2ncia. As inscri\u00e7\u00f5es est\u00e3o abertas e podem ser realizadas por meio do link:&nbsp;<a href=\"http:\/\/tiny.cc\/ppaeloa\">http:\/\/tiny.cc\/ppaeloa<\/a>.<\/p>\n\n\n\n<p>O evento, que acontecer\u00e1 no Centro Cultural Ariano Suassuna, na sede do TCE-PB, contar\u00e1 com a presen\u00e7a de prefeitos, secret\u00e1rios e t\u00e9cnicos das \u00e1reas de planejamento, finan\u00e7as e desenvolvimento infantil. A abertura oficial ser\u00e1 feita pelo presidente do TCE-PB, conselheiro F\u00e1bio Nogueira.<\/p>\n\n\n\n<p>A capacita\u00e7\u00e3o marca o encerramento de um circuito estadual que passou por Patos, Cajazeiras, Monteiro e Campina Grande, reunindo mais de 400 participantes entre gestores, t\u00e9cnicos e representantes municipais. A a\u00e7\u00e3o \u00e9 promovida pela Comiss\u00e3o da Primeira Inf\u00e2ncia do TCE-PB e reafirma o compromisso da institui\u00e7\u00e3o com o cuidado integral \u00e0s crian\u00e7as de 0 a 6 anos.<\/p>\n\n\n\n<p>Com carga hor\u00e1ria de 12 horas-aula, o curso ser\u00e1 ministrado pelo auditor de controle externo Luzemar Martins. A forma\u00e7\u00e3o oferecer\u00e1 uma imers\u00e3o pr\u00e1tica nos fundamentos da gest\u00e3o or\u00e7ament\u00e1ria com foco social, al\u00e9m de disponibilizar aos participantes a Matriz de Planejamento da Auditoria Operacional sobre a Primeira Inf\u00e2ncia \u2014 ferramenta estrat\u00e9gica para planejar, monitorar e aprimorar a\u00e7\u00f5es voltadas \u00e0 garantia dos direitos das crian\u00e7as desde os primeiros anos de vida.<\/p>\n\n\n\n<p>A etapa de Jo\u00e3o Pessoa mobiliza representantes de mais de 30 munic\u00edpios da regi\u00e3o metropolitana e do litoral norte paraibano, como Alhandra, Ba\u00eda da Trai\u00e7\u00e3o, Bayeux, Caapor\u00e3, Cabedelo, Capim, Conde, Cruz do Esp\u00edrito Santo, Cuit\u00e9 de Mamanguape, Curral de Cima, Itapororoca, Jacara\u00fa, Juripiranga, Lucena, Mamanguape, Marca\u00e7\u00e3o, Mari, Mataraca, Pedras de Fogo, Pedro R\u00e9gis, Pilar, Pitimbu, Riach\u00e3o do Po\u00e7o, Rio Tinto, Santa Rita, S\u00e3o Jos\u00e9 dos Ramos, S\u00e3o Miguel de Taipu, Sap\u00e9 e Sobrado.<\/p>\n\n\n\n<p>O TCE-PB celebra a ades\u00e3o de mais de 30 prefeituras e c\u00e2maras municipais ao compromisso de priorizar a inf\u00e2ncia em suas pol\u00edticas p\u00fablicas. Todas as informa\u00e7\u00f5es e esclarecimentos sobre o Pacto Paraibano pela Primeira Inf\u00e2ncia est\u00e3o dispon\u00edveis no Portal da Primeira Inf\u00e2ncia:&nbsp;<a href=\"https:\/\/tce.pb.gov.br\/portalprimeirainfancia\/\">https:\/\/tce.pb.gov.br\/portalprimeirainfancia\/<\/a><\/p>\n","protected":false},"excerpt":{"rendered":"<p>O Tribunal de Contas do Estado da Para\u00edba (TCE-PB) realiza, nos dias 12 e 13 de junho, em Jo\u00e3o Pessoa, [&hellip;]<\/p>\n","protected":false},"author":6,"featured_media":29397,"comment_status":"closed","ping_status":"closed","sticky":false,"template":"","format":"standard","meta":{"site-sidebar-layout":"default","site-content-layout":"","ast-site-content-layout":"","site-content-style":"default","site-sidebar-style":"default","ast-global-header-display":"","ast-banner-title-visibility":"","ast-main-header-display":"","ast-hfb-above-header-display":"","ast-hfb-below-header-display":"","ast-hfb-mobile-header-display":"","site-post-title":"","ast-breadcrumbs-content":"","ast-featured-img":"","footer-sml-layout":"","theme-transparent-header-meta":"","adv-header-id-meta":"","stick-header-meta":"","header-above-stick-meta":"","header-main-stick-meta":"","header-below-stick-meta":"","astra-migrate-meta-layouts":"default","ast-page-background-enabled":"default","ast-page-background-meta":{"desktop":{"background-color":"var(--ast-global-color-5)","background-image":"","background-repeat":"repeat","background-position":"center center","background-size":"auto","background-attachment":"scroll","background-type":"","background-media":"","overlay-type":"","overlay-color":"","overlay-opacity":"","overlay-gradient":""},"tablet":{"background-color":"","background-image":"","background-repeat":"repeat","background-position":"center center","background-size":"auto","background-attachment":"scroll","background-type":"","background-media":"","overlay-type":"","overlay-color":"","overlay-opacity":"","overlay-gradient":""},"mobile":{"background-color":"","background-image":"","background-repeat":"repeat","background-position":"center center","background-size":"auto","background-attachment":"scroll","background-type":"","background-media":"","overlay-type":"","overlay-color":"","overlay-opacity":"","overlay-gradient":""}},"ast-content-background-meta":{"desktop":{"background-color":"var(--ast-global-color-4)","background-image":"","background-repeat":"repeat","background-position":"center center","background-size":"auto","background-attachment":"scroll","background-type":"","background-media":"","overlay-type":"","overlay-color":"","overlay-opacity":"","overlay-gradient":""},"tablet":{"background-color":"var(--ast-global-color-4)","background-image":"","background-repeat":"repeat","background-position":"center center","background-size":"auto","background-attachment":"scroll","background-type":"","background-media":"","overlay-type":"","overlay-color":"","overlay-opacity":"","overlay-gradient":""},"mobile":{"background-color":"var(--ast-global-color-4)","background-image":"","background-repeat":"repeat","background-position":"center center","background-size":"auto","background-attachment":"scroll","background-type":"","background-media":"","overlay-type":"","overlay-color":"","overlay-opacity":"","overlay-gradient":""}},"_jetpack_memberships_contains_paid_content":false,"footnotes":""},"categories":[7],"tags":[44,27,25,31,26,29,28],"class_list":["post-29396","post","type-post","status-publish","format-standard","has-post-thumbnail","hentry","category-noticias","tag-joao-pessoa","tag-pacto-pela-primeira-infancia","tag-primeira-infancia","tag-tce","tag-tce-pb","tag-treinamento-loa","tag-treinamento-ppa"],"yoast_head":"<!-- This site is optimized with the Yoast SEO plugin v27.5 - https:\/\/yoast.com\/product\/yoast-seo-wordpress\/ -->\n<title>TCE-PB promove etapa final de capacita\u00e7\u00e3o sobre PPA e LOA com foco na primeira inf\u00e2ncia nos dias 12 e 13 de junho %<\/title>\n<meta name=\"description\" content=\"O Tribunal de Contas do Estado da Para\u00edba (TCE-PB) realiza, nos dias 12 e 13 de junho, em Jo\u00e3o Pessoa, a \u00faltima etapa do ciclo de capacita\u00e7\u00f5es presenciais sobre o Plano Plurianual (PPA) e a Lei Or\u00e7ament\u00e1ria Anual (LOA), com \u00eanfase na constru\u00e7\u00e3o de pol\u00edticas p\u00fablicas voltadas \u00e0 primeira inf\u00e2ncia\" \/>\n<meta name=\"robots\" content=\"index, follow, max-snippet:-1, max-image-preview:large, max-video-preview:-1\" \/>\n<link rel=\"canonical\" href=\"https:\/\/tce.pb.gov.br\/portalprimeirainfancia\/tce-pb-promove-etapa-final-de-capacitacao-sobre-ppa-e-loa-com-foco-na-primeira-infancia-nos-dias-12-e-13-de-junho\/\" \/>\n<meta property=\"og:locale\" content=\"pt_BR\" \/>\n<meta property=\"og:type\" content=\"article\" \/>\n<meta property=\"og:title\" content=\"TCE-PB promove etapa final de capacita\u00e7\u00e3o sobre PPA e LOA com foco na primeira inf\u00e2ncia nos dias 12 e 13 de junho\" \/>\n<meta property=\"og:description\" content=\"O Tribunal de Contas do Estado da Para\u00edba (TCE-PB) realiza, nos dias 12 e 13 de junho, em Jo\u00e3o Pessoa, a \u00faltima etapa do ciclo de capacita\u00e7\u00f5es presenciais sobre o Plano Plurianual (PPA) e a Lei Or\u00e7ament\u00e1ria Anual (LOA), com \u00eanfase na constru\u00e7\u00e3o de pol\u00edticas p\u00fablicas voltadas \u00e0 primeira inf\u00e2ncia\" \/>\n<meta property=\"og:url\" content=\"https:\/\/tce.pb.gov.br\/portalprimeirainfancia\/tce-pb-promove-etapa-final-de-capacitacao-sobre-ppa-e-loa-com-foco-na-primeira-infancia-nos-dias-12-e-13-de-junho\/\" \/>\n<meta property=\"og:site_name\" content=\"Pacto Paraibano pela Primeira Inf\u00e2ncia\" \/>\n<meta property=\"article:published_time\" content=\"2025-06-04T15:10:59+00:00\" \/>\n<meta property=\"article:modified_time\" content=\"2025-06-04T15:11:00+00:00\" \/>\n<meta property=\"og:image\" content=\"https:\/\/tce.pb.gov.br\/portalprimeirainfancia\/wp-content\/uploads\/2025\/06\/image.png\" \/>\n\t<meta property=\"og:image:width\" content=\"1920\" \/>\n\t<meta property=\"og:image:height\" content=\"1280\" \/>\n\t<meta property=\"og:image:type\" content=\"image\/png\" \/>\n<meta name=\"author\" content=\"Rafael Massoni\" \/>\n<meta name=\"twitter:card\" content=\"summary_large_image\" \/>\n<meta name=\"twitter:label1\" content=\"Escrito por\" \/>\n\t<meta name=\"twitter:data1\" content=\"Rafael Massoni\" \/>\n\t<meta name=\"twitter:label2\" content=\"Est. tempo de leitura\" \/>\n\t<meta name=\"twitter:data2\" content=\"3 minutos\" \/>\n<script type=\"application\/ld+json\" class=\"yoast-schema-graph\">{\"@context\":\"https:\\\/\\\/schema.org\",\"@graph\":[{\"@type\":\"NewsArticle\",\"@id\":\"https:\\\/\\\/tce.pb.gov.br\\\/portalprimeirainfancia\\\/tce-pb-promove-etapa-final-de-capacitacao-sobre-ppa-e-loa-com-foco-na-primeira-infancia-nos-dias-12-e-13-de-junho\\\/#article\",\"isPartOf\":{\"@id\":\"https:\\\/\\\/tce.pb.gov.br\\\/portalprimeirainfancia\\\/tce-pb-promove-etapa-final-de-capacitacao-sobre-ppa-e-loa-com-foco-na-primeira-infancia-nos-dias-12-e-13-de-junho\\\/\"},\"author\":{\"name\":\"Rafael Massoni\",\"@id\":\"https:\\\/\\\/tce.pb.gov.br\\\/portalprimeirainfancia\\\/#\\\/schema\\\/person\\\/6a39eea5836dda604de1c5e5b7d62141\"},\"headline\":\"TCE-PB promove etapa final de capacita\u00e7\u00e3o sobre PPA e LOA com foco na primeira inf\u00e2ncia nos dias 12 e 13 de junho\",\"datePublished\":\"2025-06-04T15:10:59+00:00\",\"dateModified\":\"2025-06-04T15:11:00+00:00\",\"mainEntityOfPage\":{\"@id\":\"https:\\\/\\\/tce.pb.gov.br\\\/portalprimeirainfancia\\\/tce-pb-promove-etapa-final-de-capacitacao-sobre-ppa-e-loa-com-foco-na-primeira-infancia-nos-dias-12-e-13-de-junho\\\/\"},\"wordCount\":424,\"publisher\":{\"@id\":\"https:\\\/\\\/tce.pb.gov.br\\\/portalprimeirainfancia\\\/#organization\"},\"image\":{\"@id\":\"https:\\\/\\\/tce.pb.gov.br\\\/portalprimeirainfancia\\\/tce-pb-promove-etapa-final-de-capacitacao-sobre-ppa-e-loa-com-foco-na-primeira-infancia-nos-dias-12-e-13-de-junho\\\/#primaryimage\"},\"thumbnailUrl\":\"https:\\\/\\\/tce.pb.gov.br\\\/portalprimeirainfancia\\\/wp-content\\\/uploads\\\/2025\\\/06\\\/image.png\",\"keywords\":[\"joao pessoa\",\"pacto pela primeira infancia\",\"primeira infancia\",\"tce\",\"tce-pb\",\"treinamento loa\",\"treinamento ppa\"],\"articleSection\":[\"Not\u00edcias\"],\"inLanguage\":\"pt-BR\"},{\"@type\":\"WebPage\",\"@id\":\"https:\\\/\\\/tce.pb.gov.br\\\/portalprimeirainfancia\\\/tce-pb-promove-etapa-final-de-capacitacao-sobre-ppa-e-loa-com-foco-na-primeira-infancia-nos-dias-12-e-13-de-junho\\\/\",\"url\":\"https:\\\/\\\/tce.pb.gov.br\\\/portalprimeirainfancia\\\/tce-pb-promove-etapa-final-de-capacitacao-sobre-ppa-e-loa-com-foco-na-primeira-infancia-nos-dias-12-e-13-de-junho\\\/\",\"name\":\"TCE-PB promove etapa final de capacita\u00e7\u00e3o sobre PPA e LOA com foco na primeira inf\u00e2ncia nos dias 12 e 13 de junho %\",\"isPartOf\":{\"@id\":\"https:\\\/\\\/tce.pb.gov.br\\\/portalprimeirainfancia\\\/#website\"},\"primaryImageOfPage\":{\"@id\":\"https:\\\/\\\/tce.pb.gov.br\\\/portalprimeirainfancia\\\/tce-pb-promove-etapa-final-de-capacitacao-sobre-ppa-e-loa-com-foco-na-primeira-infancia-nos-dias-12-e-13-de-junho\\\/#primaryimage\"},\"image\":{\"@id\":\"https:\\\/\\\/tce.pb.gov.br\\\/portalprimeirainfancia\\\/tce-pb-promove-etapa-final-de-capacitacao-sobre-ppa-e-loa-com-foco-na-primeira-infancia-nos-dias-12-e-13-de-junho\\\/#primaryimage\"},\"thumbnailUrl\":\"https:\\\/\\\/tce.pb.gov.br\\\/portalprimeirainfancia\\\/wp-content\\\/uploads\\\/2025\\\/06\\\/image.png\",\"datePublished\":\"2025-06-04T15:10:59+00:00\",\"dateModified\":\"2025-06-04T15:11:00+00:00\",\"description\":\"O Tribunal de Contas do Estado da Para\u00edba (TCE-PB) realiza, nos dias 12 e 13 de junho, em Jo\u00e3o Pessoa, a \u00faltima etapa do ciclo de capacita\u00e7\u00f5es presenciais sobre o Plano Plurianual (PPA) e a Lei Or\u00e7ament\u00e1ria Anual (LOA), com \u00eanfase na constru\u00e7\u00e3o de pol\u00edticas p\u00fablicas voltadas \u00e0 primeira inf\u00e2ncia\",\"breadcrumb\":{\"@id\":\"https:\\\/\\\/tce.pb.gov.br\\\/portalprimeirainfancia\\\/tce-pb-promove-etapa-final-de-capacitacao-sobre-ppa-e-loa-com-foco-na-primeira-infancia-nos-dias-12-e-13-de-junho\\\/#breadcrumb\"},\"inLanguage\":\"pt-BR\",\"potentialAction\":[{\"@type\":\"ReadAction\",\"target\":[\"https:\\\/\\\/tce.pb.gov.br\\\/portalprimeirainfancia\\\/tce-pb-promove-etapa-final-de-capacitacao-sobre-ppa-e-loa-com-foco-na-primeira-infancia-nos-dias-12-e-13-de-junho\\\/\"]}]},{\"@type\":\"ImageObject\",\"inLanguage\":\"pt-BR\",\"@id\":\"https:\\\/\\\/tce.pb.gov.br\\\/portalprimeirainfancia\\\/tce-pb-promove-etapa-final-de-capacitacao-sobre-ppa-e-loa-com-foco-na-primeira-infancia-nos-dias-12-e-13-de-junho\\\/#primaryimage\",\"url\":\"https:\\\/\\\/tce.pb.gov.br\\\/portalprimeirainfancia\\\/wp-content\\\/uploads\\\/2025\\\/06\\\/image.png\",\"contentUrl\":\"https:\\\/\\\/tce.pb.gov.br\\\/portalprimeirainfancia\\\/wp-content\\\/uploads\\\/2025\\\/06\\\/image.png\",\"width\":1920,\"height\":1280},{\"@type\":\"BreadcrumbList\",\"@id\":\"https:\\\/\\\/tce.pb.gov.br\\\/portalprimeirainfancia\\\/tce-pb-promove-etapa-final-de-capacitacao-sobre-ppa-e-loa-com-foco-na-primeira-infancia-nos-dias-12-e-13-de-junho\\\/#breadcrumb\",\"itemListElement\":[{\"@type\":\"ListItem\",\"position\":1,\"name\":\"In\u00edcio\",\"item\":\"https:\\\/\\\/tce.pb.gov.br\\\/portalprimeirainfancia\\\/\"},{\"@type\":\"ListItem\",\"position\":2,\"name\":\"TCE-PB promove etapa final de capacita\u00e7\u00e3o sobre PPA e LOA com foco na primeira inf\u00e2ncia nos dias 12 e 13 de junho\"}]},{\"@type\":\"WebSite\",\"@id\":\"https:\\\/\\\/tce.pb.gov.br\\\/portalprimeirainfancia\\\/#website\",\"url\":\"https:\\\/\\\/tce.pb.gov.br\\\/portalprimeirainfancia\\\/\",\"name\":\"Pacto Paraibano pela Primeira Inf\u00e2ncia\",\"description\":\"Portal para divulga\u00e7\u00e3o do Pacto Paraibano pela Primeira Inf\u00e2ncia\",\"publisher\":{\"@id\":\"https:\\\/\\\/tce.pb.gov.br\\\/portalprimeirainfancia\\\/#organization\"},\"potentialAction\":[{\"@type\":\"SearchAction\",\"target\":{\"@type\":\"EntryPoint\",\"urlTemplate\":\"https:\\\/\\\/tce.pb.gov.br\\\/portalprimeirainfancia\\\/?s={search_term_string}\"},\"query-input\":{\"@type\":\"PropertyValueSpecification\",\"valueRequired\":true,\"valueName\":\"search_term_string\"}}],\"inLanguage\":\"pt-BR\"},{\"@type\":\"Organization\",\"@id\":\"https:\\\/\\\/tce.pb.gov.br\\\/portalprimeirainfancia\\\/#organization\",\"name\":\"Pacto Paraibano pela Primeira Inf\u00e2ncia\",\"alternateName\":\"TCE-PB\",\"url\":\"https:\\\/\\\/tce.pb.gov.br\\\/portalprimeirainfancia\\\/\",\"logo\":{\"@type\":\"ImageObject\",\"inLanguage\":\"pt-BR\",\"@id\":\"https:\\\/\\\/tce.pb.gov.br\\\/portalprimeirainfancia\\\/#\\\/schema\\\/logo\\\/image\\\/\",\"url\":\"https:\\\/\\\/tce.pb.gov.br\\\/portalprimeirainfancia\\\/wp-content\\\/uploads\\\/2025\\\/05\\\/Pacto-Whatsapp.png\",\"contentUrl\":\"https:\\\/\\\/tce.pb.gov.br\\\/portalprimeirainfancia\\\/wp-content\\\/uploads\\\/2025\\\/05\\\/Pacto-Whatsapp.png\",\"width\":427,\"height\":427,\"caption\":\"Pacto Paraibano pela Primeira Inf\u00e2ncia\"},\"image\":{\"@id\":\"https:\\\/\\\/tce.pb.gov.br\\\/portalprimeirainfancia\\\/#\\\/schema\\\/logo\\\/image\\\/\"},\"sameAs\":[\"https:\\\/\\\/www.instagram.com\\\/tcepb\\\/\"]},{\"@type\":\"Person\",\"@id\":\"https:\\\/\\\/tce.pb.gov.br\\\/portalprimeirainfancia\\\/#\\\/schema\\\/person\\\/6a39eea5836dda604de1c5e5b7d62141\",\"name\":\"Rafael Massoni\"}]}<\/script>\n<!-- \/ Yoast SEO plugin. -->","yoast_head_json":{"title":"TCE-PB promove etapa final de capacita\u00e7\u00e3o sobre PPA e LOA com foco na primeira inf\u00e2ncia nos dias 12 e 13 de junho %","description":"O Tribunal de Contas do Estado da Para\u00edba (TCE-PB) realiza, nos dias 12 e 13 de junho, em Jo\u00e3o Pessoa, a \u00faltima etapa do ciclo de capacita\u00e7\u00f5es presenciais sobre o Plano Plurianual (PPA) e a Lei Or\u00e7ament\u00e1ria Anual (LOA), com \u00eanfase na constru\u00e7\u00e3o de pol\u00edticas p\u00fablicas voltadas \u00e0 primeira inf\u00e2ncia","robots":{"index":"index","follow":"follow","max-snippet":"max-snippet:-1","max-image-preview":"max-image-preview:large","max-video-preview":"max-video-preview:-1"},"canonical":"https:\/\/tce.pb.gov.br\/portalprimeirainfancia\/tce-pb-promove-etapa-final-de-capacitacao-sobre-ppa-e-loa-com-foco-na-primeira-infancia-nos-dias-12-e-13-de-junho\/","og_locale":"pt_BR","og_type":"article","og_title":"TCE-PB promove etapa final de capacita\u00e7\u00e3o sobre PPA e LOA com foco na primeira inf\u00e2ncia nos dias 12 e 13 de junho","og_description":"O Tribunal de Contas do Estado da Para\u00edba (TCE-PB) realiza, nos dias 12 e 13 de junho, em Jo\u00e3o Pessoa, a \u00faltima etapa do ciclo de capacita\u00e7\u00f5es presenciais sobre o Plano Plurianual (PPA) e a Lei Or\u00e7ament\u00e1ria Anual (LOA), com \u00eanfase na constru\u00e7\u00e3o de pol\u00edticas p\u00fablicas voltadas \u00e0 primeira inf\u00e2ncia","og_url":"https:\/\/tce.pb.gov.br\/portalprimeirainfancia\/tce-pb-promove-etapa-final-de-capacitacao-sobre-ppa-e-loa-com-foco-na-primeira-infancia-nos-dias-12-e-13-de-junho\/","og_site_name":"Pacto Paraibano pela Primeira Inf\u00e2ncia","article_published_time":"2025-06-04T15:10:59+00:00","article_modified_time":"2025-06-04T15:11:00+00:00","og_image":[{"width":1920,"height":1280,"url":"https:\/\/tce.pb.gov.br\/portalprimeirainfancia\/wp-content\/uploads\/2025\/06\/image.png","type":"image\/png"}],"author":"Rafael Massoni","twitter_card":"summary_large_image","twitter_misc":{"Escrito por":"Rafael Massoni","Est. tempo de leitura":"3 minutos"},"schema":{"@context":"https:\/\/schema.org","@graph":[{"@type":"NewsArticle","@id":"https:\/\/tce.pb.gov.br\/portalprimeirainfancia\/tce-pb-promove-etapa-final-de-capacitacao-sobre-ppa-e-loa-com-foco-na-primeira-infancia-nos-dias-12-e-13-de-junho\/#article","isPartOf":{"@id":"https:\/\/tce.pb.gov.br\/portalprimeirainfancia\/tce-pb-promove-etapa-final-de-capacitacao-sobre-ppa-e-loa-com-foco-na-primeira-infancia-nos-dias-12-e-13-de-junho\/"},"author":{"name":"Rafael Massoni","@id":"https:\/\/tce.pb.gov.br\/portalprimeirainfancia\/#\/schema\/person\/6a39eea5836dda604de1c5e5b7d62141"},"headline":"TCE-PB promove etapa final de capacita\u00e7\u00e3o sobre PPA e LOA com foco na primeira inf\u00e2ncia nos dias 12 e 13 de junho","datePublished":"2025-06-04T15:10:59+00:00","dateModified":"2025-06-04T15:11:00+00:00","mainEntityOfPage":{"@id":"https:\/\/tce.pb.gov.br\/portalprimeirainfancia\/tce-pb-promove-etapa-final-de-capacitacao-sobre-ppa-e-loa-com-foco-na-primeira-infancia-nos-dias-12-e-13-de-junho\/"},"wordCount":424,"publisher":{"@id":"https:\/\/tce.pb.gov.br\/portalprimeirainfancia\/#organization"},"image":{"@id":"https:\/\/tce.pb.gov.br\/portalprimeirainfancia\/tce-pb-promove-etapa-final-de-capacitacao-sobre-ppa-e-loa-com-foco-na-primeira-infancia-nos-dias-12-e-13-de-junho\/#primaryimage"},"thumbnailUrl":"https:\/\/tce.pb.gov.br\/portalprimeirainfancia\/wp-content\/uploads\/2025\/06\/image.png","keywords":["joao pessoa","pacto pela primeira infancia","primeira infancia","tce","tce-pb","treinamento loa","treinamento ppa"],"articleSection":["Not\u00edcias"],"inLanguage":"pt-BR"},{"@type":"WebPage","@id":"https:\/\/tce.pb.gov.br\/portalprimeirainfancia\/tce-pb-promove-etapa-final-de-capacitacao-sobre-ppa-e-loa-com-foco-na-primeira-infancia-nos-dias-12-e-13-de-junho\/","url":"https:\/\/tce.pb.gov.br\/portalprimeirainfancia\/tce-pb-promove-etapa-final-de-capacitacao-sobre-ppa-e-loa-com-foco-na-primeira-infancia-nos-dias-12-e-13-de-junho\/","name":"TCE-PB promove etapa final de capacita\u00e7\u00e3o sobre PPA e LOA com foco na primeira inf\u00e2ncia nos dias 12 e 13 de junho %","isPartOf":{"@id":"https:\/\/tce.pb.gov.br\/portalprimeirainfancia\/#website"},"primaryImageOfPage":{"@id":"https:\/\/tce.pb.gov.br\/portalprimeirainfancia\/tce-pb-promove-etapa-final-de-capacitacao-sobre-ppa-e-loa-com-foco-na-primeira-infancia-nos-dias-12-e-13-de-junho\/#primaryimage"},"image":{"@id":"https:\/\/tce.pb.gov.br\/portalprimeirainfancia\/tce-pb-promove-etapa-final-de-capacitacao-sobre-ppa-e-loa-com-foco-na-primeira-infancia-nos-dias-12-e-13-de-junho\/#primaryimage"},"thumbnailUrl":"https:\/\/tce.pb.gov.br\/portalprimeirainfancia\/wp-content\/uploads\/2025\/06\/image.png","datePublished":"2025-06-04T15:10:59+00:00","dateModified":"2025-06-04T15:11:00+00:00","description":"O Tribunal de Contas do Estado da Para\u00edba (TCE-PB) realiza, nos dias 12 e 13 de junho, em Jo\u00e3o Pessoa, a \u00faltima etapa do ciclo de capacita\u00e7\u00f5es presenciais sobre o Plano Plurianual (PPA) e a Lei Or\u00e7ament\u00e1ria Anual (LOA), com \u00eanfase na constru\u00e7\u00e3o de pol\u00edticas p\u00fablicas voltadas \u00e0 primeira inf\u00e2ncia","breadcrumb":{"@id":"https:\/\/tce.pb.gov.br\/portalprimeirainfancia\/tce-pb-promove-etapa-final-de-capacitacao-sobre-ppa-e-loa-com-foco-na-primeira-infancia-nos-dias-12-e-13-de-junho\/#breadcrumb"},"inLanguage":"pt-BR","potentialAction":[{"@type":"ReadAction","target":["https:\/\/tce.pb.gov.br\/portalprimeirainfancia\/tce-pb-promove-etapa-final-de-capacitacao-sobre-ppa-e-loa-com-foco-na-primeira-infancia-nos-dias-12-e-13-de-junho\/"]}]},{"@type":"ImageObject","inLanguage":"pt-BR","@id":"https:\/\/tce.pb.gov.br\/portalprimeirainfancia\/tce-pb-promove-etapa-final-de-capacitacao-sobre-ppa-e-loa-com-foco-na-primeira-infancia-nos-dias-12-e-13-de-junho\/#primaryimage","url":"https:\/\/tce.pb.gov.br\/portalprimeirainfancia\/wp-content\/uploads\/2025\/06\/image.png","contentUrl":"https:\/\/tce.pb.gov.br\/portalprimeirainfancia\/wp-content\/uploads\/2025\/06\/image.png","width":1920,"height":1280},{"@type":"BreadcrumbList","@id":"https:\/\/tce.pb.gov.br\/portalprimeirainfancia\/tce-pb-promove-etapa-final-de-capacitacao-sobre-ppa-e-loa-com-foco-na-primeira-infancia-nos-dias-12-e-13-de-junho\/#breadcrumb","itemListElement":[{"@type":"ListItem","position":1,"name":"In\u00edcio","item":"https:\/\/tce.pb.gov.br\/portalprimeirainfancia\/"},{"@type":"ListItem","position":2,"name":"TCE-PB promove etapa final de capacita\u00e7\u00e3o sobre PPA e LOA com foco na primeira inf\u00e2ncia nos dias 12 e 13 de junho"}]},{"@type":"WebSite","@id":"https:\/\/tce.pb.gov.br\/portalprimeirainfancia\/#website","url":"https:\/\/tce.pb.gov.br\/portalprimeirainfancia\/","name":"Pacto Paraibano pela Primeira Inf\u00e2ncia","description":"Portal para divulga\u00e7\u00e3o do Pacto Paraibano pela Primeira Inf\u00e2ncia","publisher":{"@id":"https:\/\/tce.pb.gov.br\/portalprimeirainfancia\/#organization"},"potentialAction":[{"@type":"SearchAction","target":{"@type":"EntryPoint","urlTemplate":"https:\/\/tce.pb.gov.br\/portalprimeirainfancia\/?s={search_term_string}"},"query-input":{"@type":"PropertyValueSpecification","valueRequired":true,"valueName":"search_term_string"}}],"inLanguage":"pt-BR"},{"@type":"Organization","@id":"https:\/\/tce.pb.gov.br\/portalprimeirainfancia\/#organization","name":"Pacto Paraibano pela Primeira Inf\u00e2ncia","alternateName":"TCE-PB","url":"https:\/\/tce.pb.gov.br\/portalprimeirainfancia\/","logo":{"@type":"ImageObject","inLanguage":"pt-BR","@id":"https:\/\/tce.pb.gov.br\/portalprimeirainfancia\/#\/schema\/logo\/image\/","url":"https:\/\/tce.pb.gov.br\/portalprimeirainfancia\/wp-content\/uploads\/2025\/05\/Pacto-Whatsapp.png","contentUrl":"https:\/\/tce.pb.gov.br\/portalprimeirainfancia\/wp-content\/uploads\/2025\/05\/Pacto-Whatsapp.png","width":427,"height":427,"caption":"Pacto Paraibano pela Primeira Inf\u00e2ncia"},"image":{"@id":"https:\/\/tce.pb.gov.br\/portalprimeirainfancia\/#\/schema\/logo\/image\/"},"sameAs":["https:\/\/www.instagram.com\/tcepb\/"]},{"@type":"Person","@id":"https:\/\/tce.pb.gov.br\/portalprimeirainfancia\/#\/schema\/person\/6a39eea5836dda604de1c5e5b7d62141","name":"Rafael Massoni"}]}},"jetpack_featured_media_url":"https:\/\/tce.pb.gov.br\/portalprimeirainfancia\/wp-content\/uploads\/2025\/06\/image.png","jetpack_sharing_enabled":true,"_links":{"self":[{"href":"https:\/\/tce.pb.gov.br\/portalprimeirainfancia\/wp-json\/wp\/v2\/posts\/29396","targetHints":{"allow":["GET"]}}],"collection":[{"href":"https:\/\/tce.pb.gov.br\/portalprimeirainfancia\/wp-json\/wp\/v2\/posts"}],"about":[{"href":"https:\/\/tce.pb.gov.br\/portalprimeirainfancia\/wp-json\/wp\/v2\/types\/post"}],"author":[{"embeddable":true,"href":"https:\/\/tce.pb.gov.br\/portalprimeirainfancia\/wp-json\/wp\/v2\/users\/6"}],"replies":[{"embeddable":true,"href":"https:\/\/tce.pb.gov.br\/portalprimeirainfancia\/wp-json\/wp\/v2\/comments?post=29396"}],"version-history":[{"count":1,"href":"https:\/\/tce.pb.gov.br\/portalprimeirainfancia\/wp-json\/wp\/v2\/posts\/29396\/revisions"}],"predecessor-version":[{"id":29398,"href":"https:\/\/tce.pb.gov.br\/portalprimeirainfancia\/wp-json\/wp\/v2\/posts\/29396\/revisions\/29398"}],"wp:featuredmedia":[{"embeddable":true,"href":"https:\/\/tce.pb.gov.br\/portalprimeirainfancia\/wp-json\/wp\/v2\/media\/29397"}],"wp:attachment":[{"href":"https:\/\/tce.pb.gov.br\/portalprimeirainfancia\/wp-json\/wp\/v2\/media?parent=29396"}],"wp:term":[{"taxonomy":"category","embeddable":true,"href":"https:\/\/tce.pb.gov.br\/portalprimeirainfancia\/wp-json\/wp\/v2\/categories?post=29396"},{"taxonomy":"post_tag","embeddable":true,"href":"https:\/\/tce.pb.gov.br\/portalprimeirainfancia\/wp-json\/wp\/v2\/tags?post=29396"}],"curies":[{"name":"wp","href":"https:\/\/api.w.org\/{rel}","templated":true}]}}