{"id":29372,"date":"2025-05-23T09:30:18","date_gmt":"2025-05-23T12:30:18","guid":{"rendered":"https:\/\/tce.pb.gov.br\/portalprimeirainfancia\/?p=29372"},"modified":"2025-05-30T09:31:37","modified_gmt":"2025-05-30T12:31:37","slug":"campina-grande-sedia-nova-etapa-de-capacitacao-do-tce-pb-sobre-politicas-publicas-para-a-primeira-infancia","status":"publish","type":"post","link":"https:\/\/tce.pb.gov.br\/portalprimeirainfancia\/campina-grande-sedia-nova-etapa-de-capacitacao-do-tce-pb-sobre-politicas-publicas-para-a-primeira-infancia\/","title":{"rendered":"Campina Grande sedia nova etapa de capacita\u00e7\u00e3o do TCE-PB sobre pol\u00edticas p\u00fablicas para a Primeira Inf\u00e2ncia"},"content":{"rendered":"\n<figure class=\"wp-block-image aligncenter size-large\"><img fetchpriority=\"high\" decoding=\"async\" width=\"1024\" height=\"683\" src=\"https:\/\/tce.pb.gov.br\/portalprimeirainfancia\/wp-content\/uploads\/2025\/05\/Curso-PPA-e-LOA-CAMPINA-1024x683.jpg\" alt=\"\" class=\"wp-image-29388\" srcset=\"https:\/\/tce.pb.gov.br\/portalprimeirainfancia\/wp-content\/uploads\/2025\/05\/Curso-PPA-e-LOA-CAMPINA-1024x683.jpg 1024w, https:\/\/tce.pb.gov.br\/portalprimeirainfancia\/wp-content\/uploads\/2025\/05\/Curso-PPA-e-LOA-CAMPINA-300x200.jpg 300w, https:\/\/tce.pb.gov.br\/portalprimeirainfancia\/wp-content\/uploads\/2025\/05\/Curso-PPA-e-LOA-CAMPINA-768x512.jpg 768w, https:\/\/tce.pb.gov.br\/portalprimeirainfancia\/wp-content\/uploads\/2025\/05\/Curso-PPA-e-LOA-CAMPINA-1536x1024.jpg 1536w, https:\/\/tce.pb.gov.br\/portalprimeirainfancia\/wp-content\/uploads\/2025\/05\/Curso-PPA-e-LOA-CAMPINA.jpg 1920w\" sizes=\"(max-width: 1024px) 100vw, 1024px\" \/><\/figure>\n\n\n\n<p>O Tribunal de Contas da Para\u00edba (TCE-PB) avan\u00e7a no fortalecimento das pol\u00edticas p\u00fablicas voltadas \u00e0 Primeira Inf\u00e2ncia com mais uma etapa do seu ciclo de capacita\u00e7\u00f5es presenciais. Nos dias 28 e 29 de maio<strong>,<\/strong>&nbsp;ser\u00e1 a vez de Campina Grande receber o evento, que abordar\u00e1 temas estrat\u00e9gicos como o Plano Plurianual (PPA) e a Lei Or\u00e7ament\u00e1ria Anual (LOA).<\/p>\n\n\n\n<p>A capacita\u00e7\u00e3o ocorrer\u00e1 no audit\u00f3rio do Centro de Ci\u00eancias Jur\u00eddicas da Universidade Estadual da Para\u00edba (UEPB), reunindo prefeitos, secret\u00e1rios e t\u00e9cnicos municipais das \u00e1reas de planejamento, finan\u00e7as e desenvolvimento infantil. A iniciativa \u00e9 promovida pela Comiss\u00e3o da Primeira Inf\u00e2ncia do TCE-PB.<\/p>\n\n\n\n<p>Campina Grande ser\u00e1 o quarto pol<strong>o<\/strong>&nbsp;a receber a forma\u00e7\u00e3o, dentro de um circuito estadual que contempla cinco regi\u00f5es estrat\u00e9gicas. Para esta etapa, foram convidados representantes de mais de 50 munic\u00edpios da regi\u00e3o, incluindo : Alagoa Grande, Alagoa Nova, Alagoinha, Algod\u00e3o de Janda\u00edra, Ara\u00e7agi, Arara, Areia, Areial, Aroeiras, Bananeiras, Barra de Santa Rosa, Boa Vista, Borborema, Cai\u00e7ara, Campina Grande, Cuit\u00e9, Cuitegi, Dami\u00e3o, Dona In\u00eas, Duas Estradas, Esperan\u00e7a, Fagundes, Gado Bravo, Ing\u00e1, Itatuba, Juarez T\u00e1vora, Lagoa de Dentro, Lagoa Seca, Logradouro, Massaranduba, Matinhas, Mogeiro, Montadas, Mulungu, Natuba, Nova Floresta, Pil\u00f5es, Pil\u00f5ezinhos, Pirpirituba, Pocinhos, Puxinan\u00e3, Queimadas, Rem\u00edgio, Riach\u00e3o, Riach\u00e3o de Bacamarte, Salgado de S\u00e3o F\u00e9lix, Santa Cec\u00edlia, S\u00e3o Sebasti\u00e3o de Lagoa de Ro\u00e7a, Serra da Raiz, Serra Redonda, Serraria, Sert\u00e3ozinho, Sol\u00e2nea, Soledade, Sossego, Tacima e Umbuzeiro.<\/p>\n\n\n\n<p>Com 12 horas-aula de dura\u00e7\u00e3o, o curso ser\u00e1 ministrado pelo auditor de controle externo Luzemar Martins<strong>.<\/strong>&nbsp;Os participantes ter\u00e3o a oportunidade de aprofundar conhecimentos sobre planejamento or\u00e7ament\u00e1rio e acessar a Matriz de Planejamento da Auditoria Operacional sobre a Primeira Inf\u00e2ncia\u2014 uma ferramenta essencial para a elabora\u00e7\u00e3o de pol\u00edticas p\u00fablicas voltadas a crian\u00e7as de 0 a 6 anos. As inscri\u00e7\u00f5es est\u00e3o abertas e podem ser feitas pelo link:&nbsp;<a href=\"http:\/\/tiny.cc\/ppaeloa\">http:\/\/tiny.cc\/ppaeloa<\/a><\/p>\n\n\n\n<p>A \u00faltima etapa da capacita\u00e7\u00e3o acontecer\u00e1 em Jo\u00e3o Pessoa, nos dias 12 e 13 de junho no Centro Cultural Ariano Suassuna, sede do TCE-PB.<\/p>\n\n\n\n<p><\/p>\n","protected":false},"excerpt":{"rendered":"<p>O Tribunal de Contas da Para\u00edba (TCE-PB) avan\u00e7a no fortalecimento das pol\u00edticas p\u00fablicas voltadas \u00e0 Primeira Inf\u00e2ncia com mais uma [&hellip;]<\/p>\n","protected":false},"author":6,"featured_media":29373,"comment_status":"closed","ping_status":"closed","sticky":false,"template":"","format":"standard","meta":{"site-sidebar-layout":"default","site-content-layout":"","ast-site-content-layout":"","site-content-style":"default","site-sidebar-style":"default","ast-global-header-display":"","ast-banner-title-visibility":"","ast-main-header-display":"","ast-hfb-above-header-display":"","ast-hfb-below-header-display":"","ast-hfb-mobile-header-display":"","site-post-title":"","ast-breadcrumbs-content":"","ast-featured-img":"","footer-sml-layout":"","theme-transparent-header-meta":"","adv-header-id-meta":"","stick-header-meta":"","header-above-stick-meta":"","header-main-stick-meta":"","header-below-stick-meta":"","astra-migrate-meta-layouts":"default","ast-page-background-enabled":"default","ast-page-background-meta":{"desktop":{"background-color":"var(--ast-global-color-5)","background-image":"","background-repeat":"repeat","background-position":"center center","background-size":"auto","background-attachment":"scroll","background-type":"","background-media":"","overlay-type":"","overlay-color":"","overlay-opacity":"","overlay-gradient":""},"tablet":{"background-color":"","background-image":"","background-repeat":"repeat","background-position":"center center","background-size":"auto","background-attachment":"scroll","background-type":"","background-media":"","overlay-type":"","overlay-color":"","overlay-opacity":"","overlay-gradient":""},"mobile":{"background-color":"","background-image":"","background-repeat":"repeat","background-position":"center center","background-size":"auto","background-attachment":"scroll","background-type":"","background-media":"","overlay-type":"","overlay-color":"","overlay-opacity":"","overlay-gradient":""}},"ast-content-background-meta":{"desktop":{"background-color":"var(--ast-global-color-4)","background-image":"","background-repeat":"repeat","background-position":"center center","background-size":"auto","background-attachment":"scroll","background-type":"","background-media":"","overlay-type":"","overlay-color":"","overlay-opacity":"","overlay-gradient":""},"tablet":{"background-color":"var(--ast-global-color-4)","background-image":"","background-repeat":"repeat","background-position":"center center","background-size":"auto","background-attachment":"scroll","background-type":"","background-media":"","overlay-type":"","overlay-color":"","overlay-opacity":"","overlay-gradient":""},"mobile":{"background-color":"var(--ast-global-color-4)","background-image":"","background-repeat":"repeat","background-position":"center center","background-size":"auto","background-attachment":"scroll","background-type":"","background-media":"","overlay-type":"","overlay-color":"","overlay-opacity":"","overlay-gradient":""}},"_jetpack_memberships_contains_paid_content":false,"footnotes":""},"categories":[7],"tags":[41,27,25,31,26,29,28],"class_list":["post-29372","post","type-post","status-publish","format-standard","has-post-thumbnail","hentry","category-noticias","tag-campina-grande","tag-pacto-pela-primeira-infancia","tag-primeira-infancia","tag-tce","tag-tce-pb","tag-treinamento-loa","tag-treinamento-ppa"],"yoast_head":"<!-- This site is optimized with the Yoast SEO plugin v27.5 - https:\/\/yoast.com\/product\/yoast-seo-wordpress\/ -->\n<title>Campina Grande sedia nova etapa de capacita\u00e7\u00e3o do TCE-PB sobre pol\u00edticas p\u00fablicas para a Primeira Inf\u00e2ncia %<\/title>\n<meta name=\"description\" content=\"O Tribunal de Contas da Para\u00edba (TCE-PB) avan\u00e7a no fortalecimento das pol\u00edticas p\u00fablicas voltadas \u00e0 Primeira Inf\u00e2ncia com mais uma etapa do seu ciclo de capacita\u00e7\u00f5es presenciais. Nos dias 28 e 29 de maio,\u00a0ser\u00e1 a vez de Campina Grande receber o evento, que abordar\u00e1 temas estrat\u00e9gicos como o Plano Plurianual (PPA) e a Lei Or\u00e7ament\u00e1ria Anual (LOA).\" \/>\n<meta name=\"robots\" content=\"index, follow, max-snippet:-1, max-image-preview:large, max-video-preview:-1\" \/>\n<link rel=\"canonical\" href=\"https:\/\/tce.pb.gov.br\/portalprimeirainfancia\/campina-grande-sedia-nova-etapa-de-capacitacao-do-tce-pb-sobre-politicas-publicas-para-a-primeira-infancia\/\" \/>\n<meta property=\"og:locale\" content=\"pt_BR\" \/>\n<meta property=\"og:type\" content=\"article\" \/>\n<meta property=\"og:title\" content=\"Campina Grande sedia nova etapa de capacita\u00e7\u00e3o do TCE-PB sobre pol\u00edticas p\u00fablicas para a Primeira Inf\u00e2ncia\" \/>\n<meta property=\"og:description\" content=\"O Tribunal de Contas da Para\u00edba (TCE-PB) avan\u00e7a no fortalecimento das pol\u00edticas p\u00fablicas voltadas \u00e0 Primeira Inf\u00e2ncia com mais uma etapa do seu ciclo de capacita\u00e7\u00f5es presenciais. Nos dias 28 e 29 de maio,\u00a0ser\u00e1 a vez de Campina Grande receber o evento, que abordar\u00e1 temas estrat\u00e9gicos como o Plano Plurianual (PPA) e a Lei Or\u00e7ament\u00e1ria Anual (LOA).\" \/>\n<meta property=\"og:url\" content=\"https:\/\/tce.pb.gov.br\/portalprimeirainfancia\/campina-grande-sedia-nova-etapa-de-capacitacao-do-tce-pb-sobre-politicas-publicas-para-a-primeira-infancia\/\" \/>\n<meta property=\"og:site_name\" content=\"Pacto Paraibano pela Primeira Inf\u00e2ncia\" \/>\n<meta property=\"article:published_time\" content=\"2025-05-23T12:30:18+00:00\" \/>\n<meta property=\"article:modified_time\" content=\"2025-05-30T12:31:37+00:00\" \/>\n<meta property=\"og:image\" content=\"https:\/\/tce.pb.gov.br\/portalprimeirainfancia\/wp-content\/uploads\/2025\/05\/image-4.png\" \/>\n\t<meta property=\"og:image:width\" content=\"1024\" \/>\n\t<meta property=\"og:image:height\" content=\"683\" \/>\n\t<meta property=\"og:image:type\" content=\"image\/png\" \/>\n<meta name=\"author\" content=\"Rafael Massoni\" \/>\n<meta name=\"twitter:card\" content=\"summary_large_image\" \/>\n<meta name=\"twitter:label1\" content=\"Escrito por\" \/>\n\t<meta name=\"twitter:data1\" content=\"Rafael Massoni\" \/>\n\t<meta name=\"twitter:label2\" content=\"Est. tempo de leitura\" \/>\n\t<meta name=\"twitter:data2\" content=\"3 minutos\" \/>\n<script type=\"application\/ld+json\" class=\"yoast-schema-graph\">{\"@context\":\"https:\\\/\\\/schema.org\",\"@graph\":[{\"@type\":\"NewsArticle\",\"@id\":\"https:\\\/\\\/tce.pb.gov.br\\\/portalprimeirainfancia\\\/campina-grande-sedia-nova-etapa-de-capacitacao-do-tce-pb-sobre-politicas-publicas-para-a-primeira-infancia\\\/#article\",\"isPartOf\":{\"@id\":\"https:\\\/\\\/tce.pb.gov.br\\\/portalprimeirainfancia\\\/campina-grande-sedia-nova-etapa-de-capacitacao-do-tce-pb-sobre-politicas-publicas-para-a-primeira-infancia\\\/\"},\"author\":{\"name\":\"Rafael Massoni\",\"@id\":\"https:\\\/\\\/tce.pb.gov.br\\\/portalprimeirainfancia\\\/#\\\/schema\\\/person\\\/6a39eea5836dda604de1c5e5b7d62141\"},\"headline\":\"Campina Grande sedia nova etapa de capacita\u00e7\u00e3o do TCE-PB sobre pol\u00edticas p\u00fablicas para a Primeira Inf\u00e2ncia\",\"datePublished\":\"2025-05-23T12:30:18+00:00\",\"dateModified\":\"2025-05-30T12:31:37+00:00\",\"mainEntityOfPage\":{\"@id\":\"https:\\\/\\\/tce.pb.gov.br\\\/portalprimeirainfancia\\\/campina-grande-sedia-nova-etapa-de-capacitacao-do-tce-pb-sobre-politicas-publicas-para-a-primeira-infancia\\\/\"},\"wordCount\":389,\"publisher\":{\"@id\":\"https:\\\/\\\/tce.pb.gov.br\\\/portalprimeirainfancia\\\/#organization\"},\"image\":{\"@id\":\"https:\\\/\\\/tce.pb.gov.br\\\/portalprimeirainfancia\\\/campina-grande-sedia-nova-etapa-de-capacitacao-do-tce-pb-sobre-politicas-publicas-para-a-primeira-infancia\\\/#primaryimage\"},\"thumbnailUrl\":\"https:\\\/\\\/tce.pb.gov.br\\\/portalprimeirainfancia\\\/wp-content\\\/uploads\\\/2025\\\/05\\\/image-4.png\",\"keywords\":[\"campina grande\",\"pacto pela primeira infancia\",\"primeira infancia\",\"tce\",\"tce-pb\",\"treinamento loa\",\"treinamento ppa\"],\"articleSection\":[\"Not\u00edcias\"],\"inLanguage\":\"pt-BR\"},{\"@type\":\"WebPage\",\"@id\":\"https:\\\/\\\/tce.pb.gov.br\\\/portalprimeirainfancia\\\/campina-grande-sedia-nova-etapa-de-capacitacao-do-tce-pb-sobre-politicas-publicas-para-a-primeira-infancia\\\/\",\"url\":\"https:\\\/\\\/tce.pb.gov.br\\\/portalprimeirainfancia\\\/campina-grande-sedia-nova-etapa-de-capacitacao-do-tce-pb-sobre-politicas-publicas-para-a-primeira-infancia\\\/\",\"name\":\"Campina Grande sedia nova etapa de capacita\u00e7\u00e3o do TCE-PB sobre pol\u00edticas p\u00fablicas para a Primeira Inf\u00e2ncia %\",\"isPartOf\":{\"@id\":\"https:\\\/\\\/tce.pb.gov.br\\\/portalprimeirainfancia\\\/#website\"},\"primaryImageOfPage\":{\"@id\":\"https:\\\/\\\/tce.pb.gov.br\\\/portalprimeirainfancia\\\/campina-grande-sedia-nova-etapa-de-capacitacao-do-tce-pb-sobre-politicas-publicas-para-a-primeira-infancia\\\/#primaryimage\"},\"image\":{\"@id\":\"https:\\\/\\\/tce.pb.gov.br\\\/portalprimeirainfancia\\\/campina-grande-sedia-nova-etapa-de-capacitacao-do-tce-pb-sobre-politicas-publicas-para-a-primeira-infancia\\\/#primaryimage\"},\"thumbnailUrl\":\"https:\\\/\\\/tce.pb.gov.br\\\/portalprimeirainfancia\\\/wp-content\\\/uploads\\\/2025\\\/05\\\/image-4.png\",\"datePublished\":\"2025-05-23T12:30:18+00:00\",\"dateModified\":\"2025-05-30T12:31:37+00:00\",\"description\":\"O Tribunal de Contas da Para\u00edba (TCE-PB) avan\u00e7a no fortalecimento das pol\u00edticas p\u00fablicas voltadas \u00e0 Primeira Inf\u00e2ncia com mais uma etapa do seu ciclo de capacita\u00e7\u00f5es presenciais. Nos dias 28 e 29 de maio,\u00a0ser\u00e1 a vez de Campina Grande receber o evento, que abordar\u00e1 temas estrat\u00e9gicos como o Plano Plurianual (PPA) e a Lei Or\u00e7ament\u00e1ria Anual (LOA).\",\"breadcrumb\":{\"@id\":\"https:\\\/\\\/tce.pb.gov.br\\\/portalprimeirainfancia\\\/campina-grande-sedia-nova-etapa-de-capacitacao-do-tce-pb-sobre-politicas-publicas-para-a-primeira-infancia\\\/#breadcrumb\"},\"inLanguage\":\"pt-BR\",\"potentialAction\":[{\"@type\":\"ReadAction\",\"target\":[\"https:\\\/\\\/tce.pb.gov.br\\\/portalprimeirainfancia\\\/campina-grande-sedia-nova-etapa-de-capacitacao-do-tce-pb-sobre-politicas-publicas-para-a-primeira-infancia\\\/\"]}]},{\"@type\":\"ImageObject\",\"inLanguage\":\"pt-BR\",\"@id\":\"https:\\\/\\\/tce.pb.gov.br\\\/portalprimeirainfancia\\\/campina-grande-sedia-nova-etapa-de-capacitacao-do-tce-pb-sobre-politicas-publicas-para-a-primeira-infancia\\\/#primaryimage\",\"url\":\"https:\\\/\\\/tce.pb.gov.br\\\/portalprimeirainfancia\\\/wp-content\\\/uploads\\\/2025\\\/05\\\/image-4.png\",\"contentUrl\":\"https:\\\/\\\/tce.pb.gov.br\\\/portalprimeirainfancia\\\/wp-content\\\/uploads\\\/2025\\\/05\\\/image-4.png\",\"width\":1024,\"height\":683},{\"@type\":\"BreadcrumbList\",\"@id\":\"https:\\\/\\\/tce.pb.gov.br\\\/portalprimeirainfancia\\\/campina-grande-sedia-nova-etapa-de-capacitacao-do-tce-pb-sobre-politicas-publicas-para-a-primeira-infancia\\\/#breadcrumb\",\"itemListElement\":[{\"@type\":\"ListItem\",\"position\":1,\"name\":\"In\u00edcio\",\"item\":\"https:\\\/\\\/tce.pb.gov.br\\\/portalprimeirainfancia\\\/\"},{\"@type\":\"ListItem\",\"position\":2,\"name\":\"Campina Grande sedia nova etapa de capacita\u00e7\u00e3o do TCE-PB sobre pol\u00edticas p\u00fablicas para a Primeira Inf\u00e2ncia\"}]},{\"@type\":\"WebSite\",\"@id\":\"https:\\\/\\\/tce.pb.gov.br\\\/portalprimeirainfancia\\\/#website\",\"url\":\"https:\\\/\\\/tce.pb.gov.br\\\/portalprimeirainfancia\\\/\",\"name\":\"Pacto Paraibano pela Primeira Inf\u00e2ncia\",\"description\":\"Portal para divulga\u00e7\u00e3o do Pacto Paraibano pela Primeira Inf\u00e2ncia\",\"publisher\":{\"@id\":\"https:\\\/\\\/tce.pb.gov.br\\\/portalprimeirainfancia\\\/#organization\"},\"potentialAction\":[{\"@type\":\"SearchAction\",\"target\":{\"@type\":\"EntryPoint\",\"urlTemplate\":\"https:\\\/\\\/tce.pb.gov.br\\\/portalprimeirainfancia\\\/?s={search_term_string}\"},\"query-input\":{\"@type\":\"PropertyValueSpecification\",\"valueRequired\":true,\"valueName\":\"search_term_string\"}}],\"inLanguage\":\"pt-BR\"},{\"@type\":\"Organization\",\"@id\":\"https:\\\/\\\/tce.pb.gov.br\\\/portalprimeirainfancia\\\/#organization\",\"name\":\"Pacto Paraibano pela Primeira Inf\u00e2ncia\",\"alternateName\":\"TCE-PB\",\"url\":\"https:\\\/\\\/tce.pb.gov.br\\\/portalprimeirainfancia\\\/\",\"logo\":{\"@type\":\"ImageObject\",\"inLanguage\":\"pt-BR\",\"@id\":\"https:\\\/\\\/tce.pb.gov.br\\\/portalprimeirainfancia\\\/#\\\/schema\\\/logo\\\/image\\\/\",\"url\":\"https:\\\/\\\/tce.pb.gov.br\\\/portalprimeirainfancia\\\/wp-content\\\/uploads\\\/2025\\\/05\\\/Pacto-Whatsapp.png\",\"contentUrl\":\"https:\\\/\\\/tce.pb.gov.br\\\/portalprimeirainfancia\\\/wp-content\\\/uploads\\\/2025\\\/05\\\/Pacto-Whatsapp.png\",\"width\":427,\"height\":427,\"caption\":\"Pacto Paraibano pela Primeira Inf\u00e2ncia\"},\"image\":{\"@id\":\"https:\\\/\\\/tce.pb.gov.br\\\/portalprimeirainfancia\\\/#\\\/schema\\\/logo\\\/image\\\/\"},\"sameAs\":[\"https:\\\/\\\/www.instagram.com\\\/tcepb\\\/\"]},{\"@type\":\"Person\",\"@id\":\"https:\\\/\\\/tce.pb.gov.br\\\/portalprimeirainfancia\\\/#\\\/schema\\\/person\\\/6a39eea5836dda604de1c5e5b7d62141\",\"name\":\"Rafael Massoni\"}]}<\/script>\n<!-- \/ Yoast SEO plugin. -->","yoast_head_json":{"title":"Campina Grande sedia nova etapa de capacita\u00e7\u00e3o do TCE-PB sobre pol\u00edticas p\u00fablicas para a Primeira Inf\u00e2ncia %","description":"O Tribunal de Contas da Para\u00edba (TCE-PB) avan\u00e7a no fortalecimento das pol\u00edticas p\u00fablicas voltadas \u00e0 Primeira Inf\u00e2ncia com mais uma etapa do seu ciclo de capacita\u00e7\u00f5es presenciais. Nos dias 28 e 29 de maio,\u00a0ser\u00e1 a vez de Campina Grande receber o evento, que abordar\u00e1 temas estrat\u00e9gicos como o Plano Plurianual (PPA) e a Lei Or\u00e7ament\u00e1ria Anual (LOA).","robots":{"index":"index","follow":"follow","max-snippet":"max-snippet:-1","max-image-preview":"max-image-preview:large","max-video-preview":"max-video-preview:-1"},"canonical":"https:\/\/tce.pb.gov.br\/portalprimeirainfancia\/campina-grande-sedia-nova-etapa-de-capacitacao-do-tce-pb-sobre-politicas-publicas-para-a-primeira-infancia\/","og_locale":"pt_BR","og_type":"article","og_title":"Campina Grande sedia nova etapa de capacita\u00e7\u00e3o do TCE-PB sobre pol\u00edticas p\u00fablicas para a Primeira Inf\u00e2ncia","og_description":"O Tribunal de Contas da Para\u00edba (TCE-PB) avan\u00e7a no fortalecimento das pol\u00edticas p\u00fablicas voltadas \u00e0 Primeira Inf\u00e2ncia com mais uma etapa do seu ciclo de capacita\u00e7\u00f5es presenciais. Nos dias 28 e 29 de maio,\u00a0ser\u00e1 a vez de Campina Grande receber o evento, que abordar\u00e1 temas estrat\u00e9gicos como o Plano Plurianual (PPA) e a Lei Or\u00e7ament\u00e1ria Anual (LOA).","og_url":"https:\/\/tce.pb.gov.br\/portalprimeirainfancia\/campina-grande-sedia-nova-etapa-de-capacitacao-do-tce-pb-sobre-politicas-publicas-para-a-primeira-infancia\/","og_site_name":"Pacto Paraibano pela Primeira Inf\u00e2ncia","article_published_time":"2025-05-23T12:30:18+00:00","article_modified_time":"2025-05-30T12:31:37+00:00","og_image":[{"width":1024,"height":683,"url":"https:\/\/tce.pb.gov.br\/portalprimeirainfancia\/wp-content\/uploads\/2025\/05\/image-4.png","type":"image\/png"}],"author":"Rafael Massoni","twitter_card":"summary_large_image","twitter_misc":{"Escrito por":"Rafael Massoni","Est. tempo de leitura":"3 minutos"},"schema":{"@context":"https:\/\/schema.org","@graph":[{"@type":"NewsArticle","@id":"https:\/\/tce.pb.gov.br\/portalprimeirainfancia\/campina-grande-sedia-nova-etapa-de-capacitacao-do-tce-pb-sobre-politicas-publicas-para-a-primeira-infancia\/#article","isPartOf":{"@id":"https:\/\/tce.pb.gov.br\/portalprimeirainfancia\/campina-grande-sedia-nova-etapa-de-capacitacao-do-tce-pb-sobre-politicas-publicas-para-a-primeira-infancia\/"},"author":{"name":"Rafael Massoni","@id":"https:\/\/tce.pb.gov.br\/portalprimeirainfancia\/#\/schema\/person\/6a39eea5836dda604de1c5e5b7d62141"},"headline":"Campina Grande sedia nova etapa de capacita\u00e7\u00e3o do TCE-PB sobre pol\u00edticas p\u00fablicas para a Primeira Inf\u00e2ncia","datePublished":"2025-05-23T12:30:18+00:00","dateModified":"2025-05-30T12:31:37+00:00","mainEntityOfPage":{"@id":"https:\/\/tce.pb.gov.br\/portalprimeirainfancia\/campina-grande-sedia-nova-etapa-de-capacitacao-do-tce-pb-sobre-politicas-publicas-para-a-primeira-infancia\/"},"wordCount":389,"publisher":{"@id":"https:\/\/tce.pb.gov.br\/portalprimeirainfancia\/#organization"},"image":{"@id":"https:\/\/tce.pb.gov.br\/portalprimeirainfancia\/campina-grande-sedia-nova-etapa-de-capacitacao-do-tce-pb-sobre-politicas-publicas-para-a-primeira-infancia\/#primaryimage"},"thumbnailUrl":"https:\/\/tce.pb.gov.br\/portalprimeirainfancia\/wp-content\/uploads\/2025\/05\/image-4.png","keywords":["campina grande","pacto pela primeira infancia","primeira infancia","tce","tce-pb","treinamento loa","treinamento ppa"],"articleSection":["Not\u00edcias"],"inLanguage":"pt-BR"},{"@type":"WebPage","@id":"https:\/\/tce.pb.gov.br\/portalprimeirainfancia\/campina-grande-sedia-nova-etapa-de-capacitacao-do-tce-pb-sobre-politicas-publicas-para-a-primeira-infancia\/","url":"https:\/\/tce.pb.gov.br\/portalprimeirainfancia\/campina-grande-sedia-nova-etapa-de-capacitacao-do-tce-pb-sobre-politicas-publicas-para-a-primeira-infancia\/","name":"Campina Grande sedia nova etapa de capacita\u00e7\u00e3o do TCE-PB sobre pol\u00edticas p\u00fablicas para a Primeira Inf\u00e2ncia %","isPartOf":{"@id":"https:\/\/tce.pb.gov.br\/portalprimeirainfancia\/#website"},"primaryImageOfPage":{"@id":"https:\/\/tce.pb.gov.br\/portalprimeirainfancia\/campina-grande-sedia-nova-etapa-de-capacitacao-do-tce-pb-sobre-politicas-publicas-para-a-primeira-infancia\/#primaryimage"},"image":{"@id":"https:\/\/tce.pb.gov.br\/portalprimeirainfancia\/campina-grande-sedia-nova-etapa-de-capacitacao-do-tce-pb-sobre-politicas-publicas-para-a-primeira-infancia\/#primaryimage"},"thumbnailUrl":"https:\/\/tce.pb.gov.br\/portalprimeirainfancia\/wp-content\/uploads\/2025\/05\/image-4.png","datePublished":"2025-05-23T12:30:18+00:00","dateModified":"2025-05-30T12:31:37+00:00","description":"O Tribunal de Contas da Para\u00edba (TCE-PB) avan\u00e7a no fortalecimento das pol\u00edticas p\u00fablicas voltadas \u00e0 Primeira Inf\u00e2ncia com mais uma etapa do seu ciclo de capacita\u00e7\u00f5es presenciais. Nos dias 28 e 29 de maio,\u00a0ser\u00e1 a vez de Campina Grande receber o evento, que abordar\u00e1 temas estrat\u00e9gicos como o Plano Plurianual (PPA) e a Lei Or\u00e7ament\u00e1ria Anual (LOA).","breadcrumb":{"@id":"https:\/\/tce.pb.gov.br\/portalprimeirainfancia\/campina-grande-sedia-nova-etapa-de-capacitacao-do-tce-pb-sobre-politicas-publicas-para-a-primeira-infancia\/#breadcrumb"},"inLanguage":"pt-BR","potentialAction":[{"@type":"ReadAction","target":["https:\/\/tce.pb.gov.br\/portalprimeirainfancia\/campina-grande-sedia-nova-etapa-de-capacitacao-do-tce-pb-sobre-politicas-publicas-para-a-primeira-infancia\/"]}]},{"@type":"ImageObject","inLanguage":"pt-BR","@id":"https:\/\/tce.pb.gov.br\/portalprimeirainfancia\/campina-grande-sedia-nova-etapa-de-capacitacao-do-tce-pb-sobre-politicas-publicas-para-a-primeira-infancia\/#primaryimage","url":"https:\/\/tce.pb.gov.br\/portalprimeirainfancia\/wp-content\/uploads\/2025\/05\/image-4.png","contentUrl":"https:\/\/tce.pb.gov.br\/portalprimeirainfancia\/wp-content\/uploads\/2025\/05\/image-4.png","width":1024,"height":683},{"@type":"BreadcrumbList","@id":"https:\/\/tce.pb.gov.br\/portalprimeirainfancia\/campina-grande-sedia-nova-etapa-de-capacitacao-do-tce-pb-sobre-politicas-publicas-para-a-primeira-infancia\/#breadcrumb","itemListElement":[{"@type":"ListItem","position":1,"name":"In\u00edcio","item":"https:\/\/tce.pb.gov.br\/portalprimeirainfancia\/"},{"@type":"ListItem","position":2,"name":"Campina Grande sedia nova etapa de capacita\u00e7\u00e3o do TCE-PB sobre pol\u00edticas p\u00fablicas para a Primeira Inf\u00e2ncia"}]},{"@type":"WebSite","@id":"https:\/\/tce.pb.gov.br\/portalprimeirainfancia\/#website","url":"https:\/\/tce.pb.gov.br\/portalprimeirainfancia\/","name":"Pacto Paraibano pela Primeira Inf\u00e2ncia","description":"Portal para divulga\u00e7\u00e3o do Pacto Paraibano pela Primeira Inf\u00e2ncia","publisher":{"@id":"https:\/\/tce.pb.gov.br\/portalprimeirainfancia\/#organization"},"potentialAction":[{"@type":"SearchAction","target":{"@type":"EntryPoint","urlTemplate":"https:\/\/tce.pb.gov.br\/portalprimeirainfancia\/?s={search_term_string}"},"query-input":{"@type":"PropertyValueSpecification","valueRequired":true,"valueName":"search_term_string"}}],"inLanguage":"pt-BR"},{"@type":"Organization","@id":"https:\/\/tce.pb.gov.br\/portalprimeirainfancia\/#organization","name":"Pacto Paraibano pela Primeira Inf\u00e2ncia","alternateName":"TCE-PB","url":"https:\/\/tce.pb.gov.br\/portalprimeirainfancia\/","logo":{"@type":"ImageObject","inLanguage":"pt-BR","@id":"https:\/\/tce.pb.gov.br\/portalprimeirainfancia\/#\/schema\/logo\/image\/","url":"https:\/\/tce.pb.gov.br\/portalprimeirainfancia\/wp-content\/uploads\/2025\/05\/Pacto-Whatsapp.png","contentUrl":"https:\/\/tce.pb.gov.br\/portalprimeirainfancia\/wp-content\/uploads\/2025\/05\/Pacto-Whatsapp.png","width":427,"height":427,"caption":"Pacto Paraibano pela Primeira Inf\u00e2ncia"},"image":{"@id":"https:\/\/tce.pb.gov.br\/portalprimeirainfancia\/#\/schema\/logo\/image\/"},"sameAs":["https:\/\/www.instagram.com\/tcepb\/"]},{"@type":"Person","@id":"https:\/\/tce.pb.gov.br\/portalprimeirainfancia\/#\/schema\/person\/6a39eea5836dda604de1c5e5b7d62141","name":"Rafael Massoni"}]}},"jetpack_featured_media_url":"https:\/\/tce.pb.gov.br\/portalprimeirainfancia\/wp-content\/uploads\/2025\/05\/image-4.png","jetpack_sharing_enabled":true,"_links":{"self":[{"href":"https:\/\/tce.pb.gov.br\/portalprimeirainfancia\/wp-json\/wp\/v2\/posts\/29372","targetHints":{"allow":["GET"]}}],"collection":[{"href":"https:\/\/tce.pb.gov.br\/portalprimeirainfancia\/wp-json\/wp\/v2\/posts"}],"about":[{"href":"https:\/\/tce.pb.gov.br\/portalprimeirainfancia\/wp-json\/wp\/v2\/types\/post"}],"author":[{"embeddable":true,"href":"https:\/\/tce.pb.gov.br\/portalprimeirainfancia\/wp-json\/wp\/v2\/users\/6"}],"replies":[{"embeddable":true,"href":"https:\/\/tce.pb.gov.br\/portalprimeirainfancia\/wp-json\/wp\/v2\/comments?post=29372"}],"version-history":[{"count":3,"href":"https:\/\/tce.pb.gov.br\/portalprimeirainfancia\/wp-json\/wp\/v2\/posts\/29372\/revisions"}],"predecessor-version":[{"id":29391,"href":"https:\/\/tce.pb.gov.br\/portalprimeirainfancia\/wp-json\/wp\/v2\/posts\/29372\/revisions\/29391"}],"wp:featuredmedia":[{"embeddable":true,"href":"https:\/\/tce.pb.gov.br\/portalprimeirainfancia\/wp-json\/wp\/v2\/media\/29373"}],"wp:attachment":[{"href":"https:\/\/tce.pb.gov.br\/portalprimeirainfancia\/wp-json\/wp\/v2\/media?parent=29372"}],"wp:term":[{"taxonomy":"category","embeddable":true,"href":"https:\/\/tce.pb.gov.br\/portalprimeirainfancia\/wp-json\/wp\/v2\/categories?post=29372"},{"taxonomy":"post_tag","embeddable":true,"href":"https:\/\/tce.pb.gov.br\/portalprimeirainfancia\/wp-json\/wp\/v2\/tags?post=29372"}],"curies":[{"name":"wp","href":"https:\/\/api.w.org\/{rel}","templated":true}]}}