{"id":29367,"date":"2025-05-23T12:29:42","date_gmt":"2025-05-23T15:29:42","guid":{"rendered":"https:\/\/tce.pb.gov.br\/portalprimeirainfancia\/?p=29367"},"modified":"2025-07-10T12:43:52","modified_gmt":"2025-07-10T15:43:52","slug":"pacto-paraibano-pela-primeira-infancia-ja-conta-com-adesao-de-16-prefeitos","status":"publish","type":"post","link":"https:\/\/tce.pb.gov.br\/portalprimeirainfancia\/pacto-paraibano-pela-primeira-infancia-ja-conta-com-adesao-de-16-prefeitos\/","title":{"rendered":"Pacto Paraibano pela Primeira Inf\u00e2ncia j\u00e1 conta com ades\u00e3o de 16 prefeitos"},"content":{"rendered":"\n<h5 class=\"wp-block-heading has-text-align-center\"><em>Aten\u00e7\u00e3o \u00e0 inf\u00e2ncia: TCE-PB destaca a import\u00e2ncia do compromisso com as crian\u00e7as.<\/em><\/h5>\n\n\n\n<figure class=\"wp-block-image aligncenter size-full\"><img fetchpriority=\"high\" decoding=\"async\" width=\"1024\" height=\"683\" src=\"https:\/\/tce.pb.gov.br\/portalprimeirainfancia\/wp-content\/uploads\/2025\/05\/Assinantes-do-Pacto-1024x683-1.jpg\" alt=\"\" class=\"wp-image-29368\" srcset=\"https:\/\/tce.pb.gov.br\/portalprimeirainfancia\/wp-content\/uploads\/2025\/05\/Assinantes-do-Pacto-1024x683-1.jpg 1024w, https:\/\/tce.pb.gov.br\/portalprimeirainfancia\/wp-content\/uploads\/2025\/05\/Assinantes-do-Pacto-1024x683-1-300x200.jpg 300w, https:\/\/tce.pb.gov.br\/portalprimeirainfancia\/wp-content\/uploads\/2025\/05\/Assinantes-do-Pacto-1024x683-1-768x512.jpg 768w\" sizes=\"(max-width: 1024px) 100vw, 1024px\" \/><\/figure>\n\n\n\n<p>O Pacto Paraibano pela Primeira Inf\u00e2ncia j\u00e1 conquistou a ades\u00e3o formal de 16 prefeitos e segue mobilizando gestores municipais em torno de uma causa essencial: garantir pol\u00edticas p\u00fablicas eficazes, integradas e permanentes para crian\u00e7as de zero a seis anos. A iniciativa \u00e9 promovida pelo Tribunal de Contas do Estado da Para\u00edba (TCE-PB) e visa transformar a realidade da primeira inf\u00e2ncia nos 223 munic\u00edpios paraibanos.<br><br>O presidente do Tribunal de Contas, conselheiro F\u00e1bio Nogueira, disse que ao aderir ao pacto, os prefeitos assumem o compromisso de elaborar ou atualizar o Plano Municipal Decenal pela Primeira Inf\u00e2ncia, instituir Comit\u00eas Intersetoriais, implementar pol\u00edticas p\u00fablicas consistentes e monitorar, de forma cont\u00ednua e transparente, indicadores nas \u00e1reas de sa\u00fade, educa\u00e7\u00e3o, assist\u00eancia social e nutri\u00e7\u00e3o. Trata-se de um esfor\u00e7o estruturado que busca garantir o pleno desenvolvimento infantil, com base em evid\u00eancias cient\u00edficas e fundamentos legais s\u00f3lidos.<\/p>\n\n\n\n<p><strong>Prefeituras paraibanas que j\u00e1 aderiram ao Pacto pela Primeira Inf\u00e2ncia:<\/strong>\u00a0M\u00e3e d\u201d\u00c1gua, Emas, Passagem, Malta, S\u00e3o Jos\u00e9 do Bonfim, Olho D\u2019\u00c1gua, Patos, Bonito de santa F\u00e9, Serra Grande, Bernardino Batista, S\u00e3o Jos\u00e9 da Lagoa Tapada, Po\u00e7o de Jos\u00e9 de Moura, Triunfo, S\u00e3o Jo\u00e3o do Rio do Peixe, Po\u00e7o Dantas e Cajazeiras. E a C\u00e2mara Municipal de Bonita de Santa F\u00e9.\u00a0<a href=\"https:\/\/tce.pb.gov.br\/portalprimeirainfancia\/fotos\/?type_0=gallery&amp;album_gallery_id_0=21\"><strong>Galeria de fotos<\/strong><\/a><br><br>Estudos indicam que 90% das conex\u00f5es cerebrais s\u00e3o formadas nos primeiros seis anos de vida, per\u00edodo decisivo para o desenvolvimento cognitivo, emocional e social das crian\u00e7as. O que acontece nessa fase inicial tem efeitos duradouros sobre o desempenho escolar, a sa\u00fade f\u00edsica e mental, a capacidade de relacionamento e a produtividade na vida adulta.<br><br><strong>Base legal e compromisso com a transforma\u00e7\u00e3o social \u2013<\/strong>\u00a0O Pacto Paraibano pela Primeira Inf\u00e2ncia se apoia em um arcabou\u00e7o jur\u00eddico que inclui a Constitui\u00e7\u00e3o Federal, o Estatuto da Crian\u00e7a e do Adolescente (ECA), o Marco Legal da Primeira Inf\u00e2ncia (Lei n\u00ba 13.257\/2016) e decretos federais que regulamentam a Pol\u00edtica Nacional Integrada para a Primeira Inf\u00e2ncia. Al\u00e9m disso, est\u00e1 alinhado a estudos internacionais que mostram que o retorno social e econ\u00f4mico de investimentos nessa fase da vida \u00e9 superior a qualquer outra pol\u00edtica p\u00fablica.<br><br><strong>Seis princ\u00edpios e cinco dimens\u00f5es de a\u00e7\u00e3o<\/strong>\u2013 A proposta do pacto \u00e9 guiada por seis princ\u00edpios: prioridade absoluta dos direitos da crian\u00e7a; sustentabilidade das pol\u00edticas p\u00fablicas; intersetorialidade; redu\u00e7\u00e3o das desigualdades; participa\u00e7\u00e3o social; e transpar\u00eancia na gest\u00e3o. As a\u00e7\u00f5es est\u00e3o organizadas em cinco dimens\u00f5es estruturantes: Intersetorialidade das pol\u00edticas p\u00fablicas; Educa\u00e7\u00e3o e cuidado na Primeira Inf\u00e2ncia; Assist\u00eancia social e prote\u00e7\u00e3o integral; Sa\u00fade e qualidade de vida; e Seguran\u00e7a alimentar e nutri\u00e7\u00e3o.<br><br><strong>Compromisso cont\u00ednuo-<\/strong>\u00a0Mais que uma formalidade, aderir ao Pacto Paraibano pela Primeira Inf\u00e2ncia significa integrar uma agenda estrat\u00e9gica, que busca romper ciclos hist\u00f3ricos de exclus\u00e3o e garantir um futuro com mais justi\u00e7a social.<br><br>\u201cO TCE-PB continuar\u00e1 oferecendo suporte t\u00e9cnico aos munic\u00edpios pactuantes, acompanhando os resultados com base em indicadores oficiais, estimulando a transpar\u00eancia e promovendo uma atua\u00e7\u00e3o orientadora\u201d , garantiu F\u00e1bio Nogueira.<br><br>O TCE-PB, por meio da Assessoria de Comunica\u00e7\u00e3o, criou o Portal da Primeira Inf\u00e2ncia (<a href=\"https:\/\/tce.pb.gov.br\/portalprimeirainfancia\/\" target=\"_blank\" rel=\"noreferrer noopener\">https:\/\/tce.pb.gov.br\/portalprimeirainfancia\/<\/a>), um espa\u00e7o dedicado ao fomento de a\u00e7\u00f5es, \u00e0 divulga\u00e7\u00e3o de boas pr\u00e1ticas e ao acompanhamento de indicadores relacionados \u00e0 situa\u00e7\u00e3o da Primeira Inf\u00e2ncia na Para\u00edba. Tamb\u00e9m est\u00e3o inclu\u00eddos o Termo de Ades\u00e3o e a Carta Compromisso.<br><br><strong>Parceiros<\/strong>\u2013 S\u00e3o parceiros da iniciativa do TCE-PB, a Associa\u00e7\u00e3o de Membros dos Tribunais de Contas do Brasil (Atricon), o Tribunal de Contas da Uni\u00e3o (TCU), o Instituto Rui Barbosa, a C\u00e2mara dos Deputados, o Governo Estadual, a Assembleia Legislativa, o Tribunal de Justi\u00e7a, o Tribunal Regional do Trabalho da 13\u00aa Regi\u00e3o, Tribunal Regional Eleitoral, as Defensorias P\u00fablicas da Uni\u00e3o e do Estado, a Federa\u00e7\u00e3o das Associa\u00e7\u00f5es dos Munic\u00edpios Paraibanos (Famup), a Unicef, o Instituto Federal da Para\u00edba, as Universidades Federal (UFPB), Estadual (UEPB) e de Campina Grande (UFCG), o Sebrae, a Faepa\/Senar, a Federa\u00e7\u00e3o das Ind\u00fastrias da Para\u00edba e a Fecom\u00e9rcio.<\/p>\n\n\n\n<p><\/p>\n","protected":false},"excerpt":{"rendered":"<p>Aten\u00e7\u00e3o \u00e0 inf\u00e2ncia: TCE-PB destaca a import\u00e2ncia do compromisso com as crian\u00e7as. O Pacto Paraibano pela Primeira Inf\u00e2ncia j\u00e1 conquistou [&hellip;]<\/p>\n","protected":false},"author":6,"featured_media":29368,"comment_status":"closed","ping_status":"closed","sticky":false,"template":"","format":"standard","meta":{"site-sidebar-layout":"default","site-content-layout":"","ast-site-content-layout":"","site-content-style":"default","site-sidebar-style":"default","ast-global-header-display":"","ast-banner-title-visibility":"","ast-main-header-display":"","ast-hfb-above-header-display":"","ast-hfb-below-header-display":"","ast-hfb-mobile-header-display":"","site-post-title":"","ast-breadcrumbs-content":"","ast-featured-img":"","footer-sml-layout":"","theme-transparent-header-meta":"","adv-header-id-meta":"","stick-header-meta":"","header-above-stick-meta":"","header-main-stick-meta":"","header-below-stick-meta":"","astra-migrate-meta-layouts":"default","ast-page-background-enabled":"default","ast-page-background-meta":{"desktop":{"background-color":"var(--ast-global-color-5)","background-image":"","background-repeat":"repeat","background-position":"center center","background-size":"auto","background-attachment":"scroll","background-type":"","background-media":"","overlay-type":"","overlay-color":"","overlay-opacity":"","overlay-gradient":""},"tablet":{"background-color":"","background-image":"","background-repeat":"repeat","background-position":"center center","background-size":"auto","background-attachment":"scroll","background-type":"","background-media":"","overlay-type":"","overlay-color":"","overlay-opacity":"","overlay-gradient":""},"mobile":{"background-color":"","background-image":"","background-repeat":"repeat","background-position":"center center","background-size":"auto","background-attachment":"scroll","background-type":"","background-media":"","overlay-type":"","overlay-color":"","overlay-opacity":"","overlay-gradient":""}},"ast-content-background-meta":{"desktop":{"background-color":"var(--ast-global-color-4)","background-image":"","background-repeat":"repeat","background-position":"center center","background-size":"auto","background-attachment":"scroll","background-type":"","background-media":"","overlay-type":"","overlay-color":"","overlay-opacity":"","overlay-gradient":""},"tablet":{"background-color":"var(--ast-global-color-4)","background-image":"","background-repeat":"repeat","background-position":"center center","background-size":"auto","background-attachment":"scroll","background-type":"","background-media":"","overlay-type":"","overlay-color":"","overlay-opacity":"","overlay-gradient":""},"mobile":{"background-color":"var(--ast-global-color-4)","background-image":"","background-repeat":"repeat","background-position":"center center","background-size":"auto","background-attachment":"scroll","background-type":"","background-media":"","overlay-type":"","overlay-color":"","overlay-opacity":"","overlay-gradient":""}},"_jetpack_memberships_contains_paid_content":false,"footnotes":""},"categories":[7],"tags":[40,27,39,25,31,26],"class_list":["post-29367","post","type-post","status-publish","format-standard","has-post-thumbnail","hentry","category-noticias","tag-camaras-municipais","tag-pacto-pela-primeira-infancia","tag-prefeituras","tag-primeira-infancia","tag-tce","tag-tce-pb"],"yoast_head":"<!-- This site is optimized with the Yoast SEO plugin v27.5 - https:\/\/yoast.com\/product\/yoast-seo-wordpress\/ -->\n<title>Pacto Paraibano pela Primeira Inf\u00e2ncia j\u00e1 conta com ades\u00e3o de 16 prefeitos %<\/title>\n<meta name=\"description\" content=\"Aten\u00e7\u00e3o \u00e0 inf\u00e2ncia: TCE-PB destaca a import\u00e2ncia do compromisso com as crian\u00e7as.\" \/>\n<meta name=\"robots\" content=\"index, follow, max-snippet:-1, max-image-preview:large, max-video-preview:-1\" \/>\n<link rel=\"canonical\" href=\"https:\/\/tce.pb.gov.br\/portalprimeirainfancia\/pacto-paraibano-pela-primeira-infancia-ja-conta-com-adesao-de-16-prefeitos\/\" \/>\n<meta property=\"og:locale\" content=\"pt_BR\" \/>\n<meta property=\"og:type\" content=\"article\" \/>\n<meta property=\"og:title\" content=\"Pacto Paraibano pela Primeira Inf\u00e2ncia j\u00e1 conta com ades\u00e3o de 16 prefeitos\" \/>\n<meta property=\"og:description\" content=\"Aten\u00e7\u00e3o \u00e0 inf\u00e2ncia: TCE-PB destaca a import\u00e2ncia do compromisso com as crian\u00e7as.\" \/>\n<meta property=\"og:url\" content=\"https:\/\/tce.pb.gov.br\/portalprimeirainfancia\/pacto-paraibano-pela-primeira-infancia-ja-conta-com-adesao-de-16-prefeitos\/\" \/>\n<meta property=\"og:site_name\" content=\"Pacto Paraibano pela Primeira Inf\u00e2ncia\" \/>\n<meta property=\"article:published_time\" content=\"2025-05-23T15:29:42+00:00\" \/>\n<meta property=\"article:modified_time\" content=\"2025-07-10T15:43:52+00:00\" \/>\n<meta property=\"og:image\" content=\"https:\/\/tce.pb.gov.br\/portalprimeirainfancia\/wp-content\/uploads\/2025\/05\/Assinantes-do-Pacto-1024x683-1.jpg\" \/>\n\t<meta property=\"og:image:width\" content=\"1024\" \/>\n\t<meta property=\"og:image:height\" content=\"683\" \/>\n\t<meta property=\"og:image:type\" content=\"image\/jpeg\" \/>\n<meta name=\"author\" content=\"Rafael Massoni\" \/>\n<meta name=\"twitter:card\" content=\"summary_large_image\" \/>\n<meta name=\"twitter:label1\" content=\"Escrito por\" \/>\n\t<meta name=\"twitter:data1\" content=\"Rafael Massoni\" \/>\n\t<meta name=\"twitter:label2\" content=\"Est. tempo de leitura\" \/>\n\t<meta name=\"twitter:data2\" content=\"4 minutos\" \/>\n<script type=\"application\/ld+json\" class=\"yoast-schema-graph\">{\"@context\":\"https:\\\/\\\/schema.org\",\"@graph\":[{\"@type\":\"NewsArticle\",\"@id\":\"https:\\\/\\\/tce.pb.gov.br\\\/portalprimeirainfancia\\\/pacto-paraibano-pela-primeira-infancia-ja-conta-com-adesao-de-16-prefeitos\\\/#article\",\"isPartOf\":{\"@id\":\"https:\\\/\\\/tce.pb.gov.br\\\/portalprimeirainfancia\\\/pacto-paraibano-pela-primeira-infancia-ja-conta-com-adesao-de-16-prefeitos\\\/\"},\"author\":{\"name\":\"Rafael Massoni\",\"@id\":\"https:\\\/\\\/tce.pb.gov.br\\\/portalprimeirainfancia\\\/#\\\/schema\\\/person\\\/6a39eea5836dda604de1c5e5b7d62141\"},\"headline\":\"Pacto Paraibano pela Primeira Inf\u00e2ncia j\u00e1 conta com ades\u00e3o de 16 prefeitos\",\"datePublished\":\"2025-05-23T15:29:42+00:00\",\"dateModified\":\"2025-07-10T15:43:52+00:00\",\"mainEntityOfPage\":{\"@id\":\"https:\\\/\\\/tce.pb.gov.br\\\/portalprimeirainfancia\\\/pacto-paraibano-pela-primeira-infancia-ja-conta-com-adesao-de-16-prefeitos\\\/\"},\"wordCount\":761,\"publisher\":{\"@id\":\"https:\\\/\\\/tce.pb.gov.br\\\/portalprimeirainfancia\\\/#organization\"},\"image\":{\"@id\":\"https:\\\/\\\/tce.pb.gov.br\\\/portalprimeirainfancia\\\/pacto-paraibano-pela-primeira-infancia-ja-conta-com-adesao-de-16-prefeitos\\\/#primaryimage\"},\"thumbnailUrl\":\"https:\\\/\\\/tce.pb.gov.br\\\/portalprimeirainfancia\\\/wp-content\\\/uploads\\\/2025\\\/05\\\/Assinantes-do-Pacto-1024x683-1.jpg\",\"keywords\":[\"c\u00e2maras municipais\",\"pacto pela primeira infancia\",\"prefeituras\",\"primeira infancia\",\"tce\",\"tce-pb\"],\"articleSection\":[\"Not\u00edcias\"],\"inLanguage\":\"pt-BR\"},{\"@type\":\"WebPage\",\"@id\":\"https:\\\/\\\/tce.pb.gov.br\\\/portalprimeirainfancia\\\/pacto-paraibano-pela-primeira-infancia-ja-conta-com-adesao-de-16-prefeitos\\\/\",\"url\":\"https:\\\/\\\/tce.pb.gov.br\\\/portalprimeirainfancia\\\/pacto-paraibano-pela-primeira-infancia-ja-conta-com-adesao-de-16-prefeitos\\\/\",\"name\":\"Pacto Paraibano pela Primeira Inf\u00e2ncia j\u00e1 conta com ades\u00e3o de 16 prefeitos %\",\"isPartOf\":{\"@id\":\"https:\\\/\\\/tce.pb.gov.br\\\/portalprimeirainfancia\\\/#website\"},\"primaryImageOfPage\":{\"@id\":\"https:\\\/\\\/tce.pb.gov.br\\\/portalprimeirainfancia\\\/pacto-paraibano-pela-primeira-infancia-ja-conta-com-adesao-de-16-prefeitos\\\/#primaryimage\"},\"image\":{\"@id\":\"https:\\\/\\\/tce.pb.gov.br\\\/portalprimeirainfancia\\\/pacto-paraibano-pela-primeira-infancia-ja-conta-com-adesao-de-16-prefeitos\\\/#primaryimage\"},\"thumbnailUrl\":\"https:\\\/\\\/tce.pb.gov.br\\\/portalprimeirainfancia\\\/wp-content\\\/uploads\\\/2025\\\/05\\\/Assinantes-do-Pacto-1024x683-1.jpg\",\"datePublished\":\"2025-05-23T15:29:42+00:00\",\"dateModified\":\"2025-07-10T15:43:52+00:00\",\"description\":\"Aten\u00e7\u00e3o \u00e0 inf\u00e2ncia: TCE-PB destaca a import\u00e2ncia do compromisso com as crian\u00e7as.\",\"breadcrumb\":{\"@id\":\"https:\\\/\\\/tce.pb.gov.br\\\/portalprimeirainfancia\\\/pacto-paraibano-pela-primeira-infancia-ja-conta-com-adesao-de-16-prefeitos\\\/#breadcrumb\"},\"inLanguage\":\"pt-BR\",\"potentialAction\":[{\"@type\":\"ReadAction\",\"target\":[\"https:\\\/\\\/tce.pb.gov.br\\\/portalprimeirainfancia\\\/pacto-paraibano-pela-primeira-infancia-ja-conta-com-adesao-de-16-prefeitos\\\/\"]}]},{\"@type\":\"ImageObject\",\"inLanguage\":\"pt-BR\",\"@id\":\"https:\\\/\\\/tce.pb.gov.br\\\/portalprimeirainfancia\\\/pacto-paraibano-pela-primeira-infancia-ja-conta-com-adesao-de-16-prefeitos\\\/#primaryimage\",\"url\":\"https:\\\/\\\/tce.pb.gov.br\\\/portalprimeirainfancia\\\/wp-content\\\/uploads\\\/2025\\\/05\\\/Assinantes-do-Pacto-1024x683-1.jpg\",\"contentUrl\":\"https:\\\/\\\/tce.pb.gov.br\\\/portalprimeirainfancia\\\/wp-content\\\/uploads\\\/2025\\\/05\\\/Assinantes-do-Pacto-1024x683-1.jpg\",\"width\":1024,\"height\":683},{\"@type\":\"BreadcrumbList\",\"@id\":\"https:\\\/\\\/tce.pb.gov.br\\\/portalprimeirainfancia\\\/pacto-paraibano-pela-primeira-infancia-ja-conta-com-adesao-de-16-prefeitos\\\/#breadcrumb\",\"itemListElement\":[{\"@type\":\"ListItem\",\"position\":1,\"name\":\"In\u00edcio\",\"item\":\"https:\\\/\\\/tce.pb.gov.br\\\/portalprimeirainfancia\\\/\"},{\"@type\":\"ListItem\",\"position\":2,\"name\":\"Pacto Paraibano pela Primeira Inf\u00e2ncia j\u00e1 conta com ades\u00e3o de 16 prefeitos\"}]},{\"@type\":\"WebSite\",\"@id\":\"https:\\\/\\\/tce.pb.gov.br\\\/portalprimeirainfancia\\\/#website\",\"url\":\"https:\\\/\\\/tce.pb.gov.br\\\/portalprimeirainfancia\\\/\",\"name\":\"Pacto Paraibano pela Primeira Inf\u00e2ncia\",\"description\":\"Portal para divulga\u00e7\u00e3o do Pacto Paraibano pela Primeira Inf\u00e2ncia\",\"publisher\":{\"@id\":\"https:\\\/\\\/tce.pb.gov.br\\\/portalprimeirainfancia\\\/#organization\"},\"potentialAction\":[{\"@type\":\"SearchAction\",\"target\":{\"@type\":\"EntryPoint\",\"urlTemplate\":\"https:\\\/\\\/tce.pb.gov.br\\\/portalprimeirainfancia\\\/?s={search_term_string}\"},\"query-input\":{\"@type\":\"PropertyValueSpecification\",\"valueRequired\":true,\"valueName\":\"search_term_string\"}}],\"inLanguage\":\"pt-BR\"},{\"@type\":\"Organization\",\"@id\":\"https:\\\/\\\/tce.pb.gov.br\\\/portalprimeirainfancia\\\/#organization\",\"name\":\"Pacto Paraibano pela Primeira Inf\u00e2ncia\",\"alternateName\":\"TCE-PB\",\"url\":\"https:\\\/\\\/tce.pb.gov.br\\\/portalprimeirainfancia\\\/\",\"logo\":{\"@type\":\"ImageObject\",\"inLanguage\":\"pt-BR\",\"@id\":\"https:\\\/\\\/tce.pb.gov.br\\\/portalprimeirainfancia\\\/#\\\/schema\\\/logo\\\/image\\\/\",\"url\":\"https:\\\/\\\/tce.pb.gov.br\\\/portalprimeirainfancia\\\/wp-content\\\/uploads\\\/2025\\\/05\\\/Pacto-Whatsapp.png\",\"contentUrl\":\"https:\\\/\\\/tce.pb.gov.br\\\/portalprimeirainfancia\\\/wp-content\\\/uploads\\\/2025\\\/05\\\/Pacto-Whatsapp.png\",\"width\":427,\"height\":427,\"caption\":\"Pacto Paraibano pela Primeira Inf\u00e2ncia\"},\"image\":{\"@id\":\"https:\\\/\\\/tce.pb.gov.br\\\/portalprimeirainfancia\\\/#\\\/schema\\\/logo\\\/image\\\/\"},\"sameAs\":[\"https:\\\/\\\/www.instagram.com\\\/tcepb\\\/\"]},{\"@type\":\"Person\",\"@id\":\"https:\\\/\\\/tce.pb.gov.br\\\/portalprimeirainfancia\\\/#\\\/schema\\\/person\\\/6a39eea5836dda604de1c5e5b7d62141\",\"name\":\"Rafael Massoni\"}]}<\/script>\n<!-- \/ Yoast SEO plugin. -->","yoast_head_json":{"title":"Pacto Paraibano pela Primeira Inf\u00e2ncia j\u00e1 conta com ades\u00e3o de 16 prefeitos %","description":"Aten\u00e7\u00e3o \u00e0 inf\u00e2ncia: TCE-PB destaca a import\u00e2ncia do compromisso com as crian\u00e7as.","robots":{"index":"index","follow":"follow","max-snippet":"max-snippet:-1","max-image-preview":"max-image-preview:large","max-video-preview":"max-video-preview:-1"},"canonical":"https:\/\/tce.pb.gov.br\/portalprimeirainfancia\/pacto-paraibano-pela-primeira-infancia-ja-conta-com-adesao-de-16-prefeitos\/","og_locale":"pt_BR","og_type":"article","og_title":"Pacto Paraibano pela Primeira Inf\u00e2ncia j\u00e1 conta com ades\u00e3o de 16 prefeitos","og_description":"Aten\u00e7\u00e3o \u00e0 inf\u00e2ncia: TCE-PB destaca a import\u00e2ncia do compromisso com as crian\u00e7as.","og_url":"https:\/\/tce.pb.gov.br\/portalprimeirainfancia\/pacto-paraibano-pela-primeira-infancia-ja-conta-com-adesao-de-16-prefeitos\/","og_site_name":"Pacto Paraibano pela Primeira Inf\u00e2ncia","article_published_time":"2025-05-23T15:29:42+00:00","article_modified_time":"2025-07-10T15:43:52+00:00","og_image":[{"width":1024,"height":683,"url":"https:\/\/tce.pb.gov.br\/portalprimeirainfancia\/wp-content\/uploads\/2025\/05\/Assinantes-do-Pacto-1024x683-1.jpg","type":"image\/jpeg"}],"author":"Rafael Massoni","twitter_card":"summary_large_image","twitter_misc":{"Escrito por":"Rafael Massoni","Est. tempo de leitura":"4 minutos"},"schema":{"@context":"https:\/\/schema.org","@graph":[{"@type":"NewsArticle","@id":"https:\/\/tce.pb.gov.br\/portalprimeirainfancia\/pacto-paraibano-pela-primeira-infancia-ja-conta-com-adesao-de-16-prefeitos\/#article","isPartOf":{"@id":"https:\/\/tce.pb.gov.br\/portalprimeirainfancia\/pacto-paraibano-pela-primeira-infancia-ja-conta-com-adesao-de-16-prefeitos\/"},"author":{"name":"Rafael Massoni","@id":"https:\/\/tce.pb.gov.br\/portalprimeirainfancia\/#\/schema\/person\/6a39eea5836dda604de1c5e5b7d62141"},"headline":"Pacto Paraibano pela Primeira Inf\u00e2ncia j\u00e1 conta com ades\u00e3o de 16 prefeitos","datePublished":"2025-05-23T15:29:42+00:00","dateModified":"2025-07-10T15:43:52+00:00","mainEntityOfPage":{"@id":"https:\/\/tce.pb.gov.br\/portalprimeirainfancia\/pacto-paraibano-pela-primeira-infancia-ja-conta-com-adesao-de-16-prefeitos\/"},"wordCount":761,"publisher":{"@id":"https:\/\/tce.pb.gov.br\/portalprimeirainfancia\/#organization"},"image":{"@id":"https:\/\/tce.pb.gov.br\/portalprimeirainfancia\/pacto-paraibano-pela-primeira-infancia-ja-conta-com-adesao-de-16-prefeitos\/#primaryimage"},"thumbnailUrl":"https:\/\/tce.pb.gov.br\/portalprimeirainfancia\/wp-content\/uploads\/2025\/05\/Assinantes-do-Pacto-1024x683-1.jpg","keywords":["c\u00e2maras municipais","pacto pela primeira infancia","prefeituras","primeira infancia","tce","tce-pb"],"articleSection":["Not\u00edcias"],"inLanguage":"pt-BR"},{"@type":"WebPage","@id":"https:\/\/tce.pb.gov.br\/portalprimeirainfancia\/pacto-paraibano-pela-primeira-infancia-ja-conta-com-adesao-de-16-prefeitos\/","url":"https:\/\/tce.pb.gov.br\/portalprimeirainfancia\/pacto-paraibano-pela-primeira-infancia-ja-conta-com-adesao-de-16-prefeitos\/","name":"Pacto Paraibano pela Primeira Inf\u00e2ncia j\u00e1 conta com ades\u00e3o de 16 prefeitos %","isPartOf":{"@id":"https:\/\/tce.pb.gov.br\/portalprimeirainfancia\/#website"},"primaryImageOfPage":{"@id":"https:\/\/tce.pb.gov.br\/portalprimeirainfancia\/pacto-paraibano-pela-primeira-infancia-ja-conta-com-adesao-de-16-prefeitos\/#primaryimage"},"image":{"@id":"https:\/\/tce.pb.gov.br\/portalprimeirainfancia\/pacto-paraibano-pela-primeira-infancia-ja-conta-com-adesao-de-16-prefeitos\/#primaryimage"},"thumbnailUrl":"https:\/\/tce.pb.gov.br\/portalprimeirainfancia\/wp-content\/uploads\/2025\/05\/Assinantes-do-Pacto-1024x683-1.jpg","datePublished":"2025-05-23T15:29:42+00:00","dateModified":"2025-07-10T15:43:52+00:00","description":"Aten\u00e7\u00e3o \u00e0 inf\u00e2ncia: TCE-PB destaca a import\u00e2ncia do compromisso com as crian\u00e7as.","breadcrumb":{"@id":"https:\/\/tce.pb.gov.br\/portalprimeirainfancia\/pacto-paraibano-pela-primeira-infancia-ja-conta-com-adesao-de-16-prefeitos\/#breadcrumb"},"inLanguage":"pt-BR","potentialAction":[{"@type":"ReadAction","target":["https:\/\/tce.pb.gov.br\/portalprimeirainfancia\/pacto-paraibano-pela-primeira-infancia-ja-conta-com-adesao-de-16-prefeitos\/"]}]},{"@type":"ImageObject","inLanguage":"pt-BR","@id":"https:\/\/tce.pb.gov.br\/portalprimeirainfancia\/pacto-paraibano-pela-primeira-infancia-ja-conta-com-adesao-de-16-prefeitos\/#primaryimage","url":"https:\/\/tce.pb.gov.br\/portalprimeirainfancia\/wp-content\/uploads\/2025\/05\/Assinantes-do-Pacto-1024x683-1.jpg","contentUrl":"https:\/\/tce.pb.gov.br\/portalprimeirainfancia\/wp-content\/uploads\/2025\/05\/Assinantes-do-Pacto-1024x683-1.jpg","width":1024,"height":683},{"@type":"BreadcrumbList","@id":"https:\/\/tce.pb.gov.br\/portalprimeirainfancia\/pacto-paraibano-pela-primeira-infancia-ja-conta-com-adesao-de-16-prefeitos\/#breadcrumb","itemListElement":[{"@type":"ListItem","position":1,"name":"In\u00edcio","item":"https:\/\/tce.pb.gov.br\/portalprimeirainfancia\/"},{"@type":"ListItem","position":2,"name":"Pacto Paraibano pela Primeira Inf\u00e2ncia j\u00e1 conta com ades\u00e3o de 16 prefeitos"}]},{"@type":"WebSite","@id":"https:\/\/tce.pb.gov.br\/portalprimeirainfancia\/#website","url":"https:\/\/tce.pb.gov.br\/portalprimeirainfancia\/","name":"Pacto Paraibano pela Primeira Inf\u00e2ncia","description":"Portal para divulga\u00e7\u00e3o do Pacto Paraibano pela Primeira Inf\u00e2ncia","publisher":{"@id":"https:\/\/tce.pb.gov.br\/portalprimeirainfancia\/#organization"},"potentialAction":[{"@type":"SearchAction","target":{"@type":"EntryPoint","urlTemplate":"https:\/\/tce.pb.gov.br\/portalprimeirainfancia\/?s={search_term_string}"},"query-input":{"@type":"PropertyValueSpecification","valueRequired":true,"valueName":"search_term_string"}}],"inLanguage":"pt-BR"},{"@type":"Organization","@id":"https:\/\/tce.pb.gov.br\/portalprimeirainfancia\/#organization","name":"Pacto Paraibano pela Primeira Inf\u00e2ncia","alternateName":"TCE-PB","url":"https:\/\/tce.pb.gov.br\/portalprimeirainfancia\/","logo":{"@type":"ImageObject","inLanguage":"pt-BR","@id":"https:\/\/tce.pb.gov.br\/portalprimeirainfancia\/#\/schema\/logo\/image\/","url":"https:\/\/tce.pb.gov.br\/portalprimeirainfancia\/wp-content\/uploads\/2025\/05\/Pacto-Whatsapp.png","contentUrl":"https:\/\/tce.pb.gov.br\/portalprimeirainfancia\/wp-content\/uploads\/2025\/05\/Pacto-Whatsapp.png","width":427,"height":427,"caption":"Pacto Paraibano pela Primeira Inf\u00e2ncia"},"image":{"@id":"https:\/\/tce.pb.gov.br\/portalprimeirainfancia\/#\/schema\/logo\/image\/"},"sameAs":["https:\/\/www.instagram.com\/tcepb\/"]},{"@type":"Person","@id":"https:\/\/tce.pb.gov.br\/portalprimeirainfancia\/#\/schema\/person\/6a39eea5836dda604de1c5e5b7d62141","name":"Rafael Massoni"}]}},"jetpack_featured_media_url":"https:\/\/tce.pb.gov.br\/portalprimeirainfancia\/wp-content\/uploads\/2025\/05\/Assinantes-do-Pacto-1024x683-1.jpg","jetpack_sharing_enabled":true,"_links":{"self":[{"href":"https:\/\/tce.pb.gov.br\/portalprimeirainfancia\/wp-json\/wp\/v2\/posts\/29367","targetHints":{"allow":["GET"]}}],"collection":[{"href":"https:\/\/tce.pb.gov.br\/portalprimeirainfancia\/wp-json\/wp\/v2\/posts"}],"about":[{"href":"https:\/\/tce.pb.gov.br\/portalprimeirainfancia\/wp-json\/wp\/v2\/types\/post"}],"author":[{"embeddable":true,"href":"https:\/\/tce.pb.gov.br\/portalprimeirainfancia\/wp-json\/wp\/v2\/users\/6"}],"replies":[{"embeddable":true,"href":"https:\/\/tce.pb.gov.br\/portalprimeirainfancia\/wp-json\/wp\/v2\/comments?post=29367"}],"version-history":[{"count":4,"href":"https:\/\/tce.pb.gov.br\/portalprimeirainfancia\/wp-json\/wp\/v2\/posts\/29367\/revisions"}],"predecessor-version":[{"id":29489,"href":"https:\/\/tce.pb.gov.br\/portalprimeirainfancia\/wp-json\/wp\/v2\/posts\/29367\/revisions\/29489"}],"wp:featuredmedia":[{"embeddable":true,"href":"https:\/\/tce.pb.gov.br\/portalprimeirainfancia\/wp-json\/wp\/v2\/media\/29368"}],"wp:attachment":[{"href":"https:\/\/tce.pb.gov.br\/portalprimeirainfancia\/wp-json\/wp\/v2\/media?parent=29367"}],"wp:term":[{"taxonomy":"category","embeddable":true,"href":"https:\/\/tce.pb.gov.br\/portalprimeirainfancia\/wp-json\/wp\/v2\/categories?post=29367"},{"taxonomy":"post_tag","embeddable":true,"href":"https:\/\/tce.pb.gov.br\/portalprimeirainfancia\/wp-json\/wp\/v2\/tags?post=29367"}],"curies":[{"name":"wp","href":"https:\/\/api.w.org\/{rel}","templated":true}]}}