{"id":29358,"date":"2025-05-22T18:00:00","date_gmt":"2025-05-22T21:00:00","guid":{"rendered":"https:\/\/tce.pb.gov.br\/portalprimeirainfancia\/?p=29358"},"modified":"2025-05-23T10:49:20","modified_gmt":"2025-05-23T13:49:20","slug":"tce-pb-reforca-compromisso-com-a-infancia-em-encontro-estadual-de-conselheiros-tutelares-em-sape","status":"publish","type":"post","link":"https:\/\/tce.pb.gov.br\/portalprimeirainfancia\/tce-pb-reforca-compromisso-com-a-infancia-em-encontro-estadual-de-conselheiros-tutelares-em-sape\/","title":{"rendered":"TCE-PB refor\u00e7a compromisso com a inf\u00e2ncia em encontro estadual de conselheiros tutelares em Sap\u00e9"},"content":{"rendered":"\n<figure class=\"wp-block-image aligncenter size-large\"><img fetchpriority=\"high\" decoding=\"async\" width=\"1024\" height=\"683\" src=\"https:\/\/tce.pb.gov.br\/portalprimeirainfancia\/wp-content\/uploads\/2025\/05\/Leonardo-2-1024x683.jpg\" alt=\"\" class=\"wp-image-29359\" srcset=\"https:\/\/tce.pb.gov.br\/portalprimeirainfancia\/wp-content\/uploads\/2025\/05\/Leonardo-2-1024x683.jpg 1024w, https:\/\/tce.pb.gov.br\/portalprimeirainfancia\/wp-content\/uploads\/2025\/05\/Leonardo-2-300x200.jpg 300w, https:\/\/tce.pb.gov.br\/portalprimeirainfancia\/wp-content\/uploads\/2025\/05\/Leonardo-2-768x512.jpg 768w, https:\/\/tce.pb.gov.br\/portalprimeirainfancia\/wp-content\/uploads\/2025\/05\/Leonardo-2.jpg 1500w\" sizes=\"(max-width: 1024px) 100vw, 1024px\" \/><\/figure>\n\n\n\n<p>O Tribunal de Contas do Estado da Para\u00edba (TCE-PB) participou, nesta quinta-feira(22), do Encontro Estadual de Conselheiros Tutelares, realizado no munic\u00edpio de Sap\u00e9, com foco na promo\u00e7\u00e3o de pol\u00edticas p\u00fablicas voltadas \u00e0 inf\u00e2ncia e juventude. O evento teve a coordena\u00e7\u00e3o de Maricelia Pinto Ferreira, integrante da ONG Restaurando Vidas (Sap\u00e9).<\/p>\n\n\n\n<p>Representando a institui\u00e7\u00e3o, o auditor de controle externo Leonardo Silveira destacou o papel do TCE-PB na coordena\u00e7\u00e3o do Pacto Paraibano pela Primeira Inf\u00e2ncia, iniciativa que visa mobilizar diversos setores da sociedade em prol do desenvolvimento integral de crian\u00e7as de zero a seis anos.<br><br>Durante sua apresenta\u00e7\u00e3o, Silveira enfatizou a import\u00e2ncia de unir gestores p\u00fablicos, empresas, organiza\u00e7\u00f5es sociais, fam\u00edlias e cidad\u00e3os na cria\u00e7\u00e3o de uma rede de aten\u00e7\u00e3o \u00e0s pol\u00edticas p\u00fablicas destinadas \u00e0 primeira inf\u00e2ncia. \u201cCom isso, podemos criar uma corrente de aten\u00e7\u00e3o em torno das pol\u00edticas p\u00fablicas voltadas para essa fase da vida\u201d, afirmou.<br><br>O Pacto Paraibano pela Primeira Inf\u00e2ncia, lan\u00e7ado pelo TCE-PB, em 28 de abril, j\u00e1 conta com a ades\u00e3o de mais de 40 institui\u00e7\u00f5es, incluindo o Governo do Estado, a Associa\u00e7\u00e3o de Membros dos Tribunais de Contas do Brasil (Atricon), o Tribunal de Contas da Uni\u00e3o (TCU), o Instituto Rui Barbosa, a C\u00e2mara dos Deputados, a Assembleia Legislativa, o Tribunal de Justi\u00e7a, o Tribunal Regional do Trabalho da 13\u00aa Regi\u00e3o, Tribunal Regional Eleitoral, as Defensorias P\u00fablicas da Uni\u00e3o e do Estado, a Federa\u00e7\u00e3o das Associa\u00e7\u00f5es dos Munic\u00edpios Paraibanos (Famup), a Unicef, o Instituto Federal da Para\u00edba, as Universidades Federal (UFPB), Estadual (UEPB) e de Campina Grande (UFCG), o Sebrae, a Faepa\/Senar, a Federa\u00e7\u00e3o das Ind\u00fastrias da Para\u00edba e a Fecom\u00e9rcio.<br><br>Essas parcerias visam fortalecer a implementa\u00e7\u00e3o de pol\u00edticas p\u00fablicas eficazes para a primeira inf\u00e2ncia em todo o estado.<br>O Encontro Estadual de Conselheiros Tutelares em Sap\u00e9 refor\u00e7a o compromisso coletivo de diversas institui\u00e7\u00f5es e da sociedade civil na promo\u00e7\u00e3o de a\u00e7\u00f5es concretas que garantam os direitos e o bem-estar das crian\u00e7as paraibanas.<br><br>Participaram do encontro, Soraya N\u00f3brega \u2013 Promotora de Justi\u00e7a da Inf\u00e2ncia da Capital; Pedro Ivo Nogueira Loureiro, Superintendente da Policia Rodovi\u00e1ria Federal na Para\u00edba; e Hugo Gomes Zaher, Ju\u00edz Coordenador da Inf\u00e2ncia e Juventude do Tribunal de Justi\u00e7a do Estado da Para\u00edba.<br><br>Representantes de conselhos tutelares de mais de 30 munic\u00edpios paraibanos participaram do encontro. Entre eles, est\u00e3o Mataraca, Itatuba, Matinhas, Santa Cec\u00edlia, Gurinh\u00e9m, Mamanguape, Itabaiana, Conde, Ba\u00eda da Trai\u00e7\u00e3o, Capim, Soledade, Lucena, Marca\u00e7\u00e3o, S\u00e3o Miguel de Taipu, Santo Andr\u00e9, Jo\u00e3o Pessoa, Juripiranga, Mogeiro, Santa Rita, Areial, Sap\u00e9, Rio Tinto, Prata, Salgado de S\u00e3o F\u00e9lix, Bayeux, Serraria, Gado Bravo, Cruz do Esp\u00edrito Santo e Cubati.<\/p>\n\n\n\n<figure class=\"wp-block-gallery has-nested-images columns-default is-cropped wp-block-gallery-1 is-layout-flex wp-block-gallery-is-layout-flex\">\n<figure class=\"wp-block-image size-large\"><img decoding=\"async\" width=\"1024\" height=\"683\" data-id=\"29361\" src=\"https:\/\/tce.pb.gov.br\/portalprimeirainfancia\/wp-content\/uploads\/2025\/05\/Leonardo-2-1-1024x683.jpg\" alt=\"\" class=\"wp-image-29361\" srcset=\"https:\/\/tce.pb.gov.br\/portalprimeirainfancia\/wp-content\/uploads\/2025\/05\/Leonardo-2-1-1024x683.jpg 1024w, https:\/\/tce.pb.gov.br\/portalprimeirainfancia\/wp-content\/uploads\/2025\/05\/Leonardo-2-1-300x200.jpg 300w, https:\/\/tce.pb.gov.br\/portalprimeirainfancia\/wp-content\/uploads\/2025\/05\/Leonardo-2-1-768x512.jpg 768w, https:\/\/tce.pb.gov.br\/portalprimeirainfancia\/wp-content\/uploads\/2025\/05\/Leonardo-2-1.jpg 1500w\" sizes=\"(max-width: 1024px) 100vw, 1024px\" \/><\/figure>\n\n\n\n<figure class=\"wp-block-image size-large\"><img decoding=\"async\" width=\"1024\" height=\"683\" data-id=\"29360\" src=\"https:\/\/tce.pb.gov.br\/portalprimeirainfancia\/wp-content\/uploads\/2025\/05\/Leonardo-3-1024x683-1.jpg\" alt=\"\" class=\"wp-image-29360\" srcset=\"https:\/\/tce.pb.gov.br\/portalprimeirainfancia\/wp-content\/uploads\/2025\/05\/Leonardo-3-1024x683-1.jpg 1024w, https:\/\/tce.pb.gov.br\/portalprimeirainfancia\/wp-content\/uploads\/2025\/05\/Leonardo-3-1024x683-1-300x200.jpg 300w, https:\/\/tce.pb.gov.br\/portalprimeirainfancia\/wp-content\/uploads\/2025\/05\/Leonardo-3-1024x683-1-768x512.jpg 768w\" sizes=\"(max-width: 1024px) 100vw, 1024px\" \/><\/figure>\n\n\n\n<figure class=\"wp-block-image size-large\"><img loading=\"lazy\" decoding=\"async\" width=\"915\" height=\"1024\" data-id=\"29362\" src=\"https:\/\/tce.pb.gov.br\/portalprimeirainfancia\/wp-content\/uploads\/2025\/05\/Leonardo-915x1024-1.jpg\" alt=\"\" class=\"wp-image-29362\" srcset=\"https:\/\/tce.pb.gov.br\/portalprimeirainfancia\/wp-content\/uploads\/2025\/05\/Leonardo-915x1024-1.jpg 915w, https:\/\/tce.pb.gov.br\/portalprimeirainfancia\/wp-content\/uploads\/2025\/05\/Leonardo-915x1024-1-268x300.jpg 268w, https:\/\/tce.pb.gov.br\/portalprimeirainfancia\/wp-content\/uploads\/2025\/05\/Leonardo-915x1024-1-768x859.jpg 768w\" sizes=\"(max-width: 915px) 100vw, 915px\" \/><\/figure>\n<\/figure>\n","protected":false},"excerpt":{"rendered":"<p>O Tribunal de Contas do Estado da Para\u00edba (TCE-PB) participou, nesta quinta-feira(22), do Encontro Estadual de Conselheiros Tutelares, realizado no [&hellip;]<\/p>\n","protected":false},"author":6,"featured_media":29361,"comment_status":"closed","ping_status":"closed","sticky":false,"template":"","format":"standard","meta":{"site-sidebar-layout":"default","site-content-layout":"","ast-site-content-layout":"","site-content-style":"default","site-sidebar-style":"default","ast-global-header-display":"","ast-banner-title-visibility":"","ast-main-header-display":"","ast-hfb-above-header-display":"","ast-hfb-below-header-display":"","ast-hfb-mobile-header-display":"","site-post-title":"","ast-breadcrumbs-content":"","ast-featured-img":"","footer-sml-layout":"","theme-transparent-header-meta":"","adv-header-id-meta":"","stick-header-meta":"","header-above-stick-meta":"","header-main-stick-meta":"","header-below-stick-meta":"","astra-migrate-meta-layouts":"default","ast-page-background-enabled":"default","ast-page-background-meta":{"desktop":{"background-color":"var(--ast-global-color-5)","background-image":"","background-repeat":"repeat","background-position":"center center","background-size":"auto","background-attachment":"scroll","background-type":"","background-media":"","overlay-type":"","overlay-color":"","overlay-opacity":"","overlay-gradient":""},"tablet":{"background-color":"","background-image":"","background-repeat":"repeat","background-position":"center center","background-size":"auto","background-attachment":"scroll","background-type":"","background-media":"","overlay-type":"","overlay-color":"","overlay-opacity":"","overlay-gradient":""},"mobile":{"background-color":"","background-image":"","background-repeat":"repeat","background-position":"center center","background-size":"auto","background-attachment":"scroll","background-type":"","background-media":"","overlay-type":"","overlay-color":"","overlay-opacity":"","overlay-gradient":""}},"ast-content-background-meta":{"desktop":{"background-color":"var(--ast-global-color-4)","background-image":"","background-repeat":"repeat","background-position":"center center","background-size":"auto","background-attachment":"scroll","background-type":"","background-media":"","overlay-type":"","overlay-color":"","overlay-opacity":"","overlay-gradient":""},"tablet":{"background-color":"var(--ast-global-color-4)","background-image":"","background-repeat":"repeat","background-position":"center center","background-size":"auto","background-attachment":"scroll","background-type":"","background-media":"","overlay-type":"","overlay-color":"","overlay-opacity":"","overlay-gradient":""},"mobile":{"background-color":"var(--ast-global-color-4)","background-image":"","background-repeat":"repeat","background-position":"center center","background-size":"auto","background-attachment":"scroll","background-type":"","background-media":"","overlay-type":"","overlay-color":"","overlay-opacity":"","overlay-gradient":""}},"_jetpack_memberships_contains_paid_content":false,"footnotes":""},"categories":[7],"tags":[36,37,27,25,38,31,26],"class_list":["post-29358","post","type-post","status-publish","format-standard","has-post-thumbnail","hentry","category-noticias","tag-conselheiro-tutelar","tag-conselheiros-tutelares","tag-pacto-pela-primeira-infancia","tag-primeira-infancia","tag-protecao-criancas","tag-tce","tag-tce-pb"],"yoast_head":"<!-- This site is optimized with the Yoast SEO plugin v27.5 - https:\/\/yoast.com\/product\/yoast-seo-wordpress\/ -->\n<title>TCE-PB refor\u00e7a compromisso com a inf\u00e2ncia em encontro estadual de conselheiros tutelares em Sap\u00e9 %<\/title>\n<meta name=\"description\" content=\"O Tribunal de Contas do Estado da Para\u00edba (TCE-PB) participou, nesta quinta-feira(22), do Encontro Estadual de Conselheiros Tutelares, realizado no munic\u00edpio de Sap\u00e9, com foco na promo\u00e7\u00e3o de pol\u00edticas p\u00fablicas voltadas \u00e0 inf\u00e2ncia e juventude. O evento teve a coordena\u00e7\u00e3o de Maricelia Pinto Ferreira, integrante da ONG Restaurando Vidas (Sap\u00e9).\" \/>\n<meta name=\"robots\" content=\"index, follow, max-snippet:-1, max-image-preview:large, max-video-preview:-1\" \/>\n<link rel=\"canonical\" href=\"https:\/\/tce.pb.gov.br\/portalprimeirainfancia\/tce-pb-reforca-compromisso-com-a-infancia-em-encontro-estadual-de-conselheiros-tutelares-em-sape\/\" \/>\n<meta property=\"og:locale\" content=\"pt_BR\" \/>\n<meta property=\"og:type\" content=\"article\" \/>\n<meta property=\"og:title\" content=\"TCE-PB refor\u00e7a compromisso com a inf\u00e2ncia em encontro estadual de conselheiros tutelares em Sap\u00e9\" \/>\n<meta property=\"og:description\" content=\"O Tribunal de Contas do Estado da Para\u00edba (TCE-PB) participou, nesta quinta-feira(22), do Encontro Estadual de Conselheiros Tutelares, realizado no munic\u00edpio de Sap\u00e9, com foco na promo\u00e7\u00e3o de pol\u00edticas p\u00fablicas voltadas \u00e0 inf\u00e2ncia e juventude. O evento teve a coordena\u00e7\u00e3o de Maricelia Pinto Ferreira, integrante da ONG Restaurando Vidas (Sap\u00e9).\" \/>\n<meta property=\"og:url\" content=\"https:\/\/tce.pb.gov.br\/portalprimeirainfancia\/tce-pb-reforca-compromisso-com-a-infancia-em-encontro-estadual-de-conselheiros-tutelares-em-sape\/\" \/>\n<meta property=\"og:site_name\" content=\"Pacto Paraibano pela Primeira Inf\u00e2ncia\" \/>\n<meta property=\"article:published_time\" content=\"2025-05-22T21:00:00+00:00\" \/>\n<meta property=\"article:modified_time\" content=\"2025-05-23T13:49:20+00:00\" \/>\n<meta property=\"og:image\" content=\"https:\/\/tce.pb.gov.br\/portalprimeirainfancia\/wp-content\/uploads\/2025\/05\/Leonardo-2-1.jpg\" \/>\n\t<meta property=\"og:image:width\" content=\"1500\" \/>\n\t<meta property=\"og:image:height\" content=\"1000\" \/>\n\t<meta property=\"og:image:type\" content=\"image\/jpeg\" \/>\n<meta name=\"author\" content=\"Rafael Massoni\" \/>\n<meta name=\"twitter:card\" content=\"summary_large_image\" \/>\n<meta name=\"twitter:label1\" content=\"Escrito por\" \/>\n\t<meta name=\"twitter:data1\" content=\"Rafael Massoni\" \/>\n\t<meta name=\"twitter:label2\" content=\"Est. tempo de leitura\" \/>\n\t<meta name=\"twitter:data2\" content=\"4 minutos\" \/>\n<script type=\"application\/ld+json\" class=\"yoast-schema-graph\">{\"@context\":\"https:\\\/\\\/schema.org\",\"@graph\":[{\"@type\":\"NewsArticle\",\"@id\":\"https:\\\/\\\/tce.pb.gov.br\\\/portalprimeirainfancia\\\/tce-pb-reforca-compromisso-com-a-infancia-em-encontro-estadual-de-conselheiros-tutelares-em-sape\\\/#article\",\"isPartOf\":{\"@id\":\"https:\\\/\\\/tce.pb.gov.br\\\/portalprimeirainfancia\\\/tce-pb-reforca-compromisso-com-a-infancia-em-encontro-estadual-de-conselheiros-tutelares-em-sape\\\/\"},\"author\":{\"name\":\"Rafael Massoni\",\"@id\":\"https:\\\/\\\/tce.pb.gov.br\\\/portalprimeirainfancia\\\/#\\\/schema\\\/person\\\/6a39eea5836dda604de1c5e5b7d62141\"},\"headline\":\"TCE-PB refor\u00e7a compromisso com a inf\u00e2ncia em encontro estadual de conselheiros tutelares em Sap\u00e9\",\"datePublished\":\"2025-05-22T21:00:00+00:00\",\"dateModified\":\"2025-05-23T13:49:20+00:00\",\"mainEntityOfPage\":{\"@id\":\"https:\\\/\\\/tce.pb.gov.br\\\/portalprimeirainfancia\\\/tce-pb-reforca-compromisso-com-a-infancia-em-encontro-estadual-de-conselheiros-tutelares-em-sape\\\/\"},\"wordCount\":504,\"publisher\":{\"@id\":\"https:\\\/\\\/tce.pb.gov.br\\\/portalprimeirainfancia\\\/#organization\"},\"image\":{\"@id\":\"https:\\\/\\\/tce.pb.gov.br\\\/portalprimeirainfancia\\\/tce-pb-reforca-compromisso-com-a-infancia-em-encontro-estadual-de-conselheiros-tutelares-em-sape\\\/#primaryimage\"},\"thumbnailUrl\":\"https:\\\/\\\/tce.pb.gov.br\\\/portalprimeirainfancia\\\/wp-content\\\/uploads\\\/2025\\\/05\\\/Leonardo-2-1.jpg\",\"keywords\":[\"conselheiro tutelar\",\"conselheiros tutelares\",\"pacto pela primeira infancia\",\"primeira infancia\",\"prote\u00e7\u00e3o crian\u00e7as\",\"tce\",\"tce-pb\"],\"articleSection\":[\"Not\u00edcias\"],\"inLanguage\":\"pt-BR\"},{\"@type\":\"WebPage\",\"@id\":\"https:\\\/\\\/tce.pb.gov.br\\\/portalprimeirainfancia\\\/tce-pb-reforca-compromisso-com-a-infancia-em-encontro-estadual-de-conselheiros-tutelares-em-sape\\\/\",\"url\":\"https:\\\/\\\/tce.pb.gov.br\\\/portalprimeirainfancia\\\/tce-pb-reforca-compromisso-com-a-infancia-em-encontro-estadual-de-conselheiros-tutelares-em-sape\\\/\",\"name\":\"TCE-PB refor\u00e7a compromisso com a inf\u00e2ncia em encontro estadual de conselheiros tutelares em Sap\u00e9 %\",\"isPartOf\":{\"@id\":\"https:\\\/\\\/tce.pb.gov.br\\\/portalprimeirainfancia\\\/#website\"},\"primaryImageOfPage\":{\"@id\":\"https:\\\/\\\/tce.pb.gov.br\\\/portalprimeirainfancia\\\/tce-pb-reforca-compromisso-com-a-infancia-em-encontro-estadual-de-conselheiros-tutelares-em-sape\\\/#primaryimage\"},\"image\":{\"@id\":\"https:\\\/\\\/tce.pb.gov.br\\\/portalprimeirainfancia\\\/tce-pb-reforca-compromisso-com-a-infancia-em-encontro-estadual-de-conselheiros-tutelares-em-sape\\\/#primaryimage\"},\"thumbnailUrl\":\"https:\\\/\\\/tce.pb.gov.br\\\/portalprimeirainfancia\\\/wp-content\\\/uploads\\\/2025\\\/05\\\/Leonardo-2-1.jpg\",\"datePublished\":\"2025-05-22T21:00:00+00:00\",\"dateModified\":\"2025-05-23T13:49:20+00:00\",\"description\":\"O Tribunal de Contas do Estado da Para\u00edba (TCE-PB) participou, nesta quinta-feira(22), do Encontro Estadual de Conselheiros Tutelares, realizado no munic\u00edpio de Sap\u00e9, com foco na promo\u00e7\u00e3o de pol\u00edticas p\u00fablicas voltadas \u00e0 inf\u00e2ncia e juventude. O evento teve a coordena\u00e7\u00e3o de Maricelia Pinto Ferreira, integrante da ONG Restaurando Vidas (Sap\u00e9).\",\"breadcrumb\":{\"@id\":\"https:\\\/\\\/tce.pb.gov.br\\\/portalprimeirainfancia\\\/tce-pb-reforca-compromisso-com-a-infancia-em-encontro-estadual-de-conselheiros-tutelares-em-sape\\\/#breadcrumb\"},\"inLanguage\":\"pt-BR\",\"potentialAction\":[{\"@type\":\"ReadAction\",\"target\":[\"https:\\\/\\\/tce.pb.gov.br\\\/portalprimeirainfancia\\\/tce-pb-reforca-compromisso-com-a-infancia-em-encontro-estadual-de-conselheiros-tutelares-em-sape\\\/\"]}]},{\"@type\":\"ImageObject\",\"inLanguage\":\"pt-BR\",\"@id\":\"https:\\\/\\\/tce.pb.gov.br\\\/portalprimeirainfancia\\\/tce-pb-reforca-compromisso-com-a-infancia-em-encontro-estadual-de-conselheiros-tutelares-em-sape\\\/#primaryimage\",\"url\":\"https:\\\/\\\/tce.pb.gov.br\\\/portalprimeirainfancia\\\/wp-content\\\/uploads\\\/2025\\\/05\\\/Leonardo-2-1.jpg\",\"contentUrl\":\"https:\\\/\\\/tce.pb.gov.br\\\/portalprimeirainfancia\\\/wp-content\\\/uploads\\\/2025\\\/05\\\/Leonardo-2-1.jpg\",\"width\":1500,\"height\":1000},{\"@type\":\"BreadcrumbList\",\"@id\":\"https:\\\/\\\/tce.pb.gov.br\\\/portalprimeirainfancia\\\/tce-pb-reforca-compromisso-com-a-infancia-em-encontro-estadual-de-conselheiros-tutelares-em-sape\\\/#breadcrumb\",\"itemListElement\":[{\"@type\":\"ListItem\",\"position\":1,\"name\":\"In\u00edcio\",\"item\":\"https:\\\/\\\/tce.pb.gov.br\\\/portalprimeirainfancia\\\/\"},{\"@type\":\"ListItem\",\"position\":2,\"name\":\"TCE-PB refor\u00e7a compromisso com a inf\u00e2ncia em encontro estadual de conselheiros tutelares em Sap\u00e9\"}]},{\"@type\":\"WebSite\",\"@id\":\"https:\\\/\\\/tce.pb.gov.br\\\/portalprimeirainfancia\\\/#website\",\"url\":\"https:\\\/\\\/tce.pb.gov.br\\\/portalprimeirainfancia\\\/\",\"name\":\"Pacto Paraibano pela Primeira Inf\u00e2ncia\",\"description\":\"Portal para divulga\u00e7\u00e3o do Pacto Paraibano pela Primeira Inf\u00e2ncia\",\"publisher\":{\"@id\":\"https:\\\/\\\/tce.pb.gov.br\\\/portalprimeirainfancia\\\/#organization\"},\"potentialAction\":[{\"@type\":\"SearchAction\",\"target\":{\"@type\":\"EntryPoint\",\"urlTemplate\":\"https:\\\/\\\/tce.pb.gov.br\\\/portalprimeirainfancia\\\/?s={search_term_string}\"},\"query-input\":{\"@type\":\"PropertyValueSpecification\",\"valueRequired\":true,\"valueName\":\"search_term_string\"}}],\"inLanguage\":\"pt-BR\"},{\"@type\":\"Organization\",\"@id\":\"https:\\\/\\\/tce.pb.gov.br\\\/portalprimeirainfancia\\\/#organization\",\"name\":\"Pacto Paraibano pela Primeira Inf\u00e2ncia\",\"alternateName\":\"TCE-PB\",\"url\":\"https:\\\/\\\/tce.pb.gov.br\\\/portalprimeirainfancia\\\/\",\"logo\":{\"@type\":\"ImageObject\",\"inLanguage\":\"pt-BR\",\"@id\":\"https:\\\/\\\/tce.pb.gov.br\\\/portalprimeirainfancia\\\/#\\\/schema\\\/logo\\\/image\\\/\",\"url\":\"https:\\\/\\\/tce.pb.gov.br\\\/portalprimeirainfancia\\\/wp-content\\\/uploads\\\/2025\\\/05\\\/Pacto-Whatsapp.png\",\"contentUrl\":\"https:\\\/\\\/tce.pb.gov.br\\\/portalprimeirainfancia\\\/wp-content\\\/uploads\\\/2025\\\/05\\\/Pacto-Whatsapp.png\",\"width\":427,\"height\":427,\"caption\":\"Pacto Paraibano pela Primeira Inf\u00e2ncia\"},\"image\":{\"@id\":\"https:\\\/\\\/tce.pb.gov.br\\\/portalprimeirainfancia\\\/#\\\/schema\\\/logo\\\/image\\\/\"},\"sameAs\":[\"https:\\\/\\\/www.instagram.com\\\/tcepb\\\/\"]},{\"@type\":\"Person\",\"@id\":\"https:\\\/\\\/tce.pb.gov.br\\\/portalprimeirainfancia\\\/#\\\/schema\\\/person\\\/6a39eea5836dda604de1c5e5b7d62141\",\"name\":\"Rafael Massoni\"}]}<\/script>\n<!-- \/ Yoast SEO plugin. -->","yoast_head_json":{"title":"TCE-PB refor\u00e7a compromisso com a inf\u00e2ncia em encontro estadual de conselheiros tutelares em Sap\u00e9 %","description":"O Tribunal de Contas do Estado da Para\u00edba (TCE-PB) participou, nesta quinta-feira(22), do Encontro Estadual de Conselheiros Tutelares, realizado no munic\u00edpio de Sap\u00e9, com foco na promo\u00e7\u00e3o de pol\u00edticas p\u00fablicas voltadas \u00e0 inf\u00e2ncia e juventude. O evento teve a coordena\u00e7\u00e3o de Maricelia Pinto Ferreira, integrante da ONG Restaurando Vidas (Sap\u00e9).","robots":{"index":"index","follow":"follow","max-snippet":"max-snippet:-1","max-image-preview":"max-image-preview:large","max-video-preview":"max-video-preview:-1"},"canonical":"https:\/\/tce.pb.gov.br\/portalprimeirainfancia\/tce-pb-reforca-compromisso-com-a-infancia-em-encontro-estadual-de-conselheiros-tutelares-em-sape\/","og_locale":"pt_BR","og_type":"article","og_title":"TCE-PB refor\u00e7a compromisso com a inf\u00e2ncia em encontro estadual de conselheiros tutelares em Sap\u00e9","og_description":"O Tribunal de Contas do Estado da Para\u00edba (TCE-PB) participou, nesta quinta-feira(22), do Encontro Estadual de Conselheiros Tutelares, realizado no munic\u00edpio de Sap\u00e9, com foco na promo\u00e7\u00e3o de pol\u00edticas p\u00fablicas voltadas \u00e0 inf\u00e2ncia e juventude. O evento teve a coordena\u00e7\u00e3o de Maricelia Pinto Ferreira, integrante da ONG Restaurando Vidas (Sap\u00e9).","og_url":"https:\/\/tce.pb.gov.br\/portalprimeirainfancia\/tce-pb-reforca-compromisso-com-a-infancia-em-encontro-estadual-de-conselheiros-tutelares-em-sape\/","og_site_name":"Pacto Paraibano pela Primeira Inf\u00e2ncia","article_published_time":"2025-05-22T21:00:00+00:00","article_modified_time":"2025-05-23T13:49:20+00:00","og_image":[{"width":1500,"height":1000,"url":"https:\/\/tce.pb.gov.br\/portalprimeirainfancia\/wp-content\/uploads\/2025\/05\/Leonardo-2-1.jpg","type":"image\/jpeg"}],"author":"Rafael Massoni","twitter_card":"summary_large_image","twitter_misc":{"Escrito por":"Rafael Massoni","Est. tempo de leitura":"4 minutos"},"schema":{"@context":"https:\/\/schema.org","@graph":[{"@type":"NewsArticle","@id":"https:\/\/tce.pb.gov.br\/portalprimeirainfancia\/tce-pb-reforca-compromisso-com-a-infancia-em-encontro-estadual-de-conselheiros-tutelares-em-sape\/#article","isPartOf":{"@id":"https:\/\/tce.pb.gov.br\/portalprimeirainfancia\/tce-pb-reforca-compromisso-com-a-infancia-em-encontro-estadual-de-conselheiros-tutelares-em-sape\/"},"author":{"name":"Rafael Massoni","@id":"https:\/\/tce.pb.gov.br\/portalprimeirainfancia\/#\/schema\/person\/6a39eea5836dda604de1c5e5b7d62141"},"headline":"TCE-PB refor\u00e7a compromisso com a inf\u00e2ncia em encontro estadual de conselheiros tutelares em Sap\u00e9","datePublished":"2025-05-22T21:00:00+00:00","dateModified":"2025-05-23T13:49:20+00:00","mainEntityOfPage":{"@id":"https:\/\/tce.pb.gov.br\/portalprimeirainfancia\/tce-pb-reforca-compromisso-com-a-infancia-em-encontro-estadual-de-conselheiros-tutelares-em-sape\/"},"wordCount":504,"publisher":{"@id":"https:\/\/tce.pb.gov.br\/portalprimeirainfancia\/#organization"},"image":{"@id":"https:\/\/tce.pb.gov.br\/portalprimeirainfancia\/tce-pb-reforca-compromisso-com-a-infancia-em-encontro-estadual-de-conselheiros-tutelares-em-sape\/#primaryimage"},"thumbnailUrl":"https:\/\/tce.pb.gov.br\/portalprimeirainfancia\/wp-content\/uploads\/2025\/05\/Leonardo-2-1.jpg","keywords":["conselheiro tutelar","conselheiros tutelares","pacto pela primeira infancia","primeira infancia","prote\u00e7\u00e3o crian\u00e7as","tce","tce-pb"],"articleSection":["Not\u00edcias"],"inLanguage":"pt-BR"},{"@type":"WebPage","@id":"https:\/\/tce.pb.gov.br\/portalprimeirainfancia\/tce-pb-reforca-compromisso-com-a-infancia-em-encontro-estadual-de-conselheiros-tutelares-em-sape\/","url":"https:\/\/tce.pb.gov.br\/portalprimeirainfancia\/tce-pb-reforca-compromisso-com-a-infancia-em-encontro-estadual-de-conselheiros-tutelares-em-sape\/","name":"TCE-PB refor\u00e7a compromisso com a inf\u00e2ncia em encontro estadual de conselheiros tutelares em Sap\u00e9 %","isPartOf":{"@id":"https:\/\/tce.pb.gov.br\/portalprimeirainfancia\/#website"},"primaryImageOfPage":{"@id":"https:\/\/tce.pb.gov.br\/portalprimeirainfancia\/tce-pb-reforca-compromisso-com-a-infancia-em-encontro-estadual-de-conselheiros-tutelares-em-sape\/#primaryimage"},"image":{"@id":"https:\/\/tce.pb.gov.br\/portalprimeirainfancia\/tce-pb-reforca-compromisso-com-a-infancia-em-encontro-estadual-de-conselheiros-tutelares-em-sape\/#primaryimage"},"thumbnailUrl":"https:\/\/tce.pb.gov.br\/portalprimeirainfancia\/wp-content\/uploads\/2025\/05\/Leonardo-2-1.jpg","datePublished":"2025-05-22T21:00:00+00:00","dateModified":"2025-05-23T13:49:20+00:00","description":"O Tribunal de Contas do Estado da Para\u00edba (TCE-PB) participou, nesta quinta-feira(22), do Encontro Estadual de Conselheiros Tutelares, realizado no munic\u00edpio de Sap\u00e9, com foco na promo\u00e7\u00e3o de pol\u00edticas p\u00fablicas voltadas \u00e0 inf\u00e2ncia e juventude. O evento teve a coordena\u00e7\u00e3o de Maricelia Pinto Ferreira, integrante da ONG Restaurando Vidas (Sap\u00e9).","breadcrumb":{"@id":"https:\/\/tce.pb.gov.br\/portalprimeirainfancia\/tce-pb-reforca-compromisso-com-a-infancia-em-encontro-estadual-de-conselheiros-tutelares-em-sape\/#breadcrumb"},"inLanguage":"pt-BR","potentialAction":[{"@type":"ReadAction","target":["https:\/\/tce.pb.gov.br\/portalprimeirainfancia\/tce-pb-reforca-compromisso-com-a-infancia-em-encontro-estadual-de-conselheiros-tutelares-em-sape\/"]}]},{"@type":"ImageObject","inLanguage":"pt-BR","@id":"https:\/\/tce.pb.gov.br\/portalprimeirainfancia\/tce-pb-reforca-compromisso-com-a-infancia-em-encontro-estadual-de-conselheiros-tutelares-em-sape\/#primaryimage","url":"https:\/\/tce.pb.gov.br\/portalprimeirainfancia\/wp-content\/uploads\/2025\/05\/Leonardo-2-1.jpg","contentUrl":"https:\/\/tce.pb.gov.br\/portalprimeirainfancia\/wp-content\/uploads\/2025\/05\/Leonardo-2-1.jpg","width":1500,"height":1000},{"@type":"BreadcrumbList","@id":"https:\/\/tce.pb.gov.br\/portalprimeirainfancia\/tce-pb-reforca-compromisso-com-a-infancia-em-encontro-estadual-de-conselheiros-tutelares-em-sape\/#breadcrumb","itemListElement":[{"@type":"ListItem","position":1,"name":"In\u00edcio","item":"https:\/\/tce.pb.gov.br\/portalprimeirainfancia\/"},{"@type":"ListItem","position":2,"name":"TCE-PB refor\u00e7a compromisso com a inf\u00e2ncia em encontro estadual de conselheiros tutelares em Sap\u00e9"}]},{"@type":"WebSite","@id":"https:\/\/tce.pb.gov.br\/portalprimeirainfancia\/#website","url":"https:\/\/tce.pb.gov.br\/portalprimeirainfancia\/","name":"Pacto Paraibano pela Primeira Inf\u00e2ncia","description":"Portal para divulga\u00e7\u00e3o do Pacto Paraibano pela Primeira Inf\u00e2ncia","publisher":{"@id":"https:\/\/tce.pb.gov.br\/portalprimeirainfancia\/#organization"},"potentialAction":[{"@type":"SearchAction","target":{"@type":"EntryPoint","urlTemplate":"https:\/\/tce.pb.gov.br\/portalprimeirainfancia\/?s={search_term_string}"},"query-input":{"@type":"PropertyValueSpecification","valueRequired":true,"valueName":"search_term_string"}}],"inLanguage":"pt-BR"},{"@type":"Organization","@id":"https:\/\/tce.pb.gov.br\/portalprimeirainfancia\/#organization","name":"Pacto Paraibano pela Primeira Inf\u00e2ncia","alternateName":"TCE-PB","url":"https:\/\/tce.pb.gov.br\/portalprimeirainfancia\/","logo":{"@type":"ImageObject","inLanguage":"pt-BR","@id":"https:\/\/tce.pb.gov.br\/portalprimeirainfancia\/#\/schema\/logo\/image\/","url":"https:\/\/tce.pb.gov.br\/portalprimeirainfancia\/wp-content\/uploads\/2025\/05\/Pacto-Whatsapp.png","contentUrl":"https:\/\/tce.pb.gov.br\/portalprimeirainfancia\/wp-content\/uploads\/2025\/05\/Pacto-Whatsapp.png","width":427,"height":427,"caption":"Pacto Paraibano pela Primeira Inf\u00e2ncia"},"image":{"@id":"https:\/\/tce.pb.gov.br\/portalprimeirainfancia\/#\/schema\/logo\/image\/"},"sameAs":["https:\/\/www.instagram.com\/tcepb\/"]},{"@type":"Person","@id":"https:\/\/tce.pb.gov.br\/portalprimeirainfancia\/#\/schema\/person\/6a39eea5836dda604de1c5e5b7d62141","name":"Rafael Massoni"}]}},"jetpack_featured_media_url":"https:\/\/tce.pb.gov.br\/portalprimeirainfancia\/wp-content\/uploads\/2025\/05\/Leonardo-2-1.jpg","jetpack_sharing_enabled":true,"_links":{"self":[{"href":"https:\/\/tce.pb.gov.br\/portalprimeirainfancia\/wp-json\/wp\/v2\/posts\/29358","targetHints":{"allow":["GET"]}}],"collection":[{"href":"https:\/\/tce.pb.gov.br\/portalprimeirainfancia\/wp-json\/wp\/v2\/posts"}],"about":[{"href":"https:\/\/tce.pb.gov.br\/portalprimeirainfancia\/wp-json\/wp\/v2\/types\/post"}],"author":[{"embeddable":true,"href":"https:\/\/tce.pb.gov.br\/portalprimeirainfancia\/wp-json\/wp\/v2\/users\/6"}],"replies":[{"embeddable":true,"href":"https:\/\/tce.pb.gov.br\/portalprimeirainfancia\/wp-json\/wp\/v2\/comments?post=29358"}],"version-history":[{"count":1,"href":"https:\/\/tce.pb.gov.br\/portalprimeirainfancia\/wp-json\/wp\/v2\/posts\/29358\/revisions"}],"predecessor-version":[{"id":29363,"href":"https:\/\/tce.pb.gov.br\/portalprimeirainfancia\/wp-json\/wp\/v2\/posts\/29358\/revisions\/29363"}],"wp:featuredmedia":[{"embeddable":true,"href":"https:\/\/tce.pb.gov.br\/portalprimeirainfancia\/wp-json\/wp\/v2\/media\/29361"}],"wp:attachment":[{"href":"https:\/\/tce.pb.gov.br\/portalprimeirainfancia\/wp-json\/wp\/v2\/media?parent=29358"}],"wp:term":[{"taxonomy":"category","embeddable":true,"href":"https:\/\/tce.pb.gov.br\/portalprimeirainfancia\/wp-json\/wp\/v2\/categories?post=29358"},{"taxonomy":"post_tag","embeddable":true,"href":"https:\/\/tce.pb.gov.br\/portalprimeirainfancia\/wp-json\/wp\/v2\/tags?post=29358"}],"curies":[{"name":"wp","href":"https:\/\/api.w.org\/{rel}","templated":true}]}}