{"id":29353,"date":"2025-05-21T12:11:41","date_gmt":"2025-05-21T15:11:41","guid":{"rendered":"https:\/\/tce.pb.gov.br\/portalprimeirainfancia\/?p=29353"},"modified":"2025-05-21T12:11:43","modified_gmt":"2025-05-21T15:11:43","slug":"tce-pb-realiza-nova-capacitacao-sobre-ppa-e-loa-com-foco-na-primeira-infancia-desta-vez-em-monteiro","status":"publish","type":"post","link":"https:\/\/tce.pb.gov.br\/portalprimeirainfancia\/tce-pb-realiza-nova-capacitacao-sobre-ppa-e-loa-com-foco-na-primeira-infancia-desta-vez-em-monteiro\/","title":{"rendered":"TCE-PB realiza nova capacita\u00e7\u00e3o sobre PPA e LOA com foco na Primeira Inf\u00e2ncia, desta vez em Monteiro"},"content":{"rendered":"\n<figure class=\"wp-block-image aligncenter size-large\"><img fetchpriority=\"high\" decoding=\"async\" width=\"1024\" height=\"683\" src=\"https:\/\/tce.pb.gov.br\/portalprimeirainfancia\/wp-content\/uploads\/2025\/05\/image-3-1024x683.png\" alt=\"\" class=\"wp-image-29354\" srcset=\"https:\/\/tce.pb.gov.br\/portalprimeirainfancia\/wp-content\/uploads\/2025\/05\/image-3-1024x683.png 1024w, https:\/\/tce.pb.gov.br\/portalprimeirainfancia\/wp-content\/uploads\/2025\/05\/image-3-300x200.png 300w, https:\/\/tce.pb.gov.br\/portalprimeirainfancia\/wp-content\/uploads\/2025\/05\/image-3-768x512.png 768w, https:\/\/tce.pb.gov.br\/portalprimeirainfancia\/wp-content\/uploads\/2025\/05\/image-3-1536x1025.png 1536w, https:\/\/tce.pb.gov.br\/portalprimeirainfancia\/wp-content\/uploads\/2025\/05\/image-3.png 1920w\" sizes=\"(max-width: 1024px) 100vw, 1024px\" \/><\/figure>\n\n\n\n<p>O Tribunal de Contas da Para\u00edba (TCE-PB) segue avan\u00e7ando com o ciclo de capacita\u00e7\u00f5es presenciais voltadas ao fortalecimento das pol\u00edticas p\u00fablicas para a Primeira Inf\u00e2ncia. Nos dias 26 e 27 de maio, ser\u00e1 a vez do munic\u00edpio de Monteiro sediar mais uma etapa da forma\u00e7\u00e3o que aborda o Plano Plurianual (PPA) e a Lei Or\u00e7ament\u00e1ria Anual (LOA).<\/p>\n\n\n\n<p>A capacita\u00e7\u00e3o, promovida pela Comiss\u00e3o da Primeira Inf\u00e2ncia do TCE-PB, tem como p\u00fablico-alvo prefeitos, secret\u00e1rios e t\u00e9cnicos municipais das \u00e1reas de planejamento, finan\u00e7as e desenvolvimento infantil. A abertura do evento contar\u00e1 com a presen\u00e7a do conselheiro Andr\u00e9 Carlo Torres Pontes, vice-presidente do TCE-PB e presidente da Comiss\u00e3o da Primeira Inf\u00e2ncia.<\/p>\n\n\n\n<p>Monteiro representa a terceira parada de um circuito que contempla cinco polos estrat\u00e9gicos do estado. Foram convidados representantes de mais de 50 munic\u00edpios da regi\u00e3o, como : Alcantil, Amparo, Assun\u00e7\u00e3o, Bara\u00fana, Barra de Santana, Barra de S\u00e3o Miguel, Boqueir\u00e3o, Cabaceiras, Cacimba de Areia, Cacimbas, Cara\u00fabas, Caturit\u00e9, Congo, Coxixola, Cubati, Desterro, Frei Martinho, Gurj\u00e3o, Juazeirinho, Junco do Serid\u00f3, Livramento, Monteiro, Nova Palmeira, Ouro Velho, Parari, Pedra Lavrada, Picu\u00ed, Prata, Riacho de Santo Ant\u00f4nio, Salgadinho, Santo Andr\u00e9, S\u00e3o Domingos do Cariri, S\u00e3o Jo\u00e3o do Cariri, S\u00e3o Jo\u00e3o do Tigre, S\u00e3o Jos\u00e9 do Bonfim, S\u00e3o Jos\u00e9 do Sabugi, S\u00e3o Jos\u00e9 dos Cordeiros, S\u00e3o Sebasti\u00e3o do Umbuzeiro, S\u00e3o Vicente, Serra Branca, Soledade, Sum\u00e9, Tapero\u00e1, Teixeira, Ten\u00f3rio, V\u00e1rzea e Zabel\u00ea.&nbsp;<strong>Link para inscri\u00e7\u00f5es<\/strong>:&nbsp;<a href=\"http:\/\/tiny.cc\/ppaeloa\">http:\/\/tiny.cc\/ppaeloa<\/a><\/p>\n\n\n\n<p>Com carga hor\u00e1ria de 12 horas-aula, o curso ser\u00e1 ministrado pelo auditor de controle externo Luzemar Martins. Al\u00e9m de aprofundar temas t\u00e9cnicos relacionados ao planejamento or\u00e7ament\u00e1rio, os participantes ter\u00e3o acesso \u00e0 Matriz de Planejamento da Auditoria Operacional sobre a Primeira Inf\u00e2ncia \u2014 instrumento essencial para subsidiar a elabora\u00e7\u00e3o de pol\u00edticas p\u00fablicas voltadas a crian\u00e7as de 0 a 6 anos.<\/p>\n\n\n\n<p>O conselheiro F\u00e1bio Nogueira, presidente do TCE-PB e idealizador do Pacto Paraibano pela Primeira Inf\u00e2ncia, destacou o papel estrat\u00e9gico da iniciativa. \u201c\u00c9 no planejamento e na aloca\u00e7\u00e3o eficiente dos recursos p\u00fablicos que se define o presente e o futuro das nossas crian\u00e7as\u201d, afirmou.<\/p>\n\n\n\n<p>Para o conselheiro Andr\u00e9 Carlo, a participa\u00e7\u00e3o ativa dos gestores \u00e9 essencial: \u201cA valida\u00e7\u00e3o da matriz de auditoria ser\u00e1 fundamental para garantir pol\u00edticas p\u00fablicas mais efetivas para a Primeira Inf\u00e2ncia\u201d, refor\u00e7ou.<\/p>\n\n\n\n<p>As capacita\u00e7\u00f5es seguem nas pr\u00f3ximas semanas em outros polos. Confira a agenda:<\/p>\n\n\n\n<ul class=\"wp-block-list\">\n<li><strong>Campina Grande<\/strong>: 28 e 29 de maio<\/li>\n\n\n\n<li><strong>Jo\u00e3o Pessoa<\/strong>: 12 e 13 de junho \u2013 no Centro Cultural Ariano Suassuna, sede do TCE-PB<\/li>\n<\/ul>\n\n\n\n<p>As inscri\u00e7\u00f5es permanecem abertas e podem ser feitas pelo link:&nbsp;<a href=\"http:\/\/tiny.cc\/ppaeloa\">http:\/\/tiny.cc\/ppaeloa<\/a><\/p>\n\n\n\n<p><\/p>\n","protected":false},"excerpt":{"rendered":"<p>O Tribunal de Contas da Para\u00edba (TCE-PB) segue avan\u00e7ando com o ciclo de capacita\u00e7\u00f5es presenciais voltadas ao fortalecimento das pol\u00edticas [&hellip;]<\/p>\n","protected":false},"author":6,"featured_media":29354,"comment_status":"closed","ping_status":"closed","sticky":false,"template":"","format":"standard","meta":{"site-sidebar-layout":"default","site-content-layout":"","ast-site-content-layout":"","site-content-style":"default","site-sidebar-style":"default","ast-global-header-display":"","ast-banner-title-visibility":"","ast-main-header-display":"","ast-hfb-above-header-display":"","ast-hfb-below-header-display":"","ast-hfb-mobile-header-display":"","site-post-title":"","ast-breadcrumbs-content":"","ast-featured-img":"","footer-sml-layout":"","theme-transparent-header-meta":"","adv-header-id-meta":"","stick-header-meta":"","header-above-stick-meta":"","header-main-stick-meta":"","header-below-stick-meta":"","astra-migrate-meta-layouts":"default","ast-page-background-enabled":"default","ast-page-background-meta":{"desktop":{"background-color":"var(--ast-global-color-5)","background-image":"","background-repeat":"repeat","background-position":"center center","background-size":"auto","background-attachment":"scroll","background-type":"","background-media":"","overlay-type":"","overlay-color":"","overlay-opacity":"","overlay-gradient":""},"tablet":{"background-color":"","background-image":"","background-repeat":"repeat","background-position":"center center","background-size":"auto","background-attachment":"scroll","background-type":"","background-media":"","overlay-type":"","overlay-color":"","overlay-opacity":"","overlay-gradient":""},"mobile":{"background-color":"","background-image":"","background-repeat":"repeat","background-position":"center center","background-size":"auto","background-attachment":"scroll","background-type":"","background-media":"","overlay-type":"","overlay-color":"","overlay-opacity":"","overlay-gradient":""}},"ast-content-background-meta":{"desktop":{"background-color":"var(--ast-global-color-4)","background-image":"","background-repeat":"repeat","background-position":"center center","background-size":"auto","background-attachment":"scroll","background-type":"","background-media":"","overlay-type":"","overlay-color":"","overlay-opacity":"","overlay-gradient":""},"tablet":{"background-color":"var(--ast-global-color-4)","background-image":"","background-repeat":"repeat","background-position":"center center","background-size":"auto","background-attachment":"scroll","background-type":"","background-media":"","overlay-type":"","overlay-color":"","overlay-opacity":"","overlay-gradient":""},"mobile":{"background-color":"var(--ast-global-color-4)","background-image":"","background-repeat":"repeat","background-position":"center center","background-size":"auto","background-attachment":"scroll","background-type":"","background-media":"","overlay-type":"","overlay-color":"","overlay-opacity":"","overlay-gradient":""}},"_jetpack_memberships_contains_paid_content":false,"footnotes":""},"categories":[7],"tags":[27,25,31,26,29,28],"class_list":["post-29353","post","type-post","status-publish","format-standard","has-post-thumbnail","hentry","category-noticias","tag-pacto-pela-primeira-infancia","tag-primeira-infancia","tag-tce","tag-tce-pb","tag-treinamento-loa","tag-treinamento-ppa"],"yoast_head":"<!-- This site is optimized with the Yoast SEO plugin v27.5 - https:\/\/yoast.com\/product\/yoast-seo-wordpress\/ -->\n<title>TCE-PB realiza nova capacita\u00e7\u00e3o sobre PPA e LOA com foco na Primeira Inf\u00e2ncia, desta vez em Monteiro %<\/title>\n<meta name=\"description\" content=\"O Tribunal de Contas da Para\u00edba (TCE-PB) segue avan\u00e7ando com o ciclo de capacita\u00e7\u00f5es presenciais voltadas ao fortalecimento das pol\u00edticas p\u00fablicas para a Primeira Inf\u00e2ncia. Nos dias 26 e 27 de maio, ser\u00e1 a vez do munic\u00edpio de Monteiro sediar mais uma etapa da forma\u00e7\u00e3o que aborda o Plano Plurianual (PPA) e a Lei Or\u00e7ament\u00e1ria Anual (LOA).\" \/>\n<meta name=\"robots\" content=\"index, follow, max-snippet:-1, max-image-preview:large, max-video-preview:-1\" \/>\n<link rel=\"canonical\" href=\"https:\/\/tce.pb.gov.br\/portalprimeirainfancia\/tce-pb-realiza-nova-capacitacao-sobre-ppa-e-loa-com-foco-na-primeira-infancia-desta-vez-em-monteiro\/\" \/>\n<meta property=\"og:locale\" content=\"pt_BR\" \/>\n<meta property=\"og:type\" content=\"article\" \/>\n<meta property=\"og:title\" content=\"TCE-PB realiza nova capacita\u00e7\u00e3o sobre PPA e LOA com foco na Primeira Inf\u00e2ncia, desta vez em Monteiro\" \/>\n<meta property=\"og:description\" content=\"O Tribunal de Contas da Para\u00edba (TCE-PB) segue avan\u00e7ando com o ciclo de capacita\u00e7\u00f5es presenciais voltadas ao fortalecimento das pol\u00edticas p\u00fablicas para a Primeira Inf\u00e2ncia. Nos dias 26 e 27 de maio, ser\u00e1 a vez do munic\u00edpio de Monteiro sediar mais uma etapa da forma\u00e7\u00e3o que aborda o Plano Plurianual (PPA) e a Lei Or\u00e7ament\u00e1ria Anual (LOA).\" \/>\n<meta property=\"og:url\" content=\"https:\/\/tce.pb.gov.br\/portalprimeirainfancia\/tce-pb-realiza-nova-capacitacao-sobre-ppa-e-loa-com-foco-na-primeira-infancia-desta-vez-em-monteiro\/\" \/>\n<meta property=\"og:site_name\" content=\"Pacto Paraibano pela Primeira Inf\u00e2ncia\" \/>\n<meta property=\"article:published_time\" content=\"2025-05-21T15:11:41+00:00\" \/>\n<meta property=\"article:modified_time\" content=\"2025-05-21T15:11:43+00:00\" \/>\n<meta property=\"og:image\" content=\"https:\/\/tce.pb.gov.br\/portalprimeirainfancia\/wp-content\/uploads\/2025\/05\/image-3.png\" \/>\n\t<meta property=\"og:image:width\" content=\"1920\" \/>\n\t<meta property=\"og:image:height\" content=\"1281\" \/>\n\t<meta property=\"og:image:type\" content=\"image\/png\" \/>\n<meta name=\"author\" content=\"Rafael Massoni\" \/>\n<meta name=\"twitter:card\" content=\"summary_large_image\" \/>\n<meta name=\"twitter:label1\" content=\"Escrito por\" \/>\n\t<meta name=\"twitter:data1\" content=\"Rafael Massoni\" \/>\n\t<meta name=\"twitter:label2\" content=\"Est. tempo de leitura\" \/>\n\t<meta name=\"twitter:data2\" content=\"3 minutos\" \/>\n<script type=\"application\/ld+json\" class=\"yoast-schema-graph\">{\"@context\":\"https:\\\/\\\/schema.org\",\"@graph\":[{\"@type\":\"NewsArticle\",\"@id\":\"https:\\\/\\\/tce.pb.gov.br\\\/portalprimeirainfancia\\\/tce-pb-realiza-nova-capacitacao-sobre-ppa-e-loa-com-foco-na-primeira-infancia-desta-vez-em-monteiro\\\/#article\",\"isPartOf\":{\"@id\":\"https:\\\/\\\/tce.pb.gov.br\\\/portalprimeirainfancia\\\/tce-pb-realiza-nova-capacitacao-sobre-ppa-e-loa-com-foco-na-primeira-infancia-desta-vez-em-monteiro\\\/\"},\"author\":{\"name\":\"Rafael Massoni\",\"@id\":\"https:\\\/\\\/tce.pb.gov.br\\\/portalprimeirainfancia\\\/#\\\/schema\\\/person\\\/6a39eea5836dda604de1c5e5b7d62141\"},\"headline\":\"TCE-PB realiza nova capacita\u00e7\u00e3o sobre PPA e LOA com foco na Primeira Inf\u00e2ncia, desta vez em Monteiro\",\"datePublished\":\"2025-05-21T15:11:41+00:00\",\"dateModified\":\"2025-05-21T15:11:43+00:00\",\"mainEntityOfPage\":{\"@id\":\"https:\\\/\\\/tce.pb.gov.br\\\/portalprimeirainfancia\\\/tce-pb-realiza-nova-capacitacao-sobre-ppa-e-loa-com-foco-na-primeira-infancia-desta-vez-em-monteiro\\\/\"},\"wordCount\":488,\"publisher\":{\"@id\":\"https:\\\/\\\/tce.pb.gov.br\\\/portalprimeirainfancia\\\/#organization\"},\"image\":{\"@id\":\"https:\\\/\\\/tce.pb.gov.br\\\/portalprimeirainfancia\\\/tce-pb-realiza-nova-capacitacao-sobre-ppa-e-loa-com-foco-na-primeira-infancia-desta-vez-em-monteiro\\\/#primaryimage\"},\"thumbnailUrl\":\"https:\\\/\\\/tce.pb.gov.br\\\/portalprimeirainfancia\\\/wp-content\\\/uploads\\\/2025\\\/05\\\/image-3.png\",\"keywords\":[\"pacto pela primeira infancia\",\"primeira infancia\",\"tce\",\"tce-pb\",\"treinamento loa\",\"treinamento ppa\"],\"articleSection\":[\"Not\u00edcias\"],\"inLanguage\":\"pt-BR\"},{\"@type\":\"WebPage\",\"@id\":\"https:\\\/\\\/tce.pb.gov.br\\\/portalprimeirainfancia\\\/tce-pb-realiza-nova-capacitacao-sobre-ppa-e-loa-com-foco-na-primeira-infancia-desta-vez-em-monteiro\\\/\",\"url\":\"https:\\\/\\\/tce.pb.gov.br\\\/portalprimeirainfancia\\\/tce-pb-realiza-nova-capacitacao-sobre-ppa-e-loa-com-foco-na-primeira-infancia-desta-vez-em-monteiro\\\/\",\"name\":\"TCE-PB realiza nova capacita\u00e7\u00e3o sobre PPA e LOA com foco na Primeira Inf\u00e2ncia, desta vez em Monteiro %\",\"isPartOf\":{\"@id\":\"https:\\\/\\\/tce.pb.gov.br\\\/portalprimeirainfancia\\\/#website\"},\"primaryImageOfPage\":{\"@id\":\"https:\\\/\\\/tce.pb.gov.br\\\/portalprimeirainfancia\\\/tce-pb-realiza-nova-capacitacao-sobre-ppa-e-loa-com-foco-na-primeira-infancia-desta-vez-em-monteiro\\\/#primaryimage\"},\"image\":{\"@id\":\"https:\\\/\\\/tce.pb.gov.br\\\/portalprimeirainfancia\\\/tce-pb-realiza-nova-capacitacao-sobre-ppa-e-loa-com-foco-na-primeira-infancia-desta-vez-em-monteiro\\\/#primaryimage\"},\"thumbnailUrl\":\"https:\\\/\\\/tce.pb.gov.br\\\/portalprimeirainfancia\\\/wp-content\\\/uploads\\\/2025\\\/05\\\/image-3.png\",\"datePublished\":\"2025-05-21T15:11:41+00:00\",\"dateModified\":\"2025-05-21T15:11:43+00:00\",\"description\":\"O Tribunal de Contas da Para\u00edba (TCE-PB) segue avan\u00e7ando com o ciclo de capacita\u00e7\u00f5es presenciais voltadas ao fortalecimento das pol\u00edticas p\u00fablicas para a Primeira Inf\u00e2ncia. Nos dias 26 e 27 de maio, ser\u00e1 a vez do munic\u00edpio de Monteiro sediar mais uma etapa da forma\u00e7\u00e3o que aborda o Plano Plurianual (PPA) e a Lei Or\u00e7ament\u00e1ria Anual (LOA).\",\"breadcrumb\":{\"@id\":\"https:\\\/\\\/tce.pb.gov.br\\\/portalprimeirainfancia\\\/tce-pb-realiza-nova-capacitacao-sobre-ppa-e-loa-com-foco-na-primeira-infancia-desta-vez-em-monteiro\\\/#breadcrumb\"},\"inLanguage\":\"pt-BR\",\"potentialAction\":[{\"@type\":\"ReadAction\",\"target\":[\"https:\\\/\\\/tce.pb.gov.br\\\/portalprimeirainfancia\\\/tce-pb-realiza-nova-capacitacao-sobre-ppa-e-loa-com-foco-na-primeira-infancia-desta-vez-em-monteiro\\\/\"]}]},{\"@type\":\"ImageObject\",\"inLanguage\":\"pt-BR\",\"@id\":\"https:\\\/\\\/tce.pb.gov.br\\\/portalprimeirainfancia\\\/tce-pb-realiza-nova-capacitacao-sobre-ppa-e-loa-com-foco-na-primeira-infancia-desta-vez-em-monteiro\\\/#primaryimage\",\"url\":\"https:\\\/\\\/tce.pb.gov.br\\\/portalprimeirainfancia\\\/wp-content\\\/uploads\\\/2025\\\/05\\\/image-3.png\",\"contentUrl\":\"https:\\\/\\\/tce.pb.gov.br\\\/portalprimeirainfancia\\\/wp-content\\\/uploads\\\/2025\\\/05\\\/image-3.png\",\"width\":1920,\"height\":1281},{\"@type\":\"BreadcrumbList\",\"@id\":\"https:\\\/\\\/tce.pb.gov.br\\\/portalprimeirainfancia\\\/tce-pb-realiza-nova-capacitacao-sobre-ppa-e-loa-com-foco-na-primeira-infancia-desta-vez-em-monteiro\\\/#breadcrumb\",\"itemListElement\":[{\"@type\":\"ListItem\",\"position\":1,\"name\":\"In\u00edcio\",\"item\":\"https:\\\/\\\/tce.pb.gov.br\\\/portalprimeirainfancia\\\/\"},{\"@type\":\"ListItem\",\"position\":2,\"name\":\"TCE-PB realiza nova capacita\u00e7\u00e3o sobre PPA e LOA com foco na Primeira Inf\u00e2ncia, desta vez em Monteiro\"}]},{\"@type\":\"WebSite\",\"@id\":\"https:\\\/\\\/tce.pb.gov.br\\\/portalprimeirainfancia\\\/#website\",\"url\":\"https:\\\/\\\/tce.pb.gov.br\\\/portalprimeirainfancia\\\/\",\"name\":\"Pacto Paraibano pela Primeira Inf\u00e2ncia\",\"description\":\"Portal para divulga\u00e7\u00e3o do Pacto Paraibano pela Primeira Inf\u00e2ncia\",\"publisher\":{\"@id\":\"https:\\\/\\\/tce.pb.gov.br\\\/portalprimeirainfancia\\\/#organization\"},\"potentialAction\":[{\"@type\":\"SearchAction\",\"target\":{\"@type\":\"EntryPoint\",\"urlTemplate\":\"https:\\\/\\\/tce.pb.gov.br\\\/portalprimeirainfancia\\\/?s={search_term_string}\"},\"query-input\":{\"@type\":\"PropertyValueSpecification\",\"valueRequired\":true,\"valueName\":\"search_term_string\"}}],\"inLanguage\":\"pt-BR\"},{\"@type\":\"Organization\",\"@id\":\"https:\\\/\\\/tce.pb.gov.br\\\/portalprimeirainfancia\\\/#organization\",\"name\":\"Pacto Paraibano pela Primeira Inf\u00e2ncia\",\"alternateName\":\"TCE-PB\",\"url\":\"https:\\\/\\\/tce.pb.gov.br\\\/portalprimeirainfancia\\\/\",\"logo\":{\"@type\":\"ImageObject\",\"inLanguage\":\"pt-BR\",\"@id\":\"https:\\\/\\\/tce.pb.gov.br\\\/portalprimeirainfancia\\\/#\\\/schema\\\/logo\\\/image\\\/\",\"url\":\"https:\\\/\\\/tce.pb.gov.br\\\/portalprimeirainfancia\\\/wp-content\\\/uploads\\\/2025\\\/05\\\/Pacto-Whatsapp.png\",\"contentUrl\":\"https:\\\/\\\/tce.pb.gov.br\\\/portalprimeirainfancia\\\/wp-content\\\/uploads\\\/2025\\\/05\\\/Pacto-Whatsapp.png\",\"width\":427,\"height\":427,\"caption\":\"Pacto Paraibano pela Primeira Inf\u00e2ncia\"},\"image\":{\"@id\":\"https:\\\/\\\/tce.pb.gov.br\\\/portalprimeirainfancia\\\/#\\\/schema\\\/logo\\\/image\\\/\"},\"sameAs\":[\"https:\\\/\\\/www.instagram.com\\\/tcepb\\\/\"]},{\"@type\":\"Person\",\"@id\":\"https:\\\/\\\/tce.pb.gov.br\\\/portalprimeirainfancia\\\/#\\\/schema\\\/person\\\/6a39eea5836dda604de1c5e5b7d62141\",\"name\":\"Rafael Massoni\"}]}<\/script>\n<!-- \/ Yoast SEO plugin. -->","yoast_head_json":{"title":"TCE-PB realiza nova capacita\u00e7\u00e3o sobre PPA e LOA com foco na Primeira Inf\u00e2ncia, desta vez em Monteiro %","description":"O Tribunal de Contas da Para\u00edba (TCE-PB) segue avan\u00e7ando com o ciclo de capacita\u00e7\u00f5es presenciais voltadas ao fortalecimento das pol\u00edticas p\u00fablicas para a Primeira Inf\u00e2ncia. Nos dias 26 e 27 de maio, ser\u00e1 a vez do munic\u00edpio de Monteiro sediar mais uma etapa da forma\u00e7\u00e3o que aborda o Plano Plurianual (PPA) e a Lei Or\u00e7ament\u00e1ria Anual (LOA).","robots":{"index":"index","follow":"follow","max-snippet":"max-snippet:-1","max-image-preview":"max-image-preview:large","max-video-preview":"max-video-preview:-1"},"canonical":"https:\/\/tce.pb.gov.br\/portalprimeirainfancia\/tce-pb-realiza-nova-capacitacao-sobre-ppa-e-loa-com-foco-na-primeira-infancia-desta-vez-em-monteiro\/","og_locale":"pt_BR","og_type":"article","og_title":"TCE-PB realiza nova capacita\u00e7\u00e3o sobre PPA e LOA com foco na Primeira Inf\u00e2ncia, desta vez em Monteiro","og_description":"O Tribunal de Contas da Para\u00edba (TCE-PB) segue avan\u00e7ando com o ciclo de capacita\u00e7\u00f5es presenciais voltadas ao fortalecimento das pol\u00edticas p\u00fablicas para a Primeira Inf\u00e2ncia. Nos dias 26 e 27 de maio, ser\u00e1 a vez do munic\u00edpio de Monteiro sediar mais uma etapa da forma\u00e7\u00e3o que aborda o Plano Plurianual (PPA) e a Lei Or\u00e7ament\u00e1ria Anual (LOA).","og_url":"https:\/\/tce.pb.gov.br\/portalprimeirainfancia\/tce-pb-realiza-nova-capacitacao-sobre-ppa-e-loa-com-foco-na-primeira-infancia-desta-vez-em-monteiro\/","og_site_name":"Pacto Paraibano pela Primeira Inf\u00e2ncia","article_published_time":"2025-05-21T15:11:41+00:00","article_modified_time":"2025-05-21T15:11:43+00:00","og_image":[{"width":1920,"height":1281,"url":"https:\/\/tce.pb.gov.br\/portalprimeirainfancia\/wp-content\/uploads\/2025\/05\/image-3.png","type":"image\/png"}],"author":"Rafael Massoni","twitter_card":"summary_large_image","twitter_misc":{"Escrito por":"Rafael Massoni","Est. tempo de leitura":"3 minutos"},"schema":{"@context":"https:\/\/schema.org","@graph":[{"@type":"NewsArticle","@id":"https:\/\/tce.pb.gov.br\/portalprimeirainfancia\/tce-pb-realiza-nova-capacitacao-sobre-ppa-e-loa-com-foco-na-primeira-infancia-desta-vez-em-monteiro\/#article","isPartOf":{"@id":"https:\/\/tce.pb.gov.br\/portalprimeirainfancia\/tce-pb-realiza-nova-capacitacao-sobre-ppa-e-loa-com-foco-na-primeira-infancia-desta-vez-em-monteiro\/"},"author":{"name":"Rafael Massoni","@id":"https:\/\/tce.pb.gov.br\/portalprimeirainfancia\/#\/schema\/person\/6a39eea5836dda604de1c5e5b7d62141"},"headline":"TCE-PB realiza nova capacita\u00e7\u00e3o sobre PPA e LOA com foco na Primeira Inf\u00e2ncia, desta vez em Monteiro","datePublished":"2025-05-21T15:11:41+00:00","dateModified":"2025-05-21T15:11:43+00:00","mainEntityOfPage":{"@id":"https:\/\/tce.pb.gov.br\/portalprimeirainfancia\/tce-pb-realiza-nova-capacitacao-sobre-ppa-e-loa-com-foco-na-primeira-infancia-desta-vez-em-monteiro\/"},"wordCount":488,"publisher":{"@id":"https:\/\/tce.pb.gov.br\/portalprimeirainfancia\/#organization"},"image":{"@id":"https:\/\/tce.pb.gov.br\/portalprimeirainfancia\/tce-pb-realiza-nova-capacitacao-sobre-ppa-e-loa-com-foco-na-primeira-infancia-desta-vez-em-monteiro\/#primaryimage"},"thumbnailUrl":"https:\/\/tce.pb.gov.br\/portalprimeirainfancia\/wp-content\/uploads\/2025\/05\/image-3.png","keywords":["pacto pela primeira infancia","primeira infancia","tce","tce-pb","treinamento loa","treinamento ppa"],"articleSection":["Not\u00edcias"],"inLanguage":"pt-BR"},{"@type":"WebPage","@id":"https:\/\/tce.pb.gov.br\/portalprimeirainfancia\/tce-pb-realiza-nova-capacitacao-sobre-ppa-e-loa-com-foco-na-primeira-infancia-desta-vez-em-monteiro\/","url":"https:\/\/tce.pb.gov.br\/portalprimeirainfancia\/tce-pb-realiza-nova-capacitacao-sobre-ppa-e-loa-com-foco-na-primeira-infancia-desta-vez-em-monteiro\/","name":"TCE-PB realiza nova capacita\u00e7\u00e3o sobre PPA e LOA com foco na Primeira Inf\u00e2ncia, desta vez em Monteiro %","isPartOf":{"@id":"https:\/\/tce.pb.gov.br\/portalprimeirainfancia\/#website"},"primaryImageOfPage":{"@id":"https:\/\/tce.pb.gov.br\/portalprimeirainfancia\/tce-pb-realiza-nova-capacitacao-sobre-ppa-e-loa-com-foco-na-primeira-infancia-desta-vez-em-monteiro\/#primaryimage"},"image":{"@id":"https:\/\/tce.pb.gov.br\/portalprimeirainfancia\/tce-pb-realiza-nova-capacitacao-sobre-ppa-e-loa-com-foco-na-primeira-infancia-desta-vez-em-monteiro\/#primaryimage"},"thumbnailUrl":"https:\/\/tce.pb.gov.br\/portalprimeirainfancia\/wp-content\/uploads\/2025\/05\/image-3.png","datePublished":"2025-05-21T15:11:41+00:00","dateModified":"2025-05-21T15:11:43+00:00","description":"O Tribunal de Contas da Para\u00edba (TCE-PB) segue avan\u00e7ando com o ciclo de capacita\u00e7\u00f5es presenciais voltadas ao fortalecimento das pol\u00edticas p\u00fablicas para a Primeira Inf\u00e2ncia. Nos dias 26 e 27 de maio, ser\u00e1 a vez do munic\u00edpio de Monteiro sediar mais uma etapa da forma\u00e7\u00e3o que aborda o Plano Plurianual (PPA) e a Lei Or\u00e7ament\u00e1ria Anual (LOA).","breadcrumb":{"@id":"https:\/\/tce.pb.gov.br\/portalprimeirainfancia\/tce-pb-realiza-nova-capacitacao-sobre-ppa-e-loa-com-foco-na-primeira-infancia-desta-vez-em-monteiro\/#breadcrumb"},"inLanguage":"pt-BR","potentialAction":[{"@type":"ReadAction","target":["https:\/\/tce.pb.gov.br\/portalprimeirainfancia\/tce-pb-realiza-nova-capacitacao-sobre-ppa-e-loa-com-foco-na-primeira-infancia-desta-vez-em-monteiro\/"]}]},{"@type":"ImageObject","inLanguage":"pt-BR","@id":"https:\/\/tce.pb.gov.br\/portalprimeirainfancia\/tce-pb-realiza-nova-capacitacao-sobre-ppa-e-loa-com-foco-na-primeira-infancia-desta-vez-em-monteiro\/#primaryimage","url":"https:\/\/tce.pb.gov.br\/portalprimeirainfancia\/wp-content\/uploads\/2025\/05\/image-3.png","contentUrl":"https:\/\/tce.pb.gov.br\/portalprimeirainfancia\/wp-content\/uploads\/2025\/05\/image-3.png","width":1920,"height":1281},{"@type":"BreadcrumbList","@id":"https:\/\/tce.pb.gov.br\/portalprimeirainfancia\/tce-pb-realiza-nova-capacitacao-sobre-ppa-e-loa-com-foco-na-primeira-infancia-desta-vez-em-monteiro\/#breadcrumb","itemListElement":[{"@type":"ListItem","position":1,"name":"In\u00edcio","item":"https:\/\/tce.pb.gov.br\/portalprimeirainfancia\/"},{"@type":"ListItem","position":2,"name":"TCE-PB realiza nova capacita\u00e7\u00e3o sobre PPA e LOA com foco na Primeira Inf\u00e2ncia, desta vez em Monteiro"}]},{"@type":"WebSite","@id":"https:\/\/tce.pb.gov.br\/portalprimeirainfancia\/#website","url":"https:\/\/tce.pb.gov.br\/portalprimeirainfancia\/","name":"Pacto Paraibano pela Primeira Inf\u00e2ncia","description":"Portal para divulga\u00e7\u00e3o do Pacto Paraibano pela Primeira Inf\u00e2ncia","publisher":{"@id":"https:\/\/tce.pb.gov.br\/portalprimeirainfancia\/#organization"},"potentialAction":[{"@type":"SearchAction","target":{"@type":"EntryPoint","urlTemplate":"https:\/\/tce.pb.gov.br\/portalprimeirainfancia\/?s={search_term_string}"},"query-input":{"@type":"PropertyValueSpecification","valueRequired":true,"valueName":"search_term_string"}}],"inLanguage":"pt-BR"},{"@type":"Organization","@id":"https:\/\/tce.pb.gov.br\/portalprimeirainfancia\/#organization","name":"Pacto Paraibano pela Primeira Inf\u00e2ncia","alternateName":"TCE-PB","url":"https:\/\/tce.pb.gov.br\/portalprimeirainfancia\/","logo":{"@type":"ImageObject","inLanguage":"pt-BR","@id":"https:\/\/tce.pb.gov.br\/portalprimeirainfancia\/#\/schema\/logo\/image\/","url":"https:\/\/tce.pb.gov.br\/portalprimeirainfancia\/wp-content\/uploads\/2025\/05\/Pacto-Whatsapp.png","contentUrl":"https:\/\/tce.pb.gov.br\/portalprimeirainfancia\/wp-content\/uploads\/2025\/05\/Pacto-Whatsapp.png","width":427,"height":427,"caption":"Pacto Paraibano pela Primeira Inf\u00e2ncia"},"image":{"@id":"https:\/\/tce.pb.gov.br\/portalprimeirainfancia\/#\/schema\/logo\/image\/"},"sameAs":["https:\/\/www.instagram.com\/tcepb\/"]},{"@type":"Person","@id":"https:\/\/tce.pb.gov.br\/portalprimeirainfancia\/#\/schema\/person\/6a39eea5836dda604de1c5e5b7d62141","name":"Rafael Massoni"}]}},"jetpack_featured_media_url":"https:\/\/tce.pb.gov.br\/portalprimeirainfancia\/wp-content\/uploads\/2025\/05\/image-3.png","jetpack_sharing_enabled":true,"_links":{"self":[{"href":"https:\/\/tce.pb.gov.br\/portalprimeirainfancia\/wp-json\/wp\/v2\/posts\/29353","targetHints":{"allow":["GET"]}}],"collection":[{"href":"https:\/\/tce.pb.gov.br\/portalprimeirainfancia\/wp-json\/wp\/v2\/posts"}],"about":[{"href":"https:\/\/tce.pb.gov.br\/portalprimeirainfancia\/wp-json\/wp\/v2\/types\/post"}],"author":[{"embeddable":true,"href":"https:\/\/tce.pb.gov.br\/portalprimeirainfancia\/wp-json\/wp\/v2\/users\/6"}],"replies":[{"embeddable":true,"href":"https:\/\/tce.pb.gov.br\/portalprimeirainfancia\/wp-json\/wp\/v2\/comments?post=29353"}],"version-history":[{"count":1,"href":"https:\/\/tce.pb.gov.br\/portalprimeirainfancia\/wp-json\/wp\/v2\/posts\/29353\/revisions"}],"predecessor-version":[{"id":29355,"href":"https:\/\/tce.pb.gov.br\/portalprimeirainfancia\/wp-json\/wp\/v2\/posts\/29353\/revisions\/29355"}],"wp:featuredmedia":[{"embeddable":true,"href":"https:\/\/tce.pb.gov.br\/portalprimeirainfancia\/wp-json\/wp\/v2\/media\/29354"}],"wp:attachment":[{"href":"https:\/\/tce.pb.gov.br\/portalprimeirainfancia\/wp-json\/wp\/v2\/media?parent=29353"}],"wp:term":[{"taxonomy":"category","embeddable":true,"href":"https:\/\/tce.pb.gov.br\/portalprimeirainfancia\/wp-json\/wp\/v2\/categories?post=29353"},{"taxonomy":"post_tag","embeddable":true,"href":"https:\/\/tce.pb.gov.br\/portalprimeirainfancia\/wp-json\/wp\/v2\/tags?post=29353"}],"curies":[{"name":"wp","href":"https:\/\/api.w.org\/{rel}","templated":true}]}}