{"id":29342,"date":"2025-05-14T11:33:54","date_gmt":"2025-05-14T14:33:54","guid":{"rendered":"https:\/\/tce.pb.gov.br\/portalprimeirainfancia\/?p=29342"},"modified":"2025-05-21T12:07:18","modified_gmt":"2025-05-21T15:07:18","slug":"cajazeiras-sedia-capacitacao-do-tce-pb-sobre-ppa-e-loa-com-foco-na-primeira-infancia","status":"publish","type":"post","link":"https:\/\/tce.pb.gov.br\/portalprimeirainfancia\/cajazeiras-sedia-capacitacao-do-tce-pb-sobre-ppa-e-loa-com-foco-na-primeira-infancia\/","title":{"rendered":"Cajazeiras sedia capacita\u00e7\u00e3o do TCE-PB sobre PPA e LOA com foco na Primeira Inf\u00e2ncia"},"content":{"rendered":"\n<figure class=\"wp-block-image aligncenter size-large\"><img fetchpriority=\"high\" decoding=\"async\" width=\"1024\" height=\"683\" src=\"https:\/\/tce.pb.gov.br\/portalprimeirainfancia\/wp-content\/uploads\/2025\/05\/Curso-PPA-e-LOA-1024x683.png\" alt=\"\" class=\"wp-image-29349\" srcset=\"https:\/\/tce.pb.gov.br\/portalprimeirainfancia\/wp-content\/uploads\/2025\/05\/Curso-PPA-e-LOA-1024x683.png 1024w, https:\/\/tce.pb.gov.br\/portalprimeirainfancia\/wp-content\/uploads\/2025\/05\/Curso-PPA-e-LOA-300x200.png 300w, https:\/\/tce.pb.gov.br\/portalprimeirainfancia\/wp-content\/uploads\/2025\/05\/Curso-PPA-e-LOA-768x512.png 768w, https:\/\/tce.pb.gov.br\/portalprimeirainfancia\/wp-content\/uploads\/2025\/05\/Curso-PPA-e-LOA-1536x1025.png 1536w, https:\/\/tce.pb.gov.br\/portalprimeirainfancia\/wp-content\/uploads\/2025\/05\/Curso-PPA-e-LOA.png 1920w\" sizes=\"(max-width: 1024px) 100vw, 1024px\" \/><\/figure>\n\n\n\n<p>O Tribunal de Contas da Para\u00edba (TCE-PB) realiza nesta quinta-feira (15) e sexta-feira (16), na cidade de Cajazeiras, mais uma etapa do ciclo de treinamentos presenciais sobre o Plano Plurianual (PPA) e a Lei Or\u00e7ament\u00e1ria Anual (LOA), com foco especial nas pol\u00edticas p\u00fablicas para a Primeira Inf\u00e2ncia. A capacita\u00e7\u00e3o \u00e9 promovida pela Comiss\u00e3o da Primeira Inf\u00e2ncia do TCE-PB e tem como p\u00fablico-alvo prefeitos, secret\u00e1rios e t\u00e9cnicos municipais das \u00e1reas de planejamento, finan\u00e7as e desenvolvimento infantil.<\/p>\n\n\n\n<p>A a\u00e7\u00e3o em Cajazeiras marca a segunda parada do circuito de capacita\u00e7\u00f5es que percorrer\u00e1 cinco polos estrat\u00e9gicos da Para\u00edba. Est\u00e3o convidados representantes de diversos munic\u00edpios da regi\u00e3o, entre eles: S\u00e3o Jo\u00e3o do Rio do Peixe, Nazarezinho, S\u00e3o Jos\u00e9 de Piranhas, Cachoeira dos \u00cdndios, Bom Jesus, Santa Helena, Bonito de Santa F\u00e9, Carrapateira, Monte Horebe, Po\u00e7o de Jos\u00e9 de Moura, Serra Grande, Joca Claudino, Uira\u00fana e Triunfo.<\/p>\n\n\n\n<p>O curso \u00e9 conduzido pelo auditor de controle externo Luzemar Martins e possui carga hor\u00e1ria total de 12 horas-aula. Durante o encontro, al\u00e9m do conte\u00fado t\u00e9cnico sobre o PPA e a LOA, os participantes t\u00eam acesso \u00e0 Matriz de Planejamento da Auditoria Operacional sobre a Primeira Inf\u00e2ncia, uma ferramenta que ser\u00e1 fundamental para orientar a formula\u00e7\u00e3o de pol\u00edticas p\u00fablicas voltadas \u00e0s crian\u00e7as de 0 a 6 anos.<\/p>\n\n\n\n<p>As inscri\u00e7\u00f5es para as pr\u00f3ximas cidades continuam abertas e podem ser feitas pelo link:&nbsp;<a href=\"http:\/\/tiny.cc\/ppaeloa\">http:\/\/tiny.cc\/ppaeloa<\/a>.<\/p>\n\n\n\n<p>O presidente do TCE-PB e idealizador do Pacto Paraibano pela Primeira Inf\u00e2ncia, conselheiro F\u00e1bio Nogueira, destacou a relev\u00e2ncia da iniciativa: \u201c\u00c9 no planejamento e na aloca\u00e7\u00e3o eficiente dos recursos p\u00fablicos que se define o presente e o futuro das nossas crian\u00e7as\u201d, afirmou.<\/p>\n\n\n\n<p>J\u00e1 o presidente da Comiss\u00e3o da Primeira Inf\u00e2ncia do TCE-PB, conselheiro Andr\u00e9 Carlo Torres Pontes, enfatizou a import\u00e2ncia da ades\u00e3o dos gestores locais: \u201cA valida\u00e7\u00e3o da matriz de auditoria ser\u00e1 fundamental para garantir pol\u00edticas p\u00fablicas mais efetivas para a Primeira Inf\u00e2ncia\u201d, refor\u00e7ou.<\/p>\n\n\n\n<p><strong>Pr\u00f3ximos encontros:<\/strong><\/p>\n\n\n\n<ul class=\"wp-block-list\">\n<li><strong>Monteiro:<\/strong>\u00a026 e 27 de maio<\/li>\n\n\n\n<li><strong>Campina Grande:<\/strong>\u00a028 e 29 de maio<\/li>\n\n\n\n<li><strong>Jo\u00e3o Pessoa:<\/strong>\u00a02 e 3 de junho \u2013 no Centro Cultural Ariano Suassuna, sede do TCE-PB<\/li>\n<\/ul>\n\n\n\n<p><\/p>\n","protected":false},"excerpt":{"rendered":"<p>O Tribunal de Contas da Para\u00edba (TCE-PB) realiza nesta quinta-feira (15) e sexta-feira (16), na cidade de Cajazeiras, mais uma [&hellip;]<\/p>\n","protected":false},"author":6,"featured_media":29349,"comment_status":"closed","ping_status":"closed","sticky":false,"template":"","format":"standard","meta":{"site-sidebar-layout":"default","site-content-layout":"","ast-site-content-layout":"","site-content-style":"default","site-sidebar-style":"default","ast-global-header-display":"","ast-banner-title-visibility":"","ast-main-header-display":"","ast-hfb-above-header-display":"","ast-hfb-below-header-display":"","ast-hfb-mobile-header-display":"","site-post-title":"","ast-breadcrumbs-content":"","ast-featured-img":"","footer-sml-layout":"","theme-transparent-header-meta":"","adv-header-id-meta":"","stick-header-meta":"","header-above-stick-meta":"","header-main-stick-meta":"","header-below-stick-meta":"","astra-migrate-meta-layouts":"default","ast-page-background-enabled":"default","ast-page-background-meta":{"desktop":{"background-color":"var(--ast-global-color-5)","background-image":"","background-repeat":"repeat","background-position":"center center","background-size":"auto","background-attachment":"scroll","background-type":"","background-media":"","overlay-type":"","overlay-color":"","overlay-opacity":"","overlay-gradient":""},"tablet":{"background-color":"","background-image":"","background-repeat":"repeat","background-position":"center center","background-size":"auto","background-attachment":"scroll","background-type":"","background-media":"","overlay-type":"","overlay-color":"","overlay-opacity":"","overlay-gradient":""},"mobile":{"background-color":"","background-image":"","background-repeat":"repeat","background-position":"center center","background-size":"auto","background-attachment":"scroll","background-type":"","background-media":"","overlay-type":"","overlay-color":"","overlay-opacity":"","overlay-gradient":""}},"ast-content-background-meta":{"desktop":{"background-color":"var(--ast-global-color-4)","background-image":"","background-repeat":"repeat","background-position":"center center","background-size":"auto","background-attachment":"scroll","background-type":"","background-media":"","overlay-type":"","overlay-color":"","overlay-opacity":"","overlay-gradient":""},"tablet":{"background-color":"var(--ast-global-color-4)","background-image":"","background-repeat":"repeat","background-position":"center center","background-size":"auto","background-attachment":"scroll","background-type":"","background-media":"","overlay-type":"","overlay-color":"","overlay-opacity":"","overlay-gradient":""},"mobile":{"background-color":"var(--ast-global-color-4)","background-image":"","background-repeat":"repeat","background-position":"center center","background-size":"auto","background-attachment":"scroll","background-type":"","background-media":"","overlay-type":"","overlay-color":"","overlay-opacity":"","overlay-gradient":""}},"_jetpack_memberships_contains_paid_content":false,"footnotes":""},"categories":[7],"tags":[35,27,25,31,26,29,28],"class_list":["post-29342","post","type-post","status-publish","format-standard","has-post-thumbnail","hentry","category-noticias","tag-cajazeiras","tag-pacto-pela-primeira-infancia","tag-primeira-infancia","tag-tce","tag-tce-pb","tag-treinamento-loa","tag-treinamento-ppa"],"yoast_head":"<!-- This site is optimized with the Yoast SEO plugin v27.5 - https:\/\/yoast.com\/product\/yoast-seo-wordpress\/ -->\n<title>Cajazeiras sedia capacita\u00e7\u00e3o do TCE-PB sobre PPA e LOA com foco na Primeira Inf\u00e2ncia<\/title>\n<meta name=\"description\" content=\"O Tribunal de Contas da Para\u00edba (TCE-PB) realiza nesta quinta-feira (15) e sexta-feira (16), na cidade de Cajazeiras, mais uma etapa do ciclo de treinamentos presenciais sobre o Plano Plurianual (PPA) e a Lei Or\u00e7ament\u00e1ria Anual (LOA), com foco especial nas pol\u00edticas p\u00fablicas para a Primeira Inf\u00e2ncia.\" \/>\n<meta name=\"robots\" content=\"index, follow, max-snippet:-1, max-image-preview:large, max-video-preview:-1\" \/>\n<link rel=\"canonical\" href=\"https:\/\/tce.pb.gov.br\/portalprimeirainfancia\/cajazeiras-sedia-capacitacao-do-tce-pb-sobre-ppa-e-loa-com-foco-na-primeira-infancia\/\" \/>\n<meta property=\"og:locale\" content=\"pt_BR\" \/>\n<meta property=\"og:type\" content=\"article\" \/>\n<meta property=\"og:title\" content=\"Cajazeiras sedia capacita\u00e7\u00e3o do TCE-PB sobre PPA e LOA com foco na Primeira Inf\u00e2ncia\" \/>\n<meta property=\"og:description\" content=\"O Tribunal de Contas da Para\u00edba (TCE-PB) realiza nesta quinta-feira (15) e sexta-feira (16), na cidade de Cajazeiras, mais uma etapa do ciclo de treinamentos presenciais sobre o Plano Plurianual (PPA) e a Lei Or\u00e7ament\u00e1ria Anual (LOA), com foco especial nas pol\u00edticas p\u00fablicas para a Primeira Inf\u00e2ncia.\" \/>\n<meta property=\"og:url\" content=\"https:\/\/tce.pb.gov.br\/portalprimeirainfancia\/cajazeiras-sedia-capacitacao-do-tce-pb-sobre-ppa-e-loa-com-foco-na-primeira-infancia\/\" \/>\n<meta property=\"og:site_name\" content=\"Pacto Paraibano pela Primeira Inf\u00e2ncia\" \/>\n<meta property=\"article:published_time\" content=\"2025-05-14T14:33:54+00:00\" \/>\n<meta property=\"article:modified_time\" content=\"2025-05-21T15:07:18+00:00\" \/>\n<meta property=\"og:image\" content=\"https:\/\/tce.pb.gov.br\/portalprimeirainfancia\/wp-content\/uploads\/2025\/05\/image-2.png\" \/>\n\t<meta property=\"og:image:width\" content=\"1920\" \/>\n\t<meta property=\"og:image:height\" content=\"1281\" \/>\n\t<meta property=\"og:image:type\" content=\"image\/png\" \/>\n<meta name=\"author\" content=\"Rafael Massoni\" \/>\n<meta name=\"twitter:card\" content=\"summary_large_image\" \/>\n<meta name=\"twitter:label1\" content=\"Escrito por\" \/>\n\t<meta name=\"twitter:data1\" content=\"Rafael Massoni\" \/>\n\t<meta name=\"twitter:label2\" content=\"Est. tempo de leitura\" \/>\n\t<meta name=\"twitter:data2\" content=\"3 minutos\" \/>\n<script type=\"application\/ld+json\" class=\"yoast-schema-graph\">{\"@context\":\"https:\\\/\\\/schema.org\",\"@graph\":[{\"@type\":\"NewsArticle\",\"@id\":\"https:\\\/\\\/tce.pb.gov.br\\\/portalprimeirainfancia\\\/cajazeiras-sedia-capacitacao-do-tce-pb-sobre-ppa-e-loa-com-foco-na-primeira-infancia\\\/#article\",\"isPartOf\":{\"@id\":\"https:\\\/\\\/tce.pb.gov.br\\\/portalprimeirainfancia\\\/cajazeiras-sedia-capacitacao-do-tce-pb-sobre-ppa-e-loa-com-foco-na-primeira-infancia\\\/\"},\"author\":{\"name\":\"Rafael Massoni\",\"@id\":\"https:\\\/\\\/tce.pb.gov.br\\\/portalprimeirainfancia\\\/#\\\/schema\\\/person\\\/6a39eea5836dda604de1c5e5b7d62141\"},\"headline\":\"Cajazeiras sedia capacita\u00e7\u00e3o do TCE-PB sobre PPA e LOA com foco na Primeira Inf\u00e2ncia\",\"datePublished\":\"2025-05-14T14:33:54+00:00\",\"dateModified\":\"2025-05-21T15:07:18+00:00\",\"mainEntityOfPage\":{\"@id\":\"https:\\\/\\\/tce.pb.gov.br\\\/portalprimeirainfancia\\\/cajazeiras-sedia-capacitacao-do-tce-pb-sobre-ppa-e-loa-com-foco-na-primeira-infancia\\\/\"},\"wordCount\":396,\"publisher\":{\"@id\":\"https:\\\/\\\/tce.pb.gov.br\\\/portalprimeirainfancia\\\/#organization\"},\"image\":{\"@id\":\"https:\\\/\\\/tce.pb.gov.br\\\/portalprimeirainfancia\\\/cajazeiras-sedia-capacitacao-do-tce-pb-sobre-ppa-e-loa-com-foco-na-primeira-infancia\\\/#primaryimage\"},\"thumbnailUrl\":\"https:\\\/\\\/tce.pb.gov.br\\\/portalprimeirainfancia\\\/wp-content\\\/uploads\\\/2025\\\/05\\\/Curso-PPA-e-LOA.png\",\"keywords\":[\"cajazeiras\",\"pacto pela primeira infancia\",\"primeira infancia\",\"tce\",\"tce-pb\",\"treinamento loa\",\"treinamento ppa\"],\"articleSection\":[\"Not\u00edcias\"],\"inLanguage\":\"pt-BR\"},{\"@type\":\"WebPage\",\"@id\":\"https:\\\/\\\/tce.pb.gov.br\\\/portalprimeirainfancia\\\/cajazeiras-sedia-capacitacao-do-tce-pb-sobre-ppa-e-loa-com-foco-na-primeira-infancia\\\/\",\"url\":\"https:\\\/\\\/tce.pb.gov.br\\\/portalprimeirainfancia\\\/cajazeiras-sedia-capacitacao-do-tce-pb-sobre-ppa-e-loa-com-foco-na-primeira-infancia\\\/\",\"name\":\"Cajazeiras sedia capacita\u00e7\u00e3o do TCE-PB sobre PPA e LOA com foco na Primeira Inf\u00e2ncia\",\"isPartOf\":{\"@id\":\"https:\\\/\\\/tce.pb.gov.br\\\/portalprimeirainfancia\\\/#website\"},\"primaryImageOfPage\":{\"@id\":\"https:\\\/\\\/tce.pb.gov.br\\\/portalprimeirainfancia\\\/cajazeiras-sedia-capacitacao-do-tce-pb-sobre-ppa-e-loa-com-foco-na-primeira-infancia\\\/#primaryimage\"},\"image\":{\"@id\":\"https:\\\/\\\/tce.pb.gov.br\\\/portalprimeirainfancia\\\/cajazeiras-sedia-capacitacao-do-tce-pb-sobre-ppa-e-loa-com-foco-na-primeira-infancia\\\/#primaryimage\"},\"thumbnailUrl\":\"https:\\\/\\\/tce.pb.gov.br\\\/portalprimeirainfancia\\\/wp-content\\\/uploads\\\/2025\\\/05\\\/Curso-PPA-e-LOA.png\",\"datePublished\":\"2025-05-14T14:33:54+00:00\",\"dateModified\":\"2025-05-21T15:07:18+00:00\",\"description\":\"O Tribunal de Contas da Para\u00edba (TCE-PB) realiza nesta quinta-feira (15) e sexta-feira (16), na cidade de Cajazeiras, mais uma etapa do ciclo de treinamentos presenciais sobre o Plano Plurianual (PPA) e a Lei Or\u00e7ament\u00e1ria Anual (LOA), com foco especial nas pol\u00edticas p\u00fablicas para a Primeira Inf\u00e2ncia.\",\"breadcrumb\":{\"@id\":\"https:\\\/\\\/tce.pb.gov.br\\\/portalprimeirainfancia\\\/cajazeiras-sedia-capacitacao-do-tce-pb-sobre-ppa-e-loa-com-foco-na-primeira-infancia\\\/#breadcrumb\"},\"inLanguage\":\"pt-BR\",\"potentialAction\":[{\"@type\":\"ReadAction\",\"target\":[\"https:\\\/\\\/tce.pb.gov.br\\\/portalprimeirainfancia\\\/cajazeiras-sedia-capacitacao-do-tce-pb-sobre-ppa-e-loa-com-foco-na-primeira-infancia\\\/\"]}]},{\"@type\":\"ImageObject\",\"inLanguage\":\"pt-BR\",\"@id\":\"https:\\\/\\\/tce.pb.gov.br\\\/portalprimeirainfancia\\\/cajazeiras-sedia-capacitacao-do-tce-pb-sobre-ppa-e-loa-com-foco-na-primeira-infancia\\\/#primaryimage\",\"url\":\"https:\\\/\\\/tce.pb.gov.br\\\/portalprimeirainfancia\\\/wp-content\\\/uploads\\\/2025\\\/05\\\/Curso-PPA-e-LOA.png\",\"contentUrl\":\"https:\\\/\\\/tce.pb.gov.br\\\/portalprimeirainfancia\\\/wp-content\\\/uploads\\\/2025\\\/05\\\/Curso-PPA-e-LOA.png\",\"width\":1920,\"height\":1281},{\"@type\":\"BreadcrumbList\",\"@id\":\"https:\\\/\\\/tce.pb.gov.br\\\/portalprimeirainfancia\\\/cajazeiras-sedia-capacitacao-do-tce-pb-sobre-ppa-e-loa-com-foco-na-primeira-infancia\\\/#breadcrumb\",\"itemListElement\":[{\"@type\":\"ListItem\",\"position\":1,\"name\":\"In\u00edcio\",\"item\":\"https:\\\/\\\/tce.pb.gov.br\\\/portalprimeirainfancia\\\/\"},{\"@type\":\"ListItem\",\"position\":2,\"name\":\"Cajazeiras sedia capacita\u00e7\u00e3o do TCE-PB sobre PPA e LOA com foco na Primeira Inf\u00e2ncia\"}]},{\"@type\":\"WebSite\",\"@id\":\"https:\\\/\\\/tce.pb.gov.br\\\/portalprimeirainfancia\\\/#website\",\"url\":\"https:\\\/\\\/tce.pb.gov.br\\\/portalprimeirainfancia\\\/\",\"name\":\"Pacto Paraibano pela Primeira Inf\u00e2ncia\",\"description\":\"Portal para divulga\u00e7\u00e3o do Pacto Paraibano pela Primeira Inf\u00e2ncia\",\"publisher\":{\"@id\":\"https:\\\/\\\/tce.pb.gov.br\\\/portalprimeirainfancia\\\/#organization\"},\"potentialAction\":[{\"@type\":\"SearchAction\",\"target\":{\"@type\":\"EntryPoint\",\"urlTemplate\":\"https:\\\/\\\/tce.pb.gov.br\\\/portalprimeirainfancia\\\/?s={search_term_string}\"},\"query-input\":{\"@type\":\"PropertyValueSpecification\",\"valueRequired\":true,\"valueName\":\"search_term_string\"}}],\"inLanguage\":\"pt-BR\"},{\"@type\":\"Organization\",\"@id\":\"https:\\\/\\\/tce.pb.gov.br\\\/portalprimeirainfancia\\\/#organization\",\"name\":\"Pacto Paraibano pela Primeira Inf\u00e2ncia\",\"alternateName\":\"TCE-PB\",\"url\":\"https:\\\/\\\/tce.pb.gov.br\\\/portalprimeirainfancia\\\/\",\"logo\":{\"@type\":\"ImageObject\",\"inLanguage\":\"pt-BR\",\"@id\":\"https:\\\/\\\/tce.pb.gov.br\\\/portalprimeirainfancia\\\/#\\\/schema\\\/logo\\\/image\\\/\",\"url\":\"https:\\\/\\\/tce.pb.gov.br\\\/portalprimeirainfancia\\\/wp-content\\\/uploads\\\/2025\\\/05\\\/Pacto-Whatsapp.png\",\"contentUrl\":\"https:\\\/\\\/tce.pb.gov.br\\\/portalprimeirainfancia\\\/wp-content\\\/uploads\\\/2025\\\/05\\\/Pacto-Whatsapp.png\",\"width\":427,\"height\":427,\"caption\":\"Pacto Paraibano pela Primeira Inf\u00e2ncia\"},\"image\":{\"@id\":\"https:\\\/\\\/tce.pb.gov.br\\\/portalprimeirainfancia\\\/#\\\/schema\\\/logo\\\/image\\\/\"},\"sameAs\":[\"https:\\\/\\\/www.instagram.com\\\/tcepb\\\/\"]},{\"@type\":\"Person\",\"@id\":\"https:\\\/\\\/tce.pb.gov.br\\\/portalprimeirainfancia\\\/#\\\/schema\\\/person\\\/6a39eea5836dda604de1c5e5b7d62141\",\"name\":\"Rafael Massoni\"}]}<\/script>\n<!-- \/ Yoast SEO plugin. -->","yoast_head_json":{"title":"Cajazeiras sedia capacita\u00e7\u00e3o do TCE-PB sobre PPA e LOA com foco na Primeira Inf\u00e2ncia","description":"O Tribunal de Contas da Para\u00edba (TCE-PB) realiza nesta quinta-feira (15) e sexta-feira (16), na cidade de Cajazeiras, mais uma etapa do ciclo de treinamentos presenciais sobre o Plano Plurianual (PPA) e a Lei Or\u00e7ament\u00e1ria Anual (LOA), com foco especial nas pol\u00edticas p\u00fablicas para a Primeira Inf\u00e2ncia.","robots":{"index":"index","follow":"follow","max-snippet":"max-snippet:-1","max-image-preview":"max-image-preview:large","max-video-preview":"max-video-preview:-1"},"canonical":"https:\/\/tce.pb.gov.br\/portalprimeirainfancia\/cajazeiras-sedia-capacitacao-do-tce-pb-sobre-ppa-e-loa-com-foco-na-primeira-infancia\/","og_locale":"pt_BR","og_type":"article","og_title":"Cajazeiras sedia capacita\u00e7\u00e3o do TCE-PB sobre PPA e LOA com foco na Primeira Inf\u00e2ncia","og_description":"O Tribunal de Contas da Para\u00edba (TCE-PB) realiza nesta quinta-feira (15) e sexta-feira (16), na cidade de Cajazeiras, mais uma etapa do ciclo de treinamentos presenciais sobre o Plano Plurianual (PPA) e a Lei Or\u00e7ament\u00e1ria Anual (LOA), com foco especial nas pol\u00edticas p\u00fablicas para a Primeira Inf\u00e2ncia.","og_url":"https:\/\/tce.pb.gov.br\/portalprimeirainfancia\/cajazeiras-sedia-capacitacao-do-tce-pb-sobre-ppa-e-loa-com-foco-na-primeira-infancia\/","og_site_name":"Pacto Paraibano pela Primeira Inf\u00e2ncia","article_published_time":"2025-05-14T14:33:54+00:00","article_modified_time":"2025-05-21T15:07:18+00:00","og_image":[{"width":1920,"height":1281,"url":"https:\/\/tce.pb.gov.br\/portalprimeirainfancia\/wp-content\/uploads\/2025\/05\/image-2.png","type":"image\/png"}],"author":"Rafael Massoni","twitter_card":"summary_large_image","twitter_misc":{"Escrito por":"Rafael Massoni","Est. tempo de leitura":"3 minutos"},"schema":{"@context":"https:\/\/schema.org","@graph":[{"@type":"NewsArticle","@id":"https:\/\/tce.pb.gov.br\/portalprimeirainfancia\/cajazeiras-sedia-capacitacao-do-tce-pb-sobre-ppa-e-loa-com-foco-na-primeira-infancia\/#article","isPartOf":{"@id":"https:\/\/tce.pb.gov.br\/portalprimeirainfancia\/cajazeiras-sedia-capacitacao-do-tce-pb-sobre-ppa-e-loa-com-foco-na-primeira-infancia\/"},"author":{"name":"Rafael Massoni","@id":"https:\/\/tce.pb.gov.br\/portalprimeirainfancia\/#\/schema\/person\/6a39eea5836dda604de1c5e5b7d62141"},"headline":"Cajazeiras sedia capacita\u00e7\u00e3o do TCE-PB sobre PPA e LOA com foco na Primeira Inf\u00e2ncia","datePublished":"2025-05-14T14:33:54+00:00","dateModified":"2025-05-21T15:07:18+00:00","mainEntityOfPage":{"@id":"https:\/\/tce.pb.gov.br\/portalprimeirainfancia\/cajazeiras-sedia-capacitacao-do-tce-pb-sobre-ppa-e-loa-com-foco-na-primeira-infancia\/"},"wordCount":396,"publisher":{"@id":"https:\/\/tce.pb.gov.br\/portalprimeirainfancia\/#organization"},"image":{"@id":"https:\/\/tce.pb.gov.br\/portalprimeirainfancia\/cajazeiras-sedia-capacitacao-do-tce-pb-sobre-ppa-e-loa-com-foco-na-primeira-infancia\/#primaryimage"},"thumbnailUrl":"https:\/\/tce.pb.gov.br\/portalprimeirainfancia\/wp-content\/uploads\/2025\/05\/Curso-PPA-e-LOA.png","keywords":["cajazeiras","pacto pela primeira infancia","primeira infancia","tce","tce-pb","treinamento loa","treinamento ppa"],"articleSection":["Not\u00edcias"],"inLanguage":"pt-BR"},{"@type":"WebPage","@id":"https:\/\/tce.pb.gov.br\/portalprimeirainfancia\/cajazeiras-sedia-capacitacao-do-tce-pb-sobre-ppa-e-loa-com-foco-na-primeira-infancia\/","url":"https:\/\/tce.pb.gov.br\/portalprimeirainfancia\/cajazeiras-sedia-capacitacao-do-tce-pb-sobre-ppa-e-loa-com-foco-na-primeira-infancia\/","name":"Cajazeiras sedia capacita\u00e7\u00e3o do TCE-PB sobre PPA e LOA com foco na Primeira Inf\u00e2ncia","isPartOf":{"@id":"https:\/\/tce.pb.gov.br\/portalprimeirainfancia\/#website"},"primaryImageOfPage":{"@id":"https:\/\/tce.pb.gov.br\/portalprimeirainfancia\/cajazeiras-sedia-capacitacao-do-tce-pb-sobre-ppa-e-loa-com-foco-na-primeira-infancia\/#primaryimage"},"image":{"@id":"https:\/\/tce.pb.gov.br\/portalprimeirainfancia\/cajazeiras-sedia-capacitacao-do-tce-pb-sobre-ppa-e-loa-com-foco-na-primeira-infancia\/#primaryimage"},"thumbnailUrl":"https:\/\/tce.pb.gov.br\/portalprimeirainfancia\/wp-content\/uploads\/2025\/05\/Curso-PPA-e-LOA.png","datePublished":"2025-05-14T14:33:54+00:00","dateModified":"2025-05-21T15:07:18+00:00","description":"O Tribunal de Contas da Para\u00edba (TCE-PB) realiza nesta quinta-feira (15) e sexta-feira (16), na cidade de Cajazeiras, mais uma etapa do ciclo de treinamentos presenciais sobre o Plano Plurianual (PPA) e a Lei Or\u00e7ament\u00e1ria Anual (LOA), com foco especial nas pol\u00edticas p\u00fablicas para a Primeira Inf\u00e2ncia.","breadcrumb":{"@id":"https:\/\/tce.pb.gov.br\/portalprimeirainfancia\/cajazeiras-sedia-capacitacao-do-tce-pb-sobre-ppa-e-loa-com-foco-na-primeira-infancia\/#breadcrumb"},"inLanguage":"pt-BR","potentialAction":[{"@type":"ReadAction","target":["https:\/\/tce.pb.gov.br\/portalprimeirainfancia\/cajazeiras-sedia-capacitacao-do-tce-pb-sobre-ppa-e-loa-com-foco-na-primeira-infancia\/"]}]},{"@type":"ImageObject","inLanguage":"pt-BR","@id":"https:\/\/tce.pb.gov.br\/portalprimeirainfancia\/cajazeiras-sedia-capacitacao-do-tce-pb-sobre-ppa-e-loa-com-foco-na-primeira-infancia\/#primaryimage","url":"https:\/\/tce.pb.gov.br\/portalprimeirainfancia\/wp-content\/uploads\/2025\/05\/Curso-PPA-e-LOA.png","contentUrl":"https:\/\/tce.pb.gov.br\/portalprimeirainfancia\/wp-content\/uploads\/2025\/05\/Curso-PPA-e-LOA.png","width":1920,"height":1281},{"@type":"BreadcrumbList","@id":"https:\/\/tce.pb.gov.br\/portalprimeirainfancia\/cajazeiras-sedia-capacitacao-do-tce-pb-sobre-ppa-e-loa-com-foco-na-primeira-infancia\/#breadcrumb","itemListElement":[{"@type":"ListItem","position":1,"name":"In\u00edcio","item":"https:\/\/tce.pb.gov.br\/portalprimeirainfancia\/"},{"@type":"ListItem","position":2,"name":"Cajazeiras sedia capacita\u00e7\u00e3o do TCE-PB sobre PPA e LOA com foco na Primeira Inf\u00e2ncia"}]},{"@type":"WebSite","@id":"https:\/\/tce.pb.gov.br\/portalprimeirainfancia\/#website","url":"https:\/\/tce.pb.gov.br\/portalprimeirainfancia\/","name":"Pacto Paraibano pela Primeira Inf\u00e2ncia","description":"Portal para divulga\u00e7\u00e3o do Pacto Paraibano pela Primeira Inf\u00e2ncia","publisher":{"@id":"https:\/\/tce.pb.gov.br\/portalprimeirainfancia\/#organization"},"potentialAction":[{"@type":"SearchAction","target":{"@type":"EntryPoint","urlTemplate":"https:\/\/tce.pb.gov.br\/portalprimeirainfancia\/?s={search_term_string}"},"query-input":{"@type":"PropertyValueSpecification","valueRequired":true,"valueName":"search_term_string"}}],"inLanguage":"pt-BR"},{"@type":"Organization","@id":"https:\/\/tce.pb.gov.br\/portalprimeirainfancia\/#organization","name":"Pacto Paraibano pela Primeira Inf\u00e2ncia","alternateName":"TCE-PB","url":"https:\/\/tce.pb.gov.br\/portalprimeirainfancia\/","logo":{"@type":"ImageObject","inLanguage":"pt-BR","@id":"https:\/\/tce.pb.gov.br\/portalprimeirainfancia\/#\/schema\/logo\/image\/","url":"https:\/\/tce.pb.gov.br\/portalprimeirainfancia\/wp-content\/uploads\/2025\/05\/Pacto-Whatsapp.png","contentUrl":"https:\/\/tce.pb.gov.br\/portalprimeirainfancia\/wp-content\/uploads\/2025\/05\/Pacto-Whatsapp.png","width":427,"height":427,"caption":"Pacto Paraibano pela Primeira Inf\u00e2ncia"},"image":{"@id":"https:\/\/tce.pb.gov.br\/portalprimeirainfancia\/#\/schema\/logo\/image\/"},"sameAs":["https:\/\/www.instagram.com\/tcepb\/"]},{"@type":"Person","@id":"https:\/\/tce.pb.gov.br\/portalprimeirainfancia\/#\/schema\/person\/6a39eea5836dda604de1c5e5b7d62141","name":"Rafael Massoni"}]}},"jetpack_featured_media_url":"https:\/\/tce.pb.gov.br\/portalprimeirainfancia\/wp-content\/uploads\/2025\/05\/Curso-PPA-e-LOA.png","jetpack_sharing_enabled":true,"_links":{"self":[{"href":"https:\/\/tce.pb.gov.br\/portalprimeirainfancia\/wp-json\/wp\/v2\/posts\/29342","targetHints":{"allow":["GET"]}}],"collection":[{"href":"https:\/\/tce.pb.gov.br\/portalprimeirainfancia\/wp-json\/wp\/v2\/posts"}],"about":[{"href":"https:\/\/tce.pb.gov.br\/portalprimeirainfancia\/wp-json\/wp\/v2\/types\/post"}],"author":[{"embeddable":true,"href":"https:\/\/tce.pb.gov.br\/portalprimeirainfancia\/wp-json\/wp\/v2\/users\/6"}],"replies":[{"embeddable":true,"href":"https:\/\/tce.pb.gov.br\/portalprimeirainfancia\/wp-json\/wp\/v2\/comments?post=29342"}],"version-history":[{"count":5,"href":"https:\/\/tce.pb.gov.br\/portalprimeirainfancia\/wp-json\/wp\/v2\/posts\/29342\/revisions"}],"predecessor-version":[{"id":29352,"href":"https:\/\/tce.pb.gov.br\/portalprimeirainfancia\/wp-json\/wp\/v2\/posts\/29342\/revisions\/29352"}],"wp:featuredmedia":[{"embeddable":true,"href":"https:\/\/tce.pb.gov.br\/portalprimeirainfancia\/wp-json\/wp\/v2\/media\/29349"}],"wp:attachment":[{"href":"https:\/\/tce.pb.gov.br\/portalprimeirainfancia\/wp-json\/wp\/v2\/media?parent=29342"}],"wp:term":[{"taxonomy":"category","embeddable":true,"href":"https:\/\/tce.pb.gov.br\/portalprimeirainfancia\/wp-json\/wp\/v2\/categories?post=29342"},{"taxonomy":"post_tag","embeddable":true,"href":"https:\/\/tce.pb.gov.br\/portalprimeirainfancia\/wp-json\/wp\/v2\/tags?post=29342"}],"curies":[{"name":"wp","href":"https:\/\/api.w.org\/{rel}","templated":true}]}}