{"id":29327,"date":"2025-05-20T11:15:45","date_gmt":"2025-05-20T14:15:45","guid":{"rendered":"https:\/\/tce.pb.gov.br\/portalprimeirainfancia\/?p=29327"},"modified":"2025-05-21T11:32:24","modified_gmt":"2025-05-21T14:32:24","slug":"tce-pb-e-mppb-alinham-medidas-para-reforcar-fiscalizacao-do-transporte-escolar-na-paraiba","status":"publish","type":"post","link":"https:\/\/tce.pb.gov.br\/portalprimeirainfancia\/tce-pb-e-mppb-alinham-medidas-para-reforcar-fiscalizacao-do-transporte-escolar-na-paraiba\/","title":{"rendered":"TCE-PB e MPPB alinham medidas para refor\u00e7ar fiscaliza\u00e7\u00e3o do transporte escolar na Para\u00edba"},"content":{"rendered":"\n<figure class=\"wp-block-image aligncenter size-full\"><img fetchpriority=\"high\" decoding=\"async\" width=\"1024\" height=\"683\" src=\"https:\/\/tce.pb.gov.br\/portalprimeirainfancia\/wp-content\/uploads\/2025\/05\/image-1.png\" alt=\"\" class=\"wp-image-29328\" srcset=\"https:\/\/tce.pb.gov.br\/portalprimeirainfancia\/wp-content\/uploads\/2025\/05\/image-1.png 1024w, https:\/\/tce.pb.gov.br\/portalprimeirainfancia\/wp-content\/uploads\/2025\/05\/image-1-300x200.png 300w, https:\/\/tce.pb.gov.br\/portalprimeirainfancia\/wp-content\/uploads\/2025\/05\/image-1-768x512.png 768w\" sizes=\"(max-width: 1024px) 100vw, 1024px\" \/><\/figure>\n\n\n\n<p>O Tribunal de Contas do Estado da Para\u00edba (TCE-PB) e o Minist\u00e9rio P\u00fablico da Para\u00edba (MPPB) se reuniram para definir estrat\u00e9gias conjuntas de fiscaliza\u00e7\u00e3o e normatiza\u00e7\u00e3o do transporte escolar ofertado pelos munic\u00edpios e pelo Estado. O encontro teve como foco principal a seguran\u00e7a dos estudantes, especialmente na primeira inf\u00e2ncia, al\u00e9m da transpar\u00eancia da gest\u00e3o p\u00fablica e do fortalecimento do controle social.<\/p>\n\n\n\n<p>Realizada na sede do TCE-PB, em Jo\u00e3o Pessoa, a reuni\u00e3o coordenada pelo presidente do Tribunal de Contas, conselheiro F\u00e1bio Nogueira, contou com a presen\u00e7a do procurador-geral de Justi\u00e7a, Ant\u00f4nio Hort\u00eancio Rocha Neto; da coordenadora do Centro de Apoio Operacional da Crian\u00e7a, do Adolescente e da Educa\u00e7\u00e3o, promotora F\u00e1bia Cristina Dantas; al\u00e9m de Auditores do Controle Externo e t\u00e9cnicos das duas institui\u00e7\u00f5es. Na pauta, foram abordados os principais desafios enfrentados pelas gest\u00f5es municipais na oferta do transporte escolar, as irregularidades identificadas em auditorias recentes e a necessidade de uma atua\u00e7\u00e3o preventiva e pedag\u00f3gica junto aos gestores p\u00fablicos.<\/p>\n\n\n\n<p>Os dirigentes das institui\u00e7\u00f5es destacaram a necessidade de atualiza\u00e7\u00e3o da resolu\u00e7\u00e3o normativa que regulamente o envio de informa\u00e7\u00f5es detalhadas sobre a frota municipal, obrigando os gestores a apresentar, nas presta\u00e7\u00f5es de contas anual, a frota setorizada: ve\u00edculos da sa\u00fade, da educa\u00e7\u00e3o e, especialmente, os utilizados no transporte escolar.<\/p>\n\n\n\n<p>Segundo o presidente do TCE-PB, conselheiro F\u00e1bio Nogueira, a medida vai facilitar a fiscaliza\u00e7\u00e3o e permitir maior clareza quanto ao uso e \u00e0 manuten\u00e7\u00e3o dos ve\u00edculos. \u201cEssa segmenta\u00e7\u00e3o \u00e9 fundamental para que o Tribunal e os \u00f3rg\u00e3os parceiros possam atuar com precis\u00e3o e prevenir riscos \u00e0 integridade dos estudantes\u201d, afirmou.<\/p>\n\n\n\n<p>Outro ponto importante discutido foi a exig\u00eancia de vistoria semestral dos ve\u00edculos escolares, que dever\u00e1 ser comprovada por meio de selo de regularidade fixado no transporte escolar. O selo funcionar\u00e1 como um comprovante p\u00fablico de que o ve\u00edculo est\u00e1 apto ao transporte de alunos, permitindo que pais e respons\u00e1veis possam identificar ve\u00edculos regulares.<\/p>\n\n\n\n<p>Para os gestores municipais, a implementa\u00e7\u00e3o dessas medidas representar\u00e1 um avan\u00e7o na qualidade do servi\u00e7o e no zelo pelos recursos p\u00fablicos. \u201c\u00c9 uma a\u00e7\u00e3o de car\u00e1ter pedag\u00f3gico, mas com efeitos concretos na seguran\u00e7a dos estudantes. O transporte escolar n\u00e3o pode ser improvisado\u201d, alertou o procurador-geral de Justi\u00e7a, Ant\u00f4nio Hort\u00eancio Rocha Neto.<\/p>\n\n\n\n<p>Al\u00e9m disso, foi discutida a necessidade de monitoramento obrigat\u00f3rio nos ve\u00edculos que transportam crian\u00e7as com foco na primeira inf\u00e2ncia (de at\u00e9 seis anos) e alunos com defici\u00eancia. O transporte dessas crian\u00e7as deve ser acompanhado por um respons\u00e1vel designado \u2013 que n\u00e3o seja o motorista \u2013 garantindo apoio durante o trajeto.<\/p>\n\n\n\n<p>Para refor\u00e7ar o controle social, ser\u00e1 lan\u00e7ada uma campanha de conscientiza\u00e7\u00e3o, estimulando a popula\u00e7\u00e3o a fiscalizar e denunciar ve\u00edculos irregulares ou clandestinos. A proposta \u00e9 envolver pais, comunidades escolares e conselhos locais de educa\u00e7\u00e3o. A campanha destacar\u00e1 a import\u00e2ncia do selo de vistoria como s\u00edmbolo de seguran\u00e7a e legalidade.<\/p>\n\n\n\n<p>\u201cAs medidas integram um esfor\u00e7o conjunto das institui\u00e7\u00f5es para garantir que o transporte escolar na Para\u00edba seja seguro, eficiente, fiscaliz\u00e1vel e digno para todos os estudantes da rede p\u00fablica\u201d, finalizou o presidente do TCE-PB.<\/p>\n\n\n\n<figure class=\"wp-block-gallery has-nested-images columns-default is-cropped wp-block-gallery-1 is-layout-flex wp-block-gallery-is-layout-flex\">\n<figure class=\"wp-block-image size-large\"><img decoding=\"async\" width=\"1024\" height=\"683\" data-id=\"29330\" src=\"https:\/\/tce.pb.gov.br\/portalprimeirainfancia\/wp-content\/uploads\/2025\/05\/MG_3248-1024x683.jpg\" alt=\"\" class=\"wp-image-29330\" srcset=\"https:\/\/tce.pb.gov.br\/portalprimeirainfancia\/wp-content\/uploads\/2025\/05\/MG_3248-1024x683.jpg 1024w, https:\/\/tce.pb.gov.br\/portalprimeirainfancia\/wp-content\/uploads\/2025\/05\/MG_3248-300x200.jpg 300w, https:\/\/tce.pb.gov.br\/portalprimeirainfancia\/wp-content\/uploads\/2025\/05\/MG_3248-768x512.jpg 768w, https:\/\/tce.pb.gov.br\/portalprimeirainfancia\/wp-content\/uploads\/2025\/05\/MG_3248-1536x1024.jpg 1536w, https:\/\/tce.pb.gov.br\/portalprimeirainfancia\/wp-content\/uploads\/2025\/05\/MG_3248-2048x1365.jpg 2048w\" sizes=\"(max-width: 1024px) 100vw, 1024px\" \/><\/figure>\n\n\n\n<figure class=\"wp-block-image size-large\"><img decoding=\"async\" width=\"1024\" height=\"683\" data-id=\"29331\" src=\"https:\/\/tce.pb.gov.br\/portalprimeirainfancia\/wp-content\/uploads\/2025\/05\/MG_3269-1024x683.jpg\" alt=\"\" class=\"wp-image-29331\" srcset=\"https:\/\/tce.pb.gov.br\/portalprimeirainfancia\/wp-content\/uploads\/2025\/05\/MG_3269-1024x683.jpg 1024w, https:\/\/tce.pb.gov.br\/portalprimeirainfancia\/wp-content\/uploads\/2025\/05\/MG_3269-300x200.jpg 300w, https:\/\/tce.pb.gov.br\/portalprimeirainfancia\/wp-content\/uploads\/2025\/05\/MG_3269-768x512.jpg 768w, https:\/\/tce.pb.gov.br\/portalprimeirainfancia\/wp-content\/uploads\/2025\/05\/MG_3269-1536x1024.jpg 1536w, https:\/\/tce.pb.gov.br\/portalprimeirainfancia\/wp-content\/uploads\/2025\/05\/MG_3269-2048x1365.jpg 2048w\" sizes=\"(max-width: 1024px) 100vw, 1024px\" \/><\/figure>\n\n\n\n<figure class=\"wp-block-image size-large\"><img loading=\"lazy\" decoding=\"async\" width=\"1024\" height=\"683\" data-id=\"29335\" src=\"https:\/\/tce.pb.gov.br\/portalprimeirainfancia\/wp-content\/uploads\/2025\/05\/MG_3240-1-1024x683.jpg\" alt=\"\" class=\"wp-image-29335\" srcset=\"https:\/\/tce.pb.gov.br\/portalprimeirainfancia\/wp-content\/uploads\/2025\/05\/MG_3240-1-1024x683.jpg 1024w, https:\/\/tce.pb.gov.br\/portalprimeirainfancia\/wp-content\/uploads\/2025\/05\/MG_3240-1-300x200.jpg 300w, https:\/\/tce.pb.gov.br\/portalprimeirainfancia\/wp-content\/uploads\/2025\/05\/MG_3240-1-768x512.jpg 768w, https:\/\/tce.pb.gov.br\/portalprimeirainfancia\/wp-content\/uploads\/2025\/05\/MG_3240-1-1536x1024.jpg 1536w, https:\/\/tce.pb.gov.br\/portalprimeirainfancia\/wp-content\/uploads\/2025\/05\/MG_3240-1-2048x1365.jpg 2048w\" sizes=\"(max-width: 1024px) 100vw, 1024px\" \/><\/figure>\n\n\n\n<figure class=\"wp-block-image size-large\"><img loading=\"lazy\" decoding=\"async\" width=\"1024\" height=\"683\" data-id=\"29336\" src=\"https:\/\/tce.pb.gov.br\/portalprimeirainfancia\/wp-content\/uploads\/2025\/05\/MG_3280-2-1024x683.jpg\" alt=\"\" class=\"wp-image-29336\" srcset=\"https:\/\/tce.pb.gov.br\/portalprimeirainfancia\/wp-content\/uploads\/2025\/05\/MG_3280-2-1024x683.jpg 1024w, https:\/\/tce.pb.gov.br\/portalprimeirainfancia\/wp-content\/uploads\/2025\/05\/MG_3280-2-300x200.jpg 300w, https:\/\/tce.pb.gov.br\/portalprimeirainfancia\/wp-content\/uploads\/2025\/05\/MG_3280-2-768x512.jpg 768w, https:\/\/tce.pb.gov.br\/portalprimeirainfancia\/wp-content\/uploads\/2025\/05\/MG_3280-2-1536x1024.jpg 1536w, https:\/\/tce.pb.gov.br\/portalprimeirainfancia\/wp-content\/uploads\/2025\/05\/MG_3280-2-2048x1365.jpg 2048w\" sizes=\"(max-width: 1024px) 100vw, 1024px\" \/><\/figure>\n\n\n\n<figure class=\"wp-block-image size-large\"><img loading=\"lazy\" decoding=\"async\" width=\"1024\" height=\"683\" data-id=\"29338\" src=\"https:\/\/tce.pb.gov.br\/portalprimeirainfancia\/wp-content\/uploads\/2025\/05\/MG_3236-1024x683.jpg\" alt=\"\" class=\"wp-image-29338\" srcset=\"https:\/\/tce.pb.gov.br\/portalprimeirainfancia\/wp-content\/uploads\/2025\/05\/MG_3236-1024x683.jpg 1024w, https:\/\/tce.pb.gov.br\/portalprimeirainfancia\/wp-content\/uploads\/2025\/05\/MG_3236-300x200.jpg 300w, https:\/\/tce.pb.gov.br\/portalprimeirainfancia\/wp-content\/uploads\/2025\/05\/MG_3236-768x512.jpg 768w, https:\/\/tce.pb.gov.br\/portalprimeirainfancia\/wp-content\/uploads\/2025\/05\/MG_3236-1536x1024.jpg 1536w, https:\/\/tce.pb.gov.br\/portalprimeirainfancia\/wp-content\/uploads\/2025\/05\/MG_3236-2048x1365.jpg 2048w\" sizes=\"(max-width: 1024px) 100vw, 1024px\" \/><\/figure>\n<\/figure>\n\n\n\n<p><\/p>\n","protected":false},"excerpt":{"rendered":"<p>O Tribunal de Contas do Estado da Para\u00edba (TCE-PB) e o Minist\u00e9rio P\u00fablico da Para\u00edba (MPPB) se reuniram para definir [&hellip;]<\/p>\n","protected":false},"author":6,"featured_media":29328,"comment_status":"closed","ping_status":"closed","sticky":false,"template":"","format":"standard","meta":{"site-sidebar-layout":"default","site-content-layout":"","ast-site-content-layout":"","site-content-style":"default","site-sidebar-style":"default","ast-global-header-display":"","ast-banner-title-visibility":"","ast-main-header-display":"","ast-hfb-above-header-display":"","ast-hfb-below-header-display":"","ast-hfb-mobile-header-display":"","site-post-title":"","ast-breadcrumbs-content":"","ast-featured-img":"","footer-sml-layout":"","theme-transparent-header-meta":"","adv-header-id-meta":"","stick-header-meta":"","header-above-stick-meta":"","header-main-stick-meta":"","header-below-stick-meta":"","astra-migrate-meta-layouts":"default","ast-page-background-enabled":"default","ast-page-background-meta":{"desktop":{"background-color":"var(--ast-global-color-5)","background-image":"","background-repeat":"repeat","background-position":"center center","background-size":"auto","background-attachment":"scroll","background-type":"","background-media":"","overlay-type":"","overlay-color":"","overlay-opacity":"","overlay-gradient":""},"tablet":{"background-color":"","background-image":"","background-repeat":"repeat","background-position":"center center","background-size":"auto","background-attachment":"scroll","background-type":"","background-media":"","overlay-type":"","overlay-color":"","overlay-opacity":"","overlay-gradient":""},"mobile":{"background-color":"","background-image":"","background-repeat":"repeat","background-position":"center center","background-size":"auto","background-attachment":"scroll","background-type":"","background-media":"","overlay-type":"","overlay-color":"","overlay-opacity":"","overlay-gradient":""}},"ast-content-background-meta":{"desktop":{"background-color":"var(--ast-global-color-4)","background-image":"","background-repeat":"repeat","background-position":"center center","background-size":"auto","background-attachment":"scroll","background-type":"","background-media":"","overlay-type":"","overlay-color":"","overlay-opacity":"","overlay-gradient":""},"tablet":{"background-color":"var(--ast-global-color-4)","background-image":"","background-repeat":"repeat","background-position":"center center","background-size":"auto","background-attachment":"scroll","background-type":"","background-media":"","overlay-type":"","overlay-color":"","overlay-opacity":"","overlay-gradient":""},"mobile":{"background-color":"var(--ast-global-color-4)","background-image":"","background-repeat":"repeat","background-position":"center center","background-size":"auto","background-attachment":"scroll","background-type":"","background-media":"","overlay-type":"","overlay-color":"","overlay-opacity":"","overlay-gradient":""}},"_jetpack_memberships_contains_paid_content":false,"footnotes":""},"categories":[7],"tags":[34,33,27,25,31,26,32],"class_list":["post-29327","post","type-post","status-publish","format-standard","has-post-thumbnail","hentry","category-noticias","tag-fiscalizacao","tag-mppb","tag-pacto-pela-primeira-infancia","tag-primeira-infancia","tag-tce","tag-tce-pb","tag-transporte-escolar"],"yoast_head":"<!-- This site is optimized with the Yoast SEO plugin v27.5 - https:\/\/yoast.com\/product\/yoast-seo-wordpress\/ -->\n<title>TCE-PB e MPPB alinham medidas para refor\u00e7ar fiscaliza\u00e7\u00e3o do transporte escolar na Para\u00edba %<\/title>\n<meta name=\"description\" content=\"TCE-PB e MPPB alinham medidas para refor\u00e7ar fiscaliza\u00e7\u00e3o do transporte escolar na Para\u00edba %\" \/>\n<meta name=\"robots\" content=\"index, follow, max-snippet:-1, max-image-preview:large, max-video-preview:-1\" \/>\n<link rel=\"canonical\" href=\"https:\/\/tce.pb.gov.br\/portalprimeirainfancia\/tce-pb-e-mppb-alinham-medidas-para-reforcar-fiscalizacao-do-transporte-escolar-na-paraiba\/\" \/>\n<meta property=\"og:locale\" content=\"pt_BR\" \/>\n<meta property=\"og:type\" content=\"article\" \/>\n<meta property=\"og:title\" content=\"TCE-PB e MPPB alinham medidas para refor\u00e7ar fiscaliza\u00e7\u00e3o do transporte escolar na Para\u00edba %\" \/>\n<meta property=\"og:description\" content=\"TCE-PB e MPPB alinham medidas para refor\u00e7ar fiscaliza\u00e7\u00e3o do transporte escolar na Para\u00edba %\" \/>\n<meta property=\"og:url\" content=\"https:\/\/tce.pb.gov.br\/portalprimeirainfancia\/tce-pb-e-mppb-alinham-medidas-para-reforcar-fiscalizacao-do-transporte-escolar-na-paraiba\/\" \/>\n<meta property=\"og:site_name\" content=\"Pacto Paraibano pela Primeira Inf\u00e2ncia\" \/>\n<meta property=\"article:published_time\" content=\"2025-05-20T14:15:45+00:00\" \/>\n<meta property=\"article:modified_time\" content=\"2025-05-21T14:32:24+00:00\" \/>\n<meta property=\"og:image\" content=\"https:\/\/tce.pb.gov.br\/portalprimeirainfancia\/wp-content\/uploads\/2025\/05\/image-1.png\" \/>\n\t<meta property=\"og:image:width\" content=\"1024\" \/>\n\t<meta property=\"og:image:height\" content=\"683\" \/>\n\t<meta property=\"og:image:type\" content=\"image\/png\" \/>\n<meta name=\"author\" content=\"Rafael Massoni\" \/>\n<meta name=\"twitter:card\" content=\"summary_large_image\" \/>\n<meta name=\"twitter:label1\" content=\"Escrito por\" \/>\n\t<meta name=\"twitter:data1\" content=\"Rafael Massoni\" \/>\n\t<meta name=\"twitter:label2\" content=\"Est. tempo de leitura\" \/>\n\t<meta name=\"twitter:data2\" content=\"5 minutos\" \/>\n<script type=\"application\/ld+json\" class=\"yoast-schema-graph\">{\"@context\":\"https:\\\/\\\/schema.org\",\"@graph\":[{\"@type\":\"NewsArticle\",\"@id\":\"https:\\\/\\\/tce.pb.gov.br\\\/portalprimeirainfancia\\\/tce-pb-e-mppb-alinham-medidas-para-reforcar-fiscalizacao-do-transporte-escolar-na-paraiba\\\/#article\",\"isPartOf\":{\"@id\":\"https:\\\/\\\/tce.pb.gov.br\\\/portalprimeirainfancia\\\/tce-pb-e-mppb-alinham-medidas-para-reforcar-fiscalizacao-do-transporte-escolar-na-paraiba\\\/\"},\"author\":{\"name\":\"Rafael Massoni\",\"@id\":\"https:\\\/\\\/tce.pb.gov.br\\\/portalprimeirainfancia\\\/#\\\/schema\\\/person\\\/6a39eea5836dda604de1c5e5b7d62141\"},\"headline\":\"TCE-PB e MPPB alinham medidas para refor\u00e7ar fiscaliza\u00e7\u00e3o do transporte escolar na Para\u00edba\",\"datePublished\":\"2025-05-20T14:15:45+00:00\",\"dateModified\":\"2025-05-21T14:32:24+00:00\",\"mainEntityOfPage\":{\"@id\":\"https:\\\/\\\/tce.pb.gov.br\\\/portalprimeirainfancia\\\/tce-pb-e-mppb-alinham-medidas-para-reforcar-fiscalizacao-do-transporte-escolar-na-paraiba\\\/\"},\"wordCount\":588,\"publisher\":{\"@id\":\"https:\\\/\\\/tce.pb.gov.br\\\/portalprimeirainfancia\\\/#organization\"},\"image\":{\"@id\":\"https:\\\/\\\/tce.pb.gov.br\\\/portalprimeirainfancia\\\/tce-pb-e-mppb-alinham-medidas-para-reforcar-fiscalizacao-do-transporte-escolar-na-paraiba\\\/#primaryimage\"},\"thumbnailUrl\":\"https:\\\/\\\/tce.pb.gov.br\\\/portalprimeirainfancia\\\/wp-content\\\/uploads\\\/2025\\\/05\\\/image-1.png\",\"keywords\":[\"fiscaliza\u00e7\u00e3o\",\"mppb\",\"pacto pela primeira infancia\",\"primeira infancia\",\"tce\",\"tce-pb\",\"transporte escolar\"],\"articleSection\":[\"Not\u00edcias\"],\"inLanguage\":\"pt-BR\"},{\"@type\":\"WebPage\",\"@id\":\"https:\\\/\\\/tce.pb.gov.br\\\/portalprimeirainfancia\\\/tce-pb-e-mppb-alinham-medidas-para-reforcar-fiscalizacao-do-transporte-escolar-na-paraiba\\\/\",\"url\":\"https:\\\/\\\/tce.pb.gov.br\\\/portalprimeirainfancia\\\/tce-pb-e-mppb-alinham-medidas-para-reforcar-fiscalizacao-do-transporte-escolar-na-paraiba\\\/\",\"name\":\"TCE-PB e MPPB alinham medidas para refor\u00e7ar fiscaliza\u00e7\u00e3o do transporte escolar na Para\u00edba %\",\"isPartOf\":{\"@id\":\"https:\\\/\\\/tce.pb.gov.br\\\/portalprimeirainfancia\\\/#website\"},\"primaryImageOfPage\":{\"@id\":\"https:\\\/\\\/tce.pb.gov.br\\\/portalprimeirainfancia\\\/tce-pb-e-mppb-alinham-medidas-para-reforcar-fiscalizacao-do-transporte-escolar-na-paraiba\\\/#primaryimage\"},\"image\":{\"@id\":\"https:\\\/\\\/tce.pb.gov.br\\\/portalprimeirainfancia\\\/tce-pb-e-mppb-alinham-medidas-para-reforcar-fiscalizacao-do-transporte-escolar-na-paraiba\\\/#primaryimage\"},\"thumbnailUrl\":\"https:\\\/\\\/tce.pb.gov.br\\\/portalprimeirainfancia\\\/wp-content\\\/uploads\\\/2025\\\/05\\\/image-1.png\",\"datePublished\":\"2025-05-20T14:15:45+00:00\",\"dateModified\":\"2025-05-21T14:32:24+00:00\",\"description\":\"TCE-PB e MPPB alinham medidas para refor\u00e7ar fiscaliza\u00e7\u00e3o do transporte escolar na Para\u00edba %\",\"breadcrumb\":{\"@id\":\"https:\\\/\\\/tce.pb.gov.br\\\/portalprimeirainfancia\\\/tce-pb-e-mppb-alinham-medidas-para-reforcar-fiscalizacao-do-transporte-escolar-na-paraiba\\\/#breadcrumb\"},\"inLanguage\":\"pt-BR\",\"potentialAction\":[{\"@type\":\"ReadAction\",\"target\":[\"https:\\\/\\\/tce.pb.gov.br\\\/portalprimeirainfancia\\\/tce-pb-e-mppb-alinham-medidas-para-reforcar-fiscalizacao-do-transporte-escolar-na-paraiba\\\/\"]}]},{\"@type\":\"ImageObject\",\"inLanguage\":\"pt-BR\",\"@id\":\"https:\\\/\\\/tce.pb.gov.br\\\/portalprimeirainfancia\\\/tce-pb-e-mppb-alinham-medidas-para-reforcar-fiscalizacao-do-transporte-escolar-na-paraiba\\\/#primaryimage\",\"url\":\"https:\\\/\\\/tce.pb.gov.br\\\/portalprimeirainfancia\\\/wp-content\\\/uploads\\\/2025\\\/05\\\/image-1.png\",\"contentUrl\":\"https:\\\/\\\/tce.pb.gov.br\\\/portalprimeirainfancia\\\/wp-content\\\/uploads\\\/2025\\\/05\\\/image-1.png\",\"width\":1024,\"height\":683},{\"@type\":\"BreadcrumbList\",\"@id\":\"https:\\\/\\\/tce.pb.gov.br\\\/portalprimeirainfancia\\\/tce-pb-e-mppb-alinham-medidas-para-reforcar-fiscalizacao-do-transporte-escolar-na-paraiba\\\/#breadcrumb\",\"itemListElement\":[{\"@type\":\"ListItem\",\"position\":1,\"name\":\"In\u00edcio\",\"item\":\"https:\\\/\\\/tce.pb.gov.br\\\/portalprimeirainfancia\\\/\"},{\"@type\":\"ListItem\",\"position\":2,\"name\":\"TCE-PB e MPPB alinham medidas para refor\u00e7ar fiscaliza\u00e7\u00e3o do transporte escolar na Para\u00edba\"}]},{\"@type\":\"WebSite\",\"@id\":\"https:\\\/\\\/tce.pb.gov.br\\\/portalprimeirainfancia\\\/#website\",\"url\":\"https:\\\/\\\/tce.pb.gov.br\\\/portalprimeirainfancia\\\/\",\"name\":\"Pacto Paraibano pela Primeira Inf\u00e2ncia\",\"description\":\"Portal para divulga\u00e7\u00e3o do Pacto Paraibano pela Primeira Inf\u00e2ncia\",\"publisher\":{\"@id\":\"https:\\\/\\\/tce.pb.gov.br\\\/portalprimeirainfancia\\\/#organization\"},\"potentialAction\":[{\"@type\":\"SearchAction\",\"target\":{\"@type\":\"EntryPoint\",\"urlTemplate\":\"https:\\\/\\\/tce.pb.gov.br\\\/portalprimeirainfancia\\\/?s={search_term_string}\"},\"query-input\":{\"@type\":\"PropertyValueSpecification\",\"valueRequired\":true,\"valueName\":\"search_term_string\"}}],\"inLanguage\":\"pt-BR\"},{\"@type\":\"Organization\",\"@id\":\"https:\\\/\\\/tce.pb.gov.br\\\/portalprimeirainfancia\\\/#organization\",\"name\":\"Pacto Paraibano pela Primeira Inf\u00e2ncia\",\"alternateName\":\"TCE-PB\",\"url\":\"https:\\\/\\\/tce.pb.gov.br\\\/portalprimeirainfancia\\\/\",\"logo\":{\"@type\":\"ImageObject\",\"inLanguage\":\"pt-BR\",\"@id\":\"https:\\\/\\\/tce.pb.gov.br\\\/portalprimeirainfancia\\\/#\\\/schema\\\/logo\\\/image\\\/\",\"url\":\"https:\\\/\\\/tce.pb.gov.br\\\/portalprimeirainfancia\\\/wp-content\\\/uploads\\\/2025\\\/05\\\/Pacto-Whatsapp.png\",\"contentUrl\":\"https:\\\/\\\/tce.pb.gov.br\\\/portalprimeirainfancia\\\/wp-content\\\/uploads\\\/2025\\\/05\\\/Pacto-Whatsapp.png\",\"width\":427,\"height\":427,\"caption\":\"Pacto Paraibano pela Primeira Inf\u00e2ncia\"},\"image\":{\"@id\":\"https:\\\/\\\/tce.pb.gov.br\\\/portalprimeirainfancia\\\/#\\\/schema\\\/logo\\\/image\\\/\"},\"sameAs\":[\"https:\\\/\\\/www.instagram.com\\\/tcepb\\\/\"]},{\"@type\":\"Person\",\"@id\":\"https:\\\/\\\/tce.pb.gov.br\\\/portalprimeirainfancia\\\/#\\\/schema\\\/person\\\/6a39eea5836dda604de1c5e5b7d62141\",\"name\":\"Rafael Massoni\"}]}<\/script>\n<!-- \/ Yoast SEO plugin. -->","yoast_head_json":{"title":"TCE-PB e MPPB alinham medidas para refor\u00e7ar fiscaliza\u00e7\u00e3o do transporte escolar na Para\u00edba %","description":"TCE-PB e MPPB alinham medidas para refor\u00e7ar fiscaliza\u00e7\u00e3o do transporte escolar na Para\u00edba %","robots":{"index":"index","follow":"follow","max-snippet":"max-snippet:-1","max-image-preview":"max-image-preview:large","max-video-preview":"max-video-preview:-1"},"canonical":"https:\/\/tce.pb.gov.br\/portalprimeirainfancia\/tce-pb-e-mppb-alinham-medidas-para-reforcar-fiscalizacao-do-transporte-escolar-na-paraiba\/","og_locale":"pt_BR","og_type":"article","og_title":"TCE-PB e MPPB alinham medidas para refor\u00e7ar fiscaliza\u00e7\u00e3o do transporte escolar na Para\u00edba %","og_description":"TCE-PB e MPPB alinham medidas para refor\u00e7ar fiscaliza\u00e7\u00e3o do transporte escolar na Para\u00edba %","og_url":"https:\/\/tce.pb.gov.br\/portalprimeirainfancia\/tce-pb-e-mppb-alinham-medidas-para-reforcar-fiscalizacao-do-transporte-escolar-na-paraiba\/","og_site_name":"Pacto Paraibano pela Primeira Inf\u00e2ncia","article_published_time":"2025-05-20T14:15:45+00:00","article_modified_time":"2025-05-21T14:32:24+00:00","og_image":[{"width":1024,"height":683,"url":"https:\/\/tce.pb.gov.br\/portalprimeirainfancia\/wp-content\/uploads\/2025\/05\/image-1.png","type":"image\/png"}],"author":"Rafael Massoni","twitter_card":"summary_large_image","twitter_misc":{"Escrito por":"Rafael Massoni","Est. tempo de leitura":"5 minutos"},"schema":{"@context":"https:\/\/schema.org","@graph":[{"@type":"NewsArticle","@id":"https:\/\/tce.pb.gov.br\/portalprimeirainfancia\/tce-pb-e-mppb-alinham-medidas-para-reforcar-fiscalizacao-do-transporte-escolar-na-paraiba\/#article","isPartOf":{"@id":"https:\/\/tce.pb.gov.br\/portalprimeirainfancia\/tce-pb-e-mppb-alinham-medidas-para-reforcar-fiscalizacao-do-transporte-escolar-na-paraiba\/"},"author":{"name":"Rafael Massoni","@id":"https:\/\/tce.pb.gov.br\/portalprimeirainfancia\/#\/schema\/person\/6a39eea5836dda604de1c5e5b7d62141"},"headline":"TCE-PB e MPPB alinham medidas para refor\u00e7ar fiscaliza\u00e7\u00e3o do transporte escolar na Para\u00edba","datePublished":"2025-05-20T14:15:45+00:00","dateModified":"2025-05-21T14:32:24+00:00","mainEntityOfPage":{"@id":"https:\/\/tce.pb.gov.br\/portalprimeirainfancia\/tce-pb-e-mppb-alinham-medidas-para-reforcar-fiscalizacao-do-transporte-escolar-na-paraiba\/"},"wordCount":588,"publisher":{"@id":"https:\/\/tce.pb.gov.br\/portalprimeirainfancia\/#organization"},"image":{"@id":"https:\/\/tce.pb.gov.br\/portalprimeirainfancia\/tce-pb-e-mppb-alinham-medidas-para-reforcar-fiscalizacao-do-transporte-escolar-na-paraiba\/#primaryimage"},"thumbnailUrl":"https:\/\/tce.pb.gov.br\/portalprimeirainfancia\/wp-content\/uploads\/2025\/05\/image-1.png","keywords":["fiscaliza\u00e7\u00e3o","mppb","pacto pela primeira infancia","primeira infancia","tce","tce-pb","transporte escolar"],"articleSection":["Not\u00edcias"],"inLanguage":"pt-BR"},{"@type":"WebPage","@id":"https:\/\/tce.pb.gov.br\/portalprimeirainfancia\/tce-pb-e-mppb-alinham-medidas-para-reforcar-fiscalizacao-do-transporte-escolar-na-paraiba\/","url":"https:\/\/tce.pb.gov.br\/portalprimeirainfancia\/tce-pb-e-mppb-alinham-medidas-para-reforcar-fiscalizacao-do-transporte-escolar-na-paraiba\/","name":"TCE-PB e MPPB alinham medidas para refor\u00e7ar fiscaliza\u00e7\u00e3o do transporte escolar na Para\u00edba %","isPartOf":{"@id":"https:\/\/tce.pb.gov.br\/portalprimeirainfancia\/#website"},"primaryImageOfPage":{"@id":"https:\/\/tce.pb.gov.br\/portalprimeirainfancia\/tce-pb-e-mppb-alinham-medidas-para-reforcar-fiscalizacao-do-transporte-escolar-na-paraiba\/#primaryimage"},"image":{"@id":"https:\/\/tce.pb.gov.br\/portalprimeirainfancia\/tce-pb-e-mppb-alinham-medidas-para-reforcar-fiscalizacao-do-transporte-escolar-na-paraiba\/#primaryimage"},"thumbnailUrl":"https:\/\/tce.pb.gov.br\/portalprimeirainfancia\/wp-content\/uploads\/2025\/05\/image-1.png","datePublished":"2025-05-20T14:15:45+00:00","dateModified":"2025-05-21T14:32:24+00:00","description":"TCE-PB e MPPB alinham medidas para refor\u00e7ar fiscaliza\u00e7\u00e3o do transporte escolar na Para\u00edba %","breadcrumb":{"@id":"https:\/\/tce.pb.gov.br\/portalprimeirainfancia\/tce-pb-e-mppb-alinham-medidas-para-reforcar-fiscalizacao-do-transporte-escolar-na-paraiba\/#breadcrumb"},"inLanguage":"pt-BR","potentialAction":[{"@type":"ReadAction","target":["https:\/\/tce.pb.gov.br\/portalprimeirainfancia\/tce-pb-e-mppb-alinham-medidas-para-reforcar-fiscalizacao-do-transporte-escolar-na-paraiba\/"]}]},{"@type":"ImageObject","inLanguage":"pt-BR","@id":"https:\/\/tce.pb.gov.br\/portalprimeirainfancia\/tce-pb-e-mppb-alinham-medidas-para-reforcar-fiscalizacao-do-transporte-escolar-na-paraiba\/#primaryimage","url":"https:\/\/tce.pb.gov.br\/portalprimeirainfancia\/wp-content\/uploads\/2025\/05\/image-1.png","contentUrl":"https:\/\/tce.pb.gov.br\/portalprimeirainfancia\/wp-content\/uploads\/2025\/05\/image-1.png","width":1024,"height":683},{"@type":"BreadcrumbList","@id":"https:\/\/tce.pb.gov.br\/portalprimeirainfancia\/tce-pb-e-mppb-alinham-medidas-para-reforcar-fiscalizacao-do-transporte-escolar-na-paraiba\/#breadcrumb","itemListElement":[{"@type":"ListItem","position":1,"name":"In\u00edcio","item":"https:\/\/tce.pb.gov.br\/portalprimeirainfancia\/"},{"@type":"ListItem","position":2,"name":"TCE-PB e MPPB alinham medidas para refor\u00e7ar fiscaliza\u00e7\u00e3o do transporte escolar na Para\u00edba"}]},{"@type":"WebSite","@id":"https:\/\/tce.pb.gov.br\/portalprimeirainfancia\/#website","url":"https:\/\/tce.pb.gov.br\/portalprimeirainfancia\/","name":"Pacto Paraibano pela Primeira Inf\u00e2ncia","description":"Portal para divulga\u00e7\u00e3o do Pacto Paraibano pela Primeira Inf\u00e2ncia","publisher":{"@id":"https:\/\/tce.pb.gov.br\/portalprimeirainfancia\/#organization"},"potentialAction":[{"@type":"SearchAction","target":{"@type":"EntryPoint","urlTemplate":"https:\/\/tce.pb.gov.br\/portalprimeirainfancia\/?s={search_term_string}"},"query-input":{"@type":"PropertyValueSpecification","valueRequired":true,"valueName":"search_term_string"}}],"inLanguage":"pt-BR"},{"@type":"Organization","@id":"https:\/\/tce.pb.gov.br\/portalprimeirainfancia\/#organization","name":"Pacto Paraibano pela Primeira Inf\u00e2ncia","alternateName":"TCE-PB","url":"https:\/\/tce.pb.gov.br\/portalprimeirainfancia\/","logo":{"@type":"ImageObject","inLanguage":"pt-BR","@id":"https:\/\/tce.pb.gov.br\/portalprimeirainfancia\/#\/schema\/logo\/image\/","url":"https:\/\/tce.pb.gov.br\/portalprimeirainfancia\/wp-content\/uploads\/2025\/05\/Pacto-Whatsapp.png","contentUrl":"https:\/\/tce.pb.gov.br\/portalprimeirainfancia\/wp-content\/uploads\/2025\/05\/Pacto-Whatsapp.png","width":427,"height":427,"caption":"Pacto Paraibano pela Primeira Inf\u00e2ncia"},"image":{"@id":"https:\/\/tce.pb.gov.br\/portalprimeirainfancia\/#\/schema\/logo\/image\/"},"sameAs":["https:\/\/www.instagram.com\/tcepb\/"]},{"@type":"Person","@id":"https:\/\/tce.pb.gov.br\/portalprimeirainfancia\/#\/schema\/person\/6a39eea5836dda604de1c5e5b7d62141","name":"Rafael Massoni"}]}},"jetpack_featured_media_url":"https:\/\/tce.pb.gov.br\/portalprimeirainfancia\/wp-content\/uploads\/2025\/05\/image-1.png","jetpack_sharing_enabled":true,"_links":{"self":[{"href":"https:\/\/tce.pb.gov.br\/portalprimeirainfancia\/wp-json\/wp\/v2\/posts\/29327","targetHints":{"allow":["GET"]}}],"collection":[{"href":"https:\/\/tce.pb.gov.br\/portalprimeirainfancia\/wp-json\/wp\/v2\/posts"}],"about":[{"href":"https:\/\/tce.pb.gov.br\/portalprimeirainfancia\/wp-json\/wp\/v2\/types\/post"}],"author":[{"embeddable":true,"href":"https:\/\/tce.pb.gov.br\/portalprimeirainfancia\/wp-json\/wp\/v2\/users\/6"}],"replies":[{"embeddable":true,"href":"https:\/\/tce.pb.gov.br\/portalprimeirainfancia\/wp-json\/wp\/v2\/comments?post=29327"}],"version-history":[{"count":3,"href":"https:\/\/tce.pb.gov.br\/portalprimeirainfancia\/wp-json\/wp\/v2\/posts\/29327\/revisions"}],"predecessor-version":[{"id":29341,"href":"https:\/\/tce.pb.gov.br\/portalprimeirainfancia\/wp-json\/wp\/v2\/posts\/29327\/revisions\/29341"}],"wp:featuredmedia":[{"embeddable":true,"href":"https:\/\/tce.pb.gov.br\/portalprimeirainfancia\/wp-json\/wp\/v2\/media\/29328"}],"wp:attachment":[{"href":"https:\/\/tce.pb.gov.br\/portalprimeirainfancia\/wp-json\/wp\/v2\/media?parent=29327"}],"wp:term":[{"taxonomy":"category","embeddable":true,"href":"https:\/\/tce.pb.gov.br\/portalprimeirainfancia\/wp-json\/wp\/v2\/categories?post=29327"},{"taxonomy":"post_tag","embeddable":true,"href":"https:\/\/tce.pb.gov.br\/portalprimeirainfancia\/wp-json\/wp\/v2\/tags?post=29327"}],"curies":[{"name":"wp","href":"https:\/\/api.w.org\/{rel}","templated":true}]}}